{"id":15752,"date":"2023-01-24T10:09:06","date_gmt":"2023-01-24T08:09:06","guid":{"rendered":"https:\/\/www.sindicaturabarcelona.cat\/?p=15752"},"modified":"2023-03-21T13:32:11","modified_gmt":"2023-03-21T11:32:11","slug":"la-presencia-als-barris-i-la-proximitat-amb-el-veinat-continua-sent-una-de-les-prioritats-de-la-sindicatura-per-lany-2023","status":"publish","type":"post","link":"https:\/\/www.sindicaturabarcelona.cat\/ca\/la-presencia-als-barris-i-la-proximitat-amb-el-veinat-continua-sent-una-de-les-prioritats-de-la-sindicatura-per-lany-2023\/","title":{"rendered":"La pres\u00e8ncia als barris i la proximitat amb el ve\u00efnat continua sent una de les prioritats de la Sindicatura per l&#8217;any 2023"},"content":{"rendered":"\n<p class=\"has-text-align-justify\">Despr\u00e9s de la <em>Sindicatura itinerant<\/em> al barri de Sarri\u00e0 el darrer 19 de gener, i abans de la presentaci\u00f3 de l\u2019informe anual en el plenari del 24 de febrer, la <a aria-label=\"Sindicatura de Greuges (opens in a new tab)\" href=\"http:\/\/www.sindicaturabarcelona.cat\" target=\"_blank\" rel=\"noreferrer noopener\" class=\"ek-link\">Sindicatura de Greuges<\/a> dur\u00e0 a terme un total de quatre accions amb pres\u00e8ncia als barris en dues setmanes per acostar la instituci\u00f3 i la seva tasca al ve\u00efnat de la ciutat.<\/p>\n\n\n\n<p><strong><span style=\"text-decoration: underline;\" class=\"ek-underline\"><em>La Sindicatura, a prop teu,<\/em> al Poble-sec<\/span><\/strong><\/p>\n\n\n\n<p class=\"has-text-align-justify\">El pr\u00f2xim <strong>dijous 26 de gener a les 18 hores<\/strong>, el s\u00edndic de greuges de Barcelona, <strong>David Bondia<\/strong>, i l\u2019adjunta a la Sindicatura, <strong>Eva G. Chueca<\/strong>, estaran a la <strong><a href=\"https:\/\/ajuntament.barcelona.cat\/biblioteques\/bibfrancescboix\/ca\" target=\"_blank\" aria-label=\"Biblioteca Poble-sec - Francesc Boix (opens in a new tab)\" rel=\"noreferrer noopener\" class=\"ek-link\">Biblioteca Poble-sec &#8211; Francesc Boix<\/a><\/strong> per conversar amb els ve\u00efns i les ve\u00efnes del barri sobre all\u00f2 que els preocupa.<\/p>\n\n\n\n<p><strong><span style=\"text-decoration: underline;\" class=\"ek-underline\"><em>La Sindicatura, a peu de carrer,<\/em> al Tur\u00f3 de la Peira i a Can Peguera<\/span><\/strong><\/p>\n\n\n\n<p class=\"has-text-align-justify\">Membres de l\u2019equip de la Sindicatura, amb David Bondia al capdavant, es despla\u00e7aran el <strong>dijous 2 de febrer als barris del Tur\u00f3 de la Peira i Can Peguera<\/strong> per a con\u00e8ixer, a peu de carrer, les problem\u00e0tiques que pateix el ve\u00efnat.<\/p>\n\n\n\n<p><strong><span style=\"text-decoration: underline;\" class=\"ek-underline\"><em>Sindicatura itinerant, <\/em>amb la S\u00edndica de Greuges de Catalunya<\/span><\/strong><\/p>\n\n\n\n<p class=\"has-text-align-justify\">Els vincles entre la Sindicatura de Greuges de Barcelona i la S\u00edndica de Greuges de Catalunya continuen enfortint-se. El <strong>dimecres 8 de febrer a les 9.30 hores, el s\u00edndic de greuges de Barcelona, David Bondia, i la s\u00edndica de greuges de Catalunya, Esther Gim\u00e9nez-Salinas<\/strong>, <strong>estaran a la Biblioteca Horta \u2013 Can Mariner<\/strong> per atendre les queixes de la ciutadania de Barcelona.<\/p>\n\n\n\n<p><strong><em><span style=\"text-decoration: underline;\" class=\"ek-underline\">La Sindicatura, a prop teu<\/span><\/em><\/strong><\/p>\n\n\n\n<p class=\"has-text-align-justify\">Aquest conjunt d\u2019accions al territori acabar\u00e0 amb una altra edici\u00f3 de <em>La Sindicatura, a prop teu<\/em> el <strong>divendres 10 de febrer a la tarda<\/strong>. Pr\u00f2ximament, informarem de la ubicaci\u00f3 d\u2019aquesta iniciativa.<\/p>\n\n\n\n<figure class=\"wp-block-table\"><table><tbody><tr><td><strong>La Sindicatura,<\/strong> <strong>a peu de carrer<\/strong><\/td><td>La millor manera de descobrir qu\u00e8 passa a Barcelona \u00e9s caminant-hi de la m\u00e0 de les persones que m\u00e9s saben de cada rac\u00f3 de la ciutat: el ve\u00efnat. En aquest projecte, l\u2019equip de la Sindicatura dedica tot un dia a con\u00e8ixer, a peu de carrer, les principals problem\u00e0tiques i neguits de cadascun dels 73 barris de la ciutat.<\/td><\/tr><tr><td><strong>La Sindicatura,<\/strong> <strong>a prop teu<\/strong><\/td><td>El di\u00e0leg amb la ciutadania fa que les solucions proposades siguin m\u00e9s efectives i responguin millor a les necessitats i experi\u00e8ncies de les persones. Cada mes, l\u2019equip de la Sindicatura conversa amb el ve\u00efnat de la ciutat sobre all\u00f2 que els preocupa.<\/td><\/tr><tr><td><strong>Sindicatura itinerant<\/strong><\/td><td>La Sindicatura no \u00e9s una ubicaci\u00f3 est\u00e0tica, sin\u00f3 que est\u00e0 present al territori. \u00c9s una instituci\u00f3 en moviment que, de manera peri\u00f2dica, es trasllada a un equipament de proximitat amb l&#8217;objectiu de recollir les queixes de la ciutadania, sense necessitat que aquesta es desplaci a la nostra seu.<\/td><\/tr><\/tbody><\/table><\/figure>\n","protected":false},"excerpt":{"rendered":"<p>Despr\u00e9s de la Sindicatura itinerant al barri de Sarri\u00e0 el darrer 19 de gener, i abans de la presentaci\u00f3 de l\u2019informe anual en el plenari del 24 de febrer, la [&hellip;]<\/p>\n","protected":false},"author":3,"featured_media":18827,"comment_status":"closed","ping_status":"open","sticky":false,"template":"","format":"standard","meta":{"_acf_changed":false,"footnotes":""},"tags":[],"drets":[],"class_list":["post-15752","post","type-post","status-publish","format-standard","has-post-thumbnail","hentry"],"acf":[],"yoast_head":"<!-- This site is optimized with the Yoast SEO plugin v27.5 - https:\/\/yoast.com\/product\/yoast-seo-wordpress\/ -->\n<title>La pres\u00e8ncia als barris i la proximitat amb el ve\u00efnat continua sent una de les prioritats de la Sindicatura per l&#039;any 2023 - Sindicatura de Greuges de Barcelona<\/title>\n<meta name=\"description\" content=\"La Sindicatura dur\u00e0 a terme quatre accions amb pres\u00e8ncia als barris per acostar la instituci\u00f3 i la seva tasca al ve\u00efnat de la ciutat.\" \/>\n<meta name=\"robots\" content=\"index, follow, max-snippet:-1, max-image-preview:large, max-video-preview:-1\" \/>\n<link rel=\"canonical\" href=\"https:\/\/www.sindicaturabarcelona.cat\/ca\/la-presencia-als-barris-i-la-proximitat-amb-el-veinat-continua-sent-una-de-les-prioritats-de-la-sindicatura-per-lany-2023\/\" \/>\n<meta property=\"og:locale\" content=\"ca_ES\" \/>\n<meta property=\"og:type\" content=\"article\" \/>\n<meta property=\"og:title\" content=\"La pres\u00e8ncia als barris i la proximitat amb el ve\u00efnat continua sent una de les prioritats de la Sindicatura per l&#039;any 2023 - Sindicatura de Greuges de Barcelona\" \/>\n<meta property=\"og:description\" content=\"La Sindicatura dur\u00e0 a terme quatre accions amb pres\u00e8ncia als barris per acostar la instituci\u00f3 i la seva tasca al ve\u00efnat de la ciutat.\" \/>\n<meta property=\"og:url\" content=\"https:\/\/www.sindicaturabarcelona.cat\/ca\/la-presencia-als-barris-i-la-proximitat-amb-el-veinat-continua-sent-una-de-les-prioritats-de-la-sindicatura-per-lany-2023\/\" \/>\n<meta property=\"og:site_name\" content=\"Sindicatura de Greuges de Barcelona\" \/>\n<meta property=\"article:published_time\" content=\"2023-01-24T08:09:06+00:00\" \/>\n<meta property=\"article:modified_time\" content=\"2023-03-21T11:32:11+00:00\" \/>\n<meta property=\"og:image\" content=\"https:\/\/www.sindicaturabarcelona.cat\/wp-content\/uploads\/9-scaled-1.jpg\" \/>\n\t<meta property=\"og:image:width\" content=\"2560\" \/>\n\t<meta property=\"og:image:height\" content=\"1707\" \/>\n\t<meta property=\"og:image:type\" content=\"image\/jpeg\" \/>\n<meta name=\"author\" content=\"pimpampum\" \/>\n<meta name=\"twitter:card\" content=\"summary_large_image\" \/>\n<meta name=\"twitter:creator\" content=\"@sindicbarcelona\" \/>\n<meta name=\"twitter:site\" content=\"@sindicbarcelona\" \/>\n<meta name=\"twitter:label1\" content=\"Escrit per\" \/>\n\t<meta name=\"twitter:data1\" content=\"pimpampum\" \/>\n\t<meta name=\"twitter:label2\" content=\"Temps estimat de lectura\" \/>\n\t<meta name=\"twitter:data2\" content=\"3 minuts\" \/>\n<script type=\"application\/ld+json\" class=\"yoast-schema-graph\">{\"@context\":\"https:\\\/\\\/schema.org\",\"@graph\":[{\"@type\":\"Article\",\"@id\":\"https:\\\/\\\/www.sindicaturabarcelona.cat\\\/ca\\\/la-presencia-als-barris-i-la-proximitat-amb-el-veinat-continua-sent-una-de-les-prioritats-de-la-sindicatura-per-lany-2023\\\/#article\",\"isPartOf\":{\"@id\":\"https:\\\/\\\/www.sindicaturabarcelona.cat\\\/ca\\\/la-presencia-als-barris-i-la-proximitat-amb-el-veinat-continua-sent-una-de-les-prioritats-de-la-sindicatura-per-lany-2023\\\/\"},\"author\":{\"name\":\"pimpampum\",\"@id\":\"https:\\\/\\\/www.sindicaturabarcelona.cat\\\/ca\\\/#\\\/schema\\\/person\\\/c59ed89663074658008f0ca9a8865afd\"},\"headline\":\"La pres\u00e8ncia als barris i la proximitat amb el ve\u00efnat continua sent una de les prioritats de la Sindicatura per l&#8217;any 2023\",\"datePublished\":\"2023-01-24T08:09:06+00:00\",\"dateModified\":\"2023-03-21T11:32:11+00:00\",\"mainEntityOfPage\":{\"@id\":\"https:\\\/\\\/www.sindicaturabarcelona.cat\\\/ca\\\/la-presencia-als-barris-i-la-proximitat-amb-el-veinat-continua-sent-una-de-les-prioritats-de-la-sindicatura-per-lany-2023\\\/\"},\"wordCount\":489,\"publisher\":{\"@id\":\"https:\\\/\\\/www.sindicaturabarcelona.cat\\\/ca\\\/#organization\"},\"image\":{\"@id\":\"https:\\\/\\\/www.sindicaturabarcelona.cat\\\/ca\\\/la-presencia-als-barris-i-la-proximitat-amb-el-veinat-continua-sent-una-de-les-prioritats-de-la-sindicatura-per-lany-2023\\\/#primaryimage\"},\"thumbnailUrl\":\"https:\\\/\\\/www.sindicaturabarcelona.cat\\\/wp-content\\\/uploads\\\/9-scaled-1.jpg\",\"articleSection\":[\"Institucional\"],\"inLanguage\":\"ca\"},{\"@type\":\"WebPage\",\"@id\":\"https:\\\/\\\/www.sindicaturabarcelona.cat\\\/ca\\\/la-presencia-als-barris-i-la-proximitat-amb-el-veinat-continua-sent-una-de-les-prioritats-de-la-sindicatura-per-lany-2023\\\/\",\"url\":\"https:\\\/\\\/www.sindicaturabarcelona.cat\\\/ca\\\/la-presencia-als-barris-i-la-proximitat-amb-el-veinat-continua-sent-una-de-les-prioritats-de-la-sindicatura-per-lany-2023\\\/\",\"name\":\"La pres\u00e8ncia als barris i la proximitat amb el ve\u00efnat continua sent una de les prioritats de la Sindicatura per l'any 2023 - Sindicatura de Greuges de Barcelona\",\"isPartOf\":{\"@id\":\"https:\\\/\\\/www.sindicaturabarcelona.cat\\\/ca\\\/#website\"},\"primaryImageOfPage\":{\"@id\":\"https:\\\/\\\/www.sindicaturabarcelona.cat\\\/ca\\\/la-presencia-als-barris-i-la-proximitat-amb-el-veinat-continua-sent-una-de-les-prioritats-de-la-sindicatura-per-lany-2023\\\/#primaryimage\"},\"image\":{\"@id\":\"https:\\\/\\\/www.sindicaturabarcelona.cat\\\/ca\\\/la-presencia-als-barris-i-la-proximitat-amb-el-veinat-continua-sent-una-de-les-prioritats-de-la-sindicatura-per-lany-2023\\\/#primaryimage\"},\"thumbnailUrl\":\"https:\\\/\\\/www.sindicaturabarcelona.cat\\\/wp-content\\\/uploads\\\/9-scaled-1.jpg\",\"datePublished\":\"2023-01-24T08:09:06+00:00\",\"dateModified\":\"2023-03-21T11:32:11+00:00\",\"description\":\"La Sindicatura dur\u00e0 a terme quatre accions amb pres\u00e8ncia als barris per acostar la instituci\u00f3 i la seva tasca al ve\u00efnat de la ciutat.\",\"breadcrumb\":{\"@id\":\"https:\\\/\\\/www.sindicaturabarcelona.cat\\\/ca\\\/la-presencia-als-barris-i-la-proximitat-amb-el-veinat-continua-sent-una-de-les-prioritats-de-la-sindicatura-per-lany-2023\\\/#breadcrumb\"},\"inLanguage\":\"ca\",\"potentialAction\":[{\"@type\":\"ReadAction\",\"target\":[\"https:\\\/\\\/www.sindicaturabarcelona.cat\\\/ca\\\/la-presencia-als-barris-i-la-proximitat-amb-el-veinat-continua-sent-una-de-les-prioritats-de-la-sindicatura-per-lany-2023\\\/\"]}]},{\"@type\":\"ImageObject\",\"inLanguage\":\"ca\",\"@id\":\"https:\\\/\\\/www.sindicaturabarcelona.cat\\\/ca\\\/la-presencia-als-barris-i-la-proximitat-amb-el-veinat-continua-sent-una-de-les-prioritats-de-la-sindicatura-per-lany-2023\\\/#primaryimage\",\"url\":\"https:\\\/\\\/www.sindicaturabarcelona.cat\\\/wp-content\\\/uploads\\\/9-scaled-1.jpg\",\"contentUrl\":\"https:\\\/\\\/www.sindicaturabarcelona.cat\\\/wp-content\\\/uploads\\\/9-scaled-1.jpg\",\"width\":2560,\"height\":1707},{\"@type\":\"BreadcrumbList\",\"@id\":\"https:\\\/\\\/www.sindicaturabarcelona.cat\\\/ca\\\/la-presencia-als-barris-i-la-proximitat-amb-el-veinat-continua-sent-una-de-les-prioritats-de-la-sindicatura-per-lany-2023\\\/#breadcrumb\",\"itemListElement\":[{\"@type\":\"ListItem\",\"position\":1,\"name\":\"Inici\",\"item\":\"https:\\\/\\\/www.sindicaturabarcelona.cat\\\/ca\\\/\"},{\"@type\":\"ListItem\",\"position\":2,\"name\":\"La pres\u00e8ncia als barris i la proximitat amb el ve\u00efnat continua sent una de les prioritats de la Sindicatura per l&#8217;any 2023\"}]},{\"@type\":\"WebSite\",\"@id\":\"https:\\\/\\\/www.sindicaturabarcelona.cat\\\/ca\\\/#website\",\"url\":\"https:\\\/\\\/www.sindicaturabarcelona.cat\\\/ca\\\/\",\"name\":\"Sindicatura de Greuges de Barcelona\",\"description\":\"La defensoria dels teus drets\",\"publisher\":{\"@id\":\"https:\\\/\\\/www.sindicaturabarcelona.cat\\\/ca\\\/#organization\"},\"potentialAction\":[{\"@type\":\"SearchAction\",\"target\":{\"@type\":\"EntryPoint\",\"urlTemplate\":\"https:\\\/\\\/www.sindicaturabarcelona.cat\\\/ca\\\/?s={search_term_string}\"},\"query-input\":{\"@type\":\"PropertyValueSpecification\",\"valueRequired\":true,\"valueName\":\"search_term_string\"}}],\"inLanguage\":\"ca\"},{\"@type\":\"Organization\",\"@id\":\"https:\\\/\\\/www.sindicaturabarcelona.cat\\\/ca\\\/#organization\",\"name\":\"Sindicatura de Greuges de Barcelona\",\"url\":\"https:\\\/\\\/www.sindicaturabarcelona.cat\\\/ca\\\/\",\"logo\":{\"@type\":\"ImageObject\",\"inLanguage\":\"ca\",\"@id\":\"https:\\\/\\\/www.sindicaturabarcelona.cat\\\/ca\\\/#\\\/schema\\\/logo\\\/image\\\/\",\"url\":\"https:\\\/\\\/www.sindicaturabarcelona.cat\\\/wp-content\\\/uploads\\\/2023\\\/02\\\/logo_sindicatura.svg\",\"contentUrl\":\"https:\\\/\\\/www.sindicaturabarcelona.cat\\\/wp-content\\\/uploads\\\/2023\\\/02\\\/logo_sindicatura.svg\",\"caption\":\"Sindicatura de Greuges de Barcelona\"},\"image\":{\"@id\":\"https:\\\/\\\/www.sindicaturabarcelona.cat\\\/ca\\\/#\\\/schema\\\/logo\\\/image\\\/\"},\"sameAs\":[\"https:\\\/\\\/x.com\\\/sindicbarcelona\",\"https:\\\/\\\/www.instagram.com\\\/sindicbarcelona\\\/\",\"https:\\\/\\\/www.tiktok.com\\\/@sindicaturabcn\",\"https:\\\/\\\/t.me\\\/sindicaturabarcelona\"]},{\"@type\":\"Person\",\"@id\":\"https:\\\/\\\/www.sindicaturabarcelona.cat\\\/ca\\\/#\\\/schema\\\/person\\\/c59ed89663074658008f0ca9a8865afd\",\"name\":\"pimpampum\",\"image\":{\"@type\":\"ImageObject\",\"inLanguage\":\"ca\",\"@id\":\"https:\\\/\\\/secure.gravatar.com\\\/avatar\\\/0d03f560c3fabe6b313e752c4968ec2013544e170b12d7d70838d2667cf54815?s=96&d=mm&r=g\",\"url\":\"https:\\\/\\\/secure.gravatar.com\\\/avatar\\\/0d03f560c3fabe6b313e752c4968ec2013544e170b12d7d70838d2667cf54815?s=96&d=mm&r=g\",\"contentUrl\":\"https:\\\/\\\/secure.gravatar.com\\\/avatar\\\/0d03f560c3fabe6b313e752c4968ec2013544e170b12d7d70838d2667cf54815?s=96&d=mm&r=g\",\"caption\":\"pimpampum\"},\"url\":\"https:\\\/\\\/www.sindicaturabarcelona.cat\\\/ca\\\/author\\\/pimpampum\\\/\"}]}<\/script>\n<!-- \/ Yoast SEO plugin. -->","yoast_head_json":{"title":"La pres\u00e8ncia als barris i la proximitat amb el ve\u00efnat continua sent una de les prioritats de la Sindicatura per l'any 2023 - Sindicatura de Greuges de Barcelona","description":"La Sindicatura dur\u00e0 a terme quatre accions amb pres\u00e8ncia als barris per acostar la instituci\u00f3 i la seva tasca al ve\u00efnat de la ciutat.","robots":{"index":"index","follow":"follow","max-snippet":"max-snippet:-1","max-image-preview":"max-image-preview:large","max-video-preview":"max-video-preview:-1"},"canonical":"https:\/\/www.sindicaturabarcelona.cat\/ca\/la-presencia-als-barris-i-la-proximitat-amb-el-veinat-continua-sent-una-de-les-prioritats-de-la-sindicatura-per-lany-2023\/","og_locale":"ca_ES","og_type":"article","og_title":"La pres\u00e8ncia als barris i la proximitat amb el ve\u00efnat continua sent una de les prioritats de la Sindicatura per l'any 2023 - Sindicatura de Greuges de Barcelona","og_description":"La Sindicatura dur\u00e0 a terme quatre accions amb pres\u00e8ncia als barris per acostar la instituci\u00f3 i la seva tasca al ve\u00efnat de la ciutat.","og_url":"https:\/\/www.sindicaturabarcelona.cat\/ca\/la-presencia-als-barris-i-la-proximitat-amb-el-veinat-continua-sent-una-de-les-prioritats-de-la-sindicatura-per-lany-2023\/","og_site_name":"Sindicatura de Greuges de Barcelona","article_published_time":"2023-01-24T08:09:06+00:00","article_modified_time":"2023-03-21T11:32:11+00:00","og_image":[{"width":2560,"height":1707,"url":"https:\/\/www.sindicaturabarcelona.cat\/wp-content\/uploads\/9-scaled-1.jpg","type":"image\/jpeg"}],"author":"pimpampum","twitter_card":"summary_large_image","twitter_creator":"@sindicbarcelona","twitter_site":"@sindicbarcelona","twitter_misc":{"Escrit per":"pimpampum","Temps estimat de lectura":"3 minuts"},"schema":{"@context":"https:\/\/schema.org","@graph":[{"@type":"Article","@id":"https:\/\/www.sindicaturabarcelona.cat\/ca\/la-presencia-als-barris-i-la-proximitat-amb-el-veinat-continua-sent-una-de-les-prioritats-de-la-sindicatura-per-lany-2023\/#article","isPartOf":{"@id":"https:\/\/www.sindicaturabarcelona.cat\/ca\/la-presencia-als-barris-i-la-proximitat-amb-el-veinat-continua-sent-una-de-les-prioritats-de-la-sindicatura-per-lany-2023\/"},"author":{"name":"pimpampum","@id":"https:\/\/www.sindicaturabarcelona.cat\/ca\/#\/schema\/person\/c59ed89663074658008f0ca9a8865afd"},"headline":"La pres\u00e8ncia als barris i la proximitat amb el ve\u00efnat continua sent una de les prioritats de la Sindicatura per l&#8217;any 2023","datePublished":"2023-01-24T08:09:06+00:00","dateModified":"2023-03-21T11:32:11+00:00","mainEntityOfPage":{"@id":"https:\/\/www.sindicaturabarcelona.cat\/ca\/la-presencia-als-barris-i-la-proximitat-amb-el-veinat-continua-sent-una-de-les-prioritats-de-la-sindicatura-per-lany-2023\/"},"wordCount":489,"publisher":{"@id":"https:\/\/www.sindicaturabarcelona.cat\/ca\/#organization"},"image":{"@id":"https:\/\/www.sindicaturabarcelona.cat\/ca\/la-presencia-als-barris-i-la-proximitat-amb-el-veinat-continua-sent-una-de-les-prioritats-de-la-sindicatura-per-lany-2023\/#primaryimage"},"thumbnailUrl":"https:\/\/www.sindicaturabarcelona.cat\/wp-content\/uploads\/9-scaled-1.jpg","articleSection":["Institucional"],"inLanguage":"ca"},{"@type":"WebPage","@id":"https:\/\/www.sindicaturabarcelona.cat\/ca\/la-presencia-als-barris-i-la-proximitat-amb-el-veinat-continua-sent-una-de-les-prioritats-de-la-sindicatura-per-lany-2023\/","url":"https:\/\/www.sindicaturabarcelona.cat\/ca\/la-presencia-als-barris-i-la-proximitat-amb-el-veinat-continua-sent-una-de-les-prioritats-de-la-sindicatura-per-lany-2023\/","name":"La pres\u00e8ncia als barris i la proximitat amb el ve\u00efnat continua sent una de les prioritats de la Sindicatura per l'any 2023 - Sindicatura de Greuges de Barcelona","isPartOf":{"@id":"https:\/\/www.sindicaturabarcelona.cat\/ca\/#website"},"primaryImageOfPage":{"@id":"https:\/\/www.sindicaturabarcelona.cat\/ca\/la-presencia-als-barris-i-la-proximitat-amb-el-veinat-continua-sent-una-de-les-prioritats-de-la-sindicatura-per-lany-2023\/#primaryimage"},"image":{"@id":"https:\/\/www.sindicaturabarcelona.cat\/ca\/la-presencia-als-barris-i-la-proximitat-amb-el-veinat-continua-sent-una-de-les-prioritats-de-la-sindicatura-per-lany-2023\/#primaryimage"},"thumbnailUrl":"https:\/\/www.sindicaturabarcelona.cat\/wp-content\/uploads\/9-scaled-1.jpg","datePublished":"2023-01-24T08:09:06+00:00","dateModified":"2023-03-21T11:32:11+00:00","description":"La Sindicatura dur\u00e0 a terme quatre accions amb pres\u00e8ncia als barris per acostar la instituci\u00f3 i la seva tasca al ve\u00efnat de la ciutat.","breadcrumb":{"@id":"https:\/\/www.sindicaturabarcelona.cat\/ca\/la-presencia-als-barris-i-la-proximitat-amb-el-veinat-continua-sent-una-de-les-prioritats-de-la-sindicatura-per-lany-2023\/#breadcrumb"},"inLanguage":"ca","potentialAction":[{"@type":"ReadAction","target":["https:\/\/www.sindicaturabarcelona.cat\/ca\/la-presencia-als-barris-i-la-proximitat-amb-el-veinat-continua-sent-una-de-les-prioritats-de-la-sindicatura-per-lany-2023\/"]}]},{"@type":"ImageObject","inLanguage":"ca","@id":"https:\/\/www.sindicaturabarcelona.cat\/ca\/la-presencia-als-barris-i-la-proximitat-amb-el-veinat-continua-sent-una-de-les-prioritats-de-la-sindicatura-per-lany-2023\/#primaryimage","url":"https:\/\/www.sindicaturabarcelona.cat\/wp-content\/uploads\/9-scaled-1.jpg","contentUrl":"https:\/\/www.sindicaturabarcelona.cat\/wp-content\/uploads\/9-scaled-1.jpg","width":2560,"height":1707},{"@type":"BreadcrumbList","@id":"https:\/\/www.sindicaturabarcelona.cat\/ca\/la-presencia-als-barris-i-la-proximitat-amb-el-veinat-continua-sent-una-de-les-prioritats-de-la-sindicatura-per-lany-2023\/#breadcrumb","itemListElement":[{"@type":"ListItem","position":1,"name":"Inici","item":"https:\/\/www.sindicaturabarcelona.cat\/ca\/"},{"@type":"ListItem","position":2,"name":"La pres\u00e8ncia als barris i la proximitat amb el ve\u00efnat continua sent una de les prioritats de la Sindicatura per l&#8217;any 2023"}]},{"@type":"WebSite","@id":"https:\/\/www.sindicaturabarcelona.cat\/ca\/#website","url":"https:\/\/www.sindicaturabarcelona.cat\/ca\/","name":"Sindicatura de Greuges de Barcelona","description":"La defensoria dels teus drets","publisher":{"@id":"https:\/\/www.sindicaturabarcelona.cat\/ca\/#organization"},"potentialAction":[{"@type":"SearchAction","target":{"@type":"EntryPoint","urlTemplate":"https:\/\/www.sindicaturabarcelona.cat\/ca\/?s={search_term_string}"},"query-input":{"@type":"PropertyValueSpecification","valueRequired":true,"valueName":"search_term_string"}}],"inLanguage":"ca"},{"@type":"Organization","@id":"https:\/\/www.sindicaturabarcelona.cat\/ca\/#organization","name":"Sindicatura de Greuges de Barcelona","url":"https:\/\/www.sindicaturabarcelona.cat\/ca\/","logo":{"@type":"ImageObject","inLanguage":"ca","@id":"https:\/\/www.sindicaturabarcelona.cat\/ca\/#\/schema\/logo\/image\/","url":"https:\/\/www.sindicaturabarcelona.cat\/wp-content\/uploads\/2023\/02\/logo_sindicatura.svg","contentUrl":"https:\/\/www.sindicaturabarcelona.cat\/wp-content\/uploads\/2023\/02\/logo_sindicatura.svg","caption":"Sindicatura de Greuges de Barcelona"},"image":{"@id":"https:\/\/www.sindicaturabarcelona.cat\/ca\/#\/schema\/logo\/image\/"},"sameAs":["https:\/\/x.com\/sindicbarcelona","https:\/\/www.instagram.com\/sindicbarcelona\/","https:\/\/www.tiktok.com\/@sindicaturabcn","https:\/\/t.me\/sindicaturabarcelona"]},{"@type":"Person","@id":"https:\/\/www.sindicaturabarcelona.cat\/ca\/#\/schema\/person\/c59ed89663074658008f0ca9a8865afd","name":"pimpampum","image":{"@type":"ImageObject","inLanguage":"ca","@id":"https:\/\/secure.gravatar.com\/avatar\/0d03f560c3fabe6b313e752c4968ec2013544e170b12d7d70838d2667cf54815?s=96&d=mm&r=g","url":"https:\/\/secure.gravatar.com\/avatar\/0d03f560c3fabe6b313e752c4968ec2013544e170b12d7d70838d2667cf54815?s=96&d=mm&r=g","contentUrl":"https:\/\/secure.gravatar.com\/avatar\/0d03f560c3fabe6b313e752c4968ec2013544e170b12d7d70838d2667cf54815?s=96&d=mm&r=g","caption":"pimpampum"},"url":"https:\/\/www.sindicaturabarcelona.cat\/ca\/author\/pimpampum\/"}]}},"_links":{"self":[{"href":"https:\/\/www.sindicaturabarcelona.cat\/ca\/wp-json\/wp\/v2\/posts\/15752","targetHints":{"allow":["GET"]}}],"collection":[{"href":"https:\/\/www.sindicaturabarcelona.cat\/ca\/wp-json\/wp\/v2\/posts"}],"about":[{"href":"https:\/\/www.sindicaturabarcelona.cat\/ca\/wp-json\/wp\/v2\/types\/post"}],"author":[{"embeddable":true,"href":"https:\/\/www.sindicaturabarcelona.cat\/ca\/wp-json\/wp\/v2\/users\/3"}],"replies":[{"embeddable":true,"href":"https:\/\/www.sindicaturabarcelona.cat\/ca\/wp-json\/wp\/v2\/comments?post=15752"}],"version-history":[{"count":0,"href":"https:\/\/www.sindicaturabarcelona.cat\/ca\/wp-json\/wp\/v2\/posts\/15752\/revisions"}],"wp:featuredmedia":[{"embeddable":true,"href":"https:\/\/www.sindicaturabarcelona.cat\/ca\/wp-json\/wp\/v2\/media\/18827"}],"wp:attachment":[{"href":"https:\/\/www.sindicaturabarcelona.cat\/ca\/wp-json\/wp\/v2\/media?parent=15752"}],"wp:term":[{"taxonomy":"post_tag","embeddable":true,"href":"https:\/\/www.sindicaturabarcelona.cat\/ca\/wp-json\/wp\/v2\/tags?post=15752"},{"taxonomy":"drets","embeddable":true,"href":"https:\/\/www.sindicaturabarcelona.cat\/ca\/wp-json\/wp\/v2\/drets?post=15752"}],"curies":[{"name":"wp","href":"https:\/\/api.w.org\/{rel}","templated":true}]}}