{"id":15717,"date":"2023-01-10T16:29:52","date_gmt":"2023-01-10T14:29:52","guid":{"rendered":"https:\/\/www.sindicaturabarcelona.cat\/?p=15717"},"modified":"2023-05-11T11:45:47","modified_gmt":"2023-05-11T09:45:47","slug":"la-sindicatura-resol-dues-queixes-ciutadanes-vinculades-a-actuacions-de-la-guardia-urbana","status":"publish","type":"post","link":"https:\/\/www.sindicaturabarcelona.cat\/ca\/la-sindicatura-resol-dues-queixes-ciutadanes-vinculades-a-actuacions-de-la-guardia-urbana\/","title":{"rendered":"La Sindicatura resol dues queixes ciutadanes vinculades a actuacions de la Gu\u00e0rdia Urbana"},"content":{"rendered":"\n<p class=\"has-text-align-justify\">La <a aria-label=\"Sindicatura de Greuges de Barcelona (opens in a new tab)\" href=\"http:\/\/www.sindicaturabarcelona.cat\" target=\"_blank\" rel=\"noreferrer noopener\" class=\"ek-link\">Sindicatura de Greuges de Barcelona<\/a> ha analitzat dues actuacions de la Gu\u00e0rdia Urbana, despr\u00e9s que dues persones formalitzessin queixes en qu\u00e8 mostraven la seva disconformitat amb la intervenci\u00f3 de la policia municipal.<\/p>\n\n\n\n<p><strong><span style=\"text-decoration: underline;\" class=\"ek-underline\">Identificaci\u00f3 d\u2019una jove desapareguda sense oferir la protecci\u00f3 adequada<\/span><\/strong><\/p>\n\n\n\n<p class=\"has-text-align-justify\">Una mare va denunciar als Mossos d\u2019Esquadra la desaparici\u00f3 de la seva filla de la resid\u00e8ncia on vivia. La noia \u00e9s major d\u2019edat i t\u00e9 un grau de discapacitat del 79%. Tres dies despr\u00e9s, la Gu\u00e0rdia Urbana la va localitzar en la pla\u00e7a de la Virreina i la va denunciar per consumir alcohol a l\u2019espai p\u00fablic.<\/p>\n\n\n\n<p class=\"has-text-align-justify\"><strong>La mare detalla a la Sindicatura que els agents de la policia municipal, quan la van identificar i denunciar, no van fer cas de l\u2019alerta de desaparici\u00f3<\/strong>: no van contactar amb ella com a tutora de la seva filla, ni amb la resid\u00e8ncia, ni amb els Mossos d\u2019Esquadra. Segons la mare, en aquell moment la jove ja va explicar a la Gu\u00e0rdia Urbana que s\u2019havia escapat del centre. Els agents contradiuen aquest darrer punt.<\/p>\n\n\n\n<p class=\"has-text-align-justify\">Cal tenir en compte que les persones amb deteriorament cognitiu formen part dels grups especialment vulnerables. <strong>En el cas objecte d\u2019estudi, existeix una doble circumst\u00e0ncia important<\/strong>: es tracta d\u2019una persona desapareguda, i alhora afectada per una discapacitat intel\u00b7lectual per la qual se l\u2019ha incapacitat judicialment.<\/p>\n\n\n\n<p class=\"has-text-align-justify\">Per aquests motius, la Sindicatura vol fer un inc\u00eds en els <strong>mecanismes de coordinaci\u00f3 dels cossos policials<\/strong>. La <a href=\"https:\/\/www.lamoncloa.gob.es\/serviciosdeprensa\/notasprensa\/interior\/Documents\/2022\/090322_I_Plan_Estrategico_Personas_Desaparecidas_22-24.pdf\" target=\"_blank\" aria-label=\" (opens in a new tab)\" rel=\"noreferrer noopener\" class=\"ek-link\">Instrucci\u00f3 3\/2019 de la Secretaria d\u2019Estat de Seguretat<\/a> desglossa com ha de ser el <strong>protocol policial davant la desaparici\u00f3 de persones<\/strong>, estableix mesures per <strong>homogene\u00eftzar un procediment policial com\u00fa<\/strong>, i impulsa <strong>accions de cooperaci\u00f3 i col\u00b7laboraci\u00f3 entre les diverses policies<\/strong>.<\/p>\n\n\n\n<p class=\"has-text-align-justify\">En el marc d\u2019aquesta coordinaci\u00f3, cal destacar que la <strong>Gu\u00e0rdia Urbana de Barcelona t\u00e9 acc\u00e9s al Sistema d\u2019Informaci\u00f3 Policial (SIP). El nivell m\u00e9s b\u00e0sic d\u2019aquesta eina ja inclou les dades de persones desaparegudes. &nbsp;Per tant, quan van identificar la jove per consum d\u2019alcohol a l\u2019espai p\u00fablic, els agents de la Gu\u00e0rdia Urbana haurien d\u2019haver rebut un av\u00eds d\u2019incid\u00e8ncia per la desaparici\u00f3 d\u2019aquesta persona<\/strong>.<\/p>\n\n\n\n<p class=\"has-text-align-justify\">La Sindicatura de Greuges de Barcelona <strong>considera que la Gu\u00e0rdia Urbana no va prestar la protecci\u00f3 adequada a la jove, tot i disposar dels mecanismes d\u2019alerta per comprovar que es tractava d\u2019una persona desapareguda<\/strong>. La seva actuaci\u00f3 va ser \u00fanicament punitiva.<\/p>\n\n\n\n<p><strong><span style=\"text-decoration: underline;\" class=\"ek-underline\">Actuaci\u00f3 ajustada a dret despr\u00e9s de l\u2019atac d\u2019un animal<\/span><\/strong><\/p>\n\n\n\n<p class=\"has-text-align-justify\">Una altra queixa ciutadana rebuda a la Sindicatura denunciava l\u2019atac d\u2019un gos a la seva filla, pel qual va requerir atenci\u00f3 m\u00e8dica. Una vegada retornades al seu domicili, van demanar la pres\u00e8ncia d\u2019una patrulla per explicar els fets. <strong>La policia va certificar l\u2019atac i els danys, per\u00f2 la persona promotora de la queixa lamenta que els agents van negar-se a identificar la persona propiet\u00e0ria del gos agressor<\/strong>, tot i que els va transmetre que podria recordar la finca on viu.<\/p>\n\n\n\n<p class=\"has-text-align-justify\">En aquestes situacions, <strong>\u00e9s essencial identificar la persona propiet\u00e0ria de l\u2019animal agressor, ja que es considera responsable dels fets<\/strong>. La identificaci\u00f3 s\u2019acostuma a dur a terme en el moment en qu\u00e8 produeix l\u2019atac, per\u00f2 en aquest cas la comprovaci\u00f3 de la persona responsable no va poder fer-se en aquell moment.<\/p>\n\n\n\n<p class=\"has-text-align-justify\">Quan una persona pateix l\u2019atac d\u2019un animal a l\u2019espai p\u00fablic, \u00e9s important contactar immediatament amb els cossos policials, que han d\u2019auxiliar la v\u00edctima, identificar la persona responsable dels danys i comprovar que actua conforme a l\u2019<a href=\"https:\/\/cido.diba.cat\/normativa_local\/69012\/ordenanca-sobre-la-proteccio-la-tinenca-i-la-venda-danimals-ajuntament-de-barcelona\" target=\"_blank\" aria-label=\" (opens in a new tab)\" rel=\"noreferrer noopener\" class=\"ek-link\">Ordenan\u00e7a municipal sobre la protecci\u00f3, la tinen\u00e7a i la venda d\u2019animals.<\/a><\/p>\n\n\n\n<p class=\"has-text-align-justify\">Segons el relat dels agents de la Gu\u00e0rdia Urbana, la persona interessada va requerir la seva pres\u00e8ncia quan ja estava a casa i havia abandonat el lloc dels fets. Els agents van manifestar les dificultats per poder localitzar la persona propiet\u00e0ria del gos, ja que no disposaven de dades domicili\u00e0ries i tampoc les podien obtenir de l\u2019aplicaci\u00f3 del cens dels animals. Tot i aix\u00f2, els agents van patrullar per la zona pr\u00f2xima de l\u2019atac i del te\u00f2ric domicili de la persona, sense aconseguir identificar-la.<\/p>\n\n\n\n<p class=\"has-text-align-justify\">Els agents van centrar la seva intervenci\u00f3 a procurar una atenci\u00f3 a la v\u00edctima, quant a l\u2019assist\u00e8ncia m\u00e8dica i l\u2019assessorament de les actuacions a tenir en compte per dur a terme una possible reclamaci\u00f3 de responsabilitat patrimonial. Per tant, han complert amb els principis de l\u2019actuaci\u00f3 policial previstos a la Llei 16\/1991 de les policies locals. <strong>La Sindicatura ent\u00e9n la percepci\u00f3 de desatenci\u00f3 de la ciutadana, per\u00f2 considera que l\u2019actuaci\u00f3 de la Gu\u00e0rdia Urbana va ser proporcional i ajustada a dret, ja que va prestar un auxili adequat a la v\u00edctima.<\/strong><\/p>\n","protected":false},"excerpt":{"rendered":"<p>La Sindicatura de Greuges de Barcelona ha analitzat dues actuacions de la Gu\u00e0rdia Urbana, despr\u00e9s que dues persones formalitzessin queixes en qu\u00e8 mostraven la seva disconformitat amb la intervenci\u00f3 de [&hellip;]<\/p>\n","protected":false},"author":3,"featured_media":18834,"comment_status":"closed","ping_status":"open","sticky":false,"template":"","format":"standard","meta":{"_acf_changed":false,"footnotes":""},"tags":[],"drets":[1440,1452],"class_list":["post-15717","post","type-post","status-publish","format-standard","has-post-thumbnail","hentry","drets-ciutat-garantista","drets-dret-a-la-seguretat-ciutadana"],"acf":[],"yoast_head":"<!-- This site is optimized with the Yoast SEO plugin v27.5 - https:\/\/yoast.com\/product\/yoast-seo-wordpress\/ -->\n<title>La Sindicatura resol dues queixes ciutadanes vinculades a actuacions de la Gu\u00e0rdia Urbana - Sindicatura de Greuges de Barcelona<\/title>\n<meta name=\"description\" content=\"La defensoria ha analitzat dues actuacions de la Gu\u00e0rdia Urbana, despr\u00e9s que dues persones formalitzessin queixes en qu\u00e8 mostraven...\" \/>\n<meta name=\"robots\" content=\"index, follow, max-snippet:-1, max-image-preview:large, max-video-preview:-1\" \/>\n<link rel=\"canonical\" href=\"https:\/\/www.sindicaturabarcelona.cat\/ca\/la-sindicatura-resol-dues-queixes-ciutadanes-vinculades-a-actuacions-de-la-guardia-urbana\/\" \/>\n<meta property=\"og:locale\" content=\"ca_ES\" \/>\n<meta property=\"og:type\" content=\"article\" \/>\n<meta property=\"og:title\" content=\"La Sindicatura resol dues queixes ciutadanes vinculades a actuacions de la Gu\u00e0rdia Urbana - Sindicatura de Greuges de Barcelona\" \/>\n<meta property=\"og:description\" content=\"La defensoria ha analitzat dues actuacions de la Gu\u00e0rdia Urbana, despr\u00e9s que dues persones formalitzessin queixes en qu\u00e8 mostraven...\" \/>\n<meta property=\"og:url\" content=\"https:\/\/www.sindicaturabarcelona.cat\/ca\/la-sindicatura-resol-dues-queixes-ciutadanes-vinculades-a-actuacions-de-la-guardia-urbana\/\" \/>\n<meta property=\"og:site_name\" content=\"Sindicatura de Greuges de Barcelona\" \/>\n<meta property=\"article:published_time\" content=\"2023-01-10T14:29:52+00:00\" \/>\n<meta property=\"article:modified_time\" content=\"2023-05-11T09:45:47+00:00\" \/>\n<meta property=\"og:image\" content=\"https:\/\/www.sindicaturabarcelona.cat\/wp-content\/uploads\/22953_211203_AF_BenvingudaPromocioGUBAnyPassat_020.jpg\" \/>\n\t<meta property=\"og:image:width\" content=\"1533\" \/>\n\t<meta property=\"og:image:height\" content=\"1024\" \/>\n\t<meta property=\"og:image:type\" content=\"image\/jpeg\" \/>\n<meta name=\"author\" content=\"pimpampum\" \/>\n<meta name=\"twitter:card\" content=\"summary_large_image\" \/>\n<meta name=\"twitter:creator\" content=\"@sindicbarcelona\" \/>\n<meta name=\"twitter:site\" content=\"@sindicbarcelona\" \/>\n<meta name=\"twitter:label1\" content=\"Escrit per\" \/>\n\t<meta name=\"twitter:data1\" content=\"pimpampum\" \/>\n\t<meta name=\"twitter:label2\" content=\"Temps estimat de lectura\" \/>\n\t<meta name=\"twitter:data2\" content=\"5 minuts\" \/>\n<script type=\"application\/ld+json\" class=\"yoast-schema-graph\">{\"@context\":\"https:\\\/\\\/schema.org\",\"@graph\":[{\"@type\":\"Article\",\"@id\":\"https:\\\/\\\/www.sindicaturabarcelona.cat\\\/ca\\\/la-sindicatura-resol-dues-queixes-ciutadanes-vinculades-a-actuacions-de-la-guardia-urbana\\\/#article\",\"isPartOf\":{\"@id\":\"https:\\\/\\\/www.sindicaturabarcelona.cat\\\/ca\\\/la-sindicatura-resol-dues-queixes-ciutadanes-vinculades-a-actuacions-de-la-guardia-urbana\\\/\"},\"author\":{\"name\":\"pimpampum\",\"@id\":\"https:\\\/\\\/www.sindicaturabarcelona.cat\\\/ca\\\/#\\\/schema\\\/person\\\/c59ed89663074658008f0ca9a8865afd\"},\"headline\":\"La Sindicatura resol dues queixes ciutadanes vinculades a actuacions de la Gu\u00e0rdia Urbana\",\"datePublished\":\"2023-01-10T14:29:52+00:00\",\"dateModified\":\"2023-05-11T09:45:47+00:00\",\"mainEntityOfPage\":{\"@id\":\"https:\\\/\\\/www.sindicaturabarcelona.cat\\\/ca\\\/la-sindicatura-resol-dues-queixes-ciutadanes-vinculades-a-actuacions-de-la-guardia-urbana\\\/\"},\"wordCount\":837,\"publisher\":{\"@id\":\"https:\\\/\\\/www.sindicaturabarcelona.cat\\\/ca\\\/#organization\"},\"image\":{\"@id\":\"https:\\\/\\\/www.sindicaturabarcelona.cat\\\/ca\\\/la-sindicatura-resol-dues-queixes-ciutadanes-vinculades-a-actuacions-de-la-guardia-urbana\\\/#primaryimage\"},\"thumbnailUrl\":\"https:\\\/\\\/www.sindicaturabarcelona.cat\\\/wp-content\\\/uploads\\\/22953_211203_AF_BenvingudaPromocioGUBAnyPassat_020.jpg\",\"articleSection\":[\"Seguretat i conviv\u00e8ncia\"],\"inLanguage\":\"ca\"},{\"@type\":\"WebPage\",\"@id\":\"https:\\\/\\\/www.sindicaturabarcelona.cat\\\/ca\\\/la-sindicatura-resol-dues-queixes-ciutadanes-vinculades-a-actuacions-de-la-guardia-urbana\\\/\",\"url\":\"https:\\\/\\\/www.sindicaturabarcelona.cat\\\/ca\\\/la-sindicatura-resol-dues-queixes-ciutadanes-vinculades-a-actuacions-de-la-guardia-urbana\\\/\",\"name\":\"La Sindicatura resol dues queixes ciutadanes vinculades a actuacions de la Gu\u00e0rdia Urbana - Sindicatura de Greuges de Barcelona\",\"isPartOf\":{\"@id\":\"https:\\\/\\\/www.sindicaturabarcelona.cat\\\/ca\\\/#website\"},\"primaryImageOfPage\":{\"@id\":\"https:\\\/\\\/www.sindicaturabarcelona.cat\\\/ca\\\/la-sindicatura-resol-dues-queixes-ciutadanes-vinculades-a-actuacions-de-la-guardia-urbana\\\/#primaryimage\"},\"image\":{\"@id\":\"https:\\\/\\\/www.sindicaturabarcelona.cat\\\/ca\\\/la-sindicatura-resol-dues-queixes-ciutadanes-vinculades-a-actuacions-de-la-guardia-urbana\\\/#primaryimage\"},\"thumbnailUrl\":\"https:\\\/\\\/www.sindicaturabarcelona.cat\\\/wp-content\\\/uploads\\\/22953_211203_AF_BenvingudaPromocioGUBAnyPassat_020.jpg\",\"datePublished\":\"2023-01-10T14:29:52+00:00\",\"dateModified\":\"2023-05-11T09:45:47+00:00\",\"description\":\"La defensoria ha analitzat dues actuacions de la Gu\u00e0rdia Urbana, despr\u00e9s que dues persones formalitzessin queixes en qu\u00e8 mostraven...\",\"breadcrumb\":{\"@id\":\"https:\\\/\\\/www.sindicaturabarcelona.cat\\\/ca\\\/la-sindicatura-resol-dues-queixes-ciutadanes-vinculades-a-actuacions-de-la-guardia-urbana\\\/#breadcrumb\"},\"inLanguage\":\"ca\",\"potentialAction\":[{\"@type\":\"ReadAction\",\"target\":[\"https:\\\/\\\/www.sindicaturabarcelona.cat\\\/ca\\\/la-sindicatura-resol-dues-queixes-ciutadanes-vinculades-a-actuacions-de-la-guardia-urbana\\\/\"]}]},{\"@type\":\"ImageObject\",\"inLanguage\":\"ca\",\"@id\":\"https:\\\/\\\/www.sindicaturabarcelona.cat\\\/ca\\\/la-sindicatura-resol-dues-queixes-ciutadanes-vinculades-a-actuacions-de-la-guardia-urbana\\\/#primaryimage\",\"url\":\"https:\\\/\\\/www.sindicaturabarcelona.cat\\\/wp-content\\\/uploads\\\/22953_211203_AF_BenvingudaPromocioGUBAnyPassat_020.jpg\",\"contentUrl\":\"https:\\\/\\\/www.sindicaturabarcelona.cat\\\/wp-content\\\/uploads\\\/22953_211203_AF_BenvingudaPromocioGUBAnyPassat_020.jpg\",\"width\":1533,\"height\":1024},{\"@type\":\"BreadcrumbList\",\"@id\":\"https:\\\/\\\/www.sindicaturabarcelona.cat\\\/ca\\\/la-sindicatura-resol-dues-queixes-ciutadanes-vinculades-a-actuacions-de-la-guardia-urbana\\\/#breadcrumb\",\"itemListElement\":[{\"@type\":\"ListItem\",\"position\":1,\"name\":\"Inici\",\"item\":\"https:\\\/\\\/www.sindicaturabarcelona.cat\\\/ca\\\/\"},{\"@type\":\"ListItem\",\"position\":2,\"name\":\"La Sindicatura resol dues queixes ciutadanes vinculades a actuacions de la Gu\u00e0rdia Urbana\"}]},{\"@type\":\"WebSite\",\"@id\":\"https:\\\/\\\/www.sindicaturabarcelona.cat\\\/ca\\\/#website\",\"url\":\"https:\\\/\\\/www.sindicaturabarcelona.cat\\\/ca\\\/\",\"name\":\"Sindicatura de Greuges de Barcelona\",\"description\":\"La defensoria dels teus drets\",\"publisher\":{\"@id\":\"https:\\\/\\\/www.sindicaturabarcelona.cat\\\/ca\\\/#organization\"},\"potentialAction\":[{\"@type\":\"SearchAction\",\"target\":{\"@type\":\"EntryPoint\",\"urlTemplate\":\"https:\\\/\\\/www.sindicaturabarcelona.cat\\\/ca\\\/?s={search_term_string}\"},\"query-input\":{\"@type\":\"PropertyValueSpecification\",\"valueRequired\":true,\"valueName\":\"search_term_string\"}}],\"inLanguage\":\"ca\"},{\"@type\":\"Organization\",\"@id\":\"https:\\\/\\\/www.sindicaturabarcelona.cat\\\/ca\\\/#organization\",\"name\":\"Sindicatura de Greuges de Barcelona\",\"url\":\"https:\\\/\\\/www.sindicaturabarcelona.cat\\\/ca\\\/\",\"logo\":{\"@type\":\"ImageObject\",\"inLanguage\":\"ca\",\"@id\":\"https:\\\/\\\/www.sindicaturabarcelona.cat\\\/ca\\\/#\\\/schema\\\/logo\\\/image\\\/\",\"url\":\"https:\\\/\\\/www.sindicaturabarcelona.cat\\\/wp-content\\\/uploads\\\/2023\\\/02\\\/logo_sindicatura.svg\",\"contentUrl\":\"https:\\\/\\\/www.sindicaturabarcelona.cat\\\/wp-content\\\/uploads\\\/2023\\\/02\\\/logo_sindicatura.svg\",\"caption\":\"Sindicatura de Greuges de Barcelona\"},\"image\":{\"@id\":\"https:\\\/\\\/www.sindicaturabarcelona.cat\\\/ca\\\/#\\\/schema\\\/logo\\\/image\\\/\"},\"sameAs\":[\"https:\\\/\\\/x.com\\\/sindicbarcelona\",\"https:\\\/\\\/www.instagram.com\\\/sindicbarcelona\\\/\",\"https:\\\/\\\/www.tiktok.com\\\/@sindicaturabcn\",\"https:\\\/\\\/t.me\\\/sindicaturabarcelona\"]},{\"@type\":\"Person\",\"@id\":\"https:\\\/\\\/www.sindicaturabarcelona.cat\\\/ca\\\/#\\\/schema\\\/person\\\/c59ed89663074658008f0ca9a8865afd\",\"name\":\"pimpampum\",\"image\":{\"@type\":\"ImageObject\",\"inLanguage\":\"ca\",\"@id\":\"https:\\\/\\\/secure.gravatar.com\\\/avatar\\\/0d03f560c3fabe6b313e752c4968ec2013544e170b12d7d70838d2667cf54815?s=96&d=mm&r=g\",\"url\":\"https:\\\/\\\/secure.gravatar.com\\\/avatar\\\/0d03f560c3fabe6b313e752c4968ec2013544e170b12d7d70838d2667cf54815?s=96&d=mm&r=g\",\"contentUrl\":\"https:\\\/\\\/secure.gravatar.com\\\/avatar\\\/0d03f560c3fabe6b313e752c4968ec2013544e170b12d7d70838d2667cf54815?s=96&d=mm&r=g\",\"caption\":\"pimpampum\"},\"url\":\"https:\\\/\\\/www.sindicaturabarcelona.cat\\\/ca\\\/author\\\/pimpampum\\\/\"}]}<\/script>\n<!-- \/ Yoast SEO plugin. -->","yoast_head_json":{"title":"La Sindicatura resol dues queixes ciutadanes vinculades a actuacions de la Gu\u00e0rdia Urbana - Sindicatura de Greuges de Barcelona","description":"La defensoria ha analitzat dues actuacions de la Gu\u00e0rdia Urbana, despr\u00e9s que dues persones formalitzessin queixes en qu\u00e8 mostraven...","robots":{"index":"index","follow":"follow","max-snippet":"max-snippet:-1","max-image-preview":"max-image-preview:large","max-video-preview":"max-video-preview:-1"},"canonical":"https:\/\/www.sindicaturabarcelona.cat\/ca\/la-sindicatura-resol-dues-queixes-ciutadanes-vinculades-a-actuacions-de-la-guardia-urbana\/","og_locale":"ca_ES","og_type":"article","og_title":"La Sindicatura resol dues queixes ciutadanes vinculades a actuacions de la Gu\u00e0rdia Urbana - Sindicatura de Greuges de Barcelona","og_description":"La defensoria ha analitzat dues actuacions de la Gu\u00e0rdia Urbana, despr\u00e9s que dues persones formalitzessin queixes en qu\u00e8 mostraven...","og_url":"https:\/\/www.sindicaturabarcelona.cat\/ca\/la-sindicatura-resol-dues-queixes-ciutadanes-vinculades-a-actuacions-de-la-guardia-urbana\/","og_site_name":"Sindicatura de Greuges de Barcelona","article_published_time":"2023-01-10T14:29:52+00:00","article_modified_time":"2023-05-11T09:45:47+00:00","og_image":[{"width":1533,"height":1024,"url":"https:\/\/www.sindicaturabarcelona.cat\/wp-content\/uploads\/22953_211203_AF_BenvingudaPromocioGUBAnyPassat_020.jpg","type":"image\/jpeg"}],"author":"pimpampum","twitter_card":"summary_large_image","twitter_creator":"@sindicbarcelona","twitter_site":"@sindicbarcelona","twitter_misc":{"Escrit per":"pimpampum","Temps estimat de lectura":"5 minuts"},"schema":{"@context":"https:\/\/schema.org","@graph":[{"@type":"Article","@id":"https:\/\/www.sindicaturabarcelona.cat\/ca\/la-sindicatura-resol-dues-queixes-ciutadanes-vinculades-a-actuacions-de-la-guardia-urbana\/#article","isPartOf":{"@id":"https:\/\/www.sindicaturabarcelona.cat\/ca\/la-sindicatura-resol-dues-queixes-ciutadanes-vinculades-a-actuacions-de-la-guardia-urbana\/"},"author":{"name":"pimpampum","@id":"https:\/\/www.sindicaturabarcelona.cat\/ca\/#\/schema\/person\/c59ed89663074658008f0ca9a8865afd"},"headline":"La Sindicatura resol dues queixes ciutadanes vinculades a actuacions de la Gu\u00e0rdia Urbana","datePublished":"2023-01-10T14:29:52+00:00","dateModified":"2023-05-11T09:45:47+00:00","mainEntityOfPage":{"@id":"https:\/\/www.sindicaturabarcelona.cat\/ca\/la-sindicatura-resol-dues-queixes-ciutadanes-vinculades-a-actuacions-de-la-guardia-urbana\/"},"wordCount":837,"publisher":{"@id":"https:\/\/www.sindicaturabarcelona.cat\/ca\/#organization"},"image":{"@id":"https:\/\/www.sindicaturabarcelona.cat\/ca\/la-sindicatura-resol-dues-queixes-ciutadanes-vinculades-a-actuacions-de-la-guardia-urbana\/#primaryimage"},"thumbnailUrl":"https:\/\/www.sindicaturabarcelona.cat\/wp-content\/uploads\/22953_211203_AF_BenvingudaPromocioGUBAnyPassat_020.jpg","articleSection":["Seguretat i conviv\u00e8ncia"],"inLanguage":"ca"},{"@type":"WebPage","@id":"https:\/\/www.sindicaturabarcelona.cat\/ca\/la-sindicatura-resol-dues-queixes-ciutadanes-vinculades-a-actuacions-de-la-guardia-urbana\/","url":"https:\/\/www.sindicaturabarcelona.cat\/ca\/la-sindicatura-resol-dues-queixes-ciutadanes-vinculades-a-actuacions-de-la-guardia-urbana\/","name":"La Sindicatura resol dues queixes ciutadanes vinculades a actuacions de la Gu\u00e0rdia Urbana - Sindicatura de Greuges de Barcelona","isPartOf":{"@id":"https:\/\/www.sindicaturabarcelona.cat\/ca\/#website"},"primaryImageOfPage":{"@id":"https:\/\/www.sindicaturabarcelona.cat\/ca\/la-sindicatura-resol-dues-queixes-ciutadanes-vinculades-a-actuacions-de-la-guardia-urbana\/#primaryimage"},"image":{"@id":"https:\/\/www.sindicaturabarcelona.cat\/ca\/la-sindicatura-resol-dues-queixes-ciutadanes-vinculades-a-actuacions-de-la-guardia-urbana\/#primaryimage"},"thumbnailUrl":"https:\/\/www.sindicaturabarcelona.cat\/wp-content\/uploads\/22953_211203_AF_BenvingudaPromocioGUBAnyPassat_020.jpg","datePublished":"2023-01-10T14:29:52+00:00","dateModified":"2023-05-11T09:45:47+00:00","description":"La defensoria ha analitzat dues actuacions de la Gu\u00e0rdia Urbana, despr\u00e9s que dues persones formalitzessin queixes en qu\u00e8 mostraven...","breadcrumb":{"@id":"https:\/\/www.sindicaturabarcelona.cat\/ca\/la-sindicatura-resol-dues-queixes-ciutadanes-vinculades-a-actuacions-de-la-guardia-urbana\/#breadcrumb"},"inLanguage":"ca","potentialAction":[{"@type":"ReadAction","target":["https:\/\/www.sindicaturabarcelona.cat\/ca\/la-sindicatura-resol-dues-queixes-ciutadanes-vinculades-a-actuacions-de-la-guardia-urbana\/"]}]},{"@type":"ImageObject","inLanguage":"ca","@id":"https:\/\/www.sindicaturabarcelona.cat\/ca\/la-sindicatura-resol-dues-queixes-ciutadanes-vinculades-a-actuacions-de-la-guardia-urbana\/#primaryimage","url":"https:\/\/www.sindicaturabarcelona.cat\/wp-content\/uploads\/22953_211203_AF_BenvingudaPromocioGUBAnyPassat_020.jpg","contentUrl":"https:\/\/www.sindicaturabarcelona.cat\/wp-content\/uploads\/22953_211203_AF_BenvingudaPromocioGUBAnyPassat_020.jpg","width":1533,"height":1024},{"@type":"BreadcrumbList","@id":"https:\/\/www.sindicaturabarcelona.cat\/ca\/la-sindicatura-resol-dues-queixes-ciutadanes-vinculades-a-actuacions-de-la-guardia-urbana\/#breadcrumb","itemListElement":[{"@type":"ListItem","position":1,"name":"Inici","item":"https:\/\/www.sindicaturabarcelona.cat\/ca\/"},{"@type":"ListItem","position":2,"name":"La Sindicatura resol dues queixes ciutadanes vinculades a actuacions de la Gu\u00e0rdia Urbana"}]},{"@type":"WebSite","@id":"https:\/\/www.sindicaturabarcelona.cat\/ca\/#website","url":"https:\/\/www.sindicaturabarcelona.cat\/ca\/","name":"Sindicatura de Greuges de Barcelona","description":"La defensoria dels teus drets","publisher":{"@id":"https:\/\/www.sindicaturabarcelona.cat\/ca\/#organization"},"potentialAction":[{"@type":"SearchAction","target":{"@type":"EntryPoint","urlTemplate":"https:\/\/www.sindicaturabarcelona.cat\/ca\/?s={search_term_string}"},"query-input":{"@type":"PropertyValueSpecification","valueRequired":true,"valueName":"search_term_string"}}],"inLanguage":"ca"},{"@type":"Organization","@id":"https:\/\/www.sindicaturabarcelona.cat\/ca\/#organization","name":"Sindicatura de Greuges de Barcelona","url":"https:\/\/www.sindicaturabarcelona.cat\/ca\/","logo":{"@type":"ImageObject","inLanguage":"ca","@id":"https:\/\/www.sindicaturabarcelona.cat\/ca\/#\/schema\/logo\/image\/","url":"https:\/\/www.sindicaturabarcelona.cat\/wp-content\/uploads\/2023\/02\/logo_sindicatura.svg","contentUrl":"https:\/\/www.sindicaturabarcelona.cat\/wp-content\/uploads\/2023\/02\/logo_sindicatura.svg","caption":"Sindicatura de Greuges de Barcelona"},"image":{"@id":"https:\/\/www.sindicaturabarcelona.cat\/ca\/#\/schema\/logo\/image\/"},"sameAs":["https:\/\/x.com\/sindicbarcelona","https:\/\/www.instagram.com\/sindicbarcelona\/","https:\/\/www.tiktok.com\/@sindicaturabcn","https:\/\/t.me\/sindicaturabarcelona"]},{"@type":"Person","@id":"https:\/\/www.sindicaturabarcelona.cat\/ca\/#\/schema\/person\/c59ed89663074658008f0ca9a8865afd","name":"pimpampum","image":{"@type":"ImageObject","inLanguage":"ca","@id":"https:\/\/secure.gravatar.com\/avatar\/0d03f560c3fabe6b313e752c4968ec2013544e170b12d7d70838d2667cf54815?s=96&d=mm&r=g","url":"https:\/\/secure.gravatar.com\/avatar\/0d03f560c3fabe6b313e752c4968ec2013544e170b12d7d70838d2667cf54815?s=96&d=mm&r=g","contentUrl":"https:\/\/secure.gravatar.com\/avatar\/0d03f560c3fabe6b313e752c4968ec2013544e170b12d7d70838d2667cf54815?s=96&d=mm&r=g","caption":"pimpampum"},"url":"https:\/\/www.sindicaturabarcelona.cat\/ca\/author\/pimpampum\/"}]}},"_links":{"self":[{"href":"https:\/\/www.sindicaturabarcelona.cat\/ca\/wp-json\/wp\/v2\/posts\/15717","targetHints":{"allow":["GET"]}}],"collection":[{"href":"https:\/\/www.sindicaturabarcelona.cat\/ca\/wp-json\/wp\/v2\/posts"}],"about":[{"href":"https:\/\/www.sindicaturabarcelona.cat\/ca\/wp-json\/wp\/v2\/types\/post"}],"author":[{"embeddable":true,"href":"https:\/\/www.sindicaturabarcelona.cat\/ca\/wp-json\/wp\/v2\/users\/3"}],"replies":[{"embeddable":true,"href":"https:\/\/www.sindicaturabarcelona.cat\/ca\/wp-json\/wp\/v2\/comments?post=15717"}],"version-history":[{"count":0,"href":"https:\/\/www.sindicaturabarcelona.cat\/ca\/wp-json\/wp\/v2\/posts\/15717\/revisions"}],"wp:featuredmedia":[{"embeddable":true,"href":"https:\/\/www.sindicaturabarcelona.cat\/ca\/wp-json\/wp\/v2\/media\/18834"}],"wp:attachment":[{"href":"https:\/\/www.sindicaturabarcelona.cat\/ca\/wp-json\/wp\/v2\/media?parent=15717"}],"wp:term":[{"taxonomy":"post_tag","embeddable":true,"href":"https:\/\/www.sindicaturabarcelona.cat\/ca\/wp-json\/wp\/v2\/tags?post=15717"},{"taxonomy":"drets","embeddable":true,"href":"https:\/\/www.sindicaturabarcelona.cat\/ca\/wp-json\/wp\/v2\/drets?post=15717"}],"curies":[{"name":"wp","href":"https:\/\/api.w.org\/{rel}","templated":true}]}}