{"id":15614,"date":"2022-12-23T00:02:00","date_gmt":"2022-12-22T22:02:00","guid":{"rendered":"https:\/\/www.sindicaturabarcelona.cat\/?p=15614"},"modified":"2023-05-11T11:48:32","modified_gmt":"2023-05-11T09:48:32","slug":"quins-drets-atorguen-els-tramits-vinculats-a-una-mudanca-a-la-ciutat-de-barcelona","status":"publish","type":"post","link":"https:\/\/www.sindicaturabarcelona.cat\/ca\/quins-drets-atorguen-els-tramits-vinculats-a-una-mudanca-a-la-ciutat-de-barcelona\/","title":{"rendered":"Quins drets atorguen els tr\u00e0mits vinculats a una mudan\u00e7a a la ciutat de Barcelona?"},"content":{"rendered":"\n<p class=\"has-text-align-justify\">Arran de diverses queixes ciutadanes, i <strong>copsant que es tracta d\u2019una problem\u00e0tica generalitzada a la ciutat, <a href=\"https:\/\/www.sindicaturabarcelona.cat\/wp-content\/uploads\/2022\/11\/11_Dret-a-una-bona-administracio-4.pdf\" target=\"_blank\" aria-label=\"la Sindicatura ha analitzat els tr\u00e0mits vinculats a l\u2019execuci\u00f3 d\u2019una mudan\u00e7a a Barcelona (opens in a new tab)\" rel=\"noreferrer noopener\" class=\"ek-link\">la Sindicatura ha analitzat els tr\u00e0mits vinculats a l\u2019execuci\u00f3 d\u2019una mudan\u00e7a a Barcelona<\/a>.<\/strong> En especial, ha investigat els <a aria-label=\" (opens in a new tab)\" href=\"https:\/\/seuelectronica.ajuntament.barcelona.cat\/oficinavirtual\/ca\/tramit\/20200001422\" target=\"_blank\" rel=\"noreferrer noopener\" class=\"ek-link\">permisos d\u2019ocupaci\u00f3 de l\u2019espai p\u00fablic<\/a>, les taxes exigides, i els drets vinculats.<\/p>\n\n\n\n<p><strong><span style=\"text-decoration: underline;\" class=\"ek-underline\"><span class=\"uppercase\">Quin tipus de mudan\u00e7a es poden fer?<\/span><\/span><\/strong><\/p>\n\n\n\n<p class=\"has-text-align-justify\">L\u2019Ajuntament distingeix entre dues modalitats: l\u2019assabentada i la no assabentada.<\/p>\n\n\n\n<p class=\"has-text-align-justify\"><strong>L\u2019assabentada<\/strong> \u00e9s la que es du a terme amb vehicles d\u2019inferior volum. Aquesta tipologia acostuma a realitzar-la la ciutadania mitjan\u00e7ant <strong>recursos propis<\/strong> i comporta el <strong>pagament d\u2019una taxa: la<\/strong> <strong>taxa d\u2019ocupaci\u00f3 de l\u2019espai p\u00fablic<\/strong>. <strong>No implica reserva d\u2019estacionament<\/strong>.<\/p>\n\n\n\n<p class=\"has-text-align-justify\"><strong>La no assabentada<\/strong> \u00e9s la que <strong>requereix els serveis d\u2019una empresa<\/strong>, ja que s\u2019utilitzen elements t\u00e8cnics com grues elevadores i poden afectar el tr\u00e0nsit. <strong>Exigeix<\/strong> el pagament de la <a href=\"https:\/\/identitats-dr.aoc.cat\/o\/oauth2\/auth?lang=ca&amp;approval_prompt=auto&amp;access_type=online&amp;response_type=code&amp;client_id=tramits.ajbcn_2.cat&amp;redirect_uri=https:\/\/seuelectronica.ajuntament.barcelona.cat\/valid\/auth\/2\/&amp;scope=autenticacio_usuari&amp;state\" target=\"_blank\" aria-label=\" (opens in a new tab)\" rel=\"noreferrer noopener\" class=\"ek-link\">taxa d\u2019ocupaci\u00f3 de l\u2019espai p\u00fablic<\/a>, <a href=\"https:\/\/seuelectronica.ajuntament.barcelona.cat\/oficinavirtual\/ca\/tramit\/20160001210\" class=\"ek-link\">la taxa per tramitaci\u00f3 de perm\u00eds d\u2019ocupaci\u00f3 de l\u2019espai p\u00fablic<\/a>, i si fos el cas, caldria abonar la prestaci\u00f3 de serveis de la Gu\u00e0rdia Urbana (si s\u2019ha de tallar el carrer). <strong>Inclou reserva d\u2019estacionament pr\u00e8via senyalitzaci\u00f3<\/strong>.<\/p>\n\n\n\n<p><strong><span style=\"text-decoration: underline;\" class=\"ek-underline\"><span class=\"uppercase\">La informaci\u00f3 sobre mudances a disposici\u00f3 de la ciutadania<\/span><\/span><\/strong><\/p>\n\n\n\n<p class=\"has-text-align-justify\">La ciutadana que ha presentat una queixa a la Sindicatura va dur a terme una mudan\u00e7a assabentada, amb l\u2019expectativa de disposar d\u2019una <strong>reserva d\u2019estacionament<\/strong>. Les persones promotores de les queixes van mostrar com<strong> la informaci\u00f3 municipal disponible en el moment de la tramitaci\u00f3 no aclaria aquest aspecte<\/strong>.<\/p>\n\n\n\n<p class=\"has-text-align-justify\">Despr\u00e9s d\u2019analitzar el <a aria-label=\" (opens in a new tab)\" href=\"https:\/\/seuelectronica.ajuntament.barcelona.cat\/oficinavirtual\/ca\" target=\"_blank\" rel=\"noreferrer noopener\" class=\"ek-link\"><em>Portal de Tr\u00e0mits<\/em> municipal<\/a>, la <a href=\"http:\/\/www.sindicaturabarcelona.cat\" target=\"_blank\" aria-label=\"Sindicatura de Greuges de Barcelona (opens in a new tab)\" rel=\"noreferrer noopener\" class=\"ek-link\">Sindicatura de Greuges de Barcelona<\/a> va constatar que aquesta eina nom\u00e9s detallava la forma de tramitaci\u00f3, per\u00f2 no deia res sobre la manera com s\u2019havien de dur a terme els treballs en l\u2019espai p\u00fablic.<\/p>\n\n\n\n<p class=\"has-text-align-justify\">En aquesta l\u00ednia, <strong>un dels problemes vinculats als tr\u00e0mits per fer una mudan\u00e7a \u00e9s la insuficient informaci\u00f3 al web municipal<\/strong>. La Sindicatura posa de manifest que la ciutadania acostuma a fer les mudances assabentades amb recursos propis i, per tant, \u00e9s necessari que disposi de tota la informaci\u00f3 per executar-la en \u00f2ptimes condicions.<\/p>\n\n\n\n<p class=\"has-text-align-justify\"><strong>Arran de l\u2019actuaci\u00f3 de la Sindicatura, l\u2019Ajuntament ha estat conscient d\u2019aquest fet i, des de l\u2019octubre de 2022, ha ampliat la informaci\u00f3 al <em>Portal de Tr\u00e0mits<\/em><\/strong><em>,<\/em> que ja aclareix la possibilitat de reserva d\u2019estacionament segons modalitat de mudan\u00e7a, i com s\u2019ha de dur a terme.<\/p>\n\n\n\n<p><strong><span style=\"text-decoration: underline;\" class=\"ek-underline\"><span class=\"uppercase\">Drets generats per la taxa d\u2019ocupaci\u00f3 de l\u2019espai p\u00fablic<\/span><\/span><\/strong><\/p>\n\n\n\n<p class=\"has-text-align-justify\">Tenint en compte que l\u2019autoritzaci\u00f3 de mudan\u00e7a assabentada genera una taxa d\u2019ocupaci\u00f3 de l\u2019espai p\u00fablic, la ciutadania podria entendre que t\u00e9 garantit l\u2019\u00fas de l\u2019espai p\u00fablic necessari per dur a terme els treballs. Com per exemple podrien ser l\u2019\u00fas de la vorera i un estacionament pr\u00f2xim.<\/p>\n\n\n\n<p class=\"has-text-align-justify\"><strong>Tanmateix, aquesta taxa no garanteix un estacionament pr\u00f2xim, sin\u00f3 que \u00fanicament autoritza a<\/strong> aparcar a les places properes sense abonar-ne el preu, sempre que estiguin disponibles.<\/p>\n\n\n\n<p class=\"has-text-align-justify\">Si s\u2019analitza l\u2019<a href=\"https:\/\/bcnroc.ajuntament.barcelona.cat\/jspui\/bitstream\/11703\/88844\/8\/12767.pdf\" target=\"_blank\" aria-label=\" (opens in a new tab)\" rel=\"noreferrer noopener\" class=\"ek-link\">Ordenan\u00e7a fiscal general<\/a>, aquesta estableix que el fet imposable de les taxes municipals \u00e9s la utilitzaci\u00f3 privativa del domini p\u00fablic que benefici\u00ef la persona obligada a pagar el tribut.<\/p>\n\n\n\n<p class=\"has-text-align-justify\"><strong>En el cas de la taxa analitzada,<\/strong> <strong>la Sindicatura considera que el fet imposable \u00e9s l\u2019ocupaci\u00f3 de l\u2019espai p\u00fablic necessari per fer la mudan\u00e7a. Conseq\u00fcentment, ent\u00e9n que si no es produeix aquesta ocupaci\u00f3, no neix l\u2019obligaci\u00f3 tribut\u00e0ria<\/strong>.<\/p>\n\n\n\n<p class=\"has-text-align-justify\">Tamb\u00e9 s\u2019ha aprofundit en l\u2019<a href=\"https:\/\/ajuntament.barcelona.cat\/transparencia\/sites\/default\/files\/38_text_sotmes_of_3_10.pdf\" target=\"_blank\" aria-label=\" (opens in a new tab)\" rel=\"noreferrer noopener\" class=\"ek-link\">Ordenan\u00e7a fiscal 3.10, de taxes per la utilitzaci\u00f3 privativa del domini p\u00fablic municipal<\/a>. D\u2019aquesta Ordenan\u00e7a es despr\u00e8n que la taxa d\u00f3na dret a utilitzar l\u2019espai p\u00fablic per tasques de c\u00e0rrega i desc\u00e0rrega, <strong>per\u00f2 l\u2019Ajuntament fa una interpretaci\u00f3 m\u00e9s restrictiva i no permet la reserva pr\u00e8via d\u2019estacionament<\/strong>.<\/p>\n\n\n\n<p class=\"has-text-align-justify\"><strong>La Sindicatura compr\u00e8n que la ciutadania tingui la percepci\u00f3 leg\u00edtima que no ha fet un \u00fas privatiu de l\u2019espai p\u00fablic<\/strong>, ja que duen a terme les mudances assabentades de manera prec\u00e0ria i sense una zona d\u2019estacionament que permeti executar el treball amb comoditat.<\/p>\n\n\n\n<p><strong><span class=\"uppercase\"><span style=\"text-decoration: underline;\" class=\"ek-underline\">Comparaci\u00f3 de l\u2019import de les taxes de mudances assabentades i no assabentades<\/span><\/span><\/strong><\/p>\n\n\n\n<p class=\"has-text-align-justify\">Segons la informaci\u00f3 del <em>Portal de Tr\u00e0mits<\/em>,<strong> l\u2019import de la taxa vinculada a una mudan\u00e7a no assabentada \u00e9s de 40,79 euros<\/strong>. A m\u00e9s de la <strong>reserva d\u2019estacionament<\/strong>, el pagament d\u2019aquesta taxa <strong>permet ocupar la vorera i, fins i tot, la cal\u00e7ada<\/strong>. A banda d\u2019aquest pagament, en les mudances no assabentades tamb\u00e9 s\u2019ha d\u2019abonar <a href=\"https:\/\/seuelectronica.ajuntament.barcelona.cat\/oficinavirtual\/ca\/tramit\/20160001210\" target=\"_blank\" aria-label=\" (opens in a new tab)\" rel=\"noreferrer noopener\" class=\"ek-link\">la taxa per tramitaci\u00f3 de perm\u00eds d\u2019ocupaci\u00f3 de l\u2019espai p\u00fablic<\/a>.<\/p>\n\n\n\n<p class=\"has-text-align-justify\">La persona promotora de la queixa va detallar que ella <strong>havia pagat 44,70 euros en la taxa vinculada a una mudan\u00e7a assabentada<\/strong>. Cal recordar que aquesta taxa no garanteix de manera efectiva el dret a ocupar l\u2019espai p\u00fablic per estacionar el vehicle. Finalment, si nom\u00e9s valorem l\u2019abonament de la taxa de perm\u00eds d\u2019ocupaci\u00f3 de l\u2019espai p\u00fablic (requisit per a les dues tipologies de mudances), <strong>la Sindicatura conclou que \u00e9s poc proporcional i coherent que els permisos d\u2019una mudan\u00e7a no assabentada tinguin un import m\u00e9s baix i ofereixin uns drets molt superiors<\/strong> sobre l\u2019espai p\u00fablic.<\/p>\n","protected":false},"excerpt":{"rendered":"<p>Arran de diverses queixes ciutadanes, i copsant que es tracta d\u2019una problem\u00e0tica generalitzada a la ciutat, la Sindicatura ha analitzat els tr\u00e0mits vinculats a l\u2019execuci\u00f3 d\u2019una mudan\u00e7a a Barcelona. En [&hellip;]<\/p>\n","protected":false},"author":3,"featured_media":18838,"comment_status":"closed","ping_status":"open","sticky":false,"template":"","format":"standard","meta":{"_acf_changed":false,"footnotes":""},"tags":[],"drets":[1440,1456],"class_list":["post-15614","post","type-post","status-publish","format-standard","has-post-thumbnail","hentry","drets-ciutat-garantista","drets-dret-a-una-bona-administracio"],"acf":[],"yoast_head":"<!-- This site is optimized with the Yoast SEO plugin v27.5 - https:\/\/yoast.com\/product\/yoast-seo-wordpress\/ -->\n<title>Quins drets atorguen els tr\u00e0mits vinculats a una mudan\u00e7a a la ciutat de Barcelona? - Sindicatura de Greuges de Barcelona<\/title>\n<meta name=\"description\" content=\"Copsant que es tracta d\u2019una problem\u00e0tica generalitzada a la ciutat, la Sindicatura ha analitzat els tr\u00e0mits vinculats a una mudan\u00e7a a Ba...\" \/>\n<meta name=\"robots\" content=\"index, follow, max-snippet:-1, max-image-preview:large, max-video-preview:-1\" \/>\n<link rel=\"canonical\" href=\"https:\/\/www.sindicaturabarcelona.cat\/ca\/quins-drets-atorguen-els-tramits-vinculats-a-una-mudanca-a-la-ciutat-de-barcelona\/\" \/>\n<meta property=\"og:locale\" content=\"ca_ES\" \/>\n<meta property=\"og:type\" content=\"article\" \/>\n<meta property=\"og:title\" content=\"Quins drets atorguen els tr\u00e0mits vinculats a una mudan\u00e7a a la ciutat de Barcelona? - Sindicatura de Greuges de Barcelona\" \/>\n<meta property=\"og:description\" content=\"Copsant que es tracta d\u2019una problem\u00e0tica generalitzada a la ciutat, la Sindicatura ha analitzat els tr\u00e0mits vinculats a una mudan\u00e7a a Ba...\" \/>\n<meta property=\"og:url\" content=\"https:\/\/www.sindicaturabarcelona.cat\/ca\/quins-drets-atorguen-els-tramits-vinculats-a-una-mudanca-a-la-ciutat-de-barcelona\/\" \/>\n<meta property=\"og:site_name\" content=\"Sindicatura de Greuges de Barcelona\" \/>\n<meta property=\"article:published_time\" content=\"2022-12-22T22:02:00+00:00\" \/>\n<meta property=\"article:modified_time\" content=\"2023-05-11T09:48:32+00:00\" \/>\n<meta property=\"og:image\" content=\"https:\/\/www.sindicaturabarcelona.cat\/wp-content\/uploads\/Mudanca.jpg\" \/>\n\t<meta property=\"og:image:width\" content=\"1024\" \/>\n\t<meta property=\"og:image:height\" content=\"576\" \/>\n\t<meta property=\"og:image:type\" content=\"image\/jpeg\" \/>\n<meta name=\"author\" content=\"pimpampum\" \/>\n<meta name=\"twitter:card\" content=\"summary_large_image\" \/>\n<meta name=\"twitter:creator\" content=\"@sindicbarcelona\" \/>\n<meta name=\"twitter:site\" content=\"@sindicbarcelona\" \/>\n<meta name=\"twitter:label1\" content=\"Escrit per\" \/>\n\t<meta name=\"twitter:data1\" content=\"pimpampum\" \/>\n\t<meta name=\"twitter:label2\" content=\"Temps estimat de lectura\" \/>\n\t<meta name=\"twitter:data2\" content=\"5 minuts\" \/>\n<script type=\"application\/ld+json\" class=\"yoast-schema-graph\">{\"@context\":\"https:\\\/\\\/schema.org\",\"@graph\":[{\"@type\":\"Article\",\"@id\":\"https:\\\/\\\/www.sindicaturabarcelona.cat\\\/ca\\\/quins-drets-atorguen-els-tramits-vinculats-a-una-mudanca-a-la-ciutat-de-barcelona\\\/#article\",\"isPartOf\":{\"@id\":\"https:\\\/\\\/www.sindicaturabarcelona.cat\\\/ca\\\/quins-drets-atorguen-els-tramits-vinculats-a-una-mudanca-a-la-ciutat-de-barcelona\\\/\"},\"author\":{\"name\":\"pimpampum\",\"@id\":\"https:\\\/\\\/www.sindicaturabarcelona.cat\\\/ca\\\/#\\\/schema\\\/person\\\/c59ed89663074658008f0ca9a8865afd\"},\"headline\":\"Quins drets atorguen els tr\u00e0mits vinculats a una mudan\u00e7a a la ciutat de Barcelona?\",\"datePublished\":\"2022-12-22T22:02:00+00:00\",\"dateModified\":\"2023-05-11T09:48:32+00:00\",\"mainEntityOfPage\":{\"@id\":\"https:\\\/\\\/www.sindicaturabarcelona.cat\\\/ca\\\/quins-drets-atorguen-els-tramits-vinculats-a-una-mudanca-a-la-ciutat-de-barcelona\\\/\"},\"wordCount\":924,\"publisher\":{\"@id\":\"https:\\\/\\\/www.sindicaturabarcelona.cat\\\/ca\\\/#organization\"},\"image\":{\"@id\":\"https:\\\/\\\/www.sindicaturabarcelona.cat\\\/ca\\\/quins-drets-atorguen-els-tramits-vinculats-a-una-mudanca-a-la-ciutat-de-barcelona\\\/#primaryimage\"},\"thumbnailUrl\":\"https:\\\/\\\/www.sindicaturabarcelona.cat\\\/wp-content\\\/uploads\\\/Mudanca.jpg\",\"articleSection\":[\"Bon govern\",\"Espai p\u00fablic\"],\"inLanguage\":\"ca\"},{\"@type\":\"WebPage\",\"@id\":\"https:\\\/\\\/www.sindicaturabarcelona.cat\\\/ca\\\/quins-drets-atorguen-els-tramits-vinculats-a-una-mudanca-a-la-ciutat-de-barcelona\\\/\",\"url\":\"https:\\\/\\\/www.sindicaturabarcelona.cat\\\/ca\\\/quins-drets-atorguen-els-tramits-vinculats-a-una-mudanca-a-la-ciutat-de-barcelona\\\/\",\"name\":\"Quins drets atorguen els tr\u00e0mits vinculats a una mudan\u00e7a a la ciutat de Barcelona? - Sindicatura de Greuges de Barcelona\",\"isPartOf\":{\"@id\":\"https:\\\/\\\/www.sindicaturabarcelona.cat\\\/ca\\\/#website\"},\"primaryImageOfPage\":{\"@id\":\"https:\\\/\\\/www.sindicaturabarcelona.cat\\\/ca\\\/quins-drets-atorguen-els-tramits-vinculats-a-una-mudanca-a-la-ciutat-de-barcelona\\\/#primaryimage\"},\"image\":{\"@id\":\"https:\\\/\\\/www.sindicaturabarcelona.cat\\\/ca\\\/quins-drets-atorguen-els-tramits-vinculats-a-una-mudanca-a-la-ciutat-de-barcelona\\\/#primaryimage\"},\"thumbnailUrl\":\"https:\\\/\\\/www.sindicaturabarcelona.cat\\\/wp-content\\\/uploads\\\/Mudanca.jpg\",\"datePublished\":\"2022-12-22T22:02:00+00:00\",\"dateModified\":\"2023-05-11T09:48:32+00:00\",\"description\":\"Copsant que es tracta d\u2019una problem\u00e0tica generalitzada a la ciutat, la Sindicatura ha analitzat els tr\u00e0mits vinculats a una mudan\u00e7a a Ba...\",\"breadcrumb\":{\"@id\":\"https:\\\/\\\/www.sindicaturabarcelona.cat\\\/ca\\\/quins-drets-atorguen-els-tramits-vinculats-a-una-mudanca-a-la-ciutat-de-barcelona\\\/#breadcrumb\"},\"inLanguage\":\"ca\",\"potentialAction\":[{\"@type\":\"ReadAction\",\"target\":[\"https:\\\/\\\/www.sindicaturabarcelona.cat\\\/ca\\\/quins-drets-atorguen-els-tramits-vinculats-a-una-mudanca-a-la-ciutat-de-barcelona\\\/\"]}]},{\"@type\":\"ImageObject\",\"inLanguage\":\"ca\",\"@id\":\"https:\\\/\\\/www.sindicaturabarcelona.cat\\\/ca\\\/quins-drets-atorguen-els-tramits-vinculats-a-una-mudanca-a-la-ciutat-de-barcelona\\\/#primaryimage\",\"url\":\"https:\\\/\\\/www.sindicaturabarcelona.cat\\\/wp-content\\\/uploads\\\/Mudanca.jpg\",\"contentUrl\":\"https:\\\/\\\/www.sindicaturabarcelona.cat\\\/wp-content\\\/uploads\\\/Mudanca.jpg\",\"width\":1024,\"height\":576},{\"@type\":\"BreadcrumbList\",\"@id\":\"https:\\\/\\\/www.sindicaturabarcelona.cat\\\/ca\\\/quins-drets-atorguen-els-tramits-vinculats-a-una-mudanca-a-la-ciutat-de-barcelona\\\/#breadcrumb\",\"itemListElement\":[{\"@type\":\"ListItem\",\"position\":1,\"name\":\"Inici\",\"item\":\"https:\\\/\\\/www.sindicaturabarcelona.cat\\\/ca\\\/\"},{\"@type\":\"ListItem\",\"position\":2,\"name\":\"Quins drets atorguen els tr\u00e0mits vinculats a una mudan\u00e7a a la ciutat de Barcelona?\"}]},{\"@type\":\"WebSite\",\"@id\":\"https:\\\/\\\/www.sindicaturabarcelona.cat\\\/ca\\\/#website\",\"url\":\"https:\\\/\\\/www.sindicaturabarcelona.cat\\\/ca\\\/\",\"name\":\"Sindicatura de Greuges de Barcelona\",\"description\":\"La defensoria dels teus drets\",\"publisher\":{\"@id\":\"https:\\\/\\\/www.sindicaturabarcelona.cat\\\/ca\\\/#organization\"},\"potentialAction\":[{\"@type\":\"SearchAction\",\"target\":{\"@type\":\"EntryPoint\",\"urlTemplate\":\"https:\\\/\\\/www.sindicaturabarcelona.cat\\\/ca\\\/?s={search_term_string}\"},\"query-input\":{\"@type\":\"PropertyValueSpecification\",\"valueRequired\":true,\"valueName\":\"search_term_string\"}}],\"inLanguage\":\"ca\"},{\"@type\":\"Organization\",\"@id\":\"https:\\\/\\\/www.sindicaturabarcelona.cat\\\/ca\\\/#organization\",\"name\":\"Sindicatura de Greuges de Barcelona\",\"url\":\"https:\\\/\\\/www.sindicaturabarcelona.cat\\\/ca\\\/\",\"logo\":{\"@type\":\"ImageObject\",\"inLanguage\":\"ca\",\"@id\":\"https:\\\/\\\/www.sindicaturabarcelona.cat\\\/ca\\\/#\\\/schema\\\/logo\\\/image\\\/\",\"url\":\"https:\\\/\\\/www.sindicaturabarcelona.cat\\\/wp-content\\\/uploads\\\/2023\\\/02\\\/logo_sindicatura.svg\",\"contentUrl\":\"https:\\\/\\\/www.sindicaturabarcelona.cat\\\/wp-content\\\/uploads\\\/2023\\\/02\\\/logo_sindicatura.svg\",\"caption\":\"Sindicatura de Greuges de Barcelona\"},\"image\":{\"@id\":\"https:\\\/\\\/www.sindicaturabarcelona.cat\\\/ca\\\/#\\\/schema\\\/logo\\\/image\\\/\"},\"sameAs\":[\"https:\\\/\\\/x.com\\\/sindicbarcelona\",\"https:\\\/\\\/www.instagram.com\\\/sindicbarcelona\\\/\",\"https:\\\/\\\/www.tiktok.com\\\/@sindicaturabcn\",\"https:\\\/\\\/t.me\\\/sindicaturabarcelona\"]},{\"@type\":\"Person\",\"@id\":\"https:\\\/\\\/www.sindicaturabarcelona.cat\\\/ca\\\/#\\\/schema\\\/person\\\/c59ed89663074658008f0ca9a8865afd\",\"name\":\"pimpampum\",\"image\":{\"@type\":\"ImageObject\",\"inLanguage\":\"ca\",\"@id\":\"https:\\\/\\\/secure.gravatar.com\\\/avatar\\\/0d03f560c3fabe6b313e752c4968ec2013544e170b12d7d70838d2667cf54815?s=96&d=mm&r=g\",\"url\":\"https:\\\/\\\/secure.gravatar.com\\\/avatar\\\/0d03f560c3fabe6b313e752c4968ec2013544e170b12d7d70838d2667cf54815?s=96&d=mm&r=g\",\"contentUrl\":\"https:\\\/\\\/secure.gravatar.com\\\/avatar\\\/0d03f560c3fabe6b313e752c4968ec2013544e170b12d7d70838d2667cf54815?s=96&d=mm&r=g\",\"caption\":\"pimpampum\"},\"url\":\"https:\\\/\\\/www.sindicaturabarcelona.cat\\\/ca\\\/author\\\/pimpampum\\\/\"}]}<\/script>\n<!-- \/ Yoast SEO plugin. -->","yoast_head_json":{"title":"Quins drets atorguen els tr\u00e0mits vinculats a una mudan\u00e7a a la ciutat de Barcelona? - Sindicatura de Greuges de Barcelona","description":"Copsant que es tracta d\u2019una problem\u00e0tica generalitzada a la ciutat, la Sindicatura ha analitzat els tr\u00e0mits vinculats a una mudan\u00e7a a Ba...","robots":{"index":"index","follow":"follow","max-snippet":"max-snippet:-1","max-image-preview":"max-image-preview:large","max-video-preview":"max-video-preview:-1"},"canonical":"https:\/\/www.sindicaturabarcelona.cat\/ca\/quins-drets-atorguen-els-tramits-vinculats-a-una-mudanca-a-la-ciutat-de-barcelona\/","og_locale":"ca_ES","og_type":"article","og_title":"Quins drets atorguen els tr\u00e0mits vinculats a una mudan\u00e7a a la ciutat de Barcelona? - Sindicatura de Greuges de Barcelona","og_description":"Copsant que es tracta d\u2019una problem\u00e0tica generalitzada a la ciutat, la Sindicatura ha analitzat els tr\u00e0mits vinculats a una mudan\u00e7a a Ba...","og_url":"https:\/\/www.sindicaturabarcelona.cat\/ca\/quins-drets-atorguen-els-tramits-vinculats-a-una-mudanca-a-la-ciutat-de-barcelona\/","og_site_name":"Sindicatura de Greuges de Barcelona","article_published_time":"2022-12-22T22:02:00+00:00","article_modified_time":"2023-05-11T09:48:32+00:00","og_image":[{"width":1024,"height":576,"url":"https:\/\/www.sindicaturabarcelona.cat\/wp-content\/uploads\/Mudanca.jpg","type":"image\/jpeg"}],"author":"pimpampum","twitter_card":"summary_large_image","twitter_creator":"@sindicbarcelona","twitter_site":"@sindicbarcelona","twitter_misc":{"Escrit per":"pimpampum","Temps estimat de lectura":"5 minuts"},"schema":{"@context":"https:\/\/schema.org","@graph":[{"@type":"Article","@id":"https:\/\/www.sindicaturabarcelona.cat\/ca\/quins-drets-atorguen-els-tramits-vinculats-a-una-mudanca-a-la-ciutat-de-barcelona\/#article","isPartOf":{"@id":"https:\/\/www.sindicaturabarcelona.cat\/ca\/quins-drets-atorguen-els-tramits-vinculats-a-una-mudanca-a-la-ciutat-de-barcelona\/"},"author":{"name":"pimpampum","@id":"https:\/\/www.sindicaturabarcelona.cat\/ca\/#\/schema\/person\/c59ed89663074658008f0ca9a8865afd"},"headline":"Quins drets atorguen els tr\u00e0mits vinculats a una mudan\u00e7a a la ciutat de Barcelona?","datePublished":"2022-12-22T22:02:00+00:00","dateModified":"2023-05-11T09:48:32+00:00","mainEntityOfPage":{"@id":"https:\/\/www.sindicaturabarcelona.cat\/ca\/quins-drets-atorguen-els-tramits-vinculats-a-una-mudanca-a-la-ciutat-de-barcelona\/"},"wordCount":924,"publisher":{"@id":"https:\/\/www.sindicaturabarcelona.cat\/ca\/#organization"},"image":{"@id":"https:\/\/www.sindicaturabarcelona.cat\/ca\/quins-drets-atorguen-els-tramits-vinculats-a-una-mudanca-a-la-ciutat-de-barcelona\/#primaryimage"},"thumbnailUrl":"https:\/\/www.sindicaturabarcelona.cat\/wp-content\/uploads\/Mudanca.jpg","articleSection":["Bon govern","Espai p\u00fablic"],"inLanguage":"ca"},{"@type":"WebPage","@id":"https:\/\/www.sindicaturabarcelona.cat\/ca\/quins-drets-atorguen-els-tramits-vinculats-a-una-mudanca-a-la-ciutat-de-barcelona\/","url":"https:\/\/www.sindicaturabarcelona.cat\/ca\/quins-drets-atorguen-els-tramits-vinculats-a-una-mudanca-a-la-ciutat-de-barcelona\/","name":"Quins drets atorguen els tr\u00e0mits vinculats a una mudan\u00e7a a la ciutat de Barcelona? - Sindicatura de Greuges de Barcelona","isPartOf":{"@id":"https:\/\/www.sindicaturabarcelona.cat\/ca\/#website"},"primaryImageOfPage":{"@id":"https:\/\/www.sindicaturabarcelona.cat\/ca\/quins-drets-atorguen-els-tramits-vinculats-a-una-mudanca-a-la-ciutat-de-barcelona\/#primaryimage"},"image":{"@id":"https:\/\/www.sindicaturabarcelona.cat\/ca\/quins-drets-atorguen-els-tramits-vinculats-a-una-mudanca-a-la-ciutat-de-barcelona\/#primaryimage"},"thumbnailUrl":"https:\/\/www.sindicaturabarcelona.cat\/wp-content\/uploads\/Mudanca.jpg","datePublished":"2022-12-22T22:02:00+00:00","dateModified":"2023-05-11T09:48:32+00:00","description":"Copsant que es tracta d\u2019una problem\u00e0tica generalitzada a la ciutat, la Sindicatura ha analitzat els tr\u00e0mits vinculats a una mudan\u00e7a a Ba...","breadcrumb":{"@id":"https:\/\/www.sindicaturabarcelona.cat\/ca\/quins-drets-atorguen-els-tramits-vinculats-a-una-mudanca-a-la-ciutat-de-barcelona\/#breadcrumb"},"inLanguage":"ca","potentialAction":[{"@type":"ReadAction","target":["https:\/\/www.sindicaturabarcelona.cat\/ca\/quins-drets-atorguen-els-tramits-vinculats-a-una-mudanca-a-la-ciutat-de-barcelona\/"]}]},{"@type":"ImageObject","inLanguage":"ca","@id":"https:\/\/www.sindicaturabarcelona.cat\/ca\/quins-drets-atorguen-els-tramits-vinculats-a-una-mudanca-a-la-ciutat-de-barcelona\/#primaryimage","url":"https:\/\/www.sindicaturabarcelona.cat\/wp-content\/uploads\/Mudanca.jpg","contentUrl":"https:\/\/www.sindicaturabarcelona.cat\/wp-content\/uploads\/Mudanca.jpg","width":1024,"height":576},{"@type":"BreadcrumbList","@id":"https:\/\/www.sindicaturabarcelona.cat\/ca\/quins-drets-atorguen-els-tramits-vinculats-a-una-mudanca-a-la-ciutat-de-barcelona\/#breadcrumb","itemListElement":[{"@type":"ListItem","position":1,"name":"Inici","item":"https:\/\/www.sindicaturabarcelona.cat\/ca\/"},{"@type":"ListItem","position":2,"name":"Quins drets atorguen els tr\u00e0mits vinculats a una mudan\u00e7a a la ciutat de Barcelona?"}]},{"@type":"WebSite","@id":"https:\/\/www.sindicaturabarcelona.cat\/ca\/#website","url":"https:\/\/www.sindicaturabarcelona.cat\/ca\/","name":"Sindicatura de Greuges de Barcelona","description":"La defensoria dels teus drets","publisher":{"@id":"https:\/\/www.sindicaturabarcelona.cat\/ca\/#organization"},"potentialAction":[{"@type":"SearchAction","target":{"@type":"EntryPoint","urlTemplate":"https:\/\/www.sindicaturabarcelona.cat\/ca\/?s={search_term_string}"},"query-input":{"@type":"PropertyValueSpecification","valueRequired":true,"valueName":"search_term_string"}}],"inLanguage":"ca"},{"@type":"Organization","@id":"https:\/\/www.sindicaturabarcelona.cat\/ca\/#organization","name":"Sindicatura de Greuges de Barcelona","url":"https:\/\/www.sindicaturabarcelona.cat\/ca\/","logo":{"@type":"ImageObject","inLanguage":"ca","@id":"https:\/\/www.sindicaturabarcelona.cat\/ca\/#\/schema\/logo\/image\/","url":"https:\/\/www.sindicaturabarcelona.cat\/wp-content\/uploads\/2023\/02\/logo_sindicatura.svg","contentUrl":"https:\/\/www.sindicaturabarcelona.cat\/wp-content\/uploads\/2023\/02\/logo_sindicatura.svg","caption":"Sindicatura de Greuges de Barcelona"},"image":{"@id":"https:\/\/www.sindicaturabarcelona.cat\/ca\/#\/schema\/logo\/image\/"},"sameAs":["https:\/\/x.com\/sindicbarcelona","https:\/\/www.instagram.com\/sindicbarcelona\/","https:\/\/www.tiktok.com\/@sindicaturabcn","https:\/\/t.me\/sindicaturabarcelona"]},{"@type":"Person","@id":"https:\/\/www.sindicaturabarcelona.cat\/ca\/#\/schema\/person\/c59ed89663074658008f0ca9a8865afd","name":"pimpampum","image":{"@type":"ImageObject","inLanguage":"ca","@id":"https:\/\/secure.gravatar.com\/avatar\/0d03f560c3fabe6b313e752c4968ec2013544e170b12d7d70838d2667cf54815?s=96&d=mm&r=g","url":"https:\/\/secure.gravatar.com\/avatar\/0d03f560c3fabe6b313e752c4968ec2013544e170b12d7d70838d2667cf54815?s=96&d=mm&r=g","contentUrl":"https:\/\/secure.gravatar.com\/avatar\/0d03f560c3fabe6b313e752c4968ec2013544e170b12d7d70838d2667cf54815?s=96&d=mm&r=g","caption":"pimpampum"},"url":"https:\/\/www.sindicaturabarcelona.cat\/ca\/author\/pimpampum\/"}]}},"_links":{"self":[{"href":"https:\/\/www.sindicaturabarcelona.cat\/ca\/wp-json\/wp\/v2\/posts\/15614","targetHints":{"allow":["GET"]}}],"collection":[{"href":"https:\/\/www.sindicaturabarcelona.cat\/ca\/wp-json\/wp\/v2\/posts"}],"about":[{"href":"https:\/\/www.sindicaturabarcelona.cat\/ca\/wp-json\/wp\/v2\/types\/post"}],"author":[{"embeddable":true,"href":"https:\/\/www.sindicaturabarcelona.cat\/ca\/wp-json\/wp\/v2\/users\/3"}],"replies":[{"embeddable":true,"href":"https:\/\/www.sindicaturabarcelona.cat\/ca\/wp-json\/wp\/v2\/comments?post=15614"}],"version-history":[{"count":0,"href":"https:\/\/www.sindicaturabarcelona.cat\/ca\/wp-json\/wp\/v2\/posts\/15614\/revisions"}],"wp:featuredmedia":[{"embeddable":true,"href":"https:\/\/www.sindicaturabarcelona.cat\/ca\/wp-json\/wp\/v2\/media\/18838"}],"wp:attachment":[{"href":"https:\/\/www.sindicaturabarcelona.cat\/ca\/wp-json\/wp\/v2\/media?parent=15614"}],"wp:term":[{"taxonomy":"post_tag","embeddable":true,"href":"https:\/\/www.sindicaturabarcelona.cat\/ca\/wp-json\/wp\/v2\/tags?post=15614"},{"taxonomy":"drets","embeddable":true,"href":"https:\/\/www.sindicaturabarcelona.cat\/ca\/wp-json\/wp\/v2\/drets?post=15614"}],"curies":[{"name":"wp","href":"https:\/\/api.w.org\/{rel}","templated":true}]}}