{"id":15570,"date":"2022-12-13T17:26:44","date_gmt":"2022-12-13T15:26:44","guid":{"rendered":"https:\/\/www.sindicaturabarcelona.cat\/?p=15570"},"modified":"2023-03-21T13:38:12","modified_gmt":"2023-03-21T11:38:12","slug":"la-sindicatura-insta-lajuntament-de-barcelona-a-revocar-lacord-damistat-i-cooperacio-entre-barcelona-gaza-i-tel-aviv","status":"publish","type":"post","link":"https:\/\/www.sindicaturabarcelona.cat\/ca\/la-sindicatura-insta-lajuntament-de-barcelona-a-revocar-lacord-damistat-i-cooperacio-entre-barcelona-gaza-i-tel-aviv\/","title":{"rendered":"La Sindicatura insta l&#8217;Ajuntament de Barcelona a revocar l&#8217;acord d&#8217;amistat i cooperaci\u00f3 entre Barcelona, Gaza i Tel-Aviv"},"content":{"rendered":"\n<figure class=\"wp-block-pullquote\"><blockquote><p><strong>La defensoria tamb\u00e9 proposa revisar la resta d\u2019Acords d\u2019Agermanament i dels Memorandum of Understanding (MOU) subscrits per l\u2019Ajuntament, amb el prop\u00f2sit d\u2019identificar altres casos en qu\u00e8 les ciutats contraparts no respecten els drets humans.<\/strong><\/p><\/blockquote><\/figure>\n\n\n\n<p class=\"has-text-align-justify\"><a href=\"https:\/\/www.sindicaturabarcelona.cat\/wp-content\/uploads\/2022\/12\/Resolucio-Sindicatura-Acord-BCN-Gaza-TelAviv.pdf\" target=\"_blank\" rel=\"noreferrer noopener\" class=\"ek-link\">La Sindicatura de Greuges de Barcelona ha analitzat <strong>l\u2019acord d\u2019amistat i cooperaci\u00f3 entre Barcelona, Gaza i Tel-Aviv<\/strong><\/a><strong>,<\/strong> <strong>i<\/strong> <strong>ha concl\u00f2s que aquest agermanament no ha tingut en compte el canvi de circumst\u00e0ncies que s\u2019ha produ\u00eft despr\u00e9s de la seva celebraci\u00f3, no garanteix el respecte al comprom\u00eds amb els drets humans, i tampoc impulsa unes relacions internacionals que promoguin la just\u00edcia global.<\/strong><\/p>\n\n\n\n<p class=\"has-text-align-justify\">Per aquests motius, la Sindicatura s\u2019ha dirigit a l\u2019Alcaldia de Barcelona per recomanar que es revoqui l\u2019acord d\u2019amistat i cooperaci\u00f3 entre les tres ciutats. <strong>D\u2019altra banda, i amb l\u2019objectiu de copsar si altres aliances d\u2019aquest caire respecten els drets humans, la defensoria tamb\u00e9 ha recomanat a l\u2019Ajuntament que revisi exhaustivament la resta dels Acords d\u2019Agermanament i dels Memorandum of Understanding (MOU) subscrits per l\u2019ajuntament barcelon\u00ed.<\/strong><\/p>\n\n\n\n<p><strong><span style=\"text-decoration: underline;\" class=\"ek-underline\"><span class=\"uppercase\">Quan va n\u00e9ixer aquest acord i qu\u00e8 implica?<\/span><\/span><\/strong><\/p>\n\n\n\n<p class=\"has-text-align-justify\">La signatura de l\u2019Acord d\u2019Amistat i Cooperaci\u00f3 entre Barcelona, Gaza i Tel-Aviv va produir-se <strong>l\u2019any 1998, en el marc dels Acords de Pau d\u2019Oslo, amb la finalitat de sumar esfor\u00e7os en la consecuci\u00f3 de la pau a aquesta zona del Pr\u00f2xim Orient<\/strong>. Va ser signat directament per l\u2019alcalde de Barcelona.<\/p>\n\n\n\n<p class=\"has-text-align-justify\">En aquest acord entre Barcelona, Gaza i Tel-Aviv va pactar-se l\u2019intercanvi d\u2019experi\u00e8ncies i coneixements sobre la gesti\u00f3 municipal, el desenvolupament d\u2019iniciatives culturals, la col\u00b7laboraci\u00f3 social i els projectes de cooperaci\u00f3 per millorar les condicions de vida de la poblaci\u00f3 de Gaza.&nbsp;<\/p>\n\n\n\n<p class=\"has-text-align-justify\">Les dificultats del proc\u00e9s de pau al Pr\u00f2xim Orient, i concretament en el conflicte entre Palestina i Israel,<strong> han provocat que aquestes accions no s\u2019hagin pogut dur a terme<\/strong>. No obstant aix\u00f2, Barcelona mant\u00e9 relacions amb les dues ciutats per separat.&nbsp;<\/p>\n\n\n\n<p><strong><span style=\"text-decoration: underline;\" class=\"ek-underline\"><span class=\"uppercase\">Quina \u00e9s la naturalesa jur\u00eddica d\u2019aquest acord?<\/span><\/span><\/strong><\/p>\n\n\n\n<p class=\"has-text-align-justify\"><strong>Es tracta d\u2019un acord internacional no normatiu<\/strong> que, segons la Sindicatura, revesteix la forma de <em>conveni interadministratiu d\u2019\u00e0mbit transnacional fruit d\u2019un projecte de cooperaci\u00f3 empr\u00e8s de forma mancomunada per una s\u00e8rie de ciutats<\/em>.<\/p>\n\n\n\n<p class=\"has-text-align-justify\">Cal destacar que de les seves cl\u00e0usules <strong>no se\u2019n deriven obligacions o responsabilitats jur\u00eddiques ni econ\u00f2miques directes a complir per part de l\u2019Ajuntament de Barcelona<\/strong>.<\/p>\n\n\n\n<p><strong><span class=\"uppercase\"><span style=\"text-decoration: underline;\" class=\"ek-underline\">Es pot revocar aquest acord?<\/span><\/span><\/strong><\/p>\n\n\n\n<p class=\"has-text-align-justify\">Va ser en <strong>els Acords d\u2019Oslo del 1998 quan va produir-se l\u2019agermanament entre Barcelona, Gaza i Tel-Aviv. Aquests acords pretenien assolir una pau justa, duradora i integral en aquests territoris del Pr\u00f2xim Orient<\/strong>.&nbsp; La incapacitat per posar fi a l&#8217;ocupaci\u00f3 israeliana del territori palest\u00ed i aconseguir un autogovern palest\u00ed real ha impulsat la viol\u00e8ncia, la inestabilitat i les violacions generalitzades del dret internacional humanitari i del dret internacional dels drets humans.<\/p>\n\n\n\n<p class=\"has-text-align-justify\"><strong>La Sindicatura considera que, despr\u00e9s de vint-i-quatre anys, \u00e9s evident que aquests acords no han funcionat<\/strong>. El mateix <a href=\"https:\/\/ajuntament.barcelona.cat\/relacionsinternacionalsicooperacio\/ca\/tel-aviv-jaffo\" target=\"_blank\" rel=\"noreferrer noopener\" class=\"ek-link\">Ajuntament admet a la seva p\u00e0gina web que <em>el foment de la col\u00b7laboraci\u00f3 entre les societats de totes tres ciutats, per raons derivades del conflicte, mai s\u2019ha pogut dur a terme<\/em><\/a>. \u00c9s evident que el context en qu\u00e8 va fer-se l\u2019agermanament ha variat de forma not\u00f2ria respecte de la situaci\u00f3 actual i dels darrers anys.<\/p>\n\n\n\n<p class=\"has-text-align-justify\"><strong>Les circumst\u00e0ncies vigents han canviat radicalment en comparaci\u00f3 amb les obligacions assumides en aquell moment, fet pel qual la Sindicatura defensa que qualsevol de les parts podria invocar la caducitat de l\u2019acord.<\/strong><\/p>\n\n\n\n<p class=\"has-text-align-justify\">La Sindicatura creu que <strong>s\u2019ha de buscar l\u2019equilibri entre el principi general de vinculaci\u00f3 i la possibilitat excepcional d\u2019admetre la reversibilitat d\u2019un acord sota determinades condicions<\/strong>, com les que est\u00e0 denunciant aquesta instituci\u00f3.<\/p>\n\n\n\n<p><strong><span style=\"text-decoration: underline;\" class=\"ek-underline\"><span class=\"uppercase\">L\u2019<em>apartheid<\/em> contra el poble palest\u00ed<\/span><\/span><\/strong><\/p>\n\n\n\n<p class=\"has-text-align-justify\">Moltes de les mesures que pateix di\u00e0riament el poble palest\u00ed (a Israel, Cisjord\u00e0nia i Gaza), a m\u00e9s de tenir conseq\u00fc\u00e8ncies en l\u2019economia, la salut, l\u2019educaci\u00f3, l\u2019habitatge i el nivell de vida de la societat, <strong>configuren un crim: el d\u2019<em>apartheid<\/em><\/strong>. Aquest crim de lesa humanitat se suma a l\u2019ocupaci\u00f3 i al colonialisme que pateix des de fa d\u00e8cades la poblaci\u00f3 palestina.<\/p>\n\n\n\n<p class=\"has-text-align-justify\"><strong>El manteniment de vincles amb autoritats municipals o estatals israelianes que legitimen la prolongaci\u00f3 de l&#8217;ocupaci\u00f3 i el colonialisme a Palestina comporta una complicitat<\/strong> en la configuraci\u00f3 d&#8217;un crim d&#8217;<em>apartheid<\/em>.<\/p>\n\n\n\n<p class=\"has-text-align-justify\">En aquesta l\u00ednia, <a href=\"https:\/\/www.es.amnesty.org\/en-que-estamos\/noticias\/noticia\/articulo\/el-apartheid-israeli-contra-la-poblacion-palestina-cruel-sistema-de-dominacion-y-crimen-de-lesa-humanidad\/\" target=\"_blank\" rel=\"noreferrer noopener\">el darrer informe d\u2019Amnistia Internacional sobre l\u2019<em>apartheid <\/em>contra el poble palest\u00ed<\/a> <strong>recomana als actors no estatals, entre altres<\/strong>: garantir que els drets humans s\u00f3n el centre d\u2019actuaci\u00f3 en tots els acords bilaterals i multilaterals amb les autoritats israelianes, fet que inclou exercir la dilig\u00e8ncia deguda per a assegurar-se que no contribueixen a mantenir el sistema d\u2019<em>apartheid<\/em>.<\/p>\n\n\n\n<p class=\"has-text-align-justify\">Conseq\u00fcentment<strong>, la Sindicatura creu que els diversos nivells governamentals (municipal, auton\u00f2mic, estatal i internacional) s\u2019han de situar clarament contra l\u2019apartheid i denunciar l\u2019exist\u00e8ncia d\u2019un sistema que discrimina la poblaci\u00f3 i la separa per \u00e8tnies<\/strong>, creant persones de primera i segona categoria.<\/p>\n\n\n\n<p><strong><span style=\"text-decoration: underline;\" class=\"ek-underline\"><span class=\"uppercase\">Posicionaments municipals i auton\u00f2mics<\/span><\/span><\/strong><\/p>\n\n\n\n<p class=\"has-text-align-justify\">L\u2019origen de l\u2019actuaci\u00f3 de la Sindicatura de Greuges de&nbsp; Barcelona \u00e9s una queixa ciutadana en defensa d\u2019un <strong>assumpte d\u2019inter\u00e8s p\u00fablic<\/strong>: garantir el respecte i l\u2019efectivitat del dret internacional dels drets humans i del dret internacional humanitari, i que s\u2019apliquin les conseq\u00fc\u00e8ncies que se\u2019n derivin en cas d\u2019incompliments. Assumpte d\u2019inter\u00e8s p\u00fablic que tamb\u00e9 ha estat tractat per l\u2019Ajuntament de Barcelona i pel Parlament de Catalunya.<\/p>\n\n\n\n<p class=\"has-text-align-justify\"><a href=\"https:\/\/w123.bcn.cat\/APPS\/egaseta\/cercaAvancada.do?reqCode=downloadFile&amp;publicacionsId=14399\" target=\"_blank\" rel=\"noreferrer noopener\" class=\"ek-link\">L\u2019any 2017 la Comissi\u00f3 de Presid\u00e8ncia, Drets de Ciutadania, Participaci\u00f3, i Seguretat i Prevenci\u00f3 de l\u2019Ajuntament de Barcelona<\/a> es va comprometre a evitar que l\u2019Ajuntament de Barcelona tingu\u00e9s qualsevol mena de complicitat amb l\u2019ocupaci\u00f3, la violaci\u00f3 dels drets humans i l\u2019espoli dels recursos palestins, i va instar l\u2019Ajuntament a qu\u00e8 desmantelli l\u2019acord triangular Barcelona, Gaza i Tel-Aviv. <\/p>\n\n\n\n<p class=\"has-text-align-justify\">El Parlament de Catalunya, mitjan\u00e7ant la <a href=\"https:\/\/www.parlament.cat\/web\/activitat-parlamentaria\/siap\/index.html?STRUTSANCHOR1=detallExpedient.do&amp;criteri=250-00559\/13&amp;ad=1\" target=\"_blank\" rel=\"noreferrer noopener\" class=\"ek-link\">resoluci\u00f3 399\/XIV de 16 de juny de 2022<\/a>, va recon\u00e8ixer p\u00fablicament que el sistema que aplica Israel als Territoris ocupats \u00e9s contrari al dret internacional i que, d\u2019acord amb l\u2019article 7.2.<em>h<\/em> de l\u2019Estatut de Roma de la Cort Penal Internacional, es pot considerar un crim d\u2019<em>apartheid<\/em>.<\/p>\n\n\n\n<p>Consulta la resoluci\u00f3 de la Sindicatura de Greuges de Barcelona en <a href=\"https:\/\/www.sindicaturabarcelona.cat\/wp-content\/uploads\/2023\/02\/Resolucion-Sindicatura-de-Greuges-de-Barcelona_CAST.pdf\" target=\"_blank\" aria-label=\"castell\u00e0  (opens in a new tab)\" rel=\"noreferrer noopener\" class=\"ek-link\">castell\u00e0 <\/a>i en <a href=\"https:\/\/www.sindicaturabarcelona.cat\/wp-content\/uploads\/2023\/02\/Resolution-of-the-Barcelona-Ombudsman_ENG.pdf\" target=\"_blank\" aria-label=\"angl\u00e8s (opens in a new tab)\" rel=\"noreferrer noopener\" class=\"ek-link\">angl\u00e8s<\/a>. <\/p>\n","protected":false},"excerpt":{"rendered":"<p>La defensoria tamb\u00e9 proposa revisar la resta d\u2019Acords d\u2019Agermanament i dels Memorandum of Understanding (MOU) subscrits per l\u2019Ajuntament, amb el prop\u00f2sit d\u2019identificar altres casos en qu\u00e8 les ciutats contraparts no [&hellip;]<\/p>\n","protected":false},"author":3,"featured_media":18845,"comment_status":"closed","ping_status":"open","sticky":false,"template":"","format":"standard","meta":{"_acf_changed":false,"footnotes":""},"tags":[],"drets":[],"class_list":["post-15570","post","type-post","status-publish","format-standard","has-post-thumbnail","hentry"],"acf":[],"yoast_head":"<!-- This site is optimized with the Yoast SEO plugin v27.5 - https:\/\/yoast.com\/product\/yoast-seo-wordpress\/ -->\n<title>La Sindicatura insta l&#039;Ajuntament de Barcelona a revocar l&#039;acord d&#039;amistat i cooperaci\u00f3 entre Barcelona, Gaza i Tel-Aviv - Sindicatura de Greuges de Barcelona<\/title>\n<meta name=\"description\" content=\"La Sindicatura de Greuges de Barcelona ha analitzat l\u2019acord d\u2019amistat i cooperaci\u00f3 entre Barcelona, Gaza i Tel-Aviv, i ha concl\u00f2s que...\" \/>\n<meta name=\"robots\" content=\"index, follow, max-snippet:-1, max-image-preview:large, max-video-preview:-1\" \/>\n<link rel=\"canonical\" href=\"https:\/\/www.sindicaturabarcelona.cat\/ca\/la-sindicatura-insta-lajuntament-de-barcelona-a-revocar-lacord-damistat-i-cooperacio-entre-barcelona-gaza-i-tel-aviv\/\" \/>\n<meta property=\"og:locale\" content=\"ca_ES\" \/>\n<meta property=\"og:type\" content=\"article\" \/>\n<meta property=\"og:title\" content=\"La Sindicatura insta l&#039;Ajuntament de Barcelona a revocar l&#039;acord d&#039;amistat i cooperaci\u00f3 entre Barcelona, Gaza i Tel-Aviv - Sindicatura de Greuges de Barcelona\" \/>\n<meta property=\"og:description\" content=\"La Sindicatura de Greuges de Barcelona ha analitzat l\u2019acord d\u2019amistat i cooperaci\u00f3 entre Barcelona, Gaza i Tel-Aviv, i ha concl\u00f2s que...\" \/>\n<meta property=\"og:url\" content=\"https:\/\/www.sindicaturabarcelona.cat\/ca\/la-sindicatura-insta-lajuntament-de-barcelona-a-revocar-lacord-damistat-i-cooperacio-entre-barcelona-gaza-i-tel-aviv\/\" \/>\n<meta property=\"og:site_name\" content=\"Sindicatura de Greuges de Barcelona\" \/>\n<meta property=\"article:published_time\" content=\"2022-12-13T15:26:44+00:00\" \/>\n<meta property=\"article:modified_time\" content=\"2023-03-21T11:38:12+00:00\" \/>\n<meta property=\"og:image\" content=\"https:\/\/www.sindicaturabarcelona.cat\/wp-content\/uploads\/IMG_20221213_152644-scaled-1.jpg\" \/>\n\t<meta property=\"og:image:width\" content=\"2560\" \/>\n\t<meta property=\"og:image:height\" content=\"1915\" \/>\n\t<meta property=\"og:image:type\" content=\"image\/jpeg\" \/>\n<meta name=\"author\" content=\"pimpampum\" \/>\n<meta name=\"twitter:card\" content=\"summary_large_image\" \/>\n<meta name=\"twitter:creator\" content=\"@sindicbarcelona\" \/>\n<meta name=\"twitter:site\" content=\"@sindicbarcelona\" \/>\n<meta name=\"twitter:label1\" content=\"Escrit per\" \/>\n\t<meta name=\"twitter:data1\" content=\"pimpampum\" \/>\n\t<meta name=\"twitter:label2\" content=\"Temps estimat de lectura\" \/>\n\t<meta name=\"twitter:data2\" content=\"6 minuts\" \/>\n<script type=\"application\/ld+json\" class=\"yoast-schema-graph\">{\"@context\":\"https:\\\/\\\/schema.org\",\"@graph\":[{\"@type\":\"Article\",\"@id\":\"https:\\\/\\\/www.sindicaturabarcelona.cat\\\/ca\\\/la-sindicatura-insta-lajuntament-de-barcelona-a-revocar-lacord-damistat-i-cooperacio-entre-barcelona-gaza-i-tel-aviv\\\/#article\",\"isPartOf\":{\"@id\":\"https:\\\/\\\/www.sindicaturabarcelona.cat\\\/ca\\\/la-sindicatura-insta-lajuntament-de-barcelona-a-revocar-lacord-damistat-i-cooperacio-entre-barcelona-gaza-i-tel-aviv\\\/\"},\"author\":{\"name\":\"pimpampum\",\"@id\":\"https:\\\/\\\/www.sindicaturabarcelona.cat\\\/ca\\\/#\\\/schema\\\/person\\\/c59ed89663074658008f0ca9a8865afd\"},\"headline\":\"La Sindicatura insta l&#8217;Ajuntament de Barcelona a revocar l&#8217;acord d&#8217;amistat i cooperaci\u00f3 entre Barcelona, Gaza i Tel-Aviv\",\"datePublished\":\"2022-12-13T15:26:44+00:00\",\"dateModified\":\"2023-03-21T11:38:12+00:00\",\"mainEntityOfPage\":{\"@id\":\"https:\\\/\\\/www.sindicaturabarcelona.cat\\\/ca\\\/la-sindicatura-insta-lajuntament-de-barcelona-a-revocar-lacord-damistat-i-cooperacio-entre-barcelona-gaza-i-tel-aviv\\\/\"},\"wordCount\":1115,\"publisher\":{\"@id\":\"https:\\\/\\\/www.sindicaturabarcelona.cat\\\/ca\\\/#organization\"},\"image\":{\"@id\":\"https:\\\/\\\/www.sindicaturabarcelona.cat\\\/ca\\\/la-sindicatura-insta-lajuntament-de-barcelona-a-revocar-lacord-damistat-i-cooperacio-entre-barcelona-gaza-i-tel-aviv\\\/#primaryimage\"},\"thumbnailUrl\":\"https:\\\/\\\/www.sindicaturabarcelona.cat\\\/wp-content\\\/uploads\\\/IMG_20221213_152644-scaled-1.jpg\",\"articleSection\":[\"Institucional\"],\"inLanguage\":\"ca\"},{\"@type\":\"WebPage\",\"@id\":\"https:\\\/\\\/www.sindicaturabarcelona.cat\\\/ca\\\/la-sindicatura-insta-lajuntament-de-barcelona-a-revocar-lacord-damistat-i-cooperacio-entre-barcelona-gaza-i-tel-aviv\\\/\",\"url\":\"https:\\\/\\\/www.sindicaturabarcelona.cat\\\/ca\\\/la-sindicatura-insta-lajuntament-de-barcelona-a-revocar-lacord-damistat-i-cooperacio-entre-barcelona-gaza-i-tel-aviv\\\/\",\"name\":\"La Sindicatura insta l'Ajuntament de Barcelona a revocar l'acord d'amistat i cooperaci\u00f3 entre Barcelona, Gaza i Tel-Aviv - Sindicatura de Greuges de Barcelona\",\"isPartOf\":{\"@id\":\"https:\\\/\\\/www.sindicaturabarcelona.cat\\\/ca\\\/#website\"},\"primaryImageOfPage\":{\"@id\":\"https:\\\/\\\/www.sindicaturabarcelona.cat\\\/ca\\\/la-sindicatura-insta-lajuntament-de-barcelona-a-revocar-lacord-damistat-i-cooperacio-entre-barcelona-gaza-i-tel-aviv\\\/#primaryimage\"},\"image\":{\"@id\":\"https:\\\/\\\/www.sindicaturabarcelona.cat\\\/ca\\\/la-sindicatura-insta-lajuntament-de-barcelona-a-revocar-lacord-damistat-i-cooperacio-entre-barcelona-gaza-i-tel-aviv\\\/#primaryimage\"},\"thumbnailUrl\":\"https:\\\/\\\/www.sindicaturabarcelona.cat\\\/wp-content\\\/uploads\\\/IMG_20221213_152644-scaled-1.jpg\",\"datePublished\":\"2022-12-13T15:26:44+00:00\",\"dateModified\":\"2023-03-21T11:38:12+00:00\",\"description\":\"La Sindicatura de Greuges de Barcelona ha analitzat l\u2019acord d\u2019amistat i cooperaci\u00f3 entre Barcelona, Gaza i Tel-Aviv, i ha concl\u00f2s que...\",\"breadcrumb\":{\"@id\":\"https:\\\/\\\/www.sindicaturabarcelona.cat\\\/ca\\\/la-sindicatura-insta-lajuntament-de-barcelona-a-revocar-lacord-damistat-i-cooperacio-entre-barcelona-gaza-i-tel-aviv\\\/#breadcrumb\"},\"inLanguage\":\"ca\",\"potentialAction\":[{\"@type\":\"ReadAction\",\"target\":[\"https:\\\/\\\/www.sindicaturabarcelona.cat\\\/ca\\\/la-sindicatura-insta-lajuntament-de-barcelona-a-revocar-lacord-damistat-i-cooperacio-entre-barcelona-gaza-i-tel-aviv\\\/\"]}]},{\"@type\":\"ImageObject\",\"inLanguage\":\"ca\",\"@id\":\"https:\\\/\\\/www.sindicaturabarcelona.cat\\\/ca\\\/la-sindicatura-insta-lajuntament-de-barcelona-a-revocar-lacord-damistat-i-cooperacio-entre-barcelona-gaza-i-tel-aviv\\\/#primaryimage\",\"url\":\"https:\\\/\\\/www.sindicaturabarcelona.cat\\\/wp-content\\\/uploads\\\/IMG_20221213_152644-scaled-1.jpg\",\"contentUrl\":\"https:\\\/\\\/www.sindicaturabarcelona.cat\\\/wp-content\\\/uploads\\\/IMG_20221213_152644-scaled-1.jpg\",\"width\":2560,\"height\":1915},{\"@type\":\"BreadcrumbList\",\"@id\":\"https:\\\/\\\/www.sindicaturabarcelona.cat\\\/ca\\\/la-sindicatura-insta-lajuntament-de-barcelona-a-revocar-lacord-damistat-i-cooperacio-entre-barcelona-gaza-i-tel-aviv\\\/#breadcrumb\",\"itemListElement\":[{\"@type\":\"ListItem\",\"position\":1,\"name\":\"Inici\",\"item\":\"https:\\\/\\\/www.sindicaturabarcelona.cat\\\/ca\\\/\"},{\"@type\":\"ListItem\",\"position\":2,\"name\":\"La Sindicatura insta l&#8217;Ajuntament de Barcelona a revocar l&#8217;acord d&#8217;amistat i cooperaci\u00f3 entre Barcelona, Gaza i Tel-Aviv\"}]},{\"@type\":\"WebSite\",\"@id\":\"https:\\\/\\\/www.sindicaturabarcelona.cat\\\/ca\\\/#website\",\"url\":\"https:\\\/\\\/www.sindicaturabarcelona.cat\\\/ca\\\/\",\"name\":\"Sindicatura de Greuges de Barcelona\",\"description\":\"La defensoria dels teus drets\",\"publisher\":{\"@id\":\"https:\\\/\\\/www.sindicaturabarcelona.cat\\\/ca\\\/#organization\"},\"potentialAction\":[{\"@type\":\"SearchAction\",\"target\":{\"@type\":\"EntryPoint\",\"urlTemplate\":\"https:\\\/\\\/www.sindicaturabarcelona.cat\\\/ca\\\/?s={search_term_string}\"},\"query-input\":{\"@type\":\"PropertyValueSpecification\",\"valueRequired\":true,\"valueName\":\"search_term_string\"}}],\"inLanguage\":\"ca\"},{\"@type\":\"Organization\",\"@id\":\"https:\\\/\\\/www.sindicaturabarcelona.cat\\\/ca\\\/#organization\",\"name\":\"Sindicatura de Greuges de Barcelona\",\"url\":\"https:\\\/\\\/www.sindicaturabarcelona.cat\\\/ca\\\/\",\"logo\":{\"@type\":\"ImageObject\",\"inLanguage\":\"ca\",\"@id\":\"https:\\\/\\\/www.sindicaturabarcelona.cat\\\/ca\\\/#\\\/schema\\\/logo\\\/image\\\/\",\"url\":\"https:\\\/\\\/www.sindicaturabarcelona.cat\\\/wp-content\\\/uploads\\\/2023\\\/02\\\/logo_sindicatura.svg\",\"contentUrl\":\"https:\\\/\\\/www.sindicaturabarcelona.cat\\\/wp-content\\\/uploads\\\/2023\\\/02\\\/logo_sindicatura.svg\",\"caption\":\"Sindicatura de Greuges de Barcelona\"},\"image\":{\"@id\":\"https:\\\/\\\/www.sindicaturabarcelona.cat\\\/ca\\\/#\\\/schema\\\/logo\\\/image\\\/\"},\"sameAs\":[\"https:\\\/\\\/x.com\\\/sindicbarcelona\",\"https:\\\/\\\/www.instagram.com\\\/sindicbarcelona\\\/\",\"https:\\\/\\\/www.tiktok.com\\\/@sindicaturabcn\",\"https:\\\/\\\/t.me\\\/sindicaturabarcelona\"]},{\"@type\":\"Person\",\"@id\":\"https:\\\/\\\/www.sindicaturabarcelona.cat\\\/ca\\\/#\\\/schema\\\/person\\\/c59ed89663074658008f0ca9a8865afd\",\"name\":\"pimpampum\",\"image\":{\"@type\":\"ImageObject\",\"inLanguage\":\"ca\",\"@id\":\"https:\\\/\\\/secure.gravatar.com\\\/avatar\\\/0d03f560c3fabe6b313e752c4968ec2013544e170b12d7d70838d2667cf54815?s=96&d=mm&r=g\",\"url\":\"https:\\\/\\\/secure.gravatar.com\\\/avatar\\\/0d03f560c3fabe6b313e752c4968ec2013544e170b12d7d70838d2667cf54815?s=96&d=mm&r=g\",\"contentUrl\":\"https:\\\/\\\/secure.gravatar.com\\\/avatar\\\/0d03f560c3fabe6b313e752c4968ec2013544e170b12d7d70838d2667cf54815?s=96&d=mm&r=g\",\"caption\":\"pimpampum\"},\"url\":\"https:\\\/\\\/www.sindicaturabarcelona.cat\\\/ca\\\/author\\\/pimpampum\\\/\"}]}<\/script>\n<!-- \/ Yoast SEO plugin. -->","yoast_head_json":{"title":"La Sindicatura insta l'Ajuntament de Barcelona a revocar l'acord d'amistat i cooperaci\u00f3 entre Barcelona, Gaza i Tel-Aviv - Sindicatura de Greuges de Barcelona","description":"La Sindicatura de Greuges de Barcelona ha analitzat l\u2019acord d\u2019amistat i cooperaci\u00f3 entre Barcelona, Gaza i Tel-Aviv, i ha concl\u00f2s que...","robots":{"index":"index","follow":"follow","max-snippet":"max-snippet:-1","max-image-preview":"max-image-preview:large","max-video-preview":"max-video-preview:-1"},"canonical":"https:\/\/www.sindicaturabarcelona.cat\/ca\/la-sindicatura-insta-lajuntament-de-barcelona-a-revocar-lacord-damistat-i-cooperacio-entre-barcelona-gaza-i-tel-aviv\/","og_locale":"ca_ES","og_type":"article","og_title":"La Sindicatura insta l'Ajuntament de Barcelona a revocar l'acord d'amistat i cooperaci\u00f3 entre Barcelona, Gaza i Tel-Aviv - Sindicatura de Greuges de Barcelona","og_description":"La Sindicatura de Greuges de Barcelona ha analitzat l\u2019acord d\u2019amistat i cooperaci\u00f3 entre Barcelona, Gaza i Tel-Aviv, i ha concl\u00f2s que...","og_url":"https:\/\/www.sindicaturabarcelona.cat\/ca\/la-sindicatura-insta-lajuntament-de-barcelona-a-revocar-lacord-damistat-i-cooperacio-entre-barcelona-gaza-i-tel-aviv\/","og_site_name":"Sindicatura de Greuges de Barcelona","article_published_time":"2022-12-13T15:26:44+00:00","article_modified_time":"2023-03-21T11:38:12+00:00","og_image":[{"width":2560,"height":1915,"url":"https:\/\/www.sindicaturabarcelona.cat\/wp-content\/uploads\/IMG_20221213_152644-scaled-1.jpg","type":"image\/jpeg"}],"author":"pimpampum","twitter_card":"summary_large_image","twitter_creator":"@sindicbarcelona","twitter_site":"@sindicbarcelona","twitter_misc":{"Escrit per":"pimpampum","Temps estimat de lectura":"6 minuts"},"schema":{"@context":"https:\/\/schema.org","@graph":[{"@type":"Article","@id":"https:\/\/www.sindicaturabarcelona.cat\/ca\/la-sindicatura-insta-lajuntament-de-barcelona-a-revocar-lacord-damistat-i-cooperacio-entre-barcelona-gaza-i-tel-aviv\/#article","isPartOf":{"@id":"https:\/\/www.sindicaturabarcelona.cat\/ca\/la-sindicatura-insta-lajuntament-de-barcelona-a-revocar-lacord-damistat-i-cooperacio-entre-barcelona-gaza-i-tel-aviv\/"},"author":{"name":"pimpampum","@id":"https:\/\/www.sindicaturabarcelona.cat\/ca\/#\/schema\/person\/c59ed89663074658008f0ca9a8865afd"},"headline":"La Sindicatura insta l&#8217;Ajuntament de Barcelona a revocar l&#8217;acord d&#8217;amistat i cooperaci\u00f3 entre Barcelona, Gaza i Tel-Aviv","datePublished":"2022-12-13T15:26:44+00:00","dateModified":"2023-03-21T11:38:12+00:00","mainEntityOfPage":{"@id":"https:\/\/www.sindicaturabarcelona.cat\/ca\/la-sindicatura-insta-lajuntament-de-barcelona-a-revocar-lacord-damistat-i-cooperacio-entre-barcelona-gaza-i-tel-aviv\/"},"wordCount":1115,"publisher":{"@id":"https:\/\/www.sindicaturabarcelona.cat\/ca\/#organization"},"image":{"@id":"https:\/\/www.sindicaturabarcelona.cat\/ca\/la-sindicatura-insta-lajuntament-de-barcelona-a-revocar-lacord-damistat-i-cooperacio-entre-barcelona-gaza-i-tel-aviv\/#primaryimage"},"thumbnailUrl":"https:\/\/www.sindicaturabarcelona.cat\/wp-content\/uploads\/IMG_20221213_152644-scaled-1.jpg","articleSection":["Institucional"],"inLanguage":"ca"},{"@type":"WebPage","@id":"https:\/\/www.sindicaturabarcelona.cat\/ca\/la-sindicatura-insta-lajuntament-de-barcelona-a-revocar-lacord-damistat-i-cooperacio-entre-barcelona-gaza-i-tel-aviv\/","url":"https:\/\/www.sindicaturabarcelona.cat\/ca\/la-sindicatura-insta-lajuntament-de-barcelona-a-revocar-lacord-damistat-i-cooperacio-entre-barcelona-gaza-i-tel-aviv\/","name":"La Sindicatura insta l'Ajuntament de Barcelona a revocar l'acord d'amistat i cooperaci\u00f3 entre Barcelona, Gaza i Tel-Aviv - Sindicatura de Greuges de Barcelona","isPartOf":{"@id":"https:\/\/www.sindicaturabarcelona.cat\/ca\/#website"},"primaryImageOfPage":{"@id":"https:\/\/www.sindicaturabarcelona.cat\/ca\/la-sindicatura-insta-lajuntament-de-barcelona-a-revocar-lacord-damistat-i-cooperacio-entre-barcelona-gaza-i-tel-aviv\/#primaryimage"},"image":{"@id":"https:\/\/www.sindicaturabarcelona.cat\/ca\/la-sindicatura-insta-lajuntament-de-barcelona-a-revocar-lacord-damistat-i-cooperacio-entre-barcelona-gaza-i-tel-aviv\/#primaryimage"},"thumbnailUrl":"https:\/\/www.sindicaturabarcelona.cat\/wp-content\/uploads\/IMG_20221213_152644-scaled-1.jpg","datePublished":"2022-12-13T15:26:44+00:00","dateModified":"2023-03-21T11:38:12+00:00","description":"La Sindicatura de Greuges de Barcelona ha analitzat l\u2019acord d\u2019amistat i cooperaci\u00f3 entre Barcelona, Gaza i Tel-Aviv, i ha concl\u00f2s que...","breadcrumb":{"@id":"https:\/\/www.sindicaturabarcelona.cat\/ca\/la-sindicatura-insta-lajuntament-de-barcelona-a-revocar-lacord-damistat-i-cooperacio-entre-barcelona-gaza-i-tel-aviv\/#breadcrumb"},"inLanguage":"ca","potentialAction":[{"@type":"ReadAction","target":["https:\/\/www.sindicaturabarcelona.cat\/ca\/la-sindicatura-insta-lajuntament-de-barcelona-a-revocar-lacord-damistat-i-cooperacio-entre-barcelona-gaza-i-tel-aviv\/"]}]},{"@type":"ImageObject","inLanguage":"ca","@id":"https:\/\/www.sindicaturabarcelona.cat\/ca\/la-sindicatura-insta-lajuntament-de-barcelona-a-revocar-lacord-damistat-i-cooperacio-entre-barcelona-gaza-i-tel-aviv\/#primaryimage","url":"https:\/\/www.sindicaturabarcelona.cat\/wp-content\/uploads\/IMG_20221213_152644-scaled-1.jpg","contentUrl":"https:\/\/www.sindicaturabarcelona.cat\/wp-content\/uploads\/IMG_20221213_152644-scaled-1.jpg","width":2560,"height":1915},{"@type":"BreadcrumbList","@id":"https:\/\/www.sindicaturabarcelona.cat\/ca\/la-sindicatura-insta-lajuntament-de-barcelona-a-revocar-lacord-damistat-i-cooperacio-entre-barcelona-gaza-i-tel-aviv\/#breadcrumb","itemListElement":[{"@type":"ListItem","position":1,"name":"Inici","item":"https:\/\/www.sindicaturabarcelona.cat\/ca\/"},{"@type":"ListItem","position":2,"name":"La Sindicatura insta l&#8217;Ajuntament de Barcelona a revocar l&#8217;acord d&#8217;amistat i cooperaci\u00f3 entre Barcelona, Gaza i Tel-Aviv"}]},{"@type":"WebSite","@id":"https:\/\/www.sindicaturabarcelona.cat\/ca\/#website","url":"https:\/\/www.sindicaturabarcelona.cat\/ca\/","name":"Sindicatura de Greuges de Barcelona","description":"La defensoria dels teus drets","publisher":{"@id":"https:\/\/www.sindicaturabarcelona.cat\/ca\/#organization"},"potentialAction":[{"@type":"SearchAction","target":{"@type":"EntryPoint","urlTemplate":"https:\/\/www.sindicaturabarcelona.cat\/ca\/?s={search_term_string}"},"query-input":{"@type":"PropertyValueSpecification","valueRequired":true,"valueName":"search_term_string"}}],"inLanguage":"ca"},{"@type":"Organization","@id":"https:\/\/www.sindicaturabarcelona.cat\/ca\/#organization","name":"Sindicatura de Greuges de Barcelona","url":"https:\/\/www.sindicaturabarcelona.cat\/ca\/","logo":{"@type":"ImageObject","inLanguage":"ca","@id":"https:\/\/www.sindicaturabarcelona.cat\/ca\/#\/schema\/logo\/image\/","url":"https:\/\/www.sindicaturabarcelona.cat\/wp-content\/uploads\/2023\/02\/logo_sindicatura.svg","contentUrl":"https:\/\/www.sindicaturabarcelona.cat\/wp-content\/uploads\/2023\/02\/logo_sindicatura.svg","caption":"Sindicatura de Greuges de Barcelona"},"image":{"@id":"https:\/\/www.sindicaturabarcelona.cat\/ca\/#\/schema\/logo\/image\/"},"sameAs":["https:\/\/x.com\/sindicbarcelona","https:\/\/www.instagram.com\/sindicbarcelona\/","https:\/\/www.tiktok.com\/@sindicaturabcn","https:\/\/t.me\/sindicaturabarcelona"]},{"@type":"Person","@id":"https:\/\/www.sindicaturabarcelona.cat\/ca\/#\/schema\/person\/c59ed89663074658008f0ca9a8865afd","name":"pimpampum","image":{"@type":"ImageObject","inLanguage":"ca","@id":"https:\/\/secure.gravatar.com\/avatar\/0d03f560c3fabe6b313e752c4968ec2013544e170b12d7d70838d2667cf54815?s=96&d=mm&r=g","url":"https:\/\/secure.gravatar.com\/avatar\/0d03f560c3fabe6b313e752c4968ec2013544e170b12d7d70838d2667cf54815?s=96&d=mm&r=g","contentUrl":"https:\/\/secure.gravatar.com\/avatar\/0d03f560c3fabe6b313e752c4968ec2013544e170b12d7d70838d2667cf54815?s=96&d=mm&r=g","caption":"pimpampum"},"url":"https:\/\/www.sindicaturabarcelona.cat\/ca\/author\/pimpampum\/"}]}},"_links":{"self":[{"href":"https:\/\/www.sindicaturabarcelona.cat\/ca\/wp-json\/wp\/v2\/posts\/15570","targetHints":{"allow":["GET"]}}],"collection":[{"href":"https:\/\/www.sindicaturabarcelona.cat\/ca\/wp-json\/wp\/v2\/posts"}],"about":[{"href":"https:\/\/www.sindicaturabarcelona.cat\/ca\/wp-json\/wp\/v2\/types\/post"}],"author":[{"embeddable":true,"href":"https:\/\/www.sindicaturabarcelona.cat\/ca\/wp-json\/wp\/v2\/users\/3"}],"replies":[{"embeddable":true,"href":"https:\/\/www.sindicaturabarcelona.cat\/ca\/wp-json\/wp\/v2\/comments?post=15570"}],"version-history":[{"count":0,"href":"https:\/\/www.sindicaturabarcelona.cat\/ca\/wp-json\/wp\/v2\/posts\/15570\/revisions"}],"wp:featuredmedia":[{"embeddable":true,"href":"https:\/\/www.sindicaturabarcelona.cat\/ca\/wp-json\/wp\/v2\/media\/18845"}],"wp:attachment":[{"href":"https:\/\/www.sindicaturabarcelona.cat\/ca\/wp-json\/wp\/v2\/media?parent=15570"}],"wp:term":[{"taxonomy":"post_tag","embeddable":true,"href":"https:\/\/www.sindicaturabarcelona.cat\/ca\/wp-json\/wp\/v2\/tags?post=15570"},{"taxonomy":"drets","embeddable":true,"href":"https:\/\/www.sindicaturabarcelona.cat\/ca\/wp-json\/wp\/v2\/drets?post=15570"}],"curies":[{"name":"wp","href":"https:\/\/api.w.org\/{rel}","templated":true}]}}