{"id":15516,"date":"2022-11-25T09:00:00","date_gmt":"2022-11-25T07:00:00","guid":{"rendered":"https:\/\/www.sindicaturabarcelona.cat\/?p=15516"},"modified":"2023-05-11T11:52:35","modified_gmt":"2023-05-11T09:52:35","slug":"la-sindicatura-esta-preocupada-per-la-manca-de-monitoratge-de-suport-en-les-activitats-per-a-infants-amb-diversitat-funcional","status":"publish","type":"post","link":"https:\/\/www.sindicaturabarcelona.cat\/ca\/la-sindicatura-esta-preocupada-per-la-manca-de-monitoratge-de-suport-en-les-activitats-per-a-infants-amb-diversitat-funcional\/","title":{"rendered":"La Sindicatura est\u00e0 preocupada per la manca de monitoratge de suport en les activitats per a infants amb diversitat funcional"},"content":{"rendered":"\n<p class=\"has-text-align-justify\">Arran d\u2019una queixa ciutadana, la Sindicatura de Greuges <a href=\"https:\/\/www.sindicaturabarcelona.cat\/wp-content\/uploads\/2022\/11\/11_Dret-accessibilitat-i-inclusivitat-2.pdf\" target=\"_blank\" rel=\"noreferrer noopener\">ha analitzat la manca de monitoratge de suport en les activitats per a infants amb diversitat funcional, i ha traslladat a l\u2019Institut Barcelona Esports (IBE) una s\u00e8rie de recomanacions perqu\u00e8 no es vulnerin els drets d\u2019aquestes persones.<\/a><\/p>\n\n\n\n<p><strong>Sense monitoratge de suport a l\u2019activitat de piscina<\/strong><\/p>\n\n\n\n<p class=\"has-text-align-justify\">Una <strong>fam\u00edlia barcelonina va presentar una queixa a la Sindicatura de Greuges per exposar la seva disconformitat per la no assignaci\u00f3 de monitoratge de suport per a la seva filla en l\u2019activitat de piscina<\/strong> d\u2019un Centre Esportiu Municipal (CEM) de la ciutat.<\/p>\n\n\n\n<p class=\"has-text-align-justify\">La nena de nou anys t\u00e9 reconeguda una discapacitat del 41% per un trastorn gen\u00e8tic rar que li genera problemes de desenvolupament, de llenguatge i cognitius. Per aquest motiu, \u00e9s necessari un suport per dur a terme les activitats en les mateixes condicions que altres infants de la seva edat.<\/p>\n\n\n\n<p class=\"has-text-align-justify\">Disposa de <strong>dictamen que reconeix que t\u00e9 necessitats educatives especials (NEE)<\/strong>, per les quals en l\u2019entorn escolar necessita vetlladora i educaci\u00f3 especial. <strong>Tamb\u00e9 t\u00e9 reconegut el dret a monitoratge de suport en activitats<\/strong> de piscina o els casals d\u2019estiu de l\u2019Ajuntament de Barcelona.<\/p>\n\n\n\n<p class=\"has-text-align-justify\">Hi ha const\u00e0ncia que aquest <strong>no \u00e9s un cas a\u00efllat<\/strong>. S\u2019han fet p\u00fabliques altres situacions d\u2019infants que no poden anar a la piscina en horari escolar o no poden fer l\u2019activitat extraescolar per manca de monitors.<\/p>\n\n\n\n<p><strong><span style=\"text-decoration: underline;\" class=\"ek-underline\">La Sindicatura es dirigeix a l\u2019Ajuntament<\/span><\/strong><\/p>\n\n\n\n<p class=\"has-text-align-justify\">L\u2019IBE ha traslladat que <strong>actualment tenen 265 peticions de monitoratge de suport en activitats esportives per a<\/strong><strong> <\/strong><strong>infants, de les quals el 13% est\u00e0 en llista d\u2019espera<\/strong> per iniciar el suport (229 sol\u00b7licituds s\u2019han cobert).<\/p>\n\n\n\n<p class=\"has-text-align-justify\"><strong>Pel que fa a la tem\u00e0tica concreta de la queixa rebuda, <\/strong>l\u2019IBE ha manifestat que es troba amb una doble problem\u00e0tica: l\u2019entitat organitzadora de l\u2019activitat no disposa de personal per garantir la inclusi\u00f3 de l\u2019infant, i les entitats espec\u00edfiques no compten amb el personal adequat durant el dia, l\u2019hora i l\u2019espai de l\u2019activitat esportiva. L\u2019IBE ha assegurat que, en el moment en qu\u00e8 es trobi el personal adient, l\u2019infant podr\u00e0 comen\u00e7ar l\u2019activitat, per\u00f2 no hi ha previsi\u00f3 de quan es podr\u00e0 resoldre la situaci\u00f3.<\/p>\n\n\n\n<p class=\"has-text-align-justify\">Tanmateix, la Sindicatura ha insistit en la <strong>necessitat de cercar alternatives durant la manca de monitoratge de suport. <\/strong>Atenent el nombre de persones i fam\u00edlies afectades (un 13% del total de sol\u00b7licitants), i mentre es busquen maneres de preveure i evitar situacions com l\u2019actual, <strong>\u00e9s necessari abordar la situaci\u00f3 com a urg\u00e8ncia i facilitar una soluci\u00f3 provisional, a l\u2019efecte de no vulnerar els drets dels infants afectats. <\/strong>Cal explorar les alternatives que puguin ser viables per oferir una soluci\u00f3; si cal, conjuntament amb les fam\u00edlies i l\u2019Institut Municipal de Persones amb Discapacitat.<\/p>\n\n\n\n<p><strong><span style=\"text-decoration: underline;\" class=\"ek-underline\">Cam\u00ed per rec\u00f3rrer en la garantia de la pr\u00e0ctica esportiva inclusiva<\/span><\/strong><\/p>\n\n\n\n<p class=\"has-text-align-justify\">La <strong>Llei 13\/2014 d\u2019accessibilitat<\/strong> defineix el <strong>suport personal<\/strong> com a persona preparada per facilitar o garantir l\u2019\u00fas de productes i serveis, la comunicaci\u00f3 o la mobilitat a les persones amb discapacitat, com ara l\u2019int\u00e8rpret de la llengua de signes, el guia int\u00e8rpret o l\u2019assistent personal.<\/p>\n\n\n\n<p class=\"has-text-align-justify\">Sobre aquest punt, la Sindicatura vol posar \u00e8mfasi en el fet que el programa <em>Barcelona Esport Inclou<\/em> fa anys que est\u00e0 engegat. Per tant, <strong>s\u2019ent\u00e9n que haurien d\u2019existir els mecanismes necessaris per garantir la disponibilitat de persones preparades per donar suport en les activitats esportives<\/strong> (formaci\u00f3 directa o indirecta de personal, contractes amb entitats gestores dels CEM, subvencions a entitats organitzadores o espec\u00edfiques, etc.).<\/p>\n\n\n\n<p class=\"has-text-align-justify\">Per aquest motiu, <strong>\u00e9s necessari impulsar les mesures per ampliar el nombre de persones amb la formaci\u00f3 adient<\/strong> <strong>en monitoratge de suport per a infants amb diversitat funcional.<\/strong><\/p>\n\n\n\n<p><strong><span style=\"text-decoration: underline;\" class=\"ek-underline\">Cal millorar la informaci\u00f3 d\u2019aquest tipus de serveis municipals<\/span><\/strong><\/p>\n\n\n\n<p class=\"has-text-align-justify\">La Llei d\u2019accessibilitat tamb\u00e9 estableix que les administracions p\u00fabliques i els prove\u00efdors de serveis p\u00fablics han d\u2019informar en els seus webs sobre les condicions d\u2019accessibilitat dels serveis que ofereixen i dels mitjans de suport disponibles.<\/p>\n\n\n\n<p class=\"has-text-align-justify\">Despr\u00e9s d\u2019analitzar quina \u00e9s la informaci\u00f3 municipal que el consistori aporta a la ciutadania i quina comunicaci\u00f3 s\u2019ha dut a terme amb la fam\u00edlia promotora de la queixa, la Sindicatura ha concl\u00f2s que no s\u2019est\u00e0 complint amb la Llei 13\/2014 d\u2019accessibilitat.<em><\/em><\/p>\n\n\n\n<p class=\"has-text-align-justify\">La Sindicatura considera que la informaci\u00f3 web del CEM objecte de queixa no es correspon amb el que preveu la llei, ja que nom\u00e9s inclou la definici\u00f3 del servei i la manera de sol\u00b7licitar-lo, i no fa refer\u00e8ncia a les condicions d\u2019acc\u00e9s o a la disponibilitat. <strong>Cal explicitar el funcionament del circuit i les possibilitats d\u2019obtenir una resposta i accedir al monitor en un per\u00edode de temps concret. <\/strong><em><\/em><\/p>\n\n\n\n<p class=\"has-text-align-justify\">Pel que fa al cas concret, la fam\u00edlia va exposar que no disposava d\u2019informaci\u00f3 directa per part de <a href=\"https:\/\/ajuntament.barcelona.cat\/esports\/ca\/home\" target=\"_blank\" aria-label=\"l\u2019Institut Barcelona Esports (opens in a new tab)\" rel=\"noreferrer noopener\" class=\"ek-link\">l\u2019Institut Barcelona Esports<\/a> i que el responsable del CEM no els facilitava informaci\u00f3 precisa. La investigaci\u00f3 de la Sindicatura constata aquest fet, al qual cal afegir que la fam\u00edlia est\u00e0 rebent la informaci\u00f3 de manera verbal, una pr\u00e0ctica que en pot condicionar el contingut. \u00c9s necessari que les fam\u00edlies afectades puguin efectuar directament la sol\u00b7licitud (amb els suports necessaris quan calgui) i, especialment, aconseguir resposta escrita, amb tota la informaci\u00f3 adient. En aquesta l\u00ednia, <strong>la defensoria recomana a l\u2019IBE que revisi aquest circuit i que permeti a les persones o fam\u00edlies rebre una informaci\u00f3 directa i clara de la situaci\u00f3.<\/strong><\/p>\n","protected":false},"excerpt":{"rendered":"<p>Arran d\u2019una queixa ciutadana, la Sindicatura de Greuges ha analitzat la manca de monitoratge de suport en les activitats per a infants amb diversitat funcional, i ha traslladat a l\u2019Institut [&hellip;]<\/p>\n","protected":false},"author":2,"featured_media":15517,"comment_status":"closed","ping_status":"open","sticky":false,"template":"","format":"standard","meta":{"_acf_changed":false,"footnotes":""},"tags":[],"drets":[1428,1433,1438,1445],"class_list":["post-15516","post","type-post","status-publish","format-standard","has-post-thumbnail","hentry","drets-ciutat-equitativa","drets-dret-a-lesport","drets-ciutat-habitable-i-sostenible","drets-dret-a-laccessibilitat-i-la-inclusivitat"],"acf":[],"yoast_head":"<!-- This site is optimized with the Yoast SEO plugin v27.5 - https:\/\/yoast.com\/product\/yoast-seo-wordpress\/ -->\n<title>La Sindicatura est\u00e0 preocupada per la manca de monitoratge de suport en les activitats per a infants amb diversitat funcional - Sindicatura de Greuges de Barcelona<\/title>\n<meta name=\"description\" content=\"Una fam\u00edlia barcelonina va presentar una queixa a la Sindicatura de Greuges per exposar la seva disconformitat per la no assignaci\u00f3 de mon..\" \/>\n<meta name=\"robots\" content=\"index, follow, max-snippet:-1, max-image-preview:large, max-video-preview:-1\" \/>\n<link rel=\"canonical\" href=\"https:\/\/www.sindicaturabarcelona.cat\/ca\/la-sindicatura-esta-preocupada-per-la-manca-de-monitoratge-de-suport-en-les-activitats-per-a-infants-amb-diversitat-funcional\/\" \/>\n<meta property=\"og:locale\" content=\"ca_ES\" \/>\n<meta property=\"og:type\" content=\"article\" \/>\n<meta property=\"og:title\" content=\"La Sindicatura est\u00e0 preocupada per la manca de monitoratge de suport en les activitats per a infants amb diversitat funcional - Sindicatura de Greuges de Barcelona\" \/>\n<meta property=\"og:description\" content=\"Una fam\u00edlia barcelonina va presentar una queixa a la Sindicatura de Greuges per exposar la seva disconformitat per la no assignaci\u00f3 de mon..\" \/>\n<meta property=\"og:url\" content=\"https:\/\/www.sindicaturabarcelona.cat\/ca\/la-sindicatura-esta-preocupada-per-la-manca-de-monitoratge-de-suport-en-les-activitats-per-a-infants-amb-diversitat-funcional\/\" \/>\n<meta property=\"og:site_name\" content=\"Sindicatura de Greuges de Barcelona\" \/>\n<meta property=\"article:published_time\" content=\"2022-11-25T07:00:00+00:00\" \/>\n<meta property=\"article:modified_time\" content=\"2023-05-11T09:52:35+00:00\" \/>\n<meta property=\"og:image\" content=\"https:\/\/www.sindicaturabarcelona.cat\/wp-content\/uploads\/2022\/11\/Piscina.jpg\" \/>\n\t<meta property=\"og:image:width\" content=\"900\" \/>\n\t<meta property=\"og:image:height\" content=\"601\" \/>\n\t<meta property=\"og:image:type\" content=\"image\/jpeg\" \/>\n<meta name=\"author\" content=\"Pablo\" \/>\n<meta name=\"twitter:card\" content=\"summary_large_image\" \/>\n<meta name=\"twitter:creator\" content=\"@sindicbarcelona\" \/>\n<meta name=\"twitter:site\" content=\"@sindicbarcelona\" \/>\n<meta name=\"twitter:label1\" content=\"Escrit per\" \/>\n\t<meta name=\"twitter:data1\" content=\"Pablo\" \/>\n\t<meta name=\"twitter:label2\" content=\"Temps estimat de lectura\" \/>\n\t<meta name=\"twitter:data2\" content=\"5 minuts\" \/>\n<script type=\"application\/ld+json\" class=\"yoast-schema-graph\">{\"@context\":\"https:\\\/\\\/schema.org\",\"@graph\":[{\"@type\":\"Article\",\"@id\":\"https:\\\/\\\/www.sindicaturabarcelona.cat\\\/ca\\\/la-sindicatura-esta-preocupada-per-la-manca-de-monitoratge-de-suport-en-les-activitats-per-a-infants-amb-diversitat-funcional\\\/#article\",\"isPartOf\":{\"@id\":\"https:\\\/\\\/www.sindicaturabarcelona.cat\\\/ca\\\/la-sindicatura-esta-preocupada-per-la-manca-de-monitoratge-de-suport-en-les-activitats-per-a-infants-amb-diversitat-funcional\\\/\"},\"author\":{\"name\":\"Pablo\",\"@id\":\"https:\\\/\\\/www.sindicaturabarcelona.cat\\\/ca\\\/#\\\/schema\\\/person\\\/0e5acffc350ffdbc97578159322c9452\"},\"headline\":\"La Sindicatura est\u00e0 preocupada per la manca de monitoratge de suport en les activitats per a infants amb diversitat funcional\",\"datePublished\":\"2022-11-25T07:00:00+00:00\",\"dateModified\":\"2023-05-11T09:52:35+00:00\",\"mainEntityOfPage\":{\"@id\":\"https:\\\/\\\/www.sindicaturabarcelona.cat\\\/ca\\\/la-sindicatura-esta-preocupada-per-la-manca-de-monitoratge-de-suport-en-les-activitats-per-a-infants-amb-diversitat-funcional\\\/\"},\"wordCount\":960,\"publisher\":{\"@id\":\"https:\\\/\\\/www.sindicaturabarcelona.cat\\\/ca\\\/#organization\"},\"image\":{\"@id\":\"https:\\\/\\\/www.sindicaturabarcelona.cat\\\/ca\\\/la-sindicatura-esta-preocupada-per-la-manca-de-monitoratge-de-suport-en-les-activitats-per-a-infants-amb-diversitat-funcional\\\/#primaryimage\"},\"thumbnailUrl\":\"https:\\\/\\\/www.sindicaturabarcelona.cat\\\/wp-content\\\/uploads\\\/2022\\\/11\\\/Piscina.jpg\",\"articleSection\":[\"Uncategorized @ca\"],\"inLanguage\":\"ca\"},{\"@type\":\"WebPage\",\"@id\":\"https:\\\/\\\/www.sindicaturabarcelona.cat\\\/ca\\\/la-sindicatura-esta-preocupada-per-la-manca-de-monitoratge-de-suport-en-les-activitats-per-a-infants-amb-diversitat-funcional\\\/\",\"url\":\"https:\\\/\\\/www.sindicaturabarcelona.cat\\\/ca\\\/la-sindicatura-esta-preocupada-per-la-manca-de-monitoratge-de-suport-en-les-activitats-per-a-infants-amb-diversitat-funcional\\\/\",\"name\":\"La Sindicatura est\u00e0 preocupada per la manca de monitoratge de suport en les activitats per a infants amb diversitat funcional - Sindicatura de Greuges de Barcelona\",\"isPartOf\":{\"@id\":\"https:\\\/\\\/www.sindicaturabarcelona.cat\\\/ca\\\/#website\"},\"primaryImageOfPage\":{\"@id\":\"https:\\\/\\\/www.sindicaturabarcelona.cat\\\/ca\\\/la-sindicatura-esta-preocupada-per-la-manca-de-monitoratge-de-suport-en-les-activitats-per-a-infants-amb-diversitat-funcional\\\/#primaryimage\"},\"image\":{\"@id\":\"https:\\\/\\\/www.sindicaturabarcelona.cat\\\/ca\\\/la-sindicatura-esta-preocupada-per-la-manca-de-monitoratge-de-suport-en-les-activitats-per-a-infants-amb-diversitat-funcional\\\/#primaryimage\"},\"thumbnailUrl\":\"https:\\\/\\\/www.sindicaturabarcelona.cat\\\/wp-content\\\/uploads\\\/2022\\\/11\\\/Piscina.jpg\",\"datePublished\":\"2022-11-25T07:00:00+00:00\",\"dateModified\":\"2023-05-11T09:52:35+00:00\",\"description\":\"Una fam\u00edlia barcelonina va presentar una queixa a la Sindicatura de Greuges per exposar la seva disconformitat per la no assignaci\u00f3 de mon..\",\"breadcrumb\":{\"@id\":\"https:\\\/\\\/www.sindicaturabarcelona.cat\\\/ca\\\/la-sindicatura-esta-preocupada-per-la-manca-de-monitoratge-de-suport-en-les-activitats-per-a-infants-amb-diversitat-funcional\\\/#breadcrumb\"},\"inLanguage\":\"ca\",\"potentialAction\":[{\"@type\":\"ReadAction\",\"target\":[\"https:\\\/\\\/www.sindicaturabarcelona.cat\\\/ca\\\/la-sindicatura-esta-preocupada-per-la-manca-de-monitoratge-de-suport-en-les-activitats-per-a-infants-amb-diversitat-funcional\\\/\"]}]},{\"@type\":\"ImageObject\",\"inLanguage\":\"ca\",\"@id\":\"https:\\\/\\\/www.sindicaturabarcelona.cat\\\/ca\\\/la-sindicatura-esta-preocupada-per-la-manca-de-monitoratge-de-suport-en-les-activitats-per-a-infants-amb-diversitat-funcional\\\/#primaryimage\",\"url\":\"https:\\\/\\\/www.sindicaturabarcelona.cat\\\/wp-content\\\/uploads\\\/2022\\\/11\\\/Piscina.jpg\",\"contentUrl\":\"https:\\\/\\\/www.sindicaturabarcelona.cat\\\/wp-content\\\/uploads\\\/2022\\\/11\\\/Piscina.jpg\",\"width\":900,\"height\":601,\"caption\":\"Infants amb diversitat funcional\"},{\"@type\":\"BreadcrumbList\",\"@id\":\"https:\\\/\\\/www.sindicaturabarcelona.cat\\\/ca\\\/la-sindicatura-esta-preocupada-per-la-manca-de-monitoratge-de-suport-en-les-activitats-per-a-infants-amb-diversitat-funcional\\\/#breadcrumb\",\"itemListElement\":[{\"@type\":\"ListItem\",\"position\":1,\"name\":\"Inici\",\"item\":\"https:\\\/\\\/www.sindicaturabarcelona.cat\\\/ca\\\/\"},{\"@type\":\"ListItem\",\"position\":2,\"name\":\"La Sindicatura est\u00e0 preocupada per la manca de monitoratge de suport en les activitats per a infants amb diversitat funcional\"}]},{\"@type\":\"WebSite\",\"@id\":\"https:\\\/\\\/www.sindicaturabarcelona.cat\\\/ca\\\/#website\",\"url\":\"https:\\\/\\\/www.sindicaturabarcelona.cat\\\/ca\\\/\",\"name\":\"Sindicatura de Greuges de Barcelona\",\"description\":\"La defensoria dels teus drets\",\"publisher\":{\"@id\":\"https:\\\/\\\/www.sindicaturabarcelona.cat\\\/ca\\\/#organization\"},\"potentialAction\":[{\"@type\":\"SearchAction\",\"target\":{\"@type\":\"EntryPoint\",\"urlTemplate\":\"https:\\\/\\\/www.sindicaturabarcelona.cat\\\/ca\\\/?s={search_term_string}\"},\"query-input\":{\"@type\":\"PropertyValueSpecification\",\"valueRequired\":true,\"valueName\":\"search_term_string\"}}],\"inLanguage\":\"ca\"},{\"@type\":\"Organization\",\"@id\":\"https:\\\/\\\/www.sindicaturabarcelona.cat\\\/ca\\\/#organization\",\"name\":\"Sindicatura de Greuges de Barcelona\",\"url\":\"https:\\\/\\\/www.sindicaturabarcelona.cat\\\/ca\\\/\",\"logo\":{\"@type\":\"ImageObject\",\"inLanguage\":\"ca\",\"@id\":\"https:\\\/\\\/www.sindicaturabarcelona.cat\\\/ca\\\/#\\\/schema\\\/logo\\\/image\\\/\",\"url\":\"https:\\\/\\\/www.sindicaturabarcelona.cat\\\/wp-content\\\/uploads\\\/2023\\\/02\\\/logo_sindicatura.svg\",\"contentUrl\":\"https:\\\/\\\/www.sindicaturabarcelona.cat\\\/wp-content\\\/uploads\\\/2023\\\/02\\\/logo_sindicatura.svg\",\"caption\":\"Sindicatura de Greuges de Barcelona\"},\"image\":{\"@id\":\"https:\\\/\\\/www.sindicaturabarcelona.cat\\\/ca\\\/#\\\/schema\\\/logo\\\/image\\\/\"},\"sameAs\":[\"https:\\\/\\\/x.com\\\/sindicbarcelona\",\"https:\\\/\\\/www.instagram.com\\\/sindicbarcelona\\\/\",\"https:\\\/\\\/www.tiktok.com\\\/@sindicaturabcn\",\"https:\\\/\\\/t.me\\\/sindicaturabarcelona\"]},{\"@type\":\"Person\",\"@id\":\"https:\\\/\\\/www.sindicaturabarcelona.cat\\\/ca\\\/#\\\/schema\\\/person\\\/0e5acffc350ffdbc97578159322c9452\",\"name\":\"Pablo\",\"image\":{\"@type\":\"ImageObject\",\"inLanguage\":\"ca\",\"@id\":\"https:\\\/\\\/secure.gravatar.com\\\/avatar\\\/c948169b402ef9492afde705c3dfd5e90e1a6a84ef6840a91124f805a25a480f?s=96&d=mm&r=g\",\"url\":\"https:\\\/\\\/secure.gravatar.com\\\/avatar\\\/c948169b402ef9492afde705c3dfd5e90e1a6a84ef6840a91124f805a25a480f?s=96&d=mm&r=g\",\"contentUrl\":\"https:\\\/\\\/secure.gravatar.com\\\/avatar\\\/c948169b402ef9492afde705c3dfd5e90e1a6a84ef6840a91124f805a25a480f?s=96&d=mm&r=g\",\"caption\":\"Pablo\"},\"url\":\"https:\\\/\\\/www.sindicaturabarcelona.cat\\\/ca\\\/author\\\/pablo\\\/\"}]}<\/script>\n<!-- \/ Yoast SEO plugin. -->","yoast_head_json":{"title":"La Sindicatura est\u00e0 preocupada per la manca de monitoratge de suport en les activitats per a infants amb diversitat funcional - Sindicatura de Greuges de Barcelona","description":"Una fam\u00edlia barcelonina va presentar una queixa a la Sindicatura de Greuges per exposar la seva disconformitat per la no assignaci\u00f3 de mon..","robots":{"index":"index","follow":"follow","max-snippet":"max-snippet:-1","max-image-preview":"max-image-preview:large","max-video-preview":"max-video-preview:-1"},"canonical":"https:\/\/www.sindicaturabarcelona.cat\/ca\/la-sindicatura-esta-preocupada-per-la-manca-de-monitoratge-de-suport-en-les-activitats-per-a-infants-amb-diversitat-funcional\/","og_locale":"ca_ES","og_type":"article","og_title":"La Sindicatura est\u00e0 preocupada per la manca de monitoratge de suport en les activitats per a infants amb diversitat funcional - Sindicatura de Greuges de Barcelona","og_description":"Una fam\u00edlia barcelonina va presentar una queixa a la Sindicatura de Greuges per exposar la seva disconformitat per la no assignaci\u00f3 de mon..","og_url":"https:\/\/www.sindicaturabarcelona.cat\/ca\/la-sindicatura-esta-preocupada-per-la-manca-de-monitoratge-de-suport-en-les-activitats-per-a-infants-amb-diversitat-funcional\/","og_site_name":"Sindicatura de Greuges de Barcelona","article_published_time":"2022-11-25T07:00:00+00:00","article_modified_time":"2023-05-11T09:52:35+00:00","og_image":[{"width":900,"height":601,"url":"https:\/\/www.sindicaturabarcelona.cat\/wp-content\/uploads\/2022\/11\/Piscina.jpg","type":"image\/jpeg"}],"author":"Pablo","twitter_card":"summary_large_image","twitter_creator":"@sindicbarcelona","twitter_site":"@sindicbarcelona","twitter_misc":{"Escrit per":"Pablo","Temps estimat de lectura":"5 minuts"},"schema":{"@context":"https:\/\/schema.org","@graph":[{"@type":"Article","@id":"https:\/\/www.sindicaturabarcelona.cat\/ca\/la-sindicatura-esta-preocupada-per-la-manca-de-monitoratge-de-suport-en-les-activitats-per-a-infants-amb-diversitat-funcional\/#article","isPartOf":{"@id":"https:\/\/www.sindicaturabarcelona.cat\/ca\/la-sindicatura-esta-preocupada-per-la-manca-de-monitoratge-de-suport-en-les-activitats-per-a-infants-amb-diversitat-funcional\/"},"author":{"name":"Pablo","@id":"https:\/\/www.sindicaturabarcelona.cat\/ca\/#\/schema\/person\/0e5acffc350ffdbc97578159322c9452"},"headline":"La Sindicatura est\u00e0 preocupada per la manca de monitoratge de suport en les activitats per a infants amb diversitat funcional","datePublished":"2022-11-25T07:00:00+00:00","dateModified":"2023-05-11T09:52:35+00:00","mainEntityOfPage":{"@id":"https:\/\/www.sindicaturabarcelona.cat\/ca\/la-sindicatura-esta-preocupada-per-la-manca-de-monitoratge-de-suport-en-les-activitats-per-a-infants-amb-diversitat-funcional\/"},"wordCount":960,"publisher":{"@id":"https:\/\/www.sindicaturabarcelona.cat\/ca\/#organization"},"image":{"@id":"https:\/\/www.sindicaturabarcelona.cat\/ca\/la-sindicatura-esta-preocupada-per-la-manca-de-monitoratge-de-suport-en-les-activitats-per-a-infants-amb-diversitat-funcional\/#primaryimage"},"thumbnailUrl":"https:\/\/www.sindicaturabarcelona.cat\/wp-content\/uploads\/2022\/11\/Piscina.jpg","articleSection":["Uncategorized @ca"],"inLanguage":"ca"},{"@type":"WebPage","@id":"https:\/\/www.sindicaturabarcelona.cat\/ca\/la-sindicatura-esta-preocupada-per-la-manca-de-monitoratge-de-suport-en-les-activitats-per-a-infants-amb-diversitat-funcional\/","url":"https:\/\/www.sindicaturabarcelona.cat\/ca\/la-sindicatura-esta-preocupada-per-la-manca-de-monitoratge-de-suport-en-les-activitats-per-a-infants-amb-diversitat-funcional\/","name":"La Sindicatura est\u00e0 preocupada per la manca de monitoratge de suport en les activitats per a infants amb diversitat funcional - Sindicatura de Greuges de Barcelona","isPartOf":{"@id":"https:\/\/www.sindicaturabarcelona.cat\/ca\/#website"},"primaryImageOfPage":{"@id":"https:\/\/www.sindicaturabarcelona.cat\/ca\/la-sindicatura-esta-preocupada-per-la-manca-de-monitoratge-de-suport-en-les-activitats-per-a-infants-amb-diversitat-funcional\/#primaryimage"},"image":{"@id":"https:\/\/www.sindicaturabarcelona.cat\/ca\/la-sindicatura-esta-preocupada-per-la-manca-de-monitoratge-de-suport-en-les-activitats-per-a-infants-amb-diversitat-funcional\/#primaryimage"},"thumbnailUrl":"https:\/\/www.sindicaturabarcelona.cat\/wp-content\/uploads\/2022\/11\/Piscina.jpg","datePublished":"2022-11-25T07:00:00+00:00","dateModified":"2023-05-11T09:52:35+00:00","description":"Una fam\u00edlia barcelonina va presentar una queixa a la Sindicatura de Greuges per exposar la seva disconformitat per la no assignaci\u00f3 de mon..","breadcrumb":{"@id":"https:\/\/www.sindicaturabarcelona.cat\/ca\/la-sindicatura-esta-preocupada-per-la-manca-de-monitoratge-de-suport-en-les-activitats-per-a-infants-amb-diversitat-funcional\/#breadcrumb"},"inLanguage":"ca","potentialAction":[{"@type":"ReadAction","target":["https:\/\/www.sindicaturabarcelona.cat\/ca\/la-sindicatura-esta-preocupada-per-la-manca-de-monitoratge-de-suport-en-les-activitats-per-a-infants-amb-diversitat-funcional\/"]}]},{"@type":"ImageObject","inLanguage":"ca","@id":"https:\/\/www.sindicaturabarcelona.cat\/ca\/la-sindicatura-esta-preocupada-per-la-manca-de-monitoratge-de-suport-en-les-activitats-per-a-infants-amb-diversitat-funcional\/#primaryimage","url":"https:\/\/www.sindicaturabarcelona.cat\/wp-content\/uploads\/2022\/11\/Piscina.jpg","contentUrl":"https:\/\/www.sindicaturabarcelona.cat\/wp-content\/uploads\/2022\/11\/Piscina.jpg","width":900,"height":601,"caption":"Infants amb diversitat funcional"},{"@type":"BreadcrumbList","@id":"https:\/\/www.sindicaturabarcelona.cat\/ca\/la-sindicatura-esta-preocupada-per-la-manca-de-monitoratge-de-suport-en-les-activitats-per-a-infants-amb-diversitat-funcional\/#breadcrumb","itemListElement":[{"@type":"ListItem","position":1,"name":"Inici","item":"https:\/\/www.sindicaturabarcelona.cat\/ca\/"},{"@type":"ListItem","position":2,"name":"La Sindicatura est\u00e0 preocupada per la manca de monitoratge de suport en les activitats per a infants amb diversitat funcional"}]},{"@type":"WebSite","@id":"https:\/\/www.sindicaturabarcelona.cat\/ca\/#website","url":"https:\/\/www.sindicaturabarcelona.cat\/ca\/","name":"Sindicatura de Greuges de Barcelona","description":"La defensoria dels teus drets","publisher":{"@id":"https:\/\/www.sindicaturabarcelona.cat\/ca\/#organization"},"potentialAction":[{"@type":"SearchAction","target":{"@type":"EntryPoint","urlTemplate":"https:\/\/www.sindicaturabarcelona.cat\/ca\/?s={search_term_string}"},"query-input":{"@type":"PropertyValueSpecification","valueRequired":true,"valueName":"search_term_string"}}],"inLanguage":"ca"},{"@type":"Organization","@id":"https:\/\/www.sindicaturabarcelona.cat\/ca\/#organization","name":"Sindicatura de Greuges de Barcelona","url":"https:\/\/www.sindicaturabarcelona.cat\/ca\/","logo":{"@type":"ImageObject","inLanguage":"ca","@id":"https:\/\/www.sindicaturabarcelona.cat\/ca\/#\/schema\/logo\/image\/","url":"https:\/\/www.sindicaturabarcelona.cat\/wp-content\/uploads\/2023\/02\/logo_sindicatura.svg","contentUrl":"https:\/\/www.sindicaturabarcelona.cat\/wp-content\/uploads\/2023\/02\/logo_sindicatura.svg","caption":"Sindicatura de Greuges de Barcelona"},"image":{"@id":"https:\/\/www.sindicaturabarcelona.cat\/ca\/#\/schema\/logo\/image\/"},"sameAs":["https:\/\/x.com\/sindicbarcelona","https:\/\/www.instagram.com\/sindicbarcelona\/","https:\/\/www.tiktok.com\/@sindicaturabcn","https:\/\/t.me\/sindicaturabarcelona"]},{"@type":"Person","@id":"https:\/\/www.sindicaturabarcelona.cat\/ca\/#\/schema\/person\/0e5acffc350ffdbc97578159322c9452","name":"Pablo","image":{"@type":"ImageObject","inLanguage":"ca","@id":"https:\/\/secure.gravatar.com\/avatar\/c948169b402ef9492afde705c3dfd5e90e1a6a84ef6840a91124f805a25a480f?s=96&d=mm&r=g","url":"https:\/\/secure.gravatar.com\/avatar\/c948169b402ef9492afde705c3dfd5e90e1a6a84ef6840a91124f805a25a480f?s=96&d=mm&r=g","contentUrl":"https:\/\/secure.gravatar.com\/avatar\/c948169b402ef9492afde705c3dfd5e90e1a6a84ef6840a91124f805a25a480f?s=96&d=mm&r=g","caption":"Pablo"},"url":"https:\/\/www.sindicaturabarcelona.cat\/ca\/author\/pablo\/"}]}},"_links":{"self":[{"href":"https:\/\/www.sindicaturabarcelona.cat\/ca\/wp-json\/wp\/v2\/posts\/15516","targetHints":{"allow":["GET"]}}],"collection":[{"href":"https:\/\/www.sindicaturabarcelona.cat\/ca\/wp-json\/wp\/v2\/posts"}],"about":[{"href":"https:\/\/www.sindicaturabarcelona.cat\/ca\/wp-json\/wp\/v2\/types\/post"}],"author":[{"embeddable":true,"href":"https:\/\/www.sindicaturabarcelona.cat\/ca\/wp-json\/wp\/v2\/users\/2"}],"replies":[{"embeddable":true,"href":"https:\/\/www.sindicaturabarcelona.cat\/ca\/wp-json\/wp\/v2\/comments?post=15516"}],"version-history":[{"count":0,"href":"https:\/\/www.sindicaturabarcelona.cat\/ca\/wp-json\/wp\/v2\/posts\/15516\/revisions"}],"wp:featuredmedia":[{"embeddable":true,"href":"https:\/\/www.sindicaturabarcelona.cat\/ca\/wp-json\/wp\/v2\/media\/15517"}],"wp:attachment":[{"href":"https:\/\/www.sindicaturabarcelona.cat\/ca\/wp-json\/wp\/v2\/media?parent=15516"}],"wp:term":[{"taxonomy":"post_tag","embeddable":true,"href":"https:\/\/www.sindicaturabarcelona.cat\/ca\/wp-json\/wp\/v2\/tags?post=15516"},{"taxonomy":"drets","embeddable":true,"href":"https:\/\/www.sindicaturabarcelona.cat\/ca\/wp-json\/wp\/v2\/drets?post=15516"}],"curies":[{"name":"wp","href":"https:\/\/api.w.org\/{rel}","templated":true}]}}