{"id":15397,"date":"2022-11-17T16:19:37","date_gmt":"2022-11-17T14:19:37","guid":{"rendered":"https:\/\/www.sindicaturabarcelona.cat\/?p=15397"},"modified":"2023-05-11T11:54:12","modified_gmt":"2023-05-11T09:54:12","slug":"la-fiscalia-demana-dos-anys-de-preso-per-lautora-de-noticies-falses-sobre-joves-migrants-sense-referents-familiars-que-la-sindicatura-va-posar-en-el-seu-coneixement-el-juliol-de-2019","status":"publish","type":"post","link":"https:\/\/www.sindicaturabarcelona.cat\/ca\/la-fiscalia-demana-dos-anys-de-preso-per-lautora-de-noticies-falses-sobre-joves-migrants-sense-referents-familiars-que-la-sindicatura-va-posar-en-el-seu-coneixement-el-juliol-de-2019\/","title":{"rendered":"La Fiscalia demana dos anys de pres\u00f3 per l&#8217;autora de not\u00edcies falses sobre joves migrants sense referents familiars que la Sindicatura va posar en el seu coneixement el juliol de 2019"},"content":{"rendered":"\n<p class=\"has-text-align-justify\">La Fiscalia de Delictes d\u2019Odi ha fet p\u00fablica la petici\u00f3 de dos anys de pres\u00f3 per a una internauta, que ser\u00e0 jutjada l\u2019abril de 2023, per difondre a Twitter una not\u00edcia falsa amb l\u2019objectiu de difamar els joves migrants sense referents familiars.<\/p>\n\n\n\n<p class=\"has-text-align-justify\">A l&#8217;escrit d&#8217;acusaci\u00f3, la Fiscalia de Delictes d&#8217;Odi considera que la internauta va cometre un delicte contra els drets fonamentals, en concret, una lesi\u00f3 de la dignitat de les persones per motius de discriminaci\u00f3 per origen. M\u00e9s enll\u00e0 dels dos anys de pres\u00f3, tamb\u00e9 demana que se la multi amb 6.570 euros i que se la inhabiliti durant cinc anys per a l&#8217;educaci\u00f3 en l&#8217;\u00e0mbit docent, esportiu i de lleure.<\/p>\n\n\n\n<p><strong><span style=\"text-decoration: underline;\" class=\"ek-underline\">La Sindicatura \u00e9s l\u2019origen de la primera iniciativa legal contra les <em>fake news<\/em> a Espanya<\/span><\/strong><\/p>\n\n\n\n<p class=\"has-text-align-justify\">Va ser el <strong>juliol de 2019<\/strong> quan la Sindicatura de Greuges de Barcelona va rebre un v\u00eddeo que s\u2019estava difonent a xarxes socials i Whatsapp, amb un contingut que presumptament podria ser una incitaci\u00f3 a l\u2019odi contra el col\u00b7lectiu de joves migrants sense referents familiars.<\/p>\n\n\n\n<p class=\"has-text-align-justify\"><strong>La Sindicatura va traslladar aquest tema a la <a href=\"https:\/\/www.fiscal.es\/ca\/-\/fiscalia-provincial-de-barcelona\" target=\"_blank\" aria-label=\"Fiscalia de Barcelona (opens in a new tab)\" rel=\"noreferrer noopener\" class=\"ek-link\">Fiscalia de Barcelona<\/a><\/strong> perqu\u00e8 va considerar que les imatges i el text d\u2019aquesta publicaci\u00f3 podia fomentar i promocionar la discriminaci\u00f3 i l\u2019odi contra un grup. Aquest tipus d\u2019accions estan considerades delictes, segons el Codi Penal. Concretament, en el v\u00eddeo s\u2019observava una aula d\u2019escola amb menors d\u2019edat que provocaven incidents en el mobiliari i que no respectaven l\u2019autoritat de la professora. El text que acompanyava el v\u00eddeo era el seg\u00fcent: \u201cMando un v\u00eddeo de un centro educativo para los emigrantes menores de edad que entran ilegalmente en Espa\u00f1a. Ruego difusi\u00f3n para que Espa\u00f1a se entere de una vez como nos agradecen que los acojamos\u201d.<\/p>\n\n\n\n<p class=\"has-text-align-justify\"><strong>El febrer de 2020 va fer-se p\u00fablica la querella que la Fiscalia de Barcelona<\/strong> va presentar contra aquesta internauta acusada de difondre aquest v\u00eddeo amb les falses atribucions a un grup de joves migrants sense referents familiars. Despr\u00e9s de les investigacions dels Mossos d\u2019Esquadra, va demostrar-se que aquest v\u00eddeo corresponia a una aula educativa de Brasil i que l\u2019atribuci\u00f3 a aquest grup de joves migrants sense referents familiars era falsa. <a href=\"https:\/\/www.sindicaturabarcelona.cat\/src\/pdf\/nota_241582809293.pdf\" target=\"_blank\" rel=\"noreferrer noopener\" class=\"ek-link\"><strong>La Sindicatura de Greuges de Barcelona va celebrar que el trasllat d\u2019aquesta informaci\u00f3 cap a la Fiscalia de Barcelona es convert\u00eds en la primera iniciativa legal del Ministeri P\u00fablic contra les <em>fake news<\/em> a Espanya.<\/strong><\/a><\/p>\n\n\n\n<p class=\"has-text-align-justify\">Tot i que aquesta va ser la primera iniciativa legal contra les not\u00edcies falses, ja existeix un precedent molt recent de condemna per difusi\u00f3 de <em>fake news <\/em>a Espanya. La darrera setmana, el 8 de novembre de 2022, un home va ser condemnat per penjar el juliol del 2019 un v\u00eddeo d&#8217;una brutal agressi\u00f3 a una noia, amb el qual va fer creure que es tractava d&#8217;imatges d&#8217;una violaci\u00f3 que havia passat a Canet de Mar per atribuir-la a joves migrants sense referents familiars, malgrat que els fets havien passat a la Xina.<\/p>\n\n\n\n<p><strong><span style=\"text-decoration: underline;\" class=\"ek-underline\">La Sindicatura ha proposat accions a l\u2019Ajuntament per garantir els drets dels joves migrants sense referents familiars<\/span><\/strong><\/p>\n\n\n\n<p class=\"has-text-align-justify\">El maig de 2022 la Sindicatura de Greuges de Barcelona va presentar l\u2019informe&nbsp;<a href=\"https:\/\/www.sindicaturabarcelona.cat\/wp-content\/uploads\/2022\/05\/Informe-JMSRF.pdf\" target=\"_blank\" rel=\"noreferrer noopener\" class=\"ek-link\"><strong>\u2018La situaci\u00f3 de joves migrants sense referents familiars a la ciutat de Barcelona\u2019<\/strong><\/a>, amb el prop\u00f2sit d\u2019abordar la realitat d\u2019aquest col\u00b7lectiu vulnerabilitzat des de la perspectiva de la garantia de drets.<\/p>\n\n\n\n<p class=\"has-text-align-justify\">Des de l\u2019any 2015, uns 9.000 infants i joves migrants sense referents familiars han arribat a Catalunya per una amalgama de raons que expliquen la seva decisi\u00f3 d\u2019emprendre aquest viatge sense cap acompanyament familiar.&nbsp;<strong>En el sistema estatal d\u2019atenci\u00f3 a la inf\u00e0ncia i la joventut, aquestes persones s\u00f3n acollides, tutelades i ateses per les comunitats aut\u00f2nomes. Quan assoleixen la majoria d\u2019edat, finalitza la tutela administrativa i l\u2019escenari \u00e9s menys regulat i m\u00e9s diversificat.<\/strong><\/p>\n\n\n\n<p class=\"has-text-align-justify\">Es tracta d\u2019un col\u00b7lectiu que precisa un suport i un acompanyament espec\u00edfic per ajudar-los a desenvolupar el seu projecte de vida. L\u2019estudi de la Sindicatura presta una especial atenci\u00f3 en els adolescents i joves de 18 a 23 anys, que s\u2019enfronten sols i soles a una edat adulta registral, per\u00f2 no sempre real.&nbsp;<strong>L\u2019objectiu d\u2019aquest informe ha estat identificar com millorar i facilitar la transici\u00f3 a l\u2019edat adulta en condicions d\u2019igualtat i equitat, promovent el respecte als drets i llibertats garantits a qualsevol persona ciutadana de Barcelona<\/strong>.<\/p>\n\n\n\n<p><strong><span style=\"text-decoration: underline;\" class=\"ek-underline\">Les propostes de la Sindicatura<\/span><\/strong><\/p>\n\n\n\n<p class=\"has-text-align-justify\">Per tal de millorar l\u2019atenci\u00f3 que es dona als joves migrants sense referents familiars a la ciutat, <strong>la Sindicatura de Greuges de Barcelona ha elaborat un seguit de propostes,<\/strong> de les quals en destacarem algunes d\u2019elles des de diferents dimensions:<\/p>\n\n\n\n<p><span style=\"text-decoration: underline;\" class=\"ek-underline\">Dimensi\u00f3 jur\u00eddica<\/span><\/p>\n\n\n\n<ul class=\"wp-block-list\">\n<li>Donar seguiment a l\u2019<strong>aplicaci\u00f3 de la reforma del reglament d\u2019estrangeria <\/strong>per garantir que els i les joves arriben a la majoria d\u2019edat amb tota la documentaci\u00f3 requerida i per refor\u00e7ar el treball en els seus itineraris d\u2019emancipaci\u00f3.<\/li>\n<\/ul>\n\n\n\n<ul class=\"wp-block-list\">\n<li>Refor\u00e7ar els espais d\u2019atenci\u00f3 de les persones joves migrants sense referents familiars, b\u00e9 sigui en l\u2019\u00e0mbit de la <strong>detecci\u00f3<\/strong> o l\u2019<strong>acompanyament<\/strong>, o en la <strong>defensa dels seus drets<\/strong>, a trav\u00e9s d\u2019instruments com: assessorament i atenci\u00f3 especialitzada, la cl\u00ednica jur\u00eddica local, la figura de la persona referent o mentora, o el refor\u00e7 dels equips educadors de carrer.<\/li>\n<\/ul>\n\n\n\n<p><span style=\"text-decoration: underline;\" class=\"ek-underline\">Dimensi\u00f3 socioecon\u00f2mica<\/span><\/p>\n\n\n\n<ul class=\"wp-block-list\">\n<li>Refor\u00e7 de les <strong>alternatives residencials<\/strong>, at\u00e8s el decalatge entre necessitats i recursos en l\u2019\u00e0mbit de l\u2019habitatge. Per aix\u00f2, caldria explorar altres opcions, com l\u2019acolliment, que serviria no nom\u00e9s per superar la situaci\u00f3 de la manca d\u2019habitatge, sin\u00f3 que tamb\u00e9 afavoriria la creaci\u00f3 de vincles entre joves i la societat d\u2019acollida.<\/li>\n<\/ul>\n\n\n\n<ul class=\"wp-block-list\">\n<li>Refor\u00e7 de l\u2019<strong>atenci\u00f3 en salut mental<\/strong>, establint un protocol d\u2019atenci\u00f3 i acompanyament psicol\u00f2gic i d\u2019atenci\u00f3 a l\u2019estr\u00e8s posttraum\u00e0tic a trav\u00e9s del desenvolupament d\u2019un espai sociosanitari per persones en situaci\u00f3 de risc d\u2019exclusi\u00f3 social, ampliant la cobertura de programes de convalesc\u00e8ncia i psiquiatria de carrer. Aquesta actuaci\u00f3 requereix coordinaci\u00f3 interadministrativa.<\/li>\n<\/ul>\n\n\n\n<ul class=\"wp-block-list\">\n<li>Refor\u00e7ar la <strong>formaci\u00f3 i capacitaci\u00f3<\/strong> <strong>ling\u00fc\u00edstica<\/strong> dels i les joves, i garantir la continu\u00eftat de la formaci\u00f3 d\u2019aquest col\u00b7lectiu, facilitant tamb\u00e9 el seu <strong>acc\u00e9s als estudis superiors<\/strong>. Aix\u00ed mateix, vetllar perqu\u00e8 no es generin desigualtats digitals vers a aquestes persones joves.<\/li>\n<\/ul>\n\n\n\n<p><span style=\"text-decoration: underline;\" class=\"ek-underline\">Dimensi\u00f3 comunit\u00e0ria<\/span><\/p>\n\n\n\n<ul class=\"wp-block-list\">\n<li>Fomentar la participaci\u00f3 del col\u00b7lectiu sense referents familiars a trav\u00e9s de la creaci\u00f3 d\u2019espais on s\u2019enforteixin les <strong>xarxes relacionals amb la ciutadania<\/strong>, i fent programes d\u2019acompanyament i millora del seu sentiment de pertinen\u00e7a.<\/li>\n<\/ul>\n\n\n\n<ul class=\"wp-block-list\">\n<li>Implementar campanyes de <strong>sensibilitzaci\u00f3<\/strong> dirigides <strong>a la societat d\u2019acollida<\/strong> per evitar narratives i discursos negatius cap al col\u00b7lectiu.<\/li>\n<\/ul>\n\n\n\n<p><span style=\"text-decoration: underline;\" class=\"ek-underline\">Dimensi\u00f3 de governan\u00e7a<\/span><\/p>\n\n\n\n<ul class=\"wp-block-list\">\n<li>Assegurar una <strong>coordinaci\u00f3 multinivell i multisectorial<\/strong> entre les diverses administracions i \u00e0rees que tenen compet\u00e8ncies vinculades al col\u00b7lectiu.<\/li>\n<\/ul>\n\n\n\n<ul class=\"wp-block-list\">\n<li>Enfortir la <strong>formaci\u00f3 especialitzada<\/strong> i el disseny de protocols que facilitin l\u2019actuaci\u00f3 dels diferents actors dels processos d\u2019atenci\u00f3, cura i inclusi\u00f3 d\u2019aquests joves.<\/li>\n<\/ul>\n\n\n\n<ul class=\"wp-block-list\">\n<li>Millorar la <strong>recollida i tractament de dades<\/strong>, especialment quan no han estat subjectes al sistema de tutela i acollida durant la seva minoria d\u2019edat.<\/li>\n<\/ul>\n\n\n\n<ul class=\"wp-block-list\">\n<li>Incorporar la <strong>perspectiva de g\u00e8nere<\/strong> tant en el disseny com en la implementaci\u00f3 i avaluaci\u00f3 de les diferents actuacions i serveis.<\/li>\n<\/ul>\n\n\n\n<ul class=\"wp-block-list\">\n<li><strong>Enfortir<\/strong> el rol de <strong>XBcn<\/strong> per dur a terme una coordinaci\u00f3 m\u00e9s generalitzada i estructurada del treball de tots els actors involucrats, amb l\u2019objectiu d\u2019evitar el risc de duplicitats en algunes \u00e0rees, i escassetat de recursos en unes altres.<\/li>\n<\/ul>\n\n\n\n<ul class=\"wp-block-list\">\n<li>Enfortir mecanismes d\u2019<strong>avaluaci\u00f3 i seguiment<\/strong> <strong>dels diferents programes<\/strong> a fi de millorar les actuacions i serveis, identificant bones pr\u00e0ctiques i experi\u00e8ncies que es puguin compartir amb altres ciutats de l\u2019entorn.<\/li>\n<\/ul>\n\n\n\n<p class=\"has-text-align-justify\">Finalment, la Sindicatura recalca que \u00e9s precisament en la majoria d\u2019edat dels i les joves migrants sense referents familiars on l\u2019Ajuntament t\u00e9 m\u00e9s marge d\u2019actuaci\u00f3, ja que es tracta de joves residents a la ciutat. Ara b\u00e9, garantir un proc\u00e9s d\u2019emancipaci\u00f3 exit\u00f3s requereix un treball continuat des del primer moment.<\/p>\n","protected":false},"excerpt":{"rendered":"<p>La Fiscalia de Delictes d\u2019Odi ha fet p\u00fablica la petici\u00f3 de dos anys de pres\u00f3 per a una internauta, que ser\u00e0 jutjada l\u2019abril de 2023, per difondre a Twitter una [&hellip;]<\/p>\n","protected":false},"author":2,"featured_media":15398,"comment_status":"closed","ping_status":"open","sticky":false,"template":"","format":"standard","meta":{"_acf_changed":false,"footnotes":""},"tags":[],"drets":[1428,1436,1442,1458],"class_list":["post-15397","post","type-post","status-publish","format-standard","has-post-thumbnail","hentry","drets-ciutat-equitativa","drets-drets-dacolldia","drets-ciutat-diversa","drets-dret-a-la-igualtat-i-a-la-diversitat"],"acf":[],"yoast_head":"<!-- This site is optimized with the Yoast SEO plugin v27.5 - https:\/\/yoast.com\/product\/yoast-seo-wordpress\/ -->\n<title>La Fiscalia demana dos anys de pres\u00f3 per l&#039;autora de not\u00edcies falses sobre joves migrants sense referents familiars que la Sindicatura va posar en el seu coneixement el juliol de 2019 - Sindicatura de Greuges de Barcelona<\/title>\n<meta name=\"description\" content=\"Va ser el juliol de 2019 quan la Sindicatura de Greuges de Barcelona va rebre un v\u00eddeo que s\u2019estava difonent a xarxes socials i Whatsapp...\" \/>\n<meta name=\"robots\" content=\"index, follow, max-snippet:-1, max-image-preview:large, max-video-preview:-1\" \/>\n<link rel=\"canonical\" href=\"https:\/\/www.sindicaturabarcelona.cat\/ca\/la-fiscalia-demana-dos-anys-de-preso-per-lautora-de-noticies-falses-sobre-joves-migrants-sense-referents-familiars-que-la-sindicatura-va-posar-en-el-seu-coneixement-el-juliol-de-2019\/\" \/>\n<meta property=\"og:locale\" content=\"ca_ES\" \/>\n<meta property=\"og:type\" content=\"article\" \/>\n<meta property=\"og:title\" content=\"La Fiscalia demana dos anys de pres\u00f3 per l&#039;autora de not\u00edcies falses sobre joves migrants sense referents familiars que la Sindicatura va posar en el seu coneixement el juliol de 2019 - Sindicatura de Greuges de Barcelona\" \/>\n<meta property=\"og:description\" content=\"Va ser el juliol de 2019 quan la Sindicatura de Greuges de Barcelona va rebre un v\u00eddeo que s\u2019estava difonent a xarxes socials i Whatsapp...\" \/>\n<meta property=\"og:url\" content=\"https:\/\/www.sindicaturabarcelona.cat\/ca\/la-fiscalia-demana-dos-anys-de-preso-per-lautora-de-noticies-falses-sobre-joves-migrants-sense-referents-familiars-que-la-sindicatura-va-posar-en-el-seu-coneixement-el-juliol-de-2019\/\" \/>\n<meta property=\"og:site_name\" content=\"Sindicatura de Greuges de Barcelona\" \/>\n<meta property=\"article:published_time\" content=\"2022-11-17T14:19:37+00:00\" \/>\n<meta property=\"article:modified_time\" content=\"2023-05-11T09:54:12+00:00\" \/>\n<meta property=\"og:image\" content=\"https:\/\/www.sindicaturabarcelona.cat\/wp-content\/uploads\/2022\/11\/JMSRF-scaled.jpg\" \/>\n\t<meta property=\"og:image:width\" content=\"2560\" \/>\n\t<meta property=\"og:image:height\" content=\"1915\" \/>\n\t<meta property=\"og:image:type\" content=\"image\/jpeg\" \/>\n<meta name=\"author\" content=\"Pablo\" \/>\n<meta name=\"twitter:card\" content=\"summary_large_image\" \/>\n<meta name=\"twitter:creator\" content=\"@sindicbarcelona\" \/>\n<meta name=\"twitter:site\" content=\"@sindicbarcelona\" \/>\n<meta name=\"twitter:label1\" content=\"Escrit per\" \/>\n\t<meta name=\"twitter:data1\" content=\"Pablo\" \/>\n\t<meta name=\"twitter:label2\" content=\"Temps estimat de lectura\" \/>\n\t<meta name=\"twitter:data2\" content=\"7 minuts\" \/>\n<script type=\"application\/ld+json\" class=\"yoast-schema-graph\">{\"@context\":\"https:\\\/\\\/schema.org\",\"@graph\":[{\"@type\":\"Article\",\"@id\":\"https:\\\/\\\/www.sindicaturabarcelona.cat\\\/ca\\\/la-fiscalia-demana-dos-anys-de-preso-per-lautora-de-noticies-falses-sobre-joves-migrants-sense-referents-familiars-que-la-sindicatura-va-posar-en-el-seu-coneixement-el-juliol-de-2019\\\/#article\",\"isPartOf\":{\"@id\":\"https:\\\/\\\/www.sindicaturabarcelona.cat\\\/ca\\\/la-fiscalia-demana-dos-anys-de-preso-per-lautora-de-noticies-falses-sobre-joves-migrants-sense-referents-familiars-que-la-sindicatura-va-posar-en-el-seu-coneixement-el-juliol-de-2019\\\/\"},\"author\":{\"name\":\"Pablo\",\"@id\":\"https:\\\/\\\/www.sindicaturabarcelona.cat\\\/ca\\\/#\\\/schema\\\/person\\\/0e5acffc350ffdbc97578159322c9452\"},\"headline\":\"La Fiscalia demana dos anys de pres\u00f3 per l&#8217;autora de not\u00edcies falses sobre joves migrants sense referents familiars que la Sindicatura va posar en el seu coneixement el juliol de 2019\",\"datePublished\":\"2022-11-17T14:19:37+00:00\",\"dateModified\":\"2023-05-11T09:54:12+00:00\",\"mainEntityOfPage\":{\"@id\":\"https:\\\/\\\/www.sindicaturabarcelona.cat\\\/ca\\\/la-fiscalia-demana-dos-anys-de-preso-per-lautora-de-noticies-falses-sobre-joves-migrants-sense-referents-familiars-que-la-sindicatura-va-posar-en-el-seu-coneixement-el-juliol-de-2019\\\/\"},\"wordCount\":1408,\"publisher\":{\"@id\":\"https:\\\/\\\/www.sindicaturabarcelona.cat\\\/ca\\\/#organization\"},\"image\":{\"@id\":\"https:\\\/\\\/www.sindicaturabarcelona.cat\\\/ca\\\/la-fiscalia-demana-dos-anys-de-preso-per-lautora-de-noticies-falses-sobre-joves-migrants-sense-referents-familiars-que-la-sindicatura-va-posar-en-el-seu-coneixement-el-juliol-de-2019\\\/#primaryimage\"},\"thumbnailUrl\":\"https:\\\/\\\/www.sindicaturabarcelona.cat\\\/wp-content\\\/uploads\\\/2022\\\/11\\\/JMSRF-scaled.jpg\",\"articleSection\":[\"Uncategorized @ca\"],\"inLanguage\":\"ca\"},{\"@type\":\"WebPage\",\"@id\":\"https:\\\/\\\/www.sindicaturabarcelona.cat\\\/ca\\\/la-fiscalia-demana-dos-anys-de-preso-per-lautora-de-noticies-falses-sobre-joves-migrants-sense-referents-familiars-que-la-sindicatura-va-posar-en-el-seu-coneixement-el-juliol-de-2019\\\/\",\"url\":\"https:\\\/\\\/www.sindicaturabarcelona.cat\\\/ca\\\/la-fiscalia-demana-dos-anys-de-preso-per-lautora-de-noticies-falses-sobre-joves-migrants-sense-referents-familiars-que-la-sindicatura-va-posar-en-el-seu-coneixement-el-juliol-de-2019\\\/\",\"name\":\"La Fiscalia demana dos anys de pres\u00f3 per l'autora de not\u00edcies falses sobre joves migrants sense referents familiars que la Sindicatura va posar en el seu coneixement el juliol de 2019 - Sindicatura de Greuges de Barcelona\",\"isPartOf\":{\"@id\":\"https:\\\/\\\/www.sindicaturabarcelona.cat\\\/ca\\\/#website\"},\"primaryImageOfPage\":{\"@id\":\"https:\\\/\\\/www.sindicaturabarcelona.cat\\\/ca\\\/la-fiscalia-demana-dos-anys-de-preso-per-lautora-de-noticies-falses-sobre-joves-migrants-sense-referents-familiars-que-la-sindicatura-va-posar-en-el-seu-coneixement-el-juliol-de-2019\\\/#primaryimage\"},\"image\":{\"@id\":\"https:\\\/\\\/www.sindicaturabarcelona.cat\\\/ca\\\/la-fiscalia-demana-dos-anys-de-preso-per-lautora-de-noticies-falses-sobre-joves-migrants-sense-referents-familiars-que-la-sindicatura-va-posar-en-el-seu-coneixement-el-juliol-de-2019\\\/#primaryimage\"},\"thumbnailUrl\":\"https:\\\/\\\/www.sindicaturabarcelona.cat\\\/wp-content\\\/uploads\\\/2022\\\/11\\\/JMSRF-scaled.jpg\",\"datePublished\":\"2022-11-17T14:19:37+00:00\",\"dateModified\":\"2023-05-11T09:54:12+00:00\",\"description\":\"Va ser el juliol de 2019 quan la Sindicatura de Greuges de Barcelona va rebre un v\u00eddeo que s\u2019estava difonent a xarxes socials i Whatsapp...\",\"breadcrumb\":{\"@id\":\"https:\\\/\\\/www.sindicaturabarcelona.cat\\\/ca\\\/la-fiscalia-demana-dos-anys-de-preso-per-lautora-de-noticies-falses-sobre-joves-migrants-sense-referents-familiars-que-la-sindicatura-va-posar-en-el-seu-coneixement-el-juliol-de-2019\\\/#breadcrumb\"},\"inLanguage\":\"ca\",\"potentialAction\":[{\"@type\":\"ReadAction\",\"target\":[\"https:\\\/\\\/www.sindicaturabarcelona.cat\\\/ca\\\/la-fiscalia-demana-dos-anys-de-preso-per-lautora-de-noticies-falses-sobre-joves-migrants-sense-referents-familiars-que-la-sindicatura-va-posar-en-el-seu-coneixement-el-juliol-de-2019\\\/\"]}]},{\"@type\":\"ImageObject\",\"inLanguage\":\"ca\",\"@id\":\"https:\\\/\\\/www.sindicaturabarcelona.cat\\\/ca\\\/la-fiscalia-demana-dos-anys-de-preso-per-lautora-de-noticies-falses-sobre-joves-migrants-sense-referents-familiars-que-la-sindicatura-va-posar-en-el-seu-coneixement-el-juliol-de-2019\\\/#primaryimage\",\"url\":\"https:\\\/\\\/www.sindicaturabarcelona.cat\\\/wp-content\\\/uploads\\\/2022\\\/11\\\/JMSRF-scaled.jpg\",\"contentUrl\":\"https:\\\/\\\/www.sindicaturabarcelona.cat\\\/wp-content\\\/uploads\\\/2022\\\/11\\\/JMSRF-scaled.jpg\",\"width\":2560,\"height\":1915,\"caption\":\"Not\u00edcies falses JMSRF\"},{\"@type\":\"BreadcrumbList\",\"@id\":\"https:\\\/\\\/www.sindicaturabarcelona.cat\\\/ca\\\/la-fiscalia-demana-dos-anys-de-preso-per-lautora-de-noticies-falses-sobre-joves-migrants-sense-referents-familiars-que-la-sindicatura-va-posar-en-el-seu-coneixement-el-juliol-de-2019\\\/#breadcrumb\",\"itemListElement\":[{\"@type\":\"ListItem\",\"position\":1,\"name\":\"Inici\",\"item\":\"https:\\\/\\\/www.sindicaturabarcelona.cat\\\/ca\\\/\"},{\"@type\":\"ListItem\",\"position\":2,\"name\":\"La Fiscalia demana dos anys de pres\u00f3 per l&#8217;autora de not\u00edcies falses sobre joves migrants sense referents familiars que la Sindicatura va posar en el seu coneixement el juliol de 2019\"}]},{\"@type\":\"WebSite\",\"@id\":\"https:\\\/\\\/www.sindicaturabarcelona.cat\\\/ca\\\/#website\",\"url\":\"https:\\\/\\\/www.sindicaturabarcelona.cat\\\/ca\\\/\",\"name\":\"Sindicatura de Greuges de Barcelona\",\"description\":\"La defensoria dels teus drets\",\"publisher\":{\"@id\":\"https:\\\/\\\/www.sindicaturabarcelona.cat\\\/ca\\\/#organization\"},\"potentialAction\":[{\"@type\":\"SearchAction\",\"target\":{\"@type\":\"EntryPoint\",\"urlTemplate\":\"https:\\\/\\\/www.sindicaturabarcelona.cat\\\/ca\\\/?s={search_term_string}\"},\"query-input\":{\"@type\":\"PropertyValueSpecification\",\"valueRequired\":true,\"valueName\":\"search_term_string\"}}],\"inLanguage\":\"ca\"},{\"@type\":\"Organization\",\"@id\":\"https:\\\/\\\/www.sindicaturabarcelona.cat\\\/ca\\\/#organization\",\"name\":\"Sindicatura de Greuges de Barcelona\",\"url\":\"https:\\\/\\\/www.sindicaturabarcelona.cat\\\/ca\\\/\",\"logo\":{\"@type\":\"ImageObject\",\"inLanguage\":\"ca\",\"@id\":\"https:\\\/\\\/www.sindicaturabarcelona.cat\\\/ca\\\/#\\\/schema\\\/logo\\\/image\\\/\",\"url\":\"https:\\\/\\\/www.sindicaturabarcelona.cat\\\/wp-content\\\/uploads\\\/2023\\\/02\\\/logo_sindicatura.svg\",\"contentUrl\":\"https:\\\/\\\/www.sindicaturabarcelona.cat\\\/wp-content\\\/uploads\\\/2023\\\/02\\\/logo_sindicatura.svg\",\"caption\":\"Sindicatura de Greuges de Barcelona\"},\"image\":{\"@id\":\"https:\\\/\\\/www.sindicaturabarcelona.cat\\\/ca\\\/#\\\/schema\\\/logo\\\/image\\\/\"},\"sameAs\":[\"https:\\\/\\\/x.com\\\/sindicbarcelona\",\"https:\\\/\\\/www.instagram.com\\\/sindicbarcelona\\\/\",\"https:\\\/\\\/www.tiktok.com\\\/@sindicaturabcn\",\"https:\\\/\\\/t.me\\\/sindicaturabarcelona\"]},{\"@type\":\"Person\",\"@id\":\"https:\\\/\\\/www.sindicaturabarcelona.cat\\\/ca\\\/#\\\/schema\\\/person\\\/0e5acffc350ffdbc97578159322c9452\",\"name\":\"Pablo\",\"image\":{\"@type\":\"ImageObject\",\"inLanguage\":\"ca\",\"@id\":\"https:\\\/\\\/secure.gravatar.com\\\/avatar\\\/c948169b402ef9492afde705c3dfd5e90e1a6a84ef6840a91124f805a25a480f?s=96&d=mm&r=g\",\"url\":\"https:\\\/\\\/secure.gravatar.com\\\/avatar\\\/c948169b402ef9492afde705c3dfd5e90e1a6a84ef6840a91124f805a25a480f?s=96&d=mm&r=g\",\"contentUrl\":\"https:\\\/\\\/secure.gravatar.com\\\/avatar\\\/c948169b402ef9492afde705c3dfd5e90e1a6a84ef6840a91124f805a25a480f?s=96&d=mm&r=g\",\"caption\":\"Pablo\"},\"url\":\"https:\\\/\\\/www.sindicaturabarcelona.cat\\\/ca\\\/author\\\/pablo\\\/\"}]}<\/script>\n<!-- \/ Yoast SEO plugin. -->","yoast_head_json":{"title":"La Fiscalia demana dos anys de pres\u00f3 per l'autora de not\u00edcies falses sobre joves migrants sense referents familiars que la Sindicatura va posar en el seu coneixement el juliol de 2019 - Sindicatura de Greuges de Barcelona","description":"Va ser el juliol de 2019 quan la Sindicatura de Greuges de Barcelona va rebre un v\u00eddeo que s\u2019estava difonent a xarxes socials i Whatsapp...","robots":{"index":"index","follow":"follow","max-snippet":"max-snippet:-1","max-image-preview":"max-image-preview:large","max-video-preview":"max-video-preview:-1"},"canonical":"https:\/\/www.sindicaturabarcelona.cat\/ca\/la-fiscalia-demana-dos-anys-de-preso-per-lautora-de-noticies-falses-sobre-joves-migrants-sense-referents-familiars-que-la-sindicatura-va-posar-en-el-seu-coneixement-el-juliol-de-2019\/","og_locale":"ca_ES","og_type":"article","og_title":"La Fiscalia demana dos anys de pres\u00f3 per l'autora de not\u00edcies falses sobre joves migrants sense referents familiars que la Sindicatura va posar en el seu coneixement el juliol de 2019 - Sindicatura de Greuges de Barcelona","og_description":"Va ser el juliol de 2019 quan la Sindicatura de Greuges de Barcelona va rebre un v\u00eddeo que s\u2019estava difonent a xarxes socials i Whatsapp...","og_url":"https:\/\/www.sindicaturabarcelona.cat\/ca\/la-fiscalia-demana-dos-anys-de-preso-per-lautora-de-noticies-falses-sobre-joves-migrants-sense-referents-familiars-que-la-sindicatura-va-posar-en-el-seu-coneixement-el-juliol-de-2019\/","og_site_name":"Sindicatura de Greuges de Barcelona","article_published_time":"2022-11-17T14:19:37+00:00","article_modified_time":"2023-05-11T09:54:12+00:00","og_image":[{"width":2560,"height":1915,"url":"https:\/\/www.sindicaturabarcelona.cat\/wp-content\/uploads\/2022\/11\/JMSRF-scaled.jpg","type":"image\/jpeg"}],"author":"Pablo","twitter_card":"summary_large_image","twitter_creator":"@sindicbarcelona","twitter_site":"@sindicbarcelona","twitter_misc":{"Escrit per":"Pablo","Temps estimat de lectura":"7 minuts"},"schema":{"@context":"https:\/\/schema.org","@graph":[{"@type":"Article","@id":"https:\/\/www.sindicaturabarcelona.cat\/ca\/la-fiscalia-demana-dos-anys-de-preso-per-lautora-de-noticies-falses-sobre-joves-migrants-sense-referents-familiars-que-la-sindicatura-va-posar-en-el-seu-coneixement-el-juliol-de-2019\/#article","isPartOf":{"@id":"https:\/\/www.sindicaturabarcelona.cat\/ca\/la-fiscalia-demana-dos-anys-de-preso-per-lautora-de-noticies-falses-sobre-joves-migrants-sense-referents-familiars-que-la-sindicatura-va-posar-en-el-seu-coneixement-el-juliol-de-2019\/"},"author":{"name":"Pablo","@id":"https:\/\/www.sindicaturabarcelona.cat\/ca\/#\/schema\/person\/0e5acffc350ffdbc97578159322c9452"},"headline":"La Fiscalia demana dos anys de pres\u00f3 per l&#8217;autora de not\u00edcies falses sobre joves migrants sense referents familiars que la Sindicatura va posar en el seu coneixement el juliol de 2019","datePublished":"2022-11-17T14:19:37+00:00","dateModified":"2023-05-11T09:54:12+00:00","mainEntityOfPage":{"@id":"https:\/\/www.sindicaturabarcelona.cat\/ca\/la-fiscalia-demana-dos-anys-de-preso-per-lautora-de-noticies-falses-sobre-joves-migrants-sense-referents-familiars-que-la-sindicatura-va-posar-en-el-seu-coneixement-el-juliol-de-2019\/"},"wordCount":1408,"publisher":{"@id":"https:\/\/www.sindicaturabarcelona.cat\/ca\/#organization"},"image":{"@id":"https:\/\/www.sindicaturabarcelona.cat\/ca\/la-fiscalia-demana-dos-anys-de-preso-per-lautora-de-noticies-falses-sobre-joves-migrants-sense-referents-familiars-que-la-sindicatura-va-posar-en-el-seu-coneixement-el-juliol-de-2019\/#primaryimage"},"thumbnailUrl":"https:\/\/www.sindicaturabarcelona.cat\/wp-content\/uploads\/2022\/11\/JMSRF-scaled.jpg","articleSection":["Uncategorized @ca"],"inLanguage":"ca"},{"@type":"WebPage","@id":"https:\/\/www.sindicaturabarcelona.cat\/ca\/la-fiscalia-demana-dos-anys-de-preso-per-lautora-de-noticies-falses-sobre-joves-migrants-sense-referents-familiars-que-la-sindicatura-va-posar-en-el-seu-coneixement-el-juliol-de-2019\/","url":"https:\/\/www.sindicaturabarcelona.cat\/ca\/la-fiscalia-demana-dos-anys-de-preso-per-lautora-de-noticies-falses-sobre-joves-migrants-sense-referents-familiars-que-la-sindicatura-va-posar-en-el-seu-coneixement-el-juliol-de-2019\/","name":"La Fiscalia demana dos anys de pres\u00f3 per l'autora de not\u00edcies falses sobre joves migrants sense referents familiars que la Sindicatura va posar en el seu coneixement el juliol de 2019 - Sindicatura de Greuges de Barcelona","isPartOf":{"@id":"https:\/\/www.sindicaturabarcelona.cat\/ca\/#website"},"primaryImageOfPage":{"@id":"https:\/\/www.sindicaturabarcelona.cat\/ca\/la-fiscalia-demana-dos-anys-de-preso-per-lautora-de-noticies-falses-sobre-joves-migrants-sense-referents-familiars-que-la-sindicatura-va-posar-en-el-seu-coneixement-el-juliol-de-2019\/#primaryimage"},"image":{"@id":"https:\/\/www.sindicaturabarcelona.cat\/ca\/la-fiscalia-demana-dos-anys-de-preso-per-lautora-de-noticies-falses-sobre-joves-migrants-sense-referents-familiars-que-la-sindicatura-va-posar-en-el-seu-coneixement-el-juliol-de-2019\/#primaryimage"},"thumbnailUrl":"https:\/\/www.sindicaturabarcelona.cat\/wp-content\/uploads\/2022\/11\/JMSRF-scaled.jpg","datePublished":"2022-11-17T14:19:37+00:00","dateModified":"2023-05-11T09:54:12+00:00","description":"Va ser el juliol de 2019 quan la Sindicatura de Greuges de Barcelona va rebre un v\u00eddeo que s\u2019estava difonent a xarxes socials i Whatsapp...","breadcrumb":{"@id":"https:\/\/www.sindicaturabarcelona.cat\/ca\/la-fiscalia-demana-dos-anys-de-preso-per-lautora-de-noticies-falses-sobre-joves-migrants-sense-referents-familiars-que-la-sindicatura-va-posar-en-el-seu-coneixement-el-juliol-de-2019\/#breadcrumb"},"inLanguage":"ca","potentialAction":[{"@type":"ReadAction","target":["https:\/\/www.sindicaturabarcelona.cat\/ca\/la-fiscalia-demana-dos-anys-de-preso-per-lautora-de-noticies-falses-sobre-joves-migrants-sense-referents-familiars-que-la-sindicatura-va-posar-en-el-seu-coneixement-el-juliol-de-2019\/"]}]},{"@type":"ImageObject","inLanguage":"ca","@id":"https:\/\/www.sindicaturabarcelona.cat\/ca\/la-fiscalia-demana-dos-anys-de-preso-per-lautora-de-noticies-falses-sobre-joves-migrants-sense-referents-familiars-que-la-sindicatura-va-posar-en-el-seu-coneixement-el-juliol-de-2019\/#primaryimage","url":"https:\/\/www.sindicaturabarcelona.cat\/wp-content\/uploads\/2022\/11\/JMSRF-scaled.jpg","contentUrl":"https:\/\/www.sindicaturabarcelona.cat\/wp-content\/uploads\/2022\/11\/JMSRF-scaled.jpg","width":2560,"height":1915,"caption":"Not\u00edcies falses JMSRF"},{"@type":"BreadcrumbList","@id":"https:\/\/www.sindicaturabarcelona.cat\/ca\/la-fiscalia-demana-dos-anys-de-preso-per-lautora-de-noticies-falses-sobre-joves-migrants-sense-referents-familiars-que-la-sindicatura-va-posar-en-el-seu-coneixement-el-juliol-de-2019\/#breadcrumb","itemListElement":[{"@type":"ListItem","position":1,"name":"Inici","item":"https:\/\/www.sindicaturabarcelona.cat\/ca\/"},{"@type":"ListItem","position":2,"name":"La Fiscalia demana dos anys de pres\u00f3 per l&#8217;autora de not\u00edcies falses sobre joves migrants sense referents familiars que la Sindicatura va posar en el seu coneixement el juliol de 2019"}]},{"@type":"WebSite","@id":"https:\/\/www.sindicaturabarcelona.cat\/ca\/#website","url":"https:\/\/www.sindicaturabarcelona.cat\/ca\/","name":"Sindicatura de Greuges de Barcelona","description":"La defensoria dels teus drets","publisher":{"@id":"https:\/\/www.sindicaturabarcelona.cat\/ca\/#organization"},"potentialAction":[{"@type":"SearchAction","target":{"@type":"EntryPoint","urlTemplate":"https:\/\/www.sindicaturabarcelona.cat\/ca\/?s={search_term_string}"},"query-input":{"@type":"PropertyValueSpecification","valueRequired":true,"valueName":"search_term_string"}}],"inLanguage":"ca"},{"@type":"Organization","@id":"https:\/\/www.sindicaturabarcelona.cat\/ca\/#organization","name":"Sindicatura de Greuges de Barcelona","url":"https:\/\/www.sindicaturabarcelona.cat\/ca\/","logo":{"@type":"ImageObject","inLanguage":"ca","@id":"https:\/\/www.sindicaturabarcelona.cat\/ca\/#\/schema\/logo\/image\/","url":"https:\/\/www.sindicaturabarcelona.cat\/wp-content\/uploads\/2023\/02\/logo_sindicatura.svg","contentUrl":"https:\/\/www.sindicaturabarcelona.cat\/wp-content\/uploads\/2023\/02\/logo_sindicatura.svg","caption":"Sindicatura de Greuges de Barcelona"},"image":{"@id":"https:\/\/www.sindicaturabarcelona.cat\/ca\/#\/schema\/logo\/image\/"},"sameAs":["https:\/\/x.com\/sindicbarcelona","https:\/\/www.instagram.com\/sindicbarcelona\/","https:\/\/www.tiktok.com\/@sindicaturabcn","https:\/\/t.me\/sindicaturabarcelona"]},{"@type":"Person","@id":"https:\/\/www.sindicaturabarcelona.cat\/ca\/#\/schema\/person\/0e5acffc350ffdbc97578159322c9452","name":"Pablo","image":{"@type":"ImageObject","inLanguage":"ca","@id":"https:\/\/secure.gravatar.com\/avatar\/c948169b402ef9492afde705c3dfd5e90e1a6a84ef6840a91124f805a25a480f?s=96&d=mm&r=g","url":"https:\/\/secure.gravatar.com\/avatar\/c948169b402ef9492afde705c3dfd5e90e1a6a84ef6840a91124f805a25a480f?s=96&d=mm&r=g","contentUrl":"https:\/\/secure.gravatar.com\/avatar\/c948169b402ef9492afde705c3dfd5e90e1a6a84ef6840a91124f805a25a480f?s=96&d=mm&r=g","caption":"Pablo"},"url":"https:\/\/www.sindicaturabarcelona.cat\/ca\/author\/pablo\/"}]}},"_links":{"self":[{"href":"https:\/\/www.sindicaturabarcelona.cat\/ca\/wp-json\/wp\/v2\/posts\/15397","targetHints":{"allow":["GET"]}}],"collection":[{"href":"https:\/\/www.sindicaturabarcelona.cat\/ca\/wp-json\/wp\/v2\/posts"}],"about":[{"href":"https:\/\/www.sindicaturabarcelona.cat\/ca\/wp-json\/wp\/v2\/types\/post"}],"author":[{"embeddable":true,"href":"https:\/\/www.sindicaturabarcelona.cat\/ca\/wp-json\/wp\/v2\/users\/2"}],"replies":[{"embeddable":true,"href":"https:\/\/www.sindicaturabarcelona.cat\/ca\/wp-json\/wp\/v2\/comments?post=15397"}],"version-history":[{"count":0,"href":"https:\/\/www.sindicaturabarcelona.cat\/ca\/wp-json\/wp\/v2\/posts\/15397\/revisions"}],"wp:featuredmedia":[{"embeddable":true,"href":"https:\/\/www.sindicaturabarcelona.cat\/ca\/wp-json\/wp\/v2\/media\/15398"}],"wp:attachment":[{"href":"https:\/\/www.sindicaturabarcelona.cat\/ca\/wp-json\/wp\/v2\/media?parent=15397"}],"wp:term":[{"taxonomy":"post_tag","embeddable":true,"href":"https:\/\/www.sindicaturabarcelona.cat\/ca\/wp-json\/wp\/v2\/tags?post=15397"},{"taxonomy":"drets","embeddable":true,"href":"https:\/\/www.sindicaturabarcelona.cat\/ca\/wp-json\/wp\/v2\/drets?post=15397"}],"curies":[{"name":"wp","href":"https:\/\/api.w.org\/{rel}","templated":true}]}}