{"id":15370,"date":"2022-11-11T11:36:46","date_gmt":"2022-11-11T09:36:46","guid":{"rendered":"https:\/\/www.sindicaturabarcelona.cat\/?p=15370"},"modified":"2023-05-11T11:54:44","modified_gmt":"2023-05-11T09:54:44","slug":"el-dret-a-laccessibilitat-i-la-inclusivitat-en-les-arees-de-joc-infantil-de-la-ciutat-de-barcelona","status":"publish","type":"post","link":"https:\/\/www.sindicaturabarcelona.cat\/ca\/el-dret-a-laccessibilitat-i-la-inclusivitat-en-les-arees-de-joc-infantil-de-la-ciutat-de-barcelona\/","title":{"rendered":"El dret a l&#8217;accessibilitat i la inclusivitat en les \u00e0rees de joc infantil de la ciutat de Barcelona"},"content":{"rendered":"\n<p class=\"has-text-align-justify\"><a href=\"https:\/\/www.sindicaturabarcelona.cat\/wp-content\/uploads\/2022\/11\/11_Dret-accessibilitat-i-inclusivitat.pdf\" target=\"_blank\" rel=\"noreferrer noopener\" class=\"ek-link\">La Sindicatura de Greuges de Barcelona ha tornat a analitzar l\u2019accessibilitat i la inclusivitat de les \u00e0rees de joc infantil de la ciutat<\/a>, ja que considera de gran import\u00e0ncia continuar treballant perqu\u00e8 es vetlli per l\u2019accessibilitat i la instal\u00b7laci\u00f3 d\u2019elements de joc inclusius en la renovaci\u00f3 d\u2019aquests espais o en la creaci\u00f3 de noves \u00e0rees.<\/p>\n\n\n\n<p class=\"has-text-align-justify\">Apostar per un model de joc inclusiu permet garantir l\u2019acc\u00e9s al joc a nens i nenes amb diversitat funcional i possibilita que tota la inf\u00e0ncia, independentment de les seves caracter\u00edstiques, pugui compartir-los. D\u2019aquesta manera, s\u2019assegura la interacci\u00f3 entre inf\u00e0ncia i, per tant, la seva integraci\u00f3 a trav\u00e9s del joc.<\/p>\n\n\n\n<p><strong><span style=\"text-decoration: underline;\" class=\"ek-underline\">Actuaci\u00f3 d\u2019ofici de la Sindicatura durant els anys 2020 i 2021<\/span><\/strong><\/p>\n\n\n\n<p class=\"has-text-align-justify\"><a href=\"https:\/\/www.sindicaturabarcelona.cat\/wp-content\/uploads\/2021\/09\/07.-Ofici-parcs-infantils.pdf\" target=\"_blank\" aria-label=\" (opens in a new tab)\" rel=\"noreferrer noopener\" class=\"ek-link\">L\u2019any 2020 la Sindicatura de Greuges de Barcelona ja va obrir una actuaci\u00f3 d\u2019ofici<\/a> per avaluar el grau d\u2019accessibilitat i inclusivitat de les \u00e0rees de joc infantil de la ciutat. <strong>Aquesta intervenci\u00f3 va finalitzar l\u2019any 2021 amb dues recomanacions destacades a l\u2019Ajuntament<\/strong>: que la renovaci\u00f3 i la creaci\u00f3 de noves zones de joc infantil compleixin l\u2019objectiu que <strong>l\u2019any 2030 el 100% dels parcs infantils siguin accessibles i inclusius<\/strong>, i que <strong>cada barri barcelon\u00ed disposi, com a m\u00ednim, d\u2019una d\u2019aquestes \u00e0rees<\/strong> per tal de garantir el dret al joc de la totalitat de la inf\u00e0ncia.<\/p>\n\n\n\n<p><strong><span style=\"text-decoration: underline;\" class=\"ek-underline\">Quina \u00e9s la difer\u00e8ncia entre accessibilitat i inclusivitat?<\/span><\/strong><\/p>\n\n\n\n<p class=\"has-text-align-justify\">Cal considerar un espai de joc com a inclusiu quan afavoreix un \u00fas i gaudi compartit, ofereix m\u00faltiples maneres d\u2019aproximar-se als elements de joc, i dona resposta als diversos interessos i capacitats dels infants.<\/p>\n\n\n\n<p class=\"has-text-align-justify\">D\u2019altra banda, una \u00e0rea de jocs \u00e9s accessible quan l\u2019element principal de l\u2019espai ho sigui o quan ho siguin les activitats l\u00fadiques que s\u2019hi poden desenvolupar: gronxar-se, lliscar i enfilar-se. L\u2019\u00e0rea que at\u00e9n diverses discapacitats i garanteix que totes les activitats l\u00fadiques s\u00f3n accessibles, \u00e9s considerada totalment accessible.<\/p>\n\n\n\n<p><strong><span style=\"text-decoration: underline;\" class=\"ek-underline\">Accions impulsades per l\u2019Ajuntament en aquesta mat\u00e8ria<\/span><\/strong><\/p>\n\n\n\n<p class=\"has-text-align-justify\">El 2019 va presentar-se el&nbsp;<a href=\"https:\/\/ajuntament.barcelona.cat\/ecologiaurbana\/ca\/que-fem-i-per-que\/espai-public-de-qualitat\/barcelona-dona-molt-de-joc\"><em>Pla de Joc a l\u2019espai p\u00fablic de Barcelona amb horitz\u00f3 2030<\/em><\/a><em>,<\/em>&nbsp;una iniciativa amb 10 fites clau. El prop\u00f2sit final \u00e9s que el 100% de les \u00e0rees de joc siguin accessibles i amb elements certificats com a inclusius.<\/p>\n\n\n\n<p class=\"has-text-align-justify\">Tot i que l\u2019accessibilitat i la inclusi\u00f3 s\u00f3n les pedres angulars de la renovaci\u00f3 i creaci\u00f3 de noves \u00e0rees de joc infantil, l\u2019Ajuntament \u00e9s conscient de la dificultat que la totalitat de les \u00e0rees de la ciutat siguin accessibles. En aquest context, <strong>el mes de setembre de 2022, la Sindicatura va tenir coneixement de la voluntat del Govern municipal que l\u2019any 2024 el 90% de la poblaci\u00f3 tingui una \u00e0rea de joc infantil accessible a 15 minuts de casa<\/strong>, com a molt lluny. Amb aquest objectiu, el consistori ha convocat un concurs de projectes per crear 10 \u00e0rees de joc totalment accessibles, que s\u2019emmarca en les mesures del <em>Pla de joc a l\u2019espai p\u00fablic per garantir el dret al joc de tots els infants<\/em>.<\/p>\n\n\n\n<p class=\"has-text-align-justify\"><strong>Actualment hi ha 21 \u00e0rees de joc que s\u00f3n totalment accessibles<\/strong>. Amb les renovacions de les \u00e0rees de joc que es preveuen dur a terme, el pr\u00f2xim any s\u2019arribar\u00e0 a les 45 \u00e0rees de joc accessibles (executades o en obres). Quatre hauran sorgit dels pressupostos participatius: la del passeig de Sant Joan, la de la pla\u00e7a de les Caramelles, la dels jardins de Montserrat Roig i la dels <strong>jardins de Massana.<\/strong> <a href=\"https:\/\/ajuntament.barcelona.cat\/accessible\/ca\/noticia\/concurs-de-projectes-per-crear-10-arees-de-joc-totalment-accessibles_1176689\" class=\"ek-link\">Segons l&#8217;Ajuntament, comptant les 10 \u00e0rees que sorgiran del concurs de projectes mencionat anteriorment,<strong>&nbsp;la ciutat preveu assolir 55 \u00e0rees de joc totalment accessibles l&#8217;any<\/strong><\/a><strong><a aria-label=\"  (opens in a new tab)\" href=\"https:\/\/ajuntament.barcelona.cat\/accessible\/ca\/noticia\/concurs-de-projectes-per-crear-10-arees-de-joc-totalment-accessibles_1176689\" target=\"_blank\" rel=\"noreferrer noopener\" class=\"ek-link\"> <\/a><\/strong><a href=\"https:\/\/ajuntament.barcelona.cat\/accessible\/ca\/noticia\/concurs-de-projectes-per-crear-10-arees-de-joc-totalment-accessibles_1176689\" class=\"ek-link\"><strong>2024.<\/strong><\/a><\/p>\n\n\n\n<p class=\"has-text-align-justify\"><strong><span style=\"text-decoration: underline;\" class=\"ek-underline\">Els jardins de Massana, nova \u00e0rea de joc accessible (i inclusiu?)<\/span><\/strong><\/p>\n\n\n\n<p class=\"has-text-align-justify\">En el marc dels <strong>pressupostos participatius de l\u2019any 2020, va proposar-se el projecte de la construcci\u00f3 d\u2019un parc 100% inclusiu als jardins de Massana<\/strong>, al Districte de Sant Andreu. Aquest projecte <strong>va ser seleccionat i el segon m\u00e9s votat del Districte<\/strong>.<\/p>\n\n\n\n<p class=\"has-text-align-justify\"><strong>L\u2019actuaci\u00f3 consisteix a crear una \u00e0rea de joc infantil accessible i inclusiva<\/strong> als jardins de Massana. El pressupost inicial va incrementar-se per tal de poder recollir les demandes de la promotora de la queixa (s\u2019explica posteriorment). A causa de la crisi actual, l\u2019estimaci\u00f3 econ\u00f2mica total per incloure tots els jocs demanats s\u2019incrementa fins a 1.074.532 \u20ac.<\/p>\n\n\n\n<p class=\"has-text-align-justify\">Actualment, manquen 240.000 \u20ac i s\u2019est\u00e0 treballant per definir amb quin import es tancar\u00e0 l\u2019avantprojecte. Es plantegen dues vies: ajustar l\u2019\u00e0mbit d\u2019actuaci\u00f3 i\/o aconseguir dotaci\u00f3 addicional. <strong>Per aix\u00f2, la Sindicatura considera oport\u00fa proposar que<\/strong>, <strong>en cas que es consideri incorporar al projecte el gronxador sol\u00b7licitat, es valori amb la promotora fer-ho de manera alternativa a un altre (o altres) jocs projectats,<\/strong> per tal de no incrementar m\u00e9s la dotaci\u00f3 pressupost\u00e0ria.<\/p>\n\n\n\n<p class=\"has-text-align-justify\">El Districte informa que l\u2019avantprojecte del parc preveu la instal\u00b7laci\u00f3 de dos blocs de gronxadors per disposar de tota la varietat de seients que garanteixin l\u2019accessibilitat necess\u00e0ria. Aquests gronxadors els podran utilitzar infants amb cadira de rodes i en tots <strong>caldr\u00e0 fer transfer\u00e8ncia<\/strong>. Considerant la totalitat dels jocs, s\u2019ha tingut en compte que la gran majoria els puguin usar infants amb la cadira de rodes.<\/p>\n\n\n\n<p class=\"has-text-align-justify\">Aquesta Sindicatura <strong>valora molt positivament que la majoria dels jocs que s\u2019instal\u00b7laran als jardins de Massana siguin inclusius i puguin ser usats per infants amb cadira de rodes.<\/strong> Tanmateix, considera que<strong> cal anar un pas m\u00e9s enll\u00e0<\/strong> i esmer\u00e7ar esfor\u00e7os en els ajustos que siguin necessaris i puguin assumir-se, amb l\u2019objectiu de donar resposta a situacions concretes.<\/p>\n\n\n\n<p class=\"has-text-align-justify\"><strong>Es tracta, doncs, de promoure l\u2019autonomia de la inf\u00e0ncia amb diversitat funcional<\/strong>. El fet que a les \u00e0rees de joc infantils hi hagi aquests elements de joc no nom\u00e9s contribueix a garantir el seu dret a jugar en condicions d\u2019igualtat, sin\u00f3 que els encoratja a veure\u2019s a si mateixos com a ciutadans i ciutadanes de ple dret.<\/p>\n\n\n\n<p><strong><span style=\"text-decoration: underline;\" class=\"ek-underline\">El cas concret d\u2019una fam\u00edlia de Sant Andreu<\/span><\/strong><\/p>\n\n\n\n<p class=\"has-text-align-justify\">Una fam\u00edlia de Sant Andreu amb un infant amb una pluridiscapacitat del 82% va formalitzar una queixa a la Sindicatura de Greuges per reclamar la instal\u00b7laci\u00f3 de jocs inclusius en un parc infantil (jardins de Massana), a prop del seu domicili.<\/p>\n\n\n\n<p class=\"has-text-align-justify\"><strong>La fam\u00edlia va sol\u00b7licitar al Districte de Sant Andreu que en la creaci\u00f3 de la nova \u00e0rea de joc infantil ubicada als jardins de Massana s\u2019instal\u00b7lessin uns gronxadors inclusius amb plataforma per a cadira de rodes, per tal d\u2019evitar la transfer\u00e8ncia de l\u2019infant de la cadira de rodes al gronxador<\/strong>. El Districte va respondre que la creaci\u00f3 d\u2019aquesta nova \u00e0rea es trobava en fase de redacci\u00f3 d\u2019avantprojecte i va traslladar a la fam\u00edlia les exig\u00e8ncies t\u00e8cniques per a la certificaci\u00f3 del gronxador sol\u00b7licitat (normes europees UNE-EN 1176, UNE-EN 1177 i UNE 147103). Aquests requisits tamb\u00e9 inclo\u00efen la necessitat de garantir el control d\u2019acc\u00e9s al joc (cartelleria, panys i tanca perimetral)&nbsp; i la supervisi\u00f3 d\u2019una persona adulta en tot moment.<\/p>\n\n\n\n<p class=\"has-text-align-justify\">D\u2019acord amb aquestes exig\u00e8ncies, l\u2019Ajuntament considera que ara com ara no \u00e9s possible instal\u00b7lar el gronxador accessible per a cadira de rodes als jardins de Massana, ja que no poden garantir-se les condicions de seguretat demanades. <strong>En canvi, la Sindicatura s\u00ed que creu que el consistori disposa de marge per garantir que, en cas que s\u2019instal\u00b7li el gronxador, l\u2019\u00e0rea de joc sigui segura<\/strong>, com ja ho han fet altres municipis catalans com Terrassa, Sitges, Ripoll o Roses.<strong><\/strong><\/p>\n\n\n\n<p class=\"has-text-align-justify\">L\u2019article 2 de la Convenci\u00f3 sobre el dret de les persones amb discapacitat i l\u2019article 2 del Reial decret 1\/2013, de 29 de novembre, pel qual s\u2019aprova el text ref\u00f3s de la Llei general de drets de les persones amb discapacitat, <strong>reconeixen la necessitat d\u2019establir ajustos raonables, quan siguin necessaris en un cas particular<\/strong>, per garantir a les persones amb diversitat funcional el gaudi o l\u2019exercici de tots els drets humans i llibertats fonamentals, en igualtat de condicions. D\u2019acord amb aquesta normativa, la <strong>Sindicatura de Greuges ent\u00e9n que s\u2019hauria de reconsiderar la possibilitat d\u2019incloure l\u2019element de joc sol\u00b7licitat per la ciutadana al projecte dels jardins de Massana.<\/strong><\/p>\n\n\n\n<p><strong><span style=\"text-decoration: underline;\" class=\"ek-underline\">Viabilitat d\u2019instal\u00b7lar a curt termini un gronxador que eviti la transfer\u00e8ncia<\/span><\/strong><\/p>\n\n\n\n<p class=\"has-text-align-justify\">Amb data 5 d\u2019abril de 2022, l\u2019Ajuntament de Barcelona va assumir el comprom\u00eds seg\u00fcent amb la ciutadana: quan aparegui al mercat un gronxador de les caracter\u00edstiques anteriorment exigides, s\u2019instal\u00b7lar\u00e0 als jardins de Massana un gronxador de plataforma millorat, d\u2019acc\u00e9s lliure, que no necessiti ni tancament perimetral de seguretat ni supervisi\u00f3 constant, i que sigui certificable d\u2019acord amb els requisits de seguretat establerts en les normes vigents per a aquest tipus d\u2019element.<\/p>\n\n\n\n<p class=\"has-text-align-justify\">El gronxador que compleixi aquests requisits es podr\u00e0 incorporar al projecte, com a m\u00e0xim, un cop s\u2019hagin iniciat les obres. La Sindicatura celebra la bona predisposici\u00f3 del consistori davant la petici\u00f3 de la ciutadana. Tanmateix, tal com s\u2019ha argumentat, <strong>no hi ha impediments insalvables per instal\u00b7lar un gronxador amb plataforma <\/strong>d\u2019entre els que hi ha actualment<strong>, <\/strong>adoptant totes les mesures necess\u00e0ries per garantir la seguretat de les persones usu\u00e0ries. Aquesta podria ser la soluci\u00f3 fins que aparegui al mercat un altre gronxador amb est\u00e0ndards de seguretat m\u00e9s elevats. En aquest cas, caldria procedir a la substituci\u00f3 del que ja estigu\u00e9s instal\u00b7lat.<\/p>\n\n\n\n<p><strong><span style=\"text-decoration: underline;\" class=\"ek-underline\">Bones pr\u00e0ctiques a altres municipis de l\u2019Estat<\/span><\/strong><\/p>\n\n\n\n<p class=\"has-text-align-justify\">El compliment de la normativa europea vigent tampoc hauria de ser un obstacle. <strong>Aquesta Sindicatura ha pogut constatar, com a exemple de bones pr\u00e0ctiques, que en municipis com Terrassa, Sitges, Ripoll o Roses, entre altres, s\u2019han instal\u00b7lat gronxadors amb plataforma donant compliment als requisits abans esmentats.<\/strong><\/p>\n\n\n\n<p class=\"has-text-align-justify\">Un exemple \u00e9s el cas del parc de Can Robert, a Sitges, on s\u2019han posat senyalitzacions que indiquen que \u00e9s un gronxador adaptat i les persones que el vulguin utilitzar han de demanar les claus a la guingueta del parc. Tamb\u00e9 al municipi de Roses, a l\u2019espai situat davant la pista annexa del pavell\u00f3 poliesportiu, on s\u2019ha tancat el per\u00edmetre per evitar qualsevol tipus d\u2019incident amb altres persones usu\u00e0ries del parc.<\/p>\n\n\n\n<p class=\"has-text-align-justify\">Fora de Catalunya, hi ha municipis amb menys de 10.000 habitants que han instal\u00b7lat aquests tipus de gronxadors. \u00c9s el cas de Manzanedo (Burgos), Oropesa (Castell\u00f3) o Bre\u00f1a Baja (Santa Cruz de Tenerife).<\/p>\n","protected":false},"excerpt":{"rendered":"<p>La Sindicatura de Greuges de Barcelona ha tornat a analitzar l\u2019accessibilitat i la inclusivitat de les \u00e0rees de joc infantil de la ciutat, ja que considera de gran import\u00e0ncia continuar [&hellip;]<\/p>\n","protected":false},"author":2,"featured_media":15372,"comment_status":"closed","ping_status":"open","sticky":false,"template":"","format":"standard","meta":{"_acf_changed":false,"footnotes":""},"tags":[],"drets":[1438,1445],"class_list":["post-15370","post","type-post","status-publish","format-standard","has-post-thumbnail","hentry","drets-ciutat-habitable-i-sostenible","drets-dret-a-laccessibilitat-i-la-inclusivitat"],"acf":[],"yoast_head":"<!-- This site is optimized with the Yoast SEO plugin v27.5 - https:\/\/yoast.com\/product\/yoast-seo-wordpress\/ -->\n<title>El dret a l&#039;accessibilitat i la inclusivitat en les \u00e0rees de joc infantil de la ciutat de Barcelona - Sindicatura de Greuges de Barcelona<\/title>\n<meta name=\"description\" content=\"La Sindicatura ha tornat a analitzar l\u2019accessibilitat i la inclusivitat de les \u00e0rees de joc infantil de la ciutat, ja que considera...\" \/>\n<meta name=\"robots\" content=\"index, follow, max-snippet:-1, max-image-preview:large, max-video-preview:-1\" \/>\n<link rel=\"canonical\" href=\"https:\/\/www.sindicaturabarcelona.cat\/ca\/el-dret-a-laccessibilitat-i-la-inclusivitat-en-les-arees-de-joc-infantil-de-la-ciutat-de-barcelona\/\" \/>\n<meta property=\"og:locale\" content=\"ca_ES\" \/>\n<meta property=\"og:type\" content=\"article\" \/>\n<meta property=\"og:title\" content=\"El dret a l&#039;accessibilitat i la inclusivitat en les \u00e0rees de joc infantil de la ciutat de Barcelona - Sindicatura de Greuges de Barcelona\" \/>\n<meta property=\"og:description\" content=\"La Sindicatura ha tornat a analitzar l\u2019accessibilitat i la inclusivitat de les \u00e0rees de joc infantil de la ciutat, ja que considera...\" \/>\n<meta property=\"og:url\" content=\"https:\/\/www.sindicaturabarcelona.cat\/ca\/el-dret-a-laccessibilitat-i-la-inclusivitat-en-les-arees-de-joc-infantil-de-la-ciutat-de-barcelona\/\" \/>\n<meta property=\"og:site_name\" content=\"Sindicatura de Greuges de Barcelona\" \/>\n<meta property=\"article:published_time\" content=\"2022-11-11T09:36:46+00:00\" \/>\n<meta property=\"article:modified_time\" content=\"2023-05-11T09:54:44+00:00\" \/>\n<meta property=\"og:image\" content=\"https:\/\/www.sindicaturabarcelona.cat\/wp-content\/uploads\/2022\/11\/23884_Jardins-de-Ca-lAranyo\u0301.jpg\" \/>\n\t<meta property=\"og:image:width\" content=\"1024\" \/>\n\t<meta property=\"og:image:height\" content=\"768\" \/>\n\t<meta property=\"og:image:type\" content=\"image\/jpeg\" \/>\n<meta name=\"author\" content=\"Pablo\" \/>\n<meta name=\"twitter:card\" content=\"summary_large_image\" \/>\n<meta name=\"twitter:creator\" content=\"@sindicbarcelona\" \/>\n<meta name=\"twitter:site\" content=\"@sindicbarcelona\" \/>\n<meta name=\"twitter:label1\" content=\"Escrit per\" \/>\n\t<meta name=\"twitter:data1\" content=\"Pablo\" \/>\n\t<meta name=\"twitter:label2\" content=\"Temps estimat de lectura\" \/>\n\t<meta name=\"twitter:data2\" content=\"9 minuts\" \/>\n<script type=\"application\/ld+json\" class=\"yoast-schema-graph\">{\"@context\":\"https:\\\/\\\/schema.org\",\"@graph\":[{\"@type\":\"Article\",\"@id\":\"https:\\\/\\\/www.sindicaturabarcelona.cat\\\/ca\\\/el-dret-a-laccessibilitat-i-la-inclusivitat-en-les-arees-de-joc-infantil-de-la-ciutat-de-barcelona\\\/#article\",\"isPartOf\":{\"@id\":\"https:\\\/\\\/www.sindicaturabarcelona.cat\\\/ca\\\/el-dret-a-laccessibilitat-i-la-inclusivitat-en-les-arees-de-joc-infantil-de-la-ciutat-de-barcelona\\\/\"},\"author\":{\"name\":\"Pablo\",\"@id\":\"https:\\\/\\\/www.sindicaturabarcelona.cat\\\/ca\\\/#\\\/schema\\\/person\\\/0e5acffc350ffdbc97578159322c9452\"},\"headline\":\"El dret a l&#8217;accessibilitat i la inclusivitat en les \u00e0rees de joc infantil de la ciutat de Barcelona\",\"datePublished\":\"2022-11-11T09:36:46+00:00\",\"dateModified\":\"2023-05-11T09:54:44+00:00\",\"mainEntityOfPage\":{\"@id\":\"https:\\\/\\\/www.sindicaturabarcelona.cat\\\/ca\\\/el-dret-a-laccessibilitat-i-la-inclusivitat-en-les-arees-de-joc-infantil-de-la-ciutat-de-barcelona\\\/\"},\"wordCount\":1772,\"publisher\":{\"@id\":\"https:\\\/\\\/www.sindicaturabarcelona.cat\\\/ca\\\/#organization\"},\"image\":{\"@id\":\"https:\\\/\\\/www.sindicaturabarcelona.cat\\\/ca\\\/el-dret-a-laccessibilitat-i-la-inclusivitat-en-les-arees-de-joc-infantil-de-la-ciutat-de-barcelona\\\/#primaryimage\"},\"thumbnailUrl\":\"https:\\\/\\\/www.sindicaturabarcelona.cat\\\/wp-content\\\/uploads\\\/2022\\\/11\\\/23884_Jardins-de-Ca-lAranyo\u0301.jpg\",\"articleSection\":[\"Uncategorized @ca\"],\"inLanguage\":\"ca\"},{\"@type\":\"WebPage\",\"@id\":\"https:\\\/\\\/www.sindicaturabarcelona.cat\\\/ca\\\/el-dret-a-laccessibilitat-i-la-inclusivitat-en-les-arees-de-joc-infantil-de-la-ciutat-de-barcelona\\\/\",\"url\":\"https:\\\/\\\/www.sindicaturabarcelona.cat\\\/ca\\\/el-dret-a-laccessibilitat-i-la-inclusivitat-en-les-arees-de-joc-infantil-de-la-ciutat-de-barcelona\\\/\",\"name\":\"El dret a l'accessibilitat i la inclusivitat en les \u00e0rees de joc infantil de la ciutat de Barcelona - Sindicatura de Greuges de Barcelona\",\"isPartOf\":{\"@id\":\"https:\\\/\\\/www.sindicaturabarcelona.cat\\\/ca\\\/#website\"},\"primaryImageOfPage\":{\"@id\":\"https:\\\/\\\/www.sindicaturabarcelona.cat\\\/ca\\\/el-dret-a-laccessibilitat-i-la-inclusivitat-en-les-arees-de-joc-infantil-de-la-ciutat-de-barcelona\\\/#primaryimage\"},\"image\":{\"@id\":\"https:\\\/\\\/www.sindicaturabarcelona.cat\\\/ca\\\/el-dret-a-laccessibilitat-i-la-inclusivitat-en-les-arees-de-joc-infantil-de-la-ciutat-de-barcelona\\\/#primaryimage\"},\"thumbnailUrl\":\"https:\\\/\\\/www.sindicaturabarcelona.cat\\\/wp-content\\\/uploads\\\/2022\\\/11\\\/23884_Jardins-de-Ca-lAranyo\u0301.jpg\",\"datePublished\":\"2022-11-11T09:36:46+00:00\",\"dateModified\":\"2023-05-11T09:54:44+00:00\",\"description\":\"La Sindicatura ha tornat a analitzar l\u2019accessibilitat i la inclusivitat de les \u00e0rees de joc infantil de la ciutat, ja que considera...\",\"breadcrumb\":{\"@id\":\"https:\\\/\\\/www.sindicaturabarcelona.cat\\\/ca\\\/el-dret-a-laccessibilitat-i-la-inclusivitat-en-les-arees-de-joc-infantil-de-la-ciutat-de-barcelona\\\/#breadcrumb\"},\"inLanguage\":\"ca\",\"potentialAction\":[{\"@type\":\"ReadAction\",\"target\":[\"https:\\\/\\\/www.sindicaturabarcelona.cat\\\/ca\\\/el-dret-a-laccessibilitat-i-la-inclusivitat-en-les-arees-de-joc-infantil-de-la-ciutat-de-barcelona\\\/\"]}]},{\"@type\":\"ImageObject\",\"inLanguage\":\"ca\",\"@id\":\"https:\\\/\\\/www.sindicaturabarcelona.cat\\\/ca\\\/el-dret-a-laccessibilitat-i-la-inclusivitat-en-les-arees-de-joc-infantil-de-la-ciutat-de-barcelona\\\/#primaryimage\",\"url\":\"https:\\\/\\\/www.sindicaturabarcelona.cat\\\/wp-content\\\/uploads\\\/2022\\\/11\\\/23884_Jardins-de-Ca-lAranyo\u0301.jpg\",\"contentUrl\":\"https:\\\/\\\/www.sindicaturabarcelona.cat\\\/wp-content\\\/uploads\\\/2022\\\/11\\\/23884_Jardins-de-Ca-lAranyo\u0301.jpg\",\"width\":1024,\"height\":768,\"caption\":\"Parc infantil\"},{\"@type\":\"BreadcrumbList\",\"@id\":\"https:\\\/\\\/www.sindicaturabarcelona.cat\\\/ca\\\/el-dret-a-laccessibilitat-i-la-inclusivitat-en-les-arees-de-joc-infantil-de-la-ciutat-de-barcelona\\\/#breadcrumb\",\"itemListElement\":[{\"@type\":\"ListItem\",\"position\":1,\"name\":\"Inici\",\"item\":\"https:\\\/\\\/www.sindicaturabarcelona.cat\\\/ca\\\/\"},{\"@type\":\"ListItem\",\"position\":2,\"name\":\"El dret a l&#8217;accessibilitat i la inclusivitat en les \u00e0rees de joc infantil de la ciutat de Barcelona\"}]},{\"@type\":\"WebSite\",\"@id\":\"https:\\\/\\\/www.sindicaturabarcelona.cat\\\/ca\\\/#website\",\"url\":\"https:\\\/\\\/www.sindicaturabarcelona.cat\\\/ca\\\/\",\"name\":\"Sindicatura de Greuges de Barcelona\",\"description\":\"La defensoria dels teus drets\",\"publisher\":{\"@id\":\"https:\\\/\\\/www.sindicaturabarcelona.cat\\\/ca\\\/#organization\"},\"potentialAction\":[{\"@type\":\"SearchAction\",\"target\":{\"@type\":\"EntryPoint\",\"urlTemplate\":\"https:\\\/\\\/www.sindicaturabarcelona.cat\\\/ca\\\/?s={search_term_string}\"},\"query-input\":{\"@type\":\"PropertyValueSpecification\",\"valueRequired\":true,\"valueName\":\"search_term_string\"}}],\"inLanguage\":\"ca\"},{\"@type\":\"Organization\",\"@id\":\"https:\\\/\\\/www.sindicaturabarcelona.cat\\\/ca\\\/#organization\",\"name\":\"Sindicatura de Greuges de Barcelona\",\"url\":\"https:\\\/\\\/www.sindicaturabarcelona.cat\\\/ca\\\/\",\"logo\":{\"@type\":\"ImageObject\",\"inLanguage\":\"ca\",\"@id\":\"https:\\\/\\\/www.sindicaturabarcelona.cat\\\/ca\\\/#\\\/schema\\\/logo\\\/image\\\/\",\"url\":\"https:\\\/\\\/www.sindicaturabarcelona.cat\\\/wp-content\\\/uploads\\\/2023\\\/02\\\/logo_sindicatura.svg\",\"contentUrl\":\"https:\\\/\\\/www.sindicaturabarcelona.cat\\\/wp-content\\\/uploads\\\/2023\\\/02\\\/logo_sindicatura.svg\",\"caption\":\"Sindicatura de Greuges de Barcelona\"},\"image\":{\"@id\":\"https:\\\/\\\/www.sindicaturabarcelona.cat\\\/ca\\\/#\\\/schema\\\/logo\\\/image\\\/\"},\"sameAs\":[\"https:\\\/\\\/x.com\\\/sindicbarcelona\",\"https:\\\/\\\/www.instagram.com\\\/sindicbarcelona\\\/\",\"https:\\\/\\\/www.tiktok.com\\\/@sindicaturabcn\",\"https:\\\/\\\/t.me\\\/sindicaturabarcelona\"]},{\"@type\":\"Person\",\"@id\":\"https:\\\/\\\/www.sindicaturabarcelona.cat\\\/ca\\\/#\\\/schema\\\/person\\\/0e5acffc350ffdbc97578159322c9452\",\"name\":\"Pablo\",\"image\":{\"@type\":\"ImageObject\",\"inLanguage\":\"ca\",\"@id\":\"https:\\\/\\\/secure.gravatar.com\\\/avatar\\\/c948169b402ef9492afde705c3dfd5e90e1a6a84ef6840a91124f805a25a480f?s=96&d=mm&r=g\",\"url\":\"https:\\\/\\\/secure.gravatar.com\\\/avatar\\\/c948169b402ef9492afde705c3dfd5e90e1a6a84ef6840a91124f805a25a480f?s=96&d=mm&r=g\",\"contentUrl\":\"https:\\\/\\\/secure.gravatar.com\\\/avatar\\\/c948169b402ef9492afde705c3dfd5e90e1a6a84ef6840a91124f805a25a480f?s=96&d=mm&r=g\",\"caption\":\"Pablo\"},\"url\":\"https:\\\/\\\/www.sindicaturabarcelona.cat\\\/ca\\\/author\\\/pablo\\\/\"}]}<\/script>\n<!-- \/ Yoast SEO plugin. -->","yoast_head_json":{"title":"El dret a l'accessibilitat i la inclusivitat en les \u00e0rees de joc infantil de la ciutat de Barcelona - Sindicatura de Greuges de Barcelona","description":"La Sindicatura ha tornat a analitzar l\u2019accessibilitat i la inclusivitat de les \u00e0rees de joc infantil de la ciutat, ja que considera...","robots":{"index":"index","follow":"follow","max-snippet":"max-snippet:-1","max-image-preview":"max-image-preview:large","max-video-preview":"max-video-preview:-1"},"canonical":"https:\/\/www.sindicaturabarcelona.cat\/ca\/el-dret-a-laccessibilitat-i-la-inclusivitat-en-les-arees-de-joc-infantil-de-la-ciutat-de-barcelona\/","og_locale":"ca_ES","og_type":"article","og_title":"El dret a l'accessibilitat i la inclusivitat en les \u00e0rees de joc infantil de la ciutat de Barcelona - Sindicatura de Greuges de Barcelona","og_description":"La Sindicatura ha tornat a analitzar l\u2019accessibilitat i la inclusivitat de les \u00e0rees de joc infantil de la ciutat, ja que considera...","og_url":"https:\/\/www.sindicaturabarcelona.cat\/ca\/el-dret-a-laccessibilitat-i-la-inclusivitat-en-les-arees-de-joc-infantil-de-la-ciutat-de-barcelona\/","og_site_name":"Sindicatura de Greuges de Barcelona","article_published_time":"2022-11-11T09:36:46+00:00","article_modified_time":"2023-05-11T09:54:44+00:00","og_image":[{"width":1024,"height":768,"url":"https:\/\/www.sindicaturabarcelona.cat\/wp-content\/uploads\/2022\/11\/23884_Jardins-de-Ca-lAranyo\u0301.jpg","type":"image\/jpeg"}],"author":"Pablo","twitter_card":"summary_large_image","twitter_creator":"@sindicbarcelona","twitter_site":"@sindicbarcelona","twitter_misc":{"Escrit per":"Pablo","Temps estimat de lectura":"9 minuts"},"schema":{"@context":"https:\/\/schema.org","@graph":[{"@type":"Article","@id":"https:\/\/www.sindicaturabarcelona.cat\/ca\/el-dret-a-laccessibilitat-i-la-inclusivitat-en-les-arees-de-joc-infantil-de-la-ciutat-de-barcelona\/#article","isPartOf":{"@id":"https:\/\/www.sindicaturabarcelona.cat\/ca\/el-dret-a-laccessibilitat-i-la-inclusivitat-en-les-arees-de-joc-infantil-de-la-ciutat-de-barcelona\/"},"author":{"name":"Pablo","@id":"https:\/\/www.sindicaturabarcelona.cat\/ca\/#\/schema\/person\/0e5acffc350ffdbc97578159322c9452"},"headline":"El dret a l&#8217;accessibilitat i la inclusivitat en les \u00e0rees de joc infantil de la ciutat de Barcelona","datePublished":"2022-11-11T09:36:46+00:00","dateModified":"2023-05-11T09:54:44+00:00","mainEntityOfPage":{"@id":"https:\/\/www.sindicaturabarcelona.cat\/ca\/el-dret-a-laccessibilitat-i-la-inclusivitat-en-les-arees-de-joc-infantil-de-la-ciutat-de-barcelona\/"},"wordCount":1772,"publisher":{"@id":"https:\/\/www.sindicaturabarcelona.cat\/ca\/#organization"},"image":{"@id":"https:\/\/www.sindicaturabarcelona.cat\/ca\/el-dret-a-laccessibilitat-i-la-inclusivitat-en-les-arees-de-joc-infantil-de-la-ciutat-de-barcelona\/#primaryimage"},"thumbnailUrl":"https:\/\/www.sindicaturabarcelona.cat\/wp-content\/uploads\/2022\/11\/23884_Jardins-de-Ca-lAranyo\u0301.jpg","articleSection":["Uncategorized @ca"],"inLanguage":"ca"},{"@type":"WebPage","@id":"https:\/\/www.sindicaturabarcelona.cat\/ca\/el-dret-a-laccessibilitat-i-la-inclusivitat-en-les-arees-de-joc-infantil-de-la-ciutat-de-barcelona\/","url":"https:\/\/www.sindicaturabarcelona.cat\/ca\/el-dret-a-laccessibilitat-i-la-inclusivitat-en-les-arees-de-joc-infantil-de-la-ciutat-de-barcelona\/","name":"El dret a l'accessibilitat i la inclusivitat en les \u00e0rees de joc infantil de la ciutat de Barcelona - Sindicatura de Greuges de Barcelona","isPartOf":{"@id":"https:\/\/www.sindicaturabarcelona.cat\/ca\/#website"},"primaryImageOfPage":{"@id":"https:\/\/www.sindicaturabarcelona.cat\/ca\/el-dret-a-laccessibilitat-i-la-inclusivitat-en-les-arees-de-joc-infantil-de-la-ciutat-de-barcelona\/#primaryimage"},"image":{"@id":"https:\/\/www.sindicaturabarcelona.cat\/ca\/el-dret-a-laccessibilitat-i-la-inclusivitat-en-les-arees-de-joc-infantil-de-la-ciutat-de-barcelona\/#primaryimage"},"thumbnailUrl":"https:\/\/www.sindicaturabarcelona.cat\/wp-content\/uploads\/2022\/11\/23884_Jardins-de-Ca-lAranyo\u0301.jpg","datePublished":"2022-11-11T09:36:46+00:00","dateModified":"2023-05-11T09:54:44+00:00","description":"La Sindicatura ha tornat a analitzar l\u2019accessibilitat i la inclusivitat de les \u00e0rees de joc infantil de la ciutat, ja que considera...","breadcrumb":{"@id":"https:\/\/www.sindicaturabarcelona.cat\/ca\/el-dret-a-laccessibilitat-i-la-inclusivitat-en-les-arees-de-joc-infantil-de-la-ciutat-de-barcelona\/#breadcrumb"},"inLanguage":"ca","potentialAction":[{"@type":"ReadAction","target":["https:\/\/www.sindicaturabarcelona.cat\/ca\/el-dret-a-laccessibilitat-i-la-inclusivitat-en-les-arees-de-joc-infantil-de-la-ciutat-de-barcelona\/"]}]},{"@type":"ImageObject","inLanguage":"ca","@id":"https:\/\/www.sindicaturabarcelona.cat\/ca\/el-dret-a-laccessibilitat-i-la-inclusivitat-en-les-arees-de-joc-infantil-de-la-ciutat-de-barcelona\/#primaryimage","url":"https:\/\/www.sindicaturabarcelona.cat\/wp-content\/uploads\/2022\/11\/23884_Jardins-de-Ca-lAranyo\u0301.jpg","contentUrl":"https:\/\/www.sindicaturabarcelona.cat\/wp-content\/uploads\/2022\/11\/23884_Jardins-de-Ca-lAranyo\u0301.jpg","width":1024,"height":768,"caption":"Parc infantil"},{"@type":"BreadcrumbList","@id":"https:\/\/www.sindicaturabarcelona.cat\/ca\/el-dret-a-laccessibilitat-i-la-inclusivitat-en-les-arees-de-joc-infantil-de-la-ciutat-de-barcelona\/#breadcrumb","itemListElement":[{"@type":"ListItem","position":1,"name":"Inici","item":"https:\/\/www.sindicaturabarcelona.cat\/ca\/"},{"@type":"ListItem","position":2,"name":"El dret a l&#8217;accessibilitat i la inclusivitat en les \u00e0rees de joc infantil de la ciutat de Barcelona"}]},{"@type":"WebSite","@id":"https:\/\/www.sindicaturabarcelona.cat\/ca\/#website","url":"https:\/\/www.sindicaturabarcelona.cat\/ca\/","name":"Sindicatura de Greuges de Barcelona","description":"La defensoria dels teus drets","publisher":{"@id":"https:\/\/www.sindicaturabarcelona.cat\/ca\/#organization"},"potentialAction":[{"@type":"SearchAction","target":{"@type":"EntryPoint","urlTemplate":"https:\/\/www.sindicaturabarcelona.cat\/ca\/?s={search_term_string}"},"query-input":{"@type":"PropertyValueSpecification","valueRequired":true,"valueName":"search_term_string"}}],"inLanguage":"ca"},{"@type":"Organization","@id":"https:\/\/www.sindicaturabarcelona.cat\/ca\/#organization","name":"Sindicatura de Greuges de Barcelona","url":"https:\/\/www.sindicaturabarcelona.cat\/ca\/","logo":{"@type":"ImageObject","inLanguage":"ca","@id":"https:\/\/www.sindicaturabarcelona.cat\/ca\/#\/schema\/logo\/image\/","url":"https:\/\/www.sindicaturabarcelona.cat\/wp-content\/uploads\/2023\/02\/logo_sindicatura.svg","contentUrl":"https:\/\/www.sindicaturabarcelona.cat\/wp-content\/uploads\/2023\/02\/logo_sindicatura.svg","caption":"Sindicatura de Greuges de Barcelona"},"image":{"@id":"https:\/\/www.sindicaturabarcelona.cat\/ca\/#\/schema\/logo\/image\/"},"sameAs":["https:\/\/x.com\/sindicbarcelona","https:\/\/www.instagram.com\/sindicbarcelona\/","https:\/\/www.tiktok.com\/@sindicaturabcn","https:\/\/t.me\/sindicaturabarcelona"]},{"@type":"Person","@id":"https:\/\/www.sindicaturabarcelona.cat\/ca\/#\/schema\/person\/0e5acffc350ffdbc97578159322c9452","name":"Pablo","image":{"@type":"ImageObject","inLanguage":"ca","@id":"https:\/\/secure.gravatar.com\/avatar\/c948169b402ef9492afde705c3dfd5e90e1a6a84ef6840a91124f805a25a480f?s=96&d=mm&r=g","url":"https:\/\/secure.gravatar.com\/avatar\/c948169b402ef9492afde705c3dfd5e90e1a6a84ef6840a91124f805a25a480f?s=96&d=mm&r=g","contentUrl":"https:\/\/secure.gravatar.com\/avatar\/c948169b402ef9492afde705c3dfd5e90e1a6a84ef6840a91124f805a25a480f?s=96&d=mm&r=g","caption":"Pablo"},"url":"https:\/\/www.sindicaturabarcelona.cat\/ca\/author\/pablo\/"}]}},"_links":{"self":[{"href":"https:\/\/www.sindicaturabarcelona.cat\/ca\/wp-json\/wp\/v2\/posts\/15370","targetHints":{"allow":["GET"]}}],"collection":[{"href":"https:\/\/www.sindicaturabarcelona.cat\/ca\/wp-json\/wp\/v2\/posts"}],"about":[{"href":"https:\/\/www.sindicaturabarcelona.cat\/ca\/wp-json\/wp\/v2\/types\/post"}],"author":[{"embeddable":true,"href":"https:\/\/www.sindicaturabarcelona.cat\/ca\/wp-json\/wp\/v2\/users\/2"}],"replies":[{"embeddable":true,"href":"https:\/\/www.sindicaturabarcelona.cat\/ca\/wp-json\/wp\/v2\/comments?post=15370"}],"version-history":[{"count":0,"href":"https:\/\/www.sindicaturabarcelona.cat\/ca\/wp-json\/wp\/v2\/posts\/15370\/revisions"}],"wp:featuredmedia":[{"embeddable":true,"href":"https:\/\/www.sindicaturabarcelona.cat\/ca\/wp-json\/wp\/v2\/media\/15372"}],"wp:attachment":[{"href":"https:\/\/www.sindicaturabarcelona.cat\/ca\/wp-json\/wp\/v2\/media?parent=15370"}],"wp:term":[{"taxonomy":"post_tag","embeddable":true,"href":"https:\/\/www.sindicaturabarcelona.cat\/ca\/wp-json\/wp\/v2\/tags?post=15370"},{"taxonomy":"drets","embeddable":true,"href":"https:\/\/www.sindicaturabarcelona.cat\/ca\/wp-json\/wp\/v2\/drets?post=15370"}],"curies":[{"name":"wp","href":"https:\/\/api.w.org\/{rel}","templated":true}]}}