{"id":15317,"date":"2022-11-03T17:12:29","date_gmt":"2022-11-03T15:12:29","guid":{"rendered":"https:\/\/www.sindicaturabarcelona.cat\/?p=15317"},"modified":"2022-11-03T17:17:31","modified_gmt":"2022-11-03T15:17:31","slug":"a-peu-de-carrer-la-sindicatura-visita-el-clot-camp-de-larpa","status":"publish","type":"post","link":"https:\/\/www.sindicaturabarcelona.cat\/ca\/a-peu-de-carrer-la-sindicatura-visita-el-clot-camp-de-larpa\/","title":{"rendered":"A peu de carrer: la Sindicatura visita el Clot-Camp de l&#8217;Arpa"},"content":{"rendered":"\n<p class=\"has-text-align-justify\">En una nova edici\u00f3 del projecte <em>A peu de carrer<\/em>, la Sindicatura de Greuges de Barcelona ha recorregut el Clot-Camp de l\u2019Arpa per atendre les propostes, reclams i preocupacions del moviment ve\u00efnal i associatiu de la zona.<\/p>\n\n\n\n<p class=\"has-text-align-justify\">La jornada va comen\u00e7ar amb una trobada amb l\u2019<strong>Associaci\u00f3 de Ve\u00efnes i Ve\u00efns de Clot \u2013 Camp de l\u2019Arpa<\/strong>, amb qui va tractar-se el Pla de protecci\u00f3 patrimonial del Clot; la situaci\u00f3 de l\u2019execuci\u00f3 de les obres de la Torre del Fang o Can Miralletes; els usos que tindr\u00e0 l\u2019equipament de la F\u00e0brica del Plom, i altres temes objecte de queixa a la Sindicatura.<\/p>\n\n\n\n<p class=\"has-text-align-justify\">Posteriorment, l&#8217;equip de la Sindicatura de Greuges de Barcelona, encap\u00e7alat pel s\u00edndic Bondia, va despla\u00e7ar-se a l&#8217;entorn de les Gl\u00f2ries, per avaluar la incid\u00e8ncia de les obres, les possibles mol\u00e8sties ocasionades per l&#8217;edicte ubicat a Llacuna-Gran Via, o l&#8217;afectaci\u00f3 a l&#8217;Escola Casas, entre altres.<\/p>\n\n\n\n<p class=\"has-text-align-justify\">Abans d&#8217;iniciar la tarda, va tenir lloc una reuni\u00f3 amb la <strong>Federaci\u00f3 d&#8217;Entitats del Clot \u2013 Camp de l&#8217;Arpa<\/strong>, la coordinadora que aplega 43 entitats del barri. Des de la federaci\u00f3 ens van traslladar la seva preocupaci\u00f3 per l&#8217;\u00fas de l&#8217;espai p\u00fablic, pel futur de la gesti\u00f3 comunit\u00e0ria del patrimoni ciutad\u00e0, i pels equipaments pendents.<\/p>\n\n\n\n<p class=\"has-text-align-justify\"><em>A peu de carrer<\/em> al Clot-Camp de l&#8217;Arpa va concloure amb una darrera trobada amb l\u2019<strong>Orfe\u00f3 Martinenc<\/strong>, l&#8217;entitat sociocultural que promou la cultura popular del barri i facilita espais a moltes entitats de la zona. Els representants de l\u2019Orfe\u00f3 van manifestar la seva inquietud per la complicada situaci\u00f3 que pateixen els ateneus a Barcelona.<\/p>\n\n\n\n<p class=\"has-text-align-justify\">En aquest primer any del per\u00edode 2021-2026, la defensoria ja ha estat present en els barris de <a href=\"https:\/\/www.sindicaturabarcelona.cat\/2022\/02\/01\/sindic-barcelona-engega-a-peu-de-carrer\/\" target=\"_blank\" rel=\"noreferrer noopener\">Sant Mart\u00ed de Proven\u00e7als; la Verneda i la Pau<\/a>; <a href=\"https:\/\/www.sindicaturabarcelona.cat\/2022\/04\/28\/sindicatura-trasllada-recomanacions-a-ajuntament-envers-llosa-ronda-sant-antoni\/\" target=\"_blank\" rel=\"noreferrer noopener\">Sant Antoni<\/a>; <a href=\"https:\/\/www.sindicaturabarcelona.cat\/2022\/03\/01\/sindic-visita-baix-guinardo-i-raval-a-peu-de-carrer\/\">el Baix Guinard\u00f3; el Raval<\/a>; <a href=\"https:\/\/beteve.cat\/societat\/ruta-sindic-barcelona-un-barri-setmana\/\" target=\"_blank\" rel=\"noreferrer noopener\">Vallvidrera, Tibidabo i Les Planes<\/a>; <a href=\"https:\/\/twitter.com\/sindicbarcelona\/status\/1517211406529146881?s=20&amp;t=9rx43LrSHJJV1i_NtYbiAg\" target=\"_blank\" rel=\"noreferrer noopener\">Bon Pastor<\/a>; <a href=\"https:\/\/www.sindicaturabarcelona.cat\/2022\/09\/22\/nova-edicio-del-sindic-a-prop-teu-a-ciutat-meridiana-torre-baro-i-vallbona\/\" target=\"_blank\" rel=\"noreferrer noopener\">Torre Bar\u00f3; Ciutat Meridiana; Vallbona<\/a>; <a href=\"https:\/\/www.sindicaturabarcelona.cat\/2022\/06\/14\/la-sindicatura-de-greuges-de-barcelona-du-a-terme-una-visita-a-dues-zones-doci-nocturn-a-lespai-public-el-forum-i-el-triangle-golfo\/\" target=\"_blank\" rel=\"noreferrer noopener\">Diagonal Mar-Front Mar\u00edtim del Poblenou; el Bes\u00f2s i el Maresme<\/a>; <a href=\"https:\/\/www.sindicaturabarcelona.cat\/2022\/08\/05\/el-barri-de-la-barceloneta-la-darrera-visita-a-peu-de-carrer-de-la-sindicatura-de-greuges-de-barcelona\/\" target=\"_blank\" rel=\"noreferrer noopener\">Barceloneta<\/a>; <a href=\"https:\/\/diarieljardi.cat\/la-sindicatura-de-greuges-fa-seguiment-presencial-de-nit-del-porta-a-porta-a-sarria\/\" target=\"_blank\" rel=\"noreferrer noopener\">Sarri\u00e0; Sant Andreu<\/a>, i <a href=\"https:\/\/twitter.com\/sindicbarcelona\/status\/1580500087188299776?s=20&amp;t=wl6eIUqCdUWiEBzdzUQCgw\" target=\"_blank\" rel=\"noreferrer noopener\">Les Corts<\/a>. <\/p>\n\n\n\n<p class=\"has-text-align-justify\">Abans de tancar l\u2019any, la Sindicatura t\u00e9 previst despla\u00e7ar-se a Horta; el G\u00f2tic; la Marina, i la Marina del Prat Vermell, entre altres.<\/p>\n","protected":false},"excerpt":{"rendered":"<p>En una nova edici\u00f3 del projecte A peu de carrer, la Sindicatura de Greuges de Barcelona ha recorregut el Clot-Camp de l\u2019Arpa per atendre les propostes, reclams i preocupacions del [&hellip;]<\/p>\n","protected":false},"author":2,"featured_media":15319,"comment_status":"closed","ping_status":"open","sticky":false,"template":"","format":"standard","meta":{"_acf_changed":false,"footnotes":""},"tags":[],"drets":[],"class_list":["post-15317","post","type-post","status-publish","format-standard","has-post-thumbnail","hentry"],"acf":[],"yoast_head":"<!-- This site is optimized with the Yoast SEO plugin v27.5 - https:\/\/yoast.com\/product\/yoast-seo-wordpress\/ -->\n<title>A peu de carrer: la Sindicatura visita el Clot-Camp de l&#039;Arpa - Sindicatura de Greuges de Barcelona<\/title>\n<meta name=\"description\" content=\"En una nova edici\u00f3 del projecte A peu de carrer, la Sindicatura ha recorregut el Clot-Camp de l\u2019Arpa per atendre les propostes, reclams i preocupacions...\" \/>\n<meta name=\"robots\" content=\"index, follow, max-snippet:-1, max-image-preview:large, max-video-preview:-1\" \/>\n<link rel=\"canonical\" href=\"https:\/\/www.sindicaturabarcelona.cat\/ca\/a-peu-de-carrer-la-sindicatura-visita-el-clot-camp-de-larpa\/\" \/>\n<meta property=\"og:locale\" content=\"ca_ES\" \/>\n<meta property=\"og:type\" content=\"article\" \/>\n<meta property=\"og:title\" content=\"A peu de carrer: la Sindicatura visita el Clot-Camp de l&#039;Arpa - Sindicatura de Greuges de Barcelona\" \/>\n<meta property=\"og:description\" content=\"En una nova edici\u00f3 del projecte A peu de carrer, la Sindicatura ha recorregut el Clot-Camp de l\u2019Arpa per atendre les propostes, reclams i preocupacions...\" \/>\n<meta property=\"og:url\" content=\"https:\/\/www.sindicaturabarcelona.cat\/ca\/a-peu-de-carrer-la-sindicatura-visita-el-clot-camp-de-larpa\/\" \/>\n<meta property=\"og:site_name\" content=\"Sindicatura de Greuges de Barcelona\" \/>\n<meta property=\"article:published_time\" content=\"2022-11-03T15:12:29+00:00\" \/>\n<meta property=\"article:modified_time\" content=\"2022-11-03T15:17:31+00:00\" \/>\n<meta property=\"og:image\" content=\"https:\/\/www.sindicaturabarcelona.cat\/wp-content\/uploads\/2022\/11\/7D9A8685-scaled.jpg\" \/>\n\t<meta property=\"og:image:width\" content=\"2560\" \/>\n\t<meta property=\"og:image:height\" content=\"1707\" \/>\n\t<meta property=\"og:image:type\" content=\"image\/jpeg\" \/>\n<meta name=\"author\" content=\"Pablo\" \/>\n<meta name=\"twitter:card\" content=\"summary_large_image\" \/>\n<meta name=\"twitter:creator\" content=\"@sindicbarcelona\" \/>\n<meta name=\"twitter:site\" content=\"@sindicbarcelona\" \/>\n<meta name=\"twitter:label1\" content=\"Escrit per\" \/>\n\t<meta name=\"twitter:data1\" content=\"Pablo\" \/>\n\t<meta name=\"twitter:label2\" content=\"Temps estimat de lectura\" \/>\n\t<meta name=\"twitter:data2\" content=\"2 minuts\" \/>\n<script type=\"application\/ld+json\" class=\"yoast-schema-graph\">{\"@context\":\"https:\\\/\\\/schema.org\",\"@graph\":[{\"@type\":\"Article\",\"@id\":\"https:\\\/\\\/www.sindicaturabarcelona.cat\\\/ca\\\/a-peu-de-carrer-la-sindicatura-visita-el-clot-camp-de-larpa\\\/#article\",\"isPartOf\":{\"@id\":\"https:\\\/\\\/www.sindicaturabarcelona.cat\\\/ca\\\/a-peu-de-carrer-la-sindicatura-visita-el-clot-camp-de-larpa\\\/\"},\"author\":{\"name\":\"Pablo\",\"@id\":\"https:\\\/\\\/www.sindicaturabarcelona.cat\\\/ca\\\/#\\\/schema\\\/person\\\/0e5acffc350ffdbc97578159322c9452\"},\"headline\":\"A peu de carrer: la Sindicatura visita el Clot-Camp de l&#8217;Arpa\",\"datePublished\":\"2022-11-03T15:12:29+00:00\",\"dateModified\":\"2022-11-03T15:17:31+00:00\",\"mainEntityOfPage\":{\"@id\":\"https:\\\/\\\/www.sindicaturabarcelona.cat\\\/ca\\\/a-peu-de-carrer-la-sindicatura-visita-el-clot-camp-de-larpa\\\/\"},\"wordCount\":387,\"publisher\":{\"@id\":\"https:\\\/\\\/www.sindicaturabarcelona.cat\\\/ca\\\/#organization\"},\"image\":{\"@id\":\"https:\\\/\\\/www.sindicaturabarcelona.cat\\\/ca\\\/a-peu-de-carrer-la-sindicatura-visita-el-clot-camp-de-larpa\\\/#primaryimage\"},\"thumbnailUrl\":\"https:\\\/\\\/www.sindicaturabarcelona.cat\\\/wp-content\\\/uploads\\\/2022\\\/11\\\/7D9A8685-scaled.jpg\",\"inLanguage\":\"ca\"},{\"@type\":\"WebPage\",\"@id\":\"https:\\\/\\\/www.sindicaturabarcelona.cat\\\/ca\\\/a-peu-de-carrer-la-sindicatura-visita-el-clot-camp-de-larpa\\\/\",\"url\":\"https:\\\/\\\/www.sindicaturabarcelona.cat\\\/ca\\\/a-peu-de-carrer-la-sindicatura-visita-el-clot-camp-de-larpa\\\/\",\"name\":\"A peu de carrer: la Sindicatura visita el Clot-Camp de l'Arpa - Sindicatura de Greuges de Barcelona\",\"isPartOf\":{\"@id\":\"https:\\\/\\\/www.sindicaturabarcelona.cat\\\/ca\\\/#website\"},\"primaryImageOfPage\":{\"@id\":\"https:\\\/\\\/www.sindicaturabarcelona.cat\\\/ca\\\/a-peu-de-carrer-la-sindicatura-visita-el-clot-camp-de-larpa\\\/#primaryimage\"},\"image\":{\"@id\":\"https:\\\/\\\/www.sindicaturabarcelona.cat\\\/ca\\\/a-peu-de-carrer-la-sindicatura-visita-el-clot-camp-de-larpa\\\/#primaryimage\"},\"thumbnailUrl\":\"https:\\\/\\\/www.sindicaturabarcelona.cat\\\/wp-content\\\/uploads\\\/2022\\\/11\\\/7D9A8685-scaled.jpg\",\"datePublished\":\"2022-11-03T15:12:29+00:00\",\"dateModified\":\"2022-11-03T15:17:31+00:00\",\"description\":\"En una nova edici\u00f3 del projecte A peu de carrer, la Sindicatura ha recorregut el Clot-Camp de l\u2019Arpa per atendre les propostes, reclams i preocupacions...\",\"breadcrumb\":{\"@id\":\"https:\\\/\\\/www.sindicaturabarcelona.cat\\\/ca\\\/a-peu-de-carrer-la-sindicatura-visita-el-clot-camp-de-larpa\\\/#breadcrumb\"},\"inLanguage\":\"ca\",\"potentialAction\":[{\"@type\":\"ReadAction\",\"target\":[\"https:\\\/\\\/www.sindicaturabarcelona.cat\\\/ca\\\/a-peu-de-carrer-la-sindicatura-visita-el-clot-camp-de-larpa\\\/\"]}]},{\"@type\":\"ImageObject\",\"inLanguage\":\"ca\",\"@id\":\"https:\\\/\\\/www.sindicaturabarcelona.cat\\\/ca\\\/a-peu-de-carrer-la-sindicatura-visita-el-clot-camp-de-larpa\\\/#primaryimage\",\"url\":\"https:\\\/\\\/www.sindicaturabarcelona.cat\\\/wp-content\\\/uploads\\\/2022\\\/11\\\/7D9A8685-scaled.jpg\",\"contentUrl\":\"https:\\\/\\\/www.sindicaturabarcelona.cat\\\/wp-content\\\/uploads\\\/2022\\\/11\\\/7D9A8685-scaled.jpg\",\"width\":2560,\"height\":1707,\"caption\":\"Clot-Camp de l'Arpa\"},{\"@type\":\"BreadcrumbList\",\"@id\":\"https:\\\/\\\/www.sindicaturabarcelona.cat\\\/ca\\\/a-peu-de-carrer-la-sindicatura-visita-el-clot-camp-de-larpa\\\/#breadcrumb\",\"itemListElement\":[{\"@type\":\"ListItem\",\"position\":1,\"name\":\"Inici\",\"item\":\"https:\\\/\\\/www.sindicaturabarcelona.cat\\\/ca\\\/\"},{\"@type\":\"ListItem\",\"position\":2,\"name\":\"A peu de carrer: la Sindicatura visita el Clot-Camp de l&#8217;Arpa\"}]},{\"@type\":\"WebSite\",\"@id\":\"https:\\\/\\\/www.sindicaturabarcelona.cat\\\/ca\\\/#website\",\"url\":\"https:\\\/\\\/www.sindicaturabarcelona.cat\\\/ca\\\/\",\"name\":\"Sindicatura de Greuges de Barcelona\",\"description\":\"La defensoria dels teus drets\",\"publisher\":{\"@id\":\"https:\\\/\\\/www.sindicaturabarcelona.cat\\\/ca\\\/#organization\"},\"potentialAction\":[{\"@type\":\"SearchAction\",\"target\":{\"@type\":\"EntryPoint\",\"urlTemplate\":\"https:\\\/\\\/www.sindicaturabarcelona.cat\\\/ca\\\/?s={search_term_string}\"},\"query-input\":{\"@type\":\"PropertyValueSpecification\",\"valueRequired\":true,\"valueName\":\"search_term_string\"}}],\"inLanguage\":\"ca\"},{\"@type\":\"Organization\",\"@id\":\"https:\\\/\\\/www.sindicaturabarcelona.cat\\\/ca\\\/#organization\",\"name\":\"Sindicatura de Greuges de Barcelona\",\"url\":\"https:\\\/\\\/www.sindicaturabarcelona.cat\\\/ca\\\/\",\"logo\":{\"@type\":\"ImageObject\",\"inLanguage\":\"ca\",\"@id\":\"https:\\\/\\\/www.sindicaturabarcelona.cat\\\/ca\\\/#\\\/schema\\\/logo\\\/image\\\/\",\"url\":\"https:\\\/\\\/www.sindicaturabarcelona.cat\\\/wp-content\\\/uploads\\\/2023\\\/02\\\/logo_sindicatura.svg\",\"contentUrl\":\"https:\\\/\\\/www.sindicaturabarcelona.cat\\\/wp-content\\\/uploads\\\/2023\\\/02\\\/logo_sindicatura.svg\",\"caption\":\"Sindicatura de Greuges de Barcelona\"},\"image\":{\"@id\":\"https:\\\/\\\/www.sindicaturabarcelona.cat\\\/ca\\\/#\\\/schema\\\/logo\\\/image\\\/\"},\"sameAs\":[\"https:\\\/\\\/x.com\\\/sindicbarcelona\",\"https:\\\/\\\/www.instagram.com\\\/sindicbarcelona\\\/\",\"https:\\\/\\\/www.tiktok.com\\\/@sindicaturabcn\",\"https:\\\/\\\/t.me\\\/sindicaturabarcelona\"]},{\"@type\":\"Person\",\"@id\":\"https:\\\/\\\/www.sindicaturabarcelona.cat\\\/ca\\\/#\\\/schema\\\/person\\\/0e5acffc350ffdbc97578159322c9452\",\"name\":\"Pablo\",\"image\":{\"@type\":\"ImageObject\",\"inLanguage\":\"ca\",\"@id\":\"https:\\\/\\\/secure.gravatar.com\\\/avatar\\\/c948169b402ef9492afde705c3dfd5e90e1a6a84ef6840a91124f805a25a480f?s=96&d=mm&r=g\",\"url\":\"https:\\\/\\\/secure.gravatar.com\\\/avatar\\\/c948169b402ef9492afde705c3dfd5e90e1a6a84ef6840a91124f805a25a480f?s=96&d=mm&r=g\",\"contentUrl\":\"https:\\\/\\\/secure.gravatar.com\\\/avatar\\\/c948169b402ef9492afde705c3dfd5e90e1a6a84ef6840a91124f805a25a480f?s=96&d=mm&r=g\",\"caption\":\"Pablo\"},\"url\":\"https:\\\/\\\/www.sindicaturabarcelona.cat\\\/ca\\\/author\\\/pablo\\\/\"}]}<\/script>\n<!-- \/ Yoast SEO plugin. -->","yoast_head_json":{"title":"A peu de carrer: la Sindicatura visita el Clot-Camp de l'Arpa - Sindicatura de Greuges de Barcelona","description":"En una nova edici\u00f3 del projecte A peu de carrer, la Sindicatura ha recorregut el Clot-Camp de l\u2019Arpa per atendre les propostes, reclams i preocupacions...","robots":{"index":"index","follow":"follow","max-snippet":"max-snippet:-1","max-image-preview":"max-image-preview:large","max-video-preview":"max-video-preview:-1"},"canonical":"https:\/\/www.sindicaturabarcelona.cat\/ca\/a-peu-de-carrer-la-sindicatura-visita-el-clot-camp-de-larpa\/","og_locale":"ca_ES","og_type":"article","og_title":"A peu de carrer: la Sindicatura visita el Clot-Camp de l'Arpa - Sindicatura de Greuges de Barcelona","og_description":"En una nova edici\u00f3 del projecte A peu de carrer, la Sindicatura ha recorregut el Clot-Camp de l\u2019Arpa per atendre les propostes, reclams i preocupacions...","og_url":"https:\/\/www.sindicaturabarcelona.cat\/ca\/a-peu-de-carrer-la-sindicatura-visita-el-clot-camp-de-larpa\/","og_site_name":"Sindicatura de Greuges de Barcelona","article_published_time":"2022-11-03T15:12:29+00:00","article_modified_time":"2022-11-03T15:17:31+00:00","og_image":[{"width":2560,"height":1707,"url":"https:\/\/www.sindicaturabarcelona.cat\/wp-content\/uploads\/2022\/11\/7D9A8685-scaled.jpg","type":"image\/jpeg"}],"author":"Pablo","twitter_card":"summary_large_image","twitter_creator":"@sindicbarcelona","twitter_site":"@sindicbarcelona","twitter_misc":{"Escrit per":"Pablo","Temps estimat de lectura":"2 minuts"},"schema":{"@context":"https:\/\/schema.org","@graph":[{"@type":"Article","@id":"https:\/\/www.sindicaturabarcelona.cat\/ca\/a-peu-de-carrer-la-sindicatura-visita-el-clot-camp-de-larpa\/#article","isPartOf":{"@id":"https:\/\/www.sindicaturabarcelona.cat\/ca\/a-peu-de-carrer-la-sindicatura-visita-el-clot-camp-de-larpa\/"},"author":{"name":"Pablo","@id":"https:\/\/www.sindicaturabarcelona.cat\/ca\/#\/schema\/person\/0e5acffc350ffdbc97578159322c9452"},"headline":"A peu de carrer: la Sindicatura visita el Clot-Camp de l&#8217;Arpa","datePublished":"2022-11-03T15:12:29+00:00","dateModified":"2022-11-03T15:17:31+00:00","mainEntityOfPage":{"@id":"https:\/\/www.sindicaturabarcelona.cat\/ca\/a-peu-de-carrer-la-sindicatura-visita-el-clot-camp-de-larpa\/"},"wordCount":387,"publisher":{"@id":"https:\/\/www.sindicaturabarcelona.cat\/ca\/#organization"},"image":{"@id":"https:\/\/www.sindicaturabarcelona.cat\/ca\/a-peu-de-carrer-la-sindicatura-visita-el-clot-camp-de-larpa\/#primaryimage"},"thumbnailUrl":"https:\/\/www.sindicaturabarcelona.cat\/wp-content\/uploads\/2022\/11\/7D9A8685-scaled.jpg","inLanguage":"ca"},{"@type":"WebPage","@id":"https:\/\/www.sindicaturabarcelona.cat\/ca\/a-peu-de-carrer-la-sindicatura-visita-el-clot-camp-de-larpa\/","url":"https:\/\/www.sindicaturabarcelona.cat\/ca\/a-peu-de-carrer-la-sindicatura-visita-el-clot-camp-de-larpa\/","name":"A peu de carrer: la Sindicatura visita el Clot-Camp de l'Arpa - Sindicatura de Greuges de Barcelona","isPartOf":{"@id":"https:\/\/www.sindicaturabarcelona.cat\/ca\/#website"},"primaryImageOfPage":{"@id":"https:\/\/www.sindicaturabarcelona.cat\/ca\/a-peu-de-carrer-la-sindicatura-visita-el-clot-camp-de-larpa\/#primaryimage"},"image":{"@id":"https:\/\/www.sindicaturabarcelona.cat\/ca\/a-peu-de-carrer-la-sindicatura-visita-el-clot-camp-de-larpa\/#primaryimage"},"thumbnailUrl":"https:\/\/www.sindicaturabarcelona.cat\/wp-content\/uploads\/2022\/11\/7D9A8685-scaled.jpg","datePublished":"2022-11-03T15:12:29+00:00","dateModified":"2022-11-03T15:17:31+00:00","description":"En una nova edici\u00f3 del projecte A peu de carrer, la Sindicatura ha recorregut el Clot-Camp de l\u2019Arpa per atendre les propostes, reclams i preocupacions...","breadcrumb":{"@id":"https:\/\/www.sindicaturabarcelona.cat\/ca\/a-peu-de-carrer-la-sindicatura-visita-el-clot-camp-de-larpa\/#breadcrumb"},"inLanguage":"ca","potentialAction":[{"@type":"ReadAction","target":["https:\/\/www.sindicaturabarcelona.cat\/ca\/a-peu-de-carrer-la-sindicatura-visita-el-clot-camp-de-larpa\/"]}]},{"@type":"ImageObject","inLanguage":"ca","@id":"https:\/\/www.sindicaturabarcelona.cat\/ca\/a-peu-de-carrer-la-sindicatura-visita-el-clot-camp-de-larpa\/#primaryimage","url":"https:\/\/www.sindicaturabarcelona.cat\/wp-content\/uploads\/2022\/11\/7D9A8685-scaled.jpg","contentUrl":"https:\/\/www.sindicaturabarcelona.cat\/wp-content\/uploads\/2022\/11\/7D9A8685-scaled.jpg","width":2560,"height":1707,"caption":"Clot-Camp de l'Arpa"},{"@type":"BreadcrumbList","@id":"https:\/\/www.sindicaturabarcelona.cat\/ca\/a-peu-de-carrer-la-sindicatura-visita-el-clot-camp-de-larpa\/#breadcrumb","itemListElement":[{"@type":"ListItem","position":1,"name":"Inici","item":"https:\/\/www.sindicaturabarcelona.cat\/ca\/"},{"@type":"ListItem","position":2,"name":"A peu de carrer: la Sindicatura visita el Clot-Camp de l&#8217;Arpa"}]},{"@type":"WebSite","@id":"https:\/\/www.sindicaturabarcelona.cat\/ca\/#website","url":"https:\/\/www.sindicaturabarcelona.cat\/ca\/","name":"Sindicatura de Greuges de Barcelona","description":"La defensoria dels teus drets","publisher":{"@id":"https:\/\/www.sindicaturabarcelona.cat\/ca\/#organization"},"potentialAction":[{"@type":"SearchAction","target":{"@type":"EntryPoint","urlTemplate":"https:\/\/www.sindicaturabarcelona.cat\/ca\/?s={search_term_string}"},"query-input":{"@type":"PropertyValueSpecification","valueRequired":true,"valueName":"search_term_string"}}],"inLanguage":"ca"},{"@type":"Organization","@id":"https:\/\/www.sindicaturabarcelona.cat\/ca\/#organization","name":"Sindicatura de Greuges de Barcelona","url":"https:\/\/www.sindicaturabarcelona.cat\/ca\/","logo":{"@type":"ImageObject","inLanguage":"ca","@id":"https:\/\/www.sindicaturabarcelona.cat\/ca\/#\/schema\/logo\/image\/","url":"https:\/\/www.sindicaturabarcelona.cat\/wp-content\/uploads\/2023\/02\/logo_sindicatura.svg","contentUrl":"https:\/\/www.sindicaturabarcelona.cat\/wp-content\/uploads\/2023\/02\/logo_sindicatura.svg","caption":"Sindicatura de Greuges de Barcelona"},"image":{"@id":"https:\/\/www.sindicaturabarcelona.cat\/ca\/#\/schema\/logo\/image\/"},"sameAs":["https:\/\/x.com\/sindicbarcelona","https:\/\/www.instagram.com\/sindicbarcelona\/","https:\/\/www.tiktok.com\/@sindicaturabcn","https:\/\/t.me\/sindicaturabarcelona"]},{"@type":"Person","@id":"https:\/\/www.sindicaturabarcelona.cat\/ca\/#\/schema\/person\/0e5acffc350ffdbc97578159322c9452","name":"Pablo","image":{"@type":"ImageObject","inLanguage":"ca","@id":"https:\/\/secure.gravatar.com\/avatar\/c948169b402ef9492afde705c3dfd5e90e1a6a84ef6840a91124f805a25a480f?s=96&d=mm&r=g","url":"https:\/\/secure.gravatar.com\/avatar\/c948169b402ef9492afde705c3dfd5e90e1a6a84ef6840a91124f805a25a480f?s=96&d=mm&r=g","contentUrl":"https:\/\/secure.gravatar.com\/avatar\/c948169b402ef9492afde705c3dfd5e90e1a6a84ef6840a91124f805a25a480f?s=96&d=mm&r=g","caption":"Pablo"},"url":"https:\/\/www.sindicaturabarcelona.cat\/ca\/author\/pablo\/"}]}},"_links":{"self":[{"href":"https:\/\/www.sindicaturabarcelona.cat\/ca\/wp-json\/wp\/v2\/posts\/15317","targetHints":{"allow":["GET"]}}],"collection":[{"href":"https:\/\/www.sindicaturabarcelona.cat\/ca\/wp-json\/wp\/v2\/posts"}],"about":[{"href":"https:\/\/www.sindicaturabarcelona.cat\/ca\/wp-json\/wp\/v2\/types\/post"}],"author":[{"embeddable":true,"href":"https:\/\/www.sindicaturabarcelona.cat\/ca\/wp-json\/wp\/v2\/users\/2"}],"replies":[{"embeddable":true,"href":"https:\/\/www.sindicaturabarcelona.cat\/ca\/wp-json\/wp\/v2\/comments?post=15317"}],"version-history":[{"count":0,"href":"https:\/\/www.sindicaturabarcelona.cat\/ca\/wp-json\/wp\/v2\/posts\/15317\/revisions"}],"wp:featuredmedia":[{"embeddable":true,"href":"https:\/\/www.sindicaturabarcelona.cat\/ca\/wp-json\/wp\/v2\/media\/15319"}],"wp:attachment":[{"href":"https:\/\/www.sindicaturabarcelona.cat\/ca\/wp-json\/wp\/v2\/media?parent=15317"}],"wp:term":[{"taxonomy":"post_tag","embeddable":true,"href":"https:\/\/www.sindicaturabarcelona.cat\/ca\/wp-json\/wp\/v2\/tags?post=15317"},{"taxonomy":"drets","embeddable":true,"href":"https:\/\/www.sindicaturabarcelona.cat\/ca\/wp-json\/wp\/v2\/drets?post=15317"}],"curies":[{"name":"wp","href":"https:\/\/api.w.org\/{rel}","templated":true}]}}