{"id":15281,"date":"2022-10-27T16:12:56","date_gmt":"2022-10-27T14:12:56","guid":{"rendered":"https:\/\/www.sindicaturabarcelona.cat\/?p=15281"},"modified":"2022-10-28T18:01:26","modified_gmt":"2022-10-28T16:01:26","slug":"la-sindicatura-de-greuges-de-barcelona-repassa-el-primer-any-del-periode-2021-2026","status":"publish","type":"post","link":"https:\/\/www.sindicaturabarcelona.cat\/ca\/la-sindicatura-de-greuges-de-barcelona-repassa-el-primer-any-del-periode-2021-2026\/","title":{"rendered":"La Sindicatura de Greuges de Barcelona repassa el primer any del per\u00edode 2021-2026"},"content":{"rendered":"\n<p class=\"has-text-align-justify\">El nou projecte de la Sindicatura de Greuges de Barcelona per al per\u00edode 2021-2026 va comen\u00e7ar un any enrere, quan David Bondia va prendre possessi\u00f3 com a nou s\u00edndic de greuges de Barcelona el darrer mes d\u2019octubre del 2021.<\/p>\n\n\n\n<p class=\"has-text-align-justify\">La Sindicatura aprofita aquesta efem\u00e8ride per repassar les iniciatives i les accions dutes a terme des de la instituci\u00f3 en aquest primer any de nou projecte.<\/p>\n\n\n\n<p><strong>Una Sindicatura al costat de la ciutadania<\/strong><\/p>\n\n\n\n<p class=\"has-text-align-justify\">La ciutat \u00e9s la seva gent, les seves persones, el seu teixit social. Per aquesta ra\u00f3, <strong>un dels nous prop\u00f2sits que persegueix la Sindicatura \u00e9s que la instituci\u00f3 estigui present en els setanta-tres barris i els deu districtes que conformen Barcelona<\/strong>. La Sindicatura de Greuges ha de ser un territori i no nom\u00e9s una ubicaci\u00f3 f\u00edsica. \u201c<strong>S\u2019ha de treballar de forma itinerant en el territori per con\u00e8ixer i connectar amb les problem\u00e0tiques de la ciutadania<\/strong> <strong>vinculades als drets humans de proximitat\u201d<\/strong>, manifesta David Bondia.<\/p>\n\n\n\n<p class=\"has-text-align-justify\">Mensualment es duen a terme tres accions presencials per acostar la instituci\u00f3 a la ciutadania:<\/p>\n\n\n\n<figure class=\"wp-block-table\"><table><tbody><tr><td><strong>Iniciativa<\/strong> <strong>&nbsp;<\/strong><\/td><td><strong>Breu descripci\u00f3<\/strong><\/td><\/tr><tr><td><strong>La Sindicatura, a peu de carrer<\/strong> &nbsp;<\/td><td>Visita i passejada pels diferents barris de la ciutat, acompanyades de representants dels moviments ve\u00efnals, sectorials, educatius, etc. &nbsp;<\/td><\/tr><tr><td><strong>La Sindicatura, a prop teu<\/strong> &nbsp;<\/td><td>Organitzaci\u00f3 d\u2019una audi\u00e8ncia del s\u00edndic i l\u2019adjunta als diferents barris de la ciutat, amb l\u2019objectiu de presentar la instituci\u00f3 a la ciutadania, i que aquesta plantegi els reclams m\u00e9s destacats del barri. &nbsp;<\/td><\/tr><tr><td><strong>Sindicatura itinerant<\/strong> &nbsp;<\/td><td>Membres de l\u2019equip de la defensoria es traslladen a equipaments de la ciutat per atendre en primera persona la ciutadania que vulgui fer consultes o presentar queixes. &nbsp;<\/td><\/tr><\/tbody><\/table><\/figure>\n\n\n\n<p class=\"has-text-align-justify\">Actualment, la Sindicatura ja ha estat present en els barris de <a href=\"https:\/\/www.sindicaturabarcelona.cat\/2022\/02\/01\/sindic-barcelona-engega-a-peu-de-carrer\/\" target=\"_blank\" rel=\"noreferrer noopener\">Sant Mart\u00ed de Proven\u00e7als; la Verneda i la Pau<\/a>; a <a href=\"https:\/\/www.sindicaturabarcelona.cat\/2022\/04\/28\/sindicatura-trasllada-recomanacions-a-ajuntament-envers-llosa-ronda-sant-antoni\/\" target=\"_blank\" rel=\"noreferrer noopener\">Sant Antoni<\/a>; <a href=\"https:\/\/www.sindicaturabarcelona.cat\/2022\/03\/01\/sindic-visita-baix-guinardo-i-raval-a-peu-de-carrer\/\">el Baix Guinard\u00f3; el Raval<\/a>; <a href=\"https:\/\/beteve.cat\/societat\/ruta-sindic-barcelona-un-barri-setmana\/\" target=\"_blank\" rel=\"noreferrer noopener\">Vallvidrera, Tibidabo i Les Planes<\/a>; <a href=\"https:\/\/twitter.com\/sindicbarcelona\/status\/1517211406529146881?s=20&amp;t=9rx43LrSHJJV1i_NtYbiAg\" target=\"_blank\" rel=\"noreferrer noopener\">Bon Pastor<\/a>; <a href=\"https:\/\/www.sindicaturabarcelona.cat\/2022\/09\/22\/nova-edicio-del-sindic-a-prop-teu-a-ciutat-meridiana-torre-baro-i-vallbona\/\" target=\"_blank\" rel=\"noreferrer noopener\">Torre Bar\u00f3; Ciutat Meridiana; Vallbona<\/a>; <a href=\"https:\/\/www.sindicaturabarcelona.cat\/2022\/06\/14\/la-sindicatura-de-greuges-de-barcelona-du-a-terme-una-visita-a-dues-zones-doci-nocturn-a-lespai-public-el-forum-i-el-triangle-golfo\/\" target=\"_blank\" rel=\"noreferrer noopener\">Diagonal Mar-Front Mar\u00edtim del Poblenou; el Bes\u00f2s i el Maresme<\/a>; <a href=\"https:\/\/www.sindicaturabarcelona.cat\/2022\/08\/05\/el-barri-de-la-barceloneta-la-darrera-visita-a-peu-de-carrer-de-la-sindicatura-de-greuges-de-barcelona\/\" target=\"_blank\" rel=\"noreferrer noopener\">Barceloneta<\/a>; <a href=\"https:\/\/diarieljardi.cat\/la-sindicatura-de-greuges-fa-seguiment-presencial-de-nit-del-porta-a-porta-a-sarria\/\" target=\"_blank\" rel=\"noreferrer noopener\">Sarri\u00e0; Sant Andreu<\/a>, <a href=\"https:\/\/twitter.com\/sindicbarcelona\/status\/1580500087188299776?s=20&amp;t=wl6eIUqCdUWiEBzdzUQCgw\" target=\"_blank\" rel=\"noreferrer noopener\">Les Corts<\/a> i <a href=\"https:\/\/twitter.com\/sindicbarcelona\/status\/1585589384019058688?s=20&amp;t=Hy8fhSgGNr9IOIPYysCAVw\" target=\"_blank\" aria-label=\"Clot-Camp de l'Arpa (opens in a new tab)\" rel=\"noreferrer noopener\" class=\"ek-link\">Clot-Camp de l&#8217;Arpa<\/a>. <\/p>\n\n\n\n<p class=\"has-text-align-justify\">Abans de concloure l\u2019any, la Sindicatura es despla\u00e7ar\u00e0 a Horta; el G\u00f2tic; la Marina, o la Marina del Prat Vermell, entre altres.<\/p>\n\n\n\n<p><strong><span style=\"text-decoration: underline;\" class=\"ek-underline\">Una Sindicatura que actu\u00ef de manera proactiva<\/span><\/strong><\/p>\n\n\n\n<p class=\"has-text-align-justify\">El s\u00edndic de greuges de Barcelona, David Bondia, tamb\u00e9 destaca la import\u00e0ncia de tenir una instituci\u00f3 proactiva, que actu\u00ef en temps real per solucionar, o, fins i tot, per anticipar la vulneraci\u00f3 de drets de les persones. Per aquest motiu<strong>, en aquest primer any del projecte 2021-2026, la Sindicatura ha impulsat un total de 47 actuacions d\u2019ofici<\/strong> que visibilitzen les diferents problem\u00e0tiques de la ciutat.<\/p>\n\n\n\n<p class=\"has-text-align-justify\">Entre altres, ressalten quatre actuacions d\u2019ofici, que s\u2019han convertit en informes monogr\u00e0fics:<\/p>\n\n\n\n<ul class=\"wp-block-list\"><li><a href=\"https:\/\/www.sindicaturabarcelona.cat\/wp-content\/uploads\/2022\/03\/032022_Informe-Botellots_Sindicatura-de-Greuges-BCN.pdf\" target=\"_blank\" rel=\"noreferrer noopener\">El fenomen del botellot a Barcelona. Perspectives des de la joventut<\/a><\/li><li><a href=\"https:\/\/www.sindicaturabarcelona.cat\/2022\/05\/04\/sindicatura-presenta-informe-joves-migrants-sense-referents-familiars-a-barcelona\/\" target=\"_blank\" rel=\"noreferrer noopener\">La situaci\u00f3 dels joves migrants sense referents familiars a Barcelona<\/a><\/li><li><a href=\"https:\/\/www.sindicaturabarcelona.cat\/2022\/09\/15\/la-sindicatura-de-greuges-de-barcelona-actua-dofici-per-analitzar-lestat-i-el-funcionament-dels-equipaments-policials-de-la-guardia-urbana\/\" target=\"_blank\" rel=\"noreferrer noopener\">Gu\u00e0rdia Urbana i drets humans de proximitat: an\u00e0lisi d\u2019equipaments policials de la ciutat<\/a><\/li><li><a href=\"https:\/\/www.sindicaturabarcelona.cat\/2022\/10\/20\/la-sindicatura-de-greuges-de-barcelona-reclama-que-lacces-a-lenergia-sigui-considerat-un-dret-huma\/\" target=\"_blank\" rel=\"noreferrer noopener\">El dret hum\u00e0 a l\u2019energia: impacte de l\u2019increment de les tarifes de la llum a Barcelona<\/a><\/li><\/ul>\n\n\n\n<p class=\"has-text-align-justify\">En aquesta l\u00ednia, tamb\u00e9 hi ha altres intervencions d\u2019ofici de la Sindicatura de Greuges de Barcelona (algunes d\u2019elles encara en proc\u00e9s de resoluci\u00f3) a destacar: <a href=\"https:\/\/www.sindicaturabarcelona.cat\/2022\/04\/28\/sindicatura-greuges-barcelona-obre-actuacio-ofici-condicions-cap-gotic-salut\/\" target=\"_blank\" rel=\"noreferrer noopener\">la manca d\u2019espai al CAP G\u00f2tic<\/a>, <a href=\"https:\/\/www.sindicaturabarcelona.cat\/wp-content\/uploads\/2022\/10\/202209_AO-Serveis-Socials.pdf\" target=\"_blank\" aria-label=\"el funcionament dels serveis socials de la ciutat (opens in a new tab)\" rel=\"noreferrer noopener\" class=\"ek-link\">el funcionament dels serveis socials de la ciutat<\/a>, o <a href=\"https:\/\/www.sindicaturabarcelona.cat\/2022\/06\/29\/la-sindicatura-de-greuges-de-barcelona-obre-una-actuacio-dofici-per-coneixer-lus-del-palauet-albeniz-i-les-despeses-a-carrec-del-pressupost-municipal\/\" target=\"_blank\" rel=\"noreferrer noopener\">l\u2019\u00fas del Palauet Alb\u00e9niz i les despeses a c\u00e0rrec del pressupost municipal<\/a>.<\/p>\n\n\n\n<p><strong><span style=\"text-decoration: underline;\" class=\"ek-underline\">M\u00e9s maneres d\u2019intervenir: mediaci\u00f3 administrativa i dictamen<\/span><\/strong><\/p>\n\n\n\n<p class=\"has-text-align-justify\">Durant aquest primer any, s\u2019han explorat <strong>altres vies d\u2019actuaci\u00f3 que s\u2019ajustin al reglament de la Sindicatura de Greuges de Barcelona i que permetin anar m\u00e9s enll\u00e0 en la defensa i la garantia dels drets fonamentals i les llibertats p\u00fabliques<\/strong> de la ciutadania barcelonina.<\/p>\n\n\n\n<p class=\"has-text-align-justify\">Entre altres, <strong>la Sindicatura ha iniciat el cam\u00ed de la mediaci\u00f3 administrativa per aconseguir resoldre conflictes entre un ciutad\u00e0 o ciutadana i l\u2019administraci\u00f3 municipal<\/strong>. Concretament, ho ha fet en <strong>dos casos<\/strong>: en la gesti\u00f3 de l\u2019espai p\u00fablic de la ronda Sant Antoni i en la nova ubicaci\u00f3 d\u2019un centre d\u2019acollida per a persones sense llar amb addiccions al costat d\u2019una escola.<\/p>\n\n\n\n<p class=\"has-text-align-justify\">Pel que fa al primer cas, i despr\u00e9s de diverses trobades amb el ve\u00efnat, les associacions de comer\u00e7os i els representants pol\u00edtics del consistori, la Sindicatura de Greuges de Barcelona va posar \u00e8mfasi en la necessitat de <a href=\"https:\/\/www.sindicaturabarcelona.cat\/2022\/04\/28\/sindicatura-trasllada-recomanacions-a-ajuntament-envers-llosa-ronda-sant-antoni\/\" target=\"_blank\" rel=\"noreferrer noopener\" class=\"ek-link\">trobar una soluci\u00f3 participada a la gesti\u00f3 de la dinamitzaci\u00f3 de la llosa de la ronda Sant Antoni<\/a> fins al moment de la seva retirada.<\/p>\n\n\n\n<p class=\"has-text-align-justify\">L\u2019altra situaci\u00f3 en qu\u00e8 la Sindicatura ha aplicat la mediaci\u00f3 administrativa ha estat en la preocupaci\u00f3 generada per la nova ubicaci\u00f3 d\u2019un centre d\u2019acollida per a persones sense llar amb addiccions al costat d\u2019un centre escolar, que va amo\u00efnar algunes fam\u00edlies de l\u2019Escola Les Aig\u00fces. Aquest proc\u00e9s de mediaci\u00f3 va finalitzar amb una <a href=\"https:\/\/www.sindicaturabarcelona.cat\/2022\/03\/24\/sindicatura-bcn-sindic-catalunya-demanen-pla-accio-integral-centre-acollida-baix-guinardo\/\" target=\"_blank\" rel=\"noreferrer noopener\">resoluci\u00f3 conjunta de la Sindicatura de Greuges de Barcelona i el S\u00edndic de Greuges de Catalunya<\/a>.<\/p>\n\n\n\n<p class=\"has-text-align-justify\"><strong>Pel que fa a altres vies d\u2019actuaci\u00f3, la Sindicatura tamb\u00e9 va emetre un dictamen <\/strong>despr\u00e9s que el 12 de maig de 2022 es publiqu\u00e9s al BOPB (Butllet\u00ed Oficial de la Prov\u00edncia de Barcelona) l\u2019anunci d\u2019informaci\u00f3 p\u00fablica de l\u2019Institut Municipal de Serveis Socials (IMSS) sobre l\u2019aprovaci\u00f3 de l\u2019Ajut d\u2019urg\u00e8ncia social per a fam\u00edlies amb infants de 0 a 16 anys.<\/p>\n\n\n\n<p class=\"has-text-align-justify\">Davant l\u2019anunci de presentar les sol\u00b7licituds \u00fanicament per mitjans electr\u00f2nics, la Sindicatura va recordar a l\u2019IMSS que cal vetllar de manera efectiva per l\u2019equitat digital i possibilitar altres vies. <a href=\"https:\/\/www.sindicaturabarcelona.cat\/2022\/05\/26\/la-sindicatura-de-greuges-de-barcelona-elabora-un-dictamen-envers-lanunci-daprovacio-de-lajut-durgencia-social-per-a-families-amb-infants-de-0-a-16-anys\/\" target=\"_blank\" rel=\"noreferrer noopener\">En el seu dictamen<\/a>, la defensoria tamb\u00e9 va recomanar a l\u2019IMSS que garanteixi l\u2019ampliaci\u00f3 de 4 milions d\u2019euros en l\u2019import de la convocat\u00f2ria, donat el greuge comparatiu amb edicions anteriors.<\/p>\n\n\n\n<p><strong><span style=\"text-decoration: underline;\" class=\"ek-underline\">Creaci\u00f3 d\u2019un grup de treball per abordar les viol\u00e8ncies<\/span><\/strong><\/p>\n\n\n\n<p class=\"has-text-align-justify\">Per \u00faltim, cal destacar que la Sindicatura de Greuges de Barcelona ha impulsat la creaci\u00f3 del <a href=\"https:\/\/www.sindicaturabarcelona.cat\/2022\/01\/20\/abus-assetjament-sexual-dones-infancia-adolescencia\/\" target=\"_blank\" rel=\"noreferrer noopener\"><em>Grup de Treball per abordar l\u2019ab\u00fas i l\u2019assetjament sexual a dones, inf\u00e0ncia i adolesc\u00e8ncia<\/em><\/a>, que pret\u00e9n esdevenir un espai per tractar quin \u00e9s l\u2019aven\u00e7 necessari en el tractament d\u2019aquestes situacions per part dels organismes p\u00fablics locals, aix\u00ed com contribuir al procediment de recuperaci\u00f3 de les seq\u00fceles generades en les v\u00edctimes.<\/p>\n\n\n\n<p class=\"has-text-align-justify\"><strong>Aquest grup de treball compta amb la participaci\u00f3 de diversos perfils professionals, amb l\u2019objectiu de dur a terme un tractament hol\u00edstic de la situaci\u00f3<\/strong>: el s\u00edndic de greuges de Barcelona, David Bondia; l\u2019advocada i crimin\u00f2loga experta en dret penal i g\u00e8nere, Carla Vall; l\u2019actriu i vocal de l\u2019Acad\u00e8mia del Cinema Catal\u00e0, Maria Molins; la psic\u00f2loga especialitzada en viol\u00e8ncies masclistes, Aina Troncoso; les periodistes d\u2019investigaci\u00f3 N\u00faria Juanico i Albert Llim\u00f3s; la fundadora de la Fundaci\u00f3 Vicki Bernadet, la mateixa Vicki Bernadet, i la psic\u00f2loga de l\u2019Associaci\u00f3 in via, Patricia Ortu\u00f1o.&nbsp;&nbsp;<\/p>\n\n\n\n<p><strong><span style=\"text-decoration: underline;\" class=\"ek-underline\">Analitzar la ciutat en funci\u00f3 de l\u2019afectaci\u00f3 de drets<\/span><\/strong><\/p>\n\n\n\n<p class=\"has-text-align-justify\">Aquest any 2022, la Sindicatura de Greuges de Barcelona ha establert una nova metodologia de classificaci\u00f3 de les seves intervencions. En aquesta nova organitzaci\u00f3, la instituci\u00f3 estructurar\u00e0 les seves actuacions en funci\u00f3 dels drets afectats.<\/p>\n\n\n\n<p class=\"has-text-align-justify\">Concretament, la Sindicatura ha establert quatre \u00e0mbits d\u2019actuaci\u00f3 i un eix interseccional.<\/p>\n\n\n\n<figure class=\"wp-block-image size-large\"><img decoding=\"async\" src=\"https:\/\/www.sindicaturabarcelona.cat\/wp-content\/uploads\/2022\/10\/Twtitter-1024x512.png\" alt=\"\" class=\"wp-image-15282\"\/><\/figure>\n","protected":false},"excerpt":{"rendered":"<p>El nou projecte de la Sindicatura de Greuges de Barcelona per al per\u00edode 2021-2026 va comen\u00e7ar un any enrere, quan David Bondia va prendre possessi\u00f3 com a nou s\u00edndic de [&hellip;]<\/p>\n","protected":false},"author":2,"featured_media":15285,"comment_status":"closed","ping_status":"open","sticky":false,"template":"","format":"standard","meta":{"_acf_changed":false,"footnotes":""},"tags":[],"drets":[],"class_list":["post-15281","post","type-post","status-publish","format-standard","has-post-thumbnail","hentry"],"acf":[],"yoast_head":"<!-- This site is optimized with the Yoast SEO plugin v27.5 - https:\/\/yoast.com\/product\/yoast-seo-wordpress\/ -->\n<title>La Sindicatura de Greuges de Barcelona repassa el primer any del per\u00edode 2021-2026 - Sindicatura de Greuges de Barcelona<\/title>\n<meta name=\"description\" content=\"El nou projecte de la Sindicatura va comen\u00e7ar un any enrere, quan David Bondia va prendre possessi\u00f3 el darrer mes d\u2019octubre del 2021.\" \/>\n<meta name=\"robots\" content=\"index, follow, max-snippet:-1, max-image-preview:large, max-video-preview:-1\" \/>\n<link rel=\"canonical\" href=\"https:\/\/www.sindicaturabarcelona.cat\/ca\/la-sindicatura-de-greuges-de-barcelona-repassa-el-primer-any-del-periode-2021-2026\/\" \/>\n<meta property=\"og:locale\" content=\"ca_ES\" \/>\n<meta property=\"og:type\" content=\"article\" \/>\n<meta property=\"og:title\" content=\"La Sindicatura de Greuges de Barcelona repassa el primer any del per\u00edode 2021-2026 - Sindicatura de Greuges de Barcelona\" \/>\n<meta property=\"og:description\" content=\"El nou projecte de la Sindicatura va comen\u00e7ar un any enrere, quan David Bondia va prendre possessi\u00f3 el darrer mes d\u2019octubre del 2021.\" \/>\n<meta property=\"og:url\" content=\"https:\/\/www.sindicaturabarcelona.cat\/ca\/la-sindicatura-de-greuges-de-barcelona-repassa-el-primer-any-del-periode-2021-2026\/\" \/>\n<meta property=\"og:site_name\" content=\"Sindicatura de Greuges de Barcelona\" \/>\n<meta property=\"article:published_time\" content=\"2022-10-27T14:12:56+00:00\" \/>\n<meta property=\"article:modified_time\" content=\"2022-10-28T16:01:26+00:00\" \/>\n<meta property=\"og:image\" content=\"https:\/\/www.sindicaturabarcelona.cat\/wp-content\/uploads\/2022\/10\/7D9A8351-scaled.jpg\" \/>\n\t<meta property=\"og:image:width\" content=\"2560\" \/>\n\t<meta property=\"og:image:height\" content=\"1707\" \/>\n\t<meta property=\"og:image:type\" content=\"image\/jpeg\" \/>\n<meta name=\"author\" content=\"Pablo\" \/>\n<meta name=\"twitter:card\" content=\"summary_large_image\" \/>\n<meta name=\"twitter:creator\" content=\"@sindicbarcelona\" \/>\n<meta name=\"twitter:site\" content=\"@sindicbarcelona\" \/>\n<meta name=\"twitter:label1\" content=\"Escrit per\" \/>\n\t<meta name=\"twitter:data1\" content=\"Pablo\" \/>\n\t<meta name=\"twitter:label2\" content=\"Temps estimat de lectura\" \/>\n\t<meta name=\"twitter:data2\" content=\"7 minuts\" \/>\n<script type=\"application\/ld+json\" class=\"yoast-schema-graph\">{\"@context\":\"https:\\\/\\\/schema.org\",\"@graph\":[{\"@type\":\"Article\",\"@id\":\"https:\\\/\\\/www.sindicaturabarcelona.cat\\\/ca\\\/la-sindicatura-de-greuges-de-barcelona-repassa-el-primer-any-del-periode-2021-2026\\\/#article\",\"isPartOf\":{\"@id\":\"https:\\\/\\\/www.sindicaturabarcelona.cat\\\/ca\\\/la-sindicatura-de-greuges-de-barcelona-repassa-el-primer-any-del-periode-2021-2026\\\/\"},\"author\":{\"name\":\"Pablo\",\"@id\":\"https:\\\/\\\/www.sindicaturabarcelona.cat\\\/ca\\\/#\\\/schema\\\/person\\\/0e5acffc350ffdbc97578159322c9452\"},\"headline\":\"La Sindicatura de Greuges de Barcelona repassa el primer any del per\u00edode 2021-2026\",\"datePublished\":\"2022-10-27T14:12:56+00:00\",\"dateModified\":\"2022-10-28T16:01:26+00:00\",\"mainEntityOfPage\":{\"@id\":\"https:\\\/\\\/www.sindicaturabarcelona.cat\\\/ca\\\/la-sindicatura-de-greuges-de-barcelona-repassa-el-primer-any-del-periode-2021-2026\\\/\"},\"wordCount\":1256,\"publisher\":{\"@id\":\"https:\\\/\\\/www.sindicaturabarcelona.cat\\\/ca\\\/#organization\"},\"image\":{\"@id\":\"https:\\\/\\\/www.sindicaturabarcelona.cat\\\/ca\\\/la-sindicatura-de-greuges-de-barcelona-repassa-el-primer-any-del-periode-2021-2026\\\/#primaryimage\"},\"thumbnailUrl\":\"https:\\\/\\\/www.sindicaturabarcelona.cat\\\/wp-content\\\/uploads\\\/2022\\\/10\\\/7D9A8351-scaled.jpg\",\"inLanguage\":\"ca\"},{\"@type\":\"WebPage\",\"@id\":\"https:\\\/\\\/www.sindicaturabarcelona.cat\\\/ca\\\/la-sindicatura-de-greuges-de-barcelona-repassa-el-primer-any-del-periode-2021-2026\\\/\",\"url\":\"https:\\\/\\\/www.sindicaturabarcelona.cat\\\/ca\\\/la-sindicatura-de-greuges-de-barcelona-repassa-el-primer-any-del-periode-2021-2026\\\/\",\"name\":\"La Sindicatura de Greuges de Barcelona repassa el primer any del per\u00edode 2021-2026 - Sindicatura de Greuges de Barcelona\",\"isPartOf\":{\"@id\":\"https:\\\/\\\/www.sindicaturabarcelona.cat\\\/ca\\\/#website\"},\"primaryImageOfPage\":{\"@id\":\"https:\\\/\\\/www.sindicaturabarcelona.cat\\\/ca\\\/la-sindicatura-de-greuges-de-barcelona-repassa-el-primer-any-del-periode-2021-2026\\\/#primaryimage\"},\"image\":{\"@id\":\"https:\\\/\\\/www.sindicaturabarcelona.cat\\\/ca\\\/la-sindicatura-de-greuges-de-barcelona-repassa-el-primer-any-del-periode-2021-2026\\\/#primaryimage\"},\"thumbnailUrl\":\"https:\\\/\\\/www.sindicaturabarcelona.cat\\\/wp-content\\\/uploads\\\/2022\\\/10\\\/7D9A8351-scaled.jpg\",\"datePublished\":\"2022-10-27T14:12:56+00:00\",\"dateModified\":\"2022-10-28T16:01:26+00:00\",\"description\":\"El nou projecte de la Sindicatura va comen\u00e7ar un any enrere, quan David Bondia va prendre possessi\u00f3 el darrer mes d\u2019octubre del 2021.\",\"breadcrumb\":{\"@id\":\"https:\\\/\\\/www.sindicaturabarcelona.cat\\\/ca\\\/la-sindicatura-de-greuges-de-barcelona-repassa-el-primer-any-del-periode-2021-2026\\\/#breadcrumb\"},\"inLanguage\":\"ca\",\"potentialAction\":[{\"@type\":\"ReadAction\",\"target\":[\"https:\\\/\\\/www.sindicaturabarcelona.cat\\\/ca\\\/la-sindicatura-de-greuges-de-barcelona-repassa-el-primer-any-del-periode-2021-2026\\\/\"]}]},{\"@type\":\"ImageObject\",\"inLanguage\":\"ca\",\"@id\":\"https:\\\/\\\/www.sindicaturabarcelona.cat\\\/ca\\\/la-sindicatura-de-greuges-de-barcelona-repassa-el-primer-any-del-periode-2021-2026\\\/#primaryimage\",\"url\":\"https:\\\/\\\/www.sindicaturabarcelona.cat\\\/wp-content\\\/uploads\\\/2022\\\/10\\\/7D9A8351-scaled.jpg\",\"contentUrl\":\"https:\\\/\\\/www.sindicaturabarcelona.cat\\\/wp-content\\\/uploads\\\/2022\\\/10\\\/7D9A8351-scaled.jpg\",\"width\":2560,\"height\":1707},{\"@type\":\"BreadcrumbList\",\"@id\":\"https:\\\/\\\/www.sindicaturabarcelona.cat\\\/ca\\\/la-sindicatura-de-greuges-de-barcelona-repassa-el-primer-any-del-periode-2021-2026\\\/#breadcrumb\",\"itemListElement\":[{\"@type\":\"ListItem\",\"position\":1,\"name\":\"Inici\",\"item\":\"https:\\\/\\\/www.sindicaturabarcelona.cat\\\/ca\\\/\"},{\"@type\":\"ListItem\",\"position\":2,\"name\":\"La Sindicatura de Greuges de Barcelona repassa el primer any del per\u00edode 2021-2026\"}]},{\"@type\":\"WebSite\",\"@id\":\"https:\\\/\\\/www.sindicaturabarcelona.cat\\\/ca\\\/#website\",\"url\":\"https:\\\/\\\/www.sindicaturabarcelona.cat\\\/ca\\\/\",\"name\":\"Sindicatura de Greuges de Barcelona\",\"description\":\"La defensoria dels teus drets\",\"publisher\":{\"@id\":\"https:\\\/\\\/www.sindicaturabarcelona.cat\\\/ca\\\/#organization\"},\"potentialAction\":[{\"@type\":\"SearchAction\",\"target\":{\"@type\":\"EntryPoint\",\"urlTemplate\":\"https:\\\/\\\/www.sindicaturabarcelona.cat\\\/ca\\\/?s={search_term_string}\"},\"query-input\":{\"@type\":\"PropertyValueSpecification\",\"valueRequired\":true,\"valueName\":\"search_term_string\"}}],\"inLanguage\":\"ca\"},{\"@type\":\"Organization\",\"@id\":\"https:\\\/\\\/www.sindicaturabarcelona.cat\\\/ca\\\/#organization\",\"name\":\"Sindicatura de Greuges de Barcelona\",\"url\":\"https:\\\/\\\/www.sindicaturabarcelona.cat\\\/ca\\\/\",\"logo\":{\"@type\":\"ImageObject\",\"inLanguage\":\"ca\",\"@id\":\"https:\\\/\\\/www.sindicaturabarcelona.cat\\\/ca\\\/#\\\/schema\\\/logo\\\/image\\\/\",\"url\":\"https:\\\/\\\/www.sindicaturabarcelona.cat\\\/wp-content\\\/uploads\\\/2023\\\/02\\\/logo_sindicatura.svg\",\"contentUrl\":\"https:\\\/\\\/www.sindicaturabarcelona.cat\\\/wp-content\\\/uploads\\\/2023\\\/02\\\/logo_sindicatura.svg\",\"caption\":\"Sindicatura de Greuges de Barcelona\"},\"image\":{\"@id\":\"https:\\\/\\\/www.sindicaturabarcelona.cat\\\/ca\\\/#\\\/schema\\\/logo\\\/image\\\/\"},\"sameAs\":[\"https:\\\/\\\/x.com\\\/sindicbarcelona\",\"https:\\\/\\\/www.instagram.com\\\/sindicbarcelona\\\/\",\"https:\\\/\\\/www.tiktok.com\\\/@sindicaturabcn\",\"https:\\\/\\\/t.me\\\/sindicaturabarcelona\"]},{\"@type\":\"Person\",\"@id\":\"https:\\\/\\\/www.sindicaturabarcelona.cat\\\/ca\\\/#\\\/schema\\\/person\\\/0e5acffc350ffdbc97578159322c9452\",\"name\":\"Pablo\",\"image\":{\"@type\":\"ImageObject\",\"inLanguage\":\"ca\",\"@id\":\"https:\\\/\\\/secure.gravatar.com\\\/avatar\\\/c948169b402ef9492afde705c3dfd5e90e1a6a84ef6840a91124f805a25a480f?s=96&d=mm&r=g\",\"url\":\"https:\\\/\\\/secure.gravatar.com\\\/avatar\\\/c948169b402ef9492afde705c3dfd5e90e1a6a84ef6840a91124f805a25a480f?s=96&d=mm&r=g\",\"contentUrl\":\"https:\\\/\\\/secure.gravatar.com\\\/avatar\\\/c948169b402ef9492afde705c3dfd5e90e1a6a84ef6840a91124f805a25a480f?s=96&d=mm&r=g\",\"caption\":\"Pablo\"},\"url\":\"https:\\\/\\\/www.sindicaturabarcelona.cat\\\/ca\\\/author\\\/pablo\\\/\"}]}<\/script>\n<!-- \/ Yoast SEO plugin. -->","yoast_head_json":{"title":"La Sindicatura de Greuges de Barcelona repassa el primer any del per\u00edode 2021-2026 - Sindicatura de Greuges de Barcelona","description":"El nou projecte de la Sindicatura va comen\u00e7ar un any enrere, quan David Bondia va prendre possessi\u00f3 el darrer mes d\u2019octubre del 2021.","robots":{"index":"index","follow":"follow","max-snippet":"max-snippet:-1","max-image-preview":"max-image-preview:large","max-video-preview":"max-video-preview:-1"},"canonical":"https:\/\/www.sindicaturabarcelona.cat\/ca\/la-sindicatura-de-greuges-de-barcelona-repassa-el-primer-any-del-periode-2021-2026\/","og_locale":"ca_ES","og_type":"article","og_title":"La Sindicatura de Greuges de Barcelona repassa el primer any del per\u00edode 2021-2026 - Sindicatura de Greuges de Barcelona","og_description":"El nou projecte de la Sindicatura va comen\u00e7ar un any enrere, quan David Bondia va prendre possessi\u00f3 el darrer mes d\u2019octubre del 2021.","og_url":"https:\/\/www.sindicaturabarcelona.cat\/ca\/la-sindicatura-de-greuges-de-barcelona-repassa-el-primer-any-del-periode-2021-2026\/","og_site_name":"Sindicatura de Greuges de Barcelona","article_published_time":"2022-10-27T14:12:56+00:00","article_modified_time":"2022-10-28T16:01:26+00:00","og_image":[{"width":2560,"height":1707,"url":"https:\/\/www.sindicaturabarcelona.cat\/wp-content\/uploads\/2022\/10\/7D9A8351-scaled.jpg","type":"image\/jpeg"}],"author":"Pablo","twitter_card":"summary_large_image","twitter_creator":"@sindicbarcelona","twitter_site":"@sindicbarcelona","twitter_misc":{"Escrit per":"Pablo","Temps estimat de lectura":"7 minuts"},"schema":{"@context":"https:\/\/schema.org","@graph":[{"@type":"Article","@id":"https:\/\/www.sindicaturabarcelona.cat\/ca\/la-sindicatura-de-greuges-de-barcelona-repassa-el-primer-any-del-periode-2021-2026\/#article","isPartOf":{"@id":"https:\/\/www.sindicaturabarcelona.cat\/ca\/la-sindicatura-de-greuges-de-barcelona-repassa-el-primer-any-del-periode-2021-2026\/"},"author":{"name":"Pablo","@id":"https:\/\/www.sindicaturabarcelona.cat\/ca\/#\/schema\/person\/0e5acffc350ffdbc97578159322c9452"},"headline":"La Sindicatura de Greuges de Barcelona repassa el primer any del per\u00edode 2021-2026","datePublished":"2022-10-27T14:12:56+00:00","dateModified":"2022-10-28T16:01:26+00:00","mainEntityOfPage":{"@id":"https:\/\/www.sindicaturabarcelona.cat\/ca\/la-sindicatura-de-greuges-de-barcelona-repassa-el-primer-any-del-periode-2021-2026\/"},"wordCount":1256,"publisher":{"@id":"https:\/\/www.sindicaturabarcelona.cat\/ca\/#organization"},"image":{"@id":"https:\/\/www.sindicaturabarcelona.cat\/ca\/la-sindicatura-de-greuges-de-barcelona-repassa-el-primer-any-del-periode-2021-2026\/#primaryimage"},"thumbnailUrl":"https:\/\/www.sindicaturabarcelona.cat\/wp-content\/uploads\/2022\/10\/7D9A8351-scaled.jpg","inLanguage":"ca"},{"@type":"WebPage","@id":"https:\/\/www.sindicaturabarcelona.cat\/ca\/la-sindicatura-de-greuges-de-barcelona-repassa-el-primer-any-del-periode-2021-2026\/","url":"https:\/\/www.sindicaturabarcelona.cat\/ca\/la-sindicatura-de-greuges-de-barcelona-repassa-el-primer-any-del-periode-2021-2026\/","name":"La Sindicatura de Greuges de Barcelona repassa el primer any del per\u00edode 2021-2026 - Sindicatura de Greuges de Barcelona","isPartOf":{"@id":"https:\/\/www.sindicaturabarcelona.cat\/ca\/#website"},"primaryImageOfPage":{"@id":"https:\/\/www.sindicaturabarcelona.cat\/ca\/la-sindicatura-de-greuges-de-barcelona-repassa-el-primer-any-del-periode-2021-2026\/#primaryimage"},"image":{"@id":"https:\/\/www.sindicaturabarcelona.cat\/ca\/la-sindicatura-de-greuges-de-barcelona-repassa-el-primer-any-del-periode-2021-2026\/#primaryimage"},"thumbnailUrl":"https:\/\/www.sindicaturabarcelona.cat\/wp-content\/uploads\/2022\/10\/7D9A8351-scaled.jpg","datePublished":"2022-10-27T14:12:56+00:00","dateModified":"2022-10-28T16:01:26+00:00","description":"El nou projecte de la Sindicatura va comen\u00e7ar un any enrere, quan David Bondia va prendre possessi\u00f3 el darrer mes d\u2019octubre del 2021.","breadcrumb":{"@id":"https:\/\/www.sindicaturabarcelona.cat\/ca\/la-sindicatura-de-greuges-de-barcelona-repassa-el-primer-any-del-periode-2021-2026\/#breadcrumb"},"inLanguage":"ca","potentialAction":[{"@type":"ReadAction","target":["https:\/\/www.sindicaturabarcelona.cat\/ca\/la-sindicatura-de-greuges-de-barcelona-repassa-el-primer-any-del-periode-2021-2026\/"]}]},{"@type":"ImageObject","inLanguage":"ca","@id":"https:\/\/www.sindicaturabarcelona.cat\/ca\/la-sindicatura-de-greuges-de-barcelona-repassa-el-primer-any-del-periode-2021-2026\/#primaryimage","url":"https:\/\/www.sindicaturabarcelona.cat\/wp-content\/uploads\/2022\/10\/7D9A8351-scaled.jpg","contentUrl":"https:\/\/www.sindicaturabarcelona.cat\/wp-content\/uploads\/2022\/10\/7D9A8351-scaled.jpg","width":2560,"height":1707},{"@type":"BreadcrumbList","@id":"https:\/\/www.sindicaturabarcelona.cat\/ca\/la-sindicatura-de-greuges-de-barcelona-repassa-el-primer-any-del-periode-2021-2026\/#breadcrumb","itemListElement":[{"@type":"ListItem","position":1,"name":"Inici","item":"https:\/\/www.sindicaturabarcelona.cat\/ca\/"},{"@type":"ListItem","position":2,"name":"La Sindicatura de Greuges de Barcelona repassa el primer any del per\u00edode 2021-2026"}]},{"@type":"WebSite","@id":"https:\/\/www.sindicaturabarcelona.cat\/ca\/#website","url":"https:\/\/www.sindicaturabarcelona.cat\/ca\/","name":"Sindicatura de Greuges de Barcelona","description":"La defensoria dels teus drets","publisher":{"@id":"https:\/\/www.sindicaturabarcelona.cat\/ca\/#organization"},"potentialAction":[{"@type":"SearchAction","target":{"@type":"EntryPoint","urlTemplate":"https:\/\/www.sindicaturabarcelona.cat\/ca\/?s={search_term_string}"},"query-input":{"@type":"PropertyValueSpecification","valueRequired":true,"valueName":"search_term_string"}}],"inLanguage":"ca"},{"@type":"Organization","@id":"https:\/\/www.sindicaturabarcelona.cat\/ca\/#organization","name":"Sindicatura de Greuges de Barcelona","url":"https:\/\/www.sindicaturabarcelona.cat\/ca\/","logo":{"@type":"ImageObject","inLanguage":"ca","@id":"https:\/\/www.sindicaturabarcelona.cat\/ca\/#\/schema\/logo\/image\/","url":"https:\/\/www.sindicaturabarcelona.cat\/wp-content\/uploads\/2023\/02\/logo_sindicatura.svg","contentUrl":"https:\/\/www.sindicaturabarcelona.cat\/wp-content\/uploads\/2023\/02\/logo_sindicatura.svg","caption":"Sindicatura de Greuges de Barcelona"},"image":{"@id":"https:\/\/www.sindicaturabarcelona.cat\/ca\/#\/schema\/logo\/image\/"},"sameAs":["https:\/\/x.com\/sindicbarcelona","https:\/\/www.instagram.com\/sindicbarcelona\/","https:\/\/www.tiktok.com\/@sindicaturabcn","https:\/\/t.me\/sindicaturabarcelona"]},{"@type":"Person","@id":"https:\/\/www.sindicaturabarcelona.cat\/ca\/#\/schema\/person\/0e5acffc350ffdbc97578159322c9452","name":"Pablo","image":{"@type":"ImageObject","inLanguage":"ca","@id":"https:\/\/secure.gravatar.com\/avatar\/c948169b402ef9492afde705c3dfd5e90e1a6a84ef6840a91124f805a25a480f?s=96&d=mm&r=g","url":"https:\/\/secure.gravatar.com\/avatar\/c948169b402ef9492afde705c3dfd5e90e1a6a84ef6840a91124f805a25a480f?s=96&d=mm&r=g","contentUrl":"https:\/\/secure.gravatar.com\/avatar\/c948169b402ef9492afde705c3dfd5e90e1a6a84ef6840a91124f805a25a480f?s=96&d=mm&r=g","caption":"Pablo"},"url":"https:\/\/www.sindicaturabarcelona.cat\/ca\/author\/pablo\/"}]}},"_links":{"self":[{"href":"https:\/\/www.sindicaturabarcelona.cat\/ca\/wp-json\/wp\/v2\/posts\/15281","targetHints":{"allow":["GET"]}}],"collection":[{"href":"https:\/\/www.sindicaturabarcelona.cat\/ca\/wp-json\/wp\/v2\/posts"}],"about":[{"href":"https:\/\/www.sindicaturabarcelona.cat\/ca\/wp-json\/wp\/v2\/types\/post"}],"author":[{"embeddable":true,"href":"https:\/\/www.sindicaturabarcelona.cat\/ca\/wp-json\/wp\/v2\/users\/2"}],"replies":[{"embeddable":true,"href":"https:\/\/www.sindicaturabarcelona.cat\/ca\/wp-json\/wp\/v2\/comments?post=15281"}],"version-history":[{"count":0,"href":"https:\/\/www.sindicaturabarcelona.cat\/ca\/wp-json\/wp\/v2\/posts\/15281\/revisions"}],"wp:featuredmedia":[{"embeddable":true,"href":"https:\/\/www.sindicaturabarcelona.cat\/ca\/wp-json\/wp\/v2\/media\/15285"}],"wp:attachment":[{"href":"https:\/\/www.sindicaturabarcelona.cat\/ca\/wp-json\/wp\/v2\/media?parent=15281"}],"wp:term":[{"taxonomy":"post_tag","embeddable":true,"href":"https:\/\/www.sindicaturabarcelona.cat\/ca\/wp-json\/wp\/v2\/tags?post=15281"},{"taxonomy":"drets","embeddable":true,"href":"https:\/\/www.sindicaturabarcelona.cat\/ca\/wp-json\/wp\/v2\/drets?post=15281"}],"curies":[{"name":"wp","href":"https:\/\/api.w.org\/{rel}","templated":true}]}}