{"id":15075,"date":"2022-10-03T14:13:34","date_gmt":"2022-10-03T12:13:34","guid":{"rendered":"https:\/\/www.sindicaturabarcelona.cat\/?p=15075"},"modified":"2023-05-11T11:56:56","modified_gmt":"2023-05-11T09:56:56","slug":"la-sindicatura-ja-va-alertar-lajuntament-per-les-aglomeracions-a-lavinguda-maria-cristina-durant-la-merce-2019","status":"publish","type":"post","link":"https:\/\/www.sindicaturabarcelona.cat\/ca\/la-sindicatura-ja-va-alertar-lajuntament-per-les-aglomeracions-a-lavinguda-maria-cristina-durant-la-merce-2019\/","title":{"rendered":"La Sindicatura ja va alertar l\u2019Ajuntament per les aglomeracions a l\u2019avinguda Maria Cristina durant La Merc\u00e8 2019"},"content":{"rendered":"\n<figure class=\"wp-block-pullquote\"><blockquote><p><strong>Tot i que l\u2019Ajuntament va acceptar les recomanacions de la Sindicatura de Greuges de Barcelona el 2019, tres anys despr\u00e9s persisteix el problema de les aglomeracions durant la Festa de la Merc\u00e8.<\/strong><\/p><\/blockquote><\/figure>\n\n\n\n<p class=\"has-text-align-justify\">La <a href=\"https:\/\/www.sindicaturabarcelona.cat\/\" target=\"_blank\" aria-label=\"Sindicatura de Greuges de Barcelona (opens in a new tab)\" rel=\"noreferrer noopener\" class=\"ek-link\">Sindicatura de Greuges de Barcelona<\/a> ha copsat com a l\u2019edici\u00f3 d\u2019enguany de la Festa de la Merc\u00e8 s\u2019han repetit algunes incid\u00e8ncies que ja van motivar l\u2019obertura d\u2019una actuaci\u00f3 d\u2019ofici el 2019. El motiu principal de l\u2019actuaci\u00f3 d\u2019ofici duta a terme tres anys enrere va ser l\u2019elevat nombre de persones concentrades a l\u2019avinguda Maria Cristina, amb els conseg\u00fcents riscos d\u2019allau i escenes d\u2019ansietat entre qui volia sortir de l\u2019aglomeraci\u00f3 i no podia.<\/p>\n\n\n\n<p class=\"has-text-align-justify\">L\u2019actuaci\u00f3 d\u2019ofici va concloure, entre altres, amb <strong>tres recomanacions<\/strong> de la Sindicatura a l\u2019Ajuntament que continuarien sent vigents actualment: <strong>vetllar de forma m\u00e9s proactiva per la seguretat<\/strong> en els actes de gran format a l\u2019espai p\u00fablic; <strong>planificar futurs actes amb altres formats<\/strong> que permetin diversificar l\u2019oferta i l\u2019assist\u00e8ncia, i <strong>prendre mesures oportunes per controlar els aforaments<\/strong> als esdeveniments a l\u2019espai p\u00fablic.<\/p>\n\n\n\n<p><strong><span style=\"text-decoration: underline;\" class=\"ek-underline\">L\u2019aforament de l\u2019avinguda Maria Cristina<\/span><\/strong><\/p>\n\n\n\n<p class=\"has-text-align-justify\">L\u2019any 2019, l\u2019Ajuntament va informar la Sindicatura de Greuges de Barcelona que <strong>l\u2019aforament m\u00e0xim de l\u2019espai delimitat pel concert (avinguda Maria Cristina fins a les Torres Venecianes) era de 20.640 persones<\/strong>. El mateix Ajuntament va informar que <strong>la nit del 23 de setembre del 2019 va arribar-se a superar l\u2019aforament de 40.000 persones<\/strong>, motiu pel qual va ocupar-se la pla\u00e7a Espanya i part del Parc Joan Mir\u00f3. Les xifres s\u00f3n similars a les dels anys anteriors (s\u2019havia arribat a les 50.000 persones l\u2019any 2017 i a les 55.000 el 2018 ). El consistori afeg\u00ed que no va dur-se a terme control d\u2019aforament, \u201cja que era un concert a la via p\u00fablica i en un espai d\u2019acc\u00e9s lliure, igual que la resta d\u2019activitats de la Festa de la Merc\u00e8\u201d.<\/p>\n\n\n\n<p class=\"has-text-align-justify\">El gran nombre d\u2019assistents a l\u2019avinguda Maria Cristina fa que aquest sigui un espai de refer\u00e8ncia any rere any. Per tant, <strong>la Sindicatura de Greuges de Barcelona considera que ni la massiva aflu\u00e8ncia ni el fet que es tracti de p\u00fablic jove \u00e9s nou per a l\u2019organitzaci\u00f3<\/strong>. En aquesta l\u00ednia, <strong>la Sindicatura vol destacar que des de l\u2019any 2019 ja es disposava d\u2019informaci\u00f3 pr\u00e8via suficient per a poder realitzar la prevenci\u00f3 necess\u00e0ria per evitar aglomeracions i situacions de risc<\/strong> <strong>en futures edicions<\/strong>.<\/p>\n\n\n\n<p class=\"has-text-align-justify\"><strong>L\u2019any 2019 l\u2019assist\u00e8ncia als concerts de l\u2019avinguda Maria Cristina doblava el valor previst com a aforament m\u00e0xim. Aquest fet resulta particularment greu amb la concurr\u00e8ncia de dues circumst\u00e0ncies<\/strong>: hi havia antecedents d\u2019anys anteriors en qu\u00e8 tamb\u00e9 s\u2019havien assolit i fins i tot superat aquestes xifres, i l\u2019informe municipal del 2019 no aportava cap dada que demostr\u00e9s que volia evitar-se aquesta massiva aflu\u00e8ncia a l\u2019avinguda Maria Cristina.<\/p>\n\n\n\n<p class=\"has-text-align-justify\">\u00c9s important destacar que l\u2019article 14 de l\u2019Ordenan\u00e7a de mesures per fomentar i garantir la conviv\u00e8ncia ciutadana a l\u2019espai p\u00fablic de Barcelona estableix que els organitzadors d\u2019actes celebrats als espais p\u00fablics han de garantir la seguretat de les persones i els b\u00e9ns. Aix\u00ed mateix, l\u2019Ordenan\u00e7a diu que <a href=\"https:\/\/www.barcelona.cat\/ca\/\" target=\"_blank\" aria-label=\"l\u2019Ajuntament (opens in a new tab)\" rel=\"noreferrer noopener\" class=\"ek-link\">l\u2019Ajuntament<\/a> no atorgar\u00e0 autoritzacions per a la celebraci\u00f3 d\u2019esdeveniments en l\u2019espai p\u00fablic quan la previsi\u00f3 de p\u00fablic assistent, entre altres, pugui posar en perill la seguretat, la conviv\u00e8ncia o el civisme. <strong>En el cas de l\u2019acte de l\u2019avinguda Maria Cristina l\u2019any 2019, la Sindicatura de Greuges de Barcelona va q\u00fcestionar si s\u2019havia complert amb rigor el que preveu la normativa, i m\u00e9s tenint en compte que es tracta d\u2019un acte que organitza el mateix consistori.<\/strong><\/p>\n\n\n\n<p><strong><span style=\"text-decoration: underline;\" class=\"ek-underline\">An\u00e0lisi de riscos i propostes per a futures edicions<\/span><\/strong><\/p>\n\n\n\n<p class=\"has-text-align-justify\">En el marc de La Merc\u00e8 2019, el govern municipal tamb\u00e9 va comunicar a la Sindicatura que s\u2019havien produ\u00eft <strong>reunions de valoraci\u00f3 despr\u00e9s de la nit del 23 de setembre de 2019, en les quals es va constatar que no havia tingut lloc cap situaci\u00f3 d\u2019emerg\u00e8ncia<\/strong>. Segons l\u2019informe de l\u2019Ajuntament, \u201cva haver-hi un exc\u00e9s d\u2019aforament, que va provocar diverses situacions de mol\u00e8sties entre el p\u00fablic assistent, perqu\u00e8 la mobilitat era molt dif\u00edcil\u201d. Per part dels serveis sanitaris, en aquestes reunions de valoraci\u00f3 tamb\u00e9 es va fer constar la problem\u00e0tica de les ampolles de vidre, ja que la majoria d\u2019intervencions van ser per talls produ\u00efts per restes d\u2019ampolles trencades.<\/p>\n\n\n\n<p class=\"has-text-align-justify\"><strong>La Sindicatura de Greuges de Barcelona va considerar que aquest aforament ja constitu\u00efa per si mateix un perill<\/strong>, atesa l\u2019objectivitat que introdueix la dada de l\u2019aforament previst a la fitxa d\u2019identificaci\u00f3 de l\u2019acte. D\u2019altra banda, tamb\u00e9 resulta poc encertat que l\u2019informe municipal qualifiqui de \u201cmol\u00e8sties\u201d fets que, segons va copsar la Sindicatura, elevaven la situaci\u00f3 a la categoria de perill o situaci\u00f3 d\u2019emerg\u00e8ncia.<\/p>\n\n\n\n<p class=\"has-text-align-justify\">Una de les accions municipals preses l\u2019any 2019 va ser l\u2019organitzaci\u00f3 d\u2019una taula per revisar el plantejament de la festa en l\u2019avinguda Maria Cristina; l\u2019an\u00e0lisi de la programaci\u00f3 per a aquest espai; la possibilitat de millorar la ubicaci\u00f3 de l\u2019escenari i les barres, i el control de l\u2019entrada de vidre.<\/p>\n\n\n\n<p class=\"has-text-align-justify\">D\u2019altra banda, una alternativa que va proposar la Sindicatura de Greuges de Barcelona l\u2019any 2019 va ser la de<strong> desenvolupar actes similars alhora, per\u00f2 en format m\u00e9s petit. <\/strong>Dirigits al mateix p\u00fablic, per\u00f2 en diferents punts de la ciutat, amb l\u2019objectiu de desconcentrar la gran aflu\u00e8ncia en un \u00fanic acte. Per \u00faltim, la defensoria <strong>tamb\u00e9 va posar sobre la taula la conveni\u00e8ncia de controlar els aforaments als actes als espais p\u00fablics<\/strong>.<\/p>\n\n\n\n<p><strong><span style=\"text-decoration: underline;\" class=\"ek-underline\">La resposta de l\u2019Ajuntament a les recomanacions de la Sindicatura<\/span><\/strong><\/p>\n\n\n\n<p class=\"has-text-align-justify\">Un dels organismes municipals implicats en les recomanacions de la Sindicatura, <strong>l\u2019Institut de Cultura de Barcelona (ICUB), va coincidir en qu\u00e8 calia revisar el plantejament de l\u2019espai de Maria Cristina en cinc punts<\/strong>: limitar la programaci\u00f3 a l\u2019espai i fer-la sempre en concurr\u00e8ncia amb altres espais de concerts de gran format; estudiar formes de tallar l\u2019acc\u00e9s en cas d\u2019aforament excessiu; estudiar la manera d\u2019impedir l\u2019entrada de vidre; repensar la ubicaci\u00f3 de l\u2019escenari, la circulaci\u00f3 del p\u00fablic i les sortides d\u2019emerg\u00e8ncia, i per \u00faltim, valorar la possibilitat de buscar espais alternatius a la ciutat. <\/p>\n\n\n\n<p class=\"has-text-align-justify\"><strong>Tot i que l\u2019Ajuntament va acceptar les recomanacions de la Sindicatura de Greuges de Barcelona l\u2019any 2019, persisteix el problema d\u2019aglomeracions durant la Festa de la Merc\u00e8.<\/strong><\/p>\n","protected":false},"excerpt":{"rendered":"<p>Tot i que l\u2019Ajuntament va acceptar les recomanacions de la Sindicatura de Greuges de Barcelona el 2019, tres anys despr\u00e9s persisteix el problema de les aglomeracions durant la Festa de [&hellip;]<\/p>\n","protected":false},"author":2,"featured_media":15076,"comment_status":"closed","ping_status":"open","sticky":false,"template":"","format":"standard","meta":{"_acf_changed":false,"footnotes":""},"tags":[],"drets":[1428,1432,1440,1452],"class_list":["post-15075","post","type-post","status-publish","format-standard","has-post-thumbnail","hentry","drets-ciutat-equitativa","drets-drets-culturals","drets-ciutat-garantista","drets-dret-a-la-seguretat-ciutadana"],"acf":[],"yoast_head":"<!-- This site is optimized with the Yoast SEO plugin v27.5 - https:\/\/yoast.com\/product\/yoast-seo-wordpress\/ -->\n<title>La Sindicatura ja va alertar l\u2019Ajuntament per les aglomeracions a l\u2019avinguda Maria Cristina durant La Merc\u00e8 2019 - Sindicatura de Greuges de Barcelona<\/title>\n<meta name=\"description\" content=\"Tot i que l\u2019Ajuntament va acceptar les recomanacions de la Sindicatura el 2019, tres anys despr\u00e9s persisteix el problema d&#039;aglomercions...\" \/>\n<meta name=\"robots\" content=\"index, follow, max-snippet:-1, max-image-preview:large, max-video-preview:-1\" \/>\n<link rel=\"canonical\" href=\"https:\/\/www.sindicaturabarcelona.cat\/ca\/la-sindicatura-ja-va-alertar-lajuntament-per-les-aglomeracions-a-lavinguda-maria-cristina-durant-la-merce-2019\/\" \/>\n<meta property=\"og:locale\" content=\"ca_ES\" \/>\n<meta property=\"og:type\" content=\"article\" \/>\n<meta property=\"og:title\" content=\"La Sindicatura ja va alertar l\u2019Ajuntament per les aglomeracions a l\u2019avinguda Maria Cristina durant La Merc\u00e8 2019 - Sindicatura de Greuges de Barcelona\" \/>\n<meta property=\"og:description\" content=\"Tot i que l\u2019Ajuntament va acceptar les recomanacions de la Sindicatura el 2019, tres anys despr\u00e9s persisteix el problema d&#039;aglomercions...\" \/>\n<meta property=\"og:url\" content=\"https:\/\/www.sindicaturabarcelona.cat\/ca\/la-sindicatura-ja-va-alertar-lajuntament-per-les-aglomeracions-a-lavinguda-maria-cristina-durant-la-merce-2019\/\" \/>\n<meta property=\"og:site_name\" content=\"Sindicatura de Greuges de Barcelona\" \/>\n<meta property=\"article:published_time\" content=\"2022-10-03T12:13:34+00:00\" \/>\n<meta property=\"article:modified_time\" content=\"2023-05-11T09:56:56+00:00\" \/>\n<meta property=\"og:image\" content=\"https:\/\/www.sindicaturabarcelona.cat\/wp-content\/uploads\/2022\/10\/av_reina_m_cristina.760x428.9a1e11a1.jpg\" \/>\n\t<meta property=\"og:image:width\" content=\"760\" \/>\n\t<meta property=\"og:image:height\" content=\"428\" \/>\n\t<meta property=\"og:image:type\" content=\"image\/jpeg\" \/>\n<meta name=\"author\" content=\"Pablo\" \/>\n<meta name=\"twitter:card\" content=\"summary_large_image\" \/>\n<meta name=\"twitter:creator\" content=\"@sindicbarcelona\" \/>\n<meta name=\"twitter:site\" content=\"@sindicbarcelona\" \/>\n<meta name=\"twitter:label1\" content=\"Escrit per\" \/>\n\t<meta name=\"twitter:data1\" content=\"Pablo\" \/>\n\t<meta name=\"twitter:label2\" content=\"Temps estimat de lectura\" \/>\n\t<meta name=\"twitter:data2\" content=\"6 minuts\" \/>\n<script type=\"application\/ld+json\" class=\"yoast-schema-graph\">{\"@context\":\"https:\\\/\\\/schema.org\",\"@graph\":[{\"@type\":\"Article\",\"@id\":\"https:\\\/\\\/www.sindicaturabarcelona.cat\\\/ca\\\/la-sindicatura-ja-va-alertar-lajuntament-per-les-aglomeracions-a-lavinguda-maria-cristina-durant-la-merce-2019\\\/#article\",\"isPartOf\":{\"@id\":\"https:\\\/\\\/www.sindicaturabarcelona.cat\\\/ca\\\/la-sindicatura-ja-va-alertar-lajuntament-per-les-aglomeracions-a-lavinguda-maria-cristina-durant-la-merce-2019\\\/\"},\"author\":{\"name\":\"Pablo\",\"@id\":\"https:\\\/\\\/www.sindicaturabarcelona.cat\\\/ca\\\/#\\\/schema\\\/person\\\/0e5acffc350ffdbc97578159322c9452\"},\"headline\":\"La Sindicatura ja va alertar l\u2019Ajuntament per les aglomeracions a l\u2019avinguda Maria Cristina durant La Merc\u00e8 2019\",\"datePublished\":\"2022-10-03T12:13:34+00:00\",\"dateModified\":\"2023-05-11T09:56:56+00:00\",\"mainEntityOfPage\":{\"@id\":\"https:\\\/\\\/www.sindicaturabarcelona.cat\\\/ca\\\/la-sindicatura-ja-va-alertar-lajuntament-per-les-aglomeracions-a-lavinguda-maria-cristina-durant-la-merce-2019\\\/\"},\"wordCount\":1147,\"publisher\":{\"@id\":\"https:\\\/\\\/www.sindicaturabarcelona.cat\\\/ca\\\/#organization\"},\"image\":{\"@id\":\"https:\\\/\\\/www.sindicaturabarcelona.cat\\\/ca\\\/la-sindicatura-ja-va-alertar-lajuntament-per-les-aglomeracions-a-lavinguda-maria-cristina-durant-la-merce-2019\\\/#primaryimage\"},\"thumbnailUrl\":\"https:\\\/\\\/www.sindicaturabarcelona.cat\\\/wp-content\\\/uploads\\\/2022\\\/10\\\/av_reina_m_cristina.760x428.9a1e11a1.jpg\",\"articleSection\":[\"Uncategorized @ca\"],\"inLanguage\":\"ca\"},{\"@type\":\"WebPage\",\"@id\":\"https:\\\/\\\/www.sindicaturabarcelona.cat\\\/ca\\\/la-sindicatura-ja-va-alertar-lajuntament-per-les-aglomeracions-a-lavinguda-maria-cristina-durant-la-merce-2019\\\/\",\"url\":\"https:\\\/\\\/www.sindicaturabarcelona.cat\\\/ca\\\/la-sindicatura-ja-va-alertar-lajuntament-per-les-aglomeracions-a-lavinguda-maria-cristina-durant-la-merce-2019\\\/\",\"name\":\"La Sindicatura ja va alertar l\u2019Ajuntament per les aglomeracions a l\u2019avinguda Maria Cristina durant La Merc\u00e8 2019 - Sindicatura de Greuges de Barcelona\",\"isPartOf\":{\"@id\":\"https:\\\/\\\/www.sindicaturabarcelona.cat\\\/ca\\\/#website\"},\"primaryImageOfPage\":{\"@id\":\"https:\\\/\\\/www.sindicaturabarcelona.cat\\\/ca\\\/la-sindicatura-ja-va-alertar-lajuntament-per-les-aglomeracions-a-lavinguda-maria-cristina-durant-la-merce-2019\\\/#primaryimage\"},\"image\":{\"@id\":\"https:\\\/\\\/www.sindicaturabarcelona.cat\\\/ca\\\/la-sindicatura-ja-va-alertar-lajuntament-per-les-aglomeracions-a-lavinguda-maria-cristina-durant-la-merce-2019\\\/#primaryimage\"},\"thumbnailUrl\":\"https:\\\/\\\/www.sindicaturabarcelona.cat\\\/wp-content\\\/uploads\\\/2022\\\/10\\\/av_reina_m_cristina.760x428.9a1e11a1.jpg\",\"datePublished\":\"2022-10-03T12:13:34+00:00\",\"dateModified\":\"2023-05-11T09:56:56+00:00\",\"description\":\"Tot i que l\u2019Ajuntament va acceptar les recomanacions de la Sindicatura el 2019, tres anys despr\u00e9s persisteix el problema d'aglomercions...\",\"breadcrumb\":{\"@id\":\"https:\\\/\\\/www.sindicaturabarcelona.cat\\\/ca\\\/la-sindicatura-ja-va-alertar-lajuntament-per-les-aglomeracions-a-lavinguda-maria-cristina-durant-la-merce-2019\\\/#breadcrumb\"},\"inLanguage\":\"ca\",\"potentialAction\":[{\"@type\":\"ReadAction\",\"target\":[\"https:\\\/\\\/www.sindicaturabarcelona.cat\\\/ca\\\/la-sindicatura-ja-va-alertar-lajuntament-per-les-aglomeracions-a-lavinguda-maria-cristina-durant-la-merce-2019\\\/\"]}]},{\"@type\":\"ImageObject\",\"inLanguage\":\"ca\",\"@id\":\"https:\\\/\\\/www.sindicaturabarcelona.cat\\\/ca\\\/la-sindicatura-ja-va-alertar-lajuntament-per-les-aglomeracions-a-lavinguda-maria-cristina-durant-la-merce-2019\\\/#primaryimage\",\"url\":\"https:\\\/\\\/www.sindicaturabarcelona.cat\\\/wp-content\\\/uploads\\\/2022\\\/10\\\/av_reina_m_cristina.760x428.9a1e11a1.jpg\",\"contentUrl\":\"https:\\\/\\\/www.sindicaturabarcelona.cat\\\/wp-content\\\/uploads\\\/2022\\\/10\\\/av_reina_m_cristina.760x428.9a1e11a1.jpg\",\"width\":760,\"height\":428,\"caption\":\"Avinguda Maria Cristina\"},{\"@type\":\"BreadcrumbList\",\"@id\":\"https:\\\/\\\/www.sindicaturabarcelona.cat\\\/ca\\\/la-sindicatura-ja-va-alertar-lajuntament-per-les-aglomeracions-a-lavinguda-maria-cristina-durant-la-merce-2019\\\/#breadcrumb\",\"itemListElement\":[{\"@type\":\"ListItem\",\"position\":1,\"name\":\"Inici\",\"item\":\"https:\\\/\\\/www.sindicaturabarcelona.cat\\\/ca\\\/\"},{\"@type\":\"ListItem\",\"position\":2,\"name\":\"La Sindicatura ja va alertar l\u2019Ajuntament per les aglomeracions a l\u2019avinguda Maria Cristina durant La Merc\u00e8 2019\"}]},{\"@type\":\"WebSite\",\"@id\":\"https:\\\/\\\/www.sindicaturabarcelona.cat\\\/ca\\\/#website\",\"url\":\"https:\\\/\\\/www.sindicaturabarcelona.cat\\\/ca\\\/\",\"name\":\"Sindicatura de Greuges de Barcelona\",\"description\":\"La defensoria dels teus drets\",\"publisher\":{\"@id\":\"https:\\\/\\\/www.sindicaturabarcelona.cat\\\/ca\\\/#organization\"},\"potentialAction\":[{\"@type\":\"SearchAction\",\"target\":{\"@type\":\"EntryPoint\",\"urlTemplate\":\"https:\\\/\\\/www.sindicaturabarcelona.cat\\\/ca\\\/?s={search_term_string}\"},\"query-input\":{\"@type\":\"PropertyValueSpecification\",\"valueRequired\":true,\"valueName\":\"search_term_string\"}}],\"inLanguage\":\"ca\"},{\"@type\":\"Organization\",\"@id\":\"https:\\\/\\\/www.sindicaturabarcelona.cat\\\/ca\\\/#organization\",\"name\":\"Sindicatura de Greuges de Barcelona\",\"url\":\"https:\\\/\\\/www.sindicaturabarcelona.cat\\\/ca\\\/\",\"logo\":{\"@type\":\"ImageObject\",\"inLanguage\":\"ca\",\"@id\":\"https:\\\/\\\/www.sindicaturabarcelona.cat\\\/ca\\\/#\\\/schema\\\/logo\\\/image\\\/\",\"url\":\"https:\\\/\\\/www.sindicaturabarcelona.cat\\\/wp-content\\\/uploads\\\/2023\\\/02\\\/logo_sindicatura.svg\",\"contentUrl\":\"https:\\\/\\\/www.sindicaturabarcelona.cat\\\/wp-content\\\/uploads\\\/2023\\\/02\\\/logo_sindicatura.svg\",\"caption\":\"Sindicatura de Greuges de Barcelona\"},\"image\":{\"@id\":\"https:\\\/\\\/www.sindicaturabarcelona.cat\\\/ca\\\/#\\\/schema\\\/logo\\\/image\\\/\"},\"sameAs\":[\"https:\\\/\\\/x.com\\\/sindicbarcelona\",\"https:\\\/\\\/www.instagram.com\\\/sindicbarcelona\\\/\",\"https:\\\/\\\/www.tiktok.com\\\/@sindicaturabcn\",\"https:\\\/\\\/t.me\\\/sindicaturabarcelona\"]},{\"@type\":\"Person\",\"@id\":\"https:\\\/\\\/www.sindicaturabarcelona.cat\\\/ca\\\/#\\\/schema\\\/person\\\/0e5acffc350ffdbc97578159322c9452\",\"name\":\"Pablo\",\"image\":{\"@type\":\"ImageObject\",\"inLanguage\":\"ca\",\"@id\":\"https:\\\/\\\/secure.gravatar.com\\\/avatar\\\/c948169b402ef9492afde705c3dfd5e90e1a6a84ef6840a91124f805a25a480f?s=96&d=mm&r=g\",\"url\":\"https:\\\/\\\/secure.gravatar.com\\\/avatar\\\/c948169b402ef9492afde705c3dfd5e90e1a6a84ef6840a91124f805a25a480f?s=96&d=mm&r=g\",\"contentUrl\":\"https:\\\/\\\/secure.gravatar.com\\\/avatar\\\/c948169b402ef9492afde705c3dfd5e90e1a6a84ef6840a91124f805a25a480f?s=96&d=mm&r=g\",\"caption\":\"Pablo\"},\"url\":\"https:\\\/\\\/www.sindicaturabarcelona.cat\\\/ca\\\/author\\\/pablo\\\/\"}]}<\/script>\n<!-- \/ Yoast SEO plugin. -->","yoast_head_json":{"title":"La Sindicatura ja va alertar l\u2019Ajuntament per les aglomeracions a l\u2019avinguda Maria Cristina durant La Merc\u00e8 2019 - Sindicatura de Greuges de Barcelona","description":"Tot i que l\u2019Ajuntament va acceptar les recomanacions de la Sindicatura el 2019, tres anys despr\u00e9s persisteix el problema d'aglomercions...","robots":{"index":"index","follow":"follow","max-snippet":"max-snippet:-1","max-image-preview":"max-image-preview:large","max-video-preview":"max-video-preview:-1"},"canonical":"https:\/\/www.sindicaturabarcelona.cat\/ca\/la-sindicatura-ja-va-alertar-lajuntament-per-les-aglomeracions-a-lavinguda-maria-cristina-durant-la-merce-2019\/","og_locale":"ca_ES","og_type":"article","og_title":"La Sindicatura ja va alertar l\u2019Ajuntament per les aglomeracions a l\u2019avinguda Maria Cristina durant La Merc\u00e8 2019 - Sindicatura de Greuges de Barcelona","og_description":"Tot i que l\u2019Ajuntament va acceptar les recomanacions de la Sindicatura el 2019, tres anys despr\u00e9s persisteix el problema d'aglomercions...","og_url":"https:\/\/www.sindicaturabarcelona.cat\/ca\/la-sindicatura-ja-va-alertar-lajuntament-per-les-aglomeracions-a-lavinguda-maria-cristina-durant-la-merce-2019\/","og_site_name":"Sindicatura de Greuges de Barcelona","article_published_time":"2022-10-03T12:13:34+00:00","article_modified_time":"2023-05-11T09:56:56+00:00","og_image":[{"width":760,"height":428,"url":"https:\/\/www.sindicaturabarcelona.cat\/wp-content\/uploads\/2022\/10\/av_reina_m_cristina.760x428.9a1e11a1.jpg","type":"image\/jpeg"}],"author":"Pablo","twitter_card":"summary_large_image","twitter_creator":"@sindicbarcelona","twitter_site":"@sindicbarcelona","twitter_misc":{"Escrit per":"Pablo","Temps estimat de lectura":"6 minuts"},"schema":{"@context":"https:\/\/schema.org","@graph":[{"@type":"Article","@id":"https:\/\/www.sindicaturabarcelona.cat\/ca\/la-sindicatura-ja-va-alertar-lajuntament-per-les-aglomeracions-a-lavinguda-maria-cristina-durant-la-merce-2019\/#article","isPartOf":{"@id":"https:\/\/www.sindicaturabarcelona.cat\/ca\/la-sindicatura-ja-va-alertar-lajuntament-per-les-aglomeracions-a-lavinguda-maria-cristina-durant-la-merce-2019\/"},"author":{"name":"Pablo","@id":"https:\/\/www.sindicaturabarcelona.cat\/ca\/#\/schema\/person\/0e5acffc350ffdbc97578159322c9452"},"headline":"La Sindicatura ja va alertar l\u2019Ajuntament per les aglomeracions a l\u2019avinguda Maria Cristina durant La Merc\u00e8 2019","datePublished":"2022-10-03T12:13:34+00:00","dateModified":"2023-05-11T09:56:56+00:00","mainEntityOfPage":{"@id":"https:\/\/www.sindicaturabarcelona.cat\/ca\/la-sindicatura-ja-va-alertar-lajuntament-per-les-aglomeracions-a-lavinguda-maria-cristina-durant-la-merce-2019\/"},"wordCount":1147,"publisher":{"@id":"https:\/\/www.sindicaturabarcelona.cat\/ca\/#organization"},"image":{"@id":"https:\/\/www.sindicaturabarcelona.cat\/ca\/la-sindicatura-ja-va-alertar-lajuntament-per-les-aglomeracions-a-lavinguda-maria-cristina-durant-la-merce-2019\/#primaryimage"},"thumbnailUrl":"https:\/\/www.sindicaturabarcelona.cat\/wp-content\/uploads\/2022\/10\/av_reina_m_cristina.760x428.9a1e11a1.jpg","articleSection":["Uncategorized @ca"],"inLanguage":"ca"},{"@type":"WebPage","@id":"https:\/\/www.sindicaturabarcelona.cat\/ca\/la-sindicatura-ja-va-alertar-lajuntament-per-les-aglomeracions-a-lavinguda-maria-cristina-durant-la-merce-2019\/","url":"https:\/\/www.sindicaturabarcelona.cat\/ca\/la-sindicatura-ja-va-alertar-lajuntament-per-les-aglomeracions-a-lavinguda-maria-cristina-durant-la-merce-2019\/","name":"La Sindicatura ja va alertar l\u2019Ajuntament per les aglomeracions a l\u2019avinguda Maria Cristina durant La Merc\u00e8 2019 - Sindicatura de Greuges de Barcelona","isPartOf":{"@id":"https:\/\/www.sindicaturabarcelona.cat\/ca\/#website"},"primaryImageOfPage":{"@id":"https:\/\/www.sindicaturabarcelona.cat\/ca\/la-sindicatura-ja-va-alertar-lajuntament-per-les-aglomeracions-a-lavinguda-maria-cristina-durant-la-merce-2019\/#primaryimage"},"image":{"@id":"https:\/\/www.sindicaturabarcelona.cat\/ca\/la-sindicatura-ja-va-alertar-lajuntament-per-les-aglomeracions-a-lavinguda-maria-cristina-durant-la-merce-2019\/#primaryimage"},"thumbnailUrl":"https:\/\/www.sindicaturabarcelona.cat\/wp-content\/uploads\/2022\/10\/av_reina_m_cristina.760x428.9a1e11a1.jpg","datePublished":"2022-10-03T12:13:34+00:00","dateModified":"2023-05-11T09:56:56+00:00","description":"Tot i que l\u2019Ajuntament va acceptar les recomanacions de la Sindicatura el 2019, tres anys despr\u00e9s persisteix el problema d'aglomercions...","breadcrumb":{"@id":"https:\/\/www.sindicaturabarcelona.cat\/ca\/la-sindicatura-ja-va-alertar-lajuntament-per-les-aglomeracions-a-lavinguda-maria-cristina-durant-la-merce-2019\/#breadcrumb"},"inLanguage":"ca","potentialAction":[{"@type":"ReadAction","target":["https:\/\/www.sindicaturabarcelona.cat\/ca\/la-sindicatura-ja-va-alertar-lajuntament-per-les-aglomeracions-a-lavinguda-maria-cristina-durant-la-merce-2019\/"]}]},{"@type":"ImageObject","inLanguage":"ca","@id":"https:\/\/www.sindicaturabarcelona.cat\/ca\/la-sindicatura-ja-va-alertar-lajuntament-per-les-aglomeracions-a-lavinguda-maria-cristina-durant-la-merce-2019\/#primaryimage","url":"https:\/\/www.sindicaturabarcelona.cat\/wp-content\/uploads\/2022\/10\/av_reina_m_cristina.760x428.9a1e11a1.jpg","contentUrl":"https:\/\/www.sindicaturabarcelona.cat\/wp-content\/uploads\/2022\/10\/av_reina_m_cristina.760x428.9a1e11a1.jpg","width":760,"height":428,"caption":"Avinguda Maria Cristina"},{"@type":"BreadcrumbList","@id":"https:\/\/www.sindicaturabarcelona.cat\/ca\/la-sindicatura-ja-va-alertar-lajuntament-per-les-aglomeracions-a-lavinguda-maria-cristina-durant-la-merce-2019\/#breadcrumb","itemListElement":[{"@type":"ListItem","position":1,"name":"Inici","item":"https:\/\/www.sindicaturabarcelona.cat\/ca\/"},{"@type":"ListItem","position":2,"name":"La Sindicatura ja va alertar l\u2019Ajuntament per les aglomeracions a l\u2019avinguda Maria Cristina durant La Merc\u00e8 2019"}]},{"@type":"WebSite","@id":"https:\/\/www.sindicaturabarcelona.cat\/ca\/#website","url":"https:\/\/www.sindicaturabarcelona.cat\/ca\/","name":"Sindicatura de Greuges de Barcelona","description":"La defensoria dels teus drets","publisher":{"@id":"https:\/\/www.sindicaturabarcelona.cat\/ca\/#organization"},"potentialAction":[{"@type":"SearchAction","target":{"@type":"EntryPoint","urlTemplate":"https:\/\/www.sindicaturabarcelona.cat\/ca\/?s={search_term_string}"},"query-input":{"@type":"PropertyValueSpecification","valueRequired":true,"valueName":"search_term_string"}}],"inLanguage":"ca"},{"@type":"Organization","@id":"https:\/\/www.sindicaturabarcelona.cat\/ca\/#organization","name":"Sindicatura de Greuges de Barcelona","url":"https:\/\/www.sindicaturabarcelona.cat\/ca\/","logo":{"@type":"ImageObject","inLanguage":"ca","@id":"https:\/\/www.sindicaturabarcelona.cat\/ca\/#\/schema\/logo\/image\/","url":"https:\/\/www.sindicaturabarcelona.cat\/wp-content\/uploads\/2023\/02\/logo_sindicatura.svg","contentUrl":"https:\/\/www.sindicaturabarcelona.cat\/wp-content\/uploads\/2023\/02\/logo_sindicatura.svg","caption":"Sindicatura de Greuges de Barcelona"},"image":{"@id":"https:\/\/www.sindicaturabarcelona.cat\/ca\/#\/schema\/logo\/image\/"},"sameAs":["https:\/\/x.com\/sindicbarcelona","https:\/\/www.instagram.com\/sindicbarcelona\/","https:\/\/www.tiktok.com\/@sindicaturabcn","https:\/\/t.me\/sindicaturabarcelona"]},{"@type":"Person","@id":"https:\/\/www.sindicaturabarcelona.cat\/ca\/#\/schema\/person\/0e5acffc350ffdbc97578159322c9452","name":"Pablo","image":{"@type":"ImageObject","inLanguage":"ca","@id":"https:\/\/secure.gravatar.com\/avatar\/c948169b402ef9492afde705c3dfd5e90e1a6a84ef6840a91124f805a25a480f?s=96&d=mm&r=g","url":"https:\/\/secure.gravatar.com\/avatar\/c948169b402ef9492afde705c3dfd5e90e1a6a84ef6840a91124f805a25a480f?s=96&d=mm&r=g","contentUrl":"https:\/\/secure.gravatar.com\/avatar\/c948169b402ef9492afde705c3dfd5e90e1a6a84ef6840a91124f805a25a480f?s=96&d=mm&r=g","caption":"Pablo"},"url":"https:\/\/www.sindicaturabarcelona.cat\/ca\/author\/pablo\/"}]}},"_links":{"self":[{"href":"https:\/\/www.sindicaturabarcelona.cat\/ca\/wp-json\/wp\/v2\/posts\/15075","targetHints":{"allow":["GET"]}}],"collection":[{"href":"https:\/\/www.sindicaturabarcelona.cat\/ca\/wp-json\/wp\/v2\/posts"}],"about":[{"href":"https:\/\/www.sindicaturabarcelona.cat\/ca\/wp-json\/wp\/v2\/types\/post"}],"author":[{"embeddable":true,"href":"https:\/\/www.sindicaturabarcelona.cat\/ca\/wp-json\/wp\/v2\/users\/2"}],"replies":[{"embeddable":true,"href":"https:\/\/www.sindicaturabarcelona.cat\/ca\/wp-json\/wp\/v2\/comments?post=15075"}],"version-history":[{"count":0,"href":"https:\/\/www.sindicaturabarcelona.cat\/ca\/wp-json\/wp\/v2\/posts\/15075\/revisions"}],"wp:featuredmedia":[{"embeddable":true,"href":"https:\/\/www.sindicaturabarcelona.cat\/ca\/wp-json\/wp\/v2\/media\/15076"}],"wp:attachment":[{"href":"https:\/\/www.sindicaturabarcelona.cat\/ca\/wp-json\/wp\/v2\/media?parent=15075"}],"wp:term":[{"taxonomy":"post_tag","embeddable":true,"href":"https:\/\/www.sindicaturabarcelona.cat\/ca\/wp-json\/wp\/v2\/tags?post=15075"},{"taxonomy":"drets","embeddable":true,"href":"https:\/\/www.sindicaturabarcelona.cat\/ca\/wp-json\/wp\/v2\/drets?post=15075"}],"curies":[{"name":"wp","href":"https:\/\/api.w.org\/{rel}","templated":true}]}}