{"id":15004,"date":"2022-09-27T11:30:00","date_gmt":"2022-09-27T09:30:00","guid":{"rendered":"https:\/\/www.sindicaturabarcelona.cat\/?p=15004"},"modified":"2022-09-27T11:41:59","modified_gmt":"2022-09-27T09:41:59","slug":"sindicatura-itinerant-el-29-de-setembre-arrenca-un-nou-projecte-de-la-defensoria-de-la-ciutadania-barcelonina","status":"publish","type":"post","link":"https:\/\/www.sindicaturabarcelona.cat\/ca\/sindicatura-itinerant-el-29-de-setembre-arrenca-un-nou-projecte-de-la-defensoria-de-la-ciutadania-barcelonina\/","title":{"rendered":"\u2018Sindicatura itinerant\u2019: el 29 de setembre arrenca un nou projecte de la defensoria de la ciutadania barcelonina"},"content":{"rendered":"\n<p class=\"has-text-align-justify\">La <a href=\"https:\/\/www.sindicaturabarcelona.cat\" target=\"_blank\" aria-label=\"Sindicatura de Greuges de Barcelona (opens in a new tab)\" rel=\"noreferrer noopener\" class=\"ek-link\">Sindicatura de Greuges de Barcelona<\/a> iniciar\u00e0, el pr\u00f2xim dijous 29 de setembre, el projecte \u2018Sindicatura itinerant\u2019, en qu\u00e8 <strong>membres de l\u2019equip de la defensoria es traslladaran a equipaments de la ciutat per atendre en primera persona la ciutadania<\/strong> que vulgui fer consultes o presentar queixes.<\/p>\n\n\n\n<p class=\"has-text-align-justify\">Aquesta nova iniciativa arrencar\u00e0 a la <a aria-label=\"Biblioteca Garc\u00eda M\u00e1rquez (opens in a new tab)\" href=\"https:\/\/ajuntament.barcelona.cat\/biblioteques\/es\/bibgarciamarquez\" target=\"_blank\" rel=\"noreferrer noopener\" class=\"ek-link\">Biblioteca Garc\u00eda M\u00e1rquez<\/a> de Sant Mart\u00ed de Proven\u00e7als de 10 a 13 h i de 15 a 18 h. L\u2019equip de la Sindicatura de Greuges de Barcelona estar\u00e0 ubicat a la planta -1 d\u2019aquest equipament municipal amb l\u2019objectiu d\u2019escoltar els ciutadans i ciutadanes que vulguin exposar vulneracions de drets o disconformitat amb algun servei municipal. <\/p>\n\n\n\n<p class=\"has-text-align-justify\"><strong>\u201cEstrenem un dels projectes que ja tenia en el meu programa de 7 eixos i 33 propostes, que permetr\u00e0 crear una&nbsp;Sindicatura&nbsp;itinerant, que sigui un territori i no nom\u00e9s una ubicaci\u00f3\u201d<\/strong>, ha manifestat el s\u00edndic de greuges de Barcelona, David Bondia. En la l\u00ednia d&#8217;acostar la instituci\u00f3 als barcelonins i barcelonines, la finalitat del projecte &#8216;Sindicatura itinerant&#8217; \u00e9s estar present als 73 barris de la ciutat per garantir la defensa dels drets humans de proximitat al ve\u00efnat de la ciutat. <\/p>\n\n\n\n<p class=\"has-text-align-justify\">La darrera visita de la Sindicatura al Districte de Sant Mart\u00ed va produir-se el darrer 25 de gener de 2022, en el marc de la iniciativa \u2018A peu de carrer\u2019 i en qu\u00e8 el s\u00edndic va reunir-se amb l\u2019AVV de Sant Mart\u00ed de Proven\u00e7als, la Coordinadora d\u2019Entitats VERN, l\u2019Escola d\u2019Adults de la Verneda i l\u2019Associaci\u00f3 Sant Mart\u00ed Esport. <\/p>\n\n\n\n<div class=\"wp-block-image\"><figure class=\"aligncenter size-large\"><img decoding=\"async\" src=\"https:\/\/www.sindicaturabarcelona.cat\/wp-content\/uploads\/2022\/09\/Sindicatura-itinerant2-724x1024.png\" alt=\"\" class=\"wp-image-15018\"\/><\/figure><\/div>\n","protected":false},"excerpt":{"rendered":"<p>La Sindicatura de Greuges de Barcelona iniciar\u00e0, el pr\u00f2xim dijous 29 de setembre, el projecte \u2018Sindicatura itinerant\u2019, en qu\u00e8 membres de l\u2019equip de la defensoria es traslladaran a equipaments de [&hellip;]<\/p>\n","protected":false},"author":2,"featured_media":15005,"comment_status":"closed","ping_status":"open","sticky":false,"template":"","format":"standard","meta":{"_acf_changed":false,"footnotes":""},"tags":[],"drets":[],"class_list":["post-15004","post","type-post","status-publish","format-standard","has-post-thumbnail","hentry"],"acf":[],"yoast_head":"<!-- This site is optimized with the Yoast SEO plugin v27.5 - https:\/\/yoast.com\/product\/yoast-seo-wordpress\/ -->\n<title>\u2018Sindicatura itinerant\u2019: el 29 de setembre arrenca un nou projecte de la defensoria de la ciutadania barcelonina - Sindicatura de Greuges de Barcelona<\/title>\n<meta name=\"description\" content=\"L&#039;equip de la Sindicatura es traslladar\u00e0 a equipaments de la ciutat per atendre en primera persona la ciutadania que vulgui fer consultes...\" \/>\n<meta name=\"robots\" content=\"index, follow, max-snippet:-1, max-image-preview:large, max-video-preview:-1\" \/>\n<link rel=\"canonical\" href=\"https:\/\/www.sindicaturabarcelona.cat\/ca\/sindicatura-itinerant-el-29-de-setembre-arrenca-un-nou-projecte-de-la-defensoria-de-la-ciutadania-barcelonina\/\" \/>\n<meta property=\"og:locale\" content=\"ca_ES\" \/>\n<meta property=\"og:type\" content=\"article\" \/>\n<meta property=\"og:title\" content=\"\u2018Sindicatura itinerant\u2019: el 29 de setembre arrenca un nou projecte de la defensoria de la ciutadania barcelonina - Sindicatura de Greuges de Barcelona\" \/>\n<meta property=\"og:description\" content=\"L&#039;equip de la Sindicatura es traslladar\u00e0 a equipaments de la ciutat per atendre en primera persona la ciutadania que vulgui fer consultes...\" \/>\n<meta property=\"og:url\" content=\"https:\/\/www.sindicaturabarcelona.cat\/ca\/sindicatura-itinerant-el-29-de-setembre-arrenca-un-nou-projecte-de-la-defensoria-de-la-ciutadania-barcelonina\/\" \/>\n<meta property=\"og:site_name\" content=\"Sindicatura de Greuges de Barcelona\" \/>\n<meta property=\"article:published_time\" content=\"2022-09-27T09:30:00+00:00\" \/>\n<meta property=\"article:modified_time\" content=\"2022-09-27T09:41:59+00:00\" \/>\n<meta property=\"og:image\" content=\"https:\/\/www.sindicaturabarcelona.cat\/wp-content\/uploads\/2022\/09\/7D9A7668-scaled.jpg\" \/>\n\t<meta property=\"og:image:width\" content=\"2560\" \/>\n\t<meta property=\"og:image:height\" content=\"1707\" \/>\n\t<meta property=\"og:image:type\" content=\"image\/jpeg\" \/>\n<meta name=\"author\" content=\"Pablo\" \/>\n<meta name=\"twitter:card\" content=\"summary_large_image\" \/>\n<meta name=\"twitter:creator\" content=\"@sindicbarcelona\" \/>\n<meta name=\"twitter:site\" content=\"@sindicbarcelona\" \/>\n<meta name=\"twitter:label1\" content=\"Escrit per\" \/>\n\t<meta name=\"twitter:data1\" content=\"Pablo\" \/>\n\t<meta name=\"twitter:label2\" content=\"Temps estimat de lectura\" \/>\n\t<meta name=\"twitter:data2\" content=\"2 minuts\" \/>\n<script type=\"application\/ld+json\" class=\"yoast-schema-graph\">{\"@context\":\"https:\\\/\\\/schema.org\",\"@graph\":[{\"@type\":\"Article\",\"@id\":\"https:\\\/\\\/www.sindicaturabarcelona.cat\\\/ca\\\/sindicatura-itinerant-el-29-de-setembre-arrenca-un-nou-projecte-de-la-defensoria-de-la-ciutadania-barcelonina\\\/#article\",\"isPartOf\":{\"@id\":\"https:\\\/\\\/www.sindicaturabarcelona.cat\\\/ca\\\/sindicatura-itinerant-el-29-de-setembre-arrenca-un-nou-projecte-de-la-defensoria-de-la-ciutadania-barcelonina\\\/\"},\"author\":{\"name\":\"Pablo\",\"@id\":\"https:\\\/\\\/www.sindicaturabarcelona.cat\\\/ca\\\/#\\\/schema\\\/person\\\/0e5acffc350ffdbc97578159322c9452\"},\"headline\":\"\u2018Sindicatura itinerant\u2019: el 29 de setembre arrenca un nou projecte de la defensoria de la ciutadania barcelonina\",\"datePublished\":\"2022-09-27T09:30:00+00:00\",\"dateModified\":\"2022-09-27T09:41:59+00:00\",\"mainEntityOfPage\":{\"@id\":\"https:\\\/\\\/www.sindicaturabarcelona.cat\\\/ca\\\/sindicatura-itinerant-el-29-de-setembre-arrenca-un-nou-projecte-de-la-defensoria-de-la-ciutadania-barcelonina\\\/\"},\"wordCount\":275,\"publisher\":{\"@id\":\"https:\\\/\\\/www.sindicaturabarcelona.cat\\\/ca\\\/#organization\"},\"image\":{\"@id\":\"https:\\\/\\\/www.sindicaturabarcelona.cat\\\/ca\\\/sindicatura-itinerant-el-29-de-setembre-arrenca-un-nou-projecte-de-la-defensoria-de-la-ciutadania-barcelonina\\\/#primaryimage\"},\"thumbnailUrl\":\"https:\\\/\\\/www.sindicaturabarcelona.cat\\\/wp-content\\\/uploads\\\/2022\\\/09\\\/7D9A7668-scaled.jpg\",\"inLanguage\":\"ca\"},{\"@type\":\"WebPage\",\"@id\":\"https:\\\/\\\/www.sindicaturabarcelona.cat\\\/ca\\\/sindicatura-itinerant-el-29-de-setembre-arrenca-un-nou-projecte-de-la-defensoria-de-la-ciutadania-barcelonina\\\/\",\"url\":\"https:\\\/\\\/www.sindicaturabarcelona.cat\\\/ca\\\/sindicatura-itinerant-el-29-de-setembre-arrenca-un-nou-projecte-de-la-defensoria-de-la-ciutadania-barcelonina\\\/\",\"name\":\"\u2018Sindicatura itinerant\u2019: el 29 de setembre arrenca un nou projecte de la defensoria de la ciutadania barcelonina - Sindicatura de Greuges de Barcelona\",\"isPartOf\":{\"@id\":\"https:\\\/\\\/www.sindicaturabarcelona.cat\\\/ca\\\/#website\"},\"primaryImageOfPage\":{\"@id\":\"https:\\\/\\\/www.sindicaturabarcelona.cat\\\/ca\\\/sindicatura-itinerant-el-29-de-setembre-arrenca-un-nou-projecte-de-la-defensoria-de-la-ciutadania-barcelonina\\\/#primaryimage\"},\"image\":{\"@id\":\"https:\\\/\\\/www.sindicaturabarcelona.cat\\\/ca\\\/sindicatura-itinerant-el-29-de-setembre-arrenca-un-nou-projecte-de-la-defensoria-de-la-ciutadania-barcelonina\\\/#primaryimage\"},\"thumbnailUrl\":\"https:\\\/\\\/www.sindicaturabarcelona.cat\\\/wp-content\\\/uploads\\\/2022\\\/09\\\/7D9A7668-scaled.jpg\",\"datePublished\":\"2022-09-27T09:30:00+00:00\",\"dateModified\":\"2022-09-27T09:41:59+00:00\",\"description\":\"L'equip de la Sindicatura es traslladar\u00e0 a equipaments de la ciutat per atendre en primera persona la ciutadania que vulgui fer consultes...\",\"breadcrumb\":{\"@id\":\"https:\\\/\\\/www.sindicaturabarcelona.cat\\\/ca\\\/sindicatura-itinerant-el-29-de-setembre-arrenca-un-nou-projecte-de-la-defensoria-de-la-ciutadania-barcelonina\\\/#breadcrumb\"},\"inLanguage\":\"ca\",\"potentialAction\":[{\"@type\":\"ReadAction\",\"target\":[\"https:\\\/\\\/www.sindicaturabarcelona.cat\\\/ca\\\/sindicatura-itinerant-el-29-de-setembre-arrenca-un-nou-projecte-de-la-defensoria-de-la-ciutadania-barcelonina\\\/\"]}]},{\"@type\":\"ImageObject\",\"inLanguage\":\"ca\",\"@id\":\"https:\\\/\\\/www.sindicaturabarcelona.cat\\\/ca\\\/sindicatura-itinerant-el-29-de-setembre-arrenca-un-nou-projecte-de-la-defensoria-de-la-ciutadania-barcelonina\\\/#primaryimage\",\"url\":\"https:\\\/\\\/www.sindicaturabarcelona.cat\\\/wp-content\\\/uploads\\\/2022\\\/09\\\/7D9A7668-scaled.jpg\",\"contentUrl\":\"https:\\\/\\\/www.sindicaturabarcelona.cat\\\/wp-content\\\/uploads\\\/2022\\\/09\\\/7D9A7668-scaled.jpg\",\"width\":2560,\"height\":1707,\"caption\":\"Sindicatura itinerant\"},{\"@type\":\"BreadcrumbList\",\"@id\":\"https:\\\/\\\/www.sindicaturabarcelona.cat\\\/ca\\\/sindicatura-itinerant-el-29-de-setembre-arrenca-un-nou-projecte-de-la-defensoria-de-la-ciutadania-barcelonina\\\/#breadcrumb\",\"itemListElement\":[{\"@type\":\"ListItem\",\"position\":1,\"name\":\"Inici\",\"item\":\"https:\\\/\\\/www.sindicaturabarcelona.cat\\\/ca\\\/\"},{\"@type\":\"ListItem\",\"position\":2,\"name\":\"\u2018Sindicatura itinerant\u2019: el 29 de setembre arrenca un nou projecte de la defensoria de la ciutadania barcelonina\"}]},{\"@type\":\"WebSite\",\"@id\":\"https:\\\/\\\/www.sindicaturabarcelona.cat\\\/ca\\\/#website\",\"url\":\"https:\\\/\\\/www.sindicaturabarcelona.cat\\\/ca\\\/\",\"name\":\"Sindicatura de Greuges de Barcelona\",\"description\":\"La defensoria dels teus drets\",\"publisher\":{\"@id\":\"https:\\\/\\\/www.sindicaturabarcelona.cat\\\/ca\\\/#organization\"},\"potentialAction\":[{\"@type\":\"SearchAction\",\"target\":{\"@type\":\"EntryPoint\",\"urlTemplate\":\"https:\\\/\\\/www.sindicaturabarcelona.cat\\\/ca\\\/?s={search_term_string}\"},\"query-input\":{\"@type\":\"PropertyValueSpecification\",\"valueRequired\":true,\"valueName\":\"search_term_string\"}}],\"inLanguage\":\"ca\"},{\"@type\":\"Organization\",\"@id\":\"https:\\\/\\\/www.sindicaturabarcelona.cat\\\/ca\\\/#organization\",\"name\":\"Sindicatura de Greuges de Barcelona\",\"url\":\"https:\\\/\\\/www.sindicaturabarcelona.cat\\\/ca\\\/\",\"logo\":{\"@type\":\"ImageObject\",\"inLanguage\":\"ca\",\"@id\":\"https:\\\/\\\/www.sindicaturabarcelona.cat\\\/ca\\\/#\\\/schema\\\/logo\\\/image\\\/\",\"url\":\"https:\\\/\\\/www.sindicaturabarcelona.cat\\\/wp-content\\\/uploads\\\/2023\\\/02\\\/logo_sindicatura.svg\",\"contentUrl\":\"https:\\\/\\\/www.sindicaturabarcelona.cat\\\/wp-content\\\/uploads\\\/2023\\\/02\\\/logo_sindicatura.svg\",\"caption\":\"Sindicatura de Greuges de Barcelona\"},\"image\":{\"@id\":\"https:\\\/\\\/www.sindicaturabarcelona.cat\\\/ca\\\/#\\\/schema\\\/logo\\\/image\\\/\"},\"sameAs\":[\"https:\\\/\\\/x.com\\\/sindicbarcelona\",\"https:\\\/\\\/www.instagram.com\\\/sindicbarcelona\\\/\",\"https:\\\/\\\/www.tiktok.com\\\/@sindicaturabcn\",\"https:\\\/\\\/t.me\\\/sindicaturabarcelona\"]},{\"@type\":\"Person\",\"@id\":\"https:\\\/\\\/www.sindicaturabarcelona.cat\\\/ca\\\/#\\\/schema\\\/person\\\/0e5acffc350ffdbc97578159322c9452\",\"name\":\"Pablo\",\"image\":{\"@type\":\"ImageObject\",\"inLanguage\":\"ca\",\"@id\":\"https:\\\/\\\/secure.gravatar.com\\\/avatar\\\/c948169b402ef9492afde705c3dfd5e90e1a6a84ef6840a91124f805a25a480f?s=96&d=mm&r=g\",\"url\":\"https:\\\/\\\/secure.gravatar.com\\\/avatar\\\/c948169b402ef9492afde705c3dfd5e90e1a6a84ef6840a91124f805a25a480f?s=96&d=mm&r=g\",\"contentUrl\":\"https:\\\/\\\/secure.gravatar.com\\\/avatar\\\/c948169b402ef9492afde705c3dfd5e90e1a6a84ef6840a91124f805a25a480f?s=96&d=mm&r=g\",\"caption\":\"Pablo\"},\"url\":\"https:\\\/\\\/www.sindicaturabarcelona.cat\\\/ca\\\/author\\\/pablo\\\/\"}]}<\/script>\n<!-- \/ Yoast SEO plugin. -->","yoast_head_json":{"title":"\u2018Sindicatura itinerant\u2019: el 29 de setembre arrenca un nou projecte de la defensoria de la ciutadania barcelonina - Sindicatura de Greuges de Barcelona","description":"L'equip de la Sindicatura es traslladar\u00e0 a equipaments de la ciutat per atendre en primera persona la ciutadania que vulgui fer consultes...","robots":{"index":"index","follow":"follow","max-snippet":"max-snippet:-1","max-image-preview":"max-image-preview:large","max-video-preview":"max-video-preview:-1"},"canonical":"https:\/\/www.sindicaturabarcelona.cat\/ca\/sindicatura-itinerant-el-29-de-setembre-arrenca-un-nou-projecte-de-la-defensoria-de-la-ciutadania-barcelonina\/","og_locale":"ca_ES","og_type":"article","og_title":"\u2018Sindicatura itinerant\u2019: el 29 de setembre arrenca un nou projecte de la defensoria de la ciutadania barcelonina - Sindicatura de Greuges de Barcelona","og_description":"L'equip de la Sindicatura es traslladar\u00e0 a equipaments de la ciutat per atendre en primera persona la ciutadania que vulgui fer consultes...","og_url":"https:\/\/www.sindicaturabarcelona.cat\/ca\/sindicatura-itinerant-el-29-de-setembre-arrenca-un-nou-projecte-de-la-defensoria-de-la-ciutadania-barcelonina\/","og_site_name":"Sindicatura de Greuges de Barcelona","article_published_time":"2022-09-27T09:30:00+00:00","article_modified_time":"2022-09-27T09:41:59+00:00","og_image":[{"width":2560,"height":1707,"url":"https:\/\/www.sindicaturabarcelona.cat\/wp-content\/uploads\/2022\/09\/7D9A7668-scaled.jpg","type":"image\/jpeg"}],"author":"Pablo","twitter_card":"summary_large_image","twitter_creator":"@sindicbarcelona","twitter_site":"@sindicbarcelona","twitter_misc":{"Escrit per":"Pablo","Temps estimat de lectura":"2 minuts"},"schema":{"@context":"https:\/\/schema.org","@graph":[{"@type":"Article","@id":"https:\/\/www.sindicaturabarcelona.cat\/ca\/sindicatura-itinerant-el-29-de-setembre-arrenca-un-nou-projecte-de-la-defensoria-de-la-ciutadania-barcelonina\/#article","isPartOf":{"@id":"https:\/\/www.sindicaturabarcelona.cat\/ca\/sindicatura-itinerant-el-29-de-setembre-arrenca-un-nou-projecte-de-la-defensoria-de-la-ciutadania-barcelonina\/"},"author":{"name":"Pablo","@id":"https:\/\/www.sindicaturabarcelona.cat\/ca\/#\/schema\/person\/0e5acffc350ffdbc97578159322c9452"},"headline":"\u2018Sindicatura itinerant\u2019: el 29 de setembre arrenca un nou projecte de la defensoria de la ciutadania barcelonina","datePublished":"2022-09-27T09:30:00+00:00","dateModified":"2022-09-27T09:41:59+00:00","mainEntityOfPage":{"@id":"https:\/\/www.sindicaturabarcelona.cat\/ca\/sindicatura-itinerant-el-29-de-setembre-arrenca-un-nou-projecte-de-la-defensoria-de-la-ciutadania-barcelonina\/"},"wordCount":275,"publisher":{"@id":"https:\/\/www.sindicaturabarcelona.cat\/ca\/#organization"},"image":{"@id":"https:\/\/www.sindicaturabarcelona.cat\/ca\/sindicatura-itinerant-el-29-de-setembre-arrenca-un-nou-projecte-de-la-defensoria-de-la-ciutadania-barcelonina\/#primaryimage"},"thumbnailUrl":"https:\/\/www.sindicaturabarcelona.cat\/wp-content\/uploads\/2022\/09\/7D9A7668-scaled.jpg","inLanguage":"ca"},{"@type":"WebPage","@id":"https:\/\/www.sindicaturabarcelona.cat\/ca\/sindicatura-itinerant-el-29-de-setembre-arrenca-un-nou-projecte-de-la-defensoria-de-la-ciutadania-barcelonina\/","url":"https:\/\/www.sindicaturabarcelona.cat\/ca\/sindicatura-itinerant-el-29-de-setembre-arrenca-un-nou-projecte-de-la-defensoria-de-la-ciutadania-barcelonina\/","name":"\u2018Sindicatura itinerant\u2019: el 29 de setembre arrenca un nou projecte de la defensoria de la ciutadania barcelonina - Sindicatura de Greuges de Barcelona","isPartOf":{"@id":"https:\/\/www.sindicaturabarcelona.cat\/ca\/#website"},"primaryImageOfPage":{"@id":"https:\/\/www.sindicaturabarcelona.cat\/ca\/sindicatura-itinerant-el-29-de-setembre-arrenca-un-nou-projecte-de-la-defensoria-de-la-ciutadania-barcelonina\/#primaryimage"},"image":{"@id":"https:\/\/www.sindicaturabarcelona.cat\/ca\/sindicatura-itinerant-el-29-de-setembre-arrenca-un-nou-projecte-de-la-defensoria-de-la-ciutadania-barcelonina\/#primaryimage"},"thumbnailUrl":"https:\/\/www.sindicaturabarcelona.cat\/wp-content\/uploads\/2022\/09\/7D9A7668-scaled.jpg","datePublished":"2022-09-27T09:30:00+00:00","dateModified":"2022-09-27T09:41:59+00:00","description":"L'equip de la Sindicatura es traslladar\u00e0 a equipaments de la ciutat per atendre en primera persona la ciutadania que vulgui fer consultes...","breadcrumb":{"@id":"https:\/\/www.sindicaturabarcelona.cat\/ca\/sindicatura-itinerant-el-29-de-setembre-arrenca-un-nou-projecte-de-la-defensoria-de-la-ciutadania-barcelonina\/#breadcrumb"},"inLanguage":"ca","potentialAction":[{"@type":"ReadAction","target":["https:\/\/www.sindicaturabarcelona.cat\/ca\/sindicatura-itinerant-el-29-de-setembre-arrenca-un-nou-projecte-de-la-defensoria-de-la-ciutadania-barcelonina\/"]}]},{"@type":"ImageObject","inLanguage":"ca","@id":"https:\/\/www.sindicaturabarcelona.cat\/ca\/sindicatura-itinerant-el-29-de-setembre-arrenca-un-nou-projecte-de-la-defensoria-de-la-ciutadania-barcelonina\/#primaryimage","url":"https:\/\/www.sindicaturabarcelona.cat\/wp-content\/uploads\/2022\/09\/7D9A7668-scaled.jpg","contentUrl":"https:\/\/www.sindicaturabarcelona.cat\/wp-content\/uploads\/2022\/09\/7D9A7668-scaled.jpg","width":2560,"height":1707,"caption":"Sindicatura itinerant"},{"@type":"BreadcrumbList","@id":"https:\/\/www.sindicaturabarcelona.cat\/ca\/sindicatura-itinerant-el-29-de-setembre-arrenca-un-nou-projecte-de-la-defensoria-de-la-ciutadania-barcelonina\/#breadcrumb","itemListElement":[{"@type":"ListItem","position":1,"name":"Inici","item":"https:\/\/www.sindicaturabarcelona.cat\/ca\/"},{"@type":"ListItem","position":2,"name":"\u2018Sindicatura itinerant\u2019: el 29 de setembre arrenca un nou projecte de la defensoria de la ciutadania barcelonina"}]},{"@type":"WebSite","@id":"https:\/\/www.sindicaturabarcelona.cat\/ca\/#website","url":"https:\/\/www.sindicaturabarcelona.cat\/ca\/","name":"Sindicatura de Greuges de Barcelona","description":"La defensoria dels teus drets","publisher":{"@id":"https:\/\/www.sindicaturabarcelona.cat\/ca\/#organization"},"potentialAction":[{"@type":"SearchAction","target":{"@type":"EntryPoint","urlTemplate":"https:\/\/www.sindicaturabarcelona.cat\/ca\/?s={search_term_string}"},"query-input":{"@type":"PropertyValueSpecification","valueRequired":true,"valueName":"search_term_string"}}],"inLanguage":"ca"},{"@type":"Organization","@id":"https:\/\/www.sindicaturabarcelona.cat\/ca\/#organization","name":"Sindicatura de Greuges de Barcelona","url":"https:\/\/www.sindicaturabarcelona.cat\/ca\/","logo":{"@type":"ImageObject","inLanguage":"ca","@id":"https:\/\/www.sindicaturabarcelona.cat\/ca\/#\/schema\/logo\/image\/","url":"https:\/\/www.sindicaturabarcelona.cat\/wp-content\/uploads\/2023\/02\/logo_sindicatura.svg","contentUrl":"https:\/\/www.sindicaturabarcelona.cat\/wp-content\/uploads\/2023\/02\/logo_sindicatura.svg","caption":"Sindicatura de Greuges de Barcelona"},"image":{"@id":"https:\/\/www.sindicaturabarcelona.cat\/ca\/#\/schema\/logo\/image\/"},"sameAs":["https:\/\/x.com\/sindicbarcelona","https:\/\/www.instagram.com\/sindicbarcelona\/","https:\/\/www.tiktok.com\/@sindicaturabcn","https:\/\/t.me\/sindicaturabarcelona"]},{"@type":"Person","@id":"https:\/\/www.sindicaturabarcelona.cat\/ca\/#\/schema\/person\/0e5acffc350ffdbc97578159322c9452","name":"Pablo","image":{"@type":"ImageObject","inLanguage":"ca","@id":"https:\/\/secure.gravatar.com\/avatar\/c948169b402ef9492afde705c3dfd5e90e1a6a84ef6840a91124f805a25a480f?s=96&d=mm&r=g","url":"https:\/\/secure.gravatar.com\/avatar\/c948169b402ef9492afde705c3dfd5e90e1a6a84ef6840a91124f805a25a480f?s=96&d=mm&r=g","contentUrl":"https:\/\/secure.gravatar.com\/avatar\/c948169b402ef9492afde705c3dfd5e90e1a6a84ef6840a91124f805a25a480f?s=96&d=mm&r=g","caption":"Pablo"},"url":"https:\/\/www.sindicaturabarcelona.cat\/ca\/author\/pablo\/"}]}},"_links":{"self":[{"href":"https:\/\/www.sindicaturabarcelona.cat\/ca\/wp-json\/wp\/v2\/posts\/15004","targetHints":{"allow":["GET"]}}],"collection":[{"href":"https:\/\/www.sindicaturabarcelona.cat\/ca\/wp-json\/wp\/v2\/posts"}],"about":[{"href":"https:\/\/www.sindicaturabarcelona.cat\/ca\/wp-json\/wp\/v2\/types\/post"}],"author":[{"embeddable":true,"href":"https:\/\/www.sindicaturabarcelona.cat\/ca\/wp-json\/wp\/v2\/users\/2"}],"replies":[{"embeddable":true,"href":"https:\/\/www.sindicaturabarcelona.cat\/ca\/wp-json\/wp\/v2\/comments?post=15004"}],"version-history":[{"count":0,"href":"https:\/\/www.sindicaturabarcelona.cat\/ca\/wp-json\/wp\/v2\/posts\/15004\/revisions"}],"wp:featuredmedia":[{"embeddable":true,"href":"https:\/\/www.sindicaturabarcelona.cat\/ca\/wp-json\/wp\/v2\/media\/15005"}],"wp:attachment":[{"href":"https:\/\/www.sindicaturabarcelona.cat\/ca\/wp-json\/wp\/v2\/media?parent=15004"}],"wp:term":[{"taxonomy":"post_tag","embeddable":true,"href":"https:\/\/www.sindicaturabarcelona.cat\/ca\/wp-json\/wp\/v2\/tags?post=15004"},{"taxonomy":"drets","embeddable":true,"href":"https:\/\/www.sindicaturabarcelona.cat\/ca\/wp-json\/wp\/v2\/drets?post=15004"}],"curies":[{"name":"wp","href":"https:\/\/api.w.org\/{rel}","templated":true}]}}