{"id":14991,"date":"2022-09-23T12:51:00","date_gmt":"2022-09-23T10:51:00","guid":{"rendered":"https:\/\/www.sindicaturabarcelona.cat\/?p=14991"},"modified":"2023-05-11T11:57:31","modified_gmt":"2023-05-11T09:57:31","slug":"la-sindicatura-de-greuges-de-barcelona-acompanya-lobservatori-contra-lhomofobia-en-latencio-a-les-victimes-dlgtbi-fobia-durant-la-festa-de-la-merce","status":"publish","type":"post","link":"https:\/\/www.sindicaturabarcelona.cat\/ca\/la-sindicatura-de-greuges-de-barcelona-acompanya-lobservatori-contra-lhomofobia-en-latencio-a-les-victimes-dlgtbi-fobia-durant-la-festa-de-la-merce\/","title":{"rendered":"La Sindicatura de Greuges de Barcelona acompanya l\u2019Observatori contra l\u2019Homof\u00f2bia en l\u2019atenci\u00f3 a les v\u00edctimes d\u2019LGTBI-f\u00f2bia durant la Festa de la Merc\u00e8"},"content":{"rendered":"\n<p class=\"has-text-align-justify\">La <a aria-label=\"Sindicatura de Greuges de Barcelona (opens in a new tab)\" href=\"https:\/\/www.sindicaturabarcelona.cat\" target=\"_blank\" rel=\"noreferrer noopener\" class=\"ek-link\">Sindicatura de Greuges de Barcelona<\/a> ha acompanyat el divendres 23 de setembre (de 22 a 1 h) l\u2019Observatori contra l\u2019Homof\u00f2bia en l\u2019atenci\u00f3 a possibles viol\u00e8ncies lgtbi-f\u00f2biques durant la Festa de la Merc\u00e8.<\/p>\n\n\n\n<p class=\"has-text-align-justify\">Aquesta atenci\u00f3 s&#8217;ha produ\u00eft de manera telef\u00f2nica, <strong>via whatsapp, en el 699 90 16 51<\/strong>. Tot i que aquest any ha estat el primer en qu\u00e8 col\u00b7labora la Sindicatura de Greuges de Barcelona, \u00e9s la tercera edici\u00f3 en qu\u00e8 l\u2019Observatori contra l&#8217;Homof\u00f2bia posa en marxa aquest servei. Enguany tamb\u00e9 s&#8217;ha comptat amb la col\u00b7laboraci\u00f3 de la Gu\u00e0rdia Urbana de Barcelona.<\/p>\n\n\n\n<p class=\"has-text-align-justify\">A causa de l\u2019estigma que encara comporten els temes relatius a l\u2019orientaci\u00f3 sexual i la identitat de g\u00e8nere, <strong>la viol\u00e8ncia i la discriminaci\u00f3 contra les persones LGTBI+ queda freq\u00fcentment sense denunciar<\/strong>, sense documentar i, en conseq\u00fc\u00e8ncia, sense castigar<strong>. \u201cVolem posar facilitats al col\u00b7lectiu perqu\u00e8, si es produeix una incid\u00e8ncia, tinguin un servei al seu abast que els permeti denunciar-ho de manera senzilla i segura\u201d, <\/strong>ha explicat el s\u00edndic de greuges de Barcelona, David Bondia.<\/p>\n\n\n\n<p class=\"has-text-align-justify\"><strong>Aquesta lluita ens interpel\u00b7la a totes i tots. \u00c9s una lluita de drets humans, des d\u2019una perspectiva interseccional.<\/strong>&nbsp;L\u2019argument a favor d\u2019estendre a les persones LGTBI+ els mateixos drets dels quals gaudeixen la resta de persones no \u00e9s radical ni complicat. Es basa en dos principis que fonamenten les normes nacionals i internacionals de drets humans:&nbsp;<strong>igualtat i no discriminaci\u00f3<\/strong>.<\/p>\n\n\n\n<p class=\"has-text-align-justify\">Tot i aix\u00f2, encara persisteixen discursos i actuacions que pretenen justificar la desigualtat, i estigmatitzar i preservar un determinat&nbsp;<em>status quo<\/em>. Front aix\u00f2, ens cal reivindicar que&nbsp;<strong>la lluita per la dignitat dels drets del col\u00b7lectiu LGTBI+ \u00e9s una lluita per una humanitat diversa de la qual tots i totes formem part<\/strong>.<\/p>\n\n\n\n<p class=\"has-text-align-justify\"><strong>Des de les <a aria-label=\"sindicatures locals de greuges (opens in a new tab)\" href=\"https:\/\/www.sindicatureslocals.cat\/\" target=\"_blank\" rel=\"noreferrer noopener\" class=\"ek-link\">sindicatures locals de greuges<\/a>, davant l\u2019auge de les accions i dels silencis negacionistes, haur\u00edem de fer un pas endavant per acompanyar els itineraris de les persones que denuncien agressions i discriminacions lgtbi-f\u00f2biques<\/strong>. Els nostres principals objectius, treballant de forma coordinada amb entitats i altres institucions per evitar revictimitzacions, han de buscar la forma de reparar la dignitat de la persona, combatre aquestes viol\u00e8ncies i fomentar la prevenci\u00f3 i la sensibilitzaci\u00f3 per evitar la seva naturalitzaci\u00f3.<\/p>\n\n\n\n<figure class=\"wp-block-image size-large\"><img decoding=\"async\" src=\"https:\/\/www.sindicaturabarcelona.cat\/wp-content\/uploads\/2022\/09\/OCH-Sindicatura-Festes-Merce-1024x576.jpg\" alt=\"\" class=\"wp-image-14999\"\/><\/figure>\n","protected":false},"excerpt":{"rendered":"<p>La Sindicatura de Greuges de Barcelona ha acompanyat el divendres 23 de setembre (de 22 a 1 h) l\u2019Observatori contra l\u2019Homof\u00f2bia en l\u2019atenci\u00f3 a possibles viol\u00e8ncies lgtbi-f\u00f2biques durant la Festa [&hellip;]<\/p>\n","protected":false},"author":2,"featured_media":15041,"comment_status":"closed","ping_status":"open","sticky":false,"template":"","format":"standard","meta":{"_acf_changed":false,"footnotes":""},"tags":[1404],"drets":[1428,1437,1442,1458],"class_list":["post-14991","post","type-post","status-publish","format-standard","has-post-thumbnail","hentry","tag-observatori-contra-homofobia","drets-ciutat-equitativa","drets-dret-a-una-vida-lliure-de-violencies","drets-ciutat-diversa","drets-dret-a-la-igualtat-i-a-la-diversitat"],"acf":[],"yoast_head":"<!-- This site is optimized with the Yoast SEO plugin v27.5 - https:\/\/yoast.com\/product\/yoast-seo-wordpress\/ -->\n<title>La Sindicatura de Greuges de Barcelona acompanya l\u2019Observatori contra l\u2019Homof\u00f2bia en l\u2019atenci\u00f3 a les v\u00edctimes d\u2019LGTBI-f\u00f2bia durant la Festa de la Merc\u00e8 - Sindicatura de Greuges de Barcelona<\/title>\n<meta name=\"description\" content=\"La Sindicatura acompanyar\u00e0 el 23 de setembre (de 22 a 1 h) l\u2019Observatori contra l\u2019Homof\u00f2bia en l\u2019atenci\u00f3 a incid\u00e8ncies hom\u00f2fobes.\" \/>\n<meta name=\"robots\" content=\"index, follow, max-snippet:-1, max-image-preview:large, max-video-preview:-1\" \/>\n<link rel=\"canonical\" href=\"https:\/\/www.sindicaturabarcelona.cat\/ca\/la-sindicatura-de-greuges-de-barcelona-acompanya-lobservatori-contra-lhomofobia-en-latencio-a-les-victimes-dlgtbi-fobia-durant-la-festa-de-la-merce\/\" \/>\n<meta property=\"og:locale\" content=\"ca_ES\" \/>\n<meta property=\"og:type\" content=\"article\" \/>\n<meta property=\"og:title\" content=\"La Sindicatura de Greuges de Barcelona acompanya l\u2019Observatori contra l\u2019Homof\u00f2bia en l\u2019atenci\u00f3 a les v\u00edctimes d\u2019LGTBI-f\u00f2bia durant la Festa de la Merc\u00e8 - Sindicatura de Greuges de Barcelona\" \/>\n<meta property=\"og:description\" content=\"La Sindicatura acompanyar\u00e0 el 23 de setembre (de 22 a 1 h) l\u2019Observatori contra l\u2019Homof\u00f2bia en l\u2019atenci\u00f3 a incid\u00e8ncies hom\u00f2fobes.\" \/>\n<meta property=\"og:url\" content=\"https:\/\/www.sindicaturabarcelona.cat\/ca\/la-sindicatura-de-greuges-de-barcelona-acompanya-lobservatori-contra-lhomofobia-en-latencio-a-les-victimes-dlgtbi-fobia-durant-la-festa-de-la-merce\/\" \/>\n<meta property=\"og:site_name\" content=\"Sindicatura de Greuges de Barcelona\" \/>\n<meta property=\"article:published_time\" content=\"2022-09-23T10:51:00+00:00\" \/>\n<meta property=\"article:modified_time\" content=\"2023-05-11T09:57:31+00:00\" \/>\n<meta property=\"og:image\" content=\"https:\/\/www.sindicaturabarcelona.cat\/wp-content\/uploads\/2022\/09\/Dispositiu-violencies-LGTBI.jpeg\" \/>\n\t<meta property=\"og:image:width\" content=\"2000\" \/>\n\t<meta property=\"og:image:height\" content=\"1500\" \/>\n\t<meta property=\"og:image:type\" content=\"image\/jpeg\" \/>\n<meta name=\"author\" content=\"Pablo\" \/>\n<meta name=\"twitter:card\" content=\"summary_large_image\" \/>\n<meta name=\"twitter:creator\" content=\"@sindicbarcelona\" \/>\n<meta name=\"twitter:site\" content=\"@sindicbarcelona\" \/>\n<meta name=\"twitter:label1\" content=\"Escrit per\" \/>\n\t<meta name=\"twitter:data1\" content=\"Pablo\" \/>\n\t<meta name=\"twitter:label2\" content=\"Temps estimat de lectura\" \/>\n\t<meta name=\"twitter:data2\" content=\"3 minuts\" \/>\n<script type=\"application\/ld+json\" class=\"yoast-schema-graph\">{\"@context\":\"https:\\\/\\\/schema.org\",\"@graph\":[{\"@type\":\"Article\",\"@id\":\"https:\\\/\\\/www.sindicaturabarcelona.cat\\\/ca\\\/la-sindicatura-de-greuges-de-barcelona-acompanya-lobservatori-contra-lhomofobia-en-latencio-a-les-victimes-dlgtbi-fobia-durant-la-festa-de-la-merce\\\/#article\",\"isPartOf\":{\"@id\":\"https:\\\/\\\/www.sindicaturabarcelona.cat\\\/ca\\\/la-sindicatura-de-greuges-de-barcelona-acompanya-lobservatori-contra-lhomofobia-en-latencio-a-les-victimes-dlgtbi-fobia-durant-la-festa-de-la-merce\\\/\"},\"author\":{\"name\":\"Pablo\",\"@id\":\"https:\\\/\\\/www.sindicaturabarcelona.cat\\\/ca\\\/#\\\/schema\\\/person\\\/0e5acffc350ffdbc97578159322c9452\"},\"headline\":\"La Sindicatura de Greuges de Barcelona acompanya l\u2019Observatori contra l\u2019Homof\u00f2bia en l\u2019atenci\u00f3 a les v\u00edctimes d\u2019LGTBI-f\u00f2bia durant la Festa de la Merc\u00e8\",\"datePublished\":\"2022-09-23T10:51:00+00:00\",\"dateModified\":\"2023-05-11T09:57:31+00:00\",\"mainEntityOfPage\":{\"@id\":\"https:\\\/\\\/www.sindicaturabarcelona.cat\\\/ca\\\/la-sindicatura-de-greuges-de-barcelona-acompanya-lobservatori-contra-lhomofobia-en-latencio-a-les-victimes-dlgtbi-fobia-durant-la-festa-de-la-merce\\\/\"},\"wordCount\":417,\"publisher\":{\"@id\":\"https:\\\/\\\/www.sindicaturabarcelona.cat\\\/ca\\\/#organization\"},\"image\":{\"@id\":\"https:\\\/\\\/www.sindicaturabarcelona.cat\\\/ca\\\/la-sindicatura-de-greuges-de-barcelona-acompanya-lobservatori-contra-lhomofobia-en-latencio-a-les-victimes-dlgtbi-fobia-durant-la-festa-de-la-merce\\\/#primaryimage\"},\"thumbnailUrl\":\"https:\\\/\\\/www.sindicaturabarcelona.cat\\\/wp-content\\\/uploads\\\/2022\\\/09\\\/Dispositiu-violencies-LGTBI.jpeg\",\"keywords\":[\"observatori contra homofobia\"],\"articleSection\":[\"Uncategorized @ca\"],\"inLanguage\":\"ca\"},{\"@type\":\"WebPage\",\"@id\":\"https:\\\/\\\/www.sindicaturabarcelona.cat\\\/ca\\\/la-sindicatura-de-greuges-de-barcelona-acompanya-lobservatori-contra-lhomofobia-en-latencio-a-les-victimes-dlgtbi-fobia-durant-la-festa-de-la-merce\\\/\",\"url\":\"https:\\\/\\\/www.sindicaturabarcelona.cat\\\/ca\\\/la-sindicatura-de-greuges-de-barcelona-acompanya-lobservatori-contra-lhomofobia-en-latencio-a-les-victimes-dlgtbi-fobia-durant-la-festa-de-la-merce\\\/\",\"name\":\"La Sindicatura de Greuges de Barcelona acompanya l\u2019Observatori contra l\u2019Homof\u00f2bia en l\u2019atenci\u00f3 a les v\u00edctimes d\u2019LGTBI-f\u00f2bia durant la Festa de la Merc\u00e8 - Sindicatura de Greuges de Barcelona\",\"isPartOf\":{\"@id\":\"https:\\\/\\\/www.sindicaturabarcelona.cat\\\/ca\\\/#website\"},\"primaryImageOfPage\":{\"@id\":\"https:\\\/\\\/www.sindicaturabarcelona.cat\\\/ca\\\/la-sindicatura-de-greuges-de-barcelona-acompanya-lobservatori-contra-lhomofobia-en-latencio-a-les-victimes-dlgtbi-fobia-durant-la-festa-de-la-merce\\\/#primaryimage\"},\"image\":{\"@id\":\"https:\\\/\\\/www.sindicaturabarcelona.cat\\\/ca\\\/la-sindicatura-de-greuges-de-barcelona-acompanya-lobservatori-contra-lhomofobia-en-latencio-a-les-victimes-dlgtbi-fobia-durant-la-festa-de-la-merce\\\/#primaryimage\"},\"thumbnailUrl\":\"https:\\\/\\\/www.sindicaturabarcelona.cat\\\/wp-content\\\/uploads\\\/2022\\\/09\\\/Dispositiu-violencies-LGTBI.jpeg\",\"datePublished\":\"2022-09-23T10:51:00+00:00\",\"dateModified\":\"2023-05-11T09:57:31+00:00\",\"description\":\"La Sindicatura acompanyar\u00e0 el 23 de setembre (de 22 a 1 h) l\u2019Observatori contra l\u2019Homof\u00f2bia en l\u2019atenci\u00f3 a incid\u00e8ncies hom\u00f2fobes.\",\"breadcrumb\":{\"@id\":\"https:\\\/\\\/www.sindicaturabarcelona.cat\\\/ca\\\/la-sindicatura-de-greuges-de-barcelona-acompanya-lobservatori-contra-lhomofobia-en-latencio-a-les-victimes-dlgtbi-fobia-durant-la-festa-de-la-merce\\\/#breadcrumb\"},\"inLanguage\":\"ca\",\"potentialAction\":[{\"@type\":\"ReadAction\",\"target\":[\"https:\\\/\\\/www.sindicaturabarcelona.cat\\\/ca\\\/la-sindicatura-de-greuges-de-barcelona-acompanya-lobservatori-contra-lhomofobia-en-latencio-a-les-victimes-dlgtbi-fobia-durant-la-festa-de-la-merce\\\/\"]}]},{\"@type\":\"ImageObject\",\"inLanguage\":\"ca\",\"@id\":\"https:\\\/\\\/www.sindicaturabarcelona.cat\\\/ca\\\/la-sindicatura-de-greuges-de-barcelona-acompanya-lobservatori-contra-lhomofobia-en-latencio-a-les-victimes-dlgtbi-fobia-durant-la-festa-de-la-merce\\\/#primaryimage\",\"url\":\"https:\\\/\\\/www.sindicaturabarcelona.cat\\\/wp-content\\\/uploads\\\/2022\\\/09\\\/Dispositiu-violencies-LGTBI.jpeg\",\"contentUrl\":\"https:\\\/\\\/www.sindicaturabarcelona.cat\\\/wp-content\\\/uploads\\\/2022\\\/09\\\/Dispositiu-violencies-LGTBI.jpeg\",\"width\":2000,\"height\":1500},{\"@type\":\"BreadcrumbList\",\"@id\":\"https:\\\/\\\/www.sindicaturabarcelona.cat\\\/ca\\\/la-sindicatura-de-greuges-de-barcelona-acompanya-lobservatori-contra-lhomofobia-en-latencio-a-les-victimes-dlgtbi-fobia-durant-la-festa-de-la-merce\\\/#breadcrumb\",\"itemListElement\":[{\"@type\":\"ListItem\",\"position\":1,\"name\":\"Inici\",\"item\":\"https:\\\/\\\/www.sindicaturabarcelona.cat\\\/ca\\\/\"},{\"@type\":\"ListItem\",\"position\":2,\"name\":\"La Sindicatura de Greuges de Barcelona acompanya l\u2019Observatori contra l\u2019Homof\u00f2bia en l\u2019atenci\u00f3 a les v\u00edctimes d\u2019LGTBI-f\u00f2bia durant la Festa de la Merc\u00e8\"}]},{\"@type\":\"WebSite\",\"@id\":\"https:\\\/\\\/www.sindicaturabarcelona.cat\\\/ca\\\/#website\",\"url\":\"https:\\\/\\\/www.sindicaturabarcelona.cat\\\/ca\\\/\",\"name\":\"Sindicatura de Greuges de Barcelona\",\"description\":\"La defensoria dels teus drets\",\"publisher\":{\"@id\":\"https:\\\/\\\/www.sindicaturabarcelona.cat\\\/ca\\\/#organization\"},\"potentialAction\":[{\"@type\":\"SearchAction\",\"target\":{\"@type\":\"EntryPoint\",\"urlTemplate\":\"https:\\\/\\\/www.sindicaturabarcelona.cat\\\/ca\\\/?s={search_term_string}\"},\"query-input\":{\"@type\":\"PropertyValueSpecification\",\"valueRequired\":true,\"valueName\":\"search_term_string\"}}],\"inLanguage\":\"ca\"},{\"@type\":\"Organization\",\"@id\":\"https:\\\/\\\/www.sindicaturabarcelona.cat\\\/ca\\\/#organization\",\"name\":\"Sindicatura de Greuges de Barcelona\",\"url\":\"https:\\\/\\\/www.sindicaturabarcelona.cat\\\/ca\\\/\",\"logo\":{\"@type\":\"ImageObject\",\"inLanguage\":\"ca\",\"@id\":\"https:\\\/\\\/www.sindicaturabarcelona.cat\\\/ca\\\/#\\\/schema\\\/logo\\\/image\\\/\",\"url\":\"https:\\\/\\\/www.sindicaturabarcelona.cat\\\/wp-content\\\/uploads\\\/2023\\\/02\\\/logo_sindicatura.svg\",\"contentUrl\":\"https:\\\/\\\/www.sindicaturabarcelona.cat\\\/wp-content\\\/uploads\\\/2023\\\/02\\\/logo_sindicatura.svg\",\"caption\":\"Sindicatura de Greuges de Barcelona\"},\"image\":{\"@id\":\"https:\\\/\\\/www.sindicaturabarcelona.cat\\\/ca\\\/#\\\/schema\\\/logo\\\/image\\\/\"},\"sameAs\":[\"https:\\\/\\\/x.com\\\/sindicbarcelona\",\"https:\\\/\\\/www.instagram.com\\\/sindicbarcelona\\\/\",\"https:\\\/\\\/www.tiktok.com\\\/@sindicaturabcn\",\"https:\\\/\\\/t.me\\\/sindicaturabarcelona\"]},{\"@type\":\"Person\",\"@id\":\"https:\\\/\\\/www.sindicaturabarcelona.cat\\\/ca\\\/#\\\/schema\\\/person\\\/0e5acffc350ffdbc97578159322c9452\",\"name\":\"Pablo\",\"image\":{\"@type\":\"ImageObject\",\"inLanguage\":\"ca\",\"@id\":\"https:\\\/\\\/secure.gravatar.com\\\/avatar\\\/c948169b402ef9492afde705c3dfd5e90e1a6a84ef6840a91124f805a25a480f?s=96&d=mm&r=g\",\"url\":\"https:\\\/\\\/secure.gravatar.com\\\/avatar\\\/c948169b402ef9492afde705c3dfd5e90e1a6a84ef6840a91124f805a25a480f?s=96&d=mm&r=g\",\"contentUrl\":\"https:\\\/\\\/secure.gravatar.com\\\/avatar\\\/c948169b402ef9492afde705c3dfd5e90e1a6a84ef6840a91124f805a25a480f?s=96&d=mm&r=g\",\"caption\":\"Pablo\"},\"url\":\"https:\\\/\\\/www.sindicaturabarcelona.cat\\\/ca\\\/author\\\/pablo\\\/\"}]}<\/script>\n<!-- \/ Yoast SEO plugin. -->","yoast_head_json":{"title":"La Sindicatura de Greuges de Barcelona acompanya l\u2019Observatori contra l\u2019Homof\u00f2bia en l\u2019atenci\u00f3 a les v\u00edctimes d\u2019LGTBI-f\u00f2bia durant la Festa de la Merc\u00e8 - Sindicatura de Greuges de Barcelona","description":"La Sindicatura acompanyar\u00e0 el 23 de setembre (de 22 a 1 h) l\u2019Observatori contra l\u2019Homof\u00f2bia en l\u2019atenci\u00f3 a incid\u00e8ncies hom\u00f2fobes.","robots":{"index":"index","follow":"follow","max-snippet":"max-snippet:-1","max-image-preview":"max-image-preview:large","max-video-preview":"max-video-preview:-1"},"canonical":"https:\/\/www.sindicaturabarcelona.cat\/ca\/la-sindicatura-de-greuges-de-barcelona-acompanya-lobservatori-contra-lhomofobia-en-latencio-a-les-victimes-dlgtbi-fobia-durant-la-festa-de-la-merce\/","og_locale":"ca_ES","og_type":"article","og_title":"La Sindicatura de Greuges de Barcelona acompanya l\u2019Observatori contra l\u2019Homof\u00f2bia en l\u2019atenci\u00f3 a les v\u00edctimes d\u2019LGTBI-f\u00f2bia durant la Festa de la Merc\u00e8 - Sindicatura de Greuges de Barcelona","og_description":"La Sindicatura acompanyar\u00e0 el 23 de setembre (de 22 a 1 h) l\u2019Observatori contra l\u2019Homof\u00f2bia en l\u2019atenci\u00f3 a incid\u00e8ncies hom\u00f2fobes.","og_url":"https:\/\/www.sindicaturabarcelona.cat\/ca\/la-sindicatura-de-greuges-de-barcelona-acompanya-lobservatori-contra-lhomofobia-en-latencio-a-les-victimes-dlgtbi-fobia-durant-la-festa-de-la-merce\/","og_site_name":"Sindicatura de Greuges de Barcelona","article_published_time":"2022-09-23T10:51:00+00:00","article_modified_time":"2023-05-11T09:57:31+00:00","og_image":[{"width":2000,"height":1500,"url":"https:\/\/www.sindicaturabarcelona.cat\/wp-content\/uploads\/2022\/09\/Dispositiu-violencies-LGTBI.jpeg","type":"image\/jpeg"}],"author":"Pablo","twitter_card":"summary_large_image","twitter_creator":"@sindicbarcelona","twitter_site":"@sindicbarcelona","twitter_misc":{"Escrit per":"Pablo","Temps estimat de lectura":"3 minuts"},"schema":{"@context":"https:\/\/schema.org","@graph":[{"@type":"Article","@id":"https:\/\/www.sindicaturabarcelona.cat\/ca\/la-sindicatura-de-greuges-de-barcelona-acompanya-lobservatori-contra-lhomofobia-en-latencio-a-les-victimes-dlgtbi-fobia-durant-la-festa-de-la-merce\/#article","isPartOf":{"@id":"https:\/\/www.sindicaturabarcelona.cat\/ca\/la-sindicatura-de-greuges-de-barcelona-acompanya-lobservatori-contra-lhomofobia-en-latencio-a-les-victimes-dlgtbi-fobia-durant-la-festa-de-la-merce\/"},"author":{"name":"Pablo","@id":"https:\/\/www.sindicaturabarcelona.cat\/ca\/#\/schema\/person\/0e5acffc350ffdbc97578159322c9452"},"headline":"La Sindicatura de Greuges de Barcelona acompanya l\u2019Observatori contra l\u2019Homof\u00f2bia en l\u2019atenci\u00f3 a les v\u00edctimes d\u2019LGTBI-f\u00f2bia durant la Festa de la Merc\u00e8","datePublished":"2022-09-23T10:51:00+00:00","dateModified":"2023-05-11T09:57:31+00:00","mainEntityOfPage":{"@id":"https:\/\/www.sindicaturabarcelona.cat\/ca\/la-sindicatura-de-greuges-de-barcelona-acompanya-lobservatori-contra-lhomofobia-en-latencio-a-les-victimes-dlgtbi-fobia-durant-la-festa-de-la-merce\/"},"wordCount":417,"publisher":{"@id":"https:\/\/www.sindicaturabarcelona.cat\/ca\/#organization"},"image":{"@id":"https:\/\/www.sindicaturabarcelona.cat\/ca\/la-sindicatura-de-greuges-de-barcelona-acompanya-lobservatori-contra-lhomofobia-en-latencio-a-les-victimes-dlgtbi-fobia-durant-la-festa-de-la-merce\/#primaryimage"},"thumbnailUrl":"https:\/\/www.sindicaturabarcelona.cat\/wp-content\/uploads\/2022\/09\/Dispositiu-violencies-LGTBI.jpeg","keywords":["observatori contra homofobia"],"articleSection":["Uncategorized @ca"],"inLanguage":"ca"},{"@type":"WebPage","@id":"https:\/\/www.sindicaturabarcelona.cat\/ca\/la-sindicatura-de-greuges-de-barcelona-acompanya-lobservatori-contra-lhomofobia-en-latencio-a-les-victimes-dlgtbi-fobia-durant-la-festa-de-la-merce\/","url":"https:\/\/www.sindicaturabarcelona.cat\/ca\/la-sindicatura-de-greuges-de-barcelona-acompanya-lobservatori-contra-lhomofobia-en-latencio-a-les-victimes-dlgtbi-fobia-durant-la-festa-de-la-merce\/","name":"La Sindicatura de Greuges de Barcelona acompanya l\u2019Observatori contra l\u2019Homof\u00f2bia en l\u2019atenci\u00f3 a les v\u00edctimes d\u2019LGTBI-f\u00f2bia durant la Festa de la Merc\u00e8 - Sindicatura de Greuges de Barcelona","isPartOf":{"@id":"https:\/\/www.sindicaturabarcelona.cat\/ca\/#website"},"primaryImageOfPage":{"@id":"https:\/\/www.sindicaturabarcelona.cat\/ca\/la-sindicatura-de-greuges-de-barcelona-acompanya-lobservatori-contra-lhomofobia-en-latencio-a-les-victimes-dlgtbi-fobia-durant-la-festa-de-la-merce\/#primaryimage"},"image":{"@id":"https:\/\/www.sindicaturabarcelona.cat\/ca\/la-sindicatura-de-greuges-de-barcelona-acompanya-lobservatori-contra-lhomofobia-en-latencio-a-les-victimes-dlgtbi-fobia-durant-la-festa-de-la-merce\/#primaryimage"},"thumbnailUrl":"https:\/\/www.sindicaturabarcelona.cat\/wp-content\/uploads\/2022\/09\/Dispositiu-violencies-LGTBI.jpeg","datePublished":"2022-09-23T10:51:00+00:00","dateModified":"2023-05-11T09:57:31+00:00","description":"La Sindicatura acompanyar\u00e0 el 23 de setembre (de 22 a 1 h) l\u2019Observatori contra l\u2019Homof\u00f2bia en l\u2019atenci\u00f3 a incid\u00e8ncies hom\u00f2fobes.","breadcrumb":{"@id":"https:\/\/www.sindicaturabarcelona.cat\/ca\/la-sindicatura-de-greuges-de-barcelona-acompanya-lobservatori-contra-lhomofobia-en-latencio-a-les-victimes-dlgtbi-fobia-durant-la-festa-de-la-merce\/#breadcrumb"},"inLanguage":"ca","potentialAction":[{"@type":"ReadAction","target":["https:\/\/www.sindicaturabarcelona.cat\/ca\/la-sindicatura-de-greuges-de-barcelona-acompanya-lobservatori-contra-lhomofobia-en-latencio-a-les-victimes-dlgtbi-fobia-durant-la-festa-de-la-merce\/"]}]},{"@type":"ImageObject","inLanguage":"ca","@id":"https:\/\/www.sindicaturabarcelona.cat\/ca\/la-sindicatura-de-greuges-de-barcelona-acompanya-lobservatori-contra-lhomofobia-en-latencio-a-les-victimes-dlgtbi-fobia-durant-la-festa-de-la-merce\/#primaryimage","url":"https:\/\/www.sindicaturabarcelona.cat\/wp-content\/uploads\/2022\/09\/Dispositiu-violencies-LGTBI.jpeg","contentUrl":"https:\/\/www.sindicaturabarcelona.cat\/wp-content\/uploads\/2022\/09\/Dispositiu-violencies-LGTBI.jpeg","width":2000,"height":1500},{"@type":"BreadcrumbList","@id":"https:\/\/www.sindicaturabarcelona.cat\/ca\/la-sindicatura-de-greuges-de-barcelona-acompanya-lobservatori-contra-lhomofobia-en-latencio-a-les-victimes-dlgtbi-fobia-durant-la-festa-de-la-merce\/#breadcrumb","itemListElement":[{"@type":"ListItem","position":1,"name":"Inici","item":"https:\/\/www.sindicaturabarcelona.cat\/ca\/"},{"@type":"ListItem","position":2,"name":"La Sindicatura de Greuges de Barcelona acompanya l\u2019Observatori contra l\u2019Homof\u00f2bia en l\u2019atenci\u00f3 a les v\u00edctimes d\u2019LGTBI-f\u00f2bia durant la Festa de la Merc\u00e8"}]},{"@type":"WebSite","@id":"https:\/\/www.sindicaturabarcelona.cat\/ca\/#website","url":"https:\/\/www.sindicaturabarcelona.cat\/ca\/","name":"Sindicatura de Greuges de Barcelona","description":"La defensoria dels teus drets","publisher":{"@id":"https:\/\/www.sindicaturabarcelona.cat\/ca\/#organization"},"potentialAction":[{"@type":"SearchAction","target":{"@type":"EntryPoint","urlTemplate":"https:\/\/www.sindicaturabarcelona.cat\/ca\/?s={search_term_string}"},"query-input":{"@type":"PropertyValueSpecification","valueRequired":true,"valueName":"search_term_string"}}],"inLanguage":"ca"},{"@type":"Organization","@id":"https:\/\/www.sindicaturabarcelona.cat\/ca\/#organization","name":"Sindicatura de Greuges de Barcelona","url":"https:\/\/www.sindicaturabarcelona.cat\/ca\/","logo":{"@type":"ImageObject","inLanguage":"ca","@id":"https:\/\/www.sindicaturabarcelona.cat\/ca\/#\/schema\/logo\/image\/","url":"https:\/\/www.sindicaturabarcelona.cat\/wp-content\/uploads\/2023\/02\/logo_sindicatura.svg","contentUrl":"https:\/\/www.sindicaturabarcelona.cat\/wp-content\/uploads\/2023\/02\/logo_sindicatura.svg","caption":"Sindicatura de Greuges de Barcelona"},"image":{"@id":"https:\/\/www.sindicaturabarcelona.cat\/ca\/#\/schema\/logo\/image\/"},"sameAs":["https:\/\/x.com\/sindicbarcelona","https:\/\/www.instagram.com\/sindicbarcelona\/","https:\/\/www.tiktok.com\/@sindicaturabcn","https:\/\/t.me\/sindicaturabarcelona"]},{"@type":"Person","@id":"https:\/\/www.sindicaturabarcelona.cat\/ca\/#\/schema\/person\/0e5acffc350ffdbc97578159322c9452","name":"Pablo","image":{"@type":"ImageObject","inLanguage":"ca","@id":"https:\/\/secure.gravatar.com\/avatar\/c948169b402ef9492afde705c3dfd5e90e1a6a84ef6840a91124f805a25a480f?s=96&d=mm&r=g","url":"https:\/\/secure.gravatar.com\/avatar\/c948169b402ef9492afde705c3dfd5e90e1a6a84ef6840a91124f805a25a480f?s=96&d=mm&r=g","contentUrl":"https:\/\/secure.gravatar.com\/avatar\/c948169b402ef9492afde705c3dfd5e90e1a6a84ef6840a91124f805a25a480f?s=96&d=mm&r=g","caption":"Pablo"},"url":"https:\/\/www.sindicaturabarcelona.cat\/ca\/author\/pablo\/"}]}},"_links":{"self":[{"href":"https:\/\/www.sindicaturabarcelona.cat\/ca\/wp-json\/wp\/v2\/posts\/14991","targetHints":{"allow":["GET"]}}],"collection":[{"href":"https:\/\/www.sindicaturabarcelona.cat\/ca\/wp-json\/wp\/v2\/posts"}],"about":[{"href":"https:\/\/www.sindicaturabarcelona.cat\/ca\/wp-json\/wp\/v2\/types\/post"}],"author":[{"embeddable":true,"href":"https:\/\/www.sindicaturabarcelona.cat\/ca\/wp-json\/wp\/v2\/users\/2"}],"replies":[{"embeddable":true,"href":"https:\/\/www.sindicaturabarcelona.cat\/ca\/wp-json\/wp\/v2\/comments?post=14991"}],"version-history":[{"count":0,"href":"https:\/\/www.sindicaturabarcelona.cat\/ca\/wp-json\/wp\/v2\/posts\/14991\/revisions"}],"wp:featuredmedia":[{"embeddable":true,"href":"https:\/\/www.sindicaturabarcelona.cat\/ca\/wp-json\/wp\/v2\/media\/15041"}],"wp:attachment":[{"href":"https:\/\/www.sindicaturabarcelona.cat\/ca\/wp-json\/wp\/v2\/media?parent=14991"}],"wp:term":[{"taxonomy":"post_tag","embeddable":true,"href":"https:\/\/www.sindicaturabarcelona.cat\/ca\/wp-json\/wp\/v2\/tags?post=14991"},{"taxonomy":"drets","embeddable":true,"href":"https:\/\/www.sindicaturabarcelona.cat\/ca\/wp-json\/wp\/v2\/drets?post=14991"}],"curies":[{"name":"wp","href":"https:\/\/api.w.org\/{rel}","templated":true}]}}