{"id":14903,"date":"2022-09-15T16:16:00","date_gmt":"2022-09-15T14:16:00","guid":{"rendered":"https:\/\/www.sindicaturabarcelona.cat\/?p=14903"},"modified":"2023-05-11T11:59:06","modified_gmt":"2023-05-11T09:59:06","slug":"la-sindicatura-de-greuges-de-barcelona-actua-dofici-per-analitzar-lestat-i-el-funcionament-dels-equipaments-policials-de-la-guardia-urbana","status":"publish","type":"post","link":"https:\/\/www.sindicaturabarcelona.cat\/ca\/la-sindicatura-de-greuges-de-barcelona-actua-dofici-per-analitzar-lestat-i-el-funcionament-dels-equipaments-policials-de-la-guardia-urbana\/","title":{"rendered":"La Sindicatura de Greuges de Barcelona actua d\u2019ofici per analitzar l\u2019estat i el funcionament dels equipaments policials de la Gu\u00e0rdia Urbana"},"content":{"rendered":"\n<p class=\"has-text-align-justify\">El darrer trimestre del 2021 la Sindicatura de Greuges de Barcelona va iniciar una actuaci\u00f3 d\u2019ofici de llarg recorregut per con\u00e8ixer de primera m\u00e0 la totalitat dels equipaments de la Gu\u00e0rdia Urbana de Barcelona (GUB), amb l\u2019objectiu de copsar presencialment l\u2019estructura i el funcionament dels serveis policials de la ciutat, principalment els descentralitzats. El resultat \u00e9s l&#8217;informe &#8216;<a href=\"https:\/\/www.sindicaturabarcelona.cat\/wp-content\/uploads\/2022\/09\/Guardia-Urbana-i-DDHH-de-proximitat.-Analisi-equipaments-policials-de-la-ciutat.pdf\" target=\"_blank\" aria-label=\"Gu\u00e0rdia Urbana i drets humans de proximitat: an\u00e0lisi d'equipaments policials de la ciutat' (opens in a new tab)\" rel=\"noreferrer noopener\" class=\"ek-link\">Gu\u00e0rdia Urbana i drets humans de proximitat: an\u00e0lisi d&#8217;equipaments policials de la ciutat&#8217;<\/a>. <\/p>\n\n\n\n<p class=\"has-text-align-justify\">Aix\u00ed mateix, <strong>tamb\u00e9 s\u2019ha volgut con\u00e8ixer l\u2019organitzaci\u00f3 interna i les tasques policials dutes a terme a les UT, ja que s\u00f3n aspectes que incideixen en el servei que s\u2019ofereix a la ciutadania del territori on estan implantades<\/strong>.<\/p>\n\n\n\n<p class=\"has-text-align-justify\">Entre altres assumptes, la Sindicatura de Greuges ha analitzat la idone\u00eftat de l\u2019espai; l\u2019accessibilitat; la seguretat; l\u2019atenci\u00f3 a la ciutadania; l\u2019assist\u00e8ncia m\u00e8dica a les persones detingudes; les \u00e0rees de cust\u00f2dia de les persones detingudes, o el tractament de les viol\u00e8ncies masclistes. Cal recordar que <strong>el treball policial est\u00e0 subjecte a la normativa internacional en la mat\u00e8ria i en drets humans, la qual ha d\u2019inspirar tant la normativa interna com la pr\u00e0ctica policial.<\/strong><\/p>\n\n\n\n<p><strong>La metodologia de treball de la Sindicatura<\/strong><\/p>\n\n\n\n<p class=\"has-text-align-justify\">L\u2019informe s\u2019ha elaborat des de l\u2019an\u00e0lisi de la normativa general i espec\u00edfica que regeix la Gu\u00e0rdia Urbana de Barcelona, vinculat a la realitzaci\u00f3 d\u2019un total de <strong>tretze visites a equipaments policials de la ciutat per part de la Sindicatura de Greuges de Barcelona<\/strong>. Aquestes visites, pr\u00e8viament planificades i comunicades als comandaments de la GUB, s\u2019han dut a terme per un equip de la Sindicatura.<\/p>\n\n\n\n<p class=\"has-text-align-justify\">S\u2019han visitat&nbsp; les deu unitats territorials de la Gu\u00e0rdia Urbana, la Sala Conjunta de Comandament (GUB, ME, Bombers i SEM), i la Divisi\u00f3 de Tr\u00e0nsit. Tamb\u00e9 s\u2019ha considerat oport\u00fa con\u00e8ixer les instal\u00b7lacions de l\u2019\u00c0rea de Cust\u00f2dia de Persones Detingudes de la Comissaria de les Corts del cos de Mossos d\u2019Esquadra, en una visita conjunta amb l\u2019adjunt del S\u00edndic de Greuges de Catalunya. L\u2019inter\u00e8s de con\u00e8ixer aquesta instal\u00b7laci\u00f3 rau en el fet que el cos municipal de policia col\u00b7labora en aquest servei, i alhora es tracta de l\u2019espai on s\u00f3n custodiades les persones detingudes per la Gu\u00e0rdia Urbana de Barcelona.<\/p>\n\n\n\n<p class=\"has-text-align-justify\">Durant les reunions amb els comandaments dels equipaments policials, la Sindicatura de Greuges de Barcelona ha plantejat diverses q\u00fcestions que han estat motiu de queixes reiterades en aquesta instituci\u00f3. Entre altres, s\u2019ha interessat per l\u2019avaluaci\u00f3 que es fa sobre l\u2019\u00fas de les c\u00e0meres unipersonals en l\u2019uniforme policial, la confian\u00e7a ciutadana, o la valoraci\u00f3 sobre la signatura del conveni amb el cos de Mossos d\u2019Esquadra, que preveu que les persones detingudes es traslladin a la Comissaria de Les Corts de Mossos d\u2019Esquadra.<\/p>\n\n\n\n<p class=\"has-text-align-justify\">En el marc d\u2019aquesta intervenci\u00f3, la Sindicatura de Greuges tamb\u00e9 s\u2019ha centrat a con\u00e8ixer alguns aspectes associats a la situaci\u00f3 dels equipaments policials, en relaci\u00f3 amb els serveis que en ells es presta a la ciutadania i amb la protecci\u00f3 dels drets fonamentals de les persones detingudes per agents de la Gu\u00e0rdia Urbana de Barcelona.<\/p>\n\n\n\n<p><strong><span style=\"text-decoration: underline;\" class=\"ek-underline\">An\u00e0lisi de les Unitats Territorials (UT) de la ciutat<\/span><\/strong><\/p>\n\n\n\n<p class=\"has-text-align-justify\">A continuaci\u00f3 es detallen les diagnosis, els exemples i les recomanacions fetes per la Sindicatura de Greuges de Barcelona arran de visites a les Unitats Territorials (UT) de la <a href=\"https:\/\/ajuntament.barcelona.cat\/guardiaurbana\/ca\" target=\"_blank\" aria-label=\"Gu\u00e0rdia Urbana de la ciutat (opens in a new tab)\" rel=\"noreferrer noopener\" class=\"ek-link\">Gu\u00e0rdia Urbana de la ciutat<\/a>.<\/p>\n\n\n\n<figure class=\"wp-block-image size-large\"><img decoding=\"async\" src=\"https:\/\/www.sindicaturabarcelona.cat\/wp-content\/uploads\/2022\/09\/01-1024x512.png\" alt=\"\" class=\"wp-image-14905\"\/><\/figure>\n\n\n\n<figure class=\"wp-block-image size-full\"><img loading=\"lazy\" decoding=\"async\" width=\"845\" height=\"455\" src=\"https:\/\/www.sindicaturabarcelona.cat\/wp-content\/uploads\/2022\/09\/image.png\" alt=\"\" class=\"wp-image-14906\" srcset=\"https:\/\/www.sindicaturabarcelona.cat\/wp-content\/uploads\/2022\/09\/image.png 845w, https:\/\/www.sindicaturabarcelona.cat\/wp-content\/uploads\/2022\/09\/image-800x431.png 800w, https:\/\/www.sindicaturabarcelona.cat\/wp-content\/uploads\/2022\/09\/image-768x414.png 768w\" sizes=\"auto, (max-width: 845px) 100vw, 845px\" \/><\/figure>\n\n\n\n<figure class=\"wp-block-image size-full\"><img loading=\"lazy\" decoding=\"async\" width=\"833\" height=\"499\" src=\"https:\/\/www.sindicaturabarcelona.cat\/wp-content\/uploads\/2022\/09\/image-1.png\" alt=\"\" class=\"wp-image-14907\" srcset=\"https:\/\/www.sindicaturabarcelona.cat\/wp-content\/uploads\/2022\/09\/image-1.png 833w, https:\/\/www.sindicaturabarcelona.cat\/wp-content\/uploads\/2022\/09\/image-1-800x479.png 800w, https:\/\/www.sindicaturabarcelona.cat\/wp-content\/uploads\/2022\/09\/image-1-768x460.png 768w\" sizes=\"auto, (max-width: 833px) 100vw, 833px\" \/><\/figure>\n\n\n\n<figure class=\"wp-block-image size-full\"><img loading=\"lazy\" decoding=\"async\" width=\"819\" height=\"420\" src=\"https:\/\/www.sindicaturabarcelona.cat\/wp-content\/uploads\/2022\/09\/image-2.png\" alt=\"\" class=\"wp-image-14908\" srcset=\"https:\/\/www.sindicaturabarcelona.cat\/wp-content\/uploads\/2022\/09\/image-2.png 819w, https:\/\/www.sindicaturabarcelona.cat\/wp-content\/uploads\/2022\/09\/image-2-800x410.png 800w, https:\/\/www.sindicaturabarcelona.cat\/wp-content\/uploads\/2022\/09\/image-2-768x394.png 768w\" sizes=\"auto, (max-width: 819px) 100vw, 819px\" \/><\/figure>\n\n\n\n<figure class=\"wp-block-image size-full\"><img loading=\"lazy\" decoding=\"async\" width=\"844\" height=\"664\" src=\"https:\/\/www.sindicaturabarcelona.cat\/wp-content\/uploads\/2022\/09\/image-3.png\" alt=\"\" class=\"wp-image-14909\" srcset=\"https:\/\/www.sindicaturabarcelona.cat\/wp-content\/uploads\/2022\/09\/image-3.png 844w, https:\/\/www.sindicaturabarcelona.cat\/wp-content\/uploads\/2022\/09\/image-3-677x533.png 677w, https:\/\/www.sindicaturabarcelona.cat\/wp-content\/uploads\/2022\/09\/image-3-768x604.png 768w\" sizes=\"auto, (max-width: 844px) 100vw, 844px\" \/><\/figure>\n\n\n\n<figure class=\"wp-block-image size-full\"><img loading=\"lazy\" decoding=\"async\" width=\"865\" height=\"734\" src=\"https:\/\/www.sindicaturabarcelona.cat\/wp-content\/uploads\/2022\/09\/image-4.png\" alt=\"\" class=\"wp-image-14910\" srcset=\"https:\/\/www.sindicaturabarcelona.cat\/wp-content\/uploads\/2022\/09\/image-4.png 865w, https:\/\/www.sindicaturabarcelona.cat\/wp-content\/uploads\/2022\/09\/image-4-628x533.png 628w, https:\/\/www.sindicaturabarcelona.cat\/wp-content\/uploads\/2022\/09\/image-4-768x652.png 768w\" sizes=\"auto, (max-width: 865px) 100vw, 865px\" \/><\/figure>\n\n\n\n<figure class=\"wp-block-image size-large\"><img decoding=\"async\" src=\"https:\/\/www.sindicaturabarcelona.cat\/wp-content\/uploads\/2022\/09\/image-5-810x1024.png\" alt=\"\" class=\"wp-image-14911\"\/><\/figure>\n\n\n\n<figure class=\"wp-block-image size-full\"><img loading=\"lazy\" decoding=\"async\" width=\"886\" height=\"757\" src=\"https:\/\/www.sindicaturabarcelona.cat\/wp-content\/uploads\/2022\/09\/image-6.png\" alt=\"\" class=\"wp-image-14912\" srcset=\"https:\/\/www.sindicaturabarcelona.cat\/wp-content\/uploads\/2022\/09\/image-6.png 886w, https:\/\/www.sindicaturabarcelona.cat\/wp-content\/uploads\/2022\/09\/image-6-624x533.png 624w, https:\/\/www.sindicaturabarcelona.cat\/wp-content\/uploads\/2022\/09\/image-6-768x656.png 768w\" sizes=\"auto, (max-width: 886px) 100vw, 886px\" \/><\/figure>\n\n\n\n<p><strong><span style=\"text-decoration: underline;\" class=\"ek-underline\">\u00c0rees de cust\u00f2dia de persones detingudes<\/span><\/strong><\/p>\n\n\n\n<p class=\"has-text-align-justify\">Des del mes de juliol de 2021<strong>, <\/strong>totes les persones que s\u00f3n detingudes per la Gu\u00e0rdia Urbana de Barcelona, a excepci\u00f3 de les detingudes per q\u00fcestions relacionades amb delictes contra la seguretat vi\u00e0ria, s\u00f3n traslladades a l\u2019\u00e0rea de cust\u00f2dia de la Comissaria de les Corts del cos de Mossos d\u2019Esquadra.<\/p>\n\n\n\n<p class=\"has-text-align-justify\"><strong>Per tant, les cel\u00b7les de les UT de la Gu\u00e0rdia Urbana van deixar de ser operatives a partir d\u2019aquella data, a excepci\u00f3 de les que es troben a la Unitat d\u2019Investigaci\u00f3 i Prevenci\u00f3 de l\u2019Accidentalitat (UIPA), ubicades a la Zona Franca<\/strong>, que \u00fanicament acullen persones que presumptament han atemptat contra la seguretat vi\u00e0ria.<\/p>\n\n\n\n<figure class=\"wp-block-image size-full\"><img loading=\"lazy\" decoding=\"async\" width=\"886\" height=\"901\" src=\"https:\/\/www.sindicaturabarcelona.cat\/wp-content\/uploads\/2022\/09\/image-7.png\" alt=\"\" class=\"wp-image-14913\" srcset=\"https:\/\/www.sindicaturabarcelona.cat\/wp-content\/uploads\/2022\/09\/image-7.png 886w, https:\/\/www.sindicaturabarcelona.cat\/wp-content\/uploads\/2022\/09\/image-7-524x533.png 524w, https:\/\/www.sindicaturabarcelona.cat\/wp-content\/uploads\/2022\/09\/image-7-768x781.png 768w\" sizes=\"auto, (max-width: 886px) 100vw, 886px\" \/><\/figure>\n\n\n\n<figure class=\"wp-block-image size-full\"><img loading=\"lazy\" decoding=\"async\" width=\"886\" height=\"914\" src=\"https:\/\/www.sindicaturabarcelona.cat\/wp-content\/uploads\/2022\/09\/image-8.png\" alt=\"\" class=\"wp-image-14914\" srcset=\"https:\/\/www.sindicaturabarcelona.cat\/wp-content\/uploads\/2022\/09\/image-8.png 886w, https:\/\/www.sindicaturabarcelona.cat\/wp-content\/uploads\/2022\/09\/image-8-517x533.png 517w, https:\/\/www.sindicaturabarcelona.cat\/wp-content\/uploads\/2022\/09\/image-8-768x792.png 768w\" sizes=\"auto, (max-width: 886px) 100vw, 886px\" \/><\/figure>\n\n\n\n<p><strong>Mesures positives implementades<\/strong><\/p>\n\n\n\n<p class=\"has-text-align-justify\">Per \u00faltim, la Sindicatura de Greuges de Barcelona vol assenyalar aquelles mesures positives que s\u2019han detectat, entre les quals destaquen les seg\u00fcents:<\/p>\n\n\n\n<ul class=\"wp-block-list\">\n<li>L\u2019Ajuntament de Barcelona est\u00e0 adoptant <strong>mesures actives i clares per augmentar el nombre de dones en la GUB<\/strong>, revertint una situaci\u00f3 an\u00f2mala. La m\u00e9s important de totes elles \u00e9s que es van reservar 112 places (de 282 en total) per a dones (un 40%) a la convocat\u00f2ria de places del 2020.<\/li>\n<\/ul>\n\n\n\n<ul class=\"wp-block-list\">\n<li>La incorporaci\u00f3, tamb\u00e9 a les bases de la convocat\u00f2ria de places d\u2019agents de la Gu\u00e0rdia Urbana, de <strong>criteris de puntuaci\u00f3 que facilitin l\u2019acc\u00e9s al cos de persones de diferents perfils \u00e8tnics<\/strong>; malgrat que aquests criteris s\u2019haurien de potenciar encara m\u00e9s.<\/li>\n<\/ul>\n\n\n\n<ul class=\"wp-block-list\">\n<li>La implementaci\u00f3 i el desenvolupament d\u2019un <strong>model de policia de proximitat<\/strong> com a model de servei comunitari \u00e9s una mesura que est\u00e0 sent estudiada per altres ajuntaments a escala estatal i internacional.<\/li>\n<\/ul>\n\n\n\n<ul class=\"wp-block-list\">\n<li>Els nous <strong>cotxes patrulla de la GUB adquirits el 2018 (126) disposen d\u2019un dispositiu DEA (Desfibrilador Extern Autom\u00e0tic) en tots els vehicles policials<\/strong>, una bona pr\u00e0ctica per a la salvaguarda de la integritat f\u00edsica tant de persones detingudes, com de la ciutadania en general.<\/li>\n<\/ul>\n\n\n\n<ul class=\"wp-block-list\">\n<li>La <strong>decisi\u00f3 que les persones detingudes a Barcelona per la GUB siguin custodiades en l\u2019\u00e0rea de cust\u00f2dia de la comissaria de les Corts de Mossos d\u2019Esquadra<\/strong>, a excepci\u00f3 dels detinguts per delictes relacionats amb la seguretat vi\u00e0ria, \u00e9s una decisi\u00f3 positiva que permet harmonitzar els processos de detenci\u00f3 en un espai habilitat per a la cust\u00f2dia, amb independ\u00e8ncia de les millores que necessiti aquest espai.<\/li>\n<\/ul>\n\n\n\n<ul class=\"wp-block-list\">\n<li>A finals de l\u2019any 2021 s\u2019ha licitat un concurs per a la redacci\u00f3 dels projectes de construcci\u00f3 de les <strong>noves unitats territorials de la Gu\u00e0rdia Urbana de Sarri\u00e0 &#8211; Sant Gervasi i de Sant Andreu<\/strong>. Aix\u00ed mateix, en diverses UT estan pendents reformes que milloraran les condicions dels edificis.<\/li>\n<\/ul>\n\n\n\n<ul class=\"wp-block-list\">\n<li>La incorporaci\u00f3, com un element m\u00e9s en la uniformitat dels agents, de les c\u00e0meres unipersonals. El que anteriorment s\u2019ha descrit com a <strong>dispositius personals de gravaci\u00f3 (DPG) <\/strong>\u00e9s considerat per la Sindicatura de Greuges de Barcelona com una bona pr\u00e0ctica, tot i que cal ampliar el nombre de dispositius.<\/li>\n<\/ul>\n\n\n\n<ul class=\"wp-block-list\">\n<li>La disposici\u00f3 de <strong>gimn\u00e0s<\/strong> en algunes UT, que contribueix al manteniment de les condicions f\u00edsiques dels i les agents del cos policial, donant compliment al conveni laboral que preveu la pr\u00e0ctica esportiva obligat\u00f2ria.<\/li>\n<\/ul>\n\n\n\n<ul class=\"wp-block-list\">\n<li>L\u2019exist\u00e8ncia de galeries que permeten la realitzaci\u00f3 de la <strong>pr\u00e0ctica de tir<\/strong> als i les agents policials i la formaci\u00f3 en primers auxilis.<\/li>\n<\/ul>\n\n\n\n<ul class=\"wp-block-list\">\n<li>La posada en marxa d\u2019<strong>oficines d\u2019atenci\u00f3 ciutadana (OAC), <\/strong>que tenen per objecte que els dos cossos policials (GUB I ME) atenguin en un mateix equipament qualsevol tipus de den\u00fancia o consulta ciutadana.<\/li>\n<\/ul>\n\n\n\n<ul class=\"wp-block-list\">\n<li>La tasca policial desplegada per a la <strong>prevenci\u00f3 i detecci\u00f3 de la viol\u00e8ncia masclista<\/strong>, que preveu la formaci\u00f3 espec\u00edfica dels i les agents policials en aquest \u00e0mbit, aix\u00ed com l\u2019assignaci\u00f3 d\u2019un agent de l\u2019equip de la Policia de Barri en cada UT, especialitzat en viol\u00e8ncia masclista.<\/li>\n<\/ul>\n","protected":false},"excerpt":{"rendered":"<p>El darrer trimestre del 2021 la Sindicatura de Greuges de Barcelona va iniciar una actuaci\u00f3 d\u2019ofici de llarg recorregut per con\u00e8ixer de primera m\u00e0 la totalitat dels equipaments de la [&hellip;]<\/p>\n","protected":false},"author":2,"featured_media":14915,"comment_status":"closed","ping_status":"open","sticky":false,"template":"","format":"standard","meta":{"_acf_changed":false,"footnotes":""},"tags":[],"drets":[1440,1452],"class_list":["post-14903","post","type-post","status-publish","format-standard","has-post-thumbnail","hentry","drets-ciutat-garantista","drets-dret-a-la-seguretat-ciutadana"],"acf":[],"yoast_head":"<!-- This site is optimized with the Yoast SEO plugin v27.5 - https:\/\/yoast.com\/product\/yoast-seo-wordpress\/ -->\n<title>La Sindicatura de Greuges de Barcelona actua d\u2019ofici per analitzar l\u2019estat i el funcionament dels equipaments policials de la Gu\u00e0rdia Urbana - Sindicatura de Greuges de Barcelona<\/title>\n<meta name=\"description\" content=\"El darrer trimestre del 2021 la Sindicatura va iniciar una actuaci\u00f3 d\u2019ofici de llarg recorregut per con\u00e8ixer de primera m\u00e0...\" \/>\n<meta name=\"robots\" content=\"index, follow, max-snippet:-1, max-image-preview:large, max-video-preview:-1\" \/>\n<link rel=\"canonical\" href=\"https:\/\/www.sindicaturabarcelona.cat\/ca\/la-sindicatura-de-greuges-de-barcelona-actua-dofici-per-analitzar-lestat-i-el-funcionament-dels-equipaments-policials-de-la-guardia-urbana\/\" \/>\n<meta property=\"og:locale\" content=\"ca_ES\" \/>\n<meta property=\"og:type\" content=\"article\" \/>\n<meta property=\"og:title\" content=\"La Sindicatura de Greuges de Barcelona actua d\u2019ofici per analitzar l\u2019estat i el funcionament dels equipaments policials de la Gu\u00e0rdia Urbana - Sindicatura de Greuges de Barcelona\" \/>\n<meta property=\"og:description\" content=\"El darrer trimestre del 2021 la Sindicatura va iniciar una actuaci\u00f3 d\u2019ofici de llarg recorregut per con\u00e8ixer de primera m\u00e0...\" \/>\n<meta property=\"og:url\" content=\"https:\/\/www.sindicaturabarcelona.cat\/ca\/la-sindicatura-de-greuges-de-barcelona-actua-dofici-per-analitzar-lestat-i-el-funcionament-dels-equipaments-policials-de-la-guardia-urbana\/\" \/>\n<meta property=\"og:site_name\" content=\"Sindicatura de Greuges de Barcelona\" \/>\n<meta property=\"article:published_time\" content=\"2022-09-15T14:16:00+00:00\" \/>\n<meta property=\"article:modified_time\" content=\"2023-05-11T09:59:06+00:00\" \/>\n<meta property=\"og:image\" content=\"https:\/\/www.sindicaturabarcelona.cat\/wp-content\/uploads\/2022\/09\/UT10-Sant-Marti-3-scaled.jpg\" \/>\n\t<meta property=\"og:image:width\" content=\"2560\" \/>\n\t<meta property=\"og:image:height\" content=\"1707\" \/>\n\t<meta property=\"og:image:type\" content=\"image\/jpeg\" \/>\n<meta name=\"author\" content=\"Pablo\" \/>\n<meta name=\"twitter:card\" content=\"summary_large_image\" \/>\n<meta name=\"twitter:creator\" content=\"@sindicbarcelona\" \/>\n<meta name=\"twitter:site\" content=\"@sindicbarcelona\" \/>\n<meta name=\"twitter:label1\" content=\"Escrit per\" \/>\n\t<meta name=\"twitter:data1\" content=\"Pablo\" \/>\n\t<meta name=\"twitter:label2\" content=\"Temps estimat de lectura\" \/>\n\t<meta name=\"twitter:data2\" content=\"9 minuts\" \/>\n<script type=\"application\/ld+json\" class=\"yoast-schema-graph\">{\"@context\":\"https:\\\/\\\/schema.org\",\"@graph\":[{\"@type\":\"Article\",\"@id\":\"https:\\\/\\\/www.sindicaturabarcelona.cat\\\/ca\\\/la-sindicatura-de-greuges-de-barcelona-actua-dofici-per-analitzar-lestat-i-el-funcionament-dels-equipaments-policials-de-la-guardia-urbana\\\/#article\",\"isPartOf\":{\"@id\":\"https:\\\/\\\/www.sindicaturabarcelona.cat\\\/ca\\\/la-sindicatura-de-greuges-de-barcelona-actua-dofici-per-analitzar-lestat-i-el-funcionament-dels-equipaments-policials-de-la-guardia-urbana\\\/\"},\"author\":{\"name\":\"Pablo\",\"@id\":\"https:\\\/\\\/www.sindicaturabarcelona.cat\\\/ca\\\/#\\\/schema\\\/person\\\/0e5acffc350ffdbc97578159322c9452\"},\"headline\":\"La Sindicatura de Greuges de Barcelona actua d\u2019ofici per analitzar l\u2019estat i el funcionament dels equipaments policials de la Gu\u00e0rdia Urbana\",\"datePublished\":\"2022-09-15T14:16:00+00:00\",\"dateModified\":\"2023-05-11T09:59:06+00:00\",\"mainEntityOfPage\":{\"@id\":\"https:\\\/\\\/www.sindicaturabarcelona.cat\\\/ca\\\/la-sindicatura-de-greuges-de-barcelona-actua-dofici-per-analitzar-lestat-i-el-funcionament-dels-equipaments-policials-de-la-guardia-urbana\\\/\"},\"wordCount\":1273,\"publisher\":{\"@id\":\"https:\\\/\\\/www.sindicaturabarcelona.cat\\\/ca\\\/#organization\"},\"image\":{\"@id\":\"https:\\\/\\\/www.sindicaturabarcelona.cat\\\/ca\\\/la-sindicatura-de-greuges-de-barcelona-actua-dofici-per-analitzar-lestat-i-el-funcionament-dels-equipaments-policials-de-la-guardia-urbana\\\/#primaryimage\"},\"thumbnailUrl\":\"https:\\\/\\\/www.sindicaturabarcelona.cat\\\/wp-content\\\/uploads\\\/2022\\\/09\\\/UT10-Sant-Marti-3-scaled.jpg\",\"articleSection\":[\"Uncategorized @ca\"],\"inLanguage\":\"ca\"},{\"@type\":\"WebPage\",\"@id\":\"https:\\\/\\\/www.sindicaturabarcelona.cat\\\/ca\\\/la-sindicatura-de-greuges-de-barcelona-actua-dofici-per-analitzar-lestat-i-el-funcionament-dels-equipaments-policials-de-la-guardia-urbana\\\/\",\"url\":\"https:\\\/\\\/www.sindicaturabarcelona.cat\\\/ca\\\/la-sindicatura-de-greuges-de-barcelona-actua-dofici-per-analitzar-lestat-i-el-funcionament-dels-equipaments-policials-de-la-guardia-urbana\\\/\",\"name\":\"La Sindicatura de Greuges de Barcelona actua d\u2019ofici per analitzar l\u2019estat i el funcionament dels equipaments policials de la Gu\u00e0rdia Urbana - Sindicatura de Greuges de Barcelona\",\"isPartOf\":{\"@id\":\"https:\\\/\\\/www.sindicaturabarcelona.cat\\\/ca\\\/#website\"},\"primaryImageOfPage\":{\"@id\":\"https:\\\/\\\/www.sindicaturabarcelona.cat\\\/ca\\\/la-sindicatura-de-greuges-de-barcelona-actua-dofici-per-analitzar-lestat-i-el-funcionament-dels-equipaments-policials-de-la-guardia-urbana\\\/#primaryimage\"},\"image\":{\"@id\":\"https:\\\/\\\/www.sindicaturabarcelona.cat\\\/ca\\\/la-sindicatura-de-greuges-de-barcelona-actua-dofici-per-analitzar-lestat-i-el-funcionament-dels-equipaments-policials-de-la-guardia-urbana\\\/#primaryimage\"},\"thumbnailUrl\":\"https:\\\/\\\/www.sindicaturabarcelona.cat\\\/wp-content\\\/uploads\\\/2022\\\/09\\\/UT10-Sant-Marti-3-scaled.jpg\",\"datePublished\":\"2022-09-15T14:16:00+00:00\",\"dateModified\":\"2023-05-11T09:59:06+00:00\",\"description\":\"El darrer trimestre del 2021 la Sindicatura va iniciar una actuaci\u00f3 d\u2019ofici de llarg recorregut per con\u00e8ixer de primera m\u00e0...\",\"breadcrumb\":{\"@id\":\"https:\\\/\\\/www.sindicaturabarcelona.cat\\\/ca\\\/la-sindicatura-de-greuges-de-barcelona-actua-dofici-per-analitzar-lestat-i-el-funcionament-dels-equipaments-policials-de-la-guardia-urbana\\\/#breadcrumb\"},\"inLanguage\":\"ca\",\"potentialAction\":[{\"@type\":\"ReadAction\",\"target\":[\"https:\\\/\\\/www.sindicaturabarcelona.cat\\\/ca\\\/la-sindicatura-de-greuges-de-barcelona-actua-dofici-per-analitzar-lestat-i-el-funcionament-dels-equipaments-policials-de-la-guardia-urbana\\\/\"]}]},{\"@type\":\"ImageObject\",\"inLanguage\":\"ca\",\"@id\":\"https:\\\/\\\/www.sindicaturabarcelona.cat\\\/ca\\\/la-sindicatura-de-greuges-de-barcelona-actua-dofici-per-analitzar-lestat-i-el-funcionament-dels-equipaments-policials-de-la-guardia-urbana\\\/#primaryimage\",\"url\":\"https:\\\/\\\/www.sindicaturabarcelona.cat\\\/wp-content\\\/uploads\\\/2022\\\/09\\\/UT10-Sant-Marti-3-scaled.jpg\",\"contentUrl\":\"https:\\\/\\\/www.sindicaturabarcelona.cat\\\/wp-content\\\/uploads\\\/2022\\\/09\\\/UT10-Sant-Marti-3-scaled.jpg\",\"width\":2560,\"height\":1707,\"caption\":\"Comissaria Gu\u00e0rdia Urbana Sant Mart\u00ed\"},{\"@type\":\"BreadcrumbList\",\"@id\":\"https:\\\/\\\/www.sindicaturabarcelona.cat\\\/ca\\\/la-sindicatura-de-greuges-de-barcelona-actua-dofici-per-analitzar-lestat-i-el-funcionament-dels-equipaments-policials-de-la-guardia-urbana\\\/#breadcrumb\",\"itemListElement\":[{\"@type\":\"ListItem\",\"position\":1,\"name\":\"Inici\",\"item\":\"https:\\\/\\\/www.sindicaturabarcelona.cat\\\/ca\\\/\"},{\"@type\":\"ListItem\",\"position\":2,\"name\":\"La Sindicatura de Greuges de Barcelona actua d\u2019ofici per analitzar l\u2019estat i el funcionament dels equipaments policials de la Gu\u00e0rdia Urbana\"}]},{\"@type\":\"WebSite\",\"@id\":\"https:\\\/\\\/www.sindicaturabarcelona.cat\\\/ca\\\/#website\",\"url\":\"https:\\\/\\\/www.sindicaturabarcelona.cat\\\/ca\\\/\",\"name\":\"Sindicatura de Greuges de Barcelona\",\"description\":\"La defensoria dels teus drets\",\"publisher\":{\"@id\":\"https:\\\/\\\/www.sindicaturabarcelona.cat\\\/ca\\\/#organization\"},\"potentialAction\":[{\"@type\":\"SearchAction\",\"target\":{\"@type\":\"EntryPoint\",\"urlTemplate\":\"https:\\\/\\\/www.sindicaturabarcelona.cat\\\/ca\\\/?s={search_term_string}\"},\"query-input\":{\"@type\":\"PropertyValueSpecification\",\"valueRequired\":true,\"valueName\":\"search_term_string\"}}],\"inLanguage\":\"ca\"},{\"@type\":\"Organization\",\"@id\":\"https:\\\/\\\/www.sindicaturabarcelona.cat\\\/ca\\\/#organization\",\"name\":\"Sindicatura de Greuges de Barcelona\",\"url\":\"https:\\\/\\\/www.sindicaturabarcelona.cat\\\/ca\\\/\",\"logo\":{\"@type\":\"ImageObject\",\"inLanguage\":\"ca\",\"@id\":\"https:\\\/\\\/www.sindicaturabarcelona.cat\\\/ca\\\/#\\\/schema\\\/logo\\\/image\\\/\",\"url\":\"https:\\\/\\\/www.sindicaturabarcelona.cat\\\/wp-content\\\/uploads\\\/2023\\\/02\\\/logo_sindicatura.svg\",\"contentUrl\":\"https:\\\/\\\/www.sindicaturabarcelona.cat\\\/wp-content\\\/uploads\\\/2023\\\/02\\\/logo_sindicatura.svg\",\"caption\":\"Sindicatura de Greuges de Barcelona\"},\"image\":{\"@id\":\"https:\\\/\\\/www.sindicaturabarcelona.cat\\\/ca\\\/#\\\/schema\\\/logo\\\/image\\\/\"},\"sameAs\":[\"https:\\\/\\\/x.com\\\/sindicbarcelona\",\"https:\\\/\\\/www.instagram.com\\\/sindicbarcelona\\\/\",\"https:\\\/\\\/www.tiktok.com\\\/@sindicaturabcn\",\"https:\\\/\\\/t.me\\\/sindicaturabarcelona\"]},{\"@type\":\"Person\",\"@id\":\"https:\\\/\\\/www.sindicaturabarcelona.cat\\\/ca\\\/#\\\/schema\\\/person\\\/0e5acffc350ffdbc97578159322c9452\",\"name\":\"Pablo\",\"image\":{\"@type\":\"ImageObject\",\"inLanguage\":\"ca\",\"@id\":\"https:\\\/\\\/secure.gravatar.com\\\/avatar\\\/c948169b402ef9492afde705c3dfd5e90e1a6a84ef6840a91124f805a25a480f?s=96&d=mm&r=g\",\"url\":\"https:\\\/\\\/secure.gravatar.com\\\/avatar\\\/c948169b402ef9492afde705c3dfd5e90e1a6a84ef6840a91124f805a25a480f?s=96&d=mm&r=g\",\"contentUrl\":\"https:\\\/\\\/secure.gravatar.com\\\/avatar\\\/c948169b402ef9492afde705c3dfd5e90e1a6a84ef6840a91124f805a25a480f?s=96&d=mm&r=g\",\"caption\":\"Pablo\"},\"url\":\"https:\\\/\\\/www.sindicaturabarcelona.cat\\\/ca\\\/author\\\/pablo\\\/\"}]}<\/script>\n<!-- \/ Yoast SEO plugin. -->","yoast_head_json":{"title":"La Sindicatura de Greuges de Barcelona actua d\u2019ofici per analitzar l\u2019estat i el funcionament dels equipaments policials de la Gu\u00e0rdia Urbana - Sindicatura de Greuges de Barcelona","description":"El darrer trimestre del 2021 la Sindicatura va iniciar una actuaci\u00f3 d\u2019ofici de llarg recorregut per con\u00e8ixer de primera m\u00e0...","robots":{"index":"index","follow":"follow","max-snippet":"max-snippet:-1","max-image-preview":"max-image-preview:large","max-video-preview":"max-video-preview:-1"},"canonical":"https:\/\/www.sindicaturabarcelona.cat\/ca\/la-sindicatura-de-greuges-de-barcelona-actua-dofici-per-analitzar-lestat-i-el-funcionament-dels-equipaments-policials-de-la-guardia-urbana\/","og_locale":"ca_ES","og_type":"article","og_title":"La Sindicatura de Greuges de Barcelona actua d\u2019ofici per analitzar l\u2019estat i el funcionament dels equipaments policials de la Gu\u00e0rdia Urbana - Sindicatura de Greuges de Barcelona","og_description":"El darrer trimestre del 2021 la Sindicatura va iniciar una actuaci\u00f3 d\u2019ofici de llarg recorregut per con\u00e8ixer de primera m\u00e0...","og_url":"https:\/\/www.sindicaturabarcelona.cat\/ca\/la-sindicatura-de-greuges-de-barcelona-actua-dofici-per-analitzar-lestat-i-el-funcionament-dels-equipaments-policials-de-la-guardia-urbana\/","og_site_name":"Sindicatura de Greuges de Barcelona","article_published_time":"2022-09-15T14:16:00+00:00","article_modified_time":"2023-05-11T09:59:06+00:00","og_image":[{"width":2560,"height":1707,"url":"https:\/\/www.sindicaturabarcelona.cat\/wp-content\/uploads\/2022\/09\/UT10-Sant-Marti-3-scaled.jpg","type":"image\/jpeg"}],"author":"Pablo","twitter_card":"summary_large_image","twitter_creator":"@sindicbarcelona","twitter_site":"@sindicbarcelona","twitter_misc":{"Escrit per":"Pablo","Temps estimat de lectura":"9 minuts"},"schema":{"@context":"https:\/\/schema.org","@graph":[{"@type":"Article","@id":"https:\/\/www.sindicaturabarcelona.cat\/ca\/la-sindicatura-de-greuges-de-barcelona-actua-dofici-per-analitzar-lestat-i-el-funcionament-dels-equipaments-policials-de-la-guardia-urbana\/#article","isPartOf":{"@id":"https:\/\/www.sindicaturabarcelona.cat\/ca\/la-sindicatura-de-greuges-de-barcelona-actua-dofici-per-analitzar-lestat-i-el-funcionament-dels-equipaments-policials-de-la-guardia-urbana\/"},"author":{"name":"Pablo","@id":"https:\/\/www.sindicaturabarcelona.cat\/ca\/#\/schema\/person\/0e5acffc350ffdbc97578159322c9452"},"headline":"La Sindicatura de Greuges de Barcelona actua d\u2019ofici per analitzar l\u2019estat i el funcionament dels equipaments policials de la Gu\u00e0rdia Urbana","datePublished":"2022-09-15T14:16:00+00:00","dateModified":"2023-05-11T09:59:06+00:00","mainEntityOfPage":{"@id":"https:\/\/www.sindicaturabarcelona.cat\/ca\/la-sindicatura-de-greuges-de-barcelona-actua-dofici-per-analitzar-lestat-i-el-funcionament-dels-equipaments-policials-de-la-guardia-urbana\/"},"wordCount":1273,"publisher":{"@id":"https:\/\/www.sindicaturabarcelona.cat\/ca\/#organization"},"image":{"@id":"https:\/\/www.sindicaturabarcelona.cat\/ca\/la-sindicatura-de-greuges-de-barcelona-actua-dofici-per-analitzar-lestat-i-el-funcionament-dels-equipaments-policials-de-la-guardia-urbana\/#primaryimage"},"thumbnailUrl":"https:\/\/www.sindicaturabarcelona.cat\/wp-content\/uploads\/2022\/09\/UT10-Sant-Marti-3-scaled.jpg","articleSection":["Uncategorized @ca"],"inLanguage":"ca"},{"@type":"WebPage","@id":"https:\/\/www.sindicaturabarcelona.cat\/ca\/la-sindicatura-de-greuges-de-barcelona-actua-dofici-per-analitzar-lestat-i-el-funcionament-dels-equipaments-policials-de-la-guardia-urbana\/","url":"https:\/\/www.sindicaturabarcelona.cat\/ca\/la-sindicatura-de-greuges-de-barcelona-actua-dofici-per-analitzar-lestat-i-el-funcionament-dels-equipaments-policials-de-la-guardia-urbana\/","name":"La Sindicatura de Greuges de Barcelona actua d\u2019ofici per analitzar l\u2019estat i el funcionament dels equipaments policials de la Gu\u00e0rdia Urbana - Sindicatura de Greuges de Barcelona","isPartOf":{"@id":"https:\/\/www.sindicaturabarcelona.cat\/ca\/#website"},"primaryImageOfPage":{"@id":"https:\/\/www.sindicaturabarcelona.cat\/ca\/la-sindicatura-de-greuges-de-barcelona-actua-dofici-per-analitzar-lestat-i-el-funcionament-dels-equipaments-policials-de-la-guardia-urbana\/#primaryimage"},"image":{"@id":"https:\/\/www.sindicaturabarcelona.cat\/ca\/la-sindicatura-de-greuges-de-barcelona-actua-dofici-per-analitzar-lestat-i-el-funcionament-dels-equipaments-policials-de-la-guardia-urbana\/#primaryimage"},"thumbnailUrl":"https:\/\/www.sindicaturabarcelona.cat\/wp-content\/uploads\/2022\/09\/UT10-Sant-Marti-3-scaled.jpg","datePublished":"2022-09-15T14:16:00+00:00","dateModified":"2023-05-11T09:59:06+00:00","description":"El darrer trimestre del 2021 la Sindicatura va iniciar una actuaci\u00f3 d\u2019ofici de llarg recorregut per con\u00e8ixer de primera m\u00e0...","breadcrumb":{"@id":"https:\/\/www.sindicaturabarcelona.cat\/ca\/la-sindicatura-de-greuges-de-barcelona-actua-dofici-per-analitzar-lestat-i-el-funcionament-dels-equipaments-policials-de-la-guardia-urbana\/#breadcrumb"},"inLanguage":"ca","potentialAction":[{"@type":"ReadAction","target":["https:\/\/www.sindicaturabarcelona.cat\/ca\/la-sindicatura-de-greuges-de-barcelona-actua-dofici-per-analitzar-lestat-i-el-funcionament-dels-equipaments-policials-de-la-guardia-urbana\/"]}]},{"@type":"ImageObject","inLanguage":"ca","@id":"https:\/\/www.sindicaturabarcelona.cat\/ca\/la-sindicatura-de-greuges-de-barcelona-actua-dofici-per-analitzar-lestat-i-el-funcionament-dels-equipaments-policials-de-la-guardia-urbana\/#primaryimage","url":"https:\/\/www.sindicaturabarcelona.cat\/wp-content\/uploads\/2022\/09\/UT10-Sant-Marti-3-scaled.jpg","contentUrl":"https:\/\/www.sindicaturabarcelona.cat\/wp-content\/uploads\/2022\/09\/UT10-Sant-Marti-3-scaled.jpg","width":2560,"height":1707,"caption":"Comissaria Gu\u00e0rdia Urbana Sant Mart\u00ed"},{"@type":"BreadcrumbList","@id":"https:\/\/www.sindicaturabarcelona.cat\/ca\/la-sindicatura-de-greuges-de-barcelona-actua-dofici-per-analitzar-lestat-i-el-funcionament-dels-equipaments-policials-de-la-guardia-urbana\/#breadcrumb","itemListElement":[{"@type":"ListItem","position":1,"name":"Inici","item":"https:\/\/www.sindicaturabarcelona.cat\/ca\/"},{"@type":"ListItem","position":2,"name":"La Sindicatura de Greuges de Barcelona actua d\u2019ofici per analitzar l\u2019estat i el funcionament dels equipaments policials de la Gu\u00e0rdia Urbana"}]},{"@type":"WebSite","@id":"https:\/\/www.sindicaturabarcelona.cat\/ca\/#website","url":"https:\/\/www.sindicaturabarcelona.cat\/ca\/","name":"Sindicatura de Greuges de Barcelona","description":"La defensoria dels teus drets","publisher":{"@id":"https:\/\/www.sindicaturabarcelona.cat\/ca\/#organization"},"potentialAction":[{"@type":"SearchAction","target":{"@type":"EntryPoint","urlTemplate":"https:\/\/www.sindicaturabarcelona.cat\/ca\/?s={search_term_string}"},"query-input":{"@type":"PropertyValueSpecification","valueRequired":true,"valueName":"search_term_string"}}],"inLanguage":"ca"},{"@type":"Organization","@id":"https:\/\/www.sindicaturabarcelona.cat\/ca\/#organization","name":"Sindicatura de Greuges de Barcelona","url":"https:\/\/www.sindicaturabarcelona.cat\/ca\/","logo":{"@type":"ImageObject","inLanguage":"ca","@id":"https:\/\/www.sindicaturabarcelona.cat\/ca\/#\/schema\/logo\/image\/","url":"https:\/\/www.sindicaturabarcelona.cat\/wp-content\/uploads\/2023\/02\/logo_sindicatura.svg","contentUrl":"https:\/\/www.sindicaturabarcelona.cat\/wp-content\/uploads\/2023\/02\/logo_sindicatura.svg","caption":"Sindicatura de Greuges de Barcelona"},"image":{"@id":"https:\/\/www.sindicaturabarcelona.cat\/ca\/#\/schema\/logo\/image\/"},"sameAs":["https:\/\/x.com\/sindicbarcelona","https:\/\/www.instagram.com\/sindicbarcelona\/","https:\/\/www.tiktok.com\/@sindicaturabcn","https:\/\/t.me\/sindicaturabarcelona"]},{"@type":"Person","@id":"https:\/\/www.sindicaturabarcelona.cat\/ca\/#\/schema\/person\/0e5acffc350ffdbc97578159322c9452","name":"Pablo","image":{"@type":"ImageObject","inLanguage":"ca","@id":"https:\/\/secure.gravatar.com\/avatar\/c948169b402ef9492afde705c3dfd5e90e1a6a84ef6840a91124f805a25a480f?s=96&d=mm&r=g","url":"https:\/\/secure.gravatar.com\/avatar\/c948169b402ef9492afde705c3dfd5e90e1a6a84ef6840a91124f805a25a480f?s=96&d=mm&r=g","contentUrl":"https:\/\/secure.gravatar.com\/avatar\/c948169b402ef9492afde705c3dfd5e90e1a6a84ef6840a91124f805a25a480f?s=96&d=mm&r=g","caption":"Pablo"},"url":"https:\/\/www.sindicaturabarcelona.cat\/ca\/author\/pablo\/"}]}},"_links":{"self":[{"href":"https:\/\/www.sindicaturabarcelona.cat\/ca\/wp-json\/wp\/v2\/posts\/14903","targetHints":{"allow":["GET"]}}],"collection":[{"href":"https:\/\/www.sindicaturabarcelona.cat\/ca\/wp-json\/wp\/v2\/posts"}],"about":[{"href":"https:\/\/www.sindicaturabarcelona.cat\/ca\/wp-json\/wp\/v2\/types\/post"}],"author":[{"embeddable":true,"href":"https:\/\/www.sindicaturabarcelona.cat\/ca\/wp-json\/wp\/v2\/users\/2"}],"replies":[{"embeddable":true,"href":"https:\/\/www.sindicaturabarcelona.cat\/ca\/wp-json\/wp\/v2\/comments?post=14903"}],"version-history":[{"count":0,"href":"https:\/\/www.sindicaturabarcelona.cat\/ca\/wp-json\/wp\/v2\/posts\/14903\/revisions"}],"wp:featuredmedia":[{"embeddable":true,"href":"https:\/\/www.sindicaturabarcelona.cat\/ca\/wp-json\/wp\/v2\/media\/14915"}],"wp:attachment":[{"href":"https:\/\/www.sindicaturabarcelona.cat\/ca\/wp-json\/wp\/v2\/media?parent=14903"}],"wp:term":[{"taxonomy":"post_tag","embeddable":true,"href":"https:\/\/www.sindicaturabarcelona.cat\/ca\/wp-json\/wp\/v2\/tags?post=14903"},{"taxonomy":"drets","embeddable":true,"href":"https:\/\/www.sindicaturabarcelona.cat\/ca\/wp-json\/wp\/v2\/drets?post=14903"}],"curies":[{"name":"wp","href":"https:\/\/api.w.org\/{rel}","templated":true}]}}