{"id":14889,"date":"2022-09-09T09:15:18","date_gmt":"2022-09-09T07:15:18","guid":{"rendered":"https:\/\/www.sindicaturabarcelona.cat\/?p=14889"},"modified":"2023-05-11T12:44:26","modified_gmt":"2023-05-11T10:44:26","slug":"la-sindicatura-trasllada-a-lagencia-de-salut-publica-de-barcelona-la-necessitat-de-continuar-amb-la-tasca-de-control-i-erradicacio-de-murids-a-la-ciutat","status":"publish","type":"post","link":"https:\/\/www.sindicaturabarcelona.cat\/ca\/la-sindicatura-trasllada-a-lagencia-de-salut-publica-de-barcelona-la-necessitat-de-continuar-amb-la-tasca-de-control-i-erradicacio-de-murids-a-la-ciutat\/","title":{"rendered":"La Sindicatura trasllada a l&#8217;Ag\u00e8ncia de Salut P\u00fablica de Barcelona la necessitat de continuar amb la tasca de control i erradicaci\u00f3 de m\u00farids a la ciutat"},"content":{"rendered":"\n<p class=\"has-text-align-justify\">Despr\u00e9s de rebre una queixa per una plaga de rates a la Barceloneta i demanar informaci\u00f3 municipal, <a href=\"https:\/\/www.sindicaturabarcelona.cat\/wp-content\/uploads\/2022\/08\/07_Medi-ambient-i-salut-publica-5.pdf\" target=\"_blank\" aria-label=\"la Sindicatura de Greuges de Barcelona ha concl\u00f2s que \u00e9s necessari continuar amb la tasca de control i erradicaci\u00f3 (opens in a new tab)\" rel=\"noreferrer noopener\" class=\"ek-link\">la Sindicatura de Greuges de Barcelona ha concl\u00f2s que \u00e9s necessari continuar amb la tasca de control i erradicaci\u00f3<\/a> que du a terme l\u2019Ag\u00e8ncia de Salut P\u00fablica de Barcelona en relaci\u00f3 amb els m\u00farids de la ciutat.&nbsp;<\/p>\n\n\n\n<p class=\"has-text-align-justify\">Per perseverar en aquesta tasca de control i eradicaci\u00f3 dels m\u00farids, la defensoria de la ciutadania barcelonina considera que s\u2019han d\u2019<strong>augmentar les mesures de control mitjan\u00e7ant inspeccions peri\u00f2diques mensuals <\/strong>sense necessitat d\u2019evid\u00e8ncies, indicis o den\u00fancies ve\u00efnals, aix\u00ed com fer <strong>controls encara m\u00e9s exhaustius a les zones amb m\u00e9s perill de proliferaci\u00f3 de rosegadors. <\/strong>&nbsp;<\/p>\n\n\n\n<p><strong><span style=\"text-decoration: underline;\" class=\"ek-underline\">Les dades a Barcelona<\/span><\/strong><\/p>\n\n\n\n<p class=\"has-text-align-justify\">El <strong>Servei de Vigil\u00e0ncia i Control de Plagues Urbanes (SVIPLA) <\/strong>\u00e9s el responsable de controlar les plagues de m\u00farids a la via p\u00fablica i a la xarxa de clavegueram de Barcelona a trav\u00e9s de protocols i mecanismes que s\u2019utilitzen per a la desratitzaci\u00f3. Aquest servei desestimales actuacions preventives de desratitzaci\u00f3, i basa les actuacions de control en les evid\u00e8ncies o indicis de la pres\u00e8ncia de m\u00farids.<\/p>\n\n\n\n<p class=\"has-text-align-justify\">L\u2019<a href=\"https:\/\/www.aspb.cat\/\" target=\"_blank\" aria-label=\"Ag\u00e8ncia de Salut P\u00fablica de Barcelona (ASPB) (opens in a new tab)\" rel=\"noreferrer noopener\" class=\"ek-link\">Ag\u00e8ncia de Salut P\u00fablica de Barcelona (ASPB)<\/a> mant\u00e9 actualment <strong>2.400 punts de vigil\u00e0ncia per limitar les poblacions de rosegadors a la ciutat<\/strong> i per primer cop ha incrementat el nombre de persones professionals del SVIPLA. A m\u00e9s d\u2019aquests punts de vigil\u00e0ncia, la ciutat t\u00e9 <strong>1.500 punts de control actius<\/strong>. Aquests punts de control s\u2019estableixen quan la ciutadania comunica una incid\u00e8ncia i es fa un seguiment peri\u00f2dic.<\/p>\n\n\n\n<p class=\"has-text-align-justify\">L\u2019ASPB tamb\u00e9 indica que des del gener al maig de 2020 es van comunicar 800 incid\u00e8ncies i es van fer 6.093 intervencions; el 2021 es van comunicar 708 incid\u00e8ncies i es van fer 6.133 intervencions; i el 2022 es van comunicar 755 incid\u00e8ncies i es van fer 10.102 intervencions. Per aquest motiu, <strong>el pressupost ha incrementat un 44% respecte de l\u2019any 2021<\/strong>.<\/p>\n\n\n\n<p class=\"has-text-align-justify\">Per tant, atesa la quantitat de punts de vigil\u00e0ncia existents, de punts de control actius a la ciutat i l\u2019increment d\u2019intervencions, la Sindicatura considera que s\u2019han de<strong> continuar potenciant les mesures que s\u2019estan duent a terme per controlar i erradicar les plagues de m\u00farids, un problema que persisteix a Barcelona.<\/strong><\/p>\n\n\n\n<p><strong><span style=\"text-decoration: underline;\" class=\"ek-underline\">La plaga de rates solucionada a un indret de la Barceloneta<\/span><\/strong><\/p>\n\n\n\n<p class=\"has-text-align-justify\">La Sindicatura de Greuges de Barcelona va rebre, a finals de l\u2019any 2021, un formulari de reclamaci\u00f3 signat per 38 persones que denunciava la pres\u00e8ncia de rates entre el carrer Pinz\u00f3n i la pla\u00e7a del Gas (Districte de Ciutat Vella). Manifestaven que l\u2019Ajuntament havia tractat l\u2019assumpte feia uns mesos, per\u00f2 el problema encara persistia.<\/p>\n\n\n\n<p class=\"has-text-align-justify\">Per tractar aquesta plaga, va fer-se un tractament de xoc durant dos mesos (mar\u00e7 i abril de 2022) amb un control qu\u00edmic directe mitjan\u00e7ant esquers rodenticides. D\u2019altra banda, tamb\u00e9 va dur-se a terme la desratitzaci\u00f3 mitjan\u00e7ant una m\u00e0quina ecol\u00f2gica de captura de rosegadors, amb capacitat de captura de m\u00e9s de 80 m\u00farids, durant tot l\u2019any 2022, amb actuacions mensuals. <\/p>\n\n\n\n<p class=\"has-text-align-justify\">L\u2019agost del 2022, la Sindicatura de Greuges de Barcelona ha contactat amb la persona promotora de la queixa, que ha informat que no s\u2019han tornat a veure rates a la pla\u00e7a. Per tant, la defensoria de la ciutadania barcelonina ent\u00e9n que s\u2019ha controlat la plaga i que el pla d\u2019actuaci\u00f3 dut a terme per les empreses encarregades ha estat satisfactori.<\/p>\n","protected":false},"excerpt":{"rendered":"<p>Despr\u00e9s de rebre una queixa per una plaga de rates a la Barceloneta i demanar informaci\u00f3 municipal, la Sindicatura de Greuges de Barcelona ha concl\u00f2s que \u00e9s necessari continuar amb [&hellip;]<\/p>\n","protected":false},"author":2,"featured_media":14890,"comment_status":"closed","ping_status":"open","sticky":false,"template":"","format":"standard","meta":{"_acf_changed":false,"footnotes":""},"tags":[],"drets":[1438,1448],"class_list":["post-14889","post","type-post","status-publish","format-standard","has-post-thumbnail","hentry","drets-ciutat-habitable-i-sostenible","drets-dret-al-medi-ambient"],"acf":[],"yoast_head":"<!-- This site is optimized with the Yoast SEO plugin v27.5 - https:\/\/yoast.com\/product\/yoast-seo-wordpress\/ -->\n<title>La Sindicatura trasllada a l&#039;Ag\u00e8ncia de Salut P\u00fablica de Barcelona la necessitat de continuar amb la tasca de control i erradicaci\u00f3 de m\u00farids a la ciutat - Sindicatura de Greuges de Barcelona<\/title>\n<meta name=\"description\" content=\"Despr\u00e9s de rebre una queixa per una plaga de rates a la Barceloneta i demanar informaci\u00f3 municipal, la Sindicatura ha concl\u00f2s...\" \/>\n<meta name=\"robots\" content=\"index, follow, max-snippet:-1, max-image-preview:large, max-video-preview:-1\" \/>\n<link rel=\"canonical\" href=\"https:\/\/www.sindicaturabarcelona.cat\/ca\/la-sindicatura-trasllada-a-lagencia-de-salut-publica-de-barcelona-la-necessitat-de-continuar-amb-la-tasca-de-control-i-erradicacio-de-murids-a-la-ciutat\/\" \/>\n<meta property=\"og:locale\" content=\"ca_ES\" \/>\n<meta property=\"og:type\" content=\"article\" \/>\n<meta property=\"og:title\" content=\"La Sindicatura trasllada a l&#039;Ag\u00e8ncia de Salut P\u00fablica de Barcelona la necessitat de continuar amb la tasca de control i erradicaci\u00f3 de m\u00farids a la ciutat - Sindicatura de Greuges de Barcelona\" \/>\n<meta property=\"og:description\" content=\"Despr\u00e9s de rebre una queixa per una plaga de rates a la Barceloneta i demanar informaci\u00f3 municipal, la Sindicatura ha concl\u00f2s...\" \/>\n<meta property=\"og:url\" content=\"https:\/\/www.sindicaturabarcelona.cat\/ca\/la-sindicatura-trasllada-a-lagencia-de-salut-publica-de-barcelona-la-necessitat-de-continuar-amb-la-tasca-de-control-i-erradicacio-de-murids-a-la-ciutat\/\" \/>\n<meta property=\"og:site_name\" content=\"Sindicatura de Greuges de Barcelona\" \/>\n<meta property=\"article:published_time\" content=\"2022-09-09T07:15:18+00:00\" \/>\n<meta property=\"article:modified_time\" content=\"2023-05-11T10:44:26+00:00\" \/>\n<meta property=\"og:image\" content=\"https:\/\/www.sindicaturabarcelona.cat\/wp-content\/uploads\/2022\/09\/Murids-2.png\" \/>\n\t<meta property=\"og:image:width\" content=\"1001\" \/>\n\t<meta property=\"og:image:height\" content=\"580\" \/>\n\t<meta property=\"og:image:type\" content=\"image\/png\" \/>\n<meta name=\"author\" content=\"Pablo\" \/>\n<meta name=\"twitter:card\" content=\"summary_large_image\" \/>\n<meta name=\"twitter:creator\" content=\"@sindicbarcelona\" \/>\n<meta name=\"twitter:site\" content=\"@sindicbarcelona\" \/>\n<meta name=\"twitter:label1\" content=\"Escrit per\" \/>\n\t<meta name=\"twitter:data1\" content=\"Pablo\" \/>\n\t<meta name=\"twitter:label2\" content=\"Temps estimat de lectura\" \/>\n\t<meta name=\"twitter:data2\" content=\"3 minuts\" \/>\n<script type=\"application\/ld+json\" class=\"yoast-schema-graph\">{\"@context\":\"https:\\\/\\\/schema.org\",\"@graph\":[{\"@type\":\"Article\",\"@id\":\"https:\\\/\\\/www.sindicaturabarcelona.cat\\\/ca\\\/la-sindicatura-trasllada-a-lagencia-de-salut-publica-de-barcelona-la-necessitat-de-continuar-amb-la-tasca-de-control-i-erradicacio-de-murids-a-la-ciutat\\\/#article\",\"isPartOf\":{\"@id\":\"https:\\\/\\\/www.sindicaturabarcelona.cat\\\/ca\\\/la-sindicatura-trasllada-a-lagencia-de-salut-publica-de-barcelona-la-necessitat-de-continuar-amb-la-tasca-de-control-i-erradicacio-de-murids-a-la-ciutat\\\/\"},\"author\":{\"name\":\"Pablo\",\"@id\":\"https:\\\/\\\/www.sindicaturabarcelona.cat\\\/ca\\\/#\\\/schema\\\/person\\\/0e5acffc350ffdbc97578159322c9452\"},\"headline\":\"La Sindicatura trasllada a l&#8217;Ag\u00e8ncia de Salut P\u00fablica de Barcelona la necessitat de continuar amb la tasca de control i erradicaci\u00f3 de m\u00farids a la ciutat\",\"datePublished\":\"2022-09-09T07:15:18+00:00\",\"dateModified\":\"2023-05-11T10:44:26+00:00\",\"mainEntityOfPage\":{\"@id\":\"https:\\\/\\\/www.sindicaturabarcelona.cat\\\/ca\\\/la-sindicatura-trasllada-a-lagencia-de-salut-publica-de-barcelona-la-necessitat-de-continuar-amb-la-tasca-de-control-i-erradicacio-de-murids-a-la-ciutat\\\/\"},\"wordCount\":619,\"publisher\":{\"@id\":\"https:\\\/\\\/www.sindicaturabarcelona.cat\\\/ca\\\/#organization\"},\"image\":{\"@id\":\"https:\\\/\\\/www.sindicaturabarcelona.cat\\\/ca\\\/la-sindicatura-trasllada-a-lagencia-de-salut-publica-de-barcelona-la-necessitat-de-continuar-amb-la-tasca-de-control-i-erradicacio-de-murids-a-la-ciutat\\\/#primaryimage\"},\"thumbnailUrl\":\"https:\\\/\\\/www.sindicaturabarcelona.cat\\\/wp-content\\\/uploads\\\/2022\\\/09\\\/Murids-2.png\",\"articleSection\":[\"Uncategorized @ca\"],\"inLanguage\":\"ca\"},{\"@type\":\"WebPage\",\"@id\":\"https:\\\/\\\/www.sindicaturabarcelona.cat\\\/ca\\\/la-sindicatura-trasllada-a-lagencia-de-salut-publica-de-barcelona-la-necessitat-de-continuar-amb-la-tasca-de-control-i-erradicacio-de-murids-a-la-ciutat\\\/\",\"url\":\"https:\\\/\\\/www.sindicaturabarcelona.cat\\\/ca\\\/la-sindicatura-trasllada-a-lagencia-de-salut-publica-de-barcelona-la-necessitat-de-continuar-amb-la-tasca-de-control-i-erradicacio-de-murids-a-la-ciutat\\\/\",\"name\":\"La Sindicatura trasllada a l'Ag\u00e8ncia de Salut P\u00fablica de Barcelona la necessitat de continuar amb la tasca de control i erradicaci\u00f3 de m\u00farids a la ciutat - Sindicatura de Greuges de Barcelona\",\"isPartOf\":{\"@id\":\"https:\\\/\\\/www.sindicaturabarcelona.cat\\\/ca\\\/#website\"},\"primaryImageOfPage\":{\"@id\":\"https:\\\/\\\/www.sindicaturabarcelona.cat\\\/ca\\\/la-sindicatura-trasllada-a-lagencia-de-salut-publica-de-barcelona-la-necessitat-de-continuar-amb-la-tasca-de-control-i-erradicacio-de-murids-a-la-ciutat\\\/#primaryimage\"},\"image\":{\"@id\":\"https:\\\/\\\/www.sindicaturabarcelona.cat\\\/ca\\\/la-sindicatura-trasllada-a-lagencia-de-salut-publica-de-barcelona-la-necessitat-de-continuar-amb-la-tasca-de-control-i-erradicacio-de-murids-a-la-ciutat\\\/#primaryimage\"},\"thumbnailUrl\":\"https:\\\/\\\/www.sindicaturabarcelona.cat\\\/wp-content\\\/uploads\\\/2022\\\/09\\\/Murids-2.png\",\"datePublished\":\"2022-09-09T07:15:18+00:00\",\"dateModified\":\"2023-05-11T10:44:26+00:00\",\"description\":\"Despr\u00e9s de rebre una queixa per una plaga de rates a la Barceloneta i demanar informaci\u00f3 municipal, la Sindicatura ha concl\u00f2s...\",\"breadcrumb\":{\"@id\":\"https:\\\/\\\/www.sindicaturabarcelona.cat\\\/ca\\\/la-sindicatura-trasllada-a-lagencia-de-salut-publica-de-barcelona-la-necessitat-de-continuar-amb-la-tasca-de-control-i-erradicacio-de-murids-a-la-ciutat\\\/#breadcrumb\"},\"inLanguage\":\"ca\",\"potentialAction\":[{\"@type\":\"ReadAction\",\"target\":[\"https:\\\/\\\/www.sindicaturabarcelona.cat\\\/ca\\\/la-sindicatura-trasllada-a-lagencia-de-salut-publica-de-barcelona-la-necessitat-de-continuar-amb-la-tasca-de-control-i-erradicacio-de-murids-a-la-ciutat\\\/\"]}]},{\"@type\":\"ImageObject\",\"inLanguage\":\"ca\",\"@id\":\"https:\\\/\\\/www.sindicaturabarcelona.cat\\\/ca\\\/la-sindicatura-trasllada-a-lagencia-de-salut-publica-de-barcelona-la-necessitat-de-continuar-amb-la-tasca-de-control-i-erradicacio-de-murids-a-la-ciutat\\\/#primaryimage\",\"url\":\"https:\\\/\\\/www.sindicaturabarcelona.cat\\\/wp-content\\\/uploads\\\/2022\\\/09\\\/Murids-2.png\",\"contentUrl\":\"https:\\\/\\\/www.sindicaturabarcelona.cat\\\/wp-content\\\/uploads\\\/2022\\\/09\\\/Murids-2.png\",\"width\":1001,\"height\":580,\"caption\":\"Plaga murids ASPB\"},{\"@type\":\"BreadcrumbList\",\"@id\":\"https:\\\/\\\/www.sindicaturabarcelona.cat\\\/ca\\\/la-sindicatura-trasllada-a-lagencia-de-salut-publica-de-barcelona-la-necessitat-de-continuar-amb-la-tasca-de-control-i-erradicacio-de-murids-a-la-ciutat\\\/#breadcrumb\",\"itemListElement\":[{\"@type\":\"ListItem\",\"position\":1,\"name\":\"Inici\",\"item\":\"https:\\\/\\\/www.sindicaturabarcelona.cat\\\/ca\\\/\"},{\"@type\":\"ListItem\",\"position\":2,\"name\":\"La Sindicatura trasllada a l&#8217;Ag\u00e8ncia de Salut P\u00fablica de Barcelona la necessitat de continuar amb la tasca de control i erradicaci\u00f3 de m\u00farids a la ciutat\"}]},{\"@type\":\"WebSite\",\"@id\":\"https:\\\/\\\/www.sindicaturabarcelona.cat\\\/ca\\\/#website\",\"url\":\"https:\\\/\\\/www.sindicaturabarcelona.cat\\\/ca\\\/\",\"name\":\"Sindicatura de Greuges de Barcelona\",\"description\":\"La defensoria dels teus drets\",\"publisher\":{\"@id\":\"https:\\\/\\\/www.sindicaturabarcelona.cat\\\/ca\\\/#organization\"},\"potentialAction\":[{\"@type\":\"SearchAction\",\"target\":{\"@type\":\"EntryPoint\",\"urlTemplate\":\"https:\\\/\\\/www.sindicaturabarcelona.cat\\\/ca\\\/?s={search_term_string}\"},\"query-input\":{\"@type\":\"PropertyValueSpecification\",\"valueRequired\":true,\"valueName\":\"search_term_string\"}}],\"inLanguage\":\"ca\"},{\"@type\":\"Organization\",\"@id\":\"https:\\\/\\\/www.sindicaturabarcelona.cat\\\/ca\\\/#organization\",\"name\":\"Sindicatura de Greuges de Barcelona\",\"url\":\"https:\\\/\\\/www.sindicaturabarcelona.cat\\\/ca\\\/\",\"logo\":{\"@type\":\"ImageObject\",\"inLanguage\":\"ca\",\"@id\":\"https:\\\/\\\/www.sindicaturabarcelona.cat\\\/ca\\\/#\\\/schema\\\/logo\\\/image\\\/\",\"url\":\"https:\\\/\\\/www.sindicaturabarcelona.cat\\\/wp-content\\\/uploads\\\/2023\\\/02\\\/logo_sindicatura.svg\",\"contentUrl\":\"https:\\\/\\\/www.sindicaturabarcelona.cat\\\/wp-content\\\/uploads\\\/2023\\\/02\\\/logo_sindicatura.svg\",\"caption\":\"Sindicatura de Greuges de Barcelona\"},\"image\":{\"@id\":\"https:\\\/\\\/www.sindicaturabarcelona.cat\\\/ca\\\/#\\\/schema\\\/logo\\\/image\\\/\"},\"sameAs\":[\"https:\\\/\\\/x.com\\\/sindicbarcelona\",\"https:\\\/\\\/www.instagram.com\\\/sindicbarcelona\\\/\",\"https:\\\/\\\/www.tiktok.com\\\/@sindicaturabcn\",\"https:\\\/\\\/t.me\\\/sindicaturabarcelona\"]},{\"@type\":\"Person\",\"@id\":\"https:\\\/\\\/www.sindicaturabarcelona.cat\\\/ca\\\/#\\\/schema\\\/person\\\/0e5acffc350ffdbc97578159322c9452\",\"name\":\"Pablo\",\"image\":{\"@type\":\"ImageObject\",\"inLanguage\":\"ca\",\"@id\":\"https:\\\/\\\/secure.gravatar.com\\\/avatar\\\/c948169b402ef9492afde705c3dfd5e90e1a6a84ef6840a91124f805a25a480f?s=96&d=mm&r=g\",\"url\":\"https:\\\/\\\/secure.gravatar.com\\\/avatar\\\/c948169b402ef9492afde705c3dfd5e90e1a6a84ef6840a91124f805a25a480f?s=96&d=mm&r=g\",\"contentUrl\":\"https:\\\/\\\/secure.gravatar.com\\\/avatar\\\/c948169b402ef9492afde705c3dfd5e90e1a6a84ef6840a91124f805a25a480f?s=96&d=mm&r=g\",\"caption\":\"Pablo\"},\"url\":\"https:\\\/\\\/www.sindicaturabarcelona.cat\\\/ca\\\/author\\\/pablo\\\/\"}]}<\/script>\n<!-- \/ Yoast SEO plugin. -->","yoast_head_json":{"title":"La Sindicatura trasllada a l'Ag\u00e8ncia de Salut P\u00fablica de Barcelona la necessitat de continuar amb la tasca de control i erradicaci\u00f3 de m\u00farids a la ciutat - Sindicatura de Greuges de Barcelona","description":"Despr\u00e9s de rebre una queixa per una plaga de rates a la Barceloneta i demanar informaci\u00f3 municipal, la Sindicatura ha concl\u00f2s...","robots":{"index":"index","follow":"follow","max-snippet":"max-snippet:-1","max-image-preview":"max-image-preview:large","max-video-preview":"max-video-preview:-1"},"canonical":"https:\/\/www.sindicaturabarcelona.cat\/ca\/la-sindicatura-trasllada-a-lagencia-de-salut-publica-de-barcelona-la-necessitat-de-continuar-amb-la-tasca-de-control-i-erradicacio-de-murids-a-la-ciutat\/","og_locale":"ca_ES","og_type":"article","og_title":"La Sindicatura trasllada a l'Ag\u00e8ncia de Salut P\u00fablica de Barcelona la necessitat de continuar amb la tasca de control i erradicaci\u00f3 de m\u00farids a la ciutat - Sindicatura de Greuges de Barcelona","og_description":"Despr\u00e9s de rebre una queixa per una plaga de rates a la Barceloneta i demanar informaci\u00f3 municipal, la Sindicatura ha concl\u00f2s...","og_url":"https:\/\/www.sindicaturabarcelona.cat\/ca\/la-sindicatura-trasllada-a-lagencia-de-salut-publica-de-barcelona-la-necessitat-de-continuar-amb-la-tasca-de-control-i-erradicacio-de-murids-a-la-ciutat\/","og_site_name":"Sindicatura de Greuges de Barcelona","article_published_time":"2022-09-09T07:15:18+00:00","article_modified_time":"2023-05-11T10:44:26+00:00","og_image":[{"width":1001,"height":580,"url":"https:\/\/www.sindicaturabarcelona.cat\/wp-content\/uploads\/2022\/09\/Murids-2.png","type":"image\/png"}],"author":"Pablo","twitter_card":"summary_large_image","twitter_creator":"@sindicbarcelona","twitter_site":"@sindicbarcelona","twitter_misc":{"Escrit per":"Pablo","Temps estimat de lectura":"3 minuts"},"schema":{"@context":"https:\/\/schema.org","@graph":[{"@type":"Article","@id":"https:\/\/www.sindicaturabarcelona.cat\/ca\/la-sindicatura-trasllada-a-lagencia-de-salut-publica-de-barcelona-la-necessitat-de-continuar-amb-la-tasca-de-control-i-erradicacio-de-murids-a-la-ciutat\/#article","isPartOf":{"@id":"https:\/\/www.sindicaturabarcelona.cat\/ca\/la-sindicatura-trasllada-a-lagencia-de-salut-publica-de-barcelona-la-necessitat-de-continuar-amb-la-tasca-de-control-i-erradicacio-de-murids-a-la-ciutat\/"},"author":{"name":"Pablo","@id":"https:\/\/www.sindicaturabarcelona.cat\/ca\/#\/schema\/person\/0e5acffc350ffdbc97578159322c9452"},"headline":"La Sindicatura trasllada a l&#8217;Ag\u00e8ncia de Salut P\u00fablica de Barcelona la necessitat de continuar amb la tasca de control i erradicaci\u00f3 de m\u00farids a la ciutat","datePublished":"2022-09-09T07:15:18+00:00","dateModified":"2023-05-11T10:44:26+00:00","mainEntityOfPage":{"@id":"https:\/\/www.sindicaturabarcelona.cat\/ca\/la-sindicatura-trasllada-a-lagencia-de-salut-publica-de-barcelona-la-necessitat-de-continuar-amb-la-tasca-de-control-i-erradicacio-de-murids-a-la-ciutat\/"},"wordCount":619,"publisher":{"@id":"https:\/\/www.sindicaturabarcelona.cat\/ca\/#organization"},"image":{"@id":"https:\/\/www.sindicaturabarcelona.cat\/ca\/la-sindicatura-trasllada-a-lagencia-de-salut-publica-de-barcelona-la-necessitat-de-continuar-amb-la-tasca-de-control-i-erradicacio-de-murids-a-la-ciutat\/#primaryimage"},"thumbnailUrl":"https:\/\/www.sindicaturabarcelona.cat\/wp-content\/uploads\/2022\/09\/Murids-2.png","articleSection":["Uncategorized @ca"],"inLanguage":"ca"},{"@type":"WebPage","@id":"https:\/\/www.sindicaturabarcelona.cat\/ca\/la-sindicatura-trasllada-a-lagencia-de-salut-publica-de-barcelona-la-necessitat-de-continuar-amb-la-tasca-de-control-i-erradicacio-de-murids-a-la-ciutat\/","url":"https:\/\/www.sindicaturabarcelona.cat\/ca\/la-sindicatura-trasllada-a-lagencia-de-salut-publica-de-barcelona-la-necessitat-de-continuar-amb-la-tasca-de-control-i-erradicacio-de-murids-a-la-ciutat\/","name":"La Sindicatura trasllada a l'Ag\u00e8ncia de Salut P\u00fablica de Barcelona la necessitat de continuar amb la tasca de control i erradicaci\u00f3 de m\u00farids a la ciutat - Sindicatura de Greuges de Barcelona","isPartOf":{"@id":"https:\/\/www.sindicaturabarcelona.cat\/ca\/#website"},"primaryImageOfPage":{"@id":"https:\/\/www.sindicaturabarcelona.cat\/ca\/la-sindicatura-trasllada-a-lagencia-de-salut-publica-de-barcelona-la-necessitat-de-continuar-amb-la-tasca-de-control-i-erradicacio-de-murids-a-la-ciutat\/#primaryimage"},"image":{"@id":"https:\/\/www.sindicaturabarcelona.cat\/ca\/la-sindicatura-trasllada-a-lagencia-de-salut-publica-de-barcelona-la-necessitat-de-continuar-amb-la-tasca-de-control-i-erradicacio-de-murids-a-la-ciutat\/#primaryimage"},"thumbnailUrl":"https:\/\/www.sindicaturabarcelona.cat\/wp-content\/uploads\/2022\/09\/Murids-2.png","datePublished":"2022-09-09T07:15:18+00:00","dateModified":"2023-05-11T10:44:26+00:00","description":"Despr\u00e9s de rebre una queixa per una plaga de rates a la Barceloneta i demanar informaci\u00f3 municipal, la Sindicatura ha concl\u00f2s...","breadcrumb":{"@id":"https:\/\/www.sindicaturabarcelona.cat\/ca\/la-sindicatura-trasllada-a-lagencia-de-salut-publica-de-barcelona-la-necessitat-de-continuar-amb-la-tasca-de-control-i-erradicacio-de-murids-a-la-ciutat\/#breadcrumb"},"inLanguage":"ca","potentialAction":[{"@type":"ReadAction","target":["https:\/\/www.sindicaturabarcelona.cat\/ca\/la-sindicatura-trasllada-a-lagencia-de-salut-publica-de-barcelona-la-necessitat-de-continuar-amb-la-tasca-de-control-i-erradicacio-de-murids-a-la-ciutat\/"]}]},{"@type":"ImageObject","inLanguage":"ca","@id":"https:\/\/www.sindicaturabarcelona.cat\/ca\/la-sindicatura-trasllada-a-lagencia-de-salut-publica-de-barcelona-la-necessitat-de-continuar-amb-la-tasca-de-control-i-erradicacio-de-murids-a-la-ciutat\/#primaryimage","url":"https:\/\/www.sindicaturabarcelona.cat\/wp-content\/uploads\/2022\/09\/Murids-2.png","contentUrl":"https:\/\/www.sindicaturabarcelona.cat\/wp-content\/uploads\/2022\/09\/Murids-2.png","width":1001,"height":580,"caption":"Plaga murids ASPB"},{"@type":"BreadcrumbList","@id":"https:\/\/www.sindicaturabarcelona.cat\/ca\/la-sindicatura-trasllada-a-lagencia-de-salut-publica-de-barcelona-la-necessitat-de-continuar-amb-la-tasca-de-control-i-erradicacio-de-murids-a-la-ciutat\/#breadcrumb","itemListElement":[{"@type":"ListItem","position":1,"name":"Inici","item":"https:\/\/www.sindicaturabarcelona.cat\/ca\/"},{"@type":"ListItem","position":2,"name":"La Sindicatura trasllada a l&#8217;Ag\u00e8ncia de Salut P\u00fablica de Barcelona la necessitat de continuar amb la tasca de control i erradicaci\u00f3 de m\u00farids a la ciutat"}]},{"@type":"WebSite","@id":"https:\/\/www.sindicaturabarcelona.cat\/ca\/#website","url":"https:\/\/www.sindicaturabarcelona.cat\/ca\/","name":"Sindicatura de Greuges de Barcelona","description":"La defensoria dels teus drets","publisher":{"@id":"https:\/\/www.sindicaturabarcelona.cat\/ca\/#organization"},"potentialAction":[{"@type":"SearchAction","target":{"@type":"EntryPoint","urlTemplate":"https:\/\/www.sindicaturabarcelona.cat\/ca\/?s={search_term_string}"},"query-input":{"@type":"PropertyValueSpecification","valueRequired":true,"valueName":"search_term_string"}}],"inLanguage":"ca"},{"@type":"Organization","@id":"https:\/\/www.sindicaturabarcelona.cat\/ca\/#organization","name":"Sindicatura de Greuges de Barcelona","url":"https:\/\/www.sindicaturabarcelona.cat\/ca\/","logo":{"@type":"ImageObject","inLanguage":"ca","@id":"https:\/\/www.sindicaturabarcelona.cat\/ca\/#\/schema\/logo\/image\/","url":"https:\/\/www.sindicaturabarcelona.cat\/wp-content\/uploads\/2023\/02\/logo_sindicatura.svg","contentUrl":"https:\/\/www.sindicaturabarcelona.cat\/wp-content\/uploads\/2023\/02\/logo_sindicatura.svg","caption":"Sindicatura de Greuges de Barcelona"},"image":{"@id":"https:\/\/www.sindicaturabarcelona.cat\/ca\/#\/schema\/logo\/image\/"},"sameAs":["https:\/\/x.com\/sindicbarcelona","https:\/\/www.instagram.com\/sindicbarcelona\/","https:\/\/www.tiktok.com\/@sindicaturabcn","https:\/\/t.me\/sindicaturabarcelona"]},{"@type":"Person","@id":"https:\/\/www.sindicaturabarcelona.cat\/ca\/#\/schema\/person\/0e5acffc350ffdbc97578159322c9452","name":"Pablo","image":{"@type":"ImageObject","inLanguage":"ca","@id":"https:\/\/secure.gravatar.com\/avatar\/c948169b402ef9492afde705c3dfd5e90e1a6a84ef6840a91124f805a25a480f?s=96&d=mm&r=g","url":"https:\/\/secure.gravatar.com\/avatar\/c948169b402ef9492afde705c3dfd5e90e1a6a84ef6840a91124f805a25a480f?s=96&d=mm&r=g","contentUrl":"https:\/\/secure.gravatar.com\/avatar\/c948169b402ef9492afde705c3dfd5e90e1a6a84ef6840a91124f805a25a480f?s=96&d=mm&r=g","caption":"Pablo"},"url":"https:\/\/www.sindicaturabarcelona.cat\/ca\/author\/pablo\/"}]}},"_links":{"self":[{"href":"https:\/\/www.sindicaturabarcelona.cat\/ca\/wp-json\/wp\/v2\/posts\/14889","targetHints":{"allow":["GET"]}}],"collection":[{"href":"https:\/\/www.sindicaturabarcelona.cat\/ca\/wp-json\/wp\/v2\/posts"}],"about":[{"href":"https:\/\/www.sindicaturabarcelona.cat\/ca\/wp-json\/wp\/v2\/types\/post"}],"author":[{"embeddable":true,"href":"https:\/\/www.sindicaturabarcelona.cat\/ca\/wp-json\/wp\/v2\/users\/2"}],"replies":[{"embeddable":true,"href":"https:\/\/www.sindicaturabarcelona.cat\/ca\/wp-json\/wp\/v2\/comments?post=14889"}],"version-history":[{"count":0,"href":"https:\/\/www.sindicaturabarcelona.cat\/ca\/wp-json\/wp\/v2\/posts\/14889\/revisions"}],"wp:featuredmedia":[{"embeddable":true,"href":"https:\/\/www.sindicaturabarcelona.cat\/ca\/wp-json\/wp\/v2\/media\/14890"}],"wp:attachment":[{"href":"https:\/\/www.sindicaturabarcelona.cat\/ca\/wp-json\/wp\/v2\/media?parent=14889"}],"wp:term":[{"taxonomy":"post_tag","embeddable":true,"href":"https:\/\/www.sindicaturabarcelona.cat\/ca\/wp-json\/wp\/v2\/tags?post=14889"},{"taxonomy":"drets","embeddable":true,"href":"https:\/\/www.sindicaturabarcelona.cat\/ca\/wp-json\/wp\/v2\/drets?post=14889"}],"curies":[{"name":"wp","href":"https:\/\/api.w.org\/{rel}","templated":true}]}}