{"id":14882,"date":"2022-09-01T07:56:41","date_gmt":"2022-09-01T05:56:41","guid":{"rendered":"https:\/\/www.sindicaturabarcelona.cat\/?p=14882"},"modified":"2023-05-11T13:02:34","modified_gmt":"2023-05-11T11:02:34","slug":"el-dret-a-lempadronament-de-les-persones-sense-domicili-fix","status":"publish","type":"post","link":"https:\/\/www.sindicaturabarcelona.cat\/ca\/el-dret-a-lempadronament-de-les-persones-sense-domicili-fix\/","title":{"rendered":"El dret a l\u2019empadronament de les persones sense domicili fix"},"content":{"rendered":"\n<p class=\"has-text-align-justify\">Hist\u00f2ricament, la <a aria-label=\"Sindicatura  (opens in a new tab)\" href=\"https:\/\/www.sindicaturabarcelona.cat\/\" target=\"_blank\" rel=\"noreferrer noopener\" class=\"ek-link\">Sindicatura de Greuges de Barcelona<\/a> ha rebut nombroses queixes a causa del <strong>retard en la tramitaci\u00f3 de l\u2019empadronament en la modalitat de sense domicili fix. <\/strong>Per aquest motiu, la defensoria de la ciutadania barcelonina va decidir obrir una <strong><a href=\"https:\/\/www.sindicaturabarcelona.cat\/wp-content\/uploads\/2022\/08\/08_AO_Dret-a-empadronament-sense-domicili-fix.pdf\" target=\"_blank\" aria-label=\"actuaci\u00f3 d\u2019ofici (opens in a new tab)\" rel=\"noreferrer noopener\" class=\"ek-link\">actuaci\u00f3 d\u2019ofici<\/a><\/strong>, en qu\u00e8 ha detectat que <strong>aquesta demora es produeix en la tramitaci\u00f3 dels Informes de Coneixement de Resid\u00e8ncia (ICR)<\/strong>, necessaris per a l\u2019empadronament sense domicili fix.<\/p>\n\n\n\n<p class=\"has-text-align-justify\">La Sindicatura ha concl\u00f2s l\u2019actuaci\u00f3 d\u2019ofici dirigint-se a l\u2019<a aria-label=\"Institut de Municipal de Serveis Socials (opens in a new tab)\" href=\"https:\/\/ajuntament.barcelona.cat\/serveissocials\/ca\/canal\/institut-municipal-de-serveis-socials\" target=\"_blank\" rel=\"noreferrer noopener\" class=\"ek-link\">Institut Municipal de Serveis Socials<\/a> per reclamar m\u00e9s dilig\u00e8ncia i efic\u00e0cia en la gesti\u00f3 d\u2019aquest tr\u00e0mit, a fi de garantir el dret de les persones a l\u2019empadronament tot i no disposar d\u2019un domicili fix.&nbsp;<\/p>\n\n\n\n<p><strong><span style=\"text-decoration: underline;\" class=\"ek-underline\">Com funciona l\u2019empadronament i per a qu\u00e8 serveix?<\/span><\/strong><\/p>\n\n\n\n<p class=\"has-text-align-justify\">El padr\u00f3 municipal d\u2019habitants \u00e9s el registre administratiu en qu\u00e8 consten els ve\u00efns i les ve\u00efnes d\u2019un municipi. Les seves dades constitueixen una prova de resid\u00e8ncia en el municipi i del domicili habitual. En virtut de la Llei 7\/1985, de bases de r\u00e8gim local,&nbsp;<strong>els ajuntaments s\u00f3n competents per fer les tasques de formaci\u00f3, manteniment, revisi\u00f3 i cust\u00f2dia del padr\u00f3 municipal, i han d\u2019emprendre les actuacions i les operacions necess\u00e0ries per mantenir actualitzats els seus padrons<\/strong>, de forma que les dades que hi constin concordin amb la realitat.<\/p>\n\n\n\n<p class=\"has-text-align-justify\"><strong>La import\u00e0ncia de l\u2019empadronament rau en reflectir la realitat de la poblaci\u00f3 de la ciutat, ja que aquest registre constitueix una fotografia de la ciutadania<\/strong>&nbsp;que ha de ser \u00fatil per avan\u00e7ar-se a la planificaci\u00f3 de les pol\u00edtiques p\u00fabliques del municipi. Alhora,&nbsp;<strong>la inscripci\u00f3 padronal atorga l\u2019estatus de ve\u00efnatge i es pot qualificar de&nbsp;<\/strong><em><strong>metadret<\/strong><\/em><strong>, perqu\u00e8 \u00e9s la porta d\u2019acc\u00e9s al gaudi d\u2019un altre conjunt de drets humans<\/strong>&nbsp;\u2014civils, pol\u00edtics, econ\u00f2mics, socials i culturals\u2014 com el dret fonamental al sufragi universal, el dret a accedir a la sanitat o el dret a obtenir determinats ajuts.<\/p>\n\n\n\n<p class=\"has-text-align-justify\"><strong>Els ajuntaments disposen de mecanismes que permeten empadronar les persones sense domicili fix. <\/strong><strong>En diverses ocasions, la Sindicatura s\u2019ha referit a la necessitat que tots els municipis apliquin aquestes pr\u00e0ctiques, ja que \u00e9s conegut que molts ajuntaments posen traves a l\u2019empadronament sense domicili fix.<\/strong><\/p>\n\n\n\n<p><strong><span style=\"text-decoration: underline;\" class=\"ek-underline\">Com poden empadronar-se les persones sense domicili fix?<\/span><\/strong><\/p>\n\n\n\n<p class=\"has-text-align-justify\">Per a empadronar-se sense domicili fix a Barcelona,<strong> \u00e9s necessari l\u2019elaboraci\u00f3 de l\u2019Informe de Coneixement de Resid\u00e8ncia (ICR)<\/strong>. Els tr\u00e0mits que comporta l\u2019elaboraci\u00f3 de l\u2019ICR consisteixen fonamentalment en diverses comprovacions fetes sobre l\u2019aplicaci\u00f3 del padr\u00f3 i cadastre municipal.<\/p>\n\n\n\n<p class=\"has-text-align-justify\">En funci\u00f3 del resultat d\u2019aquestes comprovacions, es pot requerir o b\u00e9 una inspecci\u00f3 al domicili que la persona ha fet constar a la petici\u00f3, o b\u00e9 fer trucades per verificar la informaci\u00f3 aportada. Despr\u00e9s de verificar aquestes comprovacions, s\u2019envia una carta al domicili de la persona interessada i se li notifica que pot recollir l\u2019ICR a les oficines de l\u2019\u00c0rea de Drets Socials.<\/p>\n\n\n\n<p class=\"has-text-align-justify\"><strong>La resoluci\u00f3 d\u2019aquest tr\u00e0mit est\u00e0 fixada en un termini m\u00e0xim de tres mesos<\/strong>. Tot i aix\u00f2, l\u2019Ajuntament de Barcelona defensa que el termini habitual se situa en unes sis setmanes. <strong>L\u2019Ajuntament disposa d\u2019un registre de Centres de Serveis Socials en el territori en el qual s\u2019empadronen de forma fict\u00edcia les persones que no tenen un domicili fix.<\/strong><\/p>\n\n\n\n<p><strong><span style=\"text-decoration: underline;\" class=\"ek-underline\">Retard en la tramitaci\u00f3 de l\u2019empadronament sense domicili fix<\/span><\/strong><\/p>\n\n\n\n<p class=\"has-text-align-justify\">Tot i el que estableix la llei i els plans de l\u2019Ajuntament, la Sindicatura de Greuges de Barcelona ha rebut queixes de nombroses persones al llarg dels darrers anys a causa del retard en la tramitaci\u00f3 de l\u2019empadronament en la modalitat de sense domicili fix.<\/p>\n\n\n\n<p class=\"has-text-align-justify\"><strong>La demora es produeix en el tr\u00e0mit de l\u2019emissi\u00f3 de l\u2019Informe de Coneixement de Resid\u00e8ncia (ICR), que ha de ser elaborat pels Serveis Socials. <\/strong>Aquesta situaci\u00f3 preocupa a la Sindicatura de manera significativa i ha motivat la seva intervenci\u00f3 mitjan\u00e7ant una actuaci\u00f3 d\u2019ofici.<\/p>\n\n\n\n<p class=\"has-text-align-justify\">Ara b\u00e9, la instituci\u00f3 no \u00e9s aliena al fet que <strong>molts municipis de l\u2019\u00e0rea metropolitana no practiquen aquesta tipologia d\u2019empadronaments, situaci\u00f3 que empeny a moltes persones en situaci\u00f3 de vulnerabilitat a demanar la inscripci\u00f3 padronal a la nostra ciutat<\/strong>. De fet, segons dades municipals, l\u2019any 2015 es van tramitar 5.658 inscripcions padronals sense domicili fix, mentre que al mes de gener de 2021 se n\u2019havien registrat un total de 23.162.<\/p>\n\n\n\n<p><strong><span style=\"text-decoration: underline;\" class=\"ek-underline\">Un repte a escala metropolitana<\/span><\/strong><\/p>\n\n\n\n<p class=\"has-text-align-justify\">El <strong>Pacte per Barcelona<\/strong>, aprovat el juliol de 2020, determinava la necessitat de treballar per impulsar els mecanismes d\u2019empadronament actiu en coordinaci\u00f3 amb els municipis de l\u2019\u00e0rea metropolitana, a fi de facilitar la inserci\u00f3 social i laboral de persones vulnerabilitzades. En aquest mateix sentit, el <strong>Programa d\u2019Actuaci\u00f3 Municipal 2020-2023<\/strong>, quan es refereix a la migraci\u00f3 i a l\u2019acollida, insisteix en la mateixa mesura.<\/p>\n\n\n\n<p class=\"has-text-align-justify\">El Consell Metropolit\u00e0 de l\u2019\u00c0rea Metropolitana de Barcelona (AMB) s\u2019ha implicat en aquesta mat\u00e8ria i el maig de 2020 <strong>va aprovar una moci\u00f3 per garantir el dret a l\u2019empadronament i la posada en marxa de pol\u00edtiques d\u2019empadronament actiu<\/strong> <strong>en tots els municipis que conformen l\u2019AMB<\/strong>. Entre altres, aquesta moci\u00f3 inclou els seg\u00fcents acords: dur a terme sessions informatives dirigides a les 36 localitats de l\u2019AMB i traslladar als municipis una guia sobre procediments i documentaci\u00f3 de les diverses modalitats del padr\u00f3.<\/p>\n","protected":false},"excerpt":{"rendered":"<p>Hist\u00f2ricament, la Sindicatura de Greuges de Barcelona ha rebut nombroses queixes a causa del retard en la tramitaci\u00f3 de l\u2019empadronament en la modalitat de sense domicili fix. Per aquest motiu, [&hellip;]<\/p>\n","protected":false},"author":2,"featured_media":14883,"comment_status":"closed","ping_status":"open","sticky":false,"template":"","format":"standard","meta":{"_acf_changed":false,"footnotes":""},"tags":[],"drets":[1440,1451],"class_list":["post-14882","post","type-post","status-publish","format-standard","has-post-thumbnail","hentry","drets-ciutat-garantista","drets-dret-a-lempadronament"],"acf":[],"yoast_head":"<!-- This site is optimized with the Yoast SEO plugin v27.5 - https:\/\/yoast.com\/product\/yoast-seo-wordpress\/ -->\n<title>El dret a l\u2019empadronament de les persones sense domicili fix - Sindicatura de Greuges de Barcelona<\/title>\n<meta name=\"description\" content=\"Hist\u00f2ricament, la Sindicatura ha rebut nombroses queixes a causa del retard en la tramitaci\u00f3 de l\u2019empadronament de persones sense domicili fix...\" \/>\n<meta name=\"robots\" content=\"index, follow, max-snippet:-1, max-image-preview:large, max-video-preview:-1\" \/>\n<link rel=\"canonical\" href=\"https:\/\/www.sindicaturabarcelona.cat\/ca\/el-dret-a-lempadronament-de-les-persones-sense-domicili-fix\/\" \/>\n<meta property=\"og:locale\" content=\"ca_ES\" \/>\n<meta property=\"og:type\" content=\"article\" \/>\n<meta property=\"og:title\" content=\"El dret a l\u2019empadronament de les persones sense domicili fix - Sindicatura de Greuges de Barcelona\" \/>\n<meta property=\"og:description\" content=\"Hist\u00f2ricament, la Sindicatura ha rebut nombroses queixes a causa del retard en la tramitaci\u00f3 de l\u2019empadronament de persones sense domicili fix...\" \/>\n<meta property=\"og:url\" content=\"https:\/\/www.sindicaturabarcelona.cat\/ca\/el-dret-a-lempadronament-de-les-persones-sense-domicili-fix\/\" \/>\n<meta property=\"og:site_name\" content=\"Sindicatura de Greuges de Barcelona\" \/>\n<meta property=\"article:published_time\" content=\"2022-09-01T05:56:41+00:00\" \/>\n<meta property=\"article:modified_time\" content=\"2023-05-11T11:02:34+00:00\" \/>\n<meta property=\"og:image\" content=\"https:\/\/www.sindicaturabarcelona.cat\/wp-content\/uploads\/2022\/08\/24379_220701_E_NouTramFinalitzatMeridiana_015.jpg\" \/>\n\t<meta property=\"og:image:width\" content=\"1535\" \/>\n\t<meta property=\"og:image:height\" content=\"1024\" \/>\n\t<meta property=\"og:image:type\" content=\"image\/jpeg\" \/>\n<meta name=\"author\" content=\"Pablo\" \/>\n<meta name=\"twitter:card\" content=\"summary_large_image\" \/>\n<meta name=\"twitter:creator\" content=\"@sindicbarcelona\" \/>\n<meta name=\"twitter:site\" content=\"@sindicbarcelona\" \/>\n<meta name=\"twitter:label1\" content=\"Escrit per\" \/>\n\t<meta name=\"twitter:data1\" content=\"Pablo\" \/>\n\t<meta name=\"twitter:label2\" content=\"Temps estimat de lectura\" \/>\n\t<meta name=\"twitter:data2\" content=\"5 minuts\" \/>\n<script type=\"application\/ld+json\" class=\"yoast-schema-graph\">{\"@context\":\"https:\\\/\\\/schema.org\",\"@graph\":[{\"@type\":\"Article\",\"@id\":\"https:\\\/\\\/www.sindicaturabarcelona.cat\\\/ca\\\/el-dret-a-lempadronament-de-les-persones-sense-domicili-fix\\\/#article\",\"isPartOf\":{\"@id\":\"https:\\\/\\\/www.sindicaturabarcelona.cat\\\/ca\\\/el-dret-a-lempadronament-de-les-persones-sense-domicili-fix\\\/\"},\"author\":{\"name\":\"Pablo\",\"@id\":\"https:\\\/\\\/www.sindicaturabarcelona.cat\\\/ca\\\/#\\\/schema\\\/person\\\/0e5acffc350ffdbc97578159322c9452\"},\"headline\":\"El dret a l\u2019empadronament de les persones sense domicili fix\",\"datePublished\":\"2022-09-01T05:56:41+00:00\",\"dateModified\":\"2023-05-11T11:02:34+00:00\",\"mainEntityOfPage\":{\"@id\":\"https:\\\/\\\/www.sindicaturabarcelona.cat\\\/ca\\\/el-dret-a-lempadronament-de-les-persones-sense-domicili-fix\\\/\"},\"wordCount\":924,\"publisher\":{\"@id\":\"https:\\\/\\\/www.sindicaturabarcelona.cat\\\/ca\\\/#organization\"},\"image\":{\"@id\":\"https:\\\/\\\/www.sindicaturabarcelona.cat\\\/ca\\\/el-dret-a-lempadronament-de-les-persones-sense-domicili-fix\\\/#primaryimage\"},\"thumbnailUrl\":\"https:\\\/\\\/www.sindicaturabarcelona.cat\\\/wp-content\\\/uploads\\\/2022\\\/08\\\/24379_220701_E_NouTramFinalitzatMeridiana_015.jpg\",\"articleSection\":[\"Uncategorized @ca\"],\"inLanguage\":\"ca\"},{\"@type\":\"WebPage\",\"@id\":\"https:\\\/\\\/www.sindicaturabarcelona.cat\\\/ca\\\/el-dret-a-lempadronament-de-les-persones-sense-domicili-fix\\\/\",\"url\":\"https:\\\/\\\/www.sindicaturabarcelona.cat\\\/ca\\\/el-dret-a-lempadronament-de-les-persones-sense-domicili-fix\\\/\",\"name\":\"El dret a l\u2019empadronament de les persones sense domicili fix - Sindicatura de Greuges de Barcelona\",\"isPartOf\":{\"@id\":\"https:\\\/\\\/www.sindicaturabarcelona.cat\\\/ca\\\/#website\"},\"primaryImageOfPage\":{\"@id\":\"https:\\\/\\\/www.sindicaturabarcelona.cat\\\/ca\\\/el-dret-a-lempadronament-de-les-persones-sense-domicili-fix\\\/#primaryimage\"},\"image\":{\"@id\":\"https:\\\/\\\/www.sindicaturabarcelona.cat\\\/ca\\\/el-dret-a-lempadronament-de-les-persones-sense-domicili-fix\\\/#primaryimage\"},\"thumbnailUrl\":\"https:\\\/\\\/www.sindicaturabarcelona.cat\\\/wp-content\\\/uploads\\\/2022\\\/08\\\/24379_220701_E_NouTramFinalitzatMeridiana_015.jpg\",\"datePublished\":\"2022-09-01T05:56:41+00:00\",\"dateModified\":\"2023-05-11T11:02:34+00:00\",\"description\":\"Hist\u00f2ricament, la Sindicatura ha rebut nombroses queixes a causa del retard en la tramitaci\u00f3 de l\u2019empadronament de persones sense domicili fix...\",\"breadcrumb\":{\"@id\":\"https:\\\/\\\/www.sindicaturabarcelona.cat\\\/ca\\\/el-dret-a-lempadronament-de-les-persones-sense-domicili-fix\\\/#breadcrumb\"},\"inLanguage\":\"ca\",\"potentialAction\":[{\"@type\":\"ReadAction\",\"target\":[\"https:\\\/\\\/www.sindicaturabarcelona.cat\\\/ca\\\/el-dret-a-lempadronament-de-les-persones-sense-domicili-fix\\\/\"]}]},{\"@type\":\"ImageObject\",\"inLanguage\":\"ca\",\"@id\":\"https:\\\/\\\/www.sindicaturabarcelona.cat\\\/ca\\\/el-dret-a-lempadronament-de-les-persones-sense-domicili-fix\\\/#primaryimage\",\"url\":\"https:\\\/\\\/www.sindicaturabarcelona.cat\\\/wp-content\\\/uploads\\\/2022\\\/08\\\/24379_220701_E_NouTramFinalitzatMeridiana_015.jpg\",\"contentUrl\":\"https:\\\/\\\/www.sindicaturabarcelona.cat\\\/wp-content\\\/uploads\\\/2022\\\/08\\\/24379_220701_E_NouTramFinalitzatMeridiana_015.jpg\",\"width\":1535,\"height\":1024,\"caption\":\"Empadronament persones sense domicili fix\"},{\"@type\":\"BreadcrumbList\",\"@id\":\"https:\\\/\\\/www.sindicaturabarcelona.cat\\\/ca\\\/el-dret-a-lempadronament-de-les-persones-sense-domicili-fix\\\/#breadcrumb\",\"itemListElement\":[{\"@type\":\"ListItem\",\"position\":1,\"name\":\"Inici\",\"item\":\"https:\\\/\\\/www.sindicaturabarcelona.cat\\\/ca\\\/\"},{\"@type\":\"ListItem\",\"position\":2,\"name\":\"El dret a l\u2019empadronament de les persones sense domicili fix\"}]},{\"@type\":\"WebSite\",\"@id\":\"https:\\\/\\\/www.sindicaturabarcelona.cat\\\/ca\\\/#website\",\"url\":\"https:\\\/\\\/www.sindicaturabarcelona.cat\\\/ca\\\/\",\"name\":\"Sindicatura de Greuges de Barcelona\",\"description\":\"La defensoria dels teus drets\",\"publisher\":{\"@id\":\"https:\\\/\\\/www.sindicaturabarcelona.cat\\\/ca\\\/#organization\"},\"potentialAction\":[{\"@type\":\"SearchAction\",\"target\":{\"@type\":\"EntryPoint\",\"urlTemplate\":\"https:\\\/\\\/www.sindicaturabarcelona.cat\\\/ca\\\/?s={search_term_string}\"},\"query-input\":{\"@type\":\"PropertyValueSpecification\",\"valueRequired\":true,\"valueName\":\"search_term_string\"}}],\"inLanguage\":\"ca\"},{\"@type\":\"Organization\",\"@id\":\"https:\\\/\\\/www.sindicaturabarcelona.cat\\\/ca\\\/#organization\",\"name\":\"Sindicatura de Greuges de Barcelona\",\"url\":\"https:\\\/\\\/www.sindicaturabarcelona.cat\\\/ca\\\/\",\"logo\":{\"@type\":\"ImageObject\",\"inLanguage\":\"ca\",\"@id\":\"https:\\\/\\\/www.sindicaturabarcelona.cat\\\/ca\\\/#\\\/schema\\\/logo\\\/image\\\/\",\"url\":\"https:\\\/\\\/www.sindicaturabarcelona.cat\\\/wp-content\\\/uploads\\\/2023\\\/02\\\/logo_sindicatura.svg\",\"contentUrl\":\"https:\\\/\\\/www.sindicaturabarcelona.cat\\\/wp-content\\\/uploads\\\/2023\\\/02\\\/logo_sindicatura.svg\",\"caption\":\"Sindicatura de Greuges de Barcelona\"},\"image\":{\"@id\":\"https:\\\/\\\/www.sindicaturabarcelona.cat\\\/ca\\\/#\\\/schema\\\/logo\\\/image\\\/\"},\"sameAs\":[\"https:\\\/\\\/x.com\\\/sindicbarcelona\",\"https:\\\/\\\/www.instagram.com\\\/sindicbarcelona\\\/\",\"https:\\\/\\\/www.tiktok.com\\\/@sindicaturabcn\",\"https:\\\/\\\/t.me\\\/sindicaturabarcelona\"]},{\"@type\":\"Person\",\"@id\":\"https:\\\/\\\/www.sindicaturabarcelona.cat\\\/ca\\\/#\\\/schema\\\/person\\\/0e5acffc350ffdbc97578159322c9452\",\"name\":\"Pablo\",\"image\":{\"@type\":\"ImageObject\",\"inLanguage\":\"ca\",\"@id\":\"https:\\\/\\\/secure.gravatar.com\\\/avatar\\\/c948169b402ef9492afde705c3dfd5e90e1a6a84ef6840a91124f805a25a480f?s=96&d=mm&r=g\",\"url\":\"https:\\\/\\\/secure.gravatar.com\\\/avatar\\\/c948169b402ef9492afde705c3dfd5e90e1a6a84ef6840a91124f805a25a480f?s=96&d=mm&r=g\",\"contentUrl\":\"https:\\\/\\\/secure.gravatar.com\\\/avatar\\\/c948169b402ef9492afde705c3dfd5e90e1a6a84ef6840a91124f805a25a480f?s=96&d=mm&r=g\",\"caption\":\"Pablo\"},\"url\":\"https:\\\/\\\/www.sindicaturabarcelona.cat\\\/ca\\\/author\\\/pablo\\\/\"}]}<\/script>\n<!-- \/ Yoast SEO plugin. -->","yoast_head_json":{"title":"El dret a l\u2019empadronament de les persones sense domicili fix - Sindicatura de Greuges de Barcelona","description":"Hist\u00f2ricament, la Sindicatura ha rebut nombroses queixes a causa del retard en la tramitaci\u00f3 de l\u2019empadronament de persones sense domicili fix...","robots":{"index":"index","follow":"follow","max-snippet":"max-snippet:-1","max-image-preview":"max-image-preview:large","max-video-preview":"max-video-preview:-1"},"canonical":"https:\/\/www.sindicaturabarcelona.cat\/ca\/el-dret-a-lempadronament-de-les-persones-sense-domicili-fix\/","og_locale":"ca_ES","og_type":"article","og_title":"El dret a l\u2019empadronament de les persones sense domicili fix - Sindicatura de Greuges de Barcelona","og_description":"Hist\u00f2ricament, la Sindicatura ha rebut nombroses queixes a causa del retard en la tramitaci\u00f3 de l\u2019empadronament de persones sense domicili fix...","og_url":"https:\/\/www.sindicaturabarcelona.cat\/ca\/el-dret-a-lempadronament-de-les-persones-sense-domicili-fix\/","og_site_name":"Sindicatura de Greuges de Barcelona","article_published_time":"2022-09-01T05:56:41+00:00","article_modified_time":"2023-05-11T11:02:34+00:00","og_image":[{"width":1535,"height":1024,"url":"https:\/\/www.sindicaturabarcelona.cat\/wp-content\/uploads\/2022\/08\/24379_220701_E_NouTramFinalitzatMeridiana_015.jpg","type":"image\/jpeg"}],"author":"Pablo","twitter_card":"summary_large_image","twitter_creator":"@sindicbarcelona","twitter_site":"@sindicbarcelona","twitter_misc":{"Escrit per":"Pablo","Temps estimat de lectura":"5 minuts"},"schema":{"@context":"https:\/\/schema.org","@graph":[{"@type":"Article","@id":"https:\/\/www.sindicaturabarcelona.cat\/ca\/el-dret-a-lempadronament-de-les-persones-sense-domicili-fix\/#article","isPartOf":{"@id":"https:\/\/www.sindicaturabarcelona.cat\/ca\/el-dret-a-lempadronament-de-les-persones-sense-domicili-fix\/"},"author":{"name":"Pablo","@id":"https:\/\/www.sindicaturabarcelona.cat\/ca\/#\/schema\/person\/0e5acffc350ffdbc97578159322c9452"},"headline":"El dret a l\u2019empadronament de les persones sense domicili fix","datePublished":"2022-09-01T05:56:41+00:00","dateModified":"2023-05-11T11:02:34+00:00","mainEntityOfPage":{"@id":"https:\/\/www.sindicaturabarcelona.cat\/ca\/el-dret-a-lempadronament-de-les-persones-sense-domicili-fix\/"},"wordCount":924,"publisher":{"@id":"https:\/\/www.sindicaturabarcelona.cat\/ca\/#organization"},"image":{"@id":"https:\/\/www.sindicaturabarcelona.cat\/ca\/el-dret-a-lempadronament-de-les-persones-sense-domicili-fix\/#primaryimage"},"thumbnailUrl":"https:\/\/www.sindicaturabarcelona.cat\/wp-content\/uploads\/2022\/08\/24379_220701_E_NouTramFinalitzatMeridiana_015.jpg","articleSection":["Uncategorized @ca"],"inLanguage":"ca"},{"@type":"WebPage","@id":"https:\/\/www.sindicaturabarcelona.cat\/ca\/el-dret-a-lempadronament-de-les-persones-sense-domicili-fix\/","url":"https:\/\/www.sindicaturabarcelona.cat\/ca\/el-dret-a-lempadronament-de-les-persones-sense-domicili-fix\/","name":"El dret a l\u2019empadronament de les persones sense domicili fix - Sindicatura de Greuges de Barcelona","isPartOf":{"@id":"https:\/\/www.sindicaturabarcelona.cat\/ca\/#website"},"primaryImageOfPage":{"@id":"https:\/\/www.sindicaturabarcelona.cat\/ca\/el-dret-a-lempadronament-de-les-persones-sense-domicili-fix\/#primaryimage"},"image":{"@id":"https:\/\/www.sindicaturabarcelona.cat\/ca\/el-dret-a-lempadronament-de-les-persones-sense-domicili-fix\/#primaryimage"},"thumbnailUrl":"https:\/\/www.sindicaturabarcelona.cat\/wp-content\/uploads\/2022\/08\/24379_220701_E_NouTramFinalitzatMeridiana_015.jpg","datePublished":"2022-09-01T05:56:41+00:00","dateModified":"2023-05-11T11:02:34+00:00","description":"Hist\u00f2ricament, la Sindicatura ha rebut nombroses queixes a causa del retard en la tramitaci\u00f3 de l\u2019empadronament de persones sense domicili fix...","breadcrumb":{"@id":"https:\/\/www.sindicaturabarcelona.cat\/ca\/el-dret-a-lempadronament-de-les-persones-sense-domicili-fix\/#breadcrumb"},"inLanguage":"ca","potentialAction":[{"@type":"ReadAction","target":["https:\/\/www.sindicaturabarcelona.cat\/ca\/el-dret-a-lempadronament-de-les-persones-sense-domicili-fix\/"]}]},{"@type":"ImageObject","inLanguage":"ca","@id":"https:\/\/www.sindicaturabarcelona.cat\/ca\/el-dret-a-lempadronament-de-les-persones-sense-domicili-fix\/#primaryimage","url":"https:\/\/www.sindicaturabarcelona.cat\/wp-content\/uploads\/2022\/08\/24379_220701_E_NouTramFinalitzatMeridiana_015.jpg","contentUrl":"https:\/\/www.sindicaturabarcelona.cat\/wp-content\/uploads\/2022\/08\/24379_220701_E_NouTramFinalitzatMeridiana_015.jpg","width":1535,"height":1024,"caption":"Empadronament persones sense domicili fix"},{"@type":"BreadcrumbList","@id":"https:\/\/www.sindicaturabarcelona.cat\/ca\/el-dret-a-lempadronament-de-les-persones-sense-domicili-fix\/#breadcrumb","itemListElement":[{"@type":"ListItem","position":1,"name":"Inici","item":"https:\/\/www.sindicaturabarcelona.cat\/ca\/"},{"@type":"ListItem","position":2,"name":"El dret a l\u2019empadronament de les persones sense domicili fix"}]},{"@type":"WebSite","@id":"https:\/\/www.sindicaturabarcelona.cat\/ca\/#website","url":"https:\/\/www.sindicaturabarcelona.cat\/ca\/","name":"Sindicatura de Greuges de Barcelona","description":"La defensoria dels teus drets","publisher":{"@id":"https:\/\/www.sindicaturabarcelona.cat\/ca\/#organization"},"potentialAction":[{"@type":"SearchAction","target":{"@type":"EntryPoint","urlTemplate":"https:\/\/www.sindicaturabarcelona.cat\/ca\/?s={search_term_string}"},"query-input":{"@type":"PropertyValueSpecification","valueRequired":true,"valueName":"search_term_string"}}],"inLanguage":"ca"},{"@type":"Organization","@id":"https:\/\/www.sindicaturabarcelona.cat\/ca\/#organization","name":"Sindicatura de Greuges de Barcelona","url":"https:\/\/www.sindicaturabarcelona.cat\/ca\/","logo":{"@type":"ImageObject","inLanguage":"ca","@id":"https:\/\/www.sindicaturabarcelona.cat\/ca\/#\/schema\/logo\/image\/","url":"https:\/\/www.sindicaturabarcelona.cat\/wp-content\/uploads\/2023\/02\/logo_sindicatura.svg","contentUrl":"https:\/\/www.sindicaturabarcelona.cat\/wp-content\/uploads\/2023\/02\/logo_sindicatura.svg","caption":"Sindicatura de Greuges de Barcelona"},"image":{"@id":"https:\/\/www.sindicaturabarcelona.cat\/ca\/#\/schema\/logo\/image\/"},"sameAs":["https:\/\/x.com\/sindicbarcelona","https:\/\/www.instagram.com\/sindicbarcelona\/","https:\/\/www.tiktok.com\/@sindicaturabcn","https:\/\/t.me\/sindicaturabarcelona"]},{"@type":"Person","@id":"https:\/\/www.sindicaturabarcelona.cat\/ca\/#\/schema\/person\/0e5acffc350ffdbc97578159322c9452","name":"Pablo","image":{"@type":"ImageObject","inLanguage":"ca","@id":"https:\/\/secure.gravatar.com\/avatar\/c948169b402ef9492afde705c3dfd5e90e1a6a84ef6840a91124f805a25a480f?s=96&d=mm&r=g","url":"https:\/\/secure.gravatar.com\/avatar\/c948169b402ef9492afde705c3dfd5e90e1a6a84ef6840a91124f805a25a480f?s=96&d=mm&r=g","contentUrl":"https:\/\/secure.gravatar.com\/avatar\/c948169b402ef9492afde705c3dfd5e90e1a6a84ef6840a91124f805a25a480f?s=96&d=mm&r=g","caption":"Pablo"},"url":"https:\/\/www.sindicaturabarcelona.cat\/ca\/author\/pablo\/"}]}},"_links":{"self":[{"href":"https:\/\/www.sindicaturabarcelona.cat\/ca\/wp-json\/wp\/v2\/posts\/14882","targetHints":{"allow":["GET"]}}],"collection":[{"href":"https:\/\/www.sindicaturabarcelona.cat\/ca\/wp-json\/wp\/v2\/posts"}],"about":[{"href":"https:\/\/www.sindicaturabarcelona.cat\/ca\/wp-json\/wp\/v2\/types\/post"}],"author":[{"embeddable":true,"href":"https:\/\/www.sindicaturabarcelona.cat\/ca\/wp-json\/wp\/v2\/users\/2"}],"replies":[{"embeddable":true,"href":"https:\/\/www.sindicaturabarcelona.cat\/ca\/wp-json\/wp\/v2\/comments?post=14882"}],"version-history":[{"count":0,"href":"https:\/\/www.sindicaturabarcelona.cat\/ca\/wp-json\/wp\/v2\/posts\/14882\/revisions"}],"wp:featuredmedia":[{"embeddable":true,"href":"https:\/\/www.sindicaturabarcelona.cat\/ca\/wp-json\/wp\/v2\/media\/14883"}],"wp:attachment":[{"href":"https:\/\/www.sindicaturabarcelona.cat\/ca\/wp-json\/wp\/v2\/media?parent=14882"}],"wp:term":[{"taxonomy":"post_tag","embeddable":true,"href":"https:\/\/www.sindicaturabarcelona.cat\/ca\/wp-json\/wp\/v2\/tags?post=14882"},{"taxonomy":"drets","embeddable":true,"href":"https:\/\/www.sindicaturabarcelona.cat\/ca\/wp-json\/wp\/v2\/drets?post=14882"}],"curies":[{"name":"wp","href":"https:\/\/api.w.org\/{rel}","templated":true}]}}