{"id":14727,"date":"2022-08-10T11:25:45","date_gmt":"2022-08-10T09:25:45","guid":{"rendered":"https:\/\/www.sindicaturabarcelona.cat\/?p=14727"},"modified":"2023-05-11T13:04:44","modified_gmt":"2023-05-11T11:04:44","slug":"aturem-llgtbi-fobia","status":"publish","type":"post","link":"https:\/\/www.sindicaturabarcelona.cat\/ca\/aturem-llgtbi-fobia\/","title":{"rendered":"Aturem l&#8217;LGTBI-f\u00f2bia"},"content":{"rendered":"\n<p class=\"has-text-align-justify\">Ens trobem davant d\u2019una nova agressi\u00f3 hom\u00f2foba a la nostra ciutat. Una m\u00e9s. Ahir 9 d\u2019agost del 2022, a les dues del migdia al barri de l\u2019Eixample Esquerra. Segons dades de l\u2019<a href=\"https:\/\/och.cat\/\" target=\"_blank\" aria-label=\"Observatori contra l\u2019Homof\u00f2bia (opens in a new tab)\" rel=\"noreferrer noopener\" class=\"ek-link\">Observatori contra l\u2019Homof\u00f2bia<\/a>, <strong>durant el primer semestre d\u2019enguany s\u2019han produ\u00eft 117 incid\u00e8ncies per lgtbi-f\u00f2bia, un 34,5% m\u00e9s que les 87 del primer semestre de l\u2019any 2021<\/strong>.<\/p>\n\n\n\n<p class=\"has-text-align-justify\"><strong>La <a aria-label=\"Sindicatura de Greuges de Barcelona (opens in a new tab)\" href=\"https:\/\/www.sindicaturabarcelona.cat\" target=\"_blank\" rel=\"noreferrer noopener\" class=\"ek-link\">Sindicatura de Greuges de Barcelona<\/a> condemna rotundament aquests fets i desitja compartir unes quantes reflexions al voltant de la viol\u00e8ncia que pateixen les persones LGTBI+.<\/strong> Una sola agressi\u00f3, una sola discriminaci\u00f3 cap al col\u00b7lectiu LGTBI+ ens hauria de preocupar molt. Per\u00f2 \u00e9s que l\u2019agressi\u00f3 d\u2019ahir, com demostren les xifres, no \u00e9s un fet a\u00efllat. \u00c9s necessari activar totes les alarmes possibles i actuar de manera ferma contra aquestes viol\u00e8ncies<em>.<\/em><\/p>\n\n\n\n<p class=\"has-text-align-justify\">I ben segur, aix\u00f2 \u00e9s nom\u00e9s la punta d\u2019un iceberg. A causa de l\u2019estigma que encara comporten els temes relatius a l\u2019orientaci\u00f3 sexual i la identitat de g\u00e8nere, <strong>la viol\u00e8ncia i la discriminaci\u00f3 contra les persones LGTBI+ queda freq\u00fcentment sense denunciar, sense documentar i, en conseq\u00fc\u00e8ncia, sense castigar<\/strong>. No ha estat en aquest cas, en qu\u00e8 una persona ve\u00efna s\u00ed que va capturar les imatges amb el seu tel\u00e8fon m\u00f2bil i els cossos de seguretat van poder intervenir.<\/p>\n\n\n\n<p class=\"has-text-align-justify\">La intensificaci\u00f3 de la feina de conscienciaci\u00f3 sobre els nivells de viol\u00e8ncia i discriminaci\u00f3 als quals les persones lesbianes, gais, bisexuals, transg\u00e8nere i de g\u00e8nere no conforme es veuen sotmeses cada dia \u00e9s, en ella mateixa, una mesura essencial per fer front a aquest flagel. La feina d\u2019acabar amb aquesta viol\u00e8ncia i discriminaci\u00f3 \u00e9s dif\u00edcil i lenta. B\u00e0sicament perqu\u00e8 <strong>la reclamaci\u00f3 d\u2019aquests drets no ha estat dirigida moltes vegades per institucions que ho haurien d\u2019haver fet, sin\u00f3 que s\u2019han vist liderades per un moviment de reclamaci\u00f3 de drets de baix cap a dalt, per la pressi\u00f3 de moviments i grups socials cap a institucions locals, nacionals i internacionals<\/strong>.<\/p>\n\n\n\n<p class=\"has-text-align-justify\"><strong>Aquesta lluita ens interpel\u00b7la a totes i tots. \u00c9s una lluita de drets humans, des d\u2019una perspectiva interseccional.<\/strong> L\u2019argument a favor d\u2019estendre a les persones LGTBI+ els mateixos drets dels quals gaudeixen la resta de persones no \u00e9s radical ni complicat. Es basa en dos principis que fonamenten les normes nacionals i internacionals de drets humans: <strong>igualtat i no discriminaci\u00f3<\/strong>.<\/p>\n\n\n\n<p class=\"has-text-align-justify\">Tot i aix\u00f2, encara persisteixen discursos i actuacions que pretenen justificar la desigualtat, i estigmatitzar i preservar un determinat <em>status quo<\/em>. Front aix\u00f2, ens cal reivindicar que <strong>la lluita per la dignitat dels drets del col\u00b7lectiu LGTBI+ \u00e9s una lluita per una humanitat diversa de la qual tots i totes formem part<\/strong>.<\/p>\n\n\n\n<p class=\"has-text-align-justify\"><strong>Des de les sindicatures locals de greuges, davant l\u2019auge de les accions i dels silencis negacionistes, haur\u00edem de fer un pas endavant per acompanyar els itineraris de les persones que denuncien agressions i discriminacions lgtbi-f\u00f2biques<\/strong>. Els nostres principals objectius, treballant de forma coordinada amb entitats i altres institucions per evitar revictimitzacions, haurien de buscar la forma de reparar la dignitat de la persona, combatre aquestes viol\u00e8ncies i fomentar la prevenci\u00f3 i la sensibilitzaci\u00f3 per evitar la seva naturalitzaci\u00f3.<\/p>\n","protected":false},"excerpt":{"rendered":"<p>Ens trobem davant d\u2019una nova agressi\u00f3 hom\u00f2foba a la nostra ciutat. Una m\u00e9s. Ahir 9 d\u2019agost del 2022, a les dues del migdia al barri de l\u2019Eixample Esquerra. Segons dades [&hellip;]<\/p>\n","protected":false},"author":2,"featured_media":14728,"comment_status":"closed","ping_status":"open","sticky":false,"template":"","format":"standard","meta":{"_acf_changed":false,"footnotes":""},"tags":[],"drets":[1442,1458],"class_list":["post-14727","post","type-post","status-publish","format-standard","has-post-thumbnail","hentry","drets-ciutat-diversa","drets-dret-a-la-igualtat-i-a-la-diversitat"],"acf":[],"yoast_head":"<!-- This site is optimized with the Yoast SEO plugin v27.5 - https:\/\/yoast.com\/product\/yoast-seo-wordpress\/ -->\n<title>Aturem l&#039;LGTBI-f\u00f2bia - Sindicatura de Greuges de Barcelona<\/title>\n<meta name=\"description\" content=\"Ens trobem davant d\u2019una nova agressi\u00f3 hom\u00f2foba a la nostra ciutat. La Sindicatura vol compartir unes reflexions al voltant de la viol\u00e8ncia que pateixen les persones LGTBI+.\" \/>\n<meta name=\"robots\" content=\"index, follow, max-snippet:-1, max-image-preview:large, max-video-preview:-1\" \/>\n<link rel=\"canonical\" href=\"https:\/\/www.sindicaturabarcelona.cat\/ca\/aturem-llgtbi-fobia\/\" \/>\n<meta property=\"og:locale\" content=\"ca_ES\" \/>\n<meta property=\"og:type\" content=\"article\" \/>\n<meta property=\"og:title\" content=\"Aturem l&#039;LGTBI-f\u00f2bia - Sindicatura de Greuges de Barcelona\" \/>\n<meta property=\"og:description\" content=\"Ens trobem davant d\u2019una nova agressi\u00f3 hom\u00f2foba a la nostra ciutat. La Sindicatura vol compartir unes reflexions al voltant de la viol\u00e8ncia que pateixen les persones LGTBI+.\" \/>\n<meta property=\"og:url\" content=\"https:\/\/www.sindicaturabarcelona.cat\/ca\/aturem-llgtbi-fobia\/\" \/>\n<meta property=\"og:site_name\" content=\"Sindicatura de Greuges de Barcelona\" \/>\n<meta property=\"article:published_time\" content=\"2022-08-10T09:25:45+00:00\" \/>\n<meta property=\"article:modified_time\" content=\"2023-05-11T11:04:44+00:00\" \/>\n<meta property=\"og:image\" content=\"https:\/\/www.sindicaturabarcelona.cat\/wp-content\/uploads\/2022\/08\/LGTBIfobia.jpg\" \/>\n\t<meta property=\"og:image:width\" content=\"1820\" \/>\n\t<meta property=\"og:image:height\" content=\"1024\" \/>\n\t<meta property=\"og:image:type\" content=\"image\/jpeg\" \/>\n<meta name=\"author\" content=\"Pablo\" \/>\n<meta name=\"twitter:card\" content=\"summary_large_image\" \/>\n<meta name=\"twitter:creator\" content=\"@sindicbarcelona\" \/>\n<meta name=\"twitter:site\" content=\"@sindicbarcelona\" \/>\n<meta name=\"twitter:label1\" content=\"Escrit per\" \/>\n\t<meta name=\"twitter:data1\" content=\"Pablo\" \/>\n\t<meta name=\"twitter:label2\" content=\"Temps estimat de lectura\" \/>\n\t<meta name=\"twitter:data2\" content=\"3 minuts\" \/>\n<script type=\"application\/ld+json\" class=\"yoast-schema-graph\">{\"@context\":\"https:\\\/\\\/schema.org\",\"@graph\":[{\"@type\":\"Article\",\"@id\":\"https:\\\/\\\/www.sindicaturabarcelona.cat\\\/ca\\\/aturem-llgtbi-fobia\\\/#article\",\"isPartOf\":{\"@id\":\"https:\\\/\\\/www.sindicaturabarcelona.cat\\\/ca\\\/aturem-llgtbi-fobia\\\/\"},\"author\":{\"name\":\"Pablo\",\"@id\":\"https:\\\/\\\/www.sindicaturabarcelona.cat\\\/ca\\\/#\\\/schema\\\/person\\\/0e5acffc350ffdbc97578159322c9452\"},\"headline\":\"Aturem l&#8217;LGTBI-f\u00f2bia\",\"datePublished\":\"2022-08-10T09:25:45+00:00\",\"dateModified\":\"2023-05-11T11:04:44+00:00\",\"mainEntityOfPage\":{\"@id\":\"https:\\\/\\\/www.sindicaturabarcelona.cat\\\/ca\\\/aturem-llgtbi-fobia\\\/\"},\"wordCount\":552,\"publisher\":{\"@id\":\"https:\\\/\\\/www.sindicaturabarcelona.cat\\\/ca\\\/#organization\"},\"image\":{\"@id\":\"https:\\\/\\\/www.sindicaturabarcelona.cat\\\/ca\\\/aturem-llgtbi-fobia\\\/#primaryimage\"},\"thumbnailUrl\":\"https:\\\/\\\/www.sindicaturabarcelona.cat\\\/wp-content\\\/uploads\\\/2022\\\/08\\\/LGTBIfobia.jpg\",\"articleSection\":[\"Uncategorized @ca\"],\"inLanguage\":\"ca\"},{\"@type\":\"WebPage\",\"@id\":\"https:\\\/\\\/www.sindicaturabarcelona.cat\\\/ca\\\/aturem-llgtbi-fobia\\\/\",\"url\":\"https:\\\/\\\/www.sindicaturabarcelona.cat\\\/ca\\\/aturem-llgtbi-fobia\\\/\",\"name\":\"Aturem l'LGTBI-f\u00f2bia - Sindicatura de Greuges de Barcelona\",\"isPartOf\":{\"@id\":\"https:\\\/\\\/www.sindicaturabarcelona.cat\\\/ca\\\/#website\"},\"primaryImageOfPage\":{\"@id\":\"https:\\\/\\\/www.sindicaturabarcelona.cat\\\/ca\\\/aturem-llgtbi-fobia\\\/#primaryimage\"},\"image\":{\"@id\":\"https:\\\/\\\/www.sindicaturabarcelona.cat\\\/ca\\\/aturem-llgtbi-fobia\\\/#primaryimage\"},\"thumbnailUrl\":\"https:\\\/\\\/www.sindicaturabarcelona.cat\\\/wp-content\\\/uploads\\\/2022\\\/08\\\/LGTBIfobia.jpg\",\"datePublished\":\"2022-08-10T09:25:45+00:00\",\"dateModified\":\"2023-05-11T11:04:44+00:00\",\"description\":\"Ens trobem davant d\u2019una nova agressi\u00f3 hom\u00f2foba a la nostra ciutat. La Sindicatura vol compartir unes reflexions al voltant de la viol\u00e8ncia que pateixen les persones LGTBI+.\",\"breadcrumb\":{\"@id\":\"https:\\\/\\\/www.sindicaturabarcelona.cat\\\/ca\\\/aturem-llgtbi-fobia\\\/#breadcrumb\"},\"inLanguage\":\"ca\",\"potentialAction\":[{\"@type\":\"ReadAction\",\"target\":[\"https:\\\/\\\/www.sindicaturabarcelona.cat\\\/ca\\\/aturem-llgtbi-fobia\\\/\"]}]},{\"@type\":\"ImageObject\",\"inLanguage\":\"ca\",\"@id\":\"https:\\\/\\\/www.sindicaturabarcelona.cat\\\/ca\\\/aturem-llgtbi-fobia\\\/#primaryimage\",\"url\":\"https:\\\/\\\/www.sindicaturabarcelona.cat\\\/wp-content\\\/uploads\\\/2022\\\/08\\\/LGTBIfobia.jpg\",\"contentUrl\":\"https:\\\/\\\/www.sindicaturabarcelona.cat\\\/wp-content\\\/uploads\\\/2022\\\/08\\\/LGTBIfobia.jpg\",\"width\":1820,\"height\":1024,\"caption\":\"LGTBIfobia\"},{\"@type\":\"BreadcrumbList\",\"@id\":\"https:\\\/\\\/www.sindicaturabarcelona.cat\\\/ca\\\/aturem-llgtbi-fobia\\\/#breadcrumb\",\"itemListElement\":[{\"@type\":\"ListItem\",\"position\":1,\"name\":\"Inici\",\"item\":\"https:\\\/\\\/www.sindicaturabarcelona.cat\\\/ca\\\/\"},{\"@type\":\"ListItem\",\"position\":2,\"name\":\"Aturem l&#8217;LGTBI-f\u00f2bia\"}]},{\"@type\":\"WebSite\",\"@id\":\"https:\\\/\\\/www.sindicaturabarcelona.cat\\\/ca\\\/#website\",\"url\":\"https:\\\/\\\/www.sindicaturabarcelona.cat\\\/ca\\\/\",\"name\":\"Sindicatura de Greuges de Barcelona\",\"description\":\"La defensoria dels teus drets\",\"publisher\":{\"@id\":\"https:\\\/\\\/www.sindicaturabarcelona.cat\\\/ca\\\/#organization\"},\"potentialAction\":[{\"@type\":\"SearchAction\",\"target\":{\"@type\":\"EntryPoint\",\"urlTemplate\":\"https:\\\/\\\/www.sindicaturabarcelona.cat\\\/ca\\\/?s={search_term_string}\"},\"query-input\":{\"@type\":\"PropertyValueSpecification\",\"valueRequired\":true,\"valueName\":\"search_term_string\"}}],\"inLanguage\":\"ca\"},{\"@type\":\"Organization\",\"@id\":\"https:\\\/\\\/www.sindicaturabarcelona.cat\\\/ca\\\/#organization\",\"name\":\"Sindicatura de Greuges de Barcelona\",\"url\":\"https:\\\/\\\/www.sindicaturabarcelona.cat\\\/ca\\\/\",\"logo\":{\"@type\":\"ImageObject\",\"inLanguage\":\"ca\",\"@id\":\"https:\\\/\\\/www.sindicaturabarcelona.cat\\\/ca\\\/#\\\/schema\\\/logo\\\/image\\\/\",\"url\":\"https:\\\/\\\/www.sindicaturabarcelona.cat\\\/wp-content\\\/uploads\\\/2023\\\/02\\\/logo_sindicatura.svg\",\"contentUrl\":\"https:\\\/\\\/www.sindicaturabarcelona.cat\\\/wp-content\\\/uploads\\\/2023\\\/02\\\/logo_sindicatura.svg\",\"caption\":\"Sindicatura de Greuges de Barcelona\"},\"image\":{\"@id\":\"https:\\\/\\\/www.sindicaturabarcelona.cat\\\/ca\\\/#\\\/schema\\\/logo\\\/image\\\/\"},\"sameAs\":[\"https:\\\/\\\/x.com\\\/sindicbarcelona\",\"https:\\\/\\\/www.instagram.com\\\/sindicbarcelona\\\/\",\"https:\\\/\\\/www.tiktok.com\\\/@sindicaturabcn\",\"https:\\\/\\\/t.me\\\/sindicaturabarcelona\"]},{\"@type\":\"Person\",\"@id\":\"https:\\\/\\\/www.sindicaturabarcelona.cat\\\/ca\\\/#\\\/schema\\\/person\\\/0e5acffc350ffdbc97578159322c9452\",\"name\":\"Pablo\",\"image\":{\"@type\":\"ImageObject\",\"inLanguage\":\"ca\",\"@id\":\"https:\\\/\\\/secure.gravatar.com\\\/avatar\\\/c948169b402ef9492afde705c3dfd5e90e1a6a84ef6840a91124f805a25a480f?s=96&d=mm&r=g\",\"url\":\"https:\\\/\\\/secure.gravatar.com\\\/avatar\\\/c948169b402ef9492afde705c3dfd5e90e1a6a84ef6840a91124f805a25a480f?s=96&d=mm&r=g\",\"contentUrl\":\"https:\\\/\\\/secure.gravatar.com\\\/avatar\\\/c948169b402ef9492afde705c3dfd5e90e1a6a84ef6840a91124f805a25a480f?s=96&d=mm&r=g\",\"caption\":\"Pablo\"},\"url\":\"https:\\\/\\\/www.sindicaturabarcelona.cat\\\/ca\\\/author\\\/pablo\\\/\"}]}<\/script>\n<!-- \/ Yoast SEO plugin. -->","yoast_head_json":{"title":"Aturem l'LGTBI-f\u00f2bia - Sindicatura de Greuges de Barcelona","description":"Ens trobem davant d\u2019una nova agressi\u00f3 hom\u00f2foba a la nostra ciutat. La Sindicatura vol compartir unes reflexions al voltant de la viol\u00e8ncia que pateixen les persones LGTBI+.","robots":{"index":"index","follow":"follow","max-snippet":"max-snippet:-1","max-image-preview":"max-image-preview:large","max-video-preview":"max-video-preview:-1"},"canonical":"https:\/\/www.sindicaturabarcelona.cat\/ca\/aturem-llgtbi-fobia\/","og_locale":"ca_ES","og_type":"article","og_title":"Aturem l'LGTBI-f\u00f2bia - Sindicatura de Greuges de Barcelona","og_description":"Ens trobem davant d\u2019una nova agressi\u00f3 hom\u00f2foba a la nostra ciutat. La Sindicatura vol compartir unes reflexions al voltant de la viol\u00e8ncia que pateixen les persones LGTBI+.","og_url":"https:\/\/www.sindicaturabarcelona.cat\/ca\/aturem-llgtbi-fobia\/","og_site_name":"Sindicatura de Greuges de Barcelona","article_published_time":"2022-08-10T09:25:45+00:00","article_modified_time":"2023-05-11T11:04:44+00:00","og_image":[{"width":1820,"height":1024,"url":"https:\/\/www.sindicaturabarcelona.cat\/wp-content\/uploads\/2022\/08\/LGTBIfobia.jpg","type":"image\/jpeg"}],"author":"Pablo","twitter_card":"summary_large_image","twitter_creator":"@sindicbarcelona","twitter_site":"@sindicbarcelona","twitter_misc":{"Escrit per":"Pablo","Temps estimat de lectura":"3 minuts"},"schema":{"@context":"https:\/\/schema.org","@graph":[{"@type":"Article","@id":"https:\/\/www.sindicaturabarcelona.cat\/ca\/aturem-llgtbi-fobia\/#article","isPartOf":{"@id":"https:\/\/www.sindicaturabarcelona.cat\/ca\/aturem-llgtbi-fobia\/"},"author":{"name":"Pablo","@id":"https:\/\/www.sindicaturabarcelona.cat\/ca\/#\/schema\/person\/0e5acffc350ffdbc97578159322c9452"},"headline":"Aturem l&#8217;LGTBI-f\u00f2bia","datePublished":"2022-08-10T09:25:45+00:00","dateModified":"2023-05-11T11:04:44+00:00","mainEntityOfPage":{"@id":"https:\/\/www.sindicaturabarcelona.cat\/ca\/aturem-llgtbi-fobia\/"},"wordCount":552,"publisher":{"@id":"https:\/\/www.sindicaturabarcelona.cat\/ca\/#organization"},"image":{"@id":"https:\/\/www.sindicaturabarcelona.cat\/ca\/aturem-llgtbi-fobia\/#primaryimage"},"thumbnailUrl":"https:\/\/www.sindicaturabarcelona.cat\/wp-content\/uploads\/2022\/08\/LGTBIfobia.jpg","articleSection":["Uncategorized @ca"],"inLanguage":"ca"},{"@type":"WebPage","@id":"https:\/\/www.sindicaturabarcelona.cat\/ca\/aturem-llgtbi-fobia\/","url":"https:\/\/www.sindicaturabarcelona.cat\/ca\/aturem-llgtbi-fobia\/","name":"Aturem l'LGTBI-f\u00f2bia - Sindicatura de Greuges de Barcelona","isPartOf":{"@id":"https:\/\/www.sindicaturabarcelona.cat\/ca\/#website"},"primaryImageOfPage":{"@id":"https:\/\/www.sindicaturabarcelona.cat\/ca\/aturem-llgtbi-fobia\/#primaryimage"},"image":{"@id":"https:\/\/www.sindicaturabarcelona.cat\/ca\/aturem-llgtbi-fobia\/#primaryimage"},"thumbnailUrl":"https:\/\/www.sindicaturabarcelona.cat\/wp-content\/uploads\/2022\/08\/LGTBIfobia.jpg","datePublished":"2022-08-10T09:25:45+00:00","dateModified":"2023-05-11T11:04:44+00:00","description":"Ens trobem davant d\u2019una nova agressi\u00f3 hom\u00f2foba a la nostra ciutat. La Sindicatura vol compartir unes reflexions al voltant de la viol\u00e8ncia que pateixen les persones LGTBI+.","breadcrumb":{"@id":"https:\/\/www.sindicaturabarcelona.cat\/ca\/aturem-llgtbi-fobia\/#breadcrumb"},"inLanguage":"ca","potentialAction":[{"@type":"ReadAction","target":["https:\/\/www.sindicaturabarcelona.cat\/ca\/aturem-llgtbi-fobia\/"]}]},{"@type":"ImageObject","inLanguage":"ca","@id":"https:\/\/www.sindicaturabarcelona.cat\/ca\/aturem-llgtbi-fobia\/#primaryimage","url":"https:\/\/www.sindicaturabarcelona.cat\/wp-content\/uploads\/2022\/08\/LGTBIfobia.jpg","contentUrl":"https:\/\/www.sindicaturabarcelona.cat\/wp-content\/uploads\/2022\/08\/LGTBIfobia.jpg","width":1820,"height":1024,"caption":"LGTBIfobia"},{"@type":"BreadcrumbList","@id":"https:\/\/www.sindicaturabarcelona.cat\/ca\/aturem-llgtbi-fobia\/#breadcrumb","itemListElement":[{"@type":"ListItem","position":1,"name":"Inici","item":"https:\/\/www.sindicaturabarcelona.cat\/ca\/"},{"@type":"ListItem","position":2,"name":"Aturem l&#8217;LGTBI-f\u00f2bia"}]},{"@type":"WebSite","@id":"https:\/\/www.sindicaturabarcelona.cat\/ca\/#website","url":"https:\/\/www.sindicaturabarcelona.cat\/ca\/","name":"Sindicatura de Greuges de Barcelona","description":"La defensoria dels teus drets","publisher":{"@id":"https:\/\/www.sindicaturabarcelona.cat\/ca\/#organization"},"potentialAction":[{"@type":"SearchAction","target":{"@type":"EntryPoint","urlTemplate":"https:\/\/www.sindicaturabarcelona.cat\/ca\/?s={search_term_string}"},"query-input":{"@type":"PropertyValueSpecification","valueRequired":true,"valueName":"search_term_string"}}],"inLanguage":"ca"},{"@type":"Organization","@id":"https:\/\/www.sindicaturabarcelona.cat\/ca\/#organization","name":"Sindicatura de Greuges de Barcelona","url":"https:\/\/www.sindicaturabarcelona.cat\/ca\/","logo":{"@type":"ImageObject","inLanguage":"ca","@id":"https:\/\/www.sindicaturabarcelona.cat\/ca\/#\/schema\/logo\/image\/","url":"https:\/\/www.sindicaturabarcelona.cat\/wp-content\/uploads\/2023\/02\/logo_sindicatura.svg","contentUrl":"https:\/\/www.sindicaturabarcelona.cat\/wp-content\/uploads\/2023\/02\/logo_sindicatura.svg","caption":"Sindicatura de Greuges de Barcelona"},"image":{"@id":"https:\/\/www.sindicaturabarcelona.cat\/ca\/#\/schema\/logo\/image\/"},"sameAs":["https:\/\/x.com\/sindicbarcelona","https:\/\/www.instagram.com\/sindicbarcelona\/","https:\/\/www.tiktok.com\/@sindicaturabcn","https:\/\/t.me\/sindicaturabarcelona"]},{"@type":"Person","@id":"https:\/\/www.sindicaturabarcelona.cat\/ca\/#\/schema\/person\/0e5acffc350ffdbc97578159322c9452","name":"Pablo","image":{"@type":"ImageObject","inLanguage":"ca","@id":"https:\/\/secure.gravatar.com\/avatar\/c948169b402ef9492afde705c3dfd5e90e1a6a84ef6840a91124f805a25a480f?s=96&d=mm&r=g","url":"https:\/\/secure.gravatar.com\/avatar\/c948169b402ef9492afde705c3dfd5e90e1a6a84ef6840a91124f805a25a480f?s=96&d=mm&r=g","contentUrl":"https:\/\/secure.gravatar.com\/avatar\/c948169b402ef9492afde705c3dfd5e90e1a6a84ef6840a91124f805a25a480f?s=96&d=mm&r=g","caption":"Pablo"},"url":"https:\/\/www.sindicaturabarcelona.cat\/ca\/author\/pablo\/"}]}},"_links":{"self":[{"href":"https:\/\/www.sindicaturabarcelona.cat\/ca\/wp-json\/wp\/v2\/posts\/14727","targetHints":{"allow":["GET"]}}],"collection":[{"href":"https:\/\/www.sindicaturabarcelona.cat\/ca\/wp-json\/wp\/v2\/posts"}],"about":[{"href":"https:\/\/www.sindicaturabarcelona.cat\/ca\/wp-json\/wp\/v2\/types\/post"}],"author":[{"embeddable":true,"href":"https:\/\/www.sindicaturabarcelona.cat\/ca\/wp-json\/wp\/v2\/users\/2"}],"replies":[{"embeddable":true,"href":"https:\/\/www.sindicaturabarcelona.cat\/ca\/wp-json\/wp\/v2\/comments?post=14727"}],"version-history":[{"count":0,"href":"https:\/\/www.sindicaturabarcelona.cat\/ca\/wp-json\/wp\/v2\/posts\/14727\/revisions"}],"wp:featuredmedia":[{"embeddable":true,"href":"https:\/\/www.sindicaturabarcelona.cat\/ca\/wp-json\/wp\/v2\/media\/14728"}],"wp:attachment":[{"href":"https:\/\/www.sindicaturabarcelona.cat\/ca\/wp-json\/wp\/v2\/media?parent=14727"}],"wp:term":[{"taxonomy":"post_tag","embeddable":true,"href":"https:\/\/www.sindicaturabarcelona.cat\/ca\/wp-json\/wp\/v2\/tags?post=14727"},{"taxonomy":"drets","embeddable":true,"href":"https:\/\/www.sindicaturabarcelona.cat\/ca\/wp-json\/wp\/v2\/drets?post=14727"}],"curies":[{"name":"wp","href":"https:\/\/api.w.org\/{rel}","templated":true}]}}