{"id":14633,"date":"2022-08-05T13:08:43","date_gmt":"2022-08-05T11:08:43","guid":{"rendered":"https:\/\/www.sindicaturabarcelona.cat\/?p=14633"},"modified":"2022-08-05T13:19:03","modified_gmt":"2022-08-05T11:19:03","slug":"el-barri-de-la-barceloneta-la-darrera-visita-a-peu-de-carrer-de-la-sindicatura-de-greuges-de-barcelona","status":"publish","type":"post","link":"https:\/\/www.sindicaturabarcelona.cat\/ca\/el-barri-de-la-barceloneta-la-darrera-visita-a-peu-de-carrer-de-la-sindicatura-de-greuges-de-barcelona\/","title":{"rendered":"El barri de la Barceloneta, la darrera visita &#8216;A peu de carrer&#8217; de la Sindicatura de Greuges de Barcelona"},"content":{"rendered":"\n<p class=\"has-text-align-justify\">El s\u00edndic de greuges de Barcelona, David Bondia, i membres del seu equip, han visitat el barri mariner de la Barceloneta a finals de juliol per copsar les principals demandes de la zona.<\/p>\n\n\n\n<p class=\"has-text-align-justify\"><strong>Aquesta visita de la <a aria-label=\"Sindicatura (opens in a new tab)\" href=\"https:\/\/www.sindicaturabarcelona.cat\/\" target=\"_blank\" rel=\"noreferrer noopener\" class=\"ek-link\">Sindicatura<\/a> est\u00e0 emmarcada en el projecte <em>A peu de carrer<\/em><\/strong>, iniciativa implementada des d\u2019aquest any 2022. <strong>Aquest programa t\u00e9 els objectius d\u2019acostar la instituci\u00f3 al ve\u00efnat dels 73 barris de la ciutat i fer una Sindicatura itinerant<\/strong>, que s\u2019apropi a la ciutadania, al teixit associatiu i al teixit empresarial, ja que \u00e9s la manera de con\u00e8ixer i intervenir en les problem\u00e0tiques dels ve\u00efns i ve\u00efnes de la ciutat.<\/p>\n\n\n\n<p class=\"has-text-align-justify\">La jornada ha comen\u00e7at amb una passejada pel barri amb les representants ve\u00efnals de <a href=\"http:\/\/www.aavvbarceloneta.cat\/ca\" target=\"_blank\" aria-label=\"l\u2019AVV Barceloneta: (opens in a new tab)\" rel=\"noreferrer noopener\" class=\"ek-link\"><strong>l\u2019AVV Barceloneta<\/strong>:<\/a> Carme Piera (presidenta), Manel Mart\u00ednez (vicepresident) i Carme Tom\u00e0s (vocal). En primer terme, han mostrat una s\u00e8rie d\u2019<strong>edificis en mal estat de conservaci\u00f3 i sense \u00fas<\/strong>: l\u2019edifici de l\u2019antiga Cl\u00ednica Barceloneta; l\u2019antiga escola del carrer Rector Bruguera; l\u2019edificaci\u00f3 de l\u2019Escola Sant Joan Baptista, i l\u2019antiga Cooperativa del Segle XX del carrer Ginebra. En aquest \u00faltim, recentment s\u2019ha comen\u00e7at a treballar.<\/p>\n\n\n\n<p class=\"has-text-align-justify\">Des de l\u2019AVV Barceloneta tamb\u00e9 reclamen dues accions municipals des de fa anys: <strong>l\u2019ampliaci\u00f3 del bus de barri n\u00famero 120<\/strong> amb l\u2019objectiu que arribi fins a l\u2019ambulatori actual (prevista des de l\u2019any 2012), i la <strong>construcci\u00f3 del nou ambulatori<\/strong>, en qu\u00e8 denuncien que el Districte no el prioritza i avan\u00e7a l\u2019execuci\u00f3 d\u2019altres projectes abans que aquest.<\/p>\n\n\n\n<p class=\"has-text-align-justify\">Per \u00faltim, les representants ve\u00efnals han traslladat un l<strong>listat de temes que preocupen als habitants del barri<\/strong>: l\u2019estat dels paviments de carrers, places i parcs; la brut\u00edcia originada pels comportaments inc\u00edvics; l\u2019abs\u00e8ncia de lavabos p\u00fablics; la contaminaci\u00f3 ac\u00fastica causada pels botellots; el repunt actual dels habitatges d\u2019\u00fas tur\u00edstic; la gesti\u00f3 del turisme en l\u2019espai p\u00fablic; la p\u00e8rdua del comer\u00e7 local al barri, i la manca d\u2019habitatges socials per a les persones ve\u00efnes de la Barceloneta.<\/p>\n\n\n\n<p class=\"has-text-align-justify\">L\u2019<em>A peu de carrer<\/em> va concloure amb una trobada amb la <strong><a href=\"https:\/\/www.cpbarna.com\/\" target=\"_blank\" aria-label=\"Confraria de Pescadors (opens in a new tab)\" rel=\"noreferrer noopener\" class=\"ek-link\">Confraria de Pescadors<\/a> al Moll del Rellotge<\/strong>. Els representants d\u2019aquest sector <strong>reivindiquen m\u00e9s implicaci\u00f3 del consistori en la visibilitzaci\u00f3 de la pesca i de la marca del peix de Barcelona, aix\u00ed com la intervenci\u00f3 municipal en la gesti\u00f3 dels residus que hi ha al mig del mar, i que actualm<\/strong>ent se\u2019n fan c\u00e0rrec les mateixes embarcacions de pesca.<\/p>\n\n\n\n<p class=\"has-text-align-justify\">La Sindicatura de Greuges de Barcelona analitzar\u00e0 totes aquestes demandes de millora i emetr\u00e0 un informe de barri al Districte de Ciutat Vella, amb l\u2019objectiu de saber quina \u00e9s l\u2019actual estrat\u00e8gia d\u2019actuaci\u00f3 en aquests \u00e0mbits i poder trobar solucions i respostes als reclams ve\u00efnals de la Barceloneta.<\/p>\n","protected":false},"excerpt":{"rendered":"<p>El s\u00edndic de greuges de Barcelona, David Bondia, i membres del seu equip, han visitat el barri mariner de la Barceloneta a finals de juliol per copsar les principals demandes [&hellip;]<\/p>\n","protected":false},"author":2,"featured_media":14634,"comment_status":"closed","ping_status":"open","sticky":false,"template":"","format":"standard","meta":{"_acf_changed":false,"footnotes":""},"tags":[],"drets":[],"class_list":["post-14633","post","type-post","status-publish","format-standard","has-post-thumbnail","hentry"],"acf":[],"yoast_head":"<!-- This site is optimized with the Yoast SEO plugin v27.5 - https:\/\/yoast.com\/product\/yoast-seo-wordpress\/ -->\n<title>El barri de la Barceloneta, la darrera visita &#039;A peu de carrer&#039; de la Sindicatura de Greuges de Barcelona - Sindicatura de Greuges de Barcelona<\/title>\n<meta name=\"description\" content=\"David Bondia i membres de l&#039;equip han visitat el barri mariner de la Barceloneta per copsar les principals demandes de la zona.\" \/>\n<meta name=\"robots\" content=\"index, follow, max-snippet:-1, max-image-preview:large, max-video-preview:-1\" \/>\n<link rel=\"canonical\" href=\"https:\/\/www.sindicaturabarcelona.cat\/ca\/el-barri-de-la-barceloneta-la-darrera-visita-a-peu-de-carrer-de-la-sindicatura-de-greuges-de-barcelona\/\" \/>\n<meta property=\"og:locale\" content=\"ca_ES\" \/>\n<meta property=\"og:type\" content=\"article\" \/>\n<meta property=\"og:title\" content=\"El barri de la Barceloneta, la darrera visita &#039;A peu de carrer&#039; de la Sindicatura de Greuges de Barcelona - Sindicatura de Greuges de Barcelona\" \/>\n<meta property=\"og:description\" content=\"David Bondia i membres de l&#039;equip han visitat el barri mariner de la Barceloneta per copsar les principals demandes de la zona.\" \/>\n<meta property=\"og:url\" content=\"https:\/\/www.sindicaturabarcelona.cat\/ca\/el-barri-de-la-barceloneta-la-darrera-visita-a-peu-de-carrer-de-la-sindicatura-de-greuges-de-barcelona\/\" \/>\n<meta property=\"og:site_name\" content=\"Sindicatura de Greuges de Barcelona\" \/>\n<meta property=\"article:published_time\" content=\"2022-08-05T11:08:43+00:00\" \/>\n<meta property=\"article:modified_time\" content=\"2022-08-05T11:19:03+00:00\" \/>\n<meta property=\"og:image\" content=\"https:\/\/www.sindicaturabarcelona.cat\/wp-content\/uploads\/2022\/08\/FYu6KunXoAAJzWF.jpeg\" \/>\n\t<meta property=\"og:image:width\" content=\"2048\" \/>\n\t<meta property=\"og:image:height\" content=\"1365\" \/>\n\t<meta property=\"og:image:type\" content=\"image\/jpeg\" \/>\n<meta name=\"author\" content=\"Pablo\" \/>\n<meta name=\"twitter:card\" content=\"summary_large_image\" \/>\n<meta name=\"twitter:creator\" content=\"@sindicbarcelona\" \/>\n<meta name=\"twitter:site\" content=\"@sindicbarcelona\" \/>\n<meta name=\"twitter:label1\" content=\"Escrit per\" \/>\n\t<meta name=\"twitter:data1\" content=\"Pablo\" \/>\n\t<meta name=\"twitter:label2\" content=\"Temps estimat de lectura\" \/>\n\t<meta name=\"twitter:data2\" content=\"3 minuts\" \/>\n<script type=\"application\/ld+json\" class=\"yoast-schema-graph\">{\"@context\":\"https:\\\/\\\/schema.org\",\"@graph\":[{\"@type\":\"Article\",\"@id\":\"https:\\\/\\\/www.sindicaturabarcelona.cat\\\/ca\\\/el-barri-de-la-barceloneta-la-darrera-visita-a-peu-de-carrer-de-la-sindicatura-de-greuges-de-barcelona\\\/#article\",\"isPartOf\":{\"@id\":\"https:\\\/\\\/www.sindicaturabarcelona.cat\\\/ca\\\/el-barri-de-la-barceloneta-la-darrera-visita-a-peu-de-carrer-de-la-sindicatura-de-greuges-de-barcelona\\\/\"},\"author\":{\"name\":\"Pablo\",\"@id\":\"https:\\\/\\\/www.sindicaturabarcelona.cat\\\/ca\\\/#\\\/schema\\\/person\\\/0e5acffc350ffdbc97578159322c9452\"},\"headline\":\"El barri de la Barceloneta, la darrera visita &#8216;A peu de carrer&#8217; de la Sindicatura de Greuges de Barcelona\",\"datePublished\":\"2022-08-05T11:08:43+00:00\",\"dateModified\":\"2022-08-05T11:19:03+00:00\",\"mainEntityOfPage\":{\"@id\":\"https:\\\/\\\/www.sindicaturabarcelona.cat\\\/ca\\\/el-barri-de-la-barceloneta-la-darrera-visita-a-peu-de-carrer-de-la-sindicatura-de-greuges-de-barcelona\\\/\"},\"wordCount\":502,\"publisher\":{\"@id\":\"https:\\\/\\\/www.sindicaturabarcelona.cat\\\/ca\\\/#organization\"},\"image\":{\"@id\":\"https:\\\/\\\/www.sindicaturabarcelona.cat\\\/ca\\\/el-barri-de-la-barceloneta-la-darrera-visita-a-peu-de-carrer-de-la-sindicatura-de-greuges-de-barcelona\\\/#primaryimage\"},\"thumbnailUrl\":\"https:\\\/\\\/www.sindicaturabarcelona.cat\\\/wp-content\\\/uploads\\\/2022\\\/08\\\/FYu6KunXoAAJzWF.jpeg\",\"inLanguage\":\"ca\"},{\"@type\":\"WebPage\",\"@id\":\"https:\\\/\\\/www.sindicaturabarcelona.cat\\\/ca\\\/el-barri-de-la-barceloneta-la-darrera-visita-a-peu-de-carrer-de-la-sindicatura-de-greuges-de-barcelona\\\/\",\"url\":\"https:\\\/\\\/www.sindicaturabarcelona.cat\\\/ca\\\/el-barri-de-la-barceloneta-la-darrera-visita-a-peu-de-carrer-de-la-sindicatura-de-greuges-de-barcelona\\\/\",\"name\":\"El barri de la Barceloneta, la darrera visita 'A peu de carrer' de la Sindicatura de Greuges de Barcelona - Sindicatura de Greuges de Barcelona\",\"isPartOf\":{\"@id\":\"https:\\\/\\\/www.sindicaturabarcelona.cat\\\/ca\\\/#website\"},\"primaryImageOfPage\":{\"@id\":\"https:\\\/\\\/www.sindicaturabarcelona.cat\\\/ca\\\/el-barri-de-la-barceloneta-la-darrera-visita-a-peu-de-carrer-de-la-sindicatura-de-greuges-de-barcelona\\\/#primaryimage\"},\"image\":{\"@id\":\"https:\\\/\\\/www.sindicaturabarcelona.cat\\\/ca\\\/el-barri-de-la-barceloneta-la-darrera-visita-a-peu-de-carrer-de-la-sindicatura-de-greuges-de-barcelona\\\/#primaryimage\"},\"thumbnailUrl\":\"https:\\\/\\\/www.sindicaturabarcelona.cat\\\/wp-content\\\/uploads\\\/2022\\\/08\\\/FYu6KunXoAAJzWF.jpeg\",\"datePublished\":\"2022-08-05T11:08:43+00:00\",\"dateModified\":\"2022-08-05T11:19:03+00:00\",\"description\":\"David Bondia i membres de l'equip han visitat el barri mariner de la Barceloneta per copsar les principals demandes de la zona.\",\"breadcrumb\":{\"@id\":\"https:\\\/\\\/www.sindicaturabarcelona.cat\\\/ca\\\/el-barri-de-la-barceloneta-la-darrera-visita-a-peu-de-carrer-de-la-sindicatura-de-greuges-de-barcelona\\\/#breadcrumb\"},\"inLanguage\":\"ca\",\"potentialAction\":[{\"@type\":\"ReadAction\",\"target\":[\"https:\\\/\\\/www.sindicaturabarcelona.cat\\\/ca\\\/el-barri-de-la-barceloneta-la-darrera-visita-a-peu-de-carrer-de-la-sindicatura-de-greuges-de-barcelona\\\/\"]}]},{\"@type\":\"ImageObject\",\"inLanguage\":\"ca\",\"@id\":\"https:\\\/\\\/www.sindicaturabarcelona.cat\\\/ca\\\/el-barri-de-la-barceloneta-la-darrera-visita-a-peu-de-carrer-de-la-sindicatura-de-greuges-de-barcelona\\\/#primaryimage\",\"url\":\"https:\\\/\\\/www.sindicaturabarcelona.cat\\\/wp-content\\\/uploads\\\/2022\\\/08\\\/FYu6KunXoAAJzWF.jpeg\",\"contentUrl\":\"https:\\\/\\\/www.sindicaturabarcelona.cat\\\/wp-content\\\/uploads\\\/2022\\\/08\\\/FYu6KunXoAAJzWF.jpeg\",\"width\":2048,\"height\":1365,\"caption\":\"A peu de carrer Barceloneta\"},{\"@type\":\"BreadcrumbList\",\"@id\":\"https:\\\/\\\/www.sindicaturabarcelona.cat\\\/ca\\\/el-barri-de-la-barceloneta-la-darrera-visita-a-peu-de-carrer-de-la-sindicatura-de-greuges-de-barcelona\\\/#breadcrumb\",\"itemListElement\":[{\"@type\":\"ListItem\",\"position\":1,\"name\":\"Inici\",\"item\":\"https:\\\/\\\/www.sindicaturabarcelona.cat\\\/ca\\\/\"},{\"@type\":\"ListItem\",\"position\":2,\"name\":\"El barri de la Barceloneta, la darrera visita &#8216;A peu de carrer&#8217; de la Sindicatura de Greuges de Barcelona\"}]},{\"@type\":\"WebSite\",\"@id\":\"https:\\\/\\\/www.sindicaturabarcelona.cat\\\/ca\\\/#website\",\"url\":\"https:\\\/\\\/www.sindicaturabarcelona.cat\\\/ca\\\/\",\"name\":\"Sindicatura de Greuges de Barcelona\",\"description\":\"La defensoria dels teus drets\",\"publisher\":{\"@id\":\"https:\\\/\\\/www.sindicaturabarcelona.cat\\\/ca\\\/#organization\"},\"potentialAction\":[{\"@type\":\"SearchAction\",\"target\":{\"@type\":\"EntryPoint\",\"urlTemplate\":\"https:\\\/\\\/www.sindicaturabarcelona.cat\\\/ca\\\/?s={search_term_string}\"},\"query-input\":{\"@type\":\"PropertyValueSpecification\",\"valueRequired\":true,\"valueName\":\"search_term_string\"}}],\"inLanguage\":\"ca\"},{\"@type\":\"Organization\",\"@id\":\"https:\\\/\\\/www.sindicaturabarcelona.cat\\\/ca\\\/#organization\",\"name\":\"Sindicatura de Greuges de Barcelona\",\"url\":\"https:\\\/\\\/www.sindicaturabarcelona.cat\\\/ca\\\/\",\"logo\":{\"@type\":\"ImageObject\",\"inLanguage\":\"ca\",\"@id\":\"https:\\\/\\\/www.sindicaturabarcelona.cat\\\/ca\\\/#\\\/schema\\\/logo\\\/image\\\/\",\"url\":\"https:\\\/\\\/www.sindicaturabarcelona.cat\\\/wp-content\\\/uploads\\\/2023\\\/02\\\/logo_sindicatura.svg\",\"contentUrl\":\"https:\\\/\\\/www.sindicaturabarcelona.cat\\\/wp-content\\\/uploads\\\/2023\\\/02\\\/logo_sindicatura.svg\",\"caption\":\"Sindicatura de Greuges de Barcelona\"},\"image\":{\"@id\":\"https:\\\/\\\/www.sindicaturabarcelona.cat\\\/ca\\\/#\\\/schema\\\/logo\\\/image\\\/\"},\"sameAs\":[\"https:\\\/\\\/x.com\\\/sindicbarcelona\",\"https:\\\/\\\/www.instagram.com\\\/sindicbarcelona\\\/\",\"https:\\\/\\\/www.tiktok.com\\\/@sindicaturabcn\",\"https:\\\/\\\/t.me\\\/sindicaturabarcelona\"]},{\"@type\":\"Person\",\"@id\":\"https:\\\/\\\/www.sindicaturabarcelona.cat\\\/ca\\\/#\\\/schema\\\/person\\\/0e5acffc350ffdbc97578159322c9452\",\"name\":\"Pablo\",\"image\":{\"@type\":\"ImageObject\",\"inLanguage\":\"ca\",\"@id\":\"https:\\\/\\\/secure.gravatar.com\\\/avatar\\\/c948169b402ef9492afde705c3dfd5e90e1a6a84ef6840a91124f805a25a480f?s=96&d=mm&r=g\",\"url\":\"https:\\\/\\\/secure.gravatar.com\\\/avatar\\\/c948169b402ef9492afde705c3dfd5e90e1a6a84ef6840a91124f805a25a480f?s=96&d=mm&r=g\",\"contentUrl\":\"https:\\\/\\\/secure.gravatar.com\\\/avatar\\\/c948169b402ef9492afde705c3dfd5e90e1a6a84ef6840a91124f805a25a480f?s=96&d=mm&r=g\",\"caption\":\"Pablo\"},\"url\":\"https:\\\/\\\/www.sindicaturabarcelona.cat\\\/ca\\\/author\\\/pablo\\\/\"}]}<\/script>\n<!-- \/ Yoast SEO plugin. -->","yoast_head_json":{"title":"El barri de la Barceloneta, la darrera visita 'A peu de carrer' de la Sindicatura de Greuges de Barcelona - Sindicatura de Greuges de Barcelona","description":"David Bondia i membres de l'equip han visitat el barri mariner de la Barceloneta per copsar les principals demandes de la zona.","robots":{"index":"index","follow":"follow","max-snippet":"max-snippet:-1","max-image-preview":"max-image-preview:large","max-video-preview":"max-video-preview:-1"},"canonical":"https:\/\/www.sindicaturabarcelona.cat\/ca\/el-barri-de-la-barceloneta-la-darrera-visita-a-peu-de-carrer-de-la-sindicatura-de-greuges-de-barcelona\/","og_locale":"ca_ES","og_type":"article","og_title":"El barri de la Barceloneta, la darrera visita 'A peu de carrer' de la Sindicatura de Greuges de Barcelona - Sindicatura de Greuges de Barcelona","og_description":"David Bondia i membres de l'equip han visitat el barri mariner de la Barceloneta per copsar les principals demandes de la zona.","og_url":"https:\/\/www.sindicaturabarcelona.cat\/ca\/el-barri-de-la-barceloneta-la-darrera-visita-a-peu-de-carrer-de-la-sindicatura-de-greuges-de-barcelona\/","og_site_name":"Sindicatura de Greuges de Barcelona","article_published_time":"2022-08-05T11:08:43+00:00","article_modified_time":"2022-08-05T11:19:03+00:00","og_image":[{"width":2048,"height":1365,"url":"https:\/\/www.sindicaturabarcelona.cat\/wp-content\/uploads\/2022\/08\/FYu6KunXoAAJzWF.jpeg","type":"image\/jpeg"}],"author":"Pablo","twitter_card":"summary_large_image","twitter_creator":"@sindicbarcelona","twitter_site":"@sindicbarcelona","twitter_misc":{"Escrit per":"Pablo","Temps estimat de lectura":"3 minuts"},"schema":{"@context":"https:\/\/schema.org","@graph":[{"@type":"Article","@id":"https:\/\/www.sindicaturabarcelona.cat\/ca\/el-barri-de-la-barceloneta-la-darrera-visita-a-peu-de-carrer-de-la-sindicatura-de-greuges-de-barcelona\/#article","isPartOf":{"@id":"https:\/\/www.sindicaturabarcelona.cat\/ca\/el-barri-de-la-barceloneta-la-darrera-visita-a-peu-de-carrer-de-la-sindicatura-de-greuges-de-barcelona\/"},"author":{"name":"Pablo","@id":"https:\/\/www.sindicaturabarcelona.cat\/ca\/#\/schema\/person\/0e5acffc350ffdbc97578159322c9452"},"headline":"El barri de la Barceloneta, la darrera visita &#8216;A peu de carrer&#8217; de la Sindicatura de Greuges de Barcelona","datePublished":"2022-08-05T11:08:43+00:00","dateModified":"2022-08-05T11:19:03+00:00","mainEntityOfPage":{"@id":"https:\/\/www.sindicaturabarcelona.cat\/ca\/el-barri-de-la-barceloneta-la-darrera-visita-a-peu-de-carrer-de-la-sindicatura-de-greuges-de-barcelona\/"},"wordCount":502,"publisher":{"@id":"https:\/\/www.sindicaturabarcelona.cat\/ca\/#organization"},"image":{"@id":"https:\/\/www.sindicaturabarcelona.cat\/ca\/el-barri-de-la-barceloneta-la-darrera-visita-a-peu-de-carrer-de-la-sindicatura-de-greuges-de-barcelona\/#primaryimage"},"thumbnailUrl":"https:\/\/www.sindicaturabarcelona.cat\/wp-content\/uploads\/2022\/08\/FYu6KunXoAAJzWF.jpeg","inLanguage":"ca"},{"@type":"WebPage","@id":"https:\/\/www.sindicaturabarcelona.cat\/ca\/el-barri-de-la-barceloneta-la-darrera-visita-a-peu-de-carrer-de-la-sindicatura-de-greuges-de-barcelona\/","url":"https:\/\/www.sindicaturabarcelona.cat\/ca\/el-barri-de-la-barceloneta-la-darrera-visita-a-peu-de-carrer-de-la-sindicatura-de-greuges-de-barcelona\/","name":"El barri de la Barceloneta, la darrera visita 'A peu de carrer' de la Sindicatura de Greuges de Barcelona - Sindicatura de Greuges de Barcelona","isPartOf":{"@id":"https:\/\/www.sindicaturabarcelona.cat\/ca\/#website"},"primaryImageOfPage":{"@id":"https:\/\/www.sindicaturabarcelona.cat\/ca\/el-barri-de-la-barceloneta-la-darrera-visita-a-peu-de-carrer-de-la-sindicatura-de-greuges-de-barcelona\/#primaryimage"},"image":{"@id":"https:\/\/www.sindicaturabarcelona.cat\/ca\/el-barri-de-la-barceloneta-la-darrera-visita-a-peu-de-carrer-de-la-sindicatura-de-greuges-de-barcelona\/#primaryimage"},"thumbnailUrl":"https:\/\/www.sindicaturabarcelona.cat\/wp-content\/uploads\/2022\/08\/FYu6KunXoAAJzWF.jpeg","datePublished":"2022-08-05T11:08:43+00:00","dateModified":"2022-08-05T11:19:03+00:00","description":"David Bondia i membres de l'equip han visitat el barri mariner de la Barceloneta per copsar les principals demandes de la zona.","breadcrumb":{"@id":"https:\/\/www.sindicaturabarcelona.cat\/ca\/el-barri-de-la-barceloneta-la-darrera-visita-a-peu-de-carrer-de-la-sindicatura-de-greuges-de-barcelona\/#breadcrumb"},"inLanguage":"ca","potentialAction":[{"@type":"ReadAction","target":["https:\/\/www.sindicaturabarcelona.cat\/ca\/el-barri-de-la-barceloneta-la-darrera-visita-a-peu-de-carrer-de-la-sindicatura-de-greuges-de-barcelona\/"]}]},{"@type":"ImageObject","inLanguage":"ca","@id":"https:\/\/www.sindicaturabarcelona.cat\/ca\/el-barri-de-la-barceloneta-la-darrera-visita-a-peu-de-carrer-de-la-sindicatura-de-greuges-de-barcelona\/#primaryimage","url":"https:\/\/www.sindicaturabarcelona.cat\/wp-content\/uploads\/2022\/08\/FYu6KunXoAAJzWF.jpeg","contentUrl":"https:\/\/www.sindicaturabarcelona.cat\/wp-content\/uploads\/2022\/08\/FYu6KunXoAAJzWF.jpeg","width":2048,"height":1365,"caption":"A peu de carrer Barceloneta"},{"@type":"BreadcrumbList","@id":"https:\/\/www.sindicaturabarcelona.cat\/ca\/el-barri-de-la-barceloneta-la-darrera-visita-a-peu-de-carrer-de-la-sindicatura-de-greuges-de-barcelona\/#breadcrumb","itemListElement":[{"@type":"ListItem","position":1,"name":"Inici","item":"https:\/\/www.sindicaturabarcelona.cat\/ca\/"},{"@type":"ListItem","position":2,"name":"El barri de la Barceloneta, la darrera visita &#8216;A peu de carrer&#8217; de la Sindicatura de Greuges de Barcelona"}]},{"@type":"WebSite","@id":"https:\/\/www.sindicaturabarcelona.cat\/ca\/#website","url":"https:\/\/www.sindicaturabarcelona.cat\/ca\/","name":"Sindicatura de Greuges de Barcelona","description":"La defensoria dels teus drets","publisher":{"@id":"https:\/\/www.sindicaturabarcelona.cat\/ca\/#organization"},"potentialAction":[{"@type":"SearchAction","target":{"@type":"EntryPoint","urlTemplate":"https:\/\/www.sindicaturabarcelona.cat\/ca\/?s={search_term_string}"},"query-input":{"@type":"PropertyValueSpecification","valueRequired":true,"valueName":"search_term_string"}}],"inLanguage":"ca"},{"@type":"Organization","@id":"https:\/\/www.sindicaturabarcelona.cat\/ca\/#organization","name":"Sindicatura de Greuges de Barcelona","url":"https:\/\/www.sindicaturabarcelona.cat\/ca\/","logo":{"@type":"ImageObject","inLanguage":"ca","@id":"https:\/\/www.sindicaturabarcelona.cat\/ca\/#\/schema\/logo\/image\/","url":"https:\/\/www.sindicaturabarcelona.cat\/wp-content\/uploads\/2023\/02\/logo_sindicatura.svg","contentUrl":"https:\/\/www.sindicaturabarcelona.cat\/wp-content\/uploads\/2023\/02\/logo_sindicatura.svg","caption":"Sindicatura de Greuges de Barcelona"},"image":{"@id":"https:\/\/www.sindicaturabarcelona.cat\/ca\/#\/schema\/logo\/image\/"},"sameAs":["https:\/\/x.com\/sindicbarcelona","https:\/\/www.instagram.com\/sindicbarcelona\/","https:\/\/www.tiktok.com\/@sindicaturabcn","https:\/\/t.me\/sindicaturabarcelona"]},{"@type":"Person","@id":"https:\/\/www.sindicaturabarcelona.cat\/ca\/#\/schema\/person\/0e5acffc350ffdbc97578159322c9452","name":"Pablo","image":{"@type":"ImageObject","inLanguage":"ca","@id":"https:\/\/secure.gravatar.com\/avatar\/c948169b402ef9492afde705c3dfd5e90e1a6a84ef6840a91124f805a25a480f?s=96&d=mm&r=g","url":"https:\/\/secure.gravatar.com\/avatar\/c948169b402ef9492afde705c3dfd5e90e1a6a84ef6840a91124f805a25a480f?s=96&d=mm&r=g","contentUrl":"https:\/\/secure.gravatar.com\/avatar\/c948169b402ef9492afde705c3dfd5e90e1a6a84ef6840a91124f805a25a480f?s=96&d=mm&r=g","caption":"Pablo"},"url":"https:\/\/www.sindicaturabarcelona.cat\/ca\/author\/pablo\/"}]}},"_links":{"self":[{"href":"https:\/\/www.sindicaturabarcelona.cat\/ca\/wp-json\/wp\/v2\/posts\/14633","targetHints":{"allow":["GET"]}}],"collection":[{"href":"https:\/\/www.sindicaturabarcelona.cat\/ca\/wp-json\/wp\/v2\/posts"}],"about":[{"href":"https:\/\/www.sindicaturabarcelona.cat\/ca\/wp-json\/wp\/v2\/types\/post"}],"author":[{"embeddable":true,"href":"https:\/\/www.sindicaturabarcelona.cat\/ca\/wp-json\/wp\/v2\/users\/2"}],"replies":[{"embeddable":true,"href":"https:\/\/www.sindicaturabarcelona.cat\/ca\/wp-json\/wp\/v2\/comments?post=14633"}],"version-history":[{"count":0,"href":"https:\/\/www.sindicaturabarcelona.cat\/ca\/wp-json\/wp\/v2\/posts\/14633\/revisions"}],"wp:featuredmedia":[{"embeddable":true,"href":"https:\/\/www.sindicaturabarcelona.cat\/ca\/wp-json\/wp\/v2\/media\/14634"}],"wp:attachment":[{"href":"https:\/\/www.sindicaturabarcelona.cat\/ca\/wp-json\/wp\/v2\/media?parent=14633"}],"wp:term":[{"taxonomy":"post_tag","embeddable":true,"href":"https:\/\/www.sindicaturabarcelona.cat\/ca\/wp-json\/wp\/v2\/tags?post=14633"},{"taxonomy":"drets","embeddable":true,"href":"https:\/\/www.sindicaturabarcelona.cat\/ca\/wp-json\/wp\/v2\/drets?post=14633"}],"curies":[{"name":"wp","href":"https:\/\/api.w.org\/{rel}","templated":true}]}}