{"id":14583,"date":"2022-07-14T09:33:16","date_gmt":"2022-07-14T07:33:16","guid":{"rendered":"https:\/\/www.sindicaturabarcelona.cat\/?p=14583"},"modified":"2022-07-14T09:38:21","modified_gmt":"2022-07-14T07:38:21","slug":"una-delegacio-de-la-sindicatura-es-desplaca-a-sevilla-per-dur-a-terme-una-sessio-dintercanvi-tecnic-amb-el-defensor-del-pueblo-andaluz","status":"publish","type":"post","link":"https:\/\/www.sindicaturabarcelona.cat\/ca\/una-delegacio-de-la-sindicatura-es-desplaca-a-sevilla-per-dur-a-terme-una-sessio-dintercanvi-tecnic-amb-el-defensor-del-pueblo-andaluz\/","title":{"rendered":"Una delegaci\u00f3 de la Sindicatura es despla\u00e7a a Sevilla per dur a terme una sessi\u00f3 d\u2019intercanvi t\u00e8cnic amb el Defensor del Pueblo Andaluz"},"content":{"rendered":"\n<p class=\"has-text-align-justify\">Una delegaci\u00f3 de la Sindicatura de Greuges de Barcelona s&#8217;ha despla\u00e7at a Sevilla per dur a terme una sessi\u00f3 d\u2019intercanvi t\u00e8cnic sobre mediaci\u00f3 i assentaments informals amb el Defensor del Pueblo Andaluz. A aquesta trobada han assistit el s\u00edndic de greuges de Barcelona, David Bondia, l\u2019adjunta al s\u00edndic, Eva Garcia Chueca, i Maria Jos\u00e9 Nu\u00f1ez, assessora t\u00e8cnica de la Sindicatura.<\/p>\n\n\n\n<p class=\"has-text-align-justify\">La jornada ha iniciat amb la responsable de l\u2019\u00e0rea de mediaci\u00f3, Marina Otero, i una assessora del seu equip, Maria Jos\u00e9 Ruiz, explicant l\u2019estructuraci\u00f3 del departament; quin tipus de mediaci\u00f3 fan; com \u00e9s el registre d\u2019un expedient de mediaci\u00f3, aix\u00ed com casos reals d\u2019intervenci\u00f3. Des de la seva implantaci\u00f3 l\u2019any 2015, amb 57 mediacions anuals, el servei de mediaci\u00f3 del <a href=\"https:\/\/defensordelpuebloandaluz.es\/\" target=\"_blank\" aria-label=\"Defensor del Pueblo Andaluz (opens in a new tab)\" rel=\"noreferrer noopener\" class=\"ek-link\">Defensor del Pueblo Andaluz<\/a> ha crescut fins a les 350 mediacions amb qu\u00e8 va tancar el 2021.<\/p>\n\n\n\n<p class=\"has-text-align-justify\">En aquesta l\u00ednia, la Sindicatura de Greuges de Barcelona est\u00e0 explorant de quina manera pot incorporar la mediaci\u00f3 i la resoluci\u00f3 pac\u00edfica de conflictes a la seva tasca de defensa i garantia dels drets humans de proximitat.<\/p>\n\n\n\n<p class=\"has-text-align-justify\">Posteriorment, l\u2019\u00e0mbit de treball s\u2019ha centrat en la situaci\u00f3 de les persones que resideixen en assentaments informals. La Sindicatura s\u2019ha reunit amb la persona responsable de l\u2019\u00e0rea d\u2019estrangeria, seguretat ciutadana, presons i administraci\u00f3 de just\u00edcia, Ana Vinuesa, i la responsable de l\u2019\u00e0rea d\u2019habitatge, urbanisme, transports i igualtat de g\u00e8nere, Amparo Arguisjuela, per con\u00e8ixer quines s\u00f3n les pr\u00e0ctiques habituals i les principals recomanacions que emeten. <\/p>\n\n\n\n<p class=\"has-text-align-justify\">Aquesta segona sessi\u00f3 ha finalitzat amb la incorporaci\u00f3 de la persona responsable de l\u2019\u00e0rea d\u2019inf\u00e0ncia, educaci\u00f3, cultura i esport, Mayte Salces, a qui hem traslladat les conclusions m\u00e9s destacades de <a href=\"https:\/\/www.sindicaturabarcelona.cat\/wp-content\/uploads\/2022\/05\/Informe-JMSRF.pdf\" target=\"_blank\" aria-label=\" (opens in a new tab)\" rel=\"noreferrer noopener\" class=\"ek-link\">l\u2019informe de la Sindicatura de Greuges de Barcelona, Joves migrants sense referents familiars a la ciutat de Barcelona<\/a>.<\/p>\n","protected":false},"excerpt":{"rendered":"<p>Una delegaci\u00f3 de la Sindicatura de Greuges de Barcelona s&#8217;ha despla\u00e7at a Sevilla per dur a terme una sessi\u00f3 d\u2019intercanvi t\u00e8cnic sobre mediaci\u00f3 i assentaments informals amb el Defensor del [&hellip;]<\/p>\n","protected":false},"author":2,"featured_media":14587,"comment_status":"closed","ping_status":"open","sticky":false,"template":"","format":"standard","meta":{"_acf_changed":false,"footnotes":""},"tags":[],"drets":[],"class_list":["post-14583","post","type-post","status-publish","format-standard","has-post-thumbnail","hentry"],"acf":[],"yoast_head":"<!-- This site is optimized with the Yoast SEO plugin v27.5 - https:\/\/yoast.com\/product\/yoast-seo-wordpress\/ -->\n<title>Una delegaci\u00f3 de la Sindicatura es despla\u00e7a a Sevilla per dur a terme una sessi\u00f3 d\u2019intercanvi t\u00e8cnic amb el Defensor del Pueblo Andaluz - Sindicatura de Greuges de Barcelona<\/title>\n<meta name=\"description\" content=\"La defensoria barcelonina est\u00e0 explorant de quina manera pot incorporar la mediaci\u00f3 i la resoluci\u00f3 pac\u00edfica de conflictes a la seva tasca de defensa...\" \/>\n<meta name=\"robots\" content=\"index, follow, max-snippet:-1, max-image-preview:large, max-video-preview:-1\" \/>\n<link rel=\"canonical\" href=\"https:\/\/www.sindicaturabarcelona.cat\/ca\/una-delegacio-de-la-sindicatura-es-desplaca-a-sevilla-per-dur-a-terme-una-sessio-dintercanvi-tecnic-amb-el-defensor-del-pueblo-andaluz\/\" \/>\n<meta property=\"og:locale\" content=\"ca_ES\" \/>\n<meta property=\"og:type\" content=\"article\" \/>\n<meta property=\"og:title\" content=\"Una delegaci\u00f3 de la Sindicatura es despla\u00e7a a Sevilla per dur a terme una sessi\u00f3 d\u2019intercanvi t\u00e8cnic amb el Defensor del Pueblo Andaluz - Sindicatura de Greuges de Barcelona\" \/>\n<meta property=\"og:description\" content=\"La defensoria barcelonina est\u00e0 explorant de quina manera pot incorporar la mediaci\u00f3 i la resoluci\u00f3 pac\u00edfica de conflictes a la seva tasca de defensa...\" \/>\n<meta property=\"og:url\" content=\"https:\/\/www.sindicaturabarcelona.cat\/ca\/una-delegacio-de-la-sindicatura-es-desplaca-a-sevilla-per-dur-a-terme-una-sessio-dintercanvi-tecnic-amb-el-defensor-del-pueblo-andaluz\/\" \/>\n<meta property=\"og:site_name\" content=\"Sindicatura de Greuges de Barcelona\" \/>\n<meta property=\"article:published_time\" content=\"2022-07-14T07:33:16+00:00\" \/>\n<meta property=\"article:modified_time\" content=\"2022-07-14T07:38:21+00:00\" \/>\n<meta property=\"og:image\" content=\"https:\/\/www.sindicaturabarcelona.cat\/wp-content\/uploads\/2022\/07\/WhatsApp-Image-2022-07-12-at-15.22.05-2.jpeg\" \/>\n\t<meta property=\"og:image:width\" content=\"768\" \/>\n\t<meta property=\"og:image:height\" content=\"1024\" \/>\n\t<meta property=\"og:image:type\" content=\"image\/jpeg\" \/>\n<meta name=\"author\" content=\"Pablo\" \/>\n<meta name=\"twitter:card\" content=\"summary_large_image\" \/>\n<meta name=\"twitter:creator\" content=\"@sindicbarcelona\" \/>\n<meta name=\"twitter:site\" content=\"@sindicbarcelona\" \/>\n<meta name=\"twitter:label1\" content=\"Escrit per\" \/>\n\t<meta name=\"twitter:data1\" content=\"Pablo\" \/>\n\t<meta name=\"twitter:label2\" content=\"Temps estimat de lectura\" \/>\n\t<meta name=\"twitter:data2\" content=\"2 minuts\" \/>\n<script type=\"application\/ld+json\" class=\"yoast-schema-graph\">{\"@context\":\"https:\\\/\\\/schema.org\",\"@graph\":[{\"@type\":\"Article\",\"@id\":\"https:\\\/\\\/www.sindicaturabarcelona.cat\\\/ca\\\/una-delegacio-de-la-sindicatura-es-desplaca-a-sevilla-per-dur-a-terme-una-sessio-dintercanvi-tecnic-amb-el-defensor-del-pueblo-andaluz\\\/#article\",\"isPartOf\":{\"@id\":\"https:\\\/\\\/www.sindicaturabarcelona.cat\\\/ca\\\/una-delegacio-de-la-sindicatura-es-desplaca-a-sevilla-per-dur-a-terme-una-sessio-dintercanvi-tecnic-amb-el-defensor-del-pueblo-andaluz\\\/\"},\"author\":{\"name\":\"Pablo\",\"@id\":\"https:\\\/\\\/www.sindicaturabarcelona.cat\\\/ca\\\/#\\\/schema\\\/person\\\/0e5acffc350ffdbc97578159322c9452\"},\"headline\":\"Una delegaci\u00f3 de la Sindicatura es despla\u00e7a a Sevilla per dur a terme una sessi\u00f3 d\u2019intercanvi t\u00e8cnic amb el Defensor del Pueblo Andaluz\",\"datePublished\":\"2022-07-14T07:33:16+00:00\",\"dateModified\":\"2022-07-14T07:38:21+00:00\",\"mainEntityOfPage\":{\"@id\":\"https:\\\/\\\/www.sindicaturabarcelona.cat\\\/ca\\\/una-delegacio-de-la-sindicatura-es-desplaca-a-sevilla-per-dur-a-terme-una-sessio-dintercanvi-tecnic-amb-el-defensor-del-pueblo-andaluz\\\/\"},\"wordCount\":341,\"publisher\":{\"@id\":\"https:\\\/\\\/www.sindicaturabarcelona.cat\\\/ca\\\/#organization\"},\"image\":{\"@id\":\"https:\\\/\\\/www.sindicaturabarcelona.cat\\\/ca\\\/una-delegacio-de-la-sindicatura-es-desplaca-a-sevilla-per-dur-a-terme-una-sessio-dintercanvi-tecnic-amb-el-defensor-del-pueblo-andaluz\\\/#primaryimage\"},\"thumbnailUrl\":\"https:\\\/\\\/www.sindicaturabarcelona.cat\\\/wp-content\\\/uploads\\\/2022\\\/07\\\/WhatsApp-Image-2022-07-12-at-15.22.05-2.jpeg\",\"inLanguage\":\"ca\"},{\"@type\":\"WebPage\",\"@id\":\"https:\\\/\\\/www.sindicaturabarcelona.cat\\\/ca\\\/una-delegacio-de-la-sindicatura-es-desplaca-a-sevilla-per-dur-a-terme-una-sessio-dintercanvi-tecnic-amb-el-defensor-del-pueblo-andaluz\\\/\",\"url\":\"https:\\\/\\\/www.sindicaturabarcelona.cat\\\/ca\\\/una-delegacio-de-la-sindicatura-es-desplaca-a-sevilla-per-dur-a-terme-una-sessio-dintercanvi-tecnic-amb-el-defensor-del-pueblo-andaluz\\\/\",\"name\":\"Una delegaci\u00f3 de la Sindicatura es despla\u00e7a a Sevilla per dur a terme una sessi\u00f3 d\u2019intercanvi t\u00e8cnic amb el Defensor del Pueblo Andaluz - Sindicatura de Greuges de Barcelona\",\"isPartOf\":{\"@id\":\"https:\\\/\\\/www.sindicaturabarcelona.cat\\\/ca\\\/#website\"},\"primaryImageOfPage\":{\"@id\":\"https:\\\/\\\/www.sindicaturabarcelona.cat\\\/ca\\\/una-delegacio-de-la-sindicatura-es-desplaca-a-sevilla-per-dur-a-terme-una-sessio-dintercanvi-tecnic-amb-el-defensor-del-pueblo-andaluz\\\/#primaryimage\"},\"image\":{\"@id\":\"https:\\\/\\\/www.sindicaturabarcelona.cat\\\/ca\\\/una-delegacio-de-la-sindicatura-es-desplaca-a-sevilla-per-dur-a-terme-una-sessio-dintercanvi-tecnic-amb-el-defensor-del-pueblo-andaluz\\\/#primaryimage\"},\"thumbnailUrl\":\"https:\\\/\\\/www.sindicaturabarcelona.cat\\\/wp-content\\\/uploads\\\/2022\\\/07\\\/WhatsApp-Image-2022-07-12-at-15.22.05-2.jpeg\",\"datePublished\":\"2022-07-14T07:33:16+00:00\",\"dateModified\":\"2022-07-14T07:38:21+00:00\",\"description\":\"La defensoria barcelonina est\u00e0 explorant de quina manera pot incorporar la mediaci\u00f3 i la resoluci\u00f3 pac\u00edfica de conflictes a la seva tasca de defensa...\",\"breadcrumb\":{\"@id\":\"https:\\\/\\\/www.sindicaturabarcelona.cat\\\/ca\\\/una-delegacio-de-la-sindicatura-es-desplaca-a-sevilla-per-dur-a-terme-una-sessio-dintercanvi-tecnic-amb-el-defensor-del-pueblo-andaluz\\\/#breadcrumb\"},\"inLanguage\":\"ca\",\"potentialAction\":[{\"@type\":\"ReadAction\",\"target\":[\"https:\\\/\\\/www.sindicaturabarcelona.cat\\\/ca\\\/una-delegacio-de-la-sindicatura-es-desplaca-a-sevilla-per-dur-a-terme-una-sessio-dintercanvi-tecnic-amb-el-defensor-del-pueblo-andaluz\\\/\"]}]},{\"@type\":\"ImageObject\",\"inLanguage\":\"ca\",\"@id\":\"https:\\\/\\\/www.sindicaturabarcelona.cat\\\/ca\\\/una-delegacio-de-la-sindicatura-es-desplaca-a-sevilla-per-dur-a-terme-una-sessio-dintercanvi-tecnic-amb-el-defensor-del-pueblo-andaluz\\\/#primaryimage\",\"url\":\"https:\\\/\\\/www.sindicaturabarcelona.cat\\\/wp-content\\\/uploads\\\/2022\\\/07\\\/WhatsApp-Image-2022-07-12-at-15.22.05-2.jpeg\",\"contentUrl\":\"https:\\\/\\\/www.sindicaturabarcelona.cat\\\/wp-content\\\/uploads\\\/2022\\\/07\\\/WhatsApp-Image-2022-07-12-at-15.22.05-2.jpeg\",\"width\":768,\"height\":1024},{\"@type\":\"BreadcrumbList\",\"@id\":\"https:\\\/\\\/www.sindicaturabarcelona.cat\\\/ca\\\/una-delegacio-de-la-sindicatura-es-desplaca-a-sevilla-per-dur-a-terme-una-sessio-dintercanvi-tecnic-amb-el-defensor-del-pueblo-andaluz\\\/#breadcrumb\",\"itemListElement\":[{\"@type\":\"ListItem\",\"position\":1,\"name\":\"Inici\",\"item\":\"https:\\\/\\\/www.sindicaturabarcelona.cat\\\/ca\\\/\"},{\"@type\":\"ListItem\",\"position\":2,\"name\":\"Una delegaci\u00f3 de la Sindicatura es despla\u00e7a a Sevilla per dur a terme una sessi\u00f3 d\u2019intercanvi t\u00e8cnic amb el Defensor del Pueblo Andaluz\"}]},{\"@type\":\"WebSite\",\"@id\":\"https:\\\/\\\/www.sindicaturabarcelona.cat\\\/ca\\\/#website\",\"url\":\"https:\\\/\\\/www.sindicaturabarcelona.cat\\\/ca\\\/\",\"name\":\"Sindicatura de Greuges de Barcelona\",\"description\":\"La defensoria dels teus drets\",\"publisher\":{\"@id\":\"https:\\\/\\\/www.sindicaturabarcelona.cat\\\/ca\\\/#organization\"},\"potentialAction\":[{\"@type\":\"SearchAction\",\"target\":{\"@type\":\"EntryPoint\",\"urlTemplate\":\"https:\\\/\\\/www.sindicaturabarcelona.cat\\\/ca\\\/?s={search_term_string}\"},\"query-input\":{\"@type\":\"PropertyValueSpecification\",\"valueRequired\":true,\"valueName\":\"search_term_string\"}}],\"inLanguage\":\"ca\"},{\"@type\":\"Organization\",\"@id\":\"https:\\\/\\\/www.sindicaturabarcelona.cat\\\/ca\\\/#organization\",\"name\":\"Sindicatura de Greuges de Barcelona\",\"url\":\"https:\\\/\\\/www.sindicaturabarcelona.cat\\\/ca\\\/\",\"logo\":{\"@type\":\"ImageObject\",\"inLanguage\":\"ca\",\"@id\":\"https:\\\/\\\/www.sindicaturabarcelona.cat\\\/ca\\\/#\\\/schema\\\/logo\\\/image\\\/\",\"url\":\"https:\\\/\\\/www.sindicaturabarcelona.cat\\\/wp-content\\\/uploads\\\/2023\\\/02\\\/logo_sindicatura.svg\",\"contentUrl\":\"https:\\\/\\\/www.sindicaturabarcelona.cat\\\/wp-content\\\/uploads\\\/2023\\\/02\\\/logo_sindicatura.svg\",\"caption\":\"Sindicatura de Greuges de Barcelona\"},\"image\":{\"@id\":\"https:\\\/\\\/www.sindicaturabarcelona.cat\\\/ca\\\/#\\\/schema\\\/logo\\\/image\\\/\"},\"sameAs\":[\"https:\\\/\\\/x.com\\\/sindicbarcelona\",\"https:\\\/\\\/www.instagram.com\\\/sindicbarcelona\\\/\",\"https:\\\/\\\/www.tiktok.com\\\/@sindicaturabcn\",\"https:\\\/\\\/t.me\\\/sindicaturabarcelona\"]},{\"@type\":\"Person\",\"@id\":\"https:\\\/\\\/www.sindicaturabarcelona.cat\\\/ca\\\/#\\\/schema\\\/person\\\/0e5acffc350ffdbc97578159322c9452\",\"name\":\"Pablo\",\"image\":{\"@type\":\"ImageObject\",\"inLanguage\":\"ca\",\"@id\":\"https:\\\/\\\/secure.gravatar.com\\\/avatar\\\/c948169b402ef9492afde705c3dfd5e90e1a6a84ef6840a91124f805a25a480f?s=96&d=mm&r=g\",\"url\":\"https:\\\/\\\/secure.gravatar.com\\\/avatar\\\/c948169b402ef9492afde705c3dfd5e90e1a6a84ef6840a91124f805a25a480f?s=96&d=mm&r=g\",\"contentUrl\":\"https:\\\/\\\/secure.gravatar.com\\\/avatar\\\/c948169b402ef9492afde705c3dfd5e90e1a6a84ef6840a91124f805a25a480f?s=96&d=mm&r=g\",\"caption\":\"Pablo\"},\"url\":\"https:\\\/\\\/www.sindicaturabarcelona.cat\\\/ca\\\/author\\\/pablo\\\/\"}]}<\/script>\n<!-- \/ Yoast SEO plugin. -->","yoast_head_json":{"title":"Una delegaci\u00f3 de la Sindicatura es despla\u00e7a a Sevilla per dur a terme una sessi\u00f3 d\u2019intercanvi t\u00e8cnic amb el Defensor del Pueblo Andaluz - Sindicatura de Greuges de Barcelona","description":"La defensoria barcelonina est\u00e0 explorant de quina manera pot incorporar la mediaci\u00f3 i la resoluci\u00f3 pac\u00edfica de conflictes a la seva tasca de defensa...","robots":{"index":"index","follow":"follow","max-snippet":"max-snippet:-1","max-image-preview":"max-image-preview:large","max-video-preview":"max-video-preview:-1"},"canonical":"https:\/\/www.sindicaturabarcelona.cat\/ca\/una-delegacio-de-la-sindicatura-es-desplaca-a-sevilla-per-dur-a-terme-una-sessio-dintercanvi-tecnic-amb-el-defensor-del-pueblo-andaluz\/","og_locale":"ca_ES","og_type":"article","og_title":"Una delegaci\u00f3 de la Sindicatura es despla\u00e7a a Sevilla per dur a terme una sessi\u00f3 d\u2019intercanvi t\u00e8cnic amb el Defensor del Pueblo Andaluz - Sindicatura de Greuges de Barcelona","og_description":"La defensoria barcelonina est\u00e0 explorant de quina manera pot incorporar la mediaci\u00f3 i la resoluci\u00f3 pac\u00edfica de conflictes a la seva tasca de defensa...","og_url":"https:\/\/www.sindicaturabarcelona.cat\/ca\/una-delegacio-de-la-sindicatura-es-desplaca-a-sevilla-per-dur-a-terme-una-sessio-dintercanvi-tecnic-amb-el-defensor-del-pueblo-andaluz\/","og_site_name":"Sindicatura de Greuges de Barcelona","article_published_time":"2022-07-14T07:33:16+00:00","article_modified_time":"2022-07-14T07:38:21+00:00","og_image":[{"width":768,"height":1024,"url":"https:\/\/www.sindicaturabarcelona.cat\/wp-content\/uploads\/2022\/07\/WhatsApp-Image-2022-07-12-at-15.22.05-2.jpeg","type":"image\/jpeg"}],"author":"Pablo","twitter_card":"summary_large_image","twitter_creator":"@sindicbarcelona","twitter_site":"@sindicbarcelona","twitter_misc":{"Escrit per":"Pablo","Temps estimat de lectura":"2 minuts"},"schema":{"@context":"https:\/\/schema.org","@graph":[{"@type":"Article","@id":"https:\/\/www.sindicaturabarcelona.cat\/ca\/una-delegacio-de-la-sindicatura-es-desplaca-a-sevilla-per-dur-a-terme-una-sessio-dintercanvi-tecnic-amb-el-defensor-del-pueblo-andaluz\/#article","isPartOf":{"@id":"https:\/\/www.sindicaturabarcelona.cat\/ca\/una-delegacio-de-la-sindicatura-es-desplaca-a-sevilla-per-dur-a-terme-una-sessio-dintercanvi-tecnic-amb-el-defensor-del-pueblo-andaluz\/"},"author":{"name":"Pablo","@id":"https:\/\/www.sindicaturabarcelona.cat\/ca\/#\/schema\/person\/0e5acffc350ffdbc97578159322c9452"},"headline":"Una delegaci\u00f3 de la Sindicatura es despla\u00e7a a Sevilla per dur a terme una sessi\u00f3 d\u2019intercanvi t\u00e8cnic amb el Defensor del Pueblo Andaluz","datePublished":"2022-07-14T07:33:16+00:00","dateModified":"2022-07-14T07:38:21+00:00","mainEntityOfPage":{"@id":"https:\/\/www.sindicaturabarcelona.cat\/ca\/una-delegacio-de-la-sindicatura-es-desplaca-a-sevilla-per-dur-a-terme-una-sessio-dintercanvi-tecnic-amb-el-defensor-del-pueblo-andaluz\/"},"wordCount":341,"publisher":{"@id":"https:\/\/www.sindicaturabarcelona.cat\/ca\/#organization"},"image":{"@id":"https:\/\/www.sindicaturabarcelona.cat\/ca\/una-delegacio-de-la-sindicatura-es-desplaca-a-sevilla-per-dur-a-terme-una-sessio-dintercanvi-tecnic-amb-el-defensor-del-pueblo-andaluz\/#primaryimage"},"thumbnailUrl":"https:\/\/www.sindicaturabarcelona.cat\/wp-content\/uploads\/2022\/07\/WhatsApp-Image-2022-07-12-at-15.22.05-2.jpeg","inLanguage":"ca"},{"@type":"WebPage","@id":"https:\/\/www.sindicaturabarcelona.cat\/ca\/una-delegacio-de-la-sindicatura-es-desplaca-a-sevilla-per-dur-a-terme-una-sessio-dintercanvi-tecnic-amb-el-defensor-del-pueblo-andaluz\/","url":"https:\/\/www.sindicaturabarcelona.cat\/ca\/una-delegacio-de-la-sindicatura-es-desplaca-a-sevilla-per-dur-a-terme-una-sessio-dintercanvi-tecnic-amb-el-defensor-del-pueblo-andaluz\/","name":"Una delegaci\u00f3 de la Sindicatura es despla\u00e7a a Sevilla per dur a terme una sessi\u00f3 d\u2019intercanvi t\u00e8cnic amb el Defensor del Pueblo Andaluz - Sindicatura de Greuges de Barcelona","isPartOf":{"@id":"https:\/\/www.sindicaturabarcelona.cat\/ca\/#website"},"primaryImageOfPage":{"@id":"https:\/\/www.sindicaturabarcelona.cat\/ca\/una-delegacio-de-la-sindicatura-es-desplaca-a-sevilla-per-dur-a-terme-una-sessio-dintercanvi-tecnic-amb-el-defensor-del-pueblo-andaluz\/#primaryimage"},"image":{"@id":"https:\/\/www.sindicaturabarcelona.cat\/ca\/una-delegacio-de-la-sindicatura-es-desplaca-a-sevilla-per-dur-a-terme-una-sessio-dintercanvi-tecnic-amb-el-defensor-del-pueblo-andaluz\/#primaryimage"},"thumbnailUrl":"https:\/\/www.sindicaturabarcelona.cat\/wp-content\/uploads\/2022\/07\/WhatsApp-Image-2022-07-12-at-15.22.05-2.jpeg","datePublished":"2022-07-14T07:33:16+00:00","dateModified":"2022-07-14T07:38:21+00:00","description":"La defensoria barcelonina est\u00e0 explorant de quina manera pot incorporar la mediaci\u00f3 i la resoluci\u00f3 pac\u00edfica de conflictes a la seva tasca de defensa...","breadcrumb":{"@id":"https:\/\/www.sindicaturabarcelona.cat\/ca\/una-delegacio-de-la-sindicatura-es-desplaca-a-sevilla-per-dur-a-terme-una-sessio-dintercanvi-tecnic-amb-el-defensor-del-pueblo-andaluz\/#breadcrumb"},"inLanguage":"ca","potentialAction":[{"@type":"ReadAction","target":["https:\/\/www.sindicaturabarcelona.cat\/ca\/una-delegacio-de-la-sindicatura-es-desplaca-a-sevilla-per-dur-a-terme-una-sessio-dintercanvi-tecnic-amb-el-defensor-del-pueblo-andaluz\/"]}]},{"@type":"ImageObject","inLanguage":"ca","@id":"https:\/\/www.sindicaturabarcelona.cat\/ca\/una-delegacio-de-la-sindicatura-es-desplaca-a-sevilla-per-dur-a-terme-una-sessio-dintercanvi-tecnic-amb-el-defensor-del-pueblo-andaluz\/#primaryimage","url":"https:\/\/www.sindicaturabarcelona.cat\/wp-content\/uploads\/2022\/07\/WhatsApp-Image-2022-07-12-at-15.22.05-2.jpeg","contentUrl":"https:\/\/www.sindicaturabarcelona.cat\/wp-content\/uploads\/2022\/07\/WhatsApp-Image-2022-07-12-at-15.22.05-2.jpeg","width":768,"height":1024},{"@type":"BreadcrumbList","@id":"https:\/\/www.sindicaturabarcelona.cat\/ca\/una-delegacio-de-la-sindicatura-es-desplaca-a-sevilla-per-dur-a-terme-una-sessio-dintercanvi-tecnic-amb-el-defensor-del-pueblo-andaluz\/#breadcrumb","itemListElement":[{"@type":"ListItem","position":1,"name":"Inici","item":"https:\/\/www.sindicaturabarcelona.cat\/ca\/"},{"@type":"ListItem","position":2,"name":"Una delegaci\u00f3 de la Sindicatura es despla\u00e7a a Sevilla per dur a terme una sessi\u00f3 d\u2019intercanvi t\u00e8cnic amb el Defensor del Pueblo Andaluz"}]},{"@type":"WebSite","@id":"https:\/\/www.sindicaturabarcelona.cat\/ca\/#website","url":"https:\/\/www.sindicaturabarcelona.cat\/ca\/","name":"Sindicatura de Greuges de Barcelona","description":"La defensoria dels teus drets","publisher":{"@id":"https:\/\/www.sindicaturabarcelona.cat\/ca\/#organization"},"potentialAction":[{"@type":"SearchAction","target":{"@type":"EntryPoint","urlTemplate":"https:\/\/www.sindicaturabarcelona.cat\/ca\/?s={search_term_string}"},"query-input":{"@type":"PropertyValueSpecification","valueRequired":true,"valueName":"search_term_string"}}],"inLanguage":"ca"},{"@type":"Organization","@id":"https:\/\/www.sindicaturabarcelona.cat\/ca\/#organization","name":"Sindicatura de Greuges de Barcelona","url":"https:\/\/www.sindicaturabarcelona.cat\/ca\/","logo":{"@type":"ImageObject","inLanguage":"ca","@id":"https:\/\/www.sindicaturabarcelona.cat\/ca\/#\/schema\/logo\/image\/","url":"https:\/\/www.sindicaturabarcelona.cat\/wp-content\/uploads\/2023\/02\/logo_sindicatura.svg","contentUrl":"https:\/\/www.sindicaturabarcelona.cat\/wp-content\/uploads\/2023\/02\/logo_sindicatura.svg","caption":"Sindicatura de Greuges de Barcelona"},"image":{"@id":"https:\/\/www.sindicaturabarcelona.cat\/ca\/#\/schema\/logo\/image\/"},"sameAs":["https:\/\/x.com\/sindicbarcelona","https:\/\/www.instagram.com\/sindicbarcelona\/","https:\/\/www.tiktok.com\/@sindicaturabcn","https:\/\/t.me\/sindicaturabarcelona"]},{"@type":"Person","@id":"https:\/\/www.sindicaturabarcelona.cat\/ca\/#\/schema\/person\/0e5acffc350ffdbc97578159322c9452","name":"Pablo","image":{"@type":"ImageObject","inLanguage":"ca","@id":"https:\/\/secure.gravatar.com\/avatar\/c948169b402ef9492afde705c3dfd5e90e1a6a84ef6840a91124f805a25a480f?s=96&d=mm&r=g","url":"https:\/\/secure.gravatar.com\/avatar\/c948169b402ef9492afde705c3dfd5e90e1a6a84ef6840a91124f805a25a480f?s=96&d=mm&r=g","contentUrl":"https:\/\/secure.gravatar.com\/avatar\/c948169b402ef9492afde705c3dfd5e90e1a6a84ef6840a91124f805a25a480f?s=96&d=mm&r=g","caption":"Pablo"},"url":"https:\/\/www.sindicaturabarcelona.cat\/ca\/author\/pablo\/"}]}},"_links":{"self":[{"href":"https:\/\/www.sindicaturabarcelona.cat\/ca\/wp-json\/wp\/v2\/posts\/14583","targetHints":{"allow":["GET"]}}],"collection":[{"href":"https:\/\/www.sindicaturabarcelona.cat\/ca\/wp-json\/wp\/v2\/posts"}],"about":[{"href":"https:\/\/www.sindicaturabarcelona.cat\/ca\/wp-json\/wp\/v2\/types\/post"}],"author":[{"embeddable":true,"href":"https:\/\/www.sindicaturabarcelona.cat\/ca\/wp-json\/wp\/v2\/users\/2"}],"replies":[{"embeddable":true,"href":"https:\/\/www.sindicaturabarcelona.cat\/ca\/wp-json\/wp\/v2\/comments?post=14583"}],"version-history":[{"count":0,"href":"https:\/\/www.sindicaturabarcelona.cat\/ca\/wp-json\/wp\/v2\/posts\/14583\/revisions"}],"wp:featuredmedia":[{"embeddable":true,"href":"https:\/\/www.sindicaturabarcelona.cat\/ca\/wp-json\/wp\/v2\/media\/14587"}],"wp:attachment":[{"href":"https:\/\/www.sindicaturabarcelona.cat\/ca\/wp-json\/wp\/v2\/media?parent=14583"}],"wp:term":[{"taxonomy":"post_tag","embeddable":true,"href":"https:\/\/www.sindicaturabarcelona.cat\/ca\/wp-json\/wp\/v2\/tags?post=14583"},{"taxonomy":"drets","embeddable":true,"href":"https:\/\/www.sindicaturabarcelona.cat\/ca\/wp-json\/wp\/v2\/drets?post=14583"}],"curies":[{"name":"wp","href":"https:\/\/api.w.org\/{rel}","templated":true}]}}