{"id":14468,"date":"2022-06-29T16:35:23","date_gmt":"2022-06-29T14:35:23","guid":{"rendered":"https:\/\/www.sindicaturabarcelona.cat\/?p=14468"},"modified":"2023-05-11T13:12:14","modified_gmt":"2023-05-11T11:12:14","slug":"la-sindicatura-de-greuges-de-barcelona-obre-una-actuacio-dofici-per-coneixer-lus-del-palauet-albeniz-i-les-despeses-a-carrec-del-pressupost-municipal","status":"publish","type":"post","link":"https:\/\/www.sindicaturabarcelona.cat\/ca\/la-sindicatura-de-greuges-de-barcelona-obre-una-actuacio-dofici-per-coneixer-lus-del-palauet-albeniz-i-les-despeses-a-carrec-del-pressupost-municipal\/","title":{"rendered":"La Sindicatura de Greuges de Barcelona obre una actuaci\u00f3 d\u2019ofici per con\u00e8ixer l\u2019\u00fas del Palauet Alb\u00e9niz i les despeses a c\u00e0rrec del pressupost municipal"},"content":{"rendered":"\n<p class=\"has-text-align-justify\">La <a href=\"https:\/\/www.sindicaturabarcelona.cat\/\" target=\"_blank\" aria-label=\"Sindicatura de Greuges de Barcelona (opens in a new tab)\" rel=\"noreferrer noopener\" class=\"ek-link\">Sindicatura de Greuges de Barcelona<\/a> ha iniciat una <strong>actuaci\u00f3 d\u2019ofici<\/strong> despr\u00e9s de tenir coneixement que les <strong>estades de la Casa Reial espanyola al Palauet Alb\u00e9niz han suposat una despesa per les arques municipals<\/strong> durant els darrers anys.<\/p>\n\n\n\n<p class=\"has-text-align-justify\">Tanmateix, <strong>els comptes del consistori no reflecteixen una partida concreta que permeti constatar les despeses ocasionades per aquestes estades<\/strong> ni les generades del manteniment del recinte. D\u2019altra banda, la Sindicatura \u00e9s coneixedora de l\u2019exist\u00e8ncia d\u2019un<strong> conveni de cessi\u00f3 d\u2019\u00fas del Palauet a favor del cap d\u2019estat i la seva fam\u00edlia, subscrit entre l\u2019Ajuntament i Patrimoni Nacional, al qual no ha pogut tenir acc\u00e9s a trav\u00e9s del portal de transpar\u00e8ncia.<\/strong><\/p>\n\n\n\n<p><strong><span style=\"text-decoration: underline;\" class=\"ek-underline\">El Palauet Alb\u00e9niz<\/span><\/strong><\/p>\n\n\n\n<p class=\"has-text-align-justify\">El Pavell\u00f3 Reial de Montju\u00efc, conegut com a Palauet Alb\u00e9niz, \u00e9s un <strong>edifici ubicat a la ciutat i catalogat com a propietat de l\u2019<a href=\"https:\/\/www.barcelona.cat\/ca\/\" target=\"_blank\" aria-label=\"Ajuntament de Barcelona (opens in a new tab)\" rel=\"noreferrer noopener\" class=\"ek-link\">Ajuntament de Barcelona<\/a><\/strong>. Figura a la relaci\u00f3 de l\u2019inventari de b\u00e9ns immobles municipals, de data 31 de desembre de 2020 (n\u00famero de b\u00e9 20045) i publicat al portal de transpar\u00e8ncia. El Palauet s\u2019utilitza de manera ocasional per actes p\u00fablics de car\u00e0cter institucional i com a resid\u00e8ncia del rei d&#8217;Espanya en les seves visites oficials a la ciutat.<\/p>\n\n\n\n<p><strong><span style=\"text-decoration: underline;\" class=\"ek-underline\">La Sindicatura es dirigeix a l\u2019Ajuntament<\/span><\/strong><\/p>\n\n\n\n<p class=\"has-text-align-justify\">En el marc d\u2019aquesta actuaci\u00f3 d\u2019ofici, <strong>la Sindicatura s\u2019ha dirigit a l\u2019Ajuntament de Barcelona per con\u00e8ixer l\u2019\u00fas i activitats que s\u2019han dut a terme al Palauet Alb\u00e9niz, aix\u00ed com les despeses a c\u00e0rrec del pressupost municipal<\/strong> ocasionades per aquest \u00fas. <\/p>\n\n\n\n<p class=\"has-text-align-justify\">Concretament, la defensoria de la ciutadania barcelonina t\u00e9 els objectius de: con\u00e8ixer el contingut del conveni de cessi\u00f3 d\u2019\u00fas del Palauet Alb\u00e9niz a la Casa Reial; constatar el nombre d\u2019estades des de l\u2019any 2017 i les despeses municipals ocasionades en les visites de la Casa Reial a Barcelona (tant al Palauet com a qualsevol immoble municipal); saber quines han estat les despeses de manteniment del Palauet; comprovar les ocasions en qu\u00e8 l\u2019immoble s\u2019ha destinat a usos ciutadans i municipals, aix\u00ed com les despeses associades a c\u00e0rrec del pressupost; identificar el nombre de peticions d\u2019\u00fas del Palauet per part d\u2019entitats ciutadanes i quina ha estat la resposta de l\u2019Ajuntament, i per \u00faltim, con\u00e8ixer quines s\u00f3n les previsions del consistori per obrir aquest espai a la ciutadania.<\/p>\n","protected":false},"excerpt":{"rendered":"<p>La Sindicatura de Greuges de Barcelona ha iniciat una actuaci\u00f3 d\u2019ofici despr\u00e9s de tenir coneixement que les estades de la Casa Reial espanyola al Palauet Alb\u00e9niz han suposat una despesa [&hellip;]<\/p>\n","protected":false},"author":2,"featured_media":14469,"comment_status":"closed","ping_status":"open","sticky":false,"template":"","format":"standard","meta":{"_acf_changed":false,"footnotes":""},"tags":[],"drets":[1440,1456],"class_list":["post-14468","post","type-post","status-publish","format-standard","has-post-thumbnail","hentry","drets-ciutat-garantista","drets-dret-a-una-bona-administracio"],"acf":[],"yoast_head":"<!-- This site is optimized with the Yoast SEO plugin v27.5 - https:\/\/yoast.com\/product\/yoast-seo-wordpress\/ -->\n<title>La Sindicatura de Greuges de Barcelona obre una actuaci\u00f3 d\u2019ofici per con\u00e8ixer l\u2019\u00fas del Palauet Alb\u00e9niz i les despeses a c\u00e0rrec del pressupost municipal - Sindicatura de Greuges de Barcelona<\/title>\n<meta name=\"description\" content=\"La defensoria ha tingut coneixement que les estades de la Casa Reial al Palauet Alb\u00e9niz han suposat una despesa per les arques municipals...\" \/>\n<meta name=\"robots\" content=\"index, follow, max-snippet:-1, max-image-preview:large, max-video-preview:-1\" \/>\n<link rel=\"canonical\" href=\"https:\/\/www.sindicaturabarcelona.cat\/ca\/la-sindicatura-de-greuges-de-barcelona-obre-una-actuacio-dofici-per-coneixer-lus-del-palauet-albeniz-i-les-despeses-a-carrec-del-pressupost-municipal\/\" \/>\n<meta property=\"og:locale\" content=\"ca_ES\" \/>\n<meta property=\"og:type\" content=\"article\" \/>\n<meta property=\"og:title\" content=\"La Sindicatura de Greuges de Barcelona obre una actuaci\u00f3 d\u2019ofici per con\u00e8ixer l\u2019\u00fas del Palauet Alb\u00e9niz i les despeses a c\u00e0rrec del pressupost municipal - Sindicatura de Greuges de Barcelona\" \/>\n<meta property=\"og:description\" content=\"La defensoria ha tingut coneixement que les estades de la Casa Reial al Palauet Alb\u00e9niz han suposat una despesa per les arques municipals...\" \/>\n<meta property=\"og:url\" content=\"https:\/\/www.sindicaturabarcelona.cat\/ca\/la-sindicatura-de-greuges-de-barcelona-obre-una-actuacio-dofici-per-coneixer-lus-del-palauet-albeniz-i-les-despeses-a-carrec-del-pressupost-municipal\/\" \/>\n<meta property=\"og:site_name\" content=\"Sindicatura de Greuges de Barcelona\" \/>\n<meta property=\"article:published_time\" content=\"2022-06-29T14:35:23+00:00\" \/>\n<meta property=\"article:modified_time\" content=\"2023-05-11T11:12:14+00:00\" \/>\n<meta property=\"og:image\" content=\"https:\/\/www.sindicaturabarcelona.cat\/wp-content\/uploads\/2022\/06\/7658_DISE-Palauet-Albeniz-23-7-15-VZ-33.jpg\" \/>\n\t<meta property=\"og:image:width\" content=\"1024\" \/>\n\t<meta property=\"og:image:height\" content=\"575\" \/>\n\t<meta property=\"og:image:type\" content=\"image\/jpeg\" \/>\n<meta name=\"author\" content=\"Pablo\" \/>\n<meta name=\"twitter:card\" content=\"summary_large_image\" \/>\n<meta name=\"twitter:creator\" content=\"@sindicbarcelona\" \/>\n<meta name=\"twitter:site\" content=\"@sindicbarcelona\" \/>\n<meta name=\"twitter:label1\" content=\"Escrit per\" \/>\n\t<meta name=\"twitter:data1\" content=\"Pablo\" \/>\n\t<meta name=\"twitter:label2\" content=\"Temps estimat de lectura\" \/>\n\t<meta name=\"twitter:data2\" content=\"2 minuts\" \/>\n<script type=\"application\/ld+json\" class=\"yoast-schema-graph\">{\"@context\":\"https:\\\/\\\/schema.org\",\"@graph\":[{\"@type\":\"Article\",\"@id\":\"https:\\\/\\\/www.sindicaturabarcelona.cat\\\/ca\\\/la-sindicatura-de-greuges-de-barcelona-obre-una-actuacio-dofici-per-coneixer-lus-del-palauet-albeniz-i-les-despeses-a-carrec-del-pressupost-municipal\\\/#article\",\"isPartOf\":{\"@id\":\"https:\\\/\\\/www.sindicaturabarcelona.cat\\\/ca\\\/la-sindicatura-de-greuges-de-barcelona-obre-una-actuacio-dofici-per-coneixer-lus-del-palauet-albeniz-i-les-despeses-a-carrec-del-pressupost-municipal\\\/\"},\"author\":{\"name\":\"Pablo\",\"@id\":\"https:\\\/\\\/www.sindicaturabarcelona.cat\\\/ca\\\/#\\\/schema\\\/person\\\/0e5acffc350ffdbc97578159322c9452\"},\"headline\":\"La Sindicatura de Greuges de Barcelona obre una actuaci\u00f3 d\u2019ofici per con\u00e8ixer l\u2019\u00fas del Palauet Alb\u00e9niz i les despeses a c\u00e0rrec del pressupost municipal\",\"datePublished\":\"2022-06-29T14:35:23+00:00\",\"dateModified\":\"2023-05-11T11:12:14+00:00\",\"mainEntityOfPage\":{\"@id\":\"https:\\\/\\\/www.sindicaturabarcelona.cat\\\/ca\\\/la-sindicatura-de-greuges-de-barcelona-obre-una-actuacio-dofici-per-coneixer-lus-del-palauet-albeniz-i-les-despeses-a-carrec-del-pressupost-municipal\\\/\"},\"wordCount\":436,\"publisher\":{\"@id\":\"https:\\\/\\\/www.sindicaturabarcelona.cat\\\/ca\\\/#organization\"},\"image\":{\"@id\":\"https:\\\/\\\/www.sindicaturabarcelona.cat\\\/ca\\\/la-sindicatura-de-greuges-de-barcelona-obre-una-actuacio-dofici-per-coneixer-lus-del-palauet-albeniz-i-les-despeses-a-carrec-del-pressupost-municipal\\\/#primaryimage\"},\"thumbnailUrl\":\"https:\\\/\\\/www.sindicaturabarcelona.cat\\\/wp-content\\\/uploads\\\/2022\\\/06\\\/7658_DISE-Palauet-Albeniz-23-7-15-VZ-33.jpg\",\"articleSection\":[\"Uncategorized @ca\"],\"inLanguage\":\"ca\"},{\"@type\":\"WebPage\",\"@id\":\"https:\\\/\\\/www.sindicaturabarcelona.cat\\\/ca\\\/la-sindicatura-de-greuges-de-barcelona-obre-una-actuacio-dofici-per-coneixer-lus-del-palauet-albeniz-i-les-despeses-a-carrec-del-pressupost-municipal\\\/\",\"url\":\"https:\\\/\\\/www.sindicaturabarcelona.cat\\\/ca\\\/la-sindicatura-de-greuges-de-barcelona-obre-una-actuacio-dofici-per-coneixer-lus-del-palauet-albeniz-i-les-despeses-a-carrec-del-pressupost-municipal\\\/\",\"name\":\"La Sindicatura de Greuges de Barcelona obre una actuaci\u00f3 d\u2019ofici per con\u00e8ixer l\u2019\u00fas del Palauet Alb\u00e9niz i les despeses a c\u00e0rrec del pressupost municipal - Sindicatura de Greuges de Barcelona\",\"isPartOf\":{\"@id\":\"https:\\\/\\\/www.sindicaturabarcelona.cat\\\/ca\\\/#website\"},\"primaryImageOfPage\":{\"@id\":\"https:\\\/\\\/www.sindicaturabarcelona.cat\\\/ca\\\/la-sindicatura-de-greuges-de-barcelona-obre-una-actuacio-dofici-per-coneixer-lus-del-palauet-albeniz-i-les-despeses-a-carrec-del-pressupost-municipal\\\/#primaryimage\"},\"image\":{\"@id\":\"https:\\\/\\\/www.sindicaturabarcelona.cat\\\/ca\\\/la-sindicatura-de-greuges-de-barcelona-obre-una-actuacio-dofici-per-coneixer-lus-del-palauet-albeniz-i-les-despeses-a-carrec-del-pressupost-municipal\\\/#primaryimage\"},\"thumbnailUrl\":\"https:\\\/\\\/www.sindicaturabarcelona.cat\\\/wp-content\\\/uploads\\\/2022\\\/06\\\/7658_DISE-Palauet-Albeniz-23-7-15-VZ-33.jpg\",\"datePublished\":\"2022-06-29T14:35:23+00:00\",\"dateModified\":\"2023-05-11T11:12:14+00:00\",\"description\":\"La defensoria ha tingut coneixement que les estades de la Casa Reial al Palauet Alb\u00e9niz han suposat una despesa per les arques municipals...\",\"breadcrumb\":{\"@id\":\"https:\\\/\\\/www.sindicaturabarcelona.cat\\\/ca\\\/la-sindicatura-de-greuges-de-barcelona-obre-una-actuacio-dofici-per-coneixer-lus-del-palauet-albeniz-i-les-despeses-a-carrec-del-pressupost-municipal\\\/#breadcrumb\"},\"inLanguage\":\"ca\",\"potentialAction\":[{\"@type\":\"ReadAction\",\"target\":[\"https:\\\/\\\/www.sindicaturabarcelona.cat\\\/ca\\\/la-sindicatura-de-greuges-de-barcelona-obre-una-actuacio-dofici-per-coneixer-lus-del-palauet-albeniz-i-les-despeses-a-carrec-del-pressupost-municipal\\\/\"]}]},{\"@type\":\"ImageObject\",\"inLanguage\":\"ca\",\"@id\":\"https:\\\/\\\/www.sindicaturabarcelona.cat\\\/ca\\\/la-sindicatura-de-greuges-de-barcelona-obre-una-actuacio-dofici-per-coneixer-lus-del-palauet-albeniz-i-les-despeses-a-carrec-del-pressupost-municipal\\\/#primaryimage\",\"url\":\"https:\\\/\\\/www.sindicaturabarcelona.cat\\\/wp-content\\\/uploads\\\/2022\\\/06\\\/7658_DISE-Palauet-Albeniz-23-7-15-VZ-33.jpg\",\"contentUrl\":\"https:\\\/\\\/www.sindicaturabarcelona.cat\\\/wp-content\\\/uploads\\\/2022\\\/06\\\/7658_DISE-Palauet-Albeniz-23-7-15-VZ-33.jpg\",\"width\":1024,\"height\":575,\"caption\":\"Palauet Alb\u00e9niz\"},{\"@type\":\"BreadcrumbList\",\"@id\":\"https:\\\/\\\/www.sindicaturabarcelona.cat\\\/ca\\\/la-sindicatura-de-greuges-de-barcelona-obre-una-actuacio-dofici-per-coneixer-lus-del-palauet-albeniz-i-les-despeses-a-carrec-del-pressupost-municipal\\\/#breadcrumb\",\"itemListElement\":[{\"@type\":\"ListItem\",\"position\":1,\"name\":\"Inici\",\"item\":\"https:\\\/\\\/www.sindicaturabarcelona.cat\\\/ca\\\/\"},{\"@type\":\"ListItem\",\"position\":2,\"name\":\"La Sindicatura de Greuges de Barcelona obre una actuaci\u00f3 d\u2019ofici per con\u00e8ixer l\u2019\u00fas del Palauet Alb\u00e9niz i les despeses a c\u00e0rrec del pressupost municipal\"}]},{\"@type\":\"WebSite\",\"@id\":\"https:\\\/\\\/www.sindicaturabarcelona.cat\\\/ca\\\/#website\",\"url\":\"https:\\\/\\\/www.sindicaturabarcelona.cat\\\/ca\\\/\",\"name\":\"Sindicatura de Greuges de Barcelona\",\"description\":\"La defensoria dels teus drets\",\"publisher\":{\"@id\":\"https:\\\/\\\/www.sindicaturabarcelona.cat\\\/ca\\\/#organization\"},\"potentialAction\":[{\"@type\":\"SearchAction\",\"target\":{\"@type\":\"EntryPoint\",\"urlTemplate\":\"https:\\\/\\\/www.sindicaturabarcelona.cat\\\/ca\\\/?s={search_term_string}\"},\"query-input\":{\"@type\":\"PropertyValueSpecification\",\"valueRequired\":true,\"valueName\":\"search_term_string\"}}],\"inLanguage\":\"ca\"},{\"@type\":\"Organization\",\"@id\":\"https:\\\/\\\/www.sindicaturabarcelona.cat\\\/ca\\\/#organization\",\"name\":\"Sindicatura de Greuges de Barcelona\",\"url\":\"https:\\\/\\\/www.sindicaturabarcelona.cat\\\/ca\\\/\",\"logo\":{\"@type\":\"ImageObject\",\"inLanguage\":\"ca\",\"@id\":\"https:\\\/\\\/www.sindicaturabarcelona.cat\\\/ca\\\/#\\\/schema\\\/logo\\\/image\\\/\",\"url\":\"https:\\\/\\\/www.sindicaturabarcelona.cat\\\/wp-content\\\/uploads\\\/2023\\\/02\\\/logo_sindicatura.svg\",\"contentUrl\":\"https:\\\/\\\/www.sindicaturabarcelona.cat\\\/wp-content\\\/uploads\\\/2023\\\/02\\\/logo_sindicatura.svg\",\"caption\":\"Sindicatura de Greuges de Barcelona\"},\"image\":{\"@id\":\"https:\\\/\\\/www.sindicaturabarcelona.cat\\\/ca\\\/#\\\/schema\\\/logo\\\/image\\\/\"},\"sameAs\":[\"https:\\\/\\\/x.com\\\/sindicbarcelona\",\"https:\\\/\\\/www.instagram.com\\\/sindicbarcelona\\\/\",\"https:\\\/\\\/www.tiktok.com\\\/@sindicaturabcn\",\"https:\\\/\\\/t.me\\\/sindicaturabarcelona\"]},{\"@type\":\"Person\",\"@id\":\"https:\\\/\\\/www.sindicaturabarcelona.cat\\\/ca\\\/#\\\/schema\\\/person\\\/0e5acffc350ffdbc97578159322c9452\",\"name\":\"Pablo\",\"image\":{\"@type\":\"ImageObject\",\"inLanguage\":\"ca\",\"@id\":\"https:\\\/\\\/secure.gravatar.com\\\/avatar\\\/c948169b402ef9492afde705c3dfd5e90e1a6a84ef6840a91124f805a25a480f?s=96&d=mm&r=g\",\"url\":\"https:\\\/\\\/secure.gravatar.com\\\/avatar\\\/c948169b402ef9492afde705c3dfd5e90e1a6a84ef6840a91124f805a25a480f?s=96&d=mm&r=g\",\"contentUrl\":\"https:\\\/\\\/secure.gravatar.com\\\/avatar\\\/c948169b402ef9492afde705c3dfd5e90e1a6a84ef6840a91124f805a25a480f?s=96&d=mm&r=g\",\"caption\":\"Pablo\"},\"url\":\"https:\\\/\\\/www.sindicaturabarcelona.cat\\\/ca\\\/author\\\/pablo\\\/\"}]}<\/script>\n<!-- \/ Yoast SEO plugin. -->","yoast_head_json":{"title":"La Sindicatura de Greuges de Barcelona obre una actuaci\u00f3 d\u2019ofici per con\u00e8ixer l\u2019\u00fas del Palauet Alb\u00e9niz i les despeses a c\u00e0rrec del pressupost municipal - Sindicatura de Greuges de Barcelona","description":"La defensoria ha tingut coneixement que les estades de la Casa Reial al Palauet Alb\u00e9niz han suposat una despesa per les arques municipals...","robots":{"index":"index","follow":"follow","max-snippet":"max-snippet:-1","max-image-preview":"max-image-preview:large","max-video-preview":"max-video-preview:-1"},"canonical":"https:\/\/www.sindicaturabarcelona.cat\/ca\/la-sindicatura-de-greuges-de-barcelona-obre-una-actuacio-dofici-per-coneixer-lus-del-palauet-albeniz-i-les-despeses-a-carrec-del-pressupost-municipal\/","og_locale":"ca_ES","og_type":"article","og_title":"La Sindicatura de Greuges de Barcelona obre una actuaci\u00f3 d\u2019ofici per con\u00e8ixer l\u2019\u00fas del Palauet Alb\u00e9niz i les despeses a c\u00e0rrec del pressupost municipal - Sindicatura de Greuges de Barcelona","og_description":"La defensoria ha tingut coneixement que les estades de la Casa Reial al Palauet Alb\u00e9niz han suposat una despesa per les arques municipals...","og_url":"https:\/\/www.sindicaturabarcelona.cat\/ca\/la-sindicatura-de-greuges-de-barcelona-obre-una-actuacio-dofici-per-coneixer-lus-del-palauet-albeniz-i-les-despeses-a-carrec-del-pressupost-municipal\/","og_site_name":"Sindicatura de Greuges de Barcelona","article_published_time":"2022-06-29T14:35:23+00:00","article_modified_time":"2023-05-11T11:12:14+00:00","og_image":[{"width":1024,"height":575,"url":"https:\/\/www.sindicaturabarcelona.cat\/wp-content\/uploads\/2022\/06\/7658_DISE-Palauet-Albeniz-23-7-15-VZ-33.jpg","type":"image\/jpeg"}],"author":"Pablo","twitter_card":"summary_large_image","twitter_creator":"@sindicbarcelona","twitter_site":"@sindicbarcelona","twitter_misc":{"Escrit per":"Pablo","Temps estimat de lectura":"2 minuts"},"schema":{"@context":"https:\/\/schema.org","@graph":[{"@type":"Article","@id":"https:\/\/www.sindicaturabarcelona.cat\/ca\/la-sindicatura-de-greuges-de-barcelona-obre-una-actuacio-dofici-per-coneixer-lus-del-palauet-albeniz-i-les-despeses-a-carrec-del-pressupost-municipal\/#article","isPartOf":{"@id":"https:\/\/www.sindicaturabarcelona.cat\/ca\/la-sindicatura-de-greuges-de-barcelona-obre-una-actuacio-dofici-per-coneixer-lus-del-palauet-albeniz-i-les-despeses-a-carrec-del-pressupost-municipal\/"},"author":{"name":"Pablo","@id":"https:\/\/www.sindicaturabarcelona.cat\/ca\/#\/schema\/person\/0e5acffc350ffdbc97578159322c9452"},"headline":"La Sindicatura de Greuges de Barcelona obre una actuaci\u00f3 d\u2019ofici per con\u00e8ixer l\u2019\u00fas del Palauet Alb\u00e9niz i les despeses a c\u00e0rrec del pressupost municipal","datePublished":"2022-06-29T14:35:23+00:00","dateModified":"2023-05-11T11:12:14+00:00","mainEntityOfPage":{"@id":"https:\/\/www.sindicaturabarcelona.cat\/ca\/la-sindicatura-de-greuges-de-barcelona-obre-una-actuacio-dofici-per-coneixer-lus-del-palauet-albeniz-i-les-despeses-a-carrec-del-pressupost-municipal\/"},"wordCount":436,"publisher":{"@id":"https:\/\/www.sindicaturabarcelona.cat\/ca\/#organization"},"image":{"@id":"https:\/\/www.sindicaturabarcelona.cat\/ca\/la-sindicatura-de-greuges-de-barcelona-obre-una-actuacio-dofici-per-coneixer-lus-del-palauet-albeniz-i-les-despeses-a-carrec-del-pressupost-municipal\/#primaryimage"},"thumbnailUrl":"https:\/\/www.sindicaturabarcelona.cat\/wp-content\/uploads\/2022\/06\/7658_DISE-Palauet-Albeniz-23-7-15-VZ-33.jpg","articleSection":["Uncategorized @ca"],"inLanguage":"ca"},{"@type":"WebPage","@id":"https:\/\/www.sindicaturabarcelona.cat\/ca\/la-sindicatura-de-greuges-de-barcelona-obre-una-actuacio-dofici-per-coneixer-lus-del-palauet-albeniz-i-les-despeses-a-carrec-del-pressupost-municipal\/","url":"https:\/\/www.sindicaturabarcelona.cat\/ca\/la-sindicatura-de-greuges-de-barcelona-obre-una-actuacio-dofici-per-coneixer-lus-del-palauet-albeniz-i-les-despeses-a-carrec-del-pressupost-municipal\/","name":"La Sindicatura de Greuges de Barcelona obre una actuaci\u00f3 d\u2019ofici per con\u00e8ixer l\u2019\u00fas del Palauet Alb\u00e9niz i les despeses a c\u00e0rrec del pressupost municipal - Sindicatura de Greuges de Barcelona","isPartOf":{"@id":"https:\/\/www.sindicaturabarcelona.cat\/ca\/#website"},"primaryImageOfPage":{"@id":"https:\/\/www.sindicaturabarcelona.cat\/ca\/la-sindicatura-de-greuges-de-barcelona-obre-una-actuacio-dofici-per-coneixer-lus-del-palauet-albeniz-i-les-despeses-a-carrec-del-pressupost-municipal\/#primaryimage"},"image":{"@id":"https:\/\/www.sindicaturabarcelona.cat\/ca\/la-sindicatura-de-greuges-de-barcelona-obre-una-actuacio-dofici-per-coneixer-lus-del-palauet-albeniz-i-les-despeses-a-carrec-del-pressupost-municipal\/#primaryimage"},"thumbnailUrl":"https:\/\/www.sindicaturabarcelona.cat\/wp-content\/uploads\/2022\/06\/7658_DISE-Palauet-Albeniz-23-7-15-VZ-33.jpg","datePublished":"2022-06-29T14:35:23+00:00","dateModified":"2023-05-11T11:12:14+00:00","description":"La defensoria ha tingut coneixement que les estades de la Casa Reial al Palauet Alb\u00e9niz han suposat una despesa per les arques municipals...","breadcrumb":{"@id":"https:\/\/www.sindicaturabarcelona.cat\/ca\/la-sindicatura-de-greuges-de-barcelona-obre-una-actuacio-dofici-per-coneixer-lus-del-palauet-albeniz-i-les-despeses-a-carrec-del-pressupost-municipal\/#breadcrumb"},"inLanguage":"ca","potentialAction":[{"@type":"ReadAction","target":["https:\/\/www.sindicaturabarcelona.cat\/ca\/la-sindicatura-de-greuges-de-barcelona-obre-una-actuacio-dofici-per-coneixer-lus-del-palauet-albeniz-i-les-despeses-a-carrec-del-pressupost-municipal\/"]}]},{"@type":"ImageObject","inLanguage":"ca","@id":"https:\/\/www.sindicaturabarcelona.cat\/ca\/la-sindicatura-de-greuges-de-barcelona-obre-una-actuacio-dofici-per-coneixer-lus-del-palauet-albeniz-i-les-despeses-a-carrec-del-pressupost-municipal\/#primaryimage","url":"https:\/\/www.sindicaturabarcelona.cat\/wp-content\/uploads\/2022\/06\/7658_DISE-Palauet-Albeniz-23-7-15-VZ-33.jpg","contentUrl":"https:\/\/www.sindicaturabarcelona.cat\/wp-content\/uploads\/2022\/06\/7658_DISE-Palauet-Albeniz-23-7-15-VZ-33.jpg","width":1024,"height":575,"caption":"Palauet Alb\u00e9niz"},{"@type":"BreadcrumbList","@id":"https:\/\/www.sindicaturabarcelona.cat\/ca\/la-sindicatura-de-greuges-de-barcelona-obre-una-actuacio-dofici-per-coneixer-lus-del-palauet-albeniz-i-les-despeses-a-carrec-del-pressupost-municipal\/#breadcrumb","itemListElement":[{"@type":"ListItem","position":1,"name":"Inici","item":"https:\/\/www.sindicaturabarcelona.cat\/ca\/"},{"@type":"ListItem","position":2,"name":"La Sindicatura de Greuges de Barcelona obre una actuaci\u00f3 d\u2019ofici per con\u00e8ixer l\u2019\u00fas del Palauet Alb\u00e9niz i les despeses a c\u00e0rrec del pressupost municipal"}]},{"@type":"WebSite","@id":"https:\/\/www.sindicaturabarcelona.cat\/ca\/#website","url":"https:\/\/www.sindicaturabarcelona.cat\/ca\/","name":"Sindicatura de Greuges de Barcelona","description":"La defensoria dels teus drets","publisher":{"@id":"https:\/\/www.sindicaturabarcelona.cat\/ca\/#organization"},"potentialAction":[{"@type":"SearchAction","target":{"@type":"EntryPoint","urlTemplate":"https:\/\/www.sindicaturabarcelona.cat\/ca\/?s={search_term_string}"},"query-input":{"@type":"PropertyValueSpecification","valueRequired":true,"valueName":"search_term_string"}}],"inLanguage":"ca"},{"@type":"Organization","@id":"https:\/\/www.sindicaturabarcelona.cat\/ca\/#organization","name":"Sindicatura de Greuges de Barcelona","url":"https:\/\/www.sindicaturabarcelona.cat\/ca\/","logo":{"@type":"ImageObject","inLanguage":"ca","@id":"https:\/\/www.sindicaturabarcelona.cat\/ca\/#\/schema\/logo\/image\/","url":"https:\/\/www.sindicaturabarcelona.cat\/wp-content\/uploads\/2023\/02\/logo_sindicatura.svg","contentUrl":"https:\/\/www.sindicaturabarcelona.cat\/wp-content\/uploads\/2023\/02\/logo_sindicatura.svg","caption":"Sindicatura de Greuges de Barcelona"},"image":{"@id":"https:\/\/www.sindicaturabarcelona.cat\/ca\/#\/schema\/logo\/image\/"},"sameAs":["https:\/\/x.com\/sindicbarcelona","https:\/\/www.instagram.com\/sindicbarcelona\/","https:\/\/www.tiktok.com\/@sindicaturabcn","https:\/\/t.me\/sindicaturabarcelona"]},{"@type":"Person","@id":"https:\/\/www.sindicaturabarcelona.cat\/ca\/#\/schema\/person\/0e5acffc350ffdbc97578159322c9452","name":"Pablo","image":{"@type":"ImageObject","inLanguage":"ca","@id":"https:\/\/secure.gravatar.com\/avatar\/c948169b402ef9492afde705c3dfd5e90e1a6a84ef6840a91124f805a25a480f?s=96&d=mm&r=g","url":"https:\/\/secure.gravatar.com\/avatar\/c948169b402ef9492afde705c3dfd5e90e1a6a84ef6840a91124f805a25a480f?s=96&d=mm&r=g","contentUrl":"https:\/\/secure.gravatar.com\/avatar\/c948169b402ef9492afde705c3dfd5e90e1a6a84ef6840a91124f805a25a480f?s=96&d=mm&r=g","caption":"Pablo"},"url":"https:\/\/www.sindicaturabarcelona.cat\/ca\/author\/pablo\/"}]}},"_links":{"self":[{"href":"https:\/\/www.sindicaturabarcelona.cat\/ca\/wp-json\/wp\/v2\/posts\/14468","targetHints":{"allow":["GET"]}}],"collection":[{"href":"https:\/\/www.sindicaturabarcelona.cat\/ca\/wp-json\/wp\/v2\/posts"}],"about":[{"href":"https:\/\/www.sindicaturabarcelona.cat\/ca\/wp-json\/wp\/v2\/types\/post"}],"author":[{"embeddable":true,"href":"https:\/\/www.sindicaturabarcelona.cat\/ca\/wp-json\/wp\/v2\/users\/2"}],"replies":[{"embeddable":true,"href":"https:\/\/www.sindicaturabarcelona.cat\/ca\/wp-json\/wp\/v2\/comments?post=14468"}],"version-history":[{"count":0,"href":"https:\/\/www.sindicaturabarcelona.cat\/ca\/wp-json\/wp\/v2\/posts\/14468\/revisions"}],"wp:featuredmedia":[{"embeddable":true,"href":"https:\/\/www.sindicaturabarcelona.cat\/ca\/wp-json\/wp\/v2\/media\/14469"}],"wp:attachment":[{"href":"https:\/\/www.sindicaturabarcelona.cat\/ca\/wp-json\/wp\/v2\/media?parent=14468"}],"wp:term":[{"taxonomy":"post_tag","embeddable":true,"href":"https:\/\/www.sindicaturabarcelona.cat\/ca\/wp-json\/wp\/v2\/tags?post=14468"},{"taxonomy":"drets","embeddable":true,"href":"https:\/\/www.sindicaturabarcelona.cat\/ca\/wp-json\/wp\/v2\/drets?post=14468"}],"curies":[{"name":"wp","href":"https:\/\/api.w.org\/{rel}","templated":true}]}}