{"id":14455,"date":"2022-06-19T22:38:47","date_gmt":"2022-06-19T20:38:47","guid":{"rendered":"https:\/\/www.sindicaturabarcelona.cat\/?p=14455"},"modified":"2023-05-11T13:12:33","modified_gmt":"2023-05-11T11:12:33","slug":"la-caducitat-dun-dret-funerari-quan-es-produeix-i-que-suposa","status":"publish","type":"post","link":"https:\/\/www.sindicaturabarcelona.cat\/ca\/la-caducitat-dun-dret-funerari-quan-es-produeix-i-que-suposa\/","title":{"rendered":"La caducitat d\u2019un dret funerari: quan es produeix i qu\u00e8 suposa"},"content":{"rendered":"\n<p class=\"has-text-align-justify\">Hist\u00f2ricament, la <a href=\"https:\/\/www.sindicaturabarcelona.cat\" target=\"_blank\" aria-label=\"Sindicatura de Greuges de Barcelona (opens in a new tab)\" rel=\"noreferrer noopener\" class=\"ek-link\">Sindicatura de Greuges de Barcelona<\/a> ha estat coneixedora i receptora de reclams de la ciutadania davant la tramitaci\u00f3 d\u2019un expedient de caducitat d\u2019un dret funerari. Cal recordar que <strong>els drets funeraris a la ciutat estan regulats per l\u2019<\/strong><a href=\"https:\/\/www.cbsa.cat\/wp-content\/uploads\/2018\/02\/Ordenan%C3%A7a-2017.pdf\" target=\"_blank\" rel=\"noreferrer noopener\"><strong>Ordenan\u00e7a de cementiris<\/strong><\/a> de l\u2019Ajuntament de Barcelona (les darreres modificacions van aprovar-se el 24 de novembre del 2017 per part del Plenari del Consell Municipal).<\/p>\n\n\n\n<p><strong><span style=\"text-decoration: underline;\" class=\"ek-underline\">Quan caduca un dret funerari i qu\u00e8 comporta?<\/span><\/strong><\/p>\n\n\n\n<p class=\"has-text-align-justify\">L\u2019Ordenan\u00e7a estableix que <strong>es considera <em>aband\u00f3 de la sepultura<\/em> el transcurs de 20 anys seguits d\u2019en\u00e7\u00e0 del darrer pagament dels drets de conservaci\u00f3<\/strong>. De conformitat amb els articles 69.b i 70.4, <strong>despr\u00e9s de l\u2019aband\u00f3 de la sepultura, es podr\u00e0 declarar la caducitat<\/strong> i aquesta revertir\u00e0 a l\u2019Ajuntament. Si es tramita l\u2019expedient de declaraci\u00f3 de caducitat d\u2019una sepultura, aquest <strong>comporta el desnonament del n\u00ednxol i el trasllat de les restes a un ossari com\u00fa<\/strong>, del qual \u00e9s impossible recuperar-les.&nbsp;<\/p>\n\n\n\n<p class=\"has-text-align-justify\">Altres motius per declarar la caducitat d\u2019un dret funerari s\u00f3n els seg\u00fcents: per l\u2019estat ru\u00efn\u00f3s de la construcci\u00f3 quan aquesta sigui particular; pel transcurs del termini de concessi\u00f3 temporal sense produir-se l\u2019exercici del dret d\u2019adquisici\u00f3 preferent o pr\u00f2rroga, o per impagament de qualsevol dels terminis a llur venciment en les sepultures adjudicades a terminis.<\/p>\n\n\n\n<p class=\"has-text-align-justify\">En la declaraci\u00f3 de caducitat dels drets funeraris, Cementiris de Barcelona, SA (CBSA) aplica el protocol intern anomenat <a href=\"https:\/\/www.cbsa.cat\/docs-transparencia\/Procediment%20caducitat%20de%20dret%20funerari%20mar%C3%A7%202018.pdf\" target=\"_blank\" rel=\"noreferrer noopener\"><em>Proc\u00e9s seguit en la caducitat dels drets funeraris per aband\u00f3 de la sepultura<\/em><\/a><em> (2020)<\/em>. Aquest <strong>protocol incorpora algunes mesures proposades per aquesta Sindicatura l\u2019any 2019 per refor\u00e7ar les garanties de les persones titulars dels drets funeraris<\/strong>, despr\u00e9s d\u2019estudiar diverses queixes sobre aquest assumpte.<\/p>\n\n\n\n<p>L\u2019apartat 6 d\u2019aquest protocol estableix el seg\u00fcent:<\/p>\n\n\n\n<p class=\"has-text-align-justify\"><em>Un cop declarada ferma la caducitat del dret funerari es fa una comprovaci\u00f3 presencial de l\u2019estat del n\u00ednxol. Si el n\u00ednxol es troba en bon estat de conservaci\u00f3 (relativament net, flors fresques, fotografies recents, etc.) queda susp\u00e8s el procediment del trasllat de restes a l\u2019ossera general.<\/em><\/p>\n\n\n\n<p class=\"has-text-align-justify\"><em>En aquests casos s\u2019adherir\u00e0 a la sepultura un av\u00eds (visible per\u00f2 discret) on s\u2019indicar\u00e0 -Es prega a la persona titular d\u2019aquesta sepultura, successors, o interessats, que acudeixin a l\u2019Administraci\u00f3 del cementiri, truquin al tel\u00e8fon 934841999 o escriguin a cbsa@cbsa.cat per una gesti\u00f3 del seu inter\u00e8s.<\/em><\/p>\n\n\n\n<p class=\"has-text-align-justify\">De la lectura d\u2019aquest extracte, la Sindicatura de Greuges de Barcelona conclou que <strong>l\u2019estat de conservaci\u00f3 de la sepultura \u00e9s un element determinant per executar-ne el desnonament<\/strong>. Per tant, considera <strong>imprescindible que l\u2019expedient administratiu de caducitat contingui prova d\u2019aquesta circumst\u00e0ncia. <\/strong>En algunes de les queixes rebudes a la Sindicatura, aquesta informaci\u00f3 no es referia en l\u2019expedient de declaraci\u00f3 de caducitat d\u2019una sepultura.<\/p>\n\n\n\n<p class=\"has-text-align-justify\">En aquest proc\u00e9s de declaraci\u00f3 de caducitat del dret funerari, la defensoria de la ciutadania barcelonina tamb\u00e9 estima necessari referir-se a la pr\u00e0ctica de notificaci\u00f3. En ocasions, ha copsat que la notificaci\u00f3 s\u2019estava dirigint a la persona inhumada en aquella sepultura, perqu\u00e8 era la persona titular del dret funerari. Per aquest motiu, la Sindicatura assenyala que el registre de la titularitat no est\u00e0 suficientment actualitzat i caldria plantejar millores per regularitzar la situaci\u00f3 de titularitat del dret funerari.<\/p>\n\n\n\n<p class=\"has-text-align-justify\">La Sindicatura de Greuges de Barcelona considera que les conseq\u00fc\u00e8ncies de l\u2019execuci\u00f3 d\u2019una declaraci\u00f3 de <strong>caducitat d\u2019un dret funerari poden tenir un impacte moral molt important sobre les persones afectades, ja que el trasllat de restes a l\u2019ossera \u00e9s una actuaci\u00f3 irreversible<\/strong>. Per aquest motiu, cal tenir una cautela especial i extremar les precaucions perqu\u00e8 la desaparici\u00f3 de les restes de persones que van ser estimades en vida suposa danys morals.<\/p>\n\n\n\n<p class=\"has-text-align-justify\">Durant el primer semestre de l\u2019any 2022, s\u2019han publicat al BOPB (Butllet\u00ed Oficial de la Prov\u00edncia de Barcelona) un total de 4.390 anuncis per tal que les persones citades regularitzin la situaci\u00f3 de la sepultura i informant-los de l\u2019inici de la tramitaci\u00f3 de l\u2019expedient de la caducitat. <strong>\u201c\u00c9s una xifra elevada, que afecta als diversos cementiris de la ciutat. Caldria valorar la possibilitat d\u2019informar la ciutadania a trav\u00e9s d\u2019altres mitjans m\u00e9s efectius\u201d<\/strong>, ha manifestat el s\u00edndic de greuges de Barcelona, David Bondia.<\/p>\n","protected":false},"excerpt":{"rendered":"<p>Hist\u00f2ricament, la Sindicatura de Greuges de Barcelona ha estat coneixedora i receptora de reclams de la ciutadania davant la tramitaci\u00f3 d\u2019un expedient de caducitat d\u2019un dret funerari. Cal recordar que [&hellip;]<\/p>\n","protected":false},"author":2,"featured_media":14456,"comment_status":"closed","ping_status":"open","sticky":false,"template":"","format":"standard","meta":{"_acf_changed":false,"footnotes":""},"tags":[],"drets":[1440,1453],"class_list":["post-14455","post","type-post","status-publish","format-standard","has-post-thumbnail","hentry","drets-ciutat-garantista","drets-drets-funeraris"],"acf":[],"yoast_head":"<!-- This site is optimized with the Yoast SEO plugin v27.5 - https:\/\/yoast.com\/product\/yoast-seo-wordpress\/ -->\n<title>La caducitat d\u2019un dret funerari: quan es produeix i qu\u00e8 suposa - Sindicatura de Greuges de Barcelona<\/title>\n<meta name=\"description\" content=\"Si es tramita l\u2019expedient de declaraci\u00f3 de caducitat d\u2019una sepultura, aquest comporta el desnonament del n\u00ednxol i el trasllat de les...\" \/>\n<meta name=\"robots\" content=\"index, follow, max-snippet:-1, max-image-preview:large, max-video-preview:-1\" \/>\n<link rel=\"canonical\" href=\"https:\/\/www.sindicaturabarcelona.cat\/ca\/la-caducitat-dun-dret-funerari-quan-es-produeix-i-que-suposa\/\" \/>\n<meta property=\"og:locale\" content=\"ca_ES\" \/>\n<meta property=\"og:type\" content=\"article\" \/>\n<meta property=\"og:title\" content=\"La caducitat d\u2019un dret funerari: quan es produeix i qu\u00e8 suposa - Sindicatura de Greuges de Barcelona\" \/>\n<meta property=\"og:description\" content=\"Si es tramita l\u2019expedient de declaraci\u00f3 de caducitat d\u2019una sepultura, aquest comporta el desnonament del n\u00ednxol i el trasllat de les...\" \/>\n<meta property=\"og:url\" content=\"https:\/\/www.sindicaturabarcelona.cat\/ca\/la-caducitat-dun-dret-funerari-quan-es-produeix-i-que-suposa\/\" \/>\n<meta property=\"og:site_name\" content=\"Sindicatura de Greuges de Barcelona\" \/>\n<meta property=\"article:published_time\" content=\"2022-06-19T20:38:47+00:00\" \/>\n<meta property=\"article:modified_time\" content=\"2023-05-11T11:12:33+00:00\" \/>\n<meta property=\"og:image\" content=\"https:\/\/www.sindicaturabarcelona.cat\/wp-content\/uploads\/2022\/06\/8576_DISE-Cementiri-de-Montjui\u0308c-14-12-14-VZ-44.jpg\" \/>\n\t<meta property=\"og:image:width\" content=\"1024\" \/>\n\t<meta property=\"og:image:height\" content=\"683\" \/>\n\t<meta property=\"og:image:type\" content=\"image\/jpeg\" \/>\n<meta name=\"author\" content=\"Pablo\" \/>\n<meta name=\"twitter:card\" content=\"summary_large_image\" \/>\n<meta name=\"twitter:creator\" content=\"@sindicbarcelona\" \/>\n<meta name=\"twitter:site\" content=\"@sindicbarcelona\" \/>\n<meta name=\"twitter:label1\" content=\"Escrit per\" \/>\n\t<meta name=\"twitter:data1\" content=\"Pablo\" \/>\n\t<meta name=\"twitter:label2\" content=\"Temps estimat de lectura\" \/>\n\t<meta name=\"twitter:data2\" content=\"4 minuts\" \/>\n<script type=\"application\/ld+json\" class=\"yoast-schema-graph\">{\"@context\":\"https:\\\/\\\/schema.org\",\"@graph\":[{\"@type\":\"Article\",\"@id\":\"https:\\\/\\\/www.sindicaturabarcelona.cat\\\/ca\\\/la-caducitat-dun-dret-funerari-quan-es-produeix-i-que-suposa\\\/#article\",\"isPartOf\":{\"@id\":\"https:\\\/\\\/www.sindicaturabarcelona.cat\\\/ca\\\/la-caducitat-dun-dret-funerari-quan-es-produeix-i-que-suposa\\\/\"},\"author\":{\"name\":\"Pablo\",\"@id\":\"https:\\\/\\\/www.sindicaturabarcelona.cat\\\/ca\\\/#\\\/schema\\\/person\\\/0e5acffc350ffdbc97578159322c9452\"},\"headline\":\"La caducitat d\u2019un dret funerari: quan es produeix i qu\u00e8 suposa\",\"datePublished\":\"2022-06-19T20:38:47+00:00\",\"dateModified\":\"2023-05-11T11:12:33+00:00\",\"mainEntityOfPage\":{\"@id\":\"https:\\\/\\\/www.sindicaturabarcelona.cat\\\/ca\\\/la-caducitat-dun-dret-funerari-quan-es-produeix-i-que-suposa\\\/\"},\"wordCount\":730,\"publisher\":{\"@id\":\"https:\\\/\\\/www.sindicaturabarcelona.cat\\\/ca\\\/#organization\"},\"image\":{\"@id\":\"https:\\\/\\\/www.sindicaturabarcelona.cat\\\/ca\\\/la-caducitat-dun-dret-funerari-quan-es-produeix-i-que-suposa\\\/#primaryimage\"},\"thumbnailUrl\":\"https:\\\/\\\/www.sindicaturabarcelona.cat\\\/wp-content\\\/uploads\\\/2022\\\/06\\\/8576_DISE-Cementiri-de-Montjui\u0308c-14-12-14-VZ-44.jpg\",\"articleSection\":[\"Uncategorized @ca\"],\"inLanguage\":\"ca\"},{\"@type\":\"WebPage\",\"@id\":\"https:\\\/\\\/www.sindicaturabarcelona.cat\\\/ca\\\/la-caducitat-dun-dret-funerari-quan-es-produeix-i-que-suposa\\\/\",\"url\":\"https:\\\/\\\/www.sindicaturabarcelona.cat\\\/ca\\\/la-caducitat-dun-dret-funerari-quan-es-produeix-i-que-suposa\\\/\",\"name\":\"La caducitat d\u2019un dret funerari: quan es produeix i qu\u00e8 suposa - Sindicatura de Greuges de Barcelona\",\"isPartOf\":{\"@id\":\"https:\\\/\\\/www.sindicaturabarcelona.cat\\\/ca\\\/#website\"},\"primaryImageOfPage\":{\"@id\":\"https:\\\/\\\/www.sindicaturabarcelona.cat\\\/ca\\\/la-caducitat-dun-dret-funerari-quan-es-produeix-i-que-suposa\\\/#primaryimage\"},\"image\":{\"@id\":\"https:\\\/\\\/www.sindicaturabarcelona.cat\\\/ca\\\/la-caducitat-dun-dret-funerari-quan-es-produeix-i-que-suposa\\\/#primaryimage\"},\"thumbnailUrl\":\"https:\\\/\\\/www.sindicaturabarcelona.cat\\\/wp-content\\\/uploads\\\/2022\\\/06\\\/8576_DISE-Cementiri-de-Montjui\u0308c-14-12-14-VZ-44.jpg\",\"datePublished\":\"2022-06-19T20:38:47+00:00\",\"dateModified\":\"2023-05-11T11:12:33+00:00\",\"description\":\"Si es tramita l\u2019expedient de declaraci\u00f3 de caducitat d\u2019una sepultura, aquest comporta el desnonament del n\u00ednxol i el trasllat de les...\",\"breadcrumb\":{\"@id\":\"https:\\\/\\\/www.sindicaturabarcelona.cat\\\/ca\\\/la-caducitat-dun-dret-funerari-quan-es-produeix-i-que-suposa\\\/#breadcrumb\"},\"inLanguage\":\"ca\",\"potentialAction\":[{\"@type\":\"ReadAction\",\"target\":[\"https:\\\/\\\/www.sindicaturabarcelona.cat\\\/ca\\\/la-caducitat-dun-dret-funerari-quan-es-produeix-i-que-suposa\\\/\"]}]},{\"@type\":\"ImageObject\",\"inLanguage\":\"ca\",\"@id\":\"https:\\\/\\\/www.sindicaturabarcelona.cat\\\/ca\\\/la-caducitat-dun-dret-funerari-quan-es-produeix-i-que-suposa\\\/#primaryimage\",\"url\":\"https:\\\/\\\/www.sindicaturabarcelona.cat\\\/wp-content\\\/uploads\\\/2022\\\/06\\\/8576_DISE-Cementiri-de-Montjui\u0308c-14-12-14-VZ-44.jpg\",\"contentUrl\":\"https:\\\/\\\/www.sindicaturabarcelona.cat\\\/wp-content\\\/uploads\\\/2022\\\/06\\\/8576_DISE-Cementiri-de-Montjui\u0308c-14-12-14-VZ-44.jpg\",\"width\":1024,\"height\":683,\"caption\":\"Dret funerari\"},{\"@type\":\"BreadcrumbList\",\"@id\":\"https:\\\/\\\/www.sindicaturabarcelona.cat\\\/ca\\\/la-caducitat-dun-dret-funerari-quan-es-produeix-i-que-suposa\\\/#breadcrumb\",\"itemListElement\":[{\"@type\":\"ListItem\",\"position\":1,\"name\":\"Inici\",\"item\":\"https:\\\/\\\/www.sindicaturabarcelona.cat\\\/ca\\\/\"},{\"@type\":\"ListItem\",\"position\":2,\"name\":\"La caducitat d\u2019un dret funerari: quan es produeix i qu\u00e8 suposa\"}]},{\"@type\":\"WebSite\",\"@id\":\"https:\\\/\\\/www.sindicaturabarcelona.cat\\\/ca\\\/#website\",\"url\":\"https:\\\/\\\/www.sindicaturabarcelona.cat\\\/ca\\\/\",\"name\":\"Sindicatura de Greuges de Barcelona\",\"description\":\"La defensoria dels teus drets\",\"publisher\":{\"@id\":\"https:\\\/\\\/www.sindicaturabarcelona.cat\\\/ca\\\/#organization\"},\"potentialAction\":[{\"@type\":\"SearchAction\",\"target\":{\"@type\":\"EntryPoint\",\"urlTemplate\":\"https:\\\/\\\/www.sindicaturabarcelona.cat\\\/ca\\\/?s={search_term_string}\"},\"query-input\":{\"@type\":\"PropertyValueSpecification\",\"valueRequired\":true,\"valueName\":\"search_term_string\"}}],\"inLanguage\":\"ca\"},{\"@type\":\"Organization\",\"@id\":\"https:\\\/\\\/www.sindicaturabarcelona.cat\\\/ca\\\/#organization\",\"name\":\"Sindicatura de Greuges de Barcelona\",\"url\":\"https:\\\/\\\/www.sindicaturabarcelona.cat\\\/ca\\\/\",\"logo\":{\"@type\":\"ImageObject\",\"inLanguage\":\"ca\",\"@id\":\"https:\\\/\\\/www.sindicaturabarcelona.cat\\\/ca\\\/#\\\/schema\\\/logo\\\/image\\\/\",\"url\":\"https:\\\/\\\/www.sindicaturabarcelona.cat\\\/wp-content\\\/uploads\\\/2023\\\/02\\\/logo_sindicatura.svg\",\"contentUrl\":\"https:\\\/\\\/www.sindicaturabarcelona.cat\\\/wp-content\\\/uploads\\\/2023\\\/02\\\/logo_sindicatura.svg\",\"caption\":\"Sindicatura de Greuges de Barcelona\"},\"image\":{\"@id\":\"https:\\\/\\\/www.sindicaturabarcelona.cat\\\/ca\\\/#\\\/schema\\\/logo\\\/image\\\/\"},\"sameAs\":[\"https:\\\/\\\/x.com\\\/sindicbarcelona\",\"https:\\\/\\\/www.instagram.com\\\/sindicbarcelona\\\/\",\"https:\\\/\\\/www.tiktok.com\\\/@sindicaturabcn\",\"https:\\\/\\\/t.me\\\/sindicaturabarcelona\"]},{\"@type\":\"Person\",\"@id\":\"https:\\\/\\\/www.sindicaturabarcelona.cat\\\/ca\\\/#\\\/schema\\\/person\\\/0e5acffc350ffdbc97578159322c9452\",\"name\":\"Pablo\",\"image\":{\"@type\":\"ImageObject\",\"inLanguage\":\"ca\",\"@id\":\"https:\\\/\\\/secure.gravatar.com\\\/avatar\\\/c948169b402ef9492afde705c3dfd5e90e1a6a84ef6840a91124f805a25a480f?s=96&d=mm&r=g\",\"url\":\"https:\\\/\\\/secure.gravatar.com\\\/avatar\\\/c948169b402ef9492afde705c3dfd5e90e1a6a84ef6840a91124f805a25a480f?s=96&d=mm&r=g\",\"contentUrl\":\"https:\\\/\\\/secure.gravatar.com\\\/avatar\\\/c948169b402ef9492afde705c3dfd5e90e1a6a84ef6840a91124f805a25a480f?s=96&d=mm&r=g\",\"caption\":\"Pablo\"},\"url\":\"https:\\\/\\\/www.sindicaturabarcelona.cat\\\/ca\\\/author\\\/pablo\\\/\"}]}<\/script>\n<!-- \/ Yoast SEO plugin. -->","yoast_head_json":{"title":"La caducitat d\u2019un dret funerari: quan es produeix i qu\u00e8 suposa - Sindicatura de Greuges de Barcelona","description":"Si es tramita l\u2019expedient de declaraci\u00f3 de caducitat d\u2019una sepultura, aquest comporta el desnonament del n\u00ednxol i el trasllat de les...","robots":{"index":"index","follow":"follow","max-snippet":"max-snippet:-1","max-image-preview":"max-image-preview:large","max-video-preview":"max-video-preview:-1"},"canonical":"https:\/\/www.sindicaturabarcelona.cat\/ca\/la-caducitat-dun-dret-funerari-quan-es-produeix-i-que-suposa\/","og_locale":"ca_ES","og_type":"article","og_title":"La caducitat d\u2019un dret funerari: quan es produeix i qu\u00e8 suposa - Sindicatura de Greuges de Barcelona","og_description":"Si es tramita l\u2019expedient de declaraci\u00f3 de caducitat d\u2019una sepultura, aquest comporta el desnonament del n\u00ednxol i el trasllat de les...","og_url":"https:\/\/www.sindicaturabarcelona.cat\/ca\/la-caducitat-dun-dret-funerari-quan-es-produeix-i-que-suposa\/","og_site_name":"Sindicatura de Greuges de Barcelona","article_published_time":"2022-06-19T20:38:47+00:00","article_modified_time":"2023-05-11T11:12:33+00:00","og_image":[{"width":1024,"height":683,"url":"https:\/\/www.sindicaturabarcelona.cat\/wp-content\/uploads\/2022\/06\/8576_DISE-Cementiri-de-Montjui\u0308c-14-12-14-VZ-44.jpg","type":"image\/jpeg"}],"author":"Pablo","twitter_card":"summary_large_image","twitter_creator":"@sindicbarcelona","twitter_site":"@sindicbarcelona","twitter_misc":{"Escrit per":"Pablo","Temps estimat de lectura":"4 minuts"},"schema":{"@context":"https:\/\/schema.org","@graph":[{"@type":"Article","@id":"https:\/\/www.sindicaturabarcelona.cat\/ca\/la-caducitat-dun-dret-funerari-quan-es-produeix-i-que-suposa\/#article","isPartOf":{"@id":"https:\/\/www.sindicaturabarcelona.cat\/ca\/la-caducitat-dun-dret-funerari-quan-es-produeix-i-que-suposa\/"},"author":{"name":"Pablo","@id":"https:\/\/www.sindicaturabarcelona.cat\/ca\/#\/schema\/person\/0e5acffc350ffdbc97578159322c9452"},"headline":"La caducitat d\u2019un dret funerari: quan es produeix i qu\u00e8 suposa","datePublished":"2022-06-19T20:38:47+00:00","dateModified":"2023-05-11T11:12:33+00:00","mainEntityOfPage":{"@id":"https:\/\/www.sindicaturabarcelona.cat\/ca\/la-caducitat-dun-dret-funerari-quan-es-produeix-i-que-suposa\/"},"wordCount":730,"publisher":{"@id":"https:\/\/www.sindicaturabarcelona.cat\/ca\/#organization"},"image":{"@id":"https:\/\/www.sindicaturabarcelona.cat\/ca\/la-caducitat-dun-dret-funerari-quan-es-produeix-i-que-suposa\/#primaryimage"},"thumbnailUrl":"https:\/\/www.sindicaturabarcelona.cat\/wp-content\/uploads\/2022\/06\/8576_DISE-Cementiri-de-Montjui\u0308c-14-12-14-VZ-44.jpg","articleSection":["Uncategorized @ca"],"inLanguage":"ca"},{"@type":"WebPage","@id":"https:\/\/www.sindicaturabarcelona.cat\/ca\/la-caducitat-dun-dret-funerari-quan-es-produeix-i-que-suposa\/","url":"https:\/\/www.sindicaturabarcelona.cat\/ca\/la-caducitat-dun-dret-funerari-quan-es-produeix-i-que-suposa\/","name":"La caducitat d\u2019un dret funerari: quan es produeix i qu\u00e8 suposa - Sindicatura de Greuges de Barcelona","isPartOf":{"@id":"https:\/\/www.sindicaturabarcelona.cat\/ca\/#website"},"primaryImageOfPage":{"@id":"https:\/\/www.sindicaturabarcelona.cat\/ca\/la-caducitat-dun-dret-funerari-quan-es-produeix-i-que-suposa\/#primaryimage"},"image":{"@id":"https:\/\/www.sindicaturabarcelona.cat\/ca\/la-caducitat-dun-dret-funerari-quan-es-produeix-i-que-suposa\/#primaryimage"},"thumbnailUrl":"https:\/\/www.sindicaturabarcelona.cat\/wp-content\/uploads\/2022\/06\/8576_DISE-Cementiri-de-Montjui\u0308c-14-12-14-VZ-44.jpg","datePublished":"2022-06-19T20:38:47+00:00","dateModified":"2023-05-11T11:12:33+00:00","description":"Si es tramita l\u2019expedient de declaraci\u00f3 de caducitat d\u2019una sepultura, aquest comporta el desnonament del n\u00ednxol i el trasllat de les...","breadcrumb":{"@id":"https:\/\/www.sindicaturabarcelona.cat\/ca\/la-caducitat-dun-dret-funerari-quan-es-produeix-i-que-suposa\/#breadcrumb"},"inLanguage":"ca","potentialAction":[{"@type":"ReadAction","target":["https:\/\/www.sindicaturabarcelona.cat\/ca\/la-caducitat-dun-dret-funerari-quan-es-produeix-i-que-suposa\/"]}]},{"@type":"ImageObject","inLanguage":"ca","@id":"https:\/\/www.sindicaturabarcelona.cat\/ca\/la-caducitat-dun-dret-funerari-quan-es-produeix-i-que-suposa\/#primaryimage","url":"https:\/\/www.sindicaturabarcelona.cat\/wp-content\/uploads\/2022\/06\/8576_DISE-Cementiri-de-Montjui\u0308c-14-12-14-VZ-44.jpg","contentUrl":"https:\/\/www.sindicaturabarcelona.cat\/wp-content\/uploads\/2022\/06\/8576_DISE-Cementiri-de-Montjui\u0308c-14-12-14-VZ-44.jpg","width":1024,"height":683,"caption":"Dret funerari"},{"@type":"BreadcrumbList","@id":"https:\/\/www.sindicaturabarcelona.cat\/ca\/la-caducitat-dun-dret-funerari-quan-es-produeix-i-que-suposa\/#breadcrumb","itemListElement":[{"@type":"ListItem","position":1,"name":"Inici","item":"https:\/\/www.sindicaturabarcelona.cat\/ca\/"},{"@type":"ListItem","position":2,"name":"La caducitat d\u2019un dret funerari: quan es produeix i qu\u00e8 suposa"}]},{"@type":"WebSite","@id":"https:\/\/www.sindicaturabarcelona.cat\/ca\/#website","url":"https:\/\/www.sindicaturabarcelona.cat\/ca\/","name":"Sindicatura de Greuges de Barcelona","description":"La defensoria dels teus drets","publisher":{"@id":"https:\/\/www.sindicaturabarcelona.cat\/ca\/#organization"},"potentialAction":[{"@type":"SearchAction","target":{"@type":"EntryPoint","urlTemplate":"https:\/\/www.sindicaturabarcelona.cat\/ca\/?s={search_term_string}"},"query-input":{"@type":"PropertyValueSpecification","valueRequired":true,"valueName":"search_term_string"}}],"inLanguage":"ca"},{"@type":"Organization","@id":"https:\/\/www.sindicaturabarcelona.cat\/ca\/#organization","name":"Sindicatura de Greuges de Barcelona","url":"https:\/\/www.sindicaturabarcelona.cat\/ca\/","logo":{"@type":"ImageObject","inLanguage":"ca","@id":"https:\/\/www.sindicaturabarcelona.cat\/ca\/#\/schema\/logo\/image\/","url":"https:\/\/www.sindicaturabarcelona.cat\/wp-content\/uploads\/2023\/02\/logo_sindicatura.svg","contentUrl":"https:\/\/www.sindicaturabarcelona.cat\/wp-content\/uploads\/2023\/02\/logo_sindicatura.svg","caption":"Sindicatura de Greuges de Barcelona"},"image":{"@id":"https:\/\/www.sindicaturabarcelona.cat\/ca\/#\/schema\/logo\/image\/"},"sameAs":["https:\/\/x.com\/sindicbarcelona","https:\/\/www.instagram.com\/sindicbarcelona\/","https:\/\/www.tiktok.com\/@sindicaturabcn","https:\/\/t.me\/sindicaturabarcelona"]},{"@type":"Person","@id":"https:\/\/www.sindicaturabarcelona.cat\/ca\/#\/schema\/person\/0e5acffc350ffdbc97578159322c9452","name":"Pablo","image":{"@type":"ImageObject","inLanguage":"ca","@id":"https:\/\/secure.gravatar.com\/avatar\/c948169b402ef9492afde705c3dfd5e90e1a6a84ef6840a91124f805a25a480f?s=96&d=mm&r=g","url":"https:\/\/secure.gravatar.com\/avatar\/c948169b402ef9492afde705c3dfd5e90e1a6a84ef6840a91124f805a25a480f?s=96&d=mm&r=g","contentUrl":"https:\/\/secure.gravatar.com\/avatar\/c948169b402ef9492afde705c3dfd5e90e1a6a84ef6840a91124f805a25a480f?s=96&d=mm&r=g","caption":"Pablo"},"url":"https:\/\/www.sindicaturabarcelona.cat\/ca\/author\/pablo\/"}]}},"_links":{"self":[{"href":"https:\/\/www.sindicaturabarcelona.cat\/ca\/wp-json\/wp\/v2\/posts\/14455","targetHints":{"allow":["GET"]}}],"collection":[{"href":"https:\/\/www.sindicaturabarcelona.cat\/ca\/wp-json\/wp\/v2\/posts"}],"about":[{"href":"https:\/\/www.sindicaturabarcelona.cat\/ca\/wp-json\/wp\/v2\/types\/post"}],"author":[{"embeddable":true,"href":"https:\/\/www.sindicaturabarcelona.cat\/ca\/wp-json\/wp\/v2\/users\/2"}],"replies":[{"embeddable":true,"href":"https:\/\/www.sindicaturabarcelona.cat\/ca\/wp-json\/wp\/v2\/comments?post=14455"}],"version-history":[{"count":0,"href":"https:\/\/www.sindicaturabarcelona.cat\/ca\/wp-json\/wp\/v2\/posts\/14455\/revisions"}],"wp:featuredmedia":[{"embeddable":true,"href":"https:\/\/www.sindicaturabarcelona.cat\/ca\/wp-json\/wp\/v2\/media\/14456"}],"wp:attachment":[{"href":"https:\/\/www.sindicaturabarcelona.cat\/ca\/wp-json\/wp\/v2\/media?parent=14455"}],"wp:term":[{"taxonomy":"post_tag","embeddable":true,"href":"https:\/\/www.sindicaturabarcelona.cat\/ca\/wp-json\/wp\/v2\/tags?post=14455"},{"taxonomy":"drets","embeddable":true,"href":"https:\/\/www.sindicaturabarcelona.cat\/ca\/wp-json\/wp\/v2\/drets?post=14455"}],"curies":[{"name":"wp","href":"https:\/\/api.w.org\/{rel}","templated":true}]}}