{"id":14407,"date":"2022-06-14T12:26:30","date_gmt":"2022-06-14T10:26:30","guid":{"rendered":"https:\/\/www.sindicaturabarcelona.cat\/?p=14407"},"modified":"2023-05-11T13:13:09","modified_gmt":"2023-05-11T11:13:09","slug":"la-sindicatura-de-greuges-de-barcelona-du-a-terme-una-visita-a-dues-zones-doci-nocturn-a-lespai-public-el-forum-i-el-triangle-golfo","status":"publish","type":"post","link":"https:\/\/www.sindicaturabarcelona.cat\/ca\/la-sindicatura-de-greuges-de-barcelona-du-a-terme-una-visita-a-dues-zones-doci-nocturn-a-lespai-public-el-forum-i-el-triangle-golfo\/","title":{"rendered":"La Sindicatura de Greuges de Barcelona du a terme una visita a dues zones d\u2019oci nocturn a l\u2019espai p\u00fablic: el F\u00f2rum i el triangle golfo"},"content":{"rendered":"\n<p class=\"has-text-align-justify\">La nit del dissabte 11 de juny, el s\u00edndic de greuges de Barcelona, David Bondia, i membres del seu equip, van visitar dues zones de la ciutat on recurrentment hi ha queixes ve\u00efnals per les mol\u00e8sties derivades de les pr\u00e0ctiques d\u2019oci nocturn a l\u2019espai p\u00fablic: els entorns del F\u00f2rum i el <em>triangle golfo<\/em>.<\/p>\n\n\n\n<p class=\"has-text-align-justify\"><strong>Aquesta visita del s\u00edndic est\u00e0 emmarcada en el nou projecte \u2018A peu de carrer\u2019<\/strong>, que la Sindicatura ha implementat des d\u2019aquest any 2022. Aquesta iniciativa <strong>t\u00e9 els objectius d\u2019acostar la instituci\u00f3 al ve\u00efnat dels 73 barris de la ciutat i de fer una Sindicatura itinerant<\/strong>, que s\u2019apropi a la ciutadania, al teixit associatiu i al teixit empresarial, ja que \u00e9s la manera de con\u00e8ixer i intervenir en les problem\u00e0tiques dels ve\u00efns i ve\u00efnes de la ciutat.<\/p>\n\n\n\n<p class=\"has-text-align-justify\">A la primera visita, a l\u2019entorn del F\u00f2rum, el s\u00edndic i el seu equip van copsar en primera persona les mol\u00e8sties que els festivals, que sovint s\u2019organitzen en aquell entorn, causen al ve\u00efnat de la zona, aix\u00ed com les mesures que s\u2019apliquen per part de <a href=\"https:\/\/www.barcelona.cat\/ca\/\" target=\"_blank\" aria-label=\"l\u2019Administraci\u00f3 (opens in a new tab)\" rel=\"noreferrer noopener\" class=\"ek-link\">l\u2019Administraci\u00f3<\/a>. L\u2019expedici\u00f3 de la Sindicatura va estar acompanyada per representants de l\u2019AV Bes\u00f3s, Moviment Diagonal Mar i Stop Concerts, entre altres.<\/p>\n\n\n\n<p class=\"has-text-align-justify\">Tot seguit, van dirigir-se a la zona del <em>triangle golfo, <\/em>en qu\u00e8 fa setmanes que la <a href=\"https:\/\/www.sindicaturabarcelona.cat\" target=\"_blank\" aria-label=\"Sindicatura de Greuges de Barcelona (opens in a new tab)\" rel=\"noreferrer noopener\" class=\"ek-link\">Sindicatura de Greuges de Barcelona<\/a> ja treballa amb el ve\u00efnat, i van constatar les mol\u00e8sties ac\u00fastiques i de conviv\u00e8ncia que pateixen. En aquesta zona, el s\u00edndic tamb\u00e9 va accedir a domicilis particulars de ve\u00efns i ve\u00efnes, amb l\u2019objectiu de comprovar <em>in situ<\/em> aquestes mol\u00e8sties. La Sindicatura de Greuges de Barcelona <strong>far\u00e0 seguiment d\u2019aquestes problem\u00e0tiques patides pel ve\u00efnat de les dues zones afectades, i continuar\u00e0 actuant per trobar l\u2019equilibri entre el dret a l\u2019oci nocturn i el dret al descans<\/strong>.<\/p>\n","protected":false},"excerpt":{"rendered":"<p>La nit del dissabte 11 de juny, el s\u00edndic de greuges de Barcelona, David Bondia, i membres del seu equip, van visitar dues zones de la ciutat on recurrentment hi [&hellip;]<\/p>\n","protected":false},"author":2,"featured_media":14408,"comment_status":"closed","ping_status":"open","sticky":false,"template":"","format":"standard","meta":{"_acf_changed":false,"footnotes":""},"tags":[],"drets":[1438,1448,1446],"class_list":["post-14407","post","type-post","status-publish","format-standard","has-post-thumbnail","hentry","drets-ciutat-habitable-i-sostenible","drets-dret-al-medi-ambient","drets-dret-a-lespai-public"],"acf":[],"yoast_head":"<!-- This site is optimized with the Yoast SEO plugin v27.5 - https:\/\/yoast.com\/product\/yoast-seo-wordpress\/ -->\n<title>La Sindicatura de Greuges de Barcelona du a terme una visita a dues zones d\u2019oci nocturn a l\u2019espai p\u00fablic: el F\u00f2rum i el triangle golfo - Sindicatura de Greuges de Barcelona<\/title>\n<meta name=\"description\" content=\"La Sindicatura far\u00e0 seguiment d\u2019aquestes problem\u00e0tiques i continuar\u00e0 actuant per trobar l\u2019equilibri entre el dret a l\u2019oci nocturn i el dret al descans.\" \/>\n<meta name=\"robots\" content=\"index, follow, max-snippet:-1, max-image-preview:large, max-video-preview:-1\" \/>\n<link rel=\"canonical\" href=\"https:\/\/www.sindicaturabarcelona.cat\/ca\/la-sindicatura-de-greuges-de-barcelona-du-a-terme-una-visita-a-dues-zones-doci-nocturn-a-lespai-public-el-forum-i-el-triangle-golfo\/\" \/>\n<meta property=\"og:locale\" content=\"ca_ES\" \/>\n<meta property=\"og:type\" content=\"article\" \/>\n<meta property=\"og:title\" content=\"La Sindicatura de Greuges de Barcelona du a terme una visita a dues zones d\u2019oci nocturn a l\u2019espai p\u00fablic: el F\u00f2rum i el triangle golfo - Sindicatura de Greuges de Barcelona\" \/>\n<meta property=\"og:description\" content=\"La Sindicatura far\u00e0 seguiment d\u2019aquestes problem\u00e0tiques i continuar\u00e0 actuant per trobar l\u2019equilibri entre el dret a l\u2019oci nocturn i el dret al descans.\" \/>\n<meta property=\"og:url\" content=\"https:\/\/www.sindicaturabarcelona.cat\/ca\/la-sindicatura-de-greuges-de-barcelona-du-a-terme-una-visita-a-dues-zones-doci-nocturn-a-lespai-public-el-forum-i-el-triangle-golfo\/\" \/>\n<meta property=\"og:site_name\" content=\"Sindicatura de Greuges de Barcelona\" \/>\n<meta property=\"article:published_time\" content=\"2022-06-14T10:26:30+00:00\" \/>\n<meta property=\"article:modified_time\" content=\"2023-05-11T11:13:09+00:00\" \/>\n<meta property=\"og:image\" content=\"https:\/\/www.sindicaturabarcelona.cat\/wp-content\/uploads\/2022\/06\/7D9A7303-scaled.jpg\" \/>\n\t<meta property=\"og:image:width\" content=\"2560\" \/>\n\t<meta property=\"og:image:height\" content=\"1707\" \/>\n\t<meta property=\"og:image:type\" content=\"image\/jpeg\" \/>\n<meta name=\"author\" content=\"Pablo\" \/>\n<meta name=\"twitter:card\" content=\"summary_large_image\" \/>\n<meta name=\"twitter:creator\" content=\"@sindicbarcelona\" \/>\n<meta name=\"twitter:site\" content=\"@sindicbarcelona\" \/>\n<meta name=\"twitter:label1\" content=\"Escrit per\" \/>\n\t<meta name=\"twitter:data1\" content=\"Pablo\" \/>\n\t<meta name=\"twitter:label2\" content=\"Temps estimat de lectura\" \/>\n\t<meta name=\"twitter:data2\" content=\"2 minuts\" \/>\n<script type=\"application\/ld+json\" class=\"yoast-schema-graph\">{\"@context\":\"https:\\\/\\\/schema.org\",\"@graph\":[{\"@type\":\"Article\",\"@id\":\"https:\\\/\\\/www.sindicaturabarcelona.cat\\\/ca\\\/la-sindicatura-de-greuges-de-barcelona-du-a-terme-una-visita-a-dues-zones-doci-nocturn-a-lespai-public-el-forum-i-el-triangle-golfo\\\/#article\",\"isPartOf\":{\"@id\":\"https:\\\/\\\/www.sindicaturabarcelona.cat\\\/ca\\\/la-sindicatura-de-greuges-de-barcelona-du-a-terme-una-visita-a-dues-zones-doci-nocturn-a-lespai-public-el-forum-i-el-triangle-golfo\\\/\"},\"author\":{\"name\":\"Pablo\",\"@id\":\"https:\\\/\\\/www.sindicaturabarcelona.cat\\\/ca\\\/#\\\/schema\\\/person\\\/0e5acffc350ffdbc97578159322c9452\"},\"headline\":\"La Sindicatura de Greuges de Barcelona du a terme una visita a dues zones d\u2019oci nocturn a l\u2019espai p\u00fablic: el F\u00f2rum i el triangle golfo\",\"datePublished\":\"2022-06-14T10:26:30+00:00\",\"dateModified\":\"2023-05-11T11:13:09+00:00\",\"mainEntityOfPage\":{\"@id\":\"https:\\\/\\\/www.sindicaturabarcelona.cat\\\/ca\\\/la-sindicatura-de-greuges-de-barcelona-du-a-terme-una-visita-a-dues-zones-doci-nocturn-a-lespai-public-el-forum-i-el-triangle-golfo\\\/\"},\"wordCount\":358,\"publisher\":{\"@id\":\"https:\\\/\\\/www.sindicaturabarcelona.cat\\\/ca\\\/#organization\"},\"image\":{\"@id\":\"https:\\\/\\\/www.sindicaturabarcelona.cat\\\/ca\\\/la-sindicatura-de-greuges-de-barcelona-du-a-terme-una-visita-a-dues-zones-doci-nocturn-a-lespai-public-el-forum-i-el-triangle-golfo\\\/#primaryimage\"},\"thumbnailUrl\":\"https:\\\/\\\/www.sindicaturabarcelona.cat\\\/wp-content\\\/uploads\\\/2022\\\/06\\\/7D9A7303-scaled.jpg\",\"articleSection\":[\"Uncategorized @ca\"],\"inLanguage\":\"ca\"},{\"@type\":\"WebPage\",\"@id\":\"https:\\\/\\\/www.sindicaturabarcelona.cat\\\/ca\\\/la-sindicatura-de-greuges-de-barcelona-du-a-terme-una-visita-a-dues-zones-doci-nocturn-a-lespai-public-el-forum-i-el-triangle-golfo\\\/\",\"url\":\"https:\\\/\\\/www.sindicaturabarcelona.cat\\\/ca\\\/la-sindicatura-de-greuges-de-barcelona-du-a-terme-una-visita-a-dues-zones-doci-nocturn-a-lespai-public-el-forum-i-el-triangle-golfo\\\/\",\"name\":\"La Sindicatura de Greuges de Barcelona du a terme una visita a dues zones d\u2019oci nocturn a l\u2019espai p\u00fablic: el F\u00f2rum i el triangle golfo - Sindicatura de Greuges de Barcelona\",\"isPartOf\":{\"@id\":\"https:\\\/\\\/www.sindicaturabarcelona.cat\\\/ca\\\/#website\"},\"primaryImageOfPage\":{\"@id\":\"https:\\\/\\\/www.sindicaturabarcelona.cat\\\/ca\\\/la-sindicatura-de-greuges-de-barcelona-du-a-terme-una-visita-a-dues-zones-doci-nocturn-a-lespai-public-el-forum-i-el-triangle-golfo\\\/#primaryimage\"},\"image\":{\"@id\":\"https:\\\/\\\/www.sindicaturabarcelona.cat\\\/ca\\\/la-sindicatura-de-greuges-de-barcelona-du-a-terme-una-visita-a-dues-zones-doci-nocturn-a-lespai-public-el-forum-i-el-triangle-golfo\\\/#primaryimage\"},\"thumbnailUrl\":\"https:\\\/\\\/www.sindicaturabarcelona.cat\\\/wp-content\\\/uploads\\\/2022\\\/06\\\/7D9A7303-scaled.jpg\",\"datePublished\":\"2022-06-14T10:26:30+00:00\",\"dateModified\":\"2023-05-11T11:13:09+00:00\",\"description\":\"La Sindicatura far\u00e0 seguiment d\u2019aquestes problem\u00e0tiques i continuar\u00e0 actuant per trobar l\u2019equilibri entre el dret a l\u2019oci nocturn i el dret al descans.\",\"breadcrumb\":{\"@id\":\"https:\\\/\\\/www.sindicaturabarcelona.cat\\\/ca\\\/la-sindicatura-de-greuges-de-barcelona-du-a-terme-una-visita-a-dues-zones-doci-nocturn-a-lespai-public-el-forum-i-el-triangle-golfo\\\/#breadcrumb\"},\"inLanguage\":\"ca\",\"potentialAction\":[{\"@type\":\"ReadAction\",\"target\":[\"https:\\\/\\\/www.sindicaturabarcelona.cat\\\/ca\\\/la-sindicatura-de-greuges-de-barcelona-du-a-terme-una-visita-a-dues-zones-doci-nocturn-a-lespai-public-el-forum-i-el-triangle-golfo\\\/\"]}]},{\"@type\":\"ImageObject\",\"inLanguage\":\"ca\",\"@id\":\"https:\\\/\\\/www.sindicaturabarcelona.cat\\\/ca\\\/la-sindicatura-de-greuges-de-barcelona-du-a-terme-una-visita-a-dues-zones-doci-nocturn-a-lespai-public-el-forum-i-el-triangle-golfo\\\/#primaryimage\",\"url\":\"https:\\\/\\\/www.sindicaturabarcelona.cat\\\/wp-content\\\/uploads\\\/2022\\\/06\\\/7D9A7303-scaled.jpg\",\"contentUrl\":\"https:\\\/\\\/www.sindicaturabarcelona.cat\\\/wp-content\\\/uploads\\\/2022\\\/06\\\/7D9A7303-scaled.jpg\",\"width\":2560,\"height\":1707,\"caption\":\"Forum i triangle golfo\"},{\"@type\":\"BreadcrumbList\",\"@id\":\"https:\\\/\\\/www.sindicaturabarcelona.cat\\\/ca\\\/la-sindicatura-de-greuges-de-barcelona-du-a-terme-una-visita-a-dues-zones-doci-nocturn-a-lespai-public-el-forum-i-el-triangle-golfo\\\/#breadcrumb\",\"itemListElement\":[{\"@type\":\"ListItem\",\"position\":1,\"name\":\"Inici\",\"item\":\"https:\\\/\\\/www.sindicaturabarcelona.cat\\\/ca\\\/\"},{\"@type\":\"ListItem\",\"position\":2,\"name\":\"La Sindicatura de Greuges de Barcelona du a terme una visita a dues zones d\u2019oci nocturn a l\u2019espai p\u00fablic: el F\u00f2rum i el triangle golfo\"}]},{\"@type\":\"WebSite\",\"@id\":\"https:\\\/\\\/www.sindicaturabarcelona.cat\\\/ca\\\/#website\",\"url\":\"https:\\\/\\\/www.sindicaturabarcelona.cat\\\/ca\\\/\",\"name\":\"Sindicatura de Greuges de Barcelona\",\"description\":\"La defensoria dels teus drets\",\"publisher\":{\"@id\":\"https:\\\/\\\/www.sindicaturabarcelona.cat\\\/ca\\\/#organization\"},\"potentialAction\":[{\"@type\":\"SearchAction\",\"target\":{\"@type\":\"EntryPoint\",\"urlTemplate\":\"https:\\\/\\\/www.sindicaturabarcelona.cat\\\/ca\\\/?s={search_term_string}\"},\"query-input\":{\"@type\":\"PropertyValueSpecification\",\"valueRequired\":true,\"valueName\":\"search_term_string\"}}],\"inLanguage\":\"ca\"},{\"@type\":\"Organization\",\"@id\":\"https:\\\/\\\/www.sindicaturabarcelona.cat\\\/ca\\\/#organization\",\"name\":\"Sindicatura de Greuges de Barcelona\",\"url\":\"https:\\\/\\\/www.sindicaturabarcelona.cat\\\/ca\\\/\",\"logo\":{\"@type\":\"ImageObject\",\"inLanguage\":\"ca\",\"@id\":\"https:\\\/\\\/www.sindicaturabarcelona.cat\\\/ca\\\/#\\\/schema\\\/logo\\\/image\\\/\",\"url\":\"https:\\\/\\\/www.sindicaturabarcelona.cat\\\/wp-content\\\/uploads\\\/2023\\\/02\\\/logo_sindicatura.svg\",\"contentUrl\":\"https:\\\/\\\/www.sindicaturabarcelona.cat\\\/wp-content\\\/uploads\\\/2023\\\/02\\\/logo_sindicatura.svg\",\"caption\":\"Sindicatura de Greuges de Barcelona\"},\"image\":{\"@id\":\"https:\\\/\\\/www.sindicaturabarcelona.cat\\\/ca\\\/#\\\/schema\\\/logo\\\/image\\\/\"},\"sameAs\":[\"https:\\\/\\\/x.com\\\/sindicbarcelona\",\"https:\\\/\\\/www.instagram.com\\\/sindicbarcelona\\\/\",\"https:\\\/\\\/www.tiktok.com\\\/@sindicaturabcn\",\"https:\\\/\\\/t.me\\\/sindicaturabarcelona\"]},{\"@type\":\"Person\",\"@id\":\"https:\\\/\\\/www.sindicaturabarcelona.cat\\\/ca\\\/#\\\/schema\\\/person\\\/0e5acffc350ffdbc97578159322c9452\",\"name\":\"Pablo\",\"image\":{\"@type\":\"ImageObject\",\"inLanguage\":\"ca\",\"@id\":\"https:\\\/\\\/secure.gravatar.com\\\/avatar\\\/c948169b402ef9492afde705c3dfd5e90e1a6a84ef6840a91124f805a25a480f?s=96&d=mm&r=g\",\"url\":\"https:\\\/\\\/secure.gravatar.com\\\/avatar\\\/c948169b402ef9492afde705c3dfd5e90e1a6a84ef6840a91124f805a25a480f?s=96&d=mm&r=g\",\"contentUrl\":\"https:\\\/\\\/secure.gravatar.com\\\/avatar\\\/c948169b402ef9492afde705c3dfd5e90e1a6a84ef6840a91124f805a25a480f?s=96&d=mm&r=g\",\"caption\":\"Pablo\"},\"url\":\"https:\\\/\\\/www.sindicaturabarcelona.cat\\\/ca\\\/author\\\/pablo\\\/\"}]}<\/script>\n<!-- \/ Yoast SEO plugin. -->","yoast_head_json":{"title":"La Sindicatura de Greuges de Barcelona du a terme una visita a dues zones d\u2019oci nocturn a l\u2019espai p\u00fablic: el F\u00f2rum i el triangle golfo - Sindicatura de Greuges de Barcelona","description":"La Sindicatura far\u00e0 seguiment d\u2019aquestes problem\u00e0tiques i continuar\u00e0 actuant per trobar l\u2019equilibri entre el dret a l\u2019oci nocturn i el dret al descans.","robots":{"index":"index","follow":"follow","max-snippet":"max-snippet:-1","max-image-preview":"max-image-preview:large","max-video-preview":"max-video-preview:-1"},"canonical":"https:\/\/www.sindicaturabarcelona.cat\/ca\/la-sindicatura-de-greuges-de-barcelona-du-a-terme-una-visita-a-dues-zones-doci-nocturn-a-lespai-public-el-forum-i-el-triangle-golfo\/","og_locale":"ca_ES","og_type":"article","og_title":"La Sindicatura de Greuges de Barcelona du a terme una visita a dues zones d\u2019oci nocturn a l\u2019espai p\u00fablic: el F\u00f2rum i el triangle golfo - Sindicatura de Greuges de Barcelona","og_description":"La Sindicatura far\u00e0 seguiment d\u2019aquestes problem\u00e0tiques i continuar\u00e0 actuant per trobar l\u2019equilibri entre el dret a l\u2019oci nocturn i el dret al descans.","og_url":"https:\/\/www.sindicaturabarcelona.cat\/ca\/la-sindicatura-de-greuges-de-barcelona-du-a-terme-una-visita-a-dues-zones-doci-nocturn-a-lespai-public-el-forum-i-el-triangle-golfo\/","og_site_name":"Sindicatura de Greuges de Barcelona","article_published_time":"2022-06-14T10:26:30+00:00","article_modified_time":"2023-05-11T11:13:09+00:00","og_image":[{"width":2560,"height":1707,"url":"https:\/\/www.sindicaturabarcelona.cat\/wp-content\/uploads\/2022\/06\/7D9A7303-scaled.jpg","type":"image\/jpeg"}],"author":"Pablo","twitter_card":"summary_large_image","twitter_creator":"@sindicbarcelona","twitter_site":"@sindicbarcelona","twitter_misc":{"Escrit per":"Pablo","Temps estimat de lectura":"2 minuts"},"schema":{"@context":"https:\/\/schema.org","@graph":[{"@type":"Article","@id":"https:\/\/www.sindicaturabarcelona.cat\/ca\/la-sindicatura-de-greuges-de-barcelona-du-a-terme-una-visita-a-dues-zones-doci-nocturn-a-lespai-public-el-forum-i-el-triangle-golfo\/#article","isPartOf":{"@id":"https:\/\/www.sindicaturabarcelona.cat\/ca\/la-sindicatura-de-greuges-de-barcelona-du-a-terme-una-visita-a-dues-zones-doci-nocturn-a-lespai-public-el-forum-i-el-triangle-golfo\/"},"author":{"name":"Pablo","@id":"https:\/\/www.sindicaturabarcelona.cat\/ca\/#\/schema\/person\/0e5acffc350ffdbc97578159322c9452"},"headline":"La Sindicatura de Greuges de Barcelona du a terme una visita a dues zones d\u2019oci nocturn a l\u2019espai p\u00fablic: el F\u00f2rum i el triangle golfo","datePublished":"2022-06-14T10:26:30+00:00","dateModified":"2023-05-11T11:13:09+00:00","mainEntityOfPage":{"@id":"https:\/\/www.sindicaturabarcelona.cat\/ca\/la-sindicatura-de-greuges-de-barcelona-du-a-terme-una-visita-a-dues-zones-doci-nocturn-a-lespai-public-el-forum-i-el-triangle-golfo\/"},"wordCount":358,"publisher":{"@id":"https:\/\/www.sindicaturabarcelona.cat\/ca\/#organization"},"image":{"@id":"https:\/\/www.sindicaturabarcelona.cat\/ca\/la-sindicatura-de-greuges-de-barcelona-du-a-terme-una-visita-a-dues-zones-doci-nocturn-a-lespai-public-el-forum-i-el-triangle-golfo\/#primaryimage"},"thumbnailUrl":"https:\/\/www.sindicaturabarcelona.cat\/wp-content\/uploads\/2022\/06\/7D9A7303-scaled.jpg","articleSection":["Uncategorized @ca"],"inLanguage":"ca"},{"@type":"WebPage","@id":"https:\/\/www.sindicaturabarcelona.cat\/ca\/la-sindicatura-de-greuges-de-barcelona-du-a-terme-una-visita-a-dues-zones-doci-nocturn-a-lespai-public-el-forum-i-el-triangle-golfo\/","url":"https:\/\/www.sindicaturabarcelona.cat\/ca\/la-sindicatura-de-greuges-de-barcelona-du-a-terme-una-visita-a-dues-zones-doci-nocturn-a-lespai-public-el-forum-i-el-triangle-golfo\/","name":"La Sindicatura de Greuges de Barcelona du a terme una visita a dues zones d\u2019oci nocturn a l\u2019espai p\u00fablic: el F\u00f2rum i el triangle golfo - Sindicatura de Greuges de Barcelona","isPartOf":{"@id":"https:\/\/www.sindicaturabarcelona.cat\/ca\/#website"},"primaryImageOfPage":{"@id":"https:\/\/www.sindicaturabarcelona.cat\/ca\/la-sindicatura-de-greuges-de-barcelona-du-a-terme-una-visita-a-dues-zones-doci-nocturn-a-lespai-public-el-forum-i-el-triangle-golfo\/#primaryimage"},"image":{"@id":"https:\/\/www.sindicaturabarcelona.cat\/ca\/la-sindicatura-de-greuges-de-barcelona-du-a-terme-una-visita-a-dues-zones-doci-nocturn-a-lespai-public-el-forum-i-el-triangle-golfo\/#primaryimage"},"thumbnailUrl":"https:\/\/www.sindicaturabarcelona.cat\/wp-content\/uploads\/2022\/06\/7D9A7303-scaled.jpg","datePublished":"2022-06-14T10:26:30+00:00","dateModified":"2023-05-11T11:13:09+00:00","description":"La Sindicatura far\u00e0 seguiment d\u2019aquestes problem\u00e0tiques i continuar\u00e0 actuant per trobar l\u2019equilibri entre el dret a l\u2019oci nocturn i el dret al descans.","breadcrumb":{"@id":"https:\/\/www.sindicaturabarcelona.cat\/ca\/la-sindicatura-de-greuges-de-barcelona-du-a-terme-una-visita-a-dues-zones-doci-nocturn-a-lespai-public-el-forum-i-el-triangle-golfo\/#breadcrumb"},"inLanguage":"ca","potentialAction":[{"@type":"ReadAction","target":["https:\/\/www.sindicaturabarcelona.cat\/ca\/la-sindicatura-de-greuges-de-barcelona-du-a-terme-una-visita-a-dues-zones-doci-nocturn-a-lespai-public-el-forum-i-el-triangle-golfo\/"]}]},{"@type":"ImageObject","inLanguage":"ca","@id":"https:\/\/www.sindicaturabarcelona.cat\/ca\/la-sindicatura-de-greuges-de-barcelona-du-a-terme-una-visita-a-dues-zones-doci-nocturn-a-lespai-public-el-forum-i-el-triangle-golfo\/#primaryimage","url":"https:\/\/www.sindicaturabarcelona.cat\/wp-content\/uploads\/2022\/06\/7D9A7303-scaled.jpg","contentUrl":"https:\/\/www.sindicaturabarcelona.cat\/wp-content\/uploads\/2022\/06\/7D9A7303-scaled.jpg","width":2560,"height":1707,"caption":"Forum i triangle golfo"},{"@type":"BreadcrumbList","@id":"https:\/\/www.sindicaturabarcelona.cat\/ca\/la-sindicatura-de-greuges-de-barcelona-du-a-terme-una-visita-a-dues-zones-doci-nocturn-a-lespai-public-el-forum-i-el-triangle-golfo\/#breadcrumb","itemListElement":[{"@type":"ListItem","position":1,"name":"Inici","item":"https:\/\/www.sindicaturabarcelona.cat\/ca\/"},{"@type":"ListItem","position":2,"name":"La Sindicatura de Greuges de Barcelona du a terme una visita a dues zones d\u2019oci nocturn a l\u2019espai p\u00fablic: el F\u00f2rum i el triangle golfo"}]},{"@type":"WebSite","@id":"https:\/\/www.sindicaturabarcelona.cat\/ca\/#website","url":"https:\/\/www.sindicaturabarcelona.cat\/ca\/","name":"Sindicatura de Greuges de Barcelona","description":"La defensoria dels teus drets","publisher":{"@id":"https:\/\/www.sindicaturabarcelona.cat\/ca\/#organization"},"potentialAction":[{"@type":"SearchAction","target":{"@type":"EntryPoint","urlTemplate":"https:\/\/www.sindicaturabarcelona.cat\/ca\/?s={search_term_string}"},"query-input":{"@type":"PropertyValueSpecification","valueRequired":true,"valueName":"search_term_string"}}],"inLanguage":"ca"},{"@type":"Organization","@id":"https:\/\/www.sindicaturabarcelona.cat\/ca\/#organization","name":"Sindicatura de Greuges de Barcelona","url":"https:\/\/www.sindicaturabarcelona.cat\/ca\/","logo":{"@type":"ImageObject","inLanguage":"ca","@id":"https:\/\/www.sindicaturabarcelona.cat\/ca\/#\/schema\/logo\/image\/","url":"https:\/\/www.sindicaturabarcelona.cat\/wp-content\/uploads\/2023\/02\/logo_sindicatura.svg","contentUrl":"https:\/\/www.sindicaturabarcelona.cat\/wp-content\/uploads\/2023\/02\/logo_sindicatura.svg","caption":"Sindicatura de Greuges de Barcelona"},"image":{"@id":"https:\/\/www.sindicaturabarcelona.cat\/ca\/#\/schema\/logo\/image\/"},"sameAs":["https:\/\/x.com\/sindicbarcelona","https:\/\/www.instagram.com\/sindicbarcelona\/","https:\/\/www.tiktok.com\/@sindicaturabcn","https:\/\/t.me\/sindicaturabarcelona"]},{"@type":"Person","@id":"https:\/\/www.sindicaturabarcelona.cat\/ca\/#\/schema\/person\/0e5acffc350ffdbc97578159322c9452","name":"Pablo","image":{"@type":"ImageObject","inLanguage":"ca","@id":"https:\/\/secure.gravatar.com\/avatar\/c948169b402ef9492afde705c3dfd5e90e1a6a84ef6840a91124f805a25a480f?s=96&d=mm&r=g","url":"https:\/\/secure.gravatar.com\/avatar\/c948169b402ef9492afde705c3dfd5e90e1a6a84ef6840a91124f805a25a480f?s=96&d=mm&r=g","contentUrl":"https:\/\/secure.gravatar.com\/avatar\/c948169b402ef9492afde705c3dfd5e90e1a6a84ef6840a91124f805a25a480f?s=96&d=mm&r=g","caption":"Pablo"},"url":"https:\/\/www.sindicaturabarcelona.cat\/ca\/author\/pablo\/"}]}},"_links":{"self":[{"href":"https:\/\/www.sindicaturabarcelona.cat\/ca\/wp-json\/wp\/v2\/posts\/14407","targetHints":{"allow":["GET"]}}],"collection":[{"href":"https:\/\/www.sindicaturabarcelona.cat\/ca\/wp-json\/wp\/v2\/posts"}],"about":[{"href":"https:\/\/www.sindicaturabarcelona.cat\/ca\/wp-json\/wp\/v2\/types\/post"}],"author":[{"embeddable":true,"href":"https:\/\/www.sindicaturabarcelona.cat\/ca\/wp-json\/wp\/v2\/users\/2"}],"replies":[{"embeddable":true,"href":"https:\/\/www.sindicaturabarcelona.cat\/ca\/wp-json\/wp\/v2\/comments?post=14407"}],"version-history":[{"count":0,"href":"https:\/\/www.sindicaturabarcelona.cat\/ca\/wp-json\/wp\/v2\/posts\/14407\/revisions"}],"wp:featuredmedia":[{"embeddable":true,"href":"https:\/\/www.sindicaturabarcelona.cat\/ca\/wp-json\/wp\/v2\/media\/14408"}],"wp:attachment":[{"href":"https:\/\/www.sindicaturabarcelona.cat\/ca\/wp-json\/wp\/v2\/media?parent=14407"}],"wp:term":[{"taxonomy":"post_tag","embeddable":true,"href":"https:\/\/www.sindicaturabarcelona.cat\/ca\/wp-json\/wp\/v2\/tags?post=14407"},{"taxonomy":"drets","embeddable":true,"href":"https:\/\/www.sindicaturabarcelona.cat\/ca\/wp-json\/wp\/v2\/drets?post=14407"}],"curies":[{"name":"wp","href":"https:\/\/api.w.org\/{rel}","templated":true}]}}