{"id":14203,"date":"2022-05-26T09:46:50","date_gmt":"2022-05-26T07:46:50","guid":{"rendered":"https:\/\/www.sindicaturabarcelona.cat\/?p=14203"},"modified":"2023-05-11T13:14:46","modified_gmt":"2023-05-11T11:14:46","slug":"la-sindicatura-de-greuges-de-barcelona-elabora-un-dictamen-envers-lanunci-daprovacio-de-lajut-durgencia-social-per-a-families-amb-infants-de-0-a-16-anys","status":"publish","type":"post","link":"https:\/\/www.sindicaturabarcelona.cat\/ca\/la-sindicatura-de-greuges-de-barcelona-elabora-un-dictamen-envers-lanunci-daprovacio-de-lajut-durgencia-social-per-a-families-amb-infants-de-0-a-16-anys\/","title":{"rendered":"La Sindicatura de Greuges de Barcelona elabora un dictamen envers l\u2019anunci d\u2019aprovaci\u00f3 de l\u2019Ajut d\u2019urg\u00e8ncia social per a fam\u00edlies amb infants de 0 a 16 anys"},"content":{"rendered":"\n<ul class=\"wp-block-list\">\n<li><strong><span style=\"text-decoration: underline;\" class=\"ek-underline\">Davant l\u2019anunci de presentar les sol\u00b7licituds \u00fanicament per mitjans electr\u00f2nics, la Sindicatura ha recordat a l\u2019IMSS que cal vetllar de manera efectiva per l\u2019equitat digital i possibilitar altres vies.<\/span><\/strong><\/li>\n<\/ul>\n\n\n\n<ul class=\"wp-block-list\">\n<li><strong><span style=\"text-decoration: underline;\" class=\"ek-underline\">En el seu dictamen, la defensoria tamb\u00e9 ha recomanat a l\u2019IMSS que garanteixi l\u2019ampliaci\u00f3 de 4 milions d\u2019euros en l\u2019import de la convocat\u00f2ria, donat el greuge comparatiu amb edicions anteriors.<\/span><\/strong><\/li>\n<\/ul>\n\n\n\n<p class=\"has-text-align-justify\">El 12 de maig de 2022 va publicar-se al BOPB (Butllet\u00ed Oficial de la Prov\u00edncia de Barcelona) l\u2019anunci d\u2019informaci\u00f3 p\u00fablica de l\u2019Institut Municipal de Serveis Socials sobre <strong>l\u2019aprovaci\u00f3 de l\u2019Ajut<\/strong> d\u2019urg\u00e8ncia social per a fam\u00edlies amb infants de 0 a 16 anys. L\u2019anunci contempla que la <strong>presentaci\u00f3 de sol\u00b7licituds s\u2019haur\u00e0 de dur a terme \u00fanicament per mitjans electr\u00f2nics<\/strong>.<\/p>\n\n\n\n<p class=\"has-text-align-justify\">Despr\u00e9s d\u2019analitzar la convocat\u00f2ria, <strong>la Sindicatura de Greuges de Barcelona, en el marc de les seves compet\u00e8ncies, ha decidit emetre un <a href=\"https:\/\/www.sindicaturabarcelona.cat\/wp-content\/uploads\/2022\/05\/05_Dictamen-Ajut-urgencia-social-families-amb-infants-0-16-anys.pdf\" target=\"_blank\" aria-label=\"dictamen (opens in a new tab)\" rel=\"noreferrer noopener\" class=\"ek-link\">dictamen<\/a><\/strong> dirigit a l\u2019IMSS.<\/p>\n\n\n\n<p class=\"has-text-align-justify\"><strong><span style=\"text-decoration: underline;\" class=\"ek-underline\">La tramitaci\u00f3 de l\u2019ajut<\/span><\/strong><\/p>\n\n\n\n<p class=\"has-text-align-justify\">L\u2019anunci d\u2019informaci\u00f3 p\u00fablica de l\u2019aprovaci\u00f3 d\u2019aquest ajut especifica que la presentaci\u00f3 de la sol\u00b7licitud \u00fanicament podr\u00e0 produir-se per mitjans electr\u00f2nics a trav\u00e9s del portal de tr\u00e0mits de l\u2019Ajuntament de Barcelona.<\/p>\n\n\n\n<p class=\"has-text-align-justify\">Malgrat que la convocat\u00f2ria explicita que la ciutadania podr\u00e0 comptar amb assessorament o suport per a la presentaci\u00f3 telem\u00e0tica de les sol\u00b7licituds, la Sindicatura considera que <strong>aquest requisit contradiu l\u2019article 14.1 de la Llei 39\/2015 del procediment administratiu com\u00fa de les administracions p\u00fabliques<\/strong>.<\/p>\n\n\n\n<p class=\"has-text-align-justify\">En aquesta l\u00ednia, el dictamen de la defensoria considera convenient modificar el punt 5 de la convocat\u00f2ria, amb l\u2019objectiu de possibilitar la presentaci\u00f3 de sol\u00b7licituds per altres mitjans.<\/p>\n\n\n\n<p class=\"has-text-align-justify\"><strong><span style=\"text-decoration: underline;\" class=\"ek-underline\">La dotaci\u00f3 pressupost\u00e0ria de l\u2019ajut<\/span><\/strong><\/p>\n\n\n\n<p class=\"has-text-align-justify\">La despesa autoritzada per l\u2019any 2022 \u00e9s de 8.000.000 d\u2019euros, tot i que es preveu una ampliaci\u00f3 fins a un m\u00e0xim de 4.000.000 d\u2019euros m\u00e9s. Aquesta opci\u00f3 resta condicionada a qu\u00e8 s\u2019aprovi i estigui disponible el cr\u00e8dit corresponent.<\/p>\n\n\n\n<p class=\"has-text-align-justify\">\u00c9s important destacar que l\u2019any 2021 la despesa autoritzada va ser de 13.590.000 d\u2019euros; l\u2019any 2019, d\u201911.100.000 d\u2019euros; el 2018, de 16.500.000 d\u2019euros, i el 2017, de 17.590.000 d\u2019euros. Per tant, <strong>resulta evident la reducci\u00f3 de la quantia destinada a aquesta prestaci\u00f3<\/strong>.<\/p>\n\n\n\n<p class=\"has-text-align-justify\">Malgrat que la convocat\u00f2ria de l\u2019ajut \u00e9s una potestat de l\u2019Ajuntament, i que \u00e9s una iniciativa que es duu a terme de manera complement\u00e0ria a altres prestacions ja existents, <strong>la Sindicatura no considera justificada la decisi\u00f3 d\u2019esmer\u00e7ar menys recursos aquest any<\/strong>. Cal tenir en compte que moltes fam\u00edlies de la ciutat s\u2019han vist greument afectades pels efectes de la crisi originada per la pand\u00e8mia.<\/p>\n\n\n\n<p class=\"has-text-align-justify\">Per aquest motiu, <strong>el dictamen tamb\u00e9 fa inc\u00eds en la necessitat de vetllar per tal que es pugui fer efectiva l\u2019ampliaci\u00f3 de l\u2019import de la convocat\u00f2ria als 4.000.000 d\u2019euros addicionals previstos<\/strong>.<\/p>\n\n\n\n<p class=\"has-text-align-justify\"><strong><span style=\"text-decoration: underline;\" class=\"ek-underline\">La bretxa digital<\/span><\/strong><\/p>\n\n\n\n<p class=\"has-text-align-justify\"><strong>Previ a la publicaci\u00f3 de l\u2019anunci al BOPB i a l\u2019elaboraci\u00f3 del dictamen, la Sindicatura de Greuges de Barcelona va tenir coneixement que l\u2019Ajuntament havia comunicat la necessitat de disposar de l\u2019IdCat M\u00f2bil per a tramitar aquest ajut<\/strong> a les fam\u00edlies que havien estat perceptores de l\u2019ajut en anys anteriors. Per aprofundir m\u00e9s detalladament en el motiu i l\u2019objectiu d\u2019aquesta mesura, la Sindicatura va obrir una actuaci\u00f3 d\u2019ofici, ja que va considerar que la necessitat d\u2019obtenir la identificaci\u00f3 IdCat podia tenir un impacte negatiu en les persones afectades per la bretxa digital, i, per tant, en la inf\u00e0ncia i l\u2019adolesc\u00e8ncia.<\/p>\n\n\n\n<p class=\"has-text-align-justify\">En el dictamen, la Sindicatura ha recordat la <strong>necessitat de protegir de forma efectiva l\u2019equitat digital i, en concret, la relacionada amb la prestaci\u00f3 d\u2019ajuts dirigits a determinats col\u00b7lectius vulnerabilitzats<\/strong>.<\/p>\n\n\n\n<p class=\"has-text-align-justify\"><strong><span style=\"text-decoration: underline;\" class=\"ek-underline\">La traject\u00f2ria d\u2019aquesta ajuda i les actuacions d\u2019ofici de la Sindicatura<\/span><\/strong><\/p>\n\n\n\n<p class=\"has-text-align-justify\">L\u2019any 2015 l\u2019Ajuntament de Barcelona va aprovar la creaci\u00f3 d\u2019un Fons extraordinari per ajuts puntuals d\u2019urg\u00e8ncia social, dirigit a fam\u00edlies de Barcelona amb infants o adolescents fins a 16 anys. Des d\u2019aquell moment van dur-se a terme convocat\u00f2ries anuals el 2016, 2017, 2018 i 2019.<\/p>\n\n\n\n<p class=\"has-text-align-justify\">El mes de setembre de 2020, l\u2019Ajuntament va crear el fons d\u2019emerg\u00e8ncia social extraordinari, molt centrat en els efectes de la covid-19. Aquest fons tamb\u00e9 pretenia donar cobertura a les fam\u00edlies amb infants de 0 a 16 anys. <strong>L\u2019any 2021 s\u00ed que va tornar a convocar-se aquest ajut<\/strong>.<\/p>\n\n\n\n<p class=\"has-text-align-justify\">La Sindicatura de Greuges de Barcelona ha estat sempre amatent a les convocat\u00f2ries d\u2019aquest fons i al seu procediment d\u2019atorgament, ja que considera que es tracta d\u2019una millora per als drets de la inf\u00e0ncia. Per aquest motiu, amb anterioritat s\u2019han dut a terme dues actuacions d\u2019ofici: <a href=\"https:\/\/www.sindicaturabarcelona.cat\/src\/resolucions\/nota_631555479495.pdf\" target=\"_blank\" aria-label=\"una l\u2019any 2018 (opens in a new tab)\" rel=\"noreferrer noopener\" class=\"ek-link\">una l\u2019any 2018<\/a> i una <a href=\"https:\/\/www.sindicaturabarcelona.cat\/wp-content\/uploads\/2022\/05\/06_Fons-0-16-anys.pdf\" target=\"_blank\" aria-label=\"altra el 2020. (opens in a new tab)\" rel=\"noreferrer noopener\" class=\"ek-link\">altra el 2020.<\/a><\/p>\n\n\n\n<p class=\"has-text-align-justify\"><strong><span style=\"text-decoration: underline;\" class=\"ek-underline\">La Sindicatura va impulsar un canvi en les bases d\u2019aquest ajut<\/span><\/strong><\/p>\n\n\n\n<p class=\"has-text-align-justify\">Arran d\u2019una queixa ciutadana, durant l\u2019any 2021 la Sindicatura va copsar que les persones que percebien la Renda Garantida de Ciutadania (RGC) o l\u2019Ingr\u00e9s M\u00ednim Vital (IMV), no podien optar als Ajuts d\u2019urg\u00e8ncia social per a fam\u00edlies amb infants de 0 a 16 anys. I no podien accedir-hi tot i que els seus ingressos eren inferiors als llindars establerts per percebre aquesta ajuda municipal.<\/p>\n\n\n\n<p class=\"has-text-align-justify\">Amb l\u2019objectiu de garantir el tracte igualitari entre totes les persones sol\u00b7licitants, la Sindicatura va dirigir-se a l\u2019Institut Municipal de Serveis Socials perqu\u00e8 revis\u00e9s aquesta circumst\u00e0ncia. <strong>Al setembre del mateix any 2021, <a href=\"https:\/\/ajuntament.barcelona.cat\/serveissocials\/ca\" target=\"_blank\" aria-label=\"l\u2019IMSS  (opens in a new tab)\" rel=\"noreferrer noopener\" class=\"ek-link\">l\u2019IMSS <\/a>va comunicar que acceptava i aplicava aquesta recomanaci\u00f3 mitjan\u00e7ant la modificaci\u00f3 de les Bases de la convocat\u00f2ria eliminant la incompatibilitat de les prestacions d\u2019aquest ajut amb la RGC i l\u2019IMV, tal com es demanava des de la defensoria.<\/strong><\/p>\n","protected":false},"excerpt":{"rendered":"<p>El 12 de maig de 2022 va publicar-se al BOPB (Butllet\u00ed Oficial de la Prov\u00edncia de Barcelona) l\u2019anunci d\u2019informaci\u00f3 p\u00fablica de l\u2019Institut Municipal de Serveis Socials sobre l\u2019aprovaci\u00f3 de l\u2019Ajut [&hellip;]<\/p>\n","protected":false},"author":2,"featured_media":14204,"comment_status":"closed","ping_status":"open","sticky":false,"template":"","format":"standard","meta":{"_acf_changed":false,"footnotes":""},"tags":[],"drets":[1428,1463,1442,1462],"class_list":["post-14203","post","type-post","status-publish","format-standard","has-post-thumbnail","hentry","drets-ciutat-equitativa","drets-dret-serveis-proteccio-social","drets-ciutat-diversa","drets-drets-de-la-infancia-i-ladolescencia"],"acf":[],"yoast_head":"<!-- This site is optimized with the Yoast SEO plugin v27.5 - https:\/\/yoast.com\/product\/yoast-seo-wordpress\/ -->\n<title>La Sindicatura de Greuges de Barcelona elabora un dictamen envers l\u2019anunci d\u2019aprovaci\u00f3 de l\u2019Ajut d\u2019urg\u00e8ncia social per a fam\u00edlies amb infants de 0 a 16 anys - Sindicatura de Greuges de Barcelona<\/title>\n<meta name=\"description\" content=\"Davant l\u2019anunci de presentar les sol\u00b7licituds \u00fanicament per mitjans electr\u00f2nics, la Sindicatura ha recordat a l\u2019IMSS que cal vetllar...\" \/>\n<meta name=\"robots\" content=\"index, follow, max-snippet:-1, max-image-preview:large, max-video-preview:-1\" \/>\n<link rel=\"canonical\" href=\"https:\/\/www.sindicaturabarcelona.cat\/ca\/la-sindicatura-de-greuges-de-barcelona-elabora-un-dictamen-envers-lanunci-daprovacio-de-lajut-durgencia-social-per-a-families-amb-infants-de-0-a-16-anys\/\" \/>\n<meta property=\"og:locale\" content=\"ca_ES\" \/>\n<meta property=\"og:type\" content=\"article\" \/>\n<meta property=\"og:title\" content=\"La Sindicatura de Greuges de Barcelona elabora un dictamen envers l\u2019anunci d\u2019aprovaci\u00f3 de l\u2019Ajut d\u2019urg\u00e8ncia social per a fam\u00edlies amb infants de 0 a 16 anys - Sindicatura de Greuges de Barcelona\" \/>\n<meta property=\"og:description\" content=\"Davant l\u2019anunci de presentar les sol\u00b7licituds \u00fanicament per mitjans electr\u00f2nics, la Sindicatura ha recordat a l\u2019IMSS que cal vetllar...\" \/>\n<meta property=\"og:url\" content=\"https:\/\/www.sindicaturabarcelona.cat\/ca\/la-sindicatura-de-greuges-de-barcelona-elabora-un-dictamen-envers-lanunci-daprovacio-de-lajut-durgencia-social-per-a-families-amb-infants-de-0-a-16-anys\/\" \/>\n<meta property=\"og:site_name\" content=\"Sindicatura de Greuges de Barcelona\" \/>\n<meta property=\"article:published_time\" content=\"2022-05-26T07:46:50+00:00\" \/>\n<meta property=\"article:modified_time\" content=\"2023-05-11T11:14:46+00:00\" \/>\n<meta property=\"og:image\" content=\"https:\/\/www.sindicaturabarcelona.cat\/wp-content\/uploads\/2022\/05\/22010_210622_SuperillaPoblenou_0127.jpg\" \/>\n\t<meta property=\"og:image:width\" content=\"1536\" \/>\n\t<meta property=\"og:image:height\" content=\"1024\" \/>\n\t<meta property=\"og:image:type\" content=\"image\/jpeg\" \/>\n<meta name=\"author\" content=\"Pablo\" \/>\n<meta name=\"twitter:card\" content=\"summary_large_image\" \/>\n<meta name=\"twitter:creator\" content=\"@sindicbarcelona\" \/>\n<meta name=\"twitter:site\" content=\"@sindicbarcelona\" \/>\n<meta name=\"twitter:label1\" content=\"Escrit per\" \/>\n\t<meta name=\"twitter:data1\" content=\"Pablo\" \/>\n\t<meta name=\"twitter:label2\" content=\"Temps estimat de lectura\" \/>\n\t<meta name=\"twitter:data2\" content=\"5 minuts\" \/>\n<script type=\"application\/ld+json\" class=\"yoast-schema-graph\">{\"@context\":\"https:\\\/\\\/schema.org\",\"@graph\":[{\"@type\":\"Article\",\"@id\":\"https:\\\/\\\/www.sindicaturabarcelona.cat\\\/ca\\\/la-sindicatura-de-greuges-de-barcelona-elabora-un-dictamen-envers-lanunci-daprovacio-de-lajut-durgencia-social-per-a-families-amb-infants-de-0-a-16-anys\\\/#article\",\"isPartOf\":{\"@id\":\"https:\\\/\\\/www.sindicaturabarcelona.cat\\\/ca\\\/la-sindicatura-de-greuges-de-barcelona-elabora-un-dictamen-envers-lanunci-daprovacio-de-lajut-durgencia-social-per-a-families-amb-infants-de-0-a-16-anys\\\/\"},\"author\":{\"name\":\"Pablo\",\"@id\":\"https:\\\/\\\/www.sindicaturabarcelona.cat\\\/ca\\\/#\\\/schema\\\/person\\\/0e5acffc350ffdbc97578159322c9452\"},\"headline\":\"La Sindicatura de Greuges de Barcelona elabora un dictamen envers l\u2019anunci d\u2019aprovaci\u00f3 de l\u2019Ajut d\u2019urg\u00e8ncia social per a fam\u00edlies amb infants de 0 a 16 anys\",\"datePublished\":\"2022-05-26T07:46:50+00:00\",\"dateModified\":\"2023-05-11T11:14:46+00:00\",\"mainEntityOfPage\":{\"@id\":\"https:\\\/\\\/www.sindicaturabarcelona.cat\\\/ca\\\/la-sindicatura-de-greuges-de-barcelona-elabora-un-dictamen-envers-lanunci-daprovacio-de-lajut-durgencia-social-per-a-families-amb-infants-de-0-a-16-anys\\\/\"},\"wordCount\":998,\"publisher\":{\"@id\":\"https:\\\/\\\/www.sindicaturabarcelona.cat\\\/ca\\\/#organization\"},\"image\":{\"@id\":\"https:\\\/\\\/www.sindicaturabarcelona.cat\\\/ca\\\/la-sindicatura-de-greuges-de-barcelona-elabora-un-dictamen-envers-lanunci-daprovacio-de-lajut-durgencia-social-per-a-families-amb-infants-de-0-a-16-anys\\\/#primaryimage\"},\"thumbnailUrl\":\"https:\\\/\\\/www.sindicaturabarcelona.cat\\\/wp-content\\\/uploads\\\/2022\\\/05\\\/22010_210622_SuperillaPoblenou_0127.jpg\",\"articleSection\":[\"Uncategorized @ca\"],\"inLanguage\":\"ca\"},{\"@type\":\"WebPage\",\"@id\":\"https:\\\/\\\/www.sindicaturabarcelona.cat\\\/ca\\\/la-sindicatura-de-greuges-de-barcelona-elabora-un-dictamen-envers-lanunci-daprovacio-de-lajut-durgencia-social-per-a-families-amb-infants-de-0-a-16-anys\\\/\",\"url\":\"https:\\\/\\\/www.sindicaturabarcelona.cat\\\/ca\\\/la-sindicatura-de-greuges-de-barcelona-elabora-un-dictamen-envers-lanunci-daprovacio-de-lajut-durgencia-social-per-a-families-amb-infants-de-0-a-16-anys\\\/\",\"name\":\"La Sindicatura de Greuges de Barcelona elabora un dictamen envers l\u2019anunci d\u2019aprovaci\u00f3 de l\u2019Ajut d\u2019urg\u00e8ncia social per a fam\u00edlies amb infants de 0 a 16 anys - Sindicatura de Greuges de Barcelona\",\"isPartOf\":{\"@id\":\"https:\\\/\\\/www.sindicaturabarcelona.cat\\\/ca\\\/#website\"},\"primaryImageOfPage\":{\"@id\":\"https:\\\/\\\/www.sindicaturabarcelona.cat\\\/ca\\\/la-sindicatura-de-greuges-de-barcelona-elabora-un-dictamen-envers-lanunci-daprovacio-de-lajut-durgencia-social-per-a-families-amb-infants-de-0-a-16-anys\\\/#primaryimage\"},\"image\":{\"@id\":\"https:\\\/\\\/www.sindicaturabarcelona.cat\\\/ca\\\/la-sindicatura-de-greuges-de-barcelona-elabora-un-dictamen-envers-lanunci-daprovacio-de-lajut-durgencia-social-per-a-families-amb-infants-de-0-a-16-anys\\\/#primaryimage\"},\"thumbnailUrl\":\"https:\\\/\\\/www.sindicaturabarcelona.cat\\\/wp-content\\\/uploads\\\/2022\\\/05\\\/22010_210622_SuperillaPoblenou_0127.jpg\",\"datePublished\":\"2022-05-26T07:46:50+00:00\",\"dateModified\":\"2023-05-11T11:14:46+00:00\",\"description\":\"Davant l\u2019anunci de presentar les sol\u00b7licituds \u00fanicament per mitjans electr\u00f2nics, la Sindicatura ha recordat a l\u2019IMSS que cal vetllar...\",\"breadcrumb\":{\"@id\":\"https:\\\/\\\/www.sindicaturabarcelona.cat\\\/ca\\\/la-sindicatura-de-greuges-de-barcelona-elabora-un-dictamen-envers-lanunci-daprovacio-de-lajut-durgencia-social-per-a-families-amb-infants-de-0-a-16-anys\\\/#breadcrumb\"},\"inLanguage\":\"ca\",\"potentialAction\":[{\"@type\":\"ReadAction\",\"target\":[\"https:\\\/\\\/www.sindicaturabarcelona.cat\\\/ca\\\/la-sindicatura-de-greuges-de-barcelona-elabora-un-dictamen-envers-lanunci-daprovacio-de-lajut-durgencia-social-per-a-families-amb-infants-de-0-a-16-anys\\\/\"]}]},{\"@type\":\"ImageObject\",\"inLanguage\":\"ca\",\"@id\":\"https:\\\/\\\/www.sindicaturabarcelona.cat\\\/ca\\\/la-sindicatura-de-greuges-de-barcelona-elabora-un-dictamen-envers-lanunci-daprovacio-de-lajut-durgencia-social-per-a-families-amb-infants-de-0-a-16-anys\\\/#primaryimage\",\"url\":\"https:\\\/\\\/www.sindicaturabarcelona.cat\\\/wp-content\\\/uploads\\\/2022\\\/05\\\/22010_210622_SuperillaPoblenou_0127.jpg\",\"contentUrl\":\"https:\\\/\\\/www.sindicaturabarcelona.cat\\\/wp-content\\\/uploads\\\/2022\\\/05\\\/22010_210622_SuperillaPoblenou_0127.jpg\",\"width\":1536,\"height\":1024,\"caption\":\"Dictamen ajut 0-16 anys\"},{\"@type\":\"BreadcrumbList\",\"@id\":\"https:\\\/\\\/www.sindicaturabarcelona.cat\\\/ca\\\/la-sindicatura-de-greuges-de-barcelona-elabora-un-dictamen-envers-lanunci-daprovacio-de-lajut-durgencia-social-per-a-families-amb-infants-de-0-a-16-anys\\\/#breadcrumb\",\"itemListElement\":[{\"@type\":\"ListItem\",\"position\":1,\"name\":\"Inici\",\"item\":\"https:\\\/\\\/www.sindicaturabarcelona.cat\\\/ca\\\/\"},{\"@type\":\"ListItem\",\"position\":2,\"name\":\"La Sindicatura de Greuges de Barcelona elabora un dictamen envers l\u2019anunci d\u2019aprovaci\u00f3 de l\u2019Ajut d\u2019urg\u00e8ncia social per a fam\u00edlies amb infants de 0 a 16 anys\"}]},{\"@type\":\"WebSite\",\"@id\":\"https:\\\/\\\/www.sindicaturabarcelona.cat\\\/ca\\\/#website\",\"url\":\"https:\\\/\\\/www.sindicaturabarcelona.cat\\\/ca\\\/\",\"name\":\"Sindicatura de Greuges de Barcelona\",\"description\":\"La defensoria dels teus drets\",\"publisher\":{\"@id\":\"https:\\\/\\\/www.sindicaturabarcelona.cat\\\/ca\\\/#organization\"},\"potentialAction\":[{\"@type\":\"SearchAction\",\"target\":{\"@type\":\"EntryPoint\",\"urlTemplate\":\"https:\\\/\\\/www.sindicaturabarcelona.cat\\\/ca\\\/?s={search_term_string}\"},\"query-input\":{\"@type\":\"PropertyValueSpecification\",\"valueRequired\":true,\"valueName\":\"search_term_string\"}}],\"inLanguage\":\"ca\"},{\"@type\":\"Organization\",\"@id\":\"https:\\\/\\\/www.sindicaturabarcelona.cat\\\/ca\\\/#organization\",\"name\":\"Sindicatura de Greuges de Barcelona\",\"url\":\"https:\\\/\\\/www.sindicaturabarcelona.cat\\\/ca\\\/\",\"logo\":{\"@type\":\"ImageObject\",\"inLanguage\":\"ca\",\"@id\":\"https:\\\/\\\/www.sindicaturabarcelona.cat\\\/ca\\\/#\\\/schema\\\/logo\\\/image\\\/\",\"url\":\"https:\\\/\\\/www.sindicaturabarcelona.cat\\\/wp-content\\\/uploads\\\/2023\\\/02\\\/logo_sindicatura.svg\",\"contentUrl\":\"https:\\\/\\\/www.sindicaturabarcelona.cat\\\/wp-content\\\/uploads\\\/2023\\\/02\\\/logo_sindicatura.svg\",\"caption\":\"Sindicatura de Greuges de Barcelona\"},\"image\":{\"@id\":\"https:\\\/\\\/www.sindicaturabarcelona.cat\\\/ca\\\/#\\\/schema\\\/logo\\\/image\\\/\"},\"sameAs\":[\"https:\\\/\\\/x.com\\\/sindicbarcelona\",\"https:\\\/\\\/www.instagram.com\\\/sindicbarcelona\\\/\",\"https:\\\/\\\/www.tiktok.com\\\/@sindicaturabcn\",\"https:\\\/\\\/t.me\\\/sindicaturabarcelona\"]},{\"@type\":\"Person\",\"@id\":\"https:\\\/\\\/www.sindicaturabarcelona.cat\\\/ca\\\/#\\\/schema\\\/person\\\/0e5acffc350ffdbc97578159322c9452\",\"name\":\"Pablo\",\"image\":{\"@type\":\"ImageObject\",\"inLanguage\":\"ca\",\"@id\":\"https:\\\/\\\/secure.gravatar.com\\\/avatar\\\/c948169b402ef9492afde705c3dfd5e90e1a6a84ef6840a91124f805a25a480f?s=96&d=mm&r=g\",\"url\":\"https:\\\/\\\/secure.gravatar.com\\\/avatar\\\/c948169b402ef9492afde705c3dfd5e90e1a6a84ef6840a91124f805a25a480f?s=96&d=mm&r=g\",\"contentUrl\":\"https:\\\/\\\/secure.gravatar.com\\\/avatar\\\/c948169b402ef9492afde705c3dfd5e90e1a6a84ef6840a91124f805a25a480f?s=96&d=mm&r=g\",\"caption\":\"Pablo\"},\"url\":\"https:\\\/\\\/www.sindicaturabarcelona.cat\\\/ca\\\/author\\\/pablo\\\/\"}]}<\/script>\n<!-- \/ Yoast SEO plugin. -->","yoast_head_json":{"title":"La Sindicatura de Greuges de Barcelona elabora un dictamen envers l\u2019anunci d\u2019aprovaci\u00f3 de l\u2019Ajut d\u2019urg\u00e8ncia social per a fam\u00edlies amb infants de 0 a 16 anys - Sindicatura de Greuges de Barcelona","description":"Davant l\u2019anunci de presentar les sol\u00b7licituds \u00fanicament per mitjans electr\u00f2nics, la Sindicatura ha recordat a l\u2019IMSS que cal vetllar...","robots":{"index":"index","follow":"follow","max-snippet":"max-snippet:-1","max-image-preview":"max-image-preview:large","max-video-preview":"max-video-preview:-1"},"canonical":"https:\/\/www.sindicaturabarcelona.cat\/ca\/la-sindicatura-de-greuges-de-barcelona-elabora-un-dictamen-envers-lanunci-daprovacio-de-lajut-durgencia-social-per-a-families-amb-infants-de-0-a-16-anys\/","og_locale":"ca_ES","og_type":"article","og_title":"La Sindicatura de Greuges de Barcelona elabora un dictamen envers l\u2019anunci d\u2019aprovaci\u00f3 de l\u2019Ajut d\u2019urg\u00e8ncia social per a fam\u00edlies amb infants de 0 a 16 anys - Sindicatura de Greuges de Barcelona","og_description":"Davant l\u2019anunci de presentar les sol\u00b7licituds \u00fanicament per mitjans electr\u00f2nics, la Sindicatura ha recordat a l\u2019IMSS que cal vetllar...","og_url":"https:\/\/www.sindicaturabarcelona.cat\/ca\/la-sindicatura-de-greuges-de-barcelona-elabora-un-dictamen-envers-lanunci-daprovacio-de-lajut-durgencia-social-per-a-families-amb-infants-de-0-a-16-anys\/","og_site_name":"Sindicatura de Greuges de Barcelona","article_published_time":"2022-05-26T07:46:50+00:00","article_modified_time":"2023-05-11T11:14:46+00:00","og_image":[{"width":1536,"height":1024,"url":"https:\/\/www.sindicaturabarcelona.cat\/wp-content\/uploads\/2022\/05\/22010_210622_SuperillaPoblenou_0127.jpg","type":"image\/jpeg"}],"author":"Pablo","twitter_card":"summary_large_image","twitter_creator":"@sindicbarcelona","twitter_site":"@sindicbarcelona","twitter_misc":{"Escrit per":"Pablo","Temps estimat de lectura":"5 minuts"},"schema":{"@context":"https:\/\/schema.org","@graph":[{"@type":"Article","@id":"https:\/\/www.sindicaturabarcelona.cat\/ca\/la-sindicatura-de-greuges-de-barcelona-elabora-un-dictamen-envers-lanunci-daprovacio-de-lajut-durgencia-social-per-a-families-amb-infants-de-0-a-16-anys\/#article","isPartOf":{"@id":"https:\/\/www.sindicaturabarcelona.cat\/ca\/la-sindicatura-de-greuges-de-barcelona-elabora-un-dictamen-envers-lanunci-daprovacio-de-lajut-durgencia-social-per-a-families-amb-infants-de-0-a-16-anys\/"},"author":{"name":"Pablo","@id":"https:\/\/www.sindicaturabarcelona.cat\/ca\/#\/schema\/person\/0e5acffc350ffdbc97578159322c9452"},"headline":"La Sindicatura de Greuges de Barcelona elabora un dictamen envers l\u2019anunci d\u2019aprovaci\u00f3 de l\u2019Ajut d\u2019urg\u00e8ncia social per a fam\u00edlies amb infants de 0 a 16 anys","datePublished":"2022-05-26T07:46:50+00:00","dateModified":"2023-05-11T11:14:46+00:00","mainEntityOfPage":{"@id":"https:\/\/www.sindicaturabarcelona.cat\/ca\/la-sindicatura-de-greuges-de-barcelona-elabora-un-dictamen-envers-lanunci-daprovacio-de-lajut-durgencia-social-per-a-families-amb-infants-de-0-a-16-anys\/"},"wordCount":998,"publisher":{"@id":"https:\/\/www.sindicaturabarcelona.cat\/ca\/#organization"},"image":{"@id":"https:\/\/www.sindicaturabarcelona.cat\/ca\/la-sindicatura-de-greuges-de-barcelona-elabora-un-dictamen-envers-lanunci-daprovacio-de-lajut-durgencia-social-per-a-families-amb-infants-de-0-a-16-anys\/#primaryimage"},"thumbnailUrl":"https:\/\/www.sindicaturabarcelona.cat\/wp-content\/uploads\/2022\/05\/22010_210622_SuperillaPoblenou_0127.jpg","articleSection":["Uncategorized @ca"],"inLanguage":"ca"},{"@type":"WebPage","@id":"https:\/\/www.sindicaturabarcelona.cat\/ca\/la-sindicatura-de-greuges-de-barcelona-elabora-un-dictamen-envers-lanunci-daprovacio-de-lajut-durgencia-social-per-a-families-amb-infants-de-0-a-16-anys\/","url":"https:\/\/www.sindicaturabarcelona.cat\/ca\/la-sindicatura-de-greuges-de-barcelona-elabora-un-dictamen-envers-lanunci-daprovacio-de-lajut-durgencia-social-per-a-families-amb-infants-de-0-a-16-anys\/","name":"La Sindicatura de Greuges de Barcelona elabora un dictamen envers l\u2019anunci d\u2019aprovaci\u00f3 de l\u2019Ajut d\u2019urg\u00e8ncia social per a fam\u00edlies amb infants de 0 a 16 anys - Sindicatura de Greuges de Barcelona","isPartOf":{"@id":"https:\/\/www.sindicaturabarcelona.cat\/ca\/#website"},"primaryImageOfPage":{"@id":"https:\/\/www.sindicaturabarcelona.cat\/ca\/la-sindicatura-de-greuges-de-barcelona-elabora-un-dictamen-envers-lanunci-daprovacio-de-lajut-durgencia-social-per-a-families-amb-infants-de-0-a-16-anys\/#primaryimage"},"image":{"@id":"https:\/\/www.sindicaturabarcelona.cat\/ca\/la-sindicatura-de-greuges-de-barcelona-elabora-un-dictamen-envers-lanunci-daprovacio-de-lajut-durgencia-social-per-a-families-amb-infants-de-0-a-16-anys\/#primaryimage"},"thumbnailUrl":"https:\/\/www.sindicaturabarcelona.cat\/wp-content\/uploads\/2022\/05\/22010_210622_SuperillaPoblenou_0127.jpg","datePublished":"2022-05-26T07:46:50+00:00","dateModified":"2023-05-11T11:14:46+00:00","description":"Davant l\u2019anunci de presentar les sol\u00b7licituds \u00fanicament per mitjans electr\u00f2nics, la Sindicatura ha recordat a l\u2019IMSS que cal vetllar...","breadcrumb":{"@id":"https:\/\/www.sindicaturabarcelona.cat\/ca\/la-sindicatura-de-greuges-de-barcelona-elabora-un-dictamen-envers-lanunci-daprovacio-de-lajut-durgencia-social-per-a-families-amb-infants-de-0-a-16-anys\/#breadcrumb"},"inLanguage":"ca","potentialAction":[{"@type":"ReadAction","target":["https:\/\/www.sindicaturabarcelona.cat\/ca\/la-sindicatura-de-greuges-de-barcelona-elabora-un-dictamen-envers-lanunci-daprovacio-de-lajut-durgencia-social-per-a-families-amb-infants-de-0-a-16-anys\/"]}]},{"@type":"ImageObject","inLanguage":"ca","@id":"https:\/\/www.sindicaturabarcelona.cat\/ca\/la-sindicatura-de-greuges-de-barcelona-elabora-un-dictamen-envers-lanunci-daprovacio-de-lajut-durgencia-social-per-a-families-amb-infants-de-0-a-16-anys\/#primaryimage","url":"https:\/\/www.sindicaturabarcelona.cat\/wp-content\/uploads\/2022\/05\/22010_210622_SuperillaPoblenou_0127.jpg","contentUrl":"https:\/\/www.sindicaturabarcelona.cat\/wp-content\/uploads\/2022\/05\/22010_210622_SuperillaPoblenou_0127.jpg","width":1536,"height":1024,"caption":"Dictamen ajut 0-16 anys"},{"@type":"BreadcrumbList","@id":"https:\/\/www.sindicaturabarcelona.cat\/ca\/la-sindicatura-de-greuges-de-barcelona-elabora-un-dictamen-envers-lanunci-daprovacio-de-lajut-durgencia-social-per-a-families-amb-infants-de-0-a-16-anys\/#breadcrumb","itemListElement":[{"@type":"ListItem","position":1,"name":"Inici","item":"https:\/\/www.sindicaturabarcelona.cat\/ca\/"},{"@type":"ListItem","position":2,"name":"La Sindicatura de Greuges de Barcelona elabora un dictamen envers l\u2019anunci d\u2019aprovaci\u00f3 de l\u2019Ajut d\u2019urg\u00e8ncia social per a fam\u00edlies amb infants de 0 a 16 anys"}]},{"@type":"WebSite","@id":"https:\/\/www.sindicaturabarcelona.cat\/ca\/#website","url":"https:\/\/www.sindicaturabarcelona.cat\/ca\/","name":"Sindicatura de Greuges de Barcelona","description":"La defensoria dels teus drets","publisher":{"@id":"https:\/\/www.sindicaturabarcelona.cat\/ca\/#organization"},"potentialAction":[{"@type":"SearchAction","target":{"@type":"EntryPoint","urlTemplate":"https:\/\/www.sindicaturabarcelona.cat\/ca\/?s={search_term_string}"},"query-input":{"@type":"PropertyValueSpecification","valueRequired":true,"valueName":"search_term_string"}}],"inLanguage":"ca"},{"@type":"Organization","@id":"https:\/\/www.sindicaturabarcelona.cat\/ca\/#organization","name":"Sindicatura de Greuges de Barcelona","url":"https:\/\/www.sindicaturabarcelona.cat\/ca\/","logo":{"@type":"ImageObject","inLanguage":"ca","@id":"https:\/\/www.sindicaturabarcelona.cat\/ca\/#\/schema\/logo\/image\/","url":"https:\/\/www.sindicaturabarcelona.cat\/wp-content\/uploads\/2023\/02\/logo_sindicatura.svg","contentUrl":"https:\/\/www.sindicaturabarcelona.cat\/wp-content\/uploads\/2023\/02\/logo_sindicatura.svg","caption":"Sindicatura de Greuges de Barcelona"},"image":{"@id":"https:\/\/www.sindicaturabarcelona.cat\/ca\/#\/schema\/logo\/image\/"},"sameAs":["https:\/\/x.com\/sindicbarcelona","https:\/\/www.instagram.com\/sindicbarcelona\/","https:\/\/www.tiktok.com\/@sindicaturabcn","https:\/\/t.me\/sindicaturabarcelona"]},{"@type":"Person","@id":"https:\/\/www.sindicaturabarcelona.cat\/ca\/#\/schema\/person\/0e5acffc350ffdbc97578159322c9452","name":"Pablo","image":{"@type":"ImageObject","inLanguage":"ca","@id":"https:\/\/secure.gravatar.com\/avatar\/c948169b402ef9492afde705c3dfd5e90e1a6a84ef6840a91124f805a25a480f?s=96&d=mm&r=g","url":"https:\/\/secure.gravatar.com\/avatar\/c948169b402ef9492afde705c3dfd5e90e1a6a84ef6840a91124f805a25a480f?s=96&d=mm&r=g","contentUrl":"https:\/\/secure.gravatar.com\/avatar\/c948169b402ef9492afde705c3dfd5e90e1a6a84ef6840a91124f805a25a480f?s=96&d=mm&r=g","caption":"Pablo"},"url":"https:\/\/www.sindicaturabarcelona.cat\/ca\/author\/pablo\/"}]}},"_links":{"self":[{"href":"https:\/\/www.sindicaturabarcelona.cat\/ca\/wp-json\/wp\/v2\/posts\/14203","targetHints":{"allow":["GET"]}}],"collection":[{"href":"https:\/\/www.sindicaturabarcelona.cat\/ca\/wp-json\/wp\/v2\/posts"}],"about":[{"href":"https:\/\/www.sindicaturabarcelona.cat\/ca\/wp-json\/wp\/v2\/types\/post"}],"author":[{"embeddable":true,"href":"https:\/\/www.sindicaturabarcelona.cat\/ca\/wp-json\/wp\/v2\/users\/2"}],"replies":[{"embeddable":true,"href":"https:\/\/www.sindicaturabarcelona.cat\/ca\/wp-json\/wp\/v2\/comments?post=14203"}],"version-history":[{"count":0,"href":"https:\/\/www.sindicaturabarcelona.cat\/ca\/wp-json\/wp\/v2\/posts\/14203\/revisions"}],"wp:featuredmedia":[{"embeddable":true,"href":"https:\/\/www.sindicaturabarcelona.cat\/ca\/wp-json\/wp\/v2\/media\/14204"}],"wp:attachment":[{"href":"https:\/\/www.sindicaturabarcelona.cat\/ca\/wp-json\/wp\/v2\/media?parent=14203"}],"wp:term":[{"taxonomy":"post_tag","embeddable":true,"href":"https:\/\/www.sindicaturabarcelona.cat\/ca\/wp-json\/wp\/v2\/tags?post=14203"},{"taxonomy":"drets","embeddable":true,"href":"https:\/\/www.sindicaturabarcelona.cat\/ca\/wp-json\/wp\/v2\/drets?post=14203"}],"curies":[{"name":"wp","href":"https:\/\/api.w.org\/{rel}","templated":true}]}}