{"id":13917,"date":"2022-05-10T09:59:54","date_gmt":"2022-05-10T07:59:54","guid":{"rendered":"https:\/\/www.sindicaturabarcelona.cat\/?p=13917"},"modified":"2023-05-11T13:16:32","modified_gmt":"2023-05-11T11:16:32","slug":"sindicatura-insta-regidoria-educacio-a-investigacio-en-profunditat-fets-escola-barcelona-i-reparar-dany-victimes","status":"publish","type":"post","link":"https:\/\/www.sindicaturabarcelona.cat\/ca\/sindicatura-insta-regidoria-educacio-a-investigacio-en-profunditat-fets-escola-barcelona-i-reparar-dany-victimes\/","title":{"rendered":"La Sindicatura insta la Regidoria d\u2019Educaci\u00f3 a dur a terme una investigaci\u00f3 en profunditat dels fets produ\u00efts a l\u2019Escola Barcelona i a reparar el dany a les v\u00edctimes"},"content":{"rendered":"\n<p class=\"has-text-align-justify\">Despr\u00e9s d\u2019una actuaci\u00f3 d\u2019ofici, la Sindicatura de Greuges de Barcelona ha instat<strong> la Regidoria d\u2019Educaci\u00f3<\/strong> que, en compliment del comprom\u00eds assumit per l\u2019Ajuntament de Barcelona, dugui terme les <strong>actuacions necess\u00e0ries perqu\u00e8 s\u2019executi una investigaci\u00f3 en profunditat sobre els fets produ\u00efts a l\u2019Escola Barcelona, amb l\u2019objectiu de depurar responsabilitats i reparar el dany a les v\u00edctimes de manera adequada<\/strong>. &nbsp;<\/p>\n\n\n\n<p class=\"has-text-align-justify\">D\u2019altra banda, la Sindicatura ha recomanat <strong>a la Regidoria d\u2019Inf\u00e0ncia, Joventut, Persones Grans i Persones amb Discapacitat, aix\u00ed com a la Regidoria d\u2019Educaci\u00f3,<\/strong> <strong>la creaci\u00f3 d\u2019una comissi\u00f3 d\u2019investigaci\u00f3 de viol\u00e8ncies a la inf\u00e0ncia i l\u2019adolesc\u00e8ncia, que inspeccioni i revisi casos que s\u2019hagin produ\u00eft o es puguin produir en serveis i espais de la ciutat <\/strong>adre\u00e7ats a la inf\u00e0ncia i l\u2019adolesc\u00e8ncia, i que tingui la capacitat d\u2019implementar els mecanismes reparadors adients.<\/p>\n\n\n\n<p><strong><span style=\"text-decoration: underline;\" class=\"ek-underline\">L\u2019origen de l\u2019actuaci\u00f3 d\u2019ofici<\/span><\/strong><\/p>\n\n\n\n<p class=\"has-text-align-justify\">El passat 14 de desembre de 2021, la Sindicatura de Greuges de Barcelona va iniciar una <a href=\"https:\/\/www.sindicaturabarcelona.cat\/wp-content\/uploads\/2022\/05\/05_Escola-Barcelona_Educacio.pdf\" target=\"_blank\" aria-label=\"actuaci\u00f3 d\u2019ofici  (opens in a new tab)\" rel=\"noreferrer noopener\" class=\"ek-link\">actuaci\u00f3 d\u2019ofici <\/a>despr\u00e9s de <strong>con\u00e8ixer les den\u00fancies presentades als Mossos d\u2019Esquadra per part de persones v\u00edctimes d\u2019assetjaments, abusos, vexacions i vulneracions de drets comeses durant vint anys per un educador de l\u2019Escola Barcelona<\/strong>. L\u2019objectiu d\u2019aquest expedient d\u2019ofici va ser <strong>aclarir quins fets s\u2019havien produ\u00eft en aquesta escola p\u00fablica de la ciutat i quines havien estat les actuacions dels \u00f2rgans educatius responsables <\/strong>de protegir i garantir el bon tracte a infants i joves.<\/p>\n\n\n\n<p><strong><span style=\"text-decoration: underline;\" class=\"ek-underline\">La Sindicatura crea un grup de treball<\/span><\/strong><\/p>\n\n\n\n<p class=\"has-text-align-justify\">El 14 de gener de 2022 la Sindicatura de Greuges de Barcelona va constituir un grup de treball integrat per persones professionals de diferents \u00e0mbits (social, art\u00edstic, m\u00e8dic, psicol\u00f2gic, jur\u00eddic&#8230;), que es reuneix peri\u00f2dicament per explorar com millorar la detecci\u00f3, l\u2019atenci\u00f3 i l\u2019acompanyament a les v\u00edctimes d\u2019abusos i viol\u00e8ncies sexuals.<\/p>\n\n\n\n<p class=\"has-text-align-justify\">El grup de treball ha constatat que hi ha una manca d\u2019acompanyament a les v\u00edctimes i considera que cal impulsar processos de reparaci\u00f3 des de les institucions. Per aquest motiu, s\u2019est\u00e0 treballant per proposar mesures de millora que permetin revisar l\u2019abordatge dels abusos sexuals i els assetjaments sexuals a dones, inf\u00e0ncia i adolesc\u00e8ncia a la ciutat de Barcelona.<\/p>\n\n\n\n<p><strong><span style=\"text-decoration: underline;\" class=\"ek-underline\">Els fets denunciats per antic alumnat de l\u2019Escola Barcelona<\/span><\/strong><\/p>\n\n\n\n<p class=\"has-text-align-justify\">En data 15 de desembre de 2021, 16 de desembre de 2021 i 3 de gener de 2022, la Sindicatura va rebre diversos testimonis de v\u00edctimes d\u2019abusos i vexacions en aquesta escola.<\/p>\n\n\n\n<p class=\"has-text-align-justify\">Un dels testimonis que s\u2019han dirigit a la Sindicatura exposa que va ser alumne des de l\u2019any 1981 fins al 1991. Explica que aquest professor va tenir conductes d\u2019ab\u00fas i vexacions des de primer fins a vuit\u00e8 curs d\u2019EGB. Quan estava a set\u00e8 curs va dirigir-se a la direcci\u00f3 de l\u2019escola per denunciar-ho, juntament amb altres dos infants que patien la mateixa situaci\u00f3. Va produir-se una reuni\u00f3 entre els tres infants, el professor, la directora i la sotsdirectora. En aquest encontre se\u2019ls va obligar a demanar perd\u00f3 al professor i se\u2019ls va advertir que no tolerarien noves acusacions com aquestes.<\/p>\n\n\n\n<p class=\"has-text-align-justify\">Un altre dels testimonis que ha rebut aquesta Sindicatura reitera les vexacions, amenaces, tocaments i viol\u00e8ncia f\u00edsica i verbal que va patir per part d\u2019aquest professor al llarg de la seva escolaritzaci\u00f3. Fa un relat exhaustiu de les diverses situacions patides, tant en el nucli de l\u2019escola, com en les activitats extraescolars, col\u00f2nies i sortides. Manifesta que no es tractava de fets a\u00efllats, sin\u00f3 que aquest comportament era habitual. Aquest testimoni detalla que, despr\u00e9s de patir una situaci\u00f3 d\u2019ab\u00fas sexual, ho va explicar als seus pares. En aquell moment, va tenir lloc una trobada amb la directora, la tutora del grup, els pares i l\u2019infant. L\u2019escola no s\u2019ho va creure i va manifestar que \u201caix\u00f2 no podia ser veritat i que segurament havia malinterpretat els fets\u201d. &nbsp;<\/p>\n\n\n\n<p class=\"has-text-align-justify\"><strong>En definitiva, les persones denunciants compartien el relat de qu\u00e8 l\u2019escola era coneixedora dels fets i que no va fer res al respecte.<\/strong> L\u2019equip directiu, en particular les directores del centre de 1982 a 1991, d\u2019una banda, i de 1991 a 2012, de l\u2019altra, eren coneixedores dels abusos, segons els testimonis.<\/p>\n\n\n\n<p><strong><span style=\"text-decoration: underline;\" class=\"ek-underline\">L\u2019actuaci\u00f3 de l\u2019Escola i de les administracions responsables<\/span><\/strong><\/p>\n\n\n\n<p class=\"has-text-align-justify\"><strong>Primerament, la Sindicatura vol manifestar que actualment aquesta escola compta amb les eines i procediments per prevenir, detectar i atendre qualsevol situaci\u00f3 de viol\u00e8ncia<\/strong>. T\u00e9 implantat el <em>Projecte Educatiu<\/em>, a l\u2019abast i coneixement de tots els membres de la comunitat educativa. Tamb\u00e9 disposa d\u2019una Comissi\u00f3 mixta per atendre els casos que es detecten. La situaci\u00f3 actual no \u00e9s la que va viure durant m\u00e9s de tres d\u00e8cades l\u2019alumnat de l\u2019escola p\u00fablica Barcelona.<\/p>\n\n\n\n<p class=\"has-text-align-justify\">Revisant el relat efectuat per les v\u00edctimes, es posa de manifest que van haver d\u2019afrontar la conviv\u00e8ncia amb la persona agressora durant tota la seva escolaritat, on la seva pres\u00e8ncia era continuada i permanent, gaireb\u00e9 omnipresent a tots els espais.<\/p>\n\n\n\n<p class=\"has-text-align-justify\">Des de la direcci\u00f3 actual de l\u2019escola es detalla que la persona denunciada va finalitzar la seva vinculaci\u00f3 amb el centre educatiu al voltant de l\u2019any 2010, anys abans de l\u2019arribada de l\u2019actual direcci\u00f3 (que porta 4 cursos com equip directiu i que no t\u00e9 cap nexe amb l\u2019equip directiu de llavors). Des d\u2019aleshores, no ha mantingut cap vincle amb l\u2019equip actual ni amb l\u2019AFA, completament desconeixedores del que feia o com actuava a l\u2019escola.<\/p>\n\n\n\n<p class=\"has-text-align-justify\">La defensoria va dirigir-se al <a href=\"https:\/\/www.edubcn.cat\/ca\" target=\"_blank\" aria-label=\"Consorci d\u2019Educaci\u00f3 de Barcelona (CEB) (opens in a new tab)\" rel=\"noreferrer noopener\" class=\"ek-link\">Consorci d\u2019Educaci\u00f3 de Barcelona (CEB)<\/a> per con\u00e8ixer la formaci\u00f3\/titulaci\u00f3 i la situaci\u00f3 contractual d\u2019aquesta persona responsable de l\u2019educaci\u00f3 f\u00edsica a l\u2019escola. <strong>Encara que la titularitat de l\u2019Escola Barcelona sempre ha estat del Departament d\u2019Educaci\u00f3 de la Generalitat de Catalunya, el CEB afirma que aquesta persona mai ha tingut un vincle contractual o laboral amb el Departament d\u2019Educaci\u00f3 de la Generalitat de Catalunya o amb l\u2019Ajuntament de Barcelona.<\/strong><\/p>\n\n\n\n<p class=\"has-text-align-justify\">L\u2019Escola Barcelona explica que l\u2019educador estava contractat per l\u2019AMPA per fer les activitats esportives extraescolars i que no formava part del claustre de professorat de l\u2019Escola Barcelona. Per\u00f2 no disposen de m\u00e9s informaci\u00f3, ja que, l\u2019any 2016, l\u2019AMPA va destruir la documentaci\u00f3 en paper d\u2019anys anteriors, seguint el reglament que els era d&#8217;aplicaci\u00f3.<\/p>\n\n\n\n<p class=\"has-text-align-justify\">La Sindicatura de Greuges de Barcelona considera incomprensible que l\u2019administraci\u00f3 hagi afirmat no con\u00e8ixer quina era la relaci\u00f3 contractual o laboral d\u2019aquesta persona, ni de quina formaci\u00f3 professional disposava el responsable de donar l\u2019activitat d\u2019educaci\u00f3 f\u00edsica. Tot i que s\u2019ha comunicat que no formava part del claustre escolar, \u00e9s evident que aquesta persona formava part de l\u2019estructura de l\u2019escola on hi va ser durant m\u00e9s de trenta anys.<\/p>\n\n\n\n<p class=\"has-text-align-justify\"><strong>Un altre element que afegeix gravetat \u00e9s que la direcci\u00f3 de l\u2019escola, davant del coneixement dels fets, va negar-los, minimitzar-los, i va recriminar a les v\u00edctimes el dany que es feia a l\u2019honorabilitat de la persona acusada. Aix\u00f2 demostra que sense la clara conniv\u00e8ncia de la direcci\u00f3 de l\u2019escola d\u2019aquell moment, aquests fets no s\u2019haguessin produ\u00eft ni haguessin continuat.<\/strong><\/p>\n\n\n\n<p class=\"has-text-align-justify\">Aquest fet motiva <strong>la indignaci\u00f3 de les v\u00edctimes amb l\u2019equip directiu<\/strong> de l\u2019escola d\u2019aquella etapa. No \u00e9s acceptable que les persones que tenien el deure de vetllar per llur integritat i dignitat personal, quan van ser coneixedores de moltes de les conductes d\u2019aquesta persona, culpessin als infants en lloc de prendre mesures per protegir-los, com que cess\u00e9s de manera immediata la seva pres\u00e8ncia a l\u2019escola.Per aquest motiu, les v\u00edctimes reivindiquen <strong>que s\u2019assumeixin responsabilitats institucionals<\/strong>.<\/p>\n\n\n\n<p class=\"has-text-align-justify\"><strong>El fet que es tracti de delictes prescrits ha impedit que, des de l\u2019\u00e0mbit penal, es<\/strong> <strong>puguin demanar responsabilitats i dur a terme una investigaci\u00f3 amb m\u00e9s profunditat. Per\u00f2, com s\u2019ha vist en altres casos (sobretot quan existeix una pluralitat de v\u00edctimes en una mateixa instituci\u00f3),<\/strong> <strong>la prescripci\u00f3 penal no exclou la necessitat que aquestes puguin obtenir-ne algun tipus de reparaci\u00f3<\/strong>. Per aquest motiu, la Sindicatura considera <strong>molt important que<\/strong>, m\u00e9s enll\u00e0 de la possibilitat d\u2019intervenci\u00f3 de la jurisdicci\u00f3 penal, <strong>s\u2019actu\u00ef a partir del paradigma de la just\u00edcia restaurativa i la reparaci\u00f3 del dany, <\/strong>tal com recull l\u2019OG n\u00famero 13 del Comit\u00e8 dels Drets dels Infants de les Nacions Unides.<\/p>\n\n\n\n<p class=\"has-text-align-justify\"><strong>Al respecte, <\/strong><strong>el Consorci ha informat que el conseller d\u2019Educaci\u00f3 va anunciar una investigaci\u00f3 sobre els fets ocorreguts en aquesta escola. Per\u00f2<\/strong> <strong>no s\u2019ha informat de cap actuaci\u00f3 iniciada<\/strong> al respecte i sembla que aquesta no ha anat m\u00e9s enll\u00e0 de condemnar els fets ocorreguts i comprometre\u2019s a continuar treballant per la seva eradicaci\u00f3 en l\u2019\u00e0mbit escolar.<\/p>\n\n\n\n<p class=\"has-text-align-justify\"><strong>D\u2019acord amb aquestes consideracions, la Sindicatura de Greuges de Barcelona vol posar de manifest que l\u2019administraci\u00f3 educativa no pot nom\u00e9s limitar-se a desenvolupar una tasca preventiva enfront de les viol\u00e8ncies contra la inf\u00e0ncia i l\u2019adolesc\u00e8ncia, sin\u00f3 que tamb\u00e9 ha d\u2019assumir responsabilitats institucionals quan els fets hagin ocorregut en centres educatius.<\/strong><\/p>\n\n\n\n<p class=\"has-text-align-justify\"><strong>Per aquest motiu, la Sindicatura ent\u00e9n que l\u2019administraci\u00f3 educativa hauria de realitzar una investigaci\u00f3 en profunditat encaminada a con\u00e8ixer l\u2019abast dels fets produ\u00efts durant m\u00e9s de tres d\u00e8cades en aquesta escola p\u00fablica de la ciutat de Barcelona.<\/strong><\/p>\n\n\n\n<p class=\"has-text-align-justify\">Aquesta investigaci\u00f3 hauria d\u2019anar acompanyada d\u2019una voluntat de reparaci\u00f3 del dany per part de l\u2019escola i de l\u2019administraci\u00f3, en l\u00ednia amb el que recomana el Comit\u00e8 dels drets de la inf\u00e0ncia de les Nacions Unides.<\/p>\n\n\n\n<p class=\"has-text-align-justify\">De fet, en data 23 de desembre de 2021 <strong>el Plenari del Consell Municipal de l&#8217;Ajuntament va aprovar una Declaraci\u00f3 Institucional<\/strong> per unanimitat en qu\u00e8 es comprometia a treballar des del Consorci d&#8217;Educaci\u00f3 de Barcelona, del que forma part, per esbrinar els fets sobre les presumptes viol\u00e8ncies sexuals a l&#8217;Escola Barcelona, aix\u00ed com a col\u00b7laborar amb el proc\u00e9s d&#8217;investigaci\u00f3 iniciat. D\u2019acord amb aquesta declaraci\u00f3 institucional, <strong>l\u2019Ajuntament de Barcelona ha adquirit un comprom\u00eds per aclarir els fets produ\u00efts a l\u2019Escola Barcelona, al qual ha de respondre de manera efectiva.<\/strong><\/p>\n\n\n\n<p class=\"has-text-align-justify\">Aix\u00ed mateix, la Sindicatura de Greuges considera que <strong>l\u2019actuaci\u00f3 del Consorci d\u2019Educaci\u00f3 de Barcelona ha estat insuficient i incomplerta per aclarir els casos de viol\u00e8ncies denunciats per nombrosos exalumnes de l\u2019Escola Barcelona. <\/strong>Per aquest motiu, recomana a la Regidoria d\u2019Educaci\u00f3 que insti aquest organisme a anar m\u00e9s enll\u00e0 de la condemna dels fets i la mostra de solidaritat amb els v\u00edctimes, i ofereixi tamb\u00e9 les disculpes reparadores que l\u2019alumnat mereix.<\/p>\n","protected":false},"excerpt":{"rendered":"<p>Despr\u00e9s d\u2019una actuaci\u00f3 d\u2019ofici, la Sindicatura de Greuges de Barcelona ha instat la Regidoria d\u2019Educaci\u00f3 que, en compliment del comprom\u00eds assumit per l\u2019Ajuntament de Barcelona, dugui terme les actuacions necess\u00e0ries [&hellip;]<\/p>\n","protected":false},"author":2,"featured_media":13918,"comment_status":"closed","ping_status":"open","sticky":false,"template":"","format":"standard","meta":{"_acf_changed":false,"footnotes":""},"tags":[1379],"drets":[1428,1437,1442,1462],"class_list":["post-13917","post","type-post","status-publish","format-standard","has-post-thumbnail","hentry","tag-escola-barcelona","drets-ciutat-equitativa","drets-dret-a-una-vida-lliure-de-violencies","drets-ciutat-diversa","drets-drets-de-la-infancia-i-ladolescencia"],"acf":[],"yoast_head":"<!-- This site is optimized with the Yoast SEO plugin v27.5 - https:\/\/yoast.com\/product\/yoast-seo-wordpress\/ -->\n<title>La Sindicatura insta la Regidoria d\u2019Educaci\u00f3 a dur a terme una investigaci\u00f3 en profunditat dels fets produ\u00efts a l\u2019Escola Barcelona i a reparar el dany a les v\u00edctimes - Sindicatura de Greuges de Barcelona<\/title>\n<meta name=\"description\" content=\"Un element que afegeix gravetat \u00e9s que la direcci\u00f3 de l\u2019escola, davant del coneixement dels fets, va negar-los, minimitzar-los, i...\" \/>\n<meta name=\"robots\" content=\"index, follow, max-snippet:-1, max-image-preview:large, max-video-preview:-1\" \/>\n<link rel=\"canonical\" href=\"https:\/\/www.sindicaturabarcelona.cat\/ca\/sindicatura-insta-regidoria-educacio-a-investigacio-en-profunditat-fets-escola-barcelona-i-reparar-dany-victimes\/\" \/>\n<meta property=\"og:locale\" content=\"ca_ES\" \/>\n<meta property=\"og:type\" content=\"article\" \/>\n<meta property=\"og:title\" content=\"La Sindicatura insta la Regidoria d\u2019Educaci\u00f3 a dur a terme una investigaci\u00f3 en profunditat dels fets produ\u00efts a l\u2019Escola Barcelona i a reparar el dany a les v\u00edctimes - Sindicatura de Greuges de Barcelona\" \/>\n<meta property=\"og:description\" content=\"Un element que afegeix gravetat \u00e9s que la direcci\u00f3 de l\u2019escola, davant del coneixement dels fets, va negar-los, minimitzar-los, i...\" \/>\n<meta property=\"og:url\" content=\"https:\/\/www.sindicaturabarcelona.cat\/ca\/sindicatura-insta-regidoria-educacio-a-investigacio-en-profunditat-fets-escola-barcelona-i-reparar-dany-victimes\/\" \/>\n<meta property=\"og:site_name\" content=\"Sindicatura de Greuges de Barcelona\" \/>\n<meta property=\"article:published_time\" content=\"2022-05-10T07:59:54+00:00\" \/>\n<meta property=\"article:modified_time\" content=\"2023-05-11T11:16:32+00:00\" \/>\n<meta property=\"og:image\" content=\"https:\/\/www.sindicaturabarcelona.cat\/wp-content\/uploads\/2022\/05\/EscolaBCN2.jpeg\" \/>\n\t<meta property=\"og:image:width\" content=\"1536\" \/>\n\t<meta property=\"og:image:height\" content=\"864\" \/>\n\t<meta property=\"og:image:type\" content=\"image\/jpeg\" \/>\n<meta name=\"author\" content=\"Pablo\" \/>\n<meta name=\"twitter:card\" content=\"summary_large_image\" \/>\n<meta name=\"twitter:creator\" content=\"@sindicbarcelona\" \/>\n<meta name=\"twitter:site\" content=\"@sindicbarcelona\" \/>\n<meta name=\"twitter:label1\" content=\"Escrit per\" \/>\n\t<meta name=\"twitter:data1\" content=\"Pablo\" \/>\n\t<meta name=\"twitter:label2\" content=\"Temps estimat de lectura\" \/>\n\t<meta name=\"twitter:data2\" content=\"9 minuts\" \/>\n<script type=\"application\/ld+json\" class=\"yoast-schema-graph\">{\"@context\":\"https:\\\/\\\/schema.org\",\"@graph\":[{\"@type\":\"Article\",\"@id\":\"https:\\\/\\\/www.sindicaturabarcelona.cat\\\/ca\\\/sindicatura-insta-regidoria-educacio-a-investigacio-en-profunditat-fets-escola-barcelona-i-reparar-dany-victimes\\\/#article\",\"isPartOf\":{\"@id\":\"https:\\\/\\\/www.sindicaturabarcelona.cat\\\/ca\\\/sindicatura-insta-regidoria-educacio-a-investigacio-en-profunditat-fets-escola-barcelona-i-reparar-dany-victimes\\\/\"},\"author\":{\"name\":\"Pablo\",\"@id\":\"https:\\\/\\\/www.sindicaturabarcelona.cat\\\/ca\\\/#\\\/schema\\\/person\\\/0e5acffc350ffdbc97578159322c9452\"},\"headline\":\"La Sindicatura insta la Regidoria d\u2019Educaci\u00f3 a dur a terme una investigaci\u00f3 en profunditat dels fets produ\u00efts a l\u2019Escola Barcelona i a reparar el dany a les v\u00edctimes\",\"datePublished\":\"2022-05-10T07:59:54+00:00\",\"dateModified\":\"2023-05-11T11:16:32+00:00\",\"mainEntityOfPage\":{\"@id\":\"https:\\\/\\\/www.sindicaturabarcelona.cat\\\/ca\\\/sindicatura-insta-regidoria-educacio-a-investigacio-en-profunditat-fets-escola-barcelona-i-reparar-dany-victimes\\\/\"},\"wordCount\":1851,\"publisher\":{\"@id\":\"https:\\\/\\\/www.sindicaturabarcelona.cat\\\/ca\\\/#organization\"},\"image\":{\"@id\":\"https:\\\/\\\/www.sindicaturabarcelona.cat\\\/ca\\\/sindicatura-insta-regidoria-educacio-a-investigacio-en-profunditat-fets-escola-barcelona-i-reparar-dany-victimes\\\/#primaryimage\"},\"thumbnailUrl\":\"https:\\\/\\\/www.sindicaturabarcelona.cat\\\/wp-content\\\/uploads\\\/2022\\\/05\\\/EscolaBCN2.jpeg\",\"keywords\":[\"escola barcelona\"],\"articleSection\":[\"Uncategorized @ca\"],\"inLanguage\":\"ca\"},{\"@type\":\"WebPage\",\"@id\":\"https:\\\/\\\/www.sindicaturabarcelona.cat\\\/ca\\\/sindicatura-insta-regidoria-educacio-a-investigacio-en-profunditat-fets-escola-barcelona-i-reparar-dany-victimes\\\/\",\"url\":\"https:\\\/\\\/www.sindicaturabarcelona.cat\\\/ca\\\/sindicatura-insta-regidoria-educacio-a-investigacio-en-profunditat-fets-escola-barcelona-i-reparar-dany-victimes\\\/\",\"name\":\"La Sindicatura insta la Regidoria d\u2019Educaci\u00f3 a dur a terme una investigaci\u00f3 en profunditat dels fets produ\u00efts a l\u2019Escola Barcelona i a reparar el dany a les v\u00edctimes - Sindicatura de Greuges de Barcelona\",\"isPartOf\":{\"@id\":\"https:\\\/\\\/www.sindicaturabarcelona.cat\\\/ca\\\/#website\"},\"primaryImageOfPage\":{\"@id\":\"https:\\\/\\\/www.sindicaturabarcelona.cat\\\/ca\\\/sindicatura-insta-regidoria-educacio-a-investigacio-en-profunditat-fets-escola-barcelona-i-reparar-dany-victimes\\\/#primaryimage\"},\"image\":{\"@id\":\"https:\\\/\\\/www.sindicaturabarcelona.cat\\\/ca\\\/sindicatura-insta-regidoria-educacio-a-investigacio-en-profunditat-fets-escola-barcelona-i-reparar-dany-victimes\\\/#primaryimage\"},\"thumbnailUrl\":\"https:\\\/\\\/www.sindicaturabarcelona.cat\\\/wp-content\\\/uploads\\\/2022\\\/05\\\/EscolaBCN2.jpeg\",\"datePublished\":\"2022-05-10T07:59:54+00:00\",\"dateModified\":\"2023-05-11T11:16:32+00:00\",\"description\":\"Un element que afegeix gravetat \u00e9s que la direcci\u00f3 de l\u2019escola, davant del coneixement dels fets, va negar-los, minimitzar-los, i...\",\"breadcrumb\":{\"@id\":\"https:\\\/\\\/www.sindicaturabarcelona.cat\\\/ca\\\/sindicatura-insta-regidoria-educacio-a-investigacio-en-profunditat-fets-escola-barcelona-i-reparar-dany-victimes\\\/#breadcrumb\"},\"inLanguage\":\"ca\",\"potentialAction\":[{\"@type\":\"ReadAction\",\"target\":[\"https:\\\/\\\/www.sindicaturabarcelona.cat\\\/ca\\\/sindicatura-insta-regidoria-educacio-a-investigacio-en-profunditat-fets-escola-barcelona-i-reparar-dany-victimes\\\/\"]}]},{\"@type\":\"ImageObject\",\"inLanguage\":\"ca\",\"@id\":\"https:\\\/\\\/www.sindicaturabarcelona.cat\\\/ca\\\/sindicatura-insta-regidoria-educacio-a-investigacio-en-profunditat-fets-escola-barcelona-i-reparar-dany-victimes\\\/#primaryimage\",\"url\":\"https:\\\/\\\/www.sindicaturabarcelona.cat\\\/wp-content\\\/uploads\\\/2022\\\/05\\\/EscolaBCN2.jpeg\",\"contentUrl\":\"https:\\\/\\\/www.sindicaturabarcelona.cat\\\/wp-content\\\/uploads\\\/2022\\\/05\\\/EscolaBCN2.jpeg\",\"width\":1536,\"height\":864,\"caption\":\"Escola Barcelona\"},{\"@type\":\"BreadcrumbList\",\"@id\":\"https:\\\/\\\/www.sindicaturabarcelona.cat\\\/ca\\\/sindicatura-insta-regidoria-educacio-a-investigacio-en-profunditat-fets-escola-barcelona-i-reparar-dany-victimes\\\/#breadcrumb\",\"itemListElement\":[{\"@type\":\"ListItem\",\"position\":1,\"name\":\"Inici\",\"item\":\"https:\\\/\\\/www.sindicaturabarcelona.cat\\\/ca\\\/\"},{\"@type\":\"ListItem\",\"position\":2,\"name\":\"La Sindicatura insta la Regidoria d\u2019Educaci\u00f3 a dur a terme una investigaci\u00f3 en profunditat dels fets produ\u00efts a l\u2019Escola Barcelona i a reparar el dany a les v\u00edctimes\"}]},{\"@type\":\"WebSite\",\"@id\":\"https:\\\/\\\/www.sindicaturabarcelona.cat\\\/ca\\\/#website\",\"url\":\"https:\\\/\\\/www.sindicaturabarcelona.cat\\\/ca\\\/\",\"name\":\"Sindicatura de Greuges de Barcelona\",\"description\":\"La defensoria dels teus drets\",\"publisher\":{\"@id\":\"https:\\\/\\\/www.sindicaturabarcelona.cat\\\/ca\\\/#organization\"},\"potentialAction\":[{\"@type\":\"SearchAction\",\"target\":{\"@type\":\"EntryPoint\",\"urlTemplate\":\"https:\\\/\\\/www.sindicaturabarcelona.cat\\\/ca\\\/?s={search_term_string}\"},\"query-input\":{\"@type\":\"PropertyValueSpecification\",\"valueRequired\":true,\"valueName\":\"search_term_string\"}}],\"inLanguage\":\"ca\"},{\"@type\":\"Organization\",\"@id\":\"https:\\\/\\\/www.sindicaturabarcelona.cat\\\/ca\\\/#organization\",\"name\":\"Sindicatura de Greuges de Barcelona\",\"url\":\"https:\\\/\\\/www.sindicaturabarcelona.cat\\\/ca\\\/\",\"logo\":{\"@type\":\"ImageObject\",\"inLanguage\":\"ca\",\"@id\":\"https:\\\/\\\/www.sindicaturabarcelona.cat\\\/ca\\\/#\\\/schema\\\/logo\\\/image\\\/\",\"url\":\"https:\\\/\\\/www.sindicaturabarcelona.cat\\\/wp-content\\\/uploads\\\/2023\\\/02\\\/logo_sindicatura.svg\",\"contentUrl\":\"https:\\\/\\\/www.sindicaturabarcelona.cat\\\/wp-content\\\/uploads\\\/2023\\\/02\\\/logo_sindicatura.svg\",\"caption\":\"Sindicatura de Greuges de Barcelona\"},\"image\":{\"@id\":\"https:\\\/\\\/www.sindicaturabarcelona.cat\\\/ca\\\/#\\\/schema\\\/logo\\\/image\\\/\"},\"sameAs\":[\"https:\\\/\\\/x.com\\\/sindicbarcelona\",\"https:\\\/\\\/www.instagram.com\\\/sindicbarcelona\\\/\",\"https:\\\/\\\/www.tiktok.com\\\/@sindicaturabcn\",\"https:\\\/\\\/t.me\\\/sindicaturabarcelona\"]},{\"@type\":\"Person\",\"@id\":\"https:\\\/\\\/www.sindicaturabarcelona.cat\\\/ca\\\/#\\\/schema\\\/person\\\/0e5acffc350ffdbc97578159322c9452\",\"name\":\"Pablo\",\"image\":{\"@type\":\"ImageObject\",\"inLanguage\":\"ca\",\"@id\":\"https:\\\/\\\/secure.gravatar.com\\\/avatar\\\/c948169b402ef9492afde705c3dfd5e90e1a6a84ef6840a91124f805a25a480f?s=96&d=mm&r=g\",\"url\":\"https:\\\/\\\/secure.gravatar.com\\\/avatar\\\/c948169b402ef9492afde705c3dfd5e90e1a6a84ef6840a91124f805a25a480f?s=96&d=mm&r=g\",\"contentUrl\":\"https:\\\/\\\/secure.gravatar.com\\\/avatar\\\/c948169b402ef9492afde705c3dfd5e90e1a6a84ef6840a91124f805a25a480f?s=96&d=mm&r=g\",\"caption\":\"Pablo\"},\"url\":\"https:\\\/\\\/www.sindicaturabarcelona.cat\\\/ca\\\/author\\\/pablo\\\/\"}]}<\/script>\n<!-- \/ Yoast SEO plugin. -->","yoast_head_json":{"title":"La Sindicatura insta la Regidoria d\u2019Educaci\u00f3 a dur a terme una investigaci\u00f3 en profunditat dels fets produ\u00efts a l\u2019Escola Barcelona i a reparar el dany a les v\u00edctimes - Sindicatura de Greuges de Barcelona","description":"Un element que afegeix gravetat \u00e9s que la direcci\u00f3 de l\u2019escola, davant del coneixement dels fets, va negar-los, minimitzar-los, i...","robots":{"index":"index","follow":"follow","max-snippet":"max-snippet:-1","max-image-preview":"max-image-preview:large","max-video-preview":"max-video-preview:-1"},"canonical":"https:\/\/www.sindicaturabarcelona.cat\/ca\/sindicatura-insta-regidoria-educacio-a-investigacio-en-profunditat-fets-escola-barcelona-i-reparar-dany-victimes\/","og_locale":"ca_ES","og_type":"article","og_title":"La Sindicatura insta la Regidoria d\u2019Educaci\u00f3 a dur a terme una investigaci\u00f3 en profunditat dels fets produ\u00efts a l\u2019Escola Barcelona i a reparar el dany a les v\u00edctimes - Sindicatura de Greuges de Barcelona","og_description":"Un element que afegeix gravetat \u00e9s que la direcci\u00f3 de l\u2019escola, davant del coneixement dels fets, va negar-los, minimitzar-los, i...","og_url":"https:\/\/www.sindicaturabarcelona.cat\/ca\/sindicatura-insta-regidoria-educacio-a-investigacio-en-profunditat-fets-escola-barcelona-i-reparar-dany-victimes\/","og_site_name":"Sindicatura de Greuges de Barcelona","article_published_time":"2022-05-10T07:59:54+00:00","article_modified_time":"2023-05-11T11:16:32+00:00","og_image":[{"width":1536,"height":864,"url":"https:\/\/www.sindicaturabarcelona.cat\/wp-content\/uploads\/2022\/05\/EscolaBCN2.jpeg","type":"image\/jpeg"}],"author":"Pablo","twitter_card":"summary_large_image","twitter_creator":"@sindicbarcelona","twitter_site":"@sindicbarcelona","twitter_misc":{"Escrit per":"Pablo","Temps estimat de lectura":"9 minuts"},"schema":{"@context":"https:\/\/schema.org","@graph":[{"@type":"Article","@id":"https:\/\/www.sindicaturabarcelona.cat\/ca\/sindicatura-insta-regidoria-educacio-a-investigacio-en-profunditat-fets-escola-barcelona-i-reparar-dany-victimes\/#article","isPartOf":{"@id":"https:\/\/www.sindicaturabarcelona.cat\/ca\/sindicatura-insta-regidoria-educacio-a-investigacio-en-profunditat-fets-escola-barcelona-i-reparar-dany-victimes\/"},"author":{"name":"Pablo","@id":"https:\/\/www.sindicaturabarcelona.cat\/ca\/#\/schema\/person\/0e5acffc350ffdbc97578159322c9452"},"headline":"La Sindicatura insta la Regidoria d\u2019Educaci\u00f3 a dur a terme una investigaci\u00f3 en profunditat dels fets produ\u00efts a l\u2019Escola Barcelona i a reparar el dany a les v\u00edctimes","datePublished":"2022-05-10T07:59:54+00:00","dateModified":"2023-05-11T11:16:32+00:00","mainEntityOfPage":{"@id":"https:\/\/www.sindicaturabarcelona.cat\/ca\/sindicatura-insta-regidoria-educacio-a-investigacio-en-profunditat-fets-escola-barcelona-i-reparar-dany-victimes\/"},"wordCount":1851,"publisher":{"@id":"https:\/\/www.sindicaturabarcelona.cat\/ca\/#organization"},"image":{"@id":"https:\/\/www.sindicaturabarcelona.cat\/ca\/sindicatura-insta-regidoria-educacio-a-investigacio-en-profunditat-fets-escola-barcelona-i-reparar-dany-victimes\/#primaryimage"},"thumbnailUrl":"https:\/\/www.sindicaturabarcelona.cat\/wp-content\/uploads\/2022\/05\/EscolaBCN2.jpeg","keywords":["escola barcelona"],"articleSection":["Uncategorized @ca"],"inLanguage":"ca"},{"@type":"WebPage","@id":"https:\/\/www.sindicaturabarcelona.cat\/ca\/sindicatura-insta-regidoria-educacio-a-investigacio-en-profunditat-fets-escola-barcelona-i-reparar-dany-victimes\/","url":"https:\/\/www.sindicaturabarcelona.cat\/ca\/sindicatura-insta-regidoria-educacio-a-investigacio-en-profunditat-fets-escola-barcelona-i-reparar-dany-victimes\/","name":"La Sindicatura insta la Regidoria d\u2019Educaci\u00f3 a dur a terme una investigaci\u00f3 en profunditat dels fets produ\u00efts a l\u2019Escola Barcelona i a reparar el dany a les v\u00edctimes - Sindicatura de Greuges de Barcelona","isPartOf":{"@id":"https:\/\/www.sindicaturabarcelona.cat\/ca\/#website"},"primaryImageOfPage":{"@id":"https:\/\/www.sindicaturabarcelona.cat\/ca\/sindicatura-insta-regidoria-educacio-a-investigacio-en-profunditat-fets-escola-barcelona-i-reparar-dany-victimes\/#primaryimage"},"image":{"@id":"https:\/\/www.sindicaturabarcelona.cat\/ca\/sindicatura-insta-regidoria-educacio-a-investigacio-en-profunditat-fets-escola-barcelona-i-reparar-dany-victimes\/#primaryimage"},"thumbnailUrl":"https:\/\/www.sindicaturabarcelona.cat\/wp-content\/uploads\/2022\/05\/EscolaBCN2.jpeg","datePublished":"2022-05-10T07:59:54+00:00","dateModified":"2023-05-11T11:16:32+00:00","description":"Un element que afegeix gravetat \u00e9s que la direcci\u00f3 de l\u2019escola, davant del coneixement dels fets, va negar-los, minimitzar-los, i...","breadcrumb":{"@id":"https:\/\/www.sindicaturabarcelona.cat\/ca\/sindicatura-insta-regidoria-educacio-a-investigacio-en-profunditat-fets-escola-barcelona-i-reparar-dany-victimes\/#breadcrumb"},"inLanguage":"ca","potentialAction":[{"@type":"ReadAction","target":["https:\/\/www.sindicaturabarcelona.cat\/ca\/sindicatura-insta-regidoria-educacio-a-investigacio-en-profunditat-fets-escola-barcelona-i-reparar-dany-victimes\/"]}]},{"@type":"ImageObject","inLanguage":"ca","@id":"https:\/\/www.sindicaturabarcelona.cat\/ca\/sindicatura-insta-regidoria-educacio-a-investigacio-en-profunditat-fets-escola-barcelona-i-reparar-dany-victimes\/#primaryimage","url":"https:\/\/www.sindicaturabarcelona.cat\/wp-content\/uploads\/2022\/05\/EscolaBCN2.jpeg","contentUrl":"https:\/\/www.sindicaturabarcelona.cat\/wp-content\/uploads\/2022\/05\/EscolaBCN2.jpeg","width":1536,"height":864,"caption":"Escola Barcelona"},{"@type":"BreadcrumbList","@id":"https:\/\/www.sindicaturabarcelona.cat\/ca\/sindicatura-insta-regidoria-educacio-a-investigacio-en-profunditat-fets-escola-barcelona-i-reparar-dany-victimes\/#breadcrumb","itemListElement":[{"@type":"ListItem","position":1,"name":"Inici","item":"https:\/\/www.sindicaturabarcelona.cat\/ca\/"},{"@type":"ListItem","position":2,"name":"La Sindicatura insta la Regidoria d\u2019Educaci\u00f3 a dur a terme una investigaci\u00f3 en profunditat dels fets produ\u00efts a l\u2019Escola Barcelona i a reparar el dany a les v\u00edctimes"}]},{"@type":"WebSite","@id":"https:\/\/www.sindicaturabarcelona.cat\/ca\/#website","url":"https:\/\/www.sindicaturabarcelona.cat\/ca\/","name":"Sindicatura de Greuges de Barcelona","description":"La defensoria dels teus drets","publisher":{"@id":"https:\/\/www.sindicaturabarcelona.cat\/ca\/#organization"},"potentialAction":[{"@type":"SearchAction","target":{"@type":"EntryPoint","urlTemplate":"https:\/\/www.sindicaturabarcelona.cat\/ca\/?s={search_term_string}"},"query-input":{"@type":"PropertyValueSpecification","valueRequired":true,"valueName":"search_term_string"}}],"inLanguage":"ca"},{"@type":"Organization","@id":"https:\/\/www.sindicaturabarcelona.cat\/ca\/#organization","name":"Sindicatura de Greuges de Barcelona","url":"https:\/\/www.sindicaturabarcelona.cat\/ca\/","logo":{"@type":"ImageObject","inLanguage":"ca","@id":"https:\/\/www.sindicaturabarcelona.cat\/ca\/#\/schema\/logo\/image\/","url":"https:\/\/www.sindicaturabarcelona.cat\/wp-content\/uploads\/2023\/02\/logo_sindicatura.svg","contentUrl":"https:\/\/www.sindicaturabarcelona.cat\/wp-content\/uploads\/2023\/02\/logo_sindicatura.svg","caption":"Sindicatura de Greuges de Barcelona"},"image":{"@id":"https:\/\/www.sindicaturabarcelona.cat\/ca\/#\/schema\/logo\/image\/"},"sameAs":["https:\/\/x.com\/sindicbarcelona","https:\/\/www.instagram.com\/sindicbarcelona\/","https:\/\/www.tiktok.com\/@sindicaturabcn","https:\/\/t.me\/sindicaturabarcelona"]},{"@type":"Person","@id":"https:\/\/www.sindicaturabarcelona.cat\/ca\/#\/schema\/person\/0e5acffc350ffdbc97578159322c9452","name":"Pablo","image":{"@type":"ImageObject","inLanguage":"ca","@id":"https:\/\/secure.gravatar.com\/avatar\/c948169b402ef9492afde705c3dfd5e90e1a6a84ef6840a91124f805a25a480f?s=96&d=mm&r=g","url":"https:\/\/secure.gravatar.com\/avatar\/c948169b402ef9492afde705c3dfd5e90e1a6a84ef6840a91124f805a25a480f?s=96&d=mm&r=g","contentUrl":"https:\/\/secure.gravatar.com\/avatar\/c948169b402ef9492afde705c3dfd5e90e1a6a84ef6840a91124f805a25a480f?s=96&d=mm&r=g","caption":"Pablo"},"url":"https:\/\/www.sindicaturabarcelona.cat\/ca\/author\/pablo\/"}]}},"_links":{"self":[{"href":"https:\/\/www.sindicaturabarcelona.cat\/ca\/wp-json\/wp\/v2\/posts\/13917","targetHints":{"allow":["GET"]}}],"collection":[{"href":"https:\/\/www.sindicaturabarcelona.cat\/ca\/wp-json\/wp\/v2\/posts"}],"about":[{"href":"https:\/\/www.sindicaturabarcelona.cat\/ca\/wp-json\/wp\/v2\/types\/post"}],"author":[{"embeddable":true,"href":"https:\/\/www.sindicaturabarcelona.cat\/ca\/wp-json\/wp\/v2\/users\/2"}],"replies":[{"embeddable":true,"href":"https:\/\/www.sindicaturabarcelona.cat\/ca\/wp-json\/wp\/v2\/comments?post=13917"}],"version-history":[{"count":0,"href":"https:\/\/www.sindicaturabarcelona.cat\/ca\/wp-json\/wp\/v2\/posts\/13917\/revisions"}],"wp:featuredmedia":[{"embeddable":true,"href":"https:\/\/www.sindicaturabarcelona.cat\/ca\/wp-json\/wp\/v2\/media\/13918"}],"wp:attachment":[{"href":"https:\/\/www.sindicaturabarcelona.cat\/ca\/wp-json\/wp\/v2\/media?parent=13917"}],"wp:term":[{"taxonomy":"post_tag","embeddable":true,"href":"https:\/\/www.sindicaturabarcelona.cat\/ca\/wp-json\/wp\/v2\/tags?post=13917"},{"taxonomy":"drets","embeddable":true,"href":"https:\/\/www.sindicaturabarcelona.cat\/ca\/wp-json\/wp\/v2\/drets?post=13917"}],"curies":[{"name":"wp","href":"https:\/\/api.w.org\/{rel}","templated":true}]}}