{"id":13888,"date":"2022-05-04T16:46:46","date_gmt":"2022-05-04T14:46:46","guid":{"rendered":"https:\/\/www.sindicaturabarcelona.cat\/?p=13888"},"modified":"2023-05-11T13:17:45","modified_gmt":"2023-05-11T11:17:45","slug":"sindicatura-presenta-informe-joves-migrants-sense-referents-familiars-a-barcelona","status":"publish","type":"post","link":"https:\/\/www.sindicaturabarcelona.cat\/ca\/sindicatura-presenta-informe-joves-migrants-sense-referents-familiars-a-barcelona\/","title":{"rendered":"\u2018La situaci\u00f3 dels joves migrants sense referents familiars a la ciutat de Barcelona\u2019, nou informe de la Sindicatura de Greuges"},"content":{"rendered":"\n<p class=\"has-text-align-justify\">La Sindicatura de Greuges de Barcelona ha presentat l\u2019informe <a href=\"https:\/\/www.sindicaturabarcelona.cat\/wp-content\/uploads\/2022\/05\/Informe-JMSRF.pdf\" target=\"_blank\" aria-label=\"\u2018La situaci\u00f3 de joves migrants sense referents familiars a la ciutat de Barcelona\u2019 (opens in a new tab)\" rel=\"noreferrer noopener\" class=\"ek-link\">\u2018La situaci\u00f3 de joves migrants sense referents familiars a la ciutat de Barcelona\u2019<\/a>, amb el prop\u00f2sit d\u2019abordar la realitat d\u2019aquest col\u00b7lectiu vulnerabilitzat des de la perspectiva de la garantia de drets.<\/p>\n\n\n\n<p><strong>Per qu\u00e8 aquest informe?<\/strong><\/p>\n\n\n\n<p class=\"has-text-align-justify\">Des de l\u2019any 2015, uns 9.000 infants i joves migrants sense referents familiars han arribat a Catalunya per una amalgama de raons que expliquen la seva decisi\u00f3 d\u2019emprendre aquest viatge sense cap acompanyament familiar. <strong>En el sistema estatal d\u2019atenci\u00f3 a la inf\u00e0ncia i la joventut, aquestes persones s\u00f3n acollides, tutelades i ateses per les comunitats aut\u00f2nomes. Quan assoleixen la majoria d\u2019edat, finalitza la tutela administrativa i l\u2019escenari \u00e9s menys regulat i m\u00e9s diversificat.<\/strong><\/p>\n\n\n\n<p class=\"has-text-align-justify\">Es tracta d\u2019un col\u00b7lectiu que precisa un suport i un acompanyament espec\u00edfic per ajudar-los a desenvolupar el seu projecte de vida. L\u2019estudi de la Sindicatura presta una especial atenci\u00f3 en els adolescents i joves de 18 a 23 anys, que s\u2019enfronten sols i soles a una edat adulta registral, per\u00f2 no sempre real. <strong>L\u2019objectiu \u00e9s identificar com millorar i facilitar la transici\u00f3 a l\u2019edat adulta en condicions d\u2019igualtat i equitat, promovent el respecte als drets i llibertats garantits a qualsevol persona ciutadana de Barcelona<\/strong>.<\/p>\n\n\n\n<h4 class=\"wp-block-heading\"><strong>La distribuci\u00f3 competencial en mat\u00e8ria d\u2019immigraci\u00f3 \u00e9s complexa<\/strong><\/h4>\n\n\n\n<p class=\"has-text-align-justify\">L\u2019Estat t\u00e9 la compet\u00e8ncia exclusiva en mat\u00e8ria d\u2019immigraci\u00f3 i estrangeria i, per tant, defineix les normes d\u2019entrada i resid\u00e8ncia de les persones migrants. Precisament, l\u2019octubre de 2021 el Govern de l\u2019Estat va aprovar una reforma del Reglament d\u2019estrangeria sobre el r\u00e8gim jur\u00eddic de menors i extutelats. Aquesta reforma t\u00e9 el prop\u00f2sit de donar resposta a una situaci\u00f3 disfuncional que provocava que molts joves passessin a una situaci\u00f3 d\u2019irregularitat sobrevinguda amb risc d\u2019exclusi\u00f3 social, un cop finalitzada la tutela per part de l\u2019Administraci\u00f3 a partir de la seva majoria d\u2019edat. Les modificacions introdu\u00efdes tamb\u00e9 han de facilitar l\u2019acc\u00e9s a l\u2019ocupaci\u00f3 d\u2019aquells i aquelles joves amb edat de treballar.<\/p>\n\n\n\n<p class=\"has-text-align-justify\">Les comunitats aut\u00f2nomes, per la seva banda, s\u00f3n competents pel que fa al desenvolupament de normes i instruments per garantir drets i serveis que ajudin a la integraci\u00f3 i inclusi\u00f3 d\u2019aquest col\u00b7lectiu. Tamb\u00e9 s\u00f3n les administracions encarregades de la tutela de les persones migrants menors d\u2019edat i sense xarxa familiar.<\/p>\n\n\n\n<p class=\"has-text-align-justify\">Per \u00faltim,<strong> els ens locals<\/strong> s\u00f3n clau per salvaguardar la bona acollida, incorporaci\u00f3 i participaci\u00f3 de les persones migrants en les ciutats i pobles de Catalunya. Encara que no en tinguin les compet\u00e8ncies, s\u00f3n les administracions p\u00fabliques m\u00e9s properes a la ciutadania i acostumen a ser la primera porta d\u2019entrada als serveis p\u00fablics. <strong>En el cas de Barcelona<\/strong>, <a href=\"https:\/\/ajuntament.barcelona.cat\/ca\/\" target=\"_blank\" aria-label=\"l\u2019Ajuntament  (opens in a new tab)\" rel=\"noreferrer noopener\" class=\"ek-link\">l\u2019Ajuntament <\/a>ja fa m\u00e9s de vint anys que actua en l\u2019atenci\u00f3 de les persones menors i joves migrants que arriben a la ciutat sense xarxa familiar, malgrat que no \u00e9s una compet\u00e8ncia local (si b\u00e9 l\u2019ha d\u2019atendre de forma subsidi\u00e0ria). Ara b\u00e9, el nombre de joves sense referents familiars a la ciutat ha crescut en els darrers anys, i no sempre s\u2019han adequat els serveis i prestacions davant aquest increment, fet que ha pogut provocar desatenci\u00f3 cap a aquests i aquestes joves.<\/p>\n\n\n\n<h4 class=\"wp-block-heading\"><strong>L\u2019an\u00e0lisi del col\u00b7lectiu<\/strong><\/h4>\n\n\n\n<p class=\"has-text-align-justify\">Segons les dades de la Generalitat de Catalunya (DGAIA, 2021), s\u2019estima que a la ciutat hi ha m\u00e9s de 200 joves migrants sense referents familiars. Cal assenyalar que aquestes dades nom\u00e9s fan refer\u00e8ncia a la part d\u2019aquest col\u00b7lectiu que ha estat en algun moment sota la tutela de la Generalitat. Per tant, deixa fora els que poden haver estat tutelats en altres comunitats aut\u00f2nomes, els que tenen dificultat per acreditar la seva minoria d\u2019edat, o els que han arribat a Barcelona quan ja eren majors d\u2019edat.<\/p>\n\n\n\n<p class=\"has-text-align-justify\">Quant al perfil dels i les joves, gran part d\u2019ells s\u00f3n nois (97,1%) que han arribat recentment a la majoria d\u2019edat. Una minoria s\u00f3n<strong> noies, que acostumen a estar invisibilitzades<\/strong> en les estad\u00edstiques. Algunes entitats estan treballant progressivament per adoptar estrat\u00e8gies amb perspectiva de g\u00e8nere que permetin millorar l\u2019atenci\u00f3 d\u2019aquest col\u00b7lectiu, especialment vulnerable a la viol\u00e8ncia i a l\u2019explotaci\u00f3 sexual.<\/p>\n\n\n\n<p class=\"has-text-align-justify\">Tamb\u00e9 \u00e9s motiu d\u2019inquietud <strong>l\u2019estat de salut<\/strong> d\u2019aquest col\u00b7lectiu de joves, especialment pel que fa a la seva salut mental i el consum de t\u00f2xics, ja que s\u00f3n factors de vulnerabilitat. L\u2019estr\u00e8s que desenvolupen les persones que han empr\u00e8s soles el projecte migratori \u00e9s especialment agut. Per aquest motiu, la Sindicatura considera que l\u2019atenci\u00f3 psicosanit\u00e0ria de joves migrants sense referents familiars \u00e9s imprescindible. Cal dir que la mobilitat o la precarietat residencial d\u2019aquest col\u00b7lectiu dificulta la detecci\u00f3, el seguiment i el tractament.<\/p>\n\n\n\n<p class=\"has-text-align-justify\">L<strong>\u2019\u00e0mbit educatiu<\/strong> \u00e9s un repte perqu\u00e8 marca de manera clara les seves possibilitats d\u2019\u00e8xit futur. Ara com ara es detecten dificultats d\u2019acc\u00e9s a l\u2019educaci\u00f3 i la formaci\u00f3. Si b\u00e9 aquest \u00e9s un dret de la inf\u00e0ncia, el cert \u00e9s que aquelles persones que tenen m\u00e9s de 16 anys ja no es poden matricular f\u00e0cilment als instituts, i la manca de formaci\u00f3 b\u00e0sica cronifica la seva situaci\u00f3 futura.<\/p>\n\n\n\n<p class=\"has-text-align-justify\">Pel que fa a la incorporaci\u00f3 d\u2019aquest col\u00b7lectiu<strong> al mercat laboral<\/strong>, les persones joves migrants sense referents familiars pateixen m\u00e9s dificultats que la resta de joves per accedir a llocs de treball. Per aix\u00f2, iniciatives de suport com les que impulsa Barcelona Activa o entitats socials han de ser claus per afavorir aquesta primera entrada al mercat de treball. Especialment en el moment actual, que el nou Real decret ha eliminat traves a la seva incorporaci\u00f3 al m\u00f3n laboral.<\/p>\n\n\n\n<p class=\"has-text-align-justify\">La seva <strong>participaci\u00f3 en la vida social i cultural <\/strong>tamb\u00e9 \u00e9s molt limitada, tot i ser cabdal pel seu benestar i inclusi\u00f3 social. Es pot dir que, en moltes ocasions, participen nom\u00e9s d\u2019activitats autoreferencials, on no s\u2019enforteixen les xarxes relacionals amb l\u2019entramat de la ciutat. Tamb\u00e9 s\u2019ha identificat una bretxa digital que dificulta el seu acc\u00e9s a recursos p\u00fablics i privats.<\/p>\n\n\n\n<h4 class=\"wp-block-heading\"><strong>Les propostes de la Sindicatura<\/strong><\/h4>\n\n\n\n<p>Per tal de millorar l\u2019atenci\u00f3 que es dona als joves migrants sense referents familiars a la ciutat, <strong>la Sindicatura de Greuges de Barcelona ha elaborat un seguit de propostes,<\/strong> de les quals en destacarem algunes d\u2019elles des de diferents dimensions:<\/p>\n\n\n\n<p><strong>Dimensi\u00f3 jur\u00eddica<\/strong><\/p>\n\n\n\n<ul class=\"wp-block-list\">\n<li>Donar seguiment a l\u2019<strong>aplicaci\u00f3 de la reforma del reglament d\u2019estrangeria <\/strong>per garantir que els i les joves arriben a la majoria d\u2019edat amb tota la documentaci\u00f3 requerida i per refor\u00e7ar el treball en els seus itineraris d\u2019emancipaci\u00f3.<\/li>\n<\/ul>\n\n\n\n<ul class=\"wp-block-list\">\n<li>Refor\u00e7ar els espais d\u2019atenci\u00f3 de les persones joves migrants sense referents familiars, b\u00e9 sigui en l\u2019\u00e0mbit de la <strong>detecci\u00f3<\/strong> o l\u2019<strong>acompanyament<\/strong>, o en la <strong>defensa dels seus drets<\/strong>, a trav\u00e9s d\u2019instruments com: assessorament i atenci\u00f3 especialitzada, la cl\u00ednica jur\u00eddica local, la figura de la persona referent o mentora, o el refor\u00e7 dels equips educadors de carrer per millorar la detecci\u00f3 dels i les joves.<\/li>\n<\/ul>\n\n\n\n<p><strong>Dimensi\u00f3 socioecon\u00f2mica<\/strong><\/p>\n\n\n\n<ul class=\"wp-block-list\">\n<li>Refor\u00e7 de les <strong>alternatives residencials<\/strong>, at\u00e8s el decalatge entre necessitats i recursos en l\u2019\u00e0mbit de l\u2019habitatge. Per aix\u00f2, caldria explorar altres opcions, com l\u2019acolliment, que serviria no nom\u00e9s per superar la situaci\u00f3 de la manca d\u2019habitatge, sin\u00f3 que tamb\u00e9 afavoriria la creaci\u00f3 de vincles entre joves i la societat d\u2019acollida.<\/li>\n<\/ul>\n\n\n\n<ul class=\"wp-block-list\">\n<li>Refor\u00e7 de l\u2019<strong>atenci\u00f3 en salut mental<\/strong>, establint un protocol d\u2019atenci\u00f3 i acompanyament psicol\u00f2gic i d\u2019atenci\u00f3 a l\u2019estr\u00e8s posttraum\u00e0tic a trav\u00e9s del desenvolupament d\u2019un espai sociosanitari per persones en situaci\u00f3 de risc d\u2019exclusi\u00f3 social, ampliant la cobertura de programes de convalesc\u00e8ncia i psiquiatria de carrer. Aquesta actuaci\u00f3 requereix coordinaci\u00f3 interadministrativa.<\/li>\n<\/ul>\n\n\n\n<ul class=\"wp-block-list\">\n<li>Refor\u00e7ar la <strong>formaci\u00f3 i capacitaci\u00f3<\/strong> <strong>ling\u00fc\u00edstica<\/strong> dels i les joves, i garantir la continu\u00eftat de la formaci\u00f3 d\u2019aquest col\u00b7lectiu, facilitant tamb\u00e9 el seu <strong>acc\u00e9s als estudis superiors<\/strong>. Aix\u00ed mateix, vetllar perqu\u00e8 no es generin desigualtats digitals vers a aquestes persones joves.<\/li>\n<\/ul>\n\n\n\n<p><strong>Dimensi\u00f3 comunit\u00e0ria<\/strong><\/p>\n\n\n\n<ul class=\"wp-block-list\">\n<li>Fomentar la participaci\u00f3 del col\u00b7lectiu sense referents familiars a trav\u00e9s de la creaci\u00f3 d\u2019espais on s\u2019enforteixin les <strong>xarxes relacionals amb la ciutadania<\/strong>, i fent programes d\u2019acompanyament i millora del seu sentiment de pertinen\u00e7a.<\/li>\n<\/ul>\n\n\n\n<ul class=\"wp-block-list\">\n<li>Implementar campanyes de <strong>sensibilitzaci\u00f3<\/strong> dirigides <strong>a la societat d\u2019acollida<\/strong> per evitar narratives i discursos negatius cap al col\u00b7lectiu.<\/li>\n<\/ul>\n\n\n\n<p><strong>Dimensi\u00f3 de governan\u00e7a<\/strong><\/p>\n\n\n\n<ul class=\"wp-block-list\">\n<li>Assegurar una <strong>coordinaci\u00f3 multinivell i multisectorial<\/strong> entre les diverses administracions i \u00e0rees que tenen compet\u00e8ncies vinculades al col\u00b7lectiu.<\/li>\n<\/ul>\n\n\n\n<ul class=\"wp-block-list\">\n<li>Enfortir la <strong>formaci\u00f3 especialitzada<\/strong> i el disseny de protocols que facilitin l\u2019actuaci\u00f3 dels diferents actors dels processos d\u2019atenci\u00f3, cura i inclusi\u00f3 d\u2019aquests joves.<\/li>\n<\/ul>\n\n\n\n<ul class=\"wp-block-list\">\n<li>Millorar la <strong>recollida i tractament de dades<\/strong>, especialment quan no han estat subjectes al sistema de tutela i acollida durant la seva minoria d\u2019edat.<\/li>\n<\/ul>\n\n\n\n<ul class=\"wp-block-list\">\n<li>Incorporar la <strong>perspectiva de g\u00e8nere<\/strong> tant en el disseny com en la implementaci\u00f3 i avaluaci\u00f3 de les diferents actuacions i serveis.<\/li>\n<\/ul>\n\n\n\n<ul class=\"wp-block-list\">\n<li><strong>Enfortir<\/strong> el rol de <strong>XBcn<\/strong> per dur a terme una coordinaci\u00f3 m\u00e9s generalitzada i estructurada del treball de tots els actors involucrats, amb l\u2019objectiu d\u2019evitar el risc de duplicitats en algunes \u00e0rees, i escassetat de recursos en unes altres.<\/li>\n<\/ul>\n\n\n\n<ul class=\"wp-block-list\">\n<li>Enfortir mecanismes d\u2019<strong>avaluaci\u00f3 i seguiment<\/strong> <strong>dels diferents programes<\/strong> a fi de millorar les actuacions i serveis, identificant bones pr\u00e0ctiques i experi\u00e8ncies que es puguin compartir amb altres ciutats de l\u2019entorn.<\/li>\n<\/ul>\n\n\n\n<p class=\"has-text-align-justify\">Finalment, la Sindicatura recalca que \u00e9s precisament en la majoria d\u2019edat dels i les joves migrants sense referents familiars on l\u2019Ajuntament t\u00e9 m\u00e9s marge d\u2019actuaci\u00f3, ja que es tracta de joves residents a la ciutat. Ara b\u00e9, garantir un proc\u00e9s d\u2019emancipaci\u00f3 exit\u00f3s requereix un treball continuat des del primer moment.<\/p>\n","protected":false},"excerpt":{"rendered":"<p>La Sindicatura de Greuges de Barcelona ha presentat l\u2019informe \u2018La situaci\u00f3 de joves migrants sense referents familiars a la ciutat de Barcelona\u2019, amb el prop\u00f2sit d\u2019abordar la realitat d\u2019aquest col\u00b7lectiu [&hellip;]<\/p>\n","protected":false},"author":2,"featured_media":13892,"comment_status":"closed","ping_status":"open","sticky":false,"template":"","format":"standard","meta":{"_acf_changed":false,"footnotes":""},"tags":[],"drets":[1442,1458],"class_list":["post-13888","post","type-post","status-publish","format-standard","has-post-thumbnail","hentry","drets-ciutat-diversa","drets-dret-a-la-igualtat-i-a-la-diversitat"],"acf":[],"yoast_head":"<!-- This site is optimized with the Yoast SEO plugin v27.5 - https:\/\/yoast.com\/product\/yoast-seo-wordpress\/ -->\n<title>\u2018La situaci\u00f3 dels joves migrants sense referents familiars a la ciutat de Barcelona\u2019, nou informe de la Sindicatura de Greuges - Sindicatura de Greuges de Barcelona<\/title>\n<meta name=\"description\" content=\"Quan assoleixen la majoria d\u2019edat, finalitza la tutela administrativa d&#039;aquests joves i l\u2019escenari \u00e9s menys regulat i m\u00e9s diversificat.\" \/>\n<meta name=\"robots\" content=\"index, follow, max-snippet:-1, max-image-preview:large, max-video-preview:-1\" \/>\n<link rel=\"canonical\" href=\"https:\/\/www.sindicaturabarcelona.cat\/ca\/sindicatura-presenta-informe-joves-migrants-sense-referents-familiars-a-barcelona\/\" \/>\n<meta property=\"og:locale\" content=\"ca_ES\" \/>\n<meta property=\"og:type\" content=\"article\" \/>\n<meta property=\"og:title\" content=\"\u2018La situaci\u00f3 dels joves migrants sense referents familiars a la ciutat de Barcelona\u2019, nou informe de la Sindicatura de Greuges - Sindicatura de Greuges de Barcelona\" \/>\n<meta property=\"og:description\" content=\"Quan assoleixen la majoria d\u2019edat, finalitza la tutela administrativa d&#039;aquests joves i l\u2019escenari \u00e9s menys regulat i m\u00e9s diversificat.\" \/>\n<meta property=\"og:url\" content=\"https:\/\/www.sindicaturabarcelona.cat\/ca\/sindicatura-presenta-informe-joves-migrants-sense-referents-familiars-a-barcelona\/\" \/>\n<meta property=\"og:site_name\" content=\"Sindicatura de Greuges de Barcelona\" \/>\n<meta property=\"article:published_time\" content=\"2022-05-04T14:46:46+00:00\" \/>\n<meta property=\"article:modified_time\" content=\"2023-05-11T11:17:45+00:00\" \/>\n<meta property=\"og:image\" content=\"https:\/\/www.sindicaturabarcelona.cat\/wp-content\/uploads\/2022\/05\/341454710031715-scaled.jpg\" \/>\n\t<meta property=\"og:image:width\" content=\"2560\" \/>\n\t<meta property=\"og:image:height\" content=\"1707\" \/>\n\t<meta property=\"og:image:type\" content=\"image\/jpeg\" \/>\n<meta name=\"author\" content=\"Pablo\" \/>\n<meta name=\"twitter:card\" content=\"summary_large_image\" \/>\n<meta name=\"twitter:creator\" content=\"@sindicbarcelona\" \/>\n<meta name=\"twitter:site\" content=\"@sindicbarcelona\" \/>\n<meta name=\"twitter:label1\" content=\"Escrit per\" \/>\n\t<meta name=\"twitter:data1\" content=\"Pablo\" \/>\n\t<meta name=\"twitter:label2\" content=\"Temps estimat de lectura\" \/>\n\t<meta name=\"twitter:data2\" content=\"9 minuts\" \/>\n<script type=\"application\/ld+json\" class=\"yoast-schema-graph\">{\"@context\":\"https:\\\/\\\/schema.org\",\"@graph\":[{\"@type\":\"Article\",\"@id\":\"https:\\\/\\\/www.sindicaturabarcelona.cat\\\/ca\\\/sindicatura-presenta-informe-joves-migrants-sense-referents-familiars-a-barcelona\\\/#article\",\"isPartOf\":{\"@id\":\"https:\\\/\\\/www.sindicaturabarcelona.cat\\\/ca\\\/sindicatura-presenta-informe-joves-migrants-sense-referents-familiars-a-barcelona\\\/\"},\"author\":{\"name\":\"Pablo\",\"@id\":\"https:\\\/\\\/www.sindicaturabarcelona.cat\\\/ca\\\/#\\\/schema\\\/person\\\/0e5acffc350ffdbc97578159322c9452\"},\"headline\":\"\u2018La situaci\u00f3 dels joves migrants sense referents familiars a la ciutat de Barcelona\u2019, nou informe de la Sindicatura de Greuges\",\"datePublished\":\"2022-05-04T14:46:46+00:00\",\"dateModified\":\"2023-05-11T11:17:45+00:00\",\"mainEntityOfPage\":{\"@id\":\"https:\\\/\\\/www.sindicaturabarcelona.cat\\\/ca\\\/sindicatura-presenta-informe-joves-migrants-sense-referents-familiars-a-barcelona\\\/\"},\"wordCount\":1701,\"publisher\":{\"@id\":\"https:\\\/\\\/www.sindicaturabarcelona.cat\\\/ca\\\/#organization\"},\"image\":{\"@id\":\"https:\\\/\\\/www.sindicaturabarcelona.cat\\\/ca\\\/sindicatura-presenta-informe-joves-migrants-sense-referents-familiars-a-barcelona\\\/#primaryimage\"},\"thumbnailUrl\":\"https:\\\/\\\/www.sindicaturabarcelona.cat\\\/wp-content\\\/uploads\\\/2022\\\/05\\\/341454710031715-scaled.jpg\",\"articleSection\":[\"Uncategorized @ca\"],\"inLanguage\":\"ca\"},{\"@type\":\"WebPage\",\"@id\":\"https:\\\/\\\/www.sindicaturabarcelona.cat\\\/ca\\\/sindicatura-presenta-informe-joves-migrants-sense-referents-familiars-a-barcelona\\\/\",\"url\":\"https:\\\/\\\/www.sindicaturabarcelona.cat\\\/ca\\\/sindicatura-presenta-informe-joves-migrants-sense-referents-familiars-a-barcelona\\\/\",\"name\":\"\u2018La situaci\u00f3 dels joves migrants sense referents familiars a la ciutat de Barcelona\u2019, nou informe de la Sindicatura de Greuges - Sindicatura de Greuges de Barcelona\",\"isPartOf\":{\"@id\":\"https:\\\/\\\/www.sindicaturabarcelona.cat\\\/ca\\\/#website\"},\"primaryImageOfPage\":{\"@id\":\"https:\\\/\\\/www.sindicaturabarcelona.cat\\\/ca\\\/sindicatura-presenta-informe-joves-migrants-sense-referents-familiars-a-barcelona\\\/#primaryimage\"},\"image\":{\"@id\":\"https:\\\/\\\/www.sindicaturabarcelona.cat\\\/ca\\\/sindicatura-presenta-informe-joves-migrants-sense-referents-familiars-a-barcelona\\\/#primaryimage\"},\"thumbnailUrl\":\"https:\\\/\\\/www.sindicaturabarcelona.cat\\\/wp-content\\\/uploads\\\/2022\\\/05\\\/341454710031715-scaled.jpg\",\"datePublished\":\"2022-05-04T14:46:46+00:00\",\"dateModified\":\"2023-05-11T11:17:45+00:00\",\"description\":\"Quan assoleixen la majoria d\u2019edat, finalitza la tutela administrativa d'aquests joves i l\u2019escenari \u00e9s menys regulat i m\u00e9s diversificat.\",\"breadcrumb\":{\"@id\":\"https:\\\/\\\/www.sindicaturabarcelona.cat\\\/ca\\\/sindicatura-presenta-informe-joves-migrants-sense-referents-familiars-a-barcelona\\\/#breadcrumb\"},\"inLanguage\":\"ca\",\"potentialAction\":[{\"@type\":\"ReadAction\",\"target\":[\"https:\\\/\\\/www.sindicaturabarcelona.cat\\\/ca\\\/sindicatura-presenta-informe-joves-migrants-sense-referents-familiars-a-barcelona\\\/\"]}]},{\"@type\":\"ImageObject\",\"inLanguage\":\"ca\",\"@id\":\"https:\\\/\\\/www.sindicaturabarcelona.cat\\\/ca\\\/sindicatura-presenta-informe-joves-migrants-sense-referents-familiars-a-barcelona\\\/#primaryimage\",\"url\":\"https:\\\/\\\/www.sindicaturabarcelona.cat\\\/wp-content\\\/uploads\\\/2022\\\/05\\\/341454710031715-scaled.jpg\",\"contentUrl\":\"https:\\\/\\\/www.sindicaturabarcelona.cat\\\/wp-content\\\/uploads\\\/2022\\\/05\\\/341454710031715-scaled.jpg\",\"width\":2560,\"height\":1707,\"caption\":\"Joves migrants referents sense familiars\"},{\"@type\":\"BreadcrumbList\",\"@id\":\"https:\\\/\\\/www.sindicaturabarcelona.cat\\\/ca\\\/sindicatura-presenta-informe-joves-migrants-sense-referents-familiars-a-barcelona\\\/#breadcrumb\",\"itemListElement\":[{\"@type\":\"ListItem\",\"position\":1,\"name\":\"Inici\",\"item\":\"https:\\\/\\\/www.sindicaturabarcelona.cat\\\/ca\\\/\"},{\"@type\":\"ListItem\",\"position\":2,\"name\":\"\u2018La situaci\u00f3 dels joves migrants sense referents familiars a la ciutat de Barcelona\u2019, nou informe de la Sindicatura de Greuges\"}]},{\"@type\":\"WebSite\",\"@id\":\"https:\\\/\\\/www.sindicaturabarcelona.cat\\\/ca\\\/#website\",\"url\":\"https:\\\/\\\/www.sindicaturabarcelona.cat\\\/ca\\\/\",\"name\":\"Sindicatura de Greuges de Barcelona\",\"description\":\"La defensoria dels teus drets\",\"publisher\":{\"@id\":\"https:\\\/\\\/www.sindicaturabarcelona.cat\\\/ca\\\/#organization\"},\"potentialAction\":[{\"@type\":\"SearchAction\",\"target\":{\"@type\":\"EntryPoint\",\"urlTemplate\":\"https:\\\/\\\/www.sindicaturabarcelona.cat\\\/ca\\\/?s={search_term_string}\"},\"query-input\":{\"@type\":\"PropertyValueSpecification\",\"valueRequired\":true,\"valueName\":\"search_term_string\"}}],\"inLanguage\":\"ca\"},{\"@type\":\"Organization\",\"@id\":\"https:\\\/\\\/www.sindicaturabarcelona.cat\\\/ca\\\/#organization\",\"name\":\"Sindicatura de Greuges de Barcelona\",\"url\":\"https:\\\/\\\/www.sindicaturabarcelona.cat\\\/ca\\\/\",\"logo\":{\"@type\":\"ImageObject\",\"inLanguage\":\"ca\",\"@id\":\"https:\\\/\\\/www.sindicaturabarcelona.cat\\\/ca\\\/#\\\/schema\\\/logo\\\/image\\\/\",\"url\":\"https:\\\/\\\/www.sindicaturabarcelona.cat\\\/wp-content\\\/uploads\\\/2023\\\/02\\\/logo_sindicatura.svg\",\"contentUrl\":\"https:\\\/\\\/www.sindicaturabarcelona.cat\\\/wp-content\\\/uploads\\\/2023\\\/02\\\/logo_sindicatura.svg\",\"caption\":\"Sindicatura de Greuges de Barcelona\"},\"image\":{\"@id\":\"https:\\\/\\\/www.sindicaturabarcelona.cat\\\/ca\\\/#\\\/schema\\\/logo\\\/image\\\/\"},\"sameAs\":[\"https:\\\/\\\/x.com\\\/sindicbarcelona\",\"https:\\\/\\\/www.instagram.com\\\/sindicbarcelona\\\/\",\"https:\\\/\\\/www.tiktok.com\\\/@sindicaturabcn\",\"https:\\\/\\\/t.me\\\/sindicaturabarcelona\"]},{\"@type\":\"Person\",\"@id\":\"https:\\\/\\\/www.sindicaturabarcelona.cat\\\/ca\\\/#\\\/schema\\\/person\\\/0e5acffc350ffdbc97578159322c9452\",\"name\":\"Pablo\",\"image\":{\"@type\":\"ImageObject\",\"inLanguage\":\"ca\",\"@id\":\"https:\\\/\\\/secure.gravatar.com\\\/avatar\\\/c948169b402ef9492afde705c3dfd5e90e1a6a84ef6840a91124f805a25a480f?s=96&d=mm&r=g\",\"url\":\"https:\\\/\\\/secure.gravatar.com\\\/avatar\\\/c948169b402ef9492afde705c3dfd5e90e1a6a84ef6840a91124f805a25a480f?s=96&d=mm&r=g\",\"contentUrl\":\"https:\\\/\\\/secure.gravatar.com\\\/avatar\\\/c948169b402ef9492afde705c3dfd5e90e1a6a84ef6840a91124f805a25a480f?s=96&d=mm&r=g\",\"caption\":\"Pablo\"},\"url\":\"https:\\\/\\\/www.sindicaturabarcelona.cat\\\/ca\\\/author\\\/pablo\\\/\"}]}<\/script>\n<!-- \/ Yoast SEO plugin. -->","yoast_head_json":{"title":"\u2018La situaci\u00f3 dels joves migrants sense referents familiars a la ciutat de Barcelona\u2019, nou informe de la Sindicatura de Greuges - Sindicatura de Greuges de Barcelona","description":"Quan assoleixen la majoria d\u2019edat, finalitza la tutela administrativa d'aquests joves i l\u2019escenari \u00e9s menys regulat i m\u00e9s diversificat.","robots":{"index":"index","follow":"follow","max-snippet":"max-snippet:-1","max-image-preview":"max-image-preview:large","max-video-preview":"max-video-preview:-1"},"canonical":"https:\/\/www.sindicaturabarcelona.cat\/ca\/sindicatura-presenta-informe-joves-migrants-sense-referents-familiars-a-barcelona\/","og_locale":"ca_ES","og_type":"article","og_title":"\u2018La situaci\u00f3 dels joves migrants sense referents familiars a la ciutat de Barcelona\u2019, nou informe de la Sindicatura de Greuges - Sindicatura de Greuges de Barcelona","og_description":"Quan assoleixen la majoria d\u2019edat, finalitza la tutela administrativa d'aquests joves i l\u2019escenari \u00e9s menys regulat i m\u00e9s diversificat.","og_url":"https:\/\/www.sindicaturabarcelona.cat\/ca\/sindicatura-presenta-informe-joves-migrants-sense-referents-familiars-a-barcelona\/","og_site_name":"Sindicatura de Greuges de Barcelona","article_published_time":"2022-05-04T14:46:46+00:00","article_modified_time":"2023-05-11T11:17:45+00:00","og_image":[{"width":2560,"height":1707,"url":"https:\/\/www.sindicaturabarcelona.cat\/wp-content\/uploads\/2022\/05\/341454710031715-scaled.jpg","type":"image\/jpeg"}],"author":"Pablo","twitter_card":"summary_large_image","twitter_creator":"@sindicbarcelona","twitter_site":"@sindicbarcelona","twitter_misc":{"Escrit per":"Pablo","Temps estimat de lectura":"9 minuts"},"schema":{"@context":"https:\/\/schema.org","@graph":[{"@type":"Article","@id":"https:\/\/www.sindicaturabarcelona.cat\/ca\/sindicatura-presenta-informe-joves-migrants-sense-referents-familiars-a-barcelona\/#article","isPartOf":{"@id":"https:\/\/www.sindicaturabarcelona.cat\/ca\/sindicatura-presenta-informe-joves-migrants-sense-referents-familiars-a-barcelona\/"},"author":{"name":"Pablo","@id":"https:\/\/www.sindicaturabarcelona.cat\/ca\/#\/schema\/person\/0e5acffc350ffdbc97578159322c9452"},"headline":"\u2018La situaci\u00f3 dels joves migrants sense referents familiars a la ciutat de Barcelona\u2019, nou informe de la Sindicatura de Greuges","datePublished":"2022-05-04T14:46:46+00:00","dateModified":"2023-05-11T11:17:45+00:00","mainEntityOfPage":{"@id":"https:\/\/www.sindicaturabarcelona.cat\/ca\/sindicatura-presenta-informe-joves-migrants-sense-referents-familiars-a-barcelona\/"},"wordCount":1701,"publisher":{"@id":"https:\/\/www.sindicaturabarcelona.cat\/ca\/#organization"},"image":{"@id":"https:\/\/www.sindicaturabarcelona.cat\/ca\/sindicatura-presenta-informe-joves-migrants-sense-referents-familiars-a-barcelona\/#primaryimage"},"thumbnailUrl":"https:\/\/www.sindicaturabarcelona.cat\/wp-content\/uploads\/2022\/05\/341454710031715-scaled.jpg","articleSection":["Uncategorized @ca"],"inLanguage":"ca"},{"@type":"WebPage","@id":"https:\/\/www.sindicaturabarcelona.cat\/ca\/sindicatura-presenta-informe-joves-migrants-sense-referents-familiars-a-barcelona\/","url":"https:\/\/www.sindicaturabarcelona.cat\/ca\/sindicatura-presenta-informe-joves-migrants-sense-referents-familiars-a-barcelona\/","name":"\u2018La situaci\u00f3 dels joves migrants sense referents familiars a la ciutat de Barcelona\u2019, nou informe de la Sindicatura de Greuges - Sindicatura de Greuges de Barcelona","isPartOf":{"@id":"https:\/\/www.sindicaturabarcelona.cat\/ca\/#website"},"primaryImageOfPage":{"@id":"https:\/\/www.sindicaturabarcelona.cat\/ca\/sindicatura-presenta-informe-joves-migrants-sense-referents-familiars-a-barcelona\/#primaryimage"},"image":{"@id":"https:\/\/www.sindicaturabarcelona.cat\/ca\/sindicatura-presenta-informe-joves-migrants-sense-referents-familiars-a-barcelona\/#primaryimage"},"thumbnailUrl":"https:\/\/www.sindicaturabarcelona.cat\/wp-content\/uploads\/2022\/05\/341454710031715-scaled.jpg","datePublished":"2022-05-04T14:46:46+00:00","dateModified":"2023-05-11T11:17:45+00:00","description":"Quan assoleixen la majoria d\u2019edat, finalitza la tutela administrativa d'aquests joves i l\u2019escenari \u00e9s menys regulat i m\u00e9s diversificat.","breadcrumb":{"@id":"https:\/\/www.sindicaturabarcelona.cat\/ca\/sindicatura-presenta-informe-joves-migrants-sense-referents-familiars-a-barcelona\/#breadcrumb"},"inLanguage":"ca","potentialAction":[{"@type":"ReadAction","target":["https:\/\/www.sindicaturabarcelona.cat\/ca\/sindicatura-presenta-informe-joves-migrants-sense-referents-familiars-a-barcelona\/"]}]},{"@type":"ImageObject","inLanguage":"ca","@id":"https:\/\/www.sindicaturabarcelona.cat\/ca\/sindicatura-presenta-informe-joves-migrants-sense-referents-familiars-a-barcelona\/#primaryimage","url":"https:\/\/www.sindicaturabarcelona.cat\/wp-content\/uploads\/2022\/05\/341454710031715-scaled.jpg","contentUrl":"https:\/\/www.sindicaturabarcelona.cat\/wp-content\/uploads\/2022\/05\/341454710031715-scaled.jpg","width":2560,"height":1707,"caption":"Joves migrants referents sense familiars"},{"@type":"BreadcrumbList","@id":"https:\/\/www.sindicaturabarcelona.cat\/ca\/sindicatura-presenta-informe-joves-migrants-sense-referents-familiars-a-barcelona\/#breadcrumb","itemListElement":[{"@type":"ListItem","position":1,"name":"Inici","item":"https:\/\/www.sindicaturabarcelona.cat\/ca\/"},{"@type":"ListItem","position":2,"name":"\u2018La situaci\u00f3 dels joves migrants sense referents familiars a la ciutat de Barcelona\u2019, nou informe de la Sindicatura de Greuges"}]},{"@type":"WebSite","@id":"https:\/\/www.sindicaturabarcelona.cat\/ca\/#website","url":"https:\/\/www.sindicaturabarcelona.cat\/ca\/","name":"Sindicatura de Greuges de Barcelona","description":"La defensoria dels teus drets","publisher":{"@id":"https:\/\/www.sindicaturabarcelona.cat\/ca\/#organization"},"potentialAction":[{"@type":"SearchAction","target":{"@type":"EntryPoint","urlTemplate":"https:\/\/www.sindicaturabarcelona.cat\/ca\/?s={search_term_string}"},"query-input":{"@type":"PropertyValueSpecification","valueRequired":true,"valueName":"search_term_string"}}],"inLanguage":"ca"},{"@type":"Organization","@id":"https:\/\/www.sindicaturabarcelona.cat\/ca\/#organization","name":"Sindicatura de Greuges de Barcelona","url":"https:\/\/www.sindicaturabarcelona.cat\/ca\/","logo":{"@type":"ImageObject","inLanguage":"ca","@id":"https:\/\/www.sindicaturabarcelona.cat\/ca\/#\/schema\/logo\/image\/","url":"https:\/\/www.sindicaturabarcelona.cat\/wp-content\/uploads\/2023\/02\/logo_sindicatura.svg","contentUrl":"https:\/\/www.sindicaturabarcelona.cat\/wp-content\/uploads\/2023\/02\/logo_sindicatura.svg","caption":"Sindicatura de Greuges de Barcelona"},"image":{"@id":"https:\/\/www.sindicaturabarcelona.cat\/ca\/#\/schema\/logo\/image\/"},"sameAs":["https:\/\/x.com\/sindicbarcelona","https:\/\/www.instagram.com\/sindicbarcelona\/","https:\/\/www.tiktok.com\/@sindicaturabcn","https:\/\/t.me\/sindicaturabarcelona"]},{"@type":"Person","@id":"https:\/\/www.sindicaturabarcelona.cat\/ca\/#\/schema\/person\/0e5acffc350ffdbc97578159322c9452","name":"Pablo","image":{"@type":"ImageObject","inLanguage":"ca","@id":"https:\/\/secure.gravatar.com\/avatar\/c948169b402ef9492afde705c3dfd5e90e1a6a84ef6840a91124f805a25a480f?s=96&d=mm&r=g","url":"https:\/\/secure.gravatar.com\/avatar\/c948169b402ef9492afde705c3dfd5e90e1a6a84ef6840a91124f805a25a480f?s=96&d=mm&r=g","contentUrl":"https:\/\/secure.gravatar.com\/avatar\/c948169b402ef9492afde705c3dfd5e90e1a6a84ef6840a91124f805a25a480f?s=96&d=mm&r=g","caption":"Pablo"},"url":"https:\/\/www.sindicaturabarcelona.cat\/ca\/author\/pablo\/"}]}},"_links":{"self":[{"href":"https:\/\/www.sindicaturabarcelona.cat\/ca\/wp-json\/wp\/v2\/posts\/13888","targetHints":{"allow":["GET"]}}],"collection":[{"href":"https:\/\/www.sindicaturabarcelona.cat\/ca\/wp-json\/wp\/v2\/posts"}],"about":[{"href":"https:\/\/www.sindicaturabarcelona.cat\/ca\/wp-json\/wp\/v2\/types\/post"}],"author":[{"embeddable":true,"href":"https:\/\/www.sindicaturabarcelona.cat\/ca\/wp-json\/wp\/v2\/users\/2"}],"replies":[{"embeddable":true,"href":"https:\/\/www.sindicaturabarcelona.cat\/ca\/wp-json\/wp\/v2\/comments?post=13888"}],"version-history":[{"count":0,"href":"https:\/\/www.sindicaturabarcelona.cat\/ca\/wp-json\/wp\/v2\/posts\/13888\/revisions"}],"wp:featuredmedia":[{"embeddable":true,"href":"https:\/\/www.sindicaturabarcelona.cat\/ca\/wp-json\/wp\/v2\/media\/13892"}],"wp:attachment":[{"href":"https:\/\/www.sindicaturabarcelona.cat\/ca\/wp-json\/wp\/v2\/media?parent=13888"}],"wp:term":[{"taxonomy":"post_tag","embeddable":true,"href":"https:\/\/www.sindicaturabarcelona.cat\/ca\/wp-json\/wp\/v2\/tags?post=13888"},{"taxonomy":"drets","embeddable":true,"href":"https:\/\/www.sindicaturabarcelona.cat\/ca\/wp-json\/wp\/v2\/drets?post=13888"}],"curies":[{"name":"wp","href":"https:\/\/api.w.org\/{rel}","templated":true}]}}