{"id":13867,"date":"2022-04-28T16:58:06","date_gmt":"2022-04-28T14:58:06","guid":{"rendered":"https:\/\/www.sindicaturabarcelona.cat\/?p=13867"},"modified":"2023-05-11T13:18:55","modified_gmt":"2023-05-11T11:18:55","slug":"sindicatura-trasllada-recomanacions-a-ajuntament-envers-llosa-ronda-sant-antoni","status":"publish","type":"post","link":"https:\/\/www.sindicaturabarcelona.cat\/ca\/sindicatura-trasllada-recomanacions-a-ajuntament-envers-llosa-ronda-sant-antoni\/","title":{"rendered":"La Sindicatura trasllada recomanacions a l\u2019Ajuntament envers la gesti\u00f3 de la llosa de la ronda Sant Antoni"},"content":{"rendered":"\n<p class=\"has-text-align-justify\"><strong>Barcelona, 28 d\u2019abril del 2022 \u2013 <\/strong>Despr\u00e9s de diverses trobades amb el ve\u00efnat, les associacions de comer\u00e7os i els representants pol\u00edtics del consistori, la <strong>Sindicatura de Greuges de Barcelona vol posar \u00e8mfasi en la necessitat de trobar una soluci\u00f3 participada a la gesti\u00f3 de la dinamitzaci\u00f3 de la llosa de la ronda Sant Antoni fins al moment de la seva retirada.<\/strong><\/p>\n\n\n\n<p><strong><span style=\"text-decoration: underline;\" class=\"ek-underline\">L\u2019escolta de la Sindicatura al ve\u00efnat i les associacions<\/span><\/strong><\/p>\n\n\n\n<p class=\"has-text-align-justify\">La Sindicatura de Greuges de Barcelona va engegar a principis de 2022 el programa <em>El s\u00edndic, a prop teu,<\/em> amb la finalitat de con\u00e8ixer de primera m\u00e0 la realitat del ve\u00efnat mitjan\u00e7ant trobades obertes en els diferents barris de la ciutat. La primera sessi\u00f3 d\u2019aquesta iniciativa va tenir lloc el 8 de febrer a Sant Antoni. Durant la trobada, <strong>el ve\u00efnat i les associacions van mostrar la seva preocupaci\u00f3 per la situaci\u00f3 actual de la llosa de l\u2019antic mercat provisional de Sant Antoni, aix\u00ed com per la incertesa sobre el futur d\u2019aquest espai p\u00fablic<\/strong>.<\/p>\n\n\n\n<p class=\"has-text-align-justify\">Posteriorment, <a href=\"https:\/\/www.sindicaturabarcelona.cat\/wp-content\/uploads\/2022\/04\/04_Llosa-Sant-Antoni.pdf\" target=\"_blank\" rel=\"noreferrer noopener\" class=\"ek-link\">la Sindicatura va contactar amb les diferents associacions ve\u00efnals i comerciants de Sant Antoni i del Raval, amb l\u2019objectiu de copsar les seves inquietuds i propostes<\/a>. <strong>Les diferents entitats amb qui la Sindicatura ha dialogat s\u00f3n<\/strong>: Plataforma d\u2019Afectats per la llosa de Sant Antoni; AV Sant Antoni; Sant Antoni Comer\u00e7; Som Sant Antoni; Fem Sant Antoni; De ve\u00ed a ve\u00ed; AV Raval; Eix Comercial Raval; Xarxa Ve\u00efnal del Raval; Tot Raval; Taller de M\u00fasics; Encants, i Mercat de Sant Antoni.<\/p>\n\n\n\n<p class=\"has-text-align-justify\"><strong>La darrera sessi\u00f3 oberta amb la ciutadania envers aquest assumpte va tenir lloc el 28 de mar\u00e7, en una reuni\u00f3 a la mateixa llosa en qu\u00e8 van ser convocades totes les entitats anteriorment citades. Les persones participants van destacar les q\u00fcestions seg\u00fcents<\/strong>: la manca de contenidors a l\u2019espai de la llosa; la manca de zones de c\u00e0rrega i desc\u00e0rrega; l\u2019inter\u00e8s de les associacions de Sant Antoni i el Raval per dur a terme la dinamitzaci\u00f3 de la llosa; la bonificaci\u00f3 de les taxes que suposen certes autoritzacions d\u2019ocupaci\u00f3 de l\u2019espai p\u00fablic; la necessitat de comptar amb un comprom\u00eds municipal pel calendari de les obres, i el desig de trobar una soluci\u00f3 \u00f2ptima i consensuada per la urbanitzaci\u00f3 definitiva.<\/p>\n\n\n\n<p><strong><span style=\"text-decoration: underline;\" class=\"ek-underline\">La Sindicatura trasllada la preocupaci\u00f3 ve\u00efnal als Districtes de l\u2019Eixample i Ciutat Vella<\/span><\/strong><\/p>\n\n\n\n<p class=\"has-text-align-justify\">Al llarg dels mesos de mar\u00e7 i abril del 2022, la Sindicatura de Greuges de Barcelona s\u2019ha reunit amb els regidors dels districtes de l\u2019Eixample i de Ciutat Vella per traslladar els reclams del ve\u00efnat dels barris de Sant Antoni i el Raval. Tamb\u00e9 n\u2019ha parlat amb la Tinenta d\u2019Alcaldia d\u2019Ecologia, Urbanisme, Infraestructures i Mobilitat.<\/p>\n\n\n\n<p class=\"has-text-align-justify\">Els regidors de districte han informat la Sindicatura que es preveu retirar la llosa a partir del setembre. Per\u00f2, les obres de reforma de la ronda Sant Antoni no podran comen\u00e7ar fins un mes i mig m\u00e9s tard. Per aix\u00f2, estan fent consultes al ve\u00efnat i els comer\u00e7os per saber si es retira la llosa a la tardor i s\u2019executen les obres (afectaria les campanyes de Nadal de 2022 i 2023 perqu\u00e8 la durada prevista de les obres \u00e9s de 14 mesos), o b\u00e9 si es fa despr\u00e9s de la Festa Major de Sant Antoni de 2023.<\/p>\n\n\n\n<p><strong><span style=\"text-decoration: underline;\" class=\"ek-underline\">Les consideracions de la Sindicatura<\/span><\/strong><\/p>\n\n\n\n<p class=\"has-text-align-justify\">Com a aspectes positius, la defensoria destaca la creaci\u00f3 d\u2019un <strong>espai de coordinaci\u00f3<\/strong> entre els Districtes de Ciutat Vella i l\u2019Eixample, la <a href=\"https:\/\/ajuntament.barcelona.cat\/ecologiaurbana\/ca\/qui-som\" target=\"_blank\" aria-label=\"Tin\u00e8ncia d\u2019Alcaldia d\u2019Ecologia, Urbanisme, Infraestructures i Mobilitat (opens in a new tab)\" rel=\"noreferrer noopener\" class=\"ek-link\">Tin\u00e8ncia d\u2019Alcaldia d\u2019Ecologia, Urbanisme, Infraestructures i Mobilitat<\/a> i els actors del territori. Es recorda, per\u00f2, la <strong>necessitat de no deixar cap entitat i associaci\u00f3 fora<\/strong> <strong>d\u2019aquest espai<\/strong> per tal d\u2019arribar a una soluci\u00f3 realment consensuada i inclusiva. D\u2019altra banda, tamb\u00e9 cal <strong>ressaltar l\u2019assignaci\u00f3 d\u2019un dispositiu de la Gu\u00e0rdia Urbana per garantir uns usos adequats de l\u2019espai p\u00fablic de la llosa<\/strong>, en compliment de les ordenances municipals.<\/p>\n\n\n\n<p class=\"has-text-align-justify\">Com a aspectes a millorar, <strong>cal incorporar plenament les aportacions ve\u00efnals i associatives en la presa de decisions<\/strong>, aix\u00ed com aprofundir en el di\u00e0leg amb la ciutadania per tal de construir propostes que contribueixin a la transformaci\u00f3 de l\u2019espai i els seus usos. La Sindicatura tamb\u00e9 considera que s\u2019haurien <strong>d\u2019impulsar actuacions amb determinats col\u00b7lectius en situaci\u00f3 de vulnerabilitat per incidir des de la vessant preventiva i garantir l\u2019atenci\u00f3 a les seves necessitats<\/strong>. Per \u00faltim, \u00e9s molt important <strong>definir el proc\u00e9s de transformaci\u00f3 urban\u00edstica de les rondes<\/strong>, tenint en compte les prefer\u00e8ncies i necessitats del ve\u00efnat.<\/p>\n\n\n\n<p class=\"has-text-align-justify\">Pel que fa a la <strong>dinamitzaci\u00f3 de la llosa mentre no es produeixi la retirada definitiva<\/strong>, la Sindicatura considera que:<\/p>\n\n\n\n<p class=\"has-text-align-justify\">&#8211; Caldria millorar l\u2019<strong>accessibilitat<\/strong> en diferents punts per tal de garantir el seu \u00fas per part de les persones amb mobilitat redu\u00efda i per la ciutadania en general. Alhora caldria valorar la conveni\u00e8ncia d\u2019instal\u00b7lar <strong>elements de protecci\u00f3<\/strong> (baranes).<\/p>\n\n\n\n<p class=\"has-text-align-justify\">&#8211; Durant el <strong>dia<\/strong> es recomana establir una <strong>programaci\u00f3 d\u2019activitats<\/strong> que permeti fer \u00fas de l\u2019espai de la llosa sense molestar al ve\u00efnat. Durant les <strong>nits<\/strong> seria convenient mantenir la pres\u00e8ncia de la <strong>GUB<\/strong> per garantir la conviv\u00e8ncia i el dret al descans.<\/p>\n\n\n\n<p class=\"has-text-align-justify\">&#8211; Amb l\u2019objectiu de fomentar uns bons usos, s\u2019han recomanat les seg\u00fcents activitats:<\/p>\n\n\n\n<ul class=\"wp-block-list\">\n<li>Classes dirigides per la gent gran (activitats f\u00edsiques, tallers&#8230;).<\/li>\n\n\n\n<li>Activitats familiars (tallers, ludoteca, espai de lectura infantil&#8230;).<\/li>\n\n\n\n<li>Exposicions temporals (culturals, campanyes de conscienciaci\u00f3, etc.).<\/li>\n\n\n\n<li>Activitats art\u00edstiques o culturals desenvolupades per entitats o serveis del&nbsp;&nbsp; territori (Taller de M\u00fasics, escoles, centres c\u00edvics, biblioteques&#8230;).<\/li>\n\n\n\n<li>Punt verd m\u00f2bil, Punt d\u2019Assessorament Energ\u00e8tic.<\/li>\n\n\n\n<li>Punt de cita pr\u00e8via o de suport per a tr\u00e0mits digitals.<\/li>\n\n\n\n<li>Escola de formaci\u00f3 vi\u00e0ria de la GUB.<\/li>\n\n\n\n<li>Estands per a entitats socials i de voluntariat.<\/li>\n\n\n\n<li>Biblioteca a l\u2019aire lliure que impliqui equipaments del territori.<\/li>\n\n\n\n<li>Banc del temps.<\/li>\n\n\n\n<li>R\u00e0dio comunit\u00e0ria del Raval.<\/li>\n<\/ul>\n\n\n\n<p class=\"has-text-align-justify\">&#8211; Tamb\u00e9 \u00e9s necessari <strong>implicar les diferents entitats i associacions <\/strong>de les dues bandes de la ronda de Sant Antoni en la decisi\u00f3 de quin \u00fas temporal donar a la llosa.<\/p>\n\n\n\n<p class=\"has-text-align-justify\">&#8211; Es recomana al consistori coordinar la <strong>programaci\u00f3 d\u2019activitats<\/strong> i cedir-ne la <strong>gesti\u00f3 a les entitats i associacions del territori.<\/strong> Seria convenient, per\u00f2, que l\u2019organitzaci\u00f3 d\u2019activitats no els supos\u00e9s cap cost (taxes municipals o altres).&nbsp;<\/p>\n\n\n\n<p class=\"has-text-align-justify\">&#8211; \u00c9s fonamental articular un <strong>espai permanent de di\u00e0leg amb la ciutadania<\/strong> dels barris implicats per a gestionar la llosa i el futur de la reforma de la ronda Sant Antoni.<\/p>\n","protected":false},"excerpt":{"rendered":"<p>Barcelona, 28 d\u2019abril del 2022 \u2013 Despr\u00e9s de diverses trobades amb el ve\u00efnat, les associacions de comer\u00e7os i els representants pol\u00edtics del consistori, la Sindicatura de Greuges de Barcelona vol [&hellip;]<\/p>\n","protected":false},"author":2,"featured_media":13868,"comment_status":"closed","ping_status":"open","sticky":false,"template":"","format":"standard","meta":{"_acf_changed":false,"footnotes":""},"tags":[1373],"drets":[1442,1459],"class_list":["post-13867","post","type-post","status-publish","format-standard","has-post-thumbnail","hentry","tag-llosa-sant-antoni","drets-ciutat-diversa","drets-drets-de-participacio"],"acf":[],"yoast_head":"<!-- This site is optimized with the Yoast SEO plugin v27.5 - https:\/\/yoast.com\/product\/yoast-seo-wordpress\/ -->\n<title>La Sindicatura trasllada recomanacions a l\u2019Ajuntament envers la gesti\u00f3 de la llosa de la ronda Sant Antoni - Sindicatura de Greuges de Barcelona<\/title>\n<meta name=\"description\" content=\"Despr\u00e9s de diverses trobades amb el ve\u00efnat, les associacions de comer\u00e7os i els representants pol\u00edtics, la Sindicatura vol posar \u00e8mfasi en la necessitat...\" \/>\n<meta name=\"robots\" content=\"index, follow, max-snippet:-1, max-image-preview:large, max-video-preview:-1\" \/>\n<link rel=\"canonical\" href=\"https:\/\/www.sindicaturabarcelona.cat\/ca\/sindicatura-trasllada-recomanacions-a-ajuntament-envers-llosa-ronda-sant-antoni\/\" \/>\n<meta property=\"og:locale\" content=\"ca_ES\" \/>\n<meta property=\"og:type\" content=\"article\" \/>\n<meta property=\"og:title\" content=\"La Sindicatura trasllada recomanacions a l\u2019Ajuntament envers la gesti\u00f3 de la llosa de la ronda Sant Antoni - Sindicatura de Greuges de Barcelona\" \/>\n<meta property=\"og:description\" content=\"Despr\u00e9s de diverses trobades amb el ve\u00efnat, les associacions de comer\u00e7os i els representants pol\u00edtics, la Sindicatura vol posar \u00e8mfasi en la necessitat...\" \/>\n<meta property=\"og:url\" content=\"https:\/\/www.sindicaturabarcelona.cat\/ca\/sindicatura-trasllada-recomanacions-a-ajuntament-envers-llosa-ronda-sant-antoni\/\" \/>\n<meta property=\"og:site_name\" content=\"Sindicatura de Greuges de Barcelona\" \/>\n<meta property=\"article:published_time\" content=\"2022-04-28T14:58:06+00:00\" \/>\n<meta property=\"article:modified_time\" content=\"2023-05-11T11:18:55+00:00\" \/>\n<meta property=\"og:image\" content=\"https:\/\/www.sindicaturabarcelona.cat\/wp-content\/uploads\/2022\/04\/Foto2.jpg\" \/>\n\t<meta property=\"og:image:width\" content=\"1600\" \/>\n\t<meta property=\"og:image:height\" content=\"1200\" \/>\n\t<meta property=\"og:image:type\" content=\"image\/jpeg\" \/>\n<meta name=\"author\" content=\"Pablo\" \/>\n<meta name=\"twitter:card\" content=\"summary_large_image\" \/>\n<meta name=\"twitter:creator\" content=\"@sindicbarcelona\" \/>\n<meta name=\"twitter:site\" content=\"@sindicbarcelona\" \/>\n<meta name=\"twitter:label1\" content=\"Escrit per\" \/>\n\t<meta name=\"twitter:data1\" content=\"Pablo\" \/>\n\t<meta name=\"twitter:label2\" content=\"Temps estimat de lectura\" \/>\n\t<meta name=\"twitter:data2\" content=\"6 minuts\" \/>\n<script type=\"application\/ld+json\" class=\"yoast-schema-graph\">{\"@context\":\"https:\\\/\\\/schema.org\",\"@graph\":[{\"@type\":\"Article\",\"@id\":\"https:\\\/\\\/www.sindicaturabarcelona.cat\\\/ca\\\/sindicatura-trasllada-recomanacions-a-ajuntament-envers-llosa-ronda-sant-antoni\\\/#article\",\"isPartOf\":{\"@id\":\"https:\\\/\\\/www.sindicaturabarcelona.cat\\\/ca\\\/sindicatura-trasllada-recomanacions-a-ajuntament-envers-llosa-ronda-sant-antoni\\\/\"},\"author\":{\"name\":\"Pablo\",\"@id\":\"https:\\\/\\\/www.sindicaturabarcelona.cat\\\/ca\\\/#\\\/schema\\\/person\\\/0e5acffc350ffdbc97578159322c9452\"},\"headline\":\"La Sindicatura trasllada recomanacions a l\u2019Ajuntament envers la gesti\u00f3 de la llosa de la ronda Sant Antoni\",\"datePublished\":\"2022-04-28T14:58:06+00:00\",\"dateModified\":\"2023-05-11T11:18:55+00:00\",\"mainEntityOfPage\":{\"@id\":\"https:\\\/\\\/www.sindicaturabarcelona.cat\\\/ca\\\/sindicatura-trasllada-recomanacions-a-ajuntament-envers-llosa-ronda-sant-antoni\\\/\"},\"wordCount\":1129,\"publisher\":{\"@id\":\"https:\\\/\\\/www.sindicaturabarcelona.cat\\\/ca\\\/#organization\"},\"image\":{\"@id\":\"https:\\\/\\\/www.sindicaturabarcelona.cat\\\/ca\\\/sindicatura-trasllada-recomanacions-a-ajuntament-envers-llosa-ronda-sant-antoni\\\/#primaryimage\"},\"thumbnailUrl\":\"https:\\\/\\\/www.sindicaturabarcelona.cat\\\/wp-content\\\/uploads\\\/2022\\\/04\\\/Foto2.jpg\",\"keywords\":[\"llosa sant antoni\"],\"articleSection\":[\"Uncategorized @ca\"],\"inLanguage\":\"ca\"},{\"@type\":\"WebPage\",\"@id\":\"https:\\\/\\\/www.sindicaturabarcelona.cat\\\/ca\\\/sindicatura-trasllada-recomanacions-a-ajuntament-envers-llosa-ronda-sant-antoni\\\/\",\"url\":\"https:\\\/\\\/www.sindicaturabarcelona.cat\\\/ca\\\/sindicatura-trasllada-recomanacions-a-ajuntament-envers-llosa-ronda-sant-antoni\\\/\",\"name\":\"La Sindicatura trasllada recomanacions a l\u2019Ajuntament envers la gesti\u00f3 de la llosa de la ronda Sant Antoni - Sindicatura de Greuges de Barcelona\",\"isPartOf\":{\"@id\":\"https:\\\/\\\/www.sindicaturabarcelona.cat\\\/ca\\\/#website\"},\"primaryImageOfPage\":{\"@id\":\"https:\\\/\\\/www.sindicaturabarcelona.cat\\\/ca\\\/sindicatura-trasllada-recomanacions-a-ajuntament-envers-llosa-ronda-sant-antoni\\\/#primaryimage\"},\"image\":{\"@id\":\"https:\\\/\\\/www.sindicaturabarcelona.cat\\\/ca\\\/sindicatura-trasllada-recomanacions-a-ajuntament-envers-llosa-ronda-sant-antoni\\\/#primaryimage\"},\"thumbnailUrl\":\"https:\\\/\\\/www.sindicaturabarcelona.cat\\\/wp-content\\\/uploads\\\/2022\\\/04\\\/Foto2.jpg\",\"datePublished\":\"2022-04-28T14:58:06+00:00\",\"dateModified\":\"2023-05-11T11:18:55+00:00\",\"description\":\"Despr\u00e9s de diverses trobades amb el ve\u00efnat, les associacions de comer\u00e7os i els representants pol\u00edtics, la Sindicatura vol posar \u00e8mfasi en la necessitat...\",\"breadcrumb\":{\"@id\":\"https:\\\/\\\/www.sindicaturabarcelona.cat\\\/ca\\\/sindicatura-trasllada-recomanacions-a-ajuntament-envers-llosa-ronda-sant-antoni\\\/#breadcrumb\"},\"inLanguage\":\"ca\",\"potentialAction\":[{\"@type\":\"ReadAction\",\"target\":[\"https:\\\/\\\/www.sindicaturabarcelona.cat\\\/ca\\\/sindicatura-trasllada-recomanacions-a-ajuntament-envers-llosa-ronda-sant-antoni\\\/\"]}]},{\"@type\":\"ImageObject\",\"inLanguage\":\"ca\",\"@id\":\"https:\\\/\\\/www.sindicaturabarcelona.cat\\\/ca\\\/sindicatura-trasllada-recomanacions-a-ajuntament-envers-llosa-ronda-sant-antoni\\\/#primaryimage\",\"url\":\"https:\\\/\\\/www.sindicaturabarcelona.cat\\\/wp-content\\\/uploads\\\/2022\\\/04\\\/Foto2.jpg\",\"contentUrl\":\"https:\\\/\\\/www.sindicaturabarcelona.cat\\\/wp-content\\\/uploads\\\/2022\\\/04\\\/Foto2.jpg\",\"width\":1600,\"height\":1200,\"caption\":\"Llosa ronda Sant Antoni\"},{\"@type\":\"BreadcrumbList\",\"@id\":\"https:\\\/\\\/www.sindicaturabarcelona.cat\\\/ca\\\/sindicatura-trasllada-recomanacions-a-ajuntament-envers-llosa-ronda-sant-antoni\\\/#breadcrumb\",\"itemListElement\":[{\"@type\":\"ListItem\",\"position\":1,\"name\":\"Inici\",\"item\":\"https:\\\/\\\/www.sindicaturabarcelona.cat\\\/ca\\\/\"},{\"@type\":\"ListItem\",\"position\":2,\"name\":\"La Sindicatura trasllada recomanacions a l\u2019Ajuntament envers la gesti\u00f3 de la llosa de la ronda Sant Antoni\"}]},{\"@type\":\"WebSite\",\"@id\":\"https:\\\/\\\/www.sindicaturabarcelona.cat\\\/ca\\\/#website\",\"url\":\"https:\\\/\\\/www.sindicaturabarcelona.cat\\\/ca\\\/\",\"name\":\"Sindicatura de Greuges de Barcelona\",\"description\":\"La defensoria dels teus drets\",\"publisher\":{\"@id\":\"https:\\\/\\\/www.sindicaturabarcelona.cat\\\/ca\\\/#organization\"},\"potentialAction\":[{\"@type\":\"SearchAction\",\"target\":{\"@type\":\"EntryPoint\",\"urlTemplate\":\"https:\\\/\\\/www.sindicaturabarcelona.cat\\\/ca\\\/?s={search_term_string}\"},\"query-input\":{\"@type\":\"PropertyValueSpecification\",\"valueRequired\":true,\"valueName\":\"search_term_string\"}}],\"inLanguage\":\"ca\"},{\"@type\":\"Organization\",\"@id\":\"https:\\\/\\\/www.sindicaturabarcelona.cat\\\/ca\\\/#organization\",\"name\":\"Sindicatura de Greuges de Barcelona\",\"url\":\"https:\\\/\\\/www.sindicaturabarcelona.cat\\\/ca\\\/\",\"logo\":{\"@type\":\"ImageObject\",\"inLanguage\":\"ca\",\"@id\":\"https:\\\/\\\/www.sindicaturabarcelona.cat\\\/ca\\\/#\\\/schema\\\/logo\\\/image\\\/\",\"url\":\"https:\\\/\\\/www.sindicaturabarcelona.cat\\\/wp-content\\\/uploads\\\/2023\\\/02\\\/logo_sindicatura.svg\",\"contentUrl\":\"https:\\\/\\\/www.sindicaturabarcelona.cat\\\/wp-content\\\/uploads\\\/2023\\\/02\\\/logo_sindicatura.svg\",\"caption\":\"Sindicatura de Greuges de Barcelona\"},\"image\":{\"@id\":\"https:\\\/\\\/www.sindicaturabarcelona.cat\\\/ca\\\/#\\\/schema\\\/logo\\\/image\\\/\"},\"sameAs\":[\"https:\\\/\\\/x.com\\\/sindicbarcelona\",\"https:\\\/\\\/www.instagram.com\\\/sindicbarcelona\\\/\",\"https:\\\/\\\/www.tiktok.com\\\/@sindicaturabcn\",\"https:\\\/\\\/t.me\\\/sindicaturabarcelona\"]},{\"@type\":\"Person\",\"@id\":\"https:\\\/\\\/www.sindicaturabarcelona.cat\\\/ca\\\/#\\\/schema\\\/person\\\/0e5acffc350ffdbc97578159322c9452\",\"name\":\"Pablo\",\"image\":{\"@type\":\"ImageObject\",\"inLanguage\":\"ca\",\"@id\":\"https:\\\/\\\/secure.gravatar.com\\\/avatar\\\/c948169b402ef9492afde705c3dfd5e90e1a6a84ef6840a91124f805a25a480f?s=96&d=mm&r=g\",\"url\":\"https:\\\/\\\/secure.gravatar.com\\\/avatar\\\/c948169b402ef9492afde705c3dfd5e90e1a6a84ef6840a91124f805a25a480f?s=96&d=mm&r=g\",\"contentUrl\":\"https:\\\/\\\/secure.gravatar.com\\\/avatar\\\/c948169b402ef9492afde705c3dfd5e90e1a6a84ef6840a91124f805a25a480f?s=96&d=mm&r=g\",\"caption\":\"Pablo\"},\"url\":\"https:\\\/\\\/www.sindicaturabarcelona.cat\\\/ca\\\/author\\\/pablo\\\/\"}]}<\/script>\n<!-- \/ Yoast SEO plugin. -->","yoast_head_json":{"title":"La Sindicatura trasllada recomanacions a l\u2019Ajuntament envers la gesti\u00f3 de la llosa de la ronda Sant Antoni - Sindicatura de Greuges de Barcelona","description":"Despr\u00e9s de diverses trobades amb el ve\u00efnat, les associacions de comer\u00e7os i els representants pol\u00edtics, la Sindicatura vol posar \u00e8mfasi en la necessitat...","robots":{"index":"index","follow":"follow","max-snippet":"max-snippet:-1","max-image-preview":"max-image-preview:large","max-video-preview":"max-video-preview:-1"},"canonical":"https:\/\/www.sindicaturabarcelona.cat\/ca\/sindicatura-trasllada-recomanacions-a-ajuntament-envers-llosa-ronda-sant-antoni\/","og_locale":"ca_ES","og_type":"article","og_title":"La Sindicatura trasllada recomanacions a l\u2019Ajuntament envers la gesti\u00f3 de la llosa de la ronda Sant Antoni - Sindicatura de Greuges de Barcelona","og_description":"Despr\u00e9s de diverses trobades amb el ve\u00efnat, les associacions de comer\u00e7os i els representants pol\u00edtics, la Sindicatura vol posar \u00e8mfasi en la necessitat...","og_url":"https:\/\/www.sindicaturabarcelona.cat\/ca\/sindicatura-trasllada-recomanacions-a-ajuntament-envers-llosa-ronda-sant-antoni\/","og_site_name":"Sindicatura de Greuges de Barcelona","article_published_time":"2022-04-28T14:58:06+00:00","article_modified_time":"2023-05-11T11:18:55+00:00","og_image":[{"width":1600,"height":1200,"url":"https:\/\/www.sindicaturabarcelona.cat\/wp-content\/uploads\/2022\/04\/Foto2.jpg","type":"image\/jpeg"}],"author":"Pablo","twitter_card":"summary_large_image","twitter_creator":"@sindicbarcelona","twitter_site":"@sindicbarcelona","twitter_misc":{"Escrit per":"Pablo","Temps estimat de lectura":"6 minuts"},"schema":{"@context":"https:\/\/schema.org","@graph":[{"@type":"Article","@id":"https:\/\/www.sindicaturabarcelona.cat\/ca\/sindicatura-trasllada-recomanacions-a-ajuntament-envers-llosa-ronda-sant-antoni\/#article","isPartOf":{"@id":"https:\/\/www.sindicaturabarcelona.cat\/ca\/sindicatura-trasllada-recomanacions-a-ajuntament-envers-llosa-ronda-sant-antoni\/"},"author":{"name":"Pablo","@id":"https:\/\/www.sindicaturabarcelona.cat\/ca\/#\/schema\/person\/0e5acffc350ffdbc97578159322c9452"},"headline":"La Sindicatura trasllada recomanacions a l\u2019Ajuntament envers la gesti\u00f3 de la llosa de la ronda Sant Antoni","datePublished":"2022-04-28T14:58:06+00:00","dateModified":"2023-05-11T11:18:55+00:00","mainEntityOfPage":{"@id":"https:\/\/www.sindicaturabarcelona.cat\/ca\/sindicatura-trasllada-recomanacions-a-ajuntament-envers-llosa-ronda-sant-antoni\/"},"wordCount":1129,"publisher":{"@id":"https:\/\/www.sindicaturabarcelona.cat\/ca\/#organization"},"image":{"@id":"https:\/\/www.sindicaturabarcelona.cat\/ca\/sindicatura-trasllada-recomanacions-a-ajuntament-envers-llosa-ronda-sant-antoni\/#primaryimage"},"thumbnailUrl":"https:\/\/www.sindicaturabarcelona.cat\/wp-content\/uploads\/2022\/04\/Foto2.jpg","keywords":["llosa sant antoni"],"articleSection":["Uncategorized @ca"],"inLanguage":"ca"},{"@type":"WebPage","@id":"https:\/\/www.sindicaturabarcelona.cat\/ca\/sindicatura-trasllada-recomanacions-a-ajuntament-envers-llosa-ronda-sant-antoni\/","url":"https:\/\/www.sindicaturabarcelona.cat\/ca\/sindicatura-trasllada-recomanacions-a-ajuntament-envers-llosa-ronda-sant-antoni\/","name":"La Sindicatura trasllada recomanacions a l\u2019Ajuntament envers la gesti\u00f3 de la llosa de la ronda Sant Antoni - Sindicatura de Greuges de Barcelona","isPartOf":{"@id":"https:\/\/www.sindicaturabarcelona.cat\/ca\/#website"},"primaryImageOfPage":{"@id":"https:\/\/www.sindicaturabarcelona.cat\/ca\/sindicatura-trasllada-recomanacions-a-ajuntament-envers-llosa-ronda-sant-antoni\/#primaryimage"},"image":{"@id":"https:\/\/www.sindicaturabarcelona.cat\/ca\/sindicatura-trasllada-recomanacions-a-ajuntament-envers-llosa-ronda-sant-antoni\/#primaryimage"},"thumbnailUrl":"https:\/\/www.sindicaturabarcelona.cat\/wp-content\/uploads\/2022\/04\/Foto2.jpg","datePublished":"2022-04-28T14:58:06+00:00","dateModified":"2023-05-11T11:18:55+00:00","description":"Despr\u00e9s de diverses trobades amb el ve\u00efnat, les associacions de comer\u00e7os i els representants pol\u00edtics, la Sindicatura vol posar \u00e8mfasi en la necessitat...","breadcrumb":{"@id":"https:\/\/www.sindicaturabarcelona.cat\/ca\/sindicatura-trasllada-recomanacions-a-ajuntament-envers-llosa-ronda-sant-antoni\/#breadcrumb"},"inLanguage":"ca","potentialAction":[{"@type":"ReadAction","target":["https:\/\/www.sindicaturabarcelona.cat\/ca\/sindicatura-trasllada-recomanacions-a-ajuntament-envers-llosa-ronda-sant-antoni\/"]}]},{"@type":"ImageObject","inLanguage":"ca","@id":"https:\/\/www.sindicaturabarcelona.cat\/ca\/sindicatura-trasllada-recomanacions-a-ajuntament-envers-llosa-ronda-sant-antoni\/#primaryimage","url":"https:\/\/www.sindicaturabarcelona.cat\/wp-content\/uploads\/2022\/04\/Foto2.jpg","contentUrl":"https:\/\/www.sindicaturabarcelona.cat\/wp-content\/uploads\/2022\/04\/Foto2.jpg","width":1600,"height":1200,"caption":"Llosa ronda Sant Antoni"},{"@type":"BreadcrumbList","@id":"https:\/\/www.sindicaturabarcelona.cat\/ca\/sindicatura-trasllada-recomanacions-a-ajuntament-envers-llosa-ronda-sant-antoni\/#breadcrumb","itemListElement":[{"@type":"ListItem","position":1,"name":"Inici","item":"https:\/\/www.sindicaturabarcelona.cat\/ca\/"},{"@type":"ListItem","position":2,"name":"La Sindicatura trasllada recomanacions a l\u2019Ajuntament envers la gesti\u00f3 de la llosa de la ronda Sant Antoni"}]},{"@type":"WebSite","@id":"https:\/\/www.sindicaturabarcelona.cat\/ca\/#website","url":"https:\/\/www.sindicaturabarcelona.cat\/ca\/","name":"Sindicatura de Greuges de Barcelona","description":"La defensoria dels teus drets","publisher":{"@id":"https:\/\/www.sindicaturabarcelona.cat\/ca\/#organization"},"potentialAction":[{"@type":"SearchAction","target":{"@type":"EntryPoint","urlTemplate":"https:\/\/www.sindicaturabarcelona.cat\/ca\/?s={search_term_string}"},"query-input":{"@type":"PropertyValueSpecification","valueRequired":true,"valueName":"search_term_string"}}],"inLanguage":"ca"},{"@type":"Organization","@id":"https:\/\/www.sindicaturabarcelona.cat\/ca\/#organization","name":"Sindicatura de Greuges de Barcelona","url":"https:\/\/www.sindicaturabarcelona.cat\/ca\/","logo":{"@type":"ImageObject","inLanguage":"ca","@id":"https:\/\/www.sindicaturabarcelona.cat\/ca\/#\/schema\/logo\/image\/","url":"https:\/\/www.sindicaturabarcelona.cat\/wp-content\/uploads\/2023\/02\/logo_sindicatura.svg","contentUrl":"https:\/\/www.sindicaturabarcelona.cat\/wp-content\/uploads\/2023\/02\/logo_sindicatura.svg","caption":"Sindicatura de Greuges de Barcelona"},"image":{"@id":"https:\/\/www.sindicaturabarcelona.cat\/ca\/#\/schema\/logo\/image\/"},"sameAs":["https:\/\/x.com\/sindicbarcelona","https:\/\/www.instagram.com\/sindicbarcelona\/","https:\/\/www.tiktok.com\/@sindicaturabcn","https:\/\/t.me\/sindicaturabarcelona"]},{"@type":"Person","@id":"https:\/\/www.sindicaturabarcelona.cat\/ca\/#\/schema\/person\/0e5acffc350ffdbc97578159322c9452","name":"Pablo","image":{"@type":"ImageObject","inLanguage":"ca","@id":"https:\/\/secure.gravatar.com\/avatar\/c948169b402ef9492afde705c3dfd5e90e1a6a84ef6840a91124f805a25a480f?s=96&d=mm&r=g","url":"https:\/\/secure.gravatar.com\/avatar\/c948169b402ef9492afde705c3dfd5e90e1a6a84ef6840a91124f805a25a480f?s=96&d=mm&r=g","contentUrl":"https:\/\/secure.gravatar.com\/avatar\/c948169b402ef9492afde705c3dfd5e90e1a6a84ef6840a91124f805a25a480f?s=96&d=mm&r=g","caption":"Pablo"},"url":"https:\/\/www.sindicaturabarcelona.cat\/ca\/author\/pablo\/"}]}},"_links":{"self":[{"href":"https:\/\/www.sindicaturabarcelona.cat\/ca\/wp-json\/wp\/v2\/posts\/13867","targetHints":{"allow":["GET"]}}],"collection":[{"href":"https:\/\/www.sindicaturabarcelona.cat\/ca\/wp-json\/wp\/v2\/posts"}],"about":[{"href":"https:\/\/www.sindicaturabarcelona.cat\/ca\/wp-json\/wp\/v2\/types\/post"}],"author":[{"embeddable":true,"href":"https:\/\/www.sindicaturabarcelona.cat\/ca\/wp-json\/wp\/v2\/users\/2"}],"replies":[{"embeddable":true,"href":"https:\/\/www.sindicaturabarcelona.cat\/ca\/wp-json\/wp\/v2\/comments?post=13867"}],"version-history":[{"count":0,"href":"https:\/\/www.sindicaturabarcelona.cat\/ca\/wp-json\/wp\/v2\/posts\/13867\/revisions"}],"wp:featuredmedia":[{"embeddable":true,"href":"https:\/\/www.sindicaturabarcelona.cat\/ca\/wp-json\/wp\/v2\/media\/13868"}],"wp:attachment":[{"href":"https:\/\/www.sindicaturabarcelona.cat\/ca\/wp-json\/wp\/v2\/media?parent=13867"}],"wp:term":[{"taxonomy":"post_tag","embeddable":true,"href":"https:\/\/www.sindicaturabarcelona.cat\/ca\/wp-json\/wp\/v2\/tags?post=13867"},{"taxonomy":"drets","embeddable":true,"href":"https:\/\/www.sindicaturabarcelona.cat\/ca\/wp-json\/wp\/v2\/drets?post=13867"}],"curies":[{"name":"wp","href":"https:\/\/api.w.org\/{rel}","templated":true}]}}