{"id":13850,"date":"2022-04-28T11:39:08","date_gmt":"2022-04-28T09:39:08","guid":{"rendered":"https:\/\/www.sindicaturabarcelona.cat\/?p=13850"},"modified":"2023-05-11T13:20:05","modified_gmt":"2023-05-11T11:20:05","slug":"sindicatura-greuges-barcelona-obre-actuacio-ofici-condicions-cap-gotic-salut","status":"publish","type":"post","link":"https:\/\/www.sindicaturabarcelona.cat\/ca\/sindicatura-greuges-barcelona-obre-actuacio-ofici-condicions-cap-gotic-salut\/","title":{"rendered":"La Sindicatura de Greuges de Barcelona obre una actuaci\u00f3 d\u2019ofici per con\u00e8ixer les previsions de millora de les condicions actuals del CAP G\u00f2tic"},"content":{"rendered":"\n<p class=\"has-text-align-justify\">Despr\u00e9s de dur a terme dues visites al CAP G\u00f2tic durant el mes d\u2019abril d\u2019enguany, la Sindicatura de Greuges de Barcelona ha obert una actuaci\u00f3 d\u2019ofici en qu\u00e8 demana <strong>informaci\u00f3 al consistori sobre la previsi\u00f3 del nou empla\u00e7ament i les mesures impulsades per millorar la manca d\u2019espai i els problemes recurrents amb les filtracions d\u2019aig\u00fces residuals<\/strong> que pateixen a la ubicaci\u00f3 actual.<\/p>\n\n\n\n<p><strong><mark style=\"background-color:rgba(0, 0, 0, 0)\" class=\"has-inline-color has-vivid-cyan-blue-color\"><span style=\"text-decoration: underline;\" class=\"ek-underline\">La manca d\u2019espai<\/span><\/mark><\/strong><\/p>\n\n\n\n<p class=\"has-text-align-justify\">L\u2019equip directiu del CAP G\u00f2tic ha exposat a la Sindicatura de Greuges de Barcelona que el principal problema amb qu\u00e8 es troben \u00e9s la <strong>manca d\u2019espai necessari per a desenvolupar la seva tasca amb normalitat, fet que genera afectacions importants en l\u2019atenci\u00f3 a les persones usu\u00e0ries i en les condicions de treball<\/strong>.<\/p>\n\n\n\n<p class=\"has-text-align-justify\"><strong>Les problem\u00e0tiques generades per la manca d\u2019espai s\u00f3n diverses<\/strong>: dificultats per emmagatzemar tots els elements d\u2019atenci\u00f3 m\u00e8dica; espais previstos per a treball intern (sales de reunions o biblioteca) que tenen m\u00faltiples funcions; els despatxos de treball tenen caixes i objectes de magatzem; les consultes s\u00f3n compartides per diferents professionals en diferents franges hor\u00e0ries o dies; els vestidors tenen unes dimensions totalment inadequades, i les persones treballadores no disposen d\u2019armariet propi.<\/p>\n\n\n\n<figure class=\"wp-block-image size-large\"><img decoding=\"async\" src=\"https:\/\/www.sindicaturabarcelona.cat\/wp-content\/uploads\/2022\/04\/Ok3-1024x683.jpg\" alt=\"\" class=\"wp-image-13855\"\/><figcaption class=\"wp-element-caption\">Despatx de l&#8217;equip professional<\/figcaption><\/figure>\n\n\n\n<p class=\"has-text-align-justify\"><strong>La <a href=\"https:\/\/www.sindicaturabarcelona.cat\" target=\"_blank\" aria-label=\"Sindicatura de Greuges de Barcelona (opens in a new tab)\" rel=\"noreferrer noopener\" class=\"ek-link\">Sindicatura de Greuges de Barcelona<\/a> tamb\u00e9 va visitar l\u2019espai dels m\u00f2duls habilitats davant el CAP G\u00f2tic<\/strong>, en qu\u00e8 va fer-se l\u2019atenci\u00f3 Covid-19 i que ara s\u2019ha recuperat per a les diferents especialitats m\u00e8diques. <strong>En aquest empla\u00e7ament, les consultes no tenen les mides ni les condicions necess\u00e0ries per a poder fer una atenci\u00f3 m\u00e8dica adequada.<\/strong><\/p>\n\n\n\n<p class=\"has-text-align-justify\">Per exemple, en el cas d\u2019atenci\u00f3 a urg\u00e8ncies, cal que la llitera on el pacient est\u00e0 estirat sigui accessible des de dreta i esquerra. Aqu\u00ed no \u00e9s possible. Altres d\u00e8ficits s\u00f3n la inexist\u00e8ncia d\u2019una superf\u00edcie sobre la qual puguin preparar els medicaments o tractaments a aplicar, o la inadequada atenci\u00f3 que poden rebre les persones usu\u00e0ries de cadires de rodes.<\/p>\n\n\n\n<figure class=\"wp-block-image\"><img decoding=\"async\" src=\"https:\/\/www.sindicaturabarcelona.cat\/wp-content\/uploads\/2022\/04\/Ok6-1024x683.jpg\" alt=\"Aquesta imatge t\u00e9 l'atribut alt buit; el seu nom \u00e9s Ok6-1024x683.jpg\"\/><figcaption class=\"wp-element-caption\">Consulta m\u00e8dica. La llitera no t\u00e9 espai pels dos costats.<\/figcaption><\/figure>\n\n\n\n<p class=\"has-text-align-justify\">El <em><a aria-label=\"Conveni entre la Generalitat de Catalunya, el Consorci Sanitari de Barcelona i l\u2019Ajuntament de Barcelona per a la millora de la qualitat de la xarxa sanit\u00e0ria de la ciutat (opens in a new tab)\" href=\"https:\/\/bcnroc.ajuntament.barcelona.cat\/jspui\/bitstream\/11703\/108899\/1\/Conveni%20qualitat%20xarxa%20sanit%C3%A0ria%20Barcelona_2008.pdf\" target=\"_blank\" rel=\"noreferrer noopener\" class=\"ek-link\">Conveni entre la Generalitat de Catalunya, el Consorci Sanitari de Barcelona i l\u2019Ajuntament de Barcelona per a la millora de la qualitat de la xarxa sanit\u00e0ria de la ciutat<\/a><\/em>, de 8 d\u2019octubre de 2008, va aprovar la reserva d\u2019espai per a un nou CAP en substituci\u00f3 de l\u2019actual. Ja han transcorregut catorze anys i segons les darreres informacions rebudes, el nou empla\u00e7ament estaria previst a les depend\u00e8ncies municipals de la pla\u00e7a de Carles Pi i Sunyer l\u2019any 2028.<\/p>\n\n\n\n<figure class=\"wp-block-image size-large\"><img decoding=\"async\" src=\"https:\/\/www.sindicaturabarcelona.cat\/wp-content\/uploads\/2022\/04\/Ok-1024x683.jpg\" alt=\"\" class=\"wp-image-13859\"\/><\/figure>\n\n\n\n<figure class=\"wp-block-gallery has-nested-images columns-default is-cropped wp-block-gallery-1 is-layout-flex wp-block-gallery-is-layout-flex\">\n<figure class=\"wp-block-image size-large\"><img decoding=\"async\" data-id=\"13858\" src=\"https:\/\/www.sindicaturabarcelona.cat\/wp-content\/uploads\/2022\/04\/Ok2-1024x683.jpg\" alt=\"\" class=\"wp-image-13858\"\/><\/figure>\n<\/figure>\n\n\n\n<p><\/p>\n\n\n\n<p><strong><mark style=\"background-color:rgba(0, 0, 0, 0)\" class=\"has-inline-color has-vivid-cyan-blue-color\"><span style=\"text-decoration: underline;\" class=\"ek-underline\">Les filtracions d\u2019aig\u00fces residuals<\/span><\/mark><\/strong><\/p>\n\n\n\n<p class=\"has-text-align-justify\"><strong>Des d\u2019anys enrere, el CAP G\u00f2tic pateix filtracions d\u2019aig\u00fces residuals<\/strong>, situaci\u00f3 que ha provocat fins i tot el tancament temporal del centre per no poder dur-se a terme l\u2019activitat amb normalitat. L\u2019ICS (Institut Catal\u00e0 de la Salut) ubica l\u2019origen d\u2019aquestes filtracions en els pisos situats a sobre del CAP, uns habitatges que s\u00f3n gestionats per l\u2019Ag\u00e8ncia de l\u2019Habitatge de Catalunya.<\/p>\n\n\n\n<figure class=\"wp-block-image size-large\"><img decoding=\"async\" src=\"https:\/\/www.sindicaturabarcelona.cat\/wp-content\/uploads\/2022\/04\/Ok4-1024x683.jpg\" alt=\"\" class=\"wp-image-13857\"\/><\/figure>\n\n\n\n<p><strong><mark style=\"background-color:rgba(0, 0, 0, 0)\" class=\"has-inline-color has-vivid-cyan-blue-color\">E<span style=\"text-decoration: underline;\" class=\"ek-underline\">l CAP G\u00f2tic rep la Medalla d\u2019Honor de Barcelona 2021<\/span><\/mark><\/strong><\/p>\n\n\n\n<p><strong>La Sindicatura de Greuges de Barcelona vol recon\u00e8ixer la tasca de totes les persones treballadores del CAP G\u00f2tic, que duen a terme un gran esfor\u00e7 per tal que totes les problem\u00e0tiques que pateixen en el seu dia a dia laboral no arribin a la ciutadania<\/strong>.<\/p>\n\n\n\n<p>El CAP G\u00f2tic va rebre la Medalla d\u2019Honor de Barcelona 2021, una distinci\u00f3 de l\u2019Ajuntament a la seva implicaci\u00f3 en els problemes sanitaris, per\u00f2 tamb\u00e9 en l\u2019abordatge de problemes socials, econ\u00f2mics i comunitaris.<\/p>\n","protected":false},"excerpt":{"rendered":"<p>Despr\u00e9s de dur a terme dues visites al CAP G\u00f2tic durant el mes d\u2019abril d\u2019enguany, la Sindicatura de Greuges de Barcelona ha obert una actuaci\u00f3 d\u2019ofici en qu\u00e8 demana informaci\u00f3 [&hellip;]<\/p>\n","protected":false},"author":2,"featured_media":13851,"comment_status":"closed","ping_status":"open","sticky":false,"template":"","format":"standard","meta":{"_acf_changed":false,"footnotes":""},"tags":[1370],"drets":[1428,1431],"class_list":["post-13850","post","type-post","status-publish","format-standard","has-post-thumbnail","hentry","tag-gotic","drets-ciutat-equitativa","drets-dret-a-la-salut"],"acf":[],"yoast_head":"<!-- This site is optimized with the Yoast SEO plugin v27.5 - https:\/\/yoast.com\/product\/yoast-seo-wordpress\/ -->\n<title>La Sindicatura de Greuges de Barcelona obre una actuaci\u00f3 d\u2019ofici per con\u00e8ixer les previsions de millora de les condicions actuals del CAP G\u00f2tic - Sindicatura de Greuges de Barcelona<\/title>\n<meta name=\"description\" content=\"La defensoria demana informaci\u00f3 al consistori sobre la previsi\u00f3 del nou empla\u00e7ament i les mesures impulsades per millorar la manca d\u2019espai i\" \/>\n<meta name=\"robots\" content=\"index, follow, max-snippet:-1, max-image-preview:large, max-video-preview:-1\" \/>\n<link rel=\"canonical\" href=\"https:\/\/www.sindicaturabarcelona.cat\/ca\/sindicatura-greuges-barcelona-obre-actuacio-ofici-condicions-cap-gotic-salut\/\" \/>\n<meta property=\"og:locale\" content=\"ca_ES\" \/>\n<meta property=\"og:type\" content=\"article\" \/>\n<meta property=\"og:title\" content=\"La Sindicatura de Greuges de Barcelona obre una actuaci\u00f3 d\u2019ofici per con\u00e8ixer les previsions de millora de les condicions actuals del CAP G\u00f2tic - Sindicatura de Greuges de Barcelona\" \/>\n<meta property=\"og:description\" content=\"La defensoria demana informaci\u00f3 al consistori sobre la previsi\u00f3 del nou empla\u00e7ament i les mesures impulsades per millorar la manca d\u2019espai i\" \/>\n<meta property=\"og:url\" content=\"https:\/\/www.sindicaturabarcelona.cat\/ca\/sindicatura-greuges-barcelona-obre-actuacio-ofici-condicions-cap-gotic-salut\/\" \/>\n<meta property=\"og:site_name\" content=\"Sindicatura de Greuges de Barcelona\" \/>\n<meta property=\"article:published_time\" content=\"2022-04-28T09:39:08+00:00\" \/>\n<meta property=\"article:modified_time\" content=\"2023-05-11T11:20:05+00:00\" \/>\n<meta property=\"og:image\" content=\"https:\/\/www.sindicaturabarcelona.cat\/wp-content\/uploads\/2022\/04\/VisitaCap-scaled.jpg\" \/>\n\t<meta property=\"og:image:width\" content=\"2560\" \/>\n\t<meta property=\"og:image:height\" content=\"1707\" \/>\n\t<meta property=\"og:image:type\" content=\"image\/jpeg\" \/>\n<meta name=\"author\" content=\"Pablo\" \/>\n<meta name=\"twitter:card\" content=\"summary_large_image\" \/>\n<meta name=\"twitter:creator\" content=\"@sindicbarcelona\" \/>\n<meta name=\"twitter:site\" content=\"@sindicbarcelona\" \/>\n<meta name=\"twitter:label1\" content=\"Escrit per\" \/>\n\t<meta name=\"twitter:data1\" content=\"Pablo\" \/>\n\t<meta name=\"twitter:label2\" content=\"Temps estimat de lectura\" \/>\n\t<meta name=\"twitter:data2\" content=\"4 minuts\" \/>\n<script type=\"application\/ld+json\" class=\"yoast-schema-graph\">{\"@context\":\"https:\\\/\\\/schema.org\",\"@graph\":[{\"@type\":\"Article\",\"@id\":\"https:\\\/\\\/www.sindicaturabarcelona.cat\\\/ca\\\/sindicatura-greuges-barcelona-obre-actuacio-ofici-condicions-cap-gotic-salut\\\/#article\",\"isPartOf\":{\"@id\":\"https:\\\/\\\/www.sindicaturabarcelona.cat\\\/ca\\\/sindicatura-greuges-barcelona-obre-actuacio-ofici-condicions-cap-gotic-salut\\\/\"},\"author\":{\"name\":\"Pablo\",\"@id\":\"https:\\\/\\\/www.sindicaturabarcelona.cat\\\/ca\\\/#\\\/schema\\\/person\\\/0e5acffc350ffdbc97578159322c9452\"},\"headline\":\"La Sindicatura de Greuges de Barcelona obre una actuaci\u00f3 d\u2019ofici per con\u00e8ixer les previsions de millora de les condicions actuals del CAP G\u00f2tic\",\"datePublished\":\"2022-04-28T09:39:08+00:00\",\"dateModified\":\"2023-05-11T11:20:05+00:00\",\"mainEntityOfPage\":{\"@id\":\"https:\\\/\\\/www.sindicaturabarcelona.cat\\\/ca\\\/sindicatura-greuges-barcelona-obre-actuacio-ofici-condicions-cap-gotic-salut\\\/\"},\"wordCount\":644,\"publisher\":{\"@id\":\"https:\\\/\\\/www.sindicaturabarcelona.cat\\\/ca\\\/#organization\"},\"image\":{\"@id\":\"https:\\\/\\\/www.sindicaturabarcelona.cat\\\/ca\\\/sindicatura-greuges-barcelona-obre-actuacio-ofici-condicions-cap-gotic-salut\\\/#primaryimage\"},\"thumbnailUrl\":\"https:\\\/\\\/www.sindicaturabarcelona.cat\\\/wp-content\\\/uploads\\\/2022\\\/04\\\/VisitaCap-scaled.jpg\",\"keywords\":[\"gotic\"],\"articleSection\":[\"Uncategorized @ca\"],\"inLanguage\":\"ca\"},{\"@type\":\"WebPage\",\"@id\":\"https:\\\/\\\/www.sindicaturabarcelona.cat\\\/ca\\\/sindicatura-greuges-barcelona-obre-actuacio-ofici-condicions-cap-gotic-salut\\\/\",\"url\":\"https:\\\/\\\/www.sindicaturabarcelona.cat\\\/ca\\\/sindicatura-greuges-barcelona-obre-actuacio-ofici-condicions-cap-gotic-salut\\\/\",\"name\":\"La Sindicatura de Greuges de Barcelona obre una actuaci\u00f3 d\u2019ofici per con\u00e8ixer les previsions de millora de les condicions actuals del CAP G\u00f2tic - Sindicatura de Greuges de Barcelona\",\"isPartOf\":{\"@id\":\"https:\\\/\\\/www.sindicaturabarcelona.cat\\\/ca\\\/#website\"},\"primaryImageOfPage\":{\"@id\":\"https:\\\/\\\/www.sindicaturabarcelona.cat\\\/ca\\\/sindicatura-greuges-barcelona-obre-actuacio-ofici-condicions-cap-gotic-salut\\\/#primaryimage\"},\"image\":{\"@id\":\"https:\\\/\\\/www.sindicaturabarcelona.cat\\\/ca\\\/sindicatura-greuges-barcelona-obre-actuacio-ofici-condicions-cap-gotic-salut\\\/#primaryimage\"},\"thumbnailUrl\":\"https:\\\/\\\/www.sindicaturabarcelona.cat\\\/wp-content\\\/uploads\\\/2022\\\/04\\\/VisitaCap-scaled.jpg\",\"datePublished\":\"2022-04-28T09:39:08+00:00\",\"dateModified\":\"2023-05-11T11:20:05+00:00\",\"description\":\"La defensoria demana informaci\u00f3 al consistori sobre la previsi\u00f3 del nou empla\u00e7ament i les mesures impulsades per millorar la manca d\u2019espai i\",\"breadcrumb\":{\"@id\":\"https:\\\/\\\/www.sindicaturabarcelona.cat\\\/ca\\\/sindicatura-greuges-barcelona-obre-actuacio-ofici-condicions-cap-gotic-salut\\\/#breadcrumb\"},\"inLanguage\":\"ca\",\"potentialAction\":[{\"@type\":\"ReadAction\",\"target\":[\"https:\\\/\\\/www.sindicaturabarcelona.cat\\\/ca\\\/sindicatura-greuges-barcelona-obre-actuacio-ofici-condicions-cap-gotic-salut\\\/\"]}]},{\"@type\":\"ImageObject\",\"inLanguage\":\"ca\",\"@id\":\"https:\\\/\\\/www.sindicaturabarcelona.cat\\\/ca\\\/sindicatura-greuges-barcelona-obre-actuacio-ofici-condicions-cap-gotic-salut\\\/#primaryimage\",\"url\":\"https:\\\/\\\/www.sindicaturabarcelona.cat\\\/wp-content\\\/uploads\\\/2022\\\/04\\\/VisitaCap-scaled.jpg\",\"contentUrl\":\"https:\\\/\\\/www.sindicaturabarcelona.cat\\\/wp-content\\\/uploads\\\/2022\\\/04\\\/VisitaCap-scaled.jpg\",\"width\":2560,\"height\":1707,\"caption\":\"Visita Cap Gotic\"},{\"@type\":\"BreadcrumbList\",\"@id\":\"https:\\\/\\\/www.sindicaturabarcelona.cat\\\/ca\\\/sindicatura-greuges-barcelona-obre-actuacio-ofici-condicions-cap-gotic-salut\\\/#breadcrumb\",\"itemListElement\":[{\"@type\":\"ListItem\",\"position\":1,\"name\":\"Inici\",\"item\":\"https:\\\/\\\/www.sindicaturabarcelona.cat\\\/ca\\\/\"},{\"@type\":\"ListItem\",\"position\":2,\"name\":\"La Sindicatura de Greuges de Barcelona obre una actuaci\u00f3 d\u2019ofici per con\u00e8ixer les previsions de millora de les condicions actuals del CAP G\u00f2tic\"}]},{\"@type\":\"WebSite\",\"@id\":\"https:\\\/\\\/www.sindicaturabarcelona.cat\\\/ca\\\/#website\",\"url\":\"https:\\\/\\\/www.sindicaturabarcelona.cat\\\/ca\\\/\",\"name\":\"Sindicatura de Greuges de Barcelona\",\"description\":\"La defensoria dels teus drets\",\"publisher\":{\"@id\":\"https:\\\/\\\/www.sindicaturabarcelona.cat\\\/ca\\\/#organization\"},\"potentialAction\":[{\"@type\":\"SearchAction\",\"target\":{\"@type\":\"EntryPoint\",\"urlTemplate\":\"https:\\\/\\\/www.sindicaturabarcelona.cat\\\/ca\\\/?s={search_term_string}\"},\"query-input\":{\"@type\":\"PropertyValueSpecification\",\"valueRequired\":true,\"valueName\":\"search_term_string\"}}],\"inLanguage\":\"ca\"},{\"@type\":\"Organization\",\"@id\":\"https:\\\/\\\/www.sindicaturabarcelona.cat\\\/ca\\\/#organization\",\"name\":\"Sindicatura de Greuges de Barcelona\",\"url\":\"https:\\\/\\\/www.sindicaturabarcelona.cat\\\/ca\\\/\",\"logo\":{\"@type\":\"ImageObject\",\"inLanguage\":\"ca\",\"@id\":\"https:\\\/\\\/www.sindicaturabarcelona.cat\\\/ca\\\/#\\\/schema\\\/logo\\\/image\\\/\",\"url\":\"https:\\\/\\\/www.sindicaturabarcelona.cat\\\/wp-content\\\/uploads\\\/2023\\\/02\\\/logo_sindicatura.svg\",\"contentUrl\":\"https:\\\/\\\/www.sindicaturabarcelona.cat\\\/wp-content\\\/uploads\\\/2023\\\/02\\\/logo_sindicatura.svg\",\"caption\":\"Sindicatura de Greuges de Barcelona\"},\"image\":{\"@id\":\"https:\\\/\\\/www.sindicaturabarcelona.cat\\\/ca\\\/#\\\/schema\\\/logo\\\/image\\\/\"},\"sameAs\":[\"https:\\\/\\\/x.com\\\/sindicbarcelona\",\"https:\\\/\\\/www.instagram.com\\\/sindicbarcelona\\\/\",\"https:\\\/\\\/www.tiktok.com\\\/@sindicaturabcn\",\"https:\\\/\\\/t.me\\\/sindicaturabarcelona\"]},{\"@type\":\"Person\",\"@id\":\"https:\\\/\\\/www.sindicaturabarcelona.cat\\\/ca\\\/#\\\/schema\\\/person\\\/0e5acffc350ffdbc97578159322c9452\",\"name\":\"Pablo\",\"image\":{\"@type\":\"ImageObject\",\"inLanguage\":\"ca\",\"@id\":\"https:\\\/\\\/secure.gravatar.com\\\/avatar\\\/c948169b402ef9492afde705c3dfd5e90e1a6a84ef6840a91124f805a25a480f?s=96&d=mm&r=g\",\"url\":\"https:\\\/\\\/secure.gravatar.com\\\/avatar\\\/c948169b402ef9492afde705c3dfd5e90e1a6a84ef6840a91124f805a25a480f?s=96&d=mm&r=g\",\"contentUrl\":\"https:\\\/\\\/secure.gravatar.com\\\/avatar\\\/c948169b402ef9492afde705c3dfd5e90e1a6a84ef6840a91124f805a25a480f?s=96&d=mm&r=g\",\"caption\":\"Pablo\"},\"url\":\"https:\\\/\\\/www.sindicaturabarcelona.cat\\\/ca\\\/author\\\/pablo\\\/\"}]}<\/script>\n<!-- \/ Yoast SEO plugin. -->","yoast_head_json":{"title":"La Sindicatura de Greuges de Barcelona obre una actuaci\u00f3 d\u2019ofici per con\u00e8ixer les previsions de millora de les condicions actuals del CAP G\u00f2tic - Sindicatura de Greuges de Barcelona","description":"La defensoria demana informaci\u00f3 al consistori sobre la previsi\u00f3 del nou empla\u00e7ament i les mesures impulsades per millorar la manca d\u2019espai i","robots":{"index":"index","follow":"follow","max-snippet":"max-snippet:-1","max-image-preview":"max-image-preview:large","max-video-preview":"max-video-preview:-1"},"canonical":"https:\/\/www.sindicaturabarcelona.cat\/ca\/sindicatura-greuges-barcelona-obre-actuacio-ofici-condicions-cap-gotic-salut\/","og_locale":"ca_ES","og_type":"article","og_title":"La Sindicatura de Greuges de Barcelona obre una actuaci\u00f3 d\u2019ofici per con\u00e8ixer les previsions de millora de les condicions actuals del CAP G\u00f2tic - Sindicatura de Greuges de Barcelona","og_description":"La defensoria demana informaci\u00f3 al consistori sobre la previsi\u00f3 del nou empla\u00e7ament i les mesures impulsades per millorar la manca d\u2019espai i","og_url":"https:\/\/www.sindicaturabarcelona.cat\/ca\/sindicatura-greuges-barcelona-obre-actuacio-ofici-condicions-cap-gotic-salut\/","og_site_name":"Sindicatura de Greuges de Barcelona","article_published_time":"2022-04-28T09:39:08+00:00","article_modified_time":"2023-05-11T11:20:05+00:00","og_image":[{"width":2560,"height":1707,"url":"https:\/\/www.sindicaturabarcelona.cat\/wp-content\/uploads\/2022\/04\/VisitaCap-scaled.jpg","type":"image\/jpeg"}],"author":"Pablo","twitter_card":"summary_large_image","twitter_creator":"@sindicbarcelona","twitter_site":"@sindicbarcelona","twitter_misc":{"Escrit per":"Pablo","Temps estimat de lectura":"4 minuts"},"schema":{"@context":"https:\/\/schema.org","@graph":[{"@type":"Article","@id":"https:\/\/www.sindicaturabarcelona.cat\/ca\/sindicatura-greuges-barcelona-obre-actuacio-ofici-condicions-cap-gotic-salut\/#article","isPartOf":{"@id":"https:\/\/www.sindicaturabarcelona.cat\/ca\/sindicatura-greuges-barcelona-obre-actuacio-ofici-condicions-cap-gotic-salut\/"},"author":{"name":"Pablo","@id":"https:\/\/www.sindicaturabarcelona.cat\/ca\/#\/schema\/person\/0e5acffc350ffdbc97578159322c9452"},"headline":"La Sindicatura de Greuges de Barcelona obre una actuaci\u00f3 d\u2019ofici per con\u00e8ixer les previsions de millora de les condicions actuals del CAP G\u00f2tic","datePublished":"2022-04-28T09:39:08+00:00","dateModified":"2023-05-11T11:20:05+00:00","mainEntityOfPage":{"@id":"https:\/\/www.sindicaturabarcelona.cat\/ca\/sindicatura-greuges-barcelona-obre-actuacio-ofici-condicions-cap-gotic-salut\/"},"wordCount":644,"publisher":{"@id":"https:\/\/www.sindicaturabarcelona.cat\/ca\/#organization"},"image":{"@id":"https:\/\/www.sindicaturabarcelona.cat\/ca\/sindicatura-greuges-barcelona-obre-actuacio-ofici-condicions-cap-gotic-salut\/#primaryimage"},"thumbnailUrl":"https:\/\/www.sindicaturabarcelona.cat\/wp-content\/uploads\/2022\/04\/VisitaCap-scaled.jpg","keywords":["gotic"],"articleSection":["Uncategorized @ca"],"inLanguage":"ca"},{"@type":"WebPage","@id":"https:\/\/www.sindicaturabarcelona.cat\/ca\/sindicatura-greuges-barcelona-obre-actuacio-ofici-condicions-cap-gotic-salut\/","url":"https:\/\/www.sindicaturabarcelona.cat\/ca\/sindicatura-greuges-barcelona-obre-actuacio-ofici-condicions-cap-gotic-salut\/","name":"La Sindicatura de Greuges de Barcelona obre una actuaci\u00f3 d\u2019ofici per con\u00e8ixer les previsions de millora de les condicions actuals del CAP G\u00f2tic - Sindicatura de Greuges de Barcelona","isPartOf":{"@id":"https:\/\/www.sindicaturabarcelona.cat\/ca\/#website"},"primaryImageOfPage":{"@id":"https:\/\/www.sindicaturabarcelona.cat\/ca\/sindicatura-greuges-barcelona-obre-actuacio-ofici-condicions-cap-gotic-salut\/#primaryimage"},"image":{"@id":"https:\/\/www.sindicaturabarcelona.cat\/ca\/sindicatura-greuges-barcelona-obre-actuacio-ofici-condicions-cap-gotic-salut\/#primaryimage"},"thumbnailUrl":"https:\/\/www.sindicaturabarcelona.cat\/wp-content\/uploads\/2022\/04\/VisitaCap-scaled.jpg","datePublished":"2022-04-28T09:39:08+00:00","dateModified":"2023-05-11T11:20:05+00:00","description":"La defensoria demana informaci\u00f3 al consistori sobre la previsi\u00f3 del nou empla\u00e7ament i les mesures impulsades per millorar la manca d\u2019espai i","breadcrumb":{"@id":"https:\/\/www.sindicaturabarcelona.cat\/ca\/sindicatura-greuges-barcelona-obre-actuacio-ofici-condicions-cap-gotic-salut\/#breadcrumb"},"inLanguage":"ca","potentialAction":[{"@type":"ReadAction","target":["https:\/\/www.sindicaturabarcelona.cat\/ca\/sindicatura-greuges-barcelona-obre-actuacio-ofici-condicions-cap-gotic-salut\/"]}]},{"@type":"ImageObject","inLanguage":"ca","@id":"https:\/\/www.sindicaturabarcelona.cat\/ca\/sindicatura-greuges-barcelona-obre-actuacio-ofici-condicions-cap-gotic-salut\/#primaryimage","url":"https:\/\/www.sindicaturabarcelona.cat\/wp-content\/uploads\/2022\/04\/VisitaCap-scaled.jpg","contentUrl":"https:\/\/www.sindicaturabarcelona.cat\/wp-content\/uploads\/2022\/04\/VisitaCap-scaled.jpg","width":2560,"height":1707,"caption":"Visita Cap Gotic"},{"@type":"BreadcrumbList","@id":"https:\/\/www.sindicaturabarcelona.cat\/ca\/sindicatura-greuges-barcelona-obre-actuacio-ofici-condicions-cap-gotic-salut\/#breadcrumb","itemListElement":[{"@type":"ListItem","position":1,"name":"Inici","item":"https:\/\/www.sindicaturabarcelona.cat\/ca\/"},{"@type":"ListItem","position":2,"name":"La Sindicatura de Greuges de Barcelona obre una actuaci\u00f3 d\u2019ofici per con\u00e8ixer les previsions de millora de les condicions actuals del CAP G\u00f2tic"}]},{"@type":"WebSite","@id":"https:\/\/www.sindicaturabarcelona.cat\/ca\/#website","url":"https:\/\/www.sindicaturabarcelona.cat\/ca\/","name":"Sindicatura de Greuges de Barcelona","description":"La defensoria dels teus drets","publisher":{"@id":"https:\/\/www.sindicaturabarcelona.cat\/ca\/#organization"},"potentialAction":[{"@type":"SearchAction","target":{"@type":"EntryPoint","urlTemplate":"https:\/\/www.sindicaturabarcelona.cat\/ca\/?s={search_term_string}"},"query-input":{"@type":"PropertyValueSpecification","valueRequired":true,"valueName":"search_term_string"}}],"inLanguage":"ca"},{"@type":"Organization","@id":"https:\/\/www.sindicaturabarcelona.cat\/ca\/#organization","name":"Sindicatura de Greuges de Barcelona","url":"https:\/\/www.sindicaturabarcelona.cat\/ca\/","logo":{"@type":"ImageObject","inLanguage":"ca","@id":"https:\/\/www.sindicaturabarcelona.cat\/ca\/#\/schema\/logo\/image\/","url":"https:\/\/www.sindicaturabarcelona.cat\/wp-content\/uploads\/2023\/02\/logo_sindicatura.svg","contentUrl":"https:\/\/www.sindicaturabarcelona.cat\/wp-content\/uploads\/2023\/02\/logo_sindicatura.svg","caption":"Sindicatura de Greuges de Barcelona"},"image":{"@id":"https:\/\/www.sindicaturabarcelona.cat\/ca\/#\/schema\/logo\/image\/"},"sameAs":["https:\/\/x.com\/sindicbarcelona","https:\/\/www.instagram.com\/sindicbarcelona\/","https:\/\/www.tiktok.com\/@sindicaturabcn","https:\/\/t.me\/sindicaturabarcelona"]},{"@type":"Person","@id":"https:\/\/www.sindicaturabarcelona.cat\/ca\/#\/schema\/person\/0e5acffc350ffdbc97578159322c9452","name":"Pablo","image":{"@type":"ImageObject","inLanguage":"ca","@id":"https:\/\/secure.gravatar.com\/avatar\/c948169b402ef9492afde705c3dfd5e90e1a6a84ef6840a91124f805a25a480f?s=96&d=mm&r=g","url":"https:\/\/secure.gravatar.com\/avatar\/c948169b402ef9492afde705c3dfd5e90e1a6a84ef6840a91124f805a25a480f?s=96&d=mm&r=g","contentUrl":"https:\/\/secure.gravatar.com\/avatar\/c948169b402ef9492afde705c3dfd5e90e1a6a84ef6840a91124f805a25a480f?s=96&d=mm&r=g","caption":"Pablo"},"url":"https:\/\/www.sindicaturabarcelona.cat\/ca\/author\/pablo\/"}]}},"_links":{"self":[{"href":"https:\/\/www.sindicaturabarcelona.cat\/ca\/wp-json\/wp\/v2\/posts\/13850","targetHints":{"allow":["GET"]}}],"collection":[{"href":"https:\/\/www.sindicaturabarcelona.cat\/ca\/wp-json\/wp\/v2\/posts"}],"about":[{"href":"https:\/\/www.sindicaturabarcelona.cat\/ca\/wp-json\/wp\/v2\/types\/post"}],"author":[{"embeddable":true,"href":"https:\/\/www.sindicaturabarcelona.cat\/ca\/wp-json\/wp\/v2\/users\/2"}],"replies":[{"embeddable":true,"href":"https:\/\/www.sindicaturabarcelona.cat\/ca\/wp-json\/wp\/v2\/comments?post=13850"}],"version-history":[{"count":0,"href":"https:\/\/www.sindicaturabarcelona.cat\/ca\/wp-json\/wp\/v2\/posts\/13850\/revisions"}],"wp:featuredmedia":[{"embeddable":true,"href":"https:\/\/www.sindicaturabarcelona.cat\/ca\/wp-json\/wp\/v2\/media\/13851"}],"wp:attachment":[{"href":"https:\/\/www.sindicaturabarcelona.cat\/ca\/wp-json\/wp\/v2\/media?parent=13850"}],"wp:term":[{"taxonomy":"post_tag","embeddable":true,"href":"https:\/\/www.sindicaturabarcelona.cat\/ca\/wp-json\/wp\/v2\/tags?post=13850"},{"taxonomy":"drets","embeddable":true,"href":"https:\/\/www.sindicaturabarcelona.cat\/ca\/wp-json\/wp\/v2\/drets?post=13850"}],"curies":[{"name":"wp","href":"https:\/\/api.w.org\/{rel}","templated":true}]}}