{"id":13836,"date":"2022-05-24T17:47:05","date_gmt":"2022-05-24T15:47:05","guid":{"rendered":"https:\/\/www.sindicaturabarcelona.cat\/?p=13836"},"modified":"2023-05-11T13:15:58","modified_gmt":"2023-05-11T11:15:58","slug":"nous-eixos-verds-la-sindicatura-considera-que-ajuntament-hauria-haver-iniciat-procediment-contractacio-un-cop-acabat-tramit-informacio-publica","status":"publish","type":"post","link":"https:\/\/www.sindicaturabarcelona.cat\/ca\/nous-eixos-verds-la-sindicatura-considera-que-ajuntament-hauria-haver-iniciat-procediment-contractacio-un-cop-acabat-tramit-informacio-publica\/","title":{"rendered":"Nous Eixos Verds: La Sindicatura considera que l\u2019Ajuntament hauria d\u2019haver iniciat el procediment de contractaci\u00f3 un cop acabat el tr\u00e0mit d\u2019informaci\u00f3 p\u00fablica"},"content":{"rendered":"\n<ul class=\"wp-block-list\">\n<li><strong><ins><mark style=\"background-color:rgba(0, 0, 0, 0)\" class=\"has-inline-color has-black-color\">En un projecte d\u2019aquesta dimensi\u00f3 esdev\u00e9 fonamental donar les m\u00e0ximes garanties a la informaci\u00f3 p\u00fablica i la participaci\u00f3 ciutadana<\/mark><\/ins><\/strong><\/li>\n<\/ul>\n\n\n\n<p><\/p>\n\n\n\n<p class=\"has-text-align-justify\"><a href=\"https:\/\/www.sindicaturabarcelona.cat\/wp-content\/uploads\/2022\/05\/05_Resolucio-Nous-Eixos-Verds.pdf\" target=\"_blank\" aria-label=\"Despr\u00e9s d\u2019analitzar el projecte de reurbanitzaci\u00f3 dels Nous Eixos Verds, la Sindicatura de Greuges de Barcelona ha concl\u00f2s (opens in a new tab)\" rel=\"noreferrer noopener\" class=\"ek-link\">Despr\u00e9s d\u2019analitzar el projecte de reurbanitzaci\u00f3 dels <em>Nous Eixos Verds<\/em>, <strong>la Sindicatura de Greuges de Barcelona ha concl\u00f2s<\/strong><\/a><strong> que l\u2019actuaci\u00f3 de l\u2019\u00c0rea d\u2019Ecologia, Urbanisme, Infraestructures i Mobilitat no ha estat ajustada a dret pel que fa al tr\u00e0mit d\u2019informaci\u00f3 p\u00fablica i el principi de bona administraci\u00f3<\/strong>.<\/p>\n\n\n\n<p class=\"has-text-align-justify\">Per aquests motius, la Sindicatura ha advertit <strong>l\u2019\u00c0rea d\u2019Ecologia, Urbanisme, Infraestructures i Mobilitat<\/strong> que t\u00e9 l\u2019obligaci\u00f3 de garantir l\u2019acc\u00e9s de la ciutadania <strong>a tots els documents p\u00fablics, que preceptivament han de ser sotmesos a informaci\u00f3 p\u00fablica<\/strong> d\u2019una manera clara i entenedora per tal que siguin de f\u00e0cil acc\u00e9s i examen per a la ciutadania.<\/p>\n\n\n\n<p class=\"has-text-align-justify\">D\u2019altra banda, la Sindicatura tamb\u00e9 s\u2019ha dirigit a aquest organisme per recomanar que, amb c<strong>ar\u00e0cter previ a l\u2019inici dels procediments de contractaci\u00f3<\/strong>, es finalitzi la totalitat del tr\u00e0mit d\u2019informaci\u00f3 p\u00fablica previst pels projectes d\u2019obres, amb l\u2019objectiu de garantir una participaci\u00f3 efectiva de la ciutadania i no causar inseguretat jur\u00eddica als operadors.<\/p>\n\n\n\n<p class=\"has-text-align-justify\"><strong><span style=\"text-decoration: underline;\" class=\"ek-underline\">L\u2019origen de l\u2019actuaci\u00f3 de la Sindicatura<br><\/span><\/strong>La Cambra de la Propietat Urbana de Barcelona va traslladar a la Sindicatura de Greuges de la ciutat la seva disconformitat amb la decisi\u00f3 municipal de licitar les obres d\u2019un projecte que encara es trobava en fase de tramitaci\u00f3. Concretament, es tractava de la <strong>tramitaci\u00f3 <\/strong>dels projectes dels <em>Nous Eixos Verds<\/em> (programa Superilla Barcelona al Districte de l\u2019Eixample), de manera simult\u00e0nia a <strong>la licitaci\u00f3 de les obres d\u2019execuci\u00f3<\/strong> d\u2019aquests per part de l\u2019Ajuntament mitjan\u00e7ant l\u2019empresa municipal BIMSA.<\/p>\n\n\n\n<p class=\"has-text-align-justify\"><strong><span style=\"text-decoration: underline;\" class=\"ek-underline\">El procediment de licitaci\u00f3<\/span><\/strong><br>L\u2019Ajuntament argumenta que \u00e9s possible iniciar la licitaci\u00f3 d\u2019un contracte abans de l\u2019aprovaci\u00f3 definitiva, ja que considera que l\u2019empresa municipal responsable de la contractaci\u00f3, BIMSA, \u00e9s un poder adjudicador no administraci\u00f3 p\u00fablica (PANAP), que est\u00e0 subjecte a un r\u00e8gim jur\u00eddic diferenciat.<\/p>\n\n\n\n<p class=\"has-text-align-justify\"><strong>La Sindicatura de Greuges reconeix que els arguments exposats per l\u2019Ajuntament constitueixen una interpretaci\u00f3 jur\u00eddica que pot resultar defensable, per\u00f2 no la comparteix<\/strong>. En aquest sentit, <strong>ent\u00e9n que iniciar una licitaci\u00f3 sense haver aprovat definitivament un projecte no \u00e9s l\u2019opci\u00f3 m\u00e9s ajustada al principi de bona administraci\u00f3 i efic\u00e0cia.<\/strong><\/p>\n\n\n\n<p class=\"has-text-align-justify\">El <strong>principi de bona administraci\u00f3<\/strong> comporta el dret a participar en la presa de decisions i, especialment, el dret d&#8217;audi\u00e8ncia i el dret a presentar al\u00b7legacions en qualsevol fase del procediment administratiu, d&#8217;acord amb el que estableix la normativa aplicable.<\/p>\n\n\n\n<p class=\"has-text-align-justify\">Respecte de <strong>l\u2019efic\u00e0cia<\/strong>, iniciar un procediment abans de l\u2019aprovaci\u00f3 definitiva d\u2019un projecte i, especialment, abans d\u2019exhaurir el termini d\u2019informaci\u00f3 p\u00fablica, pot suposar precisament el contrari. La informaci\u00f3 p\u00fablica permet que qualsevol persona pugui presentar al\u00b7legacions. A m\u00e9s d\u2019esdevenir un mecanisme essencial de participaci\u00f3 ciutadana en els afers p\u00fablics, \u00e9s un sistema per detectar possibles errors del projecte que puguin ser posats de manifest per qualsevol persona.<\/p>\n\n\n\n<p class=\"has-text-align-justify\"><strong><span style=\"text-decoration: underline;\" class=\"ek-underline\">El tr\u00e0mit d\u2019informaci\u00f3 p\u00fablica<\/span><\/strong><br>L\u2019Ajuntament sost\u00e9 que iniciar un procediment de contractaci\u00f3 abans de la finalitzaci\u00f3 del termini d\u2019informaci\u00f3 p\u00fablica no lesiona el dret a la participaci\u00f3 ciutadana. Argumenta que les al\u00b7legacions eventualment presentades durant el per\u00edode d\u2019informaci\u00f3 p\u00fablica podran ser resoltes oportunament en sentit estimatori o desestimatori, segons correspongui.<\/p>\n\n\n\n<p class=\"has-text-align-justify\">A parer d\u2019aquesta Sindicatura, aquesta forma de procedir <strong>buida de contingut el tr\u00e0mit d\u2019informaci\u00f3 <\/strong>p\u00fablica. La formulaci\u00f3 i eventual estimaci\u00f3 d\u2019una al\u00b7legaci\u00f3 que impliqu\u00e9s una modificaci\u00f3 substancial dels projectes subjectes a aprovaci\u00f3 obligaria a retrotraure el procediment de contractaci\u00f3. El calendari previst per l\u2019Ajuntament de Barcelona estableix l\u2019inici de les obres al mes de juny de 2022. Complir amb aquest calendari, que ve determinat per diferents factors, no \u00e9s compatible amb retrotraure el procediment administratiu. Per tant, a la pr\u00e0ctica, l\u2019actuaci\u00f3 del consistori sembla deixar \u00fanicament marge per a l\u2019acceptaci\u00f3 d\u2019al\u00b7legacions menors, que no interfereixin en el calendari previst de les obres.<\/p>\n\n\n\n<p class=\"has-text-align-justify\"><strong><span style=\"text-decoration: underline;\" class=\"ek-underline\">La participaci\u00f3 ciutadana<br><\/span><\/strong>Des de la tardor del 2020 fins al novembre del 2021, l\u2019Ajuntament va fer diverses sessions informatives i de participaci\u00f3 per donar a con\u00e8ixer el projecte dels <em>Nous Eixos Verds<\/em>. La finalitat d\u2019aquest proc\u00e9s era que el projecte fos dissenyat conjuntament amb la ciutadania i els agents i parts interessades. En total, van organitzar-se una trentena d\u2019activitats, en qu\u00e8 van participar prop d\u2019unes 1.500 persones i gaireb\u00e9 un centenar de persones t\u00e8cniques i pol\u00edtiques del consistori.<\/p>\n\n\n\n<p class=\"has-text-align-justify\">Segons l\u2019enquesta de valoraci\u00f3 efectuada per l\u2019Ajuntament, <strong>la part pitjor valorada per les persones enquestades ha estat la relacionada amb les demandes de la ciutadania i el seu baix impacte en les decisions finals que ha adoptat l\u2019Ajuntament<\/strong>.<\/p>\n\n\n\n<p class=\"has-text-align-justify\">\u00c9s necessari recordar que sotmetre una q\u00fcesti\u00f3 a consulta ciutadana no significa que el Govern municipal hagi d\u2019assumir necess\u00e0riament els resultats del proc\u00e9s participatiu, segons la normativa vigent. No obstant aix\u00f2, la Sindicatura considera que, <strong>quan l\u2019administraci\u00f3 municipal impulsa processos de di\u00e0leg amb la ciutadania, \u00e9s perqu\u00e8 t\u00e9 la voluntat de tenir en consideraci\u00f3 les seves aportacions<\/strong>.<\/p>\n\n\n\n<p class=\"has-text-align-justify\">Atesa la important transformaci\u00f3 urban\u00edstica i de mobilitat que suposaran els Nous Eixos Verds a tota la ciutat, i amb l\u2019objectiu d\u2019aconseguir el m\u00e0xim consens possible, <strong>caldria haver previst accions de participaci\u00f3 ciutadana m\u00e9s efectives per tal que tota la ciutadania hagu\u00e9s tingut coneixement de l\u2019exist\u00e8ncia dels projectes i hagu\u00e9s pogut plantejar les seves preocupacions i dubtes<\/strong>.<\/p>\n\n\n\n<p class=\"has-text-align-justify\"><strong><span style=\"text-decoration: underline;\" class=\"ek-underline\">El dret a un urbanisme harmoni\u00f3s i saludable<br><\/span><\/strong>La Sindicatura de Greuges de Barcelona \u00e9s conscient dels reptes que t\u00e9 la ciutat per reduir l\u2019impacte ambiental negatiu, promoure la creaci\u00f3 d\u2019espais verds, aix\u00ed com disposar de carrers amables i inclusius en qu\u00e8 es prioritzi la salut i el benestar de la ciutadania. <strong>Per aquest motiu, considera indispensable la defensa del dret a un urbanisme harmoni\u00f3s i sostenible, i a la protecci\u00f3 del medi ambient.<\/strong><\/p>\n\n\n\n<p class=\"has-text-align-justify\"><strong>Tanmateix, la promoci\u00f3 d\u2019aquests drets ha de ser compatible amb el dret a l\u2019efic\u00e0cia dels serveis p\u00fablics, la transpar\u00e8ncia i el dret a la informaci\u00f3.<\/strong> Aquests tamb\u00e9 estan reconeguts a la normativa vigent i correspon a l\u2019Administraci\u00f3 municipal garantir-los.<\/p>\n","protected":false},"excerpt":{"rendered":"<p>Despr\u00e9s d\u2019analitzar el projecte de reurbanitzaci\u00f3 dels Nous Eixos Verds, la Sindicatura de Greuges de Barcelona ha concl\u00f2s que l\u2019actuaci\u00f3 de l\u2019\u00c0rea d\u2019Ecologia, Urbanisme, Infraestructures i Mobilitat no ha estat [&hellip;]<\/p>\n","protected":false},"author":2,"featured_media":14226,"comment_status":"closed","ping_status":"open","sticky":false,"template":"","format":"standard","meta":{"_acf_changed":false,"footnotes":""},"tags":[1366],"drets":[1440,1456,1438,1450],"class_list":["post-13836","post","type-post","status-publish","format-standard","has-post-thumbnail","hentry","tag-nous-eixos-verds","drets-ciutat-garantista","drets-dret-a-una-bona-administracio","drets-ciutat-habitable-i-sostenible","drets-dret-a-un-urbanisme-harmonios"],"acf":[],"yoast_head":"<!-- This site is optimized with the Yoast SEO plugin v27.5 - https:\/\/yoast.com\/product\/yoast-seo-wordpress\/ -->\n<title>Nous Eixos Verds: La Sindicatura considera que l\u2019Ajuntament hauria d\u2019haver iniciat el procediment de contractaci\u00f3 un cop acabat el tr\u00e0mit d\u2019informaci\u00f3 p\u00fablica - Sindicatura de Greuges de Barcelona<\/title>\n<meta name=\"description\" content=\"En un projecte d\u2019aquesta dimensi\u00f3 esdev\u00e9 fonamental donar les m\u00e0ximes garanties a la informaci\u00f3 p\u00fablica i la participaci\u00f3 ciutadana.\" \/>\n<meta name=\"robots\" content=\"index, follow, max-snippet:-1, max-image-preview:large, max-video-preview:-1\" \/>\n<link rel=\"canonical\" href=\"https:\/\/www.sindicaturabarcelona.cat\/ca\/nous-eixos-verds-la-sindicatura-considera-que-ajuntament-hauria-haver-iniciat-procediment-contractacio-un-cop-acabat-tramit-informacio-publica\/\" \/>\n<meta property=\"og:locale\" content=\"ca_ES\" \/>\n<meta property=\"og:type\" content=\"article\" \/>\n<meta property=\"og:title\" content=\"Nous Eixos Verds: La Sindicatura considera que l\u2019Ajuntament hauria d\u2019haver iniciat el procediment de contractaci\u00f3 un cop acabat el tr\u00e0mit d\u2019informaci\u00f3 p\u00fablica - Sindicatura de Greuges de Barcelona\" \/>\n<meta property=\"og:description\" content=\"En un projecte d\u2019aquesta dimensi\u00f3 esdev\u00e9 fonamental donar les m\u00e0ximes garanties a la informaci\u00f3 p\u00fablica i la participaci\u00f3 ciutadana.\" \/>\n<meta property=\"og:url\" content=\"https:\/\/www.sindicaturabarcelona.cat\/ca\/nous-eixos-verds-la-sindicatura-considera-que-ajuntament-hauria-haver-iniciat-procediment-contractacio-un-cop-acabat-tramit-informacio-publica\/\" \/>\n<meta property=\"og:site_name\" content=\"Sindicatura de Greuges de Barcelona\" \/>\n<meta property=\"article:published_time\" content=\"2022-05-24T15:47:05+00:00\" \/>\n<meta property=\"article:modified_time\" content=\"2023-05-11T11:15:58+00:00\" \/>\n<meta property=\"og:image\" content=\"https:\/\/www.sindicaturabarcelona.cat\/wp-content\/uploads\/2022\/05\/Ajunt-1.jpg\" \/>\n\t<meta property=\"og:image:width\" content=\"1024\" \/>\n\t<meta property=\"og:image:height\" content=\"683\" \/>\n\t<meta property=\"og:image:type\" content=\"image\/jpeg\" \/>\n<meta name=\"author\" content=\"Pablo\" \/>\n<meta name=\"twitter:card\" content=\"summary_large_image\" \/>\n<meta name=\"twitter:creator\" content=\"@sindicbarcelona\" \/>\n<meta name=\"twitter:site\" content=\"@sindicbarcelona\" \/>\n<meta name=\"twitter:label1\" content=\"Escrit per\" \/>\n\t<meta name=\"twitter:data1\" content=\"Pablo\" \/>\n\t<meta name=\"twitter:label2\" content=\"Temps estimat de lectura\" \/>\n\t<meta name=\"twitter:data2\" content=\"6 minuts\" \/>\n<script type=\"application\/ld+json\" class=\"yoast-schema-graph\">{\"@context\":\"https:\\\/\\\/schema.org\",\"@graph\":[{\"@type\":\"Article\",\"@id\":\"https:\\\/\\\/www.sindicaturabarcelona.cat\\\/ca\\\/nous-eixos-verds-la-sindicatura-considera-que-ajuntament-hauria-haver-iniciat-procediment-contractacio-un-cop-acabat-tramit-informacio-publica\\\/#article\",\"isPartOf\":{\"@id\":\"https:\\\/\\\/www.sindicaturabarcelona.cat\\\/ca\\\/nous-eixos-verds-la-sindicatura-considera-que-ajuntament-hauria-haver-iniciat-procediment-contractacio-un-cop-acabat-tramit-informacio-publica\\\/\"},\"author\":{\"name\":\"Pablo\",\"@id\":\"https:\\\/\\\/www.sindicaturabarcelona.cat\\\/ca\\\/#\\\/schema\\\/person\\\/0e5acffc350ffdbc97578159322c9452\"},\"headline\":\"Nous Eixos Verds: La Sindicatura considera que l\u2019Ajuntament hauria d\u2019haver iniciat el procediment de contractaci\u00f3 un cop acabat el tr\u00e0mit d\u2019informaci\u00f3 p\u00fablica\",\"datePublished\":\"2022-05-24T15:47:05+00:00\",\"dateModified\":\"2023-05-11T11:15:58+00:00\",\"mainEntityOfPage\":{\"@id\":\"https:\\\/\\\/www.sindicaturabarcelona.cat\\\/ca\\\/nous-eixos-verds-la-sindicatura-considera-que-ajuntament-hauria-haver-iniciat-procediment-contractacio-un-cop-acabat-tramit-informacio-publica\\\/\"},\"wordCount\":1103,\"publisher\":{\"@id\":\"https:\\\/\\\/www.sindicaturabarcelona.cat\\\/ca\\\/#organization\"},\"image\":{\"@id\":\"https:\\\/\\\/www.sindicaturabarcelona.cat\\\/ca\\\/nous-eixos-verds-la-sindicatura-considera-que-ajuntament-hauria-haver-iniciat-procediment-contractacio-un-cop-acabat-tramit-informacio-publica\\\/#primaryimage\"},\"thumbnailUrl\":\"https:\\\/\\\/www.sindicaturabarcelona.cat\\\/wp-content\\\/uploads\\\/2022\\\/05\\\/Ajunt-1.jpg\",\"keywords\":[\"nous eixos verds\"],\"articleSection\":[\"Uncategorized @ca\"],\"inLanguage\":\"ca\"},{\"@type\":\"WebPage\",\"@id\":\"https:\\\/\\\/www.sindicaturabarcelona.cat\\\/ca\\\/nous-eixos-verds-la-sindicatura-considera-que-ajuntament-hauria-haver-iniciat-procediment-contractacio-un-cop-acabat-tramit-informacio-publica\\\/\",\"url\":\"https:\\\/\\\/www.sindicaturabarcelona.cat\\\/ca\\\/nous-eixos-verds-la-sindicatura-considera-que-ajuntament-hauria-haver-iniciat-procediment-contractacio-un-cop-acabat-tramit-informacio-publica\\\/\",\"name\":\"Nous Eixos Verds: La Sindicatura considera que l\u2019Ajuntament hauria d\u2019haver iniciat el procediment de contractaci\u00f3 un cop acabat el tr\u00e0mit d\u2019informaci\u00f3 p\u00fablica - Sindicatura de Greuges de Barcelona\",\"isPartOf\":{\"@id\":\"https:\\\/\\\/www.sindicaturabarcelona.cat\\\/ca\\\/#website\"},\"primaryImageOfPage\":{\"@id\":\"https:\\\/\\\/www.sindicaturabarcelona.cat\\\/ca\\\/nous-eixos-verds-la-sindicatura-considera-que-ajuntament-hauria-haver-iniciat-procediment-contractacio-un-cop-acabat-tramit-informacio-publica\\\/#primaryimage\"},\"image\":{\"@id\":\"https:\\\/\\\/www.sindicaturabarcelona.cat\\\/ca\\\/nous-eixos-verds-la-sindicatura-considera-que-ajuntament-hauria-haver-iniciat-procediment-contractacio-un-cop-acabat-tramit-informacio-publica\\\/#primaryimage\"},\"thumbnailUrl\":\"https:\\\/\\\/www.sindicaturabarcelona.cat\\\/wp-content\\\/uploads\\\/2022\\\/05\\\/Ajunt-1.jpg\",\"datePublished\":\"2022-05-24T15:47:05+00:00\",\"dateModified\":\"2023-05-11T11:15:58+00:00\",\"description\":\"En un projecte d\u2019aquesta dimensi\u00f3 esdev\u00e9 fonamental donar les m\u00e0ximes garanties a la informaci\u00f3 p\u00fablica i la participaci\u00f3 ciutadana.\",\"breadcrumb\":{\"@id\":\"https:\\\/\\\/www.sindicaturabarcelona.cat\\\/ca\\\/nous-eixos-verds-la-sindicatura-considera-que-ajuntament-hauria-haver-iniciat-procediment-contractacio-un-cop-acabat-tramit-informacio-publica\\\/#breadcrumb\"},\"inLanguage\":\"ca\",\"potentialAction\":[{\"@type\":\"ReadAction\",\"target\":[\"https:\\\/\\\/www.sindicaturabarcelona.cat\\\/ca\\\/nous-eixos-verds-la-sindicatura-considera-que-ajuntament-hauria-haver-iniciat-procediment-contractacio-un-cop-acabat-tramit-informacio-publica\\\/\"]}]},{\"@type\":\"ImageObject\",\"inLanguage\":\"ca\",\"@id\":\"https:\\\/\\\/www.sindicaturabarcelona.cat\\\/ca\\\/nous-eixos-verds-la-sindicatura-considera-que-ajuntament-hauria-haver-iniciat-procediment-contractacio-un-cop-acabat-tramit-informacio-publica\\\/#primaryimage\",\"url\":\"https:\\\/\\\/www.sindicaturabarcelona.cat\\\/wp-content\\\/uploads\\\/2022\\\/05\\\/Ajunt-1.jpg\",\"contentUrl\":\"https:\\\/\\\/www.sindicaturabarcelona.cat\\\/wp-content\\\/uploads\\\/2022\\\/05\\\/Ajunt-1.jpg\",\"width\":1024,\"height\":683,\"caption\":\"Nous Eixos Verds\"},{\"@type\":\"BreadcrumbList\",\"@id\":\"https:\\\/\\\/www.sindicaturabarcelona.cat\\\/ca\\\/nous-eixos-verds-la-sindicatura-considera-que-ajuntament-hauria-haver-iniciat-procediment-contractacio-un-cop-acabat-tramit-informacio-publica\\\/#breadcrumb\",\"itemListElement\":[{\"@type\":\"ListItem\",\"position\":1,\"name\":\"Inici\",\"item\":\"https:\\\/\\\/www.sindicaturabarcelona.cat\\\/ca\\\/\"},{\"@type\":\"ListItem\",\"position\":2,\"name\":\"Nous Eixos Verds: La Sindicatura considera que l\u2019Ajuntament hauria d\u2019haver iniciat el procediment de contractaci\u00f3 un cop acabat el tr\u00e0mit d\u2019informaci\u00f3 p\u00fablica\"}]},{\"@type\":\"WebSite\",\"@id\":\"https:\\\/\\\/www.sindicaturabarcelona.cat\\\/ca\\\/#website\",\"url\":\"https:\\\/\\\/www.sindicaturabarcelona.cat\\\/ca\\\/\",\"name\":\"Sindicatura de Greuges de Barcelona\",\"description\":\"La defensoria dels teus drets\",\"publisher\":{\"@id\":\"https:\\\/\\\/www.sindicaturabarcelona.cat\\\/ca\\\/#organization\"},\"potentialAction\":[{\"@type\":\"SearchAction\",\"target\":{\"@type\":\"EntryPoint\",\"urlTemplate\":\"https:\\\/\\\/www.sindicaturabarcelona.cat\\\/ca\\\/?s={search_term_string}\"},\"query-input\":{\"@type\":\"PropertyValueSpecification\",\"valueRequired\":true,\"valueName\":\"search_term_string\"}}],\"inLanguage\":\"ca\"},{\"@type\":\"Organization\",\"@id\":\"https:\\\/\\\/www.sindicaturabarcelona.cat\\\/ca\\\/#organization\",\"name\":\"Sindicatura de Greuges de Barcelona\",\"url\":\"https:\\\/\\\/www.sindicaturabarcelona.cat\\\/ca\\\/\",\"logo\":{\"@type\":\"ImageObject\",\"inLanguage\":\"ca\",\"@id\":\"https:\\\/\\\/www.sindicaturabarcelona.cat\\\/ca\\\/#\\\/schema\\\/logo\\\/image\\\/\",\"url\":\"https:\\\/\\\/www.sindicaturabarcelona.cat\\\/wp-content\\\/uploads\\\/2023\\\/02\\\/logo_sindicatura.svg\",\"contentUrl\":\"https:\\\/\\\/www.sindicaturabarcelona.cat\\\/wp-content\\\/uploads\\\/2023\\\/02\\\/logo_sindicatura.svg\",\"caption\":\"Sindicatura de Greuges de Barcelona\"},\"image\":{\"@id\":\"https:\\\/\\\/www.sindicaturabarcelona.cat\\\/ca\\\/#\\\/schema\\\/logo\\\/image\\\/\"},\"sameAs\":[\"https:\\\/\\\/x.com\\\/sindicbarcelona\",\"https:\\\/\\\/www.instagram.com\\\/sindicbarcelona\\\/\",\"https:\\\/\\\/www.tiktok.com\\\/@sindicaturabcn\",\"https:\\\/\\\/t.me\\\/sindicaturabarcelona\"]},{\"@type\":\"Person\",\"@id\":\"https:\\\/\\\/www.sindicaturabarcelona.cat\\\/ca\\\/#\\\/schema\\\/person\\\/0e5acffc350ffdbc97578159322c9452\",\"name\":\"Pablo\",\"image\":{\"@type\":\"ImageObject\",\"inLanguage\":\"ca\",\"@id\":\"https:\\\/\\\/secure.gravatar.com\\\/avatar\\\/c948169b402ef9492afde705c3dfd5e90e1a6a84ef6840a91124f805a25a480f?s=96&d=mm&r=g\",\"url\":\"https:\\\/\\\/secure.gravatar.com\\\/avatar\\\/c948169b402ef9492afde705c3dfd5e90e1a6a84ef6840a91124f805a25a480f?s=96&d=mm&r=g\",\"contentUrl\":\"https:\\\/\\\/secure.gravatar.com\\\/avatar\\\/c948169b402ef9492afde705c3dfd5e90e1a6a84ef6840a91124f805a25a480f?s=96&d=mm&r=g\",\"caption\":\"Pablo\"},\"url\":\"https:\\\/\\\/www.sindicaturabarcelona.cat\\\/ca\\\/author\\\/pablo\\\/\"}]}<\/script>\n<!-- \/ Yoast SEO plugin. -->","yoast_head_json":{"title":"Nous Eixos Verds: La Sindicatura considera que l\u2019Ajuntament hauria d\u2019haver iniciat el procediment de contractaci\u00f3 un cop acabat el tr\u00e0mit d\u2019informaci\u00f3 p\u00fablica - Sindicatura de Greuges de Barcelona","description":"En un projecte d\u2019aquesta dimensi\u00f3 esdev\u00e9 fonamental donar les m\u00e0ximes garanties a la informaci\u00f3 p\u00fablica i la participaci\u00f3 ciutadana.","robots":{"index":"index","follow":"follow","max-snippet":"max-snippet:-1","max-image-preview":"max-image-preview:large","max-video-preview":"max-video-preview:-1"},"canonical":"https:\/\/www.sindicaturabarcelona.cat\/ca\/nous-eixos-verds-la-sindicatura-considera-que-ajuntament-hauria-haver-iniciat-procediment-contractacio-un-cop-acabat-tramit-informacio-publica\/","og_locale":"ca_ES","og_type":"article","og_title":"Nous Eixos Verds: La Sindicatura considera que l\u2019Ajuntament hauria d\u2019haver iniciat el procediment de contractaci\u00f3 un cop acabat el tr\u00e0mit d\u2019informaci\u00f3 p\u00fablica - Sindicatura de Greuges de Barcelona","og_description":"En un projecte d\u2019aquesta dimensi\u00f3 esdev\u00e9 fonamental donar les m\u00e0ximes garanties a la informaci\u00f3 p\u00fablica i la participaci\u00f3 ciutadana.","og_url":"https:\/\/www.sindicaturabarcelona.cat\/ca\/nous-eixos-verds-la-sindicatura-considera-que-ajuntament-hauria-haver-iniciat-procediment-contractacio-un-cop-acabat-tramit-informacio-publica\/","og_site_name":"Sindicatura de Greuges de Barcelona","article_published_time":"2022-05-24T15:47:05+00:00","article_modified_time":"2023-05-11T11:15:58+00:00","og_image":[{"width":1024,"height":683,"url":"https:\/\/www.sindicaturabarcelona.cat\/wp-content\/uploads\/2022\/05\/Ajunt-1.jpg","type":"image\/jpeg"}],"author":"Pablo","twitter_card":"summary_large_image","twitter_creator":"@sindicbarcelona","twitter_site":"@sindicbarcelona","twitter_misc":{"Escrit per":"Pablo","Temps estimat de lectura":"6 minuts"},"schema":{"@context":"https:\/\/schema.org","@graph":[{"@type":"Article","@id":"https:\/\/www.sindicaturabarcelona.cat\/ca\/nous-eixos-verds-la-sindicatura-considera-que-ajuntament-hauria-haver-iniciat-procediment-contractacio-un-cop-acabat-tramit-informacio-publica\/#article","isPartOf":{"@id":"https:\/\/www.sindicaturabarcelona.cat\/ca\/nous-eixos-verds-la-sindicatura-considera-que-ajuntament-hauria-haver-iniciat-procediment-contractacio-un-cop-acabat-tramit-informacio-publica\/"},"author":{"name":"Pablo","@id":"https:\/\/www.sindicaturabarcelona.cat\/ca\/#\/schema\/person\/0e5acffc350ffdbc97578159322c9452"},"headline":"Nous Eixos Verds: La Sindicatura considera que l\u2019Ajuntament hauria d\u2019haver iniciat el procediment de contractaci\u00f3 un cop acabat el tr\u00e0mit d\u2019informaci\u00f3 p\u00fablica","datePublished":"2022-05-24T15:47:05+00:00","dateModified":"2023-05-11T11:15:58+00:00","mainEntityOfPage":{"@id":"https:\/\/www.sindicaturabarcelona.cat\/ca\/nous-eixos-verds-la-sindicatura-considera-que-ajuntament-hauria-haver-iniciat-procediment-contractacio-un-cop-acabat-tramit-informacio-publica\/"},"wordCount":1103,"publisher":{"@id":"https:\/\/www.sindicaturabarcelona.cat\/ca\/#organization"},"image":{"@id":"https:\/\/www.sindicaturabarcelona.cat\/ca\/nous-eixos-verds-la-sindicatura-considera-que-ajuntament-hauria-haver-iniciat-procediment-contractacio-un-cop-acabat-tramit-informacio-publica\/#primaryimage"},"thumbnailUrl":"https:\/\/www.sindicaturabarcelona.cat\/wp-content\/uploads\/2022\/05\/Ajunt-1.jpg","keywords":["nous eixos verds"],"articleSection":["Uncategorized @ca"],"inLanguage":"ca"},{"@type":"WebPage","@id":"https:\/\/www.sindicaturabarcelona.cat\/ca\/nous-eixos-verds-la-sindicatura-considera-que-ajuntament-hauria-haver-iniciat-procediment-contractacio-un-cop-acabat-tramit-informacio-publica\/","url":"https:\/\/www.sindicaturabarcelona.cat\/ca\/nous-eixos-verds-la-sindicatura-considera-que-ajuntament-hauria-haver-iniciat-procediment-contractacio-un-cop-acabat-tramit-informacio-publica\/","name":"Nous Eixos Verds: La Sindicatura considera que l\u2019Ajuntament hauria d\u2019haver iniciat el procediment de contractaci\u00f3 un cop acabat el tr\u00e0mit d\u2019informaci\u00f3 p\u00fablica - Sindicatura de Greuges de Barcelona","isPartOf":{"@id":"https:\/\/www.sindicaturabarcelona.cat\/ca\/#website"},"primaryImageOfPage":{"@id":"https:\/\/www.sindicaturabarcelona.cat\/ca\/nous-eixos-verds-la-sindicatura-considera-que-ajuntament-hauria-haver-iniciat-procediment-contractacio-un-cop-acabat-tramit-informacio-publica\/#primaryimage"},"image":{"@id":"https:\/\/www.sindicaturabarcelona.cat\/ca\/nous-eixos-verds-la-sindicatura-considera-que-ajuntament-hauria-haver-iniciat-procediment-contractacio-un-cop-acabat-tramit-informacio-publica\/#primaryimage"},"thumbnailUrl":"https:\/\/www.sindicaturabarcelona.cat\/wp-content\/uploads\/2022\/05\/Ajunt-1.jpg","datePublished":"2022-05-24T15:47:05+00:00","dateModified":"2023-05-11T11:15:58+00:00","description":"En un projecte d\u2019aquesta dimensi\u00f3 esdev\u00e9 fonamental donar les m\u00e0ximes garanties a la informaci\u00f3 p\u00fablica i la participaci\u00f3 ciutadana.","breadcrumb":{"@id":"https:\/\/www.sindicaturabarcelona.cat\/ca\/nous-eixos-verds-la-sindicatura-considera-que-ajuntament-hauria-haver-iniciat-procediment-contractacio-un-cop-acabat-tramit-informacio-publica\/#breadcrumb"},"inLanguage":"ca","potentialAction":[{"@type":"ReadAction","target":["https:\/\/www.sindicaturabarcelona.cat\/ca\/nous-eixos-verds-la-sindicatura-considera-que-ajuntament-hauria-haver-iniciat-procediment-contractacio-un-cop-acabat-tramit-informacio-publica\/"]}]},{"@type":"ImageObject","inLanguage":"ca","@id":"https:\/\/www.sindicaturabarcelona.cat\/ca\/nous-eixos-verds-la-sindicatura-considera-que-ajuntament-hauria-haver-iniciat-procediment-contractacio-un-cop-acabat-tramit-informacio-publica\/#primaryimage","url":"https:\/\/www.sindicaturabarcelona.cat\/wp-content\/uploads\/2022\/05\/Ajunt-1.jpg","contentUrl":"https:\/\/www.sindicaturabarcelona.cat\/wp-content\/uploads\/2022\/05\/Ajunt-1.jpg","width":1024,"height":683,"caption":"Nous Eixos Verds"},{"@type":"BreadcrumbList","@id":"https:\/\/www.sindicaturabarcelona.cat\/ca\/nous-eixos-verds-la-sindicatura-considera-que-ajuntament-hauria-haver-iniciat-procediment-contractacio-un-cop-acabat-tramit-informacio-publica\/#breadcrumb","itemListElement":[{"@type":"ListItem","position":1,"name":"Inici","item":"https:\/\/www.sindicaturabarcelona.cat\/ca\/"},{"@type":"ListItem","position":2,"name":"Nous Eixos Verds: La Sindicatura considera que l\u2019Ajuntament hauria d\u2019haver iniciat el procediment de contractaci\u00f3 un cop acabat el tr\u00e0mit d\u2019informaci\u00f3 p\u00fablica"}]},{"@type":"WebSite","@id":"https:\/\/www.sindicaturabarcelona.cat\/ca\/#website","url":"https:\/\/www.sindicaturabarcelona.cat\/ca\/","name":"Sindicatura de Greuges de Barcelona","description":"La defensoria dels teus drets","publisher":{"@id":"https:\/\/www.sindicaturabarcelona.cat\/ca\/#organization"},"potentialAction":[{"@type":"SearchAction","target":{"@type":"EntryPoint","urlTemplate":"https:\/\/www.sindicaturabarcelona.cat\/ca\/?s={search_term_string}"},"query-input":{"@type":"PropertyValueSpecification","valueRequired":true,"valueName":"search_term_string"}}],"inLanguage":"ca"},{"@type":"Organization","@id":"https:\/\/www.sindicaturabarcelona.cat\/ca\/#organization","name":"Sindicatura de Greuges de Barcelona","url":"https:\/\/www.sindicaturabarcelona.cat\/ca\/","logo":{"@type":"ImageObject","inLanguage":"ca","@id":"https:\/\/www.sindicaturabarcelona.cat\/ca\/#\/schema\/logo\/image\/","url":"https:\/\/www.sindicaturabarcelona.cat\/wp-content\/uploads\/2023\/02\/logo_sindicatura.svg","contentUrl":"https:\/\/www.sindicaturabarcelona.cat\/wp-content\/uploads\/2023\/02\/logo_sindicatura.svg","caption":"Sindicatura de Greuges de Barcelona"},"image":{"@id":"https:\/\/www.sindicaturabarcelona.cat\/ca\/#\/schema\/logo\/image\/"},"sameAs":["https:\/\/x.com\/sindicbarcelona","https:\/\/www.instagram.com\/sindicbarcelona\/","https:\/\/www.tiktok.com\/@sindicaturabcn","https:\/\/t.me\/sindicaturabarcelona"]},{"@type":"Person","@id":"https:\/\/www.sindicaturabarcelona.cat\/ca\/#\/schema\/person\/0e5acffc350ffdbc97578159322c9452","name":"Pablo","image":{"@type":"ImageObject","inLanguage":"ca","@id":"https:\/\/secure.gravatar.com\/avatar\/c948169b402ef9492afde705c3dfd5e90e1a6a84ef6840a91124f805a25a480f?s=96&d=mm&r=g","url":"https:\/\/secure.gravatar.com\/avatar\/c948169b402ef9492afde705c3dfd5e90e1a6a84ef6840a91124f805a25a480f?s=96&d=mm&r=g","contentUrl":"https:\/\/secure.gravatar.com\/avatar\/c948169b402ef9492afde705c3dfd5e90e1a6a84ef6840a91124f805a25a480f?s=96&d=mm&r=g","caption":"Pablo"},"url":"https:\/\/www.sindicaturabarcelona.cat\/ca\/author\/pablo\/"}]}},"_links":{"self":[{"href":"https:\/\/www.sindicaturabarcelona.cat\/ca\/wp-json\/wp\/v2\/posts\/13836","targetHints":{"allow":["GET"]}}],"collection":[{"href":"https:\/\/www.sindicaturabarcelona.cat\/ca\/wp-json\/wp\/v2\/posts"}],"about":[{"href":"https:\/\/www.sindicaturabarcelona.cat\/ca\/wp-json\/wp\/v2\/types\/post"}],"author":[{"embeddable":true,"href":"https:\/\/www.sindicaturabarcelona.cat\/ca\/wp-json\/wp\/v2\/users\/2"}],"replies":[{"embeddable":true,"href":"https:\/\/www.sindicaturabarcelona.cat\/ca\/wp-json\/wp\/v2\/comments?post=13836"}],"version-history":[{"count":0,"href":"https:\/\/www.sindicaturabarcelona.cat\/ca\/wp-json\/wp\/v2\/posts\/13836\/revisions"}],"wp:featuredmedia":[{"embeddable":true,"href":"https:\/\/www.sindicaturabarcelona.cat\/ca\/wp-json\/wp\/v2\/media\/14226"}],"wp:attachment":[{"href":"https:\/\/www.sindicaturabarcelona.cat\/ca\/wp-json\/wp\/v2\/media?parent=13836"}],"wp:term":[{"taxonomy":"post_tag","embeddable":true,"href":"https:\/\/www.sindicaturabarcelona.cat\/ca\/wp-json\/wp\/v2\/tags?post=13836"},{"taxonomy":"drets","embeddable":true,"href":"https:\/\/www.sindicaturabarcelona.cat\/ca\/wp-json\/wp\/v2\/drets?post=13836"}],"curies":[{"name":"wp","href":"https:\/\/api.w.org\/{rel}","templated":true}]}}