{"id":13785,"date":"2022-04-19T17:35:26","date_gmt":"2022-04-19T15:35:26","guid":{"rendered":"https:\/\/www.sindicaturabarcelona.cat\/?p=13785"},"modified":"2023-05-11T13:22:07","modified_gmt":"2023-05-11T11:22:07","slug":"la-classificacio-de-les-escoles-per-la-complexitat-de-lalumnat-i-lescola-inclusiva-a-la-ciutat","status":"publish","type":"post","link":"https:\/\/www.sindicaturabarcelona.cat\/ca\/la-classificacio-de-les-escoles-per-la-complexitat-de-lalumnat-i-lescola-inclusiva-a-la-ciutat\/","title":{"rendered":"La classificaci\u00f3 de les escoles per la complexitat de l\u2019alumnat i l\u2019escola inclusiva a la ciutat"},"content":{"rendered":"\n<p class=\"has-text-align-justify\">Cap al final del curs escolar 2020-2021, les escoles van veure com es revisava la seva tipologia de centre segons el nivell de complexitat, d\u2019acord amb els nous criteris que el Consell Superior d\u2019Avaluaci\u00f3 del Sistema Educatiu (\u00f2rgan consultor del Departament d\u2019Educaci\u00f3) havia publicat l\u2019abril del 2021. Els anteriors criteris dataven de l\u2019any 2017. <strong><\/strong><\/p>\n\n\n\n<p class=\"has-text-align-justify\">L\u2019aplicaci\u00f3 d\u2019aquests nous criteris va crear una alarma entre la comunitat educativa de la ciutat, que no havia estat informada pr\u00e8viament que es duria a terme aquesta revisi\u00f3 i que al final del curs van assabentar-se que podien veure\u2019s amena\u00e7ats part dels recursos per al curs escolar seg\u00fcent.<\/p>\n\n\n\n<p class=\"has-text-align-justify\">Per aquest motiu<strong>, les associacions de fam\u00edlies de l\u2019alumnat (AFA) d\u2019escoles de la ciutat van adre\u00e7ar-se a la <a href=\"https:\/\/www.sindicaturabarcelona.cat\" target=\"_blank\" aria-label=\"Sindicatura de Greuges de Barcelona (opens in a new tab)\" rel=\"noreferrer noopener\" class=\"ek-link\">Sindicatura de Greuges de Barcelona<\/a> preocupades per com afectaria aix\u00f2 en l\u2019atenci\u00f3 que rebria l\u2019alumnat si es feia efectiva aquesta p\u00e8rdua de recursos personals i materials<\/strong>.<\/p>\n\n\n\n<p class=\"has-text-align-justify\">Determinar la complexitat de l\u2019escola, junt amb altres factors, serveix per assignar recursos personals i programes a les escoles, amb l\u2019objectiu de garantir l\u2019atenci\u00f3 adequada de l\u2019alumnat dins del sistema inclusiu de les escoles, d\u2019acord amb l\u2019article 24 del Decret 150\/2017, de 17 d\u2019octubre, de l\u2019atenci\u00f3 educativa a l\u2019alumnat en el marc d\u2019un sistema educatiu. La Llei d\u2019educaci\u00f3 estableix l\u2019obligaci\u00f3 de l\u2019administraci\u00f3 educativa d\u2019aportar recursos addicionals als centres p\u00fablics i concertats en funci\u00f3 de les necessitats educatives espec\u00edfiques i la tipologia de les fam\u00edlies de l\u2019alumnat que at\u00e9n el centre, aix\u00ed com de les caracter\u00edstiques socioecon\u00f2miques de la zona.<\/p>\n\n\n\n<p class=\"has-text-align-justify\"><strong>El <a href=\"https:\/\/www.edubcn.cat\/ca\" target=\"_blank\" aria-label=\"Consorci d\u2019Educaci\u00f3 de Barcelona (opens in a new tab)\" rel=\"noreferrer noopener\" class=\"ek-link\">Consorci d\u2019Educaci\u00f3 de Barcelona<\/a> va informar la Sindicatura de Greuges que aquesta nova classificaci\u00f3 en cap cas implicaria una retallada de recursos econ\u00f2mics i humans<\/strong> per fer front a la complexitat dels centres en el curs escolar 2021-2022.<\/p>\n\n\n\n<p class=\"has-text-align-justify\"><strong>La Sindicatura de Greuges de Barcelona tamb\u00e9 va recalcar la import\u00e0ncia de transmetre, informar i comunicar adequadament tots els canvis que puguin afectar el conjunt de membres de la comunitat educativa, aix\u00ed com de fomentar la participaci\u00f3 de l\u2019escola respecte de qualsevol canvi<\/strong>. Les escoles disposen d\u2019espais formals de participaci\u00f3 amb la comunitat educativa, com ara el Consell Escolar, aix\u00ed com altres espais informals, que s\u2019han d\u2019utilitzar per fomentar la participaci\u00f3 activa en els afers escolars, garantida en l\u2019article 21.8 de l\u2019Estatut de Catalunya.<\/p>\n\n\n\n<p class=\"has-text-align-justify\">L\u2019informe sobre l\u2019impacte de l\u2019actualitzaci\u00f3 de l\u2019\u00edndex de complexitat que el Consorci d\u2019Educaci\u00f3 de Barcelona va presentar al plenari del 26 d\u2019octubre de 2021 del Consell Escolar Municipal de Barcelona (CEMB), evidencia que la mesura d\u2019actualitzaci\u00f3 ha tingut un impacte notable entre els centres educatius de la ciutat. <strong>En el cas de Barcelona, 36 centres milloren el seu nivell de complexitat, 178 centres mantenen el mateix nivell que el curs passat i nom\u00e9s 2 centres empitjoren el seu nivell de complexitat.<\/strong><\/p>\n\n\n\n<p class=\"has-text-align-justify\">Aquest canvi tamb\u00e9 \u00e9s el resultat de les mesures de lluita contra la segregaci\u00f3 aplicades amb el <strong>Pla de xoc per a la igualtat d\u2019oportunitats posat en marxa a Barcelona des de l\u2019any 2019<\/strong>. Des de la implementaci\u00f3 d\u2019aquest pla, s\u2019ha millorat ostensiblement en q\u00fcestions com la detecci\u00f3 dels infants en situaci\u00f3 social i econ\u00f2mica desafavorida (que actualment suposa el 12% de la poblaci\u00f3 escolar, quan l\u2019any 2007 nom\u00e9s era un 3%); la reserva de places per a alumnat NESE a tots els centres sostinguts amb fons p\u00fablics; l\u2019aplicaci\u00f3 de mesures de planificaci\u00f3 de l\u2019oferta, com ara la reducci\u00f3 de r\u00e0tios; la transformaci\u00f3 de centres, o una gesti\u00f3 de la matr\u00edcula viva amb criteris de zona.<\/p>\n\n\n\n<p class=\"has-text-align-justify\">Per\u00f2, com el mateix Consorci d\u2019Educaci\u00f3 de Barcelona reconeix, el fet d\u2019equilibrar la matr\u00edcula i avan\u00e7ar cap a centres m\u00e9s heterogenis i millorar les proporcions d\u2019alumnat vulnerable matriculat entre titularitat privada i p\u00fablica, no vol dir que hagin millorat les condicions de vida de l\u2019alumnat de Barcelona, ja que les dades mostren que ha crescut la pobresa que afecta a infants i joves.<\/p>\n\n\n\n<p class=\"has-text-align-justify\">En el mateix plenari de data 26 d\u2019octubre de 2021 del Consell Educatiu de Barcelona, va aprovar-se una declaraci\u00f3 on es demana una morat\u00f2ria d\u2019un m\u00ednim de dos anys per a la decisi\u00f3 de reduir el barem de complexitat. Si no \u00e9s possible, s\u2019intentar\u00e0 aconseguir una garantia d\u2019assignaci\u00f3 de recursos equivalents als centres que han vist redu\u00eft el seu nivell de complexitat, mentre es revisa un model de distribuci\u00f3 de recursos que garanteixi que es disposa de dades actualitzades de la situaci\u00f3 real de l\u2019alumnat i els centres.<\/p>\n","protected":false},"excerpt":{"rendered":"<p>Cap al final del curs escolar 2020-2021, les escoles van veure com es revisava la seva tipologia de centre segons el nivell de complexitat, d\u2019acord amb els nous criteris que [&hellip;]<\/p>\n","protected":false},"author":2,"featured_media":13786,"comment_status":"closed","ping_status":"open","sticky":false,"template":"","format":"standard","meta":{"_acf_changed":false,"footnotes":""},"tags":[],"drets":[1428,1430,1442,1462,1438,1445],"class_list":["post-13785","post","type-post","status-publish","format-standard","has-post-thumbnail","hentry","drets-ciutat-equitativa","drets-dret-a-educacio-i-lleure","drets-ciutat-diversa","drets-drets-de-la-infancia-i-ladolescencia","drets-ciutat-habitable-i-sostenible","drets-dret-a-laccessibilitat-i-la-inclusivitat"],"acf":[],"yoast_head":"<!-- This site is optimized with the Yoast SEO plugin v27.5 - https:\/\/yoast.com\/product\/yoast-seo-wordpress\/ -->\n<title>La classificaci\u00f3 de les escoles per la complexitat de l\u2019alumnat i l\u2019escola inclusiva a la ciutat - Sindicatura de Greuges de Barcelona<\/title>\n<meta name=\"description\" content=\"Les associacions de fam\u00edlies de l\u2019alumnat (AFA) d\u2019escoles de la ciutat van adre\u00e7ar-se a la Sindicatura preocupades per com afectarien els canvis en...\" \/>\n<meta name=\"robots\" content=\"index, follow, max-snippet:-1, max-image-preview:large, max-video-preview:-1\" \/>\n<link rel=\"canonical\" href=\"https:\/\/www.sindicaturabarcelona.cat\/ca\/la-classificacio-de-les-escoles-per-la-complexitat-de-lalumnat-i-lescola-inclusiva-a-la-ciutat\/\" \/>\n<meta property=\"og:locale\" content=\"ca_ES\" \/>\n<meta property=\"og:type\" content=\"article\" \/>\n<meta property=\"og:title\" content=\"La classificaci\u00f3 de les escoles per la complexitat de l\u2019alumnat i l\u2019escola inclusiva a la ciutat - Sindicatura de Greuges de Barcelona\" \/>\n<meta property=\"og:description\" content=\"Les associacions de fam\u00edlies de l\u2019alumnat (AFA) d\u2019escoles de la ciutat van adre\u00e7ar-se a la Sindicatura preocupades per com afectarien els canvis en...\" \/>\n<meta property=\"og:url\" content=\"https:\/\/www.sindicaturabarcelona.cat\/ca\/la-classificacio-de-les-escoles-per-la-complexitat-de-lalumnat-i-lescola-inclusiva-a-la-ciutat\/\" \/>\n<meta property=\"og:site_name\" content=\"Sindicatura de Greuges de Barcelona\" \/>\n<meta property=\"article:published_time\" content=\"2022-04-19T15:35:26+00:00\" \/>\n<meta property=\"article:modified_time\" content=\"2023-05-11T11:22:07+00:00\" \/>\n<meta property=\"og:image\" content=\"https:\/\/www.sindicaturabarcelona.cat\/wp-content\/uploads\/2022\/04\/Escola.jpg\" \/>\n\t<meta property=\"og:image:width\" content=\"1024\" \/>\n\t<meta property=\"og:image:height\" content=\"683\" \/>\n\t<meta property=\"og:image:type\" content=\"image\/jpeg\" \/>\n<meta name=\"author\" content=\"Pablo\" \/>\n<meta name=\"twitter:card\" content=\"summary_large_image\" \/>\n<meta name=\"twitter:creator\" content=\"@sindicbarcelona\" \/>\n<meta name=\"twitter:site\" content=\"@sindicbarcelona\" \/>\n<meta name=\"twitter:label1\" content=\"Escrit per\" \/>\n\t<meta name=\"twitter:data1\" content=\"Pablo\" \/>\n\t<meta name=\"twitter:label2\" content=\"Temps estimat de lectura\" \/>\n\t<meta name=\"twitter:data2\" content=\"4 minuts\" \/>\n<script type=\"application\/ld+json\" class=\"yoast-schema-graph\">{\"@context\":\"https:\\\/\\\/schema.org\",\"@graph\":[{\"@type\":\"Article\",\"@id\":\"https:\\\/\\\/www.sindicaturabarcelona.cat\\\/ca\\\/la-classificacio-de-les-escoles-per-la-complexitat-de-lalumnat-i-lescola-inclusiva-a-la-ciutat\\\/#article\",\"isPartOf\":{\"@id\":\"https:\\\/\\\/www.sindicaturabarcelona.cat\\\/ca\\\/la-classificacio-de-les-escoles-per-la-complexitat-de-lalumnat-i-lescola-inclusiva-a-la-ciutat\\\/\"},\"author\":{\"name\":\"Pablo\",\"@id\":\"https:\\\/\\\/www.sindicaturabarcelona.cat\\\/ca\\\/#\\\/schema\\\/person\\\/0e5acffc350ffdbc97578159322c9452\"},\"headline\":\"La classificaci\u00f3 de les escoles per la complexitat de l\u2019alumnat i l\u2019escola inclusiva a la ciutat\",\"datePublished\":\"2022-04-19T15:35:26+00:00\",\"dateModified\":\"2023-05-11T11:22:07+00:00\",\"mainEntityOfPage\":{\"@id\":\"https:\\\/\\\/www.sindicaturabarcelona.cat\\\/ca\\\/la-classificacio-de-les-escoles-per-la-complexitat-de-lalumnat-i-lescola-inclusiva-a-la-ciutat\\\/\"},\"wordCount\":802,\"publisher\":{\"@id\":\"https:\\\/\\\/www.sindicaturabarcelona.cat\\\/ca\\\/#organization\"},\"image\":{\"@id\":\"https:\\\/\\\/www.sindicaturabarcelona.cat\\\/ca\\\/la-classificacio-de-les-escoles-per-la-complexitat-de-lalumnat-i-lescola-inclusiva-a-la-ciutat\\\/#primaryimage\"},\"thumbnailUrl\":\"https:\\\/\\\/www.sindicaturabarcelona.cat\\\/wp-content\\\/uploads\\\/2022\\\/04\\\/Escola.jpg\",\"articleSection\":[\"Uncategorized @ca\"],\"inLanguage\":\"ca\"},{\"@type\":\"WebPage\",\"@id\":\"https:\\\/\\\/www.sindicaturabarcelona.cat\\\/ca\\\/la-classificacio-de-les-escoles-per-la-complexitat-de-lalumnat-i-lescola-inclusiva-a-la-ciutat\\\/\",\"url\":\"https:\\\/\\\/www.sindicaturabarcelona.cat\\\/ca\\\/la-classificacio-de-les-escoles-per-la-complexitat-de-lalumnat-i-lescola-inclusiva-a-la-ciutat\\\/\",\"name\":\"La classificaci\u00f3 de les escoles per la complexitat de l\u2019alumnat i l\u2019escola inclusiva a la ciutat - Sindicatura de Greuges de Barcelona\",\"isPartOf\":{\"@id\":\"https:\\\/\\\/www.sindicaturabarcelona.cat\\\/ca\\\/#website\"},\"primaryImageOfPage\":{\"@id\":\"https:\\\/\\\/www.sindicaturabarcelona.cat\\\/ca\\\/la-classificacio-de-les-escoles-per-la-complexitat-de-lalumnat-i-lescola-inclusiva-a-la-ciutat\\\/#primaryimage\"},\"image\":{\"@id\":\"https:\\\/\\\/www.sindicaturabarcelona.cat\\\/ca\\\/la-classificacio-de-les-escoles-per-la-complexitat-de-lalumnat-i-lescola-inclusiva-a-la-ciutat\\\/#primaryimage\"},\"thumbnailUrl\":\"https:\\\/\\\/www.sindicaturabarcelona.cat\\\/wp-content\\\/uploads\\\/2022\\\/04\\\/Escola.jpg\",\"datePublished\":\"2022-04-19T15:35:26+00:00\",\"dateModified\":\"2023-05-11T11:22:07+00:00\",\"description\":\"Les associacions de fam\u00edlies de l\u2019alumnat (AFA) d\u2019escoles de la ciutat van adre\u00e7ar-se a la Sindicatura preocupades per com afectarien els canvis en...\",\"breadcrumb\":{\"@id\":\"https:\\\/\\\/www.sindicaturabarcelona.cat\\\/ca\\\/la-classificacio-de-les-escoles-per-la-complexitat-de-lalumnat-i-lescola-inclusiva-a-la-ciutat\\\/#breadcrumb\"},\"inLanguage\":\"ca\",\"potentialAction\":[{\"@type\":\"ReadAction\",\"target\":[\"https:\\\/\\\/www.sindicaturabarcelona.cat\\\/ca\\\/la-classificacio-de-les-escoles-per-la-complexitat-de-lalumnat-i-lescola-inclusiva-a-la-ciutat\\\/\"]}]},{\"@type\":\"ImageObject\",\"inLanguage\":\"ca\",\"@id\":\"https:\\\/\\\/www.sindicaturabarcelona.cat\\\/ca\\\/la-classificacio-de-les-escoles-per-la-complexitat-de-lalumnat-i-lescola-inclusiva-a-la-ciutat\\\/#primaryimage\",\"url\":\"https:\\\/\\\/www.sindicaturabarcelona.cat\\\/wp-content\\\/uploads\\\/2022\\\/04\\\/Escola.jpg\",\"contentUrl\":\"https:\\\/\\\/www.sindicaturabarcelona.cat\\\/wp-content\\\/uploads\\\/2022\\\/04\\\/Escola.jpg\",\"width\":1024,\"height\":683,\"caption\":\"Complexitat escola\"},{\"@type\":\"BreadcrumbList\",\"@id\":\"https:\\\/\\\/www.sindicaturabarcelona.cat\\\/ca\\\/la-classificacio-de-les-escoles-per-la-complexitat-de-lalumnat-i-lescola-inclusiva-a-la-ciutat\\\/#breadcrumb\",\"itemListElement\":[{\"@type\":\"ListItem\",\"position\":1,\"name\":\"Inici\",\"item\":\"https:\\\/\\\/www.sindicaturabarcelona.cat\\\/ca\\\/\"},{\"@type\":\"ListItem\",\"position\":2,\"name\":\"La classificaci\u00f3 de les escoles per la complexitat de l\u2019alumnat i l\u2019escola inclusiva a la ciutat\"}]},{\"@type\":\"WebSite\",\"@id\":\"https:\\\/\\\/www.sindicaturabarcelona.cat\\\/ca\\\/#website\",\"url\":\"https:\\\/\\\/www.sindicaturabarcelona.cat\\\/ca\\\/\",\"name\":\"Sindicatura de Greuges de Barcelona\",\"description\":\"La defensoria dels teus drets\",\"publisher\":{\"@id\":\"https:\\\/\\\/www.sindicaturabarcelona.cat\\\/ca\\\/#organization\"},\"potentialAction\":[{\"@type\":\"SearchAction\",\"target\":{\"@type\":\"EntryPoint\",\"urlTemplate\":\"https:\\\/\\\/www.sindicaturabarcelona.cat\\\/ca\\\/?s={search_term_string}\"},\"query-input\":{\"@type\":\"PropertyValueSpecification\",\"valueRequired\":true,\"valueName\":\"search_term_string\"}}],\"inLanguage\":\"ca\"},{\"@type\":\"Organization\",\"@id\":\"https:\\\/\\\/www.sindicaturabarcelona.cat\\\/ca\\\/#organization\",\"name\":\"Sindicatura de Greuges de Barcelona\",\"url\":\"https:\\\/\\\/www.sindicaturabarcelona.cat\\\/ca\\\/\",\"logo\":{\"@type\":\"ImageObject\",\"inLanguage\":\"ca\",\"@id\":\"https:\\\/\\\/www.sindicaturabarcelona.cat\\\/ca\\\/#\\\/schema\\\/logo\\\/image\\\/\",\"url\":\"https:\\\/\\\/www.sindicaturabarcelona.cat\\\/wp-content\\\/uploads\\\/2023\\\/02\\\/logo_sindicatura.svg\",\"contentUrl\":\"https:\\\/\\\/www.sindicaturabarcelona.cat\\\/wp-content\\\/uploads\\\/2023\\\/02\\\/logo_sindicatura.svg\",\"caption\":\"Sindicatura de Greuges de Barcelona\"},\"image\":{\"@id\":\"https:\\\/\\\/www.sindicaturabarcelona.cat\\\/ca\\\/#\\\/schema\\\/logo\\\/image\\\/\"},\"sameAs\":[\"https:\\\/\\\/x.com\\\/sindicbarcelona\",\"https:\\\/\\\/www.instagram.com\\\/sindicbarcelona\\\/\",\"https:\\\/\\\/www.tiktok.com\\\/@sindicaturabcn\",\"https:\\\/\\\/t.me\\\/sindicaturabarcelona\"]},{\"@type\":\"Person\",\"@id\":\"https:\\\/\\\/www.sindicaturabarcelona.cat\\\/ca\\\/#\\\/schema\\\/person\\\/0e5acffc350ffdbc97578159322c9452\",\"name\":\"Pablo\",\"image\":{\"@type\":\"ImageObject\",\"inLanguage\":\"ca\",\"@id\":\"https:\\\/\\\/secure.gravatar.com\\\/avatar\\\/c948169b402ef9492afde705c3dfd5e90e1a6a84ef6840a91124f805a25a480f?s=96&d=mm&r=g\",\"url\":\"https:\\\/\\\/secure.gravatar.com\\\/avatar\\\/c948169b402ef9492afde705c3dfd5e90e1a6a84ef6840a91124f805a25a480f?s=96&d=mm&r=g\",\"contentUrl\":\"https:\\\/\\\/secure.gravatar.com\\\/avatar\\\/c948169b402ef9492afde705c3dfd5e90e1a6a84ef6840a91124f805a25a480f?s=96&d=mm&r=g\",\"caption\":\"Pablo\"},\"url\":\"https:\\\/\\\/www.sindicaturabarcelona.cat\\\/ca\\\/author\\\/pablo\\\/\"}]}<\/script>\n<!-- \/ Yoast SEO plugin. -->","yoast_head_json":{"title":"La classificaci\u00f3 de les escoles per la complexitat de l\u2019alumnat i l\u2019escola inclusiva a la ciutat - Sindicatura de Greuges de Barcelona","description":"Les associacions de fam\u00edlies de l\u2019alumnat (AFA) d\u2019escoles de la ciutat van adre\u00e7ar-se a la Sindicatura preocupades per com afectarien els canvis en...","robots":{"index":"index","follow":"follow","max-snippet":"max-snippet:-1","max-image-preview":"max-image-preview:large","max-video-preview":"max-video-preview:-1"},"canonical":"https:\/\/www.sindicaturabarcelona.cat\/ca\/la-classificacio-de-les-escoles-per-la-complexitat-de-lalumnat-i-lescola-inclusiva-a-la-ciutat\/","og_locale":"ca_ES","og_type":"article","og_title":"La classificaci\u00f3 de les escoles per la complexitat de l\u2019alumnat i l\u2019escola inclusiva a la ciutat - Sindicatura de Greuges de Barcelona","og_description":"Les associacions de fam\u00edlies de l\u2019alumnat (AFA) d\u2019escoles de la ciutat van adre\u00e7ar-se a la Sindicatura preocupades per com afectarien els canvis en...","og_url":"https:\/\/www.sindicaturabarcelona.cat\/ca\/la-classificacio-de-les-escoles-per-la-complexitat-de-lalumnat-i-lescola-inclusiva-a-la-ciutat\/","og_site_name":"Sindicatura de Greuges de Barcelona","article_published_time":"2022-04-19T15:35:26+00:00","article_modified_time":"2023-05-11T11:22:07+00:00","og_image":[{"width":1024,"height":683,"url":"https:\/\/www.sindicaturabarcelona.cat\/wp-content\/uploads\/2022\/04\/Escola.jpg","type":"image\/jpeg"}],"author":"Pablo","twitter_card":"summary_large_image","twitter_creator":"@sindicbarcelona","twitter_site":"@sindicbarcelona","twitter_misc":{"Escrit per":"Pablo","Temps estimat de lectura":"4 minuts"},"schema":{"@context":"https:\/\/schema.org","@graph":[{"@type":"Article","@id":"https:\/\/www.sindicaturabarcelona.cat\/ca\/la-classificacio-de-les-escoles-per-la-complexitat-de-lalumnat-i-lescola-inclusiva-a-la-ciutat\/#article","isPartOf":{"@id":"https:\/\/www.sindicaturabarcelona.cat\/ca\/la-classificacio-de-les-escoles-per-la-complexitat-de-lalumnat-i-lescola-inclusiva-a-la-ciutat\/"},"author":{"name":"Pablo","@id":"https:\/\/www.sindicaturabarcelona.cat\/ca\/#\/schema\/person\/0e5acffc350ffdbc97578159322c9452"},"headline":"La classificaci\u00f3 de les escoles per la complexitat de l\u2019alumnat i l\u2019escola inclusiva a la ciutat","datePublished":"2022-04-19T15:35:26+00:00","dateModified":"2023-05-11T11:22:07+00:00","mainEntityOfPage":{"@id":"https:\/\/www.sindicaturabarcelona.cat\/ca\/la-classificacio-de-les-escoles-per-la-complexitat-de-lalumnat-i-lescola-inclusiva-a-la-ciutat\/"},"wordCount":802,"publisher":{"@id":"https:\/\/www.sindicaturabarcelona.cat\/ca\/#organization"},"image":{"@id":"https:\/\/www.sindicaturabarcelona.cat\/ca\/la-classificacio-de-les-escoles-per-la-complexitat-de-lalumnat-i-lescola-inclusiva-a-la-ciutat\/#primaryimage"},"thumbnailUrl":"https:\/\/www.sindicaturabarcelona.cat\/wp-content\/uploads\/2022\/04\/Escola.jpg","articleSection":["Uncategorized @ca"],"inLanguage":"ca"},{"@type":"WebPage","@id":"https:\/\/www.sindicaturabarcelona.cat\/ca\/la-classificacio-de-les-escoles-per-la-complexitat-de-lalumnat-i-lescola-inclusiva-a-la-ciutat\/","url":"https:\/\/www.sindicaturabarcelona.cat\/ca\/la-classificacio-de-les-escoles-per-la-complexitat-de-lalumnat-i-lescola-inclusiva-a-la-ciutat\/","name":"La classificaci\u00f3 de les escoles per la complexitat de l\u2019alumnat i l\u2019escola inclusiva a la ciutat - Sindicatura de Greuges de Barcelona","isPartOf":{"@id":"https:\/\/www.sindicaturabarcelona.cat\/ca\/#website"},"primaryImageOfPage":{"@id":"https:\/\/www.sindicaturabarcelona.cat\/ca\/la-classificacio-de-les-escoles-per-la-complexitat-de-lalumnat-i-lescola-inclusiva-a-la-ciutat\/#primaryimage"},"image":{"@id":"https:\/\/www.sindicaturabarcelona.cat\/ca\/la-classificacio-de-les-escoles-per-la-complexitat-de-lalumnat-i-lescola-inclusiva-a-la-ciutat\/#primaryimage"},"thumbnailUrl":"https:\/\/www.sindicaturabarcelona.cat\/wp-content\/uploads\/2022\/04\/Escola.jpg","datePublished":"2022-04-19T15:35:26+00:00","dateModified":"2023-05-11T11:22:07+00:00","description":"Les associacions de fam\u00edlies de l\u2019alumnat (AFA) d\u2019escoles de la ciutat van adre\u00e7ar-se a la Sindicatura preocupades per com afectarien els canvis en...","breadcrumb":{"@id":"https:\/\/www.sindicaturabarcelona.cat\/ca\/la-classificacio-de-les-escoles-per-la-complexitat-de-lalumnat-i-lescola-inclusiva-a-la-ciutat\/#breadcrumb"},"inLanguage":"ca","potentialAction":[{"@type":"ReadAction","target":["https:\/\/www.sindicaturabarcelona.cat\/ca\/la-classificacio-de-les-escoles-per-la-complexitat-de-lalumnat-i-lescola-inclusiva-a-la-ciutat\/"]}]},{"@type":"ImageObject","inLanguage":"ca","@id":"https:\/\/www.sindicaturabarcelona.cat\/ca\/la-classificacio-de-les-escoles-per-la-complexitat-de-lalumnat-i-lescola-inclusiva-a-la-ciutat\/#primaryimage","url":"https:\/\/www.sindicaturabarcelona.cat\/wp-content\/uploads\/2022\/04\/Escola.jpg","contentUrl":"https:\/\/www.sindicaturabarcelona.cat\/wp-content\/uploads\/2022\/04\/Escola.jpg","width":1024,"height":683,"caption":"Complexitat escola"},{"@type":"BreadcrumbList","@id":"https:\/\/www.sindicaturabarcelona.cat\/ca\/la-classificacio-de-les-escoles-per-la-complexitat-de-lalumnat-i-lescola-inclusiva-a-la-ciutat\/#breadcrumb","itemListElement":[{"@type":"ListItem","position":1,"name":"Inici","item":"https:\/\/www.sindicaturabarcelona.cat\/ca\/"},{"@type":"ListItem","position":2,"name":"La classificaci\u00f3 de les escoles per la complexitat de l\u2019alumnat i l\u2019escola inclusiva a la ciutat"}]},{"@type":"WebSite","@id":"https:\/\/www.sindicaturabarcelona.cat\/ca\/#website","url":"https:\/\/www.sindicaturabarcelona.cat\/ca\/","name":"Sindicatura de Greuges de Barcelona","description":"La defensoria dels teus drets","publisher":{"@id":"https:\/\/www.sindicaturabarcelona.cat\/ca\/#organization"},"potentialAction":[{"@type":"SearchAction","target":{"@type":"EntryPoint","urlTemplate":"https:\/\/www.sindicaturabarcelona.cat\/ca\/?s={search_term_string}"},"query-input":{"@type":"PropertyValueSpecification","valueRequired":true,"valueName":"search_term_string"}}],"inLanguage":"ca"},{"@type":"Organization","@id":"https:\/\/www.sindicaturabarcelona.cat\/ca\/#organization","name":"Sindicatura de Greuges de Barcelona","url":"https:\/\/www.sindicaturabarcelona.cat\/ca\/","logo":{"@type":"ImageObject","inLanguage":"ca","@id":"https:\/\/www.sindicaturabarcelona.cat\/ca\/#\/schema\/logo\/image\/","url":"https:\/\/www.sindicaturabarcelona.cat\/wp-content\/uploads\/2023\/02\/logo_sindicatura.svg","contentUrl":"https:\/\/www.sindicaturabarcelona.cat\/wp-content\/uploads\/2023\/02\/logo_sindicatura.svg","caption":"Sindicatura de Greuges de Barcelona"},"image":{"@id":"https:\/\/www.sindicaturabarcelona.cat\/ca\/#\/schema\/logo\/image\/"},"sameAs":["https:\/\/x.com\/sindicbarcelona","https:\/\/www.instagram.com\/sindicbarcelona\/","https:\/\/www.tiktok.com\/@sindicaturabcn","https:\/\/t.me\/sindicaturabarcelona"]},{"@type":"Person","@id":"https:\/\/www.sindicaturabarcelona.cat\/ca\/#\/schema\/person\/0e5acffc350ffdbc97578159322c9452","name":"Pablo","image":{"@type":"ImageObject","inLanguage":"ca","@id":"https:\/\/secure.gravatar.com\/avatar\/c948169b402ef9492afde705c3dfd5e90e1a6a84ef6840a91124f805a25a480f?s=96&d=mm&r=g","url":"https:\/\/secure.gravatar.com\/avatar\/c948169b402ef9492afde705c3dfd5e90e1a6a84ef6840a91124f805a25a480f?s=96&d=mm&r=g","contentUrl":"https:\/\/secure.gravatar.com\/avatar\/c948169b402ef9492afde705c3dfd5e90e1a6a84ef6840a91124f805a25a480f?s=96&d=mm&r=g","caption":"Pablo"},"url":"https:\/\/www.sindicaturabarcelona.cat\/ca\/author\/pablo\/"}]}},"_links":{"self":[{"href":"https:\/\/www.sindicaturabarcelona.cat\/ca\/wp-json\/wp\/v2\/posts\/13785","targetHints":{"allow":["GET"]}}],"collection":[{"href":"https:\/\/www.sindicaturabarcelona.cat\/ca\/wp-json\/wp\/v2\/posts"}],"about":[{"href":"https:\/\/www.sindicaturabarcelona.cat\/ca\/wp-json\/wp\/v2\/types\/post"}],"author":[{"embeddable":true,"href":"https:\/\/www.sindicaturabarcelona.cat\/ca\/wp-json\/wp\/v2\/users\/2"}],"replies":[{"embeddable":true,"href":"https:\/\/www.sindicaturabarcelona.cat\/ca\/wp-json\/wp\/v2\/comments?post=13785"}],"version-history":[{"count":0,"href":"https:\/\/www.sindicaturabarcelona.cat\/ca\/wp-json\/wp\/v2\/posts\/13785\/revisions"}],"wp:featuredmedia":[{"embeddable":true,"href":"https:\/\/www.sindicaturabarcelona.cat\/ca\/wp-json\/wp\/v2\/media\/13786"}],"wp:attachment":[{"href":"https:\/\/www.sindicaturabarcelona.cat\/ca\/wp-json\/wp\/v2\/media?parent=13785"}],"wp:term":[{"taxonomy":"post_tag","embeddable":true,"href":"https:\/\/www.sindicaturabarcelona.cat\/ca\/wp-json\/wp\/v2\/tags?post=13785"},{"taxonomy":"drets","embeddable":true,"href":"https:\/\/www.sindicaturabarcelona.cat\/ca\/wp-json\/wp\/v2\/drets?post=13785"}],"curies":[{"name":"wp","href":"https:\/\/api.w.org\/{rel}","templated":true}]}}