{"id":13758,"date":"2022-04-08T10:13:52","date_gmt":"2022-04-08T08:13:52","guid":{"rendered":"https:\/\/www.sindicaturabarcelona.cat\/?p=13758"},"modified":"2023-05-11T13:22:25","modified_gmt":"2023-05-11T11:22:25","slug":"lempadronament-un-metadret-que-dona-acces-a-un-conjunt-de-drets-humans-de-proximitat","status":"publish","type":"post","link":"https:\/\/www.sindicaturabarcelona.cat\/ca\/lempadronament-un-metadret-que-dona-acces-a-un-conjunt-de-drets-humans-de-proximitat\/","title":{"rendered":"L\u2019empadronament, un metadret que dona acc\u00e9s a un conjunt de drets humans de proximitat"},"content":{"rendered":"\n<p class=\"has-text-align-justify\">El padr\u00f3 municipal d\u2019habitants \u00e9s el registre administratiu en qu\u00e8 consten els ve\u00efns i les ve\u00efnes d\u2019un municipi. Les seves dades constitueixen una prova de resid\u00e8ncia en el municipi i del domicili habitual. En virtut de la Llei 7\/1985, de bases de r\u00e8gim local, <strong>els ajuntaments s\u00f3n competents per fer les tasques de formaci\u00f3, manteniment, revisi\u00f3 i cust\u00f2dia del padr\u00f3 municipal, i han d\u2019emprendre les actuacions i les operacions necess\u00e0ries per mantenir actualitzats els seus padrons<\/strong>, de forma que les dades que hi constin concordin amb la realitat.<\/p>\n\n\n\n<p class=\"has-text-align-justify\"><strong>La import\u00e0ncia de l\u2019empadronament rau a reflectir la realitat de la poblaci\u00f3 de la ciutat, ja que aquest registre constitueix una fotografia de la ciutadania<\/strong> que ha de ser \u00fatil per avan\u00e7ar-se a la planificaci\u00f3 de les pol\u00edtiques p\u00fabliques del municipi. Alhora, <strong>la inscripci\u00f3 padronal atorga l\u2019estatus de ve\u00efnatge i es pot qualificar de <em>metadret<\/em>, perqu\u00e8 \u00e9s la porta d\u2019acc\u00e9s al gaudi d\u2019un altre conjunt de drets humans<\/strong> \u2014civils, pol\u00edtics, econ\u00f2mics, socials i culturals\u2014 com el dret fonamental al sufragi universal, el dret a accedir a la sanitat o el dret a obtenir determinats ajuts.<\/p>\n\n\n\n<p class=\"has-text-align-justify\"><strong>L\u2019empadronament \u00e9s especialment \u00fatil i necessari per a les persones estrangeres que no tenen regularitzada la situaci\u00f3 administrativa al pa\u00eds. Els ajuntaments disposen de mecanismes que permeten empadronar aquestes persones, tot i que no disposin de domicili fix. L\u2019alta padronal, a m\u00e9s de permetre\u2019ls l\u2019acc\u00e9s als serveis p\u00fablics, tindr\u00e0 una afectaci\u00f3 directa en els tr\u00e0mits d\u2019estrangeria dirigits a regularitzar la seva situaci\u00f3 al pa\u00eds.<\/strong> En diverses ocasions, la Sindicatura s\u2019ha referit a la necessitat que tots els municipis apliquin aquestes pr\u00e0ctiques, ja que \u00e9s conegut que molts ajuntaments posen traves a l\u2019empadronament sense domicili fix.<\/p>\n\n\n\n<p class=\"has-text-align-justify\"><strong>Les queixes sobre empadronament que arriben a la <a href=\"https:\/\/www.sindicaturabarcelona.cat\" target=\"_blank\" aria-label=\"Sindicatura de Greuges de Barcelona (opens in a new tab)\" rel=\"noreferrer noopener\" class=\"ek-link\">Sindicatura de Greuges de Barcelona<\/a> denuncien els seg\u00fcents afers<\/strong>: la manca de resposta i d\u2019efic\u00e0cia en la tramitaci\u00f3 del padr\u00f3; l\u2019empadronament de menors d\u2019edat per part d\u2019un progenitor sense el consentiment expr\u00e9s de l\u2019altre; la denegaci\u00f3 d\u2019empadronament; les baixes del registre del padr\u00f3 efectuades d\u2019ofici pel consistori, o els terminis excessius utilitzats per tramitar empadronaments sense domicili fix.<\/p>\n\n\n\n<h4 class=\"wp-block-heading\"><strong>Tramitaci\u00f3 de baixes d\u2019ofici del padr\u00f3 municipal d\u2019habitants<\/strong><\/h4>\n\n\n\n<p class=\"has-text-align-justify\">Aquesta classe de tramitaci\u00f3 ha estat la causa de diverses queixes formulades davant la Sindicatura. En alguns casos, les persones promotores de la queixa al\u00b7leguen ser propiet\u00e0ries de l\u2019habitatge en el qual han estat donades d\u2019alta, i assumir els impostos municipals derivats de la propietat. Per tant, entenen que aquesta posici\u00f3 de titularitat els donava dret a ser empadronades en el seu habitatge.<\/p>\n\n\n\n<p class=\"has-text-align-justify\"><strong>Ara b\u00e9, l\u2019acreditaci\u00f3 de la propietat de l\u2019habitatge no \u00e9s suficient per legitimar la inscripci\u00f3 al padr\u00f3, de forma que si es comprova que la persona no resideix al domicili declarat, cal tramitar d\u2019ofici la baixa del padr\u00f3<\/strong>. <a href=\"https:\/\/www.barcelona.cat\/ca\/\" target=\"_blank\" aria-label=\"L\u2019Ajuntament  (opens in a new tab)\" rel=\"noreferrer noopener\" class=\"ek-link\">L\u2019Ajuntament <\/a>t\u00e9 potestat per fer actes de comprovaci\u00f3 de la resid\u00e8ncia i ho fa a trav\u00e9s d\u2019inspeccions. Per\u00f2 aquesta potestat no inclou la verificaci\u00f3 del t\u00edtol jur\u00eddic que legitima l\u2019ocupaci\u00f3 de l\u2019habitatge.<\/p>\n\n\n\n<p class=\"has-text-align-justify\">En aquest sentit, es pronuncia la Resoluci\u00f3 de 17 de febrer de 2020, de la Presid\u00e8ncia de l\u2019Institut Nacional d\u2019Estad\u00edstica (INE), que assenyala que la possibilitat que l\u2019Ajuntament sol\u00b7liciti al ve\u00ed o ve\u00efna el t\u00edtol que legitimi l\u2019ocupaci\u00f3 de l\u2019habitatge no atribueix a les administracions locals cap compet\u00e8ncia per jutjar q\u00fcestions de propietat, d\u2019arrendaments urbans o, en general, de naturalesa juridicoprivada. <strong>\u00c9s a dir, t\u00e9 com a \u00fanica finalitat servir d\u2019element de prova per acreditar que, efectivament, el ve\u00ed o ve\u00efna resideix al domicili que ha indicat.<\/strong><\/p>\n\n\n\n<p class=\"has-text-align-justify\">Coneixedora de la import\u00e0ncia del tr\u00e0mit de baixa padronal, la legislaci\u00f3 ha establert diverses cauteles per garantir que el tr\u00e0mit es fa amb seguretat. D\u2019acord amb l\u2019article 72 del Reial decret 1690\/1986, els ajuntaments donaran de baixa d\u2019ofici, per inscripci\u00f3 indeguda, les persones que figurin empadronades incomplint els requisits, una vegada comprovada aquesta circumst\u00e0ncia en l\u2019expedient corresponent en el qual es donar\u00e0 audi\u00e8ncia a la persona interessada.<\/p>\n\n\n\n<p class=\"has-text-align-justify\">Per\u00f2, a la pr\u00e0ctica, sorgeixen dificultats de notificaci\u00f3 a la persona interessada, ja que s\u2019acostuma a utilitzar una adre\u00e7a de notificaci\u00f3 en la qual presumptament no viu. <strong>En aquests casos, cal traslladar l\u2019expedient al Consell d\u2019Empadronament<\/strong>, un \u00f2rgan mixt de composici\u00f3 municipal i de l\u2019Institut Nacional d\u2019Estad\u00edstica que haur\u00e0 d\u2019emetre un informe favorable preceptiu respecte de l\u2019eliminaci\u00f3 del registre padronal.<\/p>\n","protected":false},"excerpt":{"rendered":"<p>El padr\u00f3 municipal d\u2019habitants \u00e9s el registre administratiu en qu\u00e8 consten els ve\u00efns i les ve\u00efnes d\u2019un municipi. Les seves dades constitueixen una prova de resid\u00e8ncia en el municipi i [&hellip;]<\/p>\n","protected":false},"author":2,"featured_media":13759,"comment_status":"closed","ping_status":"open","sticky":false,"template":"","format":"standard","meta":{"_acf_changed":false,"footnotes":""},"tags":[1096,1359,1360],"drets":[1440,1451],"class_list":["post-13758","post","type-post","status-publish","format-standard","has-post-thumbnail","hentry","tag-empadronament","tag-empadronament-barcelona","tag-padro-barcelona","drets-ciutat-garantista","drets-dret-a-lempadronament"],"acf":[],"yoast_head":"<!-- This site is optimized with the Yoast SEO plugin v27.5 - https:\/\/yoast.com\/product\/yoast-seo-wordpress\/ -->\n<title>L\u2019empadronament, un metadret que dona acc\u00e9s a un conjunt de drets humans de proximitat - Sindicatura de Greuges de Barcelona<\/title>\n<meta name=\"description\" content=\"La inscripci\u00f3 padronal atorga l\u2019estatus de ve\u00efnatge i es pot qualificar de metadret, perqu\u00e8 \u00e9s la porta d\u2019acc\u00e9s al gaudi d\u2019un altre conjunt de DDHH...\" \/>\n<meta name=\"robots\" content=\"index, follow, max-snippet:-1, max-image-preview:large, max-video-preview:-1\" \/>\n<link rel=\"canonical\" href=\"https:\/\/www.sindicaturabarcelona.cat\/ca\/lempadronament-un-metadret-que-dona-acces-a-un-conjunt-de-drets-humans-de-proximitat\/\" \/>\n<meta property=\"og:locale\" content=\"ca_ES\" \/>\n<meta property=\"og:type\" content=\"article\" \/>\n<meta property=\"og:title\" content=\"L\u2019empadronament, un metadret que dona acc\u00e9s a un conjunt de drets humans de proximitat - Sindicatura de Greuges de Barcelona\" \/>\n<meta property=\"og:description\" content=\"La inscripci\u00f3 padronal atorga l\u2019estatus de ve\u00efnatge i es pot qualificar de metadret, perqu\u00e8 \u00e9s la porta d\u2019acc\u00e9s al gaudi d\u2019un altre conjunt de DDHH...\" \/>\n<meta property=\"og:url\" content=\"https:\/\/www.sindicaturabarcelona.cat\/ca\/lempadronament-un-metadret-que-dona-acces-a-un-conjunt-de-drets-humans-de-proximitat\/\" \/>\n<meta property=\"og:site_name\" content=\"Sindicatura de Greuges de Barcelona\" \/>\n<meta property=\"article:published_time\" content=\"2022-04-08T08:13:52+00:00\" \/>\n<meta property=\"article:modified_time\" content=\"2023-05-11T11:22:25+00:00\" \/>\n<meta property=\"og:image\" content=\"https:\/\/www.sindicaturabarcelona.cat\/wp-content\/uploads\/2022\/04\/14663_NouBArrisPlazaAngelPestana_64A8550-Edit.jpg\" \/>\n\t<meta property=\"og:image:width\" content=\"1024\" \/>\n\t<meta property=\"og:image:height\" content=\"683\" \/>\n\t<meta property=\"og:image:type\" content=\"image\/jpeg\" \/>\n<meta name=\"author\" content=\"Pablo\" \/>\n<meta name=\"twitter:card\" content=\"summary_large_image\" \/>\n<meta name=\"twitter:creator\" content=\"@sindicbarcelona\" \/>\n<meta name=\"twitter:site\" content=\"@sindicbarcelona\" \/>\n<meta name=\"twitter:label1\" content=\"Escrit per\" \/>\n\t<meta name=\"twitter:data1\" content=\"Pablo\" \/>\n\t<meta name=\"twitter:label2\" content=\"Temps estimat de lectura\" \/>\n\t<meta name=\"twitter:data2\" content=\"4 minuts\" \/>\n<script type=\"application\/ld+json\" class=\"yoast-schema-graph\">{\"@context\":\"https:\\\/\\\/schema.org\",\"@graph\":[{\"@type\":\"Article\",\"@id\":\"https:\\\/\\\/www.sindicaturabarcelona.cat\\\/ca\\\/lempadronament-un-metadret-que-dona-acces-a-un-conjunt-de-drets-humans-de-proximitat\\\/#article\",\"isPartOf\":{\"@id\":\"https:\\\/\\\/www.sindicaturabarcelona.cat\\\/ca\\\/lempadronament-un-metadret-que-dona-acces-a-un-conjunt-de-drets-humans-de-proximitat\\\/\"},\"author\":{\"name\":\"Pablo\",\"@id\":\"https:\\\/\\\/www.sindicaturabarcelona.cat\\\/ca\\\/#\\\/schema\\\/person\\\/0e5acffc350ffdbc97578159322c9452\"},\"headline\":\"L\u2019empadronament, un metadret que dona acc\u00e9s a un conjunt de drets humans de proximitat\",\"datePublished\":\"2022-04-08T08:13:52+00:00\",\"dateModified\":\"2023-05-11T11:22:25+00:00\",\"mainEntityOfPage\":{\"@id\":\"https:\\\/\\\/www.sindicaturabarcelona.cat\\\/ca\\\/lempadronament-un-metadret-que-dona-acces-a-un-conjunt-de-drets-humans-de-proximitat\\\/\"},\"wordCount\":807,\"publisher\":{\"@id\":\"https:\\\/\\\/www.sindicaturabarcelona.cat\\\/ca\\\/#organization\"},\"image\":{\"@id\":\"https:\\\/\\\/www.sindicaturabarcelona.cat\\\/ca\\\/lempadronament-un-metadret-que-dona-acces-a-un-conjunt-de-drets-humans-de-proximitat\\\/#primaryimage\"},\"thumbnailUrl\":\"https:\\\/\\\/www.sindicaturabarcelona.cat\\\/wp-content\\\/uploads\\\/2022\\\/04\\\/14663_NouBArrisPlazaAngelPestana_64A8550-Edit.jpg\",\"keywords\":[\"empadronament\",\"empadronament barcelona\",\"padro barcelona\"],\"articleSection\":[\"Uncategorized @ca\"],\"inLanguage\":\"ca\"},{\"@type\":\"WebPage\",\"@id\":\"https:\\\/\\\/www.sindicaturabarcelona.cat\\\/ca\\\/lempadronament-un-metadret-que-dona-acces-a-un-conjunt-de-drets-humans-de-proximitat\\\/\",\"url\":\"https:\\\/\\\/www.sindicaturabarcelona.cat\\\/ca\\\/lempadronament-un-metadret-que-dona-acces-a-un-conjunt-de-drets-humans-de-proximitat\\\/\",\"name\":\"L\u2019empadronament, un metadret que dona acc\u00e9s a un conjunt de drets humans de proximitat - Sindicatura de Greuges de Barcelona\",\"isPartOf\":{\"@id\":\"https:\\\/\\\/www.sindicaturabarcelona.cat\\\/ca\\\/#website\"},\"primaryImageOfPage\":{\"@id\":\"https:\\\/\\\/www.sindicaturabarcelona.cat\\\/ca\\\/lempadronament-un-metadret-que-dona-acces-a-un-conjunt-de-drets-humans-de-proximitat\\\/#primaryimage\"},\"image\":{\"@id\":\"https:\\\/\\\/www.sindicaturabarcelona.cat\\\/ca\\\/lempadronament-un-metadret-que-dona-acces-a-un-conjunt-de-drets-humans-de-proximitat\\\/#primaryimage\"},\"thumbnailUrl\":\"https:\\\/\\\/www.sindicaturabarcelona.cat\\\/wp-content\\\/uploads\\\/2022\\\/04\\\/14663_NouBArrisPlazaAngelPestana_64A8550-Edit.jpg\",\"datePublished\":\"2022-04-08T08:13:52+00:00\",\"dateModified\":\"2023-05-11T11:22:25+00:00\",\"description\":\"La inscripci\u00f3 padronal atorga l\u2019estatus de ve\u00efnatge i es pot qualificar de metadret, perqu\u00e8 \u00e9s la porta d\u2019acc\u00e9s al gaudi d\u2019un altre conjunt de DDHH...\",\"breadcrumb\":{\"@id\":\"https:\\\/\\\/www.sindicaturabarcelona.cat\\\/ca\\\/lempadronament-un-metadret-que-dona-acces-a-un-conjunt-de-drets-humans-de-proximitat\\\/#breadcrumb\"},\"inLanguage\":\"ca\",\"potentialAction\":[{\"@type\":\"ReadAction\",\"target\":[\"https:\\\/\\\/www.sindicaturabarcelona.cat\\\/ca\\\/lempadronament-un-metadret-que-dona-acces-a-un-conjunt-de-drets-humans-de-proximitat\\\/\"]}]},{\"@type\":\"ImageObject\",\"inLanguage\":\"ca\",\"@id\":\"https:\\\/\\\/www.sindicaturabarcelona.cat\\\/ca\\\/lempadronament-un-metadret-que-dona-acces-a-un-conjunt-de-drets-humans-de-proximitat\\\/#primaryimage\",\"url\":\"https:\\\/\\\/www.sindicaturabarcelona.cat\\\/wp-content\\\/uploads\\\/2022\\\/04\\\/14663_NouBArrisPlazaAngelPestana_64A8550-Edit.jpg\",\"contentUrl\":\"https:\\\/\\\/www.sindicaturabarcelona.cat\\\/wp-content\\\/uploads\\\/2022\\\/04\\\/14663_NouBArrisPlazaAngelPestana_64A8550-Edit.jpg\",\"width\":1024,\"height\":683,\"caption\":\"Empadronament\"},{\"@type\":\"BreadcrumbList\",\"@id\":\"https:\\\/\\\/www.sindicaturabarcelona.cat\\\/ca\\\/lempadronament-un-metadret-que-dona-acces-a-un-conjunt-de-drets-humans-de-proximitat\\\/#breadcrumb\",\"itemListElement\":[{\"@type\":\"ListItem\",\"position\":1,\"name\":\"Inici\",\"item\":\"https:\\\/\\\/www.sindicaturabarcelona.cat\\\/ca\\\/\"},{\"@type\":\"ListItem\",\"position\":2,\"name\":\"L\u2019empadronament, un metadret que dona acc\u00e9s a un conjunt de drets humans de proximitat\"}]},{\"@type\":\"WebSite\",\"@id\":\"https:\\\/\\\/www.sindicaturabarcelona.cat\\\/ca\\\/#website\",\"url\":\"https:\\\/\\\/www.sindicaturabarcelona.cat\\\/ca\\\/\",\"name\":\"Sindicatura de Greuges de Barcelona\",\"description\":\"La defensoria dels teus drets\",\"publisher\":{\"@id\":\"https:\\\/\\\/www.sindicaturabarcelona.cat\\\/ca\\\/#organization\"},\"potentialAction\":[{\"@type\":\"SearchAction\",\"target\":{\"@type\":\"EntryPoint\",\"urlTemplate\":\"https:\\\/\\\/www.sindicaturabarcelona.cat\\\/ca\\\/?s={search_term_string}\"},\"query-input\":{\"@type\":\"PropertyValueSpecification\",\"valueRequired\":true,\"valueName\":\"search_term_string\"}}],\"inLanguage\":\"ca\"},{\"@type\":\"Organization\",\"@id\":\"https:\\\/\\\/www.sindicaturabarcelona.cat\\\/ca\\\/#organization\",\"name\":\"Sindicatura de Greuges de Barcelona\",\"url\":\"https:\\\/\\\/www.sindicaturabarcelona.cat\\\/ca\\\/\",\"logo\":{\"@type\":\"ImageObject\",\"inLanguage\":\"ca\",\"@id\":\"https:\\\/\\\/www.sindicaturabarcelona.cat\\\/ca\\\/#\\\/schema\\\/logo\\\/image\\\/\",\"url\":\"https:\\\/\\\/www.sindicaturabarcelona.cat\\\/wp-content\\\/uploads\\\/2023\\\/02\\\/logo_sindicatura.svg\",\"contentUrl\":\"https:\\\/\\\/www.sindicaturabarcelona.cat\\\/wp-content\\\/uploads\\\/2023\\\/02\\\/logo_sindicatura.svg\",\"caption\":\"Sindicatura de Greuges de Barcelona\"},\"image\":{\"@id\":\"https:\\\/\\\/www.sindicaturabarcelona.cat\\\/ca\\\/#\\\/schema\\\/logo\\\/image\\\/\"},\"sameAs\":[\"https:\\\/\\\/x.com\\\/sindicbarcelona\",\"https:\\\/\\\/www.instagram.com\\\/sindicbarcelona\\\/\",\"https:\\\/\\\/www.tiktok.com\\\/@sindicaturabcn\",\"https:\\\/\\\/t.me\\\/sindicaturabarcelona\"]},{\"@type\":\"Person\",\"@id\":\"https:\\\/\\\/www.sindicaturabarcelona.cat\\\/ca\\\/#\\\/schema\\\/person\\\/0e5acffc350ffdbc97578159322c9452\",\"name\":\"Pablo\",\"image\":{\"@type\":\"ImageObject\",\"inLanguage\":\"ca\",\"@id\":\"https:\\\/\\\/secure.gravatar.com\\\/avatar\\\/c948169b402ef9492afde705c3dfd5e90e1a6a84ef6840a91124f805a25a480f?s=96&d=mm&r=g\",\"url\":\"https:\\\/\\\/secure.gravatar.com\\\/avatar\\\/c948169b402ef9492afde705c3dfd5e90e1a6a84ef6840a91124f805a25a480f?s=96&d=mm&r=g\",\"contentUrl\":\"https:\\\/\\\/secure.gravatar.com\\\/avatar\\\/c948169b402ef9492afde705c3dfd5e90e1a6a84ef6840a91124f805a25a480f?s=96&d=mm&r=g\",\"caption\":\"Pablo\"},\"url\":\"https:\\\/\\\/www.sindicaturabarcelona.cat\\\/ca\\\/author\\\/pablo\\\/\"}]}<\/script>\n<!-- \/ Yoast SEO plugin. -->","yoast_head_json":{"title":"L\u2019empadronament, un metadret que dona acc\u00e9s a un conjunt de drets humans de proximitat - Sindicatura de Greuges de Barcelona","description":"La inscripci\u00f3 padronal atorga l\u2019estatus de ve\u00efnatge i es pot qualificar de metadret, perqu\u00e8 \u00e9s la porta d\u2019acc\u00e9s al gaudi d\u2019un altre conjunt de DDHH...","robots":{"index":"index","follow":"follow","max-snippet":"max-snippet:-1","max-image-preview":"max-image-preview:large","max-video-preview":"max-video-preview:-1"},"canonical":"https:\/\/www.sindicaturabarcelona.cat\/ca\/lempadronament-un-metadret-que-dona-acces-a-un-conjunt-de-drets-humans-de-proximitat\/","og_locale":"ca_ES","og_type":"article","og_title":"L\u2019empadronament, un metadret que dona acc\u00e9s a un conjunt de drets humans de proximitat - Sindicatura de Greuges de Barcelona","og_description":"La inscripci\u00f3 padronal atorga l\u2019estatus de ve\u00efnatge i es pot qualificar de metadret, perqu\u00e8 \u00e9s la porta d\u2019acc\u00e9s al gaudi d\u2019un altre conjunt de DDHH...","og_url":"https:\/\/www.sindicaturabarcelona.cat\/ca\/lempadronament-un-metadret-que-dona-acces-a-un-conjunt-de-drets-humans-de-proximitat\/","og_site_name":"Sindicatura de Greuges de Barcelona","article_published_time":"2022-04-08T08:13:52+00:00","article_modified_time":"2023-05-11T11:22:25+00:00","og_image":[{"width":1024,"height":683,"url":"https:\/\/www.sindicaturabarcelona.cat\/wp-content\/uploads\/2022\/04\/14663_NouBArrisPlazaAngelPestana_64A8550-Edit.jpg","type":"image\/jpeg"}],"author":"Pablo","twitter_card":"summary_large_image","twitter_creator":"@sindicbarcelona","twitter_site":"@sindicbarcelona","twitter_misc":{"Escrit per":"Pablo","Temps estimat de lectura":"4 minuts"},"schema":{"@context":"https:\/\/schema.org","@graph":[{"@type":"Article","@id":"https:\/\/www.sindicaturabarcelona.cat\/ca\/lempadronament-un-metadret-que-dona-acces-a-un-conjunt-de-drets-humans-de-proximitat\/#article","isPartOf":{"@id":"https:\/\/www.sindicaturabarcelona.cat\/ca\/lempadronament-un-metadret-que-dona-acces-a-un-conjunt-de-drets-humans-de-proximitat\/"},"author":{"name":"Pablo","@id":"https:\/\/www.sindicaturabarcelona.cat\/ca\/#\/schema\/person\/0e5acffc350ffdbc97578159322c9452"},"headline":"L\u2019empadronament, un metadret que dona acc\u00e9s a un conjunt de drets humans de proximitat","datePublished":"2022-04-08T08:13:52+00:00","dateModified":"2023-05-11T11:22:25+00:00","mainEntityOfPage":{"@id":"https:\/\/www.sindicaturabarcelona.cat\/ca\/lempadronament-un-metadret-que-dona-acces-a-un-conjunt-de-drets-humans-de-proximitat\/"},"wordCount":807,"publisher":{"@id":"https:\/\/www.sindicaturabarcelona.cat\/ca\/#organization"},"image":{"@id":"https:\/\/www.sindicaturabarcelona.cat\/ca\/lempadronament-un-metadret-que-dona-acces-a-un-conjunt-de-drets-humans-de-proximitat\/#primaryimage"},"thumbnailUrl":"https:\/\/www.sindicaturabarcelona.cat\/wp-content\/uploads\/2022\/04\/14663_NouBArrisPlazaAngelPestana_64A8550-Edit.jpg","keywords":["empadronament","empadronament barcelona","padro barcelona"],"articleSection":["Uncategorized @ca"],"inLanguage":"ca"},{"@type":"WebPage","@id":"https:\/\/www.sindicaturabarcelona.cat\/ca\/lempadronament-un-metadret-que-dona-acces-a-un-conjunt-de-drets-humans-de-proximitat\/","url":"https:\/\/www.sindicaturabarcelona.cat\/ca\/lempadronament-un-metadret-que-dona-acces-a-un-conjunt-de-drets-humans-de-proximitat\/","name":"L\u2019empadronament, un metadret que dona acc\u00e9s a un conjunt de drets humans de proximitat - Sindicatura de Greuges de Barcelona","isPartOf":{"@id":"https:\/\/www.sindicaturabarcelona.cat\/ca\/#website"},"primaryImageOfPage":{"@id":"https:\/\/www.sindicaturabarcelona.cat\/ca\/lempadronament-un-metadret-que-dona-acces-a-un-conjunt-de-drets-humans-de-proximitat\/#primaryimage"},"image":{"@id":"https:\/\/www.sindicaturabarcelona.cat\/ca\/lempadronament-un-metadret-que-dona-acces-a-un-conjunt-de-drets-humans-de-proximitat\/#primaryimage"},"thumbnailUrl":"https:\/\/www.sindicaturabarcelona.cat\/wp-content\/uploads\/2022\/04\/14663_NouBArrisPlazaAngelPestana_64A8550-Edit.jpg","datePublished":"2022-04-08T08:13:52+00:00","dateModified":"2023-05-11T11:22:25+00:00","description":"La inscripci\u00f3 padronal atorga l\u2019estatus de ve\u00efnatge i es pot qualificar de metadret, perqu\u00e8 \u00e9s la porta d\u2019acc\u00e9s al gaudi d\u2019un altre conjunt de DDHH...","breadcrumb":{"@id":"https:\/\/www.sindicaturabarcelona.cat\/ca\/lempadronament-un-metadret-que-dona-acces-a-un-conjunt-de-drets-humans-de-proximitat\/#breadcrumb"},"inLanguage":"ca","potentialAction":[{"@type":"ReadAction","target":["https:\/\/www.sindicaturabarcelona.cat\/ca\/lempadronament-un-metadret-que-dona-acces-a-un-conjunt-de-drets-humans-de-proximitat\/"]}]},{"@type":"ImageObject","inLanguage":"ca","@id":"https:\/\/www.sindicaturabarcelona.cat\/ca\/lempadronament-un-metadret-que-dona-acces-a-un-conjunt-de-drets-humans-de-proximitat\/#primaryimage","url":"https:\/\/www.sindicaturabarcelona.cat\/wp-content\/uploads\/2022\/04\/14663_NouBArrisPlazaAngelPestana_64A8550-Edit.jpg","contentUrl":"https:\/\/www.sindicaturabarcelona.cat\/wp-content\/uploads\/2022\/04\/14663_NouBArrisPlazaAngelPestana_64A8550-Edit.jpg","width":1024,"height":683,"caption":"Empadronament"},{"@type":"BreadcrumbList","@id":"https:\/\/www.sindicaturabarcelona.cat\/ca\/lempadronament-un-metadret-que-dona-acces-a-un-conjunt-de-drets-humans-de-proximitat\/#breadcrumb","itemListElement":[{"@type":"ListItem","position":1,"name":"Inici","item":"https:\/\/www.sindicaturabarcelona.cat\/ca\/"},{"@type":"ListItem","position":2,"name":"L\u2019empadronament, un metadret que dona acc\u00e9s a un conjunt de drets humans de proximitat"}]},{"@type":"WebSite","@id":"https:\/\/www.sindicaturabarcelona.cat\/ca\/#website","url":"https:\/\/www.sindicaturabarcelona.cat\/ca\/","name":"Sindicatura de Greuges de Barcelona","description":"La defensoria dels teus drets","publisher":{"@id":"https:\/\/www.sindicaturabarcelona.cat\/ca\/#organization"},"potentialAction":[{"@type":"SearchAction","target":{"@type":"EntryPoint","urlTemplate":"https:\/\/www.sindicaturabarcelona.cat\/ca\/?s={search_term_string}"},"query-input":{"@type":"PropertyValueSpecification","valueRequired":true,"valueName":"search_term_string"}}],"inLanguage":"ca"},{"@type":"Organization","@id":"https:\/\/www.sindicaturabarcelona.cat\/ca\/#organization","name":"Sindicatura de Greuges de Barcelona","url":"https:\/\/www.sindicaturabarcelona.cat\/ca\/","logo":{"@type":"ImageObject","inLanguage":"ca","@id":"https:\/\/www.sindicaturabarcelona.cat\/ca\/#\/schema\/logo\/image\/","url":"https:\/\/www.sindicaturabarcelona.cat\/wp-content\/uploads\/2023\/02\/logo_sindicatura.svg","contentUrl":"https:\/\/www.sindicaturabarcelona.cat\/wp-content\/uploads\/2023\/02\/logo_sindicatura.svg","caption":"Sindicatura de Greuges de Barcelona"},"image":{"@id":"https:\/\/www.sindicaturabarcelona.cat\/ca\/#\/schema\/logo\/image\/"},"sameAs":["https:\/\/x.com\/sindicbarcelona","https:\/\/www.instagram.com\/sindicbarcelona\/","https:\/\/www.tiktok.com\/@sindicaturabcn","https:\/\/t.me\/sindicaturabarcelona"]},{"@type":"Person","@id":"https:\/\/www.sindicaturabarcelona.cat\/ca\/#\/schema\/person\/0e5acffc350ffdbc97578159322c9452","name":"Pablo","image":{"@type":"ImageObject","inLanguage":"ca","@id":"https:\/\/secure.gravatar.com\/avatar\/c948169b402ef9492afde705c3dfd5e90e1a6a84ef6840a91124f805a25a480f?s=96&d=mm&r=g","url":"https:\/\/secure.gravatar.com\/avatar\/c948169b402ef9492afde705c3dfd5e90e1a6a84ef6840a91124f805a25a480f?s=96&d=mm&r=g","contentUrl":"https:\/\/secure.gravatar.com\/avatar\/c948169b402ef9492afde705c3dfd5e90e1a6a84ef6840a91124f805a25a480f?s=96&d=mm&r=g","caption":"Pablo"},"url":"https:\/\/www.sindicaturabarcelona.cat\/ca\/author\/pablo\/"}]}},"_links":{"self":[{"href":"https:\/\/www.sindicaturabarcelona.cat\/ca\/wp-json\/wp\/v2\/posts\/13758","targetHints":{"allow":["GET"]}}],"collection":[{"href":"https:\/\/www.sindicaturabarcelona.cat\/ca\/wp-json\/wp\/v2\/posts"}],"about":[{"href":"https:\/\/www.sindicaturabarcelona.cat\/ca\/wp-json\/wp\/v2\/types\/post"}],"author":[{"embeddable":true,"href":"https:\/\/www.sindicaturabarcelona.cat\/ca\/wp-json\/wp\/v2\/users\/2"}],"replies":[{"embeddable":true,"href":"https:\/\/www.sindicaturabarcelona.cat\/ca\/wp-json\/wp\/v2\/comments?post=13758"}],"version-history":[{"count":0,"href":"https:\/\/www.sindicaturabarcelona.cat\/ca\/wp-json\/wp\/v2\/posts\/13758\/revisions"}],"wp:featuredmedia":[{"embeddable":true,"href":"https:\/\/www.sindicaturabarcelona.cat\/ca\/wp-json\/wp\/v2\/media\/13759"}],"wp:attachment":[{"href":"https:\/\/www.sindicaturabarcelona.cat\/ca\/wp-json\/wp\/v2\/media?parent=13758"}],"wp:term":[{"taxonomy":"post_tag","embeddable":true,"href":"https:\/\/www.sindicaturabarcelona.cat\/ca\/wp-json\/wp\/v2\/tags?post=13758"},{"taxonomy":"drets","embeddable":true,"href":"https:\/\/www.sindicaturabarcelona.cat\/ca\/wp-json\/wp\/v2\/drets?post=13758"}],"curies":[{"name":"wp","href":"https:\/\/api.w.org\/{rel}","templated":true}]}}