{"id":13664,"date":"2022-03-24T09:15:59","date_gmt":"2022-03-24T07:15:59","guid":{"rendered":"https:\/\/www.sindicaturabarcelona.cat\/?p=13664"},"modified":"2023-05-11T13:23:05","modified_gmt":"2023-05-11T11:23:05","slug":"sindicatura-bcn-sindic-catalunya-demanen-pla-accio-integral-centre-acollida-baix-guinardo","status":"publish","type":"post","link":"https:\/\/www.sindicaturabarcelona.cat\/ca\/sindicatura-bcn-sindic-catalunya-demanen-pla-accio-integral-centre-acollida-baix-guinardo\/","title":{"rendered":"Els s\u00edndics de Barcelona i de Catalunya reclamen compatibilitzar la ubicaci\u00f3 d\u2019un centre d\u2019acollida per a persones sense llar amb addiccions al costat d\u2019una escola amb la consolidaci\u00f3 del seu projecte educatiu"},"content":{"rendered":"\n<p class=\"has-text-align-justify\">La Sindicatura de Greuges de Barcelona i el S\u00edndic de Greuges de Catalunya han rebut al voltant d\u2019una trentena de queixes de fam\u00edlies d\u2019una escola en relaci\u00f3 amb la instal\u00b7laci\u00f3 d&#8217;un centre d\u2019acollida per a persones sense llar amb addiccions a poca dist\u00e0ncia de l\u2019escola.<\/p>\n\n\n\n<p class=\"has-text-align-justify\">En virtut del conveni de col\u00b7laboraci\u00f3 signat recentment, <a href=\"https:\/\/www.sindicaturabarcelona.cat\/wp-content\/uploads\/2022\/03\/03_Centre-dacollida-Baix-Guinardo.pdf\" target=\"_blank\" aria-label=\"ambdues institucions han fet una actuaci\u00f3 coordinada i han em\u00e8s una resoluci\u00f3 conjunta. (opens in a new tab)\" rel=\"noreferrer noopener\" class=\"ek-link\"><strong>ambdues institucions han fet una actuaci\u00f3 coordinada i han em\u00e8s una resoluci\u00f3 conjunta<\/strong>.<\/a><\/p>\n\n\n\n<p class=\"has-text-align-justify\">En les queixes rebudes, les fam\u00edlies i el ve\u00efnat expressen la seva preocupaci\u00f3 per l&#8217;afectaci\u00f3 que pot tenir aquest nou equipament en la demanda social de l&#8217;escola. Per la seva banda, l\u2019escola incideix en el fet que els darrers anys s\u2019ha treballat molt per donar un nou impuls al centre educatiu i tem que l\u2019empla\u00e7ament d\u2019aquest equipament pugui incidir en aquesta traject\u00f2ria de treball i en les properes matriculacions.<\/p>\n\n\n\n<p class=\"has-text-align-justify\">En aquest context, les dues institucions volen recordar que els centres d&#8217;acollida per a la recuperaci\u00f3 de persones sense llar amb addiccions s\u00f3n serveis destinats a l&#8217;atenci\u00f3 sociosanit\u00e0ria de persones en situaci\u00f3 de vulnerabilitat, i a garantir els seus drets b\u00e0sics, i que la ubicaci\u00f3 d\u2019aquests centres en zones urbanes \u00e9s necess\u00e0ria per promoure l&#8217;accessibilitat i la normalitzaci\u00f3 de la seva atenci\u00f3. Amb tot, tamb\u00e9 manifesten que les administracions han d&#8217;analitzar quin impacte generen sobre els drets de terceres persones, a fi d&#8217;adoptar les mesures compensat\u00f2ries o preventives necess\u00e0ries, aix\u00ed com valorar si hi ha alternatives d&#8217;ubicaci\u00f3 que el minimitzin.<\/p>\n\n\n\n<p class=\"has-text-align-justify\">En relaci\u00f3 amb aquest assumpte, els defensors constaten que l&#8217;escola en q\u00fcesti\u00f3 \u00e9s un centre amb el 41,3% d&#8217;alumnat amb necessitats educatives espec\u00edfiques, malgrat que en els darrers anys ha tendit a reduir la seva complexitat. La ubicaci\u00f3 del centre d\u2019acollida al costat de l\u2019escola en pot afectar la seva imatge si s\u2019identifica com un fet negatiu per part de les fam\u00edlies de la zona. Dit aix\u00f2, l\u2019experi\u00e8ncia en una altra zona de Barcelona ha perm\u00e8s constatar que no necess\u00e0riament la implantaci\u00f3 d\u2019un centre d\u2019aquest tipus ha de suposar un impacte negatiu sobre la demanda social d\u2019una escola, ja que, en aquell cas, l\u2019escola m\u00e9s propera, ubicada just al costat del centre, va incrementar el nombre de sol\u00b7licituds l\u2019any seg\u00fcent.<\/p>\n\n\n\n<p class=\"has-text-align-justify\">Per estudiar el cas es va demanar informaci\u00f3 al Consorci d\u2019Educaci\u00f3 de Barcelona i a l\u2019<a href=\"https:\/\/ajuntament.barcelona.cat\/ca\/\" target=\"_blank\" aria-label=\"Ajuntament de Barcelona (opens in a new tab)\" rel=\"noreferrer noopener\" class=\"ek-link\">Ajuntament de Barcelona<\/a>. De les respostes rebudes de les administracions se\u2019n despr\u00e8n que l\u2019Ajuntament ha generat un espai de treball transversal amb el conjunt de serveis de territori: l&#8217;Ag\u00e8ncia de Salut P\u00fablica de Barcelona, l&#8217;Institut Municipal de Serveis Socials d&#8217;Intervenci\u00f3 a l&#8217;Espai P\u00fablic i el Consorci d&#8217;Educaci\u00f3 de Barcelona, per a valorar el desplegament del servei a la zona. &nbsp;<\/p>\n\n\n\n<p class=\"has-text-align-justify\">Paral\u00b7lelament, l\u2019Ajuntament de Barcelona tamb\u00e9 ha elaborat un pla espec\u00edfic per a l\u2019escola en relaci\u00f3 amb la implantaci\u00f3 del centre d\u2019acollida, que, entre altres actuacions, preveu un treball amb l\u2019equip directiu de l\u2019escola. Aix\u00ed mateix, ha posat els mitjans per assegurar la pres\u00e8ncia de dues mediadores als voltants de l&#8217;escola per atendre les inquietuds de les fam\u00edlies en els horaris d&#8217;entrada i sortida escolar, i manifesta que coordinar\u00e0 els serveis de neteja, Gu\u00e0rdia Urbana i Mossos d\u2019Esquadra perqu\u00e8 la zona pr\u00f2xima a l\u2019equipament sigui un entorn segur.<\/p>\n\n\n\n<p class=\"has-text-align-justify\">En vista de tot aix\u00f2, el S\u00edndic de Greuges de Catalunya i la Sindicatura de Greuges de Barcelona demanen que es formalitzi l&#8217;elaboraci\u00f3 d&#8217;un pla d&#8217;acci\u00f3 integral i de coordinaci\u00f3 entre els diferents serveis del territori, amb la participaci\u00f3 de les diferents parts afectades, especialment els membres de la comunitat educativa de l&#8217;escola. Un dels objectius prioritaris d&#8217;aquestes actuacions ha de ser evitar l&#8217;impacte de la ubicaci\u00f3 d&#8217;aquest equipament en la demanda social del centre.<\/p>\n\n\n\n<p class=\"has-text-align-justify\">Tamb\u00e9 demanen al conjunt d\u2019administracions implicades la concreci\u00f3 de les actuacions previstes per a la consolidaci\u00f3 del projecte educatiu del centre i per millorar la seva demanda social. Per acabar, reclamen a les administracions que segueixin esmer\u00e7ant esfor\u00e7os per garantir el di\u00e0leg amb la direcci\u00f3 de l\u2019escola i l\u2019AFA.<\/p>\n\n\n\n<p class=\"has-text-align-justify\">Les dues institucions es comprometen a analitzar l\u2019impacte que pot tenir la ubicaci\u00f3 d\u2019aquest centre d\u2019acolliment a l\u2019escola a partir de l\u2019an\u00e0lisi de les dades de sol\u00b7licituds de preinscripci\u00f3 i d\u2019oferta inicial de places en el proc\u00e9s d\u2019admissi\u00f3 per al curs 2022\/2023 a P3.<\/p>\n","protected":false},"excerpt":{"rendered":"<p>La Sindicatura de Greuges de Barcelona i el S\u00edndic de Greuges de Catalunya han rebut al voltant d\u2019una trentena de queixes de fam\u00edlies d\u2019una escola en relaci\u00f3 amb la instal\u00b7laci\u00f3 [&hellip;]<\/p>\n","protected":false},"author":2,"featured_media":13666,"comment_status":"closed","ping_status":"open","sticky":false,"template":"","format":"standard","meta":{"_acf_changed":false,"footnotes":""},"tags":[],"drets":[1428,1463,1430,1442,1462],"class_list":["post-13664","post","type-post","status-publish","format-standard","has-post-thumbnail","hentry","drets-ciutat-equitativa","drets-dret-serveis-proteccio-social","drets-dret-a-educacio-i-lleure","drets-ciutat-diversa","drets-drets-de-la-infancia-i-ladolescencia"],"acf":[],"yoast_head":"<!-- This site is optimized with the Yoast SEO plugin v27.5 - https:\/\/yoast.com\/product\/yoast-seo-wordpress\/ -->\n<title>Els s\u00edndics de Barcelona i de Catalunya reclamen compatibilitzar la ubicaci\u00f3 d\u2019un centre d\u2019acollida per a persones sense llar amb addiccions al costat d\u2019una escola amb la consolidaci\u00f3 del seu projecte educatiu - Sindicatura de Greuges de Barcelona<\/title>\n<meta name=\"description\" content=\"La Sindicatura de Greuges de Barcelona i el S\u00edndic de Greuges de Catalunya han rebut al voltant d\u2019una trentena de queixes de fam\u00edlies d\u2019una escola...\" \/>\n<meta name=\"robots\" content=\"index, follow, max-snippet:-1, max-image-preview:large, max-video-preview:-1\" \/>\n<link rel=\"canonical\" href=\"https:\/\/www.sindicaturabarcelona.cat\/ca\/sindicatura-bcn-sindic-catalunya-demanen-pla-accio-integral-centre-acollida-baix-guinardo\/\" \/>\n<meta property=\"og:locale\" content=\"ca_ES\" \/>\n<meta property=\"og:type\" content=\"article\" \/>\n<meta property=\"og:title\" content=\"Els s\u00edndics de Barcelona i de Catalunya reclamen compatibilitzar la ubicaci\u00f3 d\u2019un centre d\u2019acollida per a persones sense llar amb addiccions al costat d\u2019una escola amb la consolidaci\u00f3 del seu projecte educatiu - Sindicatura de Greuges de Barcelona\" \/>\n<meta property=\"og:description\" content=\"La Sindicatura de Greuges de Barcelona i el S\u00edndic de Greuges de Catalunya han rebut al voltant d\u2019una trentena de queixes de fam\u00edlies d\u2019una escola...\" \/>\n<meta property=\"og:url\" content=\"https:\/\/www.sindicaturabarcelona.cat\/ca\/sindicatura-bcn-sindic-catalunya-demanen-pla-accio-integral-centre-acollida-baix-guinardo\/\" \/>\n<meta property=\"og:site_name\" content=\"Sindicatura de Greuges de Barcelona\" \/>\n<meta property=\"article:published_time\" content=\"2022-03-24T07:15:59+00:00\" \/>\n<meta property=\"article:modified_time\" content=\"2023-05-11T11:23:05+00:00\" \/>\n<meta property=\"og:image\" content=\"https:\/\/www.sindicaturabarcelona.cat\/wp-content\/uploads\/2022\/03\/Entorn-escolar.jpg\" \/>\n\t<meta property=\"og:image:width\" content=\"1024\" \/>\n\t<meta property=\"og:image:height\" content=\"684\" \/>\n\t<meta property=\"og:image:type\" content=\"image\/jpeg\" \/>\n<meta name=\"author\" content=\"Pablo\" \/>\n<meta name=\"twitter:card\" content=\"summary_large_image\" \/>\n<meta name=\"twitter:creator\" content=\"@sindicbarcelona\" \/>\n<meta name=\"twitter:site\" content=\"@sindicbarcelona\" \/>\n<meta name=\"twitter:label1\" content=\"Escrit per\" \/>\n\t<meta name=\"twitter:data1\" content=\"Pablo\" \/>\n\t<meta name=\"twitter:label2\" content=\"Temps estimat de lectura\" \/>\n\t<meta name=\"twitter:data2\" content=\"4 minuts\" \/>\n<script type=\"application\/ld+json\" class=\"yoast-schema-graph\">{\"@context\":\"https:\\\/\\\/schema.org\",\"@graph\":[{\"@type\":\"Article\",\"@id\":\"https:\\\/\\\/www.sindicaturabarcelona.cat\\\/ca\\\/sindicatura-bcn-sindic-catalunya-demanen-pla-accio-integral-centre-acollida-baix-guinardo\\\/#article\",\"isPartOf\":{\"@id\":\"https:\\\/\\\/www.sindicaturabarcelona.cat\\\/ca\\\/sindicatura-bcn-sindic-catalunya-demanen-pla-accio-integral-centre-acollida-baix-guinardo\\\/\"},\"author\":{\"name\":\"Pablo\",\"@id\":\"https:\\\/\\\/www.sindicaturabarcelona.cat\\\/ca\\\/#\\\/schema\\\/person\\\/0e5acffc350ffdbc97578159322c9452\"},\"headline\":\"Els s\u00edndics de Barcelona i de Catalunya reclamen compatibilitzar la ubicaci\u00f3 d\u2019un centre d\u2019acollida per a persones sense llar amb addiccions al costat d\u2019una escola amb la consolidaci\u00f3 del seu projecte educatiu\",\"datePublished\":\"2022-03-24T07:15:59+00:00\",\"dateModified\":\"2023-05-11T11:23:05+00:00\",\"mainEntityOfPage\":{\"@id\":\"https:\\\/\\\/www.sindicaturabarcelona.cat\\\/ca\\\/sindicatura-bcn-sindic-catalunya-demanen-pla-accio-integral-centre-acollida-baix-guinardo\\\/\"},\"wordCount\":825,\"publisher\":{\"@id\":\"https:\\\/\\\/www.sindicaturabarcelona.cat\\\/ca\\\/#organization\"},\"image\":{\"@id\":\"https:\\\/\\\/www.sindicaturabarcelona.cat\\\/ca\\\/sindicatura-bcn-sindic-catalunya-demanen-pla-accio-integral-centre-acollida-baix-guinardo\\\/#primaryimage\"},\"thumbnailUrl\":\"https:\\\/\\\/www.sindicaturabarcelona.cat\\\/wp-content\\\/uploads\\\/2022\\\/03\\\/Entorn-escolar.jpg\",\"articleSection\":[\"Uncategorized @ca\"],\"inLanguage\":\"ca\"},{\"@type\":\"WebPage\",\"@id\":\"https:\\\/\\\/www.sindicaturabarcelona.cat\\\/ca\\\/sindicatura-bcn-sindic-catalunya-demanen-pla-accio-integral-centre-acollida-baix-guinardo\\\/\",\"url\":\"https:\\\/\\\/www.sindicaturabarcelona.cat\\\/ca\\\/sindicatura-bcn-sindic-catalunya-demanen-pla-accio-integral-centre-acollida-baix-guinardo\\\/\",\"name\":\"Els s\u00edndics de Barcelona i de Catalunya reclamen compatibilitzar la ubicaci\u00f3 d\u2019un centre d\u2019acollida per a persones sense llar amb addiccions al costat d\u2019una escola amb la consolidaci\u00f3 del seu projecte educatiu - Sindicatura de Greuges de Barcelona\",\"isPartOf\":{\"@id\":\"https:\\\/\\\/www.sindicaturabarcelona.cat\\\/ca\\\/#website\"},\"primaryImageOfPage\":{\"@id\":\"https:\\\/\\\/www.sindicaturabarcelona.cat\\\/ca\\\/sindicatura-bcn-sindic-catalunya-demanen-pla-accio-integral-centre-acollida-baix-guinardo\\\/#primaryimage\"},\"image\":{\"@id\":\"https:\\\/\\\/www.sindicaturabarcelona.cat\\\/ca\\\/sindicatura-bcn-sindic-catalunya-demanen-pla-accio-integral-centre-acollida-baix-guinardo\\\/#primaryimage\"},\"thumbnailUrl\":\"https:\\\/\\\/www.sindicaturabarcelona.cat\\\/wp-content\\\/uploads\\\/2022\\\/03\\\/Entorn-escolar.jpg\",\"datePublished\":\"2022-03-24T07:15:59+00:00\",\"dateModified\":\"2023-05-11T11:23:05+00:00\",\"description\":\"La Sindicatura de Greuges de Barcelona i el S\u00edndic de Greuges de Catalunya han rebut al voltant d\u2019una trentena de queixes de fam\u00edlies d\u2019una escola...\",\"breadcrumb\":{\"@id\":\"https:\\\/\\\/www.sindicaturabarcelona.cat\\\/ca\\\/sindicatura-bcn-sindic-catalunya-demanen-pla-accio-integral-centre-acollida-baix-guinardo\\\/#breadcrumb\"},\"inLanguage\":\"ca\",\"potentialAction\":[{\"@type\":\"ReadAction\",\"target\":[\"https:\\\/\\\/www.sindicaturabarcelona.cat\\\/ca\\\/sindicatura-bcn-sindic-catalunya-demanen-pla-accio-integral-centre-acollida-baix-guinardo\\\/\"]}]},{\"@type\":\"ImageObject\",\"inLanguage\":\"ca\",\"@id\":\"https:\\\/\\\/www.sindicaturabarcelona.cat\\\/ca\\\/sindicatura-bcn-sindic-catalunya-demanen-pla-accio-integral-centre-acollida-baix-guinardo\\\/#primaryimage\",\"url\":\"https:\\\/\\\/www.sindicaturabarcelona.cat\\\/wp-content\\\/uploads\\\/2022\\\/03\\\/Entorn-escolar.jpg\",\"contentUrl\":\"https:\\\/\\\/www.sindicaturabarcelona.cat\\\/wp-content\\\/uploads\\\/2022\\\/03\\\/Entorn-escolar.jpg\",\"width\":1024,\"height\":684,\"caption\":\"Entorn escolar\"},{\"@type\":\"BreadcrumbList\",\"@id\":\"https:\\\/\\\/www.sindicaturabarcelona.cat\\\/ca\\\/sindicatura-bcn-sindic-catalunya-demanen-pla-accio-integral-centre-acollida-baix-guinardo\\\/#breadcrumb\",\"itemListElement\":[{\"@type\":\"ListItem\",\"position\":1,\"name\":\"Inici\",\"item\":\"https:\\\/\\\/www.sindicaturabarcelona.cat\\\/ca\\\/\"},{\"@type\":\"ListItem\",\"position\":2,\"name\":\"Els s\u00edndics de Barcelona i de Catalunya reclamen compatibilitzar la ubicaci\u00f3 d\u2019un centre d\u2019acollida per a persones sense llar amb addiccions al costat d\u2019una escola amb la consolidaci\u00f3 del seu projecte educatiu\"}]},{\"@type\":\"WebSite\",\"@id\":\"https:\\\/\\\/www.sindicaturabarcelona.cat\\\/ca\\\/#website\",\"url\":\"https:\\\/\\\/www.sindicaturabarcelona.cat\\\/ca\\\/\",\"name\":\"Sindicatura de Greuges de Barcelona\",\"description\":\"La defensoria dels teus drets\",\"publisher\":{\"@id\":\"https:\\\/\\\/www.sindicaturabarcelona.cat\\\/ca\\\/#organization\"},\"potentialAction\":[{\"@type\":\"SearchAction\",\"target\":{\"@type\":\"EntryPoint\",\"urlTemplate\":\"https:\\\/\\\/www.sindicaturabarcelona.cat\\\/ca\\\/?s={search_term_string}\"},\"query-input\":{\"@type\":\"PropertyValueSpecification\",\"valueRequired\":true,\"valueName\":\"search_term_string\"}}],\"inLanguage\":\"ca\"},{\"@type\":\"Organization\",\"@id\":\"https:\\\/\\\/www.sindicaturabarcelona.cat\\\/ca\\\/#organization\",\"name\":\"Sindicatura de Greuges de Barcelona\",\"url\":\"https:\\\/\\\/www.sindicaturabarcelona.cat\\\/ca\\\/\",\"logo\":{\"@type\":\"ImageObject\",\"inLanguage\":\"ca\",\"@id\":\"https:\\\/\\\/www.sindicaturabarcelona.cat\\\/ca\\\/#\\\/schema\\\/logo\\\/image\\\/\",\"url\":\"https:\\\/\\\/www.sindicaturabarcelona.cat\\\/wp-content\\\/uploads\\\/2023\\\/02\\\/logo_sindicatura.svg\",\"contentUrl\":\"https:\\\/\\\/www.sindicaturabarcelona.cat\\\/wp-content\\\/uploads\\\/2023\\\/02\\\/logo_sindicatura.svg\",\"caption\":\"Sindicatura de Greuges de Barcelona\"},\"image\":{\"@id\":\"https:\\\/\\\/www.sindicaturabarcelona.cat\\\/ca\\\/#\\\/schema\\\/logo\\\/image\\\/\"},\"sameAs\":[\"https:\\\/\\\/x.com\\\/sindicbarcelona\",\"https:\\\/\\\/www.instagram.com\\\/sindicbarcelona\\\/\",\"https:\\\/\\\/www.tiktok.com\\\/@sindicaturabcn\",\"https:\\\/\\\/t.me\\\/sindicaturabarcelona\"]},{\"@type\":\"Person\",\"@id\":\"https:\\\/\\\/www.sindicaturabarcelona.cat\\\/ca\\\/#\\\/schema\\\/person\\\/0e5acffc350ffdbc97578159322c9452\",\"name\":\"Pablo\",\"image\":{\"@type\":\"ImageObject\",\"inLanguage\":\"ca\",\"@id\":\"https:\\\/\\\/secure.gravatar.com\\\/avatar\\\/c948169b402ef9492afde705c3dfd5e90e1a6a84ef6840a91124f805a25a480f?s=96&d=mm&r=g\",\"url\":\"https:\\\/\\\/secure.gravatar.com\\\/avatar\\\/c948169b402ef9492afde705c3dfd5e90e1a6a84ef6840a91124f805a25a480f?s=96&d=mm&r=g\",\"contentUrl\":\"https:\\\/\\\/secure.gravatar.com\\\/avatar\\\/c948169b402ef9492afde705c3dfd5e90e1a6a84ef6840a91124f805a25a480f?s=96&d=mm&r=g\",\"caption\":\"Pablo\"},\"url\":\"https:\\\/\\\/www.sindicaturabarcelona.cat\\\/ca\\\/author\\\/pablo\\\/\"}]}<\/script>\n<!-- \/ Yoast SEO plugin. -->","yoast_head_json":{"title":"Els s\u00edndics de Barcelona i de Catalunya reclamen compatibilitzar la ubicaci\u00f3 d\u2019un centre d\u2019acollida per a persones sense llar amb addiccions al costat d\u2019una escola amb la consolidaci\u00f3 del seu projecte educatiu - Sindicatura de Greuges de Barcelona","description":"La Sindicatura de Greuges de Barcelona i el S\u00edndic de Greuges de Catalunya han rebut al voltant d\u2019una trentena de queixes de fam\u00edlies d\u2019una escola...","robots":{"index":"index","follow":"follow","max-snippet":"max-snippet:-1","max-image-preview":"max-image-preview:large","max-video-preview":"max-video-preview:-1"},"canonical":"https:\/\/www.sindicaturabarcelona.cat\/ca\/sindicatura-bcn-sindic-catalunya-demanen-pla-accio-integral-centre-acollida-baix-guinardo\/","og_locale":"ca_ES","og_type":"article","og_title":"Els s\u00edndics de Barcelona i de Catalunya reclamen compatibilitzar la ubicaci\u00f3 d\u2019un centre d\u2019acollida per a persones sense llar amb addiccions al costat d\u2019una escola amb la consolidaci\u00f3 del seu projecte educatiu - Sindicatura de Greuges de Barcelona","og_description":"La Sindicatura de Greuges de Barcelona i el S\u00edndic de Greuges de Catalunya han rebut al voltant d\u2019una trentena de queixes de fam\u00edlies d\u2019una escola...","og_url":"https:\/\/www.sindicaturabarcelona.cat\/ca\/sindicatura-bcn-sindic-catalunya-demanen-pla-accio-integral-centre-acollida-baix-guinardo\/","og_site_name":"Sindicatura de Greuges de Barcelona","article_published_time":"2022-03-24T07:15:59+00:00","article_modified_time":"2023-05-11T11:23:05+00:00","og_image":[{"width":1024,"height":684,"url":"https:\/\/www.sindicaturabarcelona.cat\/wp-content\/uploads\/2022\/03\/Entorn-escolar.jpg","type":"image\/jpeg"}],"author":"Pablo","twitter_card":"summary_large_image","twitter_creator":"@sindicbarcelona","twitter_site":"@sindicbarcelona","twitter_misc":{"Escrit per":"Pablo","Temps estimat de lectura":"4 minuts"},"schema":{"@context":"https:\/\/schema.org","@graph":[{"@type":"Article","@id":"https:\/\/www.sindicaturabarcelona.cat\/ca\/sindicatura-bcn-sindic-catalunya-demanen-pla-accio-integral-centre-acollida-baix-guinardo\/#article","isPartOf":{"@id":"https:\/\/www.sindicaturabarcelona.cat\/ca\/sindicatura-bcn-sindic-catalunya-demanen-pla-accio-integral-centre-acollida-baix-guinardo\/"},"author":{"name":"Pablo","@id":"https:\/\/www.sindicaturabarcelona.cat\/ca\/#\/schema\/person\/0e5acffc350ffdbc97578159322c9452"},"headline":"Els s\u00edndics de Barcelona i de Catalunya reclamen compatibilitzar la ubicaci\u00f3 d\u2019un centre d\u2019acollida per a persones sense llar amb addiccions al costat d\u2019una escola amb la consolidaci\u00f3 del seu projecte educatiu","datePublished":"2022-03-24T07:15:59+00:00","dateModified":"2023-05-11T11:23:05+00:00","mainEntityOfPage":{"@id":"https:\/\/www.sindicaturabarcelona.cat\/ca\/sindicatura-bcn-sindic-catalunya-demanen-pla-accio-integral-centre-acollida-baix-guinardo\/"},"wordCount":825,"publisher":{"@id":"https:\/\/www.sindicaturabarcelona.cat\/ca\/#organization"},"image":{"@id":"https:\/\/www.sindicaturabarcelona.cat\/ca\/sindicatura-bcn-sindic-catalunya-demanen-pla-accio-integral-centre-acollida-baix-guinardo\/#primaryimage"},"thumbnailUrl":"https:\/\/www.sindicaturabarcelona.cat\/wp-content\/uploads\/2022\/03\/Entorn-escolar.jpg","articleSection":["Uncategorized @ca"],"inLanguage":"ca"},{"@type":"WebPage","@id":"https:\/\/www.sindicaturabarcelona.cat\/ca\/sindicatura-bcn-sindic-catalunya-demanen-pla-accio-integral-centre-acollida-baix-guinardo\/","url":"https:\/\/www.sindicaturabarcelona.cat\/ca\/sindicatura-bcn-sindic-catalunya-demanen-pla-accio-integral-centre-acollida-baix-guinardo\/","name":"Els s\u00edndics de Barcelona i de Catalunya reclamen compatibilitzar la ubicaci\u00f3 d\u2019un centre d\u2019acollida per a persones sense llar amb addiccions al costat d\u2019una escola amb la consolidaci\u00f3 del seu projecte educatiu - Sindicatura de Greuges de Barcelona","isPartOf":{"@id":"https:\/\/www.sindicaturabarcelona.cat\/ca\/#website"},"primaryImageOfPage":{"@id":"https:\/\/www.sindicaturabarcelona.cat\/ca\/sindicatura-bcn-sindic-catalunya-demanen-pla-accio-integral-centre-acollida-baix-guinardo\/#primaryimage"},"image":{"@id":"https:\/\/www.sindicaturabarcelona.cat\/ca\/sindicatura-bcn-sindic-catalunya-demanen-pla-accio-integral-centre-acollida-baix-guinardo\/#primaryimage"},"thumbnailUrl":"https:\/\/www.sindicaturabarcelona.cat\/wp-content\/uploads\/2022\/03\/Entorn-escolar.jpg","datePublished":"2022-03-24T07:15:59+00:00","dateModified":"2023-05-11T11:23:05+00:00","description":"La Sindicatura de Greuges de Barcelona i el S\u00edndic de Greuges de Catalunya han rebut al voltant d\u2019una trentena de queixes de fam\u00edlies d\u2019una escola...","breadcrumb":{"@id":"https:\/\/www.sindicaturabarcelona.cat\/ca\/sindicatura-bcn-sindic-catalunya-demanen-pla-accio-integral-centre-acollida-baix-guinardo\/#breadcrumb"},"inLanguage":"ca","potentialAction":[{"@type":"ReadAction","target":["https:\/\/www.sindicaturabarcelona.cat\/ca\/sindicatura-bcn-sindic-catalunya-demanen-pla-accio-integral-centre-acollida-baix-guinardo\/"]}]},{"@type":"ImageObject","inLanguage":"ca","@id":"https:\/\/www.sindicaturabarcelona.cat\/ca\/sindicatura-bcn-sindic-catalunya-demanen-pla-accio-integral-centre-acollida-baix-guinardo\/#primaryimage","url":"https:\/\/www.sindicaturabarcelona.cat\/wp-content\/uploads\/2022\/03\/Entorn-escolar.jpg","contentUrl":"https:\/\/www.sindicaturabarcelona.cat\/wp-content\/uploads\/2022\/03\/Entorn-escolar.jpg","width":1024,"height":684,"caption":"Entorn escolar"},{"@type":"BreadcrumbList","@id":"https:\/\/www.sindicaturabarcelona.cat\/ca\/sindicatura-bcn-sindic-catalunya-demanen-pla-accio-integral-centre-acollida-baix-guinardo\/#breadcrumb","itemListElement":[{"@type":"ListItem","position":1,"name":"Inici","item":"https:\/\/www.sindicaturabarcelona.cat\/ca\/"},{"@type":"ListItem","position":2,"name":"Els s\u00edndics de Barcelona i de Catalunya reclamen compatibilitzar la ubicaci\u00f3 d\u2019un centre d\u2019acollida per a persones sense llar amb addiccions al costat d\u2019una escola amb la consolidaci\u00f3 del seu projecte educatiu"}]},{"@type":"WebSite","@id":"https:\/\/www.sindicaturabarcelona.cat\/ca\/#website","url":"https:\/\/www.sindicaturabarcelona.cat\/ca\/","name":"Sindicatura de Greuges de Barcelona","description":"La defensoria dels teus drets","publisher":{"@id":"https:\/\/www.sindicaturabarcelona.cat\/ca\/#organization"},"potentialAction":[{"@type":"SearchAction","target":{"@type":"EntryPoint","urlTemplate":"https:\/\/www.sindicaturabarcelona.cat\/ca\/?s={search_term_string}"},"query-input":{"@type":"PropertyValueSpecification","valueRequired":true,"valueName":"search_term_string"}}],"inLanguage":"ca"},{"@type":"Organization","@id":"https:\/\/www.sindicaturabarcelona.cat\/ca\/#organization","name":"Sindicatura de Greuges de Barcelona","url":"https:\/\/www.sindicaturabarcelona.cat\/ca\/","logo":{"@type":"ImageObject","inLanguage":"ca","@id":"https:\/\/www.sindicaturabarcelona.cat\/ca\/#\/schema\/logo\/image\/","url":"https:\/\/www.sindicaturabarcelona.cat\/wp-content\/uploads\/2023\/02\/logo_sindicatura.svg","contentUrl":"https:\/\/www.sindicaturabarcelona.cat\/wp-content\/uploads\/2023\/02\/logo_sindicatura.svg","caption":"Sindicatura de Greuges de Barcelona"},"image":{"@id":"https:\/\/www.sindicaturabarcelona.cat\/ca\/#\/schema\/logo\/image\/"},"sameAs":["https:\/\/x.com\/sindicbarcelona","https:\/\/www.instagram.com\/sindicbarcelona\/","https:\/\/www.tiktok.com\/@sindicaturabcn","https:\/\/t.me\/sindicaturabarcelona"]},{"@type":"Person","@id":"https:\/\/www.sindicaturabarcelona.cat\/ca\/#\/schema\/person\/0e5acffc350ffdbc97578159322c9452","name":"Pablo","image":{"@type":"ImageObject","inLanguage":"ca","@id":"https:\/\/secure.gravatar.com\/avatar\/c948169b402ef9492afde705c3dfd5e90e1a6a84ef6840a91124f805a25a480f?s=96&d=mm&r=g","url":"https:\/\/secure.gravatar.com\/avatar\/c948169b402ef9492afde705c3dfd5e90e1a6a84ef6840a91124f805a25a480f?s=96&d=mm&r=g","contentUrl":"https:\/\/secure.gravatar.com\/avatar\/c948169b402ef9492afde705c3dfd5e90e1a6a84ef6840a91124f805a25a480f?s=96&d=mm&r=g","caption":"Pablo"},"url":"https:\/\/www.sindicaturabarcelona.cat\/ca\/author\/pablo\/"}]}},"_links":{"self":[{"href":"https:\/\/www.sindicaturabarcelona.cat\/ca\/wp-json\/wp\/v2\/posts\/13664","targetHints":{"allow":["GET"]}}],"collection":[{"href":"https:\/\/www.sindicaturabarcelona.cat\/ca\/wp-json\/wp\/v2\/posts"}],"about":[{"href":"https:\/\/www.sindicaturabarcelona.cat\/ca\/wp-json\/wp\/v2\/types\/post"}],"author":[{"embeddable":true,"href":"https:\/\/www.sindicaturabarcelona.cat\/ca\/wp-json\/wp\/v2\/users\/2"}],"replies":[{"embeddable":true,"href":"https:\/\/www.sindicaturabarcelona.cat\/ca\/wp-json\/wp\/v2\/comments?post=13664"}],"version-history":[{"count":0,"href":"https:\/\/www.sindicaturabarcelona.cat\/ca\/wp-json\/wp\/v2\/posts\/13664\/revisions"}],"wp:featuredmedia":[{"embeddable":true,"href":"https:\/\/www.sindicaturabarcelona.cat\/ca\/wp-json\/wp\/v2\/media\/13666"}],"wp:attachment":[{"href":"https:\/\/www.sindicaturabarcelona.cat\/ca\/wp-json\/wp\/v2\/media?parent=13664"}],"wp:term":[{"taxonomy":"post_tag","embeddable":true,"href":"https:\/\/www.sindicaturabarcelona.cat\/ca\/wp-json\/wp\/v2\/tags?post=13664"},{"taxonomy":"drets","embeddable":true,"href":"https:\/\/www.sindicaturabarcelona.cat\/ca\/wp-json\/wp\/v2\/drets?post=13664"}],"curies":[{"name":"wp","href":"https:\/\/api.w.org\/{rel}","templated":true}]}}