{"id":13598,"date":"2022-03-01T12:46:56","date_gmt":"2022-03-01T10:46:56","guid":{"rendered":"https:\/\/www.sindicabarcelona.cat\/?p=13598"},"modified":"2022-03-01T12:46:57","modified_gmt":"2022-03-01T10:46:57","slug":"sindic-visita-baix-guinardo-i-raval-a-peu-de-carrer","status":"publish","type":"post","link":"https:\/\/www.sindicaturabarcelona.cat\/ca\/sindic-visita-baix-guinardo-i-raval-a-peu-de-carrer\/","title":{"rendered":"Baix Guinard\u00f3 i Raval, els dos darrers barris que el s\u00edndic visita en el marc d\u2019\u2019A peu de carrer\u2019"},"content":{"rendered":"\n<p class=\"has-text-align-justify\">Durant el mes de febrer, el s\u00edndic de greuges de Barcelona, David Bondia, i membres del seu equip han continuat amb el projecte \u2018A peu de carrer\u2019, que t\u00e9 l\u2019objectiu d\u2019acostar la Sindicatura als ve\u00efns i ve\u00efnes dels 73 barris de la ciutat. En aquest cas, ha estat torn pel Baix Guinard\u00f3 i el Raval.<\/p>\n\n\n\n<h4 class=\"wp-block-heading\"><strong><a aria-label=\"Baix Guinard\u00f3 (opens in a new tab)\" href=\"https:\/\/ajuntament.barcelona.cat\/horta-guinardo\/ca\/el-districte-i-els-seus-barris\/el-baix-guinardo\" target=\"_blank\" rel=\"noreferrer noopener\" class=\"ek-link\">Baix Guinard\u00f3<\/a><\/strong><\/h4>\n\n\n\n<p class=\"has-text-align-justify\">El dijous 17 de febrer la <a href=\"https:\/\/www.sindicaturabarcelona.cat\" target=\"_blank\" aria-label=\"Sindicatura de Greuges de Barcelona (opens in a new tab)\" rel=\"noreferrer noopener\" class=\"ek-link\">Sindicatura de Greuges de Barcelona<\/a> va despla\u00e7ar la seva activitat al barri del Baix Guinard\u00f3, on va comen\u00e7ar la jornada amb una reuni\u00f3 amb la direcci\u00f3 de l\u2019<strong>Escola Mas Casanovas<\/strong>. S\u2019explica que l\u2019escola participa en el projecte Magnet, impulsat per la Fundaci\u00f3 Jaume Bofill per acompanyar les escoles en el desenvolupament d\u2019un projecte educatiu de refer\u00e8ncia.\u00a0 Aquesta tasca, duta a terme per l\u2019actual equip directiu els darrers anys, t\u00e9 el prop\u00f2sit de revertir la segregaci\u00f3 escolar.<\/p>\n\n\n\n<p class=\"has-text-align-justify\">A continuaci\u00f3, el s\u00edndic i el seu equip van despla\u00e7ar-se al carrer Taxdirt, on van veure\u2019s amb representants de <strong>l\u2019AFA de l\u2019Escola de les Aig\u00fces<\/strong>, que considera problem\u00e0tica la pacificaci\u00f3 del mateix carrer Taxdirt. Manifesten que &#8220;no pot ser una soluci\u00f3 definitiva&#8221; i que &#8220;genera conflictes de seguretat per a tot el ve\u00efnat, i especialment per a fam\u00edlies de l&#8217;escola&#8221;.<\/p>\n\n\n\n<p class=\"has-text-align-justify\">El mat\u00ed finalitza amb una visita al <strong>Rebost Baix Guinard\u00f3-Can Bar\u00f3<\/strong>, una xarxa de suport ubicada a l\u2019Av. Mare de D\u00e9u de Montserrat, i que distribueix menjar procedent del Banc dels Aliments, de C\u00e0ritas i de la Uni\u00f3 Europea, a les persones que ho necessiten.<\/p>\n\n\n\n<p class=\"has-text-align-justify\">A la tarda, la Sindicatura va trobar-se amb <strong>l\u2019Associaci\u00f3 de Ve\u00efns i Ve\u00efnes del Baix Guinard\u00f3<\/strong> per visitar dos punts que consideren claus: l\u2019encreuament dels carrers Cartagena i Mas Casanovas, i l\u2019interior d\u2019illa del Torrent del Lligalb\u00e9. En la primera cru\u00eflla conflueixen diferents circumst\u00e0ncies que fan complexa la circulaci\u00f3 i produeixen problemes de seguretat vi\u00e0ria, aix\u00ed com mol\u00e8sties ac\u00fastiques. Pel que fa al Torrent del Lligalb\u00e9, hi ha projectat un pla urban\u00edstic amb una nova construcci\u00f3 d\u2019habitatges que genera mol\u00e8sties entre els tres edificis contigus, que manifesten que perdran llum i horitz\u00f3 visual.<\/p>\n\n\n\n<p class=\"has-text-align-justify\">Tot seguit, el s\u00edndic i el seu equip van reunir-se amb la <strong>Comissi\u00f3 Escola digna de l\u2019Escola Mas Casanovas, <\/strong>que va mostrar la seva preocupaci\u00f3 i els seus neguits per la ubicaci\u00f3 del Centre d\u2019Acollida Baix Guinard\u00f3, molt pr\u00f2xima al centre escolar. Tamb\u00e9 esperen que els recursos de prevenci\u00f3 comptin amb un horari m\u00e9s ampli que el de la mateixa escola, ja que hi ha altres grups d\u2019infants que fan \u00fas de les instal\u00b7lacions del centre fora de l\u2019horari purament acad\u00e8mic.<\/p>\n\n\n\n<p class=\"has-text-align-justify\">\u2018A peu de carrer\u2019 al Baix Guinard\u00f3 va finalitzar amb una visita al <strong>Casal de Gent Gran<\/strong> del carrer Marina. Es tracta d\u2019un equipament molt concorregut, on tenen m\u00e9s de 100 persones volunt\u00e0ries fent tasques de formaci\u00f3, tallers, etc.<\/p>\n\n\n\n<h4 class=\"wp-block-heading\"><strong><a href=\"https:\/\/ajuntament.barcelona.cat\/ciutatvella\/ca\/el-districte-i-els-seus-barris\/el-raval\" target=\"_blank\" aria-label=\"El Raval (opens in a new tab)\" rel=\"noreferrer noopener\" class=\"ek-link\">El Raval<\/a><\/strong><\/h4>\n\n\n\n<p class=\"has-text-align-justify\">El 24 de febrer, el s\u00edndic de greuges de Barcelona, David Bondia, i membres del seu equip assessor van visitar el barri del Raval de la m\u00e0 de diverses entitats socials i moviments ve\u00efnals.<\/p>\n\n\n\n<p class=\"has-text-align-justify\">El dia va comen\u00e7ar amb una trobada amb <strong>Punt de Refer\u00e8ncia<\/strong>, l\u2019entitat sense \u00e0nim de lucre que treballa per l&#8217;acompanyament a jovent tutelat i extutelat entre 16 i 23 anys en el seu proc\u00e9s d&#8217;emancipaci\u00f3, un cop surten del sistema de protecci\u00f3 de menors.<\/p>\n\n\n\n<p class=\"has-text-align-justify\">Seguidament, els representants de la Sindicatura de Greuges de Barcelona van fer una passejada pel barri amb la <strong>Xarxa Ve\u00efnal del Raval<\/strong>, que va traslladar els principals punts de conflicte de l&#8217;oci nocturn a l&#8217;espai p\u00fablic i les afectacions en el ve\u00efnat, que pateix mol\u00e8sties ac\u00fastiques i veu com el seu dret al descans no queda garantit.<\/p>\n\n\n\n<p class=\"has-text-align-justify\">\u2018A peu de carrer\u2019 al Raval continuava i ho feia amb una reuni\u00f3 amb <strong>Top Manta Barcelona<\/strong>, que va detallar les principals problem\u00e0tiques del col\u00b7lectiu: el col\u00b7lapse dels serveis socials i la dificultat per aconseguir hora; la manca de disponibilitat de cites d&#8217;estrangeria, i la necessitat de l&#8217;informe d&#8217;arrelament.<\/p>\n\n\n\n<p class=\"has-text-align-justify\">La part matinal va finalitzar amb un encontre amb representants de la <strong>Federaci\u00f3 Catalana de Cricket<\/strong>, que expliquen la manca d&#8217;espais a la ciutat per dur a terme el seu esport, una pr\u00e0ctica que compta amb molts adeptes a Barcelona.<\/p>\n\n\n\n<p class=\"has-text-align-justify\">A la tarda, l\u2019acci\u00f3 de la Sindicatura va centrar-se a con\u00e8ixer el projecte social i educatiu del <strong>Casal dels Infants<\/strong>, que des de 1983 ajuda als infants, adolescents i joves en risc d\u2019exclusi\u00f3 social. Les persones treballadores d\u2019aquesta entitat desglossen, entre altres, els projectes que duen a terme a la seva seu del carrer Reina Am\u00e0lia: la UEC (Unitat d\u2019Escolaritzaci\u00f3 Compartida) i el COA (Centre Obert d\u2019Adolescents). &nbsp;<\/p>\n","protected":false},"excerpt":{"rendered":"<p>Durant el mes de febrer, el s\u00edndic de greuges de Barcelona, David Bondia, i membres del seu equip han continuat amb el projecte \u2018A peu de carrer\u2019, que t\u00e9 l\u2019objectiu [&hellip;]<\/p>\n","protected":false},"author":2,"featured_media":13600,"comment_status":"closed","ping_status":"open","sticky":false,"template":"","format":"standard","meta":{"_acf_changed":false,"footnotes":""},"tags":[1326,1347,1346,1348],"drets":[],"class_list":["post-13598","post","type-post","status-publish","format-standard","has-post-thumbnail","hentry","tag-a-peu-de-carrer","tag-baix-guinardo","tag-raval","tag-sindic-al-teu-barri"],"acf":[],"yoast_head":"<!-- This site is optimized with the Yoast SEO plugin v27.5 - https:\/\/yoast.com\/product\/yoast-seo-wordpress\/ -->\n<title>Baix Guinard\u00f3 i Raval, els dos darrers barris que el s\u00edndic visita en el marc d\u2019\u2019A peu de carrer\u2019 - Sindicatura de Greuges de Barcelona<\/title>\n<meta name=\"description\" content=\"Durant el mes de febrer, el s\u00edndic de greuges de Barcelona, David Bondia, i el seu equip han continuat amb el projecte \u2018A peu de carrer\u2019.\" \/>\n<meta name=\"robots\" content=\"index, follow, max-snippet:-1, max-image-preview:large, max-video-preview:-1\" \/>\n<link rel=\"canonical\" href=\"https:\/\/www.sindicaturabarcelona.cat\/ca\/sindic-visita-baix-guinardo-i-raval-a-peu-de-carrer\/\" \/>\n<meta property=\"og:locale\" content=\"ca_ES\" \/>\n<meta property=\"og:type\" content=\"article\" \/>\n<meta property=\"og:title\" content=\"Baix Guinard\u00f3 i Raval, els dos darrers barris que el s\u00edndic visita en el marc d\u2019\u2019A peu de carrer\u2019 - Sindicatura de Greuges de Barcelona\" \/>\n<meta property=\"og:description\" content=\"Durant el mes de febrer, el s\u00edndic de greuges de Barcelona, David Bondia, i el seu equip han continuat amb el projecte \u2018A peu de carrer\u2019.\" \/>\n<meta property=\"og:url\" content=\"https:\/\/www.sindicaturabarcelona.cat\/ca\/sindic-visita-baix-guinardo-i-raval-a-peu-de-carrer\/\" \/>\n<meta property=\"og:site_name\" content=\"Sindicatura de Greuges de Barcelona\" \/>\n<meta property=\"article:published_time\" content=\"2022-03-01T10:46:56+00:00\" \/>\n<meta property=\"article:modified_time\" content=\"2022-03-01T10:46:57+00:00\" \/>\n<meta property=\"og:image\" content=\"https:\/\/www.sindicaturabarcelona.cat\/wp-content\/uploads\/2022\/03\/Sindic-BCN-A-peu-de-carrer.jpg\" \/>\n\t<meta property=\"og:image:width\" content=\"2048\" \/>\n\t<meta property=\"og:image:height\" content=\"1532\" \/>\n\t<meta property=\"og:image:type\" content=\"image\/jpeg\" \/>\n<meta name=\"author\" content=\"Pablo\" \/>\n<meta name=\"twitter:card\" content=\"summary_large_image\" \/>\n<meta name=\"twitter:creator\" content=\"@sindicbarcelona\" \/>\n<meta name=\"twitter:site\" content=\"@sindicbarcelona\" \/>\n<meta name=\"twitter:label1\" content=\"Escrit per\" \/>\n\t<meta name=\"twitter:data1\" content=\"Pablo\" \/>\n\t<meta name=\"twitter:label2\" content=\"Temps estimat de lectura\" \/>\n\t<meta name=\"twitter:data2\" content=\"4 minuts\" \/>\n<script type=\"application\/ld+json\" class=\"yoast-schema-graph\">{\"@context\":\"https:\\\/\\\/schema.org\",\"@graph\":[{\"@type\":\"Article\",\"@id\":\"https:\\\/\\\/www.sindicaturabarcelona.cat\\\/ca\\\/sindic-visita-baix-guinardo-i-raval-a-peu-de-carrer\\\/#article\",\"isPartOf\":{\"@id\":\"https:\\\/\\\/www.sindicaturabarcelona.cat\\\/ca\\\/sindic-visita-baix-guinardo-i-raval-a-peu-de-carrer\\\/\"},\"author\":{\"name\":\"Pablo\",\"@id\":\"https:\\\/\\\/www.sindicaturabarcelona.cat\\\/ca\\\/#\\\/schema\\\/person\\\/0e5acffc350ffdbc97578159322c9452\"},\"headline\":\"Baix Guinard\u00f3 i Raval, els dos darrers barris que el s\u00edndic visita en el marc d\u2019\u2019A peu de carrer\u2019\",\"datePublished\":\"2022-03-01T10:46:56+00:00\",\"dateModified\":\"2022-03-01T10:46:57+00:00\",\"mainEntityOfPage\":{\"@id\":\"https:\\\/\\\/www.sindicaturabarcelona.cat\\\/ca\\\/sindic-visita-baix-guinardo-i-raval-a-peu-de-carrer\\\/\"},\"wordCount\":849,\"publisher\":{\"@id\":\"https:\\\/\\\/www.sindicaturabarcelona.cat\\\/ca\\\/#organization\"},\"image\":{\"@id\":\"https:\\\/\\\/www.sindicaturabarcelona.cat\\\/ca\\\/sindic-visita-baix-guinardo-i-raval-a-peu-de-carrer\\\/#primaryimage\"},\"thumbnailUrl\":\"https:\\\/\\\/www.sindicaturabarcelona.cat\\\/wp-content\\\/uploads\\\/2022\\\/03\\\/Sindic-BCN-A-peu-de-carrer.jpg\",\"keywords\":[\"a peu de carrer\",\"baix guinardo\",\"raval\",\"sindic al teu barri\"],\"inLanguage\":\"ca\"},{\"@type\":\"WebPage\",\"@id\":\"https:\\\/\\\/www.sindicaturabarcelona.cat\\\/ca\\\/sindic-visita-baix-guinardo-i-raval-a-peu-de-carrer\\\/\",\"url\":\"https:\\\/\\\/www.sindicaturabarcelona.cat\\\/ca\\\/sindic-visita-baix-guinardo-i-raval-a-peu-de-carrer\\\/\",\"name\":\"Baix Guinard\u00f3 i Raval, els dos darrers barris que el s\u00edndic visita en el marc d\u2019\u2019A peu de carrer\u2019 - Sindicatura de Greuges de Barcelona\",\"isPartOf\":{\"@id\":\"https:\\\/\\\/www.sindicaturabarcelona.cat\\\/ca\\\/#website\"},\"primaryImageOfPage\":{\"@id\":\"https:\\\/\\\/www.sindicaturabarcelona.cat\\\/ca\\\/sindic-visita-baix-guinardo-i-raval-a-peu-de-carrer\\\/#primaryimage\"},\"image\":{\"@id\":\"https:\\\/\\\/www.sindicaturabarcelona.cat\\\/ca\\\/sindic-visita-baix-guinardo-i-raval-a-peu-de-carrer\\\/#primaryimage\"},\"thumbnailUrl\":\"https:\\\/\\\/www.sindicaturabarcelona.cat\\\/wp-content\\\/uploads\\\/2022\\\/03\\\/Sindic-BCN-A-peu-de-carrer.jpg\",\"datePublished\":\"2022-03-01T10:46:56+00:00\",\"dateModified\":\"2022-03-01T10:46:57+00:00\",\"description\":\"Durant el mes de febrer, el s\u00edndic de greuges de Barcelona, David Bondia, i el seu equip han continuat amb el projecte \u2018A peu de carrer\u2019.\",\"breadcrumb\":{\"@id\":\"https:\\\/\\\/www.sindicaturabarcelona.cat\\\/ca\\\/sindic-visita-baix-guinardo-i-raval-a-peu-de-carrer\\\/#breadcrumb\"},\"inLanguage\":\"ca\",\"potentialAction\":[{\"@type\":\"ReadAction\",\"target\":[\"https:\\\/\\\/www.sindicaturabarcelona.cat\\\/ca\\\/sindic-visita-baix-guinardo-i-raval-a-peu-de-carrer\\\/\"]}]},{\"@type\":\"ImageObject\",\"inLanguage\":\"ca\",\"@id\":\"https:\\\/\\\/www.sindicaturabarcelona.cat\\\/ca\\\/sindic-visita-baix-guinardo-i-raval-a-peu-de-carrer\\\/#primaryimage\",\"url\":\"https:\\\/\\\/www.sindicaturabarcelona.cat\\\/wp-content\\\/uploads\\\/2022\\\/03\\\/Sindic-BCN-A-peu-de-carrer.jpg\",\"contentUrl\":\"https:\\\/\\\/www.sindicaturabarcelona.cat\\\/wp-content\\\/uploads\\\/2022\\\/03\\\/Sindic-BCN-A-peu-de-carrer.jpg\",\"width\":2048,\"height\":1532,\"caption\":\"Sindic-BCN-A-peu-de-carrer\"},{\"@type\":\"BreadcrumbList\",\"@id\":\"https:\\\/\\\/www.sindicaturabarcelona.cat\\\/ca\\\/sindic-visita-baix-guinardo-i-raval-a-peu-de-carrer\\\/#breadcrumb\",\"itemListElement\":[{\"@type\":\"ListItem\",\"position\":1,\"name\":\"Inici\",\"item\":\"https:\\\/\\\/www.sindicaturabarcelona.cat\\\/ca\\\/\"},{\"@type\":\"ListItem\",\"position\":2,\"name\":\"Baix Guinard\u00f3 i Raval, els dos darrers barris que el s\u00edndic visita en el marc d\u2019\u2019A peu de carrer\u2019\"}]},{\"@type\":\"WebSite\",\"@id\":\"https:\\\/\\\/www.sindicaturabarcelona.cat\\\/ca\\\/#website\",\"url\":\"https:\\\/\\\/www.sindicaturabarcelona.cat\\\/ca\\\/\",\"name\":\"Sindicatura de Greuges de Barcelona\",\"description\":\"La defensoria dels teus drets\",\"publisher\":{\"@id\":\"https:\\\/\\\/www.sindicaturabarcelona.cat\\\/ca\\\/#organization\"},\"potentialAction\":[{\"@type\":\"SearchAction\",\"target\":{\"@type\":\"EntryPoint\",\"urlTemplate\":\"https:\\\/\\\/www.sindicaturabarcelona.cat\\\/ca\\\/?s={search_term_string}\"},\"query-input\":{\"@type\":\"PropertyValueSpecification\",\"valueRequired\":true,\"valueName\":\"search_term_string\"}}],\"inLanguage\":\"ca\"},{\"@type\":\"Organization\",\"@id\":\"https:\\\/\\\/www.sindicaturabarcelona.cat\\\/ca\\\/#organization\",\"name\":\"Sindicatura de Greuges de Barcelona\",\"url\":\"https:\\\/\\\/www.sindicaturabarcelona.cat\\\/ca\\\/\",\"logo\":{\"@type\":\"ImageObject\",\"inLanguage\":\"ca\",\"@id\":\"https:\\\/\\\/www.sindicaturabarcelona.cat\\\/ca\\\/#\\\/schema\\\/logo\\\/image\\\/\",\"url\":\"https:\\\/\\\/www.sindicaturabarcelona.cat\\\/wp-content\\\/uploads\\\/2023\\\/02\\\/logo_sindicatura.svg\",\"contentUrl\":\"https:\\\/\\\/www.sindicaturabarcelona.cat\\\/wp-content\\\/uploads\\\/2023\\\/02\\\/logo_sindicatura.svg\",\"caption\":\"Sindicatura de Greuges de Barcelona\"},\"image\":{\"@id\":\"https:\\\/\\\/www.sindicaturabarcelona.cat\\\/ca\\\/#\\\/schema\\\/logo\\\/image\\\/\"},\"sameAs\":[\"https:\\\/\\\/x.com\\\/sindicbarcelona\",\"https:\\\/\\\/www.instagram.com\\\/sindicbarcelona\\\/\",\"https:\\\/\\\/www.tiktok.com\\\/@sindicaturabcn\",\"https:\\\/\\\/t.me\\\/sindicaturabarcelona\"]},{\"@type\":\"Person\",\"@id\":\"https:\\\/\\\/www.sindicaturabarcelona.cat\\\/ca\\\/#\\\/schema\\\/person\\\/0e5acffc350ffdbc97578159322c9452\",\"name\":\"Pablo\",\"image\":{\"@type\":\"ImageObject\",\"inLanguage\":\"ca\",\"@id\":\"https:\\\/\\\/secure.gravatar.com\\\/avatar\\\/c948169b402ef9492afde705c3dfd5e90e1a6a84ef6840a91124f805a25a480f?s=96&d=mm&r=g\",\"url\":\"https:\\\/\\\/secure.gravatar.com\\\/avatar\\\/c948169b402ef9492afde705c3dfd5e90e1a6a84ef6840a91124f805a25a480f?s=96&d=mm&r=g\",\"contentUrl\":\"https:\\\/\\\/secure.gravatar.com\\\/avatar\\\/c948169b402ef9492afde705c3dfd5e90e1a6a84ef6840a91124f805a25a480f?s=96&d=mm&r=g\",\"caption\":\"Pablo\"},\"url\":\"https:\\\/\\\/www.sindicaturabarcelona.cat\\\/ca\\\/author\\\/pablo\\\/\"}]}<\/script>\n<!-- \/ Yoast SEO plugin. -->","yoast_head_json":{"title":"Baix Guinard\u00f3 i Raval, els dos darrers barris que el s\u00edndic visita en el marc d\u2019\u2019A peu de carrer\u2019 - Sindicatura de Greuges de Barcelona","description":"Durant el mes de febrer, el s\u00edndic de greuges de Barcelona, David Bondia, i el seu equip han continuat amb el projecte \u2018A peu de carrer\u2019.","robots":{"index":"index","follow":"follow","max-snippet":"max-snippet:-1","max-image-preview":"max-image-preview:large","max-video-preview":"max-video-preview:-1"},"canonical":"https:\/\/www.sindicaturabarcelona.cat\/ca\/sindic-visita-baix-guinardo-i-raval-a-peu-de-carrer\/","og_locale":"ca_ES","og_type":"article","og_title":"Baix Guinard\u00f3 i Raval, els dos darrers barris que el s\u00edndic visita en el marc d\u2019\u2019A peu de carrer\u2019 - Sindicatura de Greuges de Barcelona","og_description":"Durant el mes de febrer, el s\u00edndic de greuges de Barcelona, David Bondia, i el seu equip han continuat amb el projecte \u2018A peu de carrer\u2019.","og_url":"https:\/\/www.sindicaturabarcelona.cat\/ca\/sindic-visita-baix-guinardo-i-raval-a-peu-de-carrer\/","og_site_name":"Sindicatura de Greuges de Barcelona","article_published_time":"2022-03-01T10:46:56+00:00","article_modified_time":"2022-03-01T10:46:57+00:00","og_image":[{"width":2048,"height":1532,"url":"https:\/\/www.sindicaturabarcelona.cat\/wp-content\/uploads\/2022\/03\/Sindic-BCN-A-peu-de-carrer.jpg","type":"image\/jpeg"}],"author":"Pablo","twitter_card":"summary_large_image","twitter_creator":"@sindicbarcelona","twitter_site":"@sindicbarcelona","twitter_misc":{"Escrit per":"Pablo","Temps estimat de lectura":"4 minuts"},"schema":{"@context":"https:\/\/schema.org","@graph":[{"@type":"Article","@id":"https:\/\/www.sindicaturabarcelona.cat\/ca\/sindic-visita-baix-guinardo-i-raval-a-peu-de-carrer\/#article","isPartOf":{"@id":"https:\/\/www.sindicaturabarcelona.cat\/ca\/sindic-visita-baix-guinardo-i-raval-a-peu-de-carrer\/"},"author":{"name":"Pablo","@id":"https:\/\/www.sindicaturabarcelona.cat\/ca\/#\/schema\/person\/0e5acffc350ffdbc97578159322c9452"},"headline":"Baix Guinard\u00f3 i Raval, els dos darrers barris que el s\u00edndic visita en el marc d\u2019\u2019A peu de carrer\u2019","datePublished":"2022-03-01T10:46:56+00:00","dateModified":"2022-03-01T10:46:57+00:00","mainEntityOfPage":{"@id":"https:\/\/www.sindicaturabarcelona.cat\/ca\/sindic-visita-baix-guinardo-i-raval-a-peu-de-carrer\/"},"wordCount":849,"publisher":{"@id":"https:\/\/www.sindicaturabarcelona.cat\/ca\/#organization"},"image":{"@id":"https:\/\/www.sindicaturabarcelona.cat\/ca\/sindic-visita-baix-guinardo-i-raval-a-peu-de-carrer\/#primaryimage"},"thumbnailUrl":"https:\/\/www.sindicaturabarcelona.cat\/wp-content\/uploads\/2022\/03\/Sindic-BCN-A-peu-de-carrer.jpg","keywords":["a peu de carrer","baix guinardo","raval","sindic al teu barri"],"inLanguage":"ca"},{"@type":"WebPage","@id":"https:\/\/www.sindicaturabarcelona.cat\/ca\/sindic-visita-baix-guinardo-i-raval-a-peu-de-carrer\/","url":"https:\/\/www.sindicaturabarcelona.cat\/ca\/sindic-visita-baix-guinardo-i-raval-a-peu-de-carrer\/","name":"Baix Guinard\u00f3 i Raval, els dos darrers barris que el s\u00edndic visita en el marc d\u2019\u2019A peu de carrer\u2019 - Sindicatura de Greuges de Barcelona","isPartOf":{"@id":"https:\/\/www.sindicaturabarcelona.cat\/ca\/#website"},"primaryImageOfPage":{"@id":"https:\/\/www.sindicaturabarcelona.cat\/ca\/sindic-visita-baix-guinardo-i-raval-a-peu-de-carrer\/#primaryimage"},"image":{"@id":"https:\/\/www.sindicaturabarcelona.cat\/ca\/sindic-visita-baix-guinardo-i-raval-a-peu-de-carrer\/#primaryimage"},"thumbnailUrl":"https:\/\/www.sindicaturabarcelona.cat\/wp-content\/uploads\/2022\/03\/Sindic-BCN-A-peu-de-carrer.jpg","datePublished":"2022-03-01T10:46:56+00:00","dateModified":"2022-03-01T10:46:57+00:00","description":"Durant el mes de febrer, el s\u00edndic de greuges de Barcelona, David Bondia, i el seu equip han continuat amb el projecte \u2018A peu de carrer\u2019.","breadcrumb":{"@id":"https:\/\/www.sindicaturabarcelona.cat\/ca\/sindic-visita-baix-guinardo-i-raval-a-peu-de-carrer\/#breadcrumb"},"inLanguage":"ca","potentialAction":[{"@type":"ReadAction","target":["https:\/\/www.sindicaturabarcelona.cat\/ca\/sindic-visita-baix-guinardo-i-raval-a-peu-de-carrer\/"]}]},{"@type":"ImageObject","inLanguage":"ca","@id":"https:\/\/www.sindicaturabarcelona.cat\/ca\/sindic-visita-baix-guinardo-i-raval-a-peu-de-carrer\/#primaryimage","url":"https:\/\/www.sindicaturabarcelona.cat\/wp-content\/uploads\/2022\/03\/Sindic-BCN-A-peu-de-carrer.jpg","contentUrl":"https:\/\/www.sindicaturabarcelona.cat\/wp-content\/uploads\/2022\/03\/Sindic-BCN-A-peu-de-carrer.jpg","width":2048,"height":1532,"caption":"Sindic-BCN-A-peu-de-carrer"},{"@type":"BreadcrumbList","@id":"https:\/\/www.sindicaturabarcelona.cat\/ca\/sindic-visita-baix-guinardo-i-raval-a-peu-de-carrer\/#breadcrumb","itemListElement":[{"@type":"ListItem","position":1,"name":"Inici","item":"https:\/\/www.sindicaturabarcelona.cat\/ca\/"},{"@type":"ListItem","position":2,"name":"Baix Guinard\u00f3 i Raval, els dos darrers barris que el s\u00edndic visita en el marc d\u2019\u2019A peu de carrer\u2019"}]},{"@type":"WebSite","@id":"https:\/\/www.sindicaturabarcelona.cat\/ca\/#website","url":"https:\/\/www.sindicaturabarcelona.cat\/ca\/","name":"Sindicatura de Greuges de Barcelona","description":"La defensoria dels teus drets","publisher":{"@id":"https:\/\/www.sindicaturabarcelona.cat\/ca\/#organization"},"potentialAction":[{"@type":"SearchAction","target":{"@type":"EntryPoint","urlTemplate":"https:\/\/www.sindicaturabarcelona.cat\/ca\/?s={search_term_string}"},"query-input":{"@type":"PropertyValueSpecification","valueRequired":true,"valueName":"search_term_string"}}],"inLanguage":"ca"},{"@type":"Organization","@id":"https:\/\/www.sindicaturabarcelona.cat\/ca\/#organization","name":"Sindicatura de Greuges de Barcelona","url":"https:\/\/www.sindicaturabarcelona.cat\/ca\/","logo":{"@type":"ImageObject","inLanguage":"ca","@id":"https:\/\/www.sindicaturabarcelona.cat\/ca\/#\/schema\/logo\/image\/","url":"https:\/\/www.sindicaturabarcelona.cat\/wp-content\/uploads\/2023\/02\/logo_sindicatura.svg","contentUrl":"https:\/\/www.sindicaturabarcelona.cat\/wp-content\/uploads\/2023\/02\/logo_sindicatura.svg","caption":"Sindicatura de Greuges de Barcelona"},"image":{"@id":"https:\/\/www.sindicaturabarcelona.cat\/ca\/#\/schema\/logo\/image\/"},"sameAs":["https:\/\/x.com\/sindicbarcelona","https:\/\/www.instagram.com\/sindicbarcelona\/","https:\/\/www.tiktok.com\/@sindicaturabcn","https:\/\/t.me\/sindicaturabarcelona"]},{"@type":"Person","@id":"https:\/\/www.sindicaturabarcelona.cat\/ca\/#\/schema\/person\/0e5acffc350ffdbc97578159322c9452","name":"Pablo","image":{"@type":"ImageObject","inLanguage":"ca","@id":"https:\/\/secure.gravatar.com\/avatar\/c948169b402ef9492afde705c3dfd5e90e1a6a84ef6840a91124f805a25a480f?s=96&d=mm&r=g","url":"https:\/\/secure.gravatar.com\/avatar\/c948169b402ef9492afde705c3dfd5e90e1a6a84ef6840a91124f805a25a480f?s=96&d=mm&r=g","contentUrl":"https:\/\/secure.gravatar.com\/avatar\/c948169b402ef9492afde705c3dfd5e90e1a6a84ef6840a91124f805a25a480f?s=96&d=mm&r=g","caption":"Pablo"},"url":"https:\/\/www.sindicaturabarcelona.cat\/ca\/author\/pablo\/"}]}},"_links":{"self":[{"href":"https:\/\/www.sindicaturabarcelona.cat\/ca\/wp-json\/wp\/v2\/posts\/13598","targetHints":{"allow":["GET"]}}],"collection":[{"href":"https:\/\/www.sindicaturabarcelona.cat\/ca\/wp-json\/wp\/v2\/posts"}],"about":[{"href":"https:\/\/www.sindicaturabarcelona.cat\/ca\/wp-json\/wp\/v2\/types\/post"}],"author":[{"embeddable":true,"href":"https:\/\/www.sindicaturabarcelona.cat\/ca\/wp-json\/wp\/v2\/users\/2"}],"replies":[{"embeddable":true,"href":"https:\/\/www.sindicaturabarcelona.cat\/ca\/wp-json\/wp\/v2\/comments?post=13598"}],"version-history":[{"count":0,"href":"https:\/\/www.sindicaturabarcelona.cat\/ca\/wp-json\/wp\/v2\/posts\/13598\/revisions"}],"wp:featuredmedia":[{"embeddable":true,"href":"https:\/\/www.sindicaturabarcelona.cat\/ca\/wp-json\/wp\/v2\/media\/13600"}],"wp:attachment":[{"href":"https:\/\/www.sindicaturabarcelona.cat\/ca\/wp-json\/wp\/v2\/media?parent=13598"}],"wp:term":[{"taxonomy":"post_tag","embeddable":true,"href":"https:\/\/www.sindicaturabarcelona.cat\/ca\/wp-json\/wp\/v2\/tags?post=13598"},{"taxonomy":"drets","embeddable":true,"href":"https:\/\/www.sindicaturabarcelona.cat\/ca\/wp-json\/wp\/v2\/drets?post=13598"}],"curies":[{"name":"wp","href":"https:\/\/api.w.org\/{rel}","templated":true}]}}