{"id":13449,"date":"2022-02-01T12:51:21","date_gmt":"2022-02-01T10:51:21","guid":{"rendered":"https:\/\/www.sindicabarcelona.cat\/?p=13449"},"modified":"2022-02-01T12:51:22","modified_gmt":"2022-02-01T10:51:22","slug":"sindic-barcelona-engega-a-peu-de-carrer","status":"publish","type":"post","link":"https:\/\/www.sindicaturabarcelona.cat\/ca\/sindic-barcelona-engega-a-peu-de-carrer\/","title":{"rendered":"El s\u00edndic de Barcelona engega \u2018A peu de carrer\u2019, el projecte per acostar la Sindicatura als ve\u00efns i ve\u00efnes dels 73 barris de la ciutat"},"content":{"rendered":"\n<p class=\"has-text-align-justify\">El darrer 25 de gener la Sindicatura de Greuges de Barcelona va convertir en realitat <strong>\u2018A peu de carrer\u2019, el projecte de David Bondia per acostar la instituci\u00f3 al ve\u00efnat dels 73 barris de la ciutat<\/strong>. La primera visita d\u2019aquesta nova iniciativa va dur-se a terme a dos barris del Districte de Sant Mart\u00ed: Sant Mart\u00ed de Proven\u00e7als, i la Verneda i la Pau.<\/p>\n\n\n\n<p class=\"has-text-align-justify\"><strong>\u201cArrenca un dels projectes que ja tenia en el meu programa de 7 eixos i 33 propostes, que permetr\u00e0 crear una <a href=\"https:\/\/www.sindicaturabarcelona.cat\" target=\"_blank\" aria-label=\"Sindicatura (opens in a new tab)\" rel=\"noreferrer noopener\" class=\"ek-link\">Sindicatura<\/a> itinerant, que sigui un territori i no nom\u00e9s una ubicaci\u00f3\u201d<\/strong>, ha explicat Bondia, que ha afegit que <strong>\u201ccal acostar-nos a la ciutadania, al teixit associatiu i al teixit empresarial, ja que \u00e9s la manera de con\u00e8ixer i intervenir en les problem\u00e0tiques dels ve\u00efns i ve\u00efnes de la ciutat\u201d<\/strong>.<\/p>\n\n\n\n<p class=\"has-text-align-justify\">El s\u00edndic de greuges de Barcelona, David Bondia, i membres del seu equip que l\u2019acompanyaven, van trobar-se amb Toni Santos, el president de l\u2019A<a href=\"http:\/\/www.avsantmartiprovencals.cat\/\" target=\"_blank\" aria-label=\"V de Sant Mart\u00ed de Proven\u00e7als (opens in a new tab)\" rel=\"noreferrer noopener\" class=\"ek-link\">V de Sant Mart\u00ed de Proven\u00e7als<\/a>. Recorrent els carrers del barri, van visitar les obres de reurbanitzaci\u00f3 de l\u2019estaci\u00f3 i l\u2019entorn de la Sagrera, aix\u00ed com les promocions d\u2019habitatges p\u00fablics i privats del sector Prim i el sector Cobega. <strong>Aquestes construccions suposaran un fort impacte al barri, tant per l\u2019increment de persones en tr\u00e0nsit com pel nou ve\u00efnat que s\u2019instal\u00b7lar\u00e0.<\/strong><\/p>\n\n\n\n<p class=\"has-text-align-justify\">\u2018A peu de carrer\u2019 va continuar amb una reuni\u00f3 amb Roger Torrell, president de la <strong><a href=\"https:\/\/www.evern.org\/\" target=\"_blank\" aria-label=\"Coordinadora d\u2019Entitats VERN (opens in a new tab)\" rel=\"noreferrer noopener\" class=\"ek-link\">Coordinadora d\u2019Entitats VERN<\/a>, que gestiona i dinamitza el Casal de barri de la Verneda, i compta amb m\u00e9s de 70 entitats adherides<\/strong>. Actualment, aborden la gran majoria de conflictes que sorgeixen al barri.<\/p>\n\n\n\n<p class=\"has-text-align-justify\">El s\u00edndic de greuges, David Bondia, tamb\u00e9 va descobrir el projecte de <strong><a href=\"http:\/\/www.edaverneda.org\/edaverneda8\/\" target=\"_blank\" aria-label=\"l\u2019Escola d\u2019Adults de la Verneda (opens in a new tab)\" rel=\"noreferrer noopener\" class=\"ek-link\">l\u2019Escola d\u2019Adults de la Verneda<\/a><\/strong>, que va n\u00e9ixer a finals de la d\u00e8cada 70 arran de l\u2019autoorganitzaci\u00f3 del ve\u00efnat del barri que volia aprendre i accedir a l\u2019educaci\u00f3. Aquesta comunitat d\u2019aprenentatge es fonamenta en: grups interactius; tert\u00falies; formaci\u00f3 de fam\u00edlies; gesti\u00f3 democr\u00e0tica; espais de decisi\u00f3; comissions i grups.<\/p>\n\n\n\n<p class=\"has-text-align-justify\">La tarda va comen\u00e7ar amb un encontre amb les persones directores de <strong><a href=\"https:\/\/www.asme.cat\/\" target=\"_blank\" aria-label=\"l\u2019ASME (Associaci\u00f3 Sant Mart\u00ed Esport) (opens in a new tab)\" rel=\"noreferrer noopener\" class=\"ek-link\">l\u2019ASME (Associaci\u00f3 Sant Mart\u00ed Esport)<\/a><\/strong>, a la instal\u00b7laci\u00f3 del CEM Verneda. A banda d\u2019aquest centre esportiu municipal, l\u2019ASME tamb\u00e9 gestiona el CEM Vintr\u00f3, el CEM Trinitat Vella i les Pistes La Pau.<\/p>\n\n\n\n<p class=\"has-text-align-justify\"><strong>L\u2019Associaci\u00f3 treballa diversos projectes d\u2019inserci\u00f3 social al barri de la Verneda<\/strong> a trav\u00e9s de diferents esports: b\u00e0squet, handbol, hoquei l\u00ednia, gimn\u00e0stica r\u00edtmica, trampol\u00ed i taekwondo. La idea de l\u2019entitat \u00e9s practicar l\u2019esport de manera mixta des de la inf\u00e0ncia, fins que les normatives de les diferents federacions els ho impedeix. Tamb\u00e9 compten amb projectes de cooperaci\u00f3 internacional amb inf\u00e0ncia i adolesc\u00e8ncia refugiada del S\u00e0hara Occidental. <\/p>\n\n\n\n<p class=\"has-text-align-justify\">El dia va finalitzar amb una visita a les <strong>pistes esportives de La Pau<\/strong>, on es practica l\u2019hoquei l\u00ednia. L\u2019equip que hi juga es diu Tucans i van ser pioners en la lluita contra l\u2019ab\u00fas i l\u2019assetjament a inf\u00e0ncia i adolesc\u00e8ncia, aix\u00ed com a combatre la viol\u00e8ncia masclista.<\/p>\n","protected":false},"excerpt":{"rendered":"<p>El darrer 25 de gener la Sindicatura de Greuges de Barcelona va convertir en realitat \u2018A peu de carrer\u2019, el projecte de David Bondia per acostar la instituci\u00f3 al ve\u00efnat [&hellip;]<\/p>\n","protected":false},"author":2,"featured_media":13450,"comment_status":"closed","ping_status":"open","sticky":false,"template":"","format":"standard","meta":{"_acf_changed":false,"footnotes":""},"tags":[1326,1330,1328,1327,1329],"drets":[],"class_list":["post-13449","post","type-post","status-publish","format-standard","has-post-thumbnail","hentry","tag-a-peu-de-carrer","tag-la-pau","tag-sant-marti","tag-sindic-david-bondia","tag-verneda"],"acf":[],"yoast_head":"<!-- This site is optimized with the Yoast SEO plugin v27.5 - https:\/\/yoast.com\/product\/yoast-seo-wordpress\/ -->\n<title>El s\u00edndic de Barcelona engega \u2018A peu de carrer\u2019, el projecte per acostar la Sindicatura als ve\u00efns i ve\u00efnes dels 73 barris de la ciutat - Sindicatura de Greuges de Barcelona<\/title>\n<meta name=\"description\" content=\"La primera visita d\u2019aquesta nova iniciativa va dur-se a terme a dos barris del Districte de Sant Mart\u00ed: Sant Mart\u00ed de Proven\u00e7als, i la Ve...\" \/>\n<meta name=\"robots\" content=\"index, follow, max-snippet:-1, max-image-preview:large, max-video-preview:-1\" \/>\n<link rel=\"canonical\" href=\"https:\/\/www.sindicaturabarcelona.cat\/ca\/sindic-barcelona-engega-a-peu-de-carrer\/\" \/>\n<meta property=\"og:locale\" content=\"ca_ES\" \/>\n<meta property=\"og:type\" content=\"article\" \/>\n<meta property=\"og:title\" content=\"El s\u00edndic de Barcelona engega \u2018A peu de carrer\u2019, el projecte per acostar la Sindicatura als ve\u00efns i ve\u00efnes dels 73 barris de la ciutat - Sindicatura de Greuges de Barcelona\" \/>\n<meta property=\"og:description\" content=\"La primera visita d\u2019aquesta nova iniciativa va dur-se a terme a dos barris del Districte de Sant Mart\u00ed: Sant Mart\u00ed de Proven\u00e7als, i la Ve...\" \/>\n<meta property=\"og:url\" content=\"https:\/\/www.sindicaturabarcelona.cat\/ca\/sindic-barcelona-engega-a-peu-de-carrer\/\" \/>\n<meta property=\"og:site_name\" content=\"Sindicatura de Greuges de Barcelona\" \/>\n<meta property=\"article:published_time\" content=\"2022-02-01T10:51:21+00:00\" \/>\n<meta property=\"article:modified_time\" content=\"2022-02-01T10:51:22+00:00\" \/>\n<meta property=\"og:image\" content=\"https:\/\/www.sindicaturabarcelona.cat\/wp-content\/uploads\/2022\/01\/Foto-8770-retallada-scaled.jpg\" \/>\n\t<meta property=\"og:image:width\" content=\"2560\" \/>\n\t<meta property=\"og:image:height\" content=\"2016\" \/>\n\t<meta property=\"og:image:type\" content=\"image\/jpeg\" \/>\n<meta name=\"author\" content=\"Pablo\" \/>\n<meta name=\"twitter:card\" content=\"summary_large_image\" \/>\n<meta name=\"twitter:creator\" content=\"@sindicbarcelona\" \/>\n<meta name=\"twitter:site\" content=\"@sindicbarcelona\" \/>\n<meta name=\"twitter:label1\" content=\"Escrit per\" \/>\n\t<meta name=\"twitter:data1\" content=\"Pablo\" \/>\n\t<meta name=\"twitter:label2\" content=\"Temps estimat de lectura\" \/>\n\t<meta name=\"twitter:data2\" content=\"3 minuts\" \/>\n<script type=\"application\/ld+json\" class=\"yoast-schema-graph\">{\"@context\":\"https:\\\/\\\/schema.org\",\"@graph\":[{\"@type\":\"Article\",\"@id\":\"https:\\\/\\\/www.sindicaturabarcelona.cat\\\/ca\\\/sindic-barcelona-engega-a-peu-de-carrer\\\/#article\",\"isPartOf\":{\"@id\":\"https:\\\/\\\/www.sindicaturabarcelona.cat\\\/ca\\\/sindic-barcelona-engega-a-peu-de-carrer\\\/\"},\"author\":{\"name\":\"Pablo\",\"@id\":\"https:\\\/\\\/www.sindicaturabarcelona.cat\\\/ca\\\/#\\\/schema\\\/person\\\/0e5acffc350ffdbc97578159322c9452\"},\"headline\":\"El s\u00edndic de Barcelona engega \u2018A peu de carrer\u2019, el projecte per acostar la Sindicatura als ve\u00efns i ve\u00efnes dels 73 barris de la ciutat\",\"datePublished\":\"2022-02-01T10:51:21+00:00\",\"dateModified\":\"2022-02-01T10:51:22+00:00\",\"mainEntityOfPage\":{\"@id\":\"https:\\\/\\\/www.sindicaturabarcelona.cat\\\/ca\\\/sindic-barcelona-engega-a-peu-de-carrer\\\/\"},\"wordCount\":565,\"publisher\":{\"@id\":\"https:\\\/\\\/www.sindicaturabarcelona.cat\\\/ca\\\/#organization\"},\"image\":{\"@id\":\"https:\\\/\\\/www.sindicaturabarcelona.cat\\\/ca\\\/sindic-barcelona-engega-a-peu-de-carrer\\\/#primaryimage\"},\"thumbnailUrl\":\"https:\\\/\\\/www.sindicaturabarcelona.cat\\\/wp-content\\\/uploads\\\/2022\\\/01\\\/Foto-8770-retallada-scaled.jpg\",\"keywords\":[\"a peu de carrer\",\"la pau\",\"sant marti\",\"sindic david bondia\",\"verneda\"],\"inLanguage\":\"ca\"},{\"@type\":\"WebPage\",\"@id\":\"https:\\\/\\\/www.sindicaturabarcelona.cat\\\/ca\\\/sindic-barcelona-engega-a-peu-de-carrer\\\/\",\"url\":\"https:\\\/\\\/www.sindicaturabarcelona.cat\\\/ca\\\/sindic-barcelona-engega-a-peu-de-carrer\\\/\",\"name\":\"El s\u00edndic de Barcelona engega \u2018A peu de carrer\u2019, el projecte per acostar la Sindicatura als ve\u00efns i ve\u00efnes dels 73 barris de la ciutat - Sindicatura de Greuges de Barcelona\",\"isPartOf\":{\"@id\":\"https:\\\/\\\/www.sindicaturabarcelona.cat\\\/ca\\\/#website\"},\"primaryImageOfPage\":{\"@id\":\"https:\\\/\\\/www.sindicaturabarcelona.cat\\\/ca\\\/sindic-barcelona-engega-a-peu-de-carrer\\\/#primaryimage\"},\"image\":{\"@id\":\"https:\\\/\\\/www.sindicaturabarcelona.cat\\\/ca\\\/sindic-barcelona-engega-a-peu-de-carrer\\\/#primaryimage\"},\"thumbnailUrl\":\"https:\\\/\\\/www.sindicaturabarcelona.cat\\\/wp-content\\\/uploads\\\/2022\\\/01\\\/Foto-8770-retallada-scaled.jpg\",\"datePublished\":\"2022-02-01T10:51:21+00:00\",\"dateModified\":\"2022-02-01T10:51:22+00:00\",\"description\":\"La primera visita d\u2019aquesta nova iniciativa va dur-se a terme a dos barris del Districte de Sant Mart\u00ed: Sant Mart\u00ed de Proven\u00e7als, i la Ve...\",\"breadcrumb\":{\"@id\":\"https:\\\/\\\/www.sindicaturabarcelona.cat\\\/ca\\\/sindic-barcelona-engega-a-peu-de-carrer\\\/#breadcrumb\"},\"inLanguage\":\"ca\",\"potentialAction\":[{\"@type\":\"ReadAction\",\"target\":[\"https:\\\/\\\/www.sindicaturabarcelona.cat\\\/ca\\\/sindic-barcelona-engega-a-peu-de-carrer\\\/\"]}]},{\"@type\":\"ImageObject\",\"inLanguage\":\"ca\",\"@id\":\"https:\\\/\\\/www.sindicaturabarcelona.cat\\\/ca\\\/sindic-barcelona-engega-a-peu-de-carrer\\\/#primaryimage\",\"url\":\"https:\\\/\\\/www.sindicaturabarcelona.cat\\\/wp-content\\\/uploads\\\/2022\\\/01\\\/Foto-8770-retallada-scaled.jpg\",\"contentUrl\":\"https:\\\/\\\/www.sindicaturabarcelona.cat\\\/wp-content\\\/uploads\\\/2022\\\/01\\\/Foto-8770-retallada-scaled.jpg\",\"width\":2560,\"height\":2016,\"caption\":\"S\u00edndic Bondia i Toni Santos\"},{\"@type\":\"BreadcrumbList\",\"@id\":\"https:\\\/\\\/www.sindicaturabarcelona.cat\\\/ca\\\/sindic-barcelona-engega-a-peu-de-carrer\\\/#breadcrumb\",\"itemListElement\":[{\"@type\":\"ListItem\",\"position\":1,\"name\":\"Inici\",\"item\":\"https:\\\/\\\/www.sindicaturabarcelona.cat\\\/ca\\\/\"},{\"@type\":\"ListItem\",\"position\":2,\"name\":\"El s\u00edndic de Barcelona engega \u2018A peu de carrer\u2019, el projecte per acostar la Sindicatura als ve\u00efns i ve\u00efnes dels 73 barris de la ciutat\"}]},{\"@type\":\"WebSite\",\"@id\":\"https:\\\/\\\/www.sindicaturabarcelona.cat\\\/ca\\\/#website\",\"url\":\"https:\\\/\\\/www.sindicaturabarcelona.cat\\\/ca\\\/\",\"name\":\"Sindicatura de Greuges de Barcelona\",\"description\":\"La defensoria dels teus drets\",\"publisher\":{\"@id\":\"https:\\\/\\\/www.sindicaturabarcelona.cat\\\/ca\\\/#organization\"},\"potentialAction\":[{\"@type\":\"SearchAction\",\"target\":{\"@type\":\"EntryPoint\",\"urlTemplate\":\"https:\\\/\\\/www.sindicaturabarcelona.cat\\\/ca\\\/?s={search_term_string}\"},\"query-input\":{\"@type\":\"PropertyValueSpecification\",\"valueRequired\":true,\"valueName\":\"search_term_string\"}}],\"inLanguage\":\"ca\"},{\"@type\":\"Organization\",\"@id\":\"https:\\\/\\\/www.sindicaturabarcelona.cat\\\/ca\\\/#organization\",\"name\":\"Sindicatura de Greuges de Barcelona\",\"url\":\"https:\\\/\\\/www.sindicaturabarcelona.cat\\\/ca\\\/\",\"logo\":{\"@type\":\"ImageObject\",\"inLanguage\":\"ca\",\"@id\":\"https:\\\/\\\/www.sindicaturabarcelona.cat\\\/ca\\\/#\\\/schema\\\/logo\\\/image\\\/\",\"url\":\"https:\\\/\\\/www.sindicaturabarcelona.cat\\\/wp-content\\\/uploads\\\/2023\\\/02\\\/logo_sindicatura.svg\",\"contentUrl\":\"https:\\\/\\\/www.sindicaturabarcelona.cat\\\/wp-content\\\/uploads\\\/2023\\\/02\\\/logo_sindicatura.svg\",\"caption\":\"Sindicatura de Greuges de Barcelona\"},\"image\":{\"@id\":\"https:\\\/\\\/www.sindicaturabarcelona.cat\\\/ca\\\/#\\\/schema\\\/logo\\\/image\\\/\"},\"sameAs\":[\"https:\\\/\\\/x.com\\\/sindicbarcelona\",\"https:\\\/\\\/www.instagram.com\\\/sindicbarcelona\\\/\",\"https:\\\/\\\/www.tiktok.com\\\/@sindicaturabcn\",\"https:\\\/\\\/t.me\\\/sindicaturabarcelona\"]},{\"@type\":\"Person\",\"@id\":\"https:\\\/\\\/www.sindicaturabarcelona.cat\\\/ca\\\/#\\\/schema\\\/person\\\/0e5acffc350ffdbc97578159322c9452\",\"name\":\"Pablo\",\"image\":{\"@type\":\"ImageObject\",\"inLanguage\":\"ca\",\"@id\":\"https:\\\/\\\/secure.gravatar.com\\\/avatar\\\/c948169b402ef9492afde705c3dfd5e90e1a6a84ef6840a91124f805a25a480f?s=96&d=mm&r=g\",\"url\":\"https:\\\/\\\/secure.gravatar.com\\\/avatar\\\/c948169b402ef9492afde705c3dfd5e90e1a6a84ef6840a91124f805a25a480f?s=96&d=mm&r=g\",\"contentUrl\":\"https:\\\/\\\/secure.gravatar.com\\\/avatar\\\/c948169b402ef9492afde705c3dfd5e90e1a6a84ef6840a91124f805a25a480f?s=96&d=mm&r=g\",\"caption\":\"Pablo\"},\"url\":\"https:\\\/\\\/www.sindicaturabarcelona.cat\\\/ca\\\/author\\\/pablo\\\/\"}]}<\/script>\n<!-- \/ Yoast SEO plugin. -->","yoast_head_json":{"title":"El s\u00edndic de Barcelona engega \u2018A peu de carrer\u2019, el projecte per acostar la Sindicatura als ve\u00efns i ve\u00efnes dels 73 barris de la ciutat - Sindicatura de Greuges de Barcelona","description":"La primera visita d\u2019aquesta nova iniciativa va dur-se a terme a dos barris del Districte de Sant Mart\u00ed: Sant Mart\u00ed de Proven\u00e7als, i la Ve...","robots":{"index":"index","follow":"follow","max-snippet":"max-snippet:-1","max-image-preview":"max-image-preview:large","max-video-preview":"max-video-preview:-1"},"canonical":"https:\/\/www.sindicaturabarcelona.cat\/ca\/sindic-barcelona-engega-a-peu-de-carrer\/","og_locale":"ca_ES","og_type":"article","og_title":"El s\u00edndic de Barcelona engega \u2018A peu de carrer\u2019, el projecte per acostar la Sindicatura als ve\u00efns i ve\u00efnes dels 73 barris de la ciutat - Sindicatura de Greuges de Barcelona","og_description":"La primera visita d\u2019aquesta nova iniciativa va dur-se a terme a dos barris del Districte de Sant Mart\u00ed: Sant Mart\u00ed de Proven\u00e7als, i la Ve...","og_url":"https:\/\/www.sindicaturabarcelona.cat\/ca\/sindic-barcelona-engega-a-peu-de-carrer\/","og_site_name":"Sindicatura de Greuges de Barcelona","article_published_time":"2022-02-01T10:51:21+00:00","article_modified_time":"2022-02-01T10:51:22+00:00","og_image":[{"width":2560,"height":2016,"url":"https:\/\/www.sindicaturabarcelona.cat\/wp-content\/uploads\/2022\/01\/Foto-8770-retallada-scaled.jpg","type":"image\/jpeg"}],"author":"Pablo","twitter_card":"summary_large_image","twitter_creator":"@sindicbarcelona","twitter_site":"@sindicbarcelona","twitter_misc":{"Escrit per":"Pablo","Temps estimat de lectura":"3 minuts"},"schema":{"@context":"https:\/\/schema.org","@graph":[{"@type":"Article","@id":"https:\/\/www.sindicaturabarcelona.cat\/ca\/sindic-barcelona-engega-a-peu-de-carrer\/#article","isPartOf":{"@id":"https:\/\/www.sindicaturabarcelona.cat\/ca\/sindic-barcelona-engega-a-peu-de-carrer\/"},"author":{"name":"Pablo","@id":"https:\/\/www.sindicaturabarcelona.cat\/ca\/#\/schema\/person\/0e5acffc350ffdbc97578159322c9452"},"headline":"El s\u00edndic de Barcelona engega \u2018A peu de carrer\u2019, el projecte per acostar la Sindicatura als ve\u00efns i ve\u00efnes dels 73 barris de la ciutat","datePublished":"2022-02-01T10:51:21+00:00","dateModified":"2022-02-01T10:51:22+00:00","mainEntityOfPage":{"@id":"https:\/\/www.sindicaturabarcelona.cat\/ca\/sindic-barcelona-engega-a-peu-de-carrer\/"},"wordCount":565,"publisher":{"@id":"https:\/\/www.sindicaturabarcelona.cat\/ca\/#organization"},"image":{"@id":"https:\/\/www.sindicaturabarcelona.cat\/ca\/sindic-barcelona-engega-a-peu-de-carrer\/#primaryimage"},"thumbnailUrl":"https:\/\/www.sindicaturabarcelona.cat\/wp-content\/uploads\/2022\/01\/Foto-8770-retallada-scaled.jpg","keywords":["a peu de carrer","la pau","sant marti","sindic david bondia","verneda"],"inLanguage":"ca"},{"@type":"WebPage","@id":"https:\/\/www.sindicaturabarcelona.cat\/ca\/sindic-barcelona-engega-a-peu-de-carrer\/","url":"https:\/\/www.sindicaturabarcelona.cat\/ca\/sindic-barcelona-engega-a-peu-de-carrer\/","name":"El s\u00edndic de Barcelona engega \u2018A peu de carrer\u2019, el projecte per acostar la Sindicatura als ve\u00efns i ve\u00efnes dels 73 barris de la ciutat - Sindicatura de Greuges de Barcelona","isPartOf":{"@id":"https:\/\/www.sindicaturabarcelona.cat\/ca\/#website"},"primaryImageOfPage":{"@id":"https:\/\/www.sindicaturabarcelona.cat\/ca\/sindic-barcelona-engega-a-peu-de-carrer\/#primaryimage"},"image":{"@id":"https:\/\/www.sindicaturabarcelona.cat\/ca\/sindic-barcelona-engega-a-peu-de-carrer\/#primaryimage"},"thumbnailUrl":"https:\/\/www.sindicaturabarcelona.cat\/wp-content\/uploads\/2022\/01\/Foto-8770-retallada-scaled.jpg","datePublished":"2022-02-01T10:51:21+00:00","dateModified":"2022-02-01T10:51:22+00:00","description":"La primera visita d\u2019aquesta nova iniciativa va dur-se a terme a dos barris del Districte de Sant Mart\u00ed: Sant Mart\u00ed de Proven\u00e7als, i la Ve...","breadcrumb":{"@id":"https:\/\/www.sindicaturabarcelona.cat\/ca\/sindic-barcelona-engega-a-peu-de-carrer\/#breadcrumb"},"inLanguage":"ca","potentialAction":[{"@type":"ReadAction","target":["https:\/\/www.sindicaturabarcelona.cat\/ca\/sindic-barcelona-engega-a-peu-de-carrer\/"]}]},{"@type":"ImageObject","inLanguage":"ca","@id":"https:\/\/www.sindicaturabarcelona.cat\/ca\/sindic-barcelona-engega-a-peu-de-carrer\/#primaryimage","url":"https:\/\/www.sindicaturabarcelona.cat\/wp-content\/uploads\/2022\/01\/Foto-8770-retallada-scaled.jpg","contentUrl":"https:\/\/www.sindicaturabarcelona.cat\/wp-content\/uploads\/2022\/01\/Foto-8770-retallada-scaled.jpg","width":2560,"height":2016,"caption":"S\u00edndic Bondia i Toni Santos"},{"@type":"BreadcrumbList","@id":"https:\/\/www.sindicaturabarcelona.cat\/ca\/sindic-barcelona-engega-a-peu-de-carrer\/#breadcrumb","itemListElement":[{"@type":"ListItem","position":1,"name":"Inici","item":"https:\/\/www.sindicaturabarcelona.cat\/ca\/"},{"@type":"ListItem","position":2,"name":"El s\u00edndic de Barcelona engega \u2018A peu de carrer\u2019, el projecte per acostar la Sindicatura als ve\u00efns i ve\u00efnes dels 73 barris de la ciutat"}]},{"@type":"WebSite","@id":"https:\/\/www.sindicaturabarcelona.cat\/ca\/#website","url":"https:\/\/www.sindicaturabarcelona.cat\/ca\/","name":"Sindicatura de Greuges de Barcelona","description":"La defensoria dels teus drets","publisher":{"@id":"https:\/\/www.sindicaturabarcelona.cat\/ca\/#organization"},"potentialAction":[{"@type":"SearchAction","target":{"@type":"EntryPoint","urlTemplate":"https:\/\/www.sindicaturabarcelona.cat\/ca\/?s={search_term_string}"},"query-input":{"@type":"PropertyValueSpecification","valueRequired":true,"valueName":"search_term_string"}}],"inLanguage":"ca"},{"@type":"Organization","@id":"https:\/\/www.sindicaturabarcelona.cat\/ca\/#organization","name":"Sindicatura de Greuges de Barcelona","url":"https:\/\/www.sindicaturabarcelona.cat\/ca\/","logo":{"@type":"ImageObject","inLanguage":"ca","@id":"https:\/\/www.sindicaturabarcelona.cat\/ca\/#\/schema\/logo\/image\/","url":"https:\/\/www.sindicaturabarcelona.cat\/wp-content\/uploads\/2023\/02\/logo_sindicatura.svg","contentUrl":"https:\/\/www.sindicaturabarcelona.cat\/wp-content\/uploads\/2023\/02\/logo_sindicatura.svg","caption":"Sindicatura de Greuges de Barcelona"},"image":{"@id":"https:\/\/www.sindicaturabarcelona.cat\/ca\/#\/schema\/logo\/image\/"},"sameAs":["https:\/\/x.com\/sindicbarcelona","https:\/\/www.instagram.com\/sindicbarcelona\/","https:\/\/www.tiktok.com\/@sindicaturabcn","https:\/\/t.me\/sindicaturabarcelona"]},{"@type":"Person","@id":"https:\/\/www.sindicaturabarcelona.cat\/ca\/#\/schema\/person\/0e5acffc350ffdbc97578159322c9452","name":"Pablo","image":{"@type":"ImageObject","inLanguage":"ca","@id":"https:\/\/secure.gravatar.com\/avatar\/c948169b402ef9492afde705c3dfd5e90e1a6a84ef6840a91124f805a25a480f?s=96&d=mm&r=g","url":"https:\/\/secure.gravatar.com\/avatar\/c948169b402ef9492afde705c3dfd5e90e1a6a84ef6840a91124f805a25a480f?s=96&d=mm&r=g","contentUrl":"https:\/\/secure.gravatar.com\/avatar\/c948169b402ef9492afde705c3dfd5e90e1a6a84ef6840a91124f805a25a480f?s=96&d=mm&r=g","caption":"Pablo"},"url":"https:\/\/www.sindicaturabarcelona.cat\/ca\/author\/pablo\/"}]}},"_links":{"self":[{"href":"https:\/\/www.sindicaturabarcelona.cat\/ca\/wp-json\/wp\/v2\/posts\/13449","targetHints":{"allow":["GET"]}}],"collection":[{"href":"https:\/\/www.sindicaturabarcelona.cat\/ca\/wp-json\/wp\/v2\/posts"}],"about":[{"href":"https:\/\/www.sindicaturabarcelona.cat\/ca\/wp-json\/wp\/v2\/types\/post"}],"author":[{"embeddable":true,"href":"https:\/\/www.sindicaturabarcelona.cat\/ca\/wp-json\/wp\/v2\/users\/2"}],"replies":[{"embeddable":true,"href":"https:\/\/www.sindicaturabarcelona.cat\/ca\/wp-json\/wp\/v2\/comments?post=13449"}],"version-history":[{"count":0,"href":"https:\/\/www.sindicaturabarcelona.cat\/ca\/wp-json\/wp\/v2\/posts\/13449\/revisions"}],"wp:featuredmedia":[{"embeddable":true,"href":"https:\/\/www.sindicaturabarcelona.cat\/ca\/wp-json\/wp\/v2\/media\/13450"}],"wp:attachment":[{"href":"https:\/\/www.sindicaturabarcelona.cat\/ca\/wp-json\/wp\/v2\/media?parent=13449"}],"wp:term":[{"taxonomy":"post_tag","embeddable":true,"href":"https:\/\/www.sindicaturabarcelona.cat\/ca\/wp-json\/wp\/v2\/tags?post=13449"},{"taxonomy":"drets","embeddable":true,"href":"https:\/\/www.sindicaturabarcelona.cat\/ca\/wp-json\/wp\/v2\/drets?post=13449"}],"curies":[{"name":"wp","href":"https:\/\/api.w.org\/{rel}","templated":true}]}}