{"id":13424,"date":"2022-01-28T12:17:16","date_gmt":"2022-01-28T10:17:16","guid":{"rendered":"https:\/\/www.sindicabarcelona.cat\/?p=13424"},"modified":"2022-01-28T12:17:16","modified_gmt":"2022-01-28T10:17:16","slug":"eva-garcia-chueca-nova-adjunta-sindicatura-greuges-barcelona","status":"publish","type":"post","link":"https:\/\/www.sindicaturabarcelona.cat\/ca\/eva-garcia-chueca-nova-adjunta-sindicatura-greuges-barcelona\/","title":{"rendered":"Eva Garcia Chueca, nomenada nova adjunta de la Sindicatura de Greuges de Barcelona"},"content":{"rendered":"\n<p class=\"has-text-align-justify\">El Plenari del Consell Municipal ha aprovat el nomenament d\u2019Eva Garc\u00eda Chueca com a nova adjunta de la <a href=\"https:\/\/www.sindicaturabarcelona.cat\/\" target=\"_blank\" aria-label=\"Sindicatura de Greuges de Barcelona (opens in a new tab)\" rel=\"noreferrer noopener\" class=\"ek-link\">Sindicatura de Greuges de Barcelona<\/a>, que substitueix en el c\u00e0rrec a Nat\u00e0lia Ferr\u00e9 Gir\u00f3, qui ha tingut aquesta responsabilitat des del mes de febrer de l\u2019any 2019.<\/p>\n\n\n\n<p class=\"has-text-align-justify\">Eva Garcia Chueca \u00e9s jurista, llicenciada en Dret per la Universitat de Barcelona (2004). Compta amb un <em>M\u00e0ster Europeu en Drets Humans i Democratitzaci\u00f3<\/em> per l\u2019European Inter-University Centre for Human Rights and Democratisation&nbsp;(2005), i un <em>M\u00e0ster en Ciutadania i Drets Humans: \u00c8tica i pol\u00edtica<\/em> per la Universitat de Barcelona (2010). Tamb\u00e9 \u00e9s Doctora Cum Laude en <em>Postcolonialismes i Ciutadania Global<\/em> per la Universitat de Co\u00efmbra.<\/p>\n\n\n\n<p class=\"has-text-align-justify\">Quant a la seva vessant professional, ha estat investigadora s\u00e8nior del programa <em>Ciutats Globals<\/em> del <a href=\"https:\/\/www.cidob.org\/ca\/\" target=\"_blank\" aria-label=\"CIDOB (opens in a new tab)\" rel=\"noreferrer noopener\" class=\"ek-link\">CIDOB<\/a> des de 2017. De 2011 a 2018 tamb\u00e9 va exercir com a investigadora en el Centre d\u2019Estudis Socials (CES) de la Universitat de Co\u00efmbra. Durant deu anys, va formar part de Ciutats i Governs Locals Units, des d\u2019on va assessorar a ciutats de tot el m\u00f3n en mat\u00e8ria de drets humans, pol\u00edtiques socials i de participaci\u00f3 ciutadana. Anteriorment, va treballar per la Diputaci\u00f3 de Barcelona en projectes de drets humans.<\/p>\n\n\n\n<p class=\"has-text-align-justify\">Durant la seva traject\u00f2ria, ha combinat la praxis professional i la recerca amb la doc\u00e8ncia en diversos centres universitaris: a l\u2019IBEI (Institut Barcelona d&#8217;Estudis Internacionals) ha impartit classes sobre les relacions internacionals de les ciutats globals; a la UOC (Universitat Oberta de Catalunya) \u00e9s professora col\u00b7laboradora de Drets Humans, i a la Universitat de Co\u00efmbra ha exercit com a docent convidada en el doctorat \u2018Sociologia de l\u2019Estat, del dret i de la just\u00edcia\u2019.<\/p>\n\n\n\n<p class=\"has-text-align-justify\">Les seves principals \u00e0rees de treball han estat els drets humans, el dret a la ciutat, les pol\u00edtiques urbanes, la inclusi\u00f3 social, la participaci\u00f3 ciutadana, els estudis postcolonials i els feminismes. <strong>\u201cEncaro aquest nou repte amb il\u00b7lusi\u00f3 i comprom\u00eds. Despr\u00e9s de tota una traject\u00f2ria professional dedicada a promoure els drets humans a trav\u00e9s de les pol\u00edtiques locals, ser\u00e0 un privilegi posar al servei de la meva ciutat aquesta experi\u00e8ncia\u201d<\/strong>, ha manifestat Eva Garcia Chueca, que ha afegit que <strong>\u201cla Sindicatura \u00e9s una instituci\u00f3 amb un gran potencial per fer realitat el dret a la ciutat de tots els barcelonins i barcelonines\u201d<\/strong>. <\/p>\n\n\n\n<p class=\"has-text-align-justify\">El s\u00edndic de greuges, David Bondia, ha valorat la nova incorporaci\u00f3: <strong>\u201cEncaixa perfectament amb el projecte de Sindicatura amb experi\u00e8ncia i compromesa amb els drets humans de proximitat que vaig presentar des de l\u2019inici del proc\u00e9s participatiu\u201d<\/strong>.<\/p>\n","protected":false},"excerpt":{"rendered":"<p>El Plenari del Consell Municipal ha aprovat el nomenament d\u2019Eva Garc\u00eda Chueca com a nova adjunta de la Sindicatura de Greuges de Barcelona, que substitueix en el c\u00e0rrec a Nat\u00e0lia [&hellip;]<\/p>\n","protected":false},"author":2,"featured_media":13443,"comment_status":"closed","ping_status":"open","sticky":false,"template":"","format":"standard","meta":{"_acf_changed":false,"footnotes":""},"tags":[1324,1323,1322],"drets":[],"class_list":["post-13424","post","type-post","status-publish","format-standard","has-post-thumbnail","hentry","tag-adjunta-sindic-barcelona","tag-adjunta-sindicatura-barcelona","tag-eva-garcia-chueca"],"acf":[],"yoast_head":"<!-- This site is optimized with the Yoast SEO plugin v27.5 - https:\/\/yoast.com\/product\/yoast-seo-wordpress\/ -->\n<title>Eva Garcia Chueca, nomenada nova adjunta de la Sindicatura de Greuges de Barcelona - Sindicatura de Greuges de Barcelona<\/title>\n<meta name=\"description\" content=\"El Plenari del Consell Municipal ha aprovat el nomenament d\u2019Eva Garc\u00eda Chueca com a nova adjunta de la Sindicatura de Greuges de Barcelona.\" \/>\n<meta name=\"robots\" content=\"index, follow, max-snippet:-1, max-image-preview:large, max-video-preview:-1\" \/>\n<link rel=\"canonical\" href=\"https:\/\/www.sindicaturabarcelona.cat\/ca\/eva-garcia-chueca-nova-adjunta-sindicatura-greuges-barcelona\/\" \/>\n<meta property=\"og:locale\" content=\"ca_ES\" \/>\n<meta property=\"og:type\" content=\"article\" \/>\n<meta property=\"og:title\" content=\"Eva Garcia Chueca, nomenada nova adjunta de la Sindicatura de Greuges de Barcelona - Sindicatura de Greuges de Barcelona\" \/>\n<meta property=\"og:description\" content=\"El Plenari del Consell Municipal ha aprovat el nomenament d\u2019Eva Garc\u00eda Chueca com a nova adjunta de la Sindicatura de Greuges de Barcelona.\" \/>\n<meta property=\"og:url\" content=\"https:\/\/www.sindicaturabarcelona.cat\/ca\/eva-garcia-chueca-nova-adjunta-sindicatura-greuges-barcelona\/\" \/>\n<meta property=\"og:site_name\" content=\"Sindicatura de Greuges de Barcelona\" \/>\n<meta property=\"article:published_time\" content=\"2022-01-28T10:17:16+00:00\" \/>\n<meta property=\"og:image\" content=\"https:\/\/www.sindicaturabarcelona.cat\/wp-content\/uploads\/2022\/01\/Eva-Garcia-Chueca-nova-adjunta-Sindicatura.jpg\" \/>\n\t<meta property=\"og:image:width\" content=\"400\" \/>\n\t<meta property=\"og:image:height\" content=\"400\" \/>\n\t<meta property=\"og:image:type\" content=\"image\/jpeg\" \/>\n<meta name=\"author\" content=\"Pablo\" \/>\n<meta name=\"twitter:card\" content=\"summary_large_image\" \/>\n<meta name=\"twitter:creator\" content=\"@sindicbarcelona\" \/>\n<meta name=\"twitter:site\" content=\"@sindicbarcelona\" \/>\n<meta name=\"twitter:label1\" content=\"Escrit per\" \/>\n\t<meta name=\"twitter:data1\" content=\"Pablo\" \/>\n\t<meta name=\"twitter:label2\" content=\"Temps estimat de lectura\" \/>\n\t<meta name=\"twitter:data2\" content=\"2 minuts\" \/>\n<script type=\"application\/ld+json\" class=\"yoast-schema-graph\">{\"@context\":\"https:\\\/\\\/schema.org\",\"@graph\":[{\"@type\":\"Article\",\"@id\":\"https:\\\/\\\/www.sindicaturabarcelona.cat\\\/ca\\\/eva-garcia-chueca-nova-adjunta-sindicatura-greuges-barcelona\\\/#article\",\"isPartOf\":{\"@id\":\"https:\\\/\\\/www.sindicaturabarcelona.cat\\\/ca\\\/eva-garcia-chueca-nova-adjunta-sindicatura-greuges-barcelona\\\/\"},\"author\":{\"name\":\"Pablo\",\"@id\":\"https:\\\/\\\/www.sindicaturabarcelona.cat\\\/ca\\\/#\\\/schema\\\/person\\\/0e5acffc350ffdbc97578159322c9452\"},\"headline\":\"Eva Garcia Chueca, nomenada nova adjunta de la Sindicatura de Greuges de Barcelona\",\"datePublished\":\"2022-01-28T10:17:16+00:00\",\"mainEntityOfPage\":{\"@id\":\"https:\\\/\\\/www.sindicaturabarcelona.cat\\\/ca\\\/eva-garcia-chueca-nova-adjunta-sindicatura-greuges-barcelona\\\/\"},\"wordCount\":452,\"publisher\":{\"@id\":\"https:\\\/\\\/www.sindicaturabarcelona.cat\\\/ca\\\/#organization\"},\"image\":{\"@id\":\"https:\\\/\\\/www.sindicaturabarcelona.cat\\\/ca\\\/eva-garcia-chueca-nova-adjunta-sindicatura-greuges-barcelona\\\/#primaryimage\"},\"thumbnailUrl\":\"https:\\\/\\\/www.sindicaturabarcelona.cat\\\/wp-content\\\/uploads\\\/2022\\\/01\\\/Eva-Garcia-Chueca-nova-adjunta-Sindicatura.jpg\",\"keywords\":[\"adjunta sindic barcelona\",\"adjunta sindicatura barcelona\",\"eva garcia chueca\"],\"inLanguage\":\"ca\"},{\"@type\":\"WebPage\",\"@id\":\"https:\\\/\\\/www.sindicaturabarcelona.cat\\\/ca\\\/eva-garcia-chueca-nova-adjunta-sindicatura-greuges-barcelona\\\/\",\"url\":\"https:\\\/\\\/www.sindicaturabarcelona.cat\\\/ca\\\/eva-garcia-chueca-nova-adjunta-sindicatura-greuges-barcelona\\\/\",\"name\":\"Eva Garcia Chueca, nomenada nova adjunta de la Sindicatura de Greuges de Barcelona - Sindicatura de Greuges de Barcelona\",\"isPartOf\":{\"@id\":\"https:\\\/\\\/www.sindicaturabarcelona.cat\\\/ca\\\/#website\"},\"primaryImageOfPage\":{\"@id\":\"https:\\\/\\\/www.sindicaturabarcelona.cat\\\/ca\\\/eva-garcia-chueca-nova-adjunta-sindicatura-greuges-barcelona\\\/#primaryimage\"},\"image\":{\"@id\":\"https:\\\/\\\/www.sindicaturabarcelona.cat\\\/ca\\\/eva-garcia-chueca-nova-adjunta-sindicatura-greuges-barcelona\\\/#primaryimage\"},\"thumbnailUrl\":\"https:\\\/\\\/www.sindicaturabarcelona.cat\\\/wp-content\\\/uploads\\\/2022\\\/01\\\/Eva-Garcia-Chueca-nova-adjunta-Sindicatura.jpg\",\"datePublished\":\"2022-01-28T10:17:16+00:00\",\"description\":\"El Plenari del Consell Municipal ha aprovat el nomenament d\u2019Eva Garc\u00eda Chueca com a nova adjunta de la Sindicatura de Greuges de Barcelona.\",\"breadcrumb\":{\"@id\":\"https:\\\/\\\/www.sindicaturabarcelona.cat\\\/ca\\\/eva-garcia-chueca-nova-adjunta-sindicatura-greuges-barcelona\\\/#breadcrumb\"},\"inLanguage\":\"ca\",\"potentialAction\":[{\"@type\":\"ReadAction\",\"target\":[\"https:\\\/\\\/www.sindicaturabarcelona.cat\\\/ca\\\/eva-garcia-chueca-nova-adjunta-sindicatura-greuges-barcelona\\\/\"]}]},{\"@type\":\"ImageObject\",\"inLanguage\":\"ca\",\"@id\":\"https:\\\/\\\/www.sindicaturabarcelona.cat\\\/ca\\\/eva-garcia-chueca-nova-adjunta-sindicatura-greuges-barcelona\\\/#primaryimage\",\"url\":\"https:\\\/\\\/www.sindicaturabarcelona.cat\\\/wp-content\\\/uploads\\\/2022\\\/01\\\/Eva-Garcia-Chueca-nova-adjunta-Sindicatura.jpg\",\"contentUrl\":\"https:\\\/\\\/www.sindicaturabarcelona.cat\\\/wp-content\\\/uploads\\\/2022\\\/01\\\/Eva-Garcia-Chueca-nova-adjunta-Sindicatura.jpg\",\"width\":400,\"height\":400},{\"@type\":\"BreadcrumbList\",\"@id\":\"https:\\\/\\\/www.sindicaturabarcelona.cat\\\/ca\\\/eva-garcia-chueca-nova-adjunta-sindicatura-greuges-barcelona\\\/#breadcrumb\",\"itemListElement\":[{\"@type\":\"ListItem\",\"position\":1,\"name\":\"Inici\",\"item\":\"https:\\\/\\\/www.sindicaturabarcelona.cat\\\/ca\\\/\"},{\"@type\":\"ListItem\",\"position\":2,\"name\":\"Eva Garcia Chueca, nomenada nova adjunta de la Sindicatura de Greuges de Barcelona\"}]},{\"@type\":\"WebSite\",\"@id\":\"https:\\\/\\\/www.sindicaturabarcelona.cat\\\/ca\\\/#website\",\"url\":\"https:\\\/\\\/www.sindicaturabarcelona.cat\\\/ca\\\/\",\"name\":\"Sindicatura de Greuges de Barcelona\",\"description\":\"La defensoria dels teus drets\",\"publisher\":{\"@id\":\"https:\\\/\\\/www.sindicaturabarcelona.cat\\\/ca\\\/#organization\"},\"potentialAction\":[{\"@type\":\"SearchAction\",\"target\":{\"@type\":\"EntryPoint\",\"urlTemplate\":\"https:\\\/\\\/www.sindicaturabarcelona.cat\\\/ca\\\/?s={search_term_string}\"},\"query-input\":{\"@type\":\"PropertyValueSpecification\",\"valueRequired\":true,\"valueName\":\"search_term_string\"}}],\"inLanguage\":\"ca\"},{\"@type\":\"Organization\",\"@id\":\"https:\\\/\\\/www.sindicaturabarcelona.cat\\\/ca\\\/#organization\",\"name\":\"Sindicatura de Greuges de Barcelona\",\"url\":\"https:\\\/\\\/www.sindicaturabarcelona.cat\\\/ca\\\/\",\"logo\":{\"@type\":\"ImageObject\",\"inLanguage\":\"ca\",\"@id\":\"https:\\\/\\\/www.sindicaturabarcelona.cat\\\/ca\\\/#\\\/schema\\\/logo\\\/image\\\/\",\"url\":\"https:\\\/\\\/www.sindicaturabarcelona.cat\\\/wp-content\\\/uploads\\\/2023\\\/02\\\/logo_sindicatura.svg\",\"contentUrl\":\"https:\\\/\\\/www.sindicaturabarcelona.cat\\\/wp-content\\\/uploads\\\/2023\\\/02\\\/logo_sindicatura.svg\",\"caption\":\"Sindicatura de Greuges de Barcelona\"},\"image\":{\"@id\":\"https:\\\/\\\/www.sindicaturabarcelona.cat\\\/ca\\\/#\\\/schema\\\/logo\\\/image\\\/\"},\"sameAs\":[\"https:\\\/\\\/x.com\\\/sindicbarcelona\",\"https:\\\/\\\/www.instagram.com\\\/sindicbarcelona\\\/\",\"https:\\\/\\\/www.tiktok.com\\\/@sindicaturabcn\",\"https:\\\/\\\/t.me\\\/sindicaturabarcelona\"]},{\"@type\":\"Person\",\"@id\":\"https:\\\/\\\/www.sindicaturabarcelona.cat\\\/ca\\\/#\\\/schema\\\/person\\\/0e5acffc350ffdbc97578159322c9452\",\"name\":\"Pablo\",\"image\":{\"@type\":\"ImageObject\",\"inLanguage\":\"ca\",\"@id\":\"https:\\\/\\\/secure.gravatar.com\\\/avatar\\\/c948169b402ef9492afde705c3dfd5e90e1a6a84ef6840a91124f805a25a480f?s=96&d=mm&r=g\",\"url\":\"https:\\\/\\\/secure.gravatar.com\\\/avatar\\\/c948169b402ef9492afde705c3dfd5e90e1a6a84ef6840a91124f805a25a480f?s=96&d=mm&r=g\",\"contentUrl\":\"https:\\\/\\\/secure.gravatar.com\\\/avatar\\\/c948169b402ef9492afde705c3dfd5e90e1a6a84ef6840a91124f805a25a480f?s=96&d=mm&r=g\",\"caption\":\"Pablo\"},\"url\":\"https:\\\/\\\/www.sindicaturabarcelona.cat\\\/ca\\\/author\\\/pablo\\\/\"}]}<\/script>\n<!-- \/ Yoast SEO plugin. -->","yoast_head_json":{"title":"Eva Garcia Chueca, nomenada nova adjunta de la Sindicatura de Greuges de Barcelona - Sindicatura de Greuges de Barcelona","description":"El Plenari del Consell Municipal ha aprovat el nomenament d\u2019Eva Garc\u00eda Chueca com a nova adjunta de la Sindicatura de Greuges de Barcelona.","robots":{"index":"index","follow":"follow","max-snippet":"max-snippet:-1","max-image-preview":"max-image-preview:large","max-video-preview":"max-video-preview:-1"},"canonical":"https:\/\/www.sindicaturabarcelona.cat\/ca\/eva-garcia-chueca-nova-adjunta-sindicatura-greuges-barcelona\/","og_locale":"ca_ES","og_type":"article","og_title":"Eva Garcia Chueca, nomenada nova adjunta de la Sindicatura de Greuges de Barcelona - Sindicatura de Greuges de Barcelona","og_description":"El Plenari del Consell Municipal ha aprovat el nomenament d\u2019Eva Garc\u00eda Chueca com a nova adjunta de la Sindicatura de Greuges de Barcelona.","og_url":"https:\/\/www.sindicaturabarcelona.cat\/ca\/eva-garcia-chueca-nova-adjunta-sindicatura-greuges-barcelona\/","og_site_name":"Sindicatura de Greuges de Barcelona","article_published_time":"2022-01-28T10:17:16+00:00","og_image":[{"width":400,"height":400,"url":"https:\/\/www.sindicaturabarcelona.cat\/wp-content\/uploads\/2022\/01\/Eva-Garcia-Chueca-nova-adjunta-Sindicatura.jpg","type":"image\/jpeg"}],"author":"Pablo","twitter_card":"summary_large_image","twitter_creator":"@sindicbarcelona","twitter_site":"@sindicbarcelona","twitter_misc":{"Escrit per":"Pablo","Temps estimat de lectura":"2 minuts"},"schema":{"@context":"https:\/\/schema.org","@graph":[{"@type":"Article","@id":"https:\/\/www.sindicaturabarcelona.cat\/ca\/eva-garcia-chueca-nova-adjunta-sindicatura-greuges-barcelona\/#article","isPartOf":{"@id":"https:\/\/www.sindicaturabarcelona.cat\/ca\/eva-garcia-chueca-nova-adjunta-sindicatura-greuges-barcelona\/"},"author":{"name":"Pablo","@id":"https:\/\/www.sindicaturabarcelona.cat\/ca\/#\/schema\/person\/0e5acffc350ffdbc97578159322c9452"},"headline":"Eva Garcia Chueca, nomenada nova adjunta de la Sindicatura de Greuges de Barcelona","datePublished":"2022-01-28T10:17:16+00:00","mainEntityOfPage":{"@id":"https:\/\/www.sindicaturabarcelona.cat\/ca\/eva-garcia-chueca-nova-adjunta-sindicatura-greuges-barcelona\/"},"wordCount":452,"publisher":{"@id":"https:\/\/www.sindicaturabarcelona.cat\/ca\/#organization"},"image":{"@id":"https:\/\/www.sindicaturabarcelona.cat\/ca\/eva-garcia-chueca-nova-adjunta-sindicatura-greuges-barcelona\/#primaryimage"},"thumbnailUrl":"https:\/\/www.sindicaturabarcelona.cat\/wp-content\/uploads\/2022\/01\/Eva-Garcia-Chueca-nova-adjunta-Sindicatura.jpg","keywords":["adjunta sindic barcelona","adjunta sindicatura barcelona","eva garcia chueca"],"inLanguage":"ca"},{"@type":"WebPage","@id":"https:\/\/www.sindicaturabarcelona.cat\/ca\/eva-garcia-chueca-nova-adjunta-sindicatura-greuges-barcelona\/","url":"https:\/\/www.sindicaturabarcelona.cat\/ca\/eva-garcia-chueca-nova-adjunta-sindicatura-greuges-barcelona\/","name":"Eva Garcia Chueca, nomenada nova adjunta de la Sindicatura de Greuges de Barcelona - Sindicatura de Greuges de Barcelona","isPartOf":{"@id":"https:\/\/www.sindicaturabarcelona.cat\/ca\/#website"},"primaryImageOfPage":{"@id":"https:\/\/www.sindicaturabarcelona.cat\/ca\/eva-garcia-chueca-nova-adjunta-sindicatura-greuges-barcelona\/#primaryimage"},"image":{"@id":"https:\/\/www.sindicaturabarcelona.cat\/ca\/eva-garcia-chueca-nova-adjunta-sindicatura-greuges-barcelona\/#primaryimage"},"thumbnailUrl":"https:\/\/www.sindicaturabarcelona.cat\/wp-content\/uploads\/2022\/01\/Eva-Garcia-Chueca-nova-adjunta-Sindicatura.jpg","datePublished":"2022-01-28T10:17:16+00:00","description":"El Plenari del Consell Municipal ha aprovat el nomenament d\u2019Eva Garc\u00eda Chueca com a nova adjunta de la Sindicatura de Greuges de Barcelona.","breadcrumb":{"@id":"https:\/\/www.sindicaturabarcelona.cat\/ca\/eva-garcia-chueca-nova-adjunta-sindicatura-greuges-barcelona\/#breadcrumb"},"inLanguage":"ca","potentialAction":[{"@type":"ReadAction","target":["https:\/\/www.sindicaturabarcelona.cat\/ca\/eva-garcia-chueca-nova-adjunta-sindicatura-greuges-barcelona\/"]}]},{"@type":"ImageObject","inLanguage":"ca","@id":"https:\/\/www.sindicaturabarcelona.cat\/ca\/eva-garcia-chueca-nova-adjunta-sindicatura-greuges-barcelona\/#primaryimage","url":"https:\/\/www.sindicaturabarcelona.cat\/wp-content\/uploads\/2022\/01\/Eva-Garcia-Chueca-nova-adjunta-Sindicatura.jpg","contentUrl":"https:\/\/www.sindicaturabarcelona.cat\/wp-content\/uploads\/2022\/01\/Eva-Garcia-Chueca-nova-adjunta-Sindicatura.jpg","width":400,"height":400},{"@type":"BreadcrumbList","@id":"https:\/\/www.sindicaturabarcelona.cat\/ca\/eva-garcia-chueca-nova-adjunta-sindicatura-greuges-barcelona\/#breadcrumb","itemListElement":[{"@type":"ListItem","position":1,"name":"Inici","item":"https:\/\/www.sindicaturabarcelona.cat\/ca\/"},{"@type":"ListItem","position":2,"name":"Eva Garcia Chueca, nomenada nova adjunta de la Sindicatura de Greuges de Barcelona"}]},{"@type":"WebSite","@id":"https:\/\/www.sindicaturabarcelona.cat\/ca\/#website","url":"https:\/\/www.sindicaturabarcelona.cat\/ca\/","name":"Sindicatura de Greuges de Barcelona","description":"La defensoria dels teus drets","publisher":{"@id":"https:\/\/www.sindicaturabarcelona.cat\/ca\/#organization"},"potentialAction":[{"@type":"SearchAction","target":{"@type":"EntryPoint","urlTemplate":"https:\/\/www.sindicaturabarcelona.cat\/ca\/?s={search_term_string}"},"query-input":{"@type":"PropertyValueSpecification","valueRequired":true,"valueName":"search_term_string"}}],"inLanguage":"ca"},{"@type":"Organization","@id":"https:\/\/www.sindicaturabarcelona.cat\/ca\/#organization","name":"Sindicatura de Greuges de Barcelona","url":"https:\/\/www.sindicaturabarcelona.cat\/ca\/","logo":{"@type":"ImageObject","inLanguage":"ca","@id":"https:\/\/www.sindicaturabarcelona.cat\/ca\/#\/schema\/logo\/image\/","url":"https:\/\/www.sindicaturabarcelona.cat\/wp-content\/uploads\/2023\/02\/logo_sindicatura.svg","contentUrl":"https:\/\/www.sindicaturabarcelona.cat\/wp-content\/uploads\/2023\/02\/logo_sindicatura.svg","caption":"Sindicatura de Greuges de Barcelona"},"image":{"@id":"https:\/\/www.sindicaturabarcelona.cat\/ca\/#\/schema\/logo\/image\/"},"sameAs":["https:\/\/x.com\/sindicbarcelona","https:\/\/www.instagram.com\/sindicbarcelona\/","https:\/\/www.tiktok.com\/@sindicaturabcn","https:\/\/t.me\/sindicaturabarcelona"]},{"@type":"Person","@id":"https:\/\/www.sindicaturabarcelona.cat\/ca\/#\/schema\/person\/0e5acffc350ffdbc97578159322c9452","name":"Pablo","image":{"@type":"ImageObject","inLanguage":"ca","@id":"https:\/\/secure.gravatar.com\/avatar\/c948169b402ef9492afde705c3dfd5e90e1a6a84ef6840a91124f805a25a480f?s=96&d=mm&r=g","url":"https:\/\/secure.gravatar.com\/avatar\/c948169b402ef9492afde705c3dfd5e90e1a6a84ef6840a91124f805a25a480f?s=96&d=mm&r=g","contentUrl":"https:\/\/secure.gravatar.com\/avatar\/c948169b402ef9492afde705c3dfd5e90e1a6a84ef6840a91124f805a25a480f?s=96&d=mm&r=g","caption":"Pablo"},"url":"https:\/\/www.sindicaturabarcelona.cat\/ca\/author\/pablo\/"}]}},"_links":{"self":[{"href":"https:\/\/www.sindicaturabarcelona.cat\/ca\/wp-json\/wp\/v2\/posts\/13424","targetHints":{"allow":["GET"]}}],"collection":[{"href":"https:\/\/www.sindicaturabarcelona.cat\/ca\/wp-json\/wp\/v2\/posts"}],"about":[{"href":"https:\/\/www.sindicaturabarcelona.cat\/ca\/wp-json\/wp\/v2\/types\/post"}],"author":[{"embeddable":true,"href":"https:\/\/www.sindicaturabarcelona.cat\/ca\/wp-json\/wp\/v2\/users\/2"}],"replies":[{"embeddable":true,"href":"https:\/\/www.sindicaturabarcelona.cat\/ca\/wp-json\/wp\/v2\/comments?post=13424"}],"version-history":[{"count":0,"href":"https:\/\/www.sindicaturabarcelona.cat\/ca\/wp-json\/wp\/v2\/posts\/13424\/revisions"}],"wp:featuredmedia":[{"embeddable":true,"href":"https:\/\/www.sindicaturabarcelona.cat\/ca\/wp-json\/wp\/v2\/media\/13443"}],"wp:attachment":[{"href":"https:\/\/www.sindicaturabarcelona.cat\/ca\/wp-json\/wp\/v2\/media?parent=13424"}],"wp:term":[{"taxonomy":"post_tag","embeddable":true,"href":"https:\/\/www.sindicaturabarcelona.cat\/ca\/wp-json\/wp\/v2\/tags?post=13424"},{"taxonomy":"drets","embeddable":true,"href":"https:\/\/www.sindicaturabarcelona.cat\/ca\/wp-json\/wp\/v2\/drets?post=13424"}],"curies":[{"name":"wp","href":"https:\/\/api.w.org\/{rel}","templated":true}]}}