{"id":13342,"date":"2022-01-11T18:00:36","date_gmt":"2022-01-11T16:00:36","guid":{"rendered":"https:\/\/www.sindicabarcelona.cat\/?p=13342"},"modified":"2023-05-11T13:36:00","modified_gmt":"2023-05-11T11:36:00","slug":"sindic-recomana-a-ibe-mesures-control-que-evitin-discriminacions","status":"publish","type":"post","link":"https:\/\/www.sindicaturabarcelona.cat\/ca\/sindic-recomana-a-ibe-mesures-control-que-evitin-discriminacions\/","title":{"rendered":"El s\u00edndic recomana a l\u2019IBE que estableixi mesures de control per evitar la repetici\u00f3 de situacions discriminat\u00f2ries"},"content":{"rendered":"\n<blockquote class=\"wp-block-quote is-style-large is-layout-flow wp-block-quote-is-layout-flow\">\n<p><strong>La Sindicatura de Greuges de Barcelona ha concl\u00f2s que l\u2019expulsi\u00f3 de l\u2019infant de l\u2019activitat el primer dia \u00e9s una situaci\u00f3 discriminat\u00f2ria que vulnera els seus drets<\/strong>.<\/p>\n<\/blockquote>\n\n\n\n<p class=\"has-text-align-justify\">La Sindicatura de Greuges de Barcelona ha recomanat a l\u2019Institut Barcelona Esports (IBE) que estableixi les mesures de control oportunes per evitar la repetici\u00f3 de situacions discriminat\u00f2ries, aix\u00ed com valorar si els fets d\u2019aquesta desigualtat s\u00f3n susceptibles d\u2019infracci\u00f3 administrativa.<\/p>\n\n\n\n<h3 class=\"wp-block-heading\"><strong>Discriminaci\u00f3 d\u2019un infant en un casal d\u2019estiu<\/strong><\/h3>\n\n\n\n<p class=\"has-text-align-justify\">Una fam\u00edlia barcelonina va dirigir-se a la <a href=\"https:\/\/www.sindicaturabarcelona.cat\/\" target=\"_blank\" aria-label=\"Sindicatura de Greuges de Barcelona (opens in a new tab)\" rel=\"noreferrer noopener\" class=\"ek-link\">Sindicatura de Greuges de Barcelona<\/a> per traslladar el malestar pel tracte rebut pel seu fill a un casal d\u2019estiu organitzat per un Centre Esportiu Municipal (CEM) gestionat per una entitat privada.<\/p>\n\n\n\n<p class=\"has-text-align-justify\">Exposava que el seu fill de 6 anys presenta dificultats en l\u2019aprenentatge, fet que no ha impedit seguir l\u2019escolaritzaci\u00f3 i dur a terme qualsevol activitat. T\u00e9 certs problemes pel que fa a la lectura, l\u2019escriptura o les matem\u00e0tiques, on compta amb una persona de suport a l\u2019escola, per\u00f2 activitats com la psicomotricitat, la piscina, l\u2019angl\u00e8s, la m\u00fasica o la pl\u00e0stica les gestiona sol.<\/p>\n\n\n\n<p class=\"has-text-align-justify\">D\u2019acord amb les recomanacions rebudes, tant de la psic\u00f2loga de l\u2019escola com de la psicopedagoga del Centre de Salut Mental Infantil i Juvenil, la fam\u00edlia va apuntar el seu fill a un casal d\u2019estiu per facilitar la socialitzaci\u00f3 de l\u2019infant i compartir el joc. Primer va assistir al casal de l\u2019escola durant dues setmanes, on tot va anar b\u00e9, i posteriorment el van inscriure una setmana a aquest casal d\u2019estiu.<\/p>\n\n\n\n<p class=\"has-text-align-justify\">Abans d\u2019iniciar l\u2019activitat, la fam\u00edlia va contactar amb el responsable del casal per explicar la situaci\u00f3 del seu fill, i se\u2019ls va respondre que no hi havia cap dificultat perqu\u00e8 tenien un equip preparat. Tanmateix, el primer dia, en el moment de recollir l\u2019infant, el responsable els va dir que el seu fill havia donat molts problemes; que feia endarrerir el grup a les activitats; que no podria assistir a la sortida l\u00fadica a un parc aqu\u00e0tic perqu\u00e8 no se\u2019l podia deixar sol, i que no podien tenir un monitor nom\u00e9s per a un nen, de forma que l\u2019opci\u00f3 seria que l\u2019endem\u00e0 no torn\u00e9s al Casal.<\/p>\n\n\n\n<p class=\"has-text-align-justify\"><strong>La fam\u00edlia considera inadmissible la vulneraci\u00f3 de drets que va patir el seu fill en una instal\u00b7laci\u00f3 p\u00fablica de l\u2019Ajuntament de Barcelona, aix\u00ed com el dany moral i l\u2019afectaci\u00f3 per la seva autoestima<\/strong>, motiu pel qual van decidir presentar una queixa per escrit al centre.<\/p>\n\n\n\n<h3 class=\"wp-block-heading\"><strong>L\u2019actuaci\u00f3 municipal<\/strong><\/h3>\n\n\n\n<p class=\"has-text-align-justify\">L\u2019<a href=\"https:\/\/ajuntament.barcelona.cat\/esports\/ca\/home\" target=\"_blank\" aria-label=\"Institut Barcelona Esports (opens in a new tab)\" rel=\"noreferrer noopener\" class=\"ek-link\">Institut Barcelona Esports<\/a> ha informat la Sindicatura de Greuges de Barcelona que immediatament despr\u00e9s de tenir coneixement d\u2019aquests fets, va posar-se en contacte amb la fam\u00edlia i amb el gerent de l\u2019entitat. Des de l\u2019IBE s\u2019afegeix que no hi ha const\u00e0ncia de fets similars en tots els anys que aquesta entitat porta gestionant el centre esportiu municipal.&nbsp;<\/p>\n\n\n\n<p class=\"has-text-align-justify\">Per \u00faltim, l\u2019IBE va contactar amb la fam\u00edlia, va lamentar els fets succe\u00efts i va exposar la voluntat de continuar treballant amb el club en el marc del programa <em>Esport Inclou<\/em>, per evitar que torni a repetir-se una situaci\u00f3 com aquesta.<\/p>\n\n\n\n<h3 class=\"wp-block-heading\"><strong>Les valoracions de la Sindicatura<\/strong><\/h3>\n\n\n\n<p class=\"has-text-align-justify\">Aquesta activitat d\u2019estiu per a infants t\u00e9 lloc en el context del <em>Protocol de la campanya d\u2019activitats de vacances d\u2019estiu per a infants i adolescents<\/em> de l\u2019Ajuntament, que t\u00e9 l\u2019objectiu que totes les activitats de la campanya siguin inclusives. Per aquest motiu, s\u2019hauran de fer efectius els mitjans per a la participaci\u00f3 de tots els infants amb independ\u00e8ncia de les seves condicions f\u00edsiques, ps\u00edquiques o sensorials.<\/p>\n\n\n\n<p class=\"has-text-align-justify\">Per a aquesta finalitat, el Protocol requereix que les activitats disposin dels recursos t\u00e8cnics i humans necessaris per garantir la inclusi\u00f3. En cas que l\u2019infant presenti unes necessitats d\u2019atenci\u00f3 espec\u00edfiques, l\u2019Ajuntament d\u00f3na suport a l\u2019entitat promotora complementant l\u2019equip de monitors, i fins i tot preveu un tant per cent de reserves de places.<\/p>\n\n\n\n<p class=\"has-text-align-justify\"><strong>Des de la Sindicatura de Greuges de Barcelona s\u2019ha concl\u00f2s que l\u2019expulsi\u00f3 de l\u2019infant de l\u2019activitat el primer dia \u00e9s una situaci\u00f3 discriminat\u00f2ria i que vulnera els seus drets<\/strong>, tal com ho han reconegut l\u2019entitat gestora i l\u2019IBE, que van oferir disculpes a la fam\u00edlia des del primer moment, amb la indicaci\u00f3 que no tornaria a passar.<\/p>\n\n\n\n<p class=\"has-text-align-justify\">Les pol\u00edtiques de l\u2019Ajuntament fan \u00e8mfasi i treballen per un esport inclusiu que permeti gaudir a tothom, especialment als infants i adolescents. La Sindicatura de Greuges de Barcelona vol destacar que, m\u00e9s enll\u00e0 de les disculpes, per tal que situacions com aquesta no es tornin a repetir i establir mecanismes de control per evitar-ho, <strong>cal valorar si l\u2019actuaci\u00f3 de l\u2019entitat gestora suposa la vulneraci\u00f3 de l\u2019ordenament jur\u00eddic i la comissi\u00f3 d\u2019alguna infracci\u00f3 administrativa que requereixi sanci\u00f3<\/strong>.<\/p>\n","protected":false},"excerpt":{"rendered":"<p>La Sindicatura de Greuges de Barcelona ha concl\u00f2s que l\u2019expulsi\u00f3 de l\u2019infant de l\u2019activitat el primer dia \u00e9s una situaci\u00f3 discriminat\u00f2ria que vulnera els seus drets. La Sindicatura de Greuges [&hellip;]<\/p>\n","protected":false},"author":2,"featured_media":13343,"comment_status":"closed","ping_status":"open","sticky":false,"template":"","format":"standard","meta":{"_acf_changed":false,"footnotes":""},"tags":[1306,1307,1305],"drets":[1428,1433,1442,1462],"class_list":["post-13342","post","type-post","status-publish","format-standard","has-post-thumbnail","hentry","tag-casal-estiu","tag-discriminacio-infancia","tag-lleure","drets-ciutat-equitativa","drets-dret-a-lesport","drets-ciutat-diversa","drets-drets-de-la-infancia-i-ladolescencia"],"acf":[],"yoast_head":"<!-- This site is optimized with the Yoast SEO plugin v27.5 - https:\/\/yoast.com\/product\/yoast-seo-wordpress\/ -->\n<title>El s\u00edndic recomana a l\u2019IBE que estableixi mesures de control per evitar la repetici\u00f3 de situacions discriminat\u00f2ries - Sindicatura de Greuges de Barcelona<\/title>\n<meta name=\"description\" content=\"La Sindicatura ha concl\u00f2s que l\u2019expulsi\u00f3 de l\u2019infant de l\u2019activitat el primer dia \u00e9s una situaci\u00f3 discriminat\u00f2ria que vulnera els seus drets\" \/>\n<meta name=\"robots\" content=\"index, follow, max-snippet:-1, max-image-preview:large, max-video-preview:-1\" \/>\n<link rel=\"canonical\" href=\"https:\/\/www.sindicaturabarcelona.cat\/ca\/sindic-recomana-a-ibe-mesures-control-que-evitin-discriminacions\/\" \/>\n<meta property=\"og:locale\" content=\"ca_ES\" \/>\n<meta property=\"og:type\" content=\"article\" \/>\n<meta property=\"og:title\" content=\"El s\u00edndic recomana a l\u2019IBE que estableixi mesures de control per evitar la repetici\u00f3 de situacions discriminat\u00f2ries - Sindicatura de Greuges de Barcelona\" \/>\n<meta property=\"og:description\" content=\"La Sindicatura ha concl\u00f2s que l\u2019expulsi\u00f3 de l\u2019infant de l\u2019activitat el primer dia \u00e9s una situaci\u00f3 discriminat\u00f2ria que vulnera els seus drets\" \/>\n<meta property=\"og:url\" content=\"https:\/\/www.sindicaturabarcelona.cat\/ca\/sindic-recomana-a-ibe-mesures-control-que-evitin-discriminacions\/\" \/>\n<meta property=\"og:site_name\" content=\"Sindicatura de Greuges de Barcelona\" \/>\n<meta property=\"article:published_time\" content=\"2022-01-11T16:00:36+00:00\" \/>\n<meta property=\"article:modified_time\" content=\"2023-05-11T11:36:00+00:00\" \/>\n<meta property=\"og:image\" content=\"https:\/\/www.sindicaturabarcelona.cat\/wp-content\/uploads\/2022\/01\/19420_200622_AF_PrimerDiaActivitatEstiu_0035.jpg\" \/>\n\t<meta property=\"og:image:width\" content=\"1024\" \/>\n\t<meta property=\"og:image:height\" content=\"684\" \/>\n\t<meta property=\"og:image:type\" content=\"image\/jpeg\" \/>\n<meta name=\"author\" content=\"Pablo\" \/>\n<meta name=\"twitter:card\" content=\"summary_large_image\" \/>\n<meta name=\"twitter:creator\" content=\"@sindicbarcelona\" \/>\n<meta name=\"twitter:site\" content=\"@sindicbarcelona\" \/>\n<meta name=\"twitter:label1\" content=\"Escrit per\" \/>\n\t<meta name=\"twitter:data1\" content=\"Pablo\" \/>\n\t<meta name=\"twitter:label2\" content=\"Temps estimat de lectura\" \/>\n\t<meta name=\"twitter:data2\" content=\"4 minuts\" \/>\n<script type=\"application\/ld+json\" class=\"yoast-schema-graph\">{\"@context\":\"https:\\\/\\\/schema.org\",\"@graph\":[{\"@type\":\"Article\",\"@id\":\"https:\\\/\\\/www.sindicaturabarcelona.cat\\\/ca\\\/sindic-recomana-a-ibe-mesures-control-que-evitin-discriminacions\\\/#article\",\"isPartOf\":{\"@id\":\"https:\\\/\\\/www.sindicaturabarcelona.cat\\\/ca\\\/sindic-recomana-a-ibe-mesures-control-que-evitin-discriminacions\\\/\"},\"author\":{\"name\":\"Pablo\",\"@id\":\"https:\\\/\\\/www.sindicaturabarcelona.cat\\\/ca\\\/#\\\/schema\\\/person\\\/0e5acffc350ffdbc97578159322c9452\"},\"headline\":\"El s\u00edndic recomana a l\u2019IBE que estableixi mesures de control per evitar la repetici\u00f3 de situacions discriminat\u00f2ries\",\"datePublished\":\"2022-01-11T16:00:36+00:00\",\"dateModified\":\"2023-05-11T11:36:00+00:00\",\"mainEntityOfPage\":{\"@id\":\"https:\\\/\\\/www.sindicaturabarcelona.cat\\\/ca\\\/sindic-recomana-a-ibe-mesures-control-que-evitin-discriminacions\\\/\"},\"wordCount\":865,\"publisher\":{\"@id\":\"https:\\\/\\\/www.sindicaturabarcelona.cat\\\/ca\\\/#organization\"},\"image\":{\"@id\":\"https:\\\/\\\/www.sindicaturabarcelona.cat\\\/ca\\\/sindic-recomana-a-ibe-mesures-control-que-evitin-discriminacions\\\/#primaryimage\"},\"thumbnailUrl\":\"https:\\\/\\\/www.sindicaturabarcelona.cat\\\/wp-content\\\/uploads\\\/2022\\\/01\\\/19420_200622_AF_PrimerDiaActivitatEstiu_0035.jpg\",\"keywords\":[\"casal estiu\",\"discriminacio infancia\",\"lleure\"],\"articleSection\":[\"Uncategorized @ca\"],\"inLanguage\":\"ca\"},{\"@type\":\"WebPage\",\"@id\":\"https:\\\/\\\/www.sindicaturabarcelona.cat\\\/ca\\\/sindic-recomana-a-ibe-mesures-control-que-evitin-discriminacions\\\/\",\"url\":\"https:\\\/\\\/www.sindicaturabarcelona.cat\\\/ca\\\/sindic-recomana-a-ibe-mesures-control-que-evitin-discriminacions\\\/\",\"name\":\"El s\u00edndic recomana a l\u2019IBE que estableixi mesures de control per evitar la repetici\u00f3 de situacions discriminat\u00f2ries - Sindicatura de Greuges de Barcelona\",\"isPartOf\":{\"@id\":\"https:\\\/\\\/www.sindicaturabarcelona.cat\\\/ca\\\/#website\"},\"primaryImageOfPage\":{\"@id\":\"https:\\\/\\\/www.sindicaturabarcelona.cat\\\/ca\\\/sindic-recomana-a-ibe-mesures-control-que-evitin-discriminacions\\\/#primaryimage\"},\"image\":{\"@id\":\"https:\\\/\\\/www.sindicaturabarcelona.cat\\\/ca\\\/sindic-recomana-a-ibe-mesures-control-que-evitin-discriminacions\\\/#primaryimage\"},\"thumbnailUrl\":\"https:\\\/\\\/www.sindicaturabarcelona.cat\\\/wp-content\\\/uploads\\\/2022\\\/01\\\/19420_200622_AF_PrimerDiaActivitatEstiu_0035.jpg\",\"datePublished\":\"2022-01-11T16:00:36+00:00\",\"dateModified\":\"2023-05-11T11:36:00+00:00\",\"description\":\"La Sindicatura ha concl\u00f2s que l\u2019expulsi\u00f3 de l\u2019infant de l\u2019activitat el primer dia \u00e9s una situaci\u00f3 discriminat\u00f2ria que vulnera els seus drets\",\"breadcrumb\":{\"@id\":\"https:\\\/\\\/www.sindicaturabarcelona.cat\\\/ca\\\/sindic-recomana-a-ibe-mesures-control-que-evitin-discriminacions\\\/#breadcrumb\"},\"inLanguage\":\"ca\",\"potentialAction\":[{\"@type\":\"ReadAction\",\"target\":[\"https:\\\/\\\/www.sindicaturabarcelona.cat\\\/ca\\\/sindic-recomana-a-ibe-mesures-control-que-evitin-discriminacions\\\/\"]}]},{\"@type\":\"ImageObject\",\"inLanguage\":\"ca\",\"@id\":\"https:\\\/\\\/www.sindicaturabarcelona.cat\\\/ca\\\/sindic-recomana-a-ibe-mesures-control-que-evitin-discriminacions\\\/#primaryimage\",\"url\":\"https:\\\/\\\/www.sindicaturabarcelona.cat\\\/wp-content\\\/uploads\\\/2022\\\/01\\\/19420_200622_AF_PrimerDiaActivitatEstiu_0035.jpg\",\"contentUrl\":\"https:\\\/\\\/www.sindicaturabarcelona.cat\\\/wp-content\\\/uploads\\\/2022\\\/01\\\/19420_200622_AF_PrimerDiaActivitatEstiu_0035.jpg\",\"width\":1024,\"height\":684,\"caption\":\"Discriminacio infancia casal estiu\"},{\"@type\":\"BreadcrumbList\",\"@id\":\"https:\\\/\\\/www.sindicaturabarcelona.cat\\\/ca\\\/sindic-recomana-a-ibe-mesures-control-que-evitin-discriminacions\\\/#breadcrumb\",\"itemListElement\":[{\"@type\":\"ListItem\",\"position\":1,\"name\":\"Inici\",\"item\":\"https:\\\/\\\/www.sindicaturabarcelona.cat\\\/ca\\\/\"},{\"@type\":\"ListItem\",\"position\":2,\"name\":\"El s\u00edndic recomana a l\u2019IBE que estableixi mesures de control per evitar la repetici\u00f3 de situacions discriminat\u00f2ries\"}]},{\"@type\":\"WebSite\",\"@id\":\"https:\\\/\\\/www.sindicaturabarcelona.cat\\\/ca\\\/#website\",\"url\":\"https:\\\/\\\/www.sindicaturabarcelona.cat\\\/ca\\\/\",\"name\":\"Sindicatura de Greuges de Barcelona\",\"description\":\"La defensoria dels teus drets\",\"publisher\":{\"@id\":\"https:\\\/\\\/www.sindicaturabarcelona.cat\\\/ca\\\/#organization\"},\"potentialAction\":[{\"@type\":\"SearchAction\",\"target\":{\"@type\":\"EntryPoint\",\"urlTemplate\":\"https:\\\/\\\/www.sindicaturabarcelona.cat\\\/ca\\\/?s={search_term_string}\"},\"query-input\":{\"@type\":\"PropertyValueSpecification\",\"valueRequired\":true,\"valueName\":\"search_term_string\"}}],\"inLanguage\":\"ca\"},{\"@type\":\"Organization\",\"@id\":\"https:\\\/\\\/www.sindicaturabarcelona.cat\\\/ca\\\/#organization\",\"name\":\"Sindicatura de Greuges de Barcelona\",\"url\":\"https:\\\/\\\/www.sindicaturabarcelona.cat\\\/ca\\\/\",\"logo\":{\"@type\":\"ImageObject\",\"inLanguage\":\"ca\",\"@id\":\"https:\\\/\\\/www.sindicaturabarcelona.cat\\\/ca\\\/#\\\/schema\\\/logo\\\/image\\\/\",\"url\":\"https:\\\/\\\/www.sindicaturabarcelona.cat\\\/wp-content\\\/uploads\\\/2023\\\/02\\\/logo_sindicatura.svg\",\"contentUrl\":\"https:\\\/\\\/www.sindicaturabarcelona.cat\\\/wp-content\\\/uploads\\\/2023\\\/02\\\/logo_sindicatura.svg\",\"caption\":\"Sindicatura de Greuges de Barcelona\"},\"image\":{\"@id\":\"https:\\\/\\\/www.sindicaturabarcelona.cat\\\/ca\\\/#\\\/schema\\\/logo\\\/image\\\/\"},\"sameAs\":[\"https:\\\/\\\/x.com\\\/sindicbarcelona\",\"https:\\\/\\\/www.instagram.com\\\/sindicbarcelona\\\/\",\"https:\\\/\\\/www.tiktok.com\\\/@sindicaturabcn\",\"https:\\\/\\\/t.me\\\/sindicaturabarcelona\"]},{\"@type\":\"Person\",\"@id\":\"https:\\\/\\\/www.sindicaturabarcelona.cat\\\/ca\\\/#\\\/schema\\\/person\\\/0e5acffc350ffdbc97578159322c9452\",\"name\":\"Pablo\",\"image\":{\"@type\":\"ImageObject\",\"inLanguage\":\"ca\",\"@id\":\"https:\\\/\\\/secure.gravatar.com\\\/avatar\\\/c948169b402ef9492afde705c3dfd5e90e1a6a84ef6840a91124f805a25a480f?s=96&d=mm&r=g\",\"url\":\"https:\\\/\\\/secure.gravatar.com\\\/avatar\\\/c948169b402ef9492afde705c3dfd5e90e1a6a84ef6840a91124f805a25a480f?s=96&d=mm&r=g\",\"contentUrl\":\"https:\\\/\\\/secure.gravatar.com\\\/avatar\\\/c948169b402ef9492afde705c3dfd5e90e1a6a84ef6840a91124f805a25a480f?s=96&d=mm&r=g\",\"caption\":\"Pablo\"},\"url\":\"https:\\\/\\\/www.sindicaturabarcelona.cat\\\/ca\\\/author\\\/pablo\\\/\"}]}<\/script>\n<!-- \/ Yoast SEO plugin. -->","yoast_head_json":{"title":"El s\u00edndic recomana a l\u2019IBE que estableixi mesures de control per evitar la repetici\u00f3 de situacions discriminat\u00f2ries - Sindicatura de Greuges de Barcelona","description":"La Sindicatura ha concl\u00f2s que l\u2019expulsi\u00f3 de l\u2019infant de l\u2019activitat el primer dia \u00e9s una situaci\u00f3 discriminat\u00f2ria que vulnera els seus drets","robots":{"index":"index","follow":"follow","max-snippet":"max-snippet:-1","max-image-preview":"max-image-preview:large","max-video-preview":"max-video-preview:-1"},"canonical":"https:\/\/www.sindicaturabarcelona.cat\/ca\/sindic-recomana-a-ibe-mesures-control-que-evitin-discriminacions\/","og_locale":"ca_ES","og_type":"article","og_title":"El s\u00edndic recomana a l\u2019IBE que estableixi mesures de control per evitar la repetici\u00f3 de situacions discriminat\u00f2ries - Sindicatura de Greuges de Barcelona","og_description":"La Sindicatura ha concl\u00f2s que l\u2019expulsi\u00f3 de l\u2019infant de l\u2019activitat el primer dia \u00e9s una situaci\u00f3 discriminat\u00f2ria que vulnera els seus drets","og_url":"https:\/\/www.sindicaturabarcelona.cat\/ca\/sindic-recomana-a-ibe-mesures-control-que-evitin-discriminacions\/","og_site_name":"Sindicatura de Greuges de Barcelona","article_published_time":"2022-01-11T16:00:36+00:00","article_modified_time":"2023-05-11T11:36:00+00:00","og_image":[{"width":1024,"height":684,"url":"https:\/\/www.sindicaturabarcelona.cat\/wp-content\/uploads\/2022\/01\/19420_200622_AF_PrimerDiaActivitatEstiu_0035.jpg","type":"image\/jpeg"}],"author":"Pablo","twitter_card":"summary_large_image","twitter_creator":"@sindicbarcelona","twitter_site":"@sindicbarcelona","twitter_misc":{"Escrit per":"Pablo","Temps estimat de lectura":"4 minuts"},"schema":{"@context":"https:\/\/schema.org","@graph":[{"@type":"Article","@id":"https:\/\/www.sindicaturabarcelona.cat\/ca\/sindic-recomana-a-ibe-mesures-control-que-evitin-discriminacions\/#article","isPartOf":{"@id":"https:\/\/www.sindicaturabarcelona.cat\/ca\/sindic-recomana-a-ibe-mesures-control-que-evitin-discriminacions\/"},"author":{"name":"Pablo","@id":"https:\/\/www.sindicaturabarcelona.cat\/ca\/#\/schema\/person\/0e5acffc350ffdbc97578159322c9452"},"headline":"El s\u00edndic recomana a l\u2019IBE que estableixi mesures de control per evitar la repetici\u00f3 de situacions discriminat\u00f2ries","datePublished":"2022-01-11T16:00:36+00:00","dateModified":"2023-05-11T11:36:00+00:00","mainEntityOfPage":{"@id":"https:\/\/www.sindicaturabarcelona.cat\/ca\/sindic-recomana-a-ibe-mesures-control-que-evitin-discriminacions\/"},"wordCount":865,"publisher":{"@id":"https:\/\/www.sindicaturabarcelona.cat\/ca\/#organization"},"image":{"@id":"https:\/\/www.sindicaturabarcelona.cat\/ca\/sindic-recomana-a-ibe-mesures-control-que-evitin-discriminacions\/#primaryimage"},"thumbnailUrl":"https:\/\/www.sindicaturabarcelona.cat\/wp-content\/uploads\/2022\/01\/19420_200622_AF_PrimerDiaActivitatEstiu_0035.jpg","keywords":["casal estiu","discriminacio infancia","lleure"],"articleSection":["Uncategorized @ca"],"inLanguage":"ca"},{"@type":"WebPage","@id":"https:\/\/www.sindicaturabarcelona.cat\/ca\/sindic-recomana-a-ibe-mesures-control-que-evitin-discriminacions\/","url":"https:\/\/www.sindicaturabarcelona.cat\/ca\/sindic-recomana-a-ibe-mesures-control-que-evitin-discriminacions\/","name":"El s\u00edndic recomana a l\u2019IBE que estableixi mesures de control per evitar la repetici\u00f3 de situacions discriminat\u00f2ries - Sindicatura de Greuges de Barcelona","isPartOf":{"@id":"https:\/\/www.sindicaturabarcelona.cat\/ca\/#website"},"primaryImageOfPage":{"@id":"https:\/\/www.sindicaturabarcelona.cat\/ca\/sindic-recomana-a-ibe-mesures-control-que-evitin-discriminacions\/#primaryimage"},"image":{"@id":"https:\/\/www.sindicaturabarcelona.cat\/ca\/sindic-recomana-a-ibe-mesures-control-que-evitin-discriminacions\/#primaryimage"},"thumbnailUrl":"https:\/\/www.sindicaturabarcelona.cat\/wp-content\/uploads\/2022\/01\/19420_200622_AF_PrimerDiaActivitatEstiu_0035.jpg","datePublished":"2022-01-11T16:00:36+00:00","dateModified":"2023-05-11T11:36:00+00:00","description":"La Sindicatura ha concl\u00f2s que l\u2019expulsi\u00f3 de l\u2019infant de l\u2019activitat el primer dia \u00e9s una situaci\u00f3 discriminat\u00f2ria que vulnera els seus drets","breadcrumb":{"@id":"https:\/\/www.sindicaturabarcelona.cat\/ca\/sindic-recomana-a-ibe-mesures-control-que-evitin-discriminacions\/#breadcrumb"},"inLanguage":"ca","potentialAction":[{"@type":"ReadAction","target":["https:\/\/www.sindicaturabarcelona.cat\/ca\/sindic-recomana-a-ibe-mesures-control-que-evitin-discriminacions\/"]}]},{"@type":"ImageObject","inLanguage":"ca","@id":"https:\/\/www.sindicaturabarcelona.cat\/ca\/sindic-recomana-a-ibe-mesures-control-que-evitin-discriminacions\/#primaryimage","url":"https:\/\/www.sindicaturabarcelona.cat\/wp-content\/uploads\/2022\/01\/19420_200622_AF_PrimerDiaActivitatEstiu_0035.jpg","contentUrl":"https:\/\/www.sindicaturabarcelona.cat\/wp-content\/uploads\/2022\/01\/19420_200622_AF_PrimerDiaActivitatEstiu_0035.jpg","width":1024,"height":684,"caption":"Discriminacio infancia casal estiu"},{"@type":"BreadcrumbList","@id":"https:\/\/www.sindicaturabarcelona.cat\/ca\/sindic-recomana-a-ibe-mesures-control-que-evitin-discriminacions\/#breadcrumb","itemListElement":[{"@type":"ListItem","position":1,"name":"Inici","item":"https:\/\/www.sindicaturabarcelona.cat\/ca\/"},{"@type":"ListItem","position":2,"name":"El s\u00edndic recomana a l\u2019IBE que estableixi mesures de control per evitar la repetici\u00f3 de situacions discriminat\u00f2ries"}]},{"@type":"WebSite","@id":"https:\/\/www.sindicaturabarcelona.cat\/ca\/#website","url":"https:\/\/www.sindicaturabarcelona.cat\/ca\/","name":"Sindicatura de Greuges de Barcelona","description":"La defensoria dels teus drets","publisher":{"@id":"https:\/\/www.sindicaturabarcelona.cat\/ca\/#organization"},"potentialAction":[{"@type":"SearchAction","target":{"@type":"EntryPoint","urlTemplate":"https:\/\/www.sindicaturabarcelona.cat\/ca\/?s={search_term_string}"},"query-input":{"@type":"PropertyValueSpecification","valueRequired":true,"valueName":"search_term_string"}}],"inLanguage":"ca"},{"@type":"Organization","@id":"https:\/\/www.sindicaturabarcelona.cat\/ca\/#organization","name":"Sindicatura de Greuges de Barcelona","url":"https:\/\/www.sindicaturabarcelona.cat\/ca\/","logo":{"@type":"ImageObject","inLanguage":"ca","@id":"https:\/\/www.sindicaturabarcelona.cat\/ca\/#\/schema\/logo\/image\/","url":"https:\/\/www.sindicaturabarcelona.cat\/wp-content\/uploads\/2023\/02\/logo_sindicatura.svg","contentUrl":"https:\/\/www.sindicaturabarcelona.cat\/wp-content\/uploads\/2023\/02\/logo_sindicatura.svg","caption":"Sindicatura de Greuges de Barcelona"},"image":{"@id":"https:\/\/www.sindicaturabarcelona.cat\/ca\/#\/schema\/logo\/image\/"},"sameAs":["https:\/\/x.com\/sindicbarcelona","https:\/\/www.instagram.com\/sindicbarcelona\/","https:\/\/www.tiktok.com\/@sindicaturabcn","https:\/\/t.me\/sindicaturabarcelona"]},{"@type":"Person","@id":"https:\/\/www.sindicaturabarcelona.cat\/ca\/#\/schema\/person\/0e5acffc350ffdbc97578159322c9452","name":"Pablo","image":{"@type":"ImageObject","inLanguage":"ca","@id":"https:\/\/secure.gravatar.com\/avatar\/c948169b402ef9492afde705c3dfd5e90e1a6a84ef6840a91124f805a25a480f?s=96&d=mm&r=g","url":"https:\/\/secure.gravatar.com\/avatar\/c948169b402ef9492afde705c3dfd5e90e1a6a84ef6840a91124f805a25a480f?s=96&d=mm&r=g","contentUrl":"https:\/\/secure.gravatar.com\/avatar\/c948169b402ef9492afde705c3dfd5e90e1a6a84ef6840a91124f805a25a480f?s=96&d=mm&r=g","caption":"Pablo"},"url":"https:\/\/www.sindicaturabarcelona.cat\/ca\/author\/pablo\/"}]}},"_links":{"self":[{"href":"https:\/\/www.sindicaturabarcelona.cat\/ca\/wp-json\/wp\/v2\/posts\/13342","targetHints":{"allow":["GET"]}}],"collection":[{"href":"https:\/\/www.sindicaturabarcelona.cat\/ca\/wp-json\/wp\/v2\/posts"}],"about":[{"href":"https:\/\/www.sindicaturabarcelona.cat\/ca\/wp-json\/wp\/v2\/types\/post"}],"author":[{"embeddable":true,"href":"https:\/\/www.sindicaturabarcelona.cat\/ca\/wp-json\/wp\/v2\/users\/2"}],"replies":[{"embeddable":true,"href":"https:\/\/www.sindicaturabarcelona.cat\/ca\/wp-json\/wp\/v2\/comments?post=13342"}],"version-history":[{"count":0,"href":"https:\/\/www.sindicaturabarcelona.cat\/ca\/wp-json\/wp\/v2\/posts\/13342\/revisions"}],"wp:featuredmedia":[{"embeddable":true,"href":"https:\/\/www.sindicaturabarcelona.cat\/ca\/wp-json\/wp\/v2\/media\/13343"}],"wp:attachment":[{"href":"https:\/\/www.sindicaturabarcelona.cat\/ca\/wp-json\/wp\/v2\/media?parent=13342"}],"wp:term":[{"taxonomy":"post_tag","embeddable":true,"href":"https:\/\/www.sindicaturabarcelona.cat\/ca\/wp-json\/wp\/v2\/tags?post=13342"},{"taxonomy":"drets","embeddable":true,"href":"https:\/\/www.sindicaturabarcelona.cat\/ca\/wp-json\/wp\/v2\/drets?post=13342"}],"curies":[{"name":"wp","href":"https:\/\/api.w.org\/{rel}","templated":true}]}}