{"id":13316,"date":"2021-12-22T15:29:25","date_gmt":"2021-12-22T13:29:25","guid":{"rendered":"https:\/\/www.sindicabarcelona.cat\/?p=13316"},"modified":"2021-12-22T15:29:26","modified_gmt":"2021-12-22T13:29:26","slug":"conveni-colaboracio-sindicatura-bcn-sindic-catalunya","status":"publish","type":"post","link":"https:\/\/www.sindicaturabarcelona.cat\/ca\/conveni-colaboracio-sindicatura-bcn-sindic-catalunya\/","title":{"rendered":"La Sindicatura de Greuges de Barcelona i el S\u00edndic de Greuges de Catalunya renoven el seu conveni de col\u00b7laboraci\u00f3"},"content":{"rendered":"\n<p class=\"has-text-align-justify\">La Sindicatura de Greuges de Barcelona i el S\u00edndic de Greuges de Catalunya han signat avui la renovaci\u00f3 del <a href=\"https:\/\/tuit.cat\/2yrVh\" target=\"_blank\" aria-label=\"conveni de col\u00b7laboraci\u00f3 (opens in a new tab)\" rel=\"noreferrer noopener\" class=\"ek-link\">conveni de col\u00b7laboraci\u00f3<\/a>, amb David Bondia i Rafael Rib\u00f3 al capdavant de les dues respectives defensories.<\/p>\n\n\n\n<p class=\"has-text-align-justify\">Aquest conveni t\u00e9 l\u2019objectiu d\u2019establir un marc jur\u00eddic operatiu de col\u00b7laboraci\u00f3 institucional per tal que hi hagi la cooperaci\u00f3 necess\u00e0ria per <strong>assegurar al conjunt de les persones la resoluci\u00f3 r\u00e0pida i efica\u00e7 de les queixes, aix\u00ed com unir esfor\u00e7os en les actuacions d\u2019inter\u00e8s com\u00fa en l\u2019\u00e0mbit municipal<\/strong>.<\/p>\n\n\n\n<p class=\"has-text-align-justify\">Els compromisos assumits en aquest conveni es duran a terme amb <strong>ple respecte a la independ\u00e8ncia de cadascuna de les institucions, atesa la inexist\u00e8ncia de cap relaci\u00f3 de jerarquia<\/strong>, ni de depend\u00e8ncia org\u00e0nica o funcional entre elles.<\/p>\n\n\n\n<p class=\"has-text-align-justify\"><strong>La primera l\u00ednia del protocol d\u2019actuaci\u00f3 rau en l\u2019intercanvi d\u2019informaci\u00f3, la comunicaci\u00f3 m\u00fatua i el missatge clar cap a la ciutadania<\/strong>: les persones promotores d\u2019una queixa davant el S\u00edndic de Greuges de Catalunya han de ser informades de la possibilitat de presentar-la a la <a href=\"https:\/\/www.sindicaturabarcelona.cat\/\" target=\"_blank\" aria-label=\"Sindicatura de Greuges de Barcelona (opens in a new tab)\" rel=\"noreferrer noopener\" class=\"ek-link\">Sindicatura de Greuges de Barcelona<\/a> quan el fet que la motivi estigui relacionat amb l\u2019administraci\u00f3 municipal barcelonina. I la mateixa situaci\u00f3 en direcci\u00f3 oposada: la Sindicatura de Greuges de Barcelona es compromet atrametre al S\u00edndic de Greuges de Catalunya les disconformitats que afectin altres administracions catalanes.<\/p>\n\n\n\n<p>Ambdues institucions consensuen l\u2019intercanvi d\u2019informaci\u00f3 peri\u00f2dica sobre la llista, la tramitaci\u00f3 i les conclusions dels greuges en \u00e0mbits competencials compartits, amb l\u2019objectiu d\u2019<strong>evitar duplicitats en les actuacions<\/strong>.<\/p>\n\n\n\n<p class=\"has-text-align-justify\">En les <strong>investigacions que afectin els consorcis o altres espais de col\u00b7laboraci\u00f3 administrativa entre la Generalitat i l\u2019Ajuntament<\/strong>, les dues defensories tamb\u00e9 acorden la cooperaci\u00f3 mitjan\u00e7ant, si s\u2019escau, la <strong>creaci\u00f3 d\u2019equips de treball mixtos<\/strong>.<\/p>\n\n\n\n<p class=\"has-text-align-justify\">D\u2019altra banda, la Sindicatura de Greuges de Barcelona pot proposar al <a href=\"https:\/\/www.sindic.cat\/ca\/page.asp?id=1\" target=\"_blank\" aria-label=\"S\u00edndic de Greuges de Catalunya (opens in a new tab)\" rel=\"noreferrer noopener\" class=\"ek-link\">S\u00edndic de Greuges de Catalunya<\/a> <strong>iniciatives relacionades amb la capacitat normativa que la llei li reconeix<\/strong>. A m\u00e9s a m\u00e9s, la Sindicatura es compromet a col\u00b7laborar en els treballs de l\u2019Estructura de Drets Humans de Catalunya, particularment en la supervisi\u00f3 de l\u2019aplicaci\u00f3 del Pla de Drets Humans per part del govern municipal barcelon\u00ed.<\/p>\n\n\n\n<p class=\"has-text-align-justify\">Un altre punt \u00e9s el comprom\u00eds de totes dues institucions per<strong> potenciar la internacionalitzaci\u00f3 de la Sindicatura de Greuges de Barcelona<\/strong>. De com\u00fa acord, les parts tamb\u00e9 pacten <strong>l\u2019impuls de la Xarxa de l\u2019Ombudsman de Catalunya<\/strong>, amb la participaci\u00f3 del S\u00edndic de Greuges de Catalunya; les sindicatures locals; les sindicatures universit\u00e0ries, i les defensories d\u2019empreses privades que presten serveis d\u2019inter\u00e8s general.<\/p>\n\n\n\n<p class=\"has-text-align-justify\">Per \u00faltim, el conveni de col\u00b7laboraci\u00f3 valora <strong>l\u2019organitzaci\u00f3 d\u2019unes jornades anuals de formaci\u00f3<\/strong> en \u00e0mbits compartits, que poden ser obertes a altres institucions d\u2019ombudsman de car\u00e0cter local, nacional o internacional.&nbsp;<\/p>\n\n\n\n<p class=\"has-text-align-justify\">Per tal d\u2019assegurar l\u2019intercanvi fluid d\u2019informaci\u00f3 i fer efectives les cl\u00e0usules d\u2019aquest conveni, <strong>es constitueix una comissi\u00f3 de seguiment<\/strong>, formada pel s\u00edndic de greuges de Barcelona i l\u2019adjunt general del S\u00edndic de Greuges de Catalunya. El conveni t\u00e9 una durada de quatre anys i en qualsevol moment abans de la finalitzaci\u00f3 d\u2019aquest termini, els signants poden acordar-ne la pr\u00f2rroga per altres quatre anys o l\u2019extinci\u00f3. El primer conveni amb l\u2019oficina del S\u00edndic de Greuges de Catalunya va signar-se el 12 de juliol de 2006.<\/p>\n","protected":false},"excerpt":{"rendered":"<p>La Sindicatura de Greuges de Barcelona i el S\u00edndic de Greuges de Catalunya han signat avui la renovaci\u00f3 del conveni de col\u00b7laboraci\u00f3, amb David Bondia i Rafael Rib\u00f3 al capdavant [&hellip;]<\/p>\n","protected":false},"author":2,"featured_media":13325,"comment_status":"closed","ping_status":"open","sticky":false,"template":"","format":"standard","meta":{"_acf_changed":false,"footnotes":""},"tags":[1297,1298,1234,1299,1300],"drets":[],"class_list":["post-13316","post","type-post","status-publish","format-standard","has-post-thumbnail","hentry","tag-conveni-colaboracio","tag-conveni-sindic-barcelona-sindic-catalunya","tag-david-bondia","tag-sindic-barcelona","tag-sindic-catalunya"],"acf":[],"yoast_head":"<!-- This site is optimized with the Yoast SEO plugin v27.5 - https:\/\/yoast.com\/product\/yoast-seo-wordpress\/ -->\n<title>La Sindicatura de Greuges de Barcelona i el S\u00edndic de Greuges de Catalunya renoven el seu conveni de col\u00b7laboraci\u00f3 - Sindicatura de Greuges de Barcelona<\/title>\n<meta name=\"description\" content=\"Els compromisos assumits es duran a terme amb ple respecte a la independ\u00e8ncia de cadascuna de les institucions, atesa la inexist\u00e8ncia de cap relaci\u00f3 ...\" \/>\n<meta name=\"robots\" content=\"index, follow, max-snippet:-1, max-image-preview:large, max-video-preview:-1\" \/>\n<link rel=\"canonical\" href=\"https:\/\/www.sindicaturabarcelona.cat\/ca\/conveni-colaboracio-sindicatura-bcn-sindic-catalunya\/\" \/>\n<meta property=\"og:locale\" content=\"ca_ES\" \/>\n<meta property=\"og:type\" content=\"article\" \/>\n<meta property=\"og:title\" content=\"La Sindicatura de Greuges de Barcelona i el S\u00edndic de Greuges de Catalunya renoven el seu conveni de col\u00b7laboraci\u00f3 - Sindicatura de Greuges de Barcelona\" \/>\n<meta property=\"og:description\" content=\"Els compromisos assumits es duran a terme amb ple respecte a la independ\u00e8ncia de cadascuna de les institucions, atesa la inexist\u00e8ncia de cap relaci\u00f3 ...\" \/>\n<meta property=\"og:url\" content=\"https:\/\/www.sindicaturabarcelona.cat\/ca\/conveni-colaboracio-sindicatura-bcn-sindic-catalunya\/\" \/>\n<meta property=\"og:site_name\" content=\"Sindicatura de Greuges de Barcelona\" \/>\n<meta property=\"article:published_time\" content=\"2021-12-22T13:29:25+00:00\" \/>\n<meta property=\"article:modified_time\" content=\"2021-12-22T13:29:26+00:00\" \/>\n<meta property=\"og:image\" content=\"https:\/\/www.sindicaturabarcelona.cat\/wp-content\/uploads\/2021\/12\/20211222_140516-scaled.jpg\" \/>\n\t<meta property=\"og:image:width\" content=\"2560\" \/>\n\t<meta property=\"og:image:height\" content=\"1920\" \/>\n\t<meta property=\"og:image:type\" content=\"image\/jpeg\" \/>\n<meta name=\"author\" content=\"Pablo\" \/>\n<meta name=\"twitter:card\" content=\"summary_large_image\" \/>\n<meta name=\"twitter:creator\" content=\"@sindicbarcelona\" \/>\n<meta name=\"twitter:site\" content=\"@sindicbarcelona\" \/>\n<meta name=\"twitter:label1\" content=\"Escrit per\" \/>\n\t<meta name=\"twitter:data1\" content=\"Pablo\" \/>\n\t<meta name=\"twitter:label2\" content=\"Temps estimat de lectura\" \/>\n\t<meta name=\"twitter:data2\" content=\"3 minuts\" \/>\n<script type=\"application\/ld+json\" class=\"yoast-schema-graph\">{\"@context\":\"https:\\\/\\\/schema.org\",\"@graph\":[{\"@type\":\"Article\",\"@id\":\"https:\\\/\\\/www.sindicaturabarcelona.cat\\\/ca\\\/conveni-colaboracio-sindicatura-bcn-sindic-catalunya\\\/#article\",\"isPartOf\":{\"@id\":\"https:\\\/\\\/www.sindicaturabarcelona.cat\\\/ca\\\/conveni-colaboracio-sindicatura-bcn-sindic-catalunya\\\/\"},\"author\":{\"name\":\"Pablo\",\"@id\":\"https:\\\/\\\/www.sindicaturabarcelona.cat\\\/ca\\\/#\\\/schema\\\/person\\\/0e5acffc350ffdbc97578159322c9452\"},\"headline\":\"La Sindicatura de Greuges de Barcelona i el S\u00edndic de Greuges de Catalunya renoven el seu conveni de col\u00b7laboraci\u00f3\",\"datePublished\":\"2021-12-22T13:29:25+00:00\",\"dateModified\":\"2021-12-22T13:29:26+00:00\",\"mainEntityOfPage\":{\"@id\":\"https:\\\/\\\/www.sindicaturabarcelona.cat\\\/ca\\\/conveni-colaboracio-sindicatura-bcn-sindic-catalunya\\\/\"},\"wordCount\":597,\"publisher\":{\"@id\":\"https:\\\/\\\/www.sindicaturabarcelona.cat\\\/ca\\\/#organization\"},\"image\":{\"@id\":\"https:\\\/\\\/www.sindicaturabarcelona.cat\\\/ca\\\/conveni-colaboracio-sindicatura-bcn-sindic-catalunya\\\/#primaryimage\"},\"thumbnailUrl\":\"https:\\\/\\\/www.sindicaturabarcelona.cat\\\/wp-content\\\/uploads\\\/2021\\\/12\\\/20211222_140516-scaled.jpg\",\"keywords\":[\"conveni colaboracio\",\"conveni sindic barcelona sindic catalunya\",\"david bondia\",\"sindic barcelona\",\"sindic catalunya\"],\"inLanguage\":\"ca\"},{\"@type\":\"WebPage\",\"@id\":\"https:\\\/\\\/www.sindicaturabarcelona.cat\\\/ca\\\/conveni-colaboracio-sindicatura-bcn-sindic-catalunya\\\/\",\"url\":\"https:\\\/\\\/www.sindicaturabarcelona.cat\\\/ca\\\/conveni-colaboracio-sindicatura-bcn-sindic-catalunya\\\/\",\"name\":\"La Sindicatura de Greuges de Barcelona i el S\u00edndic de Greuges de Catalunya renoven el seu conveni de col\u00b7laboraci\u00f3 - Sindicatura de Greuges de Barcelona\",\"isPartOf\":{\"@id\":\"https:\\\/\\\/www.sindicaturabarcelona.cat\\\/ca\\\/#website\"},\"primaryImageOfPage\":{\"@id\":\"https:\\\/\\\/www.sindicaturabarcelona.cat\\\/ca\\\/conveni-colaboracio-sindicatura-bcn-sindic-catalunya\\\/#primaryimage\"},\"image\":{\"@id\":\"https:\\\/\\\/www.sindicaturabarcelona.cat\\\/ca\\\/conveni-colaboracio-sindicatura-bcn-sindic-catalunya\\\/#primaryimage\"},\"thumbnailUrl\":\"https:\\\/\\\/www.sindicaturabarcelona.cat\\\/wp-content\\\/uploads\\\/2021\\\/12\\\/20211222_140516-scaled.jpg\",\"datePublished\":\"2021-12-22T13:29:25+00:00\",\"dateModified\":\"2021-12-22T13:29:26+00:00\",\"description\":\"Els compromisos assumits es duran a terme amb ple respecte a la independ\u00e8ncia de cadascuna de les institucions, atesa la inexist\u00e8ncia de cap relaci\u00f3 ...\",\"breadcrumb\":{\"@id\":\"https:\\\/\\\/www.sindicaturabarcelona.cat\\\/ca\\\/conveni-colaboracio-sindicatura-bcn-sindic-catalunya\\\/#breadcrumb\"},\"inLanguage\":\"ca\",\"potentialAction\":[{\"@type\":\"ReadAction\",\"target\":[\"https:\\\/\\\/www.sindicaturabarcelona.cat\\\/ca\\\/conveni-colaboracio-sindicatura-bcn-sindic-catalunya\\\/\"]}]},{\"@type\":\"ImageObject\",\"inLanguage\":\"ca\",\"@id\":\"https:\\\/\\\/www.sindicaturabarcelona.cat\\\/ca\\\/conveni-colaboracio-sindicatura-bcn-sindic-catalunya\\\/#primaryimage\",\"url\":\"https:\\\/\\\/www.sindicaturabarcelona.cat\\\/wp-content\\\/uploads\\\/2021\\\/12\\\/20211222_140516-scaled.jpg\",\"contentUrl\":\"https:\\\/\\\/www.sindicaturabarcelona.cat\\\/wp-content\\\/uploads\\\/2021\\\/12\\\/20211222_140516-scaled.jpg\",\"width\":2560,\"height\":1920,\"caption\":\"Conveni SGB-SGC\"},{\"@type\":\"BreadcrumbList\",\"@id\":\"https:\\\/\\\/www.sindicaturabarcelona.cat\\\/ca\\\/conveni-colaboracio-sindicatura-bcn-sindic-catalunya\\\/#breadcrumb\",\"itemListElement\":[{\"@type\":\"ListItem\",\"position\":1,\"name\":\"Inici\",\"item\":\"https:\\\/\\\/www.sindicaturabarcelona.cat\\\/ca\\\/\"},{\"@type\":\"ListItem\",\"position\":2,\"name\":\"La Sindicatura de Greuges de Barcelona i el S\u00edndic de Greuges de Catalunya renoven el seu conveni de col\u00b7laboraci\u00f3\"}]},{\"@type\":\"WebSite\",\"@id\":\"https:\\\/\\\/www.sindicaturabarcelona.cat\\\/ca\\\/#website\",\"url\":\"https:\\\/\\\/www.sindicaturabarcelona.cat\\\/ca\\\/\",\"name\":\"Sindicatura de Greuges de Barcelona\",\"description\":\"La defensoria dels teus drets\",\"publisher\":{\"@id\":\"https:\\\/\\\/www.sindicaturabarcelona.cat\\\/ca\\\/#organization\"},\"potentialAction\":[{\"@type\":\"SearchAction\",\"target\":{\"@type\":\"EntryPoint\",\"urlTemplate\":\"https:\\\/\\\/www.sindicaturabarcelona.cat\\\/ca\\\/?s={search_term_string}\"},\"query-input\":{\"@type\":\"PropertyValueSpecification\",\"valueRequired\":true,\"valueName\":\"search_term_string\"}}],\"inLanguage\":\"ca\"},{\"@type\":\"Organization\",\"@id\":\"https:\\\/\\\/www.sindicaturabarcelona.cat\\\/ca\\\/#organization\",\"name\":\"Sindicatura de Greuges de Barcelona\",\"url\":\"https:\\\/\\\/www.sindicaturabarcelona.cat\\\/ca\\\/\",\"logo\":{\"@type\":\"ImageObject\",\"inLanguage\":\"ca\",\"@id\":\"https:\\\/\\\/www.sindicaturabarcelona.cat\\\/ca\\\/#\\\/schema\\\/logo\\\/image\\\/\",\"url\":\"https:\\\/\\\/www.sindicaturabarcelona.cat\\\/wp-content\\\/uploads\\\/2023\\\/02\\\/logo_sindicatura.svg\",\"contentUrl\":\"https:\\\/\\\/www.sindicaturabarcelona.cat\\\/wp-content\\\/uploads\\\/2023\\\/02\\\/logo_sindicatura.svg\",\"caption\":\"Sindicatura de Greuges de Barcelona\"},\"image\":{\"@id\":\"https:\\\/\\\/www.sindicaturabarcelona.cat\\\/ca\\\/#\\\/schema\\\/logo\\\/image\\\/\"},\"sameAs\":[\"https:\\\/\\\/x.com\\\/sindicbarcelona\",\"https:\\\/\\\/www.instagram.com\\\/sindicbarcelona\\\/\",\"https:\\\/\\\/www.tiktok.com\\\/@sindicaturabcn\",\"https:\\\/\\\/t.me\\\/sindicaturabarcelona\"]},{\"@type\":\"Person\",\"@id\":\"https:\\\/\\\/www.sindicaturabarcelona.cat\\\/ca\\\/#\\\/schema\\\/person\\\/0e5acffc350ffdbc97578159322c9452\",\"name\":\"Pablo\",\"image\":{\"@type\":\"ImageObject\",\"inLanguage\":\"ca\",\"@id\":\"https:\\\/\\\/secure.gravatar.com\\\/avatar\\\/c948169b402ef9492afde705c3dfd5e90e1a6a84ef6840a91124f805a25a480f?s=96&d=mm&r=g\",\"url\":\"https:\\\/\\\/secure.gravatar.com\\\/avatar\\\/c948169b402ef9492afde705c3dfd5e90e1a6a84ef6840a91124f805a25a480f?s=96&d=mm&r=g\",\"contentUrl\":\"https:\\\/\\\/secure.gravatar.com\\\/avatar\\\/c948169b402ef9492afde705c3dfd5e90e1a6a84ef6840a91124f805a25a480f?s=96&d=mm&r=g\",\"caption\":\"Pablo\"},\"url\":\"https:\\\/\\\/www.sindicaturabarcelona.cat\\\/ca\\\/author\\\/pablo\\\/\"}]}<\/script>\n<!-- \/ Yoast SEO plugin. -->","yoast_head_json":{"title":"La Sindicatura de Greuges de Barcelona i el S\u00edndic de Greuges de Catalunya renoven el seu conveni de col\u00b7laboraci\u00f3 - Sindicatura de Greuges de Barcelona","description":"Els compromisos assumits es duran a terme amb ple respecte a la independ\u00e8ncia de cadascuna de les institucions, atesa la inexist\u00e8ncia de cap relaci\u00f3 ...","robots":{"index":"index","follow":"follow","max-snippet":"max-snippet:-1","max-image-preview":"max-image-preview:large","max-video-preview":"max-video-preview:-1"},"canonical":"https:\/\/www.sindicaturabarcelona.cat\/ca\/conveni-colaboracio-sindicatura-bcn-sindic-catalunya\/","og_locale":"ca_ES","og_type":"article","og_title":"La Sindicatura de Greuges de Barcelona i el S\u00edndic de Greuges de Catalunya renoven el seu conveni de col\u00b7laboraci\u00f3 - Sindicatura de Greuges de Barcelona","og_description":"Els compromisos assumits es duran a terme amb ple respecte a la independ\u00e8ncia de cadascuna de les institucions, atesa la inexist\u00e8ncia de cap relaci\u00f3 ...","og_url":"https:\/\/www.sindicaturabarcelona.cat\/ca\/conveni-colaboracio-sindicatura-bcn-sindic-catalunya\/","og_site_name":"Sindicatura de Greuges de Barcelona","article_published_time":"2021-12-22T13:29:25+00:00","article_modified_time":"2021-12-22T13:29:26+00:00","og_image":[{"width":2560,"height":1920,"url":"https:\/\/www.sindicaturabarcelona.cat\/wp-content\/uploads\/2021\/12\/20211222_140516-scaled.jpg","type":"image\/jpeg"}],"author":"Pablo","twitter_card":"summary_large_image","twitter_creator":"@sindicbarcelona","twitter_site":"@sindicbarcelona","twitter_misc":{"Escrit per":"Pablo","Temps estimat de lectura":"3 minuts"},"schema":{"@context":"https:\/\/schema.org","@graph":[{"@type":"Article","@id":"https:\/\/www.sindicaturabarcelona.cat\/ca\/conveni-colaboracio-sindicatura-bcn-sindic-catalunya\/#article","isPartOf":{"@id":"https:\/\/www.sindicaturabarcelona.cat\/ca\/conveni-colaboracio-sindicatura-bcn-sindic-catalunya\/"},"author":{"name":"Pablo","@id":"https:\/\/www.sindicaturabarcelona.cat\/ca\/#\/schema\/person\/0e5acffc350ffdbc97578159322c9452"},"headline":"La Sindicatura de Greuges de Barcelona i el S\u00edndic de Greuges de Catalunya renoven el seu conveni de col\u00b7laboraci\u00f3","datePublished":"2021-12-22T13:29:25+00:00","dateModified":"2021-12-22T13:29:26+00:00","mainEntityOfPage":{"@id":"https:\/\/www.sindicaturabarcelona.cat\/ca\/conveni-colaboracio-sindicatura-bcn-sindic-catalunya\/"},"wordCount":597,"publisher":{"@id":"https:\/\/www.sindicaturabarcelona.cat\/ca\/#organization"},"image":{"@id":"https:\/\/www.sindicaturabarcelona.cat\/ca\/conveni-colaboracio-sindicatura-bcn-sindic-catalunya\/#primaryimage"},"thumbnailUrl":"https:\/\/www.sindicaturabarcelona.cat\/wp-content\/uploads\/2021\/12\/20211222_140516-scaled.jpg","keywords":["conveni colaboracio","conveni sindic barcelona sindic catalunya","david bondia","sindic barcelona","sindic catalunya"],"inLanguage":"ca"},{"@type":"WebPage","@id":"https:\/\/www.sindicaturabarcelona.cat\/ca\/conveni-colaboracio-sindicatura-bcn-sindic-catalunya\/","url":"https:\/\/www.sindicaturabarcelona.cat\/ca\/conveni-colaboracio-sindicatura-bcn-sindic-catalunya\/","name":"La Sindicatura de Greuges de Barcelona i el S\u00edndic de Greuges de Catalunya renoven el seu conveni de col\u00b7laboraci\u00f3 - Sindicatura de Greuges de Barcelona","isPartOf":{"@id":"https:\/\/www.sindicaturabarcelona.cat\/ca\/#website"},"primaryImageOfPage":{"@id":"https:\/\/www.sindicaturabarcelona.cat\/ca\/conveni-colaboracio-sindicatura-bcn-sindic-catalunya\/#primaryimage"},"image":{"@id":"https:\/\/www.sindicaturabarcelona.cat\/ca\/conveni-colaboracio-sindicatura-bcn-sindic-catalunya\/#primaryimage"},"thumbnailUrl":"https:\/\/www.sindicaturabarcelona.cat\/wp-content\/uploads\/2021\/12\/20211222_140516-scaled.jpg","datePublished":"2021-12-22T13:29:25+00:00","dateModified":"2021-12-22T13:29:26+00:00","description":"Els compromisos assumits es duran a terme amb ple respecte a la independ\u00e8ncia de cadascuna de les institucions, atesa la inexist\u00e8ncia de cap relaci\u00f3 ...","breadcrumb":{"@id":"https:\/\/www.sindicaturabarcelona.cat\/ca\/conveni-colaboracio-sindicatura-bcn-sindic-catalunya\/#breadcrumb"},"inLanguage":"ca","potentialAction":[{"@type":"ReadAction","target":["https:\/\/www.sindicaturabarcelona.cat\/ca\/conveni-colaboracio-sindicatura-bcn-sindic-catalunya\/"]}]},{"@type":"ImageObject","inLanguage":"ca","@id":"https:\/\/www.sindicaturabarcelona.cat\/ca\/conveni-colaboracio-sindicatura-bcn-sindic-catalunya\/#primaryimage","url":"https:\/\/www.sindicaturabarcelona.cat\/wp-content\/uploads\/2021\/12\/20211222_140516-scaled.jpg","contentUrl":"https:\/\/www.sindicaturabarcelona.cat\/wp-content\/uploads\/2021\/12\/20211222_140516-scaled.jpg","width":2560,"height":1920,"caption":"Conveni SGB-SGC"},{"@type":"BreadcrumbList","@id":"https:\/\/www.sindicaturabarcelona.cat\/ca\/conveni-colaboracio-sindicatura-bcn-sindic-catalunya\/#breadcrumb","itemListElement":[{"@type":"ListItem","position":1,"name":"Inici","item":"https:\/\/www.sindicaturabarcelona.cat\/ca\/"},{"@type":"ListItem","position":2,"name":"La Sindicatura de Greuges de Barcelona i el S\u00edndic de Greuges de Catalunya renoven el seu conveni de col\u00b7laboraci\u00f3"}]},{"@type":"WebSite","@id":"https:\/\/www.sindicaturabarcelona.cat\/ca\/#website","url":"https:\/\/www.sindicaturabarcelona.cat\/ca\/","name":"Sindicatura de Greuges de Barcelona","description":"La defensoria dels teus drets","publisher":{"@id":"https:\/\/www.sindicaturabarcelona.cat\/ca\/#organization"},"potentialAction":[{"@type":"SearchAction","target":{"@type":"EntryPoint","urlTemplate":"https:\/\/www.sindicaturabarcelona.cat\/ca\/?s={search_term_string}"},"query-input":{"@type":"PropertyValueSpecification","valueRequired":true,"valueName":"search_term_string"}}],"inLanguage":"ca"},{"@type":"Organization","@id":"https:\/\/www.sindicaturabarcelona.cat\/ca\/#organization","name":"Sindicatura de Greuges de Barcelona","url":"https:\/\/www.sindicaturabarcelona.cat\/ca\/","logo":{"@type":"ImageObject","inLanguage":"ca","@id":"https:\/\/www.sindicaturabarcelona.cat\/ca\/#\/schema\/logo\/image\/","url":"https:\/\/www.sindicaturabarcelona.cat\/wp-content\/uploads\/2023\/02\/logo_sindicatura.svg","contentUrl":"https:\/\/www.sindicaturabarcelona.cat\/wp-content\/uploads\/2023\/02\/logo_sindicatura.svg","caption":"Sindicatura de Greuges de Barcelona"},"image":{"@id":"https:\/\/www.sindicaturabarcelona.cat\/ca\/#\/schema\/logo\/image\/"},"sameAs":["https:\/\/x.com\/sindicbarcelona","https:\/\/www.instagram.com\/sindicbarcelona\/","https:\/\/www.tiktok.com\/@sindicaturabcn","https:\/\/t.me\/sindicaturabarcelona"]},{"@type":"Person","@id":"https:\/\/www.sindicaturabarcelona.cat\/ca\/#\/schema\/person\/0e5acffc350ffdbc97578159322c9452","name":"Pablo","image":{"@type":"ImageObject","inLanguage":"ca","@id":"https:\/\/secure.gravatar.com\/avatar\/c948169b402ef9492afde705c3dfd5e90e1a6a84ef6840a91124f805a25a480f?s=96&d=mm&r=g","url":"https:\/\/secure.gravatar.com\/avatar\/c948169b402ef9492afde705c3dfd5e90e1a6a84ef6840a91124f805a25a480f?s=96&d=mm&r=g","contentUrl":"https:\/\/secure.gravatar.com\/avatar\/c948169b402ef9492afde705c3dfd5e90e1a6a84ef6840a91124f805a25a480f?s=96&d=mm&r=g","caption":"Pablo"},"url":"https:\/\/www.sindicaturabarcelona.cat\/ca\/author\/pablo\/"}]}},"_links":{"self":[{"href":"https:\/\/www.sindicaturabarcelona.cat\/ca\/wp-json\/wp\/v2\/posts\/13316","targetHints":{"allow":["GET"]}}],"collection":[{"href":"https:\/\/www.sindicaturabarcelona.cat\/ca\/wp-json\/wp\/v2\/posts"}],"about":[{"href":"https:\/\/www.sindicaturabarcelona.cat\/ca\/wp-json\/wp\/v2\/types\/post"}],"author":[{"embeddable":true,"href":"https:\/\/www.sindicaturabarcelona.cat\/ca\/wp-json\/wp\/v2\/users\/2"}],"replies":[{"embeddable":true,"href":"https:\/\/www.sindicaturabarcelona.cat\/ca\/wp-json\/wp\/v2\/comments?post=13316"}],"version-history":[{"count":0,"href":"https:\/\/www.sindicaturabarcelona.cat\/ca\/wp-json\/wp\/v2\/posts\/13316\/revisions"}],"wp:featuredmedia":[{"embeddable":true,"href":"https:\/\/www.sindicaturabarcelona.cat\/ca\/wp-json\/wp\/v2\/media\/13325"}],"wp:attachment":[{"href":"https:\/\/www.sindicaturabarcelona.cat\/ca\/wp-json\/wp\/v2\/media?parent=13316"}],"wp:term":[{"taxonomy":"post_tag","embeddable":true,"href":"https:\/\/www.sindicaturabarcelona.cat\/ca\/wp-json\/wp\/v2\/tags?post=13316"},{"taxonomy":"drets","embeddable":true,"href":"https:\/\/www.sindicaturabarcelona.cat\/ca\/wp-json\/wp\/v2\/drets?post=13316"}],"curies":[{"name":"wp","href":"https:\/\/api.w.org\/{rel}","templated":true}]}}