{"id":13279,"date":"2021-12-10T10:56:24","date_gmt":"2021-12-10T08:56:24","guid":{"rendered":"https:\/\/www.sindicabarcelona.cat\/?p=13279"},"modified":"2021-12-10T10:57:01","modified_gmt":"2021-12-10T08:57:01","slug":"dia-mundial-drets-humans-postpandemia","status":"publish","type":"post","link":"https:\/\/www.sindicaturabarcelona.cat\/ca\/dia-mundial-drets-humans-postpandemia\/","title":{"rendered":"Els drets humans en l\u2019era postpand\u00e8mia;  a les portes de noves incerteses"},"content":{"rendered":"\n<p class=\"has-text-align-justify\">Si fa gaireb\u00e9 dos anys m\u2019haguessin demanat definir qu\u00e8 entenia per drets humans, sense dubtar-ho, hauria dit que representaven \u201cel conjunt de necessitats b\u00e0siques o aspiracions leg\u00edtimes inherents a les persones que han de ser cobertes per garantir el dret a una vida digna de ser viscuda\u201d.&nbsp; <strong>Ara \u00e9s moment de pensar com ha modificat la pand\u00e8mia Covid-19 aquesta definici\u00f3, i m\u2019atreviria a dir que gens ni mica.<\/strong> M\u00e9s aviat, aquesta complexa emerg\u00e8ncia ens ha posat davant el mirall i ens ha fet veure situacions que no vol\u00edem enfrontar, que estaven davant nostre, per\u00f2 amb unes din\u00e0miques que no ens permetien considerar les moltes mancances que ten\u00edem.<\/p>\n\n\n\n<p class=\"has-text-align-justify\">Ara com ara, que no sabem si ja hem superat aquesta pand\u00e8mia o ens trobem a les portes de noves incerteses, puc afirmar, sense por a equivocar-me, que els drets humans continuen sent \u201cel conjunt de necessitats b\u00e0siques o aspiracions leg\u00edtimes inherents a les persones que han de ser cobertes per garantir el dret a una vida digna de ser viscuda\u201d.<\/p>\n\n\n\n<p class=\"has-text-align-justify\">La reivindicaci\u00f3 d\u2019aquest dret a una vida digna de ser viscuda, despr\u00e9s de tot el que ha passat, <strong>ens interpel\u00b7la a plantejar-nos que no estem en una \u00e8poca de canvis, sin\u00f3 en un canvi d\u2019\u00e8poca. En aquest, els drets humans no poden ser nom\u00e9s un discurs sin\u00f3 que han de ser una pr\u00e0ctica urgent i necess\u00e0ria.<\/strong> Els drets humans no poden ser nom\u00e9s una pluja fina que mulla una mica, sin\u00f3 que cal que es converteixin en una pluja que xopa.<\/p>\n\n\n\n<p class=\"has-text-align-justify\">Per fer front a aquesta nova situaci\u00f3 que ens ha tocat viure, crisi sanit\u00e0ria (de la que encara sembla que no n\u2019hem sortit) acompanyada d\u2019una greu crisi social (de la que trigarem molt a sortir-nos), <strong>hem de creure fermament que la reconstrucci\u00f3 de societats m\u00e9s justes nom\u00e9s es podr\u00e0 fer des de l\u2019emancipaci\u00f3 i la transformaci\u00f3 social pr\u00f2pia del m\u00f3n dels drets humans<\/strong>.<\/p>\n\n\n\n<p class=\"has-text-align-justify\">Durant la pand\u00e8mia, en la postpand\u00e8mia i a les portes de noves incerteses, <strong>s\u2019estan generant tres possibles relats enfront dels reptes presents i futurs<\/strong>. Malauradament, n\u2019hi ha dos que estan calant molt en l\u2019\u00e0mbit pol\u00edtic i medi\u00e0tic.<\/p>\n\n\n\n<p class=\"has-text-align-justify\">El relat catastrofista que nom\u00e9s genera desconfian\u00e7a i por, fent la sensaci\u00f3 que no podem fer res i que hem d\u2019anar posant pegats per veure com ens en sortim de cara el futur.<\/p>\n\n\n\n<p class=\"has-text-align-justify\">El relat de l\u2019hipercontrol, que fa inc\u00eds en la necessitat de posar la seguretat per davant de tot, i que demana renunciar a drets i a garanties democr\u00e0tiques per aconseguir m\u00e9s control social.<\/p>\n\n\n\n<p class=\"has-text-align-justify\">I, finalment, un tercer relat, que \u00e9s el que ens cal defensar, consistent en el que podr\u00edem definir com la <em>imaginaci\u00f3 de l\u2019aventura humana<\/em>. <strong>Aquest relat rebutja la reconstrucci\u00f3 des del discurs de la por i de la seguretat i defensa que l\u2019humanisme de la interdepend\u00e8ncia fonamentat en els drets humans ha de ser el motor de la reconstrucci\u00f3 social.<\/strong><\/p>\n\n\n\n<p class=\"has-text-align-justify\">Aquesta reconstrucci\u00f3 social passa per la imprescindible connexi\u00f3 entre l\u2019\u00e0mbit global i l\u2019\u00e0mbit local. Comen\u00e7ar a treballar des de l\u2019\u00e0mbit local per revertir situacions que ens afecten a totes i tots a escala global.<\/p>\n\n\n\n<p class=\"has-text-align-justify\"><strong>Aquest discurs renovador no pot quedar-se nom\u00e9s en unes declaracions d\u2019intencions<\/strong>, sin\u00f3 que ha de ser el futur programa d\u2019acci\u00f3 per a qualsevol pol\u00edtica p\u00fablica en mat\u00e8ria de drets humans i, naturalment, el programa d\u2019acci\u00f3 de la <a href=\"https:\/\/www.sindicaturabarcelona.cat\/\" target=\"_blank\" aria-label=\"Sindicatura de Greuges de Barcelona (opens in a new tab)\" rel=\"noreferrer noopener\" class=\"ek-link\">Sindicatura de Greuges de Barcelona<\/a>.<\/p>\n\n\n\n<p><\/p>\n\n\n\n<h5 class=\"wp-block-heading\">David Bondia, s\u00edndic de greuges de Barcelona.<\/h5>\n\n\n\n<h5 class=\"wp-block-heading\">Dia Mundial dels Drets Humans.<\/h5>\n\n\n\n<p><\/p>\n","protected":false},"excerpt":{"rendered":"<p>Si fa gaireb\u00e9 dos anys m\u2019haguessin demanat definir qu\u00e8 entenia per drets humans, sense dubtar-ho, hauria dit que representaven \u201cel conjunt de necessitats b\u00e0siques o aspiracions leg\u00edtimes inherents a les [&hellip;]<\/p>\n","protected":false},"author":2,"featured_media":13280,"comment_status":"closed","ping_status":"open","sticky":false,"template":"","format":"standard","meta":{"_acf_changed":false,"footnotes":""},"tags":[1292,1290,1291],"drets":[],"class_list":["post-13279","post","type-post","status-publish","format-standard","has-post-thumbnail","hentry","tag-ddhh-barcelona","tag-dia-drets-humans","tag-drets-humans-de-proximitat"],"acf":[],"yoast_head":"<!-- This site is optimized with the Yoast SEO plugin v27.5 - https:\/\/yoast.com\/product\/yoast-seo-wordpress\/ -->\n<title>Els drets humans en l\u2019era postpand\u00e8mia; a les portes de noves incerteses - Sindicatura de Greuges de Barcelona<\/title>\n<meta name=\"description\" content=\"La reconstrucci\u00f3 de societats m\u00e9s justes nom\u00e9s es podr\u00e0 fer des de l\u2019emancipaci\u00f3 i la transformaci\u00f3 social pr\u00f2pia del m\u00f3n dels drets humans.\" \/>\n<meta name=\"robots\" content=\"index, follow, max-snippet:-1, max-image-preview:large, max-video-preview:-1\" \/>\n<link rel=\"canonical\" href=\"https:\/\/www.sindicaturabarcelona.cat\/ca\/dia-mundial-drets-humans-postpandemia\/\" \/>\n<meta property=\"og:locale\" content=\"ca_ES\" \/>\n<meta property=\"og:type\" content=\"article\" \/>\n<meta property=\"og:title\" content=\"Els drets humans en l\u2019era postpand\u00e8mia; a les portes de noves incerteses - Sindicatura de Greuges de Barcelona\" \/>\n<meta property=\"og:description\" content=\"La reconstrucci\u00f3 de societats m\u00e9s justes nom\u00e9s es podr\u00e0 fer des de l\u2019emancipaci\u00f3 i la transformaci\u00f3 social pr\u00f2pia del m\u00f3n dels drets humans.\" \/>\n<meta property=\"og:url\" content=\"https:\/\/www.sindicaturabarcelona.cat\/ca\/dia-mundial-drets-humans-postpandemia\/\" \/>\n<meta property=\"og:site_name\" content=\"Sindicatura de Greuges de Barcelona\" \/>\n<meta property=\"article:published_time\" content=\"2021-12-10T08:56:24+00:00\" \/>\n<meta property=\"article:modified_time\" content=\"2021-12-10T08:57:01+00:00\" \/>\n<meta property=\"og:image\" content=\"https:\/\/www.sindicaturabarcelona.cat\/wp-content\/uploads\/2021\/12\/8856_DISE-Placa-de-Joan-Coromines-MACBA-14-4-14-VZ-09.jpg\" \/>\n\t<meta property=\"og:image:width\" content=\"1024\" \/>\n\t<meta property=\"og:image:height\" content=\"683\" \/>\n\t<meta property=\"og:image:type\" content=\"image\/jpeg\" \/>\n<meta name=\"author\" content=\"Pablo\" \/>\n<meta name=\"twitter:card\" content=\"summary_large_image\" \/>\n<meta name=\"twitter:creator\" content=\"@sindicbarcelona\" \/>\n<meta name=\"twitter:site\" content=\"@sindicbarcelona\" \/>\n<meta name=\"twitter:label1\" content=\"Escrit per\" \/>\n\t<meta name=\"twitter:data1\" content=\"Pablo\" \/>\n\t<meta name=\"twitter:label2\" content=\"Temps estimat de lectura\" \/>\n\t<meta name=\"twitter:data2\" content=\"3 minuts\" \/>\n<script type=\"application\/ld+json\" class=\"yoast-schema-graph\">{\"@context\":\"https:\\\/\\\/schema.org\",\"@graph\":[{\"@type\":\"Article\",\"@id\":\"https:\\\/\\\/www.sindicaturabarcelona.cat\\\/ca\\\/dia-mundial-drets-humans-postpandemia\\\/#article\",\"isPartOf\":{\"@id\":\"https:\\\/\\\/www.sindicaturabarcelona.cat\\\/ca\\\/dia-mundial-drets-humans-postpandemia\\\/\"},\"author\":{\"name\":\"Pablo\",\"@id\":\"https:\\\/\\\/www.sindicaturabarcelona.cat\\\/ca\\\/#\\\/schema\\\/person\\\/0e5acffc350ffdbc97578159322c9452\"},\"headline\":\"Els drets humans en l\u2019era postpand\u00e8mia; a les portes de noves incerteses\",\"datePublished\":\"2021-12-10T08:56:24+00:00\",\"dateModified\":\"2021-12-10T08:57:01+00:00\",\"mainEntityOfPage\":{\"@id\":\"https:\\\/\\\/www.sindicaturabarcelona.cat\\\/ca\\\/dia-mundial-drets-humans-postpandemia\\\/\"},\"wordCount\":637,\"publisher\":{\"@id\":\"https:\\\/\\\/www.sindicaturabarcelona.cat\\\/ca\\\/#organization\"},\"image\":{\"@id\":\"https:\\\/\\\/www.sindicaturabarcelona.cat\\\/ca\\\/dia-mundial-drets-humans-postpandemia\\\/#primaryimage\"},\"thumbnailUrl\":\"https:\\\/\\\/www.sindicaturabarcelona.cat\\\/wp-content\\\/uploads\\\/2021\\\/12\\\/8856_DISE-Placa-de-Joan-Coromines-MACBA-14-4-14-VZ-09.jpg\",\"keywords\":[\"ddhh barcelona\",\"dia drets humans\",\"drets humans de proximitat\"],\"inLanguage\":\"ca\"},{\"@type\":\"WebPage\",\"@id\":\"https:\\\/\\\/www.sindicaturabarcelona.cat\\\/ca\\\/dia-mundial-drets-humans-postpandemia\\\/\",\"url\":\"https:\\\/\\\/www.sindicaturabarcelona.cat\\\/ca\\\/dia-mundial-drets-humans-postpandemia\\\/\",\"name\":\"Els drets humans en l\u2019era postpand\u00e8mia; a les portes de noves incerteses - Sindicatura de Greuges de Barcelona\",\"isPartOf\":{\"@id\":\"https:\\\/\\\/www.sindicaturabarcelona.cat\\\/ca\\\/#website\"},\"primaryImageOfPage\":{\"@id\":\"https:\\\/\\\/www.sindicaturabarcelona.cat\\\/ca\\\/dia-mundial-drets-humans-postpandemia\\\/#primaryimage\"},\"image\":{\"@id\":\"https:\\\/\\\/www.sindicaturabarcelona.cat\\\/ca\\\/dia-mundial-drets-humans-postpandemia\\\/#primaryimage\"},\"thumbnailUrl\":\"https:\\\/\\\/www.sindicaturabarcelona.cat\\\/wp-content\\\/uploads\\\/2021\\\/12\\\/8856_DISE-Placa-de-Joan-Coromines-MACBA-14-4-14-VZ-09.jpg\",\"datePublished\":\"2021-12-10T08:56:24+00:00\",\"dateModified\":\"2021-12-10T08:57:01+00:00\",\"description\":\"La reconstrucci\u00f3 de societats m\u00e9s justes nom\u00e9s es podr\u00e0 fer des de l\u2019emancipaci\u00f3 i la transformaci\u00f3 social pr\u00f2pia del m\u00f3n dels drets humans.\",\"breadcrumb\":{\"@id\":\"https:\\\/\\\/www.sindicaturabarcelona.cat\\\/ca\\\/dia-mundial-drets-humans-postpandemia\\\/#breadcrumb\"},\"inLanguage\":\"ca\",\"potentialAction\":[{\"@type\":\"ReadAction\",\"target\":[\"https:\\\/\\\/www.sindicaturabarcelona.cat\\\/ca\\\/dia-mundial-drets-humans-postpandemia\\\/\"]}]},{\"@type\":\"ImageObject\",\"inLanguage\":\"ca\",\"@id\":\"https:\\\/\\\/www.sindicaturabarcelona.cat\\\/ca\\\/dia-mundial-drets-humans-postpandemia\\\/#primaryimage\",\"url\":\"https:\\\/\\\/www.sindicaturabarcelona.cat\\\/wp-content\\\/uploads\\\/2021\\\/12\\\/8856_DISE-Placa-de-Joan-Coromines-MACBA-14-4-14-VZ-09.jpg\",\"contentUrl\":\"https:\\\/\\\/www.sindicaturabarcelona.cat\\\/wp-content\\\/uploads\\\/2021\\\/12\\\/8856_DISE-Placa-de-Joan-Coromines-MACBA-14-4-14-VZ-09.jpg\",\"width\":1024,\"height\":683,\"caption\":\"Dia Mundial Drets Humans\"},{\"@type\":\"BreadcrumbList\",\"@id\":\"https:\\\/\\\/www.sindicaturabarcelona.cat\\\/ca\\\/dia-mundial-drets-humans-postpandemia\\\/#breadcrumb\",\"itemListElement\":[{\"@type\":\"ListItem\",\"position\":1,\"name\":\"Inici\",\"item\":\"https:\\\/\\\/www.sindicaturabarcelona.cat\\\/ca\\\/\"},{\"@type\":\"ListItem\",\"position\":2,\"name\":\"Els drets humans en l\u2019era postpand\u00e8mia; a les portes de noves incerteses\"}]},{\"@type\":\"WebSite\",\"@id\":\"https:\\\/\\\/www.sindicaturabarcelona.cat\\\/ca\\\/#website\",\"url\":\"https:\\\/\\\/www.sindicaturabarcelona.cat\\\/ca\\\/\",\"name\":\"Sindicatura de Greuges de Barcelona\",\"description\":\"La defensoria dels teus drets\",\"publisher\":{\"@id\":\"https:\\\/\\\/www.sindicaturabarcelona.cat\\\/ca\\\/#organization\"},\"potentialAction\":[{\"@type\":\"SearchAction\",\"target\":{\"@type\":\"EntryPoint\",\"urlTemplate\":\"https:\\\/\\\/www.sindicaturabarcelona.cat\\\/ca\\\/?s={search_term_string}\"},\"query-input\":{\"@type\":\"PropertyValueSpecification\",\"valueRequired\":true,\"valueName\":\"search_term_string\"}}],\"inLanguage\":\"ca\"},{\"@type\":\"Organization\",\"@id\":\"https:\\\/\\\/www.sindicaturabarcelona.cat\\\/ca\\\/#organization\",\"name\":\"Sindicatura de Greuges de Barcelona\",\"url\":\"https:\\\/\\\/www.sindicaturabarcelona.cat\\\/ca\\\/\",\"logo\":{\"@type\":\"ImageObject\",\"inLanguage\":\"ca\",\"@id\":\"https:\\\/\\\/www.sindicaturabarcelona.cat\\\/ca\\\/#\\\/schema\\\/logo\\\/image\\\/\",\"url\":\"https:\\\/\\\/www.sindicaturabarcelona.cat\\\/wp-content\\\/uploads\\\/2023\\\/02\\\/logo_sindicatura.svg\",\"contentUrl\":\"https:\\\/\\\/www.sindicaturabarcelona.cat\\\/wp-content\\\/uploads\\\/2023\\\/02\\\/logo_sindicatura.svg\",\"caption\":\"Sindicatura de Greuges de Barcelona\"},\"image\":{\"@id\":\"https:\\\/\\\/www.sindicaturabarcelona.cat\\\/ca\\\/#\\\/schema\\\/logo\\\/image\\\/\"},\"sameAs\":[\"https:\\\/\\\/x.com\\\/sindicbarcelona\",\"https:\\\/\\\/www.instagram.com\\\/sindicbarcelona\\\/\",\"https:\\\/\\\/www.tiktok.com\\\/@sindicaturabcn\",\"https:\\\/\\\/t.me\\\/sindicaturabarcelona\"]},{\"@type\":\"Person\",\"@id\":\"https:\\\/\\\/www.sindicaturabarcelona.cat\\\/ca\\\/#\\\/schema\\\/person\\\/0e5acffc350ffdbc97578159322c9452\",\"name\":\"Pablo\",\"image\":{\"@type\":\"ImageObject\",\"inLanguage\":\"ca\",\"@id\":\"https:\\\/\\\/secure.gravatar.com\\\/avatar\\\/c948169b402ef9492afde705c3dfd5e90e1a6a84ef6840a91124f805a25a480f?s=96&d=mm&r=g\",\"url\":\"https:\\\/\\\/secure.gravatar.com\\\/avatar\\\/c948169b402ef9492afde705c3dfd5e90e1a6a84ef6840a91124f805a25a480f?s=96&d=mm&r=g\",\"contentUrl\":\"https:\\\/\\\/secure.gravatar.com\\\/avatar\\\/c948169b402ef9492afde705c3dfd5e90e1a6a84ef6840a91124f805a25a480f?s=96&d=mm&r=g\",\"caption\":\"Pablo\"},\"url\":\"https:\\\/\\\/www.sindicaturabarcelona.cat\\\/ca\\\/author\\\/pablo\\\/\"}]}<\/script>\n<!-- \/ Yoast SEO plugin. -->","yoast_head_json":{"title":"Els drets humans en l\u2019era postpand\u00e8mia; a les portes de noves incerteses - Sindicatura de Greuges de Barcelona","description":"La reconstrucci\u00f3 de societats m\u00e9s justes nom\u00e9s es podr\u00e0 fer des de l\u2019emancipaci\u00f3 i la transformaci\u00f3 social pr\u00f2pia del m\u00f3n dels drets humans.","robots":{"index":"index","follow":"follow","max-snippet":"max-snippet:-1","max-image-preview":"max-image-preview:large","max-video-preview":"max-video-preview:-1"},"canonical":"https:\/\/www.sindicaturabarcelona.cat\/ca\/dia-mundial-drets-humans-postpandemia\/","og_locale":"ca_ES","og_type":"article","og_title":"Els drets humans en l\u2019era postpand\u00e8mia; a les portes de noves incerteses - Sindicatura de Greuges de Barcelona","og_description":"La reconstrucci\u00f3 de societats m\u00e9s justes nom\u00e9s es podr\u00e0 fer des de l\u2019emancipaci\u00f3 i la transformaci\u00f3 social pr\u00f2pia del m\u00f3n dels drets humans.","og_url":"https:\/\/www.sindicaturabarcelona.cat\/ca\/dia-mundial-drets-humans-postpandemia\/","og_site_name":"Sindicatura de Greuges de Barcelona","article_published_time":"2021-12-10T08:56:24+00:00","article_modified_time":"2021-12-10T08:57:01+00:00","og_image":[{"width":1024,"height":683,"url":"https:\/\/www.sindicaturabarcelona.cat\/wp-content\/uploads\/2021\/12\/8856_DISE-Placa-de-Joan-Coromines-MACBA-14-4-14-VZ-09.jpg","type":"image\/jpeg"}],"author":"Pablo","twitter_card":"summary_large_image","twitter_creator":"@sindicbarcelona","twitter_site":"@sindicbarcelona","twitter_misc":{"Escrit per":"Pablo","Temps estimat de lectura":"3 minuts"},"schema":{"@context":"https:\/\/schema.org","@graph":[{"@type":"Article","@id":"https:\/\/www.sindicaturabarcelona.cat\/ca\/dia-mundial-drets-humans-postpandemia\/#article","isPartOf":{"@id":"https:\/\/www.sindicaturabarcelona.cat\/ca\/dia-mundial-drets-humans-postpandemia\/"},"author":{"name":"Pablo","@id":"https:\/\/www.sindicaturabarcelona.cat\/ca\/#\/schema\/person\/0e5acffc350ffdbc97578159322c9452"},"headline":"Els drets humans en l\u2019era postpand\u00e8mia; a les portes de noves incerteses","datePublished":"2021-12-10T08:56:24+00:00","dateModified":"2021-12-10T08:57:01+00:00","mainEntityOfPage":{"@id":"https:\/\/www.sindicaturabarcelona.cat\/ca\/dia-mundial-drets-humans-postpandemia\/"},"wordCount":637,"publisher":{"@id":"https:\/\/www.sindicaturabarcelona.cat\/ca\/#organization"},"image":{"@id":"https:\/\/www.sindicaturabarcelona.cat\/ca\/dia-mundial-drets-humans-postpandemia\/#primaryimage"},"thumbnailUrl":"https:\/\/www.sindicaturabarcelona.cat\/wp-content\/uploads\/2021\/12\/8856_DISE-Placa-de-Joan-Coromines-MACBA-14-4-14-VZ-09.jpg","keywords":["ddhh barcelona","dia drets humans","drets humans de proximitat"],"inLanguage":"ca"},{"@type":"WebPage","@id":"https:\/\/www.sindicaturabarcelona.cat\/ca\/dia-mundial-drets-humans-postpandemia\/","url":"https:\/\/www.sindicaturabarcelona.cat\/ca\/dia-mundial-drets-humans-postpandemia\/","name":"Els drets humans en l\u2019era postpand\u00e8mia; a les portes de noves incerteses - Sindicatura de Greuges de Barcelona","isPartOf":{"@id":"https:\/\/www.sindicaturabarcelona.cat\/ca\/#website"},"primaryImageOfPage":{"@id":"https:\/\/www.sindicaturabarcelona.cat\/ca\/dia-mundial-drets-humans-postpandemia\/#primaryimage"},"image":{"@id":"https:\/\/www.sindicaturabarcelona.cat\/ca\/dia-mundial-drets-humans-postpandemia\/#primaryimage"},"thumbnailUrl":"https:\/\/www.sindicaturabarcelona.cat\/wp-content\/uploads\/2021\/12\/8856_DISE-Placa-de-Joan-Coromines-MACBA-14-4-14-VZ-09.jpg","datePublished":"2021-12-10T08:56:24+00:00","dateModified":"2021-12-10T08:57:01+00:00","description":"La reconstrucci\u00f3 de societats m\u00e9s justes nom\u00e9s es podr\u00e0 fer des de l\u2019emancipaci\u00f3 i la transformaci\u00f3 social pr\u00f2pia del m\u00f3n dels drets humans.","breadcrumb":{"@id":"https:\/\/www.sindicaturabarcelona.cat\/ca\/dia-mundial-drets-humans-postpandemia\/#breadcrumb"},"inLanguage":"ca","potentialAction":[{"@type":"ReadAction","target":["https:\/\/www.sindicaturabarcelona.cat\/ca\/dia-mundial-drets-humans-postpandemia\/"]}]},{"@type":"ImageObject","inLanguage":"ca","@id":"https:\/\/www.sindicaturabarcelona.cat\/ca\/dia-mundial-drets-humans-postpandemia\/#primaryimage","url":"https:\/\/www.sindicaturabarcelona.cat\/wp-content\/uploads\/2021\/12\/8856_DISE-Placa-de-Joan-Coromines-MACBA-14-4-14-VZ-09.jpg","contentUrl":"https:\/\/www.sindicaturabarcelona.cat\/wp-content\/uploads\/2021\/12\/8856_DISE-Placa-de-Joan-Coromines-MACBA-14-4-14-VZ-09.jpg","width":1024,"height":683,"caption":"Dia Mundial Drets Humans"},{"@type":"BreadcrumbList","@id":"https:\/\/www.sindicaturabarcelona.cat\/ca\/dia-mundial-drets-humans-postpandemia\/#breadcrumb","itemListElement":[{"@type":"ListItem","position":1,"name":"Inici","item":"https:\/\/www.sindicaturabarcelona.cat\/ca\/"},{"@type":"ListItem","position":2,"name":"Els drets humans en l\u2019era postpand\u00e8mia; a les portes de noves incerteses"}]},{"@type":"WebSite","@id":"https:\/\/www.sindicaturabarcelona.cat\/ca\/#website","url":"https:\/\/www.sindicaturabarcelona.cat\/ca\/","name":"Sindicatura de Greuges de Barcelona","description":"La defensoria dels teus drets","publisher":{"@id":"https:\/\/www.sindicaturabarcelona.cat\/ca\/#organization"},"potentialAction":[{"@type":"SearchAction","target":{"@type":"EntryPoint","urlTemplate":"https:\/\/www.sindicaturabarcelona.cat\/ca\/?s={search_term_string}"},"query-input":{"@type":"PropertyValueSpecification","valueRequired":true,"valueName":"search_term_string"}}],"inLanguage":"ca"},{"@type":"Organization","@id":"https:\/\/www.sindicaturabarcelona.cat\/ca\/#organization","name":"Sindicatura de Greuges de Barcelona","url":"https:\/\/www.sindicaturabarcelona.cat\/ca\/","logo":{"@type":"ImageObject","inLanguage":"ca","@id":"https:\/\/www.sindicaturabarcelona.cat\/ca\/#\/schema\/logo\/image\/","url":"https:\/\/www.sindicaturabarcelona.cat\/wp-content\/uploads\/2023\/02\/logo_sindicatura.svg","contentUrl":"https:\/\/www.sindicaturabarcelona.cat\/wp-content\/uploads\/2023\/02\/logo_sindicatura.svg","caption":"Sindicatura de Greuges de Barcelona"},"image":{"@id":"https:\/\/www.sindicaturabarcelona.cat\/ca\/#\/schema\/logo\/image\/"},"sameAs":["https:\/\/x.com\/sindicbarcelona","https:\/\/www.instagram.com\/sindicbarcelona\/","https:\/\/www.tiktok.com\/@sindicaturabcn","https:\/\/t.me\/sindicaturabarcelona"]},{"@type":"Person","@id":"https:\/\/www.sindicaturabarcelona.cat\/ca\/#\/schema\/person\/0e5acffc350ffdbc97578159322c9452","name":"Pablo","image":{"@type":"ImageObject","inLanguage":"ca","@id":"https:\/\/secure.gravatar.com\/avatar\/c948169b402ef9492afde705c3dfd5e90e1a6a84ef6840a91124f805a25a480f?s=96&d=mm&r=g","url":"https:\/\/secure.gravatar.com\/avatar\/c948169b402ef9492afde705c3dfd5e90e1a6a84ef6840a91124f805a25a480f?s=96&d=mm&r=g","contentUrl":"https:\/\/secure.gravatar.com\/avatar\/c948169b402ef9492afde705c3dfd5e90e1a6a84ef6840a91124f805a25a480f?s=96&d=mm&r=g","caption":"Pablo"},"url":"https:\/\/www.sindicaturabarcelona.cat\/ca\/author\/pablo\/"}]}},"_links":{"self":[{"href":"https:\/\/www.sindicaturabarcelona.cat\/ca\/wp-json\/wp\/v2\/posts\/13279","targetHints":{"allow":["GET"]}}],"collection":[{"href":"https:\/\/www.sindicaturabarcelona.cat\/ca\/wp-json\/wp\/v2\/posts"}],"about":[{"href":"https:\/\/www.sindicaturabarcelona.cat\/ca\/wp-json\/wp\/v2\/types\/post"}],"author":[{"embeddable":true,"href":"https:\/\/www.sindicaturabarcelona.cat\/ca\/wp-json\/wp\/v2\/users\/2"}],"replies":[{"embeddable":true,"href":"https:\/\/www.sindicaturabarcelona.cat\/ca\/wp-json\/wp\/v2\/comments?post=13279"}],"version-history":[{"count":0,"href":"https:\/\/www.sindicaturabarcelona.cat\/ca\/wp-json\/wp\/v2\/posts\/13279\/revisions"}],"wp:featuredmedia":[{"embeddable":true,"href":"https:\/\/www.sindicaturabarcelona.cat\/ca\/wp-json\/wp\/v2\/media\/13280"}],"wp:attachment":[{"href":"https:\/\/www.sindicaturabarcelona.cat\/ca\/wp-json\/wp\/v2\/media?parent=13279"}],"wp:term":[{"taxonomy":"post_tag","embeddable":true,"href":"https:\/\/www.sindicaturabarcelona.cat\/ca\/wp-json\/wp\/v2\/tags?post=13279"},{"taxonomy":"drets","embeddable":true,"href":"https:\/\/www.sindicaturabarcelona.cat\/ca\/wp-json\/wp\/v2\/drets?post=13279"}],"curies":[{"name":"wp","href":"https:\/\/api.w.org\/{rel}","templated":true}]}}