{"id":13247,"date":"2021-11-30T14:29:30","date_gmt":"2021-11-30T12:29:30","guid":{"rendered":"https:\/\/www.sindicabarcelona.cat\/?p=13247"},"modified":"2023-05-11T13:38:17","modified_gmt":"2023-05-11T11:38:17","slug":"sindic-demana-abordatge-integral-per-garantir-drets-basics","status":"publish","type":"post","link":"https:\/\/www.sindicaturabarcelona.cat\/ca\/sindic-demana-abordatge-integral-per-garantir-drets-basics\/","title":{"rendered":"El s\u00edndic de Barcelona alerta que l\u2019incendi del local de pla\u00e7a Tetuan no \u00e9s un fet a\u00efllat i demana un abordatge integral per tal de garantir els drets b\u00e0sics de la ciutadania"},"content":{"rendered":"\n<p class=\"has-text-align-justify\">Des de la Sindicatura de Greuges de Barcelona lamentem la p\u00e8rdua de quatre persones a la nostra ciutat, dues d\u2019elles menors d\u2019edat, en un incendi que ha tingut lloc avui en un local amb \u00fas d\u2019habitatge a la pla\u00e7a Tetuan. Volem expressar tot el nostre suport als familiars i amistats de les v\u00edctimes, i el nostre agra\u00efment al treball de les vuit dotacions de Bombers de Barcelona que hi han treballat, juntament amb les unitats de la Gu\u00e0rdia Urbana i del Servei d\u2019Emerg\u00e8ncies M\u00e8diques (SEM), aix\u00ed com altres serveis municipals que havien actuat amb anterioritat, com el CUES o el SISFAM.<\/p>\n\n\n\n<p class=\"has-text-align-justify\"><strong>Ens trobem davant d\u2019una situaci\u00f3 que aplega diverses condicions de complexitat extrema: col\u00b7lectiu vulnerabilitzat; pobresa estructural; infrahabitatge, o pobresa energ\u00e8tica<\/strong>, entre altres. Volem recordar que <strong>no es tracta d\u2019un context a\u00efllat i puntual, sin\u00f3 que \u00e9s una circumst\u00e0ncia que \u00e9s visible en diversos punts de la ciutat i que requereix un abordatge integral de les problem\u00e0tiques per part de totes les administracions implicades<\/strong>.<\/p>\n\n\n\n<p class=\"has-text-align-justify\">El tr\u00e0gic incident d\u2019avui torna a <strong>deixar pal\u00e8s que el dret a un habitatge digne i el dret als subministraments b\u00e0sics han de ser accessibles per a totes les persones<\/strong>. Per aquest motiu, des de la Sindicatura de Greuges de Barcelona <strong>reclamem accions decidides per garantir el compliment dels drets humans de proximitat<\/strong>, i insistim en la col\u00b7laboraci\u00f3 entre totes les administracions involucrades amb l\u2019objectiu de salvaguardar els drets b\u00e0sics de les persones.<\/p>\n","protected":false},"excerpt":{"rendered":"<p>Des de la Sindicatura de Greuges de Barcelona lamentem la p\u00e8rdua de quatre persones a la nostra ciutat, dues d\u2019elles menors d\u2019edat, en un incendi que ha tingut lloc avui [&hellip;]<\/p>\n","protected":false},"author":2,"featured_media":13249,"comment_status":"closed","ping_status":"open","sticky":false,"template":"","format":"standard","meta":{"_acf_changed":false,"footnotes":""},"tags":[],"drets":[1428,1463,1435],"class_list":["post-13247","post","type-post","status-publish","format-standard","has-post-thumbnail","hentry","drets-ciutat-equitativa","drets-dret-serveis-proteccio-social","drets-dret-a-lhabitatge"],"acf":[],"yoast_head":"<!-- This site is optimized with the Yoast SEO plugin v27.5 - https:\/\/yoast.com\/product\/yoast-seo-wordpress\/ -->\n<title>El s\u00edndic de Barcelona alerta que l\u2019incendi del local de pla\u00e7a Tetuan no \u00e9s un fet a\u00efllat i demana un abordatge integral per tal de garantir els drets b\u00e0sics de la ciutadania - Sindicatura de Greuges de Barcelona<\/title>\n<meta name=\"description\" content=\"Ens trobem davant d\u2019una situaci\u00f3 que aplega diverses condicions de complexitat extrema: col\u00b7lectiu vulnerabilitzat; pobresa estructural; infrahabitatge, o..\" \/>\n<meta name=\"robots\" content=\"index, follow, max-snippet:-1, max-image-preview:large, max-video-preview:-1\" \/>\n<link rel=\"canonical\" href=\"https:\/\/www.sindicaturabarcelona.cat\/ca\/sindic-demana-abordatge-integral-per-garantir-drets-basics\/\" \/>\n<meta property=\"og:locale\" content=\"ca_ES\" \/>\n<meta property=\"og:type\" content=\"article\" \/>\n<meta property=\"og:title\" content=\"El s\u00edndic de Barcelona alerta que l\u2019incendi del local de pla\u00e7a Tetuan no \u00e9s un fet a\u00efllat i demana un abordatge integral per tal de garantir els drets b\u00e0sics de la ciutadania - Sindicatura de Greuges de Barcelona\" \/>\n<meta property=\"og:description\" content=\"Ens trobem davant d\u2019una situaci\u00f3 que aplega diverses condicions de complexitat extrema: col\u00b7lectiu vulnerabilitzat; pobresa estructural; infrahabitatge, o..\" \/>\n<meta property=\"og:url\" content=\"https:\/\/www.sindicaturabarcelona.cat\/ca\/sindic-demana-abordatge-integral-per-garantir-drets-basics\/\" \/>\n<meta property=\"og:site_name\" content=\"Sindicatura de Greuges de Barcelona\" \/>\n<meta property=\"article:published_time\" content=\"2021-11-30T12:29:30+00:00\" \/>\n<meta property=\"article:modified_time\" content=\"2023-05-11T11:38:17+00:00\" \/>\n<meta property=\"og:image\" content=\"https:\/\/www.sindicaturabarcelona.cat\/wp-content\/uploads\/2021\/11\/Pl-Tetuan.jpg\" \/>\n\t<meta property=\"og:image:width\" content=\"2048\" \/>\n\t<meta property=\"og:image:height\" content=\"1536\" \/>\n\t<meta property=\"og:image:type\" content=\"image\/jpeg\" \/>\n<meta name=\"author\" content=\"Pablo\" \/>\n<meta name=\"twitter:card\" content=\"summary_large_image\" \/>\n<meta name=\"twitter:creator\" content=\"@sindicbarcelona\" \/>\n<meta name=\"twitter:site\" content=\"@sindicbarcelona\" \/>\n<meta name=\"twitter:label1\" content=\"Escrit per\" \/>\n\t<meta name=\"twitter:data1\" content=\"Pablo\" \/>\n\t<meta name=\"twitter:label2\" content=\"Temps estimat de lectura\" \/>\n\t<meta name=\"twitter:data2\" content=\"1 minut\" \/>\n<script type=\"application\/ld+json\" class=\"yoast-schema-graph\">{\"@context\":\"https:\\\/\\\/schema.org\",\"@graph\":[{\"@type\":\"Article\",\"@id\":\"https:\\\/\\\/www.sindicaturabarcelona.cat\\\/ca\\\/sindic-demana-abordatge-integral-per-garantir-drets-basics\\\/#article\",\"isPartOf\":{\"@id\":\"https:\\\/\\\/www.sindicaturabarcelona.cat\\\/ca\\\/sindic-demana-abordatge-integral-per-garantir-drets-basics\\\/\"},\"author\":{\"name\":\"Pablo\",\"@id\":\"https:\\\/\\\/www.sindicaturabarcelona.cat\\\/ca\\\/#\\\/schema\\\/person\\\/0e5acffc350ffdbc97578159322c9452\"},\"headline\":\"El s\u00edndic de Barcelona alerta que l\u2019incendi del local de pla\u00e7a Tetuan no \u00e9s un fet a\u00efllat i demana un abordatge integral per tal de garantir els drets b\u00e0sics de la ciutadania\",\"datePublished\":\"2021-11-30T12:29:30+00:00\",\"dateModified\":\"2023-05-11T11:38:17+00:00\",\"mainEntityOfPage\":{\"@id\":\"https:\\\/\\\/www.sindicaturabarcelona.cat\\\/ca\\\/sindic-demana-abordatge-integral-per-garantir-drets-basics\\\/\"},\"wordCount\":299,\"publisher\":{\"@id\":\"https:\\\/\\\/www.sindicaturabarcelona.cat\\\/ca\\\/#organization\"},\"image\":{\"@id\":\"https:\\\/\\\/www.sindicaturabarcelona.cat\\\/ca\\\/sindic-demana-abordatge-integral-per-garantir-drets-basics\\\/#primaryimage\"},\"thumbnailUrl\":\"https:\\\/\\\/www.sindicaturabarcelona.cat\\\/wp-content\\\/uploads\\\/2021\\\/11\\\/Pl-Tetuan.jpg\",\"articleSection\":[\"Uncategorized @ca\"],\"inLanguage\":\"ca\"},{\"@type\":\"WebPage\",\"@id\":\"https:\\\/\\\/www.sindicaturabarcelona.cat\\\/ca\\\/sindic-demana-abordatge-integral-per-garantir-drets-basics\\\/\",\"url\":\"https:\\\/\\\/www.sindicaturabarcelona.cat\\\/ca\\\/sindic-demana-abordatge-integral-per-garantir-drets-basics\\\/\",\"name\":\"El s\u00edndic de Barcelona alerta que l\u2019incendi del local de pla\u00e7a Tetuan no \u00e9s un fet a\u00efllat i demana un abordatge integral per tal de garantir els drets b\u00e0sics de la ciutadania - Sindicatura de Greuges de Barcelona\",\"isPartOf\":{\"@id\":\"https:\\\/\\\/www.sindicaturabarcelona.cat\\\/ca\\\/#website\"},\"primaryImageOfPage\":{\"@id\":\"https:\\\/\\\/www.sindicaturabarcelona.cat\\\/ca\\\/sindic-demana-abordatge-integral-per-garantir-drets-basics\\\/#primaryimage\"},\"image\":{\"@id\":\"https:\\\/\\\/www.sindicaturabarcelona.cat\\\/ca\\\/sindic-demana-abordatge-integral-per-garantir-drets-basics\\\/#primaryimage\"},\"thumbnailUrl\":\"https:\\\/\\\/www.sindicaturabarcelona.cat\\\/wp-content\\\/uploads\\\/2021\\\/11\\\/Pl-Tetuan.jpg\",\"datePublished\":\"2021-11-30T12:29:30+00:00\",\"dateModified\":\"2023-05-11T11:38:17+00:00\",\"description\":\"Ens trobem davant d\u2019una situaci\u00f3 que aplega diverses condicions de complexitat extrema: col\u00b7lectiu vulnerabilitzat; pobresa estructural; infrahabitatge, o..\",\"breadcrumb\":{\"@id\":\"https:\\\/\\\/www.sindicaturabarcelona.cat\\\/ca\\\/sindic-demana-abordatge-integral-per-garantir-drets-basics\\\/#breadcrumb\"},\"inLanguage\":\"ca\",\"potentialAction\":[{\"@type\":\"ReadAction\",\"target\":[\"https:\\\/\\\/www.sindicaturabarcelona.cat\\\/ca\\\/sindic-demana-abordatge-integral-per-garantir-drets-basics\\\/\"]}]},{\"@type\":\"ImageObject\",\"inLanguage\":\"ca\",\"@id\":\"https:\\\/\\\/www.sindicaturabarcelona.cat\\\/ca\\\/sindic-demana-abordatge-integral-per-garantir-drets-basics\\\/#primaryimage\",\"url\":\"https:\\\/\\\/www.sindicaturabarcelona.cat\\\/wp-content\\\/uploads\\\/2021\\\/11\\\/Pl-Tetuan.jpg\",\"contentUrl\":\"https:\\\/\\\/www.sindicaturabarcelona.cat\\\/wp-content\\\/uploads\\\/2021\\\/11\\\/Pl-Tetuan.jpg\",\"width\":2048,\"height\":1536,\"caption\":\"Pl Tetuan\"},{\"@type\":\"BreadcrumbList\",\"@id\":\"https:\\\/\\\/www.sindicaturabarcelona.cat\\\/ca\\\/sindic-demana-abordatge-integral-per-garantir-drets-basics\\\/#breadcrumb\",\"itemListElement\":[{\"@type\":\"ListItem\",\"position\":1,\"name\":\"Inici\",\"item\":\"https:\\\/\\\/www.sindicaturabarcelona.cat\\\/ca\\\/\"},{\"@type\":\"ListItem\",\"position\":2,\"name\":\"El s\u00edndic de Barcelona alerta que l\u2019incendi del local de pla\u00e7a Tetuan no \u00e9s un fet a\u00efllat i demana un abordatge integral per tal de garantir els drets b\u00e0sics de la ciutadania\"}]},{\"@type\":\"WebSite\",\"@id\":\"https:\\\/\\\/www.sindicaturabarcelona.cat\\\/ca\\\/#website\",\"url\":\"https:\\\/\\\/www.sindicaturabarcelona.cat\\\/ca\\\/\",\"name\":\"Sindicatura de Greuges de Barcelona\",\"description\":\"La defensoria dels teus drets\",\"publisher\":{\"@id\":\"https:\\\/\\\/www.sindicaturabarcelona.cat\\\/ca\\\/#organization\"},\"potentialAction\":[{\"@type\":\"SearchAction\",\"target\":{\"@type\":\"EntryPoint\",\"urlTemplate\":\"https:\\\/\\\/www.sindicaturabarcelona.cat\\\/ca\\\/?s={search_term_string}\"},\"query-input\":{\"@type\":\"PropertyValueSpecification\",\"valueRequired\":true,\"valueName\":\"search_term_string\"}}],\"inLanguage\":\"ca\"},{\"@type\":\"Organization\",\"@id\":\"https:\\\/\\\/www.sindicaturabarcelona.cat\\\/ca\\\/#organization\",\"name\":\"Sindicatura de Greuges de Barcelona\",\"url\":\"https:\\\/\\\/www.sindicaturabarcelona.cat\\\/ca\\\/\",\"logo\":{\"@type\":\"ImageObject\",\"inLanguage\":\"ca\",\"@id\":\"https:\\\/\\\/www.sindicaturabarcelona.cat\\\/ca\\\/#\\\/schema\\\/logo\\\/image\\\/\",\"url\":\"https:\\\/\\\/www.sindicaturabarcelona.cat\\\/wp-content\\\/uploads\\\/2023\\\/02\\\/logo_sindicatura.svg\",\"contentUrl\":\"https:\\\/\\\/www.sindicaturabarcelona.cat\\\/wp-content\\\/uploads\\\/2023\\\/02\\\/logo_sindicatura.svg\",\"caption\":\"Sindicatura de Greuges de Barcelona\"},\"image\":{\"@id\":\"https:\\\/\\\/www.sindicaturabarcelona.cat\\\/ca\\\/#\\\/schema\\\/logo\\\/image\\\/\"},\"sameAs\":[\"https:\\\/\\\/x.com\\\/sindicbarcelona\",\"https:\\\/\\\/www.instagram.com\\\/sindicbarcelona\\\/\",\"https:\\\/\\\/www.tiktok.com\\\/@sindicaturabcn\",\"https:\\\/\\\/t.me\\\/sindicaturabarcelona\"]},{\"@type\":\"Person\",\"@id\":\"https:\\\/\\\/www.sindicaturabarcelona.cat\\\/ca\\\/#\\\/schema\\\/person\\\/0e5acffc350ffdbc97578159322c9452\",\"name\":\"Pablo\",\"image\":{\"@type\":\"ImageObject\",\"inLanguage\":\"ca\",\"@id\":\"https:\\\/\\\/secure.gravatar.com\\\/avatar\\\/c948169b402ef9492afde705c3dfd5e90e1a6a84ef6840a91124f805a25a480f?s=96&d=mm&r=g\",\"url\":\"https:\\\/\\\/secure.gravatar.com\\\/avatar\\\/c948169b402ef9492afde705c3dfd5e90e1a6a84ef6840a91124f805a25a480f?s=96&d=mm&r=g\",\"contentUrl\":\"https:\\\/\\\/secure.gravatar.com\\\/avatar\\\/c948169b402ef9492afde705c3dfd5e90e1a6a84ef6840a91124f805a25a480f?s=96&d=mm&r=g\",\"caption\":\"Pablo\"},\"url\":\"https:\\\/\\\/www.sindicaturabarcelona.cat\\\/ca\\\/author\\\/pablo\\\/\"}]}<\/script>\n<!-- \/ Yoast SEO plugin. -->","yoast_head_json":{"title":"El s\u00edndic de Barcelona alerta que l\u2019incendi del local de pla\u00e7a Tetuan no \u00e9s un fet a\u00efllat i demana un abordatge integral per tal de garantir els drets b\u00e0sics de la ciutadania - Sindicatura de Greuges de Barcelona","description":"Ens trobem davant d\u2019una situaci\u00f3 que aplega diverses condicions de complexitat extrema: col\u00b7lectiu vulnerabilitzat; pobresa estructural; infrahabitatge, o..","robots":{"index":"index","follow":"follow","max-snippet":"max-snippet:-1","max-image-preview":"max-image-preview:large","max-video-preview":"max-video-preview:-1"},"canonical":"https:\/\/www.sindicaturabarcelona.cat\/ca\/sindic-demana-abordatge-integral-per-garantir-drets-basics\/","og_locale":"ca_ES","og_type":"article","og_title":"El s\u00edndic de Barcelona alerta que l\u2019incendi del local de pla\u00e7a Tetuan no \u00e9s un fet a\u00efllat i demana un abordatge integral per tal de garantir els drets b\u00e0sics de la ciutadania - Sindicatura de Greuges de Barcelona","og_description":"Ens trobem davant d\u2019una situaci\u00f3 que aplega diverses condicions de complexitat extrema: col\u00b7lectiu vulnerabilitzat; pobresa estructural; infrahabitatge, o..","og_url":"https:\/\/www.sindicaturabarcelona.cat\/ca\/sindic-demana-abordatge-integral-per-garantir-drets-basics\/","og_site_name":"Sindicatura de Greuges de Barcelona","article_published_time":"2021-11-30T12:29:30+00:00","article_modified_time":"2023-05-11T11:38:17+00:00","og_image":[{"width":2048,"height":1536,"url":"https:\/\/www.sindicaturabarcelona.cat\/wp-content\/uploads\/2021\/11\/Pl-Tetuan.jpg","type":"image\/jpeg"}],"author":"Pablo","twitter_card":"summary_large_image","twitter_creator":"@sindicbarcelona","twitter_site":"@sindicbarcelona","twitter_misc":{"Escrit per":"Pablo","Temps estimat de lectura":"1 minut"},"schema":{"@context":"https:\/\/schema.org","@graph":[{"@type":"Article","@id":"https:\/\/www.sindicaturabarcelona.cat\/ca\/sindic-demana-abordatge-integral-per-garantir-drets-basics\/#article","isPartOf":{"@id":"https:\/\/www.sindicaturabarcelona.cat\/ca\/sindic-demana-abordatge-integral-per-garantir-drets-basics\/"},"author":{"name":"Pablo","@id":"https:\/\/www.sindicaturabarcelona.cat\/ca\/#\/schema\/person\/0e5acffc350ffdbc97578159322c9452"},"headline":"El s\u00edndic de Barcelona alerta que l\u2019incendi del local de pla\u00e7a Tetuan no \u00e9s un fet a\u00efllat i demana un abordatge integral per tal de garantir els drets b\u00e0sics de la ciutadania","datePublished":"2021-11-30T12:29:30+00:00","dateModified":"2023-05-11T11:38:17+00:00","mainEntityOfPage":{"@id":"https:\/\/www.sindicaturabarcelona.cat\/ca\/sindic-demana-abordatge-integral-per-garantir-drets-basics\/"},"wordCount":299,"publisher":{"@id":"https:\/\/www.sindicaturabarcelona.cat\/ca\/#organization"},"image":{"@id":"https:\/\/www.sindicaturabarcelona.cat\/ca\/sindic-demana-abordatge-integral-per-garantir-drets-basics\/#primaryimage"},"thumbnailUrl":"https:\/\/www.sindicaturabarcelona.cat\/wp-content\/uploads\/2021\/11\/Pl-Tetuan.jpg","articleSection":["Uncategorized @ca"],"inLanguage":"ca"},{"@type":"WebPage","@id":"https:\/\/www.sindicaturabarcelona.cat\/ca\/sindic-demana-abordatge-integral-per-garantir-drets-basics\/","url":"https:\/\/www.sindicaturabarcelona.cat\/ca\/sindic-demana-abordatge-integral-per-garantir-drets-basics\/","name":"El s\u00edndic de Barcelona alerta que l\u2019incendi del local de pla\u00e7a Tetuan no \u00e9s un fet a\u00efllat i demana un abordatge integral per tal de garantir els drets b\u00e0sics de la ciutadania - Sindicatura de Greuges de Barcelona","isPartOf":{"@id":"https:\/\/www.sindicaturabarcelona.cat\/ca\/#website"},"primaryImageOfPage":{"@id":"https:\/\/www.sindicaturabarcelona.cat\/ca\/sindic-demana-abordatge-integral-per-garantir-drets-basics\/#primaryimage"},"image":{"@id":"https:\/\/www.sindicaturabarcelona.cat\/ca\/sindic-demana-abordatge-integral-per-garantir-drets-basics\/#primaryimage"},"thumbnailUrl":"https:\/\/www.sindicaturabarcelona.cat\/wp-content\/uploads\/2021\/11\/Pl-Tetuan.jpg","datePublished":"2021-11-30T12:29:30+00:00","dateModified":"2023-05-11T11:38:17+00:00","description":"Ens trobem davant d\u2019una situaci\u00f3 que aplega diverses condicions de complexitat extrema: col\u00b7lectiu vulnerabilitzat; pobresa estructural; infrahabitatge, o..","breadcrumb":{"@id":"https:\/\/www.sindicaturabarcelona.cat\/ca\/sindic-demana-abordatge-integral-per-garantir-drets-basics\/#breadcrumb"},"inLanguage":"ca","potentialAction":[{"@type":"ReadAction","target":["https:\/\/www.sindicaturabarcelona.cat\/ca\/sindic-demana-abordatge-integral-per-garantir-drets-basics\/"]}]},{"@type":"ImageObject","inLanguage":"ca","@id":"https:\/\/www.sindicaturabarcelona.cat\/ca\/sindic-demana-abordatge-integral-per-garantir-drets-basics\/#primaryimage","url":"https:\/\/www.sindicaturabarcelona.cat\/wp-content\/uploads\/2021\/11\/Pl-Tetuan.jpg","contentUrl":"https:\/\/www.sindicaturabarcelona.cat\/wp-content\/uploads\/2021\/11\/Pl-Tetuan.jpg","width":2048,"height":1536,"caption":"Pl Tetuan"},{"@type":"BreadcrumbList","@id":"https:\/\/www.sindicaturabarcelona.cat\/ca\/sindic-demana-abordatge-integral-per-garantir-drets-basics\/#breadcrumb","itemListElement":[{"@type":"ListItem","position":1,"name":"Inici","item":"https:\/\/www.sindicaturabarcelona.cat\/ca\/"},{"@type":"ListItem","position":2,"name":"El s\u00edndic de Barcelona alerta que l\u2019incendi del local de pla\u00e7a Tetuan no \u00e9s un fet a\u00efllat i demana un abordatge integral per tal de garantir els drets b\u00e0sics de la ciutadania"}]},{"@type":"WebSite","@id":"https:\/\/www.sindicaturabarcelona.cat\/ca\/#website","url":"https:\/\/www.sindicaturabarcelona.cat\/ca\/","name":"Sindicatura de Greuges de Barcelona","description":"La defensoria dels teus drets","publisher":{"@id":"https:\/\/www.sindicaturabarcelona.cat\/ca\/#organization"},"potentialAction":[{"@type":"SearchAction","target":{"@type":"EntryPoint","urlTemplate":"https:\/\/www.sindicaturabarcelona.cat\/ca\/?s={search_term_string}"},"query-input":{"@type":"PropertyValueSpecification","valueRequired":true,"valueName":"search_term_string"}}],"inLanguage":"ca"},{"@type":"Organization","@id":"https:\/\/www.sindicaturabarcelona.cat\/ca\/#organization","name":"Sindicatura de Greuges de Barcelona","url":"https:\/\/www.sindicaturabarcelona.cat\/ca\/","logo":{"@type":"ImageObject","inLanguage":"ca","@id":"https:\/\/www.sindicaturabarcelona.cat\/ca\/#\/schema\/logo\/image\/","url":"https:\/\/www.sindicaturabarcelona.cat\/wp-content\/uploads\/2023\/02\/logo_sindicatura.svg","contentUrl":"https:\/\/www.sindicaturabarcelona.cat\/wp-content\/uploads\/2023\/02\/logo_sindicatura.svg","caption":"Sindicatura de Greuges de Barcelona"},"image":{"@id":"https:\/\/www.sindicaturabarcelona.cat\/ca\/#\/schema\/logo\/image\/"},"sameAs":["https:\/\/x.com\/sindicbarcelona","https:\/\/www.instagram.com\/sindicbarcelona\/","https:\/\/www.tiktok.com\/@sindicaturabcn","https:\/\/t.me\/sindicaturabarcelona"]},{"@type":"Person","@id":"https:\/\/www.sindicaturabarcelona.cat\/ca\/#\/schema\/person\/0e5acffc350ffdbc97578159322c9452","name":"Pablo","image":{"@type":"ImageObject","inLanguage":"ca","@id":"https:\/\/secure.gravatar.com\/avatar\/c948169b402ef9492afde705c3dfd5e90e1a6a84ef6840a91124f805a25a480f?s=96&d=mm&r=g","url":"https:\/\/secure.gravatar.com\/avatar\/c948169b402ef9492afde705c3dfd5e90e1a6a84ef6840a91124f805a25a480f?s=96&d=mm&r=g","contentUrl":"https:\/\/secure.gravatar.com\/avatar\/c948169b402ef9492afde705c3dfd5e90e1a6a84ef6840a91124f805a25a480f?s=96&d=mm&r=g","caption":"Pablo"},"url":"https:\/\/www.sindicaturabarcelona.cat\/ca\/author\/pablo\/"}]}},"_links":{"self":[{"href":"https:\/\/www.sindicaturabarcelona.cat\/ca\/wp-json\/wp\/v2\/posts\/13247","targetHints":{"allow":["GET"]}}],"collection":[{"href":"https:\/\/www.sindicaturabarcelona.cat\/ca\/wp-json\/wp\/v2\/posts"}],"about":[{"href":"https:\/\/www.sindicaturabarcelona.cat\/ca\/wp-json\/wp\/v2\/types\/post"}],"author":[{"embeddable":true,"href":"https:\/\/www.sindicaturabarcelona.cat\/ca\/wp-json\/wp\/v2\/users\/2"}],"replies":[{"embeddable":true,"href":"https:\/\/www.sindicaturabarcelona.cat\/ca\/wp-json\/wp\/v2\/comments?post=13247"}],"version-history":[{"count":0,"href":"https:\/\/www.sindicaturabarcelona.cat\/ca\/wp-json\/wp\/v2\/posts\/13247\/revisions"}],"wp:featuredmedia":[{"embeddable":true,"href":"https:\/\/www.sindicaturabarcelona.cat\/ca\/wp-json\/wp\/v2\/media\/13249"}],"wp:attachment":[{"href":"https:\/\/www.sindicaturabarcelona.cat\/ca\/wp-json\/wp\/v2\/media?parent=13247"}],"wp:term":[{"taxonomy":"post_tag","embeddable":true,"href":"https:\/\/www.sindicaturabarcelona.cat\/ca\/wp-json\/wp\/v2\/tags?post=13247"},{"taxonomy":"drets","embeddable":true,"href":"https:\/\/www.sindicaturabarcelona.cat\/ca\/wp-json\/wp\/v2\/drets?post=13247"}],"curies":[{"name":"wp","href":"https:\/\/api.w.org\/{rel}","templated":true}]}}