{"id":13236,"date":"2021-11-29T12:14:21","date_gmt":"2021-11-29T10:14:21","guid":{"rendered":"https:\/\/www.sindicabarcelona.cat\/?p=13236"},"modified":"2023-05-11T13:38:53","modified_gmt":"2023-05-11T11:38:53","slug":"sindic-celebra-eliminacio-envasos-plastic-un-sol-us-curses-barcelona","status":"publish","type":"post","link":"https:\/\/www.sindicaturabarcelona.cat\/ca\/sindic-celebra-eliminacio-envasos-plastic-un-sol-us-curses-barcelona\/","title":{"rendered":"El s\u00edndic de Barcelona celebra l\u2019eliminaci\u00f3 dels envasos de pl\u00e0stic d\u2019un s\u00f2l \u00fas a les curses esportives de la ciutat"},"content":{"rendered":"\n<p class=\"has-text-align-justify\"><strong>En el marc de la <em>Setmana Europea per la prevenci\u00f3 de residus<\/em>, <\/strong>la Sindicatura de Greuges de Barcelona fa refer\u00e8ncia a l\u2019actuaci\u00f3 d\u2019ofici sobre l\u2019impacte mediambiental de l\u2019\u00fas d\u2019envasos de pl\u00e0stic d\u2019un sol \u00fas en les curses urbanes amb diverses recomanacions a l\u2019Ajuntament de Barcelona: l\u2019elaboraci\u00f3 d\u2019un codi de bones pr\u00e0ctiques, l\u2019establiment d\u2019un quadre d\u2019indicadors per mesurar l\u2019impacte ambiental, i la creaci\u00f3 d\u2019un Pla de Gesti\u00f3 Ambiental per les curses.<\/p>\n\n\n\n<p class=\"has-text-align-justify\"><strong>En un context general, cal dir que l\u2019actuaci\u00f3 de l\u2019Ajuntament ha estat encertada amb el comprom\u00eds de reduir el pl\u00e0stic a la ciutat, per\u00f2 pot ser millorable en termes d\u2019efic\u00e0cia en la gesti\u00f3 de les curses urbanes<\/strong>. D\u2019aquest estudi tamb\u00e9 es percep que el consistori actua m\u00e9s fermament en les curses en qu\u00e8 \u00e9s organitzador o col\u00b7laborador, mentre que en totes aquelles que se celebren a la ciutat per\u00f2 no t\u00e9 cap vincle directe, hi ha una manca generalitzada de dades per valorar com s\u2019est\u00e0 duent a terme la gesti\u00f3 ambiental.<\/p>\n\n\n\n<p>La <a href=\"https:\/\/www.sindicaturabarcelona.cat\/\" target=\"_blank\" aria-label=\"Sindicatura de Greuges de Barcelona (opens in a new tab)\" rel=\"noreferrer noopener\" class=\"ek-link\">Sindicatura de Greuges de Barcelona<\/a> ha constatat de primera m\u00e0 com a les dues darreres curses d\u2019enguany a la ciutat (Bombers i Jean Bouin) s\u2019han eliminat totalment els envasos de pl\u00e0stic d\u2019un s\u00f2l \u00fas.<\/p>\n\n\n\n<h3 class=\"wp-block-heading\"><strong>L\u2019origen de l\u2019actuaci\u00f3 d\u2019ofici<\/strong><\/h3>\n\n\n\n<p class=\"has-text-align-justify\">En els carrers de la ciutat de Barcelona cada any es desenvolupen un gran nombre de curses. Es tracta d\u2019esdeveniments autoritzats que impulsen la pr\u00e0ctica esportiva, tot i que a la vegada generen for\u00e7a agents contaminants en el medi per la gran quantitat d\u2019ampolles de pl\u00e0stic que tradicionalment s\u2019han repartit entre les persones participants. Per aquest motiu, la Sindicatura de Greuges de Barcelona va iniciar un estudi d\u2019ofici que permet\u00e9s <strong>valorar l\u2019impacte mediambiental de l\u2019\u00fas d\u2019envasos de pl\u00e0stic d\u2019un sol \u00fas en les curses urbanes<\/strong>.<\/p>\n\n\n\n<h3 class=\"wp-block-heading\"><strong>Les responsabilitats i actuacions del consistori en les curses esportives celebrades a la ciutat<\/strong><\/h3>\n\n\n\n<p class=\"has-text-align-justify\">L\u2019<a href=\"https:\/\/ajuntament.barcelona.cat\/esports\/ca\/institut-barcelona-esports\/institut-barcelona-esports\" target=\"_blank\" aria-label=\"Institut Barcelona Esports (IBE) (opens in a new tab)\" rel=\"noreferrer noopener\" class=\"ek-link\">Institut Barcelona Esports (IBE)<\/a> ha informat la Sindicatura de Greuges de Barcelona que <strong>a la ciutat es duen a terme una seixantena de curses cada any<\/strong> <strong>i que, d\u2019aquestes, en una desena l\u2019IBE \u00e9s titular o b\u00e9 hi dona suport o hi col\u00b7labora<\/strong>.<\/p>\n\n\n\n<p class=\"has-text-align-justify\">Concretament, l\u2019IBE \u00e9s titular en sis proves esportives, cinc de les quals organitzades mitjan\u00e7ant la concurr\u00e8ncia dels interessats en concurs p\u00fablic. Aix\u00ed doncs, la cursa de la Merc\u00e8 \u00e9s l\u2019\u00fanica que l\u2019organisme organitza de manera directa. L\u2019IBE insisteix que en els requisits d\u2019autoritzaci\u00f3 de les curses que coordina, sempre es demanen cl\u00e0usules mediambientals, per\u00f2 vinculades al soroll i la seva limitaci\u00f3.<\/p>\n\n\n\n<p class=\"has-text-align-justify\">Des de l\u2019administraci\u00f3 municipal tamb\u00e9 s\u2019explica que posen a la disposici\u00f3 de tots els organitzadors els recursos materials i humans necessaris per recollir els residus generats, i \u00e9s <strong>la Direcci\u00f3 dels Serveis de Neteja i Gesti\u00f3 de Residus qui fa el dimensionament dels recursos necessaris.<\/strong><\/p>\n\n\n\n<p class=\"has-text-align-justify\">L\u2019IBE manifesta que des de l\u2019any 2017 consten <strong>iniciatives destinades a la reducci\u00f3 del pl\u00e0stic en aquests esdeveniments esportius mitjan\u00e7ant l\u2019eliminaci\u00f3 de les ampolles de pl\u00e0stic<\/strong>, que majorit\u00e0riament han estat substitu\u00efdes per gots compostables en totes les activitats que requereixen concessi\u00f3 municipal. Per \u00faltim, el consistori fa menci\u00f3 al fet de no disposar de les dades corresponents a la quantitat de residus que es recullen en cadascuna de les curses. No obstant aix\u00f2, tamb\u00e9 ressalta que s\u2019est\u00e0 treballant per poder disposar d\u2019aquestes dades.<\/p>\n\n\n\n<h3 class=\"wp-block-heading\"><strong>Les valoracions de la Sindicatura<\/strong><\/h3>\n\n\n\n<p class=\"has-text-align-justify\">Si b\u00e9 cal valorar la substituci\u00f3 del pl\u00e0stic per gots compostables en les curses autoritzades per l\u2019Ajuntament, la Sindicatura de Greuges de Barcelona <strong>destaca negativament que no es faci cap refer\u00e8ncia a la resta de curses que tamb\u00e9 es duen a terme a la ciutat i de les quals l\u2019IBE no disposa de cap mena de dades<\/strong>. Atenent el volum de curses que es desenvolupen a la ciutat, caldria considerar l\u2019opci\u00f3 de comptar amb un \u00f2rgan o departament on se centralitzin dades corresponents a totes les curses i se\u2019n pugui avaluar l\u2019impacte.<\/p>\n\n\n\n<p class=\"has-text-align-justify\">L\u2019estudi d\u2019ofici de la Sindicatura ha fet seguiment del desenvolupament d\u2019algunes de les curses realitzades durant els \u00faltims dos anys i ha pogut observar diferents formes de dur a terme els avituallaments per tal de garantir la hidrataci\u00f3 dels corredors: gots compostables; instal\u00b7laci\u00f3 de fonts p\u00fabliques port\u00e0tils; repartiment de bidons reutilitzables per a \u00fas individual, tot i que fins enguany eren diverses les curses on es donaven ampolles de pl\u00e0stic. &nbsp;<\/p>\n\n\n\n<p class=\"has-text-align-justify\">En coher\u00e8ncia amb el <em>Comprom\u00eds Pl\u00e0stic Zero<\/em>, cal valorar la conveni\u00e8ncia de <strong>disposar d\u2019un codi de bones pr\u00e0ctiques,<\/strong> ent\u00e8s com el conjunt de recomanacions i compromisos en refer\u00e8ncia a l\u2019\u00fas i la gesti\u00f3 dels residus pl\u00e0stics. Els codis de bones pr\u00e0ctiques, m\u00e9s enll\u00e0 d\u2019un instrument de sensibilitzaci\u00f3, permeten definir accions i indicadors per redissenyar estrat\u00e8gies efectives que impulsin la protecci\u00f3 del medi ambient.&nbsp;&nbsp;<\/p>\n\n\n\n<p class=\"has-text-align-justify\">En l\u2019elaboraci\u00f3 d\u2019aquest informe s\u2019ha detectat la dificultat per&nbsp; quantificar l\u2019impacte del pl\u00e0stic d\u2019un s\u00f2l \u00fas en les curses. Com s\u2019ha informat la Sindicatura, <strong>els residus generats durant les curses s\u2019ajunten i es barregen amb els altres residus municipals, fet que impossibilita el seu mesurament, tal com disposa la Directiva (UE) 2019\/904<\/strong> relativa a la reducci\u00f3 de l\u2019impacte de determinats productes de pl\u00e0stic en el medi ambient. <strong>Quantificar&nbsp; residus i establir indicadors <\/strong>que facilitin la valoraci\u00f3 \u00e9s un primer pas per con\u00e8ixer l\u2019impacte mediambiental real que suposen les curses urbanes, i conscienciar la ciutadania sobre la necess\u00e0ria reducci\u00f3 de residus. Aix\u00ed mateix, tamb\u00e9 <strong>es proposa l\u2019elaboraci\u00f3 d\u2019un Pla de Gesti\u00f3 Ambiental per a les curses<\/strong><strong>que es desenvolupen a la ciutat<\/strong>, amb l\u2019objectiu de prevenir la reducci\u00f3 de residus i millorar-ne la gesti\u00f3 establint un seguiment de les fraccions que es generen fins a les plantes de tractament.<\/p>\n","protected":false},"excerpt":{"rendered":"<p>En el marc de la Setmana Europea per la prevenci\u00f3 de residus, la Sindicatura de Greuges de Barcelona fa refer\u00e8ncia a l\u2019actuaci\u00f3 d\u2019ofici sobre l\u2019impacte mediambiental de l\u2019\u00fas d\u2019envasos de [&hellip;]<\/p>\n","protected":false},"author":2,"featured_media":13237,"comment_status":"closed","ping_status":"open","sticky":false,"template":"","format":"standard","meta":{"_acf_changed":false,"footnotes":""},"tags":[1284,1285],"drets":[1428,1433,1438,1448],"class_list":["post-13236","post","type-post","status-publish","format-standard","has-post-thumbnail","hentry","tag-eliminacio-plastic","tag-eliminacio-plastic-curses","drets-ciutat-equitativa","drets-dret-a-lesport","drets-ciutat-habitable-i-sostenible","drets-dret-al-medi-ambient"],"acf":[],"yoast_head":"<!-- This site is optimized with the Yoast SEO plugin v27.5 - https:\/\/yoast.com\/product\/yoast-seo-wordpress\/ -->\n<title>El s\u00edndic de Barcelona celebra l\u2019eliminaci\u00f3 dels envasos de pl\u00e0stic d\u2019un s\u00f2l \u00fas a les curses esportives de la ciutat - Sindicatura de Greuges de Barcelona<\/title>\n<meta name=\"description\" content=\"El s\u00edndic de Barcelona celebra l\u2019eliminaci\u00f3 dels envasos de pl\u00e0stic d\u2019un s\u00f2l \u00fas a les curses esportives de la ciutat.\" \/>\n<meta name=\"robots\" content=\"index, follow, max-snippet:-1, max-image-preview:large, max-video-preview:-1\" \/>\n<link rel=\"canonical\" href=\"https:\/\/www.sindicaturabarcelona.cat\/ca\/sindic-celebra-eliminacio-envasos-plastic-un-sol-us-curses-barcelona\/\" \/>\n<meta property=\"og:locale\" content=\"ca_ES\" \/>\n<meta property=\"og:type\" content=\"article\" \/>\n<meta property=\"og:title\" content=\"El s\u00edndic de Barcelona celebra l\u2019eliminaci\u00f3 dels envasos de pl\u00e0stic d\u2019un s\u00f2l \u00fas a les curses esportives de la ciutat - Sindicatura de Greuges de Barcelona\" \/>\n<meta property=\"og:description\" content=\"El s\u00edndic de Barcelona celebra l\u2019eliminaci\u00f3 dels envasos de pl\u00e0stic d\u2019un s\u00f2l \u00fas a les curses esportives de la ciutat.\" \/>\n<meta property=\"og:url\" content=\"https:\/\/www.sindicaturabarcelona.cat\/ca\/sindic-celebra-eliminacio-envasos-plastic-un-sol-us-curses-barcelona\/\" \/>\n<meta property=\"og:site_name\" content=\"Sindicatura de Greuges de Barcelona\" \/>\n<meta property=\"article:published_time\" content=\"2021-11-29T10:14:21+00:00\" \/>\n<meta property=\"article:modified_time\" content=\"2023-05-11T11:38:53+00:00\" \/>\n<meta property=\"og:image\" content=\"https:\/\/www.sindicaturabarcelona.cat\/wp-content\/uploads\/2021\/11\/Curses-esportives.jpg\" \/>\n\t<meta property=\"og:image:width\" content=\"1024\" \/>\n\t<meta property=\"og:image:height\" content=\"473\" \/>\n\t<meta property=\"og:image:type\" content=\"image\/jpeg\" \/>\n<meta name=\"author\" content=\"Pablo\" \/>\n<meta name=\"twitter:card\" content=\"summary_large_image\" \/>\n<meta name=\"twitter:creator\" content=\"@sindicbarcelona\" \/>\n<meta name=\"twitter:site\" content=\"@sindicbarcelona\" \/>\n<meta name=\"twitter:label1\" content=\"Escrit per\" \/>\n\t<meta name=\"twitter:data1\" content=\"Pablo\" \/>\n\t<meta name=\"twitter:label2\" content=\"Temps estimat de lectura\" \/>\n\t<meta name=\"twitter:data2\" content=\"5 minuts\" \/>\n<script type=\"application\/ld+json\" class=\"yoast-schema-graph\">{\"@context\":\"https:\\\/\\\/schema.org\",\"@graph\":[{\"@type\":\"Article\",\"@id\":\"https:\\\/\\\/www.sindicaturabarcelona.cat\\\/ca\\\/sindic-celebra-eliminacio-envasos-plastic-un-sol-us-curses-barcelona\\\/#article\",\"isPartOf\":{\"@id\":\"https:\\\/\\\/www.sindicaturabarcelona.cat\\\/ca\\\/sindic-celebra-eliminacio-envasos-plastic-un-sol-us-curses-barcelona\\\/\"},\"author\":{\"name\":\"Pablo\",\"@id\":\"https:\\\/\\\/www.sindicaturabarcelona.cat\\\/ca\\\/#\\\/schema\\\/person\\\/0e5acffc350ffdbc97578159322c9452\"},\"headline\":\"El s\u00edndic de Barcelona celebra l\u2019eliminaci\u00f3 dels envasos de pl\u00e0stic d\u2019un s\u00f2l \u00fas a les curses esportives de la ciutat\",\"datePublished\":\"2021-11-29T10:14:21+00:00\",\"dateModified\":\"2023-05-11T11:38:53+00:00\",\"mainEntityOfPage\":{\"@id\":\"https:\\\/\\\/www.sindicaturabarcelona.cat\\\/ca\\\/sindic-celebra-eliminacio-envasos-plastic-un-sol-us-curses-barcelona\\\/\"},\"wordCount\":1055,\"publisher\":{\"@id\":\"https:\\\/\\\/www.sindicaturabarcelona.cat\\\/ca\\\/#organization\"},\"image\":{\"@id\":\"https:\\\/\\\/www.sindicaturabarcelona.cat\\\/ca\\\/sindic-celebra-eliminacio-envasos-plastic-un-sol-us-curses-barcelona\\\/#primaryimage\"},\"thumbnailUrl\":\"https:\\\/\\\/www.sindicaturabarcelona.cat\\\/wp-content\\\/uploads\\\/2021\\\/11\\\/Curses-esportives.jpg\",\"keywords\":[\"eliminacio plastic\",\"eliminacio plastic curses\"],\"articleSection\":[\"Uncategorized @ca\"],\"inLanguage\":\"ca\"},{\"@type\":\"WebPage\",\"@id\":\"https:\\\/\\\/www.sindicaturabarcelona.cat\\\/ca\\\/sindic-celebra-eliminacio-envasos-plastic-un-sol-us-curses-barcelona\\\/\",\"url\":\"https:\\\/\\\/www.sindicaturabarcelona.cat\\\/ca\\\/sindic-celebra-eliminacio-envasos-plastic-un-sol-us-curses-barcelona\\\/\",\"name\":\"El s\u00edndic de Barcelona celebra l\u2019eliminaci\u00f3 dels envasos de pl\u00e0stic d\u2019un s\u00f2l \u00fas a les curses esportives de la ciutat - Sindicatura de Greuges de Barcelona\",\"isPartOf\":{\"@id\":\"https:\\\/\\\/www.sindicaturabarcelona.cat\\\/ca\\\/#website\"},\"primaryImageOfPage\":{\"@id\":\"https:\\\/\\\/www.sindicaturabarcelona.cat\\\/ca\\\/sindic-celebra-eliminacio-envasos-plastic-un-sol-us-curses-barcelona\\\/#primaryimage\"},\"image\":{\"@id\":\"https:\\\/\\\/www.sindicaturabarcelona.cat\\\/ca\\\/sindic-celebra-eliminacio-envasos-plastic-un-sol-us-curses-barcelona\\\/#primaryimage\"},\"thumbnailUrl\":\"https:\\\/\\\/www.sindicaturabarcelona.cat\\\/wp-content\\\/uploads\\\/2021\\\/11\\\/Curses-esportives.jpg\",\"datePublished\":\"2021-11-29T10:14:21+00:00\",\"dateModified\":\"2023-05-11T11:38:53+00:00\",\"description\":\"El s\u00edndic de Barcelona celebra l\u2019eliminaci\u00f3 dels envasos de pl\u00e0stic d\u2019un s\u00f2l \u00fas a les curses esportives de la ciutat.\",\"breadcrumb\":{\"@id\":\"https:\\\/\\\/www.sindicaturabarcelona.cat\\\/ca\\\/sindic-celebra-eliminacio-envasos-plastic-un-sol-us-curses-barcelona\\\/#breadcrumb\"},\"inLanguage\":\"ca\",\"potentialAction\":[{\"@type\":\"ReadAction\",\"target\":[\"https:\\\/\\\/www.sindicaturabarcelona.cat\\\/ca\\\/sindic-celebra-eliminacio-envasos-plastic-un-sol-us-curses-barcelona\\\/\"]}]},{\"@type\":\"ImageObject\",\"inLanguage\":\"ca\",\"@id\":\"https:\\\/\\\/www.sindicaturabarcelona.cat\\\/ca\\\/sindic-celebra-eliminacio-envasos-plastic-un-sol-us-curses-barcelona\\\/#primaryimage\",\"url\":\"https:\\\/\\\/www.sindicaturabarcelona.cat\\\/wp-content\\\/uploads\\\/2021\\\/11\\\/Curses-esportives.jpg\",\"contentUrl\":\"https:\\\/\\\/www.sindicaturabarcelona.cat\\\/wp-content\\\/uploads\\\/2021\\\/11\\\/Curses-esportives.jpg\",\"width\":1024,\"height\":473,\"caption\":\"Curses esportives\"},{\"@type\":\"BreadcrumbList\",\"@id\":\"https:\\\/\\\/www.sindicaturabarcelona.cat\\\/ca\\\/sindic-celebra-eliminacio-envasos-plastic-un-sol-us-curses-barcelona\\\/#breadcrumb\",\"itemListElement\":[{\"@type\":\"ListItem\",\"position\":1,\"name\":\"Inici\",\"item\":\"https:\\\/\\\/www.sindicaturabarcelona.cat\\\/ca\\\/\"},{\"@type\":\"ListItem\",\"position\":2,\"name\":\"El s\u00edndic de Barcelona celebra l\u2019eliminaci\u00f3 dels envasos de pl\u00e0stic d\u2019un s\u00f2l \u00fas a les curses esportives de la ciutat\"}]},{\"@type\":\"WebSite\",\"@id\":\"https:\\\/\\\/www.sindicaturabarcelona.cat\\\/ca\\\/#website\",\"url\":\"https:\\\/\\\/www.sindicaturabarcelona.cat\\\/ca\\\/\",\"name\":\"Sindicatura de Greuges de Barcelona\",\"description\":\"La defensoria dels teus drets\",\"publisher\":{\"@id\":\"https:\\\/\\\/www.sindicaturabarcelona.cat\\\/ca\\\/#organization\"},\"potentialAction\":[{\"@type\":\"SearchAction\",\"target\":{\"@type\":\"EntryPoint\",\"urlTemplate\":\"https:\\\/\\\/www.sindicaturabarcelona.cat\\\/ca\\\/?s={search_term_string}\"},\"query-input\":{\"@type\":\"PropertyValueSpecification\",\"valueRequired\":true,\"valueName\":\"search_term_string\"}}],\"inLanguage\":\"ca\"},{\"@type\":\"Organization\",\"@id\":\"https:\\\/\\\/www.sindicaturabarcelona.cat\\\/ca\\\/#organization\",\"name\":\"Sindicatura de Greuges de Barcelona\",\"url\":\"https:\\\/\\\/www.sindicaturabarcelona.cat\\\/ca\\\/\",\"logo\":{\"@type\":\"ImageObject\",\"inLanguage\":\"ca\",\"@id\":\"https:\\\/\\\/www.sindicaturabarcelona.cat\\\/ca\\\/#\\\/schema\\\/logo\\\/image\\\/\",\"url\":\"https:\\\/\\\/www.sindicaturabarcelona.cat\\\/wp-content\\\/uploads\\\/2023\\\/02\\\/logo_sindicatura.svg\",\"contentUrl\":\"https:\\\/\\\/www.sindicaturabarcelona.cat\\\/wp-content\\\/uploads\\\/2023\\\/02\\\/logo_sindicatura.svg\",\"caption\":\"Sindicatura de Greuges de Barcelona\"},\"image\":{\"@id\":\"https:\\\/\\\/www.sindicaturabarcelona.cat\\\/ca\\\/#\\\/schema\\\/logo\\\/image\\\/\"},\"sameAs\":[\"https:\\\/\\\/x.com\\\/sindicbarcelona\",\"https:\\\/\\\/www.instagram.com\\\/sindicbarcelona\\\/\",\"https:\\\/\\\/www.tiktok.com\\\/@sindicaturabcn\",\"https:\\\/\\\/t.me\\\/sindicaturabarcelona\"]},{\"@type\":\"Person\",\"@id\":\"https:\\\/\\\/www.sindicaturabarcelona.cat\\\/ca\\\/#\\\/schema\\\/person\\\/0e5acffc350ffdbc97578159322c9452\",\"name\":\"Pablo\",\"image\":{\"@type\":\"ImageObject\",\"inLanguage\":\"ca\",\"@id\":\"https:\\\/\\\/secure.gravatar.com\\\/avatar\\\/c948169b402ef9492afde705c3dfd5e90e1a6a84ef6840a91124f805a25a480f?s=96&d=mm&r=g\",\"url\":\"https:\\\/\\\/secure.gravatar.com\\\/avatar\\\/c948169b402ef9492afde705c3dfd5e90e1a6a84ef6840a91124f805a25a480f?s=96&d=mm&r=g\",\"contentUrl\":\"https:\\\/\\\/secure.gravatar.com\\\/avatar\\\/c948169b402ef9492afde705c3dfd5e90e1a6a84ef6840a91124f805a25a480f?s=96&d=mm&r=g\",\"caption\":\"Pablo\"},\"url\":\"https:\\\/\\\/www.sindicaturabarcelona.cat\\\/ca\\\/author\\\/pablo\\\/\"}]}<\/script>\n<!-- \/ Yoast SEO plugin. -->","yoast_head_json":{"title":"El s\u00edndic de Barcelona celebra l\u2019eliminaci\u00f3 dels envasos de pl\u00e0stic d\u2019un s\u00f2l \u00fas a les curses esportives de la ciutat - Sindicatura de Greuges de Barcelona","description":"El s\u00edndic de Barcelona celebra l\u2019eliminaci\u00f3 dels envasos de pl\u00e0stic d\u2019un s\u00f2l \u00fas a les curses esportives de la ciutat.","robots":{"index":"index","follow":"follow","max-snippet":"max-snippet:-1","max-image-preview":"max-image-preview:large","max-video-preview":"max-video-preview:-1"},"canonical":"https:\/\/www.sindicaturabarcelona.cat\/ca\/sindic-celebra-eliminacio-envasos-plastic-un-sol-us-curses-barcelona\/","og_locale":"ca_ES","og_type":"article","og_title":"El s\u00edndic de Barcelona celebra l\u2019eliminaci\u00f3 dels envasos de pl\u00e0stic d\u2019un s\u00f2l \u00fas a les curses esportives de la ciutat - Sindicatura de Greuges de Barcelona","og_description":"El s\u00edndic de Barcelona celebra l\u2019eliminaci\u00f3 dels envasos de pl\u00e0stic d\u2019un s\u00f2l \u00fas a les curses esportives de la ciutat.","og_url":"https:\/\/www.sindicaturabarcelona.cat\/ca\/sindic-celebra-eliminacio-envasos-plastic-un-sol-us-curses-barcelona\/","og_site_name":"Sindicatura de Greuges de Barcelona","article_published_time":"2021-11-29T10:14:21+00:00","article_modified_time":"2023-05-11T11:38:53+00:00","og_image":[{"width":1024,"height":473,"url":"https:\/\/www.sindicaturabarcelona.cat\/wp-content\/uploads\/2021\/11\/Curses-esportives.jpg","type":"image\/jpeg"}],"author":"Pablo","twitter_card":"summary_large_image","twitter_creator":"@sindicbarcelona","twitter_site":"@sindicbarcelona","twitter_misc":{"Escrit per":"Pablo","Temps estimat de lectura":"5 minuts"},"schema":{"@context":"https:\/\/schema.org","@graph":[{"@type":"Article","@id":"https:\/\/www.sindicaturabarcelona.cat\/ca\/sindic-celebra-eliminacio-envasos-plastic-un-sol-us-curses-barcelona\/#article","isPartOf":{"@id":"https:\/\/www.sindicaturabarcelona.cat\/ca\/sindic-celebra-eliminacio-envasos-plastic-un-sol-us-curses-barcelona\/"},"author":{"name":"Pablo","@id":"https:\/\/www.sindicaturabarcelona.cat\/ca\/#\/schema\/person\/0e5acffc350ffdbc97578159322c9452"},"headline":"El s\u00edndic de Barcelona celebra l\u2019eliminaci\u00f3 dels envasos de pl\u00e0stic d\u2019un s\u00f2l \u00fas a les curses esportives de la ciutat","datePublished":"2021-11-29T10:14:21+00:00","dateModified":"2023-05-11T11:38:53+00:00","mainEntityOfPage":{"@id":"https:\/\/www.sindicaturabarcelona.cat\/ca\/sindic-celebra-eliminacio-envasos-plastic-un-sol-us-curses-barcelona\/"},"wordCount":1055,"publisher":{"@id":"https:\/\/www.sindicaturabarcelona.cat\/ca\/#organization"},"image":{"@id":"https:\/\/www.sindicaturabarcelona.cat\/ca\/sindic-celebra-eliminacio-envasos-plastic-un-sol-us-curses-barcelona\/#primaryimage"},"thumbnailUrl":"https:\/\/www.sindicaturabarcelona.cat\/wp-content\/uploads\/2021\/11\/Curses-esportives.jpg","keywords":["eliminacio plastic","eliminacio plastic curses"],"articleSection":["Uncategorized @ca"],"inLanguage":"ca"},{"@type":"WebPage","@id":"https:\/\/www.sindicaturabarcelona.cat\/ca\/sindic-celebra-eliminacio-envasos-plastic-un-sol-us-curses-barcelona\/","url":"https:\/\/www.sindicaturabarcelona.cat\/ca\/sindic-celebra-eliminacio-envasos-plastic-un-sol-us-curses-barcelona\/","name":"El s\u00edndic de Barcelona celebra l\u2019eliminaci\u00f3 dels envasos de pl\u00e0stic d\u2019un s\u00f2l \u00fas a les curses esportives de la ciutat - Sindicatura de Greuges de Barcelona","isPartOf":{"@id":"https:\/\/www.sindicaturabarcelona.cat\/ca\/#website"},"primaryImageOfPage":{"@id":"https:\/\/www.sindicaturabarcelona.cat\/ca\/sindic-celebra-eliminacio-envasos-plastic-un-sol-us-curses-barcelona\/#primaryimage"},"image":{"@id":"https:\/\/www.sindicaturabarcelona.cat\/ca\/sindic-celebra-eliminacio-envasos-plastic-un-sol-us-curses-barcelona\/#primaryimage"},"thumbnailUrl":"https:\/\/www.sindicaturabarcelona.cat\/wp-content\/uploads\/2021\/11\/Curses-esportives.jpg","datePublished":"2021-11-29T10:14:21+00:00","dateModified":"2023-05-11T11:38:53+00:00","description":"El s\u00edndic de Barcelona celebra l\u2019eliminaci\u00f3 dels envasos de pl\u00e0stic d\u2019un s\u00f2l \u00fas a les curses esportives de la ciutat.","breadcrumb":{"@id":"https:\/\/www.sindicaturabarcelona.cat\/ca\/sindic-celebra-eliminacio-envasos-plastic-un-sol-us-curses-barcelona\/#breadcrumb"},"inLanguage":"ca","potentialAction":[{"@type":"ReadAction","target":["https:\/\/www.sindicaturabarcelona.cat\/ca\/sindic-celebra-eliminacio-envasos-plastic-un-sol-us-curses-barcelona\/"]}]},{"@type":"ImageObject","inLanguage":"ca","@id":"https:\/\/www.sindicaturabarcelona.cat\/ca\/sindic-celebra-eliminacio-envasos-plastic-un-sol-us-curses-barcelona\/#primaryimage","url":"https:\/\/www.sindicaturabarcelona.cat\/wp-content\/uploads\/2021\/11\/Curses-esportives.jpg","contentUrl":"https:\/\/www.sindicaturabarcelona.cat\/wp-content\/uploads\/2021\/11\/Curses-esportives.jpg","width":1024,"height":473,"caption":"Curses esportives"},{"@type":"BreadcrumbList","@id":"https:\/\/www.sindicaturabarcelona.cat\/ca\/sindic-celebra-eliminacio-envasos-plastic-un-sol-us-curses-barcelona\/#breadcrumb","itemListElement":[{"@type":"ListItem","position":1,"name":"Inici","item":"https:\/\/www.sindicaturabarcelona.cat\/ca\/"},{"@type":"ListItem","position":2,"name":"El s\u00edndic de Barcelona celebra l\u2019eliminaci\u00f3 dels envasos de pl\u00e0stic d\u2019un s\u00f2l \u00fas a les curses esportives de la ciutat"}]},{"@type":"WebSite","@id":"https:\/\/www.sindicaturabarcelona.cat\/ca\/#website","url":"https:\/\/www.sindicaturabarcelona.cat\/ca\/","name":"Sindicatura de Greuges de Barcelona","description":"La defensoria dels teus drets","publisher":{"@id":"https:\/\/www.sindicaturabarcelona.cat\/ca\/#organization"},"potentialAction":[{"@type":"SearchAction","target":{"@type":"EntryPoint","urlTemplate":"https:\/\/www.sindicaturabarcelona.cat\/ca\/?s={search_term_string}"},"query-input":{"@type":"PropertyValueSpecification","valueRequired":true,"valueName":"search_term_string"}}],"inLanguage":"ca"},{"@type":"Organization","@id":"https:\/\/www.sindicaturabarcelona.cat\/ca\/#organization","name":"Sindicatura de Greuges de Barcelona","url":"https:\/\/www.sindicaturabarcelona.cat\/ca\/","logo":{"@type":"ImageObject","inLanguage":"ca","@id":"https:\/\/www.sindicaturabarcelona.cat\/ca\/#\/schema\/logo\/image\/","url":"https:\/\/www.sindicaturabarcelona.cat\/wp-content\/uploads\/2023\/02\/logo_sindicatura.svg","contentUrl":"https:\/\/www.sindicaturabarcelona.cat\/wp-content\/uploads\/2023\/02\/logo_sindicatura.svg","caption":"Sindicatura de Greuges de Barcelona"},"image":{"@id":"https:\/\/www.sindicaturabarcelona.cat\/ca\/#\/schema\/logo\/image\/"},"sameAs":["https:\/\/x.com\/sindicbarcelona","https:\/\/www.instagram.com\/sindicbarcelona\/","https:\/\/www.tiktok.com\/@sindicaturabcn","https:\/\/t.me\/sindicaturabarcelona"]},{"@type":"Person","@id":"https:\/\/www.sindicaturabarcelona.cat\/ca\/#\/schema\/person\/0e5acffc350ffdbc97578159322c9452","name":"Pablo","image":{"@type":"ImageObject","inLanguage":"ca","@id":"https:\/\/secure.gravatar.com\/avatar\/c948169b402ef9492afde705c3dfd5e90e1a6a84ef6840a91124f805a25a480f?s=96&d=mm&r=g","url":"https:\/\/secure.gravatar.com\/avatar\/c948169b402ef9492afde705c3dfd5e90e1a6a84ef6840a91124f805a25a480f?s=96&d=mm&r=g","contentUrl":"https:\/\/secure.gravatar.com\/avatar\/c948169b402ef9492afde705c3dfd5e90e1a6a84ef6840a91124f805a25a480f?s=96&d=mm&r=g","caption":"Pablo"},"url":"https:\/\/www.sindicaturabarcelona.cat\/ca\/author\/pablo\/"}]}},"_links":{"self":[{"href":"https:\/\/www.sindicaturabarcelona.cat\/ca\/wp-json\/wp\/v2\/posts\/13236","targetHints":{"allow":["GET"]}}],"collection":[{"href":"https:\/\/www.sindicaturabarcelona.cat\/ca\/wp-json\/wp\/v2\/posts"}],"about":[{"href":"https:\/\/www.sindicaturabarcelona.cat\/ca\/wp-json\/wp\/v2\/types\/post"}],"author":[{"embeddable":true,"href":"https:\/\/www.sindicaturabarcelona.cat\/ca\/wp-json\/wp\/v2\/users\/2"}],"replies":[{"embeddable":true,"href":"https:\/\/www.sindicaturabarcelona.cat\/ca\/wp-json\/wp\/v2\/comments?post=13236"}],"version-history":[{"count":0,"href":"https:\/\/www.sindicaturabarcelona.cat\/ca\/wp-json\/wp\/v2\/posts\/13236\/revisions"}],"wp:featuredmedia":[{"embeddable":true,"href":"https:\/\/www.sindicaturabarcelona.cat\/ca\/wp-json\/wp\/v2\/media\/13237"}],"wp:attachment":[{"href":"https:\/\/www.sindicaturabarcelona.cat\/ca\/wp-json\/wp\/v2\/media?parent=13236"}],"wp:term":[{"taxonomy":"post_tag","embeddable":true,"href":"https:\/\/www.sindicaturabarcelona.cat\/ca\/wp-json\/wp\/v2\/tags?post=13236"},{"taxonomy":"drets","embeddable":true,"href":"https:\/\/www.sindicaturabarcelona.cat\/ca\/wp-json\/wp\/v2\/drets?post=13236"}],"curies":[{"name":"wp","href":"https:\/\/api.w.org\/{rel}","templated":true}]}}