{"id":13218,"date":"2021-11-25T15:53:38","date_gmt":"2021-11-25T13:53:38","guid":{"rendered":"https:\/\/www.sindicabarcelona.cat\/?p=13218"},"modified":"2023-05-11T13:40:57","modified_gmt":"2023-05-11T11:40:57","slug":"analitzar-pla-igualtat-parcs-i-jardins","status":"publish","type":"post","link":"https:\/\/www.sindicaturabarcelona.cat\/ca\/analitzar-pla-igualtat-parcs-i-jardins\/","title":{"rendered":"La Sindicatura s\u2019interessa d\u2019ofici per con\u00e8ixer els resultats de l\u2019aplicaci\u00f3 del Pla d\u2019Igualtat de l\u2019Institut Municipal de Parcs i Jardins"},"content":{"rendered":"\n<p class=\"has-text-align-justify\">El s\u00edndic de greuges de Barcelona, David Bondia, ha anunciat l\u2019obertura d\u2019una actuaci\u00f3 d\u2019ofici que t\u00e9 l\u2019objectiu de con\u00e8ixer els mecanismes per tal de garantir la igualtat de tracte i prevenir les situacions de discriminaci\u00f3 i assetjament en l\u2019<a href=\"https:\/\/ajuntament.barcelona.cat\/ecologiaurbana\/ca\/qui-som\/empreses-i-organismes-autonoms\/institut-municipal-de-parcs-i-jardins\" target=\"_blank\" aria-label=\"Institut Municipal de Parcs i Jardins (opens in a new tab)\" rel=\"noreferrer noopener\" class=\"ek-link\">Institut Municipal de Parcs i Jardins<\/a> de Barcelona, que compta amb un <em>Pla Intern d\u2019Igualtat <\/em>des de l\u2019any 2019.<\/p>\n\n\n\n<h3 class=\"wp-block-heading\"><strong>L\u2019origen del cas<\/strong><\/h3>\n\n\n\n<p class=\"has-text-align-justify\">L\u2019inici d\u2019aquest inter\u00e8s de la <a href=\"https:\/\/www.sindicaturabarcelona.cat\/\" target=\"_blank\" aria-label=\"Sindicatura (opens in a new tab)\" rel=\"noreferrer noopener\" class=\"ek-link\">Sindicatura<\/a> rau en les <strong>situacions viscudes per dones treballadores de l\u2019Institut Municipal de Parcs i Jardins, que judicialment han estat considerades d\u2019assetjament laboral per ra\u00f3 de sexe<\/strong> (Sent\u00e8ncia 17, no ferma, del jutjat social n\u00fam. 3 de desembre de 2020). Arran d\u2019aquestes conductes denunciades per les dones treballadores, Parcs i Jardins va intervenir per detectar situacions que propiciaven la desigualtat i la discriminaci\u00f3.<\/p>\n\n\n\n<p class=\"has-text-align-justify\"><strong>L&#8217;any 2019 l&#8217;Institut Municipal de Parcs i Jardins va elaborar el <em>Pla Intern d\u2019Igualtat 2019-2022<\/em><\/strong>, document que t\u00e9 els prop\u00f2sits d\u2019establir les l\u00ednies d\u2019actuaci\u00f3 per la igualtat efectiva entre dones i homes, i donar resposta a les desigualtats i discriminacions detectades.<\/p>\n\n\n\n<h3 class=\"wp-block-heading\"><strong>L\u2019actuaci\u00f3 de la Sindicatura<\/strong><\/h3>\n\n\n\n<p class=\"has-text-align-justify\"><strong>Una vegada ja fa dos anys de la implementaci\u00f3 d\u2019aquest <em>Pla intern d\u2019Igualtat<\/em> a Parcs i Jardins, la Sindicatura de Greuges de Barcelona vol saber quina \u00e9s la situaci\u00f3 actual en aquest organisme municipal<\/strong> pel que fa a la desigualtat i la discriminaci\u00f3 per raons de sexe, aix\u00ed com identificar quines accions s\u2019han dut a terme per a la prevenci\u00f3 de situacions d\u2019assetjament. El s\u00edndic Bondia ha afegit que tamb\u00e9 preguntar\u00e0 per l\u2019abordatge i el tractament concret de les situacions sentenciades i denunciades per dues dones treballadores.<\/p>\n\n\n\n<h3 class=\"wp-block-heading\"><strong>La normativa vinculada<\/strong><\/h3>\n\n\n\n<p class=\"has-text-align-justify\">L\u2019article 23 de la Carta de Drets Fonamentals de la Uni\u00f3 Europea consagra la igualtat entre homes i dones, havent-se de garantir en tots els \u00e0mbits. En el mateix sentit, l\u2019article XIV de la Carta Europea de Drets Humans a la Ciutat, relatiu al Dret al Treball, estableix el comprom\u00eds de les ciutats signat\u00e0ries a desenvolupar, en col\u00b7laboraci\u00f3 amb les altres institucions p\u00fabliques i les empreses, <strong>mecanismes per garantir la igualtat de tots i totes davant el treball, per impedir qualsevol mena de discriminaci\u00f3 per motius de sexe<\/strong>, nacionalitat, edat, orientaci\u00f3 sexual, o discapacitat.<\/p>\n","protected":false},"excerpt":{"rendered":"<p>El s\u00edndic de greuges de Barcelona, David Bondia, ha anunciat l\u2019obertura d\u2019una actuaci\u00f3 d\u2019ofici que t\u00e9 l\u2019objectiu de con\u00e8ixer els mecanismes per tal de garantir la igualtat de tracte i [&hellip;]<\/p>\n","protected":false},"author":2,"featured_media":13219,"comment_status":"closed","ping_status":"open","sticky":false,"template":"","format":"standard","meta":{"_acf_changed":false,"footnotes":""},"tags":[],"drets":[1428,1434,1442,1458],"class_list":["post-13218","post","type-post","status-publish","format-standard","has-post-thumbnail","hentry","drets-ciutat-equitativa","drets-dret-al-treball","drets-ciutat-diversa","drets-dret-a-la-igualtat-i-a-la-diversitat"],"acf":[],"yoast_head":"<!-- This site is optimized with the Yoast SEO plugin v27.5 - https:\/\/yoast.com\/product\/yoast-seo-wordpress\/ -->\n<title>La Sindicatura s\u2019interessa d\u2019ofici per con\u00e8ixer els resultats de l\u2019aplicaci\u00f3 del Pla d\u2019Igualtat de l\u2019Institut Municipal de Parcs i Jardins - Sindicatura de Greuges de Barcelona<\/title>\n<meta name=\"description\" content=\"Mecanismes per garantir la igualtat de tracte i prevenir les situacions de discriminaci\u00f3 i assetjament en l\u2019Institut Municipal de Parcs...\" \/>\n<meta name=\"robots\" content=\"index, follow, max-snippet:-1, max-image-preview:large, max-video-preview:-1\" \/>\n<link rel=\"canonical\" href=\"https:\/\/www.sindicaturabarcelona.cat\/ca\/analitzar-pla-igualtat-parcs-i-jardins\/\" \/>\n<meta property=\"og:locale\" content=\"ca_ES\" \/>\n<meta property=\"og:type\" content=\"article\" \/>\n<meta property=\"og:title\" content=\"La Sindicatura s\u2019interessa d\u2019ofici per con\u00e8ixer els resultats de l\u2019aplicaci\u00f3 del Pla d\u2019Igualtat de l\u2019Institut Municipal de Parcs i Jardins - Sindicatura de Greuges de Barcelona\" \/>\n<meta property=\"og:description\" content=\"Mecanismes per garantir la igualtat de tracte i prevenir les situacions de discriminaci\u00f3 i assetjament en l\u2019Institut Municipal de Parcs...\" \/>\n<meta property=\"og:url\" content=\"https:\/\/www.sindicaturabarcelona.cat\/ca\/analitzar-pla-igualtat-parcs-i-jardins\/\" \/>\n<meta property=\"og:site_name\" content=\"Sindicatura de Greuges de Barcelona\" \/>\n<meta property=\"article:published_time\" content=\"2021-11-25T13:53:38+00:00\" \/>\n<meta property=\"article:modified_time\" content=\"2023-05-11T11:40:57+00:00\" \/>\n<meta property=\"og:image\" content=\"https:\/\/www.sindicaturabarcelona.cat\/wp-content\/uploads\/2021\/11\/21464_210811_AF_Reforc_ServeisNeteja_008.jpg\" \/>\n\t<meta property=\"og:image:width\" content=\"1024\" \/>\n\t<meta property=\"og:image:height\" content=\"684\" \/>\n\t<meta property=\"og:image:type\" content=\"image\/jpeg\" \/>\n<meta name=\"author\" content=\"Pablo\" \/>\n<meta name=\"twitter:card\" content=\"summary_large_image\" \/>\n<meta name=\"twitter:creator\" content=\"@sindicbarcelona\" \/>\n<meta name=\"twitter:site\" content=\"@sindicbarcelona\" \/>\n<meta name=\"twitter:label1\" content=\"Escrit per\" \/>\n\t<meta name=\"twitter:data1\" content=\"Pablo\" \/>\n\t<meta name=\"twitter:label2\" content=\"Temps estimat de lectura\" \/>\n\t<meta name=\"twitter:data2\" content=\"2 minuts\" \/>\n<script type=\"application\/ld+json\" class=\"yoast-schema-graph\">{\"@context\":\"https:\\\/\\\/schema.org\",\"@graph\":[{\"@type\":\"Article\",\"@id\":\"https:\\\/\\\/www.sindicaturabarcelona.cat\\\/ca\\\/analitzar-pla-igualtat-parcs-i-jardins\\\/#article\",\"isPartOf\":{\"@id\":\"https:\\\/\\\/www.sindicaturabarcelona.cat\\\/ca\\\/analitzar-pla-igualtat-parcs-i-jardins\\\/\"},\"author\":{\"name\":\"Pablo\",\"@id\":\"https:\\\/\\\/www.sindicaturabarcelona.cat\\\/ca\\\/#\\\/schema\\\/person\\\/0e5acffc350ffdbc97578159322c9452\"},\"headline\":\"La Sindicatura s\u2019interessa d\u2019ofici per con\u00e8ixer els resultats de l\u2019aplicaci\u00f3 del Pla d\u2019Igualtat de l\u2019Institut Municipal de Parcs i Jardins\",\"datePublished\":\"2021-11-25T13:53:38+00:00\",\"dateModified\":\"2023-05-11T11:40:57+00:00\",\"mainEntityOfPage\":{\"@id\":\"https:\\\/\\\/www.sindicaturabarcelona.cat\\\/ca\\\/analitzar-pla-igualtat-parcs-i-jardins\\\/\"},\"wordCount\":415,\"publisher\":{\"@id\":\"https:\\\/\\\/www.sindicaturabarcelona.cat\\\/ca\\\/#organization\"},\"image\":{\"@id\":\"https:\\\/\\\/www.sindicaturabarcelona.cat\\\/ca\\\/analitzar-pla-igualtat-parcs-i-jardins\\\/#primaryimage\"},\"thumbnailUrl\":\"https:\\\/\\\/www.sindicaturabarcelona.cat\\\/wp-content\\\/uploads\\\/2021\\\/11\\\/21464_210811_AF_Reforc_ServeisNeteja_008.jpg\",\"articleSection\":[\"Uncategorized @ca\"],\"inLanguage\":\"ca\"},{\"@type\":\"WebPage\",\"@id\":\"https:\\\/\\\/www.sindicaturabarcelona.cat\\\/ca\\\/analitzar-pla-igualtat-parcs-i-jardins\\\/\",\"url\":\"https:\\\/\\\/www.sindicaturabarcelona.cat\\\/ca\\\/analitzar-pla-igualtat-parcs-i-jardins\\\/\",\"name\":\"La Sindicatura s\u2019interessa d\u2019ofici per con\u00e8ixer els resultats de l\u2019aplicaci\u00f3 del Pla d\u2019Igualtat de l\u2019Institut Municipal de Parcs i Jardins - Sindicatura de Greuges de Barcelona\",\"isPartOf\":{\"@id\":\"https:\\\/\\\/www.sindicaturabarcelona.cat\\\/ca\\\/#website\"},\"primaryImageOfPage\":{\"@id\":\"https:\\\/\\\/www.sindicaturabarcelona.cat\\\/ca\\\/analitzar-pla-igualtat-parcs-i-jardins\\\/#primaryimage\"},\"image\":{\"@id\":\"https:\\\/\\\/www.sindicaturabarcelona.cat\\\/ca\\\/analitzar-pla-igualtat-parcs-i-jardins\\\/#primaryimage\"},\"thumbnailUrl\":\"https:\\\/\\\/www.sindicaturabarcelona.cat\\\/wp-content\\\/uploads\\\/2021\\\/11\\\/21464_210811_AF_Reforc_ServeisNeteja_008.jpg\",\"datePublished\":\"2021-11-25T13:53:38+00:00\",\"dateModified\":\"2023-05-11T11:40:57+00:00\",\"description\":\"Mecanismes per garantir la igualtat de tracte i prevenir les situacions de discriminaci\u00f3 i assetjament en l\u2019Institut Municipal de Parcs...\",\"breadcrumb\":{\"@id\":\"https:\\\/\\\/www.sindicaturabarcelona.cat\\\/ca\\\/analitzar-pla-igualtat-parcs-i-jardins\\\/#breadcrumb\"},\"inLanguage\":\"ca\",\"potentialAction\":[{\"@type\":\"ReadAction\",\"target\":[\"https:\\\/\\\/www.sindicaturabarcelona.cat\\\/ca\\\/analitzar-pla-igualtat-parcs-i-jardins\\\/\"]}]},{\"@type\":\"ImageObject\",\"inLanguage\":\"ca\",\"@id\":\"https:\\\/\\\/www.sindicaturabarcelona.cat\\\/ca\\\/analitzar-pla-igualtat-parcs-i-jardins\\\/#primaryimage\",\"url\":\"https:\\\/\\\/www.sindicaturabarcelona.cat\\\/wp-content\\\/uploads\\\/2021\\\/11\\\/21464_210811_AF_Reforc_ServeisNeteja_008.jpg\",\"contentUrl\":\"https:\\\/\\\/www.sindicaturabarcelona.cat\\\/wp-content\\\/uploads\\\/2021\\\/11\\\/21464_210811_AF_Reforc_ServeisNeteja_008.jpg\",\"width\":1024,\"height\":684,\"caption\":\"Parcs i Jardins\"},{\"@type\":\"BreadcrumbList\",\"@id\":\"https:\\\/\\\/www.sindicaturabarcelona.cat\\\/ca\\\/analitzar-pla-igualtat-parcs-i-jardins\\\/#breadcrumb\",\"itemListElement\":[{\"@type\":\"ListItem\",\"position\":1,\"name\":\"Inici\",\"item\":\"https:\\\/\\\/www.sindicaturabarcelona.cat\\\/ca\\\/\"},{\"@type\":\"ListItem\",\"position\":2,\"name\":\"La Sindicatura s\u2019interessa d\u2019ofici per con\u00e8ixer els resultats de l\u2019aplicaci\u00f3 del Pla d\u2019Igualtat de l\u2019Institut Municipal de Parcs i Jardins\"}]},{\"@type\":\"WebSite\",\"@id\":\"https:\\\/\\\/www.sindicaturabarcelona.cat\\\/ca\\\/#website\",\"url\":\"https:\\\/\\\/www.sindicaturabarcelona.cat\\\/ca\\\/\",\"name\":\"Sindicatura de Greuges de Barcelona\",\"description\":\"La defensoria dels teus drets\",\"publisher\":{\"@id\":\"https:\\\/\\\/www.sindicaturabarcelona.cat\\\/ca\\\/#organization\"},\"potentialAction\":[{\"@type\":\"SearchAction\",\"target\":{\"@type\":\"EntryPoint\",\"urlTemplate\":\"https:\\\/\\\/www.sindicaturabarcelona.cat\\\/ca\\\/?s={search_term_string}\"},\"query-input\":{\"@type\":\"PropertyValueSpecification\",\"valueRequired\":true,\"valueName\":\"search_term_string\"}}],\"inLanguage\":\"ca\"},{\"@type\":\"Organization\",\"@id\":\"https:\\\/\\\/www.sindicaturabarcelona.cat\\\/ca\\\/#organization\",\"name\":\"Sindicatura de Greuges de Barcelona\",\"url\":\"https:\\\/\\\/www.sindicaturabarcelona.cat\\\/ca\\\/\",\"logo\":{\"@type\":\"ImageObject\",\"inLanguage\":\"ca\",\"@id\":\"https:\\\/\\\/www.sindicaturabarcelona.cat\\\/ca\\\/#\\\/schema\\\/logo\\\/image\\\/\",\"url\":\"https:\\\/\\\/www.sindicaturabarcelona.cat\\\/wp-content\\\/uploads\\\/2023\\\/02\\\/logo_sindicatura.svg\",\"contentUrl\":\"https:\\\/\\\/www.sindicaturabarcelona.cat\\\/wp-content\\\/uploads\\\/2023\\\/02\\\/logo_sindicatura.svg\",\"caption\":\"Sindicatura de Greuges de Barcelona\"},\"image\":{\"@id\":\"https:\\\/\\\/www.sindicaturabarcelona.cat\\\/ca\\\/#\\\/schema\\\/logo\\\/image\\\/\"},\"sameAs\":[\"https:\\\/\\\/x.com\\\/sindicbarcelona\",\"https:\\\/\\\/www.instagram.com\\\/sindicbarcelona\\\/\",\"https:\\\/\\\/www.tiktok.com\\\/@sindicaturabcn\",\"https:\\\/\\\/t.me\\\/sindicaturabarcelona\"]},{\"@type\":\"Person\",\"@id\":\"https:\\\/\\\/www.sindicaturabarcelona.cat\\\/ca\\\/#\\\/schema\\\/person\\\/0e5acffc350ffdbc97578159322c9452\",\"name\":\"Pablo\",\"image\":{\"@type\":\"ImageObject\",\"inLanguage\":\"ca\",\"@id\":\"https:\\\/\\\/secure.gravatar.com\\\/avatar\\\/c948169b402ef9492afde705c3dfd5e90e1a6a84ef6840a91124f805a25a480f?s=96&d=mm&r=g\",\"url\":\"https:\\\/\\\/secure.gravatar.com\\\/avatar\\\/c948169b402ef9492afde705c3dfd5e90e1a6a84ef6840a91124f805a25a480f?s=96&d=mm&r=g\",\"contentUrl\":\"https:\\\/\\\/secure.gravatar.com\\\/avatar\\\/c948169b402ef9492afde705c3dfd5e90e1a6a84ef6840a91124f805a25a480f?s=96&d=mm&r=g\",\"caption\":\"Pablo\"},\"url\":\"https:\\\/\\\/www.sindicaturabarcelona.cat\\\/ca\\\/author\\\/pablo\\\/\"}]}<\/script>\n<!-- \/ Yoast SEO plugin. -->","yoast_head_json":{"title":"La Sindicatura s\u2019interessa d\u2019ofici per con\u00e8ixer els resultats de l\u2019aplicaci\u00f3 del Pla d\u2019Igualtat de l\u2019Institut Municipal de Parcs i Jardins - Sindicatura de Greuges de Barcelona","description":"Mecanismes per garantir la igualtat de tracte i prevenir les situacions de discriminaci\u00f3 i assetjament en l\u2019Institut Municipal de Parcs...","robots":{"index":"index","follow":"follow","max-snippet":"max-snippet:-1","max-image-preview":"max-image-preview:large","max-video-preview":"max-video-preview:-1"},"canonical":"https:\/\/www.sindicaturabarcelona.cat\/ca\/analitzar-pla-igualtat-parcs-i-jardins\/","og_locale":"ca_ES","og_type":"article","og_title":"La Sindicatura s\u2019interessa d\u2019ofici per con\u00e8ixer els resultats de l\u2019aplicaci\u00f3 del Pla d\u2019Igualtat de l\u2019Institut Municipal de Parcs i Jardins - Sindicatura de Greuges de Barcelona","og_description":"Mecanismes per garantir la igualtat de tracte i prevenir les situacions de discriminaci\u00f3 i assetjament en l\u2019Institut Municipal de Parcs...","og_url":"https:\/\/www.sindicaturabarcelona.cat\/ca\/analitzar-pla-igualtat-parcs-i-jardins\/","og_site_name":"Sindicatura de Greuges de Barcelona","article_published_time":"2021-11-25T13:53:38+00:00","article_modified_time":"2023-05-11T11:40:57+00:00","og_image":[{"width":1024,"height":684,"url":"https:\/\/www.sindicaturabarcelona.cat\/wp-content\/uploads\/2021\/11\/21464_210811_AF_Reforc_ServeisNeteja_008.jpg","type":"image\/jpeg"}],"author":"Pablo","twitter_card":"summary_large_image","twitter_creator":"@sindicbarcelona","twitter_site":"@sindicbarcelona","twitter_misc":{"Escrit per":"Pablo","Temps estimat de lectura":"2 minuts"},"schema":{"@context":"https:\/\/schema.org","@graph":[{"@type":"Article","@id":"https:\/\/www.sindicaturabarcelona.cat\/ca\/analitzar-pla-igualtat-parcs-i-jardins\/#article","isPartOf":{"@id":"https:\/\/www.sindicaturabarcelona.cat\/ca\/analitzar-pla-igualtat-parcs-i-jardins\/"},"author":{"name":"Pablo","@id":"https:\/\/www.sindicaturabarcelona.cat\/ca\/#\/schema\/person\/0e5acffc350ffdbc97578159322c9452"},"headline":"La Sindicatura s\u2019interessa d\u2019ofici per con\u00e8ixer els resultats de l\u2019aplicaci\u00f3 del Pla d\u2019Igualtat de l\u2019Institut Municipal de Parcs i Jardins","datePublished":"2021-11-25T13:53:38+00:00","dateModified":"2023-05-11T11:40:57+00:00","mainEntityOfPage":{"@id":"https:\/\/www.sindicaturabarcelona.cat\/ca\/analitzar-pla-igualtat-parcs-i-jardins\/"},"wordCount":415,"publisher":{"@id":"https:\/\/www.sindicaturabarcelona.cat\/ca\/#organization"},"image":{"@id":"https:\/\/www.sindicaturabarcelona.cat\/ca\/analitzar-pla-igualtat-parcs-i-jardins\/#primaryimage"},"thumbnailUrl":"https:\/\/www.sindicaturabarcelona.cat\/wp-content\/uploads\/2021\/11\/21464_210811_AF_Reforc_ServeisNeteja_008.jpg","articleSection":["Uncategorized @ca"],"inLanguage":"ca"},{"@type":"WebPage","@id":"https:\/\/www.sindicaturabarcelona.cat\/ca\/analitzar-pla-igualtat-parcs-i-jardins\/","url":"https:\/\/www.sindicaturabarcelona.cat\/ca\/analitzar-pla-igualtat-parcs-i-jardins\/","name":"La Sindicatura s\u2019interessa d\u2019ofici per con\u00e8ixer els resultats de l\u2019aplicaci\u00f3 del Pla d\u2019Igualtat de l\u2019Institut Municipal de Parcs i Jardins - Sindicatura de Greuges de Barcelona","isPartOf":{"@id":"https:\/\/www.sindicaturabarcelona.cat\/ca\/#website"},"primaryImageOfPage":{"@id":"https:\/\/www.sindicaturabarcelona.cat\/ca\/analitzar-pla-igualtat-parcs-i-jardins\/#primaryimage"},"image":{"@id":"https:\/\/www.sindicaturabarcelona.cat\/ca\/analitzar-pla-igualtat-parcs-i-jardins\/#primaryimage"},"thumbnailUrl":"https:\/\/www.sindicaturabarcelona.cat\/wp-content\/uploads\/2021\/11\/21464_210811_AF_Reforc_ServeisNeteja_008.jpg","datePublished":"2021-11-25T13:53:38+00:00","dateModified":"2023-05-11T11:40:57+00:00","description":"Mecanismes per garantir la igualtat de tracte i prevenir les situacions de discriminaci\u00f3 i assetjament en l\u2019Institut Municipal de Parcs...","breadcrumb":{"@id":"https:\/\/www.sindicaturabarcelona.cat\/ca\/analitzar-pla-igualtat-parcs-i-jardins\/#breadcrumb"},"inLanguage":"ca","potentialAction":[{"@type":"ReadAction","target":["https:\/\/www.sindicaturabarcelona.cat\/ca\/analitzar-pla-igualtat-parcs-i-jardins\/"]}]},{"@type":"ImageObject","inLanguage":"ca","@id":"https:\/\/www.sindicaturabarcelona.cat\/ca\/analitzar-pla-igualtat-parcs-i-jardins\/#primaryimage","url":"https:\/\/www.sindicaturabarcelona.cat\/wp-content\/uploads\/2021\/11\/21464_210811_AF_Reforc_ServeisNeteja_008.jpg","contentUrl":"https:\/\/www.sindicaturabarcelona.cat\/wp-content\/uploads\/2021\/11\/21464_210811_AF_Reforc_ServeisNeteja_008.jpg","width":1024,"height":684,"caption":"Parcs i Jardins"},{"@type":"BreadcrumbList","@id":"https:\/\/www.sindicaturabarcelona.cat\/ca\/analitzar-pla-igualtat-parcs-i-jardins\/#breadcrumb","itemListElement":[{"@type":"ListItem","position":1,"name":"Inici","item":"https:\/\/www.sindicaturabarcelona.cat\/ca\/"},{"@type":"ListItem","position":2,"name":"La Sindicatura s\u2019interessa d\u2019ofici per con\u00e8ixer els resultats de l\u2019aplicaci\u00f3 del Pla d\u2019Igualtat de l\u2019Institut Municipal de Parcs i Jardins"}]},{"@type":"WebSite","@id":"https:\/\/www.sindicaturabarcelona.cat\/ca\/#website","url":"https:\/\/www.sindicaturabarcelona.cat\/ca\/","name":"Sindicatura de Greuges de Barcelona","description":"La defensoria dels teus drets","publisher":{"@id":"https:\/\/www.sindicaturabarcelona.cat\/ca\/#organization"},"potentialAction":[{"@type":"SearchAction","target":{"@type":"EntryPoint","urlTemplate":"https:\/\/www.sindicaturabarcelona.cat\/ca\/?s={search_term_string}"},"query-input":{"@type":"PropertyValueSpecification","valueRequired":true,"valueName":"search_term_string"}}],"inLanguage":"ca"},{"@type":"Organization","@id":"https:\/\/www.sindicaturabarcelona.cat\/ca\/#organization","name":"Sindicatura de Greuges de Barcelona","url":"https:\/\/www.sindicaturabarcelona.cat\/ca\/","logo":{"@type":"ImageObject","inLanguage":"ca","@id":"https:\/\/www.sindicaturabarcelona.cat\/ca\/#\/schema\/logo\/image\/","url":"https:\/\/www.sindicaturabarcelona.cat\/wp-content\/uploads\/2023\/02\/logo_sindicatura.svg","contentUrl":"https:\/\/www.sindicaturabarcelona.cat\/wp-content\/uploads\/2023\/02\/logo_sindicatura.svg","caption":"Sindicatura de Greuges de Barcelona"},"image":{"@id":"https:\/\/www.sindicaturabarcelona.cat\/ca\/#\/schema\/logo\/image\/"},"sameAs":["https:\/\/x.com\/sindicbarcelona","https:\/\/www.instagram.com\/sindicbarcelona\/","https:\/\/www.tiktok.com\/@sindicaturabcn","https:\/\/t.me\/sindicaturabarcelona"]},{"@type":"Person","@id":"https:\/\/www.sindicaturabarcelona.cat\/ca\/#\/schema\/person\/0e5acffc350ffdbc97578159322c9452","name":"Pablo","image":{"@type":"ImageObject","inLanguage":"ca","@id":"https:\/\/secure.gravatar.com\/avatar\/c948169b402ef9492afde705c3dfd5e90e1a6a84ef6840a91124f805a25a480f?s=96&d=mm&r=g","url":"https:\/\/secure.gravatar.com\/avatar\/c948169b402ef9492afde705c3dfd5e90e1a6a84ef6840a91124f805a25a480f?s=96&d=mm&r=g","contentUrl":"https:\/\/secure.gravatar.com\/avatar\/c948169b402ef9492afde705c3dfd5e90e1a6a84ef6840a91124f805a25a480f?s=96&d=mm&r=g","caption":"Pablo"},"url":"https:\/\/www.sindicaturabarcelona.cat\/ca\/author\/pablo\/"}]}},"_links":{"self":[{"href":"https:\/\/www.sindicaturabarcelona.cat\/ca\/wp-json\/wp\/v2\/posts\/13218","targetHints":{"allow":["GET"]}}],"collection":[{"href":"https:\/\/www.sindicaturabarcelona.cat\/ca\/wp-json\/wp\/v2\/posts"}],"about":[{"href":"https:\/\/www.sindicaturabarcelona.cat\/ca\/wp-json\/wp\/v2\/types\/post"}],"author":[{"embeddable":true,"href":"https:\/\/www.sindicaturabarcelona.cat\/ca\/wp-json\/wp\/v2\/users\/2"}],"replies":[{"embeddable":true,"href":"https:\/\/www.sindicaturabarcelona.cat\/ca\/wp-json\/wp\/v2\/comments?post=13218"}],"version-history":[{"count":0,"href":"https:\/\/www.sindicaturabarcelona.cat\/ca\/wp-json\/wp\/v2\/posts\/13218\/revisions"}],"wp:featuredmedia":[{"embeddable":true,"href":"https:\/\/www.sindicaturabarcelona.cat\/ca\/wp-json\/wp\/v2\/media\/13219"}],"wp:attachment":[{"href":"https:\/\/www.sindicaturabarcelona.cat\/ca\/wp-json\/wp\/v2\/media?parent=13218"}],"wp:term":[{"taxonomy":"post_tag","embeddable":true,"href":"https:\/\/www.sindicaturabarcelona.cat\/ca\/wp-json\/wp\/v2\/tags?post=13218"},{"taxonomy":"drets","embeddable":true,"href":"https:\/\/www.sindicaturabarcelona.cat\/ca\/wp-json\/wp\/v2\/drets?post=13218"}],"curies":[{"name":"wp","href":"https:\/\/api.w.org\/{rel}","templated":true}]}}