{"id":13113,"date":"2021-11-02T11:26:18","date_gmt":"2021-11-02T09:26:18","guid":{"rendered":"https:\/\/www.sindicabarcelona.cat\/?p=13113"},"modified":"2023-05-11T13:53:04","modified_gmt":"2023-05-11T11:53:04","slug":"dificultats-acces-cementiri-montjuic-transport-public","status":"publish","type":"post","link":"https:\/\/www.sindicaturabarcelona.cat\/ca\/dificultats-acces-cementiri-montjuic-transport-public\/","title":{"rendered":"Les dificultats per accedir al Cementiri de Montju\u00efc mitjan\u00e7ant el transport p\u00fablic"},"content":{"rendered":"\n<p class=\"has-text-align-justify\">Despr\u00e9s d\u2019analitzar la mobilitat en transport p\u00fablic per despla\u00e7ar-se fins al cementiri, la <a href=\"https:\/\/www.sindicaturabarcelona.cat\/\" target=\"_blank\" aria-label=\"Sindicatura de Greuges de Barcelona (opens in a new tab)\" rel=\"noreferrer noopener\" class=\"ek-link\">Sindicatura de Greuges de Barcelona<\/a> ha recomanat a la Tin\u00e8ncia d\u2019Ecologia i Infraestructures i a TMB la millora de l\u2019accessibilitat en transport p\u00fablic al Cementiri de Montju\u00efc, aix\u00ed com valorar la viabilitat de canviar la ubicaci\u00f3 de les parades d\u2019autob\u00fas, seguint criteris d\u2019accessibilitat, seguretat i perspectiva de g\u00e8nere.<\/p>\n\n\n\n<p class=\"has-text-align-justify\">Mitjan\u00e7ant una an\u00e0lisi dels recorreguts en primera persona, des de la Sindicatura <strong>s\u2019ha comprovat com l\u2019acc\u00e9s al Cementiri de Montju\u00efc esdev\u00e9 un paradigma de la necessitat del vehicle privat per despla\u00e7ar-se a un espai d\u2019\u00fas p\u00fablic<\/strong>, al qual poden necessitar acudir persones de diferents edats i condicions de mobilitat.<\/p>\n\n\n\n<p class=\"has-text-align-justify\">Cal indicar que, m\u00e9s enll\u00e0 de l\u2019acc\u00e9s al mateix recinte, tamb\u00e9 s\u2019ha de tenir en compte que <strong>el despla\u00e7ament pel seu interior, amb for\u00e7a extensi\u00f3 i desnivell<\/strong>, <strong>nom\u00e9s disposa d\u2019oferta de transport p\u00fablic (l\u00ednia 107) els diumenges i festius de 9.30 a 14 hores, amb una freq\u00fc\u00e8ncia de pas que oscil\u00b7la entre els 30 i els 45 minuts.<\/strong><\/p>\n\n\n\n<p class=\"has-text-align-justify\">En conseq\u00fc\u00e8ncia, \u00e9s dif\u00edcil que la ciutadania tingui present l\u2019opci\u00f3 del transport p\u00fablic per despla\u00e7ar-se al <a href=\"https:\/\/www.cbsa.cat\/cementiris\/cementiri-montjuic\/\" target=\"_blank\" aria-label=\"Cementiri de Montju\u00efc (opens in a new tab)\" rel=\"noreferrer noopener\" class=\"ek-link\">Cementiri de Montju\u00efc<\/a> com a alternativa que satisfaci les seves necessitats.<\/p>\n\n\n\n<h3 class=\"wp-block-heading\"><strong>La l\u00ednia 21 d\u2019autob\u00fas<\/strong><\/h3>\n\n\n\n<p class=\"has-text-align-justify\">Aquestes circumst\u00e0ncies exposades s\u2019agreugen a l\u2019hora de fer el trajecte de tornada al centre de la ciutat (l\u00ednia 21 sentit Paral\u00b7lel), quan cal despla\u00e7ar-se a la <strong>parada 2989, situaci\u00f3 que requereix creuar la Ronda Litoral per sota, per un espai amb una m\u00ednima vorera i sense passos clars per als vianants<\/strong>, a banda que la ubicaci\u00f3 de la parada \u00e9s inviable per a persones amb problemes de mobilitat.<\/p>\n\n\n\n<div class=\"wp-block-group\"><div class=\"wp-block-group__inner-container is-layout-flow wp-block-group-is-layout-flow\">\n<figure class=\"wp-block-image size-large\"><img loading=\"lazy\" decoding=\"async\" width=\"575\" height=\"435\" src=\"https:\/\/www.sindicaturabarcelona.cat\/wp-content\/uploads\/2021\/10\/1.png\" alt=\"\" class=\"wp-image-13115\"\/><figcaption class=\"wp-element-caption\">Parada 2989<\/figcaption><\/figure>\n<\/div><\/div>\n\n\n\n<p><\/p>\n\n\n\n<p class=\"has-text-align-justify\">En la informaci\u00f3 municipal facilitada tampoc consta que s\u2019hagin tingut en compte criteris per millorar la seguretat en indrets i parades poc transitades. \u00c9s el cas d\u2019aquesta parada 2989, que es troba en un punt a\u00efllat i inh\u00f2spit, en una via amb pendent elevat per on sols circulen vehicles, sense tr\u00e0nsit de persones si no \u00e9s per accedir al punt de parada de l\u2019autob\u00fas.&nbsp;<\/p>\n\n\n\n<p class=\"has-text-align-justify\">Cal tenir en compte que sovint les persones que visiten els cementiris poden tenir certa edat i ser dones. A aquestes condicions s\u2019ha d\u2019afegir que els punts d\u2019espera no es troben en espais concorreguts i que els temps d\u2019estada a les parades poden ser alts, a conseq\u00fc\u00e8ncia de les baixes freq\u00fc\u00e8ncies de pas dels autobusos. Per aquest motiu, la Sindicatura de Greuges de Barcelona considera que <strong>seria important incorporar una visi\u00f3 en perspectiva de g\u00e8nere en la ubicaci\u00f3 dels punts de parada al Cementiri de Montju\u00efc&nbsp; i a les parades de bus en general<\/strong>.<\/p>\n\n\n\n<p class=\"has-text-align-justify\">Respecte de l\u2019accessibilitat, s\u2019ha d\u2019afegir que quan es consulta al servei telef\u00f2nic d\u2019atenci\u00f3 al client de TMB quines opcions hi ha per a dur a terme aquest despla\u00e7ament per part d\u2019una persona amb problemes de mobilitat, la resposta \u00e9s que ha d\u2019agafar la l\u00ednia 21 en sentit el Prat fins al final de la l\u00ednia, per poder enlla\u00e7ar amb l\u2019estaci\u00f3 de Rodalies per retornar a Barcelona.<\/p>\n\n\n\n<h3 class=\"wp-block-heading\"><strong>La parada 3254, sense marquesina<\/strong><\/h3>\n\n\n\n<p class=\"has-text-align-justify\">A banda de la ubicaci\u00f3 de la parada de la l\u00ednia 21 per tornar al centre de la ciutat (que tampoc compta amb marquesina), un altre dels fets a millorar \u00e9s que <strong>la parada 3254, a l\u2019entrada del recinte, no disposa de marquesina. Cal destacar que aquesta parada fa de connexi\u00f3 entre les l\u00ednies 21 i 107 i que sovint cal esperar-hi for\u00e7a estona<\/strong>. La seg\u00fcent parada a l\u2019interior del recinte, que nom\u00e9s dona servei a la l\u00ednia 107 (parada 685), s\u00ed que en disposa.<\/p>\n\n\n\n<figure class=\"wp-block-image size-large\"><img decoding=\"async\" src=\"https:\/\/www.sindicaturabarcelona.cat\/wp-content\/uploads\/2021\/10\/Cementiri2-1024x768.jpg\" alt=\"\" class=\"wp-image-13118\"\/><figcaption class=\"wp-element-caption\">Parada 3254<\/figcaption><\/figure>\n\n\n\n<p class=\"has-text-align-justify\">A m\u00e9s a m\u00e9s, \u00e9s necessari mencionar la dificultat afegida en termes estrictes d\u2019accessibilitat per a les persones amb discapacitats (siguin motrius o visuals).&nbsp; Per exemple, des del punt de la parada 3254, a l\u2019entrada del recinte, fins a les oficines i l\u2019atenci\u00f3 ciutadana, hi ha un recorregut aproximat d\u2019uns cent metres, en un terreny amb un cert pendent, situaci\u00f3 que pot presentar dificultats per a alguns col\u00b7lectius.<\/p>\n","protected":false},"excerpt":{"rendered":"<p>Despr\u00e9s d\u2019analitzar la mobilitat en transport p\u00fablic per despla\u00e7ar-se fins al cementiri, la Sindicatura de Greuges de Barcelona ha recomanat a la Tin\u00e8ncia d\u2019Ecologia i Infraestructures i a TMB la [&hellip;]<\/p>\n","protected":false},"author":2,"featured_media":13119,"comment_status":"closed","ping_status":"open","sticky":false,"template":"","format":"standard","meta":{"_acf_changed":false,"footnotes":""},"tags":[1266,1265,1267],"drets":[1438,1447,1445],"class_list":["post-13113","post","type-post","status-publish","format-standard","has-post-thumbnail","hentry","tag-acces-cementiri-montjuic","tag-cementiri-montjuic","tag-cementiri-transport-public","drets-ciutat-habitable-i-sostenible","drets-dret-a-la-mobilitat","drets-dret-a-laccessibilitat-i-la-inclusivitat"],"acf":[],"yoast_head":"<!-- This site is optimized with the Yoast SEO plugin v27.5 - https:\/\/yoast.com\/product\/yoast-seo-wordpress\/ -->\n<title>Les dificultats per accedir al Cementiri de Montju\u00efc mitjan\u00e7ant el transport p\u00fablic - Sindicatura de Greuges de Barcelona<\/title>\n<meta name=\"description\" content=\"Despr\u00e9s d\u2019analitzar la mobilitat en transport p\u00fablic fins al cementiri, la Sindicatura de Greuges de Barcelona ha recomanat a la...\" \/>\n<meta name=\"robots\" content=\"index, follow, max-snippet:-1, max-image-preview:large, max-video-preview:-1\" \/>\n<link rel=\"canonical\" href=\"https:\/\/www.sindicaturabarcelona.cat\/ca\/dificultats-acces-cementiri-montjuic-transport-public\/\" \/>\n<meta property=\"og:locale\" content=\"ca_ES\" \/>\n<meta property=\"og:type\" content=\"article\" \/>\n<meta property=\"og:title\" content=\"Les dificultats per accedir al Cementiri de Montju\u00efc mitjan\u00e7ant el transport p\u00fablic - Sindicatura de Greuges de Barcelona\" \/>\n<meta property=\"og:description\" content=\"Despr\u00e9s d\u2019analitzar la mobilitat en transport p\u00fablic fins al cementiri, la Sindicatura de Greuges de Barcelona ha recomanat a la...\" \/>\n<meta property=\"og:url\" content=\"https:\/\/www.sindicaturabarcelona.cat\/ca\/dificultats-acces-cementiri-montjuic-transport-public\/\" \/>\n<meta property=\"og:site_name\" content=\"Sindicatura de Greuges de Barcelona\" \/>\n<meta property=\"article:published_time\" content=\"2021-11-02T09:26:18+00:00\" \/>\n<meta property=\"article:modified_time\" content=\"2023-05-11T11:53:04+00:00\" \/>\n<meta property=\"og:image\" content=\"https:\/\/www.sindicaturabarcelona.cat\/wp-content\/uploads\/2021\/10\/Cementiri.jpg\" \/>\n\t<meta property=\"og:image:width\" content=\"1024\" \/>\n\t<meta property=\"og:image:height\" content=\"683\" \/>\n\t<meta property=\"og:image:type\" content=\"image\/jpeg\" \/>\n<meta name=\"author\" content=\"Pablo\" \/>\n<meta name=\"twitter:card\" content=\"summary_large_image\" \/>\n<meta name=\"twitter:creator\" content=\"@sindicbarcelona\" \/>\n<meta name=\"twitter:site\" content=\"@sindicbarcelona\" \/>\n<meta name=\"twitter:label1\" content=\"Escrit per\" \/>\n\t<meta name=\"twitter:data1\" content=\"Pablo\" \/>\n\t<meta name=\"twitter:label2\" content=\"Temps estimat de lectura\" \/>\n\t<meta name=\"twitter:data2\" content=\"4 minuts\" \/>\n<script type=\"application\/ld+json\" class=\"yoast-schema-graph\">{\"@context\":\"https:\\\/\\\/schema.org\",\"@graph\":[{\"@type\":\"Article\",\"@id\":\"https:\\\/\\\/www.sindicaturabarcelona.cat\\\/ca\\\/dificultats-acces-cementiri-montjuic-transport-public\\\/#article\",\"isPartOf\":{\"@id\":\"https:\\\/\\\/www.sindicaturabarcelona.cat\\\/ca\\\/dificultats-acces-cementiri-montjuic-transport-public\\\/\"},\"author\":{\"name\":\"Pablo\",\"@id\":\"https:\\\/\\\/www.sindicaturabarcelona.cat\\\/ca\\\/#\\\/schema\\\/person\\\/0e5acffc350ffdbc97578159322c9452\"},\"headline\":\"Les dificultats per accedir al Cementiri de Montju\u00efc mitjan\u00e7ant el transport p\u00fablic\",\"datePublished\":\"2021-11-02T09:26:18+00:00\",\"dateModified\":\"2023-05-11T11:53:04+00:00\",\"mainEntityOfPage\":{\"@id\":\"https:\\\/\\\/www.sindicaturabarcelona.cat\\\/ca\\\/dificultats-acces-cementiri-montjuic-transport-public\\\/\"},\"wordCount\":743,\"publisher\":{\"@id\":\"https:\\\/\\\/www.sindicaturabarcelona.cat\\\/ca\\\/#organization\"},\"image\":{\"@id\":\"https:\\\/\\\/www.sindicaturabarcelona.cat\\\/ca\\\/dificultats-acces-cementiri-montjuic-transport-public\\\/#primaryimage\"},\"thumbnailUrl\":\"https:\\\/\\\/www.sindicaturabarcelona.cat\\\/wp-content\\\/uploads\\\/2021\\\/10\\\/Cementiri.jpg\",\"keywords\":[\"acces cementiri montjuic\",\"cementiri montjuic\",\"cementiri transport public\"],\"articleSection\":[\"Uncategorized @ca\"],\"inLanguage\":\"ca\"},{\"@type\":\"WebPage\",\"@id\":\"https:\\\/\\\/www.sindicaturabarcelona.cat\\\/ca\\\/dificultats-acces-cementiri-montjuic-transport-public\\\/\",\"url\":\"https:\\\/\\\/www.sindicaturabarcelona.cat\\\/ca\\\/dificultats-acces-cementiri-montjuic-transport-public\\\/\",\"name\":\"Les dificultats per accedir al Cementiri de Montju\u00efc mitjan\u00e7ant el transport p\u00fablic - Sindicatura de Greuges de Barcelona\",\"isPartOf\":{\"@id\":\"https:\\\/\\\/www.sindicaturabarcelona.cat\\\/ca\\\/#website\"},\"primaryImageOfPage\":{\"@id\":\"https:\\\/\\\/www.sindicaturabarcelona.cat\\\/ca\\\/dificultats-acces-cementiri-montjuic-transport-public\\\/#primaryimage\"},\"image\":{\"@id\":\"https:\\\/\\\/www.sindicaturabarcelona.cat\\\/ca\\\/dificultats-acces-cementiri-montjuic-transport-public\\\/#primaryimage\"},\"thumbnailUrl\":\"https:\\\/\\\/www.sindicaturabarcelona.cat\\\/wp-content\\\/uploads\\\/2021\\\/10\\\/Cementiri.jpg\",\"datePublished\":\"2021-11-02T09:26:18+00:00\",\"dateModified\":\"2023-05-11T11:53:04+00:00\",\"description\":\"Despr\u00e9s d\u2019analitzar la mobilitat en transport p\u00fablic fins al cementiri, la Sindicatura de Greuges de Barcelona ha recomanat a la...\",\"breadcrumb\":{\"@id\":\"https:\\\/\\\/www.sindicaturabarcelona.cat\\\/ca\\\/dificultats-acces-cementiri-montjuic-transport-public\\\/#breadcrumb\"},\"inLanguage\":\"ca\",\"potentialAction\":[{\"@type\":\"ReadAction\",\"target\":[\"https:\\\/\\\/www.sindicaturabarcelona.cat\\\/ca\\\/dificultats-acces-cementiri-montjuic-transport-public\\\/\"]}]},{\"@type\":\"ImageObject\",\"inLanguage\":\"ca\",\"@id\":\"https:\\\/\\\/www.sindicaturabarcelona.cat\\\/ca\\\/dificultats-acces-cementiri-montjuic-transport-public\\\/#primaryimage\",\"url\":\"https:\\\/\\\/www.sindicaturabarcelona.cat\\\/wp-content\\\/uploads\\\/2021\\\/10\\\/Cementiri.jpg\",\"contentUrl\":\"https:\\\/\\\/www.sindicaturabarcelona.cat\\\/wp-content\\\/uploads\\\/2021\\\/10\\\/Cementiri.jpg\",\"width\":1024,\"height\":683,\"caption\":\"Transport p\u00fablic Cementiri Montju\u00efc\"},{\"@type\":\"BreadcrumbList\",\"@id\":\"https:\\\/\\\/www.sindicaturabarcelona.cat\\\/ca\\\/dificultats-acces-cementiri-montjuic-transport-public\\\/#breadcrumb\",\"itemListElement\":[{\"@type\":\"ListItem\",\"position\":1,\"name\":\"Inici\",\"item\":\"https:\\\/\\\/www.sindicaturabarcelona.cat\\\/ca\\\/\"},{\"@type\":\"ListItem\",\"position\":2,\"name\":\"Les dificultats per accedir al Cementiri de Montju\u00efc mitjan\u00e7ant el transport p\u00fablic\"}]},{\"@type\":\"WebSite\",\"@id\":\"https:\\\/\\\/www.sindicaturabarcelona.cat\\\/ca\\\/#website\",\"url\":\"https:\\\/\\\/www.sindicaturabarcelona.cat\\\/ca\\\/\",\"name\":\"Sindicatura de Greuges de Barcelona\",\"description\":\"La defensoria dels teus drets\",\"publisher\":{\"@id\":\"https:\\\/\\\/www.sindicaturabarcelona.cat\\\/ca\\\/#organization\"},\"potentialAction\":[{\"@type\":\"SearchAction\",\"target\":{\"@type\":\"EntryPoint\",\"urlTemplate\":\"https:\\\/\\\/www.sindicaturabarcelona.cat\\\/ca\\\/?s={search_term_string}\"},\"query-input\":{\"@type\":\"PropertyValueSpecification\",\"valueRequired\":true,\"valueName\":\"search_term_string\"}}],\"inLanguage\":\"ca\"},{\"@type\":\"Organization\",\"@id\":\"https:\\\/\\\/www.sindicaturabarcelona.cat\\\/ca\\\/#organization\",\"name\":\"Sindicatura de Greuges de Barcelona\",\"url\":\"https:\\\/\\\/www.sindicaturabarcelona.cat\\\/ca\\\/\",\"logo\":{\"@type\":\"ImageObject\",\"inLanguage\":\"ca\",\"@id\":\"https:\\\/\\\/www.sindicaturabarcelona.cat\\\/ca\\\/#\\\/schema\\\/logo\\\/image\\\/\",\"url\":\"https:\\\/\\\/www.sindicaturabarcelona.cat\\\/wp-content\\\/uploads\\\/2023\\\/02\\\/logo_sindicatura.svg\",\"contentUrl\":\"https:\\\/\\\/www.sindicaturabarcelona.cat\\\/wp-content\\\/uploads\\\/2023\\\/02\\\/logo_sindicatura.svg\",\"caption\":\"Sindicatura de Greuges de Barcelona\"},\"image\":{\"@id\":\"https:\\\/\\\/www.sindicaturabarcelona.cat\\\/ca\\\/#\\\/schema\\\/logo\\\/image\\\/\"},\"sameAs\":[\"https:\\\/\\\/x.com\\\/sindicbarcelona\",\"https:\\\/\\\/www.instagram.com\\\/sindicbarcelona\\\/\",\"https:\\\/\\\/www.tiktok.com\\\/@sindicaturabcn\",\"https:\\\/\\\/t.me\\\/sindicaturabarcelona\"]},{\"@type\":\"Person\",\"@id\":\"https:\\\/\\\/www.sindicaturabarcelona.cat\\\/ca\\\/#\\\/schema\\\/person\\\/0e5acffc350ffdbc97578159322c9452\",\"name\":\"Pablo\",\"image\":{\"@type\":\"ImageObject\",\"inLanguage\":\"ca\",\"@id\":\"https:\\\/\\\/secure.gravatar.com\\\/avatar\\\/c948169b402ef9492afde705c3dfd5e90e1a6a84ef6840a91124f805a25a480f?s=96&d=mm&r=g\",\"url\":\"https:\\\/\\\/secure.gravatar.com\\\/avatar\\\/c948169b402ef9492afde705c3dfd5e90e1a6a84ef6840a91124f805a25a480f?s=96&d=mm&r=g\",\"contentUrl\":\"https:\\\/\\\/secure.gravatar.com\\\/avatar\\\/c948169b402ef9492afde705c3dfd5e90e1a6a84ef6840a91124f805a25a480f?s=96&d=mm&r=g\",\"caption\":\"Pablo\"},\"url\":\"https:\\\/\\\/www.sindicaturabarcelona.cat\\\/ca\\\/author\\\/pablo\\\/\"}]}<\/script>\n<!-- \/ Yoast SEO plugin. -->","yoast_head_json":{"title":"Les dificultats per accedir al Cementiri de Montju\u00efc mitjan\u00e7ant el transport p\u00fablic - Sindicatura de Greuges de Barcelona","description":"Despr\u00e9s d\u2019analitzar la mobilitat en transport p\u00fablic fins al cementiri, la Sindicatura de Greuges de Barcelona ha recomanat a la...","robots":{"index":"index","follow":"follow","max-snippet":"max-snippet:-1","max-image-preview":"max-image-preview:large","max-video-preview":"max-video-preview:-1"},"canonical":"https:\/\/www.sindicaturabarcelona.cat\/ca\/dificultats-acces-cementiri-montjuic-transport-public\/","og_locale":"ca_ES","og_type":"article","og_title":"Les dificultats per accedir al Cementiri de Montju\u00efc mitjan\u00e7ant el transport p\u00fablic - Sindicatura de Greuges de Barcelona","og_description":"Despr\u00e9s d\u2019analitzar la mobilitat en transport p\u00fablic fins al cementiri, la Sindicatura de Greuges de Barcelona ha recomanat a la...","og_url":"https:\/\/www.sindicaturabarcelona.cat\/ca\/dificultats-acces-cementiri-montjuic-transport-public\/","og_site_name":"Sindicatura de Greuges de Barcelona","article_published_time":"2021-11-02T09:26:18+00:00","article_modified_time":"2023-05-11T11:53:04+00:00","og_image":[{"width":1024,"height":683,"url":"https:\/\/www.sindicaturabarcelona.cat\/wp-content\/uploads\/2021\/10\/Cementiri.jpg","type":"image\/jpeg"}],"author":"Pablo","twitter_card":"summary_large_image","twitter_creator":"@sindicbarcelona","twitter_site":"@sindicbarcelona","twitter_misc":{"Escrit per":"Pablo","Temps estimat de lectura":"4 minuts"},"schema":{"@context":"https:\/\/schema.org","@graph":[{"@type":"Article","@id":"https:\/\/www.sindicaturabarcelona.cat\/ca\/dificultats-acces-cementiri-montjuic-transport-public\/#article","isPartOf":{"@id":"https:\/\/www.sindicaturabarcelona.cat\/ca\/dificultats-acces-cementiri-montjuic-transport-public\/"},"author":{"name":"Pablo","@id":"https:\/\/www.sindicaturabarcelona.cat\/ca\/#\/schema\/person\/0e5acffc350ffdbc97578159322c9452"},"headline":"Les dificultats per accedir al Cementiri de Montju\u00efc mitjan\u00e7ant el transport p\u00fablic","datePublished":"2021-11-02T09:26:18+00:00","dateModified":"2023-05-11T11:53:04+00:00","mainEntityOfPage":{"@id":"https:\/\/www.sindicaturabarcelona.cat\/ca\/dificultats-acces-cementiri-montjuic-transport-public\/"},"wordCount":743,"publisher":{"@id":"https:\/\/www.sindicaturabarcelona.cat\/ca\/#organization"},"image":{"@id":"https:\/\/www.sindicaturabarcelona.cat\/ca\/dificultats-acces-cementiri-montjuic-transport-public\/#primaryimage"},"thumbnailUrl":"https:\/\/www.sindicaturabarcelona.cat\/wp-content\/uploads\/2021\/10\/Cementiri.jpg","keywords":["acces cementiri montjuic","cementiri montjuic","cementiri transport public"],"articleSection":["Uncategorized @ca"],"inLanguage":"ca"},{"@type":"WebPage","@id":"https:\/\/www.sindicaturabarcelona.cat\/ca\/dificultats-acces-cementiri-montjuic-transport-public\/","url":"https:\/\/www.sindicaturabarcelona.cat\/ca\/dificultats-acces-cementiri-montjuic-transport-public\/","name":"Les dificultats per accedir al Cementiri de Montju\u00efc mitjan\u00e7ant el transport p\u00fablic - Sindicatura de Greuges de Barcelona","isPartOf":{"@id":"https:\/\/www.sindicaturabarcelona.cat\/ca\/#website"},"primaryImageOfPage":{"@id":"https:\/\/www.sindicaturabarcelona.cat\/ca\/dificultats-acces-cementiri-montjuic-transport-public\/#primaryimage"},"image":{"@id":"https:\/\/www.sindicaturabarcelona.cat\/ca\/dificultats-acces-cementiri-montjuic-transport-public\/#primaryimage"},"thumbnailUrl":"https:\/\/www.sindicaturabarcelona.cat\/wp-content\/uploads\/2021\/10\/Cementiri.jpg","datePublished":"2021-11-02T09:26:18+00:00","dateModified":"2023-05-11T11:53:04+00:00","description":"Despr\u00e9s d\u2019analitzar la mobilitat en transport p\u00fablic fins al cementiri, la Sindicatura de Greuges de Barcelona ha recomanat a la...","breadcrumb":{"@id":"https:\/\/www.sindicaturabarcelona.cat\/ca\/dificultats-acces-cementiri-montjuic-transport-public\/#breadcrumb"},"inLanguage":"ca","potentialAction":[{"@type":"ReadAction","target":["https:\/\/www.sindicaturabarcelona.cat\/ca\/dificultats-acces-cementiri-montjuic-transport-public\/"]}]},{"@type":"ImageObject","inLanguage":"ca","@id":"https:\/\/www.sindicaturabarcelona.cat\/ca\/dificultats-acces-cementiri-montjuic-transport-public\/#primaryimage","url":"https:\/\/www.sindicaturabarcelona.cat\/wp-content\/uploads\/2021\/10\/Cementiri.jpg","contentUrl":"https:\/\/www.sindicaturabarcelona.cat\/wp-content\/uploads\/2021\/10\/Cementiri.jpg","width":1024,"height":683,"caption":"Transport p\u00fablic Cementiri Montju\u00efc"},{"@type":"BreadcrumbList","@id":"https:\/\/www.sindicaturabarcelona.cat\/ca\/dificultats-acces-cementiri-montjuic-transport-public\/#breadcrumb","itemListElement":[{"@type":"ListItem","position":1,"name":"Inici","item":"https:\/\/www.sindicaturabarcelona.cat\/ca\/"},{"@type":"ListItem","position":2,"name":"Les dificultats per accedir al Cementiri de Montju\u00efc mitjan\u00e7ant el transport p\u00fablic"}]},{"@type":"WebSite","@id":"https:\/\/www.sindicaturabarcelona.cat\/ca\/#website","url":"https:\/\/www.sindicaturabarcelona.cat\/ca\/","name":"Sindicatura de Greuges de Barcelona","description":"La defensoria dels teus drets","publisher":{"@id":"https:\/\/www.sindicaturabarcelona.cat\/ca\/#organization"},"potentialAction":[{"@type":"SearchAction","target":{"@type":"EntryPoint","urlTemplate":"https:\/\/www.sindicaturabarcelona.cat\/ca\/?s={search_term_string}"},"query-input":{"@type":"PropertyValueSpecification","valueRequired":true,"valueName":"search_term_string"}}],"inLanguage":"ca"},{"@type":"Organization","@id":"https:\/\/www.sindicaturabarcelona.cat\/ca\/#organization","name":"Sindicatura de Greuges de Barcelona","url":"https:\/\/www.sindicaturabarcelona.cat\/ca\/","logo":{"@type":"ImageObject","inLanguage":"ca","@id":"https:\/\/www.sindicaturabarcelona.cat\/ca\/#\/schema\/logo\/image\/","url":"https:\/\/www.sindicaturabarcelona.cat\/wp-content\/uploads\/2023\/02\/logo_sindicatura.svg","contentUrl":"https:\/\/www.sindicaturabarcelona.cat\/wp-content\/uploads\/2023\/02\/logo_sindicatura.svg","caption":"Sindicatura de Greuges de Barcelona"},"image":{"@id":"https:\/\/www.sindicaturabarcelona.cat\/ca\/#\/schema\/logo\/image\/"},"sameAs":["https:\/\/x.com\/sindicbarcelona","https:\/\/www.instagram.com\/sindicbarcelona\/","https:\/\/www.tiktok.com\/@sindicaturabcn","https:\/\/t.me\/sindicaturabarcelona"]},{"@type":"Person","@id":"https:\/\/www.sindicaturabarcelona.cat\/ca\/#\/schema\/person\/0e5acffc350ffdbc97578159322c9452","name":"Pablo","image":{"@type":"ImageObject","inLanguage":"ca","@id":"https:\/\/secure.gravatar.com\/avatar\/c948169b402ef9492afde705c3dfd5e90e1a6a84ef6840a91124f805a25a480f?s=96&d=mm&r=g","url":"https:\/\/secure.gravatar.com\/avatar\/c948169b402ef9492afde705c3dfd5e90e1a6a84ef6840a91124f805a25a480f?s=96&d=mm&r=g","contentUrl":"https:\/\/secure.gravatar.com\/avatar\/c948169b402ef9492afde705c3dfd5e90e1a6a84ef6840a91124f805a25a480f?s=96&d=mm&r=g","caption":"Pablo"},"url":"https:\/\/www.sindicaturabarcelona.cat\/ca\/author\/pablo\/"}]}},"_links":{"self":[{"href":"https:\/\/www.sindicaturabarcelona.cat\/ca\/wp-json\/wp\/v2\/posts\/13113","targetHints":{"allow":["GET"]}}],"collection":[{"href":"https:\/\/www.sindicaturabarcelona.cat\/ca\/wp-json\/wp\/v2\/posts"}],"about":[{"href":"https:\/\/www.sindicaturabarcelona.cat\/ca\/wp-json\/wp\/v2\/types\/post"}],"author":[{"embeddable":true,"href":"https:\/\/www.sindicaturabarcelona.cat\/ca\/wp-json\/wp\/v2\/users\/2"}],"replies":[{"embeddable":true,"href":"https:\/\/www.sindicaturabarcelona.cat\/ca\/wp-json\/wp\/v2\/comments?post=13113"}],"version-history":[{"count":0,"href":"https:\/\/www.sindicaturabarcelona.cat\/ca\/wp-json\/wp\/v2\/posts\/13113\/revisions"}],"wp:featuredmedia":[{"embeddable":true,"href":"https:\/\/www.sindicaturabarcelona.cat\/ca\/wp-json\/wp\/v2\/media\/13119"}],"wp:attachment":[{"href":"https:\/\/www.sindicaturabarcelona.cat\/ca\/wp-json\/wp\/v2\/media?parent=13113"}],"wp:term":[{"taxonomy":"post_tag","embeddable":true,"href":"https:\/\/www.sindicaturabarcelona.cat\/ca\/wp-json\/wp\/v2\/tags?post=13113"},{"taxonomy":"drets","embeddable":true,"href":"https:\/\/www.sindicaturabarcelona.cat\/ca\/wp-json\/wp\/v2\/drets?post=13113"}],"curies":[{"name":"wp","href":"https:\/\/api.w.org\/{rel}","templated":true}]}}