{"id":13104,"date":"2021-10-28T12:55:11","date_gmt":"2021-10-28T10:55:11","guid":{"rendered":"https:\/\/www.sindicabarcelona.cat\/?p=13104"},"modified":"2023-05-11T13:54:19","modified_gmt":"2023-05-11T11:54:19","slug":"botellots-nit-civica-segura-sindicatura","status":"publish","type":"post","link":"https:\/\/www.sindicaturabarcelona.cat\/ca\/botellots-nit-civica-segura-sindicatura\/","title":{"rendered":"Els \u2018botellots\u2019 i el dret a una nit c\u00edvica i segura centren la darrera intervenci\u00f3 d\u2019ofici                    de la Sindicatura"},"content":{"rendered":"\n<p class=\"has-text-align-justify\">El s\u00edndic de greuges de Barcelona, David Bondia, ha anunciat la <strong>intervenci\u00f3 d\u2019ofici de la Sindicatura per analitzar i formar part activa<\/strong> dels mecanismes, propostes i iniciatives que aborden l\u2019oci nocturn, concretament en un context com l\u2019actual, en qu\u00e8 el col\u00b7lectiu jove ha tornat a ocupar l\u2019espai p\u00fablic a la nit.<\/p>\n\n\n\n<p class=\"has-text-align-justify\">Aquest estudi pret\u00e9n copsar el fenomen des d\u2019una visi\u00f3 transversal i integradora de les diferents sensibilitats amb l\u2019objectiu de con\u00e8ixer les necessitats i inquietuds dels diversos col\u00b7lectius implicats, aix\u00ed com <strong>elaborar propostes per millorar les din\u00e0miques<\/strong> que se\u2019n deriven de l\u2019\u00fas de l\u2019espai p\u00fablic com espai d\u2019oci nocturn.<\/p>\n\n\n\n<p class=\"has-text-align-justify\">Cal tenir en compte que la situaci\u00f3 sanit\u00e0ria actual ha perm\u00e8s el restabliment de la mobilitat i el retorn de l\u2019espai p\u00fablic com espai de socialitzaci\u00f3. Amb aquesta reaparici\u00f3 de l\u2019activitat social a la via p\u00fablica, tamb\u00e9 han tornat les concentracions de persones al carrer en un context l\u00fadic, nocturn i amb consum de begudes alcoh\u00f2liques. Aquestes aglomeracions de persones joves no s\u00f3n un fenomen recent, per\u00f2 despr\u00e9s de la Covid-19 s\u2019ha afegit un component multitudinari que genera problemes de conviv\u00e8ncia amb el ve\u00efnat.<\/p>\n\n\n\n<h3 class=\"wp-block-heading\"><strong>La Sindicatura, present activament a la Taula ciutadana per una nit c\u00edvica i segura<\/strong><\/h3>\n\n\n\n<p class=\"has-text-align-justify\">L\u2019Ajuntament de Barcelona, mitjan\u00e7ant una mesura de govern, ha creat la <em><a href=\"https:\/\/ajuntament.barcelona.cat\/premsa\/2021\/09\/15\/lajuntament-convocara-al-mes-de-novembre-la-primera-reunio-de-la-taula-ciutadana-per-una-nit-civica-i-segura\/\" target=\"_blank\" aria-label=\"Taula ciutadana per una nit c\u00edvica i segura (opens in a new tab)\" rel=\"noreferrer noopener\" class=\"ek-link\">Taula ciutadana per una nit c\u00edvica i segura<\/a><\/em>, que t\u00e9 el prop\u00f2sit de fer un abordatge del fenomen de l\u2019oci i les activitats nocturnes a Barcelona, des del punt de vista dels diversos sectors de la ciutat que hi estan relacionats. La Taula t\u00e9 l\u2019enc\u00e0rrec d\u2019elaborar un informe d\u2019an\u00e0lisi i propostes per a una nit c\u00edvica i segura, a trav\u00e9s de les propostes que aportin tots els seus integrants.<\/p>\n\n\n\n<p class=\"has-text-align-justify\"><strong>La <a href=\"https:\/\/www.sindicaturabarcelona.cat\/\" target=\"_blank\" aria-label=\"Sindicatura de Greuges de Barcelona (opens in a new tab)\" rel=\"noreferrer noopener\" class=\"ek-link\">Sindicatura de Greuges de Barcelona<\/a> formar\u00e0 part activa de la <em>Taula<\/em> <em>ciutadana per una nit c\u00edvica i segura<\/em><\/strong> <strong>i t\u00e9 la ferma voluntat de presentar-hi propostes i iniciatives per abordar el fenomen de l\u2019oci i les activitats nocturnes a la ciutat.<\/strong>&nbsp; Bondia insisteix en \u201cla necessitat de comptar tamb\u00e9 amb representants la joventut com a interlocutors v\u00e0lids per escoltar les seves necessitats i inquietuds\u201d.<\/p>\n","protected":false},"excerpt":{"rendered":"<p>El s\u00edndic de greuges de Barcelona, David Bondia, ha anunciat la intervenci\u00f3 d\u2019ofici de la Sindicatura per analitzar i formar part activa dels mecanismes, propostes i iniciatives que aborden l\u2019oci [&hellip;]<\/p>\n","protected":false},"author":2,"featured_media":13106,"comment_status":"closed","ping_status":"open","sticky":false,"template":"","format":"standard","meta":{"_acf_changed":false,"footnotes":""},"tags":[1255,1256,1257,1258,1254,1238,1259],"drets":[1438,1446,1444],"class_list":["post-13104","post","type-post","status-publish","format-standard","has-post-thumbnail","hentry","tag-botellades","tag-botellon","tag-botellot-barcelona","tag-botellot-bcn","tag-botellots","tag-sindicatura-greuges-barcelona","tag-taula-ciutadana","drets-ciutat-habitable-i-sostenible","drets-dret-a-lespai-public","drets-dret-al-descans"],"acf":[],"yoast_head":"<!-- This site is optimized with the Yoast SEO plugin v27.5 - https:\/\/yoast.com\/product\/yoast-seo-wordpress\/ -->\n<title>Els \u2018botellots\u2019 i el dret a una nit c\u00edvica i segura centren la darrera intervenci\u00f3 d\u2019ofici          de la Sindicatura - Sindicatura de Greuges de Barcelona<\/title>\n<meta name=\"description\" content=\"El s\u00edndic de greuges de Barcelona, David Bondia, ha anunciat la intervenci\u00f3 d\u2019ofici de la Sindicatura per analitzar i formar part activa\" \/>\n<meta name=\"robots\" content=\"index, follow, max-snippet:-1, max-image-preview:large, max-video-preview:-1\" \/>\n<link rel=\"canonical\" href=\"https:\/\/www.sindicaturabarcelona.cat\/ca\/botellots-nit-civica-segura-sindicatura\/\" \/>\n<meta property=\"og:locale\" content=\"ca_ES\" \/>\n<meta property=\"og:type\" content=\"article\" \/>\n<meta property=\"og:title\" content=\"Els \u2018botellots\u2019 i el dret a una nit c\u00edvica i segura centren la darrera intervenci\u00f3 d\u2019ofici          de la Sindicatura - Sindicatura de Greuges de Barcelona\" \/>\n<meta property=\"og:description\" content=\"El s\u00edndic de greuges de Barcelona, David Bondia, ha anunciat la intervenci\u00f3 d\u2019ofici de la Sindicatura per analitzar i formar part activa\" \/>\n<meta property=\"og:url\" content=\"https:\/\/www.sindicaturabarcelona.cat\/ca\/botellots-nit-civica-segura-sindicatura\/\" \/>\n<meta property=\"og:site_name\" content=\"Sindicatura de Greuges de Barcelona\" \/>\n<meta property=\"article:published_time\" content=\"2021-10-28T10:55:11+00:00\" \/>\n<meta property=\"article:modified_time\" content=\"2023-05-11T11:54:19+00:00\" \/>\n<meta property=\"og:image\" content=\"https:\/\/www.sindicaturabarcelona.cat\/wp-content\/uploads\/2021\/10\/Botellot.png\" \/>\n\t<meta property=\"og:image:width\" content=\"820\" \/>\n\t<meta property=\"og:image:height\" content=\"462\" \/>\n\t<meta property=\"og:image:type\" content=\"image\/png\" \/>\n<meta name=\"author\" content=\"Pablo\" \/>\n<meta name=\"twitter:card\" content=\"summary_large_image\" \/>\n<meta name=\"twitter:creator\" content=\"@sindicbarcelona\" \/>\n<meta name=\"twitter:site\" content=\"@sindicbarcelona\" \/>\n<meta name=\"twitter:label1\" content=\"Escrit per\" \/>\n\t<meta name=\"twitter:data1\" content=\"Pablo\" \/>\n\t<meta name=\"twitter:label2\" content=\"Temps estimat de lectura\" \/>\n\t<meta name=\"twitter:data2\" content=\"2 minuts\" \/>\n<script type=\"application\/ld+json\" class=\"yoast-schema-graph\">{\"@context\":\"https:\\\/\\\/schema.org\",\"@graph\":[{\"@type\":\"Article\",\"@id\":\"https:\\\/\\\/www.sindicaturabarcelona.cat\\\/ca\\\/botellots-nit-civica-segura-sindicatura\\\/#article\",\"isPartOf\":{\"@id\":\"https:\\\/\\\/www.sindicaturabarcelona.cat\\\/ca\\\/botellots-nit-civica-segura-sindicatura\\\/\"},\"author\":{\"name\":\"Pablo\",\"@id\":\"https:\\\/\\\/www.sindicaturabarcelona.cat\\\/ca\\\/#\\\/schema\\\/person\\\/0e5acffc350ffdbc97578159322c9452\"},\"headline\":\"Els \u2018botellots\u2019 i el dret a una nit c\u00edvica i segura centren la darrera intervenci\u00f3 d\u2019ofici de la Sindicatura\",\"datePublished\":\"2021-10-28T10:55:11+00:00\",\"dateModified\":\"2023-05-11T11:54:19+00:00\",\"mainEntityOfPage\":{\"@id\":\"https:\\\/\\\/www.sindicaturabarcelona.cat\\\/ca\\\/botellots-nit-civica-segura-sindicatura\\\/\"},\"wordCount\":411,\"publisher\":{\"@id\":\"https:\\\/\\\/www.sindicaturabarcelona.cat\\\/ca\\\/#organization\"},\"image\":{\"@id\":\"https:\\\/\\\/www.sindicaturabarcelona.cat\\\/ca\\\/botellots-nit-civica-segura-sindicatura\\\/#primaryimage\"},\"thumbnailUrl\":\"https:\\\/\\\/www.sindicaturabarcelona.cat\\\/wp-content\\\/uploads\\\/2021\\\/10\\\/Botellot.png\",\"keywords\":[\"botellades\",\"botellon\",\"botellot barcelona\",\"botellot bcn\",\"botellots\",\"sindicatura greuges barcelona\",\"taula ciutadana\"],\"articleSection\":[\"Uncategorized @ca\"],\"inLanguage\":\"ca\"},{\"@type\":\"WebPage\",\"@id\":\"https:\\\/\\\/www.sindicaturabarcelona.cat\\\/ca\\\/botellots-nit-civica-segura-sindicatura\\\/\",\"url\":\"https:\\\/\\\/www.sindicaturabarcelona.cat\\\/ca\\\/botellots-nit-civica-segura-sindicatura\\\/\",\"name\":\"Els \u2018botellots\u2019 i el dret a una nit c\u00edvica i segura centren la darrera intervenci\u00f3 d\u2019ofici de la Sindicatura - Sindicatura de Greuges de Barcelona\",\"isPartOf\":{\"@id\":\"https:\\\/\\\/www.sindicaturabarcelona.cat\\\/ca\\\/#website\"},\"primaryImageOfPage\":{\"@id\":\"https:\\\/\\\/www.sindicaturabarcelona.cat\\\/ca\\\/botellots-nit-civica-segura-sindicatura\\\/#primaryimage\"},\"image\":{\"@id\":\"https:\\\/\\\/www.sindicaturabarcelona.cat\\\/ca\\\/botellots-nit-civica-segura-sindicatura\\\/#primaryimage\"},\"thumbnailUrl\":\"https:\\\/\\\/www.sindicaturabarcelona.cat\\\/wp-content\\\/uploads\\\/2021\\\/10\\\/Botellot.png\",\"datePublished\":\"2021-10-28T10:55:11+00:00\",\"dateModified\":\"2023-05-11T11:54:19+00:00\",\"description\":\"El s\u00edndic de greuges de Barcelona, David Bondia, ha anunciat la intervenci\u00f3 d\u2019ofici de la Sindicatura per analitzar i formar part activa\",\"breadcrumb\":{\"@id\":\"https:\\\/\\\/www.sindicaturabarcelona.cat\\\/ca\\\/botellots-nit-civica-segura-sindicatura\\\/#breadcrumb\"},\"inLanguage\":\"ca\",\"potentialAction\":[{\"@type\":\"ReadAction\",\"target\":[\"https:\\\/\\\/www.sindicaturabarcelona.cat\\\/ca\\\/botellots-nit-civica-segura-sindicatura\\\/\"]}]},{\"@type\":\"ImageObject\",\"inLanguage\":\"ca\",\"@id\":\"https:\\\/\\\/www.sindicaturabarcelona.cat\\\/ca\\\/botellots-nit-civica-segura-sindicatura\\\/#primaryimage\",\"url\":\"https:\\\/\\\/www.sindicaturabarcelona.cat\\\/wp-content\\\/uploads\\\/2021\\\/10\\\/Botellot.png\",\"contentUrl\":\"https:\\\/\\\/www.sindicaturabarcelona.cat\\\/wp-content\\\/uploads\\\/2021\\\/10\\\/Botellot.png\",\"width\":820,\"height\":462,\"caption\":\"Botellot\"},{\"@type\":\"BreadcrumbList\",\"@id\":\"https:\\\/\\\/www.sindicaturabarcelona.cat\\\/ca\\\/botellots-nit-civica-segura-sindicatura\\\/#breadcrumb\",\"itemListElement\":[{\"@type\":\"ListItem\",\"position\":1,\"name\":\"Inici\",\"item\":\"https:\\\/\\\/www.sindicaturabarcelona.cat\\\/ca\\\/\"},{\"@type\":\"ListItem\",\"position\":2,\"name\":\"Els \u2018botellots\u2019 i el dret a una nit c\u00edvica i segura centren la darrera intervenci\u00f3 d\u2019ofici de la Sindicatura\"}]},{\"@type\":\"WebSite\",\"@id\":\"https:\\\/\\\/www.sindicaturabarcelona.cat\\\/ca\\\/#website\",\"url\":\"https:\\\/\\\/www.sindicaturabarcelona.cat\\\/ca\\\/\",\"name\":\"Sindicatura de Greuges de Barcelona\",\"description\":\"La defensoria dels teus drets\",\"publisher\":{\"@id\":\"https:\\\/\\\/www.sindicaturabarcelona.cat\\\/ca\\\/#organization\"},\"potentialAction\":[{\"@type\":\"SearchAction\",\"target\":{\"@type\":\"EntryPoint\",\"urlTemplate\":\"https:\\\/\\\/www.sindicaturabarcelona.cat\\\/ca\\\/?s={search_term_string}\"},\"query-input\":{\"@type\":\"PropertyValueSpecification\",\"valueRequired\":true,\"valueName\":\"search_term_string\"}}],\"inLanguage\":\"ca\"},{\"@type\":\"Organization\",\"@id\":\"https:\\\/\\\/www.sindicaturabarcelona.cat\\\/ca\\\/#organization\",\"name\":\"Sindicatura de Greuges de Barcelona\",\"url\":\"https:\\\/\\\/www.sindicaturabarcelona.cat\\\/ca\\\/\",\"logo\":{\"@type\":\"ImageObject\",\"inLanguage\":\"ca\",\"@id\":\"https:\\\/\\\/www.sindicaturabarcelona.cat\\\/ca\\\/#\\\/schema\\\/logo\\\/image\\\/\",\"url\":\"https:\\\/\\\/www.sindicaturabarcelona.cat\\\/wp-content\\\/uploads\\\/2023\\\/02\\\/logo_sindicatura.svg\",\"contentUrl\":\"https:\\\/\\\/www.sindicaturabarcelona.cat\\\/wp-content\\\/uploads\\\/2023\\\/02\\\/logo_sindicatura.svg\",\"caption\":\"Sindicatura de Greuges de Barcelona\"},\"image\":{\"@id\":\"https:\\\/\\\/www.sindicaturabarcelona.cat\\\/ca\\\/#\\\/schema\\\/logo\\\/image\\\/\"},\"sameAs\":[\"https:\\\/\\\/x.com\\\/sindicbarcelona\",\"https:\\\/\\\/www.instagram.com\\\/sindicbarcelona\\\/\",\"https:\\\/\\\/www.tiktok.com\\\/@sindicaturabcn\",\"https:\\\/\\\/t.me\\\/sindicaturabarcelona\"]},{\"@type\":\"Person\",\"@id\":\"https:\\\/\\\/www.sindicaturabarcelona.cat\\\/ca\\\/#\\\/schema\\\/person\\\/0e5acffc350ffdbc97578159322c9452\",\"name\":\"Pablo\",\"image\":{\"@type\":\"ImageObject\",\"inLanguage\":\"ca\",\"@id\":\"https:\\\/\\\/secure.gravatar.com\\\/avatar\\\/c948169b402ef9492afde705c3dfd5e90e1a6a84ef6840a91124f805a25a480f?s=96&d=mm&r=g\",\"url\":\"https:\\\/\\\/secure.gravatar.com\\\/avatar\\\/c948169b402ef9492afde705c3dfd5e90e1a6a84ef6840a91124f805a25a480f?s=96&d=mm&r=g\",\"contentUrl\":\"https:\\\/\\\/secure.gravatar.com\\\/avatar\\\/c948169b402ef9492afde705c3dfd5e90e1a6a84ef6840a91124f805a25a480f?s=96&d=mm&r=g\",\"caption\":\"Pablo\"},\"url\":\"https:\\\/\\\/www.sindicaturabarcelona.cat\\\/ca\\\/author\\\/pablo\\\/\"}]}<\/script>\n<!-- \/ Yoast SEO plugin. -->","yoast_head_json":{"title":"Els \u2018botellots\u2019 i el dret a una nit c\u00edvica i segura centren la darrera intervenci\u00f3 d\u2019ofici          de la Sindicatura - Sindicatura de Greuges de Barcelona","description":"El s\u00edndic de greuges de Barcelona, David Bondia, ha anunciat la intervenci\u00f3 d\u2019ofici de la Sindicatura per analitzar i formar part activa","robots":{"index":"index","follow":"follow","max-snippet":"max-snippet:-1","max-image-preview":"max-image-preview:large","max-video-preview":"max-video-preview:-1"},"canonical":"https:\/\/www.sindicaturabarcelona.cat\/ca\/botellots-nit-civica-segura-sindicatura\/","og_locale":"ca_ES","og_type":"article","og_title":"Els \u2018botellots\u2019 i el dret a una nit c\u00edvica i segura centren la darrera intervenci\u00f3 d\u2019ofici          de la Sindicatura - Sindicatura de Greuges de Barcelona","og_description":"El s\u00edndic de greuges de Barcelona, David Bondia, ha anunciat la intervenci\u00f3 d\u2019ofici de la Sindicatura per analitzar i formar part activa","og_url":"https:\/\/www.sindicaturabarcelona.cat\/ca\/botellots-nit-civica-segura-sindicatura\/","og_site_name":"Sindicatura de Greuges de Barcelona","article_published_time":"2021-10-28T10:55:11+00:00","article_modified_time":"2023-05-11T11:54:19+00:00","og_image":[{"width":820,"height":462,"url":"https:\/\/www.sindicaturabarcelona.cat\/wp-content\/uploads\/2021\/10\/Botellot.png","type":"image\/png"}],"author":"Pablo","twitter_card":"summary_large_image","twitter_creator":"@sindicbarcelona","twitter_site":"@sindicbarcelona","twitter_misc":{"Escrit per":"Pablo","Temps estimat de lectura":"2 minuts"},"schema":{"@context":"https:\/\/schema.org","@graph":[{"@type":"Article","@id":"https:\/\/www.sindicaturabarcelona.cat\/ca\/botellots-nit-civica-segura-sindicatura\/#article","isPartOf":{"@id":"https:\/\/www.sindicaturabarcelona.cat\/ca\/botellots-nit-civica-segura-sindicatura\/"},"author":{"name":"Pablo","@id":"https:\/\/www.sindicaturabarcelona.cat\/ca\/#\/schema\/person\/0e5acffc350ffdbc97578159322c9452"},"headline":"Els \u2018botellots\u2019 i el dret a una nit c\u00edvica i segura centren la darrera intervenci\u00f3 d\u2019ofici de la Sindicatura","datePublished":"2021-10-28T10:55:11+00:00","dateModified":"2023-05-11T11:54:19+00:00","mainEntityOfPage":{"@id":"https:\/\/www.sindicaturabarcelona.cat\/ca\/botellots-nit-civica-segura-sindicatura\/"},"wordCount":411,"publisher":{"@id":"https:\/\/www.sindicaturabarcelona.cat\/ca\/#organization"},"image":{"@id":"https:\/\/www.sindicaturabarcelona.cat\/ca\/botellots-nit-civica-segura-sindicatura\/#primaryimage"},"thumbnailUrl":"https:\/\/www.sindicaturabarcelona.cat\/wp-content\/uploads\/2021\/10\/Botellot.png","keywords":["botellades","botellon","botellot barcelona","botellot bcn","botellots","sindicatura greuges barcelona","taula ciutadana"],"articleSection":["Uncategorized @ca"],"inLanguage":"ca"},{"@type":"WebPage","@id":"https:\/\/www.sindicaturabarcelona.cat\/ca\/botellots-nit-civica-segura-sindicatura\/","url":"https:\/\/www.sindicaturabarcelona.cat\/ca\/botellots-nit-civica-segura-sindicatura\/","name":"Els \u2018botellots\u2019 i el dret a una nit c\u00edvica i segura centren la darrera intervenci\u00f3 d\u2019ofici de la Sindicatura - Sindicatura de Greuges de Barcelona","isPartOf":{"@id":"https:\/\/www.sindicaturabarcelona.cat\/ca\/#website"},"primaryImageOfPage":{"@id":"https:\/\/www.sindicaturabarcelona.cat\/ca\/botellots-nit-civica-segura-sindicatura\/#primaryimage"},"image":{"@id":"https:\/\/www.sindicaturabarcelona.cat\/ca\/botellots-nit-civica-segura-sindicatura\/#primaryimage"},"thumbnailUrl":"https:\/\/www.sindicaturabarcelona.cat\/wp-content\/uploads\/2021\/10\/Botellot.png","datePublished":"2021-10-28T10:55:11+00:00","dateModified":"2023-05-11T11:54:19+00:00","description":"El s\u00edndic de greuges de Barcelona, David Bondia, ha anunciat la intervenci\u00f3 d\u2019ofici de la Sindicatura per analitzar i formar part activa","breadcrumb":{"@id":"https:\/\/www.sindicaturabarcelona.cat\/ca\/botellots-nit-civica-segura-sindicatura\/#breadcrumb"},"inLanguage":"ca","potentialAction":[{"@type":"ReadAction","target":["https:\/\/www.sindicaturabarcelona.cat\/ca\/botellots-nit-civica-segura-sindicatura\/"]}]},{"@type":"ImageObject","inLanguage":"ca","@id":"https:\/\/www.sindicaturabarcelona.cat\/ca\/botellots-nit-civica-segura-sindicatura\/#primaryimage","url":"https:\/\/www.sindicaturabarcelona.cat\/wp-content\/uploads\/2021\/10\/Botellot.png","contentUrl":"https:\/\/www.sindicaturabarcelona.cat\/wp-content\/uploads\/2021\/10\/Botellot.png","width":820,"height":462,"caption":"Botellot"},{"@type":"BreadcrumbList","@id":"https:\/\/www.sindicaturabarcelona.cat\/ca\/botellots-nit-civica-segura-sindicatura\/#breadcrumb","itemListElement":[{"@type":"ListItem","position":1,"name":"Inici","item":"https:\/\/www.sindicaturabarcelona.cat\/ca\/"},{"@type":"ListItem","position":2,"name":"Els \u2018botellots\u2019 i el dret a una nit c\u00edvica i segura centren la darrera intervenci\u00f3 d\u2019ofici de la Sindicatura"}]},{"@type":"WebSite","@id":"https:\/\/www.sindicaturabarcelona.cat\/ca\/#website","url":"https:\/\/www.sindicaturabarcelona.cat\/ca\/","name":"Sindicatura de Greuges de Barcelona","description":"La defensoria dels teus drets","publisher":{"@id":"https:\/\/www.sindicaturabarcelona.cat\/ca\/#organization"},"potentialAction":[{"@type":"SearchAction","target":{"@type":"EntryPoint","urlTemplate":"https:\/\/www.sindicaturabarcelona.cat\/ca\/?s={search_term_string}"},"query-input":{"@type":"PropertyValueSpecification","valueRequired":true,"valueName":"search_term_string"}}],"inLanguage":"ca"},{"@type":"Organization","@id":"https:\/\/www.sindicaturabarcelona.cat\/ca\/#organization","name":"Sindicatura de Greuges de Barcelona","url":"https:\/\/www.sindicaturabarcelona.cat\/ca\/","logo":{"@type":"ImageObject","inLanguage":"ca","@id":"https:\/\/www.sindicaturabarcelona.cat\/ca\/#\/schema\/logo\/image\/","url":"https:\/\/www.sindicaturabarcelona.cat\/wp-content\/uploads\/2023\/02\/logo_sindicatura.svg","contentUrl":"https:\/\/www.sindicaturabarcelona.cat\/wp-content\/uploads\/2023\/02\/logo_sindicatura.svg","caption":"Sindicatura de Greuges de Barcelona"},"image":{"@id":"https:\/\/www.sindicaturabarcelona.cat\/ca\/#\/schema\/logo\/image\/"},"sameAs":["https:\/\/x.com\/sindicbarcelona","https:\/\/www.instagram.com\/sindicbarcelona\/","https:\/\/www.tiktok.com\/@sindicaturabcn","https:\/\/t.me\/sindicaturabarcelona"]},{"@type":"Person","@id":"https:\/\/www.sindicaturabarcelona.cat\/ca\/#\/schema\/person\/0e5acffc350ffdbc97578159322c9452","name":"Pablo","image":{"@type":"ImageObject","inLanguage":"ca","@id":"https:\/\/secure.gravatar.com\/avatar\/c948169b402ef9492afde705c3dfd5e90e1a6a84ef6840a91124f805a25a480f?s=96&d=mm&r=g","url":"https:\/\/secure.gravatar.com\/avatar\/c948169b402ef9492afde705c3dfd5e90e1a6a84ef6840a91124f805a25a480f?s=96&d=mm&r=g","contentUrl":"https:\/\/secure.gravatar.com\/avatar\/c948169b402ef9492afde705c3dfd5e90e1a6a84ef6840a91124f805a25a480f?s=96&d=mm&r=g","caption":"Pablo"},"url":"https:\/\/www.sindicaturabarcelona.cat\/ca\/author\/pablo\/"}]}},"_links":{"self":[{"href":"https:\/\/www.sindicaturabarcelona.cat\/ca\/wp-json\/wp\/v2\/posts\/13104","targetHints":{"allow":["GET"]}}],"collection":[{"href":"https:\/\/www.sindicaturabarcelona.cat\/ca\/wp-json\/wp\/v2\/posts"}],"about":[{"href":"https:\/\/www.sindicaturabarcelona.cat\/ca\/wp-json\/wp\/v2\/types\/post"}],"author":[{"embeddable":true,"href":"https:\/\/www.sindicaturabarcelona.cat\/ca\/wp-json\/wp\/v2\/users\/2"}],"replies":[{"embeddable":true,"href":"https:\/\/www.sindicaturabarcelona.cat\/ca\/wp-json\/wp\/v2\/comments?post=13104"}],"version-history":[{"count":0,"href":"https:\/\/www.sindicaturabarcelona.cat\/ca\/wp-json\/wp\/v2\/posts\/13104\/revisions"}],"wp:featuredmedia":[{"embeddable":true,"href":"https:\/\/www.sindicaturabarcelona.cat\/ca\/wp-json\/wp\/v2\/media\/13106"}],"wp:attachment":[{"href":"https:\/\/www.sindicaturabarcelona.cat\/ca\/wp-json\/wp\/v2\/media?parent=13104"}],"wp:term":[{"taxonomy":"post_tag","embeddable":true,"href":"https:\/\/www.sindicaturabarcelona.cat\/ca\/wp-json\/wp\/v2\/tags?post=13104"},{"taxonomy":"drets","embeddable":true,"href":"https:\/\/www.sindicaturabarcelona.cat\/ca\/wp-json\/wp\/v2\/drets?post=13104"}],"curies":[{"name":"wp","href":"https:\/\/api.w.org\/{rel}","templated":true}]}}