{"id":12918,"date":"2021-10-13T13:50:51","date_gmt":"2021-10-13T11:50:51","guid":{"rendered":"https:\/\/www.sindicabarcelona.cat\/?p=12918"},"modified":"2021-10-18T12:32:29","modified_gmt":"2021-10-18T10:32:29","slug":"carta-benvinguda-nou-sindic-barcelona","status":"publish","type":"post","link":"https:\/\/www.sindicaturabarcelona.cat\/ca\/carta-benvinguda-nou-sindic-barcelona\/","title":{"rendered":"Carta de benvinguda del nou s\u00edndic de greuges de Barcelona, David Bondia"},"content":{"rendered":"\n<p class=\"has-text-align-justify\">Emprenc amb il\u00b7lusi\u00f3 aquest nou repte, comprom\u00e8s amb els drets humans de proximitat i garantint rigor, experi\u00e8ncia i treball per fer de la <a href=\"https:\/\/www.sindicaturabarcelona.cat\/\" target=\"_blank\" aria-label=\"Sindicatura de Greuges de Barcelona (opens in a new tab)\" rel=\"noreferrer noopener\" class=\"ek-link\">Sindicatura de Greuges de Barcelona<\/a> un espai de refer\u00e8ncia per tota la ciutadania i un organisme prestigi\u00f3s i respectat en l\u2019\u00e0mbit municipal. Aquests s\u00f3n alguns dels meus objectius en aquesta nova etapa que inicio al capdavant d\u2019una instituci\u00f3 amb gaireb\u00e9 17 anys d\u2019hist\u00f2ria a la nostra ciutat.<\/p>\n\n\n\n<p class=\"has-text-align-justify\">No puc deixar d\u2019agrair a totes les persones que van participar en el proc\u00e9s de suport ciutad\u00e0 i a totes les entitats barcelonines que van implicar-se en el proc\u00e9s d\u2019elecci\u00f3 d\u2019una nova Sindicatura de Greuges a la nostra ciutat, aix\u00ed com a totes les candidatures que van enriquir el debat amb propostes constructives per millorar el funcionament de la instituci\u00f3.<\/p>\n\n\n\n<p class=\"has-text-align-justify\">El meu nomenament comporta el comprom\u00eds de fer efectiu el projecte que vaig presentar a l\u2019inici del proc\u00e9s (<a href=\"http:\/\/davidbondia.cat\/#propostes\" target=\"_blank\" aria-label=\"7 eixos i 33 propostes (opens in a new tab)\" rel=\"noreferrer noopener\" class=\"ek-link\">7 eixos i 33 propostes<\/a>) per tal d\u2019establir un nou full de ruta de la instituci\u00f3. Aix\u00f2 implica una aposta per un projecte de Sindicatura de Greuges amb experi\u00e8ncia, a peu de carrer, compromesa amb els drets humans de proximitat i que actu\u00ef amb rigor i independ\u00e8ncia.<\/p>\n\n\n\n<p class=\"has-text-align-justify\">Tinc molt clar que la ciutat \u00e9s la seva gent, les seves persones, el seu teixit social. Per aquesta ra\u00f3, el meu prop\u00f2sit \u00e9s que aquesta instituci\u00f3 estigui present en els setanta-tres barris i els deu districtes que la conformen. La Sindicatura de Greuges de Barcelona ha de ser un territori i no nom\u00e9s una ubicaci\u00f3 f\u00edsica; hem de treballar de forma itinerant en el territori per con\u00e8ixer i connectar amb les problem\u00e0tiques de tota la nostra ciutadania.<\/p>\n\n\n\n<p class=\"has-text-align-justify\">Ens cal que la Sindicatura sigui una instituci\u00f3 d\u2019equilibri entre la ciutadania i l\u2019administraci\u00f3. Hem de convertir els neguits, les preocupacions i les den\u00fancies de la ciutadania en recomanacions clares a l\u2019administraci\u00f3 que permetin millorar els serveis municipals. Pretenc potenciar el tractament hol\u00edstic de les queixes, i ho vull fer amb l\u2019ajuda de taules de treball permanents, sectorials i transversals que permetin canalitzar el coneixement i el treball de les persones i entitats que configuren la nostra ciutat.<\/p>\n\n\n\n<p class=\"has-text-align-justify\">Promour\u00e9 una Sindicatura de Greuges de Barcelona proactiva, que actu\u00ef en temps real per solucionar, o fins i tot per anticipar, la vulneraci\u00f3 de drets de les persones. Entenc que he de liderar una Instituci\u00f3 amb moltes potencialitats que ha de fer efectives totes les seves compet\u00e8ncies. Per aix\u00f2 us demano que confieu en la Sindicatura per acompanyar les vostres den\u00fancies i queixes, aix\u00ed com per impulsar actuacions d\u2019ofici que visibilitzin les diferents problem\u00e0tiques, i que ens permetin millorar i transformar din\u00e0miques de la nostra ciutat.<\/p>\n\n\n\n<p class=\"has-text-align-justify\">Com ja he mencionat abans, la Sindicatura compta amb gaireb\u00e9 disset anys de traject\u00f2ria. Aix\u00f2 no seria possible sense el cam\u00ed recorregut per les dues s\u00edndiques que l\u2019havien presidit anteriorment, Pilar Malla i Maria Assumpci\u00f3 Vil\u00e0, a qui reconec la tasca feta i agraeixo el seu comprom\u00eds amb els drets de la ciutadania.&nbsp;<\/p>\n\n\n\n<p class=\"has-text-align-justify\">Tinc un gran repte al davant. Un projecte carregat d\u2019il\u00b7lusi\u00f3 i amb una idea clara: fer de la instituci\u00f3 un espai referent en la lluita pels drets humans de proximitat. A totes i tots, a les entitats, us demano que unim esfor\u00e7os per acompanyar i impulsar mesures que facin que el dret a una vida digna de ser viscuda vertebri totes les pol\u00edtiques, normes, pr\u00e0ctiques i accions del nostre Ajuntament.<\/p>\n\n\n\n<p>Avui comencem!<\/p>\n\n\n\n<h3 class=\"wp-block-heading\"><strong>David Bondia, s\u00edndic de greuges de Barcelona (2021-2026).<\/strong><\/h3>\n\n\n\n<p><\/p>\n\n\n\n<p><em>*Fotografia de Mart\u00ed Petit.<\/em><\/p>\n","protected":false},"excerpt":{"rendered":"<p>Emprenc amb il\u00b7lusi\u00f3 aquest nou repte, comprom\u00e8s amb els drets humans de proximitat i garantint rigor, experi\u00e8ncia i treball per fer de la Sindicatura de Greuges de Barcelona un espai [&hellip;]<\/p>\n","protected":false},"author":2,"featured_media":12921,"comment_status":"closed","ping_status":"open","sticky":false,"template":"","format":"standard","meta":{"_acf_changed":false,"footnotes":""},"tags":[1247,1234,1246],"drets":[],"class_list":["post-12918","post","type-post","status-publish","format-standard","has-post-thumbnail","hentry","tag-bondia-sindic","tag-david-bondia","tag-nou-sindic-barcelona"],"acf":[],"yoast_head":"<!-- This site is optimized with the Yoast SEO plugin v27.5 - https:\/\/yoast.com\/product\/yoast-seo-wordpress\/ -->\n<title>Carta de benvinguda del nou s\u00edndic de greuges de Barcelona, David Bondia - Sindicatura de Greuges de Barcelona<\/title>\n<meta name=\"description\" content=\"Emprenc amb il\u00b7lusi\u00f3 aquest nou repte, comprom\u00e8s amb els drets humans de proximitat i garantint rigor, experi\u00e8ncia i treball.\" \/>\n<meta name=\"robots\" content=\"index, follow, max-snippet:-1, max-image-preview:large, max-video-preview:-1\" \/>\n<link rel=\"canonical\" href=\"https:\/\/www.sindicaturabarcelona.cat\/ca\/carta-benvinguda-nou-sindic-barcelona\/\" \/>\n<meta property=\"og:locale\" content=\"ca_ES\" \/>\n<meta property=\"og:type\" content=\"article\" \/>\n<meta property=\"og:title\" content=\"Carta de benvinguda del nou s\u00edndic de greuges de Barcelona, David Bondia - Sindicatura de Greuges de Barcelona\" \/>\n<meta property=\"og:description\" content=\"Emprenc amb il\u00b7lusi\u00f3 aquest nou repte, comprom\u00e8s amb els drets humans de proximitat i garantint rigor, experi\u00e8ncia i treball.\" \/>\n<meta property=\"og:url\" content=\"https:\/\/www.sindicaturabarcelona.cat\/ca\/carta-benvinguda-nou-sindic-barcelona\/\" \/>\n<meta property=\"og:site_name\" content=\"Sindicatura de Greuges de Barcelona\" \/>\n<meta property=\"article:published_time\" content=\"2021-10-13T11:50:51+00:00\" \/>\n<meta property=\"article:modified_time\" content=\"2021-10-18T10:32:29+00:00\" \/>\n<meta property=\"og:image\" content=\"https:\/\/www.sindicaturabarcelona.cat\/wp-content\/uploads\/2021\/10\/IMG_9895-scaled.jpg\" \/>\n\t<meta property=\"og:image:width\" content=\"2560\" \/>\n\t<meta property=\"og:image:height\" content=\"1708\" \/>\n\t<meta property=\"og:image:type\" content=\"image\/jpeg\" \/>\n<meta name=\"author\" content=\"Pablo\" \/>\n<meta name=\"twitter:card\" content=\"summary_large_image\" \/>\n<meta name=\"twitter:creator\" content=\"@sindicbarcelona\" \/>\n<meta name=\"twitter:site\" content=\"@sindicbarcelona\" \/>\n<meta name=\"twitter:label1\" content=\"Escrit per\" \/>\n\t<meta name=\"twitter:data1\" content=\"Pablo\" \/>\n\t<meta name=\"twitter:label2\" content=\"Temps estimat de lectura\" \/>\n\t<meta name=\"twitter:data2\" content=\"3 minuts\" \/>\n<script type=\"application\/ld+json\" class=\"yoast-schema-graph\">{\"@context\":\"https:\\\/\\\/schema.org\",\"@graph\":[{\"@type\":\"Article\",\"@id\":\"https:\\\/\\\/www.sindicaturabarcelona.cat\\\/ca\\\/carta-benvinguda-nou-sindic-barcelona\\\/#article\",\"isPartOf\":{\"@id\":\"https:\\\/\\\/www.sindicaturabarcelona.cat\\\/ca\\\/carta-benvinguda-nou-sindic-barcelona\\\/\"},\"author\":{\"name\":\"Pablo\",\"@id\":\"https:\\\/\\\/www.sindicaturabarcelona.cat\\\/ca\\\/#\\\/schema\\\/person\\\/0e5acffc350ffdbc97578159322c9452\"},\"headline\":\"Carta de benvinguda del nou s\u00edndic de greuges de Barcelona, David Bondia\",\"datePublished\":\"2021-10-13T11:50:51+00:00\",\"dateModified\":\"2021-10-18T10:32:29+00:00\",\"mainEntityOfPage\":{\"@id\":\"https:\\\/\\\/www.sindicaturabarcelona.cat\\\/ca\\\/carta-benvinguda-nou-sindic-barcelona\\\/\"},\"wordCount\":632,\"publisher\":{\"@id\":\"https:\\\/\\\/www.sindicaturabarcelona.cat\\\/ca\\\/#organization\"},\"image\":{\"@id\":\"https:\\\/\\\/www.sindicaturabarcelona.cat\\\/ca\\\/carta-benvinguda-nou-sindic-barcelona\\\/#primaryimage\"},\"thumbnailUrl\":\"https:\\\/\\\/www.sindicaturabarcelona.cat\\\/wp-content\\\/uploads\\\/2021\\\/10\\\/IMG_9895-scaled.jpg\",\"keywords\":[\"bondia sindic\",\"david bondia\",\"nou sindic barcelona\"],\"inLanguage\":\"ca\"},{\"@type\":\"WebPage\",\"@id\":\"https:\\\/\\\/www.sindicaturabarcelona.cat\\\/ca\\\/carta-benvinguda-nou-sindic-barcelona\\\/\",\"url\":\"https:\\\/\\\/www.sindicaturabarcelona.cat\\\/ca\\\/carta-benvinguda-nou-sindic-barcelona\\\/\",\"name\":\"Carta de benvinguda del nou s\u00edndic de greuges de Barcelona, David Bondia - Sindicatura de Greuges de Barcelona\",\"isPartOf\":{\"@id\":\"https:\\\/\\\/www.sindicaturabarcelona.cat\\\/ca\\\/#website\"},\"primaryImageOfPage\":{\"@id\":\"https:\\\/\\\/www.sindicaturabarcelona.cat\\\/ca\\\/carta-benvinguda-nou-sindic-barcelona\\\/#primaryimage\"},\"image\":{\"@id\":\"https:\\\/\\\/www.sindicaturabarcelona.cat\\\/ca\\\/carta-benvinguda-nou-sindic-barcelona\\\/#primaryimage\"},\"thumbnailUrl\":\"https:\\\/\\\/www.sindicaturabarcelona.cat\\\/wp-content\\\/uploads\\\/2021\\\/10\\\/IMG_9895-scaled.jpg\",\"datePublished\":\"2021-10-13T11:50:51+00:00\",\"dateModified\":\"2021-10-18T10:32:29+00:00\",\"description\":\"Emprenc amb il\u00b7lusi\u00f3 aquest nou repte, comprom\u00e8s amb els drets humans de proximitat i garantint rigor, experi\u00e8ncia i treball.\",\"breadcrumb\":{\"@id\":\"https:\\\/\\\/www.sindicaturabarcelona.cat\\\/ca\\\/carta-benvinguda-nou-sindic-barcelona\\\/#breadcrumb\"},\"inLanguage\":\"ca\",\"potentialAction\":[{\"@type\":\"ReadAction\",\"target\":[\"https:\\\/\\\/www.sindicaturabarcelona.cat\\\/ca\\\/carta-benvinguda-nou-sindic-barcelona\\\/\"]}]},{\"@type\":\"ImageObject\",\"inLanguage\":\"ca\",\"@id\":\"https:\\\/\\\/www.sindicaturabarcelona.cat\\\/ca\\\/carta-benvinguda-nou-sindic-barcelona\\\/#primaryimage\",\"url\":\"https:\\\/\\\/www.sindicaturabarcelona.cat\\\/wp-content\\\/uploads\\\/2021\\\/10\\\/IMG_9895-scaled.jpg\",\"contentUrl\":\"https:\\\/\\\/www.sindicaturabarcelona.cat\\\/wp-content\\\/uploads\\\/2021\\\/10\\\/IMG_9895-scaled.jpg\",\"width\":2560,\"height\":1708,\"caption\":\"nou s\u00edndic Barcelona\"},{\"@type\":\"BreadcrumbList\",\"@id\":\"https:\\\/\\\/www.sindicaturabarcelona.cat\\\/ca\\\/carta-benvinguda-nou-sindic-barcelona\\\/#breadcrumb\",\"itemListElement\":[{\"@type\":\"ListItem\",\"position\":1,\"name\":\"Inici\",\"item\":\"https:\\\/\\\/www.sindicaturabarcelona.cat\\\/ca\\\/\"},{\"@type\":\"ListItem\",\"position\":2,\"name\":\"Carta de benvinguda del nou s\u00edndic de greuges de Barcelona, David Bondia\"}]},{\"@type\":\"WebSite\",\"@id\":\"https:\\\/\\\/www.sindicaturabarcelona.cat\\\/ca\\\/#website\",\"url\":\"https:\\\/\\\/www.sindicaturabarcelona.cat\\\/ca\\\/\",\"name\":\"Sindicatura de Greuges de Barcelona\",\"description\":\"La defensoria dels teus drets\",\"publisher\":{\"@id\":\"https:\\\/\\\/www.sindicaturabarcelona.cat\\\/ca\\\/#organization\"},\"potentialAction\":[{\"@type\":\"SearchAction\",\"target\":{\"@type\":\"EntryPoint\",\"urlTemplate\":\"https:\\\/\\\/www.sindicaturabarcelona.cat\\\/ca\\\/?s={search_term_string}\"},\"query-input\":{\"@type\":\"PropertyValueSpecification\",\"valueRequired\":true,\"valueName\":\"search_term_string\"}}],\"inLanguage\":\"ca\"},{\"@type\":\"Organization\",\"@id\":\"https:\\\/\\\/www.sindicaturabarcelona.cat\\\/ca\\\/#organization\",\"name\":\"Sindicatura de Greuges de Barcelona\",\"url\":\"https:\\\/\\\/www.sindicaturabarcelona.cat\\\/ca\\\/\",\"logo\":{\"@type\":\"ImageObject\",\"inLanguage\":\"ca\",\"@id\":\"https:\\\/\\\/www.sindicaturabarcelona.cat\\\/ca\\\/#\\\/schema\\\/logo\\\/image\\\/\",\"url\":\"https:\\\/\\\/www.sindicaturabarcelona.cat\\\/wp-content\\\/uploads\\\/2023\\\/02\\\/logo_sindicatura.svg\",\"contentUrl\":\"https:\\\/\\\/www.sindicaturabarcelona.cat\\\/wp-content\\\/uploads\\\/2023\\\/02\\\/logo_sindicatura.svg\",\"caption\":\"Sindicatura de Greuges de Barcelona\"},\"image\":{\"@id\":\"https:\\\/\\\/www.sindicaturabarcelona.cat\\\/ca\\\/#\\\/schema\\\/logo\\\/image\\\/\"},\"sameAs\":[\"https:\\\/\\\/x.com\\\/sindicbarcelona\",\"https:\\\/\\\/www.instagram.com\\\/sindicbarcelona\\\/\",\"https:\\\/\\\/www.tiktok.com\\\/@sindicaturabcn\",\"https:\\\/\\\/t.me\\\/sindicaturabarcelona\"]},{\"@type\":\"Person\",\"@id\":\"https:\\\/\\\/www.sindicaturabarcelona.cat\\\/ca\\\/#\\\/schema\\\/person\\\/0e5acffc350ffdbc97578159322c9452\",\"name\":\"Pablo\",\"image\":{\"@type\":\"ImageObject\",\"inLanguage\":\"ca\",\"@id\":\"https:\\\/\\\/secure.gravatar.com\\\/avatar\\\/c948169b402ef9492afde705c3dfd5e90e1a6a84ef6840a91124f805a25a480f?s=96&d=mm&r=g\",\"url\":\"https:\\\/\\\/secure.gravatar.com\\\/avatar\\\/c948169b402ef9492afde705c3dfd5e90e1a6a84ef6840a91124f805a25a480f?s=96&d=mm&r=g\",\"contentUrl\":\"https:\\\/\\\/secure.gravatar.com\\\/avatar\\\/c948169b402ef9492afde705c3dfd5e90e1a6a84ef6840a91124f805a25a480f?s=96&d=mm&r=g\",\"caption\":\"Pablo\"},\"url\":\"https:\\\/\\\/www.sindicaturabarcelona.cat\\\/ca\\\/author\\\/pablo\\\/\"}]}<\/script>\n<!-- \/ Yoast SEO plugin. -->","yoast_head_json":{"title":"Carta de benvinguda del nou s\u00edndic de greuges de Barcelona, David Bondia - Sindicatura de Greuges de Barcelona","description":"Emprenc amb il\u00b7lusi\u00f3 aquest nou repte, comprom\u00e8s amb els drets humans de proximitat i garantint rigor, experi\u00e8ncia i treball.","robots":{"index":"index","follow":"follow","max-snippet":"max-snippet:-1","max-image-preview":"max-image-preview:large","max-video-preview":"max-video-preview:-1"},"canonical":"https:\/\/www.sindicaturabarcelona.cat\/ca\/carta-benvinguda-nou-sindic-barcelona\/","og_locale":"ca_ES","og_type":"article","og_title":"Carta de benvinguda del nou s\u00edndic de greuges de Barcelona, David Bondia - Sindicatura de Greuges de Barcelona","og_description":"Emprenc amb il\u00b7lusi\u00f3 aquest nou repte, comprom\u00e8s amb els drets humans de proximitat i garantint rigor, experi\u00e8ncia i treball.","og_url":"https:\/\/www.sindicaturabarcelona.cat\/ca\/carta-benvinguda-nou-sindic-barcelona\/","og_site_name":"Sindicatura de Greuges de Barcelona","article_published_time":"2021-10-13T11:50:51+00:00","article_modified_time":"2021-10-18T10:32:29+00:00","og_image":[{"width":2560,"height":1708,"url":"https:\/\/www.sindicaturabarcelona.cat\/wp-content\/uploads\/2021\/10\/IMG_9895-scaled.jpg","type":"image\/jpeg"}],"author":"Pablo","twitter_card":"summary_large_image","twitter_creator":"@sindicbarcelona","twitter_site":"@sindicbarcelona","twitter_misc":{"Escrit per":"Pablo","Temps estimat de lectura":"3 minuts"},"schema":{"@context":"https:\/\/schema.org","@graph":[{"@type":"Article","@id":"https:\/\/www.sindicaturabarcelona.cat\/ca\/carta-benvinguda-nou-sindic-barcelona\/#article","isPartOf":{"@id":"https:\/\/www.sindicaturabarcelona.cat\/ca\/carta-benvinguda-nou-sindic-barcelona\/"},"author":{"name":"Pablo","@id":"https:\/\/www.sindicaturabarcelona.cat\/ca\/#\/schema\/person\/0e5acffc350ffdbc97578159322c9452"},"headline":"Carta de benvinguda del nou s\u00edndic de greuges de Barcelona, David Bondia","datePublished":"2021-10-13T11:50:51+00:00","dateModified":"2021-10-18T10:32:29+00:00","mainEntityOfPage":{"@id":"https:\/\/www.sindicaturabarcelona.cat\/ca\/carta-benvinguda-nou-sindic-barcelona\/"},"wordCount":632,"publisher":{"@id":"https:\/\/www.sindicaturabarcelona.cat\/ca\/#organization"},"image":{"@id":"https:\/\/www.sindicaturabarcelona.cat\/ca\/carta-benvinguda-nou-sindic-barcelona\/#primaryimage"},"thumbnailUrl":"https:\/\/www.sindicaturabarcelona.cat\/wp-content\/uploads\/2021\/10\/IMG_9895-scaled.jpg","keywords":["bondia sindic","david bondia","nou sindic barcelona"],"inLanguage":"ca"},{"@type":"WebPage","@id":"https:\/\/www.sindicaturabarcelona.cat\/ca\/carta-benvinguda-nou-sindic-barcelona\/","url":"https:\/\/www.sindicaturabarcelona.cat\/ca\/carta-benvinguda-nou-sindic-barcelona\/","name":"Carta de benvinguda del nou s\u00edndic de greuges de Barcelona, David Bondia - Sindicatura de Greuges de Barcelona","isPartOf":{"@id":"https:\/\/www.sindicaturabarcelona.cat\/ca\/#website"},"primaryImageOfPage":{"@id":"https:\/\/www.sindicaturabarcelona.cat\/ca\/carta-benvinguda-nou-sindic-barcelona\/#primaryimage"},"image":{"@id":"https:\/\/www.sindicaturabarcelona.cat\/ca\/carta-benvinguda-nou-sindic-barcelona\/#primaryimage"},"thumbnailUrl":"https:\/\/www.sindicaturabarcelona.cat\/wp-content\/uploads\/2021\/10\/IMG_9895-scaled.jpg","datePublished":"2021-10-13T11:50:51+00:00","dateModified":"2021-10-18T10:32:29+00:00","description":"Emprenc amb il\u00b7lusi\u00f3 aquest nou repte, comprom\u00e8s amb els drets humans de proximitat i garantint rigor, experi\u00e8ncia i treball.","breadcrumb":{"@id":"https:\/\/www.sindicaturabarcelona.cat\/ca\/carta-benvinguda-nou-sindic-barcelona\/#breadcrumb"},"inLanguage":"ca","potentialAction":[{"@type":"ReadAction","target":["https:\/\/www.sindicaturabarcelona.cat\/ca\/carta-benvinguda-nou-sindic-barcelona\/"]}]},{"@type":"ImageObject","inLanguage":"ca","@id":"https:\/\/www.sindicaturabarcelona.cat\/ca\/carta-benvinguda-nou-sindic-barcelona\/#primaryimage","url":"https:\/\/www.sindicaturabarcelona.cat\/wp-content\/uploads\/2021\/10\/IMG_9895-scaled.jpg","contentUrl":"https:\/\/www.sindicaturabarcelona.cat\/wp-content\/uploads\/2021\/10\/IMG_9895-scaled.jpg","width":2560,"height":1708,"caption":"nou s\u00edndic Barcelona"},{"@type":"BreadcrumbList","@id":"https:\/\/www.sindicaturabarcelona.cat\/ca\/carta-benvinguda-nou-sindic-barcelona\/#breadcrumb","itemListElement":[{"@type":"ListItem","position":1,"name":"Inici","item":"https:\/\/www.sindicaturabarcelona.cat\/ca\/"},{"@type":"ListItem","position":2,"name":"Carta de benvinguda del nou s\u00edndic de greuges de Barcelona, David Bondia"}]},{"@type":"WebSite","@id":"https:\/\/www.sindicaturabarcelona.cat\/ca\/#website","url":"https:\/\/www.sindicaturabarcelona.cat\/ca\/","name":"Sindicatura de Greuges de Barcelona","description":"La defensoria dels teus drets","publisher":{"@id":"https:\/\/www.sindicaturabarcelona.cat\/ca\/#organization"},"potentialAction":[{"@type":"SearchAction","target":{"@type":"EntryPoint","urlTemplate":"https:\/\/www.sindicaturabarcelona.cat\/ca\/?s={search_term_string}"},"query-input":{"@type":"PropertyValueSpecification","valueRequired":true,"valueName":"search_term_string"}}],"inLanguage":"ca"},{"@type":"Organization","@id":"https:\/\/www.sindicaturabarcelona.cat\/ca\/#organization","name":"Sindicatura de Greuges de Barcelona","url":"https:\/\/www.sindicaturabarcelona.cat\/ca\/","logo":{"@type":"ImageObject","inLanguage":"ca","@id":"https:\/\/www.sindicaturabarcelona.cat\/ca\/#\/schema\/logo\/image\/","url":"https:\/\/www.sindicaturabarcelona.cat\/wp-content\/uploads\/2023\/02\/logo_sindicatura.svg","contentUrl":"https:\/\/www.sindicaturabarcelona.cat\/wp-content\/uploads\/2023\/02\/logo_sindicatura.svg","caption":"Sindicatura de Greuges de Barcelona"},"image":{"@id":"https:\/\/www.sindicaturabarcelona.cat\/ca\/#\/schema\/logo\/image\/"},"sameAs":["https:\/\/x.com\/sindicbarcelona","https:\/\/www.instagram.com\/sindicbarcelona\/","https:\/\/www.tiktok.com\/@sindicaturabcn","https:\/\/t.me\/sindicaturabarcelona"]},{"@type":"Person","@id":"https:\/\/www.sindicaturabarcelona.cat\/ca\/#\/schema\/person\/0e5acffc350ffdbc97578159322c9452","name":"Pablo","image":{"@type":"ImageObject","inLanguage":"ca","@id":"https:\/\/secure.gravatar.com\/avatar\/c948169b402ef9492afde705c3dfd5e90e1a6a84ef6840a91124f805a25a480f?s=96&d=mm&r=g","url":"https:\/\/secure.gravatar.com\/avatar\/c948169b402ef9492afde705c3dfd5e90e1a6a84ef6840a91124f805a25a480f?s=96&d=mm&r=g","contentUrl":"https:\/\/secure.gravatar.com\/avatar\/c948169b402ef9492afde705c3dfd5e90e1a6a84ef6840a91124f805a25a480f?s=96&d=mm&r=g","caption":"Pablo"},"url":"https:\/\/www.sindicaturabarcelona.cat\/ca\/author\/pablo\/"}]}},"_links":{"self":[{"href":"https:\/\/www.sindicaturabarcelona.cat\/ca\/wp-json\/wp\/v2\/posts\/12918","targetHints":{"allow":["GET"]}}],"collection":[{"href":"https:\/\/www.sindicaturabarcelona.cat\/ca\/wp-json\/wp\/v2\/posts"}],"about":[{"href":"https:\/\/www.sindicaturabarcelona.cat\/ca\/wp-json\/wp\/v2\/types\/post"}],"author":[{"embeddable":true,"href":"https:\/\/www.sindicaturabarcelona.cat\/ca\/wp-json\/wp\/v2\/users\/2"}],"replies":[{"embeddable":true,"href":"https:\/\/www.sindicaturabarcelona.cat\/ca\/wp-json\/wp\/v2\/comments?post=12918"}],"version-history":[{"count":0,"href":"https:\/\/www.sindicaturabarcelona.cat\/ca\/wp-json\/wp\/v2\/posts\/12918\/revisions"}],"wp:featuredmedia":[{"embeddable":true,"href":"https:\/\/www.sindicaturabarcelona.cat\/ca\/wp-json\/wp\/v2\/media\/12921"}],"wp:attachment":[{"href":"https:\/\/www.sindicaturabarcelona.cat\/ca\/wp-json\/wp\/v2\/media?parent=12918"}],"wp:term":[{"taxonomy":"post_tag","embeddable":true,"href":"https:\/\/www.sindicaturabarcelona.cat\/ca\/wp-json\/wp\/v2\/tags?post=12918"},{"taxonomy":"drets","embeddable":true,"href":"https:\/\/www.sindicaturabarcelona.cat\/ca\/wp-json\/wp\/v2\/drets?post=12918"}],"curies":[{"name":"wp","href":"https:\/\/api.w.org\/{rel}","templated":true}]}}