{"id":12906,"date":"2021-10-05T18:00:00","date_gmt":"2021-10-05T16:00:00","guid":{"rendered":"https:\/\/www.sindicabarcelona.cat\/?p=12906"},"modified":"2021-10-05T11:14:03","modified_gmt":"2021-10-05T09:14:03","slug":"carta-de-comiat-sindica-vila","status":"publish","type":"post","link":"https:\/\/www.sindicaturabarcelona.cat\/ca\/carta-de-comiat-sindica-vila\/","title":{"rendered":"Carta de comiat de la s\u00edndica Vil\u00e0"},"content":{"rendered":"\n<p class=\"has-text-align-justify\">Avui m\u2019acomiado de la responsabilitat de s\u00edndica amb qu\u00e8 he complert durant els darrers onze anys de la meva traject\u00f2ria professional. Despr\u00e9s de dos mandats com a s\u00edndica de greuges defensant els drets fonamentals i les llibertats p\u00fabliques de la ciutadania barcelonina, \u00e9s moment de donar pas a una nova persona, tal com estableix el reglament de la Sindicatura.<\/p>\n\n\n\n<p class=\"has-text-align-justify\">\u00c9s dif\u00edcil dir adeu quan la teva feina \u00e9s la teva passi\u00f3 i el teu motor de vida. Ajudar les persones que, d\u2019una manera o una altra, formen part del dia a dia de la nostra ciutat \u00e9s una de les sensacions m\u00e9s gratificants que he viscut mai. He estat una afortunada per poder presenciar l\u2019evoluci\u00f3 de la ciutat des d\u2019una posici\u00f3 que m\u2019ha perm\u00e8s participar-hi de manera directa. Sense cap mena de dubte, per mi aquesta etapa ha suposat un somni fet realitat. &nbsp;<\/p>\n\n\n\n<p class=\"has-text-align-justify\">Quan vaig accedir el maig del 2010 a aquest c\u00e0rrec, em vaig trobar davant un repte molt il\u00b7lusionant i que alhora exigia una gran responsabilitat. D\u2019aquelles que poden arribar a impressionar i generar dubtes sobre la capacitat d\u2019una mateixa per dur-la a terme. Soc una dona, com moltes altres, que he treballat tota la vida. Aquesta realitat m\u2019ha forjat un criteri, un punt de vista, un sentit que correspon probablement al del gruix del ve\u00efnatge barcelon\u00ed. Aquest criteri ha madurat amb l\u2019estima a les persones, la vida i la ciutat on visc, sempre amb un comprom\u00eds de millorar aquest m\u00f3n mitjan\u00e7ant les petites coses que han estat al meu abast. Ser la defensora de la ciutadania barcelonina no podia ser una tasca f\u00e0cil, per\u00f2 el meu convenciment de fer-ho b\u00e9 i fer cr\u00e9ixer la instituci\u00f3 era superior als possibles dubtes i temors relacionats amb la pressi\u00f3. No soc jo qui he de posar nota als meus dos mandats, per\u00f2 s\u00ed que puc afirmar que he centrat tots els meus esfor\u00e7os a procurar millorar l\u2019Administraci\u00f3 mitjan\u00e7ant les nostres intervencions.<\/p>\n\n\n\n<p class=\"has-text-align-justify\">Sempre he volgut estar present en els carrers dels barris barcelonins, de la m\u00e0 del seu ve\u00efnat i les seves entitats. Primer en la lluita contra el c\u00e0ncer, despr\u00e9s a les entitats del Tercer Sector, i aquests darrers anys a la Sindicatura de Greuges de Barcelona. Per aix\u00f2 he considerat que la tasca d\u2019una s\u00edndica \u00e9s la immersi\u00f3 en els problemes que sorgeixen a la ciutadania, amb l\u2019objectiu d\u2019aportar solucions a totes les persones i entitats amb qui hem tractat els greuges i cercat les formes en qu\u00e8 l\u2019Administraci\u00f3 pot arranjar-los. Haver-me tancat en un despatx a esperar queixes, o no dedicar tota la meva atenci\u00f3 i feina i temps, hauria estat fallar en el comprom\u00eds assolit amb les entitats que em varen proposar, amb la confian\u00e7a que tamb\u00e9 representava l\u2019elecci\u00f3 un\u00e0nime per part del consistori.<\/p>\n\n\n\n<p class=\"has-text-align-justify\">Quan acceptes la responsabilitat de ser s\u00edndica de Barcelona saps quin paper et toca jugar: el de la supervisi\u00f3 de l\u2019activitat municipal i de la bona administraci\u00f3, tenint en compte les lleis, l\u2019\u00e8tica i l\u2019equitat, i alhora una gran estima a la ciutat. Aquest fet pot generar una sensaci\u00f3 negativa de fiscalitzaci\u00f3 de la feina, tant en alts c\u00e0rrecs com en els t\u00e8cnics de l\u2019<a href=\"https:\/\/ajuntament.barcelona.cat\/ca\/\" target=\"_blank\" aria-label=\"Ajuntament (opens in a new tab)\" rel=\"noreferrer noopener\" class=\"ek-link\">Ajuntament<\/a> amb qui he tractat dia rere dia. Tot i aix\u00f2, crec que tothom ha tingut clar que l\u2019\u00fanic objectiu de la nostra instituci\u00f3 \u00e9s el de millorar els serveis municipals i que la ciutadania pugui gaudir dels seus drets amb una millor administraci\u00f3.<\/p>\n\n\n\n<p class=\"has-text-align-justify\">Per mi han estat onze anys al capdavant de la Sindicatura de Greuges de Barcelona, amb tres governs diferents. Sempre, i vull remarcar aquest sempre, hem demostrat que som una instituci\u00f3 independent i objectiva que at\u00e9n tota persona, col\u00b7lectiu o entitat jur\u00eddica que se senti agreujada per l\u2019Ajuntament. Mai m\u2019he fixat en el color del grup pol\u00edtic municipal que ha estat al capdavant del consistori, ja que l\u2019\u00fanic important per a mi ha estat la lluita per la defensa dels drets fonamentals de la ciutadania.<\/p>\n\n\n\n<p class=\"has-text-align-justify\">Estic molt satisfeta perqu\u00e8 la <a href=\"https:\/\/www.sindicaturabarcelona.cat\/\" target=\"_blank\" aria-label=\"Sindicatura de Greuges de Barcelona (opens in a new tab)\" rel=\"noreferrer noopener\" class=\"ek-link\">Sindicatura de Greuges de Barcelona<\/a> avan\u00e7a i es consolida des de la seva creaci\u00f3 l\u2019any 2005. Hem pogut executar la nostra tasca gr\u00e0cies al treball seri\u00f3s i comprom\u00e8s d\u2019un equip de professionals del qual m\u2019enorgulleixo, tant d\u2019haver apr\u00e8s, i molt, de la seva professionalitat, com del goig d\u2019haver-lo liderat. La direcci\u00f3 de la Sindicatura ara estar\u00e0 en mans d\u2019en David Bondia, a qui li desitjo tots els \u00e8xits, perqu\u00e8 la seva sort ser\u00e0 la de tota la ciutat. En David ja sap, com aix\u00ed ja li he transm\u00e8s, que soc i ser\u00e9 a la seva disposici\u00f3 pel que calgui, com jo he comptat sempre que ho he necessitat amb Pilar Malla, la primera s\u00edndica de la ciutat. &nbsp;<\/p>\n\n\n\n<p class=\"has-text-align-justify\">Ciutadania; tota persona resident, nouvinguda i passavolant; entitats ve\u00efnals i sectorials; regidores; treballadores municipals; sindicatures d\u2019altres localitats; periodistes; companyes, gr\u00e0cies. Moltes gr\u00e0cies. Nom\u00e9s puc agrair-vos que h\u00e0gim estat companyes de viatge durant m\u00e9s d\u2019una d\u00e8cada. Per la professionalitat amb qu\u00e8 hem tractat tots els assumptes; pel respecte que sempre ha imperat en les nostres discussions o desavinences, i en definitiva, per remar totes en la mateixa direcci\u00f3: fer de Barcelona una ciutat m\u00e9s justa i equitativa, respectuosa amb els drets i llibertats de la ciutadania. Tamb\u00e9 vull agrair molt especialment a la meva fam\u00edlia per tot el suport que m\u2019ha donat i el costat que m\u2019ha fet durant tot aquest temps. Perqu\u00e8 sense el seu suport incondicional aix\u00f2 no hauria estat possible.<\/p>\n\n\n\n<p class=\"has-text-align-justify\">Les qui em coneixeu ja sabeu que no soc persona d\u2019estar quieta durant gaire temps. Igual que he fet fins ara, com a dona i com a barcelonina, seguir\u00e9 implicada en la lluita social, contribuint a construir una societat m\u00e9s justa i sense discriminacions.<\/p>\n\n\n\n<p>Ens veiem als carrers de la nostra estimada ciutat!<\/p>\n\n\n\n<p><strong>Maria Assumpci\u00f3 Vil\u00e0 i Planas, s\u00edndica de greuges de Barcelona (2010-2021).<\/strong><\/p>\n","protected":false},"excerpt":{"rendered":"<p>Avui m\u2019acomiado de la responsabilitat de s\u00edndica amb qu\u00e8 he complert durant els darrers onze anys de la meva traject\u00f2ria professional. Despr\u00e9s de dos mandats com a s\u00edndica de greuges [&hellip;]<\/p>\n","protected":false},"author":2,"featured_media":12909,"comment_status":"closed","ping_status":"open","sticky":false,"template":"","format":"standard","meta":{"_acf_changed":false,"footnotes":""},"tags":[1242,1241,1243,1107,1240],"drets":[],"class_list":["post-12906","post","type-post","status-publish","format-standard","has-post-thumbnail","hentry","tag-comiat-sindica-vila","tag-sindica-barcelona","tag-sindica-greuges","tag-sindica-greuges-barcelona","tag-sindica-vila"],"acf":[],"yoast_head":"<!-- This site is optimized with the Yoast SEO plugin v27.5 - https:\/\/yoast.com\/product\/yoast-seo-wordpress\/ -->\n<title>Carta de comiat de la s\u00edndica Vil\u00e0 - Sindicatura de Greuges de Barcelona<\/title>\n<meta name=\"description\" content=\"Avui m\u2019acomiado de la responsabilitat de s\u00edndica amb qu\u00e8 he complert durant els darrers onze anys de la meva traject\u00f2ria professional.\" \/>\n<meta name=\"robots\" content=\"index, follow, max-snippet:-1, max-image-preview:large, max-video-preview:-1\" \/>\n<link rel=\"canonical\" href=\"https:\/\/www.sindicaturabarcelona.cat\/ca\/carta-de-comiat-sindica-vila\/\" \/>\n<meta property=\"og:locale\" content=\"ca_ES\" \/>\n<meta property=\"og:type\" content=\"article\" \/>\n<meta property=\"og:title\" content=\"Carta de comiat de la s\u00edndica Vil\u00e0 - Sindicatura de Greuges de Barcelona\" \/>\n<meta property=\"og:description\" content=\"Avui m\u2019acomiado de la responsabilitat de s\u00edndica amb qu\u00e8 he complert durant els darrers onze anys de la meva traject\u00f2ria professional.\" \/>\n<meta property=\"og:url\" content=\"https:\/\/www.sindicaturabarcelona.cat\/ca\/carta-de-comiat-sindica-vila\/\" \/>\n<meta property=\"og:site_name\" content=\"Sindicatura de Greuges de Barcelona\" \/>\n<meta property=\"article:published_time\" content=\"2021-10-05T16:00:00+00:00\" \/>\n<meta property=\"og:image\" content=\"https:\/\/www.sindicaturabarcelona.cat\/wp-content\/uploads\/2021\/10\/D_mEIRUXUAEJ9jf.jpeg\" \/>\n\t<meta property=\"og:image:width\" content=\"1500\" \/>\n\t<meta property=\"og:image:height\" content=\"1000\" \/>\n\t<meta property=\"og:image:type\" content=\"image\/jpeg\" \/>\n<meta name=\"author\" content=\"Pablo\" \/>\n<meta name=\"twitter:card\" content=\"summary_large_image\" \/>\n<meta name=\"twitter:creator\" content=\"@sindicbarcelona\" \/>\n<meta name=\"twitter:site\" content=\"@sindicbarcelona\" \/>\n<meta name=\"twitter:label1\" content=\"Escrit per\" \/>\n\t<meta name=\"twitter:data1\" content=\"Pablo\" \/>\n\t<meta name=\"twitter:label2\" content=\"Temps estimat de lectura\" \/>\n\t<meta name=\"twitter:data2\" content=\"5 minuts\" \/>\n<script type=\"application\/ld+json\" class=\"yoast-schema-graph\">{\"@context\":\"https:\\\/\\\/schema.org\",\"@graph\":[{\"@type\":\"Article\",\"@id\":\"https:\\\/\\\/www.sindicaturabarcelona.cat\\\/ca\\\/carta-de-comiat-sindica-vila\\\/#article\",\"isPartOf\":{\"@id\":\"https:\\\/\\\/www.sindicaturabarcelona.cat\\\/ca\\\/carta-de-comiat-sindica-vila\\\/\"},\"author\":{\"name\":\"Pablo\",\"@id\":\"https:\\\/\\\/www.sindicaturabarcelona.cat\\\/ca\\\/#\\\/schema\\\/person\\\/0e5acffc350ffdbc97578159322c9452\"},\"headline\":\"Carta de comiat de la s\u00edndica Vil\u00e0\",\"datePublished\":\"2021-10-05T16:00:00+00:00\",\"mainEntityOfPage\":{\"@id\":\"https:\\\/\\\/www.sindicaturabarcelona.cat\\\/ca\\\/carta-de-comiat-sindica-vila\\\/\"},\"wordCount\":1050,\"publisher\":{\"@id\":\"https:\\\/\\\/www.sindicaturabarcelona.cat\\\/ca\\\/#organization\"},\"image\":{\"@id\":\"https:\\\/\\\/www.sindicaturabarcelona.cat\\\/ca\\\/carta-de-comiat-sindica-vila\\\/#primaryimage\"},\"thumbnailUrl\":\"https:\\\/\\\/www.sindicaturabarcelona.cat\\\/wp-content\\\/uploads\\\/2021\\\/10\\\/D_mEIRUXUAEJ9jf.jpeg\",\"keywords\":[\"comiat sindica vila\",\"sindica barcelona\",\"sindica greuges\",\"sindica greuges barcelona\",\"sindica vila\"],\"inLanguage\":\"ca\"},{\"@type\":\"WebPage\",\"@id\":\"https:\\\/\\\/www.sindicaturabarcelona.cat\\\/ca\\\/carta-de-comiat-sindica-vila\\\/\",\"url\":\"https:\\\/\\\/www.sindicaturabarcelona.cat\\\/ca\\\/carta-de-comiat-sindica-vila\\\/\",\"name\":\"Carta de comiat de la s\u00edndica Vil\u00e0 - Sindicatura de Greuges de Barcelona\",\"isPartOf\":{\"@id\":\"https:\\\/\\\/www.sindicaturabarcelona.cat\\\/ca\\\/#website\"},\"primaryImageOfPage\":{\"@id\":\"https:\\\/\\\/www.sindicaturabarcelona.cat\\\/ca\\\/carta-de-comiat-sindica-vila\\\/#primaryimage\"},\"image\":{\"@id\":\"https:\\\/\\\/www.sindicaturabarcelona.cat\\\/ca\\\/carta-de-comiat-sindica-vila\\\/#primaryimage\"},\"thumbnailUrl\":\"https:\\\/\\\/www.sindicaturabarcelona.cat\\\/wp-content\\\/uploads\\\/2021\\\/10\\\/D_mEIRUXUAEJ9jf.jpeg\",\"datePublished\":\"2021-10-05T16:00:00+00:00\",\"description\":\"Avui m\u2019acomiado de la responsabilitat de s\u00edndica amb qu\u00e8 he complert durant els darrers onze anys de la meva traject\u00f2ria professional.\",\"breadcrumb\":{\"@id\":\"https:\\\/\\\/www.sindicaturabarcelona.cat\\\/ca\\\/carta-de-comiat-sindica-vila\\\/#breadcrumb\"},\"inLanguage\":\"ca\",\"potentialAction\":[{\"@type\":\"ReadAction\",\"target\":[\"https:\\\/\\\/www.sindicaturabarcelona.cat\\\/ca\\\/carta-de-comiat-sindica-vila\\\/\"]}]},{\"@type\":\"ImageObject\",\"inLanguage\":\"ca\",\"@id\":\"https:\\\/\\\/www.sindicaturabarcelona.cat\\\/ca\\\/carta-de-comiat-sindica-vila\\\/#primaryimage\",\"url\":\"https:\\\/\\\/www.sindicaturabarcelona.cat\\\/wp-content\\\/uploads\\\/2021\\\/10\\\/D_mEIRUXUAEJ9jf.jpeg\",\"contentUrl\":\"https:\\\/\\\/www.sindicaturabarcelona.cat\\\/wp-content\\\/uploads\\\/2021\\\/10\\\/D_mEIRUXUAEJ9jf.jpeg\",\"width\":1500,\"height\":1000,\"caption\":\"comiat sindica vila\"},{\"@type\":\"BreadcrumbList\",\"@id\":\"https:\\\/\\\/www.sindicaturabarcelona.cat\\\/ca\\\/carta-de-comiat-sindica-vila\\\/#breadcrumb\",\"itemListElement\":[{\"@type\":\"ListItem\",\"position\":1,\"name\":\"Inici\",\"item\":\"https:\\\/\\\/www.sindicaturabarcelona.cat\\\/ca\\\/\"},{\"@type\":\"ListItem\",\"position\":2,\"name\":\"Carta de comiat de la s\u00edndica Vil\u00e0\"}]},{\"@type\":\"WebSite\",\"@id\":\"https:\\\/\\\/www.sindicaturabarcelona.cat\\\/ca\\\/#website\",\"url\":\"https:\\\/\\\/www.sindicaturabarcelona.cat\\\/ca\\\/\",\"name\":\"Sindicatura de Greuges de Barcelona\",\"description\":\"La defensoria dels teus drets\",\"publisher\":{\"@id\":\"https:\\\/\\\/www.sindicaturabarcelona.cat\\\/ca\\\/#organization\"},\"potentialAction\":[{\"@type\":\"SearchAction\",\"target\":{\"@type\":\"EntryPoint\",\"urlTemplate\":\"https:\\\/\\\/www.sindicaturabarcelona.cat\\\/ca\\\/?s={search_term_string}\"},\"query-input\":{\"@type\":\"PropertyValueSpecification\",\"valueRequired\":true,\"valueName\":\"search_term_string\"}}],\"inLanguage\":\"ca\"},{\"@type\":\"Organization\",\"@id\":\"https:\\\/\\\/www.sindicaturabarcelona.cat\\\/ca\\\/#organization\",\"name\":\"Sindicatura de Greuges de Barcelona\",\"url\":\"https:\\\/\\\/www.sindicaturabarcelona.cat\\\/ca\\\/\",\"logo\":{\"@type\":\"ImageObject\",\"inLanguage\":\"ca\",\"@id\":\"https:\\\/\\\/www.sindicaturabarcelona.cat\\\/ca\\\/#\\\/schema\\\/logo\\\/image\\\/\",\"url\":\"https:\\\/\\\/www.sindicaturabarcelona.cat\\\/wp-content\\\/uploads\\\/2023\\\/02\\\/logo_sindicatura.svg\",\"contentUrl\":\"https:\\\/\\\/www.sindicaturabarcelona.cat\\\/wp-content\\\/uploads\\\/2023\\\/02\\\/logo_sindicatura.svg\",\"caption\":\"Sindicatura de Greuges de Barcelona\"},\"image\":{\"@id\":\"https:\\\/\\\/www.sindicaturabarcelona.cat\\\/ca\\\/#\\\/schema\\\/logo\\\/image\\\/\"},\"sameAs\":[\"https:\\\/\\\/x.com\\\/sindicbarcelona\",\"https:\\\/\\\/www.instagram.com\\\/sindicbarcelona\\\/\",\"https:\\\/\\\/www.tiktok.com\\\/@sindicaturabcn\",\"https:\\\/\\\/t.me\\\/sindicaturabarcelona\"]},{\"@type\":\"Person\",\"@id\":\"https:\\\/\\\/www.sindicaturabarcelona.cat\\\/ca\\\/#\\\/schema\\\/person\\\/0e5acffc350ffdbc97578159322c9452\",\"name\":\"Pablo\",\"image\":{\"@type\":\"ImageObject\",\"inLanguage\":\"ca\",\"@id\":\"https:\\\/\\\/secure.gravatar.com\\\/avatar\\\/c948169b402ef9492afde705c3dfd5e90e1a6a84ef6840a91124f805a25a480f?s=96&d=mm&r=g\",\"url\":\"https:\\\/\\\/secure.gravatar.com\\\/avatar\\\/c948169b402ef9492afde705c3dfd5e90e1a6a84ef6840a91124f805a25a480f?s=96&d=mm&r=g\",\"contentUrl\":\"https:\\\/\\\/secure.gravatar.com\\\/avatar\\\/c948169b402ef9492afde705c3dfd5e90e1a6a84ef6840a91124f805a25a480f?s=96&d=mm&r=g\",\"caption\":\"Pablo\"},\"url\":\"https:\\\/\\\/www.sindicaturabarcelona.cat\\\/ca\\\/author\\\/pablo\\\/\"}]}<\/script>\n<!-- \/ Yoast SEO plugin. -->","yoast_head_json":{"title":"Carta de comiat de la s\u00edndica Vil\u00e0 - Sindicatura de Greuges de Barcelona","description":"Avui m\u2019acomiado de la responsabilitat de s\u00edndica amb qu\u00e8 he complert durant els darrers onze anys de la meva traject\u00f2ria professional.","robots":{"index":"index","follow":"follow","max-snippet":"max-snippet:-1","max-image-preview":"max-image-preview:large","max-video-preview":"max-video-preview:-1"},"canonical":"https:\/\/www.sindicaturabarcelona.cat\/ca\/carta-de-comiat-sindica-vila\/","og_locale":"ca_ES","og_type":"article","og_title":"Carta de comiat de la s\u00edndica Vil\u00e0 - Sindicatura de Greuges de Barcelona","og_description":"Avui m\u2019acomiado de la responsabilitat de s\u00edndica amb qu\u00e8 he complert durant els darrers onze anys de la meva traject\u00f2ria professional.","og_url":"https:\/\/www.sindicaturabarcelona.cat\/ca\/carta-de-comiat-sindica-vila\/","og_site_name":"Sindicatura de Greuges de Barcelona","article_published_time":"2021-10-05T16:00:00+00:00","og_image":[{"width":1500,"height":1000,"url":"https:\/\/www.sindicaturabarcelona.cat\/wp-content\/uploads\/2021\/10\/D_mEIRUXUAEJ9jf.jpeg","type":"image\/jpeg"}],"author":"Pablo","twitter_card":"summary_large_image","twitter_creator":"@sindicbarcelona","twitter_site":"@sindicbarcelona","twitter_misc":{"Escrit per":"Pablo","Temps estimat de lectura":"5 minuts"},"schema":{"@context":"https:\/\/schema.org","@graph":[{"@type":"Article","@id":"https:\/\/www.sindicaturabarcelona.cat\/ca\/carta-de-comiat-sindica-vila\/#article","isPartOf":{"@id":"https:\/\/www.sindicaturabarcelona.cat\/ca\/carta-de-comiat-sindica-vila\/"},"author":{"name":"Pablo","@id":"https:\/\/www.sindicaturabarcelona.cat\/ca\/#\/schema\/person\/0e5acffc350ffdbc97578159322c9452"},"headline":"Carta de comiat de la s\u00edndica Vil\u00e0","datePublished":"2021-10-05T16:00:00+00:00","mainEntityOfPage":{"@id":"https:\/\/www.sindicaturabarcelona.cat\/ca\/carta-de-comiat-sindica-vila\/"},"wordCount":1050,"publisher":{"@id":"https:\/\/www.sindicaturabarcelona.cat\/ca\/#organization"},"image":{"@id":"https:\/\/www.sindicaturabarcelona.cat\/ca\/carta-de-comiat-sindica-vila\/#primaryimage"},"thumbnailUrl":"https:\/\/www.sindicaturabarcelona.cat\/wp-content\/uploads\/2021\/10\/D_mEIRUXUAEJ9jf.jpeg","keywords":["comiat sindica vila","sindica barcelona","sindica greuges","sindica greuges barcelona","sindica vila"],"inLanguage":"ca"},{"@type":"WebPage","@id":"https:\/\/www.sindicaturabarcelona.cat\/ca\/carta-de-comiat-sindica-vila\/","url":"https:\/\/www.sindicaturabarcelona.cat\/ca\/carta-de-comiat-sindica-vila\/","name":"Carta de comiat de la s\u00edndica Vil\u00e0 - Sindicatura de Greuges de Barcelona","isPartOf":{"@id":"https:\/\/www.sindicaturabarcelona.cat\/ca\/#website"},"primaryImageOfPage":{"@id":"https:\/\/www.sindicaturabarcelona.cat\/ca\/carta-de-comiat-sindica-vila\/#primaryimage"},"image":{"@id":"https:\/\/www.sindicaturabarcelona.cat\/ca\/carta-de-comiat-sindica-vila\/#primaryimage"},"thumbnailUrl":"https:\/\/www.sindicaturabarcelona.cat\/wp-content\/uploads\/2021\/10\/D_mEIRUXUAEJ9jf.jpeg","datePublished":"2021-10-05T16:00:00+00:00","description":"Avui m\u2019acomiado de la responsabilitat de s\u00edndica amb qu\u00e8 he complert durant els darrers onze anys de la meva traject\u00f2ria professional.","breadcrumb":{"@id":"https:\/\/www.sindicaturabarcelona.cat\/ca\/carta-de-comiat-sindica-vila\/#breadcrumb"},"inLanguage":"ca","potentialAction":[{"@type":"ReadAction","target":["https:\/\/www.sindicaturabarcelona.cat\/ca\/carta-de-comiat-sindica-vila\/"]}]},{"@type":"ImageObject","inLanguage":"ca","@id":"https:\/\/www.sindicaturabarcelona.cat\/ca\/carta-de-comiat-sindica-vila\/#primaryimage","url":"https:\/\/www.sindicaturabarcelona.cat\/wp-content\/uploads\/2021\/10\/D_mEIRUXUAEJ9jf.jpeg","contentUrl":"https:\/\/www.sindicaturabarcelona.cat\/wp-content\/uploads\/2021\/10\/D_mEIRUXUAEJ9jf.jpeg","width":1500,"height":1000,"caption":"comiat sindica vila"},{"@type":"BreadcrumbList","@id":"https:\/\/www.sindicaturabarcelona.cat\/ca\/carta-de-comiat-sindica-vila\/#breadcrumb","itemListElement":[{"@type":"ListItem","position":1,"name":"Inici","item":"https:\/\/www.sindicaturabarcelona.cat\/ca\/"},{"@type":"ListItem","position":2,"name":"Carta de comiat de la s\u00edndica Vil\u00e0"}]},{"@type":"WebSite","@id":"https:\/\/www.sindicaturabarcelona.cat\/ca\/#website","url":"https:\/\/www.sindicaturabarcelona.cat\/ca\/","name":"Sindicatura de Greuges de Barcelona","description":"La defensoria dels teus drets","publisher":{"@id":"https:\/\/www.sindicaturabarcelona.cat\/ca\/#organization"},"potentialAction":[{"@type":"SearchAction","target":{"@type":"EntryPoint","urlTemplate":"https:\/\/www.sindicaturabarcelona.cat\/ca\/?s={search_term_string}"},"query-input":{"@type":"PropertyValueSpecification","valueRequired":true,"valueName":"search_term_string"}}],"inLanguage":"ca"},{"@type":"Organization","@id":"https:\/\/www.sindicaturabarcelona.cat\/ca\/#organization","name":"Sindicatura de Greuges de Barcelona","url":"https:\/\/www.sindicaturabarcelona.cat\/ca\/","logo":{"@type":"ImageObject","inLanguage":"ca","@id":"https:\/\/www.sindicaturabarcelona.cat\/ca\/#\/schema\/logo\/image\/","url":"https:\/\/www.sindicaturabarcelona.cat\/wp-content\/uploads\/2023\/02\/logo_sindicatura.svg","contentUrl":"https:\/\/www.sindicaturabarcelona.cat\/wp-content\/uploads\/2023\/02\/logo_sindicatura.svg","caption":"Sindicatura de Greuges de Barcelona"},"image":{"@id":"https:\/\/www.sindicaturabarcelona.cat\/ca\/#\/schema\/logo\/image\/"},"sameAs":["https:\/\/x.com\/sindicbarcelona","https:\/\/www.instagram.com\/sindicbarcelona\/","https:\/\/www.tiktok.com\/@sindicaturabcn","https:\/\/t.me\/sindicaturabarcelona"]},{"@type":"Person","@id":"https:\/\/www.sindicaturabarcelona.cat\/ca\/#\/schema\/person\/0e5acffc350ffdbc97578159322c9452","name":"Pablo","image":{"@type":"ImageObject","inLanguage":"ca","@id":"https:\/\/secure.gravatar.com\/avatar\/c948169b402ef9492afde705c3dfd5e90e1a6a84ef6840a91124f805a25a480f?s=96&d=mm&r=g","url":"https:\/\/secure.gravatar.com\/avatar\/c948169b402ef9492afde705c3dfd5e90e1a6a84ef6840a91124f805a25a480f?s=96&d=mm&r=g","contentUrl":"https:\/\/secure.gravatar.com\/avatar\/c948169b402ef9492afde705c3dfd5e90e1a6a84ef6840a91124f805a25a480f?s=96&d=mm&r=g","caption":"Pablo"},"url":"https:\/\/www.sindicaturabarcelona.cat\/ca\/author\/pablo\/"}]}},"_links":{"self":[{"href":"https:\/\/www.sindicaturabarcelona.cat\/ca\/wp-json\/wp\/v2\/posts\/12906","targetHints":{"allow":["GET"]}}],"collection":[{"href":"https:\/\/www.sindicaturabarcelona.cat\/ca\/wp-json\/wp\/v2\/posts"}],"about":[{"href":"https:\/\/www.sindicaturabarcelona.cat\/ca\/wp-json\/wp\/v2\/types\/post"}],"author":[{"embeddable":true,"href":"https:\/\/www.sindicaturabarcelona.cat\/ca\/wp-json\/wp\/v2\/users\/2"}],"replies":[{"embeddable":true,"href":"https:\/\/www.sindicaturabarcelona.cat\/ca\/wp-json\/wp\/v2\/comments?post=12906"}],"version-history":[{"count":0,"href":"https:\/\/www.sindicaturabarcelona.cat\/ca\/wp-json\/wp\/v2\/posts\/12906\/revisions"}],"wp:featuredmedia":[{"embeddable":true,"href":"https:\/\/www.sindicaturabarcelona.cat\/ca\/wp-json\/wp\/v2\/media\/12909"}],"wp:attachment":[{"href":"https:\/\/www.sindicaturabarcelona.cat\/ca\/wp-json\/wp\/v2\/media?parent=12906"}],"wp:term":[{"taxonomy":"post_tag","embeddable":true,"href":"https:\/\/www.sindicaturabarcelona.cat\/ca\/wp-json\/wp\/v2\/tags?post=12906"},{"taxonomy":"drets","embeddable":true,"href":"https:\/\/www.sindicaturabarcelona.cat\/ca\/wp-json\/wp\/v2\/drets?post=12906"}],"curies":[{"name":"wp","href":"https:\/\/api.w.org\/{rel}","templated":true}]}}