{"id":12889,"date":"2021-09-29T15:37:54","date_gmt":"2021-09-29T13:37:54","guid":{"rendered":"https:\/\/www.sindicabarcelona.cat\/?p=12889"},"modified":"2025-10-07T10:20:23","modified_gmt":"2025-10-07T08:20:23","slug":"david-bondia-nou-sindic-greuges-barcelona","status":"publish","type":"post","link":"https:\/\/www.sindicaturabarcelona.cat\/ca\/david-bondia-nou-sindic-greuges-barcelona\/","title":{"rendered":"David Bondia, nomenat nou s\u00edndic de greuges de Barcelona"},"content":{"rendered":"\n<h3 class=\"wp-block-heading\"><strong>El plenari de l\u2019Ajuntament ha nomenat aquesta tarda David Bondia com a nou s\u00edndic de greuges de Barcelona. En els pr\u00f2xims dies prendr\u00e0 possessi\u00f3 del c\u00e0rrec.<\/strong><\/h3>\n\n\n\n<p class=\"has-text-align-justify\">En el marc del plenari de l\u2019Ajuntament de Barcelona, els grups pol\u00edtics municipals han nomenat David Bondia com a nou s\u00edndic de greuges de Barcelona pel per\u00edode 2021-2026, en substituci\u00f3 de Maria Assumpci\u00f3 Vil\u00e0, que ha estat al capdavant de la Sindicatura durant dos mandats (2010-2015 i 2016-2021).<\/p>\n\n\n\n<h3 class=\"wp-block-heading\"><strong>La traject\u00f2ria de David Bondia<\/strong><\/h3>\n\n\n\n<p class=\"has-text-align-justify\"><a href=\"http:\/\/davidbondia.cat\/\" target=\"_blank\" aria-label=\"David Bondia (opens in a new tab)\" rel=\"noreferrer noopener\" class=\"ek-link\">David Bondia<\/a> \u00e9s president de l\u2019Institut de Drets Humans de Catalunya i&nbsp;Professor titular de Dret internacional p\u00fablic i Relacions internacionals de la Universitat de Barcelona.<\/p>\n\n\n\n<p class=\"has-text-align-justify\">Va participar en la redacci\u00f3 i adopci\u00f3 de la Carta Europea de Salvaguarda de Drets Humans a la Ciutat i del Pla de Drets Humans de Catalunya. Ha assessorat sindicatures locals, diversos municipis i al F\u00f2rum de S\u00edndics i S\u00edndiques, Defensors i Defensores Locals.<\/p>\n\n\n\n<p class=\"has-text-align-justify\">Tamb\u00e9 \u00e9s membre de la Comissi\u00f3 d&#8217;Empara del Reglament de Participaci\u00f3 Ciutadana i del Consell Acad\u00e8mic Assessor de l\u2019Agenda 2030 de l\u2019Ajuntament de Barcelona.<\/p>\n\n\n\n<h3 class=\"wp-block-heading\"><strong>Com s\u2019ha escollit el nou s\u00edndic<\/strong><\/h3>\n\n\n\n<p class=\"has-text-align-justify\">Entre els mesos de gener i mar\u00e7 d\u2019enguany, les diferents entitats de la ciutat inscrites en el Fitxer d\u2019Entitats municipals van presentar fins a vuit candidatures diferents per ocupar el c\u00e0rrec de nou s\u00edndic o nova s\u00edndica de greuges de la ciutat: David Bondia; Ramon Nicolau; Jordi Gir\u00f3, Zaida Mux\u00ed, Isabel Alonso, Ricard de la Rosa, Rosa Ca\u00f1adell i Rafel L\u00f3pez.<\/p>\n\n\n\n<p class=\"has-text-align-justify\">Posteriorment, entre el 19 d\u2019abril i el 19 de maig del 2021, va dur-se a terme la fase de suport ciutad\u00e0 a les candidatures a la <a href=\"https:\/\/www.sindicaturabarcelona.cat\/\" target=\"_blank\" aria-label=\"Sindicatura de Greuges de Barcelona (opens in a new tab)\" rel=\"noreferrer noopener\" class=\"ek-link\">Sindicatura de Greuges de Barcelona<\/a> mitjan\u00e7ant la plataforma en l\u00ednia Decidim.Barcelona i un sistema de verificaci\u00f3 integrat amb el padr\u00f3 municipal, on podien participar totes les persones majors de 16 anys empadronades a Barcelona. Aquest proc\u00e9s de suport ciutad\u00e0, amb car\u00e0cter no vinculant, va comptar <strong>amb la participaci\u00f3 de 3.034 persones i l\u2019adhesi\u00f3 de 189 entitats a les diferents candidatures<\/strong>.<\/p>\n\n\n\n<p class=\"has-text-align-justify\">Si b\u00e9 el mecanisme per donar suport a alguna de les vuit candidatures va fer-se exclusivament per internet, van habilitar-se tamb\u00e9 cinc punts d\u2019acompanyament presencial per a aquelles persones sense recursos inform\u00e0tics o coneixement per participar-hi i salvar aix\u00ed la bretxa digital.<\/p>\n\n\n\n<figure class=\"wp-block-table\"><table><tbody><tr><td><strong>Candidat\/a<\/strong><\/td><td><strong>Vots de la ciutadania<\/strong><\/td><td><strong>Vots de les entitats<\/strong> <strong>&nbsp;<\/strong><\/td><\/tr><tr><td>David Bondia &nbsp;<\/td><td>1.414 suports ciutadans<\/td><td>57 adhesions d\u2019entitats<\/td><\/tr><tr><td>Ramon Nicolau &nbsp;<\/td><td>410 suports ciutadans<\/td><td>73 adhesions d\u2019entitats<\/td><\/tr><tr><td>Jordi Gir\u00f3 &nbsp;<\/td><td>288 suports ciutadans<\/td><td>23 adhesions d\u2019entitats<\/td><\/tr><tr><td>Zaida Mux\u00ed &nbsp;<\/td><td>270 suports ciutadans<\/td><td>10 adhesions d\u2019entitats<\/td><\/tr><tr><td>Isabel Alonso &nbsp;<\/td><td>215 suports ciutadans<\/td><td>6 adhesions d\u2019entitats<\/td><\/tr><tr><td>Ricard de la Rosa &nbsp;<\/td><td>186 suports ciutadans<\/td><td>9 adhesions d\u2019entitats<\/td><\/tr><tr><td>Rosa Ca\u00f1adell &nbsp;<\/td><td>167 suports ciutadans<\/td><td>3 adhesions d\u2019entitats<\/td><\/tr><tr><td>Rafel L\u00f3pez &nbsp;<\/td><td>84 suports ciutadans<\/td><td>8 adhesions d\u2019entitats<\/td><\/tr><\/tbody><\/table><figcaption class=\"wp-element-caption\"><strong><em>Resultats del proc\u00e9s de suport ciutad\u00e0<\/em><\/strong><\/figcaption><\/figure>\n\n\n\n<p class=\"has-text-align-justify\">Despr\u00e9s del procediment de suport ciutad\u00e0 dut a terme durant els mesos d\u2019abril i maig, \u00e9s el Plenari del Consell Municipal qui ha de nomenar el nou s\u00edndic o la nova s\u00edndica mitjan\u00e7ant un acord adoptat per les dues terceres parts dels 41 regidors i regidores que formen l\u2019Ajuntament de Barcelona. Els membres del Plenari del Consell Municipal han arribat a un consens que permet el nomenament de David Bondia com a nou s\u00edndic de greuges de la ciutat, amb els vots a favor de Barcelona en Com\u00fa, PSC, ERC i Junts per Catalunya, i els vots en contra de Ciutadans, PP, Barcelona pel Canvi i la regidora no adscrita.<\/p>\n","protected":false},"excerpt":{"rendered":"<p>El plenari de l\u2019Ajuntament ha nomenat aquesta tarda David Bondia com a nou s\u00edndic de greuges de Barcelona. En els pr\u00f2xims dies prendr\u00e0 possessi\u00f3 del c\u00e0rrec. En el marc del [&hellip;]<\/p>\n","protected":false},"author":2,"featured_media":12891,"comment_status":"closed","ping_status":"open","sticky":false,"template":"","format":"standard","meta":{"_acf_changed":false,"footnotes":""},"tags":[1234,1235,1237,1108,1110,1238],"drets":[],"class_list":["post-12889","post","type-post","status-publish","format-standard","has-post-thumbnail","hentry","tag-david-bondia","tag-david-bondia-sindic","tag-david-bondia-sindic-barcelona","tag-eleccio-sindic","tag-eleccio-sindic-barcelona","tag-sindicatura-greuges-barcelona"],"acf":[],"yoast_head":"<!-- This site is optimized with the Yoast SEO plugin v27.5 - https:\/\/yoast.com\/product\/yoast-seo-wordpress\/ -->\n<title>David Bondia, nomenat nou s\u00edndic de greuges de Barcelona - Sindicatura de Greuges de Barcelona<\/title>\n<meta name=\"description\" content=\"El plenari de l\u2019Ajuntament ha nomenat David Bondia com a nou s\u00edndic de greuges de Barcelona. En els pr\u00f2xims dies prendr\u00e0 possessi\u00f3.\" \/>\n<meta name=\"robots\" content=\"index, follow, max-snippet:-1, max-image-preview:large, max-video-preview:-1\" \/>\n<link rel=\"canonical\" href=\"https:\/\/www.sindicaturabarcelona.cat\/ca\/david-bondia-nou-sindic-greuges-barcelona\/\" \/>\n<meta property=\"og:locale\" content=\"ca_ES\" \/>\n<meta property=\"og:type\" content=\"article\" \/>\n<meta property=\"og:title\" content=\"David Bondia, nomenat nou s\u00edndic de greuges de Barcelona - Sindicatura de Greuges de Barcelona\" \/>\n<meta property=\"og:description\" content=\"El plenari de l\u2019Ajuntament ha nomenat David Bondia com a nou s\u00edndic de greuges de Barcelona. En els pr\u00f2xims dies prendr\u00e0 possessi\u00f3.\" \/>\n<meta property=\"og:url\" content=\"https:\/\/www.sindicaturabarcelona.cat\/ca\/david-bondia-nou-sindic-greuges-barcelona\/\" \/>\n<meta property=\"og:site_name\" content=\"Sindicatura de Greuges de Barcelona\" \/>\n<meta property=\"article:published_time\" content=\"2021-09-29T13:37:54+00:00\" \/>\n<meta property=\"article:modified_time\" content=\"2025-10-07T08:20:23+00:00\" \/>\n<meta property=\"og:image\" content=\"https:\/\/www.sindicaturabarcelona.cat\/wp-content\/uploads\/2021\/09\/david-bondia.jpg\" \/>\n\t<meta property=\"og:image:width\" content=\"836\" \/>\n\t<meta property=\"og:image:height\" content=\"640\" \/>\n\t<meta property=\"og:image:type\" content=\"image\/jpeg\" \/>\n<meta name=\"author\" content=\"Pablo\" \/>\n<meta name=\"twitter:card\" content=\"summary_large_image\" \/>\n<meta name=\"twitter:creator\" content=\"@sindicbarcelona\" \/>\n<meta name=\"twitter:site\" content=\"@sindicbarcelona\" \/>\n<meta name=\"twitter:label1\" content=\"Escrit per\" \/>\n\t<meta name=\"twitter:data1\" content=\"Pablo\" \/>\n\t<meta name=\"twitter:label2\" content=\"Temps estimat de lectura\" \/>\n\t<meta name=\"twitter:data2\" content=\"4 minuts\" \/>\n<script type=\"application\/ld+json\" class=\"yoast-schema-graph\">{\"@context\":\"https:\\\/\\\/schema.org\",\"@graph\":[{\"@type\":\"Article\",\"@id\":\"https:\\\/\\\/www.sindicaturabarcelona.cat\\\/ca\\\/david-bondia-nou-sindic-greuges-barcelona\\\/#article\",\"isPartOf\":{\"@id\":\"https:\\\/\\\/www.sindicaturabarcelona.cat\\\/ca\\\/david-bondia-nou-sindic-greuges-barcelona\\\/\"},\"author\":{\"name\":\"Pablo\",\"@id\":\"https:\\\/\\\/www.sindicaturabarcelona.cat\\\/ca\\\/#\\\/schema\\\/person\\\/0e5acffc350ffdbc97578159322c9452\"},\"headline\":\"David Bondia, nomenat nou s\u00edndic de greuges de Barcelona\",\"datePublished\":\"2021-09-29T13:37:54+00:00\",\"dateModified\":\"2025-10-07T08:20:23+00:00\",\"mainEntityOfPage\":{\"@id\":\"https:\\\/\\\/www.sindicaturabarcelona.cat\\\/ca\\\/david-bondia-nou-sindic-greuges-barcelona\\\/\"},\"wordCount\":610,\"publisher\":{\"@id\":\"https:\\\/\\\/www.sindicaturabarcelona.cat\\\/ca\\\/#organization\"},\"image\":{\"@id\":\"https:\\\/\\\/www.sindicaturabarcelona.cat\\\/ca\\\/david-bondia-nou-sindic-greuges-barcelona\\\/#primaryimage\"},\"thumbnailUrl\":\"https:\\\/\\\/www.sindicaturabarcelona.cat\\\/wp-content\\\/uploads\\\/2021\\\/09\\\/david-bondia.jpg\",\"keywords\":[\"david bondia\",\"david bondia sindic\",\"david bondia sindic barcelona\",\"eleccio sindic\",\"eleccio sindic barcelona\",\"sindicatura greuges barcelona\"],\"inLanguage\":\"ca\"},{\"@type\":\"WebPage\",\"@id\":\"https:\\\/\\\/www.sindicaturabarcelona.cat\\\/ca\\\/david-bondia-nou-sindic-greuges-barcelona\\\/\",\"url\":\"https:\\\/\\\/www.sindicaturabarcelona.cat\\\/ca\\\/david-bondia-nou-sindic-greuges-barcelona\\\/\",\"name\":\"David Bondia, nomenat nou s\u00edndic de greuges de Barcelona - Sindicatura de Greuges de Barcelona\",\"isPartOf\":{\"@id\":\"https:\\\/\\\/www.sindicaturabarcelona.cat\\\/ca\\\/#website\"},\"primaryImageOfPage\":{\"@id\":\"https:\\\/\\\/www.sindicaturabarcelona.cat\\\/ca\\\/david-bondia-nou-sindic-greuges-barcelona\\\/#primaryimage\"},\"image\":{\"@id\":\"https:\\\/\\\/www.sindicaturabarcelona.cat\\\/ca\\\/david-bondia-nou-sindic-greuges-barcelona\\\/#primaryimage\"},\"thumbnailUrl\":\"https:\\\/\\\/www.sindicaturabarcelona.cat\\\/wp-content\\\/uploads\\\/2021\\\/09\\\/david-bondia.jpg\",\"datePublished\":\"2021-09-29T13:37:54+00:00\",\"dateModified\":\"2025-10-07T08:20:23+00:00\",\"description\":\"El plenari de l\u2019Ajuntament ha nomenat David Bondia com a nou s\u00edndic de greuges de Barcelona. En els pr\u00f2xims dies prendr\u00e0 possessi\u00f3.\",\"breadcrumb\":{\"@id\":\"https:\\\/\\\/www.sindicaturabarcelona.cat\\\/ca\\\/david-bondia-nou-sindic-greuges-barcelona\\\/#breadcrumb\"},\"inLanguage\":\"ca\",\"potentialAction\":[{\"@type\":\"ReadAction\",\"target\":[\"https:\\\/\\\/www.sindicaturabarcelona.cat\\\/ca\\\/david-bondia-nou-sindic-greuges-barcelona\\\/\"]}]},{\"@type\":\"ImageObject\",\"inLanguage\":\"ca\",\"@id\":\"https:\\\/\\\/www.sindicaturabarcelona.cat\\\/ca\\\/david-bondia-nou-sindic-greuges-barcelona\\\/#primaryimage\",\"url\":\"https:\\\/\\\/www.sindicaturabarcelona.cat\\\/wp-content\\\/uploads\\\/2021\\\/09\\\/david-bondia.jpg\",\"contentUrl\":\"https:\\\/\\\/www.sindicaturabarcelona.cat\\\/wp-content\\\/uploads\\\/2021\\\/09\\\/david-bondia.jpg\",\"width\":836,\"height\":640,\"caption\":\"David Bondia nou sindic\"},{\"@type\":\"BreadcrumbList\",\"@id\":\"https:\\\/\\\/www.sindicaturabarcelona.cat\\\/ca\\\/david-bondia-nou-sindic-greuges-barcelona\\\/#breadcrumb\",\"itemListElement\":[{\"@type\":\"ListItem\",\"position\":1,\"name\":\"Inici\",\"item\":\"https:\\\/\\\/www.sindicaturabarcelona.cat\\\/ca\\\/\"},{\"@type\":\"ListItem\",\"position\":2,\"name\":\"David Bondia, nomenat nou s\u00edndic de greuges de Barcelona\"}]},{\"@type\":\"WebSite\",\"@id\":\"https:\\\/\\\/www.sindicaturabarcelona.cat\\\/ca\\\/#website\",\"url\":\"https:\\\/\\\/www.sindicaturabarcelona.cat\\\/ca\\\/\",\"name\":\"Sindicatura de Greuges de Barcelona\",\"description\":\"La defensoria dels teus drets\",\"publisher\":{\"@id\":\"https:\\\/\\\/www.sindicaturabarcelona.cat\\\/ca\\\/#organization\"},\"potentialAction\":[{\"@type\":\"SearchAction\",\"target\":{\"@type\":\"EntryPoint\",\"urlTemplate\":\"https:\\\/\\\/www.sindicaturabarcelona.cat\\\/ca\\\/?s={search_term_string}\"},\"query-input\":{\"@type\":\"PropertyValueSpecification\",\"valueRequired\":true,\"valueName\":\"search_term_string\"}}],\"inLanguage\":\"ca\"},{\"@type\":\"Organization\",\"@id\":\"https:\\\/\\\/www.sindicaturabarcelona.cat\\\/ca\\\/#organization\",\"name\":\"Sindicatura de Greuges de Barcelona\",\"url\":\"https:\\\/\\\/www.sindicaturabarcelona.cat\\\/ca\\\/\",\"logo\":{\"@type\":\"ImageObject\",\"inLanguage\":\"ca\",\"@id\":\"https:\\\/\\\/www.sindicaturabarcelona.cat\\\/ca\\\/#\\\/schema\\\/logo\\\/image\\\/\",\"url\":\"https:\\\/\\\/www.sindicaturabarcelona.cat\\\/wp-content\\\/uploads\\\/2023\\\/02\\\/logo_sindicatura.svg\",\"contentUrl\":\"https:\\\/\\\/www.sindicaturabarcelona.cat\\\/wp-content\\\/uploads\\\/2023\\\/02\\\/logo_sindicatura.svg\",\"caption\":\"Sindicatura de Greuges de Barcelona\"},\"image\":{\"@id\":\"https:\\\/\\\/www.sindicaturabarcelona.cat\\\/ca\\\/#\\\/schema\\\/logo\\\/image\\\/\"},\"sameAs\":[\"https:\\\/\\\/x.com\\\/sindicbarcelona\",\"https:\\\/\\\/www.instagram.com\\\/sindicbarcelona\\\/\",\"https:\\\/\\\/www.tiktok.com\\\/@sindicaturabcn\",\"https:\\\/\\\/t.me\\\/sindicaturabarcelona\"]},{\"@type\":\"Person\",\"@id\":\"https:\\\/\\\/www.sindicaturabarcelona.cat\\\/ca\\\/#\\\/schema\\\/person\\\/0e5acffc350ffdbc97578159322c9452\",\"name\":\"Pablo\",\"image\":{\"@type\":\"ImageObject\",\"inLanguage\":\"ca\",\"@id\":\"https:\\\/\\\/secure.gravatar.com\\\/avatar\\\/c948169b402ef9492afde705c3dfd5e90e1a6a84ef6840a91124f805a25a480f?s=96&d=mm&r=g\",\"url\":\"https:\\\/\\\/secure.gravatar.com\\\/avatar\\\/c948169b402ef9492afde705c3dfd5e90e1a6a84ef6840a91124f805a25a480f?s=96&d=mm&r=g\",\"contentUrl\":\"https:\\\/\\\/secure.gravatar.com\\\/avatar\\\/c948169b402ef9492afde705c3dfd5e90e1a6a84ef6840a91124f805a25a480f?s=96&d=mm&r=g\",\"caption\":\"Pablo\"},\"url\":\"https:\\\/\\\/www.sindicaturabarcelona.cat\\\/ca\\\/author\\\/pablo\\\/\"}]}<\/script>\n<!-- \/ Yoast SEO plugin. -->","yoast_head_json":{"title":"David Bondia, nomenat nou s\u00edndic de greuges de Barcelona - Sindicatura de Greuges de Barcelona","description":"El plenari de l\u2019Ajuntament ha nomenat David Bondia com a nou s\u00edndic de greuges de Barcelona. En els pr\u00f2xims dies prendr\u00e0 possessi\u00f3.","robots":{"index":"index","follow":"follow","max-snippet":"max-snippet:-1","max-image-preview":"max-image-preview:large","max-video-preview":"max-video-preview:-1"},"canonical":"https:\/\/www.sindicaturabarcelona.cat\/ca\/david-bondia-nou-sindic-greuges-barcelona\/","og_locale":"ca_ES","og_type":"article","og_title":"David Bondia, nomenat nou s\u00edndic de greuges de Barcelona - Sindicatura de Greuges de Barcelona","og_description":"El plenari de l\u2019Ajuntament ha nomenat David Bondia com a nou s\u00edndic de greuges de Barcelona. En els pr\u00f2xims dies prendr\u00e0 possessi\u00f3.","og_url":"https:\/\/www.sindicaturabarcelona.cat\/ca\/david-bondia-nou-sindic-greuges-barcelona\/","og_site_name":"Sindicatura de Greuges de Barcelona","article_published_time":"2021-09-29T13:37:54+00:00","article_modified_time":"2025-10-07T08:20:23+00:00","og_image":[{"width":836,"height":640,"url":"https:\/\/www.sindicaturabarcelona.cat\/wp-content\/uploads\/2021\/09\/david-bondia.jpg","type":"image\/jpeg"}],"author":"Pablo","twitter_card":"summary_large_image","twitter_creator":"@sindicbarcelona","twitter_site":"@sindicbarcelona","twitter_misc":{"Escrit per":"Pablo","Temps estimat de lectura":"4 minuts"},"schema":{"@context":"https:\/\/schema.org","@graph":[{"@type":"Article","@id":"https:\/\/www.sindicaturabarcelona.cat\/ca\/david-bondia-nou-sindic-greuges-barcelona\/#article","isPartOf":{"@id":"https:\/\/www.sindicaturabarcelona.cat\/ca\/david-bondia-nou-sindic-greuges-barcelona\/"},"author":{"name":"Pablo","@id":"https:\/\/www.sindicaturabarcelona.cat\/ca\/#\/schema\/person\/0e5acffc350ffdbc97578159322c9452"},"headline":"David Bondia, nomenat nou s\u00edndic de greuges de Barcelona","datePublished":"2021-09-29T13:37:54+00:00","dateModified":"2025-10-07T08:20:23+00:00","mainEntityOfPage":{"@id":"https:\/\/www.sindicaturabarcelona.cat\/ca\/david-bondia-nou-sindic-greuges-barcelona\/"},"wordCount":610,"publisher":{"@id":"https:\/\/www.sindicaturabarcelona.cat\/ca\/#organization"},"image":{"@id":"https:\/\/www.sindicaturabarcelona.cat\/ca\/david-bondia-nou-sindic-greuges-barcelona\/#primaryimage"},"thumbnailUrl":"https:\/\/www.sindicaturabarcelona.cat\/wp-content\/uploads\/2021\/09\/david-bondia.jpg","keywords":["david bondia","david bondia sindic","david bondia sindic barcelona","eleccio sindic","eleccio sindic barcelona","sindicatura greuges barcelona"],"inLanguage":"ca"},{"@type":"WebPage","@id":"https:\/\/www.sindicaturabarcelona.cat\/ca\/david-bondia-nou-sindic-greuges-barcelona\/","url":"https:\/\/www.sindicaturabarcelona.cat\/ca\/david-bondia-nou-sindic-greuges-barcelona\/","name":"David Bondia, nomenat nou s\u00edndic de greuges de Barcelona - Sindicatura de Greuges de Barcelona","isPartOf":{"@id":"https:\/\/www.sindicaturabarcelona.cat\/ca\/#website"},"primaryImageOfPage":{"@id":"https:\/\/www.sindicaturabarcelona.cat\/ca\/david-bondia-nou-sindic-greuges-barcelona\/#primaryimage"},"image":{"@id":"https:\/\/www.sindicaturabarcelona.cat\/ca\/david-bondia-nou-sindic-greuges-barcelona\/#primaryimage"},"thumbnailUrl":"https:\/\/www.sindicaturabarcelona.cat\/wp-content\/uploads\/2021\/09\/david-bondia.jpg","datePublished":"2021-09-29T13:37:54+00:00","dateModified":"2025-10-07T08:20:23+00:00","description":"El plenari de l\u2019Ajuntament ha nomenat David Bondia com a nou s\u00edndic de greuges de Barcelona. En els pr\u00f2xims dies prendr\u00e0 possessi\u00f3.","breadcrumb":{"@id":"https:\/\/www.sindicaturabarcelona.cat\/ca\/david-bondia-nou-sindic-greuges-barcelona\/#breadcrumb"},"inLanguage":"ca","potentialAction":[{"@type":"ReadAction","target":["https:\/\/www.sindicaturabarcelona.cat\/ca\/david-bondia-nou-sindic-greuges-barcelona\/"]}]},{"@type":"ImageObject","inLanguage":"ca","@id":"https:\/\/www.sindicaturabarcelona.cat\/ca\/david-bondia-nou-sindic-greuges-barcelona\/#primaryimage","url":"https:\/\/www.sindicaturabarcelona.cat\/wp-content\/uploads\/2021\/09\/david-bondia.jpg","contentUrl":"https:\/\/www.sindicaturabarcelona.cat\/wp-content\/uploads\/2021\/09\/david-bondia.jpg","width":836,"height":640,"caption":"David Bondia nou sindic"},{"@type":"BreadcrumbList","@id":"https:\/\/www.sindicaturabarcelona.cat\/ca\/david-bondia-nou-sindic-greuges-barcelona\/#breadcrumb","itemListElement":[{"@type":"ListItem","position":1,"name":"Inici","item":"https:\/\/www.sindicaturabarcelona.cat\/ca\/"},{"@type":"ListItem","position":2,"name":"David Bondia, nomenat nou s\u00edndic de greuges de Barcelona"}]},{"@type":"WebSite","@id":"https:\/\/www.sindicaturabarcelona.cat\/ca\/#website","url":"https:\/\/www.sindicaturabarcelona.cat\/ca\/","name":"Sindicatura de Greuges de Barcelona","description":"La defensoria dels teus drets","publisher":{"@id":"https:\/\/www.sindicaturabarcelona.cat\/ca\/#organization"},"potentialAction":[{"@type":"SearchAction","target":{"@type":"EntryPoint","urlTemplate":"https:\/\/www.sindicaturabarcelona.cat\/ca\/?s={search_term_string}"},"query-input":{"@type":"PropertyValueSpecification","valueRequired":true,"valueName":"search_term_string"}}],"inLanguage":"ca"},{"@type":"Organization","@id":"https:\/\/www.sindicaturabarcelona.cat\/ca\/#organization","name":"Sindicatura de Greuges de Barcelona","url":"https:\/\/www.sindicaturabarcelona.cat\/ca\/","logo":{"@type":"ImageObject","inLanguage":"ca","@id":"https:\/\/www.sindicaturabarcelona.cat\/ca\/#\/schema\/logo\/image\/","url":"https:\/\/www.sindicaturabarcelona.cat\/wp-content\/uploads\/2023\/02\/logo_sindicatura.svg","contentUrl":"https:\/\/www.sindicaturabarcelona.cat\/wp-content\/uploads\/2023\/02\/logo_sindicatura.svg","caption":"Sindicatura de Greuges de Barcelona"},"image":{"@id":"https:\/\/www.sindicaturabarcelona.cat\/ca\/#\/schema\/logo\/image\/"},"sameAs":["https:\/\/x.com\/sindicbarcelona","https:\/\/www.instagram.com\/sindicbarcelona\/","https:\/\/www.tiktok.com\/@sindicaturabcn","https:\/\/t.me\/sindicaturabarcelona"]},{"@type":"Person","@id":"https:\/\/www.sindicaturabarcelona.cat\/ca\/#\/schema\/person\/0e5acffc350ffdbc97578159322c9452","name":"Pablo","image":{"@type":"ImageObject","inLanguage":"ca","@id":"https:\/\/secure.gravatar.com\/avatar\/c948169b402ef9492afde705c3dfd5e90e1a6a84ef6840a91124f805a25a480f?s=96&d=mm&r=g","url":"https:\/\/secure.gravatar.com\/avatar\/c948169b402ef9492afde705c3dfd5e90e1a6a84ef6840a91124f805a25a480f?s=96&d=mm&r=g","contentUrl":"https:\/\/secure.gravatar.com\/avatar\/c948169b402ef9492afde705c3dfd5e90e1a6a84ef6840a91124f805a25a480f?s=96&d=mm&r=g","caption":"Pablo"},"url":"https:\/\/www.sindicaturabarcelona.cat\/ca\/author\/pablo\/"}]}},"_links":{"self":[{"href":"https:\/\/www.sindicaturabarcelona.cat\/ca\/wp-json\/wp\/v2\/posts\/12889","targetHints":{"allow":["GET"]}}],"collection":[{"href":"https:\/\/www.sindicaturabarcelona.cat\/ca\/wp-json\/wp\/v2\/posts"}],"about":[{"href":"https:\/\/www.sindicaturabarcelona.cat\/ca\/wp-json\/wp\/v2\/types\/post"}],"author":[{"embeddable":true,"href":"https:\/\/www.sindicaturabarcelona.cat\/ca\/wp-json\/wp\/v2\/users\/2"}],"replies":[{"embeddable":true,"href":"https:\/\/www.sindicaturabarcelona.cat\/ca\/wp-json\/wp\/v2\/comments?post=12889"}],"version-history":[{"count":3,"href":"https:\/\/www.sindicaturabarcelona.cat\/ca\/wp-json\/wp\/v2\/posts\/12889\/revisions"}],"predecessor-version":[{"id":39534,"href":"https:\/\/www.sindicaturabarcelona.cat\/ca\/wp-json\/wp\/v2\/posts\/12889\/revisions\/39534"}],"wp:featuredmedia":[{"embeddable":true,"href":"https:\/\/www.sindicaturabarcelona.cat\/ca\/wp-json\/wp\/v2\/media\/12891"}],"wp:attachment":[{"href":"https:\/\/www.sindicaturabarcelona.cat\/ca\/wp-json\/wp\/v2\/media?parent=12889"}],"wp:term":[{"taxonomy":"post_tag","embeddable":true,"href":"https:\/\/www.sindicaturabarcelona.cat\/ca\/wp-json\/wp\/v2\/tags?post=12889"},{"taxonomy":"drets","embeddable":true,"href":"https:\/\/www.sindicaturabarcelona.cat\/ca\/wp-json\/wp\/v2\/drets?post=12889"}],"curies":[{"name":"wp","href":"https:\/\/api.w.org\/{rel}","templated":true}]}}