{"id":12751,"date":"2021-09-05T12:08:12","date_gmt":"2021-09-05T10:08:12","guid":{"rendered":"https:\/\/www.sindicabarcelona.cat\/?p=12751"},"modified":"2021-09-14T12:15:34","modified_gmt":"2021-09-14T10:15:34","slug":"problemes-servei-bany-assistit-platges-barcelona","status":"publish","type":"post","link":"https:\/\/www.sindicaturabarcelona.cat\/ca\/problemes-servei-bany-assistit-platges-barcelona\/","title":{"rendered":"Les usu\u00e0ries del servei de bany assistit a les platges de la ciutat continuen denunciant els problemes amb qu\u00e8 es troben les persones amb diversitat funcional"},"content":{"rendered":"\n<p class=\"has-text-align-justify\">Durant <strong>l\u2019estiu de l\u2019any passat, la <a href=\"https:\/\/www.sindicaturabarcelona.cat\/\" target=\"_blank\" aria-label=\"Sindicatura de Greuges de Barcelona  (opens in a new tab)\" rel=\"noreferrer noopener\" class=\"ek-link\">Sindicatura de Greuges de Barcelona <\/a>va rebre diverses queixes que denunciaven les dificultats amb qu\u00e8 es troben les persones amb diversitat funcional que volen banyar-se a la costa barcelonina<\/strong>. Les persones promotores de les queixes formen part de la Comissi\u00f3 de platges per a persones amb diversitat funcional i van reportar els problemes que estan patint enguany en relaci\u00f3 amb el servei de bany assistit.<\/p>\n\n\n\n<p class=\"has-text-align-justify\">Posteriorment, aquesta queixa dels usuaris i usu\u00e0ries va ampliar-se per l\u2019aplicaci\u00f3 del nou <em>Plec de cl\u00e0usules t\u00e8cniques del nou contracte del servei de platges accessibles i suport al bany a persones amb discapacitat a les platges de la ciutat de Barcelona<\/em>, la licitaci\u00f3 del qual es va publicar en data 9 de mar\u00e7 de 2021. <strong>La Comissi\u00f3 considera que aquest&nbsp; plec no incorpora les demandes i problemes treballades des del grup de persones amb diversitat funcional.<\/strong><\/p>\n\n\n\n<h4 class=\"wp-block-heading\"><strong>Qu\u00e8 \u00e9s el servei de bany assistit?<\/strong><\/h4>\n\n\n\n<p class=\"has-text-align-justify\"><a href=\"https:\/\/www.barcelona.cat\/ca\/que-pots-fer-a-bcn\/banys-i-platges\/accessibilitat\" target=\"_blank\" aria-label=\"Les platges accessibles amb servei de suport al bany (opens in a new tab)\" rel=\"noreferrer noopener\" class=\"ek-link\">Les platges accessibles amb servei de suport al bany<\/a> s\u00f3n les adre\u00e7ades a aquelles persones que tenen mobilitat redu\u00efda i que necessiten ajuda personal i t\u00e8cnica per poder accedir a l\u2019aigua. Aquestes dues darreres temporades de bany han estat adaptades per la necessitat d\u2019aplicar mesures de protecci\u00f3 contra la covid-19 per garantir la seguretat sanit\u00e0ria dels banyistes i del personal t\u00e8cnic i voluntaris de suport, la m\u00e9s important de les quals \u00e9s assegurar que es respecta la dist\u00e0ncia d\u20191,5 metres entre les persones, ra\u00f3 per la qual es modifica la normativa d\u2019\u00fas d\u2019aquest servei.<\/p>\n\n\n\n<h4 class=\"wp-block-heading\"><strong>Les queixes de les persones usu\u00e0ries<\/strong><\/h4>\n\n\n\n<p class=\"has-text-align-justify\">Les persones usu\u00e0ries expliquen que anteriorment s\u2019oferia el servei de bany assistit a quatre platges barcelonines: F\u00f2rum, Llevant, Ic\u00e0ria i Barceloneta. Des de la Comissi\u00f3 de platges per a persones amb diversitat funcional han lamentat que des de l\u2019estiu de l\u2019any 2020 s\u2019hagi decidit unilateralment suprimir aquest servei a dues de les platges i els \u00fanics punts de servei siguin a F\u00f2rum i Ic\u00e0ria.<\/p>\n\n\n\n<p class=\"has-text-align-justify\">D\u2019altra banda, tamb\u00e9 denuncien una situaci\u00f3 de discriminaci\u00f3 a qu\u00e8 es veuen sotmeses les persones amb diversitat funcional: el l\u00edmit d\u2019aforament de 4 persones dins l\u2019aigua a la platja d\u2019Ic\u00e0ria i de 2 persones a la platja del F\u00f2rum. \u201cSi la poblaci\u00f3 en general pot banyar-se de manera normal sempre que respectin la dist\u00e0ncia de seguretat, per qu\u00e8 nosaltres tenim l\u00edmit d\u2019aforament en el bany?\u201d, es pregunten des de la Comissi\u00f3.<\/p>\n\n\n\n<p class=\"has-text-align-justify\">Un altre dels temes que ha causat el malestar del col\u00b7lectiu de persones amb diversitat funcional \u00e9s que se\u2019ls pot negar el bany amb bandera verda si es considera que hi ha onades, quan abans aquesta prohibici\u00f3 nom\u00e9s es duia a terme si hi havia bandera groga. Per \u00faltim, relaten que estan obligats a anar amb un acompanyant a la platja, fet que limita la seva autonomia. \u201cEl servei de bany assistit a les platges no t\u00e9 gaire sentit si ens obliga a les persones amb diversitat funcional a anar acompanyades\u201d, conclouen les queixes ciutadanes.<\/p>\n\n\n\n<p class=\"has-text-align-justify\"><strong>Despr\u00e9s de con\u00e8ixer les den\u00fancies de la Comissi\u00f3 de platges per a persones amb diversitat funcional, la s\u00edndica de greuges de Barcelona s\u2019ha dirigit a l\u2019\u00c0rea d\u2019Ecologia, Urbanisme, Infraestructures i Mobilitat per comprovar si s\u2019han vulnerat els drets d\u2019aquest col\u00b7lectiu<\/strong>; estudiar el protocol que regeix el servei; saber els motius pels quals no s\u2019ofereix el servei a la platja de la Barceloneta i del Llevant, i con\u00e8ixer les actuacions previstes per posar soluci\u00f3 als greuges exposats.<\/p>\n\n\n\n<h4 class=\"wp-block-heading\"><strong>La resposta municipal<\/strong><\/h4>\n\n\n\n<p class=\"has-text-align-justify\">En relaci\u00f3 amb la p\u00e8rdua de dos punts de bany (Barceloneta i Llevant) l\u2019any 2020, l\u2019Ajuntament informa que&nbsp; va ser degut a dos fets excepcionals: els efectes causats pel temporal Gl\u00f2ria del gener d\u2019aquell any, i per la crisi sanit\u00e0ria mundial de la Covid-19. <strong>El consistori afegeix que en aquest 2021, tenint en compte que encara estem sota els efectes de la pand\u00e8mia, han seguit les mateixes mesures que van establir-se l\u2019estiu anterior.<\/strong><\/p>\n\n\n\n<p class=\"has-text-align-justify\">Des del consistori s\u2019explica que el servei de suport al bany adre\u00e7at a aquelles persones amb mobilitat redu\u00efda que no poden accedir a l\u2019aigua de manera aut\u00f2noma es prestar\u00e0 sota la supervisi\u00f3 del personal t\u00e8cnic, per\u00f2 sense contacte directe, amb un aforament limitat de l\u2019\u00e0rea a quinze persones&nbsp;exclusivament. <strong>Es mant\u00e9 la cita pr\u00e8via (usuaris individuals i grups organitzats) i es recomana venir amb un&nbsp;assistent personal, per\u00f2 aix\u00f2 no s\u2019estableix com obligatori.<\/strong><\/p>\n\n\n\n<p class=\"has-text-align-justify\">Tamb\u00e9 informa que el servei s\u2019estructura al voltant de 3&nbsp;punts d\u2019atenci\u00f3 a les platges (Sant Miquel, Platja de la Nova Ic\u00e0ria i Zona de Banys del F\u00f2rum), si b\u00e9 poden variar de localitzaci\u00f3 en funci\u00f3 dels usos canviants de les platges, o b\u00e9 si es considera m\u00e9s oport\u00fa. D\u2019aquesta manera, enguany aquest servei s\u2019ha tornat a oferir en circumst\u00e0ncies excepcionals. Cal tenir present que aquestes limitacions i mesures que s\u2019estableixen a les platges de Barcelona i en els serveis que es presten van evolucionant d\u2019acord amb les mesures que en diferents \u00e0mbits s\u2019acorden en el marc dels Plans de desconfinament per la Covid-19 que aprova el Govern de Catalunya. <strong>Aquests plans s\u00f3n d\u2019obligat compliment per part de les administracions locals que han d\u2019adaptar les seves pr\u00f2pies mesures i plans al marc referencial que aprova el Govern de Catalunya<\/strong>.<\/p>\n\n\n\n<h4 class=\"wp-block-heading\"><strong>M\u00e9s queixes de les persones usu\u00e0ries sobre els aspectes organitzatius<\/strong><\/h4>\n\n\n\n<p>Algunes de les queixes efectuades per les persones usu\u00e0ries fan refer\u00e8ncia a aspectes organitzatius.&nbsp;<\/p>\n\n\n\n<p class=\"has-text-align-justify\"><strong>El Servei de suport al bany es troba externalitzat, i el contracte administratiu que el regula dep\u00e8n de l\u2019Institut Municipal de Parcs i Jardins (IMPiJ),&nbsp; tot i que s\u00f3n diversos els agents implicats en el funcionament, amb les corresponents responsabilitats<\/strong>: la Direcci\u00f3 de platges&nbsp; s\u2019encarrega de&nbsp; la gesti\u00f3 i coordinaci\u00f3 de les platges; l\u2019\u00c0rea Metropolitana de Barcelona s\u2019ocupa de la instal\u00b7laci\u00f3 i el manteniment de les passeres i la dotaci\u00f3 de material, i l\u2019Institut Municipal de Persones amb Discapacitat (IMPD) d\u00f3na suport t\u00e8cnic i especialitzat als diversos agents implicats, alhora que coordina la taula de treball sobre aquest projecte. En relaci\u00f3 amb el funcionament del servei, l\u2019activitat s\u2019emmarca en all\u00f2 que estableix el corresponent contracte del servei de platges accessibles i suport al bany a persones amb discapacitat a les platges de la ciutat de Barcelona, licitat aquest any per part de l\u2019IMPiJ i amb data d\u2019adjudicaci\u00f3 el 18 de maig de 2021.<\/p>\n\n\n\n<p class=\"has-text-align-justify\">Bona part de les q\u00fcestions plantejades per les persones promotores de la queixa que fan refer\u00e8ncia a temes com el bon estat del material, el manteniment correcte de les instal\u00b7lacions, la puntualitat en l\u2019inici de l\u2019activitat o el bon tracte que ha de tenir el personal amb les persones, entre altres, es troben definides en el Plec. Des de la Sindicatura de Greuges de Barcelona vol manifestar-se que <strong>la millora en la satisfacci\u00f3 del servei per part de les persones usu\u00e0ries dep\u00e8n majorit\u00e0riament del correcte compliment i supervisi\u00f3 de l\u2019execuci\u00f3 del contracte, tasca que correspon a l\u2019IMPiJ com a responsable del contracte.\u00a0 <\/strong><\/p>\n\n\n\n<p class=\"has-text-align-justify\"><strong>Aquesta Sindicatura ent\u00e9n que a la Taula de coordinaci\u00f3 convocada per l\u2019IMPD \u00e9s on cal analitzar les necessitats i consensuar les millores a aplicar per part dels diferents agents implicats. Tanmateix, pel seu bon funcionament de la mateixa\u00e9s essencial la tasca de coordinaci\u00f3 que ha de fer l\u2019IMPD.<\/strong> Hem de recordar que la missi\u00f3 de l\u2019IMPD, tal com recullen els seus estatuts, \u00e9s promoure activitats, impulsar programes i prestar serveis a les persones amb discapacitat i diversitat funcional de Barcelona, per tal de millorar la qualitat de vida, l\u2019autonomia personal i la vida independent de les persones amb discapacitat.<\/p>\n","protected":false},"excerpt":{"rendered":"<p>Durant l\u2019estiu de l\u2019any passat, la Sindicatura de Greuges de Barcelona va rebre diverses queixes que denunciaven les dificultats amb qu\u00e8 es troben les persones amb diversitat funcional que volen [&hellip;]<\/p>\n","protected":false},"author":2,"featured_media":12752,"comment_status":"closed","ping_status":"open","sticky":false,"template":"","format":"standard","meta":{"_acf_changed":false,"footnotes":""},"tags":[1222,1217,1221,1220],"drets":[],"class_list":["post-12751","post","type-post","status-publish","format-standard","has-post-thumbnail","hentry","tag-persones-diversitat-funcional","tag-platges-accessibles","tag-problemes-servei-bany-assistit","tag-servei-bany-assistit"],"acf":[],"yoast_head":"<!-- This site is optimized with the Yoast SEO plugin v27.5 - https:\/\/yoast.com\/product\/yoast-seo-wordpress\/ -->\n<title>Les usu\u00e0ries del servei de bany assistit a les platges de la ciutat continuen denunciant els problemes amb qu\u00e8 es troben les persones amb diversitat funcional - Sindicatura de Greuges de Barcelona<\/title>\n<meta name=\"description\" content=\"Les persones usu\u00e0ries del servei de bany assistit a les platges de la ciutat de Barcelona continuen denunciant els problemes.\" \/>\n<meta name=\"robots\" content=\"index, follow, max-snippet:-1, max-image-preview:large, max-video-preview:-1\" \/>\n<link rel=\"canonical\" href=\"https:\/\/www.sindicaturabarcelona.cat\/ca\/problemes-servei-bany-assistit-platges-barcelona\/\" \/>\n<meta property=\"og:locale\" content=\"ca_ES\" \/>\n<meta property=\"og:type\" content=\"article\" \/>\n<meta property=\"og:title\" content=\"Les usu\u00e0ries del servei de bany assistit a les platges de la ciutat continuen denunciant els problemes amb qu\u00e8 es troben les persones amb diversitat funcional - Sindicatura de Greuges de Barcelona\" \/>\n<meta property=\"og:description\" content=\"Les persones usu\u00e0ries del servei de bany assistit a les platges de la ciutat de Barcelona continuen denunciant els problemes.\" \/>\n<meta property=\"og:url\" content=\"https:\/\/www.sindicaturabarcelona.cat\/ca\/problemes-servei-bany-assistit-platges-barcelona\/\" \/>\n<meta property=\"og:site_name\" content=\"Sindicatura de Greuges de Barcelona\" \/>\n<meta property=\"article:published_time\" content=\"2021-09-05T10:08:12+00:00\" \/>\n<meta property=\"article:modified_time\" content=\"2021-09-14T10:15:34+00:00\" \/>\n<meta property=\"og:image\" content=\"https:\/\/www.sindicaturabarcelona.cat\/wp-content\/uploads\/2021\/08\/cadires-bany-assistit_2018_710x379_2.jpeg\" \/>\n\t<meta property=\"og:image:width\" content=\"710\" \/>\n\t<meta property=\"og:image:height\" content=\"379\" \/>\n\t<meta property=\"og:image:type\" content=\"image\/jpeg\" \/>\n<meta name=\"author\" content=\"Pablo\" \/>\n<meta name=\"twitter:card\" content=\"summary_large_image\" \/>\n<meta name=\"twitter:creator\" content=\"@sindicbarcelona\" \/>\n<meta name=\"twitter:site\" content=\"@sindicbarcelona\" \/>\n<meta name=\"twitter:label1\" content=\"Escrit per\" \/>\n\t<meta name=\"twitter:data1\" content=\"Pablo\" \/>\n\t<meta name=\"twitter:label2\" content=\"Temps estimat de lectura\" \/>\n\t<meta name=\"twitter:data2\" content=\"7 minuts\" \/>\n<script type=\"application\/ld+json\" class=\"yoast-schema-graph\">{\"@context\":\"https:\\\/\\\/schema.org\",\"@graph\":[{\"@type\":\"Article\",\"@id\":\"https:\\\/\\\/www.sindicaturabarcelona.cat\\\/ca\\\/problemes-servei-bany-assistit-platges-barcelona\\\/#article\",\"isPartOf\":{\"@id\":\"https:\\\/\\\/www.sindicaturabarcelona.cat\\\/ca\\\/problemes-servei-bany-assistit-platges-barcelona\\\/\"},\"author\":{\"name\":\"Pablo\",\"@id\":\"https:\\\/\\\/www.sindicaturabarcelona.cat\\\/ca\\\/#\\\/schema\\\/person\\\/0e5acffc350ffdbc97578159322c9452\"},\"headline\":\"Les usu\u00e0ries del servei de bany assistit a les platges de la ciutat continuen denunciant els problemes amb qu\u00e8 es troben les persones amb diversitat funcional\",\"datePublished\":\"2021-09-05T10:08:12+00:00\",\"dateModified\":\"2021-09-14T10:15:34+00:00\",\"mainEntityOfPage\":{\"@id\":\"https:\\\/\\\/www.sindicaturabarcelona.cat\\\/ca\\\/problemes-servei-bany-assistit-platges-barcelona\\\/\"},\"wordCount\":1371,\"publisher\":{\"@id\":\"https:\\\/\\\/www.sindicaturabarcelona.cat\\\/ca\\\/#organization\"},\"image\":{\"@id\":\"https:\\\/\\\/www.sindicaturabarcelona.cat\\\/ca\\\/problemes-servei-bany-assistit-platges-barcelona\\\/#primaryimage\"},\"thumbnailUrl\":\"https:\\\/\\\/www.sindicaturabarcelona.cat\\\/wp-content\\\/uploads\\\/2021\\\/08\\\/cadires-bany-assistit_2018_710x379_2.jpeg\",\"keywords\":[\"persones diversitat funcional\",\"platges accessibles\",\"problemes servei bany assistit\",\"servei bany assistit\"],\"inLanguage\":\"ca\"},{\"@type\":\"WebPage\",\"@id\":\"https:\\\/\\\/www.sindicaturabarcelona.cat\\\/ca\\\/problemes-servei-bany-assistit-platges-barcelona\\\/\",\"url\":\"https:\\\/\\\/www.sindicaturabarcelona.cat\\\/ca\\\/problemes-servei-bany-assistit-platges-barcelona\\\/\",\"name\":\"Les usu\u00e0ries del servei de bany assistit a les platges de la ciutat continuen denunciant els problemes amb qu\u00e8 es troben les persones amb diversitat funcional - Sindicatura de Greuges de Barcelona\",\"isPartOf\":{\"@id\":\"https:\\\/\\\/www.sindicaturabarcelona.cat\\\/ca\\\/#website\"},\"primaryImageOfPage\":{\"@id\":\"https:\\\/\\\/www.sindicaturabarcelona.cat\\\/ca\\\/problemes-servei-bany-assistit-platges-barcelona\\\/#primaryimage\"},\"image\":{\"@id\":\"https:\\\/\\\/www.sindicaturabarcelona.cat\\\/ca\\\/problemes-servei-bany-assistit-platges-barcelona\\\/#primaryimage\"},\"thumbnailUrl\":\"https:\\\/\\\/www.sindicaturabarcelona.cat\\\/wp-content\\\/uploads\\\/2021\\\/08\\\/cadires-bany-assistit_2018_710x379_2.jpeg\",\"datePublished\":\"2021-09-05T10:08:12+00:00\",\"dateModified\":\"2021-09-14T10:15:34+00:00\",\"description\":\"Les persones usu\u00e0ries del servei de bany assistit a les platges de la ciutat de Barcelona continuen denunciant els problemes.\",\"breadcrumb\":{\"@id\":\"https:\\\/\\\/www.sindicaturabarcelona.cat\\\/ca\\\/problemes-servei-bany-assistit-platges-barcelona\\\/#breadcrumb\"},\"inLanguage\":\"ca\",\"potentialAction\":[{\"@type\":\"ReadAction\",\"target\":[\"https:\\\/\\\/www.sindicaturabarcelona.cat\\\/ca\\\/problemes-servei-bany-assistit-platges-barcelona\\\/\"]}]},{\"@type\":\"ImageObject\",\"inLanguage\":\"ca\",\"@id\":\"https:\\\/\\\/www.sindicaturabarcelona.cat\\\/ca\\\/problemes-servei-bany-assistit-platges-barcelona\\\/#primaryimage\",\"url\":\"https:\\\/\\\/www.sindicaturabarcelona.cat\\\/wp-content\\\/uploads\\\/2021\\\/08\\\/cadires-bany-assistit_2018_710x379_2.jpeg\",\"contentUrl\":\"https:\\\/\\\/www.sindicaturabarcelona.cat\\\/wp-content\\\/uploads\\\/2021\\\/08\\\/cadires-bany-assistit_2018_710x379_2.jpeg\",\"width\":710,\"height\":379,\"caption\":\"Bany assistit BCN\"},{\"@type\":\"BreadcrumbList\",\"@id\":\"https:\\\/\\\/www.sindicaturabarcelona.cat\\\/ca\\\/problemes-servei-bany-assistit-platges-barcelona\\\/#breadcrumb\",\"itemListElement\":[{\"@type\":\"ListItem\",\"position\":1,\"name\":\"Inici\",\"item\":\"https:\\\/\\\/www.sindicaturabarcelona.cat\\\/ca\\\/\"},{\"@type\":\"ListItem\",\"position\":2,\"name\":\"Les usu\u00e0ries del servei de bany assistit a les platges de la ciutat continuen denunciant els problemes amb qu\u00e8 es troben les persones amb diversitat funcional\"}]},{\"@type\":\"WebSite\",\"@id\":\"https:\\\/\\\/www.sindicaturabarcelona.cat\\\/ca\\\/#website\",\"url\":\"https:\\\/\\\/www.sindicaturabarcelona.cat\\\/ca\\\/\",\"name\":\"Sindicatura de Greuges de Barcelona\",\"description\":\"La defensoria dels teus drets\",\"publisher\":{\"@id\":\"https:\\\/\\\/www.sindicaturabarcelona.cat\\\/ca\\\/#organization\"},\"potentialAction\":[{\"@type\":\"SearchAction\",\"target\":{\"@type\":\"EntryPoint\",\"urlTemplate\":\"https:\\\/\\\/www.sindicaturabarcelona.cat\\\/ca\\\/?s={search_term_string}\"},\"query-input\":{\"@type\":\"PropertyValueSpecification\",\"valueRequired\":true,\"valueName\":\"search_term_string\"}}],\"inLanguage\":\"ca\"},{\"@type\":\"Organization\",\"@id\":\"https:\\\/\\\/www.sindicaturabarcelona.cat\\\/ca\\\/#organization\",\"name\":\"Sindicatura de Greuges de Barcelona\",\"url\":\"https:\\\/\\\/www.sindicaturabarcelona.cat\\\/ca\\\/\",\"logo\":{\"@type\":\"ImageObject\",\"inLanguage\":\"ca\",\"@id\":\"https:\\\/\\\/www.sindicaturabarcelona.cat\\\/ca\\\/#\\\/schema\\\/logo\\\/image\\\/\",\"url\":\"https:\\\/\\\/www.sindicaturabarcelona.cat\\\/wp-content\\\/uploads\\\/2023\\\/02\\\/logo_sindicatura.svg\",\"contentUrl\":\"https:\\\/\\\/www.sindicaturabarcelona.cat\\\/wp-content\\\/uploads\\\/2023\\\/02\\\/logo_sindicatura.svg\",\"caption\":\"Sindicatura de Greuges de Barcelona\"},\"image\":{\"@id\":\"https:\\\/\\\/www.sindicaturabarcelona.cat\\\/ca\\\/#\\\/schema\\\/logo\\\/image\\\/\"},\"sameAs\":[\"https:\\\/\\\/x.com\\\/sindicbarcelona\",\"https:\\\/\\\/www.instagram.com\\\/sindicbarcelona\\\/\",\"https:\\\/\\\/www.tiktok.com\\\/@sindicaturabcn\",\"https:\\\/\\\/t.me\\\/sindicaturabarcelona\"]},{\"@type\":\"Person\",\"@id\":\"https:\\\/\\\/www.sindicaturabarcelona.cat\\\/ca\\\/#\\\/schema\\\/person\\\/0e5acffc350ffdbc97578159322c9452\",\"name\":\"Pablo\",\"image\":{\"@type\":\"ImageObject\",\"inLanguage\":\"ca\",\"@id\":\"https:\\\/\\\/secure.gravatar.com\\\/avatar\\\/c948169b402ef9492afde705c3dfd5e90e1a6a84ef6840a91124f805a25a480f?s=96&d=mm&r=g\",\"url\":\"https:\\\/\\\/secure.gravatar.com\\\/avatar\\\/c948169b402ef9492afde705c3dfd5e90e1a6a84ef6840a91124f805a25a480f?s=96&d=mm&r=g\",\"contentUrl\":\"https:\\\/\\\/secure.gravatar.com\\\/avatar\\\/c948169b402ef9492afde705c3dfd5e90e1a6a84ef6840a91124f805a25a480f?s=96&d=mm&r=g\",\"caption\":\"Pablo\"},\"url\":\"https:\\\/\\\/www.sindicaturabarcelona.cat\\\/ca\\\/author\\\/pablo\\\/\"}]}<\/script>\n<!-- \/ Yoast SEO plugin. -->","yoast_head_json":{"title":"Les usu\u00e0ries del servei de bany assistit a les platges de la ciutat continuen denunciant els problemes amb qu\u00e8 es troben les persones amb diversitat funcional - Sindicatura de Greuges de Barcelona","description":"Les persones usu\u00e0ries del servei de bany assistit a les platges de la ciutat de Barcelona continuen denunciant els problemes.","robots":{"index":"index","follow":"follow","max-snippet":"max-snippet:-1","max-image-preview":"max-image-preview:large","max-video-preview":"max-video-preview:-1"},"canonical":"https:\/\/www.sindicaturabarcelona.cat\/ca\/problemes-servei-bany-assistit-platges-barcelona\/","og_locale":"ca_ES","og_type":"article","og_title":"Les usu\u00e0ries del servei de bany assistit a les platges de la ciutat continuen denunciant els problemes amb qu\u00e8 es troben les persones amb diversitat funcional - Sindicatura de Greuges de Barcelona","og_description":"Les persones usu\u00e0ries del servei de bany assistit a les platges de la ciutat de Barcelona continuen denunciant els problemes.","og_url":"https:\/\/www.sindicaturabarcelona.cat\/ca\/problemes-servei-bany-assistit-platges-barcelona\/","og_site_name":"Sindicatura de Greuges de Barcelona","article_published_time":"2021-09-05T10:08:12+00:00","article_modified_time":"2021-09-14T10:15:34+00:00","og_image":[{"width":710,"height":379,"url":"https:\/\/www.sindicaturabarcelona.cat\/wp-content\/uploads\/2021\/08\/cadires-bany-assistit_2018_710x379_2.jpeg","type":"image\/jpeg"}],"author":"Pablo","twitter_card":"summary_large_image","twitter_creator":"@sindicbarcelona","twitter_site":"@sindicbarcelona","twitter_misc":{"Escrit per":"Pablo","Temps estimat de lectura":"7 minuts"},"schema":{"@context":"https:\/\/schema.org","@graph":[{"@type":"Article","@id":"https:\/\/www.sindicaturabarcelona.cat\/ca\/problemes-servei-bany-assistit-platges-barcelona\/#article","isPartOf":{"@id":"https:\/\/www.sindicaturabarcelona.cat\/ca\/problemes-servei-bany-assistit-platges-barcelona\/"},"author":{"name":"Pablo","@id":"https:\/\/www.sindicaturabarcelona.cat\/ca\/#\/schema\/person\/0e5acffc350ffdbc97578159322c9452"},"headline":"Les usu\u00e0ries del servei de bany assistit a les platges de la ciutat continuen denunciant els problemes amb qu\u00e8 es troben les persones amb diversitat funcional","datePublished":"2021-09-05T10:08:12+00:00","dateModified":"2021-09-14T10:15:34+00:00","mainEntityOfPage":{"@id":"https:\/\/www.sindicaturabarcelona.cat\/ca\/problemes-servei-bany-assistit-platges-barcelona\/"},"wordCount":1371,"publisher":{"@id":"https:\/\/www.sindicaturabarcelona.cat\/ca\/#organization"},"image":{"@id":"https:\/\/www.sindicaturabarcelona.cat\/ca\/problemes-servei-bany-assistit-platges-barcelona\/#primaryimage"},"thumbnailUrl":"https:\/\/www.sindicaturabarcelona.cat\/wp-content\/uploads\/2021\/08\/cadires-bany-assistit_2018_710x379_2.jpeg","keywords":["persones diversitat funcional","platges accessibles","problemes servei bany assistit","servei bany assistit"],"inLanguage":"ca"},{"@type":"WebPage","@id":"https:\/\/www.sindicaturabarcelona.cat\/ca\/problemes-servei-bany-assistit-platges-barcelona\/","url":"https:\/\/www.sindicaturabarcelona.cat\/ca\/problemes-servei-bany-assistit-platges-barcelona\/","name":"Les usu\u00e0ries del servei de bany assistit a les platges de la ciutat continuen denunciant els problemes amb qu\u00e8 es troben les persones amb diversitat funcional - Sindicatura de Greuges de Barcelona","isPartOf":{"@id":"https:\/\/www.sindicaturabarcelona.cat\/ca\/#website"},"primaryImageOfPage":{"@id":"https:\/\/www.sindicaturabarcelona.cat\/ca\/problemes-servei-bany-assistit-platges-barcelona\/#primaryimage"},"image":{"@id":"https:\/\/www.sindicaturabarcelona.cat\/ca\/problemes-servei-bany-assistit-platges-barcelona\/#primaryimage"},"thumbnailUrl":"https:\/\/www.sindicaturabarcelona.cat\/wp-content\/uploads\/2021\/08\/cadires-bany-assistit_2018_710x379_2.jpeg","datePublished":"2021-09-05T10:08:12+00:00","dateModified":"2021-09-14T10:15:34+00:00","description":"Les persones usu\u00e0ries del servei de bany assistit a les platges de la ciutat de Barcelona continuen denunciant els problemes.","breadcrumb":{"@id":"https:\/\/www.sindicaturabarcelona.cat\/ca\/problemes-servei-bany-assistit-platges-barcelona\/#breadcrumb"},"inLanguage":"ca","potentialAction":[{"@type":"ReadAction","target":["https:\/\/www.sindicaturabarcelona.cat\/ca\/problemes-servei-bany-assistit-platges-barcelona\/"]}]},{"@type":"ImageObject","inLanguage":"ca","@id":"https:\/\/www.sindicaturabarcelona.cat\/ca\/problemes-servei-bany-assistit-platges-barcelona\/#primaryimage","url":"https:\/\/www.sindicaturabarcelona.cat\/wp-content\/uploads\/2021\/08\/cadires-bany-assistit_2018_710x379_2.jpeg","contentUrl":"https:\/\/www.sindicaturabarcelona.cat\/wp-content\/uploads\/2021\/08\/cadires-bany-assistit_2018_710x379_2.jpeg","width":710,"height":379,"caption":"Bany assistit BCN"},{"@type":"BreadcrumbList","@id":"https:\/\/www.sindicaturabarcelona.cat\/ca\/problemes-servei-bany-assistit-platges-barcelona\/#breadcrumb","itemListElement":[{"@type":"ListItem","position":1,"name":"Inici","item":"https:\/\/www.sindicaturabarcelona.cat\/ca\/"},{"@type":"ListItem","position":2,"name":"Les usu\u00e0ries del servei de bany assistit a les platges de la ciutat continuen denunciant els problemes amb qu\u00e8 es troben les persones amb diversitat funcional"}]},{"@type":"WebSite","@id":"https:\/\/www.sindicaturabarcelona.cat\/ca\/#website","url":"https:\/\/www.sindicaturabarcelona.cat\/ca\/","name":"Sindicatura de Greuges de Barcelona","description":"La defensoria dels teus drets","publisher":{"@id":"https:\/\/www.sindicaturabarcelona.cat\/ca\/#organization"},"potentialAction":[{"@type":"SearchAction","target":{"@type":"EntryPoint","urlTemplate":"https:\/\/www.sindicaturabarcelona.cat\/ca\/?s={search_term_string}"},"query-input":{"@type":"PropertyValueSpecification","valueRequired":true,"valueName":"search_term_string"}}],"inLanguage":"ca"},{"@type":"Organization","@id":"https:\/\/www.sindicaturabarcelona.cat\/ca\/#organization","name":"Sindicatura de Greuges de Barcelona","url":"https:\/\/www.sindicaturabarcelona.cat\/ca\/","logo":{"@type":"ImageObject","inLanguage":"ca","@id":"https:\/\/www.sindicaturabarcelona.cat\/ca\/#\/schema\/logo\/image\/","url":"https:\/\/www.sindicaturabarcelona.cat\/wp-content\/uploads\/2023\/02\/logo_sindicatura.svg","contentUrl":"https:\/\/www.sindicaturabarcelona.cat\/wp-content\/uploads\/2023\/02\/logo_sindicatura.svg","caption":"Sindicatura de Greuges de Barcelona"},"image":{"@id":"https:\/\/www.sindicaturabarcelona.cat\/ca\/#\/schema\/logo\/image\/"},"sameAs":["https:\/\/x.com\/sindicbarcelona","https:\/\/www.instagram.com\/sindicbarcelona\/","https:\/\/www.tiktok.com\/@sindicaturabcn","https:\/\/t.me\/sindicaturabarcelona"]},{"@type":"Person","@id":"https:\/\/www.sindicaturabarcelona.cat\/ca\/#\/schema\/person\/0e5acffc350ffdbc97578159322c9452","name":"Pablo","image":{"@type":"ImageObject","inLanguage":"ca","@id":"https:\/\/secure.gravatar.com\/avatar\/c948169b402ef9492afde705c3dfd5e90e1a6a84ef6840a91124f805a25a480f?s=96&d=mm&r=g","url":"https:\/\/secure.gravatar.com\/avatar\/c948169b402ef9492afde705c3dfd5e90e1a6a84ef6840a91124f805a25a480f?s=96&d=mm&r=g","contentUrl":"https:\/\/secure.gravatar.com\/avatar\/c948169b402ef9492afde705c3dfd5e90e1a6a84ef6840a91124f805a25a480f?s=96&d=mm&r=g","caption":"Pablo"},"url":"https:\/\/www.sindicaturabarcelona.cat\/ca\/author\/pablo\/"}]}},"_links":{"self":[{"href":"https:\/\/www.sindicaturabarcelona.cat\/ca\/wp-json\/wp\/v2\/posts\/12751","targetHints":{"allow":["GET"]}}],"collection":[{"href":"https:\/\/www.sindicaturabarcelona.cat\/ca\/wp-json\/wp\/v2\/posts"}],"about":[{"href":"https:\/\/www.sindicaturabarcelona.cat\/ca\/wp-json\/wp\/v2\/types\/post"}],"author":[{"embeddable":true,"href":"https:\/\/www.sindicaturabarcelona.cat\/ca\/wp-json\/wp\/v2\/users\/2"}],"replies":[{"embeddable":true,"href":"https:\/\/www.sindicaturabarcelona.cat\/ca\/wp-json\/wp\/v2\/comments?post=12751"}],"version-history":[{"count":0,"href":"https:\/\/www.sindicaturabarcelona.cat\/ca\/wp-json\/wp\/v2\/posts\/12751\/revisions"}],"wp:featuredmedia":[{"embeddable":true,"href":"https:\/\/www.sindicaturabarcelona.cat\/ca\/wp-json\/wp\/v2\/media\/12752"}],"wp:attachment":[{"href":"https:\/\/www.sindicaturabarcelona.cat\/ca\/wp-json\/wp\/v2\/media?parent=12751"}],"wp:term":[{"taxonomy":"post_tag","embeddable":true,"href":"https:\/\/www.sindicaturabarcelona.cat\/ca\/wp-json\/wp\/v2\/tags?post=12751"},{"taxonomy":"drets","embeddable":true,"href":"https:\/\/www.sindicaturabarcelona.cat\/ca\/wp-json\/wp\/v2\/drets?post=12751"}],"curies":[{"name":"wp","href":"https:\/\/api.w.org\/{rel}","templated":true}]}}