{"id":12741,"date":"2021-08-24T13:04:00","date_gmt":"2021-08-24T11:04:00","guid":{"rendered":"https:\/\/www.sindicabarcelona.cat\/?p=12741"},"modified":"2021-09-14T12:16:06","modified_gmt":"2021-09-14T10:16:06","slug":"recuperacio-baranes-historiques-metro-palau-robert-i-casa-batllo","status":"publish","type":"post","link":"https:\/\/www.sindicaturabarcelona.cat\/ca\/recuperacio-baranes-historiques-metro-palau-robert-i-casa-batllo\/","title":{"rendered":"Vil\u00e0 assenyala la necessitat de planificar les accions concretes per la recuperaci\u00f3 de les baranes hist\u00f2riques de l\u2019acc\u00e9s al metro de Palau Robert i la Casa Batll\u00f3"},"content":{"rendered":"\n<p class=\"has-text-align-justify\">Despr\u00e9s de m\u00e9s de sis anys des de l\u2019exist\u00e8ncia del projecte executiu per a la recuperaci\u00f3 de les baranes hist\u00f2riques de Palau Robert i Casa Batll\u00f3, la s\u00edndica de greuges de Barcelona, Maria Assumpci\u00f3 Vil\u00e0, assenyala la necessitat de planificar les accions concretes de la recuperaci\u00f3 d\u2019aquestes dues baranes hist\u00f2riques.<\/p>\n\n\n\n<p class=\"has-text-align-justify\">L\u2019any 2014 la s\u00edndica ja va mostrar inter\u00e8s en la recuperaci\u00f3 d\u2019aquestes dues baranes hist\u00f2riques, i la primera resposta municipal va desestimar aquesta iniciativa per l\u2019elevat cost que suposava. Per\u00f2 <strong>durant el mes de juliol d\u2019aquell mateix any la situaci\u00f3 va canviar i el Departament de Projectes Urbans va encarregar el projecte executiu de renovaci\u00f3 de baranes en dos accessos hist\u00f2rics al metro: Palau Robert i Casa Batll\u00f3<\/strong>, que suposava una despesa de 425.759,52 euros. En aquell moment, la <a href=\"https:\/\/www.sindicaturabarcelona.cat\/\" target=\"_blank\" aria-label=\"Sindicatura de Greuges de Barcelona (opens in a new tab)\" rel=\"noreferrer noopener\" class=\"ek-link\">Sindicatura de Greuges de Barcelona<\/a> va valorar positivament la recuperaci\u00f3 d\u2019aquests elements ornamentals, tenint en compte el fet que l\u2019Ajuntament\u00a0 acomplia amb el mandat legal de preservar i mantenir el patrimoni art\u00edstic i hist\u00f2ric de la ciutat.<\/p>\n\n\n\n<p class=\"has-text-align-justify\">Posteriorment, l\u2019any 2015, la <a href=\"https:\/\/ajuntament.barcelona.cat\/ecologiaurbana\/ca\/qui-som\" target=\"_blank\" aria-label=\"Tin\u00e8ncia d\u2019Ecologia, Urbanisme i Mobilitat (opens in a new tab)\" rel=\"noreferrer noopener\" class=\"ek-link\">Tin\u00e8ncia d\u2019Ecologia, Urbanisme i Mobilitat<\/a> exposava que l\u2019execuci\u00f3 del projecte de recuperaci\u00f3 dels accessos del metro de Palau Robert i Casa Batll\u00f3, restava a l\u2019espera de la partida pressupost\u00e0ria corresponent. Des de la Sindicatura se seguia destacant positivament que s\u2019hagu\u00e9s elaborat un estudi al respecte i que hi hagu\u00e9s previsi\u00f3 d\u2019actuaci\u00f3. Tot i aix\u00f2, es lamentava que actuacions anteriors, menys curoses amb el patrimoni de la ciutat, haguessin de generar una despesa en aquells moments i per aix\u00f2 es recomanava al consistori, que per evitar que es reprodu\u00efssin situacions similars, es vetll\u00e9s adequadament per la conservaci\u00f3 dels elements patrimonials o singulars a la ciutat.<\/p>\n\n\n\n<p class=\"has-text-align-justify\">No obstant aix\u00f2, <strong>ens trobem a l\u2019agost de l\u2019any 2021 i persisteix la mateixa situaci\u00f3, davant la manca d\u2019assignaci\u00f3 pressupostaria pel projecte. S\u2019observa, per tant, que han transcorregut m\u00e9s de 6 anys des de l\u2019exist\u00e8ncia del projecte executiu per a la recuperaci\u00f3 de les baranes hist\u00f2riques de Palau Robert i Casa Batll\u00f3.<\/strong> Aquest \u00e9s un termini excessivament dilatat per a desenvolupar una actuaci\u00f3, sobre la qual es rep similar explicaci\u00f3 al llarg dels anys: la manca de pressupost al respecte. <strong>Un per\u00edode de sis anys sense que s\u2019hagi assignat el pressupost necessari posa de manifest la manca d\u2019una voluntat municipal clara per a la seva execuci\u00f3, fet que preocupa a la s\u00edndica.<\/strong><\/p>\n\n\n\n<p class=\"has-text-align-justify\">Tant la normativa b\u00e0sica com la tasca que el mateix Ajuntament de Barcelona assumeix com a pr\u00f2pia, indiquen la necessitat de preservar i promoure el patrimoni de la ciutat. La manca d\u2019actuaci\u00f3 en la reposici\u00f3 de les baranes de metro hist\u00f2riques de Palau Robert i Casa Batll\u00f3, estableix una dist\u00e0ncia clara cap a all\u00f2 que prescriu la normativa i els compromisos municipals. Per aquest motiu, la s\u00edndica vol assenyalar la necessitat que <strong>es planifiqui de forma concreta quan es podran desenvolupar les accions sobre les quals ja existeixen estudis i projecte, per a la certa i prompta recuperaci\u00f3 de les baranes hist\u00f2riques d\u2019acc\u00e9s al metro de Palau Robert i Casa Batll\u00f3.<\/strong><\/p>\n","protected":false},"excerpt":{"rendered":"<p>Despr\u00e9s de m\u00e9s de sis anys des de l\u2019exist\u00e8ncia del projecte executiu per a la recuperaci\u00f3 de les baranes hist\u00f2riques de Palau Robert i Casa Batll\u00f3, la s\u00edndica de greuges [&hellip;]<\/p>\n","protected":false},"author":2,"featured_media":12742,"comment_status":"closed","ping_status":"open","sticky":false,"template":"","format":"standard","meta":{"_acf_changed":false,"footnotes":""},"tags":[1212,1214,1213],"drets":[],"class_list":["post-12741","post","type-post","status-publish","format-standard","has-post-thumbnail","hentry","tag-baranes-historiques","tag-casa-batllo","tag-palau-robert"],"acf":[],"yoast_head":"<!-- This site is optimized with the Yoast SEO plugin v27.5 - https:\/\/yoast.com\/product\/yoast-seo-wordpress\/ -->\n<title>Vil\u00e0 assenyala la necessitat de planificar les accions concretes per la recuperaci\u00f3 de les baranes hist\u00f2riques de l\u2019acc\u00e9s al metro de Palau Robert i la Casa Batll\u00f3 - Sindicatura de Greuges de Barcelona<\/title>\n<meta name=\"description\" content=\"Necessitat de planificar accions concretes per la recuperaci\u00f3 de les baranes hist\u00f2riques de l\u2019acc\u00e9s al metro de Palau Robert i la Casa Batll\u00f3.\" \/>\n<meta name=\"robots\" content=\"index, follow, max-snippet:-1, max-image-preview:large, max-video-preview:-1\" \/>\n<link rel=\"canonical\" href=\"https:\/\/www.sindicaturabarcelona.cat\/ca\/recuperacio-baranes-historiques-metro-palau-robert-i-casa-batllo\/\" \/>\n<meta property=\"og:locale\" content=\"ca_ES\" \/>\n<meta property=\"og:type\" content=\"article\" \/>\n<meta property=\"og:title\" content=\"Vil\u00e0 assenyala la necessitat de planificar les accions concretes per la recuperaci\u00f3 de les baranes hist\u00f2riques de l\u2019acc\u00e9s al metro de Palau Robert i la Casa Batll\u00f3 - Sindicatura de Greuges de Barcelona\" \/>\n<meta property=\"og:description\" content=\"Necessitat de planificar accions concretes per la recuperaci\u00f3 de les baranes hist\u00f2riques de l\u2019acc\u00e9s al metro de Palau Robert i la Casa Batll\u00f3.\" \/>\n<meta property=\"og:url\" content=\"https:\/\/www.sindicaturabarcelona.cat\/ca\/recuperacio-baranes-historiques-metro-palau-robert-i-casa-batllo\/\" \/>\n<meta property=\"og:site_name\" content=\"Sindicatura de Greuges de Barcelona\" \/>\n<meta property=\"article:published_time\" content=\"2021-08-24T11:04:00+00:00\" \/>\n<meta property=\"article:modified_time\" content=\"2021-09-14T10:16:06+00:00\" \/>\n<meta property=\"og:image\" content=\"https:\/\/www.sindicaturabarcelona.cat\/wp-content\/uploads\/2021\/08\/9626_HBCN-Enllumenat-Passeig-de-Gracia-18-06-2014-LC01.jpg\" \/>\n\t<meta property=\"og:image:width\" content=\"1024\" \/>\n\t<meta property=\"og:image:height\" content=\"682\" \/>\n\t<meta property=\"og:image:type\" content=\"image\/jpeg\" \/>\n<meta name=\"author\" content=\"Pablo\" \/>\n<meta name=\"twitter:card\" content=\"summary_large_image\" \/>\n<meta name=\"twitter:creator\" content=\"@sindicbarcelona\" \/>\n<meta name=\"twitter:site\" content=\"@sindicbarcelona\" \/>\n<meta name=\"twitter:label1\" content=\"Escrit per\" \/>\n\t<meta name=\"twitter:data1\" content=\"Pablo\" \/>\n\t<meta name=\"twitter:label2\" content=\"Temps estimat de lectura\" \/>\n\t<meta name=\"twitter:data2\" content=\"3 minuts\" \/>\n<script type=\"application\/ld+json\" class=\"yoast-schema-graph\">{\"@context\":\"https:\\\/\\\/schema.org\",\"@graph\":[{\"@type\":\"Article\",\"@id\":\"https:\\\/\\\/www.sindicaturabarcelona.cat\\\/ca\\\/recuperacio-baranes-historiques-metro-palau-robert-i-casa-batllo\\\/#article\",\"isPartOf\":{\"@id\":\"https:\\\/\\\/www.sindicaturabarcelona.cat\\\/ca\\\/recuperacio-baranes-historiques-metro-palau-robert-i-casa-batllo\\\/\"},\"author\":{\"name\":\"Pablo\",\"@id\":\"https:\\\/\\\/www.sindicaturabarcelona.cat\\\/ca\\\/#\\\/schema\\\/person\\\/0e5acffc350ffdbc97578159322c9452\"},\"headline\":\"Vil\u00e0 assenyala la necessitat de planificar les accions concretes per la recuperaci\u00f3 de les baranes hist\u00f2riques de l\u2019acc\u00e9s al metro de Palau Robert i la Casa Batll\u00f3\",\"datePublished\":\"2021-08-24T11:04:00+00:00\",\"dateModified\":\"2021-09-14T10:16:06+00:00\",\"mainEntityOfPage\":{\"@id\":\"https:\\\/\\\/www.sindicaturabarcelona.cat\\\/ca\\\/recuperacio-baranes-historiques-metro-palau-robert-i-casa-batllo\\\/\"},\"wordCount\":575,\"publisher\":{\"@id\":\"https:\\\/\\\/www.sindicaturabarcelona.cat\\\/ca\\\/#organization\"},\"image\":{\"@id\":\"https:\\\/\\\/www.sindicaturabarcelona.cat\\\/ca\\\/recuperacio-baranes-historiques-metro-palau-robert-i-casa-batllo\\\/#primaryimage\"},\"thumbnailUrl\":\"https:\\\/\\\/www.sindicaturabarcelona.cat\\\/wp-content\\\/uploads\\\/2021\\\/08\\\/9626_HBCN-Enllumenat-Passeig-de-Gracia-18-06-2014-LC01.jpg\",\"keywords\":[\"baranes historiques\",\"casa batllo\",\"palau robert\"],\"inLanguage\":\"ca\"},{\"@type\":\"WebPage\",\"@id\":\"https:\\\/\\\/www.sindicaturabarcelona.cat\\\/ca\\\/recuperacio-baranes-historiques-metro-palau-robert-i-casa-batllo\\\/\",\"url\":\"https:\\\/\\\/www.sindicaturabarcelona.cat\\\/ca\\\/recuperacio-baranes-historiques-metro-palau-robert-i-casa-batllo\\\/\",\"name\":\"Vil\u00e0 assenyala la necessitat de planificar les accions concretes per la recuperaci\u00f3 de les baranes hist\u00f2riques de l\u2019acc\u00e9s al metro de Palau Robert i la Casa Batll\u00f3 - Sindicatura de Greuges de Barcelona\",\"isPartOf\":{\"@id\":\"https:\\\/\\\/www.sindicaturabarcelona.cat\\\/ca\\\/#website\"},\"primaryImageOfPage\":{\"@id\":\"https:\\\/\\\/www.sindicaturabarcelona.cat\\\/ca\\\/recuperacio-baranes-historiques-metro-palau-robert-i-casa-batllo\\\/#primaryimage\"},\"image\":{\"@id\":\"https:\\\/\\\/www.sindicaturabarcelona.cat\\\/ca\\\/recuperacio-baranes-historiques-metro-palau-robert-i-casa-batllo\\\/#primaryimage\"},\"thumbnailUrl\":\"https:\\\/\\\/www.sindicaturabarcelona.cat\\\/wp-content\\\/uploads\\\/2021\\\/08\\\/9626_HBCN-Enllumenat-Passeig-de-Gracia-18-06-2014-LC01.jpg\",\"datePublished\":\"2021-08-24T11:04:00+00:00\",\"dateModified\":\"2021-09-14T10:16:06+00:00\",\"description\":\"Necessitat de planificar accions concretes per la recuperaci\u00f3 de les baranes hist\u00f2riques de l\u2019acc\u00e9s al metro de Palau Robert i la Casa Batll\u00f3.\",\"breadcrumb\":{\"@id\":\"https:\\\/\\\/www.sindicaturabarcelona.cat\\\/ca\\\/recuperacio-baranes-historiques-metro-palau-robert-i-casa-batllo\\\/#breadcrumb\"},\"inLanguage\":\"ca\",\"potentialAction\":[{\"@type\":\"ReadAction\",\"target\":[\"https:\\\/\\\/www.sindicaturabarcelona.cat\\\/ca\\\/recuperacio-baranes-historiques-metro-palau-robert-i-casa-batllo\\\/\"]}]},{\"@type\":\"ImageObject\",\"inLanguage\":\"ca\",\"@id\":\"https:\\\/\\\/www.sindicaturabarcelona.cat\\\/ca\\\/recuperacio-baranes-historiques-metro-palau-robert-i-casa-batllo\\\/#primaryimage\",\"url\":\"https:\\\/\\\/www.sindicaturabarcelona.cat\\\/wp-content\\\/uploads\\\/2021\\\/08\\\/9626_HBCN-Enllumenat-Passeig-de-Gracia-18-06-2014-LC01.jpg\",\"contentUrl\":\"https:\\\/\\\/www.sindicaturabarcelona.cat\\\/wp-content\\\/uploads\\\/2021\\\/08\\\/9626_HBCN-Enllumenat-Passeig-de-Gracia-18-06-2014-LC01.jpg\",\"width\":1024,\"height\":682,\"caption\":\"Baranes historiques\"},{\"@type\":\"BreadcrumbList\",\"@id\":\"https:\\\/\\\/www.sindicaturabarcelona.cat\\\/ca\\\/recuperacio-baranes-historiques-metro-palau-robert-i-casa-batllo\\\/#breadcrumb\",\"itemListElement\":[{\"@type\":\"ListItem\",\"position\":1,\"name\":\"Inici\",\"item\":\"https:\\\/\\\/www.sindicaturabarcelona.cat\\\/ca\\\/\"},{\"@type\":\"ListItem\",\"position\":2,\"name\":\"Vil\u00e0 assenyala la necessitat de planificar les accions concretes per la recuperaci\u00f3 de les baranes hist\u00f2riques de l\u2019acc\u00e9s al metro de Palau Robert i la Casa Batll\u00f3\"}]},{\"@type\":\"WebSite\",\"@id\":\"https:\\\/\\\/www.sindicaturabarcelona.cat\\\/ca\\\/#website\",\"url\":\"https:\\\/\\\/www.sindicaturabarcelona.cat\\\/ca\\\/\",\"name\":\"Sindicatura de Greuges de Barcelona\",\"description\":\"La defensoria dels teus drets\",\"publisher\":{\"@id\":\"https:\\\/\\\/www.sindicaturabarcelona.cat\\\/ca\\\/#organization\"},\"potentialAction\":[{\"@type\":\"SearchAction\",\"target\":{\"@type\":\"EntryPoint\",\"urlTemplate\":\"https:\\\/\\\/www.sindicaturabarcelona.cat\\\/ca\\\/?s={search_term_string}\"},\"query-input\":{\"@type\":\"PropertyValueSpecification\",\"valueRequired\":true,\"valueName\":\"search_term_string\"}}],\"inLanguage\":\"ca\"},{\"@type\":\"Organization\",\"@id\":\"https:\\\/\\\/www.sindicaturabarcelona.cat\\\/ca\\\/#organization\",\"name\":\"Sindicatura de Greuges de Barcelona\",\"url\":\"https:\\\/\\\/www.sindicaturabarcelona.cat\\\/ca\\\/\",\"logo\":{\"@type\":\"ImageObject\",\"inLanguage\":\"ca\",\"@id\":\"https:\\\/\\\/www.sindicaturabarcelona.cat\\\/ca\\\/#\\\/schema\\\/logo\\\/image\\\/\",\"url\":\"https:\\\/\\\/www.sindicaturabarcelona.cat\\\/wp-content\\\/uploads\\\/2023\\\/02\\\/logo_sindicatura.svg\",\"contentUrl\":\"https:\\\/\\\/www.sindicaturabarcelona.cat\\\/wp-content\\\/uploads\\\/2023\\\/02\\\/logo_sindicatura.svg\",\"caption\":\"Sindicatura de Greuges de Barcelona\"},\"image\":{\"@id\":\"https:\\\/\\\/www.sindicaturabarcelona.cat\\\/ca\\\/#\\\/schema\\\/logo\\\/image\\\/\"},\"sameAs\":[\"https:\\\/\\\/x.com\\\/sindicbarcelona\",\"https:\\\/\\\/www.instagram.com\\\/sindicbarcelona\\\/\",\"https:\\\/\\\/www.tiktok.com\\\/@sindicaturabcn\",\"https:\\\/\\\/t.me\\\/sindicaturabarcelona\"]},{\"@type\":\"Person\",\"@id\":\"https:\\\/\\\/www.sindicaturabarcelona.cat\\\/ca\\\/#\\\/schema\\\/person\\\/0e5acffc350ffdbc97578159322c9452\",\"name\":\"Pablo\",\"image\":{\"@type\":\"ImageObject\",\"inLanguage\":\"ca\",\"@id\":\"https:\\\/\\\/secure.gravatar.com\\\/avatar\\\/c948169b402ef9492afde705c3dfd5e90e1a6a84ef6840a91124f805a25a480f?s=96&d=mm&r=g\",\"url\":\"https:\\\/\\\/secure.gravatar.com\\\/avatar\\\/c948169b402ef9492afde705c3dfd5e90e1a6a84ef6840a91124f805a25a480f?s=96&d=mm&r=g\",\"contentUrl\":\"https:\\\/\\\/secure.gravatar.com\\\/avatar\\\/c948169b402ef9492afde705c3dfd5e90e1a6a84ef6840a91124f805a25a480f?s=96&d=mm&r=g\",\"caption\":\"Pablo\"},\"url\":\"https:\\\/\\\/www.sindicaturabarcelona.cat\\\/ca\\\/author\\\/pablo\\\/\"}]}<\/script>\n<!-- \/ Yoast SEO plugin. -->","yoast_head_json":{"title":"Vil\u00e0 assenyala la necessitat de planificar les accions concretes per la recuperaci\u00f3 de les baranes hist\u00f2riques de l\u2019acc\u00e9s al metro de Palau Robert i la Casa Batll\u00f3 - Sindicatura de Greuges de Barcelona","description":"Necessitat de planificar accions concretes per la recuperaci\u00f3 de les baranes hist\u00f2riques de l\u2019acc\u00e9s al metro de Palau Robert i la Casa Batll\u00f3.","robots":{"index":"index","follow":"follow","max-snippet":"max-snippet:-1","max-image-preview":"max-image-preview:large","max-video-preview":"max-video-preview:-1"},"canonical":"https:\/\/www.sindicaturabarcelona.cat\/ca\/recuperacio-baranes-historiques-metro-palau-robert-i-casa-batllo\/","og_locale":"ca_ES","og_type":"article","og_title":"Vil\u00e0 assenyala la necessitat de planificar les accions concretes per la recuperaci\u00f3 de les baranes hist\u00f2riques de l\u2019acc\u00e9s al metro de Palau Robert i la Casa Batll\u00f3 - Sindicatura de Greuges de Barcelona","og_description":"Necessitat de planificar accions concretes per la recuperaci\u00f3 de les baranes hist\u00f2riques de l\u2019acc\u00e9s al metro de Palau Robert i la Casa Batll\u00f3.","og_url":"https:\/\/www.sindicaturabarcelona.cat\/ca\/recuperacio-baranes-historiques-metro-palau-robert-i-casa-batllo\/","og_site_name":"Sindicatura de Greuges de Barcelona","article_published_time":"2021-08-24T11:04:00+00:00","article_modified_time":"2021-09-14T10:16:06+00:00","og_image":[{"width":1024,"height":682,"url":"https:\/\/www.sindicaturabarcelona.cat\/wp-content\/uploads\/2021\/08\/9626_HBCN-Enllumenat-Passeig-de-Gracia-18-06-2014-LC01.jpg","type":"image\/jpeg"}],"author":"Pablo","twitter_card":"summary_large_image","twitter_creator":"@sindicbarcelona","twitter_site":"@sindicbarcelona","twitter_misc":{"Escrit per":"Pablo","Temps estimat de lectura":"3 minuts"},"schema":{"@context":"https:\/\/schema.org","@graph":[{"@type":"Article","@id":"https:\/\/www.sindicaturabarcelona.cat\/ca\/recuperacio-baranes-historiques-metro-palau-robert-i-casa-batllo\/#article","isPartOf":{"@id":"https:\/\/www.sindicaturabarcelona.cat\/ca\/recuperacio-baranes-historiques-metro-palau-robert-i-casa-batllo\/"},"author":{"name":"Pablo","@id":"https:\/\/www.sindicaturabarcelona.cat\/ca\/#\/schema\/person\/0e5acffc350ffdbc97578159322c9452"},"headline":"Vil\u00e0 assenyala la necessitat de planificar les accions concretes per la recuperaci\u00f3 de les baranes hist\u00f2riques de l\u2019acc\u00e9s al metro de Palau Robert i la Casa Batll\u00f3","datePublished":"2021-08-24T11:04:00+00:00","dateModified":"2021-09-14T10:16:06+00:00","mainEntityOfPage":{"@id":"https:\/\/www.sindicaturabarcelona.cat\/ca\/recuperacio-baranes-historiques-metro-palau-robert-i-casa-batllo\/"},"wordCount":575,"publisher":{"@id":"https:\/\/www.sindicaturabarcelona.cat\/ca\/#organization"},"image":{"@id":"https:\/\/www.sindicaturabarcelona.cat\/ca\/recuperacio-baranes-historiques-metro-palau-robert-i-casa-batllo\/#primaryimage"},"thumbnailUrl":"https:\/\/www.sindicaturabarcelona.cat\/wp-content\/uploads\/2021\/08\/9626_HBCN-Enllumenat-Passeig-de-Gracia-18-06-2014-LC01.jpg","keywords":["baranes historiques","casa batllo","palau robert"],"inLanguage":"ca"},{"@type":"WebPage","@id":"https:\/\/www.sindicaturabarcelona.cat\/ca\/recuperacio-baranes-historiques-metro-palau-robert-i-casa-batllo\/","url":"https:\/\/www.sindicaturabarcelona.cat\/ca\/recuperacio-baranes-historiques-metro-palau-robert-i-casa-batllo\/","name":"Vil\u00e0 assenyala la necessitat de planificar les accions concretes per la recuperaci\u00f3 de les baranes hist\u00f2riques de l\u2019acc\u00e9s al metro de Palau Robert i la Casa Batll\u00f3 - Sindicatura de Greuges de Barcelona","isPartOf":{"@id":"https:\/\/www.sindicaturabarcelona.cat\/ca\/#website"},"primaryImageOfPage":{"@id":"https:\/\/www.sindicaturabarcelona.cat\/ca\/recuperacio-baranes-historiques-metro-palau-robert-i-casa-batllo\/#primaryimage"},"image":{"@id":"https:\/\/www.sindicaturabarcelona.cat\/ca\/recuperacio-baranes-historiques-metro-palau-robert-i-casa-batllo\/#primaryimage"},"thumbnailUrl":"https:\/\/www.sindicaturabarcelona.cat\/wp-content\/uploads\/2021\/08\/9626_HBCN-Enllumenat-Passeig-de-Gracia-18-06-2014-LC01.jpg","datePublished":"2021-08-24T11:04:00+00:00","dateModified":"2021-09-14T10:16:06+00:00","description":"Necessitat de planificar accions concretes per la recuperaci\u00f3 de les baranes hist\u00f2riques de l\u2019acc\u00e9s al metro de Palau Robert i la Casa Batll\u00f3.","breadcrumb":{"@id":"https:\/\/www.sindicaturabarcelona.cat\/ca\/recuperacio-baranes-historiques-metro-palau-robert-i-casa-batllo\/#breadcrumb"},"inLanguage":"ca","potentialAction":[{"@type":"ReadAction","target":["https:\/\/www.sindicaturabarcelona.cat\/ca\/recuperacio-baranes-historiques-metro-palau-robert-i-casa-batllo\/"]}]},{"@type":"ImageObject","inLanguage":"ca","@id":"https:\/\/www.sindicaturabarcelona.cat\/ca\/recuperacio-baranes-historiques-metro-palau-robert-i-casa-batllo\/#primaryimage","url":"https:\/\/www.sindicaturabarcelona.cat\/wp-content\/uploads\/2021\/08\/9626_HBCN-Enllumenat-Passeig-de-Gracia-18-06-2014-LC01.jpg","contentUrl":"https:\/\/www.sindicaturabarcelona.cat\/wp-content\/uploads\/2021\/08\/9626_HBCN-Enllumenat-Passeig-de-Gracia-18-06-2014-LC01.jpg","width":1024,"height":682,"caption":"Baranes historiques"},{"@type":"BreadcrumbList","@id":"https:\/\/www.sindicaturabarcelona.cat\/ca\/recuperacio-baranes-historiques-metro-palau-robert-i-casa-batllo\/#breadcrumb","itemListElement":[{"@type":"ListItem","position":1,"name":"Inici","item":"https:\/\/www.sindicaturabarcelona.cat\/ca\/"},{"@type":"ListItem","position":2,"name":"Vil\u00e0 assenyala la necessitat de planificar les accions concretes per la recuperaci\u00f3 de les baranes hist\u00f2riques de l\u2019acc\u00e9s al metro de Palau Robert i la Casa Batll\u00f3"}]},{"@type":"WebSite","@id":"https:\/\/www.sindicaturabarcelona.cat\/ca\/#website","url":"https:\/\/www.sindicaturabarcelona.cat\/ca\/","name":"Sindicatura de Greuges de Barcelona","description":"La defensoria dels teus drets","publisher":{"@id":"https:\/\/www.sindicaturabarcelona.cat\/ca\/#organization"},"potentialAction":[{"@type":"SearchAction","target":{"@type":"EntryPoint","urlTemplate":"https:\/\/www.sindicaturabarcelona.cat\/ca\/?s={search_term_string}"},"query-input":{"@type":"PropertyValueSpecification","valueRequired":true,"valueName":"search_term_string"}}],"inLanguage":"ca"},{"@type":"Organization","@id":"https:\/\/www.sindicaturabarcelona.cat\/ca\/#organization","name":"Sindicatura de Greuges de Barcelona","url":"https:\/\/www.sindicaturabarcelona.cat\/ca\/","logo":{"@type":"ImageObject","inLanguage":"ca","@id":"https:\/\/www.sindicaturabarcelona.cat\/ca\/#\/schema\/logo\/image\/","url":"https:\/\/www.sindicaturabarcelona.cat\/wp-content\/uploads\/2023\/02\/logo_sindicatura.svg","contentUrl":"https:\/\/www.sindicaturabarcelona.cat\/wp-content\/uploads\/2023\/02\/logo_sindicatura.svg","caption":"Sindicatura de Greuges de Barcelona"},"image":{"@id":"https:\/\/www.sindicaturabarcelona.cat\/ca\/#\/schema\/logo\/image\/"},"sameAs":["https:\/\/x.com\/sindicbarcelona","https:\/\/www.instagram.com\/sindicbarcelona\/","https:\/\/www.tiktok.com\/@sindicaturabcn","https:\/\/t.me\/sindicaturabarcelona"]},{"@type":"Person","@id":"https:\/\/www.sindicaturabarcelona.cat\/ca\/#\/schema\/person\/0e5acffc350ffdbc97578159322c9452","name":"Pablo","image":{"@type":"ImageObject","inLanguage":"ca","@id":"https:\/\/secure.gravatar.com\/avatar\/c948169b402ef9492afde705c3dfd5e90e1a6a84ef6840a91124f805a25a480f?s=96&d=mm&r=g","url":"https:\/\/secure.gravatar.com\/avatar\/c948169b402ef9492afde705c3dfd5e90e1a6a84ef6840a91124f805a25a480f?s=96&d=mm&r=g","contentUrl":"https:\/\/secure.gravatar.com\/avatar\/c948169b402ef9492afde705c3dfd5e90e1a6a84ef6840a91124f805a25a480f?s=96&d=mm&r=g","caption":"Pablo"},"url":"https:\/\/www.sindicaturabarcelona.cat\/ca\/author\/pablo\/"}]}},"_links":{"self":[{"href":"https:\/\/www.sindicaturabarcelona.cat\/ca\/wp-json\/wp\/v2\/posts\/12741","targetHints":{"allow":["GET"]}}],"collection":[{"href":"https:\/\/www.sindicaturabarcelona.cat\/ca\/wp-json\/wp\/v2\/posts"}],"about":[{"href":"https:\/\/www.sindicaturabarcelona.cat\/ca\/wp-json\/wp\/v2\/types\/post"}],"author":[{"embeddable":true,"href":"https:\/\/www.sindicaturabarcelona.cat\/ca\/wp-json\/wp\/v2\/users\/2"}],"replies":[{"embeddable":true,"href":"https:\/\/www.sindicaturabarcelona.cat\/ca\/wp-json\/wp\/v2\/comments?post=12741"}],"version-history":[{"count":0,"href":"https:\/\/www.sindicaturabarcelona.cat\/ca\/wp-json\/wp\/v2\/posts\/12741\/revisions"}],"wp:featuredmedia":[{"embeddable":true,"href":"https:\/\/www.sindicaturabarcelona.cat\/ca\/wp-json\/wp\/v2\/media\/12742"}],"wp:attachment":[{"href":"https:\/\/www.sindicaturabarcelona.cat\/ca\/wp-json\/wp\/v2\/media?parent=12741"}],"wp:term":[{"taxonomy":"post_tag","embeddable":true,"href":"https:\/\/www.sindicaturabarcelona.cat\/ca\/wp-json\/wp\/v2\/tags?post=12741"},{"taxonomy":"drets","embeddable":true,"href":"https:\/\/www.sindicaturabarcelona.cat\/ca\/wp-json\/wp\/v2\/drets?post=12741"}],"curies":[{"name":"wp","href":"https:\/\/api.w.org\/{rel}","templated":true}]}}