{"id":12732,"date":"2021-08-13T12:23:34","date_gmt":"2021-08-13T10:23:34","guid":{"rendered":"https:\/\/www.sindicabarcelona.cat\/?p=12732"},"modified":"2021-09-14T12:16:39","modified_gmt":"2021-09-14T10:16:39","slug":"potencial-zona-verda-les-corts","status":"publish","type":"post","link":"https:\/\/www.sindicaturabarcelona.cat\/ca\/potencial-zona-verda-les-corts\/","title":{"rendered":"La s\u00edndica demana el replantejament futur d\u2019una potencial zona verda en un espai de les Corts que actualment compleix la funci\u00f3 d\u2019aparcament"},"content":{"rendered":"\n<p class=\"has-text-align-justify\">Despr\u00e9s de la den\u00fancia del ve\u00efnat de les Corts, la s\u00edndica de greuges de Barcelona ha recomanat que s\u2019adeq\u00fci la planificaci\u00f3 d\u2019un espai del Districte que actualment compleix la funci\u00f3 d\u2019aparcament, per convertir-lo en verd i dotar-lo de coher\u00e8ncia amb l\u2019objectiu de tenir una ciutat m\u00e9s sostenible i verda.<\/p>\n\n\n\n<p class=\"has-text-align-justify\">La <a href=\"https:\/\/www.sindicaturabarcelona.cat\/\" target=\"_blank\" aria-label=\"Sindicatura de Greuges de Barcelona (opens in a new tab)\" rel=\"noreferrer noopener\" class=\"ek-link\">Sindicatura de Greuges de Barcelona<\/a> ha rebut el malestar ciutad\u00e0 en qu\u00e8 s\u2019exposa la <strong>disconformitat amb l\u2019Ajuntament pel no desenvolupament d\u2019un espai qualificat de zona verda a l\u2019illa formada pels carrers Benavent, Felipe de Paz, Comandant Ben\u00edtez i travessera de les Corts, on hi ha un p\u00e0rquing provisional de cotxes, amb defici\u00e8ncies de conservaci\u00f3<\/strong>. El ciutad\u00e0 explica que el Districte el va informar que no es trobava previst desenvolupar la zona verda que el planejament fa anys que preveu, fet que considera un greu perjudici per al ve\u00efnat de la zona, que en lloc de gaudir de la zona verda prevista han de patir un p\u00e0rquing amb les mol\u00e8sties que comporta i un espai que no es troba degudament mantingut.<\/p>\n\n\n\n<p><strong>Actuacions previstes a les Corts<\/strong><\/p>\n\n\n\n<p class=\"has-text-align-justify\">Cal citar que tots els districtes de Barcelona estan adoptant mesures de Govern de declaraci\u00f3 d\u2019emerg\u00e8ncia clim\u00e0tica, en qu\u00e8 la ciutat planteja set grans canvis de model. Dins d\u2019aquests canvis es destaca, com a reptes m\u00e9s rellevants, incrementar el verd urb\u00e0 i aconseguir que es distribueixi de manera equilibrada en tot el territori, aix\u00ed com transformar l\u2019espai p\u00fablic per millorar-ne les condicions ambientals i de salut. Tamb\u00e9 es manifesta en aquest canvi de model&nbsp; que cal recuperar l\u2019espai destinat al vehicle privat per a l\u2019\u00fas social, com ha estat per exemple la implementaci\u00f3 de les superilles i l\u2019increment de verd urb\u00e0.<\/p>\n\n\n\n<p class=\"has-text-align-justify\"><strong>A <a href=\"https:\/\/ajuntament.barcelona.cat\/lescorts\/ca\" target=\"_blank\" aria-label=\"les Corts (opens in a new tab)\" rel=\"noreferrer noopener\" class=\"ek-link\">les Corts<\/a>, dins les actuacions clau de verd urb\u00e0, destaca:<\/strong> millorar el manteniment dels parcs del Districte, les seves condicions i els seus usos, com \u00e9s el parc Cervantes, els jardins de\u00a0 Bacard\u00ed i els jardins de Clara Campoamor; redactar el nou espai verd p\u00fablic al carrer de John M. Keynes, i urbanitzar la nova zona verda de l\u2019avinguda de Mare de D\u00e9u de Lorda i el nou espai verd d\u2019Europa-Anglesola.<\/p>\n\n\n\n<p><strong>L\u2019illa de carrers protagonista de la queixa<\/strong><\/p>\n\n\n\n<p class=\"has-text-align-justify\">Dins de l\u2019illa formada pels carrers Benavent, Felipe de Paz, Comandant Ben\u00edtez i travessera de les Corts, manca per urbanitzar un solar destinat a zona verda. Aquest espai t\u00e9 una qualificaci\u00f3 de 6b Parcs i Jardins de nova creaci\u00f3 de car\u00e0cter local des de fa molts anys, que va mantenir-se en la darrera Modificaci\u00f3 del Pla Especial de Reforma Interior del sector Bacard\u00ed de l\u2019any 1999.<\/p>\n\n\n\n<p class=\"has-text-align-justify\"><strong>Aquesta provisionalitat com a p\u00e0rquing, segons ha informat l\u2019Ajuntament, no t\u00e9 data de finalitzaci\u00f3, ja que no hi ha cap previsi\u00f3 i no es troba entre les actuacions a prioritzar per crear la zona verda, d\u2019acord amb el Pla d\u2019Actuaci\u00f3 del Districte per al per\u00edode 2020-2024.<\/strong><\/p>\n\n\n\n<p class=\"has-text-align-justify\"><strong>Ara b\u00e9, tot i que, com s\u2019ha comentat en el punt anterior, l\u2019espai objecte d\u2019an\u00e0lisi est\u00e0 qualificat d\u2019espai verd en el planejament especial, res es diu d\u2019aquest espai en les mesures municipals. Per tant, sembla que es renunci\u00ef a la seva implementaci\u00f3 com a zona verda en un futur, tot i que fer-ho refor\u00e7aria totes les l\u00ednies estrat\u00e8giques i objectius que ha marcat l\u2019Ajuntament. A m\u00e9s a m\u00e9s, es donaria compliment al planejament previst des de fa molts anys.<\/strong><\/p>\n\n\n\n<p class=\"has-text-align-justify\">Finalment s\u2019ha de remarcar tamb\u00e9 la millora en el paisatge urb\u00e0 que suposaria pel ve\u00efnat de la zona, ja que no nom\u00e9s es tracta de possibles defici\u00e8ncies en el manteniment de l\u2019espai (que l\u2019Ajuntament informa que han estat corregides), sin\u00f3 del dret de la ciutadania a gaudir d\u2019un paisatge urb\u00e0 harm\u00f2nic, i a la millora, protecci\u00f3 i manteniment d\u2019aquest i de la imatge de la ciutat, que queda desvirtuat actualment amb l\u2019\u00fas que es fa de l\u2019espai com a aparcament de cotxes.&nbsp;<\/p>\n","protected":false},"excerpt":{"rendered":"<p>Despr\u00e9s de la den\u00fancia del ve\u00efnat de les Corts, la s\u00edndica de greuges de Barcelona ha recomanat que s\u2019adeq\u00fci la planificaci\u00f3 d\u2019un espai del Districte que actualment compleix la funci\u00f3 [&hellip;]<\/p>\n","protected":false},"author":2,"featured_media":12733,"comment_status":"closed","ping_status":"open","sticky":false,"template":"","format":"standard","meta":{"_acf_changed":false,"footnotes":""},"tags":[1208,1206,1207],"drets":[],"class_list":["post-12732","post","type-post","status-publish","format-standard","has-post-thumbnail","hentry","tag-aparcament-les-corts","tag-espai-verd-les-corts","tag-les-corts"],"acf":[],"yoast_head":"<!-- This site is optimized with the Yoast SEO plugin v27.5 - https:\/\/yoast.com\/product\/yoast-seo-wordpress\/ -->\n<title>La s\u00edndica demana el replantejament futur d\u2019una potencial zona verda en un espai de les Corts que actualment compleix la funci\u00f3 d\u2019aparcament - Sindicatura de Greuges de Barcelona<\/title>\n<meta name=\"description\" content=\"Replantejament futur d\u2019una potencial zona verda en un espai de les Corts que actualment compleix la funci\u00f3 d\u2019aparcament.\" \/>\n<meta name=\"robots\" content=\"index, follow, max-snippet:-1, max-image-preview:large, max-video-preview:-1\" \/>\n<link rel=\"canonical\" href=\"https:\/\/www.sindicaturabarcelona.cat\/ca\/potencial-zona-verda-les-corts\/\" \/>\n<meta property=\"og:locale\" content=\"ca_ES\" \/>\n<meta property=\"og:type\" content=\"article\" \/>\n<meta property=\"og:title\" content=\"La s\u00edndica demana el replantejament futur d\u2019una potencial zona verda en un espai de les Corts que actualment compleix la funci\u00f3 d\u2019aparcament - Sindicatura de Greuges de Barcelona\" \/>\n<meta property=\"og:description\" content=\"Replantejament futur d\u2019una potencial zona verda en un espai de les Corts que actualment compleix la funci\u00f3 d\u2019aparcament.\" \/>\n<meta property=\"og:url\" content=\"https:\/\/www.sindicaturabarcelona.cat\/ca\/potencial-zona-verda-les-corts\/\" \/>\n<meta property=\"og:site_name\" content=\"Sindicatura de Greuges de Barcelona\" \/>\n<meta property=\"article:published_time\" content=\"2021-08-13T10:23:34+00:00\" \/>\n<meta property=\"article:modified_time\" content=\"2021-09-14T10:16:39+00:00\" \/>\n<meta property=\"og:image\" content=\"https:\/\/www.sindicaturabarcelona.cat\/wp-content\/uploads\/2021\/08\/Espai-verd-Les-Corts.png\" \/>\n\t<meta property=\"og:image:width\" content=\"941\" \/>\n\t<meta property=\"og:image:height\" content=\"565\" \/>\n\t<meta property=\"og:image:type\" content=\"image\/png\" \/>\n<meta name=\"author\" content=\"Pablo\" \/>\n<meta name=\"twitter:card\" content=\"summary_large_image\" \/>\n<meta name=\"twitter:creator\" content=\"@sindicbarcelona\" \/>\n<meta name=\"twitter:site\" content=\"@sindicbarcelona\" \/>\n<meta name=\"twitter:label1\" content=\"Escrit per\" \/>\n\t<meta name=\"twitter:data1\" content=\"Pablo\" \/>\n\t<meta name=\"twitter:label2\" content=\"Temps estimat de lectura\" \/>\n\t<meta name=\"twitter:data2\" content=\"3 minuts\" \/>\n<script type=\"application\/ld+json\" class=\"yoast-schema-graph\">{\"@context\":\"https:\\\/\\\/schema.org\",\"@graph\":[{\"@type\":\"Article\",\"@id\":\"https:\\\/\\\/www.sindicaturabarcelona.cat\\\/ca\\\/potencial-zona-verda-les-corts\\\/#article\",\"isPartOf\":{\"@id\":\"https:\\\/\\\/www.sindicaturabarcelona.cat\\\/ca\\\/potencial-zona-verda-les-corts\\\/\"},\"author\":{\"name\":\"Pablo\",\"@id\":\"https:\\\/\\\/www.sindicaturabarcelona.cat\\\/ca\\\/#\\\/schema\\\/person\\\/0e5acffc350ffdbc97578159322c9452\"},\"headline\":\"La s\u00edndica demana el replantejament futur d\u2019una potencial zona verda en un espai de les Corts que actualment compleix la funci\u00f3 d\u2019aparcament\",\"datePublished\":\"2021-08-13T10:23:34+00:00\",\"dateModified\":\"2021-09-14T10:16:39+00:00\",\"mainEntityOfPage\":{\"@id\":\"https:\\\/\\\/www.sindicaturabarcelona.cat\\\/ca\\\/potencial-zona-verda-les-corts\\\/\"},\"wordCount\":722,\"publisher\":{\"@id\":\"https:\\\/\\\/www.sindicaturabarcelona.cat\\\/ca\\\/#organization\"},\"image\":{\"@id\":\"https:\\\/\\\/www.sindicaturabarcelona.cat\\\/ca\\\/potencial-zona-verda-les-corts\\\/#primaryimage\"},\"thumbnailUrl\":\"https:\\\/\\\/www.sindicaturabarcelona.cat\\\/wp-content\\\/uploads\\\/2021\\\/08\\\/Espai-verd-Les-Corts.png\",\"keywords\":[\"aparcament les corts\",\"espai verd les corts\",\"les corts\"],\"inLanguage\":\"ca\"},{\"@type\":\"WebPage\",\"@id\":\"https:\\\/\\\/www.sindicaturabarcelona.cat\\\/ca\\\/potencial-zona-verda-les-corts\\\/\",\"url\":\"https:\\\/\\\/www.sindicaturabarcelona.cat\\\/ca\\\/potencial-zona-verda-les-corts\\\/\",\"name\":\"La s\u00edndica demana el replantejament futur d\u2019una potencial zona verda en un espai de les Corts que actualment compleix la funci\u00f3 d\u2019aparcament - Sindicatura de Greuges de Barcelona\",\"isPartOf\":{\"@id\":\"https:\\\/\\\/www.sindicaturabarcelona.cat\\\/ca\\\/#website\"},\"primaryImageOfPage\":{\"@id\":\"https:\\\/\\\/www.sindicaturabarcelona.cat\\\/ca\\\/potencial-zona-verda-les-corts\\\/#primaryimage\"},\"image\":{\"@id\":\"https:\\\/\\\/www.sindicaturabarcelona.cat\\\/ca\\\/potencial-zona-verda-les-corts\\\/#primaryimage\"},\"thumbnailUrl\":\"https:\\\/\\\/www.sindicaturabarcelona.cat\\\/wp-content\\\/uploads\\\/2021\\\/08\\\/Espai-verd-Les-Corts.png\",\"datePublished\":\"2021-08-13T10:23:34+00:00\",\"dateModified\":\"2021-09-14T10:16:39+00:00\",\"description\":\"Replantejament futur d\u2019una potencial zona verda en un espai de les Corts que actualment compleix la funci\u00f3 d\u2019aparcament.\",\"breadcrumb\":{\"@id\":\"https:\\\/\\\/www.sindicaturabarcelona.cat\\\/ca\\\/potencial-zona-verda-les-corts\\\/#breadcrumb\"},\"inLanguage\":\"ca\",\"potentialAction\":[{\"@type\":\"ReadAction\",\"target\":[\"https:\\\/\\\/www.sindicaturabarcelona.cat\\\/ca\\\/potencial-zona-verda-les-corts\\\/\"]}]},{\"@type\":\"ImageObject\",\"inLanguage\":\"ca\",\"@id\":\"https:\\\/\\\/www.sindicaturabarcelona.cat\\\/ca\\\/potencial-zona-verda-les-corts\\\/#primaryimage\",\"url\":\"https:\\\/\\\/www.sindicaturabarcelona.cat\\\/wp-content\\\/uploads\\\/2021\\\/08\\\/Espai-verd-Les-Corts.png\",\"contentUrl\":\"https:\\\/\\\/www.sindicaturabarcelona.cat\\\/wp-content\\\/uploads\\\/2021\\\/08\\\/Espai-verd-Les-Corts.png\",\"width\":941,\"height\":565,\"caption\":\"Espai Verd les Corts\"},{\"@type\":\"BreadcrumbList\",\"@id\":\"https:\\\/\\\/www.sindicaturabarcelona.cat\\\/ca\\\/potencial-zona-verda-les-corts\\\/#breadcrumb\",\"itemListElement\":[{\"@type\":\"ListItem\",\"position\":1,\"name\":\"Inici\",\"item\":\"https:\\\/\\\/www.sindicaturabarcelona.cat\\\/ca\\\/\"},{\"@type\":\"ListItem\",\"position\":2,\"name\":\"La s\u00edndica demana el replantejament futur d\u2019una potencial zona verda en un espai de les Corts que actualment compleix la funci\u00f3 d\u2019aparcament\"}]},{\"@type\":\"WebSite\",\"@id\":\"https:\\\/\\\/www.sindicaturabarcelona.cat\\\/ca\\\/#website\",\"url\":\"https:\\\/\\\/www.sindicaturabarcelona.cat\\\/ca\\\/\",\"name\":\"Sindicatura de Greuges de Barcelona\",\"description\":\"La defensoria dels teus drets\",\"publisher\":{\"@id\":\"https:\\\/\\\/www.sindicaturabarcelona.cat\\\/ca\\\/#organization\"},\"potentialAction\":[{\"@type\":\"SearchAction\",\"target\":{\"@type\":\"EntryPoint\",\"urlTemplate\":\"https:\\\/\\\/www.sindicaturabarcelona.cat\\\/ca\\\/?s={search_term_string}\"},\"query-input\":{\"@type\":\"PropertyValueSpecification\",\"valueRequired\":true,\"valueName\":\"search_term_string\"}}],\"inLanguage\":\"ca\"},{\"@type\":\"Organization\",\"@id\":\"https:\\\/\\\/www.sindicaturabarcelona.cat\\\/ca\\\/#organization\",\"name\":\"Sindicatura de Greuges de Barcelona\",\"url\":\"https:\\\/\\\/www.sindicaturabarcelona.cat\\\/ca\\\/\",\"logo\":{\"@type\":\"ImageObject\",\"inLanguage\":\"ca\",\"@id\":\"https:\\\/\\\/www.sindicaturabarcelona.cat\\\/ca\\\/#\\\/schema\\\/logo\\\/image\\\/\",\"url\":\"https:\\\/\\\/www.sindicaturabarcelona.cat\\\/wp-content\\\/uploads\\\/2023\\\/02\\\/logo_sindicatura.svg\",\"contentUrl\":\"https:\\\/\\\/www.sindicaturabarcelona.cat\\\/wp-content\\\/uploads\\\/2023\\\/02\\\/logo_sindicatura.svg\",\"caption\":\"Sindicatura de Greuges de Barcelona\"},\"image\":{\"@id\":\"https:\\\/\\\/www.sindicaturabarcelona.cat\\\/ca\\\/#\\\/schema\\\/logo\\\/image\\\/\"},\"sameAs\":[\"https:\\\/\\\/x.com\\\/sindicbarcelona\",\"https:\\\/\\\/www.instagram.com\\\/sindicbarcelona\\\/\",\"https:\\\/\\\/www.tiktok.com\\\/@sindicaturabcn\",\"https:\\\/\\\/t.me\\\/sindicaturabarcelona\"]},{\"@type\":\"Person\",\"@id\":\"https:\\\/\\\/www.sindicaturabarcelona.cat\\\/ca\\\/#\\\/schema\\\/person\\\/0e5acffc350ffdbc97578159322c9452\",\"name\":\"Pablo\",\"image\":{\"@type\":\"ImageObject\",\"inLanguage\":\"ca\",\"@id\":\"https:\\\/\\\/secure.gravatar.com\\\/avatar\\\/c948169b402ef9492afde705c3dfd5e90e1a6a84ef6840a91124f805a25a480f?s=96&d=mm&r=g\",\"url\":\"https:\\\/\\\/secure.gravatar.com\\\/avatar\\\/c948169b402ef9492afde705c3dfd5e90e1a6a84ef6840a91124f805a25a480f?s=96&d=mm&r=g\",\"contentUrl\":\"https:\\\/\\\/secure.gravatar.com\\\/avatar\\\/c948169b402ef9492afde705c3dfd5e90e1a6a84ef6840a91124f805a25a480f?s=96&d=mm&r=g\",\"caption\":\"Pablo\"},\"url\":\"https:\\\/\\\/www.sindicaturabarcelona.cat\\\/ca\\\/author\\\/pablo\\\/\"}]}<\/script>\n<!-- \/ Yoast SEO plugin. -->","yoast_head_json":{"title":"La s\u00edndica demana el replantejament futur d\u2019una potencial zona verda en un espai de les Corts que actualment compleix la funci\u00f3 d\u2019aparcament - Sindicatura de Greuges de Barcelona","description":"Replantejament futur d\u2019una potencial zona verda en un espai de les Corts que actualment compleix la funci\u00f3 d\u2019aparcament.","robots":{"index":"index","follow":"follow","max-snippet":"max-snippet:-1","max-image-preview":"max-image-preview:large","max-video-preview":"max-video-preview:-1"},"canonical":"https:\/\/www.sindicaturabarcelona.cat\/ca\/potencial-zona-verda-les-corts\/","og_locale":"ca_ES","og_type":"article","og_title":"La s\u00edndica demana el replantejament futur d\u2019una potencial zona verda en un espai de les Corts que actualment compleix la funci\u00f3 d\u2019aparcament - Sindicatura de Greuges de Barcelona","og_description":"Replantejament futur d\u2019una potencial zona verda en un espai de les Corts que actualment compleix la funci\u00f3 d\u2019aparcament.","og_url":"https:\/\/www.sindicaturabarcelona.cat\/ca\/potencial-zona-verda-les-corts\/","og_site_name":"Sindicatura de Greuges de Barcelona","article_published_time":"2021-08-13T10:23:34+00:00","article_modified_time":"2021-09-14T10:16:39+00:00","og_image":[{"width":941,"height":565,"url":"https:\/\/www.sindicaturabarcelona.cat\/wp-content\/uploads\/2021\/08\/Espai-verd-Les-Corts.png","type":"image\/png"}],"author":"Pablo","twitter_card":"summary_large_image","twitter_creator":"@sindicbarcelona","twitter_site":"@sindicbarcelona","twitter_misc":{"Escrit per":"Pablo","Temps estimat de lectura":"3 minuts"},"schema":{"@context":"https:\/\/schema.org","@graph":[{"@type":"Article","@id":"https:\/\/www.sindicaturabarcelona.cat\/ca\/potencial-zona-verda-les-corts\/#article","isPartOf":{"@id":"https:\/\/www.sindicaturabarcelona.cat\/ca\/potencial-zona-verda-les-corts\/"},"author":{"name":"Pablo","@id":"https:\/\/www.sindicaturabarcelona.cat\/ca\/#\/schema\/person\/0e5acffc350ffdbc97578159322c9452"},"headline":"La s\u00edndica demana el replantejament futur d\u2019una potencial zona verda en un espai de les Corts que actualment compleix la funci\u00f3 d\u2019aparcament","datePublished":"2021-08-13T10:23:34+00:00","dateModified":"2021-09-14T10:16:39+00:00","mainEntityOfPage":{"@id":"https:\/\/www.sindicaturabarcelona.cat\/ca\/potencial-zona-verda-les-corts\/"},"wordCount":722,"publisher":{"@id":"https:\/\/www.sindicaturabarcelona.cat\/ca\/#organization"},"image":{"@id":"https:\/\/www.sindicaturabarcelona.cat\/ca\/potencial-zona-verda-les-corts\/#primaryimage"},"thumbnailUrl":"https:\/\/www.sindicaturabarcelona.cat\/wp-content\/uploads\/2021\/08\/Espai-verd-Les-Corts.png","keywords":["aparcament les corts","espai verd les corts","les corts"],"inLanguage":"ca"},{"@type":"WebPage","@id":"https:\/\/www.sindicaturabarcelona.cat\/ca\/potencial-zona-verda-les-corts\/","url":"https:\/\/www.sindicaturabarcelona.cat\/ca\/potencial-zona-verda-les-corts\/","name":"La s\u00edndica demana el replantejament futur d\u2019una potencial zona verda en un espai de les Corts que actualment compleix la funci\u00f3 d\u2019aparcament - Sindicatura de Greuges de Barcelona","isPartOf":{"@id":"https:\/\/www.sindicaturabarcelona.cat\/ca\/#website"},"primaryImageOfPage":{"@id":"https:\/\/www.sindicaturabarcelona.cat\/ca\/potencial-zona-verda-les-corts\/#primaryimage"},"image":{"@id":"https:\/\/www.sindicaturabarcelona.cat\/ca\/potencial-zona-verda-les-corts\/#primaryimage"},"thumbnailUrl":"https:\/\/www.sindicaturabarcelona.cat\/wp-content\/uploads\/2021\/08\/Espai-verd-Les-Corts.png","datePublished":"2021-08-13T10:23:34+00:00","dateModified":"2021-09-14T10:16:39+00:00","description":"Replantejament futur d\u2019una potencial zona verda en un espai de les Corts que actualment compleix la funci\u00f3 d\u2019aparcament.","breadcrumb":{"@id":"https:\/\/www.sindicaturabarcelona.cat\/ca\/potencial-zona-verda-les-corts\/#breadcrumb"},"inLanguage":"ca","potentialAction":[{"@type":"ReadAction","target":["https:\/\/www.sindicaturabarcelona.cat\/ca\/potencial-zona-verda-les-corts\/"]}]},{"@type":"ImageObject","inLanguage":"ca","@id":"https:\/\/www.sindicaturabarcelona.cat\/ca\/potencial-zona-verda-les-corts\/#primaryimage","url":"https:\/\/www.sindicaturabarcelona.cat\/wp-content\/uploads\/2021\/08\/Espai-verd-Les-Corts.png","contentUrl":"https:\/\/www.sindicaturabarcelona.cat\/wp-content\/uploads\/2021\/08\/Espai-verd-Les-Corts.png","width":941,"height":565,"caption":"Espai Verd les Corts"},{"@type":"BreadcrumbList","@id":"https:\/\/www.sindicaturabarcelona.cat\/ca\/potencial-zona-verda-les-corts\/#breadcrumb","itemListElement":[{"@type":"ListItem","position":1,"name":"Inici","item":"https:\/\/www.sindicaturabarcelona.cat\/ca\/"},{"@type":"ListItem","position":2,"name":"La s\u00edndica demana el replantejament futur d\u2019una potencial zona verda en un espai de les Corts que actualment compleix la funci\u00f3 d\u2019aparcament"}]},{"@type":"WebSite","@id":"https:\/\/www.sindicaturabarcelona.cat\/ca\/#website","url":"https:\/\/www.sindicaturabarcelona.cat\/ca\/","name":"Sindicatura de Greuges de Barcelona","description":"La defensoria dels teus drets","publisher":{"@id":"https:\/\/www.sindicaturabarcelona.cat\/ca\/#organization"},"potentialAction":[{"@type":"SearchAction","target":{"@type":"EntryPoint","urlTemplate":"https:\/\/www.sindicaturabarcelona.cat\/ca\/?s={search_term_string}"},"query-input":{"@type":"PropertyValueSpecification","valueRequired":true,"valueName":"search_term_string"}}],"inLanguage":"ca"},{"@type":"Organization","@id":"https:\/\/www.sindicaturabarcelona.cat\/ca\/#organization","name":"Sindicatura de Greuges de Barcelona","url":"https:\/\/www.sindicaturabarcelona.cat\/ca\/","logo":{"@type":"ImageObject","inLanguage":"ca","@id":"https:\/\/www.sindicaturabarcelona.cat\/ca\/#\/schema\/logo\/image\/","url":"https:\/\/www.sindicaturabarcelona.cat\/wp-content\/uploads\/2023\/02\/logo_sindicatura.svg","contentUrl":"https:\/\/www.sindicaturabarcelona.cat\/wp-content\/uploads\/2023\/02\/logo_sindicatura.svg","caption":"Sindicatura de Greuges de Barcelona"},"image":{"@id":"https:\/\/www.sindicaturabarcelona.cat\/ca\/#\/schema\/logo\/image\/"},"sameAs":["https:\/\/x.com\/sindicbarcelona","https:\/\/www.instagram.com\/sindicbarcelona\/","https:\/\/www.tiktok.com\/@sindicaturabcn","https:\/\/t.me\/sindicaturabarcelona"]},{"@type":"Person","@id":"https:\/\/www.sindicaturabarcelona.cat\/ca\/#\/schema\/person\/0e5acffc350ffdbc97578159322c9452","name":"Pablo","image":{"@type":"ImageObject","inLanguage":"ca","@id":"https:\/\/secure.gravatar.com\/avatar\/c948169b402ef9492afde705c3dfd5e90e1a6a84ef6840a91124f805a25a480f?s=96&d=mm&r=g","url":"https:\/\/secure.gravatar.com\/avatar\/c948169b402ef9492afde705c3dfd5e90e1a6a84ef6840a91124f805a25a480f?s=96&d=mm&r=g","contentUrl":"https:\/\/secure.gravatar.com\/avatar\/c948169b402ef9492afde705c3dfd5e90e1a6a84ef6840a91124f805a25a480f?s=96&d=mm&r=g","caption":"Pablo"},"url":"https:\/\/www.sindicaturabarcelona.cat\/ca\/author\/pablo\/"}]}},"_links":{"self":[{"href":"https:\/\/www.sindicaturabarcelona.cat\/ca\/wp-json\/wp\/v2\/posts\/12732","targetHints":{"allow":["GET"]}}],"collection":[{"href":"https:\/\/www.sindicaturabarcelona.cat\/ca\/wp-json\/wp\/v2\/posts"}],"about":[{"href":"https:\/\/www.sindicaturabarcelona.cat\/ca\/wp-json\/wp\/v2\/types\/post"}],"author":[{"embeddable":true,"href":"https:\/\/www.sindicaturabarcelona.cat\/ca\/wp-json\/wp\/v2\/users\/2"}],"replies":[{"embeddable":true,"href":"https:\/\/www.sindicaturabarcelona.cat\/ca\/wp-json\/wp\/v2\/comments?post=12732"}],"version-history":[{"count":0,"href":"https:\/\/www.sindicaturabarcelona.cat\/ca\/wp-json\/wp\/v2\/posts\/12732\/revisions"}],"wp:featuredmedia":[{"embeddable":true,"href":"https:\/\/www.sindicaturabarcelona.cat\/ca\/wp-json\/wp\/v2\/media\/12733"}],"wp:attachment":[{"href":"https:\/\/www.sindicaturabarcelona.cat\/ca\/wp-json\/wp\/v2\/media?parent=12732"}],"wp:term":[{"taxonomy":"post_tag","embeddable":true,"href":"https:\/\/www.sindicaturabarcelona.cat\/ca\/wp-json\/wp\/v2\/tags?post=12732"},{"taxonomy":"drets","embeddable":true,"href":"https:\/\/www.sindicaturabarcelona.cat\/ca\/wp-json\/wp\/v2\/drets?post=12732"}],"curies":[{"name":"wp","href":"https:\/\/api.w.org\/{rel}","templated":true}]}}