{"id":12601,"date":"2021-06-15T09:33:08","date_gmt":"2021-06-15T07:33:08","guid":{"rendered":"https:\/\/www.sindicabarcelona.cat\/?p=12601"},"modified":"2021-06-15T09:33:09","modified_gmt":"2021-06-15T07:33:09","slug":"queixes-ciutadanes-continuen-i-la-t-mobilitat-segueix-sense-implementar-se","status":"publish","type":"post","link":"https:\/\/www.sindicaturabarcelona.cat\/ca\/queixes-ciutadanes-continuen-i-la-t-mobilitat-segueix-sense-implementar-se\/","title":{"rendered":"Les queixes ciutadanes envers els t\u00edtols de transport continuen i la T-Mobilitat segueix sense implementar-se"},"content":{"rendered":"\n<div class=\"wp-block-group\"><div class=\"wp-block-group__inner-container is-layout-flow wp-block-group-is-layout-flow\">\n<h4 class=\"wp-block-heading\"><strong>Un dels motius de disconformitat de la ciutadania est\u00e0 relacionat amb la T-Jove i altres t\u00edtols personalitzats que requereixen identificaci\u00f3 per al seu \u00fas,\u00a0 per la impossibilitat d\u2019emetre duplicats en cas de p\u00e8rdua o sostracci\u00f3 acreditada, fet que implica adquirir-ne un de nou.<\/strong><\/h4>\n\n\n\n<h4 class=\"wp-block-heading\"><strong>L\u2019altre gran motiu de queixa de les fam\u00edlies barcelonines \u00e9s el criteri de finalitzaci\u00f3 de l\u2019\u00fas de la T-16 (31 de desembre de l\u2019any en qu\u00e8 es compleixen 16 anys) i no per la data de naixement, com regia anteriorment. Aix\u00f2 produeix greuges entre els nascuts a comen\u00e7aments i finals d\u2019any.<\/strong><\/h4>\n<\/div><\/div>\n\n\n\n<p class=\"has-text-align-justify\">Hist\u00f2ricament, la Sindicatura de Greuges de Barcelona ha rebut queixes i demandes ciutadanes que exposen problem\u00e0tiques relacionades amb les condicions d\u2019\u00fas dels t\u00edtols de transport: d\u2019una banda, la impossibilitat d\u2019adquirir un duplicat en els t\u00edtols personalitzats com la T-Jove o altres en cas de p\u00e8rdua o sostracci\u00f3 acreditada; i de l\u2019altra, el greuge comparatiu segons data de naixement en la caducitat de la T-16.<\/p>\n\n\n\n<p class=\"has-text-align-justify\"><strong>Enguany, la s\u00edndica s\u2019ha tornat a dirigir a <a href=\"https:\/\/www.atm.cat\/web\/index.php\" target=\"_blank\" aria-label=\"l\u2019ATM (opens in a new tab)\" rel=\"noreferrer noopener\" class=\"ek-link\">l\u2019ATM<\/a> (Autoritat del Transport Metropolit\u00e0) per advertir que cal trobar solucions a aquestes problem\u00e0tiques exposades per la impossibilitat del bescanvi, ja que l\u2019actuaci\u00f3 no pot seguir condicionada a una T-Mobilitat que pateix un endarreriment cr\u00f2nic.<\/strong> D\u2019altra banda, des de la Sindicatura tamb\u00e9 es fa un altre advertiment a l\u2019ATM per posar fi al greuge comparatiu segons data de naixement que pateixen les persones usu\u00e0ries de la T-16, i aix\u00ed poder disposar d\u2019una cobertura igualit\u00e0ria per tothom.<\/p>\n\n\n\n<p class=\"has-text-align-justify\">Alhora, la defensora, a banda de reiterar les recomanacions ja efectuades diverses vegades, vol demanar que la informaci\u00f3 sobre els nous t\u00edtols sigui clara i entenedora, i que es tinguin en compte aquells col\u00b7lectius que puguin tenir m\u00e9s dificultats d\u2019adaptaci\u00f3 als canvis i susceptibles de presentar problem\u00e0tiques en relaci\u00f3 amb l\u2019anomenada escletxa digital.\u00a0<\/p>\n\n\n\n<h3 class=\"wp-block-heading\"><strong>Sense data oficial per la T-Mobilitat<\/strong><\/h3>\n\n\n\n<p class=\"has-text-align-justify\">La s\u00edndica de greuges de Barcelona, Maria Assumpci\u00f3 Vil\u00e0, s\u2019ha dirigit a ATM per con\u00e8ixer la data d\u2019implementaci\u00f3 de la T-Mobilitat, que te\u00f2ricament preveu resoldre els problemes de bescanvis exposats, <strong>sense que l\u2019ATM concreti cap data oficial d\u2019aplicaci\u00f3 d\u2019aquest nou t\u00edtol de transport.<\/strong><\/p>\n\n\n\n<p class=\"has-text-align-justify\">Per aquest motiu, des de la Sindicatura<strong> cal reiterar la preocupaci\u00f3 pels perjudicis que aquest endarreriment cr\u00f2nic ha produ\u00eft i segueix causant a la ciutadania<\/strong>,alhora que demana que es vetlli perqu\u00e8 la implementaci\u00f3 progressiva del nou sistema no produeixi greuges entre els usuaris.<\/p>\n\n\n\n<p class=\"has-text-align-justify\"><strong>De fet, prenent com a refer\u00e8ncia l\u2019any 2015, moment en qu\u00e8 s\u2019anunciava la T-Mobilitat, tot i que s\u2019havia comen\u00e7at a idear l\u2019any 2013, aquesta Sindicatura amb anterioritat ja havia estat receptora de queixes sobre l\u2019\u00fas dels t\u00edtols de transport.\u00a0 <\/strong>En aquest sentit es constata que les diferents problem\u00e0tiques relatives als t\u00edtols de transport han significat, nom\u00e9s\u00a0 des de l\u2019any\u00a0 2015, la recepci\u00f3, atenci\u00f3, assessorament o estudi per a l\u2019emissi\u00f3 de resolucions de prop de 70 expedients, que sobretot es refereixen a la T-12, i actual T-16, i a la T-Jove.\u00a0<\/p>\n\n\n\n<h3 class=\"wp-block-heading\"><strong>Quines caracter\u00edstiques tindr\u00e0 la T-Mobilitat?<\/strong><\/h3>\n\n\n\n<p class=\"has-text-align-justify\">Des de l\u2019ATM s\u2019ha informat la Sindicatura de Greuges de Barcelona que, en una primera fase, la T-Mobilitat estar\u00e0 disponible pels 36 municipis de l\u2019\u00c0rea Metropolitana de Barcelona i <strong>pels t\u00edtols T-Usual, T-Jove, i les modalitats Fam\u00edlia Nombrosa i Fam\u00edlia Monoparental<\/strong>. A continuaci\u00f3, i de manera gradual, s\u2019aniran incorporant la resta de t\u00edtols de l\u2019actual gamma de transport integrat per facilitar als usuaris i usu\u00e0ries l\u2019adaptaci\u00f3 al canvi de model i sistema tecnol\u00f2gic sense contacte. Les regles de funcionament tarifari dels t\u00edtols integrats en termes de caducitat, edat o vig\u00e8ncia seran les mateixes en el sistema sense contacte T-Mobilitat que en el sistema magn\u00e8tic actual.<\/p>\n\n\n\n<p class=\"has-text-align-justify\">L\u2019ATM informa que la implantaci\u00f3 de la T-Mobilitat incorporar\u00e0 importants millores per l\u2019usuari. <strong>Destaca la possibilitat de sol\u00b7licitar un duplicat en cas de robatori, p\u00e8rdua o dany, amb la possibilitat de restablir els t\u00edtols amb les mateixes caracter\u00edstiques de caducitat, saldo i zonificaci\u00f3 que l\u2019original, i sense repercutir a l\u2019usuari el cost del t\u00edtol.<\/strong> A m\u00e9s, l\u2019usuari tindr\u00e0 al seu abast eines de bloqueig de t\u00edtol en cas de p\u00e8rdua o robatori, evitant aix\u00ed l\u2019\u00fas fraudulent d\u2019aquest, i eines de desbloqueig, si \u00e9s que recupera l\u2019original. Aquestes funcions estaran disponibles en canals presencials i digitals.<\/p>\n\n\n\n<h3 class=\"wp-block-heading\"><strong>No s\u2019han implementat solucions temporals a la impossibilitat de bescanvis que pateix la ciutadania \u00a0<\/strong><\/h3>\n\n\n\n<p class=\"has-text-align-justify\">Des de la Sindicatura de Greuges de Barcelona <strong>sobta que amb els anys transcorreguts en qu\u00e8 s\u2019ha reclamat una resposta a la problem\u00e0tica que produeix la impossibilitat de bescanvis<\/strong>, extensiu a la majoria de t\u00edtols personals del sistema tarifari integrat (antigues T-Mes, T-Trimestre i actuals T-Usual i les respectives versions bonificades), a banda de la T-Jove, <strong>no s\u2019hagi pogut cercar una alternativa per als usuaris davant l\u2019endarreriment cr\u00f2nic de 6 anys (es va anunciar l\u2019any 2015) que ha sofert la implantaci\u00f3 de la T-Mobilitat<\/strong>. Com podria ser, per exemple, un registre d\u2019usuaris similar al que s\u2019aplica per a la T-16, que permet\u00e9s un control i facilit\u00e9s algun tr\u00e0mit a favor seu.<\/p>\n\n\n\n<p class=\"has-text-align-justify\">Sobre aquest t\u00edtol de transport, cal tenir en compte que, tot i que es preveu la reemissi\u00f3, en cas de p\u00e8rdua o robatori, subjecta al pagament de les despeses de gesti\u00f3, fins a la recepci\u00f3 del nou t\u00edtol \u2013com a m\u00ednim a partir d\u2019un mes des de l\u2019inici de la gesti\u00f3\u2013,&nbsp; l\u2019infant no disposa de cap altre document provisional i la fam\u00edlia ha d\u2019assumir el cost de l\u2019\u00fas del transport p\u00fablic d\u2019un infant que en t\u00e9 reconeguda la gratu\u00eftat. En canvi, s\u00ed que es possibiliten t\u00edtols provisionals per substituir les targetes que presenten defectes de funcionament, a l\u2019espera de l\u2019emissi\u00f3 d\u2019un nou t\u00edtol.<\/p>\n\n\n\n<p class=\"has-text-align-justify\"><strong>A partir del moment en qu\u00e8 es comen\u00e7a a evidenciar que els problemes que havia de solucionar la T-Mobilitat no se solucionen perqu\u00e8 \u00e9s un t\u00edtol que no ha arribat a implementar-se, la Sindicatura ha insistit cada cop m\u00e9s en la necessitat de cercar alternatives a fi que l\u2019endarreriment de la gesti\u00f3 de l\u2019Administraci\u00f3 no repercuteixi negativament en la ciutadania<\/strong>,i m\u00e9s quan es tracta d\u2019usuaris habituals del transport p\u00fablic (pel tipus de t\u00edtol de transport afectat). S\u2019ha de tenir en compte que aquest mitj\u00e0 de transport ha de configurar l\u2019eix central de la mobilitat a la ciutat, per la qual cosa es considera fonamental la resoluci\u00f3 de problem\u00e0tiques que no faciliten ni incentiven el seu \u00fas.&nbsp;<\/p>\n\n\n\n<p class=\"has-text-align-justify\">En aquest sentit, des de la Sindicatura, el desembre del 2018 es reiteren recomanacions sobre:<\/p>\n\n\n\n<ul class=\"wp-block-list\"><li><em>La revisi\u00f3 de les condicions d\u2019\u00fas dels t\u00edtols de transport, en especial en els&nbsp; personalitzats, als efectes que s\u2019estableixin&nbsp; mesures que permetin establir&nbsp; bescanvis o compensacions en cas de p\u00e8rdua i sobretot en cas de robatori acreditat per mitj\u00e0 de den\u00fancia policial del seu titular, a l\u2019espera de la implantaci\u00f3 de la T-Mobilitat.<\/em><\/li><li><em>Gestionar la recuperaci\u00f3 i devoluci\u00f3 al seu titular d\u2019aquells t\u00edtols que puguin ser interceptats amb motiu d\u2019accions de revisi\u00f3 i control.<\/em><\/li><li><em>La millora i clarificaci\u00f3 de la informaci\u00f3 sobre les condicions d\u2019\u00fas dels t\u00edtols de transport, en especial la impossibilitat de bescanvi o compensaci\u00f3 en cas de p\u00e8rdua o sostracci\u00f3 dels t\u00edtols de transport.<\/em><\/li><\/ul>\n\n\n\n<p class=\"has-text-align-justify\">El maig del 2019, en resposta a aquelles recomanacions, tot i que s\u2019indicava que s\u2019havien efectuat accions comunicatives als usuaris per a la prevenci\u00f3 en la p\u00e8rdua de les targetes de transport, s\u2019informava que aquestes es refor\u00e7arien a fi de conscienciar els usuaris sobre la import\u00e0ncia de la cura dels seus t\u00edtols.\u00a0 Ara b\u00e9, <strong>en relaci\u00f3 amb els bescanvis es reiterava la seva impossibilitat fins a l\u2019entrada del nou sistema<\/strong>, el primer semestre de l\u2019any 2020. <strong>Estem gaireb\u00e9 en el segon semestre de l\u2019any 2021 i la T-Mobilitat segueix sense implementar-se.<\/strong><\/p>\n\n\n\n<h3 class=\"wp-block-heading\"><strong>La T-16 genera un greuge comparatiu segons la data de naixement<\/strong><\/h3>\n\n\n\n<p class=\"has-text-align-justify\">Davant la conversi\u00f3 de la T-12 en la T-16, durant el mar\u00e7 del 2017 la s\u00edndica ja posava de manifest que les modificacions efectuadesno preveiendisposar de t\u00edtols provisionals en els casos de p\u00e8rdua, furt i sobretot de robatori, ni l\u2019optimitzaci\u00f3 dels processos de costos i gesti\u00f3, tot i les reiterades demandes efectuades.&nbsp;<\/p>\n\n\n\n<p class=\"has-text-align-justify\">Tot i la bona not\u00edcia d\u2019ampliar el t\u00edtol de transport dels 14 als 16 anys, <strong>es modificava el criteri que regia la data de caducitat. En lloc de ser la&nbsp; data de naixement,&nbsp; <\/strong>passava <strong>a ser el&nbsp; 31 de desembre de l\u2019any de compliment dels 16 anys<\/strong>. <strong>Aquesta condici\u00f3 generava greuges als nascuts a final d\u2019any, i podia significar difer\u00e8ncies de mesos o fins a quasi d\u2019un any en l\u2019\u00fas del t\u00edtol de transport de manera gratu\u00efta, amb relaci\u00f3 amb els infants nascuts a comen\u00e7ament d\u2019any<\/strong>.&nbsp;<\/p>\n\n\n\n<p class=\"has-text-align-justify\">Per aquest motiu, el mar\u00e7 del 2017 la s\u00edndica va recomanar a la representaci\u00f3 municipal de l\u2019ATM promoure la modificaci\u00f3 de l\u2019actual Reglament de la T-16 a fi que la limitaci\u00f3 de la finalitzaci\u00f3 de l\u2019\u00fas de la T-16,&nbsp; no generi greuges amb motiu de la data de naixement i que doni cobertura de manera igualit\u00e0ria a tots els beneficiaris fins al dia del compliment dels 17 anys.<\/p>\n\n\n\n<p class=\"has-text-align-justify\">El febrer del 2018, des de l\u2019ATM, en resposta a les recomanacions efectuades, es va informar que la finalitat de la T-16 era donar cobertura fins a finalitzar el per\u00edode d\u2019ensenyament secundari obligatori (ESO), ja que hi ha alumnes que acaben amb 15 anys i d\u2019altres amb 16, motiu pel qual es va canviar la denominaci\u00f3 i es va garantir aquesta cobertura d\u2019escolaritzaci\u00f3 obligat\u00f2ria finalitzant la seva validesa el 31 de desembre de l\u2019any en qu\u00e8 fan els 16 anys. El criteri de la data de compliment dels 17 anys no era l\u2019objectiu inicial de la targeta, ja que s\u2019hauria finalitzat l\u2019ESO. Afegien que no va concretar-se fins al dia del compliment dels 16 anys per no discriminar negativament els alumnes de 4t nascuts el primer semestre.&nbsp;<\/p>\n\n\n\n<p class=\"has-text-align-justify\"><strong>Ara b\u00e9,<\/strong> <strong>aquest criteri, a parer de la Sindicatura, com ja s\u2019ha dit, es considera que no afavoreix un tracte igualitari<\/strong>, i no t\u00e9 en compte altres circumst\u00e0ncies, com la repetici\u00f3 de cursos que implica diferents edats en la finalitzaci\u00f3 de l\u2019etapa escolar obligat\u00f2ria. En aquell moment tamb\u00e9 es va indicar que amb la implantaci\u00f3&nbsp; de la T-Mobilitat, que es preveia per a l\u20191 de gener de 2019,&nbsp; la T-16 seguiria amb les mateixes condicions d\u2019\u00fas, perqu\u00e8 ja s\u2019havia revisat i no es preveia redefinir-la.<\/p>\n\n\n\n<p><a aria-label=\"Decisi\u00f3 completa de la S\u00edndica de Greuges de Barcelona.  (opens in a new tab)\" href=\"https:\/\/www.sindicaturabarcelona.cat\/wp-content\/uploads\/2021\/06\/05_Transport-pui%CC%80blic-T16-TJove-i-altres.pdf\" target=\"_blank\" rel=\"noreferrer noopener\" class=\"ek-link\">Decisi\u00f3 completa de la S\u00edndica de Greuges de Barcelona. <\/a><\/p>\n","protected":false},"excerpt":{"rendered":"<p>Un dels motius de disconformitat de la ciutadania est\u00e0 relacionat amb la T-Jove i altres t\u00edtols personalitzats que requereixen identificaci\u00f3 per al seu \u00fas,\u00a0 per la impossibilitat d\u2019emetre duplicats en [&hellip;]<\/p>\n","protected":false},"author":2,"featured_media":12614,"comment_status":"closed","ping_status":"open","sticky":false,"template":"","format":"standard","meta":{"_acf_changed":false,"footnotes":""},"tags":[1174,1176,1173,1175,1172],"drets":[],"class_list":["post-12601","post","type-post","status-publish","format-standard","has-post-thumbnail","hentry","tag-bescanvi-titols","tag-t-casual","tag-t-mobilitat","tag-t-usual","tag-transport-public"],"acf":[],"yoast_head":"<!-- This site is optimized with the Yoast SEO plugin v27.5 - https:\/\/yoast.com\/product\/yoast-seo-wordpress\/ -->\n<title>Les queixes ciutadanes envers els t\u00edtols de transport continuen i la T-Mobilitat segueix sense implementar-se - Sindicatura de Greuges de Barcelona<\/title>\n<meta name=\"description\" content=\"Les queixes ciutadanes envers els t\u00edtols de transport continuen i la T-Mobilitat segueix sense implementar-se.\" \/>\n<meta name=\"robots\" content=\"index, follow, max-snippet:-1, max-image-preview:large, max-video-preview:-1\" \/>\n<link rel=\"canonical\" href=\"https:\/\/www.sindicaturabarcelona.cat\/ca\/queixes-ciutadanes-continuen-i-la-t-mobilitat-segueix-sense-implementar-se\/\" \/>\n<meta property=\"og:locale\" content=\"ca_ES\" \/>\n<meta property=\"og:type\" content=\"article\" \/>\n<meta property=\"og:title\" content=\"Les queixes ciutadanes envers els t\u00edtols de transport continuen i la T-Mobilitat segueix sense implementar-se - Sindicatura de Greuges de Barcelona\" \/>\n<meta property=\"og:description\" content=\"Les queixes ciutadanes envers els t\u00edtols de transport continuen i la T-Mobilitat segueix sense implementar-se.\" \/>\n<meta property=\"og:url\" content=\"https:\/\/www.sindicaturabarcelona.cat\/ca\/queixes-ciutadanes-continuen-i-la-t-mobilitat-segueix-sense-implementar-se\/\" \/>\n<meta property=\"og:site_name\" content=\"Sindicatura de Greuges de Barcelona\" \/>\n<meta property=\"article:published_time\" content=\"2021-06-15T07:33:08+00:00\" \/>\n<meta property=\"article:modified_time\" content=\"2021-06-15T07:33:09+00:00\" \/>\n<meta property=\"og:image\" content=\"https:\/\/www.sindicaturabarcelona.cat\/wp-content\/uploads\/2021\/06\/7078_DISE-Li\u0301nia-9-Sud-del-Metro-23-2-16-VZ-04.jpg\" \/>\n\t<meta property=\"og:image:width\" content=\"1024\" \/>\n\t<meta property=\"og:image:height\" content=\"683\" \/>\n\t<meta property=\"og:image:type\" content=\"image\/jpeg\" \/>\n<meta name=\"author\" content=\"Pablo\" \/>\n<meta name=\"twitter:card\" content=\"summary_large_image\" \/>\n<meta name=\"twitter:creator\" content=\"@sindicbarcelona\" \/>\n<meta name=\"twitter:site\" content=\"@sindicbarcelona\" \/>\n<meta name=\"twitter:label1\" content=\"Escrit per\" \/>\n\t<meta name=\"twitter:data1\" content=\"Pablo\" \/>\n\t<meta name=\"twitter:label2\" content=\"Temps estimat de lectura\" \/>\n\t<meta name=\"twitter:data2\" content=\"9 minuts\" \/>\n<script type=\"application\/ld+json\" class=\"yoast-schema-graph\">{\"@context\":\"https:\\\/\\\/schema.org\",\"@graph\":[{\"@type\":\"Article\",\"@id\":\"https:\\\/\\\/www.sindicaturabarcelona.cat\\\/ca\\\/queixes-ciutadanes-continuen-i-la-t-mobilitat-segueix-sense-implementar-se\\\/#article\",\"isPartOf\":{\"@id\":\"https:\\\/\\\/www.sindicaturabarcelona.cat\\\/ca\\\/queixes-ciutadanes-continuen-i-la-t-mobilitat-segueix-sense-implementar-se\\\/\"},\"author\":{\"name\":\"Pablo\",\"@id\":\"https:\\\/\\\/www.sindicaturabarcelona.cat\\\/ca\\\/#\\\/schema\\\/person\\\/0e5acffc350ffdbc97578159322c9452\"},\"headline\":\"Les queixes ciutadanes envers els t\u00edtols de transport continuen i la T-Mobilitat segueix sense implementar-se\",\"datePublished\":\"2021-06-15T07:33:08+00:00\",\"dateModified\":\"2021-06-15T07:33:09+00:00\",\"mainEntityOfPage\":{\"@id\":\"https:\\\/\\\/www.sindicaturabarcelona.cat\\\/ca\\\/queixes-ciutadanes-continuen-i-la-t-mobilitat-segueix-sense-implementar-se\\\/\"},\"wordCount\":1876,\"publisher\":{\"@id\":\"https:\\\/\\\/www.sindicaturabarcelona.cat\\\/ca\\\/#organization\"},\"image\":{\"@id\":\"https:\\\/\\\/www.sindicaturabarcelona.cat\\\/ca\\\/queixes-ciutadanes-continuen-i-la-t-mobilitat-segueix-sense-implementar-se\\\/#primaryimage\"},\"thumbnailUrl\":\"https:\\\/\\\/www.sindicaturabarcelona.cat\\\/wp-content\\\/uploads\\\/2021\\\/06\\\/7078_DISE-Li\u0301nia-9-Sud-del-Metro-23-2-16-VZ-04.jpg\",\"keywords\":[\"bescanvi titols\",\"t-casual\",\"t-mobilitat\",\"t-usual\",\"transport public\"],\"inLanguage\":\"ca\"},{\"@type\":\"WebPage\",\"@id\":\"https:\\\/\\\/www.sindicaturabarcelona.cat\\\/ca\\\/queixes-ciutadanes-continuen-i-la-t-mobilitat-segueix-sense-implementar-se\\\/\",\"url\":\"https:\\\/\\\/www.sindicaturabarcelona.cat\\\/ca\\\/queixes-ciutadanes-continuen-i-la-t-mobilitat-segueix-sense-implementar-se\\\/\",\"name\":\"Les queixes ciutadanes envers els t\u00edtols de transport continuen i la T-Mobilitat segueix sense implementar-se - Sindicatura de Greuges de Barcelona\",\"isPartOf\":{\"@id\":\"https:\\\/\\\/www.sindicaturabarcelona.cat\\\/ca\\\/#website\"},\"primaryImageOfPage\":{\"@id\":\"https:\\\/\\\/www.sindicaturabarcelona.cat\\\/ca\\\/queixes-ciutadanes-continuen-i-la-t-mobilitat-segueix-sense-implementar-se\\\/#primaryimage\"},\"image\":{\"@id\":\"https:\\\/\\\/www.sindicaturabarcelona.cat\\\/ca\\\/queixes-ciutadanes-continuen-i-la-t-mobilitat-segueix-sense-implementar-se\\\/#primaryimage\"},\"thumbnailUrl\":\"https:\\\/\\\/www.sindicaturabarcelona.cat\\\/wp-content\\\/uploads\\\/2021\\\/06\\\/7078_DISE-Li\u0301nia-9-Sud-del-Metro-23-2-16-VZ-04.jpg\",\"datePublished\":\"2021-06-15T07:33:08+00:00\",\"dateModified\":\"2021-06-15T07:33:09+00:00\",\"description\":\"Les queixes ciutadanes envers els t\u00edtols de transport continuen i la T-Mobilitat segueix sense implementar-se.\",\"breadcrumb\":{\"@id\":\"https:\\\/\\\/www.sindicaturabarcelona.cat\\\/ca\\\/queixes-ciutadanes-continuen-i-la-t-mobilitat-segueix-sense-implementar-se\\\/#breadcrumb\"},\"inLanguage\":\"ca\",\"potentialAction\":[{\"@type\":\"ReadAction\",\"target\":[\"https:\\\/\\\/www.sindicaturabarcelona.cat\\\/ca\\\/queixes-ciutadanes-continuen-i-la-t-mobilitat-segueix-sense-implementar-se\\\/\"]}]},{\"@type\":\"ImageObject\",\"inLanguage\":\"ca\",\"@id\":\"https:\\\/\\\/www.sindicaturabarcelona.cat\\\/ca\\\/queixes-ciutadanes-continuen-i-la-t-mobilitat-segueix-sense-implementar-se\\\/#primaryimage\",\"url\":\"https:\\\/\\\/www.sindicaturabarcelona.cat\\\/wp-content\\\/uploads\\\/2021\\\/06\\\/7078_DISE-Li\u0301nia-9-Sud-del-Metro-23-2-16-VZ-04.jpg\",\"contentUrl\":\"https:\\\/\\\/www.sindicaturabarcelona.cat\\\/wp-content\\\/uploads\\\/2021\\\/06\\\/7078_DISE-Li\u0301nia-9-Sud-del-Metro-23-2-16-VZ-04.jpg\",\"width\":1024,\"height\":683,\"caption\":\"T-Mobilitat\"},{\"@type\":\"BreadcrumbList\",\"@id\":\"https:\\\/\\\/www.sindicaturabarcelona.cat\\\/ca\\\/queixes-ciutadanes-continuen-i-la-t-mobilitat-segueix-sense-implementar-se\\\/#breadcrumb\",\"itemListElement\":[{\"@type\":\"ListItem\",\"position\":1,\"name\":\"Inici\",\"item\":\"https:\\\/\\\/www.sindicaturabarcelona.cat\\\/ca\\\/\"},{\"@type\":\"ListItem\",\"position\":2,\"name\":\"Les queixes ciutadanes envers els t\u00edtols de transport continuen i la T-Mobilitat segueix sense implementar-se\"}]},{\"@type\":\"WebSite\",\"@id\":\"https:\\\/\\\/www.sindicaturabarcelona.cat\\\/ca\\\/#website\",\"url\":\"https:\\\/\\\/www.sindicaturabarcelona.cat\\\/ca\\\/\",\"name\":\"Sindicatura de Greuges de Barcelona\",\"description\":\"La defensoria dels teus drets\",\"publisher\":{\"@id\":\"https:\\\/\\\/www.sindicaturabarcelona.cat\\\/ca\\\/#organization\"},\"potentialAction\":[{\"@type\":\"SearchAction\",\"target\":{\"@type\":\"EntryPoint\",\"urlTemplate\":\"https:\\\/\\\/www.sindicaturabarcelona.cat\\\/ca\\\/?s={search_term_string}\"},\"query-input\":{\"@type\":\"PropertyValueSpecification\",\"valueRequired\":true,\"valueName\":\"search_term_string\"}}],\"inLanguage\":\"ca\"},{\"@type\":\"Organization\",\"@id\":\"https:\\\/\\\/www.sindicaturabarcelona.cat\\\/ca\\\/#organization\",\"name\":\"Sindicatura de Greuges de Barcelona\",\"url\":\"https:\\\/\\\/www.sindicaturabarcelona.cat\\\/ca\\\/\",\"logo\":{\"@type\":\"ImageObject\",\"inLanguage\":\"ca\",\"@id\":\"https:\\\/\\\/www.sindicaturabarcelona.cat\\\/ca\\\/#\\\/schema\\\/logo\\\/image\\\/\",\"url\":\"https:\\\/\\\/www.sindicaturabarcelona.cat\\\/wp-content\\\/uploads\\\/2023\\\/02\\\/logo_sindicatura.svg\",\"contentUrl\":\"https:\\\/\\\/www.sindicaturabarcelona.cat\\\/wp-content\\\/uploads\\\/2023\\\/02\\\/logo_sindicatura.svg\",\"caption\":\"Sindicatura de Greuges de Barcelona\"},\"image\":{\"@id\":\"https:\\\/\\\/www.sindicaturabarcelona.cat\\\/ca\\\/#\\\/schema\\\/logo\\\/image\\\/\"},\"sameAs\":[\"https:\\\/\\\/x.com\\\/sindicbarcelona\",\"https:\\\/\\\/www.instagram.com\\\/sindicbarcelona\\\/\",\"https:\\\/\\\/www.tiktok.com\\\/@sindicaturabcn\",\"https:\\\/\\\/t.me\\\/sindicaturabarcelona\"]},{\"@type\":\"Person\",\"@id\":\"https:\\\/\\\/www.sindicaturabarcelona.cat\\\/ca\\\/#\\\/schema\\\/person\\\/0e5acffc350ffdbc97578159322c9452\",\"name\":\"Pablo\",\"image\":{\"@type\":\"ImageObject\",\"inLanguage\":\"ca\",\"@id\":\"https:\\\/\\\/secure.gravatar.com\\\/avatar\\\/c948169b402ef9492afde705c3dfd5e90e1a6a84ef6840a91124f805a25a480f?s=96&d=mm&r=g\",\"url\":\"https:\\\/\\\/secure.gravatar.com\\\/avatar\\\/c948169b402ef9492afde705c3dfd5e90e1a6a84ef6840a91124f805a25a480f?s=96&d=mm&r=g\",\"contentUrl\":\"https:\\\/\\\/secure.gravatar.com\\\/avatar\\\/c948169b402ef9492afde705c3dfd5e90e1a6a84ef6840a91124f805a25a480f?s=96&d=mm&r=g\",\"caption\":\"Pablo\"},\"url\":\"https:\\\/\\\/www.sindicaturabarcelona.cat\\\/ca\\\/author\\\/pablo\\\/\"}]}<\/script>\n<!-- \/ Yoast SEO plugin. -->","yoast_head_json":{"title":"Les queixes ciutadanes envers els t\u00edtols de transport continuen i la T-Mobilitat segueix sense implementar-se - Sindicatura de Greuges de Barcelona","description":"Les queixes ciutadanes envers els t\u00edtols de transport continuen i la T-Mobilitat segueix sense implementar-se.","robots":{"index":"index","follow":"follow","max-snippet":"max-snippet:-1","max-image-preview":"max-image-preview:large","max-video-preview":"max-video-preview:-1"},"canonical":"https:\/\/www.sindicaturabarcelona.cat\/ca\/queixes-ciutadanes-continuen-i-la-t-mobilitat-segueix-sense-implementar-se\/","og_locale":"ca_ES","og_type":"article","og_title":"Les queixes ciutadanes envers els t\u00edtols de transport continuen i la T-Mobilitat segueix sense implementar-se - Sindicatura de Greuges de Barcelona","og_description":"Les queixes ciutadanes envers els t\u00edtols de transport continuen i la T-Mobilitat segueix sense implementar-se.","og_url":"https:\/\/www.sindicaturabarcelona.cat\/ca\/queixes-ciutadanes-continuen-i-la-t-mobilitat-segueix-sense-implementar-se\/","og_site_name":"Sindicatura de Greuges de Barcelona","article_published_time":"2021-06-15T07:33:08+00:00","article_modified_time":"2021-06-15T07:33:09+00:00","og_image":[{"width":1024,"height":683,"url":"https:\/\/www.sindicaturabarcelona.cat\/wp-content\/uploads\/2021\/06\/7078_DISE-Li\u0301nia-9-Sud-del-Metro-23-2-16-VZ-04.jpg","type":"image\/jpeg"}],"author":"Pablo","twitter_card":"summary_large_image","twitter_creator":"@sindicbarcelona","twitter_site":"@sindicbarcelona","twitter_misc":{"Escrit per":"Pablo","Temps estimat de lectura":"9 minuts"},"schema":{"@context":"https:\/\/schema.org","@graph":[{"@type":"Article","@id":"https:\/\/www.sindicaturabarcelona.cat\/ca\/queixes-ciutadanes-continuen-i-la-t-mobilitat-segueix-sense-implementar-se\/#article","isPartOf":{"@id":"https:\/\/www.sindicaturabarcelona.cat\/ca\/queixes-ciutadanes-continuen-i-la-t-mobilitat-segueix-sense-implementar-se\/"},"author":{"name":"Pablo","@id":"https:\/\/www.sindicaturabarcelona.cat\/ca\/#\/schema\/person\/0e5acffc350ffdbc97578159322c9452"},"headline":"Les queixes ciutadanes envers els t\u00edtols de transport continuen i la T-Mobilitat segueix sense implementar-se","datePublished":"2021-06-15T07:33:08+00:00","dateModified":"2021-06-15T07:33:09+00:00","mainEntityOfPage":{"@id":"https:\/\/www.sindicaturabarcelona.cat\/ca\/queixes-ciutadanes-continuen-i-la-t-mobilitat-segueix-sense-implementar-se\/"},"wordCount":1876,"publisher":{"@id":"https:\/\/www.sindicaturabarcelona.cat\/ca\/#organization"},"image":{"@id":"https:\/\/www.sindicaturabarcelona.cat\/ca\/queixes-ciutadanes-continuen-i-la-t-mobilitat-segueix-sense-implementar-se\/#primaryimage"},"thumbnailUrl":"https:\/\/www.sindicaturabarcelona.cat\/wp-content\/uploads\/2021\/06\/7078_DISE-Li\u0301nia-9-Sud-del-Metro-23-2-16-VZ-04.jpg","keywords":["bescanvi titols","t-casual","t-mobilitat","t-usual","transport public"],"inLanguage":"ca"},{"@type":"WebPage","@id":"https:\/\/www.sindicaturabarcelona.cat\/ca\/queixes-ciutadanes-continuen-i-la-t-mobilitat-segueix-sense-implementar-se\/","url":"https:\/\/www.sindicaturabarcelona.cat\/ca\/queixes-ciutadanes-continuen-i-la-t-mobilitat-segueix-sense-implementar-se\/","name":"Les queixes ciutadanes envers els t\u00edtols de transport continuen i la T-Mobilitat segueix sense implementar-se - Sindicatura de Greuges de Barcelona","isPartOf":{"@id":"https:\/\/www.sindicaturabarcelona.cat\/ca\/#website"},"primaryImageOfPage":{"@id":"https:\/\/www.sindicaturabarcelona.cat\/ca\/queixes-ciutadanes-continuen-i-la-t-mobilitat-segueix-sense-implementar-se\/#primaryimage"},"image":{"@id":"https:\/\/www.sindicaturabarcelona.cat\/ca\/queixes-ciutadanes-continuen-i-la-t-mobilitat-segueix-sense-implementar-se\/#primaryimage"},"thumbnailUrl":"https:\/\/www.sindicaturabarcelona.cat\/wp-content\/uploads\/2021\/06\/7078_DISE-Li\u0301nia-9-Sud-del-Metro-23-2-16-VZ-04.jpg","datePublished":"2021-06-15T07:33:08+00:00","dateModified":"2021-06-15T07:33:09+00:00","description":"Les queixes ciutadanes envers els t\u00edtols de transport continuen i la T-Mobilitat segueix sense implementar-se.","breadcrumb":{"@id":"https:\/\/www.sindicaturabarcelona.cat\/ca\/queixes-ciutadanes-continuen-i-la-t-mobilitat-segueix-sense-implementar-se\/#breadcrumb"},"inLanguage":"ca","potentialAction":[{"@type":"ReadAction","target":["https:\/\/www.sindicaturabarcelona.cat\/ca\/queixes-ciutadanes-continuen-i-la-t-mobilitat-segueix-sense-implementar-se\/"]}]},{"@type":"ImageObject","inLanguage":"ca","@id":"https:\/\/www.sindicaturabarcelona.cat\/ca\/queixes-ciutadanes-continuen-i-la-t-mobilitat-segueix-sense-implementar-se\/#primaryimage","url":"https:\/\/www.sindicaturabarcelona.cat\/wp-content\/uploads\/2021\/06\/7078_DISE-Li\u0301nia-9-Sud-del-Metro-23-2-16-VZ-04.jpg","contentUrl":"https:\/\/www.sindicaturabarcelona.cat\/wp-content\/uploads\/2021\/06\/7078_DISE-Li\u0301nia-9-Sud-del-Metro-23-2-16-VZ-04.jpg","width":1024,"height":683,"caption":"T-Mobilitat"},{"@type":"BreadcrumbList","@id":"https:\/\/www.sindicaturabarcelona.cat\/ca\/queixes-ciutadanes-continuen-i-la-t-mobilitat-segueix-sense-implementar-se\/#breadcrumb","itemListElement":[{"@type":"ListItem","position":1,"name":"Inici","item":"https:\/\/www.sindicaturabarcelona.cat\/ca\/"},{"@type":"ListItem","position":2,"name":"Les queixes ciutadanes envers els t\u00edtols de transport continuen i la T-Mobilitat segueix sense implementar-se"}]},{"@type":"WebSite","@id":"https:\/\/www.sindicaturabarcelona.cat\/ca\/#website","url":"https:\/\/www.sindicaturabarcelona.cat\/ca\/","name":"Sindicatura de Greuges de Barcelona","description":"La defensoria dels teus drets","publisher":{"@id":"https:\/\/www.sindicaturabarcelona.cat\/ca\/#organization"},"potentialAction":[{"@type":"SearchAction","target":{"@type":"EntryPoint","urlTemplate":"https:\/\/www.sindicaturabarcelona.cat\/ca\/?s={search_term_string}"},"query-input":{"@type":"PropertyValueSpecification","valueRequired":true,"valueName":"search_term_string"}}],"inLanguage":"ca"},{"@type":"Organization","@id":"https:\/\/www.sindicaturabarcelona.cat\/ca\/#organization","name":"Sindicatura de Greuges de Barcelona","url":"https:\/\/www.sindicaturabarcelona.cat\/ca\/","logo":{"@type":"ImageObject","inLanguage":"ca","@id":"https:\/\/www.sindicaturabarcelona.cat\/ca\/#\/schema\/logo\/image\/","url":"https:\/\/www.sindicaturabarcelona.cat\/wp-content\/uploads\/2023\/02\/logo_sindicatura.svg","contentUrl":"https:\/\/www.sindicaturabarcelona.cat\/wp-content\/uploads\/2023\/02\/logo_sindicatura.svg","caption":"Sindicatura de Greuges de Barcelona"},"image":{"@id":"https:\/\/www.sindicaturabarcelona.cat\/ca\/#\/schema\/logo\/image\/"},"sameAs":["https:\/\/x.com\/sindicbarcelona","https:\/\/www.instagram.com\/sindicbarcelona\/","https:\/\/www.tiktok.com\/@sindicaturabcn","https:\/\/t.me\/sindicaturabarcelona"]},{"@type":"Person","@id":"https:\/\/www.sindicaturabarcelona.cat\/ca\/#\/schema\/person\/0e5acffc350ffdbc97578159322c9452","name":"Pablo","image":{"@type":"ImageObject","inLanguage":"ca","@id":"https:\/\/secure.gravatar.com\/avatar\/c948169b402ef9492afde705c3dfd5e90e1a6a84ef6840a91124f805a25a480f?s=96&d=mm&r=g","url":"https:\/\/secure.gravatar.com\/avatar\/c948169b402ef9492afde705c3dfd5e90e1a6a84ef6840a91124f805a25a480f?s=96&d=mm&r=g","contentUrl":"https:\/\/secure.gravatar.com\/avatar\/c948169b402ef9492afde705c3dfd5e90e1a6a84ef6840a91124f805a25a480f?s=96&d=mm&r=g","caption":"Pablo"},"url":"https:\/\/www.sindicaturabarcelona.cat\/ca\/author\/pablo\/"}]}},"_links":{"self":[{"href":"https:\/\/www.sindicaturabarcelona.cat\/ca\/wp-json\/wp\/v2\/posts\/12601","targetHints":{"allow":["GET"]}}],"collection":[{"href":"https:\/\/www.sindicaturabarcelona.cat\/ca\/wp-json\/wp\/v2\/posts"}],"about":[{"href":"https:\/\/www.sindicaturabarcelona.cat\/ca\/wp-json\/wp\/v2\/types\/post"}],"author":[{"embeddable":true,"href":"https:\/\/www.sindicaturabarcelona.cat\/ca\/wp-json\/wp\/v2\/users\/2"}],"replies":[{"embeddable":true,"href":"https:\/\/www.sindicaturabarcelona.cat\/ca\/wp-json\/wp\/v2\/comments?post=12601"}],"version-history":[{"count":0,"href":"https:\/\/www.sindicaturabarcelona.cat\/ca\/wp-json\/wp\/v2\/posts\/12601\/revisions"}],"wp:featuredmedia":[{"embeddable":true,"href":"https:\/\/www.sindicaturabarcelona.cat\/ca\/wp-json\/wp\/v2\/media\/12614"}],"wp:attachment":[{"href":"https:\/\/www.sindicaturabarcelona.cat\/ca\/wp-json\/wp\/v2\/media?parent=12601"}],"wp:term":[{"taxonomy":"post_tag","embeddable":true,"href":"https:\/\/www.sindicaturabarcelona.cat\/ca\/wp-json\/wp\/v2\/tags?post=12601"},{"taxonomy":"drets","embeddable":true,"href":"https:\/\/www.sindicaturabarcelona.cat\/ca\/wp-json\/wp\/v2\/drets?post=12601"}],"curies":[{"name":"wp","href":"https:\/\/api.w.org\/{rel}","templated":true}]}}