{"id":12541,"date":"2021-06-02T08:30:00","date_gmt":"2021-06-02T06:30:00","guid":{"rendered":"https:\/\/www.sindicabarcelona.cat\/?p=12541"},"modified":"2021-06-01T14:36:51","modified_gmt":"2021-06-01T12:36:51","slug":"serveis-prestats-per-persones-externes-i-persones-funcionaries","status":"publish","type":"post","link":"https:\/\/www.sindicaturabarcelona.cat\/ca\/serveis-prestats-per-persones-externes-i-persones-funcionaries\/","title":{"rendered":"La S\u00edndica recomana a l\u2019Ajuntament equiparar les condicions dels serveis municipals que s\u2019estan prestant amb coexist\u00e8ncia de gesti\u00f3 directa i indirecta"},"content":{"rendered":"\n<p class=\"has-text-align-justify\">Despr\u00e9s de con\u00e8ixer el malestar per les condicions laborals de persones treballadores del contracte de serveis de l\u2019Oficina Multiservei d\u2019Atenci\u00f3 Ciutadana de la Pla\u00e7a Sant Miquel, la <a href=\"https:\/\/www.sindicaturabarcelona.cat\/\" class=\"ek-link\">Sindicatura de Greuges de Barcelona<\/a> ha recomanat a l\u2019Ajuntament necessitat de dur a terme un acostament a l\u2019equiparaci\u00f3 de les condicions salarials de les persones treballadores externes i les persones funcion\u00e0ries que presten el mateix servei.<\/p>\n\n\n\n<h2 class=\"wp-block-heading\"><strong>La coexist\u00e8ncia de la forma de gesti\u00f3 directa i la indirecta en un mateix servei municipal<\/strong><\/h2>\n\n\n\n<p class=\"has-text-align-justify\">La Llei 9\/2017, de 8 de novembre, de contractes del sector p\u00fablic (LCSP) <strong>preveu l\u2019externalitzaci\u00f3 dels serveis com una excepci\u00f3 en l\u2019actuaci\u00f3 administrativa<\/strong>. Aix\u00ed, l\u2019article 30.3 disposa que la prestaci\u00f3 de serveis s\u2019executa pels mateixos mitjans de l\u2019Administraci\u00f3, tot i que&nbsp; quan no disposin de mitjans suficients es podr\u00e0 contractar externament, de conformitat amb all\u00f2 que disposa la LCSP. D\u2019altra banda, la Llei 7\/1985, de 2 d\u2019abril,&nbsp; reguladora de les bases de r\u00e8gim local (LRBRL), estableix que els serveis p\u00fablics locals hauran de gestionar-se de la forma m\u00e9s eficient i sostenible (art. 85.2), i deixa d\u2019aquesta forma oberta la possibilitat de la gesti\u00f3 indirecta.<\/p>\n\n\n\n<p class=\"has-text-align-justify\"><strong>En el cas de l\u2019Oficina Multiservei d\u2019Atenci\u00f3 Ciutadana de la Pla\u00e7a Sant Miquel ens trobem davant d\u2019un mateix servei, l\u2019atenci\u00f3 a la ciutadania, per\u00f2 duta a terme mitjan\u00e7ant dues formes de gesti\u00f3: directa i indirecta (treballadores municipals i treballadores d\u2019empreses externes contractades, respectivament).<\/strong><\/p>\n\n\n\n<h2 class=\"wp-block-heading\"><strong>L\u2019afectaci\u00f3 en les condicions laborals de les persones que executen un contracte per a la gesti\u00f3 d\u2019un servei p\u00fablic<\/strong><\/h2>\n\n\n\n<p class=\"has-text-align-justify\">Amb l\u2019externalitzaci\u00f3 d\u2019un servei p\u00fablic es pret\u00e9n incrementar l\u2019efic\u00e0cia i efici\u00e8ncia en la seva prestaci\u00f3, i una part important es reflecteix en la reducci\u00f3 del cost del servei. At\u00e8s que un dels components principals del cost final del servei \u00e9s el cost salarial, sembla l\u00f2gic pensar que els salaris dels treballadors que executen el contracte seran inferiors als salaris p\u00fablics.<\/p>\n\n\n\n<p class=\"has-text-align-justify\">Existeix la possibilitat d\u2019incidir en les relacions laborals del personal contractat per l\u2019empresa adjudicat\u00e0ria a trav\u00e9s dels plecs de condicions, mitjan\u00e7ant la imposici\u00f3 d\u2019obligacions a l\u2019empresa vers als seus treballadors. En aquest sentit, l\u2019Ajuntament reconeix que amb uns salaris adequats es garanteix una execuci\u00f3 m\u00e9s eficient del contracte. Efectivament, les condicions de treball, especialment la retribuci\u00f3, s\u2019han de tenir en compte en el proc\u00e9s d\u2019externalitzaci\u00f3 dels serveis p\u00fablics, perqu\u00e8 pot suposar una degradaci\u00f3 de les condicions de treball que pot portar com a conseq\u00fc\u00e8ncia una disminuci\u00f3 de la qualitat del servei que presten aquests treballadors.<\/p>\n\n\n\n<p class=\"has-text-align-justify\">Mogut per aquest objectiu, l\u2019Ajuntament ha impulsat una contractaci\u00f3 p\u00fablica socialment responsable que incorpora objectius de just\u00edcia social, i promou els drets socials i laborals de les persones que porten a terme els contractes. El document incorpora mesures socials per incentivar l\u2019execuci\u00f3 de contractes amb un model de negoci basat, entre altres, en salaris dignes.<\/p>\n\n\n\n<p class=\"has-text-align-justify\">A aquests efectes, el plec de cl\u00e0usules administratives particulars corresponents a la contractaci\u00f3 dels serveis d\u2019atenci\u00f3 i informaci\u00f3 a la ciutadania a l\u2019Oficina Multiservei d\u2019Atenci\u00f3 Ciutadana (OMAC) i a l\u2019Oficina d\u2019Atenci\u00f3 a l\u2019Empresa (OAE) de l\u2019<a href=\"https:\/\/www.barcelona.cat\/ca\/\" target=\"_blank\" aria-label=\"Ajuntament de Barcelona (opens in a new tab)\" rel=\"noreferrer noopener\" class=\"ek-link\">Ajuntament de Barcelona<\/a> incorpora objectius d\u2019efici\u00e8ncia social, a la cl\u00e0usula 9, relativa als criteris de valoraci\u00f3 de les ofertes. Puntua fins a 7 punts la retribuci\u00f3 salarial de les persones treballadores que executen el contracte p\u00fablic, sempre que s\u2019ofereixi una millora de sou respecte de les condicions salarials establertes en el conveni d\u2019aplicaci\u00f3, i concreta la millora salarial en l\u2019oferiment, com a m\u00ednim, d\u2019un increment de 1.500 euros anuals als 6 mesos d\u2019incorporaci\u00f3 al servei, i de 500 euros addicionals anuals als 18 mesos de la incorporaci\u00f3 al servei (per a la jornada completa o la part proporcional).<\/p>\n\n\n\n<p class=\"has-text-align-justify\"><strong>Ara b\u00e9, tot i l\u2019aplicaci\u00f3 d\u2019aquestes mesures, el cas objecte d\u2019an\u00e0lisi dista molt de l\u2019equiparaci\u00f3 salarial i d\u2019una possible aproximaci\u00f3 a aquesta.<\/strong> Segons les dades que aporten els responsables municipals, en el cas de les persones que estan executant el contracte amb una jornada setmanal de 39 hores, amb la integraci\u00f3 de les millores assoleixen un salari brut de 16.555 euros anuals. En canvi, a una jornada setmanal de 39,30 hores prestada per un treballador o una treballadora municipal li correspon un salari brut de 28.422,30 euros, fruit de conceptes salarials fixats en el conveni municipal.<\/p>\n\n\n\n<p class=\"has-text-align-justify\">No podem obviar que l\u2019externalitzaci\u00f3 dels serveis p\u00fablics, entre altres aspectes, fragmenta les condicions de treball del sector p\u00fablic i la negociaci\u00f3 col\u00b7lectiva. Les relacions laborals de les persones treballadores en els serveis externalitzats s\u2019escapen de l\u2019aplicaci\u00f3 dels est\u00e0ndards p\u00fablics en mat\u00e8ria de condicions de treball. Aix\u00f2 suposa que <strong>a l\u2019hora de negociar les condicions a trav\u00e9s de conveni col\u00b7lectiu, aquestes s\u00f3n sensiblement pitjors que les pr\u00f2pies del sector p\u00fablic. Aquesta fragmentaci\u00f3 comporta que es generi un cos de treballadors i treballadores en els serveis p\u00fablics externalitzats que no estan emparats per les garanties del cos de persones treballadores de la funci\u00f3 p\u00fablica, fet que genera un model dual d\u2019ocupaci\u00f3 en els serveis p\u00fablics, que acostuma a resultar molt desequilibrat per a les persones treballadores de serveis p\u00fablics externalitzats<\/strong>.<\/p>\n\n\n\n<p class=\"has-text-align-justify\">En sup\u00f2sits com aquests, en qu\u00e8 es dona una&nbsp; coexist\u00e8ncia d\u2019ambdues formes de gesti\u00f3, es fan m\u00e9s evidents els elements de desigualtat de les condicions laborals entre els diferents treballadors i treballadores prestadors d\u2019un mateix servei.<\/p>\n","protected":false},"excerpt":{"rendered":"<p>Despr\u00e9s de con\u00e8ixer el malestar per les condicions laborals de persones treballadores del contracte de serveis de l\u2019Oficina Multiservei d\u2019Atenci\u00f3 Ciutadana de la Pla\u00e7a Sant Miquel, la Sindicatura de Greuges [&hellip;]<\/p>\n","protected":false},"author":2,"featured_media":12543,"comment_status":"closed","ping_status":"open","sticky":false,"template":"","format":"standard","meta":{"_acf_changed":false,"footnotes":""},"tags":[],"drets":[],"class_list":["post-12541","post","type-post","status-publish","format-standard","has-post-thumbnail","hentry"],"acf":[],"yoast_head":"<!-- This site is optimized with the Yoast SEO plugin v27.5 - https:\/\/yoast.com\/product\/yoast-seo-wordpress\/ -->\n<title>La S\u00edndica recomana a l\u2019Ajuntament equiparar les condicions dels serveis municipals que s\u2019estan prestant amb coexist\u00e8ncia de gesti\u00f3 directa i indirecta - Sindicatura de Greuges de Barcelona<\/title>\n<meta name=\"description\" content=\"La Sindicatura de Greuges de Barcelona ha recomanat a l\u2019Ajuntament la possibilitat de tornar a municipalitzar els serveis que s\u2019estan prestant amb coexist\u00e8ncia de gesti\u00f3 directa i indirecta.\" \/>\n<meta name=\"robots\" content=\"index, follow, max-snippet:-1, max-image-preview:large, max-video-preview:-1\" \/>\n<link rel=\"canonical\" href=\"https:\/\/www.sindicaturabarcelona.cat\/ca\/serveis-prestats-per-persones-externes-i-persones-funcionaries\/\" \/>\n<meta property=\"og:locale\" content=\"ca_ES\" \/>\n<meta property=\"og:type\" content=\"article\" \/>\n<meta property=\"og:title\" content=\"La S\u00edndica recomana a l\u2019Ajuntament equiparar les condicions dels serveis municipals que s\u2019estan prestant amb coexist\u00e8ncia de gesti\u00f3 directa i indirecta - Sindicatura de Greuges de Barcelona\" \/>\n<meta property=\"og:description\" content=\"La Sindicatura de Greuges de Barcelona ha recomanat a l\u2019Ajuntament la possibilitat de tornar a municipalitzar els serveis que s\u2019estan prestant amb coexist\u00e8ncia de gesti\u00f3 directa i indirecta.\" \/>\n<meta property=\"og:url\" content=\"https:\/\/www.sindicaturabarcelona.cat\/ca\/serveis-prestats-per-persones-externes-i-persones-funcionaries\/\" \/>\n<meta property=\"og:site_name\" content=\"Sindicatura de Greuges de Barcelona\" \/>\n<meta property=\"article:published_time\" content=\"2021-06-02T06:30:00+00:00\" \/>\n<meta property=\"og:image\" content=\"https:\/\/www.sindicaturabarcelona.cat\/wp-content\/uploads\/2021\/05\/11505_DISE-OAC-Plac\u0327a-Sant-Miquel-9-11-11-VZ-21.jpg\" \/>\n\t<meta property=\"og:image:width\" content=\"1024\" \/>\n\t<meta property=\"og:image:height\" content=\"683\" \/>\n\t<meta property=\"og:image:type\" content=\"image\/jpeg\" \/>\n<meta name=\"author\" content=\"Pablo\" \/>\n<meta name=\"twitter:card\" content=\"summary_large_image\" \/>\n<meta name=\"twitter:creator\" content=\"@sindicbarcelona\" \/>\n<meta name=\"twitter:site\" content=\"@sindicbarcelona\" \/>\n<meta name=\"twitter:label1\" content=\"Escrit per\" \/>\n\t<meta name=\"twitter:data1\" content=\"Pablo\" \/>\n\t<meta name=\"twitter:label2\" content=\"Temps estimat de lectura\" \/>\n\t<meta name=\"twitter:data2\" content=\"5 minuts\" \/>\n<script type=\"application\/ld+json\" class=\"yoast-schema-graph\">{\"@context\":\"https:\\\/\\\/schema.org\",\"@graph\":[{\"@type\":\"Article\",\"@id\":\"https:\\\/\\\/www.sindicaturabarcelona.cat\\\/ca\\\/serveis-prestats-per-persones-externes-i-persones-funcionaries\\\/#article\",\"isPartOf\":{\"@id\":\"https:\\\/\\\/www.sindicaturabarcelona.cat\\\/ca\\\/serveis-prestats-per-persones-externes-i-persones-funcionaries\\\/\"},\"author\":{\"name\":\"Pablo\",\"@id\":\"https:\\\/\\\/www.sindicaturabarcelona.cat\\\/ca\\\/#\\\/schema\\\/person\\\/0e5acffc350ffdbc97578159322c9452\"},\"headline\":\"La S\u00edndica recomana a l\u2019Ajuntament equiparar les condicions dels serveis municipals que s\u2019estan prestant amb coexist\u00e8ncia de gesti\u00f3 directa i indirecta\",\"datePublished\":\"2021-06-02T06:30:00+00:00\",\"mainEntityOfPage\":{\"@id\":\"https:\\\/\\\/www.sindicaturabarcelona.cat\\\/ca\\\/serveis-prestats-per-persones-externes-i-persones-funcionaries\\\/\"},\"wordCount\":969,\"publisher\":{\"@id\":\"https:\\\/\\\/www.sindicaturabarcelona.cat\\\/ca\\\/#organization\"},\"image\":{\"@id\":\"https:\\\/\\\/www.sindicaturabarcelona.cat\\\/ca\\\/serveis-prestats-per-persones-externes-i-persones-funcionaries\\\/#primaryimage\"},\"thumbnailUrl\":\"https:\\\/\\\/www.sindicaturabarcelona.cat\\\/wp-content\\\/uploads\\\/2021\\\/05\\\/11505_DISE-OAC-Plac\u0327a-Sant-Miquel-9-11-11-VZ-21.jpg\",\"inLanguage\":\"ca\"},{\"@type\":\"WebPage\",\"@id\":\"https:\\\/\\\/www.sindicaturabarcelona.cat\\\/ca\\\/serveis-prestats-per-persones-externes-i-persones-funcionaries\\\/\",\"url\":\"https:\\\/\\\/www.sindicaturabarcelona.cat\\\/ca\\\/serveis-prestats-per-persones-externes-i-persones-funcionaries\\\/\",\"name\":\"La S\u00edndica recomana a l\u2019Ajuntament equiparar les condicions dels serveis municipals que s\u2019estan prestant amb coexist\u00e8ncia de gesti\u00f3 directa i indirecta - Sindicatura de Greuges de Barcelona\",\"isPartOf\":{\"@id\":\"https:\\\/\\\/www.sindicaturabarcelona.cat\\\/ca\\\/#website\"},\"primaryImageOfPage\":{\"@id\":\"https:\\\/\\\/www.sindicaturabarcelona.cat\\\/ca\\\/serveis-prestats-per-persones-externes-i-persones-funcionaries\\\/#primaryimage\"},\"image\":{\"@id\":\"https:\\\/\\\/www.sindicaturabarcelona.cat\\\/ca\\\/serveis-prestats-per-persones-externes-i-persones-funcionaries\\\/#primaryimage\"},\"thumbnailUrl\":\"https:\\\/\\\/www.sindicaturabarcelona.cat\\\/wp-content\\\/uploads\\\/2021\\\/05\\\/11505_DISE-OAC-Plac\u0327a-Sant-Miquel-9-11-11-VZ-21.jpg\",\"datePublished\":\"2021-06-02T06:30:00+00:00\",\"description\":\"La Sindicatura de Greuges de Barcelona ha recomanat a l\u2019Ajuntament la possibilitat de tornar a municipalitzar els serveis que s\u2019estan prestant amb coexist\u00e8ncia de gesti\u00f3 directa i indirecta.\",\"breadcrumb\":{\"@id\":\"https:\\\/\\\/www.sindicaturabarcelona.cat\\\/ca\\\/serveis-prestats-per-persones-externes-i-persones-funcionaries\\\/#breadcrumb\"},\"inLanguage\":\"ca\",\"potentialAction\":[{\"@type\":\"ReadAction\",\"target\":[\"https:\\\/\\\/www.sindicaturabarcelona.cat\\\/ca\\\/serveis-prestats-per-persones-externes-i-persones-funcionaries\\\/\"]}]},{\"@type\":\"ImageObject\",\"inLanguage\":\"ca\",\"@id\":\"https:\\\/\\\/www.sindicaturabarcelona.cat\\\/ca\\\/serveis-prestats-per-persones-externes-i-persones-funcionaries\\\/#primaryimage\",\"url\":\"https:\\\/\\\/www.sindicaturabarcelona.cat\\\/wp-content\\\/uploads\\\/2021\\\/05\\\/11505_DISE-OAC-Plac\u0327a-Sant-Miquel-9-11-11-VZ-21.jpg\",\"contentUrl\":\"https:\\\/\\\/www.sindicaturabarcelona.cat\\\/wp-content\\\/uploads\\\/2021\\\/05\\\/11505_DISE-OAC-Plac\u0327a-Sant-Miquel-9-11-11-VZ-21.jpg\",\"width\":1024,\"height\":683,\"caption\":\"OMAC Sant Miquel\"},{\"@type\":\"BreadcrumbList\",\"@id\":\"https:\\\/\\\/www.sindicaturabarcelona.cat\\\/ca\\\/serveis-prestats-per-persones-externes-i-persones-funcionaries\\\/#breadcrumb\",\"itemListElement\":[{\"@type\":\"ListItem\",\"position\":1,\"name\":\"Inici\",\"item\":\"https:\\\/\\\/www.sindicaturabarcelona.cat\\\/ca\\\/\"},{\"@type\":\"ListItem\",\"position\":2,\"name\":\"La S\u00edndica recomana a l\u2019Ajuntament equiparar les condicions dels serveis municipals que s\u2019estan prestant amb coexist\u00e8ncia de gesti\u00f3 directa i indirecta\"}]},{\"@type\":\"WebSite\",\"@id\":\"https:\\\/\\\/www.sindicaturabarcelona.cat\\\/ca\\\/#website\",\"url\":\"https:\\\/\\\/www.sindicaturabarcelona.cat\\\/ca\\\/\",\"name\":\"Sindicatura de Greuges de Barcelona\",\"description\":\"La defensoria dels teus drets\",\"publisher\":{\"@id\":\"https:\\\/\\\/www.sindicaturabarcelona.cat\\\/ca\\\/#organization\"},\"potentialAction\":[{\"@type\":\"SearchAction\",\"target\":{\"@type\":\"EntryPoint\",\"urlTemplate\":\"https:\\\/\\\/www.sindicaturabarcelona.cat\\\/ca\\\/?s={search_term_string}\"},\"query-input\":{\"@type\":\"PropertyValueSpecification\",\"valueRequired\":true,\"valueName\":\"search_term_string\"}}],\"inLanguage\":\"ca\"},{\"@type\":\"Organization\",\"@id\":\"https:\\\/\\\/www.sindicaturabarcelona.cat\\\/ca\\\/#organization\",\"name\":\"Sindicatura de Greuges de Barcelona\",\"url\":\"https:\\\/\\\/www.sindicaturabarcelona.cat\\\/ca\\\/\",\"logo\":{\"@type\":\"ImageObject\",\"inLanguage\":\"ca\",\"@id\":\"https:\\\/\\\/www.sindicaturabarcelona.cat\\\/ca\\\/#\\\/schema\\\/logo\\\/image\\\/\",\"url\":\"https:\\\/\\\/www.sindicaturabarcelona.cat\\\/wp-content\\\/uploads\\\/2023\\\/02\\\/logo_sindicatura.svg\",\"contentUrl\":\"https:\\\/\\\/www.sindicaturabarcelona.cat\\\/wp-content\\\/uploads\\\/2023\\\/02\\\/logo_sindicatura.svg\",\"caption\":\"Sindicatura de Greuges de Barcelona\"},\"image\":{\"@id\":\"https:\\\/\\\/www.sindicaturabarcelona.cat\\\/ca\\\/#\\\/schema\\\/logo\\\/image\\\/\"},\"sameAs\":[\"https:\\\/\\\/x.com\\\/sindicbarcelona\",\"https:\\\/\\\/www.instagram.com\\\/sindicbarcelona\\\/\",\"https:\\\/\\\/www.tiktok.com\\\/@sindicaturabcn\",\"https:\\\/\\\/t.me\\\/sindicaturabarcelona\"]},{\"@type\":\"Person\",\"@id\":\"https:\\\/\\\/www.sindicaturabarcelona.cat\\\/ca\\\/#\\\/schema\\\/person\\\/0e5acffc350ffdbc97578159322c9452\",\"name\":\"Pablo\",\"image\":{\"@type\":\"ImageObject\",\"inLanguage\":\"ca\",\"@id\":\"https:\\\/\\\/secure.gravatar.com\\\/avatar\\\/c948169b402ef9492afde705c3dfd5e90e1a6a84ef6840a91124f805a25a480f?s=96&d=mm&r=g\",\"url\":\"https:\\\/\\\/secure.gravatar.com\\\/avatar\\\/c948169b402ef9492afde705c3dfd5e90e1a6a84ef6840a91124f805a25a480f?s=96&d=mm&r=g\",\"contentUrl\":\"https:\\\/\\\/secure.gravatar.com\\\/avatar\\\/c948169b402ef9492afde705c3dfd5e90e1a6a84ef6840a91124f805a25a480f?s=96&d=mm&r=g\",\"caption\":\"Pablo\"},\"url\":\"https:\\\/\\\/www.sindicaturabarcelona.cat\\\/ca\\\/author\\\/pablo\\\/\"}]}<\/script>\n<!-- \/ Yoast SEO plugin. -->","yoast_head_json":{"title":"La S\u00edndica recomana a l\u2019Ajuntament equiparar les condicions dels serveis municipals que s\u2019estan prestant amb coexist\u00e8ncia de gesti\u00f3 directa i indirecta - Sindicatura de Greuges de Barcelona","description":"La Sindicatura de Greuges de Barcelona ha recomanat a l\u2019Ajuntament la possibilitat de tornar a municipalitzar els serveis que s\u2019estan prestant amb coexist\u00e8ncia de gesti\u00f3 directa i indirecta.","robots":{"index":"index","follow":"follow","max-snippet":"max-snippet:-1","max-image-preview":"max-image-preview:large","max-video-preview":"max-video-preview:-1"},"canonical":"https:\/\/www.sindicaturabarcelona.cat\/ca\/serveis-prestats-per-persones-externes-i-persones-funcionaries\/","og_locale":"ca_ES","og_type":"article","og_title":"La S\u00edndica recomana a l\u2019Ajuntament equiparar les condicions dels serveis municipals que s\u2019estan prestant amb coexist\u00e8ncia de gesti\u00f3 directa i indirecta - Sindicatura de Greuges de Barcelona","og_description":"La Sindicatura de Greuges de Barcelona ha recomanat a l\u2019Ajuntament la possibilitat de tornar a municipalitzar els serveis que s\u2019estan prestant amb coexist\u00e8ncia de gesti\u00f3 directa i indirecta.","og_url":"https:\/\/www.sindicaturabarcelona.cat\/ca\/serveis-prestats-per-persones-externes-i-persones-funcionaries\/","og_site_name":"Sindicatura de Greuges de Barcelona","article_published_time":"2021-06-02T06:30:00+00:00","og_image":[{"width":1024,"height":683,"url":"https:\/\/www.sindicaturabarcelona.cat\/wp-content\/uploads\/2021\/05\/11505_DISE-OAC-Plac\u0327a-Sant-Miquel-9-11-11-VZ-21.jpg","type":"image\/jpeg"}],"author":"Pablo","twitter_card":"summary_large_image","twitter_creator":"@sindicbarcelona","twitter_site":"@sindicbarcelona","twitter_misc":{"Escrit per":"Pablo","Temps estimat de lectura":"5 minuts"},"schema":{"@context":"https:\/\/schema.org","@graph":[{"@type":"Article","@id":"https:\/\/www.sindicaturabarcelona.cat\/ca\/serveis-prestats-per-persones-externes-i-persones-funcionaries\/#article","isPartOf":{"@id":"https:\/\/www.sindicaturabarcelona.cat\/ca\/serveis-prestats-per-persones-externes-i-persones-funcionaries\/"},"author":{"name":"Pablo","@id":"https:\/\/www.sindicaturabarcelona.cat\/ca\/#\/schema\/person\/0e5acffc350ffdbc97578159322c9452"},"headline":"La S\u00edndica recomana a l\u2019Ajuntament equiparar les condicions dels serveis municipals que s\u2019estan prestant amb coexist\u00e8ncia de gesti\u00f3 directa i indirecta","datePublished":"2021-06-02T06:30:00+00:00","mainEntityOfPage":{"@id":"https:\/\/www.sindicaturabarcelona.cat\/ca\/serveis-prestats-per-persones-externes-i-persones-funcionaries\/"},"wordCount":969,"publisher":{"@id":"https:\/\/www.sindicaturabarcelona.cat\/ca\/#organization"},"image":{"@id":"https:\/\/www.sindicaturabarcelona.cat\/ca\/serveis-prestats-per-persones-externes-i-persones-funcionaries\/#primaryimage"},"thumbnailUrl":"https:\/\/www.sindicaturabarcelona.cat\/wp-content\/uploads\/2021\/05\/11505_DISE-OAC-Plac\u0327a-Sant-Miquel-9-11-11-VZ-21.jpg","inLanguage":"ca"},{"@type":"WebPage","@id":"https:\/\/www.sindicaturabarcelona.cat\/ca\/serveis-prestats-per-persones-externes-i-persones-funcionaries\/","url":"https:\/\/www.sindicaturabarcelona.cat\/ca\/serveis-prestats-per-persones-externes-i-persones-funcionaries\/","name":"La S\u00edndica recomana a l\u2019Ajuntament equiparar les condicions dels serveis municipals que s\u2019estan prestant amb coexist\u00e8ncia de gesti\u00f3 directa i indirecta - Sindicatura de Greuges de Barcelona","isPartOf":{"@id":"https:\/\/www.sindicaturabarcelona.cat\/ca\/#website"},"primaryImageOfPage":{"@id":"https:\/\/www.sindicaturabarcelona.cat\/ca\/serveis-prestats-per-persones-externes-i-persones-funcionaries\/#primaryimage"},"image":{"@id":"https:\/\/www.sindicaturabarcelona.cat\/ca\/serveis-prestats-per-persones-externes-i-persones-funcionaries\/#primaryimage"},"thumbnailUrl":"https:\/\/www.sindicaturabarcelona.cat\/wp-content\/uploads\/2021\/05\/11505_DISE-OAC-Plac\u0327a-Sant-Miquel-9-11-11-VZ-21.jpg","datePublished":"2021-06-02T06:30:00+00:00","description":"La Sindicatura de Greuges de Barcelona ha recomanat a l\u2019Ajuntament la possibilitat de tornar a municipalitzar els serveis que s\u2019estan prestant amb coexist\u00e8ncia de gesti\u00f3 directa i indirecta.","breadcrumb":{"@id":"https:\/\/www.sindicaturabarcelona.cat\/ca\/serveis-prestats-per-persones-externes-i-persones-funcionaries\/#breadcrumb"},"inLanguage":"ca","potentialAction":[{"@type":"ReadAction","target":["https:\/\/www.sindicaturabarcelona.cat\/ca\/serveis-prestats-per-persones-externes-i-persones-funcionaries\/"]}]},{"@type":"ImageObject","inLanguage":"ca","@id":"https:\/\/www.sindicaturabarcelona.cat\/ca\/serveis-prestats-per-persones-externes-i-persones-funcionaries\/#primaryimage","url":"https:\/\/www.sindicaturabarcelona.cat\/wp-content\/uploads\/2021\/05\/11505_DISE-OAC-Plac\u0327a-Sant-Miquel-9-11-11-VZ-21.jpg","contentUrl":"https:\/\/www.sindicaturabarcelona.cat\/wp-content\/uploads\/2021\/05\/11505_DISE-OAC-Plac\u0327a-Sant-Miquel-9-11-11-VZ-21.jpg","width":1024,"height":683,"caption":"OMAC Sant Miquel"},{"@type":"BreadcrumbList","@id":"https:\/\/www.sindicaturabarcelona.cat\/ca\/serveis-prestats-per-persones-externes-i-persones-funcionaries\/#breadcrumb","itemListElement":[{"@type":"ListItem","position":1,"name":"Inici","item":"https:\/\/www.sindicaturabarcelona.cat\/ca\/"},{"@type":"ListItem","position":2,"name":"La S\u00edndica recomana a l\u2019Ajuntament equiparar les condicions dels serveis municipals que s\u2019estan prestant amb coexist\u00e8ncia de gesti\u00f3 directa i indirecta"}]},{"@type":"WebSite","@id":"https:\/\/www.sindicaturabarcelona.cat\/ca\/#website","url":"https:\/\/www.sindicaturabarcelona.cat\/ca\/","name":"Sindicatura de Greuges de Barcelona","description":"La defensoria dels teus drets","publisher":{"@id":"https:\/\/www.sindicaturabarcelona.cat\/ca\/#organization"},"potentialAction":[{"@type":"SearchAction","target":{"@type":"EntryPoint","urlTemplate":"https:\/\/www.sindicaturabarcelona.cat\/ca\/?s={search_term_string}"},"query-input":{"@type":"PropertyValueSpecification","valueRequired":true,"valueName":"search_term_string"}}],"inLanguage":"ca"},{"@type":"Organization","@id":"https:\/\/www.sindicaturabarcelona.cat\/ca\/#organization","name":"Sindicatura de Greuges de Barcelona","url":"https:\/\/www.sindicaturabarcelona.cat\/ca\/","logo":{"@type":"ImageObject","inLanguage":"ca","@id":"https:\/\/www.sindicaturabarcelona.cat\/ca\/#\/schema\/logo\/image\/","url":"https:\/\/www.sindicaturabarcelona.cat\/wp-content\/uploads\/2023\/02\/logo_sindicatura.svg","contentUrl":"https:\/\/www.sindicaturabarcelona.cat\/wp-content\/uploads\/2023\/02\/logo_sindicatura.svg","caption":"Sindicatura de Greuges de Barcelona"},"image":{"@id":"https:\/\/www.sindicaturabarcelona.cat\/ca\/#\/schema\/logo\/image\/"},"sameAs":["https:\/\/x.com\/sindicbarcelona","https:\/\/www.instagram.com\/sindicbarcelona\/","https:\/\/www.tiktok.com\/@sindicaturabcn","https:\/\/t.me\/sindicaturabarcelona"]},{"@type":"Person","@id":"https:\/\/www.sindicaturabarcelona.cat\/ca\/#\/schema\/person\/0e5acffc350ffdbc97578159322c9452","name":"Pablo","image":{"@type":"ImageObject","inLanguage":"ca","@id":"https:\/\/secure.gravatar.com\/avatar\/c948169b402ef9492afde705c3dfd5e90e1a6a84ef6840a91124f805a25a480f?s=96&d=mm&r=g","url":"https:\/\/secure.gravatar.com\/avatar\/c948169b402ef9492afde705c3dfd5e90e1a6a84ef6840a91124f805a25a480f?s=96&d=mm&r=g","contentUrl":"https:\/\/secure.gravatar.com\/avatar\/c948169b402ef9492afde705c3dfd5e90e1a6a84ef6840a91124f805a25a480f?s=96&d=mm&r=g","caption":"Pablo"},"url":"https:\/\/www.sindicaturabarcelona.cat\/ca\/author\/pablo\/"}]}},"_links":{"self":[{"href":"https:\/\/www.sindicaturabarcelona.cat\/ca\/wp-json\/wp\/v2\/posts\/12541","targetHints":{"allow":["GET"]}}],"collection":[{"href":"https:\/\/www.sindicaturabarcelona.cat\/ca\/wp-json\/wp\/v2\/posts"}],"about":[{"href":"https:\/\/www.sindicaturabarcelona.cat\/ca\/wp-json\/wp\/v2\/types\/post"}],"author":[{"embeddable":true,"href":"https:\/\/www.sindicaturabarcelona.cat\/ca\/wp-json\/wp\/v2\/users\/2"}],"replies":[{"embeddable":true,"href":"https:\/\/www.sindicaturabarcelona.cat\/ca\/wp-json\/wp\/v2\/comments?post=12541"}],"version-history":[{"count":0,"href":"https:\/\/www.sindicaturabarcelona.cat\/ca\/wp-json\/wp\/v2\/posts\/12541\/revisions"}],"wp:featuredmedia":[{"embeddable":true,"href":"https:\/\/www.sindicaturabarcelona.cat\/ca\/wp-json\/wp\/v2\/media\/12543"}],"wp:attachment":[{"href":"https:\/\/www.sindicaturabarcelona.cat\/ca\/wp-json\/wp\/v2\/media?parent=12541"}],"wp:term":[{"taxonomy":"post_tag","embeddable":true,"href":"https:\/\/www.sindicaturabarcelona.cat\/ca\/wp-json\/wp\/v2\/tags?post=12541"},{"taxonomy":"drets","embeddable":true,"href":"https:\/\/www.sindicaturabarcelona.cat\/ca\/wp-json\/wp\/v2\/drets?post=12541"}],"curies":[{"name":"wp","href":"https:\/\/api.w.org\/{rel}","templated":true}]}}