{"id":12465,"date":"2021-05-10T08:31:40","date_gmt":"2021-05-10T06:31:40","guid":{"rendered":"https:\/\/www.sindicabarcelona.cat\/?p=12465"},"modified":"2021-05-10T08:48:42","modified_gmt":"2021-05-10T06:48:42","slug":"fons-dinfancia-0-16-anys","status":"publish","type":"post","link":"https:\/\/www.sindicaturabarcelona.cat\/ca\/fons-dinfancia-0-16-anys\/","title":{"rendered":"L\u2019Ajuntament recupera el Fons d\u2019inf\u00e0ncia 0-16 anys, tal com va recomanar la s\u00edndica l\u2019any 2020 despr\u00e9s d\u2019interessar-se d\u2019ofici"},"content":{"rendered":"\n<p class=\"has-text-align-justify\">L\u2019Ajuntament de Barcelona ha anunciat que enguany torna a convocar el Fons extraordinari per ajuts puntuals d\u2019emerg\u00e8ncia social per a infants de 0 a 16 anys despr\u00e9s d\u2019un 2020 en qu\u00e8 no va dur-se a terme. L\u2019edici\u00f3 2021 tindr\u00e0 una quantitat destinada de 13,5 milions d\u2019euros i d\u2019entre 100 i 475 euros mensuals, que es calculen segons el nombre de membres de la unitat familiar i el nivell de renda. A m\u00e9s a m\u00e9s, s\u2019estableix un increment per a les fam\u00edlies monoparentals, encap\u00e7alades majorit\u00e0riament per dones i amb un risc de pobresa superior a la mitjana. Aquesta estrat\u00e8gia est\u00e0 especialment adre\u00e7ada a fam\u00edlies en situaci\u00f3 de pobresa que no perceben l\u2019Ingr\u00e9s M\u00ednim Vital que promou l\u2019Estat o la Renda M\u00ednima Garantida de la Generalitat de Catalunya.\u00a0<\/p>\n\n\n\n<h3 class=\"wp-block-heading\"><strong>La s\u00edndica va interessar-se d\u2019ofici pel Fons d&#8217;inf\u00e0ncia 0-16 anys en el 2020<\/strong><\/h3>\n\n\n\n<p class=\"has-text-align-justify\">La Sindicatura de Greuges de Barcelona va interessar-se d\u2019ofici l\u2019any 2020 davant la no convocat\u00f2ria del <strong>Fons extraordinari per ajuts puntuals d\u2019emerg\u00e8ncia social per a infants de 0 a 16 anys, que l\u2019any 2020 no va ser atorgat per l\u2019Ajuntament de Barcelona, despr\u00e9s de cinc anys consecutius en qu\u00e8 s\u2019havia aprovat la convocat\u00f2ria<\/strong>. En la seva darrera edici\u00f3, la de l\u2019any 2019, es van destinar 11.100.000&nbsp; euros, m\u00e9s 1.770.000 euros per a ajuts complementaris a fam\u00edlies monoparentals, fet que suposa un total de 12.870.000 euros adre\u00e7ats exclusivament a infants i adolescents, d\u2019entre 0 i 16 anys, que es trobaven en situaci\u00f3 de vulnerabilitat.<\/p>\n\n\n\n<p class=\"has-text-align-justify\">Si b\u00e9 \u00e9s cert que l\u2019atorgament dels ajuts esmentats tenia car\u00e0cter voluntari i eventual per part de l\u2019<a href=\"https:\/\/www.barcelona.cat\/ca\/\" target=\"_blank\" aria-label=\"Ajuntament de Barcelona (opens in a new tab)\" rel=\"noreferrer noopener\" class=\"ek-link\">Ajuntament de Barcelona<\/a> i no generava cap dret a l\u2019obtenci\u00f3 d\u2019ajuts en anys posteriors, at\u00e8s que no tenien la condici\u00f3 de prestacions garantides i no podien ser exigides com a drets subjectius d\u2019acord amb el que preveu l\u2019article 24.4 de la Llei 12\/2007, de serveis socials, <strong>era un ajut d\u2019efic\u00e0cia provada, que havia estat molt justificat i tamb\u00e9 celebrat per serveis i entitats de la ciutat que treballen amb infants. <\/strong><\/p>\n\n\n\n<p class=\"has-text-align-justify\"><strong>La s\u00edndica es va interessar d\u2019ofici per aquest Fons l\u2019any 2020<\/strong> i va obtenir informaci\u00f3 de l\u2019IMSS exposant totes les mesures preses a conseq\u00fc\u00e8ncia de la crisi generada per la Covid-19, amb les quals es preveia poder atendre al conjunt de la ciutadania. <strong>Tot i que el Fons d\u2019inf\u00e0ncia 0-16 anys<\/strong> <strong>era un ajut que es convocava d\u2019acord amb la potestat discrecional de l\u2019administraci\u00f3, es considerava poc justificada la seva desaparici\u00f3, at\u00e8s que s\u2019adre\u00e7ava \u00fanicament als infants<\/strong>, tenint en compte que l\u2019article 15 de la Llei 14\/2010, dels drets i les oportunitats en la inf\u00e0ncia i l\u2019adolesc\u00e8ncia, estableix la prioritat pressupost\u00e0ria en aquesta mat\u00e8ria, concretant, que els poders p\u00fablics, han de donar prioritat en llurs pressupostos a les activitats adre\u00e7ades a infants i adolescents. El mateix article, en el punt 2, diu que els poders p\u00fablics han d\u2019adoptar amb car\u00e0cter urgent les mesures necess\u00e0ries per a evitar que el contingut essencial dels drets dels infants i els adolescents resti afectat per la manca de recursos adaptats a llurs necessitats. <strong>Per tant, <a href=\"https:\/\/www.sindicaturabarcelona.cat\/wp-content\/uploads\/2021\/03\/informe2020.pdf\" target=\"_blank\" aria-label=\"es recomanava avaluar les possibilitats de convocar de nou el Fons d\u2019inf\u00e0ncia 0-16 anys (opens in a new tab)\" rel=\"noreferrer noopener\" class=\"ek-link\">es recomanava avaluar les possibilitats de convocar de nou el Fons d\u2019inf\u00e0ncia 0-16 anys<\/a>, una ajuda que torna a ser una realitat aquest any 2021.<\/strong><\/p>\n","protected":false},"excerpt":{"rendered":"<p>L\u2019Ajuntament de Barcelona ha anunciat que enguany torna a convocar el Fons extraordinari per ajuts puntuals d\u2019emerg\u00e8ncia social per a infants de 0 a 16 anys despr\u00e9s d\u2019un 2020 en [&hellip;]<\/p>\n","protected":false},"author":2,"featured_media":12467,"comment_status":"closed","ping_status":"open","sticky":false,"template":"","format":"standard","meta":{"_acf_changed":false,"footnotes":""},"tags":[1136,1137,1135,1133,1134],"drets":[],"class_list":["post-12465","post","type-post","status-publish","format-standard","has-post-thumbnail","hentry","tag-ajuda-infancia","tag-ajuda-menors","tag-fons-0-16-anys","tag-fons-infancia","tag-fons-menors"],"acf":[],"yoast_head":"<!-- This site is optimized with the Yoast SEO plugin v27.5 - https:\/\/yoast.com\/product\/yoast-seo-wordpress\/ -->\n<title>L\u2019Ajuntament recupera el Fons d\u2019inf\u00e0ncia 0-16 anys, tal com va recomanar la s\u00edndica l\u2019any 2020 despr\u00e9s d\u2019interessar-se d\u2019ofici<\/title>\n<meta name=\"description\" content=\"L\u2019Ajuntament recupera el Fons d\u2019inf\u00e0ncia 0-16 anys, tal com va recomanar la s\u00edndica l\u2019any 2020 despr\u00e9s d\u2019interessar-se d\u2019ofici.\" \/>\n<meta name=\"robots\" content=\"index, follow, max-snippet:-1, max-image-preview:large, max-video-preview:-1\" \/>\n<link rel=\"canonical\" href=\"https:\/\/www.sindicaturabarcelona.cat\/ca\/fons-dinfancia-0-16-anys\/\" \/>\n<meta property=\"og:locale\" content=\"ca_ES\" \/>\n<meta property=\"og:type\" content=\"article\" \/>\n<meta property=\"og:title\" content=\"L\u2019Ajuntament recupera el Fons d\u2019inf\u00e0ncia 0-16 anys, tal com va recomanar la s\u00edndica l\u2019any 2020 despr\u00e9s d\u2019interessar-se d\u2019ofici\" \/>\n<meta property=\"og:description\" content=\"L\u2019Ajuntament recupera el Fons d\u2019inf\u00e0ncia 0-16 anys, tal com va recomanar la s\u00edndica l\u2019any 2020 despr\u00e9s d\u2019interessar-se d\u2019ofici.\" \/>\n<meta property=\"og:url\" content=\"https:\/\/www.sindicaturabarcelona.cat\/ca\/fons-dinfancia-0-16-anys\/\" \/>\n<meta property=\"og:site_name\" content=\"Sindicatura de Greuges de Barcelona\" \/>\n<meta property=\"article:published_time\" content=\"2021-05-10T06:31:40+00:00\" \/>\n<meta property=\"article:modified_time\" content=\"2021-05-10T06:48:42+00:00\" \/>\n<meta property=\"og:image\" content=\"https:\/\/www.sindicaturabarcelona.cat\/wp-content\/uploads\/2021\/05\/6986_DISE-Mo\u0301n-Llibre-16-4-16-VZ-38.jpg\" \/>\n\t<meta property=\"og:image:width\" content=\"1024\" \/>\n\t<meta property=\"og:image:height\" content=\"768\" \/>\n\t<meta property=\"og:image:type\" content=\"image\/jpeg\" \/>\n<meta name=\"author\" content=\"Pablo\" \/>\n<meta name=\"twitter:card\" content=\"summary_large_image\" \/>\n<meta name=\"twitter:creator\" content=\"@sindicbarcelona\" \/>\n<meta name=\"twitter:site\" content=\"@sindicbarcelona\" \/>\n<meta name=\"twitter:label1\" content=\"Escrit per\" \/>\n\t<meta name=\"twitter:data1\" content=\"Pablo\" \/>\n\t<meta name=\"twitter:label2\" content=\"Temps estimat de lectura\" \/>\n\t<meta name=\"twitter:data2\" content=\"3 minuts\" \/>\n<script type=\"application\/ld+json\" class=\"yoast-schema-graph\">{\"@context\":\"https:\\\/\\\/schema.org\",\"@graph\":[{\"@type\":\"Article\",\"@id\":\"https:\\\/\\\/www.sindicaturabarcelona.cat\\\/ca\\\/fons-dinfancia-0-16-anys\\\/#article\",\"isPartOf\":{\"@id\":\"https:\\\/\\\/www.sindicaturabarcelona.cat\\\/ca\\\/fons-dinfancia-0-16-anys\\\/\"},\"author\":{\"name\":\"Pablo\",\"@id\":\"https:\\\/\\\/www.sindicaturabarcelona.cat\\\/ca\\\/#\\\/schema\\\/person\\\/0e5acffc350ffdbc97578159322c9452\"},\"headline\":\"L\u2019Ajuntament recupera el Fons d\u2019inf\u00e0ncia 0-16 anys, tal com va recomanar la s\u00edndica l\u2019any 2020 despr\u00e9s d\u2019interessar-se d\u2019ofici\",\"datePublished\":\"2021-05-10T06:31:40+00:00\",\"dateModified\":\"2021-05-10T06:48:42+00:00\",\"mainEntityOfPage\":{\"@id\":\"https:\\\/\\\/www.sindicaturabarcelona.cat\\\/ca\\\/fons-dinfancia-0-16-anys\\\/\"},\"wordCount\":603,\"publisher\":{\"@id\":\"https:\\\/\\\/www.sindicaturabarcelona.cat\\\/ca\\\/#organization\"},\"image\":{\"@id\":\"https:\\\/\\\/www.sindicaturabarcelona.cat\\\/ca\\\/fons-dinfancia-0-16-anys\\\/#primaryimage\"},\"thumbnailUrl\":\"https:\\\/\\\/www.sindicaturabarcelona.cat\\\/wp-content\\\/uploads\\\/2021\\\/05\\\/6986_DISE-Mo\u0301n-Llibre-16-4-16-VZ-38.jpg\",\"keywords\":[\"ajuda infancia\",\"ajuda menors\",\"fons 0-16 anys\",\"fons infancia\",\"fons menors\"],\"inLanguage\":\"ca\"},{\"@type\":\"WebPage\",\"@id\":\"https:\\\/\\\/www.sindicaturabarcelona.cat\\\/ca\\\/fons-dinfancia-0-16-anys\\\/\",\"url\":\"https:\\\/\\\/www.sindicaturabarcelona.cat\\\/ca\\\/fons-dinfancia-0-16-anys\\\/\",\"name\":\"L\u2019Ajuntament recupera el Fons d\u2019inf\u00e0ncia 0-16 anys, tal com va recomanar la s\u00edndica l\u2019any 2020 despr\u00e9s d\u2019interessar-se d\u2019ofici\",\"isPartOf\":{\"@id\":\"https:\\\/\\\/www.sindicaturabarcelona.cat\\\/ca\\\/#website\"},\"primaryImageOfPage\":{\"@id\":\"https:\\\/\\\/www.sindicaturabarcelona.cat\\\/ca\\\/fons-dinfancia-0-16-anys\\\/#primaryimage\"},\"image\":{\"@id\":\"https:\\\/\\\/www.sindicaturabarcelona.cat\\\/ca\\\/fons-dinfancia-0-16-anys\\\/#primaryimage\"},\"thumbnailUrl\":\"https:\\\/\\\/www.sindicaturabarcelona.cat\\\/wp-content\\\/uploads\\\/2021\\\/05\\\/6986_DISE-Mo\u0301n-Llibre-16-4-16-VZ-38.jpg\",\"datePublished\":\"2021-05-10T06:31:40+00:00\",\"dateModified\":\"2021-05-10T06:48:42+00:00\",\"description\":\"L\u2019Ajuntament recupera el Fons d\u2019inf\u00e0ncia 0-16 anys, tal com va recomanar la s\u00edndica l\u2019any 2020 despr\u00e9s d\u2019interessar-se d\u2019ofici.\",\"breadcrumb\":{\"@id\":\"https:\\\/\\\/www.sindicaturabarcelona.cat\\\/ca\\\/fons-dinfancia-0-16-anys\\\/#breadcrumb\"},\"inLanguage\":\"ca\",\"potentialAction\":[{\"@type\":\"ReadAction\",\"target\":[\"https:\\\/\\\/www.sindicaturabarcelona.cat\\\/ca\\\/fons-dinfancia-0-16-anys\\\/\"]}]},{\"@type\":\"ImageObject\",\"inLanguage\":\"ca\",\"@id\":\"https:\\\/\\\/www.sindicaturabarcelona.cat\\\/ca\\\/fons-dinfancia-0-16-anys\\\/#primaryimage\",\"url\":\"https:\\\/\\\/www.sindicaturabarcelona.cat\\\/wp-content\\\/uploads\\\/2021\\\/05\\\/6986_DISE-Mo\u0301n-Llibre-16-4-16-VZ-38.jpg\",\"contentUrl\":\"https:\\\/\\\/www.sindicaturabarcelona.cat\\\/wp-content\\\/uploads\\\/2021\\\/05\\\/6986_DISE-Mo\u0301n-Llibre-16-4-16-VZ-38.jpg\",\"width\":1024,\"height\":768,\"caption\":\"Fons inf\u00e0ncia 0-16 anys\"},{\"@type\":\"BreadcrumbList\",\"@id\":\"https:\\\/\\\/www.sindicaturabarcelona.cat\\\/ca\\\/fons-dinfancia-0-16-anys\\\/#breadcrumb\",\"itemListElement\":[{\"@type\":\"ListItem\",\"position\":1,\"name\":\"Inici\",\"item\":\"https:\\\/\\\/www.sindicaturabarcelona.cat\\\/ca\\\/\"},{\"@type\":\"ListItem\",\"position\":2,\"name\":\"L\u2019Ajuntament recupera el Fons d\u2019inf\u00e0ncia 0-16 anys, tal com va recomanar la s\u00edndica l\u2019any 2020 despr\u00e9s d\u2019interessar-se d\u2019ofici\"}]},{\"@type\":\"WebSite\",\"@id\":\"https:\\\/\\\/www.sindicaturabarcelona.cat\\\/ca\\\/#website\",\"url\":\"https:\\\/\\\/www.sindicaturabarcelona.cat\\\/ca\\\/\",\"name\":\"Sindicatura de Greuges de Barcelona\",\"description\":\"La defensoria dels teus drets\",\"publisher\":{\"@id\":\"https:\\\/\\\/www.sindicaturabarcelona.cat\\\/ca\\\/#organization\"},\"potentialAction\":[{\"@type\":\"SearchAction\",\"target\":{\"@type\":\"EntryPoint\",\"urlTemplate\":\"https:\\\/\\\/www.sindicaturabarcelona.cat\\\/ca\\\/?s={search_term_string}\"},\"query-input\":{\"@type\":\"PropertyValueSpecification\",\"valueRequired\":true,\"valueName\":\"search_term_string\"}}],\"inLanguage\":\"ca\"},{\"@type\":\"Organization\",\"@id\":\"https:\\\/\\\/www.sindicaturabarcelona.cat\\\/ca\\\/#organization\",\"name\":\"Sindicatura de Greuges de Barcelona\",\"url\":\"https:\\\/\\\/www.sindicaturabarcelona.cat\\\/ca\\\/\",\"logo\":{\"@type\":\"ImageObject\",\"inLanguage\":\"ca\",\"@id\":\"https:\\\/\\\/www.sindicaturabarcelona.cat\\\/ca\\\/#\\\/schema\\\/logo\\\/image\\\/\",\"url\":\"https:\\\/\\\/www.sindicaturabarcelona.cat\\\/wp-content\\\/uploads\\\/2023\\\/02\\\/logo_sindicatura.svg\",\"contentUrl\":\"https:\\\/\\\/www.sindicaturabarcelona.cat\\\/wp-content\\\/uploads\\\/2023\\\/02\\\/logo_sindicatura.svg\",\"caption\":\"Sindicatura de Greuges de Barcelona\"},\"image\":{\"@id\":\"https:\\\/\\\/www.sindicaturabarcelona.cat\\\/ca\\\/#\\\/schema\\\/logo\\\/image\\\/\"},\"sameAs\":[\"https:\\\/\\\/x.com\\\/sindicbarcelona\",\"https:\\\/\\\/www.instagram.com\\\/sindicbarcelona\\\/\",\"https:\\\/\\\/www.tiktok.com\\\/@sindicaturabcn\",\"https:\\\/\\\/t.me\\\/sindicaturabarcelona\"]},{\"@type\":\"Person\",\"@id\":\"https:\\\/\\\/www.sindicaturabarcelona.cat\\\/ca\\\/#\\\/schema\\\/person\\\/0e5acffc350ffdbc97578159322c9452\",\"name\":\"Pablo\",\"image\":{\"@type\":\"ImageObject\",\"inLanguage\":\"ca\",\"@id\":\"https:\\\/\\\/secure.gravatar.com\\\/avatar\\\/c948169b402ef9492afde705c3dfd5e90e1a6a84ef6840a91124f805a25a480f?s=96&d=mm&r=g\",\"url\":\"https:\\\/\\\/secure.gravatar.com\\\/avatar\\\/c948169b402ef9492afde705c3dfd5e90e1a6a84ef6840a91124f805a25a480f?s=96&d=mm&r=g\",\"contentUrl\":\"https:\\\/\\\/secure.gravatar.com\\\/avatar\\\/c948169b402ef9492afde705c3dfd5e90e1a6a84ef6840a91124f805a25a480f?s=96&d=mm&r=g\",\"caption\":\"Pablo\"},\"url\":\"https:\\\/\\\/www.sindicaturabarcelona.cat\\\/ca\\\/author\\\/pablo\\\/\"}]}<\/script>\n<!-- \/ Yoast SEO plugin. -->","yoast_head_json":{"title":"L\u2019Ajuntament recupera el Fons d\u2019inf\u00e0ncia 0-16 anys, tal com va recomanar la s\u00edndica l\u2019any 2020 despr\u00e9s d\u2019interessar-se d\u2019ofici","description":"L\u2019Ajuntament recupera el Fons d\u2019inf\u00e0ncia 0-16 anys, tal com va recomanar la s\u00edndica l\u2019any 2020 despr\u00e9s d\u2019interessar-se d\u2019ofici.","robots":{"index":"index","follow":"follow","max-snippet":"max-snippet:-1","max-image-preview":"max-image-preview:large","max-video-preview":"max-video-preview:-1"},"canonical":"https:\/\/www.sindicaturabarcelona.cat\/ca\/fons-dinfancia-0-16-anys\/","og_locale":"ca_ES","og_type":"article","og_title":"L\u2019Ajuntament recupera el Fons d\u2019inf\u00e0ncia 0-16 anys, tal com va recomanar la s\u00edndica l\u2019any 2020 despr\u00e9s d\u2019interessar-se d\u2019ofici","og_description":"L\u2019Ajuntament recupera el Fons d\u2019inf\u00e0ncia 0-16 anys, tal com va recomanar la s\u00edndica l\u2019any 2020 despr\u00e9s d\u2019interessar-se d\u2019ofici.","og_url":"https:\/\/www.sindicaturabarcelona.cat\/ca\/fons-dinfancia-0-16-anys\/","og_site_name":"Sindicatura de Greuges de Barcelona","article_published_time":"2021-05-10T06:31:40+00:00","article_modified_time":"2021-05-10T06:48:42+00:00","og_image":[{"width":1024,"height":768,"url":"https:\/\/www.sindicaturabarcelona.cat\/wp-content\/uploads\/2021\/05\/6986_DISE-Mo\u0301n-Llibre-16-4-16-VZ-38.jpg","type":"image\/jpeg"}],"author":"Pablo","twitter_card":"summary_large_image","twitter_creator":"@sindicbarcelona","twitter_site":"@sindicbarcelona","twitter_misc":{"Escrit per":"Pablo","Temps estimat de lectura":"3 minuts"},"schema":{"@context":"https:\/\/schema.org","@graph":[{"@type":"Article","@id":"https:\/\/www.sindicaturabarcelona.cat\/ca\/fons-dinfancia-0-16-anys\/#article","isPartOf":{"@id":"https:\/\/www.sindicaturabarcelona.cat\/ca\/fons-dinfancia-0-16-anys\/"},"author":{"name":"Pablo","@id":"https:\/\/www.sindicaturabarcelona.cat\/ca\/#\/schema\/person\/0e5acffc350ffdbc97578159322c9452"},"headline":"L\u2019Ajuntament recupera el Fons d\u2019inf\u00e0ncia 0-16 anys, tal com va recomanar la s\u00edndica l\u2019any 2020 despr\u00e9s d\u2019interessar-se d\u2019ofici","datePublished":"2021-05-10T06:31:40+00:00","dateModified":"2021-05-10T06:48:42+00:00","mainEntityOfPage":{"@id":"https:\/\/www.sindicaturabarcelona.cat\/ca\/fons-dinfancia-0-16-anys\/"},"wordCount":603,"publisher":{"@id":"https:\/\/www.sindicaturabarcelona.cat\/ca\/#organization"},"image":{"@id":"https:\/\/www.sindicaturabarcelona.cat\/ca\/fons-dinfancia-0-16-anys\/#primaryimage"},"thumbnailUrl":"https:\/\/www.sindicaturabarcelona.cat\/wp-content\/uploads\/2021\/05\/6986_DISE-Mo\u0301n-Llibre-16-4-16-VZ-38.jpg","keywords":["ajuda infancia","ajuda menors","fons 0-16 anys","fons infancia","fons menors"],"inLanguage":"ca"},{"@type":"WebPage","@id":"https:\/\/www.sindicaturabarcelona.cat\/ca\/fons-dinfancia-0-16-anys\/","url":"https:\/\/www.sindicaturabarcelona.cat\/ca\/fons-dinfancia-0-16-anys\/","name":"L\u2019Ajuntament recupera el Fons d\u2019inf\u00e0ncia 0-16 anys, tal com va recomanar la s\u00edndica l\u2019any 2020 despr\u00e9s d\u2019interessar-se d\u2019ofici","isPartOf":{"@id":"https:\/\/www.sindicaturabarcelona.cat\/ca\/#website"},"primaryImageOfPage":{"@id":"https:\/\/www.sindicaturabarcelona.cat\/ca\/fons-dinfancia-0-16-anys\/#primaryimage"},"image":{"@id":"https:\/\/www.sindicaturabarcelona.cat\/ca\/fons-dinfancia-0-16-anys\/#primaryimage"},"thumbnailUrl":"https:\/\/www.sindicaturabarcelona.cat\/wp-content\/uploads\/2021\/05\/6986_DISE-Mo\u0301n-Llibre-16-4-16-VZ-38.jpg","datePublished":"2021-05-10T06:31:40+00:00","dateModified":"2021-05-10T06:48:42+00:00","description":"L\u2019Ajuntament recupera el Fons d\u2019inf\u00e0ncia 0-16 anys, tal com va recomanar la s\u00edndica l\u2019any 2020 despr\u00e9s d\u2019interessar-se d\u2019ofici.","breadcrumb":{"@id":"https:\/\/www.sindicaturabarcelona.cat\/ca\/fons-dinfancia-0-16-anys\/#breadcrumb"},"inLanguage":"ca","potentialAction":[{"@type":"ReadAction","target":["https:\/\/www.sindicaturabarcelona.cat\/ca\/fons-dinfancia-0-16-anys\/"]}]},{"@type":"ImageObject","inLanguage":"ca","@id":"https:\/\/www.sindicaturabarcelona.cat\/ca\/fons-dinfancia-0-16-anys\/#primaryimage","url":"https:\/\/www.sindicaturabarcelona.cat\/wp-content\/uploads\/2021\/05\/6986_DISE-Mo\u0301n-Llibre-16-4-16-VZ-38.jpg","contentUrl":"https:\/\/www.sindicaturabarcelona.cat\/wp-content\/uploads\/2021\/05\/6986_DISE-Mo\u0301n-Llibre-16-4-16-VZ-38.jpg","width":1024,"height":768,"caption":"Fons inf\u00e0ncia 0-16 anys"},{"@type":"BreadcrumbList","@id":"https:\/\/www.sindicaturabarcelona.cat\/ca\/fons-dinfancia-0-16-anys\/#breadcrumb","itemListElement":[{"@type":"ListItem","position":1,"name":"Inici","item":"https:\/\/www.sindicaturabarcelona.cat\/ca\/"},{"@type":"ListItem","position":2,"name":"L\u2019Ajuntament recupera el Fons d\u2019inf\u00e0ncia 0-16 anys, tal com va recomanar la s\u00edndica l\u2019any 2020 despr\u00e9s d\u2019interessar-se d\u2019ofici"}]},{"@type":"WebSite","@id":"https:\/\/www.sindicaturabarcelona.cat\/ca\/#website","url":"https:\/\/www.sindicaturabarcelona.cat\/ca\/","name":"Sindicatura de Greuges de Barcelona","description":"La defensoria dels teus drets","publisher":{"@id":"https:\/\/www.sindicaturabarcelona.cat\/ca\/#organization"},"potentialAction":[{"@type":"SearchAction","target":{"@type":"EntryPoint","urlTemplate":"https:\/\/www.sindicaturabarcelona.cat\/ca\/?s={search_term_string}"},"query-input":{"@type":"PropertyValueSpecification","valueRequired":true,"valueName":"search_term_string"}}],"inLanguage":"ca"},{"@type":"Organization","@id":"https:\/\/www.sindicaturabarcelona.cat\/ca\/#organization","name":"Sindicatura de Greuges de Barcelona","url":"https:\/\/www.sindicaturabarcelona.cat\/ca\/","logo":{"@type":"ImageObject","inLanguage":"ca","@id":"https:\/\/www.sindicaturabarcelona.cat\/ca\/#\/schema\/logo\/image\/","url":"https:\/\/www.sindicaturabarcelona.cat\/wp-content\/uploads\/2023\/02\/logo_sindicatura.svg","contentUrl":"https:\/\/www.sindicaturabarcelona.cat\/wp-content\/uploads\/2023\/02\/logo_sindicatura.svg","caption":"Sindicatura de Greuges de Barcelona"},"image":{"@id":"https:\/\/www.sindicaturabarcelona.cat\/ca\/#\/schema\/logo\/image\/"},"sameAs":["https:\/\/x.com\/sindicbarcelona","https:\/\/www.instagram.com\/sindicbarcelona\/","https:\/\/www.tiktok.com\/@sindicaturabcn","https:\/\/t.me\/sindicaturabarcelona"]},{"@type":"Person","@id":"https:\/\/www.sindicaturabarcelona.cat\/ca\/#\/schema\/person\/0e5acffc350ffdbc97578159322c9452","name":"Pablo","image":{"@type":"ImageObject","inLanguage":"ca","@id":"https:\/\/secure.gravatar.com\/avatar\/c948169b402ef9492afde705c3dfd5e90e1a6a84ef6840a91124f805a25a480f?s=96&d=mm&r=g","url":"https:\/\/secure.gravatar.com\/avatar\/c948169b402ef9492afde705c3dfd5e90e1a6a84ef6840a91124f805a25a480f?s=96&d=mm&r=g","contentUrl":"https:\/\/secure.gravatar.com\/avatar\/c948169b402ef9492afde705c3dfd5e90e1a6a84ef6840a91124f805a25a480f?s=96&d=mm&r=g","caption":"Pablo"},"url":"https:\/\/www.sindicaturabarcelona.cat\/ca\/author\/pablo\/"}]}},"_links":{"self":[{"href":"https:\/\/www.sindicaturabarcelona.cat\/ca\/wp-json\/wp\/v2\/posts\/12465","targetHints":{"allow":["GET"]}}],"collection":[{"href":"https:\/\/www.sindicaturabarcelona.cat\/ca\/wp-json\/wp\/v2\/posts"}],"about":[{"href":"https:\/\/www.sindicaturabarcelona.cat\/ca\/wp-json\/wp\/v2\/types\/post"}],"author":[{"embeddable":true,"href":"https:\/\/www.sindicaturabarcelona.cat\/ca\/wp-json\/wp\/v2\/users\/2"}],"replies":[{"embeddable":true,"href":"https:\/\/www.sindicaturabarcelona.cat\/ca\/wp-json\/wp\/v2\/comments?post=12465"}],"version-history":[{"count":0,"href":"https:\/\/www.sindicaturabarcelona.cat\/ca\/wp-json\/wp\/v2\/posts\/12465\/revisions"}],"wp:featuredmedia":[{"embeddable":true,"href":"https:\/\/www.sindicaturabarcelona.cat\/ca\/wp-json\/wp\/v2\/media\/12467"}],"wp:attachment":[{"href":"https:\/\/www.sindicaturabarcelona.cat\/ca\/wp-json\/wp\/v2\/media?parent=12465"}],"wp:term":[{"taxonomy":"post_tag","embeddable":true,"href":"https:\/\/www.sindicaturabarcelona.cat\/ca\/wp-json\/wp\/v2\/tags?post=12465"},{"taxonomy":"drets","embeddable":true,"href":"https:\/\/www.sindicaturabarcelona.cat\/ca\/wp-json\/wp\/v2\/drets?post=12465"}],"curies":[{"name":"wp","href":"https:\/\/api.w.org\/{rel}","templated":true}]}}